{"id":19497,"date":"2026-03-12T08:00:21","date_gmt":"2026-03-12T06:00:21","guid":{"rendered":"https:\/\/www.welovecycling.com\/hu\/?p=19497"},"modified":"2026-03-02T17:34:16","modified_gmt":"2026-03-02T15:34:16","slug":"ez-az-5-mindennapi-szokas-akar-8-evvel-is-fiatalithatja-az-agyadat","status":"publish","type":"post","link":"https:\/\/www.welovecycling.com\/hu\/edzes-es-eletmod\/ez-az-5-mindennapi-szokas-akar-8-evvel-is-fiatalithatja-az-agyadat\/","title":{"rendered":"Ez az 5 mindennapi szok\u00e1s ak\u00e1r 8 \u00e9vvel is fiatal\u00edthatja az agyadat"},"content":{"rendered":"<p style=\"font-weight: 400;\"><b>Az agyad kora nem puszt\u00e1n egy sz\u00e1m: a mindennapjaid lenyomata t\u00fckr\u00f6z\u0151dik rajta. A Floridai Egyetem egy friss kutat\u00e1sa szerint n\u00e9h\u00e1ny egyszer\u0171, pozit\u00edv szok\u00e1s lass\u00edthatja az agy \u00f6reged\u00e9s\u00e9t: azoknak, akik a legt\u00f6bb ilyen szok\u00e1st betartj\u00e1k, 8 \u00e9vvel fiatalabbnak t\u0171nik az agyuk a val\u00f3s kor\u00e1n\u00e1l. N\u00e9zz\u00fck, melyek ezek a szok\u00e1sok!<\/b><\/p>\n<p><!--more--><\/p>\n<h2><b>#1 Optimizmus<\/b><\/h2>\n<p><span style=\"font-weight: 400;\">Az optimizmus nem csup\u00e1n der\u0171s \u00e9letszeml\u00e9let, hanem az agy m\u0171k\u00f6d\u00e9s\u00e9t is befoly\u00e1solja. <\/span><a href=\"https:\/\/academic.oup.com\/braincomms\/article\/7\/5\/fcaf344\/8251081\"><span style=\"font-weight: 400;\">A kutat\u00e1s szerint<\/span><\/a><span style=\"font-weight: 400;\"> azokn\u00e1l, akik tudatosan gyakorolj\u00e1k a pozit\u00edv gondolkod\u00e1st, lassabb agyi \u00f6reged\u00e9s volt megfigyelhet\u0151, m\u00e9g akkor is, ha kr\u00f3nikus f\u00e1jdalommal \u00e9ltek. Az optimizmus tomp\u00edtja a stressz hat\u00e1s\u00e1t, amely kezeletlen\u00fcl gyors\u00edthatja az agy \u00f6reged\u00e9s\u00e9t.<\/span><\/p>\n<p><span style=\"font-weight: 400;\">Az optimizmus fejleszt\u00e9se lehet olyan egyszer\u0171, mint a negat\u00edv gondolatok \u00e1tkeretez\u00e9se, a megold\u00e1sokra val\u00f3 f\u00f3kusz\u00e1l\u00e1s vagy egy h\u00e1la-napl\u00f3 vezet\u00e9se.<\/span><\/p>\n<p><i><span style=\"font-weight: 400;\">\u201eGyakorlatilag minden egyes eg\u00e9szs\u00e9get t\u00e1mogat\u00f3 szok\u00e1s eset\u00e9ben kimutathat\u00f3 valamilyen neurobiol\u00f3giai el\u0151ny\u201d<\/span><\/i><span style=\"font-weight: 400;\"> \u2013 mondta Dr. Kimberly Sibille, a tanulm\u00e1ny vezet\u0151 szerz\u0151je.<\/span><\/p>\n<h2><b>#2 Regener\u00e1l\u00f3 alv\u00e1s<\/b><\/h2>\n<p><span style=\"font-weight: 400;\">Az alv\u00e1s az agy egyetlen val\u00f3di lehet\u0151s\u00e9ge a regener\u00e1ci\u00f3ra \u00e9s meg\u00fajul\u00e1sra. A kutat\u00e1s kiemelte, hogy a j\u00f3 min\u0151s\u00e9g\u0171, regener\u00e1l\u00f3 alv\u00e1s az egyik leger\u0151sebb felt\u00e9tele az agy eg\u00e9szs\u00e9g\u00e9nek. A rossz alv\u00e1s ezzel szemben gyorsabb agyi \u00f6reged\u00e9ssel \u00e9s kognit\u00edv hanyatl\u00e1ssal j\u00e1r.<\/span><\/p>\n<p><span style=\"font-weight: 400;\">Az <\/span><a href=\"https:\/\/www.welovecycling.com\/hu\/edzes-es-eletmod\/teszteld-az-alvasi-szokasaidat-ezzel-a-kerdoivvel\/\"><span style=\"font-weight: 400;\">alv\u00e1shigi\u00e9n\u00e9 el\u0151t\u00e9rbe helyez\u00e9se<\/span><\/a><span style=\"font-weight: 400;\"> \u2013 p\u00e9ld\u00e1ul k\u00f6vetkezetes alv\u00e1si rutin, s\u00f6t\u00e9t \u00e9s csendes \u00e9jszakai k\u00f6rnyezet, valamint egy lefekv\u00e9s el\u0151tti lecsendes\u00edt\u0151 ritu\u00e1l\u00e9 \u2013 jelent\u0151s k\u00fcl\u00f6nbs\u00e9get jelenthet. Ker\u00e9kp\u00e1rosok sz\u00e1m\u00e1ra ez azt is jelenti, hogy intenz\u00edv edz\u00e9sek vagy versenyek ut\u00e1n \u00e9rdemes n\u00f6velni az alv\u00e1sid\u0151t.<\/span><\/p>\n<h2><b>#3 Er\u0151s t\u00e1rsas kapcsolatok<\/b><\/h2>\n<p><span style=\"font-weight: 400;\">Az ember t\u00e1rsas l\u00e9ny, \u00e9s a kutat\u00e1s is meger\u0151s\u00edtette, hogy a stabil, t\u00e1mogat\u00f3 kapcsolatok kulcsszerepet j\u00e1tszanak az agy fiatalon tart\u00e1s\u00e1ban. Azoknak a r\u00e9sztvev\u0151knek, akik er\u0151s szoci\u00e1lis h\u00e1l\u00f3val rendelkeztek, fiatalabbnak l\u00e1tszott az agya.<\/span><\/p>\n<p><span style=\"font-weight: 400;\">A t\u00e1rsas kapcsolatoknak nem kell kiterjedtnek lenni\u00fck \u2013 a min\u0151s\u00e9g fontosabb, mint a mennyis\u00e9g. Egy ker\u00e9kp\u00e1ros klubhoz val\u00f3 csatlakoz\u00e1s, k\u00f6z\u00f6s teker\u00e9sek vagy rendszeres tal\u00e1lkoz\u00e1sok bar\u00e1tokkal elegend\u0151 ment\u00e1lis stimul\u00e1ci\u00f3t adhatnak az agynak. Ezek az interakci\u00f3k cs\u00f6kkentik a stresszt, jav\u00edtj\u00e1k a hangulatot \u00e9s er\u0151s\u00edtik az \u00f6sszetartoz\u00e1s \u00e9rz\u00e9s\u00e9t \u2013 mindez pedig hozz\u00e1j\u00e1rul az agy eg\u00e9szs\u00e9g\u00e9hez.<\/span><\/p>\n<h2><b>#4 Eg\u00e9szs\u00e9ges tests\u00faly<\/b><\/h2>\n<p><span style=\"font-weight: 400;\">Az eg\u00e9szs\u00e9ges tests\u00faly fenntart\u00e1sa nemcsak a fizikai eg\u00e9szs\u00e9g miatt fontos, hanem az agy sz\u00e1m\u00e1ra is. A vizsg\u00e1lat szerint az eg\u00e9szs\u00e9ges tests\u00fallyal rendelkez\u0151 r\u00e9sztvev\u0151k agya fiatalabbnak t\u0171nik, lassabban \u00f6regszik. A t\u00fals\u00faly, k\u00fcl\u00f6n\u00f6sen a hasi ter\u00fcleten, gyullad\u00e1ssal \u00e9s anyagcsere-probl\u00e9m\u00e1kkal j\u00e1rhat, amelyek gyors\u00edtj\u00e1k az agyi \u00f6reged\u00e9st.<\/span><\/p>\n<p><span style=\"font-weight: 400;\">A <\/span><a href=\"https:\/\/www.welovecycling.com\/hu\/edzes-es-eletmod\/miert-jo-ha-minden-nap-biciklizel\/\"><span style=\"font-weight: 400;\">rendszeres ker\u00e9kp\u00e1roz\u00e1s<\/span><\/a><span style=\"font-weight: 400;\"> seg\u00edt a tests\u00falykontrollban, cs\u00f6kkenti a gyullad\u00e1st \u00e9s jav\u00edtja a sz\u00edv- \u00e9s \u00e9rrendszer \u00e1llapot\u00e1t, ami t\u00e1mogatja az agym\u0171k\u00f6d\u00e9st is. Az edz\u00e9st teljes \u00e9rt\u00e9k\u0171 \u00e9telekben gazdag, kiegyens\u00falyozott \u00e9trenddel kombin\u00e1lva a hat\u00e1s tov\u00e1bb er\u0151s\u00edthet\u0151, s\u0151t, <\/span><a href=\"https:\/\/www.welovecycling.com\/hu\/edzes-es-eletmod\/4-etrend-amivel-csokkentheted-a-szivproblemak-kialakulasat\/\"><span style=\"font-weight: 400;\">a sz\u00edvedet is er\u0151s\u00edtheted<\/span><\/a><span style=\"font-weight: 400;\"> vele.<\/span><\/p>\n<h2><b>#5 A doh\u00e1nyz\u00e1s ker\u00fcl\u00e9se<\/b><\/h2>\n<p><span style=\"font-weight: 400;\">A doh\u00e1nyz\u00e1s az egyik legk\u00e1rosabb szok\u00e1s az agy eg\u00e9szs\u00e9g\u00e9re n\u00e9zve. A kutat\u00e1s szerint a doh\u00e1nyz\u00e1s elker\u00fcl\u00e9se szorosan \u00f6sszefon\u00f3dik a fiatalabb agyi \u00e9letkorral. A doh\u00e1nyz\u00e1s felgyors\u00edtja az agy \u00f6reged\u00e9s\u00e9t, n\u00f6veli a kognit\u00edv hanyatl\u00e1s kock\u00e1zat\u00e1t \u00e9s k\u00e1ros\u00edtja az ereket, cs\u00f6kkentve az agy oxig\u00e9nell\u00e1t\u00e1s\u00e1t.<\/span><\/p>\n<p><span style=\"font-weight: 400;\">A leszok\u00e1s \u2013 vagy az, hogy el sem kezded \u2013 az egyik legjelent\u0151sebb d\u00f6nt\u00e9s, amit az agyad \u00e9rdek\u00e9ben hozhatsz. Ker\u00e9kp\u00e1rosok sz\u00e1m\u00e1ra az el\u0151ny\u00f6k t\u00falmutatnak az agy eg\u00e9szs\u00e9g\u00e9n: a jobb t\u00fcd\u0151kapacit\u00e1s \u00e9s \u00e1ll\u00f3k\u00e9pess\u00e9g minden teker\u00e9st \u00e9lvezetesebb\u00e9 tesz.<\/span><\/p>\n<h2><b>Mi\u00e9rt sz\u00e1m\u00edt az agyi \u00e9letkor hossz\u00fa t\u00e1von?<\/b><\/h2>\n<p><span style=\"font-weight: 400;\">Az agyi \u00e9letkor \u00e9s a val\u00f3s \u00e9letkor k\u00f6z\u00f6tti k\u00fcl\u00f6nbs\u00e9g nem csup\u00e1n adat, hanem a hossz\u00fa t\u00e1v\u00fa kognit\u00edv eg\u00e9szs\u00e9g el\u0151jele. Az id\u0151sebbnek t\u0171n\u0151 agyat nagyobb es\u00e9llyel \u00e9rintheti kognit\u00edv hanyatl\u00e1s, demencia vagy Alzheimer-k\u00f3r. A j\u00f3 h\u00edr, hogy a tanulm\u00e1nyban kiemelt szok\u00e1sok a saj\u00e1t befoly\u00e1sod alatt \u00e1llnak!<\/span><\/p>\n<p><i><span style=\"font-weight: 400;\">\u201eEzek olyan t\u00e9nyez\u0151k, amelyek felett az emberek bizonyos m\u00e9rt\u00e9kig kontrollt gyakorolhatnak\u201d<\/span><\/i><span style=\"font-weight: 400;\"> \u2013 mondta Tanner.<\/span><i><span style=\"font-weight: 400;\"> \u201eMeg lehet tanulni m\u00e1sk\u00e9nt \u00e9rz\u00e9kelni a stresszt. A rossz alv\u00e1s kezelhet\u0151. Az optimizmus pedig fejleszthet\u0151.\u201d<\/span><\/i><\/p>\n","protected":false},"excerpt":{"rendered":"<p>Az agyad kora nem puszt\u00e1n egy sz\u00e1m: a mindennapjaid lenyomata t\u00fckr\u00f6z\u0151dik rajta. A Floridai Egyetem egy friss kutat\u00e1sa szerint n\u00e9h\u00e1ny [&hellip;]<\/p>\n","protected":false},"author":71,"featured_media":19498,"comment_status":"open","ping_status":"open","sticky":false,"template":"","format":"standard","meta":{"footnotes":""},"categories":[6],"tags":[],"global-categories":[],"class_list":["post-19497","post","type-post","status-publish","format-standard","has-post-thumbnail","hentry","category-edzes-es-eletmod"],"yoast_head":"<!-- This site is optimized with the Yoast SEO Premium plugin v25.3 (Yoast SEO v25.9) - https:\/\/yoast.com\/wordpress\/plugins\/seo\/ -->\n<title>Ez az 5 mindennapi szok\u00e1s ak\u00e1r 8 \u00e9vvel is fiatal\u00edthatja az agyadat<\/title>\n<meta name=\"description\" content=\"Az agyad kora nem puszt\u00e1n egy sz\u00e1m: a mindennapjaid lenyomata t\u00fckr\u00f6z\u0151dik rajta. A Floridai Egyetem egy friss kutat\u00e1sa szerint n\u00e9h\u00e1ny egyszer\u0171, pozit\u00edv szok\u00e1s lass\u00edthatja az agy \u00f6reged\u00e9s\u00e9t: azoknak, akik a legt\u00f6bb ilyen szok\u00e1st betartj\u00e1k, 8 \u00e9vvel fiatalabbnak t\u0171nik az agyuk a val\u00f3s kor\u00e1n\u00e1l. N\u00e9zz\u00fck, melyek ezek a szok\u00e1sok!\" \/>\n<meta name=\"robots\" content=\"index, follow, max-snippet:-1, max-image-preview:large, max-video-preview:-1\" \/>\n<link rel=\"canonical\" href=\"https:\/\/www.welovecycling.com\/hu\/edzes-es-eletmod\/ez-az-5-mindennapi-szokas-akar-8-evvel-is-fiatalithatja-az-agyadat\/\" \/>\n<meta property=\"og:locale\" content=\"hu_HU\" \/>\n<meta property=\"og:type\" content=\"article\" \/>\n<meta property=\"og:title\" content=\"Ez az 5 mindennapi szok\u00e1s ak\u00e1r 8 \u00e9vvel is fiatal\u00edthatja az agyadat\" \/>\n<meta property=\"og:description\" content=\"Az agyad kora nem puszt\u00e1n egy sz\u00e1m: a mindennapjaid lenyomata t\u00fckr\u00f6z\u0151dik rajta. A Floridai Egyetem egy friss kutat\u00e1sa szerint n\u00e9h\u00e1ny egyszer\u0171, pozit\u00edv szok\u00e1s lass\u00edthatja az agy \u00f6reged\u00e9s\u00e9t: azoknak, akik a legt\u00f6bb ilyen szok\u00e1st betartj\u00e1k, 8 \u00e9vvel fiatalabbnak t\u0171nik az agyuk a val\u00f3s kor\u00e1n\u00e1l. N\u00e9zz\u00fck, melyek ezek a szok\u00e1sok!\" \/>\n<meta property=\"og:url\" content=\"https:\/\/www.welovecycling.com\/hu\/edzes-es-eletmod\/ez-az-5-mindennapi-szokas-akar-8-evvel-is-fiatalithatja-az-agyadat\/\" \/>\n<meta property=\"og:site_name\" content=\"\u0160koda We Love Cycling - Magyarorsz\u00e1g\" \/>\n<meta property=\"article:publisher\" content=\"https:\/\/www.facebook.com\/WeLoveCyclingHungary\/\" \/>\n<meta property=\"article:published_time\" content=\"2026-03-12T06:00:21+00:00\" \/>\n<meta property=\"og:image\" content=\"https:\/\/d2p6e6u75xmxt8.cloudfront.net\/12\/2026\/03\/Cycling-Training-Woman-profimedia-0880398664-CVR.webp\" \/>\n\t<meta property=\"og:image:width\" content=\"990\" \/>\n\t<meta property=\"og:image:height\" content=\"660\" \/>\n\t<meta property=\"og:image:type\" content=\"image\/webp\" \/>\n<meta name=\"author\" content=\"hegyizs\" \/>\n<meta name=\"twitter:card\" content=\"summary_large_image\" \/>\n<meta name=\"twitter:label1\" content=\"Written by\" \/>\n\t<meta name=\"twitter:data1\" content=\"Jiri Kaloc\" \/>\n\t<meta name=\"twitter:label2\" content=\"Est. reading time\" \/>\n\t<meta name=\"twitter:data2\" content=\"2\" \/>\n<script type=\"application\/ld+json\" class=\"yoast-schema-graph\">{\"@context\":\"https:\/\/schema.org\",\"@graph\":[{\"@type\":\"WebPage\",\"@id\":\"https:\/\/www.welovecycling.com\/hu\/edzes-es-eletmod\/ez-az-5-mindennapi-szokas-akar-8-evvel-is-fiatalithatja-az-agyadat\/\",\"url\":\"https:\/\/www.welovecycling.com\/hu\/edzes-es-eletmod\/ez-az-5-mindennapi-szokas-akar-8-evvel-is-fiatalithatja-az-agyadat\/\",\"name\":\"Ez az 5 mindennapi szok\u00e1s ak\u00e1r 8 \u00e9vvel is fiatal\u00edthatja az agyadat\",\"isPartOf\":{\"@id\":\"https:\/\/www.welovecycling.com\/hu\/#website\"},\"primaryImageOfPage\":{\"@id\":\"https:\/\/www.welovecycling.com\/hu\/edzes-es-eletmod\/ez-az-5-mindennapi-szokas-akar-8-evvel-is-fiatalithatja-az-agyadat\/#primaryimage\"},\"image\":{\"@id\":\"https:\/\/www.welovecycling.com\/hu\/edzes-es-eletmod\/ez-az-5-mindennapi-szokas-akar-8-evvel-is-fiatalithatja-az-agyadat\/#primaryimage\"},\"thumbnailUrl\":\"https:\/\/d2p6e6u75xmxt8.cloudfront.net\/12\/2026\/03\/Cycling-Training-Woman-profimedia-0880398664-CVR.webp\",\"datePublished\":\"2026-03-12T06:00:21+00:00\",\"author\":{\"@id\":\"https:\/\/www.welovecycling.com\/hu\/#\/schema\/person\/414a2aebf1801691a5320edb6468e194\"},\"description\":\"Az agyad kora nem puszt\u00e1n egy sz\u00e1m: a mindennapjaid lenyomata t\u00fckr\u00f6z\u0151dik rajta. A Floridai Egyetem egy friss kutat\u00e1sa szerint n\u00e9h\u00e1ny egyszer\u0171, pozit\u00edv szok\u00e1s lass\u00edthatja az agy \u00f6reged\u00e9s\u00e9t: azoknak, akik a legt\u00f6bb ilyen szok\u00e1st betartj\u00e1k, 8 \u00e9vvel fiatalabbnak t\u0171nik az agyuk a val\u00f3s kor\u00e1n\u00e1l. N\u00e9zz\u00fck, melyek ezek a szok\u00e1sok!\",\"breadcrumb\":{\"@id\":\"https:\/\/www.welovecycling.com\/hu\/edzes-es-eletmod\/ez-az-5-mindennapi-szokas-akar-8-evvel-is-fiatalithatja-az-agyadat\/#breadcrumb\"},\"inLanguage\":\"hu\",\"potentialAction\":[{\"@type\":\"ReadAction\",\"target\":[\"https:\/\/www.welovecycling.com\/hu\/edzes-es-eletmod\/ez-az-5-mindennapi-szokas-akar-8-evvel-is-fiatalithatja-az-agyadat\/\"]}]},{\"@type\":\"ImageObject\",\"inLanguage\":\"hu\",\"@id\":\"https:\/\/www.welovecycling.com\/hu\/edzes-es-eletmod\/ez-az-5-mindennapi-szokas-akar-8-evvel-is-fiatalithatja-az-agyadat\/#primaryimage\",\"url\":\"https:\/\/d2p6e6u75xmxt8.cloudfront.net\/12\/2026\/03\/Cycling-Training-Woman-profimedia-0880398664-CVR.webp\",\"contentUrl\":\"https:\/\/d2p6e6u75xmxt8.cloudfront.net\/12\/2026\/03\/Cycling-Training-Woman-profimedia-0880398664-CVR.webp\",\"width\":990,\"height\":660,\"caption\":\"Cycling training\"},{\"@type\":\"BreadcrumbList\",\"@id\":\"https:\/\/www.welovecycling.com\/hu\/edzes-es-eletmod\/ez-az-5-mindennapi-szokas-akar-8-evvel-is-fiatalithatja-az-agyadat\/#breadcrumb\",\"itemListElement\":[{\"@type\":\"ListItem\",\"position\":1,\"name\":\"Home\",\"item\":\"https:\/\/www.welovecycling.com\/hu\/\"},{\"@type\":\"ListItem\",\"position\":2,\"name\":\"Ez az 5 mindennapi szok\u00e1s ak\u00e1r 8 \u00e9vvel is fiatal\u00edthatja az agyadat\"}]},{\"@type\":\"WebSite\",\"@id\":\"https:\/\/www.welovecycling.com\/hu\/#website\",\"url\":\"https:\/\/www.welovecycling.com\/hu\/\",\"name\":\"\u0160koda We Love Cycling - Magyarorsz\u00e1g\",\"description\":\"\u0160koda WeLoveCycling\",\"potentialAction\":[{\"@type\":\"SearchAction\",\"target\":{\"@type\":\"EntryPoint\",\"urlTemplate\":\"https:\/\/www.welovecycling.com\/hu\/?s={search_term_string}\"},\"query-input\":{\"@type\":\"PropertyValueSpecification\",\"valueRequired\":true,\"valueName\":\"search_term_string\"}}],\"inLanguage\":\"hu\"},{\"@type\":\"Person\",\"@id\":\"https:\/\/www.welovecycling.com\/hu\/#\/schema\/person\/414a2aebf1801691a5320edb6468e194\",\"name\":\"hegyizs\",\"image\":{\"@type\":\"ImageObject\",\"inLanguage\":\"hu\",\"@id\":\"https:\/\/www.welovecycling.com\/hu\/#\/schema\/person\/image\/\",\"url\":\"https:\/\/secure.gravatar.com\/avatar\/02cf8a7906b8cf90cecb4679defac7cfd33a1c2e3b88e4903d947f3bb58eedd3?s=96&d=mm&r=g\",\"contentUrl\":\"https:\/\/secure.gravatar.com\/avatar\/02cf8a7906b8cf90cecb4679defac7cfd33a1c2e3b88e4903d947f3bb58eedd3?s=96&d=mm&r=g\",\"caption\":\"hegyizs\"},\"url\":\"https:\/\/www.welovecycling.com\/hu\/author\/hegyizs\/\"}]}<\/script>\n<!-- \/ Yoast SEO Premium plugin. -->","yoast_head_json":{"title":"Ez az 5 mindennapi szok\u00e1s ak\u00e1r 8 \u00e9vvel is fiatal\u00edthatja az agyadat","description":"Az agyad kora nem puszt\u00e1n egy sz\u00e1m: a mindennapjaid lenyomata t\u00fckr\u00f6z\u0151dik rajta. A Floridai Egyetem egy friss kutat\u00e1sa szerint n\u00e9h\u00e1ny egyszer\u0171, pozit\u00edv szok\u00e1s lass\u00edthatja az agy \u00f6reged\u00e9s\u00e9t: azoknak, akik a legt\u00f6bb ilyen szok\u00e1st betartj\u00e1k, 8 \u00e9vvel fiatalabbnak t\u0171nik az agyuk a val\u00f3s kor\u00e1n\u00e1l. N\u00e9zz\u00fck, melyek ezek a szok\u00e1sok!","robots":{"index":"index","follow":"follow","max-snippet":"max-snippet:-1","max-image-preview":"max-image-preview:large","max-video-preview":"max-video-preview:-1"},"canonical":"https:\/\/www.welovecycling.com\/hu\/edzes-es-eletmod\/ez-az-5-mindennapi-szokas-akar-8-evvel-is-fiatalithatja-az-agyadat\/","og_locale":"hu_HU","og_type":"article","og_title":"Ez az 5 mindennapi szok\u00e1s ak\u00e1r 8 \u00e9vvel is fiatal\u00edthatja az agyadat","og_description":"Az agyad kora nem puszt\u00e1n egy sz\u00e1m: a mindennapjaid lenyomata t\u00fckr\u00f6z\u0151dik rajta. A Floridai Egyetem egy friss kutat\u00e1sa szerint n\u00e9h\u00e1ny egyszer\u0171, pozit\u00edv szok\u00e1s lass\u00edthatja az agy \u00f6reged\u00e9s\u00e9t: azoknak, akik a legt\u00f6bb ilyen szok\u00e1st betartj\u00e1k, 8 \u00e9vvel fiatalabbnak t\u0171nik az agyuk a val\u00f3s kor\u00e1n\u00e1l. N\u00e9zz\u00fck, melyek ezek a szok\u00e1sok!","og_url":"https:\/\/www.welovecycling.com\/hu\/edzes-es-eletmod\/ez-az-5-mindennapi-szokas-akar-8-evvel-is-fiatalithatja-az-agyadat\/","og_site_name":"\u0160koda We Love Cycling - Magyarorsz\u00e1g","article_publisher":"https:\/\/www.facebook.com\/WeLoveCyclingHungary\/","article_published_time":"2026-03-12T06:00:21+00:00","og_image":[{"width":990,"height":660,"url":"https:\/\/d2p6e6u75xmxt8.cloudfront.net\/12\/2026\/03\/Cycling-Training-Woman-profimedia-0880398664-CVR.webp","type":"image\/webp"}],"author":"hegyizs","twitter_card":"summary_large_image","twitter_misc":{"Written by":"Jiri Kaloc","Est. reading time":"2"},"schema":{"@context":"https:\/\/schema.org","@graph":[{"@type":"WebPage","@id":"https:\/\/www.welovecycling.com\/hu\/edzes-es-eletmod\/ez-az-5-mindennapi-szokas-akar-8-evvel-is-fiatalithatja-az-agyadat\/","url":"https:\/\/www.welovecycling.com\/hu\/edzes-es-eletmod\/ez-az-5-mindennapi-szokas-akar-8-evvel-is-fiatalithatja-az-agyadat\/","name":"Ez az 5 mindennapi szok\u00e1s ak\u00e1r 8 \u00e9vvel is fiatal\u00edthatja az agyadat","isPartOf":{"@id":"https:\/\/www.welovecycling.com\/hu\/#website"},"primaryImageOfPage":{"@id":"https:\/\/www.welovecycling.com\/hu\/edzes-es-eletmod\/ez-az-5-mindennapi-szokas-akar-8-evvel-is-fiatalithatja-az-agyadat\/#primaryimage"},"image":{"@id":"https:\/\/www.welovecycling.com\/hu\/edzes-es-eletmod\/ez-az-5-mindennapi-szokas-akar-8-evvel-is-fiatalithatja-az-agyadat\/#primaryimage"},"thumbnailUrl":"https:\/\/d2p6e6u75xmxt8.cloudfront.net\/12\/2026\/03\/Cycling-Training-Woman-profimedia-0880398664-CVR.webp","datePublished":"2026-03-12T06:00:21+00:00","author":{"@id":"https:\/\/www.welovecycling.com\/hu\/#\/schema\/person\/414a2aebf1801691a5320edb6468e194"},"description":"Az agyad kora nem puszt\u00e1n egy sz\u00e1m: a mindennapjaid lenyomata t\u00fckr\u00f6z\u0151dik rajta. A Floridai Egyetem egy friss kutat\u00e1sa szerint n\u00e9h\u00e1ny egyszer\u0171, pozit\u00edv szok\u00e1s lass\u00edthatja az agy \u00f6reged\u00e9s\u00e9t: azoknak, akik a legt\u00f6bb ilyen szok\u00e1st betartj\u00e1k, 8 \u00e9vvel fiatalabbnak t\u0171nik az agyuk a val\u00f3s kor\u00e1n\u00e1l. N\u00e9zz\u00fck, melyek ezek a szok\u00e1sok!","breadcrumb":{"@id":"https:\/\/www.welovecycling.com\/hu\/edzes-es-eletmod\/ez-az-5-mindennapi-szokas-akar-8-evvel-is-fiatalithatja-az-agyadat\/#breadcrumb"},"inLanguage":"hu","potentialAction":[{"@type":"ReadAction","target":["https:\/\/www.welovecycling.com\/hu\/edzes-es-eletmod\/ez-az-5-mindennapi-szokas-akar-8-evvel-is-fiatalithatja-az-agyadat\/"]}]},{"@type":"ImageObject","inLanguage":"hu","@id":"https:\/\/www.welovecycling.com\/hu\/edzes-es-eletmod\/ez-az-5-mindennapi-szokas-akar-8-evvel-is-fiatalithatja-az-agyadat\/#primaryimage","url":"https:\/\/d2p6e6u75xmxt8.cloudfront.net\/12\/2026\/03\/Cycling-Training-Woman-profimedia-0880398664-CVR.webp","contentUrl":"https:\/\/d2p6e6u75xmxt8.cloudfront.net\/12\/2026\/03\/Cycling-Training-Woman-profimedia-0880398664-CVR.webp","width":990,"height":660,"caption":"Cycling training"},{"@type":"BreadcrumbList","@id":"https:\/\/www.welovecycling.com\/hu\/edzes-es-eletmod\/ez-az-5-mindennapi-szokas-akar-8-evvel-is-fiatalithatja-az-agyadat\/#breadcrumb","itemListElement":[{"@type":"ListItem","position":1,"name":"Home","item":"https:\/\/www.welovecycling.com\/hu\/"},{"@type":"ListItem","position":2,"name":"Ez az 5 mindennapi szok\u00e1s ak\u00e1r 8 \u00e9vvel is fiatal\u00edthatja az agyadat"}]},{"@type":"WebSite","@id":"https:\/\/www.welovecycling.com\/hu\/#website","url":"https:\/\/www.welovecycling.com\/hu\/","name":"\u0160koda We Love Cycling - Magyarorsz\u00e1g","description":"\u0160koda WeLoveCycling","potentialAction":[{"@type":"SearchAction","target":{"@type":"EntryPoint","urlTemplate":"https:\/\/www.welovecycling.com\/hu\/?s={search_term_string}"},"query-input":{"@type":"PropertyValueSpecification","valueRequired":true,"valueName":"search_term_string"}}],"inLanguage":"hu"},{"@type":"Person","@id":"https:\/\/www.welovecycling.com\/hu\/#\/schema\/person\/414a2aebf1801691a5320edb6468e194","name":"hegyizs","image":{"@type":"ImageObject","inLanguage":"hu","@id":"https:\/\/www.welovecycling.com\/hu\/#\/schema\/person\/image\/","url":"https:\/\/secure.gravatar.com\/avatar\/02cf8a7906b8cf90cecb4679defac7cfd33a1c2e3b88e4903d947f3bb58eedd3?s=96&d=mm&r=g","contentUrl":"https:\/\/secure.gravatar.com\/avatar\/02cf8a7906b8cf90cecb4679defac7cfd33a1c2e3b88e4903d947f3bb58eedd3?s=96&d=mm&r=g","caption":"hegyizs"},"url":"https:\/\/www.welovecycling.com\/hu\/author\/hegyizs\/"}]}},"_links":{"self":[{"href":"https:\/\/www.welovecycling.com\/hu\/wp-json\/wp\/v2\/posts\/19497","targetHints":{"allow":["GET"]}}],"collection":[{"href":"https:\/\/www.welovecycling.com\/hu\/wp-json\/wp\/v2\/posts"}],"about":[{"href":"https:\/\/www.welovecycling.com\/hu\/wp-json\/wp\/v2\/types\/post"}],"author":[{"embeddable":true,"href":"https:\/\/www.welovecycling.com\/hu\/wp-json\/wp\/v2\/users\/71"}],"replies":[{"embeddable":true,"href":"https:\/\/www.welovecycling.com\/hu\/wp-json\/wp\/v2\/comments?post=19497"}],"version-history":[{"count":1,"href":"https:\/\/www.welovecycling.com\/hu\/wp-json\/wp\/v2\/posts\/19497\/revisions"}],"predecessor-version":[{"id":19499,"href":"https:\/\/www.welovecycling.com\/hu\/wp-json\/wp\/v2\/posts\/19497\/revisions\/19499"}],"wp:featuredmedia":[{"embeddable":true,"href":"https:\/\/www.welovecycling.com\/hu\/wp-json\/wp\/v2\/media\/19498"}],"wp:attachment":[{"href":"https:\/\/www.welovecycling.com\/hu\/wp-json\/wp\/v2\/media?parent=19497"}],"wp:term":[{"taxonomy":"category","embeddable":true,"href":"https:\/\/www.welovecycling.com\/hu\/wp-json\/wp\/v2\/categories?post=19497"},{"taxonomy":"post_tag","embeddable":true,"href":"https:\/\/www.welovecycling.com\/hu\/wp-json\/wp\/v2\/tags?post=19497"},{"taxonomy":"global-categories","embeddable":true,"href":"https:\/\/www.welovecycling.com\/hu\/wp-json\/wp\/v2\/global-categories?post=19497"}],"curies":[{"name":"wp","href":"https:\/\/api.w.org\/{rel}","templated":true}]}}