{"id":19455,"date":"2026-01-16T14:18:34","date_gmt":"2026-01-16T12:18:34","guid":{"rendered":"https:\/\/www.welovecycling.com\/hu\/?p=19455"},"modified":"2026-01-16T14:18:34","modified_gmt":"2026-01-16T12:18:34","slug":"sokkolo-bejelentes-simon-yates-is-ido-elott-fejezi-be-ujabb-bizonyitek-hogy-a-visma-teljesen-kizsigereli-versenyzoit","status":"publish","type":"post","link":"https:\/\/www.welovecycling.com\/hu\/orszaguti-kerekpar\/sokkolo-bejelentes-simon-yates-is-ido-elott-fejezi-be-ujabb-bizonyitek-hogy-a-visma-teljesen-kizsigereli-versenyzoit\/","title":{"rendered":"Sokkol\u00f3 bejelent\u00e9s, Simon Yates is id\u0151 el\u0151tt fejezi be: \u00fajabb bizony\u00edt\u00e9k, hogy a Visma teljesen kizsigereli versenyz\u0151it?"},"content":{"rendered":"<p class=\"p1\"><b>Mindenkit megd\u00f6bbentett a 33 \u00e9ves brit klasszis l\u00e1tsz\u00f3lag a semmib\u0151l \u00e9rkez\u0151 visszavonul\u00e1sa, amely rengeteg megv\u00e1laszoland\u00f3 k\u00e9rd\u00e9st vet fel a sport\u00e1gon, de f\u0151leg a csapaton bel\u00fcl. <\/b><!--more--><\/p>\n<p class=\"p1\">Szab\u00e1lyosan sokkolta az orsz\u00e1g\u00fati ker\u00e9kp\u00e1rsportot <b>Simon Yates <\/b>m\u00falt heti <a href=\"https:\/\/d1lk6qpkbduawh.cloudfront.net\/Simons-statement.jpg\"><span class=\"s1\">k\u00f6zlem\u00e9nye<\/span><\/a>. A mez\u0151ny egyik legkedveltebb \u00e9s legsokoldal\u00fabb figur\u00e1ja l\u00e1tsz\u00f3lag a semmib\u0151l jelentette be visszavonul\u00e1s\u00e1t, nem csak a szurkol\u00f3kat \u00e9s a versenyz\u0151t\u00e1rsakat, de m\u00e9g saj\u00e1t csapat\u00e1t, a Visma | Lease a Bike-ot is alaposan meglepve ezzel. A 33 \u00e9ves brit Giro- \u00e9s Vuelta-gy\u0151ztes \u00fagy fogalmazott, hogy d\u00f6nt\u00e9se b\u00e1r v\u00e1ratlannak t\u0171nhet, val\u00f3j\u00e1ban r\u00e9g\u00f3ta \u00e9rlel\u0151d\u00f6tt benne: <i>\u201eVal\u00f3sz\u00edn\u0171leg sokakat meglep, \u00e9s egy\u00e1ltal\u00e1n nem is volt k\u00f6nny\u0171 d\u00f6nt\u00e9s. Nagyon sok\u00e1ig gondolkodtam rajta, de most \u00e9rzem \u00fagy, hogy elj\u00f6tt a b\u00facs\u00fa ideje.\u201d<\/i><\/p>\n<figure id=\"attachment_19458\" aria-describedby=\"caption-attachment-19458\" style=\"width: 1024px\" class=\"wp-caption alignnone\"><img loading=\"lazy\" decoding=\"async\" class=\"size-large wp-image-19458\" src=\"https:\/\/d2p6e6u75xmxt8.cloudfront.net\/12\/2026\/01\/CORVOS_00038163-230_2026-01-07-104417_ylkf-1024x563.webp\" alt=\"\" width=\"1024\" height=\"563\" srcset=\"https:\/\/d2p6e6u75xmxt8.cloudfront.net\/12\/2026\/01\/CORVOS_00038163-230_2026-01-07-104417_ylkf-1024x563.webp 1024w, https:\/\/d2p6e6u75xmxt8.cloudfront.net\/12\/2026\/01\/CORVOS_00038163-230_2026-01-07-104417_ylkf-300x165.webp 300w, https:\/\/d2p6e6u75xmxt8.cloudfront.net\/12\/2026\/01\/CORVOS_00038163-230_2026-01-07-104417_ylkf-768x422.webp 768w, https:\/\/d2p6e6u75xmxt8.cloudfront.net\/12\/2026\/01\/CORVOS_00038163-230_2026-01-07-104417_ylkf-400x220.webp 400w, https:\/\/d2p6e6u75xmxt8.cloudfront.net\/12\/2026\/01\/CORVOS_00038163-230_2026-01-07-104417_ylkf.webp 1500w\" sizes=\"auto, (max-width: 1024px) 100vw, 1024px\" \/><figcaption id=\"caption-attachment-19458\" class=\"wp-caption-text\">fot\u00f3: Cor Vos<\/figcaption><\/figure>\n<p class=\"p1\">A bejelent\u00e9s, \u00e9s f\u0151leg annak id\u0151z\u00edt\u00e9se t\u00e9nyleg annyira felk\u00e9sz\u00fcletlen\u00fcl \u00e9rt mindenkit, hogy sokan eleinte meg is ijedtek, nem h\u00faz\u00f3dik-e meg esetleg valami komolyabb baj a h\u00e1tt\u00e9rben. F\u0151leg, mert Yates igaz\u00e1b\u00f3l nem is indokolta meg k\u00fcl\u00f6n\u00f6sebben a drasztikus d\u00f6nt\u00e9st, csup\u00e1n gyorsan lefutotta az ilyenkor szok\u00e1sos tiszteletk\u00f6r\u00f6ket: mint \u00edrta, b\u00fcszk\u00e9n l\u00e9p h\u00e1tra, a ker\u00e9kp\u00e1roz\u00e1s t\u00f6bb volt sz\u00e1m\u00e1ra, mint munka \u2013 tulajdonk\u00e9ppen ez volt az \u00e9lete \u2013, \u00e9s rengeteg sz\u00e9p eml\u00e9ket visz mag\u00e1val akt\u00edv versenyz\u0151i id\u0151szak\u00e1b\u00f3l. Konkr\u00e9tan a Visma sportigazgat\u00f3j\u00e1nak, Jesper M\u00f6rk\u00f6vnek kellett lenyugtatnia a ked\u00e9lyeket, aki n\u00e9h\u00e1ny nappal k\u00e9s\u0151bb a nyilv\u00e1noss\u00e1g el\u00e9 \u00e1llva tette tiszt\u00e1ba a dolgokat, \u00e9s k\u00f6z\u00f6lte, \u201ecsup\u00e1n\u201d (\u00e9s ezt most \u00e9rts\u00fck sokszorosan id\u00e9z\u0151jelbe t\u00e9ve) annyi t\u00f6rt\u00e9nt, hogy Yates gyakorlatilag teljesen ki\u00e9gett mostanra. <i>\u201eAz \u00e9n \u00e9rtelmez\u00e9semben az t\u00f6rt\u00e9nt, hogy Simon elvesz\u00edtette a v\u00e1gyat \u00e9s a lelkesed\u00e9st a versenyz\u00e9s ir\u00e1nt. Az elm\u00falt \u00e9vekben egyre t\u00f6bbet besz\u00e9lnek arr\u00f3l a ker\u00e9kp\u00e1rsportban is, mennyi minden kell ahhoz, hogy folyamatosan a cs\u00facson maradj, \u00e9s mennyire neh\u00e9z is mindez. Simon sok-sok \u00e9ven \u00e1t ott volt, de most egyszer\u0171en elvesztette a rajong\u00e1s\u00e1t\u201d <\/i>\u2013 mondta a d\u00e1n szakember. M\u00f6rk\u00f6v szavai egyszerre szolg\u00e1ltatnak magyar\u00e1zatot, \u00e9s vetnek fel k\u00f6zben \u00fajabb (k\u00f6lt\u0151i) k\u00e9rd\u00e9seket. Egyr\u00e9szr\u0151l: a szakma \u00e9s a sport\u00e1gi vezet\u0151k mikor veszik \u00e9szre, hogy a \u2013 sok m\u00e1s sport\u00e1ghoz hasonl\u00f3an \u2013 \u00f6n\u00f6s \u00e9rdekekb\u0151l egyre jobban kizsigerelt, sokszor feleslegesen vesz\u00e9lybe hozott profik mind hamarabb ki\u00e9gnek; m\u00e1sr\u00e9szr\u0151l, vajon puszta v\u00e9letlen lenne, hogy k\u00fcl\u00f6n\u00f6sen a Vism\u00e1n\u00e1l az ut\u00f3bbi id\u0151ben Yates-\u00e9 a sokadik hasonl\u00f3 eset, amikor klasszisok sora mond nemet az eg\u00e9szs\u00e9gtelen\u00fcl nagy nyom\u00e1sra? (\u00c1lljon itt p\u00e9ldak\u00e9nt csak <a href=\"https:\/\/www.welovecycling.com\/hu\/orszaguti-kerekpar\/a-tudomanyt-is-tulzasba-lehet-vinni-dumoulinnel-az-igazsag-a-visma-visszaesese-kapcsan\/\"><span class=\"s1\"><b>Tom Dumoulin<\/b><\/span><\/a>, vagy \u00e9ppen <a href=\"https:\/\/www.welovecycling.com\/hu\/orszaguti-kerekpar\/a-vilag-legjobb-csapataban-versenyeztem-megis-szegyelltem-magam-valter-attila-a-we-love-cycling-magazinnak-a-maga-mogott-hagyott-melypontrol\/\"><span class=\"s1\"><b>Valter Attila<\/b> esete<\/span><\/a>, nem besz\u00e9lve a <b>Jonas Vingegaard <\/b><a href=\"https:\/\/www.cyclingnews.com\/news\/a-story-out-of-nothing-jonas-vingegaard-says-press-wasting-time-with-wifes-criticisms-of-visma-lease-a-bike-tour-de-france-priorities\/\"><span class=\"s1\">feles\u00e9ge \u00e1ltal kipattintott<\/span><\/a> eml\u00e9kezetes tavalyi botr\u00e1nyr\u00f3l\u2026).<\/p>\n<figure id=\"attachment_19457\" aria-describedby=\"caption-attachment-19457\" style=\"width: 1024px\" class=\"wp-caption alignnone\"><img loading=\"lazy\" decoding=\"async\" class=\"size-large wp-image-19457\" src=\"https:\/\/d2p6e6u75xmxt8.cloudfront.net\/12\/2026\/01\/CORVOS_00037976-084_2026-01-07-110727_cyeu-1024x563.webp\" alt=\"\" width=\"1024\" height=\"563\" srcset=\"https:\/\/d2p6e6u75xmxt8.cloudfront.net\/12\/2026\/01\/CORVOS_00037976-084_2026-01-07-110727_cyeu-1024x563.webp 1024w, https:\/\/d2p6e6u75xmxt8.cloudfront.net\/12\/2026\/01\/CORVOS_00037976-084_2026-01-07-110727_cyeu-300x165.webp 300w, https:\/\/d2p6e6u75xmxt8.cloudfront.net\/12\/2026\/01\/CORVOS_00037976-084_2026-01-07-110727_cyeu-768x422.webp 768w, https:\/\/d2p6e6u75xmxt8.cloudfront.net\/12\/2026\/01\/CORVOS_00037976-084_2026-01-07-110727_cyeu-400x220.webp 400w, https:\/\/d2p6e6u75xmxt8.cloudfront.net\/12\/2026\/01\/CORVOS_00037976-084_2026-01-07-110727_cyeu.webp 1500w\" sizes=\"auto, (max-width: 1024px) 100vw, 1024px\" \/><figcaption id=\"caption-attachment-19457\" class=\"wp-caption-text\">Simon Yates egyszer\u0171en elf\u00e1radt (Fot\u00f3: Cor Vos)<\/figcaption><\/figure>\n<p class=\"p1\">A Vism\u00e1n\u00e1l mindenesetre nem is pal\u00e1stolt\u00e1k, hogy \u0151ket is teljesen led\u00f6bbentette egyik legfontosabb versenyz\u0151j\u00fck hirtelen elveszt\u00e9se, ami gyakorlati szempontb\u00f3l is roppant kellemetlen\u00fcl \u00e9rinti a holland szt\u00e1rcsapatot. A legnagyobb ist\u00e1ll\u00f3k ugyanis ilyenkorra m\u00e1r k\u00e9sz versenytervvel rendelkeznek a soron k\u00f6vetkez\u0151 \u00e9vre, \u00e9s a Visma t\u00f6rt\u00e9netesen az eg\u00e9sz 2026-os napt\u00e1r\u00e1t \u00fagy \u00e9p\u00edtette fel, hogy k\u00f6zponti szerepet sz\u00e1nt volna Yatesnek \u2013 mind egy\u00e9nileg, mind <b>Jonas Vingegaard <\/b>egyik legfontosabb seg\u00edt\u0151jek\u00e9nt, p\u00e9ld\u00e1ul a f\u0151versenyen, a Tour de France-on. <i>\u201eH\u00e1t, ez nem volt rajta a kar\u00e1csonyi k\u00edv\u00e1ns\u00e1glist\u00e1nkon\u2026\u201d <\/i>\u2013 <a href=\"https:\/\/www.cyclingnews.com\/pro-cycling\/training-camps\/not-on-our-bingo-card-before-christmas-how-simon-yates-shock-early-retirement-played-out-for-management-and-teammates-at-visma-lease-a-bike\/\"><span class=\"s1\">komment\u00e1lta<\/span><\/a> a h\u00edrt keser\u00e9desen Grischa Niermann versenyigazgat\u00f3, aki el\u00e1rulta, \u0151t is csak az \u00fcnnepek k\u00f6r\u00fcl h\u00edvta fel el\u0151sz\u00f6r Yates a d\u00f6nt\u00e9s\u00e9vel kapcsolatban. Sokatmond\u00f3 ugyanakkor, hogy a csapatt\u00e1rsak \u00e9s a t\u00f6bbi versenyz\u0151 is kiv\u00e9tel n\u00e9lk\u00fcl mind meg\u00e9rt\u00e9ssel fogadta a brit elhat\u00e1roz\u00e1s\u00e1t, \u00e9s t\u00e1mogat\u00e1sukr\u00f3l biztos\u00edtott\u00e1k Yatest \u2013 m\u00e9g maga Vingegaard is, aki pedig a tal\u00e1n legfontosabb hegyi \u00e9s Tour-seg\u00edt\u0151j\u00e9t vesz\u00edtette el a szem\u00e9ly\u00e9ben. <i>\u201ePersze, hogy \u00f3ri\u00e1si vesztes\u00e9g sz\u00e1munkra, hiszen rendk\u00edv\u00fcl fontos szerepet j\u00e1tszott volna a Tour-on. De ezzel egy\u00fctt nagyon tisztelem is a d\u00f6nt\u00e9s\u00e9t, mert nyilv\u00e1nval\u00f3an nem a semmib\u0151l ered. Elvesztette a motiv\u00e1ci\u00f3j\u00e1t, meg tudom \u00e9rteni, ez egy nagyon kem\u00e9ny sport bel\u00fclr\u0151l: n\u00e9ha \u00e9n is \u00e9rzem magamon, hogy k\u00f6zel vagyok a ki\u00e9g\u00e9shez, kegyetlen tud lenni a rengeteg magaslati edz\u0151t\u00e1bor \u00e9s minden m\u00e1s egy\u00fctt. L\u00e1ttam a tavalyi programj\u00e1t, abszol\u00fat meg\u00e9rtem, mi\u00e9rt d\u00f6nt\u00f6tt \u00edgy\u201d<\/i> \u2013 magyar\u00e1zta a k\u00e9tszeres Tour-gy\u0151ztes d\u00e1n, azt is korrekt\u00fcl hozz\u00e1t\u00e9ve, hogy b\u00e1r a csapat szempontj\u00e1b\u00f3l a lehet\u0151 legrosszabbkor j\u00f6tt a bejelent\u00e9s, harag helyett csakis tisztelettel ad\u00f3zik Yates d\u00f6nt\u00e9se el\u0151tt, mert amikor \u00e9rezte, hogy el\u00e9g, akkor volt b\u00e1tors\u00e1ga azt mondani, hogy itt a v\u00e9ge (egy\u00e9bk\u00e9nt hasonl\u00f3 volt a bejelent\u00e9s \u00e1ltal\u00e1nos fogadtat\u00e1sa a mez\u0151ny sz\u00e9lesebb k\u00f6r\u00e9ben is).<\/p>\n<figure id=\"attachment_19456\" aria-describedby=\"caption-attachment-19456\" style=\"width: 1024px\" class=\"wp-caption alignnone\"><img loading=\"lazy\" decoding=\"async\" class=\"size-large wp-image-19456\" src=\"https:\/\/d2p6e6u75xmxt8.cloudfront.net\/12\/2026\/01\/CORVOS_00037976-075-1024x563.webp\" alt=\"\" width=\"1024\" height=\"563\" srcset=\"https:\/\/d2p6e6u75xmxt8.cloudfront.net\/12\/2026\/01\/CORVOS_00037976-075-1024x563.webp 1024w, https:\/\/d2p6e6u75xmxt8.cloudfront.net\/12\/2026\/01\/CORVOS_00037976-075-300x165.webp 300w, https:\/\/d2p6e6u75xmxt8.cloudfront.net\/12\/2026\/01\/CORVOS_00037976-075-768x422.webp 768w, https:\/\/d2p6e6u75xmxt8.cloudfront.net\/12\/2026\/01\/CORVOS_00037976-075-400x220.webp 400w, https:\/\/d2p6e6u75xmxt8.cloudfront.net\/12\/2026\/01\/CORVOS_00037976-075.webp 1500w\" sizes=\"auto, (max-width: 1024px) 100vw, 1024px\" \/><figcaption id=\"caption-attachment-19456\" class=\"wp-caption-text\">Yates Vingegaard egyik legfontosabb hegyi seg\u00edt\u0151je lett volna a Tour-on (Fot\u00f3: Cor Vos)<\/figcaption><\/figure>\n<p class=\"p1\">Ezek ut\u00e1n persze meg is k\u00e9rdezt\u00e9k Vingegaard-t a kritik\u00e1k keresztt\u00fcz\u00e9be ker\u00fcl\u0151 Visma esetleges felel\u0151ss\u00e9g\u00e9r\u0151l is, \u00e1m a d\u00e1n a csapat tagjak\u00e9nt el\u00e9g diplomatikus v\u00e1laszt adott: <i>\u201eNem fogom a csapatot hib\u00e1ztatni. Rajtunk, versenyz\u0151k\u00f6n is \u00e1ll, hogy ha \u00fagy van, akkor egy ponton felemelj\u00fck a hangunkat, \u00e9s azt mondjuk nekik: &#8216;Figyeljetek, ez m\u00e1r t\u00fal sok nekem! Nem b\u00edrom tov\u00e1bb elviselni, v\u00e1ltoztatnunk kell valamin.\u2019 De persze, val\u00f3 igaz, hogy sokat k\u00f6vetelnek t\u0151l\u00fcnk, \u00e9s term\u00e9szetesen neh\u00e9z azt mondani a csapatnak: &#8216;Ezt \u00e9s ezt nem tudom megcsin\u00e1lni&#8217;. Simon viszont szerintem pont ezt tette, \u00e9s ez is volt a helyes a r\u00e9sz\u00e9r\u0151l.&#8221;<\/i><\/p>\n<p class=\"p1\">Simon Yates az elm\u00falt \u00e9vek egyik legsoksz\u00edn\u0171bb \u00e9s legsikeresebb brit ker\u00e9kp\u00e1rosak\u00e9nt vonul vissza. A sok\u00e1ig az ikertestv\u00e9r\u00e9vel, Adammel egy\u00fctt versenyz\u0151 klasszis 2018-ban Vuelt\u00e1t, 2025-ben Gir\u00f3t nyert eml\u00e9kezetes m\u00f3don, emellett van h\u00e1rom Tour-szakaszsikere \u00e9s sz\u00e1mos egy\u00e9b gy\u0151zelme, mik\u00f6zben p\u00e1lyaversenyz\u0151k\u00e9nt is letette a n\u00e9vjegy\u00e9t egy pontversenyben szerzett vil\u00e1gbajnoki c\u00edmmel.<\/p>\n<figure id=\"attachment_19460\" aria-describedby=\"caption-attachment-19460\" style=\"width: 1024px\" class=\"wp-caption alignnone\"><img loading=\"lazy\" decoding=\"async\" class=\"size-large wp-image-19460\" src=\"https:\/\/d2p6e6u75xmxt8.cloudfront.net\/12\/2026\/01\/Giro-1_2026-01-07-104353_tsmh-1024x563.webp\" alt=\"\" width=\"1024\" height=\"563\" srcset=\"https:\/\/d2p6e6u75xmxt8.cloudfront.net\/12\/2026\/01\/Giro-1_2026-01-07-104353_tsmh-1024x563.webp 1024w, https:\/\/d2p6e6u75xmxt8.cloudfront.net\/12\/2026\/01\/Giro-1_2026-01-07-104353_tsmh-300x165.webp 300w, https:\/\/d2p6e6u75xmxt8.cloudfront.net\/12\/2026\/01\/Giro-1_2026-01-07-104353_tsmh-768x422.webp 768w, https:\/\/d2p6e6u75xmxt8.cloudfront.net\/12\/2026\/01\/Giro-1_2026-01-07-104353_tsmh-400x220.webp 400w, https:\/\/d2p6e6u75xmxt8.cloudfront.net\/12\/2026\/01\/Giro-1_2026-01-07-104353_tsmh.webp 1500w\" sizes=\"auto, (max-width: 1024px) 100vw, 1024px\" \/><figcaption id=\"caption-attachment-19460\" class=\"wp-caption-text\">forr\u00e1s: teamvismaleaseabike.com<\/figcaption><\/figure>\n<p class=\"p1\"><span class=\"s1\">Bor\u00edt\u00f3k\u00e9p: <a href=\"http:\/\/teamvismaleaseabike.com\"><span class=\"s2\">teamvismaleaseabike.com<\/span><\/a><\/span><\/p>\n","protected":false},"excerpt":{"rendered":"<p>Mindenkit megd\u00f6bbentett a 33 \u00e9ves brit klasszis l\u00e1tsz\u00f3lag a semmib\u0151l \u00e9rkez\u0151 visszavonul\u00e1sa, amely rengeteg megv\u00e1laszoland\u00f3 k\u00e9rd\u00e9st vet fel a sport\u00e1gon, [&hellip;]<\/p>\n","protected":false},"author":71,"featured_media":19459,"comment_status":"open","ping_status":"open","sticky":false,"template":"","format":"standard","meta":{"footnotes":""},"categories":[8],"tags":[],"global-categories":[419],"class_list":["post-19455","post","type-post","status-publish","format-standard","has-post-thumbnail","hentry","category-orszaguti-kerekpar","global-categories-cycling"],"yoast_head":"<!-- This site is optimized with the Yoast SEO Premium plugin v25.3 (Yoast SEO v25.9) - https:\/\/yoast.com\/wordpress\/plugins\/seo\/ -->\n<title>Sokkol\u00f3 bejelent\u00e9s, Simon Yates is id\u0151 el\u0151tt fejezi be: \u00fajabb bizony\u00edt\u00e9k, hogy a Visma teljesen kizsigereli versenyz\u0151it?<\/title>\n<meta name=\"description\" content=\"Mindenkit megd\u00f6bbentett a 33 \u00e9ves brit klasszis l\u00e1tsz\u00f3lag a semmib\u0151l \u00e9rkez\u0151 visszavonul\u00e1sa, amely rengeteg megv\u00e1laszoland\u00f3 k\u00e9rd\u00e9st vet fel a sport\u00e1gon, de f\u0151leg a csapaton bel\u00fcl.\" \/>\n<meta name=\"robots\" content=\"index, follow, max-snippet:-1, max-image-preview:large, max-video-preview:-1\" \/>\n<link rel=\"canonical\" href=\"https:\/\/www.welovecycling.com\/hu\/orszaguti-kerekpar\/sokkolo-bejelentes-simon-yates-is-ido-elott-fejezi-be-ujabb-bizonyitek-hogy-a-visma-teljesen-kizsigereli-versenyzoit\/\" \/>\n<meta property=\"og:locale\" content=\"hu_HU\" \/>\n<meta property=\"og:type\" content=\"article\" \/>\n<meta property=\"og:title\" content=\"Sokkol\u00f3 bejelent\u00e9s, Simon Yates is id\u0151 el\u0151tt fejezi be: \u00fajabb bizony\u00edt\u00e9k, hogy a Visma teljesen kizsigereli versenyz\u0151it?\" \/>\n<meta property=\"og:description\" content=\"Mindenkit megd\u00f6bbentett a 33 \u00e9ves brit klasszis l\u00e1tsz\u00f3lag a semmib\u0151l \u00e9rkez\u0151 visszavonul\u00e1sa, amely rengeteg megv\u00e1laszoland\u00f3 k\u00e9rd\u00e9st vet fel a sport\u00e1gon, de f\u0151leg a csapaton bel\u00fcl.\" \/>\n<meta property=\"og:url\" content=\"https:\/\/www.welovecycling.com\/hu\/orszaguti-kerekpar\/sokkolo-bejelentes-simon-yates-is-ido-elott-fejezi-be-ujabb-bizonyitek-hogy-a-visma-teljesen-kizsigereli-versenyzoit\/\" \/>\n<meta property=\"og:site_name\" content=\"\u0160koda We Love Cycling - Magyarorsz\u00e1g\" \/>\n<meta property=\"article:publisher\" content=\"https:\/\/www.facebook.com\/WeLoveCyclingHungary\/\" \/>\n<meta property=\"article:published_time\" content=\"2026-01-16T12:18:34+00:00\" \/>\n<meta property=\"og:image\" content=\"https:\/\/d2p6e6u75xmxt8.cloudfront.net\/12\/2026\/01\/Finish-Giro-etappe-20.webp\" \/>\n\t<meta property=\"og:image:width\" content=\"1500\" \/>\n\t<meta property=\"og:image:height\" content=\"825\" \/>\n\t<meta property=\"og:image:type\" content=\"image\/webp\" \/>\n<meta name=\"author\" content=\"hegyizs\" \/>\n<meta name=\"twitter:card\" content=\"summary_large_image\" \/>\n<meta name=\"twitter:label1\" content=\"Written by\" \/>\n\t<meta name=\"twitter:data1\" content=\"WLC\" \/>\n\t<meta name=\"twitter:label2\" content=\"Est. reading time\" \/>\n\t<meta name=\"twitter:data2\" content=\"6 minutes\" \/>\n<script type=\"application\/ld+json\" class=\"yoast-schema-graph\">{\"@context\":\"https:\/\/schema.org\",\"@graph\":[{\"@type\":\"WebPage\",\"@id\":\"https:\/\/www.welovecycling.com\/hu\/orszaguti-kerekpar\/sokkolo-bejelentes-simon-yates-is-ido-elott-fejezi-be-ujabb-bizonyitek-hogy-a-visma-teljesen-kizsigereli-versenyzoit\/\",\"url\":\"https:\/\/www.welovecycling.com\/hu\/orszaguti-kerekpar\/sokkolo-bejelentes-simon-yates-is-ido-elott-fejezi-be-ujabb-bizonyitek-hogy-a-visma-teljesen-kizsigereli-versenyzoit\/\",\"name\":\"Sokkol\u00f3 bejelent\u00e9s, Simon Yates is id\u0151 el\u0151tt fejezi be: \u00fajabb bizony\u00edt\u00e9k, hogy a Visma teljesen kizsigereli versenyz\u0151it?\",\"isPartOf\":{\"@id\":\"https:\/\/www.welovecycling.com\/hu\/#website\"},\"primaryImageOfPage\":{\"@id\":\"https:\/\/www.welovecycling.com\/hu\/orszaguti-kerekpar\/sokkolo-bejelentes-simon-yates-is-ido-elott-fejezi-be-ujabb-bizonyitek-hogy-a-visma-teljesen-kizsigereli-versenyzoit\/#primaryimage\"},\"image\":{\"@id\":\"https:\/\/www.welovecycling.com\/hu\/orszaguti-kerekpar\/sokkolo-bejelentes-simon-yates-is-ido-elott-fejezi-be-ujabb-bizonyitek-hogy-a-visma-teljesen-kizsigereli-versenyzoit\/#primaryimage\"},\"thumbnailUrl\":\"https:\/\/d2p6e6u75xmxt8.cloudfront.net\/12\/2026\/01\/Finish-Giro-etappe-20.webp\",\"datePublished\":\"2026-01-16T12:18:34+00:00\",\"author\":{\"@id\":\"https:\/\/www.welovecycling.com\/hu\/#\/schema\/person\/414a2aebf1801691a5320edb6468e194\"},\"description\":\"Mindenkit megd\u00f6bbentett a 33 \u00e9ves brit klasszis l\u00e1tsz\u00f3lag a semmib\u0151l \u00e9rkez\u0151 visszavonul\u00e1sa, amely rengeteg megv\u00e1laszoland\u00f3 k\u00e9rd\u00e9st vet fel a sport\u00e1gon, de f\u0151leg a csapaton bel\u00fcl.\",\"breadcrumb\":{\"@id\":\"https:\/\/www.welovecycling.com\/hu\/orszaguti-kerekpar\/sokkolo-bejelentes-simon-yates-is-ido-elott-fejezi-be-ujabb-bizonyitek-hogy-a-visma-teljesen-kizsigereli-versenyzoit\/#breadcrumb\"},\"inLanguage\":\"hu\",\"potentialAction\":[{\"@type\":\"ReadAction\",\"target\":[\"https:\/\/www.welovecycling.com\/hu\/orszaguti-kerekpar\/sokkolo-bejelentes-simon-yates-is-ido-elott-fejezi-be-ujabb-bizonyitek-hogy-a-visma-teljesen-kizsigereli-versenyzoit\/\"]}]},{\"@type\":\"ImageObject\",\"inLanguage\":\"hu\",\"@id\":\"https:\/\/www.welovecycling.com\/hu\/orszaguti-kerekpar\/sokkolo-bejelentes-simon-yates-is-ido-elott-fejezi-be-ujabb-bizonyitek-hogy-a-visma-teljesen-kizsigereli-versenyzoit\/#primaryimage\",\"url\":\"https:\/\/d2p6e6u75xmxt8.cloudfront.net\/12\/2026\/01\/Finish-Giro-etappe-20.webp\",\"contentUrl\":\"https:\/\/d2p6e6u75xmxt8.cloudfront.net\/12\/2026\/01\/Finish-Giro-etappe-20.webp\",\"width\":1500,\"height\":825},{\"@type\":\"BreadcrumbList\",\"@id\":\"https:\/\/www.welovecycling.com\/hu\/orszaguti-kerekpar\/sokkolo-bejelentes-simon-yates-is-ido-elott-fejezi-be-ujabb-bizonyitek-hogy-a-visma-teljesen-kizsigereli-versenyzoit\/#breadcrumb\",\"itemListElement\":[{\"@type\":\"ListItem\",\"position\":1,\"name\":\"Home\",\"item\":\"https:\/\/www.welovecycling.com\/hu\/\"},{\"@type\":\"ListItem\",\"position\":2,\"name\":\"Sokkol\u00f3 bejelent\u00e9s, Simon Yates is id\u0151 el\u0151tt fejezi be: \u00fajabb bizony\u00edt\u00e9k, hogy a Visma teljesen kizsigereli versenyz\u0151it?\"}]},{\"@type\":\"WebSite\",\"@id\":\"https:\/\/www.welovecycling.com\/hu\/#website\",\"url\":\"https:\/\/www.welovecycling.com\/hu\/\",\"name\":\"\u0160koda We Love Cycling - Magyarorsz\u00e1g\",\"description\":\"\u0160koda WeLoveCycling\",\"potentialAction\":[{\"@type\":\"SearchAction\",\"target\":{\"@type\":\"EntryPoint\",\"urlTemplate\":\"https:\/\/www.welovecycling.com\/hu\/?s={search_term_string}\"},\"query-input\":{\"@type\":\"PropertyValueSpecification\",\"valueRequired\":true,\"valueName\":\"search_term_string\"}}],\"inLanguage\":\"hu\"},{\"@type\":\"Person\",\"@id\":\"https:\/\/www.welovecycling.com\/hu\/#\/schema\/person\/414a2aebf1801691a5320edb6468e194\",\"name\":\"hegyizs\",\"image\":{\"@type\":\"ImageObject\",\"inLanguage\":\"hu\",\"@id\":\"https:\/\/www.welovecycling.com\/hu\/#\/schema\/person\/image\/\",\"url\":\"https:\/\/secure.gravatar.com\/avatar\/02cf8a7906b8cf90cecb4679defac7cfd33a1c2e3b88e4903d947f3bb58eedd3?s=96&d=mm&r=g\",\"contentUrl\":\"https:\/\/secure.gravatar.com\/avatar\/02cf8a7906b8cf90cecb4679defac7cfd33a1c2e3b88e4903d947f3bb58eedd3?s=96&d=mm&r=g\",\"caption\":\"hegyizs\"},\"url\":\"https:\/\/www.welovecycling.com\/hu\/author\/hegyizs\/\"}]}<\/script>\n<!-- \/ Yoast SEO Premium plugin. -->","yoast_head_json":{"title":"Sokkol\u00f3 bejelent\u00e9s, Simon Yates is id\u0151 el\u0151tt fejezi be: \u00fajabb bizony\u00edt\u00e9k, hogy a Visma teljesen kizsigereli versenyz\u0151it?","description":"Mindenkit megd\u00f6bbentett a 33 \u00e9ves brit klasszis l\u00e1tsz\u00f3lag a semmib\u0151l \u00e9rkez\u0151 visszavonul\u00e1sa, amely rengeteg megv\u00e1laszoland\u00f3 k\u00e9rd\u00e9st vet fel a sport\u00e1gon, de f\u0151leg a csapaton bel\u00fcl.","robots":{"index":"index","follow":"follow","max-snippet":"max-snippet:-1","max-image-preview":"max-image-preview:large","max-video-preview":"max-video-preview:-1"},"canonical":"https:\/\/www.welovecycling.com\/hu\/orszaguti-kerekpar\/sokkolo-bejelentes-simon-yates-is-ido-elott-fejezi-be-ujabb-bizonyitek-hogy-a-visma-teljesen-kizsigereli-versenyzoit\/","og_locale":"hu_HU","og_type":"article","og_title":"Sokkol\u00f3 bejelent\u00e9s, Simon Yates is id\u0151 el\u0151tt fejezi be: \u00fajabb bizony\u00edt\u00e9k, hogy a Visma teljesen kizsigereli versenyz\u0151it?","og_description":"Mindenkit megd\u00f6bbentett a 33 \u00e9ves brit klasszis l\u00e1tsz\u00f3lag a semmib\u0151l \u00e9rkez\u0151 visszavonul\u00e1sa, amely rengeteg megv\u00e1laszoland\u00f3 k\u00e9rd\u00e9st vet fel a sport\u00e1gon, de f\u0151leg a csapaton bel\u00fcl.","og_url":"https:\/\/www.welovecycling.com\/hu\/orszaguti-kerekpar\/sokkolo-bejelentes-simon-yates-is-ido-elott-fejezi-be-ujabb-bizonyitek-hogy-a-visma-teljesen-kizsigereli-versenyzoit\/","og_site_name":"\u0160koda We Love Cycling - Magyarorsz\u00e1g","article_publisher":"https:\/\/www.facebook.com\/WeLoveCyclingHungary\/","article_published_time":"2026-01-16T12:18:34+00:00","og_image":[{"width":1500,"height":825,"url":"https:\/\/d2p6e6u75xmxt8.cloudfront.net\/12\/2026\/01\/Finish-Giro-etappe-20.webp","type":"image\/webp"}],"author":"hegyizs","twitter_card":"summary_large_image","twitter_misc":{"Written by":"WLC","Est. reading time":"6 minutes"},"schema":{"@context":"https:\/\/schema.org","@graph":[{"@type":"WebPage","@id":"https:\/\/www.welovecycling.com\/hu\/orszaguti-kerekpar\/sokkolo-bejelentes-simon-yates-is-ido-elott-fejezi-be-ujabb-bizonyitek-hogy-a-visma-teljesen-kizsigereli-versenyzoit\/","url":"https:\/\/www.welovecycling.com\/hu\/orszaguti-kerekpar\/sokkolo-bejelentes-simon-yates-is-ido-elott-fejezi-be-ujabb-bizonyitek-hogy-a-visma-teljesen-kizsigereli-versenyzoit\/","name":"Sokkol\u00f3 bejelent\u00e9s, Simon Yates is id\u0151 el\u0151tt fejezi be: \u00fajabb bizony\u00edt\u00e9k, hogy a Visma teljesen kizsigereli versenyz\u0151it?","isPartOf":{"@id":"https:\/\/www.welovecycling.com\/hu\/#website"},"primaryImageOfPage":{"@id":"https:\/\/www.welovecycling.com\/hu\/orszaguti-kerekpar\/sokkolo-bejelentes-simon-yates-is-ido-elott-fejezi-be-ujabb-bizonyitek-hogy-a-visma-teljesen-kizsigereli-versenyzoit\/#primaryimage"},"image":{"@id":"https:\/\/www.welovecycling.com\/hu\/orszaguti-kerekpar\/sokkolo-bejelentes-simon-yates-is-ido-elott-fejezi-be-ujabb-bizonyitek-hogy-a-visma-teljesen-kizsigereli-versenyzoit\/#primaryimage"},"thumbnailUrl":"https:\/\/d2p6e6u75xmxt8.cloudfront.net\/12\/2026\/01\/Finish-Giro-etappe-20.webp","datePublished":"2026-01-16T12:18:34+00:00","author":{"@id":"https:\/\/www.welovecycling.com\/hu\/#\/schema\/person\/414a2aebf1801691a5320edb6468e194"},"description":"Mindenkit megd\u00f6bbentett a 33 \u00e9ves brit klasszis l\u00e1tsz\u00f3lag a semmib\u0151l \u00e9rkez\u0151 visszavonul\u00e1sa, amely rengeteg megv\u00e1laszoland\u00f3 k\u00e9rd\u00e9st vet fel a sport\u00e1gon, de f\u0151leg a csapaton bel\u00fcl.","breadcrumb":{"@id":"https:\/\/www.welovecycling.com\/hu\/orszaguti-kerekpar\/sokkolo-bejelentes-simon-yates-is-ido-elott-fejezi-be-ujabb-bizonyitek-hogy-a-visma-teljesen-kizsigereli-versenyzoit\/#breadcrumb"},"inLanguage":"hu","potentialAction":[{"@type":"ReadAction","target":["https:\/\/www.welovecycling.com\/hu\/orszaguti-kerekpar\/sokkolo-bejelentes-simon-yates-is-ido-elott-fejezi-be-ujabb-bizonyitek-hogy-a-visma-teljesen-kizsigereli-versenyzoit\/"]}]},{"@type":"ImageObject","inLanguage":"hu","@id":"https:\/\/www.welovecycling.com\/hu\/orszaguti-kerekpar\/sokkolo-bejelentes-simon-yates-is-ido-elott-fejezi-be-ujabb-bizonyitek-hogy-a-visma-teljesen-kizsigereli-versenyzoit\/#primaryimage","url":"https:\/\/d2p6e6u75xmxt8.cloudfront.net\/12\/2026\/01\/Finish-Giro-etappe-20.webp","contentUrl":"https:\/\/d2p6e6u75xmxt8.cloudfront.net\/12\/2026\/01\/Finish-Giro-etappe-20.webp","width":1500,"height":825},{"@type":"BreadcrumbList","@id":"https:\/\/www.welovecycling.com\/hu\/orszaguti-kerekpar\/sokkolo-bejelentes-simon-yates-is-ido-elott-fejezi-be-ujabb-bizonyitek-hogy-a-visma-teljesen-kizsigereli-versenyzoit\/#breadcrumb","itemListElement":[{"@type":"ListItem","position":1,"name":"Home","item":"https:\/\/www.welovecycling.com\/hu\/"},{"@type":"ListItem","position":2,"name":"Sokkol\u00f3 bejelent\u00e9s, Simon Yates is id\u0151 el\u0151tt fejezi be: \u00fajabb bizony\u00edt\u00e9k, hogy a Visma teljesen kizsigereli versenyz\u0151it?"}]},{"@type":"WebSite","@id":"https:\/\/www.welovecycling.com\/hu\/#website","url":"https:\/\/www.welovecycling.com\/hu\/","name":"\u0160koda We Love Cycling - Magyarorsz\u00e1g","description":"\u0160koda WeLoveCycling","potentialAction":[{"@type":"SearchAction","target":{"@type":"EntryPoint","urlTemplate":"https:\/\/www.welovecycling.com\/hu\/?s={search_term_string}"},"query-input":{"@type":"PropertyValueSpecification","valueRequired":true,"valueName":"search_term_string"}}],"inLanguage":"hu"},{"@type":"Person","@id":"https:\/\/www.welovecycling.com\/hu\/#\/schema\/person\/414a2aebf1801691a5320edb6468e194","name":"hegyizs","image":{"@type":"ImageObject","inLanguage":"hu","@id":"https:\/\/www.welovecycling.com\/hu\/#\/schema\/person\/image\/","url":"https:\/\/secure.gravatar.com\/avatar\/02cf8a7906b8cf90cecb4679defac7cfd33a1c2e3b88e4903d947f3bb58eedd3?s=96&d=mm&r=g","contentUrl":"https:\/\/secure.gravatar.com\/avatar\/02cf8a7906b8cf90cecb4679defac7cfd33a1c2e3b88e4903d947f3bb58eedd3?s=96&d=mm&r=g","caption":"hegyizs"},"url":"https:\/\/www.welovecycling.com\/hu\/author\/hegyizs\/"}]}},"_links":{"self":[{"href":"https:\/\/www.welovecycling.com\/hu\/wp-json\/wp\/v2\/posts\/19455","targetHints":{"allow":["GET"]}}],"collection":[{"href":"https:\/\/www.welovecycling.com\/hu\/wp-json\/wp\/v2\/posts"}],"about":[{"href":"https:\/\/www.welovecycling.com\/hu\/wp-json\/wp\/v2\/types\/post"}],"author":[{"embeddable":true,"href":"https:\/\/www.welovecycling.com\/hu\/wp-json\/wp\/v2\/users\/71"}],"replies":[{"embeddable":true,"href":"https:\/\/www.welovecycling.com\/hu\/wp-json\/wp\/v2\/comments?post=19455"}],"version-history":[{"count":1,"href":"https:\/\/www.welovecycling.com\/hu\/wp-json\/wp\/v2\/posts\/19455\/revisions"}],"predecessor-version":[{"id":19461,"href":"https:\/\/www.welovecycling.com\/hu\/wp-json\/wp\/v2\/posts\/19455\/revisions\/19461"}],"wp:featuredmedia":[{"embeddable":true,"href":"https:\/\/www.welovecycling.com\/hu\/wp-json\/wp\/v2\/media\/19459"}],"wp:attachment":[{"href":"https:\/\/www.welovecycling.com\/hu\/wp-json\/wp\/v2\/media?parent=19455"}],"wp:term":[{"taxonomy":"category","embeddable":true,"href":"https:\/\/www.welovecycling.com\/hu\/wp-json\/wp\/v2\/categories?post=19455"},{"taxonomy":"post_tag","embeddable":true,"href":"https:\/\/www.welovecycling.com\/hu\/wp-json\/wp\/v2\/tags?post=19455"},{"taxonomy":"global-categories","embeddable":true,"href":"https:\/\/www.welovecycling.com\/hu\/wp-json\/wp\/v2\/global-categories?post=19455"}],"curies":[{"name":"wp","href":"https:\/\/api.w.org\/{rel}","templated":true}]}}