{"id":19438,"date":"2026-01-21T08:00:24","date_gmt":"2026-01-21T06:00:24","guid":{"rendered":"https:\/\/www.welovecycling.com\/hu\/?p=19438"},"modified":"2026-01-09T13:17:21","modified_gmt":"2026-01-09T11:17:21","slug":"ketszer-nagyobb-esellyel-serulhetsz-meg-ha-kialvatlanul-sportolsz","status":"publish","type":"post","link":"https:\/\/www.welovecycling.com\/hu\/edzes-es-eletmod\/ketszer-nagyobb-esellyel-serulhetsz-meg-ha-kialvatlanul-sportolsz\/","title":{"rendered":"K\u00e9tszer nagyobb es\u00e9llyel s\u00e9r\u00fclhetsz meg, ha kialvatlanul sportolsz"},"content":{"rendered":"<p style=\"font-weight: 400;\"><b>Amikor a ker\u00e9kp\u00e1rosok s\u00e9r\u00fcl\u00e9smegel\u0151z\u00e9sr\u0151l besz\u00e9lnek, a t\u00e9ma \u00e1ltal\u00e1ban a terhel\u00e9s, a megfelel\u0151 ker\u00e9kp\u00e1r-be\u00e1ll\u00edt\u00e1s, az er\u0151s\u00edt\u0151 edz\u00e9s vagy a t\u00e1pl\u00e1lkoz\u00e1s k\u00f6r\u00fcl forog. Egy friss kutat\u00e1s szerint azonban az alv\u00e1snak is el\u0151kel\u0151 helyet kellene kapnia ezen a list\u00e1n.<\/b><\/p>\n<p><!--more--><\/p>\n<p><span style=\"font-weight: 400;\">Egy<\/span><a href=\"https:\/\/www.mdpi.com\/2076-3417\/15\/19\/10814\"><span style=\"font-weight: 400;\"> nemr\u00e9giben k\u00e9sz\u00fclt kutat\u00e1s<\/span><\/a><span style=\"font-weight: 400;\">, amit Jan de Jonge professzor vezetett az Eindhoveni M\u0171szaki Egyetemen, az alv\u00e1si szok\u00e1sok \u00e9s a s\u00e9r\u00fcl\u00e9skock\u00e1zat kapcsolat\u00e1t vizsg\u00e1lta hobbi fut\u00f3k k\u00f6r\u00e9ben, \u00e9s \u00e9rdekes eredm\u00e9nnyel z\u00e1rult: azok a sportol\u00f3k, akik tart\u00f3san rosszul aludtak, k\u00f6zel k\u00e9tszer nagyobb es\u00e9llyel sz\u00e1moltak be s\u00e9r\u00fcl\u00e9sr\u0151l 12 h\u00f3napon bel\u00fcl, mint azok, akik eleget \u00e9s j\u00f3l aludtak.<\/span><\/p>\n<p><span style=\"font-weight: 400;\">B\u00e1r a kutat\u00e1s fut\u00f3kra f\u00f3kusz\u00e1lt, a k\u00f6vetkeztet\u00e9sek messze t\u00falmutatnak a sport\u00e1gon. Ugyanazok a biol\u00f3giai rendszerek, amelyek seg\u00edtik a fut\u00f3kat az edz\u00e9sterhel\u00e9s feldolgoz\u00e1s\u00e1ban, a ker\u00e9kp\u00e1rosok regener\u00e1ci\u00f3j\u00e1t \u00e9s terhelhet\u0151s\u00e9g\u00e9t is meghat\u00e1rozz\u00e1k.<\/span><\/p>\n<p><i><span style=\"font-weight: 400;\">\u201eMik\u00f6zben a fut\u00f3k nagy figyelmet ford\u00edtanak a megtett kilom\u00e9terekre, a t\u00e1pl\u00e1lkoz\u00e1sra \u00e9s a regener\u00e1ci\u00f3s strat\u00e9gi\u00e1kra, az alv\u00e1s gyakran a lista v\u00e9g\u00e9re szorul\u201d<\/span><\/i><span style=\"font-weight: 400;\"> \u2014 mondta de Jonge professzor. <\/span><i><span style=\"font-weight: 400;\">\u201eA kutat\u00e1sunk azt mutatja, hogy a rosszul alv\u00f3k 1,78-szor nagyobb es\u00e9llyel s\u00e9r\u00fclnek meg, mint azok, akik stabil, j\u00f3 min\u0151s\u00e9g\u0171 alv\u00e1s ut\u00e1n sportolnak.\u201d<\/span><\/i><\/p>\n<h2><b>T\u00f6bb mint az \u00e1gyban t\u00f6lt\u00f6tt \u00f3r\u00e1k sz\u00e1ma<\/b><\/h2>\n<p><span style=\"font-weight: 400;\">A kutat\u00f3k a 425 hobbifut\u00f3t\u00f3l gy\u0171jt\u00f6tt k\u00e9rd\u0151\u00edves adatok alapj\u00e1n h\u00e1rom dimenzi\u00f3 ment\u00e9n vizsg\u00e1lt\u00e1k az alv\u00e1sukat: id\u0151tartam, min\u0151s\u00e9g \u00e9s alv\u00e1si probl\u00e9m\u00e1k. Ezek alapj\u00e1n n\u00e9gy j\u00f3l elk\u00fcl\u00f6n\u00edthet\u0151 alv\u00e1sprofilt azonos\u00edtottak:<\/span><\/p>\n<p><b>Stabil alv\u00f3k<\/b><span style=\"font-weight: 400;\"> \u2013 megfelel\u0151 id\u0151tartam, j\u00f3 min\u0151s\u00e9g, kev\u00e9s megszak\u00edt\u00e1s<\/span><\/p>\n<p><b>Rosszul alv\u00f3k<\/b><span style=\"font-weight: 400;\"> \u2013 r\u00f6vid alv\u00e1sid\u0151, gyenge min\u0151s\u00e9g, gyakori probl\u00e9m\u00e1k<\/span><\/p>\n<p><b>Hat\u00e9kony alv\u00f3k<\/b><span style=\"font-weight: 400;\"> \u2013 r\u00f6videbb alv\u00e1s, de magas hat\u00e9konys\u00e1g<\/span><\/p>\n<p><b>Szaggatott alv\u00f3k<\/b><span style=\"font-weight: 400;\"> \u2013 gyakori \u00e9jszakai \u00e9bred\u00e9sek<\/span><\/p>\n<p><span style=\"font-weight: 400;\">A rosszul alv\u00f3k csoportj\u00e1ba sorolt fut\u00f3kn\u00e1l 68% volt az es\u00e9lye annak, hogy egy \u00e9ven bel\u00fcl s\u00e9r\u00fcl\u00e9st szenvedjenek. A t\u00f6bbi alv\u00e1sprofil nem mutatott szignifik\u00e1ns elt\u00e9r\u00e9st a stabil alv\u00f3khoz k\u00e9pest.<\/span><\/p>\n<p><i><span style=\"font-weight: 400;\">\u201eAz alv\u00e1s l\u00e9tfontoss\u00e1g\u00fa biol\u00f3giai folyamat, amely lehet\u0151v\u00e9 teszi, hogy a test \u00e9s az elme regener\u00e1l\u00f3djon \u00e9s alkalmazkodjon az edz\u00e9s fizikai \u00e9s ment\u00e1lis terhel\u00e9s\u00e9hez\u201d<\/span><\/i><span style=\"font-weight: 400;\"> \u2014 magyar\u00e1zta de Jonge professzor. <\/span><i><span style=\"font-weight: 400;\">\u201eAmikor az alv\u00e1s zavart vagy el\u00e9gtelen, romlik a sz\u00f6vetek regener\u00e1ci\u00f3ja, a hormon\u00e1lis szab\u00e1lyoz\u00e1s \u00e9s a koncentr\u00e1ci\u00f3.\u201d<\/span><\/i><\/p>\n<h2><b>Mi\u00e9rt fontos ez a ker\u00e9kp\u00e1rosoknak?<\/b><\/h2>\n<p><span style=\"font-weight: 400;\">B\u00e1r a ker\u00e9kp\u00e1rosokat nem \u00e9rik olyan behat\u00e1sok, mint a fut\u00f3kat, messze nem v\u00e9dettek a rossz alv\u00e1s hat\u00e1saival szemben. A sz\u00f6vetek regener\u00e1ci\u00f3ja, az ideg-izom koordin\u00e1ci\u00f3, az immunrendszer m\u0171k\u00f6d\u00e9se \u00e9s a kognit\u00edv \u00e9less\u00e9g mind f\u00fcggnek az alv\u00e1sunkt\u00f3l.<\/span><\/p>\n<p><span style=\"font-weight: 400;\">Ez k\u00e9t fontos k\u00f6vetkezm\u00e9nnyel j\u00e1r a ker\u00e9kp\u00e1rosok sz\u00e1m\u00e1ra. Egyr\u00e9szt az el\u00e9gtelen alv\u00e1s cs\u00f6kkentheti a szervezet t\u0171r\u0151k\u00e9pess\u00e9g\u00e9t, ezzel egy\u00fctt pedig n\u00f6veli a t\u00falterhel\u00e9sb\u0151l fakad\u00f3 probl\u00e9m\u00e1k kock\u00e1zat\u00e1t. M\u00e1sr\u00e9szt a rossz alv\u00e1s rontja a figyelmet \u00e9s a reakci\u00f3id\u0151t, ami technik\u00e1s lejt\u0151k\u00f6n, forgalmas utakon vagy csoportos edz\u00e9seken k\u00fcl\u00f6n\u00f6sen kritikus, ahol a m\u00e1sodperc t\u00f6rtr\u00e9sze alatt kell d\u00f6nt\u00e9seket hozni.<\/span><\/p>\n<p><span style=\"font-weight: 400;\">A tanulm\u00e1ny egy fontos amat\u0151r sportol\u00f3i probl\u00e9m\u00e1ra is r\u00e1vil\u00e1g\u00edt. A hobbifut\u00f3k \u00e9s -ker\u00e9kp\u00e1rosok gyakran pr\u00f3b\u00e1lj\u00e1k \u00f6sszehangolni az edz\u00e9st a munk\u00e1val, a csal\u00e1ddal \u00e9s a t\u00e1rsas k\u00f6telezetts\u00e9gekkel. Ez az egyens\u00falyoz\u00e1s val\u00f3j\u00e1ban n\u00f6velheti az alv\u00e1sig\u00e9nyt, nem pedig cs\u00f6kkenti azt, \u00e9s m\u00e9gis sokszor az \u00e1gyban t\u00f6lt\u00f6tt id\u0151 s\u00ednyli meg ezt az \u00e9letm\u00f3dot.<\/span><\/p>\n<p><i><span style=\"font-weight: 400;\">\u201eAz alv\u00e1st priorit\u00e1sk\u00e9nt kell kezelni, nem pedig sz\u00fcks\u00e9ges rosszk\u00e9nt\u201d<\/span><\/i><span style=\"font-weight: 400;\"> \u2014 hangs\u00falyozta de Jonge professzor.<\/span><\/p>\n<h2><b>A mennyis\u00e9g az alap<\/b><\/h2>\n<p><span style=\"font-weight: 400;\">A kutat\u00e1s egyik leggyakorlatiasabb \u00fczenete, hogy b\u00e1r az alv\u00e1smin\u0151s\u00e9g fontos, az alv\u00e1sid\u0151 mennyis\u00e9ge jelenti az alapot. Megfelel\u0151 alv\u00e1smennyis\u00e9g n\u00e9lk\u00fcl m\u00e9g a kiv\u00e1l\u00f3 alv\u00e1s hat\u00e1sa is korl\u00e1tozott.<\/span><\/p>\n<p><span style=\"font-weight: 400;\">Az \u00e1ltal\u00e1nos aj\u00e1nl\u00e1sok szerint a feln\u0151tteknek \u00e9jszak\u00e1nk\u00e9nt 7\u20139 \u00f3ra alv\u00e1sra van sz\u00fcks\u00e9g\u00fck, a sportol\u00f3k azonban gyakran a fels\u0151 hat\u00e1r k\u00f6zel\u00e9ben profit\u00e1lnak a legt\u00f6bbet. A kutat\u00f3k azt javasolj\u00e1k, hogy akik rendszeresen csak 7 \u00f3ra k\u00f6r\u00fcl alszanak, t\u00f6bb h\u00e9t alatt fokozatosan n\u00f6velj\u00e9k az alv\u00e1sidej\u00fcket.<\/span><\/p>\n<p><i><span style=\"font-weight: 400;\">\u201eAz alv\u00e1s min\u0151s\u00e9ge \u00e9s mennyis\u00e9ge egyar\u00e1nt fontos\u201d <\/span><\/i><span style=\"font-weight: 400;\">\u2014 z\u00e1rta de Jonge professzor \u2014 <\/span><i><span style=\"font-weight: 400;\">\u201ede az alapot legt\u00f6bbsz\u00f6r a megfelel\u0151 mennyis\u00e9g adja.\u201d<\/span><\/i><\/p>\n<p><span style=\"font-weight: 400;\">A nappali szuny\u00f3k\u00e1l\u00e1s is hasznos eszk\u00f6z. A 20\u201390 perces, lehet\u0151leg kora d\u00e9lut\u00e1ni szundik seg\u00edthetnek a teljes\u00edtm\u00e9ny helyre\u00e1ll\u00edt\u00e1s\u00e1ban \u00e1lmatlan \u00e9jszak\u00e1k ut\u00e1n, \u00e9s t\u00e1mogatj\u00e1k a regener\u00e1ci\u00f3t intenz\u00edv id\u0151szakokban.<\/span><\/p>\n<h2><b>Gyakorlati tanuls\u00e1gok ker\u00e9kp\u00e1rosoknak<\/b><\/h2>\n<ul>\n<li style=\"font-weight: 400;\" aria-level=\"1\"><span style=\"font-weight: 400;\">Az alv\u00e1st a terhel\u00e9ssel egy\u00fctt v\u00e1ltoztasd<\/span><\/li>\n<li style=\"font-weight: 400;\" aria-level=\"1\"><span style=\"font-weight: 400;\">L\u00e9gy \u00f3vatos a kem\u00e9ny vagy technik\u00e1s edz\u00e9sekkel, ha rosszul aludt\u00e1l<\/span><\/li>\n<li style=\"font-weight: 400;\" aria-level=\"1\"><span style=\"font-weight: 400;\">T\u00f6rekedj a <\/span><a href=\"https:\/\/www.welovecycling.com\/hu\/edzes-es-eletmod\/bepotolhato-az-elmaradt-alvas-egy-hetvege-alatt\/\"><span style=\"font-weight: 400;\">rendszeress\u00e9gre<\/span><\/a><span style=\"font-weight: 400;\">, fek\u00fcdj le \u00e9s \u00e9bredj minden nap ugyanakkor<\/span><\/li>\n<li style=\"font-weight: 400;\" aria-level=\"1\"><span style=\"font-weight: 400;\">Haszn\u00e1ld tudatosan a nappali szundiz\u00e1st intenz\u00edv edz\u00e9sek vagy korai kel\u00e9s idej\u00e9n<\/span><\/li>\n<li style=\"font-weight: 400;\" aria-level=\"1\"><span style=\"font-weight: 400;\">Korl\u00e1tozd a k\u00e9s\u0151i koffein- \u00e9s alkoholfogyaszt\u00e1st, mert <\/span><a href=\"https:\/\/www.welovecycling.com\/hu\/edzes-es-eletmod\/kez-a-kezben-jar-az-alkohol-es-a-rossz-alvas\/\"><span style=\"font-weight: 400;\">rontj\u00e1k az alv\u00e1st<\/span><\/a><\/li>\n<li style=\"font-weight: 400;\" aria-level=\"1\"><span style=\"font-weight: 400;\">S\u00e9r\u00fcl\u00e9s ut\u00e1n k\u00fcl\u00f6n\u00f6sen figyelj az alv\u00e1sodra, mivel a gy\u00f3gyul\u00e1s er\u0151sen f\u00fcgg t\u0151le<\/span><\/li>\n<\/ul>\n","protected":false},"excerpt":{"rendered":"<p>Amikor a ker\u00e9kp\u00e1rosok s\u00e9r\u00fcl\u00e9smegel\u0151z\u00e9sr\u0151l besz\u00e9lnek, a t\u00e9ma \u00e1ltal\u00e1ban a terhel\u00e9s, a megfelel\u0151 ker\u00e9kp\u00e1r-be\u00e1ll\u00edt\u00e1s, az er\u0151s\u00edt\u0151 edz\u00e9s vagy a t\u00e1pl\u00e1lkoz\u00e1s k\u00f6r\u00fcl [&hellip;]<\/p>\n","protected":false},"author":71,"featured_media":16773,"comment_status":"open","ping_status":"open","sticky":false,"template":"","format":"standard","meta":{"footnotes":""},"categories":[6],"tags":[],"global-categories":[],"class_list":["post-19438","post","type-post","status-publish","format-standard","has-post-thumbnail","hentry","category-edzes-es-eletmod"],"yoast_head":"<!-- This site is optimized with the Yoast SEO Premium plugin v25.3 (Yoast SEO v25.9) - https:\/\/yoast.com\/wordpress\/plugins\/seo\/ -->\n<title>K\u00e9tszer nagyobb es\u00e9llyel s\u00e9r\u00fclhetsz meg, ha kialvatlanul sportolsz<\/title>\n<meta name=\"description\" content=\"Amikor a ker\u00e9kp\u00e1rosok s\u00e9r\u00fcl\u00e9smegel\u0151z\u00e9sr\u0151l besz\u00e9lnek, a t\u00e9ma \u00e1ltal\u00e1ban a terhel\u00e9s, a megfelel\u0151 ker\u00e9kp\u00e1r-be\u00e1ll\u00edt\u00e1s, az er\u0151s\u00edt\u0151 edz\u00e9s vagy a t\u00e1pl\u00e1lkoz\u00e1s k\u00f6r\u00fcl forog. Egy friss kutat\u00e1s szerint azonban az alv\u00e1snak is el\u0151kel\u0151 helyet kellene kapnia ezen a list\u00e1n.\" \/>\n<meta name=\"robots\" content=\"index, follow, max-snippet:-1, max-image-preview:large, max-video-preview:-1\" \/>\n<link rel=\"canonical\" href=\"https:\/\/www.welovecycling.com\/hu\/edzes-es-eletmod\/ketszer-nagyobb-esellyel-serulhetsz-meg-ha-kialvatlanul-sportolsz\/\" \/>\n<meta property=\"og:locale\" content=\"hu_HU\" \/>\n<meta property=\"og:type\" content=\"article\" \/>\n<meta property=\"og:title\" content=\"K\u00e9tszer nagyobb es\u00e9llyel s\u00e9r\u00fclhetsz meg, ha kialvatlanul sportolsz\" \/>\n<meta property=\"og:description\" content=\"Amikor a ker\u00e9kp\u00e1rosok s\u00e9r\u00fcl\u00e9smegel\u0151z\u00e9sr\u0151l besz\u00e9lnek, a t\u00e9ma \u00e1ltal\u00e1ban a terhel\u00e9s, a megfelel\u0151 ker\u00e9kp\u00e1r-be\u00e1ll\u00edt\u00e1s, az er\u0151s\u00edt\u0151 edz\u00e9s vagy a t\u00e1pl\u00e1lkoz\u00e1s k\u00f6r\u00fcl forog. Egy friss kutat\u00e1s szerint azonban az alv\u00e1snak is el\u0151kel\u0151 helyet kellene kapnia ezen a list\u00e1n.\" \/>\n<meta property=\"og:url\" content=\"https:\/\/www.welovecycling.com\/hu\/edzes-es-eletmod\/ketszer-nagyobb-esellyel-serulhetsz-meg-ha-kialvatlanul-sportolsz\/\" \/>\n<meta property=\"og:site_name\" content=\"\u0160koda We Love Cycling - Magyarorsz\u00e1g\" \/>\n<meta property=\"article:publisher\" content=\"https:\/\/www.facebook.com\/WeLoveCyclingHungary\/\" \/>\n<meta property=\"article:published_time\" content=\"2026-01-21T06:00:24+00:00\" \/>\n<meta property=\"og:image\" content=\"https:\/\/d2p6e6u75xmxt8.cloudfront.net\/12\/2023\/01\/Cyclist-Training-Detail-profimedia-0566852925-CVR.webp\" \/>\n\t<meta property=\"og:image:width\" content=\"990\" \/>\n\t<meta property=\"og:image:height\" content=\"660\" \/>\n\t<meta property=\"og:image:type\" content=\"image\/webp\" \/>\n<meta name=\"author\" content=\"hegyizs\" \/>\n<meta name=\"twitter:card\" content=\"summary_large_image\" \/>\n<meta name=\"twitter:label1\" content=\"Written by\" \/>\n\t<meta name=\"twitter:data1\" content=\"Jiri Kaloc\" \/>\n\t<meta name=\"twitter:label2\" content=\"Est. reading time\" \/>\n\t<meta name=\"twitter:data2\" content=\"2\" \/>\n<script type=\"application\/ld+json\" class=\"yoast-schema-graph\">{\"@context\":\"https:\/\/schema.org\",\"@graph\":[{\"@type\":\"WebPage\",\"@id\":\"https:\/\/www.welovecycling.com\/hu\/edzes-es-eletmod\/ketszer-nagyobb-esellyel-serulhetsz-meg-ha-kialvatlanul-sportolsz\/\",\"url\":\"https:\/\/www.welovecycling.com\/hu\/edzes-es-eletmod\/ketszer-nagyobb-esellyel-serulhetsz-meg-ha-kialvatlanul-sportolsz\/\",\"name\":\"K\u00e9tszer nagyobb es\u00e9llyel s\u00e9r\u00fclhetsz meg, ha kialvatlanul sportolsz\",\"isPartOf\":{\"@id\":\"https:\/\/www.welovecycling.com\/hu\/#website\"},\"primaryImageOfPage\":{\"@id\":\"https:\/\/www.welovecycling.com\/hu\/edzes-es-eletmod\/ketszer-nagyobb-esellyel-serulhetsz-meg-ha-kialvatlanul-sportolsz\/#primaryimage\"},\"image\":{\"@id\":\"https:\/\/www.welovecycling.com\/hu\/edzes-es-eletmod\/ketszer-nagyobb-esellyel-serulhetsz-meg-ha-kialvatlanul-sportolsz\/#primaryimage\"},\"thumbnailUrl\":\"https:\/\/d2p6e6u75xmxt8.cloudfront.net\/12\/2023\/01\/Cyclist-Training-Detail-profimedia-0566852925-CVR.webp\",\"datePublished\":\"2026-01-21T06:00:24+00:00\",\"author\":{\"@id\":\"https:\/\/www.welovecycling.com\/hu\/#\/schema\/person\/414a2aebf1801691a5320edb6468e194\"},\"description\":\"Amikor a ker\u00e9kp\u00e1rosok s\u00e9r\u00fcl\u00e9smegel\u0151z\u00e9sr\u0151l besz\u00e9lnek, a t\u00e9ma \u00e1ltal\u00e1ban a terhel\u00e9s, a megfelel\u0151 ker\u00e9kp\u00e1r-be\u00e1ll\u00edt\u00e1s, az er\u0151s\u00edt\u0151 edz\u00e9s vagy a t\u00e1pl\u00e1lkoz\u00e1s k\u00f6r\u00fcl forog. Egy friss kutat\u00e1s szerint azonban az alv\u00e1snak is el\u0151kel\u0151 helyet kellene kapnia ezen a list\u00e1n.\",\"breadcrumb\":{\"@id\":\"https:\/\/www.welovecycling.com\/hu\/edzes-es-eletmod\/ketszer-nagyobb-esellyel-serulhetsz-meg-ha-kialvatlanul-sportolsz\/#breadcrumb\"},\"inLanguage\":\"hu\",\"potentialAction\":[{\"@type\":\"ReadAction\",\"target\":[\"https:\/\/www.welovecycling.com\/hu\/edzes-es-eletmod\/ketszer-nagyobb-esellyel-serulhetsz-meg-ha-kialvatlanul-sportolsz\/\"]}]},{\"@type\":\"ImageObject\",\"inLanguage\":\"hu\",\"@id\":\"https:\/\/www.welovecycling.com\/hu\/edzes-es-eletmod\/ketszer-nagyobb-esellyel-serulhetsz-meg-ha-kialvatlanul-sportolsz\/#primaryimage\",\"url\":\"https:\/\/d2p6e6u75xmxt8.cloudfront.net\/12\/2023\/01\/Cyclist-Training-Detail-profimedia-0566852925-CVR.webp\",\"contentUrl\":\"https:\/\/d2p6e6u75xmxt8.cloudfront.net\/12\/2023\/01\/Cyclist-Training-Detail-profimedia-0566852925-CVR.webp\",\"width\":990,\"height\":660,\"caption\":\"Cyclist training\"},{\"@type\":\"BreadcrumbList\",\"@id\":\"https:\/\/www.welovecycling.com\/hu\/edzes-es-eletmod\/ketszer-nagyobb-esellyel-serulhetsz-meg-ha-kialvatlanul-sportolsz\/#breadcrumb\",\"itemListElement\":[{\"@type\":\"ListItem\",\"position\":1,\"name\":\"Home\",\"item\":\"https:\/\/www.welovecycling.com\/hu\/\"},{\"@type\":\"ListItem\",\"position\":2,\"name\":\"K\u00e9tszer nagyobb es\u00e9llyel s\u00e9r\u00fclhetsz meg, ha kialvatlanul sportolsz\"}]},{\"@type\":\"WebSite\",\"@id\":\"https:\/\/www.welovecycling.com\/hu\/#website\",\"url\":\"https:\/\/www.welovecycling.com\/hu\/\",\"name\":\"\u0160koda We Love Cycling - Magyarorsz\u00e1g\",\"description\":\"\u0160koda WeLoveCycling\",\"potentialAction\":[{\"@type\":\"SearchAction\",\"target\":{\"@type\":\"EntryPoint\",\"urlTemplate\":\"https:\/\/www.welovecycling.com\/hu\/?s={search_term_string}\"},\"query-input\":{\"@type\":\"PropertyValueSpecification\",\"valueRequired\":true,\"valueName\":\"search_term_string\"}}],\"inLanguage\":\"hu\"},{\"@type\":\"Person\",\"@id\":\"https:\/\/www.welovecycling.com\/hu\/#\/schema\/person\/414a2aebf1801691a5320edb6468e194\",\"name\":\"hegyizs\",\"image\":{\"@type\":\"ImageObject\",\"inLanguage\":\"hu\",\"@id\":\"https:\/\/www.welovecycling.com\/hu\/#\/schema\/person\/image\/\",\"url\":\"https:\/\/secure.gravatar.com\/avatar\/02cf8a7906b8cf90cecb4679defac7cfd33a1c2e3b88e4903d947f3bb58eedd3?s=96&d=mm&r=g\",\"contentUrl\":\"https:\/\/secure.gravatar.com\/avatar\/02cf8a7906b8cf90cecb4679defac7cfd33a1c2e3b88e4903d947f3bb58eedd3?s=96&d=mm&r=g\",\"caption\":\"hegyizs\"},\"url\":\"https:\/\/www.welovecycling.com\/hu\/author\/hegyizs\/\"}]}<\/script>\n<!-- \/ Yoast SEO Premium plugin. -->","yoast_head_json":{"title":"K\u00e9tszer nagyobb es\u00e9llyel s\u00e9r\u00fclhetsz meg, ha kialvatlanul sportolsz","description":"Amikor a ker\u00e9kp\u00e1rosok s\u00e9r\u00fcl\u00e9smegel\u0151z\u00e9sr\u0151l besz\u00e9lnek, a t\u00e9ma \u00e1ltal\u00e1ban a terhel\u00e9s, a megfelel\u0151 ker\u00e9kp\u00e1r-be\u00e1ll\u00edt\u00e1s, az er\u0151s\u00edt\u0151 edz\u00e9s vagy a t\u00e1pl\u00e1lkoz\u00e1s k\u00f6r\u00fcl forog. Egy friss kutat\u00e1s szerint azonban az alv\u00e1snak is el\u0151kel\u0151 helyet kellene kapnia ezen a list\u00e1n.","robots":{"index":"index","follow":"follow","max-snippet":"max-snippet:-1","max-image-preview":"max-image-preview:large","max-video-preview":"max-video-preview:-1"},"canonical":"https:\/\/www.welovecycling.com\/hu\/edzes-es-eletmod\/ketszer-nagyobb-esellyel-serulhetsz-meg-ha-kialvatlanul-sportolsz\/","og_locale":"hu_HU","og_type":"article","og_title":"K\u00e9tszer nagyobb es\u00e9llyel s\u00e9r\u00fclhetsz meg, ha kialvatlanul sportolsz","og_description":"Amikor a ker\u00e9kp\u00e1rosok s\u00e9r\u00fcl\u00e9smegel\u0151z\u00e9sr\u0151l besz\u00e9lnek, a t\u00e9ma \u00e1ltal\u00e1ban a terhel\u00e9s, a megfelel\u0151 ker\u00e9kp\u00e1r-be\u00e1ll\u00edt\u00e1s, az er\u0151s\u00edt\u0151 edz\u00e9s vagy a t\u00e1pl\u00e1lkoz\u00e1s k\u00f6r\u00fcl forog. Egy friss kutat\u00e1s szerint azonban az alv\u00e1snak is el\u0151kel\u0151 helyet kellene kapnia ezen a list\u00e1n.","og_url":"https:\/\/www.welovecycling.com\/hu\/edzes-es-eletmod\/ketszer-nagyobb-esellyel-serulhetsz-meg-ha-kialvatlanul-sportolsz\/","og_site_name":"\u0160koda We Love Cycling - Magyarorsz\u00e1g","article_publisher":"https:\/\/www.facebook.com\/WeLoveCyclingHungary\/","article_published_time":"2026-01-21T06:00:24+00:00","og_image":[{"width":990,"height":660,"url":"https:\/\/d2p6e6u75xmxt8.cloudfront.net\/12\/2023\/01\/Cyclist-Training-Detail-profimedia-0566852925-CVR.webp","type":"image\/webp"}],"author":"hegyizs","twitter_card":"summary_large_image","twitter_misc":{"Written by":"Jiri Kaloc","Est. reading time":"2"},"schema":{"@context":"https:\/\/schema.org","@graph":[{"@type":"WebPage","@id":"https:\/\/www.welovecycling.com\/hu\/edzes-es-eletmod\/ketszer-nagyobb-esellyel-serulhetsz-meg-ha-kialvatlanul-sportolsz\/","url":"https:\/\/www.welovecycling.com\/hu\/edzes-es-eletmod\/ketszer-nagyobb-esellyel-serulhetsz-meg-ha-kialvatlanul-sportolsz\/","name":"K\u00e9tszer nagyobb es\u00e9llyel s\u00e9r\u00fclhetsz meg, ha kialvatlanul sportolsz","isPartOf":{"@id":"https:\/\/www.welovecycling.com\/hu\/#website"},"primaryImageOfPage":{"@id":"https:\/\/www.welovecycling.com\/hu\/edzes-es-eletmod\/ketszer-nagyobb-esellyel-serulhetsz-meg-ha-kialvatlanul-sportolsz\/#primaryimage"},"image":{"@id":"https:\/\/www.welovecycling.com\/hu\/edzes-es-eletmod\/ketszer-nagyobb-esellyel-serulhetsz-meg-ha-kialvatlanul-sportolsz\/#primaryimage"},"thumbnailUrl":"https:\/\/d2p6e6u75xmxt8.cloudfront.net\/12\/2023\/01\/Cyclist-Training-Detail-profimedia-0566852925-CVR.webp","datePublished":"2026-01-21T06:00:24+00:00","author":{"@id":"https:\/\/www.welovecycling.com\/hu\/#\/schema\/person\/414a2aebf1801691a5320edb6468e194"},"description":"Amikor a ker\u00e9kp\u00e1rosok s\u00e9r\u00fcl\u00e9smegel\u0151z\u00e9sr\u0151l besz\u00e9lnek, a t\u00e9ma \u00e1ltal\u00e1ban a terhel\u00e9s, a megfelel\u0151 ker\u00e9kp\u00e1r-be\u00e1ll\u00edt\u00e1s, az er\u0151s\u00edt\u0151 edz\u00e9s vagy a t\u00e1pl\u00e1lkoz\u00e1s k\u00f6r\u00fcl forog. Egy friss kutat\u00e1s szerint azonban az alv\u00e1snak is el\u0151kel\u0151 helyet kellene kapnia ezen a list\u00e1n.","breadcrumb":{"@id":"https:\/\/www.welovecycling.com\/hu\/edzes-es-eletmod\/ketszer-nagyobb-esellyel-serulhetsz-meg-ha-kialvatlanul-sportolsz\/#breadcrumb"},"inLanguage":"hu","potentialAction":[{"@type":"ReadAction","target":["https:\/\/www.welovecycling.com\/hu\/edzes-es-eletmod\/ketszer-nagyobb-esellyel-serulhetsz-meg-ha-kialvatlanul-sportolsz\/"]}]},{"@type":"ImageObject","inLanguage":"hu","@id":"https:\/\/www.welovecycling.com\/hu\/edzes-es-eletmod\/ketszer-nagyobb-esellyel-serulhetsz-meg-ha-kialvatlanul-sportolsz\/#primaryimage","url":"https:\/\/d2p6e6u75xmxt8.cloudfront.net\/12\/2023\/01\/Cyclist-Training-Detail-profimedia-0566852925-CVR.webp","contentUrl":"https:\/\/d2p6e6u75xmxt8.cloudfront.net\/12\/2023\/01\/Cyclist-Training-Detail-profimedia-0566852925-CVR.webp","width":990,"height":660,"caption":"Cyclist training"},{"@type":"BreadcrumbList","@id":"https:\/\/www.welovecycling.com\/hu\/edzes-es-eletmod\/ketszer-nagyobb-esellyel-serulhetsz-meg-ha-kialvatlanul-sportolsz\/#breadcrumb","itemListElement":[{"@type":"ListItem","position":1,"name":"Home","item":"https:\/\/www.welovecycling.com\/hu\/"},{"@type":"ListItem","position":2,"name":"K\u00e9tszer nagyobb es\u00e9llyel s\u00e9r\u00fclhetsz meg, ha kialvatlanul sportolsz"}]},{"@type":"WebSite","@id":"https:\/\/www.welovecycling.com\/hu\/#website","url":"https:\/\/www.welovecycling.com\/hu\/","name":"\u0160koda We Love Cycling - Magyarorsz\u00e1g","description":"\u0160koda WeLoveCycling","potentialAction":[{"@type":"SearchAction","target":{"@type":"EntryPoint","urlTemplate":"https:\/\/www.welovecycling.com\/hu\/?s={search_term_string}"},"query-input":{"@type":"PropertyValueSpecification","valueRequired":true,"valueName":"search_term_string"}}],"inLanguage":"hu"},{"@type":"Person","@id":"https:\/\/www.welovecycling.com\/hu\/#\/schema\/person\/414a2aebf1801691a5320edb6468e194","name":"hegyizs","image":{"@type":"ImageObject","inLanguage":"hu","@id":"https:\/\/www.welovecycling.com\/hu\/#\/schema\/person\/image\/","url":"https:\/\/secure.gravatar.com\/avatar\/02cf8a7906b8cf90cecb4679defac7cfd33a1c2e3b88e4903d947f3bb58eedd3?s=96&d=mm&r=g","contentUrl":"https:\/\/secure.gravatar.com\/avatar\/02cf8a7906b8cf90cecb4679defac7cfd33a1c2e3b88e4903d947f3bb58eedd3?s=96&d=mm&r=g","caption":"hegyizs"},"url":"https:\/\/www.welovecycling.com\/hu\/author\/hegyizs\/"}]}},"_links":{"self":[{"href":"https:\/\/www.welovecycling.com\/hu\/wp-json\/wp\/v2\/posts\/19438","targetHints":{"allow":["GET"]}}],"collection":[{"href":"https:\/\/www.welovecycling.com\/hu\/wp-json\/wp\/v2\/posts"}],"about":[{"href":"https:\/\/www.welovecycling.com\/hu\/wp-json\/wp\/v2\/types\/post"}],"author":[{"embeddable":true,"href":"https:\/\/www.welovecycling.com\/hu\/wp-json\/wp\/v2\/users\/71"}],"replies":[{"embeddable":true,"href":"https:\/\/www.welovecycling.com\/hu\/wp-json\/wp\/v2\/comments?post=19438"}],"version-history":[{"count":1,"href":"https:\/\/www.welovecycling.com\/hu\/wp-json\/wp\/v2\/posts\/19438\/revisions"}],"predecessor-version":[{"id":19440,"href":"https:\/\/www.welovecycling.com\/hu\/wp-json\/wp\/v2\/posts\/19438\/revisions\/19440"}],"wp:featuredmedia":[{"embeddable":true,"href":"https:\/\/www.welovecycling.com\/hu\/wp-json\/wp\/v2\/media\/16773"}],"wp:attachment":[{"href":"https:\/\/www.welovecycling.com\/hu\/wp-json\/wp\/v2\/media?parent=19438"}],"wp:term":[{"taxonomy":"category","embeddable":true,"href":"https:\/\/www.welovecycling.com\/hu\/wp-json\/wp\/v2\/categories?post=19438"},{"taxonomy":"post_tag","embeddable":true,"href":"https:\/\/www.welovecycling.com\/hu\/wp-json\/wp\/v2\/tags?post=19438"},{"taxonomy":"global-categories","embeddable":true,"href":"https:\/\/www.welovecycling.com\/hu\/wp-json\/wp\/v2\/global-categories?post=19438"}],"curies":[{"name":"wp","href":"https:\/\/api.w.org\/{rel}","templated":true}]}}