{"id":19418,"date":"2025-12-26T08:00:43","date_gmt":"2025-12-26T06:00:43","guid":{"rendered":"https:\/\/www.welovecycling.com\/hu\/?p=19418"},"modified":"2025-12-17T12:15:40","modified_gmt":"2025-12-17T10:15:40","slug":"fazz-kevesebbet-tekerj-tobbet-tippek-egy-profi-bringastol","status":"publish","type":"post","link":"https:\/\/www.welovecycling.com\/hu\/utazas\/fazz-kevesebbet-tekerj-tobbet-tippek-egy-profi-bringastol\/","title":{"rendered":"F\u00e1zz kevesebbet, tekerj t\u00f6bbet: tippek egy profi bring\u00e1st\u00f3l"},"content":{"rendered":"<p class=\"p1\"><b>Minden t\u00e9li bring\u00e1s cikk ugyanazzal a r\u00e9gi leck\u00e9vel indul: r\u00e9tegek, r\u00e9tegek, r\u00e9tegek. Csin\u00e1ljuk most m\u00e1shogy, \u00e9s kezdj\u00fck egy olyan inform\u00e1ci\u00f3val, amit a legt\u00f6bb t\u00e9li ker\u00e9kp\u00e1ros ruhagy\u00e1rt\u00f3 aligha \u00e9rt\u00e9kelne. A t\u00e9li bring\u00e1z\u00e1s els\u0151sorban nem a felszerel\u00e9sen m\u00falik. Hanem az elsz\u00e1nts\u00e1gon. \u00c9s most j\u00f6hetnek Richard Gasperotti profi bring\u00e1s legjobb hidegt\u0171r\u0151 tippjei!<\/b><\/p>\n<p style=\"font-weight: 400;\"><!--more--><\/p>\n<p class=\"p1\">F\u00e1zol? H\u00e1t, ez van. A t\u00e9li bring\u00e1z\u00e1s f\u00e1jdalmasabb, mint a ny\u00e1ri, de \u00e9pp ez\u00e9rt jobb is. Legal\u00e1bbis biztosan er\u0151sebb \u00e9lm\u00e9ny.<\/p>\n<p class=\"p1\">\u00c9vekkel ezel\u0151tt egy orsz\u00e1g\u00fati csoportos teker\u00e9sre indultam. A h\u0151m\u00e9rs\u00e9klet fagypont k\u00f6r\u00fcl j\u00e1rt, a d\u00e9r pedig mindent Elsa j\u00e9gbirodalm\u00e1v\u00e1 v\u00e1ltoztatott. Vonattal \u00e9rkeztem, \u00e9s csak a tal\u00e1lkoz\u00f3pontra \u00e9rve vettem \u00e9szre, hogy otthon hagytam a keszty\u0171met. Mit lehet ilyenkor tenni? Nem akartam kih\u00e1tr\u00e1lni. Amikor m\u00e1r t\u00e9nyleg \u00fagy \u00e9reztem, hogy nem b\u00edrom tov\u00e1bb, j\u00f6tt a megk\u00f6nnyebb\u00fcl\u00e9s. Hogy hogyan? A testem v\u00e9gre el\u00e9rte a megfelel\u0151 h\u0151m\u00e9rs\u00e9kletet, \u00e9s elkezdte oda k\u00fcldeni a meleget, ahol sz\u00fcks\u00e9g volt r\u00e1. Lenyomtam a h\u00e1tral\u00e9v\u0151 80 kilom\u00e9tert, \u00e9s r\u00e1j\u00f6ttem, hogy az emberi szervezet remek\u00fcl m\u0171k\u00f6dik!<\/p>\n<p class=\"p2\">Ne agg\u00f3dj, nem azt tan\u00e1csoljuk, hogy felejtsd otthon a keszty\u0171d. De minden ott kezd\u0151dik, hogy fel\u00fclsz a biciklire, b\u00e1rmilyen legyen is az id\u0151j\u00e1r\u00e1s. <i>\u201eCsak akkor kezd\u0151dik az igazi kaland, amikor kil\u00e9psz a komfortz\u00f3n\u00e1db\u00f3l \u2013 \u00e9s v\u00e9gs\u0151 soron err\u0151l sz\u00f3l a bring\u00e1z\u00e1s, t\u00e9len is\u201d<\/i> \u2013 mondta Richard Gasperotti, aki ezen a b\u00f6lcsess\u00e9gen k\u00edv\u00fcl az al\u00e1bbi tippeket osztotta meg vel\u00fcnk:<\/p>\n<h2 class=\"p1\"><b>R\u00e9tegek, r\u00e9tegek, r\u00e9tegek<\/b><\/h2>\n<p class=\"p1\">Persze, a r\u00e9tegez\u00e9s t\u00e9nyleg j\u00f3l m\u0171k\u00f6dik. J\u00f3 a h\u0151\u00e9rzetednek \u00e9s a p\u00e9nzt\u00e1rc\u00e1dnak is, mert n\u00e9h\u00e1ny j\u00f3l megv\u00e1lasztott r\u00e9teg hasonl\u00f3 teljes\u00edtm\u00e9nyt adhat, mint egyetlen dr\u00e1ga, mindenre alkalmas cs\u00facs-dzseki.<\/p>\n<p class=\"p2\"><i> \u201eAhelyett, hogy egy t\u00f6k\u00e9letes, de dr\u00e1ga kab\u00e1tot venn\u00e9l, vegy\u00e9l kett\u0151t: egy v\u00edz\u00e1ll\u00f3 k\u00fcls\u0151 r\u00e9teget \u00e9s egy megfizethet\u0151 term\u00e1l dzsekit. Ez az\u00e9rt j\u00f3, mert \u00edgy kombin\u00e1lhatod \u0151ket. Es\u0151ben a v\u00edz\u00e1ll\u00f3t veszed fel. Hidegben a term\u00e1lt. Ha pedig hideg is van \u00e9s esik is, akkor el\u0151sz\u00f6r a term\u00e1lt, arra pedig a v\u00edz\u00e1ll\u00f3t\u201d<\/i> \u2013 mondta Gasperotti.<\/p>\n<h2 class=\"p1\"><b>V\u00e1lassz nagyobb m\u00e9retet!<\/b><\/h2>\n<p class=\"p1\">Ez a szab\u00e1ly \u00f6r\u00f6k \u00e9rv\u00e9ny\u0171, nincs ker\u00fcl\u0151\u00fat. Ha a t\u00e9li szetted \u00fagy fesz\u00fcl rajtad, mint virslin a m\u0171b\u00e9l, nem fog annyira melegen tartani, mintha lenne benne egy kis hely. Ennek pedig k\u00e9t oka van:<\/p>\n<p class=\"p1\"><i> \u201eEl\u0151sz\u00f6r is, ha \u00f6sszenyomod a szigetel\u0151 r\u00e9tegeket, romlik a h\u0151megtart\u00f3 k\u00e9pess\u00e9g\u00fck. M\u00e1sodszor, ha t\u00fal szorosan vannak egym\u00e1son, nem marad k\u00f6zt\u00fck leveg\u0151 \u2013 m\u00e1rpedig ez a leveg\u0151r\u00e9teg is h\u0151szigetel\u201d <\/i>\u2013 magyar\u00e1zta Richard.<\/p>\n<figure id=\"attachment_19419\" aria-describedby=\"caption-attachment-19419\" style=\"width: 990px\" class=\"wp-caption alignnone\"><a href=\"https:\/\/d2p6e6u75xmxt8.cloudfront.net\/12\/2025\/12\/MTB-Winter-profimedia-0790146617-CVR.webp\"><img loading=\"lazy\" decoding=\"async\" class=\"wp-image-19419 size-full\" src=\"https:\/\/d2p6e6u75xmxt8.cloudfront.net\/12\/2025\/12\/MTB-Winter-profimedia-0790146617-CVR.webp\" alt=\"Winter MTB Ride\" width=\"990\" height=\"660\" srcset=\"https:\/\/d2p6e6u75xmxt8.cloudfront.net\/12\/2025\/12\/MTB-Winter-profimedia-0790146617-CVR.webp 990w, https:\/\/d2p6e6u75xmxt8.cloudfront.net\/12\/2025\/12\/MTB-Winter-profimedia-0790146617-CVR-300x200.webp 300w, https:\/\/d2p6e6u75xmxt8.cloudfront.net\/12\/2025\/12\/MTB-Winter-profimedia-0790146617-CVR-768x512.webp 768w, https:\/\/d2p6e6u75xmxt8.cloudfront.net\/12\/2025\/12\/MTB-Winter-profimedia-0790146617-CVR-400x267.webp 400w, https:\/\/d2p6e6u75xmxt8.cloudfront.net\/12\/2025\/12\/MTB-Winter-profimedia-0790146617-CVR-272x182.webp 272w\" sizes=\"auto, (max-width: 990px) 100vw, 990px\" \/><\/a><figcaption id=\"caption-attachment-19419\" class=\"wp-caption-text\">F\u00e1zol? H\u00e1t, ez van. \u00a9 Profimedia<\/figcaption><\/figure>\n<h2 class=\"p1\"><b>Meleg, sz\u00e1raz fen\u00e9k<\/b><\/h2>\n<p class=\"p1\">A t\u00e9li bring\u00e1s ruh\u00e1zatr\u00f3l besz\u00e9lve a legt\u00f6bben a mellkast v\u00e9d\u0151 kab\u00e1tokra \u00e9s mindenf\u00e9le l\u00e1bmeleg\u00edt\u0151kre f\u00f3kusz\u00e1lnak, mik\u00f6zben megfeledkeznek egy m\u00e1sik fontos testr\u00e9szr\u0151l: a h\u00e1ts\u00f3jukr\u00f3l. Sokan ugyanazt a lycr\u00e1t hordj\u00e1k t\u00e9len is, mint ny\u00e1ron.<\/p>\n<p class=\"p2\"><i>\u201eA tapasztalt, eg\u00e9sz \u00e9vben bring\u00e1z\u00f3k esk\u00fcsznek a kant\u00e1ros, thermo hossz\u00fanadr\u00e1gra, amit sokan a t\u00e9li bring\u00e1z\u00e1s legnagyobb tal\u00e1lm\u00e1ny\u00e1nak tartanak. Montin kicsit k\u00f6nnyebb a helyzet, ott a thermo al\u00e1\u00f6lt\u00f6zet f\u00f6l\u00e9 vehetsz b\u0151vebb t\u00e9li nadr\u00e1got, ami jobban v\u00e9d a v\u00edzt\u0151l \u00e9s a s\u00e1rt\u00f3l\u201d<\/i> \u2013 mondta Richard.<\/p>\n<h2 class=\"p1\"><b>Tr\u00fckk\u00f6k homlokfagy\u00e1s ellen<\/b><\/h2>\n<p class=\"p1\">A fej melegen tart\u00e1sa kulcsfontoss\u00e1g\u00fa \u2013 nemcsak az\u00e9rt, mert a fagyott homlok vagy nyak hamar ler\u00f6vid\u00edti a teker\u00e9st, hanem mert ak\u00e1r megf\u00e1z\u00e1shoz is vezethet. Itt azonban falakba \u00fctk\u00f6z\u00fcnk: a sisaknak vannak technikai korl\u00e1tai, \u00e9s nyilv\u00e1n nem tekerhetsz n\u00e9lk\u00fcle.<\/p>\n<p class=\"p1\">Lehet keresg\u00e9lni t\u00e9li sisakokat, de miel\u0151tt \u00fajabb beruh\u00e1z\u00e1sba ugran\u00e1l, pr\u00f3b\u00e1ld meg kihozni a maximumot abb\u00f3l, amid m\u00e1r van.<\/p>\n<p class=\"p1\"><i>\u201e\u00c9n szem\u00e9ly szerint nem szeretem a sapk\u00e1t a sisak alatt \u2013 a szemembe cs\u00faszik, \u00e9s jobban f\u0171t, mint szeretn\u00e9m. Ink\u00e1bb egy fejp\u00e1ntot haszn\u00e1lok, ami meleg\u00edti a homlokot, a f\u00fcleket \u00e9s a tark\u00f3t. Hogy elf\u00e9rjen a sisak alatt, csak laz\u00edtsd meg a bels\u0151 p\u00e1ntot. \u00c9s hogy mit tehetsz a fagyos menetsz\u00e9l ellen, ami \u00e1tf\u00faj a sisak szell\u0151z\u0151in? K\u00f6nny\u0171: ragaszd le \u0151ket szigetel\u0151szalaggal indul\u00e1s el\u0151tt.\u201d<\/i><\/p>\n<p class=\"p2\">\u00c9s ne becs\u00fcld al\u00e1 a legolcs\u00f3bb csodaszert: a nyakmeleg\u00edt\u0151t!<\/p>\n<h2 class=\"p1\"><b>K\u0151kem\u00e9ny l\u00e1bfejek<\/b><\/h2>\n<p class=\"p2\">Az orsz\u00e1g\u00fatisok j\u00f3l ismerik az \u00e9rz\u00e9st, amikor lesz\u00e1llsz a bring\u00e1r\u00f3l, \u00e9s bok\u00e1t\u00f3l lefel\u00e9 olyan fagyott a l\u00e1bad, hogy azt sem tudod, m\u00e9g rajtad van-e. Meg lehet el\u0151zni, de nem k\u00f6nny\u0171. Am\u00edg a comb \u00e9s a v\u00e1dli \u00e1tmelegszik teker\u00e9s k\u00f6zben, a l\u00e1bujjak \u00e9s a l\u00e1bfej k\u00f6ny\u00f6rtelen\u00fcl lefagy. Mit lehet tenni? A vastag zokni sz\u0171k cip\u0151be t\u00f6m\u00e9se garant\u00e1lt fagyott l\u00e1bujjakat eredm\u00e9nyez. A v\u00e9kony ny\u00e1ri zokni sem lesz j\u00f3. A tipikus megold\u00e1s: gyapj\u00fa zokni + kam\u00e1sli.<\/p>\n<h2 class=\"p1\"><b>Az al\u00e1\u00f6lt\u00f6zet<\/b><\/h2>\n<p class=\"p1\">A gyapj\u00fa kontra szintetikus vita mindig fell\u00e1ngol, \u00e9s mindk\u00e9t oldalnak megvannak a maga fanatikus h\u00edvei. Ez a cikk nem hirdet gy\u0151ztest. Az al\u00e1\u00f6lt\u00f6zet feladata az, hogy egyszerre szab\u00e1lyozza a h\u0151t \u00e9s kezelje a nedvess\u00e9get. Sz\u00f3val, a gyapj\u00fa a legjobb? Vagy a poli\u00e9szter\/nejlon?<\/p>\n<p class=\"p1\">El\u0151sz\u00f6r is: a pamut semmik\u00e9pp. Gyorsan mag\u00e1ba sz\u00edvja az izzads\u00e1got, \u00e9s eg\u00e9sz teker\u00e9s alatt nedves maradsz. Laborat\u00f3riumi tesztek szerint a poli\u00e9szter \u00e9s a polipropil\u00e9n gyorsabban \u00e9s hat\u00e9konyabban vezetik el a nedvess\u00e9get, ami er\u0151sebb terhel\u00e9sn\u00e9l sokat sz\u00e1m\u00edt. Kutat\u00e1sok azt is mutatj\u00e1k, hogy a merin\u00f3sz\u00e1lak a belsej\u00fckbe sz\u00edvj\u00e1k a nedvess\u00e9get, mik\u00f6zben sz\u00e1raz tapint\u00e1s\u00faak maradnak \u2013 \u00e9s nedvesen is szigetelnek.<\/p>\n<p class=\"p1\">Megintcsak az a l\u00e9nyeg, hogy azt haszn\u00e1ld, ami neked bev\u00e1lik. <i>\u201e\u00c9n szem\u00e9ly szerint a term\u00e9szetes merin\u00f3t szeretem, al\u00e1\u00f6lt\u00f6zetnek \u00e9s zokninak is \u2013 de ez csak az \u00e9n v\u00e9lem\u00e9nyem\u201d <\/i>\u2013 mondta Gasperotti.<\/p>\n<p class=\"p2\">\u00c9s nemcsak az sz\u00e1m\u00edt, mit viselsz, hanem az is, hogyan. P\u00e9ld\u00e1ul: ha m\u00e1szol \u00e9s jobban izzadsz, h\u00fazd le a cipz\u00e1rt, hogy a p\u00e1ra kijusson, \u00e9s ne csap\u00f3djon vissza nedvess\u00e9gk\u00e9nt a mellkasodra. Lejt\u0151 el\u0151tt pedig h\u00fazd vissza teljesen!<\/p>\n<h2 class=\"p1\"><b>Keszty\u0171k<\/b><\/h2>\n<p class=\"p1\">A cikk elej\u00e9n le\u00edrt anekdota ellen\u00e9re term\u00e9szetesen b\u00f6lcs dolog keszty\u0171t felvenni indul\u00e1s el\u0151tt. Nem mindegy azonban, hogy milyet, hiszen a t\u00fara k\u00fcl\u00f6nb\u00f6z\u0151 szakaszaiban m\u00e1s \u00e9s m\u00e1s lehet j\u00f3.<\/p>\n<p class=\"p1\"><i>\u201eEz\u00e9rt javaslom, hogy legyen rajtad egy v\u00e9konyabb p\u00e1r, \u00e9s tarts a zsebedben egy vastagabb tartal\u00e9kot, ha az els\u0151 \u00e1tnedvesedik vagy esik a h\u0151m\u00e9rs\u00e9klet\u201d<\/i> \u2013 mondja Richard. Ha szereted a k\u00e9nyelmet, pr\u00f3b\u00e1ld ki a f\u0171thet\u0151 keszty\u0171ket (vagy zoknikat). Az <i>Inuheat<\/i> nev\u0171 c\u00e9g olyan akkumul\u00e1torokat gy\u00e1rt, amelyek t\u00f6bbf\u00e9le term\u00e9khez csatlakoztathat\u00f3k, \u00e9s telefonos appb\u00f3l szab\u00e1lyozhatod a h\u0151fokot.<\/p>\n<p class=\"p1\"><i>\u201e\u00c9s ha m\u00e9g mindig f\u00e1zol, ak\u00e1r f\u0171t\u00f6tt cuccokkal is, akkor csak egy tan\u00e1csom van: Ne er\u0151ltesd. V\u00e1rd meg a tavaszt\u201d <\/i>\u2013 z\u00e1rta Richard.<\/p>\n","protected":false},"excerpt":{"rendered":"<p>Minden t\u00e9li bring\u00e1s cikk ugyanazzal a r\u00e9gi leck\u00e9vel indul: r\u00e9tegek, r\u00e9tegek, r\u00e9tegek. Csin\u00e1ljuk most m\u00e1shogy, \u00e9s kezdj\u00fck egy olyan inform\u00e1ci\u00f3val, [&hellip;]<\/p>\n","protected":false},"author":71,"featured_media":19421,"comment_status":"open","ping_status":"open","sticky":false,"template":"","format":"standard","meta":{"footnotes":""},"categories":[280],"tags":[],"global-categories":[],"class_list":["post-19418","post","type-post","status-publish","format-standard","has-post-thumbnail","hentry","category-utazas"],"yoast_head":"<!-- This site is optimized with the Yoast SEO Premium plugin v25.3 (Yoast SEO v25.9) - https:\/\/yoast.com\/wordpress\/plugins\/seo\/ -->\n<title>F\u00e1zz kevesebbet, tekerj t\u00f6bbet: tippek egy profi bring\u00e1st\u00f3l<\/title>\n<meta name=\"description\" content=\"Minden t\u00e9li bring\u00e1s cikk ugyanazzal a r\u00e9gi leck\u00e9vel indul: r\u00e9tegek, r\u00e9tegek, r\u00e9tegek. Csin\u00e1ljuk most m\u00e1shogy, \u00e9s kezdj\u00fck egy olyan inform\u00e1ci\u00f3val, amit a legt\u00f6bb t\u00e9li ker\u00e9kp\u00e1ros ruhagy\u00e1rt\u00f3 aligha \u00e9rt\u00e9kelne. A t\u00e9li bring\u00e1z\u00e1s els\u0151sorban nem a felszerel\u00e9sen m\u00falik. Hanem az elsz\u00e1nts\u00e1gon. \u00c9s most j\u00f6hetnek Richard Gasperotti profi bring\u00e1s legjobb hidegt\u0171r\u0151 tippjei!\" \/>\n<meta name=\"robots\" content=\"index, follow, max-snippet:-1, max-image-preview:large, max-video-preview:-1\" \/>\n<link rel=\"canonical\" href=\"https:\/\/www.welovecycling.com\/hu\/utazas\/fazz-kevesebbet-tekerj-tobbet-tippek-egy-profi-bringastol\/\" \/>\n<meta property=\"og:locale\" content=\"hu_HU\" \/>\n<meta property=\"og:type\" content=\"article\" \/>\n<meta property=\"og:title\" content=\"F\u00e1zz kevesebbet, tekerj t\u00f6bbet: tippek egy profi bring\u00e1st\u00f3l\" \/>\n<meta property=\"og:description\" content=\"Minden t\u00e9li bring\u00e1s cikk ugyanazzal a r\u00e9gi leck\u00e9vel indul: r\u00e9tegek, r\u00e9tegek, r\u00e9tegek. Csin\u00e1ljuk most m\u00e1shogy, \u00e9s kezdj\u00fck egy olyan inform\u00e1ci\u00f3val, amit a legt\u00f6bb t\u00e9li ker\u00e9kp\u00e1ros ruhagy\u00e1rt\u00f3 aligha \u00e9rt\u00e9kelne. A t\u00e9li bring\u00e1z\u00e1s els\u0151sorban nem a felszerel\u00e9sen m\u00falik. Hanem az elsz\u00e1nts\u00e1gon. \u00c9s most j\u00f6hetnek Richard Gasperotti profi bring\u00e1s legjobb hidegt\u0171r\u0151 tippjei!\" \/>\n<meta property=\"og:url\" content=\"https:\/\/www.welovecycling.com\/hu\/utazas\/fazz-kevesebbet-tekerj-tobbet-tippek-egy-profi-bringastol\/\" \/>\n<meta property=\"og:site_name\" content=\"\u0160koda We Love Cycling - Magyarorsz\u00e1g\" \/>\n<meta property=\"article:publisher\" content=\"https:\/\/www.facebook.com\/WeLoveCyclingHungary\/\" \/>\n<meta property=\"article:published_time\" content=\"2025-12-26T06:00:43+00:00\" \/>\n<meta property=\"og:image\" content=\"https:\/\/d2p6e6u75xmxt8.cloudfront.net\/12\/2025\/12\/Cyclists-Group-Winter-Cold-profimedia-1056653783-CVR.webp\" \/>\n\t<meta property=\"og:image:width\" content=\"990\" \/>\n\t<meta property=\"og:image:height\" content=\"660\" \/>\n\t<meta property=\"og:image:type\" content=\"image\/webp\" \/>\n<meta name=\"author\" content=\"hegyizs\" \/>\n<meta name=\"twitter:card\" content=\"summary_large_image\" \/>\n<meta name=\"twitter:label1\" content=\"Written by\" \/>\n\t<meta name=\"twitter:data1\" content=\"Adam Marsal\" \/>\n\t<meta name=\"twitter:label2\" content=\"Est. reading time\" \/>\n\t<meta name=\"twitter:data2\" content=\"3\" \/>\n<script type=\"application\/ld+json\" class=\"yoast-schema-graph\">{\"@context\":\"https:\/\/schema.org\",\"@graph\":[{\"@type\":\"WebPage\",\"@id\":\"https:\/\/www.welovecycling.com\/hu\/utazas\/fazz-kevesebbet-tekerj-tobbet-tippek-egy-profi-bringastol\/\",\"url\":\"https:\/\/www.welovecycling.com\/hu\/utazas\/fazz-kevesebbet-tekerj-tobbet-tippek-egy-profi-bringastol\/\",\"name\":\"F\u00e1zz kevesebbet, tekerj t\u00f6bbet: tippek egy profi bring\u00e1st\u00f3l\",\"isPartOf\":{\"@id\":\"https:\/\/www.welovecycling.com\/hu\/#website\"},\"primaryImageOfPage\":{\"@id\":\"https:\/\/www.welovecycling.com\/hu\/utazas\/fazz-kevesebbet-tekerj-tobbet-tippek-egy-profi-bringastol\/#primaryimage\"},\"image\":{\"@id\":\"https:\/\/www.welovecycling.com\/hu\/utazas\/fazz-kevesebbet-tekerj-tobbet-tippek-egy-profi-bringastol\/#primaryimage\"},\"thumbnailUrl\":\"https:\/\/d2p6e6u75xmxt8.cloudfront.net\/12\/2025\/12\/Cyclists-Group-Winter-Cold-profimedia-1056653783-CVR.webp\",\"datePublished\":\"2025-12-26T06:00:43+00:00\",\"author\":{\"@id\":\"https:\/\/www.welovecycling.com\/hu\/#\/schema\/person\/414a2aebf1801691a5320edb6468e194\"},\"description\":\"Minden t\u00e9li bring\u00e1s cikk ugyanazzal a r\u00e9gi leck\u00e9vel indul: r\u00e9tegek, r\u00e9tegek, r\u00e9tegek. Csin\u00e1ljuk most m\u00e1shogy, \u00e9s kezdj\u00fck egy olyan inform\u00e1ci\u00f3val, amit a legt\u00f6bb t\u00e9li ker\u00e9kp\u00e1ros ruhagy\u00e1rt\u00f3 aligha \u00e9rt\u00e9kelne. A t\u00e9li bring\u00e1z\u00e1s els\u0151sorban nem a felszerel\u00e9sen m\u00falik. Hanem az elsz\u00e1nts\u00e1gon. \u00c9s most j\u00f6hetnek Richard Gasperotti profi bring\u00e1s legjobb hidegt\u0171r\u0151 tippjei!\",\"breadcrumb\":{\"@id\":\"https:\/\/www.welovecycling.com\/hu\/utazas\/fazz-kevesebbet-tekerj-tobbet-tippek-egy-profi-bringastol\/#breadcrumb\"},\"inLanguage\":\"hu\",\"potentialAction\":[{\"@type\":\"ReadAction\",\"target\":[\"https:\/\/www.welovecycling.com\/hu\/utazas\/fazz-kevesebbet-tekerj-tobbet-tippek-egy-profi-bringastol\/\"]}]},{\"@type\":\"ImageObject\",\"inLanguage\":\"hu\",\"@id\":\"https:\/\/www.welovecycling.com\/hu\/utazas\/fazz-kevesebbet-tekerj-tobbet-tippek-egy-profi-bringastol\/#primaryimage\",\"url\":\"https:\/\/d2p6e6u75xmxt8.cloudfront.net\/12\/2025\/12\/Cyclists-Group-Winter-Cold-profimedia-1056653783-CVR.webp\",\"contentUrl\":\"https:\/\/d2p6e6u75xmxt8.cloudfront.net\/12\/2025\/12\/Cyclists-Group-Winter-Cold-profimedia-1056653783-CVR.webp\",\"width\":990,\"height\":660},{\"@type\":\"BreadcrumbList\",\"@id\":\"https:\/\/www.welovecycling.com\/hu\/utazas\/fazz-kevesebbet-tekerj-tobbet-tippek-egy-profi-bringastol\/#breadcrumb\",\"itemListElement\":[{\"@type\":\"ListItem\",\"position\":1,\"name\":\"Home\",\"item\":\"https:\/\/www.welovecycling.com\/hu\/\"},{\"@type\":\"ListItem\",\"position\":2,\"name\":\"F\u00e1zz kevesebbet, tekerj t\u00f6bbet: tippek egy profi bring\u00e1st\u00f3l\"}]},{\"@type\":\"WebSite\",\"@id\":\"https:\/\/www.welovecycling.com\/hu\/#website\",\"url\":\"https:\/\/www.welovecycling.com\/hu\/\",\"name\":\"\u0160koda We Love Cycling - Magyarorsz\u00e1g\",\"description\":\"\u0160koda WeLoveCycling\",\"potentialAction\":[{\"@type\":\"SearchAction\",\"target\":{\"@type\":\"EntryPoint\",\"urlTemplate\":\"https:\/\/www.welovecycling.com\/hu\/?s={search_term_string}\"},\"query-input\":{\"@type\":\"PropertyValueSpecification\",\"valueRequired\":true,\"valueName\":\"search_term_string\"}}],\"inLanguage\":\"hu\"},{\"@type\":\"Person\",\"@id\":\"https:\/\/www.welovecycling.com\/hu\/#\/schema\/person\/414a2aebf1801691a5320edb6468e194\",\"name\":\"hegyizs\",\"image\":{\"@type\":\"ImageObject\",\"inLanguage\":\"hu\",\"@id\":\"https:\/\/www.welovecycling.com\/hu\/#\/schema\/person\/image\/\",\"url\":\"https:\/\/secure.gravatar.com\/avatar\/02cf8a7906b8cf90cecb4679defac7cfd33a1c2e3b88e4903d947f3bb58eedd3?s=96&d=mm&r=g\",\"contentUrl\":\"https:\/\/secure.gravatar.com\/avatar\/02cf8a7906b8cf90cecb4679defac7cfd33a1c2e3b88e4903d947f3bb58eedd3?s=96&d=mm&r=g\",\"caption\":\"hegyizs\"},\"url\":\"https:\/\/www.welovecycling.com\/hu\/author\/hegyizs\/\"}]}<\/script>\n<!-- \/ Yoast SEO Premium plugin. -->","yoast_head_json":{"title":"F\u00e1zz kevesebbet, tekerj t\u00f6bbet: tippek egy profi bring\u00e1st\u00f3l","description":"Minden t\u00e9li bring\u00e1s cikk ugyanazzal a r\u00e9gi leck\u00e9vel indul: r\u00e9tegek, r\u00e9tegek, r\u00e9tegek. Csin\u00e1ljuk most m\u00e1shogy, \u00e9s kezdj\u00fck egy olyan inform\u00e1ci\u00f3val, amit a legt\u00f6bb t\u00e9li ker\u00e9kp\u00e1ros ruhagy\u00e1rt\u00f3 aligha \u00e9rt\u00e9kelne. A t\u00e9li bring\u00e1z\u00e1s els\u0151sorban nem a felszerel\u00e9sen m\u00falik. Hanem az elsz\u00e1nts\u00e1gon. \u00c9s most j\u00f6hetnek Richard Gasperotti profi bring\u00e1s legjobb hidegt\u0171r\u0151 tippjei!","robots":{"index":"index","follow":"follow","max-snippet":"max-snippet:-1","max-image-preview":"max-image-preview:large","max-video-preview":"max-video-preview:-1"},"canonical":"https:\/\/www.welovecycling.com\/hu\/utazas\/fazz-kevesebbet-tekerj-tobbet-tippek-egy-profi-bringastol\/","og_locale":"hu_HU","og_type":"article","og_title":"F\u00e1zz kevesebbet, tekerj t\u00f6bbet: tippek egy profi bring\u00e1st\u00f3l","og_description":"Minden t\u00e9li bring\u00e1s cikk ugyanazzal a r\u00e9gi leck\u00e9vel indul: r\u00e9tegek, r\u00e9tegek, r\u00e9tegek. Csin\u00e1ljuk most m\u00e1shogy, \u00e9s kezdj\u00fck egy olyan inform\u00e1ci\u00f3val, amit a legt\u00f6bb t\u00e9li ker\u00e9kp\u00e1ros ruhagy\u00e1rt\u00f3 aligha \u00e9rt\u00e9kelne. A t\u00e9li bring\u00e1z\u00e1s els\u0151sorban nem a felszerel\u00e9sen m\u00falik. Hanem az elsz\u00e1nts\u00e1gon. \u00c9s most j\u00f6hetnek Richard Gasperotti profi bring\u00e1s legjobb hidegt\u0171r\u0151 tippjei!","og_url":"https:\/\/www.welovecycling.com\/hu\/utazas\/fazz-kevesebbet-tekerj-tobbet-tippek-egy-profi-bringastol\/","og_site_name":"\u0160koda We Love Cycling - Magyarorsz\u00e1g","article_publisher":"https:\/\/www.facebook.com\/WeLoveCyclingHungary\/","article_published_time":"2025-12-26T06:00:43+00:00","og_image":[{"width":990,"height":660,"url":"https:\/\/d2p6e6u75xmxt8.cloudfront.net\/12\/2025\/12\/Cyclists-Group-Winter-Cold-profimedia-1056653783-CVR.webp","type":"image\/webp"}],"author":"hegyizs","twitter_card":"summary_large_image","twitter_misc":{"Written by":"Adam Marsal","Est. reading time":"3"},"schema":{"@context":"https:\/\/schema.org","@graph":[{"@type":"WebPage","@id":"https:\/\/www.welovecycling.com\/hu\/utazas\/fazz-kevesebbet-tekerj-tobbet-tippek-egy-profi-bringastol\/","url":"https:\/\/www.welovecycling.com\/hu\/utazas\/fazz-kevesebbet-tekerj-tobbet-tippek-egy-profi-bringastol\/","name":"F\u00e1zz kevesebbet, tekerj t\u00f6bbet: tippek egy profi bring\u00e1st\u00f3l","isPartOf":{"@id":"https:\/\/www.welovecycling.com\/hu\/#website"},"primaryImageOfPage":{"@id":"https:\/\/www.welovecycling.com\/hu\/utazas\/fazz-kevesebbet-tekerj-tobbet-tippek-egy-profi-bringastol\/#primaryimage"},"image":{"@id":"https:\/\/www.welovecycling.com\/hu\/utazas\/fazz-kevesebbet-tekerj-tobbet-tippek-egy-profi-bringastol\/#primaryimage"},"thumbnailUrl":"https:\/\/d2p6e6u75xmxt8.cloudfront.net\/12\/2025\/12\/Cyclists-Group-Winter-Cold-profimedia-1056653783-CVR.webp","datePublished":"2025-12-26T06:00:43+00:00","author":{"@id":"https:\/\/www.welovecycling.com\/hu\/#\/schema\/person\/414a2aebf1801691a5320edb6468e194"},"description":"Minden t\u00e9li bring\u00e1s cikk ugyanazzal a r\u00e9gi leck\u00e9vel indul: r\u00e9tegek, r\u00e9tegek, r\u00e9tegek. Csin\u00e1ljuk most m\u00e1shogy, \u00e9s kezdj\u00fck egy olyan inform\u00e1ci\u00f3val, amit a legt\u00f6bb t\u00e9li ker\u00e9kp\u00e1ros ruhagy\u00e1rt\u00f3 aligha \u00e9rt\u00e9kelne. A t\u00e9li bring\u00e1z\u00e1s els\u0151sorban nem a felszerel\u00e9sen m\u00falik. Hanem az elsz\u00e1nts\u00e1gon. \u00c9s most j\u00f6hetnek Richard Gasperotti profi bring\u00e1s legjobb hidegt\u0171r\u0151 tippjei!","breadcrumb":{"@id":"https:\/\/www.welovecycling.com\/hu\/utazas\/fazz-kevesebbet-tekerj-tobbet-tippek-egy-profi-bringastol\/#breadcrumb"},"inLanguage":"hu","potentialAction":[{"@type":"ReadAction","target":["https:\/\/www.welovecycling.com\/hu\/utazas\/fazz-kevesebbet-tekerj-tobbet-tippek-egy-profi-bringastol\/"]}]},{"@type":"ImageObject","inLanguage":"hu","@id":"https:\/\/www.welovecycling.com\/hu\/utazas\/fazz-kevesebbet-tekerj-tobbet-tippek-egy-profi-bringastol\/#primaryimage","url":"https:\/\/d2p6e6u75xmxt8.cloudfront.net\/12\/2025\/12\/Cyclists-Group-Winter-Cold-profimedia-1056653783-CVR.webp","contentUrl":"https:\/\/d2p6e6u75xmxt8.cloudfront.net\/12\/2025\/12\/Cyclists-Group-Winter-Cold-profimedia-1056653783-CVR.webp","width":990,"height":660},{"@type":"BreadcrumbList","@id":"https:\/\/www.welovecycling.com\/hu\/utazas\/fazz-kevesebbet-tekerj-tobbet-tippek-egy-profi-bringastol\/#breadcrumb","itemListElement":[{"@type":"ListItem","position":1,"name":"Home","item":"https:\/\/www.welovecycling.com\/hu\/"},{"@type":"ListItem","position":2,"name":"F\u00e1zz kevesebbet, tekerj t\u00f6bbet: tippek egy profi bring\u00e1st\u00f3l"}]},{"@type":"WebSite","@id":"https:\/\/www.welovecycling.com\/hu\/#website","url":"https:\/\/www.welovecycling.com\/hu\/","name":"\u0160koda We Love Cycling - Magyarorsz\u00e1g","description":"\u0160koda WeLoveCycling","potentialAction":[{"@type":"SearchAction","target":{"@type":"EntryPoint","urlTemplate":"https:\/\/www.welovecycling.com\/hu\/?s={search_term_string}"},"query-input":{"@type":"PropertyValueSpecification","valueRequired":true,"valueName":"search_term_string"}}],"inLanguage":"hu"},{"@type":"Person","@id":"https:\/\/www.welovecycling.com\/hu\/#\/schema\/person\/414a2aebf1801691a5320edb6468e194","name":"hegyizs","image":{"@type":"ImageObject","inLanguage":"hu","@id":"https:\/\/www.welovecycling.com\/hu\/#\/schema\/person\/image\/","url":"https:\/\/secure.gravatar.com\/avatar\/02cf8a7906b8cf90cecb4679defac7cfd33a1c2e3b88e4903d947f3bb58eedd3?s=96&d=mm&r=g","contentUrl":"https:\/\/secure.gravatar.com\/avatar\/02cf8a7906b8cf90cecb4679defac7cfd33a1c2e3b88e4903d947f3bb58eedd3?s=96&d=mm&r=g","caption":"hegyizs"},"url":"https:\/\/www.welovecycling.com\/hu\/author\/hegyizs\/"}]}},"_links":{"self":[{"href":"https:\/\/www.welovecycling.com\/hu\/wp-json\/wp\/v2\/posts\/19418","targetHints":{"allow":["GET"]}}],"collection":[{"href":"https:\/\/www.welovecycling.com\/hu\/wp-json\/wp\/v2\/posts"}],"about":[{"href":"https:\/\/www.welovecycling.com\/hu\/wp-json\/wp\/v2\/types\/post"}],"author":[{"embeddable":true,"href":"https:\/\/www.welovecycling.com\/hu\/wp-json\/wp\/v2\/users\/71"}],"replies":[{"embeddable":true,"href":"https:\/\/www.welovecycling.com\/hu\/wp-json\/wp\/v2\/comments?post=19418"}],"version-history":[{"count":2,"href":"https:\/\/www.welovecycling.com\/hu\/wp-json\/wp\/v2\/posts\/19418\/revisions"}],"predecessor-version":[{"id":19422,"href":"https:\/\/www.welovecycling.com\/hu\/wp-json\/wp\/v2\/posts\/19418\/revisions\/19422"}],"wp:featuredmedia":[{"embeddable":true,"href":"https:\/\/www.welovecycling.com\/hu\/wp-json\/wp\/v2\/media\/19421"}],"wp:attachment":[{"href":"https:\/\/www.welovecycling.com\/hu\/wp-json\/wp\/v2\/media?parent=19418"}],"wp:term":[{"taxonomy":"category","embeddable":true,"href":"https:\/\/www.welovecycling.com\/hu\/wp-json\/wp\/v2\/categories?post=19418"},{"taxonomy":"post_tag","embeddable":true,"href":"https:\/\/www.welovecycling.com\/hu\/wp-json\/wp\/v2\/tags?post=19418"},{"taxonomy":"global-categories","embeddable":true,"href":"https:\/\/www.welovecycling.com\/hu\/wp-json\/wp\/v2\/global-categories?post=19418"}],"curies":[{"name":"wp","href":"https:\/\/api.w.org\/{rel}","templated":true}]}}