{"id":19406,"date":"2025-12-16T14:36:59","date_gmt":"2025-12-16T12:36:59","guid":{"rendered":"https:\/\/www.welovecycling.com\/hu\/?p=19406"},"modified":"2025-12-16T14:36:59","modified_gmt":"2025-12-16T12:36:59","slug":"egy-foldonkivuli-vilaghodito-tervei-pogacar-ramegy-az-otodik-sarga-trikojara-de-van-valami-amit-meg-ennel-is-jobban-szeretne","status":"publish","type":"post","link":"https:\/\/www.welovecycling.com\/hu\/orszaguti-kerekpar\/egy-foldonkivuli-vilaghodito-tervei-pogacar-ramegy-az-otodik-sarga-trikojara-de-van-valami-amit-meg-ennel-is-jobban-szeretne\/","title":{"rendered":"Egy f\u00f6ld\u00f6nk\u00edv\u00fcli vil\u00e1gh\u00f3d\u00edt\u00f3 tervei: Poga\u010dar r\u00e1megy az \u00f6t\u00f6dik s\u00e1rga trik\u00f3j\u00e1ra, de van valami, amit m\u00e9g enn\u00e9l is jobban szeretne!"},"content":{"rendered":"<p><b>A szlov\u00e9n szuperszt\u00e1r szenz\u00e1ci\u00f3s idei \u00e9ve ut\u00e1n 2026-ban sem lass\u00edtana, \u00e9s t\u00f6rt\u00e9nelmi elitklubba l\u00e9pne \u00f6t\u00f6dik Tour de France-siker\u00e9vel. \u00c1m van egy verseny, amit m\u00e9g enn\u00e9l is el\u0151r\u00e9bb helyez a priorit\u00e1si sorban\u2026<\/b><!--more--><\/p>\n<p><span style=\"font-weight: 400;\">Nincs m\u00e9g egy orsz\u00e1g\u00fati ker\u00e9kp\u00e1rversenyz\u0151 a mostani mez\u0151nyben, akinek annyira v\u00e1rn\u00e1 mindenki a j\u00f6v\u0151 \u00e9vi programbejelent\u00e9s\u00e9t, mint Tadej Poga\u010dar. Elv\u00e9gre a sport\u00e1g jelenlegi legdomin\u00e1nsabb alakja alapjaiban hat\u00e1rozhatja meg a komplett versenynapt\u00e1rat, jelenl\u00e9te (vagy \u00e9pp jelen nem l\u00e9te) pedig a nagyobb versenyek karakterisztik\u00e1j\u00e1t. Persze, a szlov\u00e9n n\u00e9lk\u00fcl is felkel a nap, \u00e9s gond n\u00e9lk\u00fcl el fognak rajtolni azok a viadalok is, amelyeken nem vesz majd r\u00e9szt, de abban val\u00f3sz\u00edn\u0171leg egyhang\u00fa a konszenzus, hogy eg\u00e9szen m\u00e1sk\u00e9nt k\u00e9sz\u00fcl mindenki \u2013 szervez\u0151k, csapatok, versenyz\u0151k, szurkol\u00f3k egyar\u00e1nt \u2013 azokra a versenyekre, ahol tudvalev\u0151, hogy a szlov\u00e9n szuperszt\u00e1r is ott lesz. \u00c9ppen ez\u00e9rt kiemelt figyelem k\u00eds\u00e9rte Poga\u010dar h\u00e9tv\u00e9gi, alicantei sajt\u00f3esem\u00e9ny\u00e9t, amelyen az Emirates extraklasszisa felv\u00e1zolta 2026-os menetrendj\u00e9t.\u00a0<\/span><\/p>\n<p><span style=\"font-weight: 400;\">A 27 \u00e9ves f\u00f6ld\u00f6nk\u00edv\u00fcli bejelent\u00e9se hozott is meglepet\u00e9seket, meg nem is.<\/span><\/p>\n<p><span style=\"font-weight: 400;\">Hogy f\u00f6ld\u00f6nk\u00edv\u00fcli, azt egy\u00e9bk\u00e9nt nem (csak) mi mondjuk r\u00e1, hanem saj\u00e1t versenyz\u0151t\u00e1rsai: Joao Almeida p\u00e9ld\u00e1ul a napokban egyenesen <\/span><a href=\"https:\/\/www.eurosport.hu\/kerekpar\/joao-almeida-interju-tadej-pogacar-uae_sto23250664\/story.shtml\"><span style=\"font-weight: 400;\">\u00fagy fogalmazott,<\/span><\/a> <i><span style=\"font-weight: 400;\">\u201ea t\u00f6rt\u00e9nelem r\u00e9szese vagy, amikor vele m\u00e9sz. Sz\u00e1momra \u0151 a legjobb ker\u00e9kp\u00e1ros valaha. K\u00fcl\u00f6nleges ember, folyton leny\u0171g\u00f6z, ahogy versenyez. Amit csin\u00e1l, az nem norm\u00e1lis. Amikor a l\u00e9tez\u0151 legjobban \u00e9rzem magam, Tadej akkor is mindig egy szinttel felettem van. Ilyenkor azt gondolom, \u0151 egy f\u00f6ld\u00f6nk\u00edv\u00fcli.\u201d<\/span><\/i><\/p>\n<figure id=\"attachment_19407\" aria-describedby=\"caption-attachment-19407\" style=\"width: 1024px\" class=\"wp-caption alignnone\"><img loading=\"lazy\" decoding=\"async\" class=\"size-large wp-image-19407\" src=\"https:\/\/d2p6e6u75xmxt8.cloudfront.net\/12\/2025\/12\/image1-2-1024x682.webp\" alt=\"\" width=\"1024\" height=\"682\" srcset=\"https:\/\/d2p6e6u75xmxt8.cloudfront.net\/12\/2025\/12\/image1-2-1024x682.webp 1024w, https:\/\/d2p6e6u75xmxt8.cloudfront.net\/12\/2025\/12\/image1-2-300x200.webp 300w, https:\/\/d2p6e6u75xmxt8.cloudfront.net\/12\/2025\/12\/image1-2-768x512.webp 768w, https:\/\/d2p6e6u75xmxt8.cloudfront.net\/12\/2025\/12\/image1-2-400x266.webp 400w, https:\/\/d2p6e6u75xmxt8.cloudfront.net\/12\/2025\/12\/image1-2-272x182.webp 272w, https:\/\/d2p6e6u75xmxt8.cloudfront.net\/12\/2025\/12\/image1-2.webp 1387w\" sizes=\"auto, (max-width: 1024px) 100vw, 1024px\" \/><figcaption id=\"caption-attachment-19407\" class=\"wp-caption-text\">Poga\u010dar \u00e9s Almeida, a legjobb csapatt\u00e1rsnak j\u00e1r\u00f3 d\u00edjjal \u2013 ez a fel\u00e1ll\u00e1s j\u00f6v\u0151re biztosan nem ism\u00e9tl\u0151dik meg a Tour-on (Fot\u00f3: UAE Emirates)<\/figcaption><\/figure>\n<p><span style=\"font-weight: 400;\">Ennek megfelel\u0151en Poga\u010dar j\u00f6v\u0151 \u00e9vi legf\u0151bb c\u00e9lkit\u0171z\u00e9se term\u00e9szetesen nem is lehet m\u00e1s, mint az \u00fajabb Tour de France-gy\u0151zelem, s hogy minden id\u0151k legfiatalabb \u00f6tsz\u00f6r\u00f6s s\u00e1rga trik\u00f3sa legyen. A szlov\u00e9n ugyanis egy \u00fajabb sikerrel elk\u00e9peszt\u0151 elitklubba l\u00e9pne be: az orsz\u00e1g\u00fati bringat\u00f6rt\u00e9nelem sor\u00e1n csak n\u00e9gy gener\u00e1ci\u00f3s ikonnak, Jacques Anquetilnek, Eddy Merckxnek, Bernard Hinault-nak \u00e9s Miguel Indur\u00e1innak siker\u00fclt \u00f6tsz\u00f6r megnyernie a Tour-t \u2013 \u00e1m k\u00f6z\u00fcl\u00fck is neki siker\u00fclhetne a legkor\u00e1bban, m\u00e1r 27 \u00e9ves kor\u00e1ra, hiszen egyed\u00fcl Merckxnek siker\u00fclt a 30. sz\u00fclet\u00e9snapja el\u0151tt kipip\u00e1lnia a mester\u00f6t\u00f6st, 29 \u00e9vesen! (\u00c9s, b\u00e1r Indur\u00e1in egyel\u0151re egyed\u00fcl\u00e1ll\u00f3 brav\u00farj\u00e1t, a zsin\u00f3rban megnyert \u00f6t s\u00e1rga trik\u00f3t m\u00e9g Poga\u010dar sem tudta teljes\u00edteni, ha valakib\u0151l kin\u00e9zi az ember, hogy neki m\u00e9g siker\u00fclhet, az \u0151.)<\/span><\/p>\n<p><span style=\"font-weight: 400;\">Enn\u00e9l is \u00e9rdekesebb azonban, hogy Poga\u010dar fant\u00e1zi\u00e1j\u00e1t \u00e1ll\u00edt\u00e1sa szerint nem is ez a fantasztikus m\u00e9rf\u00f6ldk\u0151 izgatja igaz\u00e1n, hanem egy m\u00e1sik franciaorsz\u00e1gi klasszikus, m\u00e9ghozz\u00e1 a Paris\u2013Roubaix. A nagy hagyom\u00e1ny\u00fa viadal, az \u201e\u00c9szak Pokla\u201d azon kev\u00e9s verseny k\u00f6z\u00e9 tartozik ugyanis, amelyet Poga\u010darnak eddig m\u00e9g nem siker\u00fclt megnyernie, hiszen id\u00e9n az eml\u00e9kezetes versenyen, egy buk\u00e1s ut\u00e1n alulmaradt Mathieu van der Poellal szemben \u2013 m\u00e1rpedig a szlov\u00e9nr\u00f3l k\u00f6ztudott, hogy \u0151 addig \u00fcti a vasat, am\u00edg el nem \u00e9ri, amit akar\u2026 Olyannyira, hogy most kerek-perec ki is jelentette: ha v\u00e1lasztania kellene a Roubaix vagy egy \u00fajabb Tour de France-gy\u0151zelem k\u00f6z\u00f6tt, \u0151 bizony nem habozna, \u00e9s a Roubaix-t tenn\u00e9 el\u0151r\u00e9bb a sorban!<\/span><\/p>\n<figure id=\"attachment_19408\" aria-describedby=\"caption-attachment-19408\" style=\"width: 1024px\" class=\"wp-caption alignnone\"><img loading=\"lazy\" decoding=\"async\" class=\"size-large wp-image-19408\" src=\"https:\/\/d2p6e6u75xmxt8.cloudfront.net\/12\/2025\/12\/image2-1-1024x683.webp\" alt=\"\" width=\"1024\" height=\"683\" srcset=\"https:\/\/d2p6e6u75xmxt8.cloudfront.net\/12\/2025\/12\/image2-1-1024x683.webp 1024w, https:\/\/d2p6e6u75xmxt8.cloudfront.net\/12\/2025\/12\/image2-1-300x200.webp 300w, https:\/\/d2p6e6u75xmxt8.cloudfront.net\/12\/2025\/12\/image2-1-768x512.webp 768w, https:\/\/d2p6e6u75xmxt8.cloudfront.net\/12\/2025\/12\/image2-1-400x267.webp 400w, https:\/\/d2p6e6u75xmxt8.cloudfront.net\/12\/2025\/12\/image2-1-272x182.webp 272w, https:\/\/d2p6e6u75xmxt8.cloudfront.net\/12\/2025\/12\/image2-1.webp 1386w\" sizes=\"auto, (max-width: 1024px) 100vw, 1024px\" \/><figcaption id=\"caption-attachment-19408\" class=\"wp-caption-text\">Van der Poel id\u00e9n legy\u0151zte Poga\u010dart az \u201e\u00c9szak Pokl\u00e1n\u201d \u2013 a szlov\u00e9n j\u00f6v\u0151re visszav\u00e1gna (Fot\u00f3: Cor Vos)<\/figcaption><\/figure>\n<p><span style=\"font-weight: 400;\">Poga\u010dar 2026-os programja egy\u00e9bk\u00e9nt \u00e9rdemben a Strade Bianche-vel indul majd, ezt k\u00f6veti a Mil\u00e1n\u00f3\u2013San Remo, a Flandriai k\u00f6r, \u00e9s a m\u00e1r eml\u00edtett P\u00e1rizs\u2013Roubaix. Azt\u00e1n j\u00f6n a Li\u00e8ge-Bastogne-Li\u00e8ge \u2013 \u00e9rdekess\u00e9g, itt Remco Evenepoel szerint <\/span><a href=\"https:\/\/velo.outsideonline.com\/road\/road-racing\/should-beat-pogacar-in-liege-remco-evenepoel\/\"><span style=\"font-weight: 400;\">neki van es\u00e9lye<\/span><\/a><span style=\"font-weight: 400;\"> a szlov\u00e9n ellen \u2013, majd a nagyobb szakaszversenyek, p\u00e9ld\u00e1ul a Romandiai \u00e9s a Sv\u00e1jci k\u00f6r, amelyek egyar\u00e1nt a Tour de France-ra val\u00f3 bemeleg\u00edt\u00e9st szolg\u00e1lj\u00e1k.\u00a0<\/span><\/p>\n<p><span style=\"font-weight: 400;\">A versenyprogram bejelent\u00e9sekor Poga\u010dar azt is <\/span><a href=\"https:\/\/www.cyclingnews.com\/pro-cycling\/training-camps\/tadej-pogacar-eyes-paris-roubaix-victory-and-historic-fifth-tour-de-france-title-as-focal-points-of-confirmed-2026-racing-programme\/\"><span style=\"font-weight: 400;\">elmondta<\/span><\/a><span style=\"font-weight: 400;\">, hogy b\u00e1r nagyon b\u00fcszke a kor\u00e1bbi eredm\u00e9nyeire, nem t\u0171zi ki c\u00e9lk\u00e9nt, hogy minden lehets\u00e9ges versenyt megnyerjen; ink\u00e1bb koncentr\u00e1ltan \u00e9s hat\u00e9konyan szeretne versenyezni a sz\u00e1m\u00e1ra legfontosabb esem\u00e9nyeken. A csapata t\u00e1mogatja \u0151t abban, hogy minden versenyen a lehet\u0151 leger\u0151sebb form\u00e1ban induljon, k\u00fcl\u00f6n\u00f6s tekintettel a h\u00e1romhetes Grand Tour-okra. Ezen a ponton \u00e9rkezett egy n\u00e9mileg meglep\u0151 bejelent\u00e9s is: a m\u00e1r neves\u00edtett Almeida, Poga\u010dar egyik meghat\u00e1roz\u00f3 csapatt\u00e1rsa nem vesz r\u00e9szt a j\u00f6v\u0151 \u00e9vi Tour de France-on, helyette ink\u00e1bb a Gir\u00f3ra \u00e9s a Vuelt\u00e1ra koncentr\u00e1l majd. Ez egyben azt is jelenti, hogy Poga\u010dar a Tour-ra m\u00e1s komoly seg\u00edt\u0151t\u00e1rsakat, p\u00e9ld\u00e1ul Isaac del Tor\u00f3t kapja maga mell\u00e9 az Emirates m\u00e9ly \u00e9s bivalyer\u0151s keret\u00e9b\u0151l, a fiatal mexik\u00f3i \u2013 akir\u0151l <\/span><a href=\"https:\/\/www.welovecycling.com\/hu\/orszaguti-kerekpar\/ahogy-anno-valter-attila-magyarorszagot-ugy-tette-fel-most-isaac-del-toro-mexikot-a-bringaterkepre\/\"><span style=\"font-weight: 400;\">m\u00e1r mi is \u00edrtunk kor\u00e1bban<\/span><\/a><span style=\"font-weight: 400;\"> \u2013 \u00edgy 2026-ban deb\u00fct\u00e1lhat a Francia k\u00f6rversenyen.\u00a0<\/span><\/p>\n<p><span style=\"font-weight: 400;\">Tadej Poga\u010dar sz\u00e1m\u00e1ra 2025 is rendk\u00edv\u00fcl sikeres \u00e9v volt: elk\u00e9peszt\u0151 mennyis\u00e9g\u0171 \u00e9s min\u0151s\u00e9g\u0171, \u00f6sszesen 20 gy\u0151zelmet szerzett, k\u00f6zt\u00fck a negyedik Tour de France-c\u00edm\u00e9t, sz\u00e1mos klasszikus \u00e9s egyhetes verseny els\u0151s\u00e9g\u00e9t is, valamint megv\u00e9dte vil\u00e1gbajnoki c\u00edm\u00e9t is <\/span><a href=\"https:\/\/www.welovecycling.com\/hu\/orszaguti-kerekpar\/hatalmas-lehetoseg-a-valtozas-motorja-vagy-csak-egy-latvanyos-sportwashing-show-a-visszaelesek-elfedesere-a-tortenelmi-ruandai-vb\/\"><span style=\"font-weight: 400;\">a sokat emlegetett ruandai vb-n<\/span><\/a><span style=\"font-weight: 400;\">. \u00c9s az amb\u00edci\u00f3i alapj\u00e1n nem t\u0171nik \u00fagy, hogy j\u00f6v\u0151re al\u00e1bb adn\u00e1, s\u0151t\u2026<\/span><\/p>\n<figure id=\"attachment_19410\" aria-describedby=\"caption-attachment-19410\" style=\"width: 1024px\" class=\"wp-caption alignnone\"><img loading=\"lazy\" decoding=\"async\" class=\"size-large wp-image-19410\" src=\"https:\/\/d2p6e6u75xmxt8.cloudfront.net\/12\/2025\/12\/image4-1-1024x675.webp\" alt=\"\" width=\"1024\" height=\"675\" srcset=\"https:\/\/d2p6e6u75xmxt8.cloudfront.net\/12\/2025\/12\/image4-1-1024x675.webp 1024w, https:\/\/d2p6e6u75xmxt8.cloudfront.net\/12\/2025\/12\/image4-1-300x198.webp 300w, https:\/\/d2p6e6u75xmxt8.cloudfront.net\/12\/2025\/12\/image4-1-768x506.webp 768w, https:\/\/d2p6e6u75xmxt8.cloudfront.net\/12\/2025\/12\/image4-1-400x264.webp 400w, https:\/\/d2p6e6u75xmxt8.cloudfront.net\/12\/2025\/12\/image4-1.webp 1387w\" sizes=\"auto, (max-width: 1024px) 100vw, 1024px\" \/><figcaption id=\"caption-attachment-19410\" class=\"wp-caption-text\">Poga\u010dar 2025-ben Ruanda kir\u00e1lya is lett (Fot\u00f3: ktpress.rw)<\/figcaption><\/figure>\n<p><i><span style=\"font-weight: 400;\">Bor\u00edt\u00f3k\u00e9p: Getty Images<\/span><\/i><\/p>\n","protected":false},"excerpt":{"rendered":"<p>A szlov\u00e9n szuperszt\u00e1r szenz\u00e1ci\u00f3s idei \u00e9ve ut\u00e1n 2026-ban sem lass\u00edtana, \u00e9s t\u00f6rt\u00e9nelmi elitklubba l\u00e9pne \u00f6t\u00f6dik Tour de France-siker\u00e9vel. \u00c1m van [&hellip;]<\/p>\n","protected":false},"author":71,"featured_media":19407,"comment_status":"open","ping_status":"open","sticky":false,"template":"","format":"standard","meta":{"footnotes":""},"categories":[8],"tags":[],"global-categories":[419],"class_list":["post-19406","post","type-post","status-publish","format-standard","has-post-thumbnail","hentry","category-orszaguti-kerekpar","global-categories-cycling"],"yoast_head":"<!-- This site is optimized with the Yoast SEO Premium plugin v25.3 (Yoast SEO v25.9) - https:\/\/yoast.com\/wordpress\/plugins\/seo\/ -->\n<title>Egy f\u00f6ld\u00f6nk\u00edv\u00fcli vil\u00e1gh\u00f3d\u00edt\u00f3 tervei: Poga\u010dar r\u00e1megy az \u00f6t\u00f6dik s\u00e1rga trik\u00f3j\u00e1ra, de van valami, amit m\u00e9g enn\u00e9l is jobban szeretne!<\/title>\n<meta name=\"description\" content=\"A szlov\u00e9n szuperszt\u00e1r szenz\u00e1ci\u00f3s idei \u00e9ve ut\u00e1n 2026-ban sem lass\u00edtana, \u00e9s t\u00f6rt\u00e9nelmi elitklubba l\u00e9pne \u00f6t\u00f6dik Tour de France-siker\u00e9vel. \u00c1m van egy verseny, amit m\u00e9g enn\u00e9l is el\u0151r\u00e9bb helyez a priorit\u00e1si sorban\u2026\" \/>\n<meta name=\"robots\" content=\"index, follow, max-snippet:-1, max-image-preview:large, max-video-preview:-1\" \/>\n<link rel=\"canonical\" href=\"https:\/\/www.welovecycling.com\/hu\/orszaguti-kerekpar\/egy-foldonkivuli-vilaghodito-tervei-pogacar-ramegy-az-otodik-sarga-trikojara-de-van-valami-amit-meg-ennel-is-jobban-szeretne\/\" \/>\n<meta property=\"og:locale\" content=\"hu_HU\" \/>\n<meta property=\"og:type\" content=\"article\" \/>\n<meta property=\"og:title\" content=\"Egy f\u00f6ld\u00f6nk\u00edv\u00fcli vil\u00e1gh\u00f3d\u00edt\u00f3 tervei: Poga\u010dar r\u00e1megy az \u00f6t\u00f6dik s\u00e1rga trik\u00f3j\u00e1ra, de van valami, amit m\u00e9g enn\u00e9l is jobban szeretne!\" \/>\n<meta property=\"og:description\" content=\"A szlov\u00e9n szuperszt\u00e1r szenz\u00e1ci\u00f3s idei \u00e9ve ut\u00e1n 2026-ban sem lass\u00edtana, \u00e9s t\u00f6rt\u00e9nelmi elitklubba l\u00e9pne \u00f6t\u00f6dik Tour de France-siker\u00e9vel. \u00c1m van egy verseny, amit m\u00e9g enn\u00e9l is el\u0151r\u00e9bb helyez a priorit\u00e1si sorban\u2026\" \/>\n<meta property=\"og:url\" content=\"https:\/\/www.welovecycling.com\/hu\/orszaguti-kerekpar\/egy-foldonkivuli-vilaghodito-tervei-pogacar-ramegy-az-otodik-sarga-trikojara-de-van-valami-amit-meg-ennel-is-jobban-szeretne\/\" \/>\n<meta property=\"og:site_name\" content=\"\u0160koda We Love Cycling - Magyarorsz\u00e1g\" \/>\n<meta property=\"article:publisher\" content=\"https:\/\/www.facebook.com\/WeLoveCyclingHungary\/\" \/>\n<meta property=\"article:published_time\" content=\"2025-12-16T12:36:59+00:00\" \/>\n<meta property=\"og:image\" content=\"https:\/\/d2p6e6u75xmxt8.cloudfront.net\/12\/2025\/12\/image1-2.webp\" \/>\n\t<meta property=\"og:image:width\" content=\"1387\" \/>\n\t<meta property=\"og:image:height\" content=\"924\" \/>\n\t<meta property=\"og:image:type\" content=\"image\/webp\" \/>\n<meta name=\"author\" content=\"hegyizs\" \/>\n<meta name=\"twitter:card\" content=\"summary_large_image\" \/>\n<meta name=\"twitter:label1\" content=\"Written by\" \/>\n\t<meta name=\"twitter:data1\" content=\"WLC\" \/>\n\t<meta name=\"twitter:label2\" content=\"Est. reading time\" \/>\n\t<meta name=\"twitter:data2\" content=\"5 minutes\" \/>\n<script type=\"application\/ld+json\" class=\"yoast-schema-graph\">{\"@context\":\"https:\/\/schema.org\",\"@graph\":[{\"@type\":\"WebPage\",\"@id\":\"https:\/\/www.welovecycling.com\/hu\/orszaguti-kerekpar\/egy-foldonkivuli-vilaghodito-tervei-pogacar-ramegy-az-otodik-sarga-trikojara-de-van-valami-amit-meg-ennel-is-jobban-szeretne\/\",\"url\":\"https:\/\/www.welovecycling.com\/hu\/orszaguti-kerekpar\/egy-foldonkivuli-vilaghodito-tervei-pogacar-ramegy-az-otodik-sarga-trikojara-de-van-valami-amit-meg-ennel-is-jobban-szeretne\/\",\"name\":\"Egy f\u00f6ld\u00f6nk\u00edv\u00fcli vil\u00e1gh\u00f3d\u00edt\u00f3 tervei: Poga\u010dar r\u00e1megy az \u00f6t\u00f6dik s\u00e1rga trik\u00f3j\u00e1ra, de van valami, amit m\u00e9g enn\u00e9l is jobban szeretne!\",\"isPartOf\":{\"@id\":\"https:\/\/www.welovecycling.com\/hu\/#website\"},\"primaryImageOfPage\":{\"@id\":\"https:\/\/www.welovecycling.com\/hu\/orszaguti-kerekpar\/egy-foldonkivuli-vilaghodito-tervei-pogacar-ramegy-az-otodik-sarga-trikojara-de-van-valami-amit-meg-ennel-is-jobban-szeretne\/#primaryimage\"},\"image\":{\"@id\":\"https:\/\/www.welovecycling.com\/hu\/orszaguti-kerekpar\/egy-foldonkivuli-vilaghodito-tervei-pogacar-ramegy-az-otodik-sarga-trikojara-de-van-valami-amit-meg-ennel-is-jobban-szeretne\/#primaryimage\"},\"thumbnailUrl\":\"https:\/\/d2p6e6u75xmxt8.cloudfront.net\/12\/2025\/12\/image1-2.webp\",\"datePublished\":\"2025-12-16T12:36:59+00:00\",\"author\":{\"@id\":\"https:\/\/www.welovecycling.com\/hu\/#\/schema\/person\/414a2aebf1801691a5320edb6468e194\"},\"description\":\"A szlov\u00e9n szuperszt\u00e1r szenz\u00e1ci\u00f3s idei \u00e9ve ut\u00e1n 2026-ban sem lass\u00edtana, \u00e9s t\u00f6rt\u00e9nelmi elitklubba l\u00e9pne \u00f6t\u00f6dik Tour de France-siker\u00e9vel. \u00c1m van egy verseny, amit m\u00e9g enn\u00e9l is el\u0151r\u00e9bb helyez a priorit\u00e1si sorban\u2026\",\"breadcrumb\":{\"@id\":\"https:\/\/www.welovecycling.com\/hu\/orszaguti-kerekpar\/egy-foldonkivuli-vilaghodito-tervei-pogacar-ramegy-az-otodik-sarga-trikojara-de-van-valami-amit-meg-ennel-is-jobban-szeretne\/#breadcrumb\"},\"inLanguage\":\"hu\",\"potentialAction\":[{\"@type\":\"ReadAction\",\"target\":[\"https:\/\/www.welovecycling.com\/hu\/orszaguti-kerekpar\/egy-foldonkivuli-vilaghodito-tervei-pogacar-ramegy-az-otodik-sarga-trikojara-de-van-valami-amit-meg-ennel-is-jobban-szeretne\/\"]}]},{\"@type\":\"ImageObject\",\"inLanguage\":\"hu\",\"@id\":\"https:\/\/www.welovecycling.com\/hu\/orszaguti-kerekpar\/egy-foldonkivuli-vilaghodito-tervei-pogacar-ramegy-az-otodik-sarga-trikojara-de-van-valami-amit-meg-ennel-is-jobban-szeretne\/#primaryimage\",\"url\":\"https:\/\/d2p6e6u75xmxt8.cloudfront.net\/12\/2025\/12\/image1-2.webp\",\"contentUrl\":\"https:\/\/d2p6e6u75xmxt8.cloudfront.net\/12\/2025\/12\/image1-2.webp\",\"width\":1387,\"height\":924,\"caption\":\"Poga\u010dar \u00e9s Almeida, a legjobb csapatt\u00e1rsnak j\u00e1r\u00f3 d\u00edjjal \u2013 ez a fel\u00e1ll\u00e1s j\u00f6v\u0151re biztosan nem ism\u00e9tl\u0151dik meg a Tour-on (Fot\u00f3: UAE Emirates)\"},{\"@type\":\"BreadcrumbList\",\"@id\":\"https:\/\/www.welovecycling.com\/hu\/orszaguti-kerekpar\/egy-foldonkivuli-vilaghodito-tervei-pogacar-ramegy-az-otodik-sarga-trikojara-de-van-valami-amit-meg-ennel-is-jobban-szeretne\/#breadcrumb\",\"itemListElement\":[{\"@type\":\"ListItem\",\"position\":1,\"name\":\"Home\",\"item\":\"https:\/\/www.welovecycling.com\/hu\/\"},{\"@type\":\"ListItem\",\"position\":2,\"name\":\"Egy f\u00f6ld\u00f6nk\u00edv\u00fcli vil\u00e1gh\u00f3d\u00edt\u00f3 tervei: Poga\u010dar r\u00e1megy az \u00f6t\u00f6dik s\u00e1rga trik\u00f3j\u00e1ra, de van valami, amit m\u00e9g enn\u00e9l is jobban szeretne!\"}]},{\"@type\":\"WebSite\",\"@id\":\"https:\/\/www.welovecycling.com\/hu\/#website\",\"url\":\"https:\/\/www.welovecycling.com\/hu\/\",\"name\":\"\u0160koda We Love Cycling - Magyarorsz\u00e1g\",\"description\":\"\u0160koda WeLoveCycling\",\"potentialAction\":[{\"@type\":\"SearchAction\",\"target\":{\"@type\":\"EntryPoint\",\"urlTemplate\":\"https:\/\/www.welovecycling.com\/hu\/?s={search_term_string}\"},\"query-input\":{\"@type\":\"PropertyValueSpecification\",\"valueRequired\":true,\"valueName\":\"search_term_string\"}}],\"inLanguage\":\"hu\"},{\"@type\":\"Person\",\"@id\":\"https:\/\/www.welovecycling.com\/hu\/#\/schema\/person\/414a2aebf1801691a5320edb6468e194\",\"name\":\"hegyizs\",\"image\":{\"@type\":\"ImageObject\",\"inLanguage\":\"hu\",\"@id\":\"https:\/\/www.welovecycling.com\/hu\/#\/schema\/person\/image\/\",\"url\":\"https:\/\/secure.gravatar.com\/avatar\/02cf8a7906b8cf90cecb4679defac7cfd33a1c2e3b88e4903d947f3bb58eedd3?s=96&d=mm&r=g\",\"contentUrl\":\"https:\/\/secure.gravatar.com\/avatar\/02cf8a7906b8cf90cecb4679defac7cfd33a1c2e3b88e4903d947f3bb58eedd3?s=96&d=mm&r=g\",\"caption\":\"hegyizs\"},\"url\":\"https:\/\/www.welovecycling.com\/hu\/author\/hegyizs\/\"}]}<\/script>\n<!-- \/ Yoast SEO Premium plugin. -->","yoast_head_json":{"title":"Egy f\u00f6ld\u00f6nk\u00edv\u00fcli vil\u00e1gh\u00f3d\u00edt\u00f3 tervei: Poga\u010dar r\u00e1megy az \u00f6t\u00f6dik s\u00e1rga trik\u00f3j\u00e1ra, de van valami, amit m\u00e9g enn\u00e9l is jobban szeretne!","description":"A szlov\u00e9n szuperszt\u00e1r szenz\u00e1ci\u00f3s idei \u00e9ve ut\u00e1n 2026-ban sem lass\u00edtana, \u00e9s t\u00f6rt\u00e9nelmi elitklubba l\u00e9pne \u00f6t\u00f6dik Tour de France-siker\u00e9vel. \u00c1m van egy verseny, amit m\u00e9g enn\u00e9l is el\u0151r\u00e9bb helyez a priorit\u00e1si sorban\u2026","robots":{"index":"index","follow":"follow","max-snippet":"max-snippet:-1","max-image-preview":"max-image-preview:large","max-video-preview":"max-video-preview:-1"},"canonical":"https:\/\/www.welovecycling.com\/hu\/orszaguti-kerekpar\/egy-foldonkivuli-vilaghodito-tervei-pogacar-ramegy-az-otodik-sarga-trikojara-de-van-valami-amit-meg-ennel-is-jobban-szeretne\/","og_locale":"hu_HU","og_type":"article","og_title":"Egy f\u00f6ld\u00f6nk\u00edv\u00fcli vil\u00e1gh\u00f3d\u00edt\u00f3 tervei: Poga\u010dar r\u00e1megy az \u00f6t\u00f6dik s\u00e1rga trik\u00f3j\u00e1ra, de van valami, amit m\u00e9g enn\u00e9l is jobban szeretne!","og_description":"A szlov\u00e9n szuperszt\u00e1r szenz\u00e1ci\u00f3s idei \u00e9ve ut\u00e1n 2026-ban sem lass\u00edtana, \u00e9s t\u00f6rt\u00e9nelmi elitklubba l\u00e9pne \u00f6t\u00f6dik Tour de France-siker\u00e9vel. \u00c1m van egy verseny, amit m\u00e9g enn\u00e9l is el\u0151r\u00e9bb helyez a priorit\u00e1si sorban\u2026","og_url":"https:\/\/www.welovecycling.com\/hu\/orszaguti-kerekpar\/egy-foldonkivuli-vilaghodito-tervei-pogacar-ramegy-az-otodik-sarga-trikojara-de-van-valami-amit-meg-ennel-is-jobban-szeretne\/","og_site_name":"\u0160koda We Love Cycling - Magyarorsz\u00e1g","article_publisher":"https:\/\/www.facebook.com\/WeLoveCyclingHungary\/","article_published_time":"2025-12-16T12:36:59+00:00","og_image":[{"width":1387,"height":924,"url":"https:\/\/d2p6e6u75xmxt8.cloudfront.net\/12\/2025\/12\/image1-2.webp","type":"image\/webp"}],"author":"hegyizs","twitter_card":"summary_large_image","twitter_misc":{"Written by":"WLC","Est. reading time":"5 minutes"},"schema":{"@context":"https:\/\/schema.org","@graph":[{"@type":"WebPage","@id":"https:\/\/www.welovecycling.com\/hu\/orszaguti-kerekpar\/egy-foldonkivuli-vilaghodito-tervei-pogacar-ramegy-az-otodik-sarga-trikojara-de-van-valami-amit-meg-ennel-is-jobban-szeretne\/","url":"https:\/\/www.welovecycling.com\/hu\/orszaguti-kerekpar\/egy-foldonkivuli-vilaghodito-tervei-pogacar-ramegy-az-otodik-sarga-trikojara-de-van-valami-amit-meg-ennel-is-jobban-szeretne\/","name":"Egy f\u00f6ld\u00f6nk\u00edv\u00fcli vil\u00e1gh\u00f3d\u00edt\u00f3 tervei: Poga\u010dar r\u00e1megy az \u00f6t\u00f6dik s\u00e1rga trik\u00f3j\u00e1ra, de van valami, amit m\u00e9g enn\u00e9l is jobban szeretne!","isPartOf":{"@id":"https:\/\/www.welovecycling.com\/hu\/#website"},"primaryImageOfPage":{"@id":"https:\/\/www.welovecycling.com\/hu\/orszaguti-kerekpar\/egy-foldonkivuli-vilaghodito-tervei-pogacar-ramegy-az-otodik-sarga-trikojara-de-van-valami-amit-meg-ennel-is-jobban-szeretne\/#primaryimage"},"image":{"@id":"https:\/\/www.welovecycling.com\/hu\/orszaguti-kerekpar\/egy-foldonkivuli-vilaghodito-tervei-pogacar-ramegy-az-otodik-sarga-trikojara-de-van-valami-amit-meg-ennel-is-jobban-szeretne\/#primaryimage"},"thumbnailUrl":"https:\/\/d2p6e6u75xmxt8.cloudfront.net\/12\/2025\/12\/image1-2.webp","datePublished":"2025-12-16T12:36:59+00:00","author":{"@id":"https:\/\/www.welovecycling.com\/hu\/#\/schema\/person\/414a2aebf1801691a5320edb6468e194"},"description":"A szlov\u00e9n szuperszt\u00e1r szenz\u00e1ci\u00f3s idei \u00e9ve ut\u00e1n 2026-ban sem lass\u00edtana, \u00e9s t\u00f6rt\u00e9nelmi elitklubba l\u00e9pne \u00f6t\u00f6dik Tour de France-siker\u00e9vel. \u00c1m van egy verseny, amit m\u00e9g enn\u00e9l is el\u0151r\u00e9bb helyez a priorit\u00e1si sorban\u2026","breadcrumb":{"@id":"https:\/\/www.welovecycling.com\/hu\/orszaguti-kerekpar\/egy-foldonkivuli-vilaghodito-tervei-pogacar-ramegy-az-otodik-sarga-trikojara-de-van-valami-amit-meg-ennel-is-jobban-szeretne\/#breadcrumb"},"inLanguage":"hu","potentialAction":[{"@type":"ReadAction","target":["https:\/\/www.welovecycling.com\/hu\/orszaguti-kerekpar\/egy-foldonkivuli-vilaghodito-tervei-pogacar-ramegy-az-otodik-sarga-trikojara-de-van-valami-amit-meg-ennel-is-jobban-szeretne\/"]}]},{"@type":"ImageObject","inLanguage":"hu","@id":"https:\/\/www.welovecycling.com\/hu\/orszaguti-kerekpar\/egy-foldonkivuli-vilaghodito-tervei-pogacar-ramegy-az-otodik-sarga-trikojara-de-van-valami-amit-meg-ennel-is-jobban-szeretne\/#primaryimage","url":"https:\/\/d2p6e6u75xmxt8.cloudfront.net\/12\/2025\/12\/image1-2.webp","contentUrl":"https:\/\/d2p6e6u75xmxt8.cloudfront.net\/12\/2025\/12\/image1-2.webp","width":1387,"height":924,"caption":"Poga\u010dar \u00e9s Almeida, a legjobb csapatt\u00e1rsnak j\u00e1r\u00f3 d\u00edjjal \u2013 ez a fel\u00e1ll\u00e1s j\u00f6v\u0151re biztosan nem ism\u00e9tl\u0151dik meg a Tour-on (Fot\u00f3: UAE Emirates)"},{"@type":"BreadcrumbList","@id":"https:\/\/www.welovecycling.com\/hu\/orszaguti-kerekpar\/egy-foldonkivuli-vilaghodito-tervei-pogacar-ramegy-az-otodik-sarga-trikojara-de-van-valami-amit-meg-ennel-is-jobban-szeretne\/#breadcrumb","itemListElement":[{"@type":"ListItem","position":1,"name":"Home","item":"https:\/\/www.welovecycling.com\/hu\/"},{"@type":"ListItem","position":2,"name":"Egy f\u00f6ld\u00f6nk\u00edv\u00fcli vil\u00e1gh\u00f3d\u00edt\u00f3 tervei: Poga\u010dar r\u00e1megy az \u00f6t\u00f6dik s\u00e1rga trik\u00f3j\u00e1ra, de van valami, amit m\u00e9g enn\u00e9l is jobban szeretne!"}]},{"@type":"WebSite","@id":"https:\/\/www.welovecycling.com\/hu\/#website","url":"https:\/\/www.welovecycling.com\/hu\/","name":"\u0160koda We Love Cycling - Magyarorsz\u00e1g","description":"\u0160koda WeLoveCycling","potentialAction":[{"@type":"SearchAction","target":{"@type":"EntryPoint","urlTemplate":"https:\/\/www.welovecycling.com\/hu\/?s={search_term_string}"},"query-input":{"@type":"PropertyValueSpecification","valueRequired":true,"valueName":"search_term_string"}}],"inLanguage":"hu"},{"@type":"Person","@id":"https:\/\/www.welovecycling.com\/hu\/#\/schema\/person\/414a2aebf1801691a5320edb6468e194","name":"hegyizs","image":{"@type":"ImageObject","inLanguage":"hu","@id":"https:\/\/www.welovecycling.com\/hu\/#\/schema\/person\/image\/","url":"https:\/\/secure.gravatar.com\/avatar\/02cf8a7906b8cf90cecb4679defac7cfd33a1c2e3b88e4903d947f3bb58eedd3?s=96&d=mm&r=g","contentUrl":"https:\/\/secure.gravatar.com\/avatar\/02cf8a7906b8cf90cecb4679defac7cfd33a1c2e3b88e4903d947f3bb58eedd3?s=96&d=mm&r=g","caption":"hegyizs"},"url":"https:\/\/www.welovecycling.com\/hu\/author\/hegyizs\/"}]}},"_links":{"self":[{"href":"https:\/\/www.welovecycling.com\/hu\/wp-json\/wp\/v2\/posts\/19406","targetHints":{"allow":["GET"]}}],"collection":[{"href":"https:\/\/www.welovecycling.com\/hu\/wp-json\/wp\/v2\/posts"}],"about":[{"href":"https:\/\/www.welovecycling.com\/hu\/wp-json\/wp\/v2\/types\/post"}],"author":[{"embeddable":true,"href":"https:\/\/www.welovecycling.com\/hu\/wp-json\/wp\/v2\/users\/71"}],"replies":[{"embeddable":true,"href":"https:\/\/www.welovecycling.com\/hu\/wp-json\/wp\/v2\/comments?post=19406"}],"version-history":[{"count":1,"href":"https:\/\/www.welovecycling.com\/hu\/wp-json\/wp\/v2\/posts\/19406\/revisions"}],"predecessor-version":[{"id":19411,"href":"https:\/\/www.welovecycling.com\/hu\/wp-json\/wp\/v2\/posts\/19406\/revisions\/19411"}],"wp:featuredmedia":[{"embeddable":true,"href":"https:\/\/www.welovecycling.com\/hu\/wp-json\/wp\/v2\/media\/19407"}],"wp:attachment":[{"href":"https:\/\/www.welovecycling.com\/hu\/wp-json\/wp\/v2\/media?parent=19406"}],"wp:term":[{"taxonomy":"category","embeddable":true,"href":"https:\/\/www.welovecycling.com\/hu\/wp-json\/wp\/v2\/categories?post=19406"},{"taxonomy":"post_tag","embeddable":true,"href":"https:\/\/www.welovecycling.com\/hu\/wp-json\/wp\/v2\/tags?post=19406"},{"taxonomy":"global-categories","embeddable":true,"href":"https:\/\/www.welovecycling.com\/hu\/wp-json\/wp\/v2\/global-categories?post=19406"}],"curies":[{"name":"wp","href":"https:\/\/api.w.org\/{rel}","templated":true}]}}