{"id":19398,"date":"2025-12-10T12:21:49","date_gmt":"2025-12-10T10:21:49","guid":{"rendered":"https:\/\/www.welovecycling.com\/hu\/?p=19398"},"modified":"2025-12-10T12:21:49","modified_gmt":"2025-12-10T10:21:49","slug":"csak-giro-mercevel-konnyebb-szokatlan-utvonallal-probaljak-tour-giro-duplara-csabitani-a-legnagyobb-sztarokat-az-olasz-kor-szervezoi","status":"publish","type":"post","link":"https:\/\/www.welovecycling.com\/hu\/orszaguti-kerekpar\/csak-giro-mercevel-konnyebb-szokatlan-utvonallal-probaljak-tour-giro-duplara-csabitani-a-legnagyobb-sztarokat-az-olasz-kor-szervezoi\/","title":{"rendered":"Csak Giro-m\u00e9rc\u00e9vel \u201ek\u00f6nnyebb\u201d: szokatlan \u00fatvonallal pr\u00f3b\u00e1lj\u00e1k Tour-Giro dupl\u00e1ra cs\u00e1b\u00edtani a legnagyobb szt\u00e1rokat az Olasz k\u00f6r szervez\u0151i"},"content":{"rendered":"<p><b>J\u00f6v\u0151re Bulg\u00e1ri\u00e1b\u00f3l rajtol a 109. Giro d\u2019Italia, amely ez\u00fattal kev\u00e9sb\u00e9 lesz kegyetlen, mint szokott, de \u00e9ppen ez\u00e9rt roppant izgalmasnak \u00edg\u00e9rkezik.\u00a0<\/b><!--more--><\/p>\n<p><span style=\"font-weight: 400;\">A 2026-os Giro d\u2019Italia m\u00e1r az Olasz K\u00f6rverseny 109. ki\u00edr\u00e1sa lesz, amely ez\u00fattal m\u00e1jus 8-\u00e1n indul, m\u00e9ghozz\u00e1 ism\u00e9t egy \u201eunortodox\u201d helysz\u00ednr\u0151l: az elm\u00falt \u00e9vek jeruzs\u00e1lemi, budapesti vagy \u00e9ppen alb\u00e1niai Nagy Rajtja ut\u00e1n ez\u00fattal a bolg\u00e1r tengerpart ad otthont a Grande Partenz\u00e1nak \u00e9s az els\u0151 h\u00e1rom etapnak. A Giro t\u00f6rt\u00e9net\u00e9ben ez lesz a 16. k\u00fclf\u00f6ldi rajt, a mez\u0151ny v\u00e9g\u00fcl m\u00e1jus 31-\u00e9n \u00e9rkezik meg R\u00f3m\u00e1ba 3\u00a0459 kilom\u00e9ter megt\u00e9tele ut\u00e1n.\u00a0<\/span><\/p>\n<figure id=\"attachment_19401\" aria-describedby=\"caption-attachment-19401\" style=\"width: 1024px\" class=\"wp-caption alignnone\"><img loading=\"lazy\" decoding=\"async\" class=\"size-large wp-image-19401\" src=\"https:\/\/d2p6e6u75xmxt8.cloudfront.net\/12\/2025\/12\/image3-1024x512.webp\" alt=\"\" width=\"1024\" height=\"512\" srcset=\"https:\/\/d2p6e6u75xmxt8.cloudfront.net\/12\/2025\/12\/image3-1024x512.webp 1024w, https:\/\/d2p6e6u75xmxt8.cloudfront.net\/12\/2025\/12\/image3-300x150.webp 300w, https:\/\/d2p6e6u75xmxt8.cloudfront.net\/12\/2025\/12\/image3-768x384.webp 768w, https:\/\/d2p6e6u75xmxt8.cloudfront.net\/12\/2025\/12\/image3-400x200.webp 400w, https:\/\/d2p6e6u75xmxt8.cloudfront.net\/12\/2025\/12\/image3.webp 1280w\" sizes=\"auto, (max-width: 1024px) 100vw, 1024px\" \/><figcaption id=\"caption-attachment-19401\" class=\"wp-caption-text\">fot\u00f3: Giro<\/figcaption><\/figure>\n<p><span style=\"font-weight: 400;\">Ami m\u00e1r els\u0151re szembe\u00f6tl\u0151, hogy a j\u00f6v\u0151 \u00e9vi Giro a megszokottn\u00e1l valamivel \u201ek\u00f6nnyebb\u201d lesz, amit a szakaszrajzok \u00e9s a sz\u00e1mok is al\u00e1t\u00e1masztanak: a h\u00e1rom h\u00e9t alatt lek\u00fczdend\u0151 49\u00a0150 m\u00e9teres \u00f6ssz-szintemelked\u00e9s durv\u00e1n 8 %-kal kevesebb, mint p\u00e9ld\u00e1ul a tavalyi 53\u00a0250 m\u00e9ter, ez jelent\u0151s k\u00fcl\u00f6nbs\u00e9gnek mondhat\u00f3. Emellett a h\u00e9t hegyi befut\u00f3 k\u00f6z\u00fcl csup\u00e1n kett\u0151 esik a legnehezebb, 5-\u00f6s kateg\u00f3ri\u00e1ba, \u00e9s a brut\u00e1lis hegymenetek is ritk\u00e1bbak, p\u00e9ld\u00e1ul az utols\u00f3 h\u00e9t hegyi etapjainak sz\u00e1ma is kevesebb, mint kor\u00e1bban. Az \u00e1tlagos szakaszhossz is cs\u00f6kkent: m\u00edg 2025-ben 179 km, 2023-ban pedig 193 km volt az \u00e1tlag, addig a 2026-os etapok csup\u00e1n 165 km-esek. <\/span><\/p>\n<figure id=\"attachment_19400\" aria-describedby=\"caption-attachment-19400\" style=\"width: 960px\" class=\"wp-caption alignnone\"><img loading=\"lazy\" decoding=\"async\" class=\"size-full wp-image-19400\" src=\"https:\/\/d2p6e6u75xmxt8.cloudfront.net\/12\/2025\/12\/image2.webp\" alt=\"\" width=\"960\" height=\"542\" srcset=\"https:\/\/d2p6e6u75xmxt8.cloudfront.net\/12\/2025\/12\/image2.webp 960w, https:\/\/d2p6e6u75xmxt8.cloudfront.net\/12\/2025\/12\/image2-300x169.webp 300w, https:\/\/d2p6e6u75xmxt8.cloudfront.net\/12\/2025\/12\/image2-768x434.webp 768w, https:\/\/d2p6e6u75xmxt8.cloudfront.net\/12\/2025\/12\/image2-400x226.webp 400w\" sizes=\"auto, (max-width: 960px) 100vw, 960px\" \/><figcaption id=\"caption-attachment-19400\" class=\"wp-caption-text\">A Dolomitok legh\u00edrhedtebb h\u00e1g\u00f3ja, a Passo Giau (Fot\u00f3: Giro)<\/figcaption><\/figure>\n<p><span style=\"font-weight: 400;\">S hogy mi az oka a szokatlan \u201ek\u00f6nny\u00edt\u00e9snek\u201d? Nos, a szervez\u0151k, a versenyigazgat\u00f3 Mauro Vegnivel az \u00e9len, nem is titkolt\u00e1k, hogy a relat\u00edv egyszer\u0171s\u00edt\u00e9s c\u00e9lja, hogy versenyk\u00e9pes \u00e9s csalogat\u00f3 legyen a mez\u0151ny sz\u00e1m\u00e1ra: szeretn\u00e9k, ha olyan top-nevek induln\u00e1nak, akik egy\u00e9bk\u00e9nt val\u00f3sz\u00edn\u0171leg nem v\u00e1llaln\u00e1k be a Giro\u2013Tour de France kett\u0151st (p\u00e9ld\u00e1ul Jonas Vingegaard vagy Remco Evenepoel). A logika leegyszer\u0171s\u00edtve nem m\u00e1s, mint hogy a Giro ne csak \u201etort\u00fara\u201d legyen: persze, a hagyom\u00e1nyokhoz h\u00edven legyenek nehezek a hegyek (pl. ott van a verseny kir\u00e1lyetapja, a 19. szakaszon a Passo Giau-val, a 2026-os Giro \u201eCima Coppij\u00e1val\u201d, azaz legmagasabb pontj\u00e1val), de k\u00f6zben legyenek olyan szakaszok is, ahol a sprinterek, sz\u00f6k\u00e9sre p\u00e1ly\u00e1z\u00f3k, id\u0151futammen\u0151k is es\u00e9llyel indulhatnak, kiegyens\u00falyozottabb\u00e1 t\u00e9ve ezzel a viadalt. Ut\u00f3bbira j\u00f3 p\u00e9lda a j\u00f6v\u0151 \u00e9vi Giro egyetlen, viszont j\u00f3 40 kilom\u00e9teres egy\u00e9ni id\u0151futama a verseny fel\u00e9n\u00e9l, a 10. szakaszon, a tengerparthoz k\u00f6zeli Toszk\u00e1n-partvid\u00e9ken, egy technik\u00e1s, de viszonylag sima profil\u00fa p\u00e1ly\u00e1val, ahol nagy harc v\u00e1rhat\u00f3 az els\u0151s\u00e9g\u00e9rt. <\/span><\/p>\n<figure id=\"attachment_19403\" aria-describedby=\"caption-attachment-19403\" style=\"width: 1024px\" class=\"wp-caption alignnone\"><img loading=\"lazy\" decoding=\"async\" class=\"size-large wp-image-19403\" src=\"https:\/\/d2p6e6u75xmxt8.cloudfront.net\/12\/2025\/12\/image5-1024x768.webp\" alt=\"\" width=\"1024\" height=\"768\" srcset=\"https:\/\/d2p6e6u75xmxt8.cloudfront.net\/12\/2025\/12\/image5-1024x768.webp 1024w, https:\/\/d2p6e6u75xmxt8.cloudfront.net\/12\/2025\/12\/image5-300x225.webp 300w, https:\/\/d2p6e6u75xmxt8.cloudfront.net\/12\/2025\/12\/image5-768x576.webp 768w, https:\/\/d2p6e6u75xmxt8.cloudfront.net\/12\/2025\/12\/image5-400x300.webp 400w, https:\/\/d2p6e6u75xmxt8.cloudfront.net\/12\/2025\/12\/image5.webp 1200w\" sizes=\"auto, (max-width: 1024px) 100vw, 1024px\" \/><figcaption id=\"caption-attachment-19403\" class=\"wp-caption-text\">A verseny fel\u00e9n\u00e9l lesz a j\u00f3 40 km-es egy\u00e9ni id\u0151futam a fest\u0151i toszk\u00e1n t\u00e1jakon (Fot\u00f3: Luca Bettini\/AFP\/Getty Images)<\/figcaption><\/figure>\n<p><span style=\"font-weight: 400;\">\u00d6sszess\u00e9g\u00e9ben teh\u00e1t a 2026-os Giro \u00fatvonala izgalmasnak \u00e9s kiegyens\u00falyozottnak t\u0171nik: a sprinterek, id\u0151futamosok \u00e9s \u00f6sszetett-favoritok is b\u0151ven kapnak es\u00e9lyt, a sok hegyi befut\u00f3 \u00e9s a k\u0151kem\u00e9ny kir\u00e1lyetap miatt pedig az \u00f6sszetett verseny sem \u00edg\u00e9rkezik k\u00f6nny\u0171nek. Ezek f\u00e9ny\u00e9ben kimondottan \u00e9rdekes lesz megfigyelni, vajon bej\u00f6n-e a szervez\u0151k \u00e9s az RCS Sport terve, s a relat\u00edv k\u00f6nny\u00edt\u00e9ssel egy\u00fctt bev\u00e1llalj\u00e1k-e a viadalt a legnagyobb nevek, p\u00e9ld\u00e1ul Tadej Pogacar, Jonas Vingegaard vagy Remco Evenepoel \u2013 ha igen, az egy f\u0151nyerem\u00e9ny lenne a Tour el\u0151tt a Giro \u00e9s az orsz\u00e1g\u00fati bringakedvel\u0151k sz\u00e1m\u00e1ra!<\/span><\/p>\n<figure id=\"attachment_19402\" aria-describedby=\"caption-attachment-19402\" style=\"width: 1024px\" class=\"wp-caption alignnone\"><img loading=\"lazy\" decoding=\"async\" class=\"wp-image-19402 size-large\" src=\"https:\/\/d2p6e6u75xmxt8.cloudfront.net\/12\/2025\/12\/image4-1024x682.webp\" alt=\"\" width=\"1024\" height=\"682\" srcset=\"https:\/\/d2p6e6u75xmxt8.cloudfront.net\/12\/2025\/12\/image4-1024x682.webp 1024w, https:\/\/d2p6e6u75xmxt8.cloudfront.net\/12\/2025\/12\/image4-300x200.webp 300w, https:\/\/d2p6e6u75xmxt8.cloudfront.net\/12\/2025\/12\/image4-768x511.webp 768w, https:\/\/d2p6e6u75xmxt8.cloudfront.net\/12\/2025\/12\/image4-400x266.webp 400w, https:\/\/d2p6e6u75xmxt8.cloudfront.net\/12\/2025\/12\/image4-272x182.webp 272w, https:\/\/d2p6e6u75xmxt8.cloudfront.net\/12\/2025\/12\/image4.webp 1385w\" sizes=\"auto, (max-width: 1024px) 100vw, 1024px\" \/><figcaption id=\"caption-attachment-19402\" class=\"wp-caption-text\">Tadej Pogacar tavaly er\u0151demonstr\u00e1ci\u00f3 tartott a Gir\u00f3n (Fot\u00f3: EPA)<\/dd>\n<dd><\/figcaption><\/figure>\n<p><span style=\"font-weight: 400;\">Bor\u00edt\u00f3k\u00e9p: <\/span><span style=\"font-weight: 400;\">Chris Auld\/Velo<\/span><\/p>\n","protected":false},"excerpt":{"rendered":"<p>J\u00f6v\u0151re Bulg\u00e1ri\u00e1b\u00f3l rajtol a 109. Giro d\u2019Italia, amely ez\u00fattal kev\u00e9sb\u00e9 lesz kegyetlen, mint szokott, de \u00e9ppen ez\u00e9rt roppant izgalmasnak \u00edg\u00e9rkezik.\u00a0<\/p>\n","protected":false},"author":71,"featured_media":19404,"comment_status":"open","ping_status":"open","sticky":false,"template":"","format":"standard","meta":{"footnotes":""},"categories":[8],"tags":[],"global-categories":[419],"class_list":["post-19398","post","type-post","status-publish","format-standard","has-post-thumbnail","hentry","category-orszaguti-kerekpar","global-categories-cycling"],"yoast_head":"<!-- This site is optimized with the Yoast SEO Premium plugin v25.3 (Yoast SEO v25.9) - https:\/\/yoast.com\/wordpress\/plugins\/seo\/ -->\n<title>Csak Giro-m\u00e9rc\u00e9vel \u201ek\u00f6nnyebb\u201d: szokatlan \u00fatvonallal pr\u00f3b\u00e1lj\u00e1k Tour-Giro dupl\u00e1ra cs\u00e1b\u00edtani a legnagyobb szt\u00e1rokat az Olasz k\u00f6r szervez\u0151i<\/title>\n<meta name=\"description\" content=\"J\u00f6v\u0151re Bulg\u00e1ri\u00e1b\u00f3l rajtol a 109. Giro d\u2019Italia, amely ez\u00fattal kev\u00e9sb\u00e9 lesz kegyetlen, mint szokott, de \u00e9ppen ez\u00e9rt roppant izgalmasnak \u00edg\u00e9rkezik.\" \/>\n<meta name=\"robots\" content=\"index, follow, max-snippet:-1, max-image-preview:large, max-video-preview:-1\" \/>\n<link rel=\"canonical\" href=\"https:\/\/www.welovecycling.com\/hu\/orszaguti-kerekpar\/csak-giro-mercevel-konnyebb-szokatlan-utvonallal-probaljak-tour-giro-duplara-csabitani-a-legnagyobb-sztarokat-az-olasz-kor-szervezoi\/\" \/>\n<meta property=\"og:locale\" content=\"hu_HU\" \/>\n<meta property=\"og:type\" content=\"article\" \/>\n<meta property=\"og:title\" content=\"Csak Giro-m\u00e9rc\u00e9vel \u201ek\u00f6nnyebb\u201d: szokatlan \u00fatvonallal pr\u00f3b\u00e1lj\u00e1k Tour-Giro dupl\u00e1ra cs\u00e1b\u00edtani a legnagyobb szt\u00e1rokat az Olasz k\u00f6r szervez\u0151i\" \/>\n<meta property=\"og:description\" content=\"J\u00f6v\u0151re Bulg\u00e1ri\u00e1b\u00f3l rajtol a 109. Giro d\u2019Italia, amely ez\u00fattal kev\u00e9sb\u00e9 lesz kegyetlen, mint szokott, de \u00e9ppen ez\u00e9rt roppant izgalmasnak \u00edg\u00e9rkezik.\" \/>\n<meta property=\"og:url\" content=\"https:\/\/www.welovecycling.com\/hu\/orszaguti-kerekpar\/csak-giro-mercevel-konnyebb-szokatlan-utvonallal-probaljak-tour-giro-duplara-csabitani-a-legnagyobb-sztarokat-az-olasz-kor-szervezoi\/\" \/>\n<meta property=\"og:site_name\" content=\"\u0160koda We Love Cycling - Magyarorsz\u00e1g\" \/>\n<meta property=\"article:publisher\" content=\"https:\/\/www.facebook.com\/WeLoveCyclingHungary\/\" \/>\n<meta property=\"article:published_time\" content=\"2025-12-10T10:21:49+00:00\" \/>\n<meta property=\"og:image\" content=\"https:\/\/d2p6e6u75xmxt8.cloudfront.net\/12\/2025\/12\/image1-1.webp\" \/>\n\t<meta property=\"og:image:width\" content=\"1440\" \/>\n\t<meta property=\"og:image:height\" content=\"960\" \/>\n\t<meta property=\"og:image:type\" content=\"image\/webp\" \/>\n<meta name=\"author\" content=\"hegyizs\" \/>\n<meta name=\"twitter:card\" content=\"summary_large_image\" \/>\n<meta name=\"twitter:label1\" content=\"Written by\" \/>\n\t<meta name=\"twitter:data1\" content=\"WLC\" \/>\n\t<meta name=\"twitter:label2\" content=\"Est. reading time\" \/>\n\t<meta name=\"twitter:data2\" content=\"3 minutes\" \/>\n<script type=\"application\/ld+json\" class=\"yoast-schema-graph\">{\"@context\":\"https:\/\/schema.org\",\"@graph\":[{\"@type\":\"WebPage\",\"@id\":\"https:\/\/www.welovecycling.com\/hu\/orszaguti-kerekpar\/csak-giro-mercevel-konnyebb-szokatlan-utvonallal-probaljak-tour-giro-duplara-csabitani-a-legnagyobb-sztarokat-az-olasz-kor-szervezoi\/\",\"url\":\"https:\/\/www.welovecycling.com\/hu\/orszaguti-kerekpar\/csak-giro-mercevel-konnyebb-szokatlan-utvonallal-probaljak-tour-giro-duplara-csabitani-a-legnagyobb-sztarokat-az-olasz-kor-szervezoi\/\",\"name\":\"Csak Giro-m\u00e9rc\u00e9vel \u201ek\u00f6nnyebb\u201d: szokatlan \u00fatvonallal pr\u00f3b\u00e1lj\u00e1k Tour-Giro dupl\u00e1ra cs\u00e1b\u00edtani a legnagyobb szt\u00e1rokat az Olasz k\u00f6r szervez\u0151i\",\"isPartOf\":{\"@id\":\"https:\/\/www.welovecycling.com\/hu\/#website\"},\"primaryImageOfPage\":{\"@id\":\"https:\/\/www.welovecycling.com\/hu\/orszaguti-kerekpar\/csak-giro-mercevel-konnyebb-szokatlan-utvonallal-probaljak-tour-giro-duplara-csabitani-a-legnagyobb-sztarokat-az-olasz-kor-szervezoi\/#primaryimage\"},\"image\":{\"@id\":\"https:\/\/www.welovecycling.com\/hu\/orszaguti-kerekpar\/csak-giro-mercevel-konnyebb-szokatlan-utvonallal-probaljak-tour-giro-duplara-csabitani-a-legnagyobb-sztarokat-az-olasz-kor-szervezoi\/#primaryimage\"},\"thumbnailUrl\":\"https:\/\/d2p6e6u75xmxt8.cloudfront.net\/12\/2025\/12\/image1-1.webp\",\"datePublished\":\"2025-12-10T10:21:49+00:00\",\"author\":{\"@id\":\"https:\/\/www.welovecycling.com\/hu\/#\/schema\/person\/414a2aebf1801691a5320edb6468e194\"},\"description\":\"J\u00f6v\u0151re Bulg\u00e1ri\u00e1b\u00f3l rajtol a 109. Giro d\u2019Italia, amely ez\u00fattal kev\u00e9sb\u00e9 lesz kegyetlen, mint szokott, de \u00e9ppen ez\u00e9rt roppant izgalmasnak \u00edg\u00e9rkezik.\",\"breadcrumb\":{\"@id\":\"https:\/\/www.welovecycling.com\/hu\/orszaguti-kerekpar\/csak-giro-mercevel-konnyebb-szokatlan-utvonallal-probaljak-tour-giro-duplara-csabitani-a-legnagyobb-sztarokat-az-olasz-kor-szervezoi\/#breadcrumb\"},\"inLanguage\":\"hu\",\"potentialAction\":[{\"@type\":\"ReadAction\",\"target\":[\"https:\/\/www.welovecycling.com\/hu\/orszaguti-kerekpar\/csak-giro-mercevel-konnyebb-szokatlan-utvonallal-probaljak-tour-giro-duplara-csabitani-a-legnagyobb-sztarokat-az-olasz-kor-szervezoi\/\"]}]},{\"@type\":\"ImageObject\",\"inLanguage\":\"hu\",\"@id\":\"https:\/\/www.welovecycling.com\/hu\/orszaguti-kerekpar\/csak-giro-mercevel-konnyebb-szokatlan-utvonallal-probaljak-tour-giro-duplara-csabitani-a-legnagyobb-sztarokat-az-olasz-kor-szervezoi\/#primaryimage\",\"url\":\"https:\/\/d2p6e6u75xmxt8.cloudfront.net\/12\/2025\/12\/image1-1.webp\",\"contentUrl\":\"https:\/\/d2p6e6u75xmxt8.cloudfront.net\/12\/2025\/12\/image1-1.webp\",\"width\":1440,\"height\":960},{\"@type\":\"BreadcrumbList\",\"@id\":\"https:\/\/www.welovecycling.com\/hu\/orszaguti-kerekpar\/csak-giro-mercevel-konnyebb-szokatlan-utvonallal-probaljak-tour-giro-duplara-csabitani-a-legnagyobb-sztarokat-az-olasz-kor-szervezoi\/#breadcrumb\",\"itemListElement\":[{\"@type\":\"ListItem\",\"position\":1,\"name\":\"Home\",\"item\":\"https:\/\/www.welovecycling.com\/hu\/\"},{\"@type\":\"ListItem\",\"position\":2,\"name\":\"Csak Giro-m\u00e9rc\u00e9vel \u201ek\u00f6nnyebb\u201d: szokatlan \u00fatvonallal pr\u00f3b\u00e1lj\u00e1k Tour-Giro dupl\u00e1ra cs\u00e1b\u00edtani a legnagyobb szt\u00e1rokat az Olasz k\u00f6r szervez\u0151i\"}]},{\"@type\":\"WebSite\",\"@id\":\"https:\/\/www.welovecycling.com\/hu\/#website\",\"url\":\"https:\/\/www.welovecycling.com\/hu\/\",\"name\":\"\u0160koda We Love Cycling - Magyarorsz\u00e1g\",\"description\":\"\u0160koda WeLoveCycling\",\"potentialAction\":[{\"@type\":\"SearchAction\",\"target\":{\"@type\":\"EntryPoint\",\"urlTemplate\":\"https:\/\/www.welovecycling.com\/hu\/?s={search_term_string}\"},\"query-input\":{\"@type\":\"PropertyValueSpecification\",\"valueRequired\":true,\"valueName\":\"search_term_string\"}}],\"inLanguage\":\"hu\"},{\"@type\":\"Person\",\"@id\":\"https:\/\/www.welovecycling.com\/hu\/#\/schema\/person\/414a2aebf1801691a5320edb6468e194\",\"name\":\"hegyizs\",\"image\":{\"@type\":\"ImageObject\",\"inLanguage\":\"hu\",\"@id\":\"https:\/\/www.welovecycling.com\/hu\/#\/schema\/person\/image\/\",\"url\":\"https:\/\/secure.gravatar.com\/avatar\/02cf8a7906b8cf90cecb4679defac7cfd33a1c2e3b88e4903d947f3bb58eedd3?s=96&d=mm&r=g\",\"contentUrl\":\"https:\/\/secure.gravatar.com\/avatar\/02cf8a7906b8cf90cecb4679defac7cfd33a1c2e3b88e4903d947f3bb58eedd3?s=96&d=mm&r=g\",\"caption\":\"hegyizs\"},\"url\":\"https:\/\/www.welovecycling.com\/hu\/author\/hegyizs\/\"}]}<\/script>\n<!-- \/ Yoast SEO Premium plugin. -->","yoast_head_json":{"title":"Csak Giro-m\u00e9rc\u00e9vel \u201ek\u00f6nnyebb\u201d: szokatlan \u00fatvonallal pr\u00f3b\u00e1lj\u00e1k Tour-Giro dupl\u00e1ra cs\u00e1b\u00edtani a legnagyobb szt\u00e1rokat az Olasz k\u00f6r szervez\u0151i","description":"J\u00f6v\u0151re Bulg\u00e1ri\u00e1b\u00f3l rajtol a 109. Giro d\u2019Italia, amely ez\u00fattal kev\u00e9sb\u00e9 lesz kegyetlen, mint szokott, de \u00e9ppen ez\u00e9rt roppant izgalmasnak \u00edg\u00e9rkezik.","robots":{"index":"index","follow":"follow","max-snippet":"max-snippet:-1","max-image-preview":"max-image-preview:large","max-video-preview":"max-video-preview:-1"},"canonical":"https:\/\/www.welovecycling.com\/hu\/orszaguti-kerekpar\/csak-giro-mercevel-konnyebb-szokatlan-utvonallal-probaljak-tour-giro-duplara-csabitani-a-legnagyobb-sztarokat-az-olasz-kor-szervezoi\/","og_locale":"hu_HU","og_type":"article","og_title":"Csak Giro-m\u00e9rc\u00e9vel \u201ek\u00f6nnyebb\u201d: szokatlan \u00fatvonallal pr\u00f3b\u00e1lj\u00e1k Tour-Giro dupl\u00e1ra cs\u00e1b\u00edtani a legnagyobb szt\u00e1rokat az Olasz k\u00f6r szervez\u0151i","og_description":"J\u00f6v\u0151re Bulg\u00e1ri\u00e1b\u00f3l rajtol a 109. Giro d\u2019Italia, amely ez\u00fattal kev\u00e9sb\u00e9 lesz kegyetlen, mint szokott, de \u00e9ppen ez\u00e9rt roppant izgalmasnak \u00edg\u00e9rkezik.","og_url":"https:\/\/www.welovecycling.com\/hu\/orszaguti-kerekpar\/csak-giro-mercevel-konnyebb-szokatlan-utvonallal-probaljak-tour-giro-duplara-csabitani-a-legnagyobb-sztarokat-az-olasz-kor-szervezoi\/","og_site_name":"\u0160koda We Love Cycling - Magyarorsz\u00e1g","article_publisher":"https:\/\/www.facebook.com\/WeLoveCyclingHungary\/","article_published_time":"2025-12-10T10:21:49+00:00","og_image":[{"width":1440,"height":960,"url":"https:\/\/d2p6e6u75xmxt8.cloudfront.net\/12\/2025\/12\/image1-1.webp","type":"image\/webp"}],"author":"hegyizs","twitter_card":"summary_large_image","twitter_misc":{"Written by":"WLC","Est. reading time":"3 minutes"},"schema":{"@context":"https:\/\/schema.org","@graph":[{"@type":"WebPage","@id":"https:\/\/www.welovecycling.com\/hu\/orszaguti-kerekpar\/csak-giro-mercevel-konnyebb-szokatlan-utvonallal-probaljak-tour-giro-duplara-csabitani-a-legnagyobb-sztarokat-az-olasz-kor-szervezoi\/","url":"https:\/\/www.welovecycling.com\/hu\/orszaguti-kerekpar\/csak-giro-mercevel-konnyebb-szokatlan-utvonallal-probaljak-tour-giro-duplara-csabitani-a-legnagyobb-sztarokat-az-olasz-kor-szervezoi\/","name":"Csak Giro-m\u00e9rc\u00e9vel \u201ek\u00f6nnyebb\u201d: szokatlan \u00fatvonallal pr\u00f3b\u00e1lj\u00e1k Tour-Giro dupl\u00e1ra cs\u00e1b\u00edtani a legnagyobb szt\u00e1rokat az Olasz k\u00f6r szervez\u0151i","isPartOf":{"@id":"https:\/\/www.welovecycling.com\/hu\/#website"},"primaryImageOfPage":{"@id":"https:\/\/www.welovecycling.com\/hu\/orszaguti-kerekpar\/csak-giro-mercevel-konnyebb-szokatlan-utvonallal-probaljak-tour-giro-duplara-csabitani-a-legnagyobb-sztarokat-az-olasz-kor-szervezoi\/#primaryimage"},"image":{"@id":"https:\/\/www.welovecycling.com\/hu\/orszaguti-kerekpar\/csak-giro-mercevel-konnyebb-szokatlan-utvonallal-probaljak-tour-giro-duplara-csabitani-a-legnagyobb-sztarokat-az-olasz-kor-szervezoi\/#primaryimage"},"thumbnailUrl":"https:\/\/d2p6e6u75xmxt8.cloudfront.net\/12\/2025\/12\/image1-1.webp","datePublished":"2025-12-10T10:21:49+00:00","author":{"@id":"https:\/\/www.welovecycling.com\/hu\/#\/schema\/person\/414a2aebf1801691a5320edb6468e194"},"description":"J\u00f6v\u0151re Bulg\u00e1ri\u00e1b\u00f3l rajtol a 109. Giro d\u2019Italia, amely ez\u00fattal kev\u00e9sb\u00e9 lesz kegyetlen, mint szokott, de \u00e9ppen ez\u00e9rt roppant izgalmasnak \u00edg\u00e9rkezik.","breadcrumb":{"@id":"https:\/\/www.welovecycling.com\/hu\/orszaguti-kerekpar\/csak-giro-mercevel-konnyebb-szokatlan-utvonallal-probaljak-tour-giro-duplara-csabitani-a-legnagyobb-sztarokat-az-olasz-kor-szervezoi\/#breadcrumb"},"inLanguage":"hu","potentialAction":[{"@type":"ReadAction","target":["https:\/\/www.welovecycling.com\/hu\/orszaguti-kerekpar\/csak-giro-mercevel-konnyebb-szokatlan-utvonallal-probaljak-tour-giro-duplara-csabitani-a-legnagyobb-sztarokat-az-olasz-kor-szervezoi\/"]}]},{"@type":"ImageObject","inLanguage":"hu","@id":"https:\/\/www.welovecycling.com\/hu\/orszaguti-kerekpar\/csak-giro-mercevel-konnyebb-szokatlan-utvonallal-probaljak-tour-giro-duplara-csabitani-a-legnagyobb-sztarokat-az-olasz-kor-szervezoi\/#primaryimage","url":"https:\/\/d2p6e6u75xmxt8.cloudfront.net\/12\/2025\/12\/image1-1.webp","contentUrl":"https:\/\/d2p6e6u75xmxt8.cloudfront.net\/12\/2025\/12\/image1-1.webp","width":1440,"height":960},{"@type":"BreadcrumbList","@id":"https:\/\/www.welovecycling.com\/hu\/orszaguti-kerekpar\/csak-giro-mercevel-konnyebb-szokatlan-utvonallal-probaljak-tour-giro-duplara-csabitani-a-legnagyobb-sztarokat-az-olasz-kor-szervezoi\/#breadcrumb","itemListElement":[{"@type":"ListItem","position":1,"name":"Home","item":"https:\/\/www.welovecycling.com\/hu\/"},{"@type":"ListItem","position":2,"name":"Csak Giro-m\u00e9rc\u00e9vel \u201ek\u00f6nnyebb\u201d: szokatlan \u00fatvonallal pr\u00f3b\u00e1lj\u00e1k Tour-Giro dupl\u00e1ra cs\u00e1b\u00edtani a legnagyobb szt\u00e1rokat az Olasz k\u00f6r szervez\u0151i"}]},{"@type":"WebSite","@id":"https:\/\/www.welovecycling.com\/hu\/#website","url":"https:\/\/www.welovecycling.com\/hu\/","name":"\u0160koda We Love Cycling - Magyarorsz\u00e1g","description":"\u0160koda WeLoveCycling","potentialAction":[{"@type":"SearchAction","target":{"@type":"EntryPoint","urlTemplate":"https:\/\/www.welovecycling.com\/hu\/?s={search_term_string}"},"query-input":{"@type":"PropertyValueSpecification","valueRequired":true,"valueName":"search_term_string"}}],"inLanguage":"hu"},{"@type":"Person","@id":"https:\/\/www.welovecycling.com\/hu\/#\/schema\/person\/414a2aebf1801691a5320edb6468e194","name":"hegyizs","image":{"@type":"ImageObject","inLanguage":"hu","@id":"https:\/\/www.welovecycling.com\/hu\/#\/schema\/person\/image\/","url":"https:\/\/secure.gravatar.com\/avatar\/02cf8a7906b8cf90cecb4679defac7cfd33a1c2e3b88e4903d947f3bb58eedd3?s=96&d=mm&r=g","contentUrl":"https:\/\/secure.gravatar.com\/avatar\/02cf8a7906b8cf90cecb4679defac7cfd33a1c2e3b88e4903d947f3bb58eedd3?s=96&d=mm&r=g","caption":"hegyizs"},"url":"https:\/\/www.welovecycling.com\/hu\/author\/hegyizs\/"}]}},"_links":{"self":[{"href":"https:\/\/www.welovecycling.com\/hu\/wp-json\/wp\/v2\/posts\/19398","targetHints":{"allow":["GET"]}}],"collection":[{"href":"https:\/\/www.welovecycling.com\/hu\/wp-json\/wp\/v2\/posts"}],"about":[{"href":"https:\/\/www.welovecycling.com\/hu\/wp-json\/wp\/v2\/types\/post"}],"author":[{"embeddable":true,"href":"https:\/\/www.welovecycling.com\/hu\/wp-json\/wp\/v2\/users\/71"}],"replies":[{"embeddable":true,"href":"https:\/\/www.welovecycling.com\/hu\/wp-json\/wp\/v2\/comments?post=19398"}],"version-history":[{"count":1,"href":"https:\/\/www.welovecycling.com\/hu\/wp-json\/wp\/v2\/posts\/19398\/revisions"}],"predecessor-version":[{"id":19405,"href":"https:\/\/www.welovecycling.com\/hu\/wp-json\/wp\/v2\/posts\/19398\/revisions\/19405"}],"wp:featuredmedia":[{"embeddable":true,"href":"https:\/\/www.welovecycling.com\/hu\/wp-json\/wp\/v2\/media\/19404"}],"wp:attachment":[{"href":"https:\/\/www.welovecycling.com\/hu\/wp-json\/wp\/v2\/media?parent=19398"}],"wp:term":[{"taxonomy":"category","embeddable":true,"href":"https:\/\/www.welovecycling.com\/hu\/wp-json\/wp\/v2\/categories?post=19398"},{"taxonomy":"post_tag","embeddable":true,"href":"https:\/\/www.welovecycling.com\/hu\/wp-json\/wp\/v2\/tags?post=19398"},{"taxonomy":"global-categories","embeddable":true,"href":"https:\/\/www.welovecycling.com\/hu\/wp-json\/wp\/v2\/global-categories?post=19398"}],"curies":[{"name":"wp","href":"https:\/\/api.w.org\/{rel}","templated":true}]}}