{"id":19394,"date":"2025-12-10T08:00:15","date_gmt":"2025-12-10T06:00:15","guid":{"rendered":"https:\/\/www.welovecycling.com\/hu\/?p=19394"},"modified":"2025-11-24T13:57:17","modified_gmt":"2025-11-24T11:57:17","slug":"otezer-kilometer-egy-kereken-ut-kasmirig","status":"publish","type":"post","link":"https:\/\/www.welovecycling.com\/hu\/adrenalin\/otezer-kilometer-egy-kereken-ut-kasmirig\/","title":{"rendered":"\u00d6tezer kilom\u00e9ter egy ker\u00e9ken: \u00fat Kasm\u00edrig"},"content":{"rendered":"<p style=\"font-weight: 400;\"><b>A napi h\u00edrek \u00e1radat\u00e1ban n\u00e9ha elsiklunk egy-egy olyan t\u00f6rt\u00e9net felett, ami pedig meg\u00e9rdemeln\u00e9 a figyelm\u00fcnket. Ilyen a fiatal indiai, Saneed \u00fatja is, aki tavaly nemcsak, hogy t\u00f6bb mint 5000 kilom\u00e9tert tekert, kereszt\u00fcl Indi\u00e1n, hanem feljutott a vil\u00e1g legmagasabban fekv\u0151, szil\u00e1rd burkolat\u00fa \u00faton el\u00e9rhet\u0151 h\u00e1g\u00f3j\u00e1ra is \u2014 r\u00e1ad\u00e1sul mindezt els\u0151 ker\u00e9k n\u00e9lk\u00fcl! \u0150r\u00fclts\u00e9gnek hangzik? Szerint\u00fcnk is, ez\u00e9rt \u00edrtunk r\u00e1 Instagramon. \u00c9s k\u00e9pzelj\u00e9tek, Saneed v\u00e1laszolt!<\/b><\/p>\n<p style=\"font-weight: 400;\"><!--more--><\/p>\n<p style=\"font-weight: 400;\"><span style=\"font-weight: 400;\">Saneed P. P., 24 \u00e9ves, Keral\u00e1ban, Kannurban sz\u00fcletett, \u00e9s tavaly azzal \u00edrta be mag\u00e1t a ker\u00e9kp\u00e1roz\u00e1s legend\u00e1i k\u00f6z\u00e9, hogy els\u0151 emberk\u00e9nt szelte \u00e1t Indi\u00e1t, r\u00e1ad\u00e1sul abban a poz\u00edci\u00f3ban, amit minden mountain bike-os ismer: a h\u00e1ts\u00f3 ker\u00e9ken egyens\u00falyozva, a h\u00e1traes\u00e9s \u00e1lland\u00f3 vesz\u00e9lye \u00e1ltal k\u00eds\u00e9rve. Igen, j\u00f3l \u00e9rted. Nem volt els\u0151 ker\u00e9k a bring\u00e1j\u00e1n. \u0150r\u00fclet.<\/span><\/p>\n<blockquote class=\"instagram-media\" style=\"background: #FFF; border: 0; border-radius: 3px; box-shadow: 0 0 1px 0 rgba(0,0,0,0.5),0 1px 10px 0 rgba(0,0,0,0.15); margin: 1px; max-width: 540px; min-width: 326px; padding: 0; width: calc(100% - 2px);\" data-instgrm-captioned=\"\" data-instgrm-permalink=\"https:\/\/www.instagram.com\/p\/DBjWGgASdp3\/?utm_source=ig_embed&amp;utm_campaign=loading\" data-instgrm-version=\"14\">\n<div style=\"padding: 16px;\">\n<p>&nbsp;<\/p>\n<div style=\"display: flex; flex-direction: row; align-items: center;\">\n<div style=\"background-color: #f4f4f4; border-radius: 50%; flex-grow: 0; height: 40px; margin-right: 14px; width: 40px;\"><\/div>\n<div style=\"display: flex; flex-direction: column; flex-grow: 1; justify-content: center;\">\n<div style=\"background-color: #f4f4f4; border-radius: 4px; flex-grow: 0; height: 14px; margin-bottom: 6px; width: 100px;\"><\/div>\n<div style=\"background-color: #f4f4f4; border-radius: 4px; flex-grow: 0; height: 14px; width: 60px;\"><\/div>\n<\/div>\n<\/div>\n<div style=\"padding: 19% 0;\"><\/div>\n<div style=\"display: block; height: 50px; margin: 0 auto 12px; width: 50px;\"><\/div>\n<div style=\"padding-top: 8px;\">\n<div style=\"color: #3897f0; font-family: Arial,sans-serif; font-size: 14px; font-style: normal; font-weight: 550; line-height: 18px;\">View this post on Instagram<\/div>\n<\/div>\n<div style=\"padding: 12.5% 0;\"><\/div>\n<div style=\"display: flex; flex-direction: row; margin-bottom: 14px; align-items: center;\">\n<div>\n<div style=\"background-color: #f4f4f4; border-radius: 50%; height: 12.5px; width: 12.5px; transform: translateX(0px) translateY(7px);\"><\/div>\n<div style=\"background-color: #f4f4f4; height: 12.5px; transform: rotate(-45deg) translateX(3px) translateY(1px); width: 12.5px; flex-grow: 0; margin-right: 14px; margin-left: 2px;\"><\/div>\n<div style=\"background-color: #f4f4f4; border-radius: 50%; height: 12.5px; width: 12.5px; transform: translateX(9px) translateY(-18px);\"><\/div>\n<\/div>\n<div style=\"margin-left: 8px;\">\n<div style=\"background-color: #f4f4f4; border-radius: 50%; flex-grow: 0; height: 20px; width: 20px;\"><\/div>\n<div style=\"width: 0; height: 0; border-top: 2px solid transparent; border-left: 6px solid #f4f4f4; border-bottom: 2px solid transparent; transform: translateX(16px) translateY(-4px) rotate(30deg);\"><\/div>\n<\/div>\n<div style=\"margin-left: auto;\">\n<div style=\"width: 0px; border-top: 8px solid #F4F4F4; border-right: 8px solid transparent; transform: translateY(16px);\"><\/div>\n<div style=\"background-color: #f4f4f4; flex-grow: 0; height: 12px; width: 16px; transform: translateY(-4px);\"><\/div>\n<div style=\"width: 0; height: 0; border-top: 8px solid #F4F4F4; border-left: 8px solid transparent; transform: translateY(-4px) translateX(8px);\"><\/div>\n<\/div>\n<\/div>\n<div style=\"display: flex; flex-direction: column; flex-grow: 1; justify-content: center; margin-bottom: 24px;\">\n<div style=\"background-color: #f4f4f4; border-radius: 4px; flex-grow: 0; height: 14px; margin-bottom: 6px; width: 224px;\"><\/div>\n<div style=\"background-color: #f4f4f4; border-radius: 4px; flex-grow: 0; height: 14px; width: 144px;\"><\/div>\n<\/div>\n<p>&nbsp;<\/p>\n<p style=\"color: #c9c8cd; font-family: Arial,sans-serif; font-size: 14px; line-height: 17px; margin-bottom: 0; margin-top: 8px; overflow: hidden; padding: 8px 0 7px; text-align: center; text-overflow: ellipsis; white-space: nowrap;\"><a style=\"color: #c9c8cd; font-family: Arial,sans-serif; font-size: 14px; font-style: normal; font-weight: normal; line-height: 17px; text-decoration: none;\" href=\"https:\/\/www.instagram.com\/p\/DBjWGgASdp3\/?utm_source=ig_embed&amp;utm_campaign=loading\" target=\"_blank\" rel=\"noopener\">A post shared by SANEED_STUNTS \ud83c\uddee\ud83c\uddf3 (@saneed_dbz)<\/a><\/p>\n<\/div>\n<\/blockquote>\n<h2><script async src=\"\/\/www.instagram.com\/embed.js\"><\/script><b>Keral\u00e1t\u00f3l a felh\u0151kig<\/b><\/h2>\n<p><span style=\"font-weight: 400;\">Teh\u00e1t nem csak arr\u00f3l van sz\u00f3, hogy egyens\u00falyoznia kellett a h\u00e1ts\u00f3 kerek\u00e9n, de es\u00e9lye sem volt norm\u00e1lisan tekerni \u00e9s pihenni egy kicsit &#8211; ugyanis leszerelte az els\u0151 kereket. Na, itt kezd\u0151dik az igazi j\u00e1t\u00e9k. Ha elveszted az egyens\u00falyt \u00e9s el\u0151re buksz, nincs kecmec \u2014 a villa tal\u00e1lkozik az aszfalttal, \u00e9s m\u00e1r rep\u00fclsz is arccal a f\u00f6ldre. \u00cdgy indult h\u00e1t el Saneed Kanyakumarit\u00f3l, India legd\u00e9libb pontj\u00e1t\u00f3l, hogy eg\u00e9szen Umling L\u00e1ig tekerjen, megm\u00e1ssza a vil\u00e1g legmagasabban j\u00e1rhat\u00f3 h\u00e1g\u00f3j\u00e1t \u00e9s 5799 m\u00e9teres tengerszint feletti magass\u00e1gb\u00f3l n\u00e9zzen le r\u00e1nk, haland\u00f3 k\u00e9tkerekesekre.<\/span><\/p>\n<p><span style=\"font-weight: 400;\">A kih\u00edv\u00e1s t\u00f6bb mint nyolc h\u00f3napnyi felk\u00e9sz\u00fcl\u00e9st \u00e9s n\u00e9gy h\u00f3napnyi utaz\u00e1st ig\u00e9nyelt. K\u00e9t b\u00e1tyja, Savad \u00e9s Sajad t\u00e1mogatta mindenben, m\u00e9g a szem\u00e9lyes holmijait is kett\u00e9osztott\u00e1k saj\u00e1t h\u00e1tizs\u00e1kjaikba, hogy seg\u00edts\u00e9k az \u00faton.<\/span><\/p>\n<p><i><span style=\"font-weight: 400;\">\u201eMinden reggel hatkor indultam, naponta k\u00f6r\u00fclbel\u00fcl negyven kilom\u00e9tert tettem meg, k\u00fczdve a f\u00e1radts\u00e1ggal, oldalsz\u00e9llel \u00e9s a nyakamban meg a h\u00e1tamban jelentkez\u0151 f\u00e1jdalommal<\/span><\/i><span style=\"font-weight: 400;\">\u201d \u2014 mes\u00e9lte a fiatal bring\u00e1s, aki kaszkad\u0151rmutatv\u00e1nyokb\u00f3l \u00e9s motiv\u00e1ci\u00f3s t\u00far\u00e1kb\u00f3l \u00e9l, mik\u00f6zben olyan t\u00e1rsadalmi projekteken dolgozik, amelyek a k\u00f6zleked\u00e9sbiztons\u00e1got \u00e9s a fiatalok ment\u00e1lis eg\u00e9szs\u00e9g\u00e9t n\u00e9pszer\u0171s\u00edtik.<\/span><\/p>\n<p><span style=\"font-weight: 400;\">Egy ponton orvosi seg\u00edts\u00e9get is kellett k\u00e9rnie, miut\u00e1n egy er\u0151s sz\u00e9ll\u00f6k\u00e9s a f\u00f6ldre teperte. A hanlei katonai t\u00e1maszponton kapott ell\u00e1t\u00e1st \u2014 egy olyan vid\u00e9ken, amely vil\u00e1gszerte ismert nagy tengerszint feletti magass\u00e1g\u00e1r\u00f3l \u00e9s csillag\u00e1szati megfigyel\u00e9sekre alkalmas, t\u00f6k\u00e9letes adotts\u00e1gair\u00f3l. A helyzet v\u00e9g\u00fcl j\u00f3ra fordult: Saneed a katon\u00e1kkal egy\u00fctt \u00fcnnepelhette a Diwalit, a f\u00e9ny \u00fcnnep\u00e9t, amely a vil\u00e1goss\u00e1g s\u00f6t\u00e9ts\u00e9g felett aratott gy\u0151zelm\u00e9t szimboliz\u00e1lja.<\/span><\/p>\n<blockquote class=\"instagram-media\" style=\"background: #FFF; border: 0; border-radius: 3px; box-shadow: 0 0 1px 0 rgba(0,0,0,0.5),0 1px 10px 0 rgba(0,0,0,0.15); margin: 1px; max-width: 540px; min-width: 326px; padding: 0; width: calc(100% - 2px);\" data-instgrm-captioned=\"\" data-instgrm-permalink=\"https:\/\/www.instagram.com\/p\/DBjWGgASdp3\/?utm_source=ig_embed&amp;utm_campaign=loading\" data-instgrm-version=\"14\">\n<div style=\"padding: 16px;\">\n<p>&nbsp;<\/p>\n<div style=\"display: flex; flex-direction: row; align-items: center;\">\n<div style=\"background-color: #f4f4f4; border-radius: 50%; flex-grow: 0; height: 40px; margin-right: 14px; width: 40px;\"><\/div>\n<div style=\"display: flex; flex-direction: column; flex-grow: 1; justify-content: center;\">\n<div style=\"background-color: #f4f4f4; border-radius: 4px; flex-grow: 0; height: 14px; margin-bottom: 6px; width: 100px;\"><\/div>\n<div style=\"background-color: #f4f4f4; border-radius: 4px; flex-grow: 0; height: 14px; width: 60px;\"><\/div>\n<\/div>\n<\/div>\n<div style=\"padding: 19% 0;\"><\/div>\n<div style=\"display: block; height: 50px; margin: 0 auto 12px; width: 50px;\"><\/div>\n<div style=\"padding-top: 8px;\">\n<div style=\"color: #3897f0; font-family: Arial,sans-serif; font-size: 14px; font-style: normal; font-weight: 550; line-height: 18px;\">View this post on Instagram<\/div>\n<\/div>\n<div style=\"padding: 12.5% 0;\"><\/div>\n<div style=\"display: flex; flex-direction: row; margin-bottom: 14px; align-items: center;\">\n<div>\n<div style=\"background-color: #f4f4f4; border-radius: 50%; height: 12.5px; width: 12.5px; transform: translateX(0px) translateY(7px);\"><\/div>\n<div style=\"background-color: #f4f4f4; height: 12.5px; transform: rotate(-45deg) translateX(3px) translateY(1px); width: 12.5px; flex-grow: 0; margin-right: 14px; margin-left: 2px;\"><\/div>\n<div style=\"background-color: #f4f4f4; border-radius: 50%; height: 12.5px; width: 12.5px; transform: translateX(9px) translateY(-18px);\"><\/div>\n<\/div>\n<div style=\"margin-left: 8px;\">\n<div style=\"background-color: #f4f4f4; border-radius: 50%; flex-grow: 0; height: 20px; width: 20px;\"><\/div>\n<div style=\"width: 0; height: 0; border-top: 2px solid transparent; border-left: 6px solid #f4f4f4; border-bottom: 2px solid transparent; transform: translateX(16px) translateY(-4px) rotate(30deg);\"><\/div>\n<\/div>\n<div style=\"margin-left: auto;\">\n<div style=\"width: 0px; border-top: 8px solid #F4F4F4; border-right: 8px solid transparent; transform: translateY(16px);\"><\/div>\n<div style=\"background-color: #f4f4f4; flex-grow: 0; height: 12px; width: 16px; transform: translateY(-4px);\"><\/div>\n<div style=\"width: 0; height: 0; border-top: 8px solid #F4F4F4; border-left: 8px solid transparent; transform: translateY(-4px) translateX(8px);\"><\/div>\n<\/div>\n<\/div>\n<div style=\"display: flex; flex-direction: column; flex-grow: 1; justify-content: center; margin-bottom: 24px;\">\n<div style=\"background-color: #f4f4f4; border-radius: 4px; flex-grow: 0; height: 14px; margin-bottom: 6px; width: 224px;\"><\/div>\n<div style=\"background-color: #f4f4f4; border-radius: 4px; flex-grow: 0; height: 14px; width: 144px;\"><\/div>\n<\/div>\n<p>&nbsp;<\/p>\n<p style=\"color: #c9c8cd; font-family: Arial,sans-serif; font-size: 14px; line-height: 17px; margin-bottom: 0; margin-top: 8px; overflow: hidden; padding: 8px 0 7px; text-align: center; text-overflow: ellipsis; white-space: nowrap;\"><a style=\"color: #c9c8cd; font-family: Arial,sans-serif; font-size: 14px; font-style: normal; font-weight: normal; line-height: 17px; text-decoration: none;\" href=\"https:\/\/www.instagram.com\/p\/DBjWGgASdp3\/?utm_source=ig_embed&amp;utm_campaign=loading\" target=\"_blank\" rel=\"noopener\">A post shared by SANEED_STUNTS \ud83c\uddee\ud83c\uddf3 (@saneed_dbz)<\/a><\/p>\n<\/div>\n<\/blockquote>\n<h2><script async src=\"\/\/www.instagram.com\/embed.js\"><\/script><\/h2>\n<h2><b>Technikai kih\u00edv\u00e1sok<\/b><\/h2>\n<p><span style=\"font-weight: 400;\">A fizikai kih\u00edv\u00e1sok mellett sz\u00e1mos technikai probl\u00e9ma is fell\u00e9pett az \u00fat sor\u00e1n. <\/span><i><span style=\"font-weight: 400;\">\u201eMivel els\u0151 ker\u00e9k n\u00e9lk\u00fcl tekertem, nagyon neh\u00e9z volt megtartani az egyens\u00falyt \u00e9s az ir\u00e1ny\u00edt\u00e1st \u2014 n\u00e9ha alkatr\u00e9szek lazultak ki vagy s\u00e9r\u00fcltek meg a terep miatt. De mindig vittem magammal alap szersz\u00e1mokat, \u00e9s amit lehetett, magam jav\u00edtottam. Minden probl\u00e9ma megtan\u00edtott valamire \u00e9s er\u0151sebb\u00e9 tett\u201d<\/span><\/i><span style=\"font-weight: 400;\"> \u2014 \u00edrta.<\/span><\/p>\n<h2><b>Hideg \u00e9jszak\u00e1k a Himal\u00e1j\u00e1ban<\/b><\/h2>\n<p><span style=\"font-weight: 400;\">A kih\u00edv\u00e1st nemcsak a m\u00e1sz\u00e1s jelentette, hanem az \u00e9ghajlat is. Ahogy Saneed haladt a hegyek fel\u00e9, a h\u0151m\u00e9rs\u00e9klet folyamatosan cs\u00f6kkent, \u00e9s a szabad \u00e9g alatt val\u00f3 s\u00e1traz\u00e1s egyre nehezebb lett. A leghidegebb \u00e9jszak\u00e1k a kasm\u00edri Zojila-h\u00e1g\u00f3n\u00e1l \u00e9s Drassban, Ladakhban \u2014 a F\u00f6ld egyik leghidegebb lakott hely\u00e9n \u2014 \u00e9rt\u00e9k. <\/span><i><span style=\"font-weight: 400;\">Eddig a pontig benzinkutakn\u00e1l vagy \u00fat menti dhab\u00e1kn\u00e1l s\u00e1traztam, b\u00e1rhol, ahol volt WC\u201d<\/span><\/i><span style=\"font-weight: 400;\"> \u2014 mes\u00e9lte. \u201e<\/span><i><span style=\"font-weight: 400;\">De ahogy hidegebbre fordult, a helyiek befogadtak. B\u00e1rhov\u00e1 mentem, az emberek mindenhol nagyon kedvesek \u00e9s seg\u00edt\u0151k\u00e9szek voltak.\u201d<\/span><\/i><\/p>\n<p><span style=\"font-weight: 400;\">Az tette a legboldogabb\u00e1, amikor az emberek tisztelegtek az indiai z\u00e1szl\u00f3nak, amit v\u00e9gig mag\u00e1val vitt.<\/span><i><span style=\"font-weight: 400;\"> \u201eSokan csak az\u00e9rt j\u00f6ttek oda, hogy kezet fogjanak vagy k\u00e9sz\u00edtsenek egy k\u00e9pet \u2014 ez az \u0151szinte t\u00e1mogat\u00e1s \u00e9s szeretet adott a legt\u00f6bbet\u201d<\/span><\/i><span style=\"font-weight: 400;\"> \u2014 mondta a ker\u00e9kp\u00e1ros kaszkad\u0151r.<\/span><\/p>\n<p><span style=\"font-weight: 400;\">\u00c9s hogy mi volt a cs\u00facspont? Megn\u00e9zni a Taj Mahalt. L\u00e1tni a Tejutat ragyogni a Himal\u00e1ja felett. \u00c9s bebizony\u00edtani, hogy nincs olyan, hogy valami t\u00fal nagy \u0151r\u00fclts\u00e9g.<\/span><\/p>\n<h2><b>Mi j\u00f6n ezut\u00e1n?<\/b><\/h2>\n<p><span style=\"font-weight: 400;\">Saneed szerint ez az \u00fat teljesen megv\u00e1ltoztatta az \u00e9let\u00e9t. \u201c<\/span><i><span style=\"font-weight: 400;\">T\u00fcrelemre tan\u00edtott \u00e9s meger\u0151s\u00edtette az \u00f6nbizalmam. Szakmailag \u00faj ajt\u00f3kat nyitott \u2014 m\u00e9diamegjelen\u00e9seket, m\u00e1rkakapcsolatokat hozott \u2014 \u00e9s adott egy platformot, hogy m\u00e1sokkal is megosszam a t\u00f6rt\u00e9netemet. Megmutatta, hogy ha szenved\u00e9llyel \u00e9s c\u00e9llal bring\u00e1zol, m\u00e9g a lehetetlen utak is gy\u00f6ny\u00f6r\u0171 helyekre vezetnek\u201d<\/span><\/i><span style=\"font-weight: 400;\"> \u2014 mondta a bring\u00e1s, aki v\u00e9g\u00fcl t\u00f6bb kaszkad\u0151rszerepet is kapott a mutatv\u00e1ny ut\u00e1n.<\/span><\/p>\n<p><i><span style=\"font-weight: 400;\">\u201eVar\u00e1zslatos volt\u201d <\/span><\/i><span style=\"font-weight: 400;\">\u2014 mondta Saneed, aki tov\u00e1bbra is rajong az egykerek\u0171 bring\u00e1z\u00e1s\u00e9rt. <\/span><i><span style=\"font-weight: 400;\">\u201eA bicikliz\u00e9s r\u00e9sze annak, aki vagyok\u201d<\/span><\/i><span style=\"font-weight: 400;\"> \u2014 tette hozz\u00e1, mik\u00f6zben el\u00e1rulta k\u00f6vetkez\u0151 nagy terv\u00e9t: egy kih\u00edv\u00e1sokkal teli t\u00far\u00e1t tervez Keral\u00e1t\u00f3l eg\u00e9szen Nep\u00e1lig \u2014 term\u00e9szetesen ism\u00e9t els\u0151 ker\u00e9k n\u00e9lk\u00fcl. Saneed b\u00edzik benne, hogy ezzel \u00fajra inspir\u00e1lhat m\u00e1sokat, hogy k\u00f6vess\u00e9k az \u00e1lmaikat, b\u00e1rmilyen \u0151r\u00fcltnek is hangzanak azok.<\/span><\/p>\n<p>&nbsp;<\/p>\n","protected":false},"excerpt":{"rendered":"<p>A napi h\u00edrek \u00e1radat\u00e1ban n\u00e9ha elsiklunk egy-egy olyan t\u00f6rt\u00e9net felett, ami pedig meg\u00e9rdemeln\u00e9 a figyelm\u00fcnket. Ilyen a fiatal indiai, Saneed [&hellip;]<\/p>\n","protected":false},"author":71,"featured_media":19395,"comment_status":"open","ping_status":"open","sticky":false,"template":"","format":"standard","meta":{"footnotes":""},"categories":[5],"tags":[],"global-categories":[],"class_list":["post-19394","post","type-post","status-publish","format-standard","has-post-thumbnail","hentry","category-adrenalin"],"yoast_head":"<!-- This site is optimized with the Yoast SEO Premium plugin v25.3 (Yoast SEO v25.9) - https:\/\/yoast.com\/wordpress\/plugins\/seo\/ -->\n<title>\u00d6tezer kilom\u00e9ter egy ker\u00e9ken: \u00fat Kasm\u00edrig<\/title>\n<meta name=\"description\" content=\"A napi h\u00edrek \u00e1radat\u00e1ban n\u00e9ha elsiklunk egy-egy olyan t\u00f6rt\u00e9net felett, ami pedig meg\u00e9rdemeln\u00e9 a figyelm\u00fcnket. Ilyen a fiatal indiai, Saneed \u00fatja is, aki tavaly nemcsak, hogy t\u00f6bb mint 5000 kilom\u00e9tert tekert, kereszt\u00fcl Indi\u00e1n, hanem feljutott a vil\u00e1g legmagasabban fekv\u0151, szil\u00e1rd burkolat\u00fa \u00faton el\u00e9rhet\u0151 h\u00e1g\u00f3j\u00e1ra is \u2014 r\u00e1ad\u00e1sul mindezt els\u0151 ker\u00e9k n\u00e9lk\u00fcl! \u0150r\u00fclts\u00e9gnek hangzik? Szerint\u00fcnk is, ez\u00e9rt \u00edrtunk r\u00e1 Instagramon. \u00c9s k\u00e9pzelj\u00e9tek, Saneed v\u00e1laszolt!\" \/>\n<meta name=\"robots\" content=\"index, follow, max-snippet:-1, max-image-preview:large, max-video-preview:-1\" \/>\n<link rel=\"canonical\" href=\"https:\/\/www.welovecycling.com\/hu\/adrenalin\/otezer-kilometer-egy-kereken-ut-kasmirig\/\" \/>\n<meta property=\"og:locale\" content=\"hu_HU\" \/>\n<meta property=\"og:type\" content=\"article\" \/>\n<meta property=\"og:title\" content=\"\u00d6tezer kilom\u00e9ter egy ker\u00e9ken: \u00fat Kasm\u00edrig\" \/>\n<meta property=\"og:description\" content=\"A napi h\u00edrek \u00e1radat\u00e1ban n\u00e9ha elsiklunk egy-egy olyan t\u00f6rt\u00e9net felett, ami pedig meg\u00e9rdemeln\u00e9 a figyelm\u00fcnket. Ilyen a fiatal indiai, Saneed \u00fatja is, aki tavaly nemcsak, hogy t\u00f6bb mint 5000 kilom\u00e9tert tekert, kereszt\u00fcl Indi\u00e1n, hanem feljutott a vil\u00e1g legmagasabban fekv\u0151, szil\u00e1rd burkolat\u00fa \u00faton el\u00e9rhet\u0151 h\u00e1g\u00f3j\u00e1ra is \u2014 r\u00e1ad\u00e1sul mindezt els\u0151 ker\u00e9k n\u00e9lk\u00fcl! \u0150r\u00fclts\u00e9gnek hangzik? Szerint\u00fcnk is, ez\u00e9rt \u00edrtunk r\u00e1 Instagramon. \u00c9s k\u00e9pzelj\u00e9tek, Saneed v\u00e1laszolt!\" \/>\n<meta property=\"og:url\" content=\"https:\/\/www.welovecycling.com\/hu\/adrenalin\/otezer-kilometer-egy-kereken-ut-kasmirig\/\" \/>\n<meta property=\"og:site_name\" content=\"\u0160koda We Love Cycling - Magyarorsz\u00e1g\" \/>\n<meta property=\"article:publisher\" content=\"https:\/\/www.facebook.com\/WeLoveCyclingHungary\/\" \/>\n<meta property=\"article:published_time\" content=\"2025-12-10T06:00:15+00:00\" \/>\n<meta property=\"og:image\" content=\"https:\/\/d2p6e6u75xmxt8.cloudfront.net\/12\/2025\/11\/Saneed-Traveller-CVR.webp\" \/>\n\t<meta property=\"og:image:width\" content=\"990\" \/>\n\t<meta property=\"og:image:height\" content=\"660\" \/>\n\t<meta property=\"og:image:type\" content=\"image\/webp\" \/>\n<meta name=\"author\" content=\"hegyizs\" \/>\n<meta name=\"twitter:card\" content=\"summary_large_image\" \/>\n<meta name=\"twitter:label1\" content=\"Written by\" \/>\n\t<meta name=\"twitter:data1\" content=\"Adam Marsal\" \/>\n\t<meta name=\"twitter:label2\" content=\"Est. reading time\" \/>\n\t<meta name=\"twitter:data2\" content=\"2\" \/>\n<script type=\"application\/ld+json\" class=\"yoast-schema-graph\">{\"@context\":\"https:\/\/schema.org\",\"@graph\":[{\"@type\":\"WebPage\",\"@id\":\"https:\/\/www.welovecycling.com\/hu\/adrenalin\/otezer-kilometer-egy-kereken-ut-kasmirig\/\",\"url\":\"https:\/\/www.welovecycling.com\/hu\/adrenalin\/otezer-kilometer-egy-kereken-ut-kasmirig\/\",\"name\":\"\u00d6tezer kilom\u00e9ter egy ker\u00e9ken: \u00fat Kasm\u00edrig\",\"isPartOf\":{\"@id\":\"https:\/\/www.welovecycling.com\/hu\/#website\"},\"primaryImageOfPage\":{\"@id\":\"https:\/\/www.welovecycling.com\/hu\/adrenalin\/otezer-kilometer-egy-kereken-ut-kasmirig\/#primaryimage\"},\"image\":{\"@id\":\"https:\/\/www.welovecycling.com\/hu\/adrenalin\/otezer-kilometer-egy-kereken-ut-kasmirig\/#primaryimage\"},\"thumbnailUrl\":\"https:\/\/d2p6e6u75xmxt8.cloudfront.net\/12\/2025\/11\/Saneed-Traveller-CVR.webp\",\"datePublished\":\"2025-12-10T06:00:15+00:00\",\"author\":{\"@id\":\"https:\/\/www.welovecycling.com\/hu\/#\/schema\/person\/414a2aebf1801691a5320edb6468e194\"},\"description\":\"A napi h\u00edrek \u00e1radat\u00e1ban n\u00e9ha elsiklunk egy-egy olyan t\u00f6rt\u00e9net felett, ami pedig meg\u00e9rdemeln\u00e9 a figyelm\u00fcnket. Ilyen a fiatal indiai, Saneed \u00fatja is, aki tavaly nemcsak, hogy t\u00f6bb mint 5000 kilom\u00e9tert tekert, kereszt\u00fcl Indi\u00e1n, hanem feljutott a vil\u00e1g legmagasabban fekv\u0151, szil\u00e1rd burkolat\u00fa \u00faton el\u00e9rhet\u0151 h\u00e1g\u00f3j\u00e1ra is \u2014 r\u00e1ad\u00e1sul mindezt els\u0151 ker\u00e9k n\u00e9lk\u00fcl! \u0150r\u00fclts\u00e9gnek hangzik? Szerint\u00fcnk is, ez\u00e9rt \u00edrtunk r\u00e1 Instagramon. \u00c9s k\u00e9pzelj\u00e9tek, Saneed v\u00e1laszolt!\",\"breadcrumb\":{\"@id\":\"https:\/\/www.welovecycling.com\/hu\/adrenalin\/otezer-kilometer-egy-kereken-ut-kasmirig\/#breadcrumb\"},\"inLanguage\":\"hu\",\"potentialAction\":[{\"@type\":\"ReadAction\",\"target\":[\"https:\/\/www.welovecycling.com\/hu\/adrenalin\/otezer-kilometer-egy-kereken-ut-kasmirig\/\"]}]},{\"@type\":\"ImageObject\",\"inLanguage\":\"hu\",\"@id\":\"https:\/\/www.welovecycling.com\/hu\/adrenalin\/otezer-kilometer-egy-kereken-ut-kasmirig\/#primaryimage\",\"url\":\"https:\/\/d2p6e6u75xmxt8.cloudfront.net\/12\/2025\/11\/Saneed-Traveller-CVR.webp\",\"contentUrl\":\"https:\/\/d2p6e6u75xmxt8.cloudfront.net\/12\/2025\/11\/Saneed-Traveller-CVR.webp\",\"width\":990,\"height\":660,\"caption\":\"Saneed\"},{\"@type\":\"BreadcrumbList\",\"@id\":\"https:\/\/www.welovecycling.com\/hu\/adrenalin\/otezer-kilometer-egy-kereken-ut-kasmirig\/#breadcrumb\",\"itemListElement\":[{\"@type\":\"ListItem\",\"position\":1,\"name\":\"Home\",\"item\":\"https:\/\/www.welovecycling.com\/hu\/\"},{\"@type\":\"ListItem\",\"position\":2,\"name\":\"\u00d6tezer kilom\u00e9ter egy ker\u00e9ken: \u00fat Kasm\u00edrig\"}]},{\"@type\":\"WebSite\",\"@id\":\"https:\/\/www.welovecycling.com\/hu\/#website\",\"url\":\"https:\/\/www.welovecycling.com\/hu\/\",\"name\":\"\u0160koda We Love Cycling - Magyarorsz\u00e1g\",\"description\":\"\u0160koda WeLoveCycling\",\"potentialAction\":[{\"@type\":\"SearchAction\",\"target\":{\"@type\":\"EntryPoint\",\"urlTemplate\":\"https:\/\/www.welovecycling.com\/hu\/?s={search_term_string}\"},\"query-input\":{\"@type\":\"PropertyValueSpecification\",\"valueRequired\":true,\"valueName\":\"search_term_string\"}}],\"inLanguage\":\"hu\"},{\"@type\":\"Person\",\"@id\":\"https:\/\/www.welovecycling.com\/hu\/#\/schema\/person\/414a2aebf1801691a5320edb6468e194\",\"name\":\"hegyizs\",\"image\":{\"@type\":\"ImageObject\",\"inLanguage\":\"hu\",\"@id\":\"https:\/\/www.welovecycling.com\/hu\/#\/schema\/person\/image\/\",\"url\":\"https:\/\/secure.gravatar.com\/avatar\/02cf8a7906b8cf90cecb4679defac7cfd33a1c2e3b88e4903d947f3bb58eedd3?s=96&d=mm&r=g\",\"contentUrl\":\"https:\/\/secure.gravatar.com\/avatar\/02cf8a7906b8cf90cecb4679defac7cfd33a1c2e3b88e4903d947f3bb58eedd3?s=96&d=mm&r=g\",\"caption\":\"hegyizs\"},\"url\":\"https:\/\/www.welovecycling.com\/hu\/author\/hegyizs\/\"}]}<\/script>\n<!-- \/ Yoast SEO Premium plugin. -->","yoast_head_json":{"title":"\u00d6tezer kilom\u00e9ter egy ker\u00e9ken: \u00fat Kasm\u00edrig","description":"A napi h\u00edrek \u00e1radat\u00e1ban n\u00e9ha elsiklunk egy-egy olyan t\u00f6rt\u00e9net felett, ami pedig meg\u00e9rdemeln\u00e9 a figyelm\u00fcnket. Ilyen a fiatal indiai, Saneed \u00fatja is, aki tavaly nemcsak, hogy t\u00f6bb mint 5000 kilom\u00e9tert tekert, kereszt\u00fcl Indi\u00e1n, hanem feljutott a vil\u00e1g legmagasabban fekv\u0151, szil\u00e1rd burkolat\u00fa \u00faton el\u00e9rhet\u0151 h\u00e1g\u00f3j\u00e1ra is \u2014 r\u00e1ad\u00e1sul mindezt els\u0151 ker\u00e9k n\u00e9lk\u00fcl! \u0150r\u00fclts\u00e9gnek hangzik? Szerint\u00fcnk is, ez\u00e9rt \u00edrtunk r\u00e1 Instagramon. \u00c9s k\u00e9pzelj\u00e9tek, Saneed v\u00e1laszolt!","robots":{"index":"index","follow":"follow","max-snippet":"max-snippet:-1","max-image-preview":"max-image-preview:large","max-video-preview":"max-video-preview:-1"},"canonical":"https:\/\/www.welovecycling.com\/hu\/adrenalin\/otezer-kilometer-egy-kereken-ut-kasmirig\/","og_locale":"hu_HU","og_type":"article","og_title":"\u00d6tezer kilom\u00e9ter egy ker\u00e9ken: \u00fat Kasm\u00edrig","og_description":"A napi h\u00edrek \u00e1radat\u00e1ban n\u00e9ha elsiklunk egy-egy olyan t\u00f6rt\u00e9net felett, ami pedig meg\u00e9rdemeln\u00e9 a figyelm\u00fcnket. Ilyen a fiatal indiai, Saneed \u00fatja is, aki tavaly nemcsak, hogy t\u00f6bb mint 5000 kilom\u00e9tert tekert, kereszt\u00fcl Indi\u00e1n, hanem feljutott a vil\u00e1g legmagasabban fekv\u0151, szil\u00e1rd burkolat\u00fa \u00faton el\u00e9rhet\u0151 h\u00e1g\u00f3j\u00e1ra is \u2014 r\u00e1ad\u00e1sul mindezt els\u0151 ker\u00e9k n\u00e9lk\u00fcl! \u0150r\u00fclts\u00e9gnek hangzik? Szerint\u00fcnk is, ez\u00e9rt \u00edrtunk r\u00e1 Instagramon. \u00c9s k\u00e9pzelj\u00e9tek, Saneed v\u00e1laszolt!","og_url":"https:\/\/www.welovecycling.com\/hu\/adrenalin\/otezer-kilometer-egy-kereken-ut-kasmirig\/","og_site_name":"\u0160koda We Love Cycling - Magyarorsz\u00e1g","article_publisher":"https:\/\/www.facebook.com\/WeLoveCyclingHungary\/","article_published_time":"2025-12-10T06:00:15+00:00","og_image":[{"width":990,"height":660,"url":"https:\/\/d2p6e6u75xmxt8.cloudfront.net\/12\/2025\/11\/Saneed-Traveller-CVR.webp","type":"image\/webp"}],"author":"hegyizs","twitter_card":"summary_large_image","twitter_misc":{"Written by":"Adam Marsal","Est. reading time":"2"},"schema":{"@context":"https:\/\/schema.org","@graph":[{"@type":"WebPage","@id":"https:\/\/www.welovecycling.com\/hu\/adrenalin\/otezer-kilometer-egy-kereken-ut-kasmirig\/","url":"https:\/\/www.welovecycling.com\/hu\/adrenalin\/otezer-kilometer-egy-kereken-ut-kasmirig\/","name":"\u00d6tezer kilom\u00e9ter egy ker\u00e9ken: \u00fat Kasm\u00edrig","isPartOf":{"@id":"https:\/\/www.welovecycling.com\/hu\/#website"},"primaryImageOfPage":{"@id":"https:\/\/www.welovecycling.com\/hu\/adrenalin\/otezer-kilometer-egy-kereken-ut-kasmirig\/#primaryimage"},"image":{"@id":"https:\/\/www.welovecycling.com\/hu\/adrenalin\/otezer-kilometer-egy-kereken-ut-kasmirig\/#primaryimage"},"thumbnailUrl":"https:\/\/d2p6e6u75xmxt8.cloudfront.net\/12\/2025\/11\/Saneed-Traveller-CVR.webp","datePublished":"2025-12-10T06:00:15+00:00","author":{"@id":"https:\/\/www.welovecycling.com\/hu\/#\/schema\/person\/414a2aebf1801691a5320edb6468e194"},"description":"A napi h\u00edrek \u00e1radat\u00e1ban n\u00e9ha elsiklunk egy-egy olyan t\u00f6rt\u00e9net felett, ami pedig meg\u00e9rdemeln\u00e9 a figyelm\u00fcnket. Ilyen a fiatal indiai, Saneed \u00fatja is, aki tavaly nemcsak, hogy t\u00f6bb mint 5000 kilom\u00e9tert tekert, kereszt\u00fcl Indi\u00e1n, hanem feljutott a vil\u00e1g legmagasabban fekv\u0151, szil\u00e1rd burkolat\u00fa \u00faton el\u00e9rhet\u0151 h\u00e1g\u00f3j\u00e1ra is \u2014 r\u00e1ad\u00e1sul mindezt els\u0151 ker\u00e9k n\u00e9lk\u00fcl! \u0150r\u00fclts\u00e9gnek hangzik? Szerint\u00fcnk is, ez\u00e9rt \u00edrtunk r\u00e1 Instagramon. \u00c9s k\u00e9pzelj\u00e9tek, Saneed v\u00e1laszolt!","breadcrumb":{"@id":"https:\/\/www.welovecycling.com\/hu\/adrenalin\/otezer-kilometer-egy-kereken-ut-kasmirig\/#breadcrumb"},"inLanguage":"hu","potentialAction":[{"@type":"ReadAction","target":["https:\/\/www.welovecycling.com\/hu\/adrenalin\/otezer-kilometer-egy-kereken-ut-kasmirig\/"]}]},{"@type":"ImageObject","inLanguage":"hu","@id":"https:\/\/www.welovecycling.com\/hu\/adrenalin\/otezer-kilometer-egy-kereken-ut-kasmirig\/#primaryimage","url":"https:\/\/d2p6e6u75xmxt8.cloudfront.net\/12\/2025\/11\/Saneed-Traveller-CVR.webp","contentUrl":"https:\/\/d2p6e6u75xmxt8.cloudfront.net\/12\/2025\/11\/Saneed-Traveller-CVR.webp","width":990,"height":660,"caption":"Saneed"},{"@type":"BreadcrumbList","@id":"https:\/\/www.welovecycling.com\/hu\/adrenalin\/otezer-kilometer-egy-kereken-ut-kasmirig\/#breadcrumb","itemListElement":[{"@type":"ListItem","position":1,"name":"Home","item":"https:\/\/www.welovecycling.com\/hu\/"},{"@type":"ListItem","position":2,"name":"\u00d6tezer kilom\u00e9ter egy ker\u00e9ken: \u00fat Kasm\u00edrig"}]},{"@type":"WebSite","@id":"https:\/\/www.welovecycling.com\/hu\/#website","url":"https:\/\/www.welovecycling.com\/hu\/","name":"\u0160koda We Love Cycling - Magyarorsz\u00e1g","description":"\u0160koda WeLoveCycling","potentialAction":[{"@type":"SearchAction","target":{"@type":"EntryPoint","urlTemplate":"https:\/\/www.welovecycling.com\/hu\/?s={search_term_string}"},"query-input":{"@type":"PropertyValueSpecification","valueRequired":true,"valueName":"search_term_string"}}],"inLanguage":"hu"},{"@type":"Person","@id":"https:\/\/www.welovecycling.com\/hu\/#\/schema\/person\/414a2aebf1801691a5320edb6468e194","name":"hegyizs","image":{"@type":"ImageObject","inLanguage":"hu","@id":"https:\/\/www.welovecycling.com\/hu\/#\/schema\/person\/image\/","url":"https:\/\/secure.gravatar.com\/avatar\/02cf8a7906b8cf90cecb4679defac7cfd33a1c2e3b88e4903d947f3bb58eedd3?s=96&d=mm&r=g","contentUrl":"https:\/\/secure.gravatar.com\/avatar\/02cf8a7906b8cf90cecb4679defac7cfd33a1c2e3b88e4903d947f3bb58eedd3?s=96&d=mm&r=g","caption":"hegyizs"},"url":"https:\/\/www.welovecycling.com\/hu\/author\/hegyizs\/"}]}},"_links":{"self":[{"href":"https:\/\/www.welovecycling.com\/hu\/wp-json\/wp\/v2\/posts\/19394","targetHints":{"allow":["GET"]}}],"collection":[{"href":"https:\/\/www.welovecycling.com\/hu\/wp-json\/wp\/v2\/posts"}],"about":[{"href":"https:\/\/www.welovecycling.com\/hu\/wp-json\/wp\/v2\/types\/post"}],"author":[{"embeddable":true,"href":"https:\/\/www.welovecycling.com\/hu\/wp-json\/wp\/v2\/users\/71"}],"replies":[{"embeddable":true,"href":"https:\/\/www.welovecycling.com\/hu\/wp-json\/wp\/v2\/comments?post=19394"}],"version-history":[{"count":1,"href":"https:\/\/www.welovecycling.com\/hu\/wp-json\/wp\/v2\/posts\/19394\/revisions"}],"predecessor-version":[{"id":19396,"href":"https:\/\/www.welovecycling.com\/hu\/wp-json\/wp\/v2\/posts\/19394\/revisions\/19396"}],"wp:featuredmedia":[{"embeddable":true,"href":"https:\/\/www.welovecycling.com\/hu\/wp-json\/wp\/v2\/media\/19395"}],"wp:attachment":[{"href":"https:\/\/www.welovecycling.com\/hu\/wp-json\/wp\/v2\/media?parent=19394"}],"wp:term":[{"taxonomy":"category","embeddable":true,"href":"https:\/\/www.welovecycling.com\/hu\/wp-json\/wp\/v2\/categories?post=19394"},{"taxonomy":"post_tag","embeddable":true,"href":"https:\/\/www.welovecycling.com\/hu\/wp-json\/wp\/v2\/tags?post=19394"},{"taxonomy":"global-categories","embeddable":true,"href":"https:\/\/www.welovecycling.com\/hu\/wp-json\/wp\/v2\/global-categories?post=19394"}],"curies":[{"name":"wp","href":"https:\/\/api.w.org\/{rel}","templated":true}]}}