{"id":19387,"date":"2025-11-24T13:51:13","date_gmt":"2025-11-24T11:51:13","guid":{"rendered":"https:\/\/www.welovecycling.com\/hu\/?p=19387"},"modified":"2025-11-24T13:51:13","modified_gmt":"2025-11-24T11:51:13","slug":"hatalmas-lehetoseg-a-valtozas-motorja-vagy-csak-egy-latvanyos-sportwashing-show-a-visszaelesek-elfedesere-a-tortenelmi-ruandai-vb","status":"publish","type":"post","link":"https:\/\/www.welovecycling.com\/hu\/orszaguti-kerekpar\/hatalmas-lehetoseg-a-valtozas-motorja-vagy-csak-egy-latvanyos-sportwashing-show-a-visszaelesek-elfedesere-a-tortenelmi-ruandai-vb\/","title":{"rendered":"Hatalmas lehet\u0151s\u00e9g, a v\u00e1ltoz\u00e1s motorja, vagy csak egy l\u00e1tv\u00e1nyos \u201esportwashing-show\u201d a vissza\u00e9l\u00e9sek elfed\u00e9s\u00e9re a t\u00f6rt\u00e9nelmi, ruandai vb?"},"content":{"rendered":"<p><b>Az UCI mer\u00e9sz terve \u00e9s jelent\u0151s kock\u00e1zatv\u00e1llal\u00e1sa egyel\u0151re nem \u00fct\u00f6tt vissza, az orsz\u00e1g\u00fati ker\u00e9kp\u00e1rsport els\u0151 afrikai vb-je ak\u00e1r m\u00e9g sikerk\u00e9nt is elk\u00f6nyvelhet\u0151. A hosszabb t\u00e1v\u00fa kil\u00e1t\u00e1sok viszont m\u00e1r k\u00e9tes\u00e9lyesek: vagy elindul valami nagy dolog, vagy k\u00e9tes c\u00e9lokra fogj\u00e1k felhaszn\u00e1lni a sz\u00e9pnek t\u0171n\u0151 kezdem\u00e9nyez\u00e9st.<\/b><!--more--><\/p>\n<p><span style=\"font-weight: 400;\">Nem eg\u00e9szen k\u00e9t h\u00f3napja <\/span><a href=\"https:\/\/www.welovecycling.com\/hu\/orszaguti-kerekpar\/harmincan-eltek-tul-az-afrikai-hegyi-poklot-pogacar-megvedte-cimet-a-tortenelmi-vb-n-valter-attila-nem-ert-celba\/\"><span style=\"font-weight: 400;\">mi is megeml\u00e9kezt\u00fcnk itt a We Love Cycling-on az idei orsz\u00e1g\u00fati vil\u00e1gbajnoks\u00e1gr\u00f3l<\/span><\/a><span style=\"font-weight: 400;\">, amely t\u00f6rt\u00e9nelmi esem\u00e9nyk\u00e9nt vonult be az \u00e9vk\u00f6nyvekbe, hiszen a sport\u00e1g els\u0151 afrikai vb-je volt a Ruand\u00e1ban rendezett viadal. Maga a kezdem\u00e9nyez\u00e9s rendk\u00edv\u00fcl mer\u00e9sznek \u00e9s kock\u00e1zatosnak volt mondhat\u00f3 a nemzetk\u00f6zi sz\u00f6vets\u00e9g, az UCI r\u00e9sz\u00e9r\u0151l, hiszen nemcsak logisztikailag, de minden egy\u00e9b t\u00e9ren is komoly kih\u00edv\u00e1sok el\u00e9 \u00e1ll\u00edtotta a csapatokat, versenyz\u0151ket, szervez\u0151ket egyar\u00e1nt.<\/span><\/p>\n<p><span style=\"font-weight: 400;\">Ahogy azt m\u00e1r akkor is meg\u00e1llap\u00edtottuk, sok esetben eg\u00e9szen harmadik vil\u00e1gbeli \u00e1llapotok uralkodtak a vb-n, annak ellen\u00e9re, hogy a hatalmas n\u00e9ps\u0171r\u0171s\u00e9g\u0171 k\u00f6z\u00e9p-afrikai orsz\u00e1g a harminc \u00e9vvel ezel\u0151tt lez\u00e1rult, az emberis\u00e9g \u00fajkori t\u00f6rt\u00e9nelm\u00e9nek egyik legv\u00e9resebb n\u00e9pirt\u00e1s\u00e1ba torkoll\u00f3 polg\u00e1rh\u00e1bor\u00faja \u00f3ta rengeteget fejl\u0151d\u00f6tt, f\u0151leg afrikai l\u00e9pt\u00e9kkel. Ett\u0151l m\u00e9g a mez\u0151ny nem ker\u00fclhette el az olyan, finoman sz\u00f3lva is rendhagy\u00f3 el\u0151k\u00e9sz\u00fcleteket, mint p\u00e9ld\u00e1ul a k\u00fcl\u00f6nf\u00e9le olt\u00e1sok felv\u00e9tele, mal\u00e1riatablett\u00e1k beszerz\u00e9se \u00e9s egy\u00e9b nyal\u00e1nks\u00e1gok; de \u00edgy is akadt olyan versenyz\u0151, aki egy egyszer\u0171, piacon v\u00e1s\u00e1rolt gy\u00fcm\u00f6lcst\u0151l a mell\u00e9khelyis\u00e9gben t\u00f6lt\u00f6tte el a h\u00e1tral\u00e9v\u0151 napj\u00e1t\u2026 \u00c9s akkor m\u00e9g a pocs\u00e9k ruandai leveg\u0151- \u00e9s \u00fatmin\u0151s\u00e9gr\u0151l, vagy a vb-k t\u00f6rt\u00e9net\u00e9nek legdurv\u00e1bb szintemelked\u00e9s\u00e9r\u0151l (5\u00a0475 m) nem is besz\u00e9lt\u00fcnk, aminek nyom\u00e1n a\u00a0165 indul\u00f3b\u00f3l v\u00e9g\u00fcl mind\u00f6ssze harmincan fejezt\u00e9k be a versenyt\u2026<\/span><\/p>\n<figure id=\"attachment_19390\" aria-describedby=\"caption-attachment-19390\" style=\"width: 970px\" class=\"wp-caption alignnone\"><img loading=\"lazy\" decoding=\"async\" class=\"size-full wp-image-19390\" src=\"https:\/\/d2p6e6u75xmxt8.cloudfront.net\/12\/2025\/11\/image3-1.webp\" alt=\"\" width=\"970\" height=\"647\" srcset=\"https:\/\/d2p6e6u75xmxt8.cloudfront.net\/12\/2025\/11\/image3-1.webp 970w, https:\/\/d2p6e6u75xmxt8.cloudfront.net\/12\/2025\/11\/image3-1-300x200.webp 300w, https:\/\/d2p6e6u75xmxt8.cloudfront.net\/12\/2025\/11\/image3-1-768x512.webp 768w, https:\/\/d2p6e6u75xmxt8.cloudfront.net\/12\/2025\/11\/image3-1-400x267.webp 400w, https:\/\/d2p6e6u75xmxt8.cloudfront.net\/12\/2025\/11\/image3-1-272x182.webp 272w\" sizes=\"auto, (max-width: 970px) 100vw, 970px\" \/><figcaption id=\"caption-attachment-19390\" class=\"wp-caption-text\">Tadej Poga\u010dar j\u00f6tt, l\u00e1tott, c\u00edmet v\u00e9dett \u2013 \u0151t a rendhagy\u00f3 ruandai k\u00f6r\u00fclm\u00e9nyek sem tudt\u00e1k kiz\u00f6kkenteni (Fot\u00f3: Simon Wilkinson\/SWPix)<\/figcaption><\/figure>\n<p><span style=\"font-weight: 400;\">\u00c1m ak\u00e1rhogy is, a ruandai vil\u00e1gbajnoks\u00e1g mindent egybevetve m\u00e9gis sikeresnek volt mondhat\u00f3 \u2013 <\/span><a href=\"https:\/\/velo.outsideonline.com\/road\/what-comes-next-rwanda-world-championships\/\"><span style=\"font-weight: 400;\">legal\u00e1bbis ezt \u00e1llap\u00edtja meg az egyik legnagyobb bring\u00e1s magazin, a VELO<\/span><\/a><span style=\"font-weight: 400;\">, amely az afrikai vb hat\u00e1sait \u00e9s az olyan elmaradottabb orsz\u00e1gok lehets\u00e9ges j\u00f6v\u0151k\u00e9peit is vizsg\u00e1lja, ahol a sport \u00e9s a ker\u00e9kp\u00e1r egyfajta fejl\u0151d\u00e9si \u00e9s kit\u00f6r\u00e9si lehet\u0151s\u00e9gk\u00e9nt is funkcion\u00e1lhat (pont, mint Ruand\u00e1ban). A cikk szerint az UCI sz\u00e1m\u00e1ra egyszerre jelentett sportdiplom\u00e1ciai kock\u00e1zatot \u00e9s nagy lehet\u0151s\u00e9get a ruandai rendez\u00e9s, \u00e9s b\u00e1r sokan k\u00e9telkedtek abban, hogy egy politikailag \u00e9s region\u00e1lisan is instabil orsz\u00e1g k\u00e9pes lesz egy ilyen nagyszab\u00e1s\u00fa esem\u00e9nyt megszervezni, a vb v\u00e9g\u00fcl \u00f6sszess\u00e9g\u00e9ben nagy sikernek bizonyult, lelkes szurkol\u00f3kkal, komoly nemzetk\u00f6zi figyelemmel \u00e9s m\u00e9rhet\u0151 turisztikai haszonnal. <\/span><\/p>\n<figure id=\"attachment_19389\" aria-describedby=\"caption-attachment-19389\" style=\"width: 1024px\" class=\"wp-caption alignnone\"><img loading=\"lazy\" decoding=\"async\" class=\"size-large wp-image-19389\" src=\"https:\/\/d2p6e6u75xmxt8.cloudfront.net\/12\/2025\/11\/image2-1-1024x682.webp\" alt=\"\" width=\"1024\" height=\"682\" srcset=\"https:\/\/d2p6e6u75xmxt8.cloudfront.net\/12\/2025\/11\/image2-1-1024x682.webp 1024w, https:\/\/d2p6e6u75xmxt8.cloudfront.net\/12\/2025\/11\/image2-1-300x200.webp 300w, https:\/\/d2p6e6u75xmxt8.cloudfront.net\/12\/2025\/11\/image2-1-768x512.webp 768w, https:\/\/d2p6e6u75xmxt8.cloudfront.net\/12\/2025\/11\/image2-1-400x267.webp 400w, https:\/\/d2p6e6u75xmxt8.cloudfront.net\/12\/2025\/11\/image2-1-272x182.webp 272w, https:\/\/d2p6e6u75xmxt8.cloudfront.net\/12\/2025\/11\/image2-1.webp 1280w\" sizes=\"auto, (max-width: 1024px) 100vw, 1024px\" \/><figcaption id=\"caption-attachment-19389\" class=\"wp-caption-text\">Lelkes szurkol\u00f3kb\u00f3l nem volt hi\u00e1ny a j\u00f3 egymillli\u00f3s f\u0151v\u00e1ros, Kigali utc\u00e1in (Fot\u00f3: Getty Images)<\/figcaption><\/figure>\n<p><span style=\"font-weight: 400;\">Az \u00edr\u00e1s onnan indul, hogy felid\u00e9zi Ruanda tragikus m\u00faltj\u00e1t, az 1994-es, t\u00f6bb mint f\u00e9lmilli\u00f3 \u00e1ldozatot k\u00f6vetel\u0151 n\u00e9pirt\u00e1st \u00e9s a polg\u00e1rh\u00e1bor\u00fa ut\u00e1ni \u00fajj\u00e1\u00e9p\u00edt\u00e9st, amelynek \u00e9l\u00e9n Paul Kagame \u00e1ll. Megjegyzik, b\u00e1r Kagame er\u0151s politikai kontrollt gyakorol, \u00e9s az orsz\u00e1got sokan autoriter rezsimnek l\u00e1tj\u00e1k, egy m\u00e1sik oldal sem hagyhat\u00f3 figyelmen k\u00edv\u00fcl: regn\u00e1l\u00e1sa alatt modern infrastrukt\u00far\u00e1t \u00e9p\u00edtett ki, gazdas\u00e1gi diverzifik\u00e1ci\u00f3 \u00e9s jelent\u0151s fejl\u0151d\u00e9s mellett. A ker\u00e9kp\u00e1roz\u00e1s pedig meglep\u0151 m\u00f3don kulcsszerepet j\u00e1tszott ebben az \u00fajj\u00e1\u00e9p\u00fcl\u00e9sben: a bicikli hagyom\u00e1nyos k\u00f6zleked\u00e9si eszk\u00f6zk\u00e9nt terjedt el, k\u00fcl\u00f6n\u00f6sen a polg\u00e1rh\u00e1bor\u00fa puszt\u00edt\u00e1sai ut\u00e1n, \u00e9s id\u0151vel versenysportt\u00e1 alakult \u00e1t. Ezt a fejl\u0151d\u00e9st seg\u00edtett\u00e9k el\u0151 az olyan kezdem\u00e9nyez\u00e9sek, mint a \u201eProject Rwanda\u201d, amely ker\u00e9kp\u00e1rokat biztos\u00edtott \u00e9s versenyz\u00e9si kult\u00far\u00e1t \u00e9p\u00edtett ki, olyan, m\u00e1ra jelent\u0151s nemzetk\u00f6zi viadalokkal, mint p\u00e9ld\u00e1ul a Ruandai K\u00f6rverseny. A szerz\u0151 emellett eml\u00e9keztet arra, amire mi is utaltunk a bevezet\u0151ben, jeles\u00fcl, hogy az UCI strat\u00e9giai c\u00e9ljai k\u00f6z\u00f6tt m\u00e1r r\u00e9g\u00f3ta szerepel, hogy a sport\u00e1gat ne csak Eur\u00f3p\u00e1ra korl\u00e1tozza, hanem \u00faj piacokat \u00e9p\u00edtsen ki. Ez ugyanis \u00faj versenyz\u0151ket \u00e9s n\u00e9z\u0151ket vonzhat be, r\u00e1ad\u00e1sul politikailag is el\u0151ny\u00f6s lehet a szervezet sz\u00e1m\u00e1ra \u2013 p\u00e9ld\u00e1ul az UCI vezet\u0151inek olimpiai elismerts\u00e9ge szempontj\u00e1b\u00f3l.<\/span><\/p>\n<figure id=\"attachment_19392\" aria-describedby=\"caption-attachment-19392\" style=\"width: 1000px\" class=\"wp-caption alignnone\"><img loading=\"lazy\" decoding=\"async\" class=\"size-full wp-image-19392\" src=\"https:\/\/d2p6e6u75xmxt8.cloudfront.net\/12\/2025\/11\/image5.webp\" alt=\"\" width=\"1000\" height=\"667\" srcset=\"https:\/\/d2p6e6u75xmxt8.cloudfront.net\/12\/2025\/11\/image5.webp 1000w, https:\/\/d2p6e6u75xmxt8.cloudfront.net\/12\/2025\/11\/image5-300x200.webp 300w, https:\/\/d2p6e6u75xmxt8.cloudfront.net\/12\/2025\/11\/image5-768x512.webp 768w, https:\/\/d2p6e6u75xmxt8.cloudfront.net\/12\/2025\/11\/image5-400x267.webp 400w, https:\/\/d2p6e6u75xmxt8.cloudfront.net\/12\/2025\/11\/image5-272x182.webp 272w\" sizes=\"auto, (max-width: 1000px) 100vw, 1000px\" \/><figcaption id=\"caption-attachment-19392\" class=\"wp-caption-text\">A Ruandai K\u00f6rverseny m\u00e1ra Afrika egyik legn\u00e9pszer\u0171bb \u00e9s legnagyobb viadala (Fot\u00f3: UCI)<\/figcaption><\/figure>\n<p><span style=\"font-weight: 400;\">Ezzel egyid\u0151ben felmer\u00fcl az angolban csak \u201esportswashing\u201d kifejez\u00e9sk\u00e9nt ismert jelens\u00e9g vesz\u00e9lye is, ami annyit tesz, hogy olyan orsz\u00e1gok, amelyek m\u00e9g napjainkban is folyamatosan emberi jogi kritik\u00e1kkal n\u00e9znek szembe, k\u00fcl\u00f6nf\u00e9le nagyszab\u00e1s\u00fa sportesem\u00e9nyek r\u00e9v\u00e9n pr\u00f3b\u00e1lj\u00e1k jav\u00edtani im\u00e1zsukat, elterelni a figyelmet a vissza\u00e9l\u00e9sekr\u0151l. Az \u00edr\u00e1s konkr\u00e9t p\u00e1rhuzamk\u00e9nt eml\u00edt m\u00e1s sport\u00e1gakb\u00f3l egy\u00e9b nem eur\u00f3pai szerepl\u0151ket, p\u00e9ld\u00e1ul a katari \u00e9s az oroszorsz\u00e1gi futball-vil\u00e1gbajnoks\u00e1got, fenntartva az es\u00e9lyt arra, hogy bizonyos tekintetben Ruanda is a katari modell \u00e9s az orosz strat\u00e9gia kever\u00e9k\u00e9t alkalmazza. Ennek t\u00fckr\u00e9ben nyilv\u00e1n nagy k\u00e9rd\u00e9s, hogy a ruandai \u00e1llam a vb ut\u00e1n vajon csak politikai eszk\u00f6zk\u00e9nt, sportmarketingc\u00e9lokra fogja-e haszn\u00e1lni a ker\u00e9kp\u00e1rsportot, vagy pedig az optimist\u00e1bb forgat\u00f3k\u00f6nyv val\u00f3sul meg, \u00e9s az afrikai orsz\u00e1g k\u00e9pes lehet e t\u00e9ren p\u00e9ld\u00e1ul Eritrea vagy Eti\u00f3pia nyom\u00e1ba l\u00e9pni \u00faj, profi szint\u0171 ker\u00e9kp\u00e1ros tehets\u00e9gek kinevel\u00e9s\u00e9ben. Ha siker\u00fcl meger\u0151s\u00edteni a helyi ker\u00e9kp\u00e1ros infrastrukt\u00far\u00e1t, lelkes k\u00f6z\u00f6ss\u00e9geket \u00e9s versenykult\u00far\u00e1t, akkor nem csak Ruand\u00e1nak, de eg\u00e9sz Afrik\u00e1nak is fontos szerepe lehet a sport j\u00f6v\u0151j\u00e9ben.<\/span><\/p>\n<p><span style=\"font-weight: 400;\">Az igazi k\u00e9rd\u00e9s teh\u00e1t az, hogy a vb ut\u00e1ni lend\u00fclet tart\u00f3s lesz-e, vagy csak egy r\u00f6vid fell\u00e1ngol\u00e1s. Ha az UCI \u00e9s a ruandai ker\u00e9kp\u00e1ros szervezetek b\u00f6lcsen haszn\u00e1lj\u00e1k ki az alkalmat, akkor valami igaz\u00e1n nagy dolog kezd\u0151dhet el, de ha nem, akkor a vb ink\u00e1bb csak egy sz\u00e9p show marad \u2013 nem pedig a v\u00e1ltoz\u00e1s motorja.<\/span><\/p>\n<figure id=\"attachment_19391\" aria-describedby=\"caption-attachment-19391\" style=\"width: 1024px\" class=\"wp-caption alignnone\"><img loading=\"lazy\" decoding=\"async\" class=\"size-large wp-image-19391\" src=\"https:\/\/d2p6e6u75xmxt8.cloudfront.net\/12\/2025\/11\/image4-1-1024x637.webp\" alt=\"\" width=\"1024\" height=\"637\" srcset=\"https:\/\/d2p6e6u75xmxt8.cloudfront.net\/12\/2025\/11\/image4-1-1024x637.webp 1024w, https:\/\/d2p6e6u75xmxt8.cloudfront.net\/12\/2025\/11\/image4-1-300x187.webp 300w, https:\/\/d2p6e6u75xmxt8.cloudfront.net\/12\/2025\/11\/image4-1-768x478.webp 768w, https:\/\/d2p6e6u75xmxt8.cloudfront.net\/12\/2025\/11\/image4-1-400x249.webp 400w, https:\/\/d2p6e6u75xmxt8.cloudfront.net\/12\/2025\/11\/image4-1.webp 1386w\" sizes=\"auto, (max-width: 1024px) 100vw, 1024px\" \/><figcaption id=\"caption-attachment-19391\" class=\"wp-caption-text\">Fot\u00f3: X\/UCI<\/figcaption><\/figure>\n<p><i><span style=\"font-weight: 400;\">Bor\u00edt\u00f3k\u00e9p: Julien Goldstein\/Getty Images<\/span><\/i><\/p>\n","protected":false},"excerpt":{"rendered":"<p>Az UCI mer\u00e9sz terve \u00e9s jelent\u0151s kock\u00e1zatv\u00e1llal\u00e1sa egyel\u0151re nem \u00fct\u00f6tt vissza, az orsz\u00e1g\u00fati ker\u00e9kp\u00e1rsport els\u0151 afrikai vb-je ak\u00e1r m\u00e9g sikerk\u00e9nt [&hellip;]<\/p>\n","protected":false},"author":71,"featured_media":19388,"comment_status":"open","ping_status":"open","sticky":false,"template":"","format":"standard","meta":{"footnotes":""},"categories":[8],"tags":[],"global-categories":[419],"class_list":["post-19387","post","type-post","status-publish","format-standard","has-post-thumbnail","hentry","category-orszaguti-kerekpar","global-categories-cycling"],"yoast_head":"<!-- This site is optimized with the Yoast SEO Premium plugin v25.3 (Yoast SEO v25.9) - https:\/\/yoast.com\/wordpress\/plugins\/seo\/ -->\n<title>Hatalmas lehet\u0151s\u00e9g, a v\u00e1ltoz\u00e1s motorja, vagy csak egy l\u00e1tv\u00e1nyos \u201esportwashing-show\u201d a vissza\u00e9l\u00e9sek elfed\u00e9s\u00e9re a t\u00f6rt\u00e9nelmi, ruandai vb?<\/title>\n<meta name=\"description\" content=\"Az UCI mer\u00e9sz terve \u00e9s jelent\u0151s kock\u00e1zatv\u00e1llal\u00e1sa egyel\u0151re nem \u00fct\u00f6tt vissza, az orsz\u00e1g\u00fati ker\u00e9kp\u00e1rsport els\u0151 afrikai vb-je ak\u00e1r m\u00e9g sikerk\u00e9nt is elk\u00f6nyvelhet\u0151. A hosszabb t\u00e1v\u00fa kil\u00e1t\u00e1sok viszont m\u00e1r k\u00e9tes\u00e9lyesek: vagy elindul valami nagy dolog, vagy k\u00e9tes c\u00e9lokra fogj\u00e1k felhaszn\u00e1lni a sz\u00e9pnek t\u0171n\u0151 kezdem\u00e9nyez\u00e9st.\" \/>\n<meta name=\"robots\" content=\"index, follow, max-snippet:-1, max-image-preview:large, max-video-preview:-1\" \/>\n<link rel=\"canonical\" href=\"https:\/\/www.welovecycling.com\/hu\/orszaguti-kerekpar\/hatalmas-lehetoseg-a-valtozas-motorja-vagy-csak-egy-latvanyos-sportwashing-show-a-visszaelesek-elfedesere-a-tortenelmi-ruandai-vb\/\" \/>\n<meta property=\"og:locale\" content=\"hu_HU\" \/>\n<meta property=\"og:type\" content=\"article\" \/>\n<meta property=\"og:title\" content=\"Hatalmas lehet\u0151s\u00e9g, a v\u00e1ltoz\u00e1s motorja, vagy csak egy l\u00e1tv\u00e1nyos \u201esportwashing-show\u201d a vissza\u00e9l\u00e9sek elfed\u00e9s\u00e9re a t\u00f6rt\u00e9nelmi, ruandai vb?\" \/>\n<meta property=\"og:description\" content=\"Az UCI mer\u00e9sz terve \u00e9s jelent\u0151s kock\u00e1zatv\u00e1llal\u00e1sa egyel\u0151re nem \u00fct\u00f6tt vissza, az orsz\u00e1g\u00fati ker\u00e9kp\u00e1rsport els\u0151 afrikai vb-je ak\u00e1r m\u00e9g sikerk\u00e9nt is elk\u00f6nyvelhet\u0151. A hosszabb t\u00e1v\u00fa kil\u00e1t\u00e1sok viszont m\u00e1r k\u00e9tes\u00e9lyesek: vagy elindul valami nagy dolog, vagy k\u00e9tes c\u00e9lokra fogj\u00e1k felhaszn\u00e1lni a sz\u00e9pnek t\u0171n\u0151 kezdem\u00e9nyez\u00e9st.\" \/>\n<meta property=\"og:url\" content=\"https:\/\/www.welovecycling.com\/hu\/orszaguti-kerekpar\/hatalmas-lehetoseg-a-valtozas-motorja-vagy-csak-egy-latvanyos-sportwashing-show-a-visszaelesek-elfedesere-a-tortenelmi-ruandai-vb\/\" \/>\n<meta property=\"og:site_name\" content=\"\u0160koda We Love Cycling - Magyarorsz\u00e1g\" \/>\n<meta property=\"article:publisher\" content=\"https:\/\/www.facebook.com\/WeLoveCyclingHungary\/\" \/>\n<meta property=\"article:published_time\" content=\"2025-11-24T11:51:13+00:00\" \/>\n<meta property=\"og:image\" content=\"https:\/\/d2p6e6u75xmxt8.cloudfront.net\/12\/2025\/11\/image1-1.webp\" \/>\n\t<meta property=\"og:image:width\" content=\"1388\" \/>\n\t<meta property=\"og:image:height\" content=\"925\" \/>\n\t<meta property=\"og:image:type\" content=\"image\/webp\" \/>\n<meta name=\"author\" content=\"hegyizs\" \/>\n<meta name=\"twitter:card\" content=\"summary_large_image\" \/>\n<meta name=\"twitter:label1\" content=\"Written by\" \/>\n\t<meta name=\"twitter:data1\" content=\"WLC\" \/>\n\t<meta name=\"twitter:label2\" content=\"Est. reading time\" \/>\n\t<meta name=\"twitter:data2\" content=\"6 minutes\" \/>\n<script type=\"application\/ld+json\" class=\"yoast-schema-graph\">{\"@context\":\"https:\/\/schema.org\",\"@graph\":[{\"@type\":\"WebPage\",\"@id\":\"https:\/\/www.welovecycling.com\/hu\/orszaguti-kerekpar\/hatalmas-lehetoseg-a-valtozas-motorja-vagy-csak-egy-latvanyos-sportwashing-show-a-visszaelesek-elfedesere-a-tortenelmi-ruandai-vb\/\",\"url\":\"https:\/\/www.welovecycling.com\/hu\/orszaguti-kerekpar\/hatalmas-lehetoseg-a-valtozas-motorja-vagy-csak-egy-latvanyos-sportwashing-show-a-visszaelesek-elfedesere-a-tortenelmi-ruandai-vb\/\",\"name\":\"Hatalmas lehet\u0151s\u00e9g, a v\u00e1ltoz\u00e1s motorja, vagy csak egy l\u00e1tv\u00e1nyos \u201esportwashing-show\u201d a vissza\u00e9l\u00e9sek elfed\u00e9s\u00e9re a t\u00f6rt\u00e9nelmi, ruandai vb?\",\"isPartOf\":{\"@id\":\"https:\/\/www.welovecycling.com\/hu\/#website\"},\"primaryImageOfPage\":{\"@id\":\"https:\/\/www.welovecycling.com\/hu\/orszaguti-kerekpar\/hatalmas-lehetoseg-a-valtozas-motorja-vagy-csak-egy-latvanyos-sportwashing-show-a-visszaelesek-elfedesere-a-tortenelmi-ruandai-vb\/#primaryimage\"},\"image\":{\"@id\":\"https:\/\/www.welovecycling.com\/hu\/orszaguti-kerekpar\/hatalmas-lehetoseg-a-valtozas-motorja-vagy-csak-egy-latvanyos-sportwashing-show-a-visszaelesek-elfedesere-a-tortenelmi-ruandai-vb\/#primaryimage\"},\"thumbnailUrl\":\"https:\/\/d2p6e6u75xmxt8.cloudfront.net\/12\/2025\/11\/image1-1.webp\",\"datePublished\":\"2025-11-24T11:51:13+00:00\",\"author\":{\"@id\":\"https:\/\/www.welovecycling.com\/hu\/#\/schema\/person\/414a2aebf1801691a5320edb6468e194\"},\"description\":\"Az UCI mer\u00e9sz terve \u00e9s jelent\u0151s kock\u00e1zatv\u00e1llal\u00e1sa egyel\u0151re nem \u00fct\u00f6tt vissza, az orsz\u00e1g\u00fati ker\u00e9kp\u00e1rsport els\u0151 afrikai vb-je ak\u00e1r m\u00e9g sikerk\u00e9nt is elk\u00f6nyvelhet\u0151. A hosszabb t\u00e1v\u00fa kil\u00e1t\u00e1sok viszont m\u00e1r k\u00e9tes\u00e9lyesek: vagy elindul valami nagy dolog, vagy k\u00e9tes c\u00e9lokra fogj\u00e1k felhaszn\u00e1lni a sz\u00e9pnek t\u0171n\u0151 kezdem\u00e9nyez\u00e9st.\",\"breadcrumb\":{\"@id\":\"https:\/\/www.welovecycling.com\/hu\/orszaguti-kerekpar\/hatalmas-lehetoseg-a-valtozas-motorja-vagy-csak-egy-latvanyos-sportwashing-show-a-visszaelesek-elfedesere-a-tortenelmi-ruandai-vb\/#breadcrumb\"},\"inLanguage\":\"hu\",\"potentialAction\":[{\"@type\":\"ReadAction\",\"target\":[\"https:\/\/www.welovecycling.com\/hu\/orszaguti-kerekpar\/hatalmas-lehetoseg-a-valtozas-motorja-vagy-csak-egy-latvanyos-sportwashing-show-a-visszaelesek-elfedesere-a-tortenelmi-ruandai-vb\/\"]}]},{\"@type\":\"ImageObject\",\"inLanguage\":\"hu\",\"@id\":\"https:\/\/www.welovecycling.com\/hu\/orszaguti-kerekpar\/hatalmas-lehetoseg-a-valtozas-motorja-vagy-csak-egy-latvanyos-sportwashing-show-a-visszaelesek-elfedesere-a-tortenelmi-ruandai-vb\/#primaryimage\",\"url\":\"https:\/\/d2p6e6u75xmxt8.cloudfront.net\/12\/2025\/11\/image1-1.webp\",\"contentUrl\":\"https:\/\/d2p6e6u75xmxt8.cloudfront.net\/12\/2025\/11\/image1-1.webp\",\"width\":1388,\"height\":925},{\"@type\":\"BreadcrumbList\",\"@id\":\"https:\/\/www.welovecycling.com\/hu\/orszaguti-kerekpar\/hatalmas-lehetoseg-a-valtozas-motorja-vagy-csak-egy-latvanyos-sportwashing-show-a-visszaelesek-elfedesere-a-tortenelmi-ruandai-vb\/#breadcrumb\",\"itemListElement\":[{\"@type\":\"ListItem\",\"position\":1,\"name\":\"Home\",\"item\":\"https:\/\/www.welovecycling.com\/hu\/\"},{\"@type\":\"ListItem\",\"position\":2,\"name\":\"Hatalmas lehet\u0151s\u00e9g, a v\u00e1ltoz\u00e1s motorja, vagy csak egy l\u00e1tv\u00e1nyos \u201esportwashing-show\u201d a vissza\u00e9l\u00e9sek elfed\u00e9s\u00e9re a t\u00f6rt\u00e9nelmi, ruandai vb?\"}]},{\"@type\":\"WebSite\",\"@id\":\"https:\/\/www.welovecycling.com\/hu\/#website\",\"url\":\"https:\/\/www.welovecycling.com\/hu\/\",\"name\":\"\u0160koda We Love Cycling - Magyarorsz\u00e1g\",\"description\":\"\u0160koda WeLoveCycling\",\"potentialAction\":[{\"@type\":\"SearchAction\",\"target\":{\"@type\":\"EntryPoint\",\"urlTemplate\":\"https:\/\/www.welovecycling.com\/hu\/?s={search_term_string}\"},\"query-input\":{\"@type\":\"PropertyValueSpecification\",\"valueRequired\":true,\"valueName\":\"search_term_string\"}}],\"inLanguage\":\"hu\"},{\"@type\":\"Person\",\"@id\":\"https:\/\/www.welovecycling.com\/hu\/#\/schema\/person\/414a2aebf1801691a5320edb6468e194\",\"name\":\"hegyizs\",\"image\":{\"@type\":\"ImageObject\",\"inLanguage\":\"hu\",\"@id\":\"https:\/\/www.welovecycling.com\/hu\/#\/schema\/person\/image\/\",\"url\":\"https:\/\/secure.gravatar.com\/avatar\/02cf8a7906b8cf90cecb4679defac7cfd33a1c2e3b88e4903d947f3bb58eedd3?s=96&d=mm&r=g\",\"contentUrl\":\"https:\/\/secure.gravatar.com\/avatar\/02cf8a7906b8cf90cecb4679defac7cfd33a1c2e3b88e4903d947f3bb58eedd3?s=96&d=mm&r=g\",\"caption\":\"hegyizs\"},\"url\":\"https:\/\/www.welovecycling.com\/hu\/author\/hegyizs\/\"}]}<\/script>\n<!-- \/ Yoast SEO Premium plugin. -->","yoast_head_json":{"title":"Hatalmas lehet\u0151s\u00e9g, a v\u00e1ltoz\u00e1s motorja, vagy csak egy l\u00e1tv\u00e1nyos \u201esportwashing-show\u201d a vissza\u00e9l\u00e9sek elfed\u00e9s\u00e9re a t\u00f6rt\u00e9nelmi, ruandai vb?","description":"Az UCI mer\u00e9sz terve \u00e9s jelent\u0151s kock\u00e1zatv\u00e1llal\u00e1sa egyel\u0151re nem \u00fct\u00f6tt vissza, az orsz\u00e1g\u00fati ker\u00e9kp\u00e1rsport els\u0151 afrikai vb-je ak\u00e1r m\u00e9g sikerk\u00e9nt is elk\u00f6nyvelhet\u0151. A hosszabb t\u00e1v\u00fa kil\u00e1t\u00e1sok viszont m\u00e1r k\u00e9tes\u00e9lyesek: vagy elindul valami nagy dolog, vagy k\u00e9tes c\u00e9lokra fogj\u00e1k felhaszn\u00e1lni a sz\u00e9pnek t\u0171n\u0151 kezdem\u00e9nyez\u00e9st.","robots":{"index":"index","follow":"follow","max-snippet":"max-snippet:-1","max-image-preview":"max-image-preview:large","max-video-preview":"max-video-preview:-1"},"canonical":"https:\/\/www.welovecycling.com\/hu\/orszaguti-kerekpar\/hatalmas-lehetoseg-a-valtozas-motorja-vagy-csak-egy-latvanyos-sportwashing-show-a-visszaelesek-elfedesere-a-tortenelmi-ruandai-vb\/","og_locale":"hu_HU","og_type":"article","og_title":"Hatalmas lehet\u0151s\u00e9g, a v\u00e1ltoz\u00e1s motorja, vagy csak egy l\u00e1tv\u00e1nyos \u201esportwashing-show\u201d a vissza\u00e9l\u00e9sek elfed\u00e9s\u00e9re a t\u00f6rt\u00e9nelmi, ruandai vb?","og_description":"Az UCI mer\u00e9sz terve \u00e9s jelent\u0151s kock\u00e1zatv\u00e1llal\u00e1sa egyel\u0151re nem \u00fct\u00f6tt vissza, az orsz\u00e1g\u00fati ker\u00e9kp\u00e1rsport els\u0151 afrikai vb-je ak\u00e1r m\u00e9g sikerk\u00e9nt is elk\u00f6nyvelhet\u0151. A hosszabb t\u00e1v\u00fa kil\u00e1t\u00e1sok viszont m\u00e1r k\u00e9tes\u00e9lyesek: vagy elindul valami nagy dolog, vagy k\u00e9tes c\u00e9lokra fogj\u00e1k felhaszn\u00e1lni a sz\u00e9pnek t\u0171n\u0151 kezdem\u00e9nyez\u00e9st.","og_url":"https:\/\/www.welovecycling.com\/hu\/orszaguti-kerekpar\/hatalmas-lehetoseg-a-valtozas-motorja-vagy-csak-egy-latvanyos-sportwashing-show-a-visszaelesek-elfedesere-a-tortenelmi-ruandai-vb\/","og_site_name":"\u0160koda We Love Cycling - Magyarorsz\u00e1g","article_publisher":"https:\/\/www.facebook.com\/WeLoveCyclingHungary\/","article_published_time":"2025-11-24T11:51:13+00:00","og_image":[{"width":1388,"height":925,"url":"https:\/\/d2p6e6u75xmxt8.cloudfront.net\/12\/2025\/11\/image1-1.webp","type":"image\/webp"}],"author":"hegyizs","twitter_card":"summary_large_image","twitter_misc":{"Written by":"WLC","Est. reading time":"6 minutes"},"schema":{"@context":"https:\/\/schema.org","@graph":[{"@type":"WebPage","@id":"https:\/\/www.welovecycling.com\/hu\/orszaguti-kerekpar\/hatalmas-lehetoseg-a-valtozas-motorja-vagy-csak-egy-latvanyos-sportwashing-show-a-visszaelesek-elfedesere-a-tortenelmi-ruandai-vb\/","url":"https:\/\/www.welovecycling.com\/hu\/orszaguti-kerekpar\/hatalmas-lehetoseg-a-valtozas-motorja-vagy-csak-egy-latvanyos-sportwashing-show-a-visszaelesek-elfedesere-a-tortenelmi-ruandai-vb\/","name":"Hatalmas lehet\u0151s\u00e9g, a v\u00e1ltoz\u00e1s motorja, vagy csak egy l\u00e1tv\u00e1nyos \u201esportwashing-show\u201d a vissza\u00e9l\u00e9sek elfed\u00e9s\u00e9re a t\u00f6rt\u00e9nelmi, ruandai vb?","isPartOf":{"@id":"https:\/\/www.welovecycling.com\/hu\/#website"},"primaryImageOfPage":{"@id":"https:\/\/www.welovecycling.com\/hu\/orszaguti-kerekpar\/hatalmas-lehetoseg-a-valtozas-motorja-vagy-csak-egy-latvanyos-sportwashing-show-a-visszaelesek-elfedesere-a-tortenelmi-ruandai-vb\/#primaryimage"},"image":{"@id":"https:\/\/www.welovecycling.com\/hu\/orszaguti-kerekpar\/hatalmas-lehetoseg-a-valtozas-motorja-vagy-csak-egy-latvanyos-sportwashing-show-a-visszaelesek-elfedesere-a-tortenelmi-ruandai-vb\/#primaryimage"},"thumbnailUrl":"https:\/\/d2p6e6u75xmxt8.cloudfront.net\/12\/2025\/11\/image1-1.webp","datePublished":"2025-11-24T11:51:13+00:00","author":{"@id":"https:\/\/www.welovecycling.com\/hu\/#\/schema\/person\/414a2aebf1801691a5320edb6468e194"},"description":"Az UCI mer\u00e9sz terve \u00e9s jelent\u0151s kock\u00e1zatv\u00e1llal\u00e1sa egyel\u0151re nem \u00fct\u00f6tt vissza, az orsz\u00e1g\u00fati ker\u00e9kp\u00e1rsport els\u0151 afrikai vb-je ak\u00e1r m\u00e9g sikerk\u00e9nt is elk\u00f6nyvelhet\u0151. A hosszabb t\u00e1v\u00fa kil\u00e1t\u00e1sok viszont m\u00e1r k\u00e9tes\u00e9lyesek: vagy elindul valami nagy dolog, vagy k\u00e9tes c\u00e9lokra fogj\u00e1k felhaszn\u00e1lni a sz\u00e9pnek t\u0171n\u0151 kezdem\u00e9nyez\u00e9st.","breadcrumb":{"@id":"https:\/\/www.welovecycling.com\/hu\/orszaguti-kerekpar\/hatalmas-lehetoseg-a-valtozas-motorja-vagy-csak-egy-latvanyos-sportwashing-show-a-visszaelesek-elfedesere-a-tortenelmi-ruandai-vb\/#breadcrumb"},"inLanguage":"hu","potentialAction":[{"@type":"ReadAction","target":["https:\/\/www.welovecycling.com\/hu\/orszaguti-kerekpar\/hatalmas-lehetoseg-a-valtozas-motorja-vagy-csak-egy-latvanyos-sportwashing-show-a-visszaelesek-elfedesere-a-tortenelmi-ruandai-vb\/"]}]},{"@type":"ImageObject","inLanguage":"hu","@id":"https:\/\/www.welovecycling.com\/hu\/orszaguti-kerekpar\/hatalmas-lehetoseg-a-valtozas-motorja-vagy-csak-egy-latvanyos-sportwashing-show-a-visszaelesek-elfedesere-a-tortenelmi-ruandai-vb\/#primaryimage","url":"https:\/\/d2p6e6u75xmxt8.cloudfront.net\/12\/2025\/11\/image1-1.webp","contentUrl":"https:\/\/d2p6e6u75xmxt8.cloudfront.net\/12\/2025\/11\/image1-1.webp","width":1388,"height":925},{"@type":"BreadcrumbList","@id":"https:\/\/www.welovecycling.com\/hu\/orszaguti-kerekpar\/hatalmas-lehetoseg-a-valtozas-motorja-vagy-csak-egy-latvanyos-sportwashing-show-a-visszaelesek-elfedesere-a-tortenelmi-ruandai-vb\/#breadcrumb","itemListElement":[{"@type":"ListItem","position":1,"name":"Home","item":"https:\/\/www.welovecycling.com\/hu\/"},{"@type":"ListItem","position":2,"name":"Hatalmas lehet\u0151s\u00e9g, a v\u00e1ltoz\u00e1s motorja, vagy csak egy l\u00e1tv\u00e1nyos \u201esportwashing-show\u201d a vissza\u00e9l\u00e9sek elfed\u00e9s\u00e9re a t\u00f6rt\u00e9nelmi, ruandai vb?"}]},{"@type":"WebSite","@id":"https:\/\/www.welovecycling.com\/hu\/#website","url":"https:\/\/www.welovecycling.com\/hu\/","name":"\u0160koda We Love Cycling - Magyarorsz\u00e1g","description":"\u0160koda WeLoveCycling","potentialAction":[{"@type":"SearchAction","target":{"@type":"EntryPoint","urlTemplate":"https:\/\/www.welovecycling.com\/hu\/?s={search_term_string}"},"query-input":{"@type":"PropertyValueSpecification","valueRequired":true,"valueName":"search_term_string"}}],"inLanguage":"hu"},{"@type":"Person","@id":"https:\/\/www.welovecycling.com\/hu\/#\/schema\/person\/414a2aebf1801691a5320edb6468e194","name":"hegyizs","image":{"@type":"ImageObject","inLanguage":"hu","@id":"https:\/\/www.welovecycling.com\/hu\/#\/schema\/person\/image\/","url":"https:\/\/secure.gravatar.com\/avatar\/02cf8a7906b8cf90cecb4679defac7cfd33a1c2e3b88e4903d947f3bb58eedd3?s=96&d=mm&r=g","contentUrl":"https:\/\/secure.gravatar.com\/avatar\/02cf8a7906b8cf90cecb4679defac7cfd33a1c2e3b88e4903d947f3bb58eedd3?s=96&d=mm&r=g","caption":"hegyizs"},"url":"https:\/\/www.welovecycling.com\/hu\/author\/hegyizs\/"}]}},"_links":{"self":[{"href":"https:\/\/www.welovecycling.com\/hu\/wp-json\/wp\/v2\/posts\/19387","targetHints":{"allow":["GET"]}}],"collection":[{"href":"https:\/\/www.welovecycling.com\/hu\/wp-json\/wp\/v2\/posts"}],"about":[{"href":"https:\/\/www.welovecycling.com\/hu\/wp-json\/wp\/v2\/types\/post"}],"author":[{"embeddable":true,"href":"https:\/\/www.welovecycling.com\/hu\/wp-json\/wp\/v2\/users\/71"}],"replies":[{"embeddable":true,"href":"https:\/\/www.welovecycling.com\/hu\/wp-json\/wp\/v2\/comments?post=19387"}],"version-history":[{"count":1,"href":"https:\/\/www.welovecycling.com\/hu\/wp-json\/wp\/v2\/posts\/19387\/revisions"}],"predecessor-version":[{"id":19393,"href":"https:\/\/www.welovecycling.com\/hu\/wp-json\/wp\/v2\/posts\/19387\/revisions\/19393"}],"wp:featuredmedia":[{"embeddable":true,"href":"https:\/\/www.welovecycling.com\/hu\/wp-json\/wp\/v2\/media\/19388"}],"wp:attachment":[{"href":"https:\/\/www.welovecycling.com\/hu\/wp-json\/wp\/v2\/media?parent=19387"}],"wp:term":[{"taxonomy":"category","embeddable":true,"href":"https:\/\/www.welovecycling.com\/hu\/wp-json\/wp\/v2\/categories?post=19387"},{"taxonomy":"post_tag","embeddable":true,"href":"https:\/\/www.welovecycling.com\/hu\/wp-json\/wp\/v2\/tags?post=19387"},{"taxonomy":"global-categories","embeddable":true,"href":"https:\/\/www.welovecycling.com\/hu\/wp-json\/wp\/v2\/global-categories?post=19387"}],"curies":[{"name":"wp","href":"https:\/\/api.w.org\/{rel}","templated":true}]}}