{"id":19378,"date":"2025-11-20T12:50:51","date_gmt":"2025-11-20T10:50:51","guid":{"rendered":"https:\/\/www.welovecycling.com\/hu\/?p=19378"},"modified":"2025-11-20T12:50:51","modified_gmt":"2025-11-20T10:50:51","slug":"egy-fenekkel-nem-lehet-ket-drotszamarat-megulni-a-trek-ude-szinfoltja-aleix-espargaro-visszacsereli-a-bringat-a-motorra","status":"publish","type":"post","link":"https:\/\/www.welovecycling.com\/hu\/orszaguti-kerekpar\/egy-fenekkel-nem-lehet-ket-drotszamarat-megulni-a-trek-ude-szinfoltja-aleix-espargaro-visszacsereli-a-bringat-a-motorra\/","title":{"rendered":"Egy fen\u00e9kkel nem lehet k\u00e9t dr\u00f3tszamarat meg\u00fclni: a Trek \u00fcde sz\u00ednfoltja, Aleix Espargar\u00f3 visszacser\u00e9li a bring\u00e1t a motorra"},"content":{"rendered":"<p class=\"p1\"><b>A sokoldal\u00fa spanyol versenyz\u0151 id\u00e9n a nagyk\u00f6z\u00f6ns\u00e9gnek is bebizony\u00edtotta, hogy sokkal t\u00f6bb lelkes amat\u0151r ker\u00e9kp\u00e1rosn\u00e1l, de v\u00e1lasz\u00fat el\u00e9 ker\u00fclt, \u00e9s j\u00f6v\u0151re visszat\u00e9r a MotoGP-be. T\u00f6rt\u00e9nete azonban \u00edgy is komoly inspir\u00e1ci\u00f3 lehet mindenki sz\u00e1m\u00e1ra. <\/b><!--more--><\/p>\n<p class=\"p1\">Az idei orsz\u00e1g\u00fati verseny\u00e9v egyik \u00fcde sz\u00ednfoltja volt Aleix Espargar\u00f3. A spanyol versenyz\u0151 neve sokaknak ismer\u0151sen csenghet, m\u00e9ghozz\u00e1 egy m\u00e1sik k\u00e9tkerek\u0171 m\u0171fajb\u00f3l, hiszen profi gyorsas\u00e1gi motorversenyz\u0151k\u00e9nt nem kevesebb, mint m\u00e1sf\u00e9l \u00e9vtizedet h\u00fazott le a kir\u00e1lykateg\u00f3ri\u00e1ban, a MotoGP-ben. Ez m\u00e1r \u00f6nmag\u00e1ban is nagyon komoly fegyvert\u00e9ny, de a legjobbak k\u00f6z\u00f6tt sem a futottak m\u00e9g kateg\u00f3ri\u00e1ba tartozott, hiszen karrierje sor\u00e1n h\u00e1rom futamgy\u0151zelem \u00e9s h\u00e9t pole-poz\u00edci\u00f3 mellett \u00f6sszesen 12 alkalommal \u00e1llhatott fel a dobog\u00f3ra, legsikeresebb szezonj\u00e1ban, 2022-ben pedig az igen el\u0151kel\u0151 negyedik helyen v\u00e9gzett a vil\u00e1gbajnoki pontversenyben az Aprili\u00e1val.<\/p>\n<figure id=\"attachment_19384\" aria-describedby=\"caption-attachment-19384\" style=\"width: 1000px\" class=\"wp-caption alignnone\"><img loading=\"lazy\" decoding=\"async\" class=\"size-full wp-image-19384\" src=\"https:\/\/d2p6e6u75xmxt8.cloudfront.net\/12\/2025\/11\/motogp-aleix-espargaro-aprilia-motogpaustria-motogpitaly-motogpassen-motogpsilverstone-motogpmugello-motogpjerez-motogpsachsenring.webp\" alt=\"\" width=\"1000\" height=\"580\" srcset=\"https:\/\/d2p6e6u75xmxt8.cloudfront.net\/12\/2025\/11\/motogp-aleix-espargaro-aprilia-motogpaustria-motogpitaly-motogpassen-motogpsilverstone-motogpmugello-motogpjerez-motogpsachsenring.webp 1000w, https:\/\/d2p6e6u75xmxt8.cloudfront.net\/12\/2025\/11\/motogp-aleix-espargaro-aprilia-motogpaustria-motogpitaly-motogpassen-motogpsilverstone-motogpmugello-motogpjerez-motogpsachsenring-300x174.webp 300w, https:\/\/d2p6e6u75xmxt8.cloudfront.net\/12\/2025\/11\/motogp-aleix-espargaro-aprilia-motogpaustria-motogpitaly-motogpassen-motogpsilverstone-motogpmugello-motogpjerez-motogpsachsenring-768x445.webp 768w, https:\/\/d2p6e6u75xmxt8.cloudfront.net\/12\/2025\/11\/motogp-aleix-espargaro-aprilia-motogpaustria-motogpitaly-motogpassen-motogpsilverstone-motogpmugello-motogpjerez-motogpsachsenring-400x232.webp 400w\" sizes=\"auto, (max-width: 1000px) 100vw, 1000px\" \/><figcaption id=\"caption-attachment-19384\" class=\"wp-caption-text\">Espargar\u00f3 az Aprili\u00e1n\u00e1l aratta legnagyobb sikereit (Fot\u00f3: Aprilia Racing Team)<\/figcaption><\/figure>\n<p class=\"p1\">A most 36 esztend\u0151s klasszis azonban egy m\u00e1sik k\u00e9tkerek\u0171 sport\u00e1g szerelmesek\u00e9nt a motorversenyz\u00e9s mellett a ker\u00e9kp\u00e1ron is rengeteg id\u0151t t\u00f6lt\u00f6tt el, olyannyira, hogy miut\u00e1n tavaly \u00e9v v\u00e9g\u00e9n visszavonult az akt\u00edv versenyz\u00e9st\u0151l, \u00e9s a MotoGP-ben m\u00e1r csak tesztpil\u00f3tai feladatokat v\u00e1llalt el a Hond\u00e1n\u00e1l, az idei \u00e9vben a csapatot n\u00e9pszer\u0171s\u00edtend\u0151 kv\u00e1zi leszerz\u0151dtette \u0151t az egyik legnagyobb orsz\u00e1g\u00fati ist\u00e1ll\u00f3, a Lidl-Trek, a m\u00e1sodik sor\u00e1hoz (a kontinent\u00e1lis Lidl-Trek Future Racinghez).<\/p>\n<figure id=\"attachment_19383\" aria-describedby=\"caption-attachment-19383\" style=\"width: 1024px\" class=\"wp-caption alignnone\"><img loading=\"lazy\" decoding=\"async\" class=\"size-large wp-image-19383\" src=\"https:\/\/d2p6e6u75xmxt8.cloudfront.net\/12\/2025\/11\/Lidl-Trek-December-Denia-Espargaro-RB-8-scaled-1600x0-c-default-1024x684.webp\" alt=\"\" width=\"1024\" height=\"684\" srcset=\"https:\/\/d2p6e6u75xmxt8.cloudfront.net\/12\/2025\/11\/Lidl-Trek-December-Denia-Espargaro-RB-8-scaled-1600x0-c-default-1024x684.webp 1024w, https:\/\/d2p6e6u75xmxt8.cloudfront.net\/12\/2025\/11\/Lidl-Trek-December-Denia-Espargaro-RB-8-scaled-1600x0-c-default-300x200.webp 300w, https:\/\/d2p6e6u75xmxt8.cloudfront.net\/12\/2025\/11\/Lidl-Trek-December-Denia-Espargaro-RB-8-scaled-1600x0-c-default-768x513.webp 768w, https:\/\/d2p6e6u75xmxt8.cloudfront.net\/12\/2025\/11\/Lidl-Trek-December-Denia-Espargaro-RB-8-scaled-1600x0-c-default-1536x1025.webp 1536w, https:\/\/d2p6e6u75xmxt8.cloudfront.net\/12\/2025\/11\/Lidl-Trek-December-Denia-Espargaro-RB-8-scaled-1600x0-c-default-400x267.webp 400w, https:\/\/d2p6e6u75xmxt8.cloudfront.net\/12\/2025\/11\/Lidl-Trek-December-Denia-Espargaro-RB-8-scaled-1600x0-c-default-272x182.webp 272w, https:\/\/d2p6e6u75xmxt8.cloudfront.net\/12\/2025\/11\/Lidl-Trek-December-Denia-Espargaro-RB-8-scaled-1600x0-c-default.webp 1600w\" sizes=\"auto, (max-width: 1024px) 100vw, 1024px\" \/><figcaption id=\"caption-attachment-19383\" class=\"wp-caption-text\">Fot\u00f3: Trek<\/figcaption><\/figure>\n<p class=\"p1\"><i>\u201eJelenleg sokkal ink\u00e1bb \u00e9rzem magam ker\u00e9kp\u00e1rosnak, mint MotoGP-versenyz\u0151nek, mert m\u00e1r j\u00f3val t\u00f6bb id\u0151t t\u00f6lt\u00f6k a biciklin\u201d <\/i>\u2013 <a href=\"https:\/\/es.motorsport.com\/motogp\/news\/declaraciones-aleix-espargaro-jueves-jerez-mas-ciclista-piloto\/10716501\/\"><span class=\"s1\">ismerte el id\u00e9n \u00e1prilisban<\/span><\/a>, azt k\u00f6vet\u0151en, hogy akkorra m\u00e1r t\u00fal volt egy gravel-versenyen szerzett hetedik helyen. Espargar\u00f3 azonban nem \u00e1llt meg itt, a legnagyobb dob\u00e1sa m\u00e9g h\u00e1tra volt, hiszen a Trek j\u00faliusban benevezte az Osztr\u00e1k K\u00f6rversenyre, ami m\u00e1r t\u00e9nyleg egy komoly profi orsz\u00e1g\u00fati viadal \u2013 r\u00e1ad\u00e1sul b\u0151ven a kem\u00e9nyebb fajt\u00e1b\u00f3l \u2013, hiszen ugyan\u00fagy UCI 2.1-es nemzetk\u00f6zi besorol\u00e1ssal rendelkezik, mint amilyen a Tour de Hongrie is volt sok\u00e1ig, miel\u0151tt m\u00e9g egy szintet feljebb l\u00e9pett volna, k\u00f6zvetlen\u00fcl a WorldTour al\u00e1, a ProSeriesbe. \u00c9s egy\u00e1ltal\u00e1n nem is vallott sz\u00e9gyent, a k\u00e9tked\u0151knek bizony\u00edtotta, hogy nemcsak a \u201eneve miatt\u201d rakt\u00e1k be a csapatba: a nyit\u00f3napon a 85., a m\u00e1sodik szakaszon pedig a 70. helyen j\u00f6tt be a 131 indul\u00f3b\u00f3l, miel\u0151tt a neh\u00e9z harmadik etapon feladata a viadalt nyolcadmag\u00e1val.<\/p>\n<figure id=\"attachment_19380\" aria-describedby=\"caption-attachment-19380\" style=\"width: 1024px\" class=\"wp-caption alignnone\"><img loading=\"lazy\" decoding=\"async\" class=\"size-large wp-image-19380\" src=\"https:\/\/d2p6e6u75xmxt8.cloudfront.net\/12\/2025\/11\/516920316-18516564547045192-147999814090105255-n-516920316-18516564547045192-147999814090105255-n-1600-1024x862.webp\" alt=\"\" width=\"1024\" height=\"862\" srcset=\"https:\/\/d2p6e6u75xmxt8.cloudfront.net\/12\/2025\/11\/516920316-18516564547045192-147999814090105255-n-516920316-18516564547045192-147999814090105255-n-1600-1024x862.webp 1024w, https:\/\/d2p6e6u75xmxt8.cloudfront.net\/12\/2025\/11\/516920316-18516564547045192-147999814090105255-n-516920316-18516564547045192-147999814090105255-n-1600-300x253.webp 300w, https:\/\/d2p6e6u75xmxt8.cloudfront.net\/12\/2025\/11\/516920316-18516564547045192-147999814090105255-n-516920316-18516564547045192-147999814090105255-n-1600-768x647.webp 768w, https:\/\/d2p6e6u75xmxt8.cloudfront.net\/12\/2025\/11\/516920316-18516564547045192-147999814090105255-n-516920316-18516564547045192-147999814090105255-n-1600-400x337.webp 400w, https:\/\/d2p6e6u75xmxt8.cloudfront.net\/12\/2025\/11\/516920316-18516564547045192-147999814090105255-n-516920316-18516564547045192-147999814090105255-n-1600.webp 1235w\" sizes=\"auto, (max-width: 1024px) 100vw, 1024px\" \/><figcaption id=\"caption-attachment-19380\" class=\"wp-caption-text\">Espargar\u00f3 az Osztr\u00e1k K\u00f6rversenyen (Fot\u00f3: X\/Lidl-Trek)<\/figcaption><\/figure>\n<p class=\"p1\">Ehhez fontos adal\u00e9k, hogy mindezt \u00fagy \u00e9rte el, hogy k\u00f6zben mellette a MotoGP-s tesztpil\u00f3tai k\u00f6telezetts\u00e9geinek is eleget kellett tennie, f\u0151leg, mert \u00fagy alakult, hogy k\u00fcl\u00f6nb\u00f6z\u0151 okok \u00e9s s\u00e9r\u00fcl\u00e9sek miatt, noha m\u00e1r nem tervezte, \u00f6sszesen n\u00e9gy futamra \u00e9lesben is be kellett ugrania a 2025-\u00f6s vil\u00e1gbajnoki id\u00e9nyben (az egyikre r\u00e1ad\u00e1sul a Honda gy\u00e1ri nagycsapat\u00e1ban). Ez a fajta folyamatos, szerte\u00e1gaz\u00f3 sorozatterhel\u00e9s a rengeteg utaz\u00e1ssal pedig m\u00e9g egy ilyen sokoldal\u00fa figur\u00e1nak is sok, mint Espargar\u00f3, a spanyol klasszis \u00edgy bel\u00e1tta, hogy egy fen\u00e9kkel nem tud meg\u00fclni egyszerre k\u00e9t k\u00e9tkerek\u0171 szamarat. <i>\u201eAzt gondoltam, mindk\u00e9t vil\u00e1gban \u00e9rv\u00e9nyes\u00fclni tudok egyszerre, de kider\u00fclt, hogy nem ez a helyzet\u201d <\/i>\u2013 <a href=\"https:\/\/as.com\/ciclismo\/mas_ciclismo\/aleix-espargaro-confirma-su-retirada-del-ciclismo-profesional-f202511-n\/\"><span class=\"s1\">ismerte el<\/span><\/a>, hozz\u00e1t\u00e9ve, a hond\u00e1s csapatf\u0151n\u00f6ke, Alberto Puig is v\u00e1laszt\u00e1s el\u00e9 \u00e1ll\u00edtotta, \u00edgy v\u00e9g\u00fcl visszat\u00e9r a motorsport vil\u00e1g\u00e1ba. \u2013 \u201c<i>Alberto tiszt\u00e1ban van a ker\u00e9kp\u00e1roz\u00e1s ir\u00e1nti szenved\u00e9lyemmel, de ezzel egy\u00fctt azt mondta, ha a Hond\u00e1n\u00e1l maradok, sokkal ink\u00e1bb a motorversenyz\u00e9sre kell koncentr\u00e1lnom.\u201d<\/i><\/p>\n<figure id=\"attachment_19379\" aria-describedby=\"caption-attachment-19379\" style=\"width: 800px\" class=\"wp-caption alignnone\"><img loading=\"lazy\" decoding=\"async\" class=\"size-full wp-image-19379\" src=\"https:\/\/d2p6e6u75xmxt8.cloudfront.net\/12\/2025\/11\/691772bbbd1605.82499789.webp\" alt=\"\" width=\"800\" height=\"533\" srcset=\"https:\/\/d2p6e6u75xmxt8.cloudfront.net\/12\/2025\/11\/691772bbbd1605.82499789.webp 800w, https:\/\/d2p6e6u75xmxt8.cloudfront.net\/12\/2025\/11\/691772bbbd1605.82499789-300x200.webp 300w, https:\/\/d2p6e6u75xmxt8.cloudfront.net\/12\/2025\/11\/691772bbbd1605.82499789-768x512.webp 768w, https:\/\/d2p6e6u75xmxt8.cloudfront.net\/12\/2025\/11\/691772bbbd1605.82499789-400x267.webp 400w, https:\/\/d2p6e6u75xmxt8.cloudfront.net\/12\/2025\/11\/691772bbbd1605.82499789-272x182.webp 272w\" sizes=\"auto, (max-width: 800px) 100vw, 800px\" \/><figcaption id=\"caption-attachment-19379\" class=\"wp-caption-text\">Mindegy, csak k\u00e9t ker\u00e9ken menjen \u2013 az se baj, ha sz\u00e1guld (Fot\u00f3: Honda Racing Corporation)<\/figcaption><\/figure>\n<p class=\"p1\">Espargar\u00f3 ett\u0151l f\u00fcggetlen\u00fcl semmit sem b\u00e1nt meg, s\u0151t! <i>\u201eNagyon \u00f6r\u00fcl\u00f6k, hogy \u00edgy telt ez az \u00e9v, teljesen megv\u00e1ltoztatta az \u00e9letemet \u00e9s mindent, amit kor\u00e1bban csin\u00e1ltam. Csod\u00e1latos volt egy ilyen nagy csapat tagja lenni, mint a Lidl-Trek. Rengeteget fejl\u0151dtem ker\u00e9kp\u00e1rosk\u00e9nt, \u00e9s sok mindent tanultam ez alatt a hat h\u00f3nap alatt\u201d <\/i>\u2013 mondta Espargar\u00f3, akinek p\u00e9ld\u00e1ja inspir\u00e1ci\u00f3ul szolg\u00e1lhat mindenki m\u00e1snak is ak\u00e1r a mindennapokban is.<\/p>\n<figure id=\"attachment_19381\" aria-describedby=\"caption-attachment-19381\" style=\"width: 1024px\" class=\"wp-caption alignnone\"><img loading=\"lazy\" decoding=\"async\" class=\"size-large wp-image-19381\" src=\"https:\/\/d2p6e6u75xmxt8.cloudfront.net\/12\/2025\/11\/awawsl-1024x682.webp\" alt=\"\" width=\"1024\" height=\"682\" srcset=\"https:\/\/d2p6e6u75xmxt8.cloudfront.net\/12\/2025\/11\/awawsl-1024x682.webp 1024w, https:\/\/d2p6e6u75xmxt8.cloudfront.net\/12\/2025\/11\/awawsl-300x200.webp 300w, https:\/\/d2p6e6u75xmxt8.cloudfront.net\/12\/2025\/11\/awawsl-768x512.webp 768w, https:\/\/d2p6e6u75xmxt8.cloudfront.net\/12\/2025\/11\/awawsl-1536x1024.webp 1536w, https:\/\/d2p6e6u75xmxt8.cloudfront.net\/12\/2025\/11\/awawsl-400x267.webp 400w, https:\/\/d2p6e6u75xmxt8.cloudfront.net\/12\/2025\/11\/awawsl-272x182.webp 272w, https:\/\/d2p6e6u75xmxt8.cloudfront.net\/12\/2025\/11\/awawsl.webp 1700w\" sizes=\"auto, (max-width: 1024px) 100vw, 1024px\" \/><figcaption id=\"caption-attachment-19381\" class=\"wp-caption-text\">Fot\u00f3: Instagram\/Aleix Espargar\u00f3<\/figcaption><\/figure>\n<p class=\"p1\"><i>Bor\u00edt\u00f3k\u00e9p: Trek<\/i><\/p>\n","protected":false},"excerpt":{"rendered":"<p>A sokoldal\u00fa spanyol versenyz\u0151 id\u00e9n a nagyk\u00f6z\u00f6ns\u00e9gnek is bebizony\u00edtotta, hogy sokkal t\u00f6bb lelkes amat\u0151r ker\u00e9kp\u00e1rosn\u00e1l, de v\u00e1lasz\u00fat el\u00e9 ker\u00fclt, \u00e9s [&hellip;]<\/p>\n","protected":false},"author":71,"featured_media":19382,"comment_status":"open","ping_status":"open","sticky":false,"template":"","format":"standard","meta":{"footnotes":""},"categories":[8],"tags":[],"global-categories":[419],"class_list":["post-19378","post","type-post","status-publish","format-standard","has-post-thumbnail","hentry","category-orszaguti-kerekpar","global-categories-cycling"],"yoast_head":"<!-- This site is optimized with the Yoast SEO Premium plugin v25.3 (Yoast SEO v25.9) - https:\/\/yoast.com\/wordpress\/plugins\/seo\/ -->\n<title>Egy fen\u00e9kkel nem lehet k\u00e9t dr\u00f3tszamarat meg\u00fclni: a Trek \u00fcde sz\u00ednfoltja, Aleix Espargar\u00f3 visszacser\u00e9li a bring\u00e1t a motorra<\/title>\n<meta name=\"description\" content=\"A sokoldal\u00fa spanyol versenyz\u0151 id\u00e9n a nagyk\u00f6z\u00f6ns\u00e9gnek is bebizony\u00edtotta, hogy sokkal t\u00f6bb lelkes amat\u0151r ker\u00e9kp\u00e1rosn\u00e1l, de v\u00e1lasz\u00fat el\u00e9 ker\u00fclt, \u00e9s j\u00f6v\u0151re visszat\u00e9r a MotoGP-be. T\u00f6rt\u00e9nete azonban \u00edgy is komoly inspir\u00e1ci\u00f3 lehet mindenki sz\u00e1m\u00e1ra.\" \/>\n<meta name=\"robots\" content=\"index, follow, max-snippet:-1, max-image-preview:large, max-video-preview:-1\" \/>\n<link rel=\"canonical\" href=\"https:\/\/www.welovecycling.com\/hu\/orszaguti-kerekpar\/egy-fenekkel-nem-lehet-ket-drotszamarat-megulni-a-trek-ude-szinfoltja-aleix-espargaro-visszacsereli-a-bringat-a-motorra\/\" \/>\n<meta property=\"og:locale\" content=\"hu_HU\" \/>\n<meta property=\"og:type\" content=\"article\" \/>\n<meta property=\"og:title\" content=\"Egy fen\u00e9kkel nem lehet k\u00e9t dr\u00f3tszamarat meg\u00fclni: a Trek \u00fcde sz\u00ednfoltja, Aleix Espargar\u00f3 visszacser\u00e9li a bring\u00e1t a motorra\" \/>\n<meta property=\"og:description\" content=\"A sokoldal\u00fa spanyol versenyz\u0151 id\u00e9n a nagyk\u00f6z\u00f6ns\u00e9gnek is bebizony\u00edtotta, hogy sokkal t\u00f6bb lelkes amat\u0151r ker\u00e9kp\u00e1rosn\u00e1l, de v\u00e1lasz\u00fat el\u00e9 ker\u00fclt, \u00e9s j\u00f6v\u0151re visszat\u00e9r a MotoGP-be. T\u00f6rt\u00e9nete azonban \u00edgy is komoly inspir\u00e1ci\u00f3 lehet mindenki sz\u00e1m\u00e1ra.\" \/>\n<meta property=\"og:url\" content=\"https:\/\/www.welovecycling.com\/hu\/orszaguti-kerekpar\/egy-fenekkel-nem-lehet-ket-drotszamarat-megulni-a-trek-ude-szinfoltja-aleix-espargaro-visszacsereli-a-bringat-a-motorra\/\" \/>\n<meta property=\"og:site_name\" content=\"\u0160koda We Love Cycling - Magyarorsz\u00e1g\" \/>\n<meta property=\"article:publisher\" content=\"https:\/\/www.facebook.com\/WeLoveCyclingHungary\/\" \/>\n<meta property=\"article:published_time\" content=\"2025-11-20T10:50:51+00:00\" \/>\n<meta property=\"og:image\" content=\"https:\/\/d2p6e6u75xmxt8.cloudfront.net\/12\/2025\/11\/Lidl-Trek-December-Denia-Espargaro-RB-6-scaled-1.webp\" \/>\n\t<meta property=\"og:image:width\" content=\"2560\" \/>\n\t<meta property=\"og:image:height\" content=\"1707\" \/>\n\t<meta property=\"og:image:type\" content=\"image\/webp\" \/>\n<meta name=\"author\" content=\"hegyizs\" \/>\n<meta name=\"twitter:card\" content=\"summary_large_image\" \/>\n<meta name=\"twitter:label1\" content=\"Written by\" \/>\n\t<meta name=\"twitter:data1\" content=\"WLC\" \/>\n\t<meta name=\"twitter:label2\" content=\"Est. reading time\" \/>\n\t<meta name=\"twitter:data2\" content=\"4 minutes\" \/>\n<script type=\"application\/ld+json\" class=\"yoast-schema-graph\">{\"@context\":\"https:\/\/schema.org\",\"@graph\":[{\"@type\":\"WebPage\",\"@id\":\"https:\/\/www.welovecycling.com\/hu\/orszaguti-kerekpar\/egy-fenekkel-nem-lehet-ket-drotszamarat-megulni-a-trek-ude-szinfoltja-aleix-espargaro-visszacsereli-a-bringat-a-motorra\/\",\"url\":\"https:\/\/www.welovecycling.com\/hu\/orszaguti-kerekpar\/egy-fenekkel-nem-lehet-ket-drotszamarat-megulni-a-trek-ude-szinfoltja-aleix-espargaro-visszacsereli-a-bringat-a-motorra\/\",\"name\":\"Egy fen\u00e9kkel nem lehet k\u00e9t dr\u00f3tszamarat meg\u00fclni: a Trek \u00fcde sz\u00ednfoltja, Aleix Espargar\u00f3 visszacser\u00e9li a bring\u00e1t a motorra\",\"isPartOf\":{\"@id\":\"https:\/\/www.welovecycling.com\/hu\/#website\"},\"primaryImageOfPage\":{\"@id\":\"https:\/\/www.welovecycling.com\/hu\/orszaguti-kerekpar\/egy-fenekkel-nem-lehet-ket-drotszamarat-megulni-a-trek-ude-szinfoltja-aleix-espargaro-visszacsereli-a-bringat-a-motorra\/#primaryimage\"},\"image\":{\"@id\":\"https:\/\/www.welovecycling.com\/hu\/orszaguti-kerekpar\/egy-fenekkel-nem-lehet-ket-drotszamarat-megulni-a-trek-ude-szinfoltja-aleix-espargaro-visszacsereli-a-bringat-a-motorra\/#primaryimage\"},\"thumbnailUrl\":\"https:\/\/d2p6e6u75xmxt8.cloudfront.net\/12\/2025\/11\/Lidl-Trek-December-Denia-Espargaro-RB-6-scaled-1.webp\",\"datePublished\":\"2025-11-20T10:50:51+00:00\",\"author\":{\"@id\":\"https:\/\/www.welovecycling.com\/hu\/#\/schema\/person\/414a2aebf1801691a5320edb6468e194\"},\"description\":\"A sokoldal\u00fa spanyol versenyz\u0151 id\u00e9n a nagyk\u00f6z\u00f6ns\u00e9gnek is bebizony\u00edtotta, hogy sokkal t\u00f6bb lelkes amat\u0151r ker\u00e9kp\u00e1rosn\u00e1l, de v\u00e1lasz\u00fat el\u00e9 ker\u00fclt, \u00e9s j\u00f6v\u0151re visszat\u00e9r a MotoGP-be. T\u00f6rt\u00e9nete azonban \u00edgy is komoly inspir\u00e1ci\u00f3 lehet mindenki sz\u00e1m\u00e1ra.\",\"breadcrumb\":{\"@id\":\"https:\/\/www.welovecycling.com\/hu\/orszaguti-kerekpar\/egy-fenekkel-nem-lehet-ket-drotszamarat-megulni-a-trek-ude-szinfoltja-aleix-espargaro-visszacsereli-a-bringat-a-motorra\/#breadcrumb\"},\"inLanguage\":\"hu\",\"potentialAction\":[{\"@type\":\"ReadAction\",\"target\":[\"https:\/\/www.welovecycling.com\/hu\/orszaguti-kerekpar\/egy-fenekkel-nem-lehet-ket-drotszamarat-megulni-a-trek-ude-szinfoltja-aleix-espargaro-visszacsereli-a-bringat-a-motorra\/\"]}]},{\"@type\":\"ImageObject\",\"inLanguage\":\"hu\",\"@id\":\"https:\/\/www.welovecycling.com\/hu\/orszaguti-kerekpar\/egy-fenekkel-nem-lehet-ket-drotszamarat-megulni-a-trek-ude-szinfoltja-aleix-espargaro-visszacsereli-a-bringat-a-motorra\/#primaryimage\",\"url\":\"https:\/\/d2p6e6u75xmxt8.cloudfront.net\/12\/2025\/11\/Lidl-Trek-December-Denia-Espargaro-RB-6-scaled-1.webp\",\"contentUrl\":\"https:\/\/d2p6e6u75xmxt8.cloudfront.net\/12\/2025\/11\/Lidl-Trek-December-Denia-Espargaro-RB-6-scaled-1.webp\",\"width\":2560,\"height\":1707},{\"@type\":\"BreadcrumbList\",\"@id\":\"https:\/\/www.welovecycling.com\/hu\/orszaguti-kerekpar\/egy-fenekkel-nem-lehet-ket-drotszamarat-megulni-a-trek-ude-szinfoltja-aleix-espargaro-visszacsereli-a-bringat-a-motorra\/#breadcrumb\",\"itemListElement\":[{\"@type\":\"ListItem\",\"position\":1,\"name\":\"Home\",\"item\":\"https:\/\/www.welovecycling.com\/hu\/\"},{\"@type\":\"ListItem\",\"position\":2,\"name\":\"Egy fen\u00e9kkel nem lehet k\u00e9t dr\u00f3tszamarat meg\u00fclni: a Trek \u00fcde sz\u00ednfoltja, Aleix Espargar\u00f3 visszacser\u00e9li a bring\u00e1t a motorra\"}]},{\"@type\":\"WebSite\",\"@id\":\"https:\/\/www.welovecycling.com\/hu\/#website\",\"url\":\"https:\/\/www.welovecycling.com\/hu\/\",\"name\":\"\u0160koda We Love Cycling - Magyarorsz\u00e1g\",\"description\":\"\u0160koda WeLoveCycling\",\"potentialAction\":[{\"@type\":\"SearchAction\",\"target\":{\"@type\":\"EntryPoint\",\"urlTemplate\":\"https:\/\/www.welovecycling.com\/hu\/?s={search_term_string}\"},\"query-input\":{\"@type\":\"PropertyValueSpecification\",\"valueRequired\":true,\"valueName\":\"search_term_string\"}}],\"inLanguage\":\"hu\"},{\"@type\":\"Person\",\"@id\":\"https:\/\/www.welovecycling.com\/hu\/#\/schema\/person\/414a2aebf1801691a5320edb6468e194\",\"name\":\"hegyizs\",\"image\":{\"@type\":\"ImageObject\",\"inLanguage\":\"hu\",\"@id\":\"https:\/\/www.welovecycling.com\/hu\/#\/schema\/person\/image\/\",\"url\":\"https:\/\/secure.gravatar.com\/avatar\/02cf8a7906b8cf90cecb4679defac7cfd33a1c2e3b88e4903d947f3bb58eedd3?s=96&d=mm&r=g\",\"contentUrl\":\"https:\/\/secure.gravatar.com\/avatar\/02cf8a7906b8cf90cecb4679defac7cfd33a1c2e3b88e4903d947f3bb58eedd3?s=96&d=mm&r=g\",\"caption\":\"hegyizs\"},\"url\":\"https:\/\/www.welovecycling.com\/hu\/author\/hegyizs\/\"}]}<\/script>\n<!-- \/ Yoast SEO Premium plugin. -->","yoast_head_json":{"title":"Egy fen\u00e9kkel nem lehet k\u00e9t dr\u00f3tszamarat meg\u00fclni: a Trek \u00fcde sz\u00ednfoltja, Aleix Espargar\u00f3 visszacser\u00e9li a bring\u00e1t a motorra","description":"A sokoldal\u00fa spanyol versenyz\u0151 id\u00e9n a nagyk\u00f6z\u00f6ns\u00e9gnek is bebizony\u00edtotta, hogy sokkal t\u00f6bb lelkes amat\u0151r ker\u00e9kp\u00e1rosn\u00e1l, de v\u00e1lasz\u00fat el\u00e9 ker\u00fclt, \u00e9s j\u00f6v\u0151re visszat\u00e9r a MotoGP-be. T\u00f6rt\u00e9nete azonban \u00edgy is komoly inspir\u00e1ci\u00f3 lehet mindenki sz\u00e1m\u00e1ra.","robots":{"index":"index","follow":"follow","max-snippet":"max-snippet:-1","max-image-preview":"max-image-preview:large","max-video-preview":"max-video-preview:-1"},"canonical":"https:\/\/www.welovecycling.com\/hu\/orszaguti-kerekpar\/egy-fenekkel-nem-lehet-ket-drotszamarat-megulni-a-trek-ude-szinfoltja-aleix-espargaro-visszacsereli-a-bringat-a-motorra\/","og_locale":"hu_HU","og_type":"article","og_title":"Egy fen\u00e9kkel nem lehet k\u00e9t dr\u00f3tszamarat meg\u00fclni: a Trek \u00fcde sz\u00ednfoltja, Aleix Espargar\u00f3 visszacser\u00e9li a bring\u00e1t a motorra","og_description":"A sokoldal\u00fa spanyol versenyz\u0151 id\u00e9n a nagyk\u00f6z\u00f6ns\u00e9gnek is bebizony\u00edtotta, hogy sokkal t\u00f6bb lelkes amat\u0151r ker\u00e9kp\u00e1rosn\u00e1l, de v\u00e1lasz\u00fat el\u00e9 ker\u00fclt, \u00e9s j\u00f6v\u0151re visszat\u00e9r a MotoGP-be. T\u00f6rt\u00e9nete azonban \u00edgy is komoly inspir\u00e1ci\u00f3 lehet mindenki sz\u00e1m\u00e1ra.","og_url":"https:\/\/www.welovecycling.com\/hu\/orszaguti-kerekpar\/egy-fenekkel-nem-lehet-ket-drotszamarat-megulni-a-trek-ude-szinfoltja-aleix-espargaro-visszacsereli-a-bringat-a-motorra\/","og_site_name":"\u0160koda We Love Cycling - Magyarorsz\u00e1g","article_publisher":"https:\/\/www.facebook.com\/WeLoveCyclingHungary\/","article_published_time":"2025-11-20T10:50:51+00:00","og_image":[{"width":2560,"height":1707,"url":"https:\/\/d2p6e6u75xmxt8.cloudfront.net\/12\/2025\/11\/Lidl-Trek-December-Denia-Espargaro-RB-6-scaled-1.webp","type":"image\/webp"}],"author":"hegyizs","twitter_card":"summary_large_image","twitter_misc":{"Written by":"WLC","Est. reading time":"4 minutes"},"schema":{"@context":"https:\/\/schema.org","@graph":[{"@type":"WebPage","@id":"https:\/\/www.welovecycling.com\/hu\/orszaguti-kerekpar\/egy-fenekkel-nem-lehet-ket-drotszamarat-megulni-a-trek-ude-szinfoltja-aleix-espargaro-visszacsereli-a-bringat-a-motorra\/","url":"https:\/\/www.welovecycling.com\/hu\/orszaguti-kerekpar\/egy-fenekkel-nem-lehet-ket-drotszamarat-megulni-a-trek-ude-szinfoltja-aleix-espargaro-visszacsereli-a-bringat-a-motorra\/","name":"Egy fen\u00e9kkel nem lehet k\u00e9t dr\u00f3tszamarat meg\u00fclni: a Trek \u00fcde sz\u00ednfoltja, Aleix Espargar\u00f3 visszacser\u00e9li a bring\u00e1t a motorra","isPartOf":{"@id":"https:\/\/www.welovecycling.com\/hu\/#website"},"primaryImageOfPage":{"@id":"https:\/\/www.welovecycling.com\/hu\/orszaguti-kerekpar\/egy-fenekkel-nem-lehet-ket-drotszamarat-megulni-a-trek-ude-szinfoltja-aleix-espargaro-visszacsereli-a-bringat-a-motorra\/#primaryimage"},"image":{"@id":"https:\/\/www.welovecycling.com\/hu\/orszaguti-kerekpar\/egy-fenekkel-nem-lehet-ket-drotszamarat-megulni-a-trek-ude-szinfoltja-aleix-espargaro-visszacsereli-a-bringat-a-motorra\/#primaryimage"},"thumbnailUrl":"https:\/\/d2p6e6u75xmxt8.cloudfront.net\/12\/2025\/11\/Lidl-Trek-December-Denia-Espargaro-RB-6-scaled-1.webp","datePublished":"2025-11-20T10:50:51+00:00","author":{"@id":"https:\/\/www.welovecycling.com\/hu\/#\/schema\/person\/414a2aebf1801691a5320edb6468e194"},"description":"A sokoldal\u00fa spanyol versenyz\u0151 id\u00e9n a nagyk\u00f6z\u00f6ns\u00e9gnek is bebizony\u00edtotta, hogy sokkal t\u00f6bb lelkes amat\u0151r ker\u00e9kp\u00e1rosn\u00e1l, de v\u00e1lasz\u00fat el\u00e9 ker\u00fclt, \u00e9s j\u00f6v\u0151re visszat\u00e9r a MotoGP-be. T\u00f6rt\u00e9nete azonban \u00edgy is komoly inspir\u00e1ci\u00f3 lehet mindenki sz\u00e1m\u00e1ra.","breadcrumb":{"@id":"https:\/\/www.welovecycling.com\/hu\/orszaguti-kerekpar\/egy-fenekkel-nem-lehet-ket-drotszamarat-megulni-a-trek-ude-szinfoltja-aleix-espargaro-visszacsereli-a-bringat-a-motorra\/#breadcrumb"},"inLanguage":"hu","potentialAction":[{"@type":"ReadAction","target":["https:\/\/www.welovecycling.com\/hu\/orszaguti-kerekpar\/egy-fenekkel-nem-lehet-ket-drotszamarat-megulni-a-trek-ude-szinfoltja-aleix-espargaro-visszacsereli-a-bringat-a-motorra\/"]}]},{"@type":"ImageObject","inLanguage":"hu","@id":"https:\/\/www.welovecycling.com\/hu\/orszaguti-kerekpar\/egy-fenekkel-nem-lehet-ket-drotszamarat-megulni-a-trek-ude-szinfoltja-aleix-espargaro-visszacsereli-a-bringat-a-motorra\/#primaryimage","url":"https:\/\/d2p6e6u75xmxt8.cloudfront.net\/12\/2025\/11\/Lidl-Trek-December-Denia-Espargaro-RB-6-scaled-1.webp","contentUrl":"https:\/\/d2p6e6u75xmxt8.cloudfront.net\/12\/2025\/11\/Lidl-Trek-December-Denia-Espargaro-RB-6-scaled-1.webp","width":2560,"height":1707},{"@type":"BreadcrumbList","@id":"https:\/\/www.welovecycling.com\/hu\/orszaguti-kerekpar\/egy-fenekkel-nem-lehet-ket-drotszamarat-megulni-a-trek-ude-szinfoltja-aleix-espargaro-visszacsereli-a-bringat-a-motorra\/#breadcrumb","itemListElement":[{"@type":"ListItem","position":1,"name":"Home","item":"https:\/\/www.welovecycling.com\/hu\/"},{"@type":"ListItem","position":2,"name":"Egy fen\u00e9kkel nem lehet k\u00e9t dr\u00f3tszamarat meg\u00fclni: a Trek \u00fcde sz\u00ednfoltja, Aleix Espargar\u00f3 visszacser\u00e9li a bring\u00e1t a motorra"}]},{"@type":"WebSite","@id":"https:\/\/www.welovecycling.com\/hu\/#website","url":"https:\/\/www.welovecycling.com\/hu\/","name":"\u0160koda We Love Cycling - Magyarorsz\u00e1g","description":"\u0160koda WeLoveCycling","potentialAction":[{"@type":"SearchAction","target":{"@type":"EntryPoint","urlTemplate":"https:\/\/www.welovecycling.com\/hu\/?s={search_term_string}"},"query-input":{"@type":"PropertyValueSpecification","valueRequired":true,"valueName":"search_term_string"}}],"inLanguage":"hu"},{"@type":"Person","@id":"https:\/\/www.welovecycling.com\/hu\/#\/schema\/person\/414a2aebf1801691a5320edb6468e194","name":"hegyizs","image":{"@type":"ImageObject","inLanguage":"hu","@id":"https:\/\/www.welovecycling.com\/hu\/#\/schema\/person\/image\/","url":"https:\/\/secure.gravatar.com\/avatar\/02cf8a7906b8cf90cecb4679defac7cfd33a1c2e3b88e4903d947f3bb58eedd3?s=96&d=mm&r=g","contentUrl":"https:\/\/secure.gravatar.com\/avatar\/02cf8a7906b8cf90cecb4679defac7cfd33a1c2e3b88e4903d947f3bb58eedd3?s=96&d=mm&r=g","caption":"hegyizs"},"url":"https:\/\/www.welovecycling.com\/hu\/author\/hegyizs\/"}]}},"_links":{"self":[{"href":"https:\/\/www.welovecycling.com\/hu\/wp-json\/wp\/v2\/posts\/19378","targetHints":{"allow":["GET"]}}],"collection":[{"href":"https:\/\/www.welovecycling.com\/hu\/wp-json\/wp\/v2\/posts"}],"about":[{"href":"https:\/\/www.welovecycling.com\/hu\/wp-json\/wp\/v2\/types\/post"}],"author":[{"embeddable":true,"href":"https:\/\/www.welovecycling.com\/hu\/wp-json\/wp\/v2\/users\/71"}],"replies":[{"embeddable":true,"href":"https:\/\/www.welovecycling.com\/hu\/wp-json\/wp\/v2\/comments?post=19378"}],"version-history":[{"count":1,"href":"https:\/\/www.welovecycling.com\/hu\/wp-json\/wp\/v2\/posts\/19378\/revisions"}],"predecessor-version":[{"id":19385,"href":"https:\/\/www.welovecycling.com\/hu\/wp-json\/wp\/v2\/posts\/19378\/revisions\/19385"}],"wp:featuredmedia":[{"embeddable":true,"href":"https:\/\/www.welovecycling.com\/hu\/wp-json\/wp\/v2\/media\/19382"}],"wp:attachment":[{"href":"https:\/\/www.welovecycling.com\/hu\/wp-json\/wp\/v2\/media?parent=19378"}],"wp:term":[{"taxonomy":"category","embeddable":true,"href":"https:\/\/www.welovecycling.com\/hu\/wp-json\/wp\/v2\/categories?post=19378"},{"taxonomy":"post_tag","embeddable":true,"href":"https:\/\/www.welovecycling.com\/hu\/wp-json\/wp\/v2\/tags?post=19378"},{"taxonomy":"global-categories","embeddable":true,"href":"https:\/\/www.welovecycling.com\/hu\/wp-json\/wp\/v2\/global-categories?post=19378"}],"curies":[{"name":"wp","href":"https:\/\/api.w.org\/{rel}","templated":true}]}}