{"id":19374,"date":"2025-12-01T08:00:29","date_gmt":"2025-12-01T06:00:29","guid":{"rendered":"https:\/\/www.welovecycling.com\/hu\/?p=19374"},"modified":"2025-11-18T11:38:55","modified_gmt":"2025-11-18T09:38:55","slug":"a-kerekparsport-legfontosabb-noi-szereploi-akik-nem-csak-kerekparosok","status":"publish","type":"post","link":"https:\/\/www.welovecycling.com\/hu\/orszaguti-kerekpar\/a-kerekparsport-legfontosabb-noi-szereploi-akik-nem-csak-kerekparosok\/","title":{"rendered":"A ker\u00e9kp\u00e1rsport legfontosabb n\u0151i szerepl\u0151i, akik nem (csak) ker\u00e9kp\u00e1rosok"},"content":{"rendered":"<p style=\"font-weight: 400;\"><b>A nemek k\u00f6zti egyenl\u0151s\u00e9gr\u0151l sz\u00f3l\u00f3 p\u00e1rbesz\u00e9d a profi ker\u00e9kp\u00e1rsportban \u00e9vtizedeken \u00e1t szinte kiz\u00e1r\u00f3lag a versenyz\u0151kre \u00f6sszpontosult. \u00c1m ahogy a sport\u00e1g fejl\u0151dik, egyre t\u00f6bb n\u0151 ker\u00fcl kulcsszerepbe a h\u00e1tt\u00e9rben is. Versenyigazgat\u00f3k\u00e9nt, csapattulajdonosk\u00e9nt, kommunik\u00e1ci\u00f3s vezet\u0151k\u00e9nt vagy sportigazgat\u00f3k\u00e9nt rajtuk m\u00falik, hogy hogyan v\u00e1lik a ker\u00e9kp\u00e1roz\u00e1s v\u00e9gre val\u00f3ban kiegyens\u00falyozott \u00e9s professzion\u00e1lis t\u00e9rr\u00e9 mindk\u00e9t nem sz\u00e1m\u00e1ra.<\/b><\/p>\n<p><!--more--><\/p>\n<p><span style=\"font-weight: 400;\">\u00cdme n\u00e9h\u00e1ny n\u0151, akik vezet\u0151i szerepeikben \u00fajradefini\u00e1lj\u00e1k a ker\u00e9kp\u00e1rsportot.<\/span><\/p>\n<h2><b>Marion Rousse \u2013 A Tour de France Femmes avec Zwift v\u00edzi\u00f3j\u00e1nak megalkot\u00f3ja<\/b><\/h2>\n<p><span style=\"font-weight: 400;\">Kev\u00e9s ember testes\u00edti meg jobban a v\u00e1ltoz\u00e1st, ami jelenleg is zajlik a ker\u00e9kp\u00e1rsportban, mint Marion Rousse. Az egykori profi versenyz\u0151 \u00e9s francia bajnok 2015-ben vonult vissza, \u00e9s a t\u00e9v\u00e9k\u00f6zvet\u00edt\u00e9sek vil\u00e1g\u00e1ban kezdett \u00faj karriert. \u00c9lesl\u00e1t\u00e1sa \u00e9s k\u00f6zvetlens\u00e9ge hamar ismertt\u00e9 tette, 2021-ben pedig kinevezt\u00e9k a Tour de France Femmes avec Zwift versenyigazgat\u00f3j\u00e1v\u00e1.<\/span><\/p>\n<p><span style=\"font-weight: 400;\">Rousse kinevez\u00e9se m\u00e9rf\u00f6ldk\u0151 volt, de a val\u00f3di jelent\u0151s\u00e9g\u00e9t a vezet\u00e9si st\u00edlusa adta. Ny\u00edltan besz\u00e9lt arr\u00f3l, hogy a n\u0151i Tour-nak \u00f6n\u00e1ll\u00f3 esem\u00e9nyk\u00e9nt kell l\u00e9teznie, saj\u00e1t t\u00f6rt\u00e9nettel, k\u00f6z\u00f6ns\u00e9ggel \u00e9s hat\u00e1ssal \u2013 nem a f\u00e9rfi verseny mell\u00e9k\u00e1gak\u00e9nt.<\/span><\/p>\n<p><i><span style=\"font-weight: 400;\">\u201eAz emberek elfogadtak minket\u201d <\/span><\/i><span style=\"font-weight: 400;\">\u2013 mondta a <\/span><i><span style=\"font-weight: 400;\">Cyclist<\/span><\/i><span style=\"font-weight: 400;\"> magazinnak \u2013 <\/span><i><span style=\"font-weight: 400;\">\u201e\u00e9s most m\u00e1r a sport\u00e1g szerves r\u00e9sz\u00e9v\u00e9 v\u00e1ltunk.\u201d<\/span><\/i><\/p>\n<p><span style=\"font-weight: 400;\">Rousse ir\u00e1ny\u00edt\u00e1sa alatt a verseny gyorsan n\u0151tt, mind preszt\u00edzsben, mind n\u00e9zetts\u00e9gben. Kor\u00e1bbi versenyz\u0151i \u00e9s m\u00e9di\u00e1s tapasztalatai r\u00e9v\u00e9n pontosan tudja, mire van sz\u00fcks\u00e9ge a sportol\u00f3knak \u00e9s mit keres a k\u00f6z\u00f6ns\u00e9g. \u00datvonalai kih\u00edv\u00e1st jelentenek, de nem k\u00edm\u00e9letlenek, \u00e9s elk\u00f6telezett a teljes \u00e9l\u0151 k\u00f6zvet\u00edt\u00e9s mellett. Vezet\u00e9se bizony\u00edtja, hogy a n\u0151k jelenl\u00e9te a szervez\u00e9sben nemcsak az egyenl\u0151s\u00e9get szolg\u00e1lja, hanem jobb versenyeket is eredm\u00e9nyez.<\/span><\/p>\n<h2><b>Cherie Pridham \u2013 A sportigazgat\u00f3 szerep\u00e9nek \u00fajradefini\u00e1l\u00e1sa<\/b><\/h2>\n<blockquote class=\"instagram-media\" style=\"background: #FFF; border: 0; border-radius: 3px; box-shadow: 0 0 1px 0 rgba(0,0,0,0.5),0 1px 10px 0 rgba(0,0,0,0.15); margin: 1px; max-width: 540px; min-width: 326px; padding: 0; width: calc(100% - 2px);\" data-instgrm-captioned=\"\" data-instgrm-permalink=\"https:\/\/www.instagram.com\/p\/DNylWq10B2e\/?utm_source=ig_embed&amp;utm_campaign=loading\" data-instgrm-version=\"14\">\n<div style=\"padding: 16px;\">\n<p>&nbsp;<\/p>\n<div style=\"display: flex; flex-direction: row; align-items: center;\">\n<div style=\"background-color: #f4f4f4; border-radius: 50%; flex-grow: 0; height: 40px; margin-right: 14px; width: 40px;\"><\/div>\n<div style=\"display: flex; flex-direction: column; flex-grow: 1; justify-content: center;\">\n<div style=\"background-color: #f4f4f4; border-radius: 4px; flex-grow: 0; height: 14px; margin-bottom: 6px; width: 100px;\"><\/div>\n<div style=\"background-color: #f4f4f4; border-radius: 4px; flex-grow: 0; height: 14px; width: 60px;\"><\/div>\n<\/div>\n<\/div>\n<div style=\"padding: 19% 0;\"><\/div>\n<div style=\"display: block; height: 50px; margin: 0 auto 12px; width: 50px;\"><\/div>\n<div style=\"padding-top: 8px;\">\n<div style=\"color: #3897f0; font-family: Arial,sans-serif; font-size: 14px; font-style: normal; font-weight: 550; line-height: 18px;\">View this post on Instagram<\/div>\n<\/div>\n<div style=\"padding: 12.5% 0;\"><\/div>\n<div style=\"display: flex; flex-direction: row; margin-bottom: 14px; align-items: center;\">\n<div>\n<div style=\"background-color: #f4f4f4; border-radius: 50%; height: 12.5px; width: 12.5px; transform: translateX(0px) translateY(7px);\"><\/div>\n<div style=\"background-color: #f4f4f4; height: 12.5px; transform: rotate(-45deg) translateX(3px) translateY(1px); width: 12.5px; flex-grow: 0; margin-right: 14px; margin-left: 2px;\"><\/div>\n<div style=\"background-color: #f4f4f4; border-radius: 50%; height: 12.5px; width: 12.5px; transform: translateX(9px) translateY(-18px);\"><\/div>\n<\/div>\n<div style=\"margin-left: 8px;\">\n<div style=\"background-color: #f4f4f4; border-radius: 50%; flex-grow: 0; height: 20px; width: 20px;\"><\/div>\n<div style=\"width: 0; height: 0; border-top: 2px solid transparent; border-left: 6px solid #f4f4f4; border-bottom: 2px solid transparent; transform: translateX(16px) translateY(-4px) rotate(30deg);\"><\/div>\n<\/div>\n<div style=\"margin-left: auto;\">\n<div style=\"width: 0px; border-top: 8px solid #F4F4F4; border-right: 8px solid transparent; transform: translateY(16px);\"><\/div>\n<div style=\"background-color: #f4f4f4; flex-grow: 0; height: 12px; width: 16px; transform: translateY(-4px);\"><\/div>\n<div style=\"width: 0; height: 0; border-top: 8px solid #F4F4F4; border-left: 8px solid transparent; transform: translateY(-4px) translateX(8px);\"><\/div>\n<\/div>\n<\/div>\n<div style=\"display: flex; flex-direction: column; flex-grow: 1; justify-content: center; margin-bottom: 24px;\">\n<div style=\"background-color: #f4f4f4; border-radius: 4px; flex-grow: 0; height: 14px; margin-bottom: 6px; width: 224px;\"><\/div>\n<div style=\"background-color: #f4f4f4; border-radius: 4px; flex-grow: 0; height: 14px; width: 144px;\"><\/div>\n<\/div>\n<p>&nbsp;<\/p>\n<p style=\"color: #c9c8cd; font-family: Arial,sans-serif; font-size: 14px; line-height: 17px; margin-bottom: 0; margin-top: 8px; overflow: hidden; padding: 8px 0 7px; text-align: center; text-overflow: ellipsis; white-space: nowrap;\"><a style=\"color: #c9c8cd; font-family: Arial,sans-serif; font-size: 14px; font-style: normal; font-weight: normal; line-height: 17px; text-decoration: none;\" href=\"https:\/\/www.instagram.com\/p\/DNylWq10B2e\/?utm_source=ig_embed&amp;utm_campaign=loading\" target=\"_blank\" rel=\"noopener\">A post shared by Cherie Pridham (@chezpro)<\/a><\/p>\n<\/div>\n<\/blockquote>\n<p><script async src=\"\/\/www.instagram.com\/embed.js\"><\/script><\/p>\n<p><span style=\"font-weight: 400;\">Amikor Cherie Pridham el\u0151sz\u00f6r \u00fclt be sportigazgat\u00f3k\u00e9nt a csapatkocsiba, tal\u00e1n maga sem tudta, hogy t\u00f6rt\u00e9nelmet \u00edr. Egy s\u00falyos baleset vetett v\u00e9get profi p\u00e1lyafut\u00e1s\u00e1nak 2006-ban, ezut\u00e1n viszont menedzserk\u00e9nt folytatta a Raleigh UK csapatn\u00e1l. 2020-ban az Israel Start-Up Nation-hez szerz\u0151d\u00f6tt, ezzel \u0151 lett az els\u0151 n\u0151i sportigazgat\u00f3 a f\u00e9rfi WorldTour-ban.<\/span><\/p>\n<p><span style=\"font-weight: 400;\">Hidegv\u00e9r\u0171 taktikusk\u00e9nt, de emberk\u00f6zeli vezet\u0151k\u00e9nt ismerhett\u00fck meg, \u00e9s ma m\u00e1r az UAE Team ADQ sportigazgat\u00f3ja. Tapasztalatait a f\u00e9rfi mez\u0151nyb\u0151l hozta, hogy a n\u0151i WorldTour-ban \u00faj szintre emelje a professzionalizmust.<\/span><\/p>\n<h2><b>Carmen Small \u2013 H\u00edd a versenyz\u0151k \u00e9s a vezet\u00e9s k\u00f6z\u00f6tt<\/b><\/h2>\n<p><span style=\"font-weight: 400;\">Carmen Small a vezet\u0151k \u00faj gener\u00e1ci\u00f3j\u00e1t k\u00e9pviseli. \u0150 is egy volt versenyz\u0151, akik z\u00f6kken\u0151mentesen l\u00e9pett \u00e1t a menedzsmentbe. A k\u00e9tszeres amerikai id\u0151futambajnok 2017-ben visszavonult, majd a Ceratizit\u2013WNT-n\u00e9l lett sportigazgat\u00f3. K\u00e9s\u0151bb a Jumbo-Visma n\u0151i csapat\u00e1hoz csatlakozott, ma pedig az EF Education\u2013Cannondale Women vezet\u0151 sportigazgat\u00f3ja.<\/span><\/p>\n<p><span style=\"font-weight: 400;\">Er\u0151ss\u00e9ge az emp\u00e1tia. Tudja, milyen volt versenyezni, milyen az alulfinansz\u00edrozotts\u00e9g, milyenek a hossz\u00fa utaz\u00e1sok \u00e9s a bizonytalan szerz\u0151d\u00e9sek. Tapasztalata miatt megfontolt vezet\u0151, \u00e9s a versenyz\u0151k \u00e9rdekeit szem el\u0151tt tartva hoz \u00e1tl\u00e1that\u00f3 d\u00f6nt\u00e9seket.<\/span><\/p>\n<p><span style=\"font-weight: 400;\">Az \u0151 jelenl\u00e9te is jelzi, hogy a n\u0151i ker\u00e9kp\u00e1rsport v\u00e9gre k\u00e9pes karrierutat k\u00edn\u00e1lni azoknak, akik kor\u00e1bban a visszavonul\u00e1s ut\u00e1n k\u00e9nytelenek voltak elhagyni a sport\u00e1gat.<\/span><\/p>\n<h2><b>Beth Duryea \u2013 A t\u00f6rt\u00e9netmes\u00e9l\u00e9s ereje<\/b><\/h2>\n<p><span style=\"font-weight: 400;\">Beth Duryea a kommunik\u00e1ci\u00f3n \u00e9s a t\u00f6rt\u00e9netmes\u00e9l\u00e9sen kereszt\u00fcl form\u00e1lja a sport\u00e1gat. A CANYON\/\/SRAM Racing kommunik\u00e1ci\u00f3s \u00e9s marketingvezet\u0151jek\u00e9nt \u2013 valamint az egyik alap\u00edt\u00f3jak\u00e9nt \u2013 kulcsszerepet j\u00e1tszott abban, hogy a n\u0151i ker\u00e9kp\u00e1roz\u00e1s \u00faj, er\u0151s, k\u00f6z\u00f6ss\u00e9gorient\u00e1lt hangot kapjon.<\/span><\/p>\n<p><span style=\"font-weight: 400;\">Eredetileg gy\u00f3gytorn\u00e1szk\u00e9nt dolgozott, de hamar r\u00e1tal\u00e1lt arra a ter\u00fcletre, ahol igaz\u00e1n hat\u00e9kony lehet: logisztika, kommunik\u00e1ci\u00f3, m\u00e9dia. \u0150 seg\u00edtett kialak\u00edtani a csapat hangv\u00e9tel\u00e9t, ami \u00edgy egyszerre lett versenyk\u00e9pes \u00e9s inspir\u00e1l\u00f3. Munk\u00e1ja a Zwift Academy program elind\u00edt\u00e1s\u00e1hoz is hozz\u00e1j\u00e1rult, amely amat\u0151r ker\u00e9kp\u00e1rosokat juttat el a profik k\u00f6z\u00e9.<\/span><\/p>\n<p><span style=\"font-weight: 400;\">Duryea bebizony\u00edtotta, hogy a kommunik\u00e1ci\u00f3 nem puszt\u00e1n PR, hanem a fejl\u0151d\u00e9s motorja is \u2013 hiszen a n\u0151i ker\u00e9kp\u00e1roz\u00e1s t\u00f6rt\u00e9nete nemcsak tiszteletet \u00e9breszt, hanem befektet\u00e9seket is vonz.<\/span><\/p>\n<h2><b>Rochelle Gilmore \u2013 Csapat\u00e9p\u00edt\u00e9s \u00e9s a hat\u00e1rok \u00e1tt\u00f6r\u00e9se<\/b><\/h2>\n<p><span style=\"font-weight: 400;\">Az ausztr\u00e1l Rochelle Gilmore sz\u00e1m\u00e1ra a ker\u00e9kp\u00e1roz\u00e1s mindig az alkot\u00e1sr\u00f3l sz\u00f3lt. A kor\u00e1bbi sprinter 2013-ban alap\u00edtotta meg a Wiggle High5 Pro Cycling-ot, azzal a c\u00e9llal, hogy a vil\u00e1g legprofibb n\u0151i ker\u00e9kp\u00e1ros csapat\u00e1t \u00e9p\u00edtse fel.<\/span><\/p>\n<p><span style=\"font-weight: 400;\">Olyan strukt\u00far\u00e1t hozott l\u00e9tre, amely a f\u00e9rfi WorldTour legjobb p\u00e9ld\u00e1it k\u00f6vette: dedik\u00e1lt szakmai st\u00e1b, stabil szponzori h\u00e1tt\u00e9r \u00e9s tisztess\u00e9ges fizet\u00e9sek. A Wiggle High5 r\u00f6vid id\u0151n bel\u00fcl egy j\u00f3l m\u0171k\u00f6d\u0151 n\u0151i csapat iskolap\u00e9l\u00e1ja lett.<\/span><\/p>\n<p><span style=\"font-weight: 400;\">B\u00e1r a csapat 2018-ban megsz\u0171nt, \u00f6r\u00f6ks\u00e9ge tov\u00e1bb \u00e9l: versenyz\u0151i \u00e9s munkat\u00e1rsai sz\u00e1mos m\u00e1s projektben viszik tov\u00e1bb a Gilmore-f\u00e9le profizmust. Emellett a sport egyenl\u0151s\u00e9g\u00e9nek sz\u00f3sz\u00f3l\u00f3ja lett, mint az UCI N\u0151i Bizotts\u00e1g tagja \u00e9s az ut\u00e1np\u00f3tl\u00e1s-programok t\u00e1mogat\u00f3ja.<\/span><\/p>\n<h2><b>A nagyobb k\u00e9p<\/b><\/h2>\n<p><span style=\"font-weight: 400;\">Ahogy a versenyek \u00fatvonalait, szponzorstrat\u00e9gi\u00e1it \u00e9s k\u00f6zvet\u00edt\u00e9seit egyre soksz\u00edn\u0171bb h\u00e1tt\u00e9rrel rendelkez\u0151 szakemberek alak\u00edtj\u00e1k, \u00fagy v\u00e1lik a sport\u00e1g is gazdagabb\u00e1 \u00e9s dinamikusabb\u00e1.<\/span><\/p>\n<p><span style=\"font-weight: 400;\">A v\u00e1ltoz\u00e1s m\u00e1r m\u00e9rhet\u0151: a UCI Director Diploma programj\u00e1ban 2022-ben 13 n\u0151 vett r\u00e9szt \u2013 az els\u0151 \u00e9vben pedig m\u00e9g egy sem.<\/span><\/p>\n<p><span style=\"font-weight: 400;\">Persze a kih\u00edv\u00e1sok nem t\u0171ntek el. A vezet\u0151 poz\u00edci\u00f3k t\u00f6bbs\u00e9g\u00e9t tov\u00e1bbra is f\u00e9rfiak t\u00f6ltik be, \u00e9s a n\u0151i csapatok k\u00f6lts\u00e9gvet\u00e9sei m\u00e9g mindig messze elmaradnak a f\u00e9rfiak\u00e9t\u00f3l. De \u00e9rz\u00e9kelhet\u0151 a v\u00e1ltoz\u00e1s. Az a kitart\u00e1s, amellyel ezek a n\u0151k \u00e9veken \u00e1t versenyeztek \u2013 \u00e9s amire akkor volt a legnagyobb sz\u00fcks\u00e9g\u00fck, amikor al\u00e1becs\u00fclt\u00e9k \u0151ket \u2013 ma a rendszer \u00e1talak\u00edt\u00e1s\u00e1t hajtja.<\/span><\/p>\n<p><span style=\"font-weight: 400;\">Ahogy egyre t\u00f6bb n\u0151 ker\u00fcl vezet\u0151i, kommunik\u00e1ci\u00f3s vagy szervez\u0151i poz\u00edci\u00f3ba, a ker\u00e9kp\u00e1rsport eg\u00e9sze egyre t\u00f6bbet nyer: a tud\u00e1s \u00e9s tapasztalat nem v\u00e9sz el a n\u0151i versenyz\u0151k visszavonul\u00e1s\u00e1val, hanem a sportban marad \u00e9s \u00fajrahasznosul. Ez pedig minden \u00e9rintettnek j\u00f3, nem csak a n\u0151knek.<\/span><\/p>\n","protected":false},"excerpt":{"rendered":"<p>A nemek k\u00f6zti egyenl\u0151s\u00e9gr\u0151l sz\u00f3l\u00f3 p\u00e1rbesz\u00e9d a profi ker\u00e9kp\u00e1rsportban \u00e9vtizedeken \u00e1t szinte kiz\u00e1r\u00f3lag a versenyz\u0151kre \u00f6sszpontosult. \u00c1m ahogy a sport\u00e1g [&hellip;]<\/p>\n","protected":false},"author":71,"featured_media":19375,"comment_status":"open","ping_status":"open","sticky":false,"template":"","format":"standard","meta":{"footnotes":""},"categories":[8],"tags":[],"global-categories":[],"class_list":["post-19374","post","type-post","status-publish","format-standard","has-post-thumbnail","hentry","category-orszaguti-kerekpar"],"yoast_head":"<!-- This site is optimized with the Yoast SEO Premium plugin v25.3 (Yoast SEO v25.9) - https:\/\/yoast.com\/wordpress\/plugins\/seo\/ -->\n<title>A ker\u00e9kp\u00e1rsport legfontosabb n\u0151i szerepl\u0151i, akik nem (csak) ker\u00e9kp\u00e1rosok<\/title>\n<meta name=\"description\" content=\"A nemek k\u00f6zti egyenl\u0151s\u00e9gr\u0151l sz\u00f3l\u00f3 p\u00e1rbesz\u00e9d a profi ker\u00e9kp\u00e1rsportban \u00e9vtizedeken \u00e1t szinte kiz\u00e1r\u00f3lag a versenyz\u0151kre \u00f6sszpontosult. \u00c1m ahogy a sport\u00e1g fejl\u0151dik, egyre t\u00f6bb n\u0151 ker\u00fcl kulcsszerepbe a h\u00e1tt\u00e9rben is. Versenyigazgat\u00f3k\u00e9nt, csapattulajdonosk\u00e9nt, kommunik\u00e1ci\u00f3s vezet\u0151k\u00e9nt vagy sportigazgat\u00f3k\u00e9nt rajtuk m\u00falik, hogy hogyan v\u00e1lik a ker\u00e9kp\u00e1roz\u00e1s v\u00e9gre val\u00f3ban kiegyens\u00falyozott \u00e9s professzion\u00e1lis t\u00e9rr\u00e9 mindk\u00e9t nem sz\u00e1m\u00e1ra.\" \/>\n<meta name=\"robots\" content=\"index, follow, max-snippet:-1, max-image-preview:large, max-video-preview:-1\" \/>\n<link rel=\"canonical\" href=\"https:\/\/www.welovecycling.com\/hu\/orszaguti-kerekpar\/a-kerekparsport-legfontosabb-noi-szereploi-akik-nem-csak-kerekparosok\/\" \/>\n<meta property=\"og:locale\" content=\"hu_HU\" \/>\n<meta property=\"og:type\" content=\"article\" \/>\n<meta property=\"og:title\" content=\"A ker\u00e9kp\u00e1rsport legfontosabb n\u0151i szerepl\u0151i, akik nem (csak) ker\u00e9kp\u00e1rosok\" \/>\n<meta property=\"og:description\" content=\"A nemek k\u00f6zti egyenl\u0151s\u00e9gr\u0151l sz\u00f3l\u00f3 p\u00e1rbesz\u00e9d a profi ker\u00e9kp\u00e1rsportban \u00e9vtizedeken \u00e1t szinte kiz\u00e1r\u00f3lag a versenyz\u0151kre \u00f6sszpontosult. \u00c1m ahogy a sport\u00e1g fejl\u0151dik, egyre t\u00f6bb n\u0151 ker\u00fcl kulcsszerepbe a h\u00e1tt\u00e9rben is. Versenyigazgat\u00f3k\u00e9nt, csapattulajdonosk\u00e9nt, kommunik\u00e1ci\u00f3s vezet\u0151k\u00e9nt vagy sportigazgat\u00f3k\u00e9nt rajtuk m\u00falik, hogy hogyan v\u00e1lik a ker\u00e9kp\u00e1roz\u00e1s v\u00e9gre val\u00f3ban kiegyens\u00falyozott \u00e9s professzion\u00e1lis t\u00e9rr\u00e9 mindk\u00e9t nem sz\u00e1m\u00e1ra.\" \/>\n<meta property=\"og:url\" content=\"https:\/\/www.welovecycling.com\/hu\/orszaguti-kerekpar\/a-kerekparsport-legfontosabb-noi-szereploi-akik-nem-csak-kerekparosok\/\" \/>\n<meta property=\"og:site_name\" content=\"\u0160koda We Love Cycling - Magyarorsz\u00e1g\" \/>\n<meta property=\"article:publisher\" content=\"https:\/\/www.facebook.com\/WeLoveCyclingHungary\/\" \/>\n<meta property=\"article:published_time\" content=\"2025-12-01T06:00:29+00:00\" \/>\n<meta property=\"og:image\" content=\"https:\/\/d2p6e6u75xmxt8.cloudfront.net\/12\/2025\/11\/Marion-Rousse-profimedia-0816632990-CVR.webp\" \/>\n\t<meta property=\"og:image:width\" content=\"990\" \/>\n\t<meta property=\"og:image:height\" content=\"660\" \/>\n\t<meta property=\"og:image:type\" content=\"image\/webp\" \/>\n<meta name=\"author\" content=\"hegyizs\" \/>\n<meta name=\"twitter:card\" content=\"summary_large_image\" \/>\n<meta name=\"twitter:label1\" content=\"Written by\" \/>\n\t<meta name=\"twitter:data1\" content=\"Megan Flottorp\" \/>\n\t<meta name=\"twitter:label2\" content=\"Est. reading time\" \/>\n\t<meta name=\"twitter:data2\" content=\"3\" \/>\n<script type=\"application\/ld+json\" class=\"yoast-schema-graph\">{\"@context\":\"https:\/\/schema.org\",\"@graph\":[{\"@type\":\"WebPage\",\"@id\":\"https:\/\/www.welovecycling.com\/hu\/orszaguti-kerekpar\/a-kerekparsport-legfontosabb-noi-szereploi-akik-nem-csak-kerekparosok\/\",\"url\":\"https:\/\/www.welovecycling.com\/hu\/orszaguti-kerekpar\/a-kerekparsport-legfontosabb-noi-szereploi-akik-nem-csak-kerekparosok\/\",\"name\":\"A ker\u00e9kp\u00e1rsport legfontosabb n\u0151i szerepl\u0151i, akik nem (csak) ker\u00e9kp\u00e1rosok\",\"isPartOf\":{\"@id\":\"https:\/\/www.welovecycling.com\/hu\/#website\"},\"primaryImageOfPage\":{\"@id\":\"https:\/\/www.welovecycling.com\/hu\/orszaguti-kerekpar\/a-kerekparsport-legfontosabb-noi-szereploi-akik-nem-csak-kerekparosok\/#primaryimage\"},\"image\":{\"@id\":\"https:\/\/www.welovecycling.com\/hu\/orszaguti-kerekpar\/a-kerekparsport-legfontosabb-noi-szereploi-akik-nem-csak-kerekparosok\/#primaryimage\"},\"thumbnailUrl\":\"https:\/\/d2p6e6u75xmxt8.cloudfront.net\/12\/2025\/11\/Marion-Rousse-profimedia-0816632990-CVR.webp\",\"datePublished\":\"2025-12-01T06:00:29+00:00\",\"author\":{\"@id\":\"https:\/\/www.welovecycling.com\/hu\/#\/schema\/person\/414a2aebf1801691a5320edb6468e194\"},\"description\":\"A nemek k\u00f6zti egyenl\u0151s\u00e9gr\u0151l sz\u00f3l\u00f3 p\u00e1rbesz\u00e9d a profi ker\u00e9kp\u00e1rsportban \u00e9vtizedeken \u00e1t szinte kiz\u00e1r\u00f3lag a versenyz\u0151kre \u00f6sszpontosult. \u00c1m ahogy a sport\u00e1g fejl\u0151dik, egyre t\u00f6bb n\u0151 ker\u00fcl kulcsszerepbe a h\u00e1tt\u00e9rben is. Versenyigazgat\u00f3k\u00e9nt, csapattulajdonosk\u00e9nt, kommunik\u00e1ci\u00f3s vezet\u0151k\u00e9nt vagy sportigazgat\u00f3k\u00e9nt rajtuk m\u00falik, hogy hogyan v\u00e1lik a ker\u00e9kp\u00e1roz\u00e1s v\u00e9gre val\u00f3ban kiegyens\u00falyozott \u00e9s professzion\u00e1lis t\u00e9rr\u00e9 mindk\u00e9t nem sz\u00e1m\u00e1ra.\",\"breadcrumb\":{\"@id\":\"https:\/\/www.welovecycling.com\/hu\/orszaguti-kerekpar\/a-kerekparsport-legfontosabb-noi-szereploi-akik-nem-csak-kerekparosok\/#breadcrumb\"},\"inLanguage\":\"hu\",\"potentialAction\":[{\"@type\":\"ReadAction\",\"target\":[\"https:\/\/www.welovecycling.com\/hu\/orszaguti-kerekpar\/a-kerekparsport-legfontosabb-noi-szereploi-akik-nem-csak-kerekparosok\/\"]}]},{\"@type\":\"ImageObject\",\"inLanguage\":\"hu\",\"@id\":\"https:\/\/www.welovecycling.com\/hu\/orszaguti-kerekpar\/a-kerekparsport-legfontosabb-noi-szereploi-akik-nem-csak-kerekparosok\/#primaryimage\",\"url\":\"https:\/\/d2p6e6u75xmxt8.cloudfront.net\/12\/2025\/11\/Marion-Rousse-profimedia-0816632990-CVR.webp\",\"contentUrl\":\"https:\/\/d2p6e6u75xmxt8.cloudfront.net\/12\/2025\/11\/Marion-Rousse-profimedia-0816632990-CVR.webp\",\"width\":990,\"height\":660,\"caption\":\"Marion Rousse\"},{\"@type\":\"BreadcrumbList\",\"@id\":\"https:\/\/www.welovecycling.com\/hu\/orszaguti-kerekpar\/a-kerekparsport-legfontosabb-noi-szereploi-akik-nem-csak-kerekparosok\/#breadcrumb\",\"itemListElement\":[{\"@type\":\"ListItem\",\"position\":1,\"name\":\"Home\",\"item\":\"https:\/\/www.welovecycling.com\/hu\/\"},{\"@type\":\"ListItem\",\"position\":2,\"name\":\"A ker\u00e9kp\u00e1rsport legfontosabb n\u0151i szerepl\u0151i, akik nem (csak) ker\u00e9kp\u00e1rosok\"}]},{\"@type\":\"WebSite\",\"@id\":\"https:\/\/www.welovecycling.com\/hu\/#website\",\"url\":\"https:\/\/www.welovecycling.com\/hu\/\",\"name\":\"\u0160koda We Love Cycling - Magyarorsz\u00e1g\",\"description\":\"\u0160koda WeLoveCycling\",\"potentialAction\":[{\"@type\":\"SearchAction\",\"target\":{\"@type\":\"EntryPoint\",\"urlTemplate\":\"https:\/\/www.welovecycling.com\/hu\/?s={search_term_string}\"},\"query-input\":{\"@type\":\"PropertyValueSpecification\",\"valueRequired\":true,\"valueName\":\"search_term_string\"}}],\"inLanguage\":\"hu\"},{\"@type\":\"Person\",\"@id\":\"https:\/\/www.welovecycling.com\/hu\/#\/schema\/person\/414a2aebf1801691a5320edb6468e194\",\"name\":\"hegyizs\",\"image\":{\"@type\":\"ImageObject\",\"inLanguage\":\"hu\",\"@id\":\"https:\/\/www.welovecycling.com\/hu\/#\/schema\/person\/image\/\",\"url\":\"https:\/\/secure.gravatar.com\/avatar\/02cf8a7906b8cf90cecb4679defac7cfd33a1c2e3b88e4903d947f3bb58eedd3?s=96&d=mm&r=g\",\"contentUrl\":\"https:\/\/secure.gravatar.com\/avatar\/02cf8a7906b8cf90cecb4679defac7cfd33a1c2e3b88e4903d947f3bb58eedd3?s=96&d=mm&r=g\",\"caption\":\"hegyizs\"},\"url\":\"https:\/\/www.welovecycling.com\/hu\/author\/hegyizs\/\"}]}<\/script>\n<!-- \/ Yoast SEO Premium plugin. -->","yoast_head_json":{"title":"A ker\u00e9kp\u00e1rsport legfontosabb n\u0151i szerepl\u0151i, akik nem (csak) ker\u00e9kp\u00e1rosok","description":"A nemek k\u00f6zti egyenl\u0151s\u00e9gr\u0151l sz\u00f3l\u00f3 p\u00e1rbesz\u00e9d a profi ker\u00e9kp\u00e1rsportban \u00e9vtizedeken \u00e1t szinte kiz\u00e1r\u00f3lag a versenyz\u0151kre \u00f6sszpontosult. \u00c1m ahogy a sport\u00e1g fejl\u0151dik, egyre t\u00f6bb n\u0151 ker\u00fcl kulcsszerepbe a h\u00e1tt\u00e9rben is. Versenyigazgat\u00f3k\u00e9nt, csapattulajdonosk\u00e9nt, kommunik\u00e1ci\u00f3s vezet\u0151k\u00e9nt vagy sportigazgat\u00f3k\u00e9nt rajtuk m\u00falik, hogy hogyan v\u00e1lik a ker\u00e9kp\u00e1roz\u00e1s v\u00e9gre val\u00f3ban kiegyens\u00falyozott \u00e9s professzion\u00e1lis t\u00e9rr\u00e9 mindk\u00e9t nem sz\u00e1m\u00e1ra.","robots":{"index":"index","follow":"follow","max-snippet":"max-snippet:-1","max-image-preview":"max-image-preview:large","max-video-preview":"max-video-preview:-1"},"canonical":"https:\/\/www.welovecycling.com\/hu\/orszaguti-kerekpar\/a-kerekparsport-legfontosabb-noi-szereploi-akik-nem-csak-kerekparosok\/","og_locale":"hu_HU","og_type":"article","og_title":"A ker\u00e9kp\u00e1rsport legfontosabb n\u0151i szerepl\u0151i, akik nem (csak) ker\u00e9kp\u00e1rosok","og_description":"A nemek k\u00f6zti egyenl\u0151s\u00e9gr\u0151l sz\u00f3l\u00f3 p\u00e1rbesz\u00e9d a profi ker\u00e9kp\u00e1rsportban \u00e9vtizedeken \u00e1t szinte kiz\u00e1r\u00f3lag a versenyz\u0151kre \u00f6sszpontosult. \u00c1m ahogy a sport\u00e1g fejl\u0151dik, egyre t\u00f6bb n\u0151 ker\u00fcl kulcsszerepbe a h\u00e1tt\u00e9rben is. Versenyigazgat\u00f3k\u00e9nt, csapattulajdonosk\u00e9nt, kommunik\u00e1ci\u00f3s vezet\u0151k\u00e9nt vagy sportigazgat\u00f3k\u00e9nt rajtuk m\u00falik, hogy hogyan v\u00e1lik a ker\u00e9kp\u00e1roz\u00e1s v\u00e9gre val\u00f3ban kiegyens\u00falyozott \u00e9s professzion\u00e1lis t\u00e9rr\u00e9 mindk\u00e9t nem sz\u00e1m\u00e1ra.","og_url":"https:\/\/www.welovecycling.com\/hu\/orszaguti-kerekpar\/a-kerekparsport-legfontosabb-noi-szereploi-akik-nem-csak-kerekparosok\/","og_site_name":"\u0160koda We Love Cycling - Magyarorsz\u00e1g","article_publisher":"https:\/\/www.facebook.com\/WeLoveCyclingHungary\/","article_published_time":"2025-12-01T06:00:29+00:00","og_image":[{"width":990,"height":660,"url":"https:\/\/d2p6e6u75xmxt8.cloudfront.net\/12\/2025\/11\/Marion-Rousse-profimedia-0816632990-CVR.webp","type":"image\/webp"}],"author":"hegyizs","twitter_card":"summary_large_image","twitter_misc":{"Written by":"Megan Flottorp","Est. reading time":"3"},"schema":{"@context":"https:\/\/schema.org","@graph":[{"@type":"WebPage","@id":"https:\/\/www.welovecycling.com\/hu\/orszaguti-kerekpar\/a-kerekparsport-legfontosabb-noi-szereploi-akik-nem-csak-kerekparosok\/","url":"https:\/\/www.welovecycling.com\/hu\/orszaguti-kerekpar\/a-kerekparsport-legfontosabb-noi-szereploi-akik-nem-csak-kerekparosok\/","name":"A ker\u00e9kp\u00e1rsport legfontosabb n\u0151i szerepl\u0151i, akik nem (csak) ker\u00e9kp\u00e1rosok","isPartOf":{"@id":"https:\/\/www.welovecycling.com\/hu\/#website"},"primaryImageOfPage":{"@id":"https:\/\/www.welovecycling.com\/hu\/orszaguti-kerekpar\/a-kerekparsport-legfontosabb-noi-szereploi-akik-nem-csak-kerekparosok\/#primaryimage"},"image":{"@id":"https:\/\/www.welovecycling.com\/hu\/orszaguti-kerekpar\/a-kerekparsport-legfontosabb-noi-szereploi-akik-nem-csak-kerekparosok\/#primaryimage"},"thumbnailUrl":"https:\/\/d2p6e6u75xmxt8.cloudfront.net\/12\/2025\/11\/Marion-Rousse-profimedia-0816632990-CVR.webp","datePublished":"2025-12-01T06:00:29+00:00","author":{"@id":"https:\/\/www.welovecycling.com\/hu\/#\/schema\/person\/414a2aebf1801691a5320edb6468e194"},"description":"A nemek k\u00f6zti egyenl\u0151s\u00e9gr\u0151l sz\u00f3l\u00f3 p\u00e1rbesz\u00e9d a profi ker\u00e9kp\u00e1rsportban \u00e9vtizedeken \u00e1t szinte kiz\u00e1r\u00f3lag a versenyz\u0151kre \u00f6sszpontosult. \u00c1m ahogy a sport\u00e1g fejl\u0151dik, egyre t\u00f6bb n\u0151 ker\u00fcl kulcsszerepbe a h\u00e1tt\u00e9rben is. Versenyigazgat\u00f3k\u00e9nt, csapattulajdonosk\u00e9nt, kommunik\u00e1ci\u00f3s vezet\u0151k\u00e9nt vagy sportigazgat\u00f3k\u00e9nt rajtuk m\u00falik, hogy hogyan v\u00e1lik a ker\u00e9kp\u00e1roz\u00e1s v\u00e9gre val\u00f3ban kiegyens\u00falyozott \u00e9s professzion\u00e1lis t\u00e9rr\u00e9 mindk\u00e9t nem sz\u00e1m\u00e1ra.","breadcrumb":{"@id":"https:\/\/www.welovecycling.com\/hu\/orszaguti-kerekpar\/a-kerekparsport-legfontosabb-noi-szereploi-akik-nem-csak-kerekparosok\/#breadcrumb"},"inLanguage":"hu","potentialAction":[{"@type":"ReadAction","target":["https:\/\/www.welovecycling.com\/hu\/orszaguti-kerekpar\/a-kerekparsport-legfontosabb-noi-szereploi-akik-nem-csak-kerekparosok\/"]}]},{"@type":"ImageObject","inLanguage":"hu","@id":"https:\/\/www.welovecycling.com\/hu\/orszaguti-kerekpar\/a-kerekparsport-legfontosabb-noi-szereploi-akik-nem-csak-kerekparosok\/#primaryimage","url":"https:\/\/d2p6e6u75xmxt8.cloudfront.net\/12\/2025\/11\/Marion-Rousse-profimedia-0816632990-CVR.webp","contentUrl":"https:\/\/d2p6e6u75xmxt8.cloudfront.net\/12\/2025\/11\/Marion-Rousse-profimedia-0816632990-CVR.webp","width":990,"height":660,"caption":"Marion Rousse"},{"@type":"BreadcrumbList","@id":"https:\/\/www.welovecycling.com\/hu\/orszaguti-kerekpar\/a-kerekparsport-legfontosabb-noi-szereploi-akik-nem-csak-kerekparosok\/#breadcrumb","itemListElement":[{"@type":"ListItem","position":1,"name":"Home","item":"https:\/\/www.welovecycling.com\/hu\/"},{"@type":"ListItem","position":2,"name":"A ker\u00e9kp\u00e1rsport legfontosabb n\u0151i szerepl\u0151i, akik nem (csak) ker\u00e9kp\u00e1rosok"}]},{"@type":"WebSite","@id":"https:\/\/www.welovecycling.com\/hu\/#website","url":"https:\/\/www.welovecycling.com\/hu\/","name":"\u0160koda We Love Cycling - Magyarorsz\u00e1g","description":"\u0160koda WeLoveCycling","potentialAction":[{"@type":"SearchAction","target":{"@type":"EntryPoint","urlTemplate":"https:\/\/www.welovecycling.com\/hu\/?s={search_term_string}"},"query-input":{"@type":"PropertyValueSpecification","valueRequired":true,"valueName":"search_term_string"}}],"inLanguage":"hu"},{"@type":"Person","@id":"https:\/\/www.welovecycling.com\/hu\/#\/schema\/person\/414a2aebf1801691a5320edb6468e194","name":"hegyizs","image":{"@type":"ImageObject","inLanguage":"hu","@id":"https:\/\/www.welovecycling.com\/hu\/#\/schema\/person\/image\/","url":"https:\/\/secure.gravatar.com\/avatar\/02cf8a7906b8cf90cecb4679defac7cfd33a1c2e3b88e4903d947f3bb58eedd3?s=96&d=mm&r=g","contentUrl":"https:\/\/secure.gravatar.com\/avatar\/02cf8a7906b8cf90cecb4679defac7cfd33a1c2e3b88e4903d947f3bb58eedd3?s=96&d=mm&r=g","caption":"hegyizs"},"url":"https:\/\/www.welovecycling.com\/hu\/author\/hegyizs\/"}]}},"_links":{"self":[{"href":"https:\/\/www.welovecycling.com\/hu\/wp-json\/wp\/v2\/posts\/19374","targetHints":{"allow":["GET"]}}],"collection":[{"href":"https:\/\/www.welovecycling.com\/hu\/wp-json\/wp\/v2\/posts"}],"about":[{"href":"https:\/\/www.welovecycling.com\/hu\/wp-json\/wp\/v2\/types\/post"}],"author":[{"embeddable":true,"href":"https:\/\/www.welovecycling.com\/hu\/wp-json\/wp\/v2\/users\/71"}],"replies":[{"embeddable":true,"href":"https:\/\/www.welovecycling.com\/hu\/wp-json\/wp\/v2\/comments?post=19374"}],"version-history":[{"count":1,"href":"https:\/\/www.welovecycling.com\/hu\/wp-json\/wp\/v2\/posts\/19374\/revisions"}],"predecessor-version":[{"id":19376,"href":"https:\/\/www.welovecycling.com\/hu\/wp-json\/wp\/v2\/posts\/19374\/revisions\/19376"}],"wp:featuredmedia":[{"embeddable":true,"href":"https:\/\/www.welovecycling.com\/hu\/wp-json\/wp\/v2\/media\/19375"}],"wp:attachment":[{"href":"https:\/\/www.welovecycling.com\/hu\/wp-json\/wp\/v2\/media?parent=19374"}],"wp:term":[{"taxonomy":"category","embeddable":true,"href":"https:\/\/www.welovecycling.com\/hu\/wp-json\/wp\/v2\/categories?post=19374"},{"taxonomy":"post_tag","embeddable":true,"href":"https:\/\/www.welovecycling.com\/hu\/wp-json\/wp\/v2\/tags?post=19374"},{"taxonomy":"global-categories","embeddable":true,"href":"https:\/\/www.welovecycling.com\/hu\/wp-json\/wp\/v2\/global-categories?post=19374"}],"curies":[{"name":"wp","href":"https:\/\/api.w.org\/{rel}","templated":true}]}}