{"id":19371,"date":"2025-11-24T08:00:28","date_gmt":"2025-11-24T06:00:28","guid":{"rendered":"https:\/\/www.welovecycling.com\/hu\/?p=19371"},"modified":"2025-11-13T11:19:55","modified_gmt":"2025-11-13T09:19:55","slug":"tour-de-france-femmes-avec-zwift-2026-a-batrak-utvonala","status":"publish","type":"post","link":"https:\/\/www.welovecycling.com\/hu\/orszaguti-kerekpar\/tour-de-france-femmes-avec-zwift-2026-a-batrak-utvonala\/","title":{"rendered":"Tour de France Femmes avec Zwift 2026: a b\u00e1trak \u00fatvonala"},"content":{"rendered":"<p style=\"font-weight: 400;\"><b>A meg\u00fajult n\u0151i Tour de France \u00f6t\u00f6dik kiad\u00e1sa, a Tour de France Femmes avec Zwift 2026, augusztus 1. \u00e9s 9. k\u00f6z\u00f6tt zajlik majd, kilenc szakaszon \u00e1t. A mez\u0151ny Sv\u00e1jcb\u00f3l, Lausanne-b\u00f3l indul, megker\u00fcli a Genfi-tavat, hamar megm\u00e1ssza az els\u0151 emelked\u0151ket, majd Franciaorsz\u00e1g fel\u00e9 veszi az ir\u00e1nyt. A z\u00e1r\u00f3 h\u00e9tv\u00e9g\u00e9n a h\u00edrek szerint a Mont Ventoux is szerepel a programban, a verseny pedig D\u00e9l-Franciaorsz\u00e1gban z\u00e1rul.<\/b><\/p>\n<p><!--more--><\/p>\n<p><span style=\"font-weight: 400;\">Ez az \u00fatvonal nem k\u00edm\u00e9li a mez\u0151nyt. M\u00e1r az els\u0151 napt\u00f3l koncentr\u00e1ci\u00f3t \u00e9s b\u00e1tors\u00e1got k\u00f6vetel, \u00e9s a d\u00f6nt\u0151 magass\u00e1gi csat\u00e1kat a v\u00e9g\u00e9re tartogatja.<\/span><\/p>\n<h2><b>Sv\u00e1jci precizit\u00e1s: l\u00e1tv\u00e1nyos \u00e9s taktikus rajt<\/b><\/h2>\n<p><span style=\"font-weight: 400;\">El\u0151sz\u00f6r ad otthont Sv\u00e1jc a Grand D\u00e9part-nak: leny\u0171g\u00f6z\u0151 d\u00edszletet k\u00edn\u00e1l a t\u00e1j a n\u0151i mez\u0151nynek. Lausanne, Aigle (az UCI k\u00f6zpontja) \u00e9s Genf is szerepel az els\u0151 h\u00e1rom nap \u00fatvonal\u00e1ban \u2013 f\u00f6ldrajzilag kompakt, de taktikailag \u00f6sszetett kezd\u00e9s.<\/span><\/p>\n<p><b>1. szakasz \u2013 Lausanne \u2192 Lausanne (~137 km)<\/b><b><br \/>\n<\/b><span style=\"font-weight: 400;\">K\u00f6r a Genfi-t\u00f3 ment\u00e9n, r\u00f6vid (3\u20134 km-es) emelked\u0151kkel \u00e9s egy meredek befut\u00f3val a v\u00e1rosk\u00f6zpontban. Kiscsoportos sprint \u00e9s mer\u00e9sz sz\u00f6k\u00e9sek v\u00e1rhat\u00f3k \u2013 olyan versenyz\u0151knek kedvez, mint amilyen Elisa Longo Borghini vagy Marianne Vos: akik szeretnek t\u00e1madni.<\/span><\/p>\n<p><b>2. szakasz \u2013 Aigle \u2192 Genf (~150 km)<\/b><b><br \/>\n<\/b><span style=\"font-weight: 400;\">Az UCI sz\u00e9khely\u00e9r\u0151l indulva a Montreux \u00e9s Vevey feletti sz\u0151l\u0151hegyek k\u00f6z\u00f6tt halad az \u00fatvonal, h\u00e1rom emelked\u0151vel, majd gyors befut\u00f3val Genf fel\u00e9. Egy elsz\u00e1nt sz\u00f6kev\u00e9ny ak\u00e1r v\u00e9gig tarthatja az el\u0151ny\u00e9t ezen a szakaszon.<\/span><\/p>\n<p style=\"font-weight: 400;\"><b>3. szakasz \u2013 Genf \u2192 Franciaorsz\u00e1g<\/b><b><br \/>\n<\/b><span style=\"font-weight: 400;\">A hat\u00e1r\u00e1tl\u00e9p\u00e9st k\u00f6vet\u0151en dombos terep v\u00e1r a mez\u0151nyre, ahol az oldalsz\u00e9l is szerephez jut, \u00edgy fontos lesz a taktika \u00e9s az \u00fcgyes man\u0151verez\u00e9s. Lotte Kopecky, Kasia Niewiadoma-Phinney vagy m\u00e1s kock\u00e1zatv\u00e1llal\u00f3 versenyz\u0151 napja lehet ez.<\/span><\/p>\n<blockquote class=\"instagram-media\" style=\"background: #FFF; border: 0; border-radius: 3px; box-shadow: 0 0 1px 0 rgba(0,0,0,0.5),0 1px 10px 0 rgba(0,0,0,0.15); margin: 1px; max-width: 540px; min-width: 326px; padding: 0; width: calc(100% - 2px);\" data-instgrm-captioned=\"\" data-instgrm-permalink=\"https:\/\/www.instagram.com\/p\/DQJeiRhCo_y\/?utm_source=ig_embed&amp;utm_campaign=loading\" data-instgrm-version=\"14\">\n<div style=\"padding: 16px;\">\n<p>&nbsp;<\/p>\n<div style=\"display: flex; flex-direction: row; align-items: center;\">\n<div style=\"background-color: #f4f4f4; border-radius: 50%; flex-grow: 0; height: 40px; margin-right: 14px; width: 40px;\"><\/div>\n<div style=\"display: flex; flex-direction: column; flex-grow: 1; justify-content: center;\">\n<div style=\"background-color: #f4f4f4; border-radius: 4px; flex-grow: 0; height: 14px; margin-bottom: 6px; width: 100px;\"><\/div>\n<div style=\"background-color: #f4f4f4; border-radius: 4px; flex-grow: 0; height: 14px; width: 60px;\"><\/div>\n<\/div>\n<\/div>\n<div style=\"padding: 19% 0;\"><\/div>\n<div style=\"display: block; height: 50px; margin: 0 auto 12px; width: 50px;\"><\/div>\n<div style=\"padding-top: 8px;\">\n<div style=\"color: #3897f0; font-family: Arial,sans-serif; font-size: 14px; font-style: normal; font-weight: 550; line-height: 18px;\">Zobrazit p\u0159\u00edsp\u011bvek na Instagramu<\/div>\n<\/div>\n<div style=\"padding: 12.5% 0;\"><\/div>\n<div style=\"display: flex; flex-direction: row; margin-bottom: 14px; align-items: center;\">\n<div>\n<div style=\"background-color: #f4f4f4; border-radius: 50%; height: 12.5px; width: 12.5px; transform: translateX(0px) translateY(7px);\"><\/div>\n<div style=\"background-color: #f4f4f4; height: 12.5px; transform: rotate(-45deg) translateX(3px) translateY(1px); width: 12.5px; flex-grow: 0; margin-right: 14px; margin-left: 2px;\"><\/div>\n<div style=\"background-color: #f4f4f4; border-radius: 50%; height: 12.5px; width: 12.5px; transform: translateX(9px) translateY(-18px);\"><\/div>\n<\/div>\n<div style=\"margin-left: 8px;\">\n<div style=\"background-color: #f4f4f4; border-radius: 50%; flex-grow: 0; height: 20px; width: 20px;\"><\/div>\n<div style=\"width: 0; height: 0; border-top: 2px solid transparent; border-left: 6px solid #f4f4f4; border-bottom: 2px solid transparent; transform: translateX(16px) translateY(-4px) rotate(30deg);\"><\/div>\n<\/div>\n<div style=\"margin-left: auto;\">\n<div style=\"width: 0px; border-top: 8px solid #F4F4F4; border-right: 8px solid transparent; transform: translateY(16px);\"><\/div>\n<div style=\"background-color: #f4f4f4; flex-grow: 0; height: 12px; width: 16px; transform: translateY(-4px);\"><\/div>\n<div style=\"width: 0; height: 0; border-top: 8px solid #F4F4F4; border-left: 8px solid transparent; transform: translateY(-4px) translateX(8px);\"><\/div>\n<\/div>\n<\/div>\n<div style=\"display: flex; flex-direction: column; flex-grow: 1; justify-content: center; margin-bottom: 24px;\">\n<div style=\"background-color: #f4f4f4; border-radius: 4px; flex-grow: 0; height: 14px; margin-bottom: 6px; width: 224px;\"><\/div>\n<div style=\"background-color: #f4f4f4; border-radius: 4px; flex-grow: 0; height: 14px; width: 144px;\"><\/div>\n<\/div>\n<p>&nbsp;<\/p>\n<p style=\"color: #c9c8cd; font-family: Arial,sans-serif; font-size: 14px; line-height: 17px; margin-bottom: 0; margin-top: 8px; overflow: hidden; padding: 8px 0 7px; text-align: center; text-overflow: ellipsis; white-space: nowrap;\"><a style=\"color: #c9c8cd; font-family: Arial,sans-serif; font-size: 14px; font-style: normal; font-weight: normal; line-height: 17px; text-decoration: none;\" href=\"https:\/\/www.instagram.com\/p\/DQJeiRhCo_y\/?utm_source=ig_embed&amp;utm_campaign=loading\" target=\"_blank\" rel=\"noopener\">P\u0159\u00edsp\u011bvek sd\u00edlen\u00fd Le Tour de France Femmes avec Zwift (@letourfemmes)<\/a><\/p>\n<\/div>\n<\/blockquote>\n<h2><script async src=\"\/\/www.instagram.com\/embed.js\"><\/script><\/h2>\n<h2><b>Sprinterek \u00e9s hegyi men\u0151k<\/b><\/h2>\n<p><span style=\"font-weight: 400;\">A sv\u00e1jci kezd\u00e9s ut\u00e1n a mez\u0151ny Kelet-Franciaorsz\u00e1gon halad \u00e1t, a Jura \u00e9s a Rh\u00f4ne r\u00e9gi\u00f3n kereszt\u00fcl, m\u00edg el nem \u00e9ri az igaz\u00e1n komoly hegyeket. Az \u00fatvonal kilenc szakaszb\u00f3l \u00e1ll, \u00f6sszesen 1175 kilom\u00e9teres t\u00e1vval, \u00e9s minden eddigin\u00e9l nagyobb, 18795 m\u00e9teres szintemelked\u00e9ssel. A mez\u0151ny t\u00f6bb hegys\u00e9gen is \u00e1tkel: a Jura, a Massif Central \u00e9s az Alpok emelked\u0151i mind szerepet kapnak a verseny sor\u00e1n.<\/span><\/p>\n<p><b>A legfontosabb szakaszok:<\/b><\/p>\n<ul>\n<li><b>4. szakasz<\/b><span style=\"font-weight: 400;\"> \u2013 21 km-es egy\u00e9ni id\u0151futam.<\/span><\/li>\n<li><b>7. szakasz<\/b><span style=\"font-weight: 400;\"> \u2013 hegyi befut\u00f3 a h\u00edres Mont Ventoux-n.<\/span><\/li>\n<li><b>8. szakasz<\/b><span style=\"font-weight: 400;\"> \u2013 175 km hossz\u00fa etap, Sisteronb\u00f3l Nizz\u00e1ig.<\/span><\/li>\n<li><b>9. szakasz<\/b><span style=\"font-weight: 400;\"> \u2013 Nizza k\u00f6r\u00fcli etap, emelked\u0151kkel, \u00e9s csavarokkal.<\/span><\/li>\n<\/ul>\n<p><span style=\"font-weight: 400;\">A korai szakaszok az \u00f6sszetett men\u0151knek \u00e9s a sprintereknek kedveznek, a v\u00e9gj\u00e1t\u00e9k pedig a leger\u0151sebb hegym\u00e1sz\u00f3knak \u2013 hasonl\u00f3an a 2023-as kiad\u00e1shoz.<\/span><\/p>\n<h2><b>Mire sz\u00e1m\u00edthatunk?<\/b><\/h2>\n<p><b>Korai napok \u2013 ak\u00e1r m\u00e1r itt eld\u0151lhet a verseny:<\/b><span style=\"font-weight: 400;\"><br \/>\n<\/span><span style=\"font-weight: 400;\">A lausanne-i dombos nyit\u00e1ny \u00e9s a csapatok koordin\u00e1ci\u00f3ja m\u00e1r az elej\u00e9n kulcsfontoss\u00e1g\u00fa. Minden elpazarolt m\u00e1sodperc f\u00e1jni fog k\u00e9s\u0151bb.<\/span><\/p>\n<p><b>Sprinterek<\/b> <b>\u2013 kev\u00e9s lehet\u0151s\u00e9g:<\/b><span style=\"font-weight: 400;\"><br \/>\n<\/span><span style=\"font-weight: 400;\">A 2\u20133. szakasz lesz a legjobb es\u00e9ly Lorena Wiebes vagy Charlotte Kool sz\u00e1m\u00e1ra. Ut\u00e1na m\u00e1r kevesebb olyan etap lesz, ami a sprintereknek kedvez.<\/span><\/p>\n<p><b>Dombos terep \u2013 az \u00e1tmeneti szakaszok h\u0151sei:<\/b><b><br \/>\n<\/b><span style=\"font-weight: 400;\">Elise Chabbey, Silvia Persico vagy Juliette Labous j\u00f3l \u00e9rezheti mag\u00e1t a dombos szakaszokon, ahol a taktika d\u00f6nthet.<\/span><\/p>\n<p><b>Hegym\u00e1sz\u00f3k \u2013 Ventoux:<\/b><span style=\"font-weight: 400;\"><br \/>\n<\/span><span style=\"font-weight: 400;\">A Mont Ventoux lesz a verseny term\u00e9szetes k\u00f6z\u00e9ppontja. B\u00e9doinb\u00f3l vagy Sault-b\u00f3l felvezetve is t\u00f6bb mint 1900 m\u00e9ter szintemelked\u00e9ssel \u2013 itt d\u0151lhet el a s\u00e1rga trik\u00f3 sorsa.<\/span><\/p>\n<h2><b>Akikre \u00e9rdemes figyelni<\/b><\/h2>\n<ul>\n<li style=\"font-weight: 400;\" aria-level=\"1\"><span style=\"font-weight: 400;\"><strong>Demi Vollering (SD Worx-Protime)<\/strong>: c\u00edmv\u00e9d\u0151 es\u00e9lyes, egy olyan versenyz\u0151, aki a dombokon \u00e9s a hegyekben is otthon van.<\/span><span style=\"font-weight: 400;\"><br \/>\n<\/span><\/li>\n<li style=\"font-weight: 400;\" aria-level=\"1\"><span style=\"font-weight: 400;\"><strong>Kasia Niewiadoma (Canyon\/\/SRAM)<\/strong>: \u00e1lland\u00f3an t\u00e1mad, technik\u00e1s \u00e9s a k\u00f6z\u00e9phegys\u00e9gekben ragyog igaz\u00e1n.<\/span><span style=\"font-weight: 400;\"><br \/>\n<\/span><\/li>\n<li style=\"font-weight: 400;\" aria-level=\"1\"><span style=\"font-weight: 400;\"><strong>Elisa Longo Borghini (Lidl-Trek)<\/strong>: a hossz\u00fa, f\u00e1raszt\u00f3 szakaszok \u00e9s a technik\u00e1s lejtmenetek specialist\u00e1ja.<\/span><span style=\"font-weight: 400;\"><br \/>\n<\/span><\/li>\n<li style=\"font-weight: 400;\" aria-level=\"1\"><span style=\"font-weight: 400;\"><strong>Gaia Realini (Lidl-Trek)<\/strong>: v\u00e9rbeli hegym\u00e1sz\u00f3, a Ventoux-n lehet f\u0151szerepl\u0151.<\/span><span style=\"font-weight: 400;\"><br \/>\n<\/span><\/li>\n<li style=\"font-weight: 400;\" aria-level=\"1\"><span style=\"font-weight: 400;\"><strong>Lorena Wiebes (SD Worx-Protime)<\/strong>: a leggyorsabb sprinter, korai szakaszgy\u0151zelemre es\u00e9lyes.<\/span><span style=\"font-weight: 400;\"><br \/>\n<\/span><\/li>\n<li style=\"font-weight: 400;\" aria-level=\"1\"><span style=\"font-weight: 400;\"><strong>Cecilie Uttrup Ludwig (FDJ-Suez)<\/strong>: hazai p\u00e1ly\u00e1hoz k\u00f6zeli szakaszokon extra motiv\u00e1ci\u00f3val for tekerni!<\/span><\/li>\n<\/ul>\n","protected":false},"excerpt":{"rendered":"<p>A meg\u00fajult n\u0151i Tour de France \u00f6t\u00f6dik kiad\u00e1sa, a Tour de France Femmes avec Zwift 2026, augusztus 1. \u00e9s 9. [&hellip;]<\/p>\n","protected":false},"author":71,"featured_media":19372,"comment_status":"open","ping_status":"open","sticky":false,"template":"","format":"standard","meta":{"footnotes":""},"categories":[8],"tags":[],"global-categories":[],"class_list":["post-19371","post","type-post","status-publish","format-standard","has-post-thumbnail","hentry","category-orszaguti-kerekpar"],"yoast_head":"<!-- This site is optimized with the Yoast SEO Premium plugin v25.3 (Yoast SEO v25.9) - https:\/\/yoast.com\/wordpress\/plugins\/seo\/ -->\n<title>Tour de France Femmes avec Zwift 2026: A Route for the Bold<\/title>\n<meta name=\"robots\" content=\"index, follow, max-snippet:-1, max-image-preview:large, max-video-preview:-1\" \/>\n<link rel=\"canonical\" href=\"https:\/\/www.welovecycling.com\/hu\/orszaguti-kerekpar\/tour-de-france-femmes-avec-zwift-2026-a-batrak-utvonala\/\" \/>\n<meta property=\"og:locale\" content=\"hu_HU\" \/>\n<meta property=\"og:type\" content=\"article\" \/>\n<meta property=\"og:title\" content=\"Tour de France Femmes avec Zwift 2026: a b\u00e1trak \u00fatvonala\" \/>\n<meta property=\"og:description\" content=\"A meg\u00fajult n\u0151i Tour de France \u00f6t\u00f6dik kiad\u00e1sa, a Tour de France Femmes avec Zwift 2026, augusztus 1. \u00e9s 9. [&hellip;]\" \/>\n<meta property=\"og:url\" content=\"https:\/\/www.welovecycling.com\/hu\/orszaguti-kerekpar\/tour-de-france-femmes-avec-zwift-2026-a-batrak-utvonala\/\" \/>\n<meta property=\"og:site_name\" content=\"\u0160koda We Love Cycling - Magyarorsz\u00e1g\" \/>\n<meta property=\"article:publisher\" content=\"https:\/\/www.facebook.com\/WeLoveCyclingHungary\/\" \/>\n<meta property=\"article:published_time\" content=\"2025-11-24T06:00:28+00:00\" \/>\n<meta property=\"og:image\" content=\"https:\/\/d2p6e6u75xmxt8.cloudfront.net\/12\/2025\/11\/Tour-26-Route-Marion-Rousse-profimedia-1047599515-CVR.webp\" \/>\n\t<meta property=\"og:image:width\" content=\"990\" \/>\n\t<meta property=\"og:image:height\" content=\"660\" \/>\n\t<meta property=\"og:image:type\" content=\"image\/webp\" \/>\n<meta name=\"author\" content=\"hegyizs\" \/>\n<meta name=\"twitter:card\" content=\"summary_large_image\" \/>\n<meta name=\"twitter:label1\" content=\"Written by\" \/>\n\t<meta name=\"twitter:data1\" content=\"Monica Buck\" \/>\n\t<meta name=\"twitter:label2\" content=\"Est. reading time\" \/>\n\t<meta name=\"twitter:data2\" content=\"2\" \/>\n<script type=\"application\/ld+json\" class=\"yoast-schema-graph\">{\"@context\":\"https:\/\/schema.org\",\"@graph\":[{\"@type\":\"WebPage\",\"@id\":\"https:\/\/www.welovecycling.com\/hu\/orszaguti-kerekpar\/tour-de-france-femmes-avec-zwift-2026-a-batrak-utvonala\/\",\"url\":\"https:\/\/www.welovecycling.com\/hu\/orszaguti-kerekpar\/tour-de-france-femmes-avec-zwift-2026-a-batrak-utvonala\/\",\"name\":\"Tour de France Femmes avec Zwift 2026: A Route for the Bold\",\"isPartOf\":{\"@id\":\"https:\/\/www.welovecycling.com\/hu\/#website\"},\"primaryImageOfPage\":{\"@id\":\"https:\/\/www.welovecycling.com\/hu\/orszaguti-kerekpar\/tour-de-france-femmes-avec-zwift-2026-a-batrak-utvonala\/#primaryimage\"},\"image\":{\"@id\":\"https:\/\/www.welovecycling.com\/hu\/orszaguti-kerekpar\/tour-de-france-femmes-avec-zwift-2026-a-batrak-utvonala\/#primaryimage\"},\"thumbnailUrl\":\"https:\/\/d2p6e6u75xmxt8.cloudfront.net\/12\/2025\/11\/Tour-26-Route-Marion-Rousse-profimedia-1047599515-CVR.webp\",\"datePublished\":\"2025-11-24T06:00:28+00:00\",\"author\":{\"@id\":\"https:\/\/www.welovecycling.com\/hu\/#\/schema\/person\/414a2aebf1801691a5320edb6468e194\"},\"breadcrumb\":{\"@id\":\"https:\/\/www.welovecycling.com\/hu\/orszaguti-kerekpar\/tour-de-france-femmes-avec-zwift-2026-a-batrak-utvonala\/#breadcrumb\"},\"inLanguage\":\"hu\",\"potentialAction\":[{\"@type\":\"ReadAction\",\"target\":[\"https:\/\/www.welovecycling.com\/hu\/orszaguti-kerekpar\/tour-de-france-femmes-avec-zwift-2026-a-batrak-utvonala\/\"]}]},{\"@type\":\"ImageObject\",\"inLanguage\":\"hu\",\"@id\":\"https:\/\/www.welovecycling.com\/hu\/orszaguti-kerekpar\/tour-de-france-femmes-avec-zwift-2026-a-batrak-utvonala\/#primaryimage\",\"url\":\"https:\/\/d2p6e6u75xmxt8.cloudfront.net\/12\/2025\/11\/Tour-26-Route-Marion-Rousse-profimedia-1047599515-CVR.webp\",\"contentUrl\":\"https:\/\/d2p6e6u75xmxt8.cloudfront.net\/12\/2025\/11\/Tour-26-Route-Marion-Rousse-profimedia-1047599515-CVR.webp\",\"width\":990,\"height\":660,\"caption\":\"Marion Rousse\"},{\"@type\":\"BreadcrumbList\",\"@id\":\"https:\/\/www.welovecycling.com\/hu\/orszaguti-kerekpar\/tour-de-france-femmes-avec-zwift-2026-a-batrak-utvonala\/#breadcrumb\",\"itemListElement\":[{\"@type\":\"ListItem\",\"position\":1,\"name\":\"Home\",\"item\":\"https:\/\/www.welovecycling.com\/hu\/\"},{\"@type\":\"ListItem\",\"position\":2,\"name\":\"Tour de France Femmes avec Zwift 2026: a b\u00e1trak \u00fatvonala\"}]},{\"@type\":\"WebSite\",\"@id\":\"https:\/\/www.welovecycling.com\/hu\/#website\",\"url\":\"https:\/\/www.welovecycling.com\/hu\/\",\"name\":\"\u0160koda We Love Cycling - Magyarorsz\u00e1g\",\"description\":\"\u0160koda WeLoveCycling\",\"potentialAction\":[{\"@type\":\"SearchAction\",\"target\":{\"@type\":\"EntryPoint\",\"urlTemplate\":\"https:\/\/www.welovecycling.com\/hu\/?s={search_term_string}\"},\"query-input\":{\"@type\":\"PropertyValueSpecification\",\"valueRequired\":true,\"valueName\":\"search_term_string\"}}],\"inLanguage\":\"hu\"},{\"@type\":\"Person\",\"@id\":\"https:\/\/www.welovecycling.com\/hu\/#\/schema\/person\/414a2aebf1801691a5320edb6468e194\",\"name\":\"hegyizs\",\"image\":{\"@type\":\"ImageObject\",\"inLanguage\":\"hu\",\"@id\":\"https:\/\/www.welovecycling.com\/hu\/#\/schema\/person\/image\/\",\"url\":\"https:\/\/secure.gravatar.com\/avatar\/02cf8a7906b8cf90cecb4679defac7cfd33a1c2e3b88e4903d947f3bb58eedd3?s=96&d=mm&r=g\",\"contentUrl\":\"https:\/\/secure.gravatar.com\/avatar\/02cf8a7906b8cf90cecb4679defac7cfd33a1c2e3b88e4903d947f3bb58eedd3?s=96&d=mm&r=g\",\"caption\":\"hegyizs\"},\"url\":\"https:\/\/www.welovecycling.com\/hu\/author\/hegyizs\/\"}]}<\/script>\n<!-- \/ Yoast SEO Premium plugin. -->","yoast_head_json":{"title":"Tour de France Femmes avec Zwift 2026: A Route for the Bold","robots":{"index":"index","follow":"follow","max-snippet":"max-snippet:-1","max-image-preview":"max-image-preview:large","max-video-preview":"max-video-preview:-1"},"canonical":"https:\/\/www.welovecycling.com\/hu\/orszaguti-kerekpar\/tour-de-france-femmes-avec-zwift-2026-a-batrak-utvonala\/","og_locale":"hu_HU","og_type":"article","og_title":"Tour de France Femmes avec Zwift 2026: a b\u00e1trak \u00fatvonala","og_description":"A meg\u00fajult n\u0151i Tour de France \u00f6t\u00f6dik kiad\u00e1sa, a Tour de France Femmes avec Zwift 2026, augusztus 1. \u00e9s 9. [&hellip;]","og_url":"https:\/\/www.welovecycling.com\/hu\/orszaguti-kerekpar\/tour-de-france-femmes-avec-zwift-2026-a-batrak-utvonala\/","og_site_name":"\u0160koda We Love Cycling - Magyarorsz\u00e1g","article_publisher":"https:\/\/www.facebook.com\/WeLoveCyclingHungary\/","article_published_time":"2025-11-24T06:00:28+00:00","og_image":[{"width":990,"height":660,"url":"https:\/\/d2p6e6u75xmxt8.cloudfront.net\/12\/2025\/11\/Tour-26-Route-Marion-Rousse-profimedia-1047599515-CVR.webp","type":"image\/webp"}],"author":"hegyizs","twitter_card":"summary_large_image","twitter_misc":{"Written by":"Monica Buck","Est. reading time":"2"},"schema":{"@context":"https:\/\/schema.org","@graph":[{"@type":"WebPage","@id":"https:\/\/www.welovecycling.com\/hu\/orszaguti-kerekpar\/tour-de-france-femmes-avec-zwift-2026-a-batrak-utvonala\/","url":"https:\/\/www.welovecycling.com\/hu\/orszaguti-kerekpar\/tour-de-france-femmes-avec-zwift-2026-a-batrak-utvonala\/","name":"Tour de France Femmes avec Zwift 2026: A Route for the Bold","isPartOf":{"@id":"https:\/\/www.welovecycling.com\/hu\/#website"},"primaryImageOfPage":{"@id":"https:\/\/www.welovecycling.com\/hu\/orszaguti-kerekpar\/tour-de-france-femmes-avec-zwift-2026-a-batrak-utvonala\/#primaryimage"},"image":{"@id":"https:\/\/www.welovecycling.com\/hu\/orszaguti-kerekpar\/tour-de-france-femmes-avec-zwift-2026-a-batrak-utvonala\/#primaryimage"},"thumbnailUrl":"https:\/\/d2p6e6u75xmxt8.cloudfront.net\/12\/2025\/11\/Tour-26-Route-Marion-Rousse-profimedia-1047599515-CVR.webp","datePublished":"2025-11-24T06:00:28+00:00","author":{"@id":"https:\/\/www.welovecycling.com\/hu\/#\/schema\/person\/414a2aebf1801691a5320edb6468e194"},"breadcrumb":{"@id":"https:\/\/www.welovecycling.com\/hu\/orszaguti-kerekpar\/tour-de-france-femmes-avec-zwift-2026-a-batrak-utvonala\/#breadcrumb"},"inLanguage":"hu","potentialAction":[{"@type":"ReadAction","target":["https:\/\/www.welovecycling.com\/hu\/orszaguti-kerekpar\/tour-de-france-femmes-avec-zwift-2026-a-batrak-utvonala\/"]}]},{"@type":"ImageObject","inLanguage":"hu","@id":"https:\/\/www.welovecycling.com\/hu\/orszaguti-kerekpar\/tour-de-france-femmes-avec-zwift-2026-a-batrak-utvonala\/#primaryimage","url":"https:\/\/d2p6e6u75xmxt8.cloudfront.net\/12\/2025\/11\/Tour-26-Route-Marion-Rousse-profimedia-1047599515-CVR.webp","contentUrl":"https:\/\/d2p6e6u75xmxt8.cloudfront.net\/12\/2025\/11\/Tour-26-Route-Marion-Rousse-profimedia-1047599515-CVR.webp","width":990,"height":660,"caption":"Marion Rousse"},{"@type":"BreadcrumbList","@id":"https:\/\/www.welovecycling.com\/hu\/orszaguti-kerekpar\/tour-de-france-femmes-avec-zwift-2026-a-batrak-utvonala\/#breadcrumb","itemListElement":[{"@type":"ListItem","position":1,"name":"Home","item":"https:\/\/www.welovecycling.com\/hu\/"},{"@type":"ListItem","position":2,"name":"Tour de France Femmes avec Zwift 2026: a b\u00e1trak \u00fatvonala"}]},{"@type":"WebSite","@id":"https:\/\/www.welovecycling.com\/hu\/#website","url":"https:\/\/www.welovecycling.com\/hu\/","name":"\u0160koda We Love Cycling - Magyarorsz\u00e1g","description":"\u0160koda WeLoveCycling","potentialAction":[{"@type":"SearchAction","target":{"@type":"EntryPoint","urlTemplate":"https:\/\/www.welovecycling.com\/hu\/?s={search_term_string}"},"query-input":{"@type":"PropertyValueSpecification","valueRequired":true,"valueName":"search_term_string"}}],"inLanguage":"hu"},{"@type":"Person","@id":"https:\/\/www.welovecycling.com\/hu\/#\/schema\/person\/414a2aebf1801691a5320edb6468e194","name":"hegyizs","image":{"@type":"ImageObject","inLanguage":"hu","@id":"https:\/\/www.welovecycling.com\/hu\/#\/schema\/person\/image\/","url":"https:\/\/secure.gravatar.com\/avatar\/02cf8a7906b8cf90cecb4679defac7cfd33a1c2e3b88e4903d947f3bb58eedd3?s=96&d=mm&r=g","contentUrl":"https:\/\/secure.gravatar.com\/avatar\/02cf8a7906b8cf90cecb4679defac7cfd33a1c2e3b88e4903d947f3bb58eedd3?s=96&d=mm&r=g","caption":"hegyizs"},"url":"https:\/\/www.welovecycling.com\/hu\/author\/hegyizs\/"}]}},"_links":{"self":[{"href":"https:\/\/www.welovecycling.com\/hu\/wp-json\/wp\/v2\/posts\/19371","targetHints":{"allow":["GET"]}}],"collection":[{"href":"https:\/\/www.welovecycling.com\/hu\/wp-json\/wp\/v2\/posts"}],"about":[{"href":"https:\/\/www.welovecycling.com\/hu\/wp-json\/wp\/v2\/types\/post"}],"author":[{"embeddable":true,"href":"https:\/\/www.welovecycling.com\/hu\/wp-json\/wp\/v2\/users\/71"}],"replies":[{"embeddable":true,"href":"https:\/\/www.welovecycling.com\/hu\/wp-json\/wp\/v2\/comments?post=19371"}],"version-history":[{"count":1,"href":"https:\/\/www.welovecycling.com\/hu\/wp-json\/wp\/v2\/posts\/19371\/revisions"}],"predecessor-version":[{"id":19373,"href":"https:\/\/www.welovecycling.com\/hu\/wp-json\/wp\/v2\/posts\/19371\/revisions\/19373"}],"wp:featuredmedia":[{"embeddable":true,"href":"https:\/\/www.welovecycling.com\/hu\/wp-json\/wp\/v2\/media\/19372"}],"wp:attachment":[{"href":"https:\/\/www.welovecycling.com\/hu\/wp-json\/wp\/v2\/media?parent=19371"}],"wp:term":[{"taxonomy":"category","embeddable":true,"href":"https:\/\/www.welovecycling.com\/hu\/wp-json\/wp\/v2\/categories?post=19371"},{"taxonomy":"post_tag","embeddable":true,"href":"https:\/\/www.welovecycling.com\/hu\/wp-json\/wp\/v2\/tags?post=19371"},{"taxonomy":"global-categories","embeddable":true,"href":"https:\/\/www.welovecycling.com\/hu\/wp-json\/wp\/v2\/global-categories?post=19371"}],"curies":[{"name":"wp","href":"https:\/\/api.w.org\/{rel}","templated":true}]}}