{"id":19360,"date":"2025-11-03T15:15:53","date_gmt":"2025-11-03T13:15:53","guid":{"rendered":"https:\/\/www.welovecycling.com\/hu\/?p=19360"},"modified":"2025-11-03T15:15:53","modified_gmt":"2025-11-03T13:15:53","slug":"ez-tenyleg-rendhagyo-lesz-barcelonai-csapatidofutammal-indul-dupla-alpe-dhuez-kinzassal-zarul-a-2026-os-tour-de-france","status":"publish","type":"post","link":"https:\/\/www.welovecycling.com\/hu\/orszaguti-kerekpar\/ez-tenyleg-rendhagyo-lesz-barcelonai-csapatidofutammal-indul-dupla-alpe-dhuez-kinzassal-zarul-a-2026-os-tour-de-france\/","title":{"rendered":"Ez t\u00e9nyleg rendhagy\u00f3 lesz: barcelonai csapatid\u0151futammal indul, dupla Alpe d\u2019Huez-k\u00ednz\u00e1ssal z\u00e1rul a 2026-os Tour de France!"},"content":{"rendered":"<p><b>A dr\u00e1ma \u00e9s a szenved\u00e9ly versenyek\u00e9nt aposztrof\u00e1lj\u00e1k a j\u00f6v\u0151 \u00e9vi Tour-t a szervez\u0151k \u2013 a nem mindennapi \u00fatvonalat l\u00e1tva nem alaptalanul. A hegyi men\u0151k, Tadej Poga\u010dar \u00e9s Jonas Vingegaard el\u0151re d\u00f6rzs\u00f6lhetik a tenyer\u00fcket, \u00e9s h\u00e1tha Valter Attila is\u2026<\/b><!--more--><\/p>\n<p><span style=\"font-weight: 400;\">Alig \u00e9rt v\u00e9get az orsz\u00e1g\u00fati versenyszezon \u00e9rdemi r\u00e9sze, m\u00e1ris ler\u00e1ntott\u00e1k a leplet a 2026-os \u00e9v szok\u00e1sosan egyik legjobban v\u00e1rt versenye, a Tour de France \u00fatvonal\u00e1r\u00f3l.\u00a0<\/span><\/p>\n<p><span style=\"font-weight: 400;\">A 116. Francia k\u00f6rversenyre j\u00f6v\u0151re j\u00falius 4. \u00e9s 26. k\u00f6z\u00f6tt ker\u00fcl sor, a 3\u00a0333 kilom\u00e9teres \u00f6sszt\u00e1v sz\u00e1mos izgalmas meglepet\u00e9st \u00e9s \u00faj\u00edt\u00e1st tartalmaz. A szervez\u0151k r\u00f6gt\u00f6n a legelej\u00e9re beraktak egy nem ak\u00e1rmilyen dupla csavart: a viadal ez\u00fattal \u2013 t\u00f6rt\u00e9nete sor\u00e1n el\u0151sz\u00f6r \u2013 Barcelon\u00e1b\u00f3l indul egy rendhagy\u00f3 csapatid\u0151futammal! Ami azt illeti, sem a spanyolorsz\u00e1gi kezd\u00e9s (amir\u0151l egy\u00e9bk\u00e9nt m\u00e1r kor\u00e1bban is tudtunk), sem a csapatid\u0151futam nem megszokott az els\u0151 napon \u2013 mindez egy\u00fcttesen r\u00e1k\u00e9nyszer\u00edti az ist\u00e1ll\u00f3kat arra, hogy m\u00e1r r\u00f6gt\u00f6n a nyit\u00f3 napon beleadjanak mindent, hiszen ennek a m\u0171fajnak a nyom\u00e1n ak\u00e1r m\u00e1r az els\u0151 etapon kialakulhatnak kisebb-nagyobb k\u00fcl\u00f6nbs\u00e9gek az \u00f6sszetett nagy\u00e1gy\u00fak k\u00f6z\u00f6tt.<\/span><\/p>\n<p><img loading=\"lazy\" decoding=\"async\" class=\"alignnone size-full wp-image-19363\" src=\"https:\/\/d2p6e6u75xmxt8.cloudfront.net\/12\/2025\/11\/image3.webp\" alt=\"\" width=\"891\" height=\"664\" srcset=\"https:\/\/d2p6e6u75xmxt8.cloudfront.net\/12\/2025\/11\/image3.webp 891w, https:\/\/d2p6e6u75xmxt8.cloudfront.net\/12\/2025\/11\/image3-300x224.webp 300w, https:\/\/d2p6e6u75xmxt8.cloudfront.net\/12\/2025\/11\/image3-768x572.webp 768w, https:\/\/d2p6e6u75xmxt8.cloudfront.net\/12\/2025\/11\/image3-400x298.webp 400w\" sizes=\"auto, (max-width: 891px) 100vw, 891px\" \/><\/p>\n<p><span style=\"font-weight: 400;\">A k\u00f6vetkez\u0151 k\u00e9t nap tov\u00e1bb v\u00e1ndorol Katal\u00f3ni\u00e1ban a mez\u0151ny, hogy azt\u00e1n meg\u00e9rkezzen Franciaorsz\u00e1gba, a verseny \u00e9rdemi r\u00e9sz\u00e9re. A j\u00f6v\u0151 \u00e9vi Tour-\u00fatvonalr\u00f3l el\u00f6lj\u00e1r\u00f3ban elmondhat\u00f3, hogy a kor\u00e1bbi \u00e9vekhez k\u00e9pest er\u0151teljesebben helyezi el\u0151t\u00e9rbe a hegyi szakaszokat: konkr\u00e9tan t\u00f6bb hegyi etap lesz, mint s\u00edk, emellett mind\u00f6ssze egyetlen, 26 km-es egy\u00e9ni id\u0151futam szerepel a programban az utols\u00f3 h\u00e9t nyit\u00f3napj\u00e1n. Hogy a h\u00e1rom h\u00e9t alatt majdnem 55 ezer m\u00e9ternyi \u00f6ssz-szintet kell megm\u00e1szni, alighanem mag\u00e1\u00e9rt besz\u00e9l: Tadej Poga\u010dar \u00e9s Jonas Vingegaard val\u00f3sz\u00edn\u0171leg m\u00e1r j\u00f3 el\u0151re d\u00f6rzs\u00f6li a tenyer\u00e9t, \u00e9s ezen a ponton titkon csak m\u00e9g jobban rem\u00e9nyked\u00fcnk Valter Attila bahraines Tour-deb\u00fct\u00e1l\u00e1s\u00e1ban is\u2026 <\/span><\/p>\n<figure id=\"attachment_19362\" aria-describedby=\"caption-attachment-19362\" style=\"width: 1024px\" class=\"wp-caption alignnone\"><img loading=\"lazy\" decoding=\"async\" class=\"size-large wp-image-19362\" src=\"https:\/\/d2p6e6u75xmxt8.cloudfront.net\/12\/2025\/11\/image2-1024x660.webp\" alt=\"\" width=\"1024\" height=\"660\" srcset=\"https:\/\/d2p6e6u75xmxt8.cloudfront.net\/12\/2025\/11\/image2-1024x660.webp 1024w, https:\/\/d2p6e6u75xmxt8.cloudfront.net\/12\/2025\/11\/image2-300x193.webp 300w, https:\/\/d2p6e6u75xmxt8.cloudfront.net\/12\/2025\/11\/image2-768x495.webp 768w, https:\/\/d2p6e6u75xmxt8.cloudfront.net\/12\/2025\/11\/image2-400x258.webp 400w, https:\/\/d2p6e6u75xmxt8.cloudfront.net\/12\/2025\/11\/image2.webp 1385w\" sizes=\"auto, (max-width: 1024px) 100vw, 1024px\" \/><figcaption id=\"caption-attachment-19362\" class=\"wp-caption-text\">Val\u00f3sz\u00edn\u0171leg sok ehhez hasonl\u00f3 jelenetet l\u00e1thatunk majd j\u00f6v\u0151re is\u2026 (Fot\u00f3: AFP)<\/figcaption><\/figure>\n<p><span style=\"font-weight: 400;\">A harmadik napon p\u00e9ld\u00e1ul m\u00e1ris lesz egy kem\u00e9ny spanyolorsz\u00e1gi etap, a hatodik szakaszon hegyi befut\u00f3, a verseny m\u00e1sodik fele pedig szinte v\u00e9gig komoly magaslati er\u0151pr\u00f3ba. A legnagyobb durran\u00e1snak, az eg\u00e9sz Tour amolyan \u201ef\u0151attrakci\u00f3j\u00e1nak\u201d az ikonikus Alpe d\u2019Huez \u00edg\u00e9rkezik \u2013 amelyet viszont ugyancsak rendhagy\u00f3 m\u00f3don ez\u00fattal k\u00e9tszer is le kell majd k\u00fczdenie a mez\u0151nynek! R\u00e1ad\u00e1sul a dr\u00e1mai hat\u00e1s fokoz\u00e1sa kedv\u00e9\u00e9rt a verseny v\u00e9ghajr\u00e1j\u00e1ban, d\u00f6nt\u0151 pillanatokban\u2026 A 19. \u00e9s a 20. szakaszr\u00f3l van sz\u00f3, amikor is k\u00e9t egym\u00e1st k\u00f6vet\u0151 befut\u00f3 lesz a legend\u00e1s hegyen. El\u0151sz\u00f6r a \u201ehagyom\u00e1nyos m\u00f3don\u201d, a 21 hajt\u0171kanyarral megt\u0171zdelt \u00fatvonalon kell megm\u00e1sznia a versenyz\u0151knek, m\u00e1snap pedig a Col de Sarenne-f\u00e9le \u00faton ind\u00edtanak cs\u00facst\u00e1mad\u00e1st.<\/span><\/p>\n<p><span style=\"font-weight: 400;\">Nem vit\u00e1s, hogy a szervez\u0151k gonosz m\u00f3don a legv\u00e9g\u00e9re hagyt\u00e1k a feketelevest: a p\u00e1rizsi z\u00e1r\u00f3 g\u00e1laetepot megel\u0151z\u0151 utols\u00f3 el\u0151tti szakasz szintemelked\u00e9se \u00f6nmag\u00e1ban brut\u00e1lis, 5\u00a0600 m\u00e9teres, de az egym\u00e1s ut\u00e1ni k\u00e9t Alpe d\u2019Huez \u00f6nmag\u00e1ban is kegyetlen kih\u00edv\u00e1s taktikailag, fizikailag, mindenhogyan.\u00a0<\/span><\/p>\n<p><span style=\"font-weight: 400;\">Ilyen \u00e9rtelemben a szervez\u0151k kitettek maguk\u00e9rt: nemcsak a nyit\u00e1ny \u00edg\u00e9rkezik rendk\u00edv\u00fcl eml\u00e9kezetesnek, de a v\u00e9gj\u00e1t\u00e9k is.<\/span><\/p>\n<figure id=\"attachment_19364\" aria-describedby=\"caption-attachment-19364\" style=\"width: 1024px\" class=\"wp-caption alignnone\"><img loading=\"lazy\" decoding=\"async\" class=\"size-large wp-image-19364\" src=\"https:\/\/d2p6e6u75xmxt8.cloudfront.net\/12\/2025\/11\/image4-1024x576.webp\" alt=\"\" width=\"1024\" height=\"576\" srcset=\"https:\/\/d2p6e6u75xmxt8.cloudfront.net\/12\/2025\/11\/image4-1024x576.webp 1024w, https:\/\/d2p6e6u75xmxt8.cloudfront.net\/12\/2025\/11\/image4-300x169.webp 300w, https:\/\/d2p6e6u75xmxt8.cloudfront.net\/12\/2025\/11\/image4-768x432.webp 768w, https:\/\/d2p6e6u75xmxt8.cloudfront.net\/12\/2025\/11\/image4-400x225.webp 400w, https:\/\/d2p6e6u75xmxt8.cloudfront.net\/12\/2025\/11\/image4.webp 1366w\" sizes=\"auto, (max-width: 1024px) 100vw, 1024px\" \/><figcaption id=\"caption-attachment-19364\" class=\"wp-caption-text\">Forr\u00e1s: letour.fr<\/figcaption><\/figure>\n<p><i><span style=\"font-weight: 400;\">Bor\u00edt\u00f3k\u00e9p: Getty Images<\/span><\/i><\/p>\n","protected":false},"excerpt":{"rendered":"<p>A dr\u00e1ma \u00e9s a szenved\u00e9ly versenyek\u00e9nt aposztrof\u00e1lj\u00e1k a j\u00f6v\u0151 \u00e9vi Tour-t a szervez\u0151k \u2013 a nem mindennapi \u00fatvonalat l\u00e1tva nem [&hellip;]<\/p>\n","protected":false},"author":71,"featured_media":19361,"comment_status":"open","ping_status":"open","sticky":false,"template":"","format":"standard","meta":{"footnotes":""},"categories":[8],"tags":[],"global-categories":[419],"class_list":["post-19360","post","type-post","status-publish","format-standard","has-post-thumbnail","hentry","category-orszaguti-kerekpar","global-categories-cycling"],"yoast_head":"<!-- This site is optimized with the Yoast SEO Premium plugin v25.3 (Yoast SEO v25.9) - https:\/\/yoast.com\/wordpress\/plugins\/seo\/ -->\n<title>Ez t\u00e9nyleg rendhagy\u00f3 lesz: barcelonai csapatid\u0151futammal indul, dupla Alpe d\u2019Huez-k\u00ednz\u00e1ssal z\u00e1rul a 2026-os Tour de France!<\/title>\n<meta name=\"description\" content=\"A dr\u00e1ma \u00e9s a szenved\u00e9ly versenyek\u00e9nt aposztrof\u00e1lj\u00e1k a j\u00f6v\u0151 \u00e9vi Tour-t a szervez\u0151k \u2013 a nem mindennapi \u00fatvonalat l\u00e1tva nem alaptalanul. A hegyi men\u0151k, Tadej Poga\u010dar \u00e9s Jonas Vingegaard el\u0151re d\u00f6rzs\u00f6lhetik a tenyer\u00fcket, \u00e9s h\u00e1tha Valter Attila is\u2026\" \/>\n<meta name=\"robots\" content=\"index, follow, max-snippet:-1, max-image-preview:large, max-video-preview:-1\" \/>\n<link rel=\"canonical\" href=\"https:\/\/www.welovecycling.com\/hu\/orszaguti-kerekpar\/ez-tenyleg-rendhagyo-lesz-barcelonai-csapatidofutammal-indul-dupla-alpe-dhuez-kinzassal-zarul-a-2026-os-tour-de-france\/\" \/>\n<meta property=\"og:locale\" content=\"hu_HU\" \/>\n<meta property=\"og:type\" content=\"article\" \/>\n<meta property=\"og:title\" content=\"Ez t\u00e9nyleg rendhagy\u00f3 lesz: barcelonai csapatid\u0151futammal indul, dupla Alpe d\u2019Huez-k\u00ednz\u00e1ssal z\u00e1rul a 2026-os Tour de France!\" \/>\n<meta property=\"og:description\" content=\"A dr\u00e1ma \u00e9s a szenved\u00e9ly versenyek\u00e9nt aposztrof\u00e1lj\u00e1k a j\u00f6v\u0151 \u00e9vi Tour-t a szervez\u0151k \u2013 a nem mindennapi \u00fatvonalat l\u00e1tva nem alaptalanul. A hegyi men\u0151k, Tadej Poga\u010dar \u00e9s Jonas Vingegaard el\u0151re d\u00f6rzs\u00f6lhetik a tenyer\u00fcket, \u00e9s h\u00e1tha Valter Attila is\u2026\" \/>\n<meta property=\"og:url\" content=\"https:\/\/www.welovecycling.com\/hu\/orszaguti-kerekpar\/ez-tenyleg-rendhagyo-lesz-barcelonai-csapatidofutammal-indul-dupla-alpe-dhuez-kinzassal-zarul-a-2026-os-tour-de-france\/\" \/>\n<meta property=\"og:site_name\" content=\"\u0160koda We Love Cycling - Magyarorsz\u00e1g\" \/>\n<meta property=\"article:publisher\" content=\"https:\/\/www.facebook.com\/WeLoveCyclingHungary\/\" \/>\n<meta property=\"article:published_time\" content=\"2025-11-03T13:15:53+00:00\" \/>\n<meta property=\"og:image\" content=\"https:\/\/d2p6e6u75xmxt8.cloudfront.net\/12\/2025\/11\/image1.webp\" \/>\n\t<meta property=\"og:image:width\" content=\"1387\" \/>\n\t<meta property=\"og:image:height\" content=\"930\" \/>\n\t<meta property=\"og:image:type\" content=\"image\/webp\" \/>\n<meta name=\"author\" content=\"hegyizs\" \/>\n<meta name=\"twitter:card\" content=\"summary_large_image\" \/>\n<meta name=\"twitter:label1\" content=\"Written by\" \/>\n\t<meta name=\"twitter:data1\" content=\"WLC\" \/>\n\t<meta name=\"twitter:label2\" content=\"Est. reading time\" \/>\n\t<meta name=\"twitter:data2\" content=\"3 minutes\" \/>\n<script type=\"application\/ld+json\" class=\"yoast-schema-graph\">{\"@context\":\"https:\/\/schema.org\",\"@graph\":[{\"@type\":\"WebPage\",\"@id\":\"https:\/\/www.welovecycling.com\/hu\/orszaguti-kerekpar\/ez-tenyleg-rendhagyo-lesz-barcelonai-csapatidofutammal-indul-dupla-alpe-dhuez-kinzassal-zarul-a-2026-os-tour-de-france\/\",\"url\":\"https:\/\/www.welovecycling.com\/hu\/orszaguti-kerekpar\/ez-tenyleg-rendhagyo-lesz-barcelonai-csapatidofutammal-indul-dupla-alpe-dhuez-kinzassal-zarul-a-2026-os-tour-de-france\/\",\"name\":\"Ez t\u00e9nyleg rendhagy\u00f3 lesz: barcelonai csapatid\u0151futammal indul, dupla Alpe d\u2019Huez-k\u00ednz\u00e1ssal z\u00e1rul a 2026-os Tour de France!\",\"isPartOf\":{\"@id\":\"https:\/\/www.welovecycling.com\/hu\/#website\"},\"primaryImageOfPage\":{\"@id\":\"https:\/\/www.welovecycling.com\/hu\/orszaguti-kerekpar\/ez-tenyleg-rendhagyo-lesz-barcelonai-csapatidofutammal-indul-dupla-alpe-dhuez-kinzassal-zarul-a-2026-os-tour-de-france\/#primaryimage\"},\"image\":{\"@id\":\"https:\/\/www.welovecycling.com\/hu\/orszaguti-kerekpar\/ez-tenyleg-rendhagyo-lesz-barcelonai-csapatidofutammal-indul-dupla-alpe-dhuez-kinzassal-zarul-a-2026-os-tour-de-france\/#primaryimage\"},\"thumbnailUrl\":\"https:\/\/d2p6e6u75xmxt8.cloudfront.net\/12\/2025\/11\/image1.webp\",\"datePublished\":\"2025-11-03T13:15:53+00:00\",\"author\":{\"@id\":\"https:\/\/www.welovecycling.com\/hu\/#\/schema\/person\/414a2aebf1801691a5320edb6468e194\"},\"description\":\"A dr\u00e1ma \u00e9s a szenved\u00e9ly versenyek\u00e9nt aposztrof\u00e1lj\u00e1k a j\u00f6v\u0151 \u00e9vi Tour-t a szervez\u0151k \u2013 a nem mindennapi \u00fatvonalat l\u00e1tva nem alaptalanul. A hegyi men\u0151k, Tadej Poga\u010dar \u00e9s Jonas Vingegaard el\u0151re d\u00f6rzs\u00f6lhetik a tenyer\u00fcket, \u00e9s h\u00e1tha Valter Attila is\u2026\",\"breadcrumb\":{\"@id\":\"https:\/\/www.welovecycling.com\/hu\/orszaguti-kerekpar\/ez-tenyleg-rendhagyo-lesz-barcelonai-csapatidofutammal-indul-dupla-alpe-dhuez-kinzassal-zarul-a-2026-os-tour-de-france\/#breadcrumb\"},\"inLanguage\":\"hu\",\"potentialAction\":[{\"@type\":\"ReadAction\",\"target\":[\"https:\/\/www.welovecycling.com\/hu\/orszaguti-kerekpar\/ez-tenyleg-rendhagyo-lesz-barcelonai-csapatidofutammal-indul-dupla-alpe-dhuez-kinzassal-zarul-a-2026-os-tour-de-france\/\"]}]},{\"@type\":\"ImageObject\",\"inLanguage\":\"hu\",\"@id\":\"https:\/\/www.welovecycling.com\/hu\/orszaguti-kerekpar\/ez-tenyleg-rendhagyo-lesz-barcelonai-csapatidofutammal-indul-dupla-alpe-dhuez-kinzassal-zarul-a-2026-os-tour-de-france\/#primaryimage\",\"url\":\"https:\/\/d2p6e6u75xmxt8.cloudfront.net\/12\/2025\/11\/image1.webp\",\"contentUrl\":\"https:\/\/d2p6e6u75xmxt8.cloudfront.net\/12\/2025\/11\/image1.webp\",\"width\":1387,\"height\":930},{\"@type\":\"BreadcrumbList\",\"@id\":\"https:\/\/www.welovecycling.com\/hu\/orszaguti-kerekpar\/ez-tenyleg-rendhagyo-lesz-barcelonai-csapatidofutammal-indul-dupla-alpe-dhuez-kinzassal-zarul-a-2026-os-tour-de-france\/#breadcrumb\",\"itemListElement\":[{\"@type\":\"ListItem\",\"position\":1,\"name\":\"Home\",\"item\":\"https:\/\/www.welovecycling.com\/hu\/\"},{\"@type\":\"ListItem\",\"position\":2,\"name\":\"Ez t\u00e9nyleg rendhagy\u00f3 lesz: barcelonai csapatid\u0151futammal indul, dupla Alpe d\u2019Huez-k\u00ednz\u00e1ssal z\u00e1rul a 2026-os Tour de France!\"}]},{\"@type\":\"WebSite\",\"@id\":\"https:\/\/www.welovecycling.com\/hu\/#website\",\"url\":\"https:\/\/www.welovecycling.com\/hu\/\",\"name\":\"\u0160koda We Love Cycling - Magyarorsz\u00e1g\",\"description\":\"\u0160koda WeLoveCycling\",\"potentialAction\":[{\"@type\":\"SearchAction\",\"target\":{\"@type\":\"EntryPoint\",\"urlTemplate\":\"https:\/\/www.welovecycling.com\/hu\/?s={search_term_string}\"},\"query-input\":{\"@type\":\"PropertyValueSpecification\",\"valueRequired\":true,\"valueName\":\"search_term_string\"}}],\"inLanguage\":\"hu\"},{\"@type\":\"Person\",\"@id\":\"https:\/\/www.welovecycling.com\/hu\/#\/schema\/person\/414a2aebf1801691a5320edb6468e194\",\"name\":\"hegyizs\",\"image\":{\"@type\":\"ImageObject\",\"inLanguage\":\"hu\",\"@id\":\"https:\/\/www.welovecycling.com\/hu\/#\/schema\/person\/image\/\",\"url\":\"https:\/\/secure.gravatar.com\/avatar\/02cf8a7906b8cf90cecb4679defac7cfd33a1c2e3b88e4903d947f3bb58eedd3?s=96&d=mm&r=g\",\"contentUrl\":\"https:\/\/secure.gravatar.com\/avatar\/02cf8a7906b8cf90cecb4679defac7cfd33a1c2e3b88e4903d947f3bb58eedd3?s=96&d=mm&r=g\",\"caption\":\"hegyizs\"},\"url\":\"https:\/\/www.welovecycling.com\/hu\/author\/hegyizs\/\"}]}<\/script>\n<!-- \/ Yoast SEO Premium plugin. -->","yoast_head_json":{"title":"Ez t\u00e9nyleg rendhagy\u00f3 lesz: barcelonai csapatid\u0151futammal indul, dupla Alpe d\u2019Huez-k\u00ednz\u00e1ssal z\u00e1rul a 2026-os Tour de France!","description":"A dr\u00e1ma \u00e9s a szenved\u00e9ly versenyek\u00e9nt aposztrof\u00e1lj\u00e1k a j\u00f6v\u0151 \u00e9vi Tour-t a szervez\u0151k \u2013 a nem mindennapi \u00fatvonalat l\u00e1tva nem alaptalanul. A hegyi men\u0151k, Tadej Poga\u010dar \u00e9s Jonas Vingegaard el\u0151re d\u00f6rzs\u00f6lhetik a tenyer\u00fcket, \u00e9s h\u00e1tha Valter Attila is\u2026","robots":{"index":"index","follow":"follow","max-snippet":"max-snippet:-1","max-image-preview":"max-image-preview:large","max-video-preview":"max-video-preview:-1"},"canonical":"https:\/\/www.welovecycling.com\/hu\/orszaguti-kerekpar\/ez-tenyleg-rendhagyo-lesz-barcelonai-csapatidofutammal-indul-dupla-alpe-dhuez-kinzassal-zarul-a-2026-os-tour-de-france\/","og_locale":"hu_HU","og_type":"article","og_title":"Ez t\u00e9nyleg rendhagy\u00f3 lesz: barcelonai csapatid\u0151futammal indul, dupla Alpe d\u2019Huez-k\u00ednz\u00e1ssal z\u00e1rul a 2026-os Tour de France!","og_description":"A dr\u00e1ma \u00e9s a szenved\u00e9ly versenyek\u00e9nt aposztrof\u00e1lj\u00e1k a j\u00f6v\u0151 \u00e9vi Tour-t a szervez\u0151k \u2013 a nem mindennapi \u00fatvonalat l\u00e1tva nem alaptalanul. A hegyi men\u0151k, Tadej Poga\u010dar \u00e9s Jonas Vingegaard el\u0151re d\u00f6rzs\u00f6lhetik a tenyer\u00fcket, \u00e9s h\u00e1tha Valter Attila is\u2026","og_url":"https:\/\/www.welovecycling.com\/hu\/orszaguti-kerekpar\/ez-tenyleg-rendhagyo-lesz-barcelonai-csapatidofutammal-indul-dupla-alpe-dhuez-kinzassal-zarul-a-2026-os-tour-de-france\/","og_site_name":"\u0160koda We Love Cycling - Magyarorsz\u00e1g","article_publisher":"https:\/\/www.facebook.com\/WeLoveCyclingHungary\/","article_published_time":"2025-11-03T13:15:53+00:00","og_image":[{"width":1387,"height":930,"url":"https:\/\/d2p6e6u75xmxt8.cloudfront.net\/12\/2025\/11\/image1.webp","type":"image\/webp"}],"author":"hegyizs","twitter_card":"summary_large_image","twitter_misc":{"Written by":"WLC","Est. reading time":"3 minutes"},"schema":{"@context":"https:\/\/schema.org","@graph":[{"@type":"WebPage","@id":"https:\/\/www.welovecycling.com\/hu\/orszaguti-kerekpar\/ez-tenyleg-rendhagyo-lesz-barcelonai-csapatidofutammal-indul-dupla-alpe-dhuez-kinzassal-zarul-a-2026-os-tour-de-france\/","url":"https:\/\/www.welovecycling.com\/hu\/orszaguti-kerekpar\/ez-tenyleg-rendhagyo-lesz-barcelonai-csapatidofutammal-indul-dupla-alpe-dhuez-kinzassal-zarul-a-2026-os-tour-de-france\/","name":"Ez t\u00e9nyleg rendhagy\u00f3 lesz: barcelonai csapatid\u0151futammal indul, dupla Alpe d\u2019Huez-k\u00ednz\u00e1ssal z\u00e1rul a 2026-os Tour de France!","isPartOf":{"@id":"https:\/\/www.welovecycling.com\/hu\/#website"},"primaryImageOfPage":{"@id":"https:\/\/www.welovecycling.com\/hu\/orszaguti-kerekpar\/ez-tenyleg-rendhagyo-lesz-barcelonai-csapatidofutammal-indul-dupla-alpe-dhuez-kinzassal-zarul-a-2026-os-tour-de-france\/#primaryimage"},"image":{"@id":"https:\/\/www.welovecycling.com\/hu\/orszaguti-kerekpar\/ez-tenyleg-rendhagyo-lesz-barcelonai-csapatidofutammal-indul-dupla-alpe-dhuez-kinzassal-zarul-a-2026-os-tour-de-france\/#primaryimage"},"thumbnailUrl":"https:\/\/d2p6e6u75xmxt8.cloudfront.net\/12\/2025\/11\/image1.webp","datePublished":"2025-11-03T13:15:53+00:00","author":{"@id":"https:\/\/www.welovecycling.com\/hu\/#\/schema\/person\/414a2aebf1801691a5320edb6468e194"},"description":"A dr\u00e1ma \u00e9s a szenved\u00e9ly versenyek\u00e9nt aposztrof\u00e1lj\u00e1k a j\u00f6v\u0151 \u00e9vi Tour-t a szervez\u0151k \u2013 a nem mindennapi \u00fatvonalat l\u00e1tva nem alaptalanul. A hegyi men\u0151k, Tadej Poga\u010dar \u00e9s Jonas Vingegaard el\u0151re d\u00f6rzs\u00f6lhetik a tenyer\u00fcket, \u00e9s h\u00e1tha Valter Attila is\u2026","breadcrumb":{"@id":"https:\/\/www.welovecycling.com\/hu\/orszaguti-kerekpar\/ez-tenyleg-rendhagyo-lesz-barcelonai-csapatidofutammal-indul-dupla-alpe-dhuez-kinzassal-zarul-a-2026-os-tour-de-france\/#breadcrumb"},"inLanguage":"hu","potentialAction":[{"@type":"ReadAction","target":["https:\/\/www.welovecycling.com\/hu\/orszaguti-kerekpar\/ez-tenyleg-rendhagyo-lesz-barcelonai-csapatidofutammal-indul-dupla-alpe-dhuez-kinzassal-zarul-a-2026-os-tour-de-france\/"]}]},{"@type":"ImageObject","inLanguage":"hu","@id":"https:\/\/www.welovecycling.com\/hu\/orszaguti-kerekpar\/ez-tenyleg-rendhagyo-lesz-barcelonai-csapatidofutammal-indul-dupla-alpe-dhuez-kinzassal-zarul-a-2026-os-tour-de-france\/#primaryimage","url":"https:\/\/d2p6e6u75xmxt8.cloudfront.net\/12\/2025\/11\/image1.webp","contentUrl":"https:\/\/d2p6e6u75xmxt8.cloudfront.net\/12\/2025\/11\/image1.webp","width":1387,"height":930},{"@type":"BreadcrumbList","@id":"https:\/\/www.welovecycling.com\/hu\/orszaguti-kerekpar\/ez-tenyleg-rendhagyo-lesz-barcelonai-csapatidofutammal-indul-dupla-alpe-dhuez-kinzassal-zarul-a-2026-os-tour-de-france\/#breadcrumb","itemListElement":[{"@type":"ListItem","position":1,"name":"Home","item":"https:\/\/www.welovecycling.com\/hu\/"},{"@type":"ListItem","position":2,"name":"Ez t\u00e9nyleg rendhagy\u00f3 lesz: barcelonai csapatid\u0151futammal indul, dupla Alpe d\u2019Huez-k\u00ednz\u00e1ssal z\u00e1rul a 2026-os Tour de France!"}]},{"@type":"WebSite","@id":"https:\/\/www.welovecycling.com\/hu\/#website","url":"https:\/\/www.welovecycling.com\/hu\/","name":"\u0160koda We Love Cycling - Magyarorsz\u00e1g","description":"\u0160koda WeLoveCycling","potentialAction":[{"@type":"SearchAction","target":{"@type":"EntryPoint","urlTemplate":"https:\/\/www.welovecycling.com\/hu\/?s={search_term_string}"},"query-input":{"@type":"PropertyValueSpecification","valueRequired":true,"valueName":"search_term_string"}}],"inLanguage":"hu"},{"@type":"Person","@id":"https:\/\/www.welovecycling.com\/hu\/#\/schema\/person\/414a2aebf1801691a5320edb6468e194","name":"hegyizs","image":{"@type":"ImageObject","inLanguage":"hu","@id":"https:\/\/www.welovecycling.com\/hu\/#\/schema\/person\/image\/","url":"https:\/\/secure.gravatar.com\/avatar\/02cf8a7906b8cf90cecb4679defac7cfd33a1c2e3b88e4903d947f3bb58eedd3?s=96&d=mm&r=g","contentUrl":"https:\/\/secure.gravatar.com\/avatar\/02cf8a7906b8cf90cecb4679defac7cfd33a1c2e3b88e4903d947f3bb58eedd3?s=96&d=mm&r=g","caption":"hegyizs"},"url":"https:\/\/www.welovecycling.com\/hu\/author\/hegyizs\/"}]}},"_links":{"self":[{"href":"https:\/\/www.welovecycling.com\/hu\/wp-json\/wp\/v2\/posts\/19360","targetHints":{"allow":["GET"]}}],"collection":[{"href":"https:\/\/www.welovecycling.com\/hu\/wp-json\/wp\/v2\/posts"}],"about":[{"href":"https:\/\/www.welovecycling.com\/hu\/wp-json\/wp\/v2\/types\/post"}],"author":[{"embeddable":true,"href":"https:\/\/www.welovecycling.com\/hu\/wp-json\/wp\/v2\/users\/71"}],"replies":[{"embeddable":true,"href":"https:\/\/www.welovecycling.com\/hu\/wp-json\/wp\/v2\/comments?post=19360"}],"version-history":[{"count":1,"href":"https:\/\/www.welovecycling.com\/hu\/wp-json\/wp\/v2\/posts\/19360\/revisions"}],"predecessor-version":[{"id":19365,"href":"https:\/\/www.welovecycling.com\/hu\/wp-json\/wp\/v2\/posts\/19360\/revisions\/19365"}],"wp:featuredmedia":[{"embeddable":true,"href":"https:\/\/www.welovecycling.com\/hu\/wp-json\/wp\/v2\/media\/19361"}],"wp:attachment":[{"href":"https:\/\/www.welovecycling.com\/hu\/wp-json\/wp\/v2\/media?parent=19360"}],"wp:term":[{"taxonomy":"category","embeddable":true,"href":"https:\/\/www.welovecycling.com\/hu\/wp-json\/wp\/v2\/categories?post=19360"},{"taxonomy":"post_tag","embeddable":true,"href":"https:\/\/www.welovecycling.com\/hu\/wp-json\/wp\/v2\/tags?post=19360"},{"taxonomy":"global-categories","embeddable":true,"href":"https:\/\/www.welovecycling.com\/hu\/wp-json\/wp\/v2\/global-categories?post=19360"}],"curies":[{"name":"wp","href":"https:\/\/api.w.org\/{rel}","templated":true}]}}