{"id":19356,"date":"2025-11-12T08:00:19","date_gmt":"2025-11-12T06:00:19","guid":{"rendered":"https:\/\/www.welovecycling.com\/hu\/?p=19356"},"modified":"2025-10-30T17:08:01","modified_gmt":"2025-10-30T15:08:01","slug":"tour-de-france-2026-alpesi-csatak-es-feszult-verseny-az-elejetol-a-vegeig","status":"publish","type":"post","link":"https:\/\/www.welovecycling.com\/hu\/orszaguti-kerekpar\/tour-de-france-2026-alpesi-csatak-es-feszult-verseny-az-elejetol-a-vegeig\/","title":{"rendered":"Tour de France 2026: alpesi csat\u00e1k \u00e9s fesz\u00fclt verseny, az elej\u00e9t\u0151l a v\u00e9g\u00e9ig"},"content":{"rendered":"<p style=\"font-weight: 400;\"><b>A 113. Tour de France 2026. j\u00falius 4. \u00e9s 26. k\u00f6z\u00f6tt zajlik majd. A verseny Barcelon\u00e1b\u00f3l rajtol, azonnal belev\u00e1g a Pireneusok k\u00f6zep\u00e9be, kereszt\u00fclszeli K\u00f6z\u00e9p-Franciaorsz\u00e1g hegyeit, majd egy l\u00e1tv\u00e1nyos alpesi fin\u00e1l\u00e9val z\u00e1rul, miel\u0151tt sor ker\u00fcl a hagyom\u00e1nyos p\u00e1rizsi befut\u00f3ra.<\/b><\/p>\n<p><!--more--><\/p>\n<p style=\"font-weight: 400;\"><span style=\"font-weight: 400;\">Ez\u00fattal nem kell az Alpok emelked\u0151ire v\u00e1rni az izgalmak\u00e9rt \u2013 m\u00e1r az els\u0151 napt\u00f3l agressz\u00edv versenyre, \u00fcgyes taktik\u00e1kra \u00e9s embertpr\u00f3b\u00e1l\u00f3 kih\u00edv\u00e1sokra sz\u00e1m\u00edthatunk.<\/span><\/p>\n<h2><b>Mer\u00e9sz barcelonai rajt<\/b><\/h2>\n<p><span style=\"font-weight: 400;\">El\u0151sz\u00f6r a t\u00f6rt\u00e9nelemben a Tour Barcelon\u00e1b\u00f3l indul \u2013 a v\u00e1ros eddig h\u00e1romszor volt szakaszhelysz\u00edn (1957, 1965, 2009), de m\u00e9g sosem adott otthont a rajtnak. A Grand D\u00e9part h\u00e1rom karakteres, d\u00f6nt\u0151 fontoss\u00e1g\u00fa napb\u00f3l \u00e1ll majd Katal\u00f3ni\u00e1ban:<\/span><\/p>\n<h4><b>1. szakasz \u2013 Csapatid\u0151futam, 19,7 km (Barcelona \u2192 Barcelona)<\/b><\/h4>\n<p><span style=\"font-weight: 400;\">Egy r\u00f6vid, technik\u00e1s k\u00f6rp\u00e1lya a v\u00e1rosban, amely felkapaszkodik a Montju\u00efc-dombra, az egykori Forma\u20131-es helysz\u00ednre, mely az 1992-es olimpiai komplexumnak is otthont adott.<\/span><\/p>\n<p><span style=\"font-weight: 400;\">Ez az els\u0151 nyit\u00f3 TTT 1971 \u00f3ta, \u00e9s komoly k\u00f6vetkezm\u00e9nyekkel j\u00e1rhat: a Visma\u2013Lease a Bike, az UAE Team Emirates vagy az INEOS Grenadiers m\u00e1r itt komoly id\u0151h\u00e1tr\u00e1nyokat szenvedhet az \u00f6sszetettben.<\/span><\/p>\n<h4><b>2. szakasz \u2013 Tarragona \u2192 Barcelona (~178 km)<\/b><\/h4>\n<p><span style=\"font-weight: 400;\">Fest\u0151i, tengerparti szakasz \u00e9szak fel\u00e9, ahol az oldalsz\u00e9l ak\u00e1r sz\u00e9t is szak\u00edthatja a mez\u0151nyt. Egy kisebb csoportos sprint vagy egy k\u00e9s\u0151i t\u00e1mad\u00e1s d\u00f6nthet majd, ahogy a versenyz\u0151k \u00fajra c\u00e9lba veszik a Montju\u00efc-dombot.<\/span><\/p>\n<h4><b>3. szakasz \u2013 Granollers \u2192 Les Angles (Pireneusok)<\/b><\/h4>\n<p><span style=\"font-weight: 400;\">A harmadik napon m\u00e1ris magaslati leveg\u0151t sz\u00edvhatnak a versenyz\u0151k. A 1600 m\u00e9teren fekv\u0151 Les Angles nem extr\u00e9m, de el\u00e9g hossz\u00fa ahhoz, hogy a m\u00e9g j\u00f3 form\u00e1ban nekiindul\u00f3 kerekeseket is megrost\u00e1lja. Az es\u00e9lyesek m\u00e1r itt elkezdhetik m\u00e9ricsk\u00e9lni egym\u00e1st.<\/span><\/p>\n<p><span style=\"font-weight: 400;\">Nem egy egyszer\u0171 nyit\u00f3blokk \u2013 semmi \u201evihar el\u0151tti csend\u201d. Egyb\u0151l a k\u00f6zep\u00e9be csapunk!<\/span><\/p>\n<blockquote class=\"instagram-media\" style=\"background: #FFF; border: 0; border-radius: 3px; box-shadow: 0 0 1px 0 rgba(0,0,0,0.5),0 1px 10px 0 rgba(0,0,0,0.15); margin: 1px; max-width: 540px; min-width: 326px; padding: 0; width: calc(100% - 2px);\" data-instgrm-captioned=\"\" data-instgrm-permalink=\"https:\/\/www.instagram.com\/p\/DQJoUa_CHop\/?utm_source=ig_embed&amp;utm_campaign=loading\" data-instgrm-version=\"14\">\n<div style=\"padding: 16px;\">\n<p>&nbsp;<\/p>\n<div style=\"display: flex; flex-direction: row; align-items: center;\">\n<div style=\"background-color: #f4f4f4; border-radius: 50%; flex-grow: 0; height: 40px; margin-right: 14px; width: 40px;\"><\/div>\n<div style=\"display: flex; flex-direction: column; flex-grow: 1; justify-content: center;\">\n<div style=\"background-color: #f4f4f4; border-radius: 4px; flex-grow: 0; height: 14px; margin-bottom: 6px; width: 100px;\"><\/div>\n<div style=\"background-color: #f4f4f4; border-radius: 4px; flex-grow: 0; height: 14px; width: 60px;\"><\/div>\n<\/div>\n<\/div>\n<div style=\"padding: 19% 0;\"><\/div>\n<div style=\"display: block; height: 50px; margin: 0 auto 12px; width: 50px;\"><\/div>\n<div style=\"padding-top: 8px;\">\n<div style=\"color: #3897f0; font-family: Arial,sans-serif; font-size: 14px; font-style: normal; font-weight: 550; line-height: 18px;\">Zobrazit p\u0159\u00edsp\u011bvek na Instagramu<\/div>\n<\/div>\n<div style=\"padding: 12.5% 0;\"><\/div>\n<div style=\"display: flex; flex-direction: row; margin-bottom: 14px; align-items: center;\">\n<div>\n<div style=\"background-color: #f4f4f4; border-radius: 50%; height: 12.5px; width: 12.5px; transform: translateX(0px) translateY(7px);\"><\/div>\n<div style=\"background-color: #f4f4f4; height: 12.5px; transform: rotate(-45deg) translateX(3px) translateY(1px); width: 12.5px; flex-grow: 0; margin-right: 14px; margin-left: 2px;\"><\/div>\n<div style=\"background-color: #f4f4f4; border-radius: 50%; height: 12.5px; width: 12.5px; transform: translateX(9px) translateY(-18px);\"><\/div>\n<\/div>\n<div style=\"margin-left: 8px;\">\n<div style=\"background-color: #f4f4f4; border-radius: 50%; flex-grow: 0; height: 20px; width: 20px;\"><\/div>\n<div style=\"width: 0; height: 0; border-top: 2px solid transparent; border-left: 6px solid #f4f4f4; border-bottom: 2px solid transparent; transform: translateX(16px) translateY(-4px) rotate(30deg);\"><\/div>\n<\/div>\n<div style=\"margin-left: auto;\">\n<div style=\"width: 0px; border-top: 8px solid #F4F4F4; border-right: 8px solid transparent; transform: translateY(16px);\"><\/div>\n<div style=\"background-color: #f4f4f4; flex-grow: 0; height: 12px; width: 16px; transform: translateY(-4px);\"><\/div>\n<div style=\"width: 0; height: 0; border-top: 8px solid #F4F4F4; border-left: 8px solid transparent; transform: translateY(-4px) translateX(8px);\"><\/div>\n<\/div>\n<\/div>\n<div style=\"display: flex; flex-direction: column; flex-grow: 1; justify-content: center; margin-bottom: 24px;\">\n<div style=\"background-color: #f4f4f4; border-radius: 4px; flex-grow: 0; height: 14px; margin-bottom: 6px; width: 224px;\"><\/div>\n<div style=\"background-color: #f4f4f4; border-radius: 4px; flex-grow: 0; height: 14px; width: 144px;\"><\/div>\n<\/div>\n<p>&nbsp;<\/p>\n<p style=\"color: #c9c8cd; font-family: Arial,sans-serif; font-size: 14px; line-height: 17px; margin-bottom: 0; margin-top: 8px; overflow: hidden; padding: 8px 0 7px; text-align: center; text-overflow: ellipsis; white-space: nowrap;\"><a style=\"color: #c9c8cd; font-family: Arial,sans-serif; font-size: 14px; font-style: normal; font-weight: normal; line-height: 17px; text-decoration: none;\" href=\"https:\/\/www.instagram.com\/p\/DQJoUa_CHop\/?utm_source=ig_embed&amp;utm_campaign=loading\" target=\"_blank\" rel=\"noopener\">P\u0159\u00edsp\u011bvek sd\u00edlen\u00fd Tour de France\u2122 (@letourdefrance)<\/a><\/p>\n<\/div>\n<\/blockquote>\n<h2><script async src=\"\/\/www.instagram.com\/embed.js\"><\/script><b>\u00c1t Franciaorsz\u00e1gon<\/b><\/h2>\n<p><span style=\"font-weight: 400;\">A mez\u0151ny a hat\u00e1rt \u00e1tl\u00e9pve \u00e1tl\u00f3san szeli \u00e1t az orsz\u00e1got, minden jelent\u0151s hegys\u00e9get \u00e9rintve, miel\u0151tt az Alpokba \u00e9rkezne.<\/span><\/p>\n<p><b>Az els\u0151 h\u00e9t<\/b><span style=\"font-weight: 400;\"> a Pireneusok m\u00e9ly\u00e9n, Gavarnie-G\u00e8dre magashegyi befut\u00f3j\u00e1val z\u00e1rul \u2013 ez kedvezhet a j\u00f3 m\u00e1sz\u00f3knak, mint amilyen Landa, Rodr\u00edguez vagy Caruso.<\/span><\/p>\n<p><b>A m\u00e1sodik h\u00e9ten<\/b><span style=\"font-weight: 400;\"> a Massif Central hull\u00e1mz\u00f3, napf\u00e9nyes, szeles \u00fatjai v\u00e1rj\u00e1k a mez\u0151nyt \u2013 itt a v\u00e9rbeli sz\u00f6kev\u00e9nyek, p\u00e9ld\u00e1ul Mohori\u010d vagy Magnus Cort ker\u00fclhetnek el\u0151t\u00e9rbe.<\/span><\/p>\n<p><span style=\"font-weight: 400;\">A Vosges-hegys\u00e9g r\u00f6videbb, robban\u00e9kony emelked\u0151i pedig olyan versenyz\u0151knek kedveznek, mint Pidcock, Alaphilippe vagy Skjelmose.<\/span><\/p>\n<p><span style=\"font-weight: 400;\">\u00dajdons\u00e1g a <\/span><b>Plateau de Solaison<\/b><span style=\"font-weight: 400;\">, amely el\u0151sz\u00f6r szerepel a Tour-on \u2013 ez egy \u00e1tlag 9%-os emelked\u0151, ami ak\u00e1r m\u00e1r az Alpok el\u0151tt \u00e1trendezheti a sorrendet.<\/span><\/p>\n<blockquote class=\"instagram-media\" style=\"background: #FFF; border: 0; border-radius: 3px; box-shadow: 0 0 1px 0 rgba(0,0,0,0.5),0 1px 10px 0 rgba(0,0,0,0.15); margin: 1px; max-width: 540px; min-width: 326px; padding: 0; width: calc(100% - 2px);\" data-instgrm-captioned=\"\" data-instgrm-permalink=\"https:\/\/www.instagram.com\/p\/DQJqMKbCN1K\/?utm_source=ig_embed&amp;utm_campaign=loading\" data-instgrm-version=\"14\">\n<div style=\"padding: 16px;\">\n<p>&nbsp;<\/p>\n<div style=\"display: flex; flex-direction: row; align-items: center;\">\n<div style=\"background-color: #f4f4f4; border-radius: 50%; flex-grow: 0; height: 40px; margin-right: 14px; width: 40px;\"><\/div>\n<div style=\"display: flex; flex-direction: column; flex-grow: 1; justify-content: center;\">\n<div style=\"background-color: #f4f4f4; border-radius: 4px; flex-grow: 0; height: 14px; margin-bottom: 6px; width: 100px;\"><\/div>\n<div style=\"background-color: #f4f4f4; border-radius: 4px; flex-grow: 0; height: 14px; width: 60px;\"><\/div>\n<\/div>\n<\/div>\n<div style=\"padding: 19% 0;\"><\/div>\n<div style=\"display: block; height: 50px; margin: 0 auto 12px; width: 50px;\"><\/div>\n<div style=\"padding-top: 8px;\">\n<div style=\"color: #3897f0; font-family: Arial,sans-serif; font-size: 14px; font-style: normal; font-weight: 550; line-height: 18px;\">Zobrazit p\u0159\u00edsp\u011bvek na Instagramu<\/div>\n<\/div>\n<div style=\"padding: 12.5% 0;\"><\/div>\n<div style=\"display: flex; flex-direction: row; margin-bottom: 14px; align-items: center;\">\n<div>\n<div style=\"background-color: #f4f4f4; border-radius: 50%; height: 12.5px; width: 12.5px; transform: translateX(0px) translateY(7px);\"><\/div>\n<div style=\"background-color: #f4f4f4; height: 12.5px; transform: rotate(-45deg) translateX(3px) translateY(1px); width: 12.5px; flex-grow: 0; margin-right: 14px; margin-left: 2px;\"><\/div>\n<div style=\"background-color: #f4f4f4; border-radius: 50%; height: 12.5px; width: 12.5px; transform: translateX(9px) translateY(-18px);\"><\/div>\n<\/div>\n<div style=\"margin-left: 8px;\">\n<div style=\"background-color: #f4f4f4; border-radius: 50%; flex-grow: 0; height: 20px; width: 20px;\"><\/div>\n<div style=\"width: 0; height: 0; border-top: 2px solid transparent; border-left: 6px solid #f4f4f4; border-bottom: 2px solid transparent; transform: translateX(16px) translateY(-4px) rotate(30deg);\"><\/div>\n<\/div>\n<div style=\"margin-left: auto;\">\n<div style=\"width: 0px; border-top: 8px solid #F4F4F4; border-right: 8px solid transparent; transform: translateY(16px);\"><\/div>\n<div style=\"background-color: #f4f4f4; flex-grow: 0; height: 12px; width: 16px; transform: translateY(-4px);\"><\/div>\n<div style=\"width: 0; height: 0; border-top: 8px solid #F4F4F4; border-left: 8px solid transparent; transform: translateY(-4px) translateX(8px);\"><\/div>\n<\/div>\n<\/div>\n<div style=\"display: flex; flex-direction: column; flex-grow: 1; justify-content: center; margin-bottom: 24px;\">\n<div style=\"background-color: #f4f4f4; border-radius: 4px; flex-grow: 0; height: 14px; margin-bottom: 6px; width: 224px;\"><\/div>\n<div style=\"background-color: #f4f4f4; border-radius: 4px; flex-grow: 0; height: 14px; width: 144px;\"><\/div>\n<\/div>\n<p>&nbsp;<\/p>\n<p style=\"color: #c9c8cd; font-family: Arial,sans-serif; font-size: 14px; line-height: 17px; margin-bottom: 0; margin-top: 8px; overflow: hidden; padding: 8px 0 7px; text-align: center; text-overflow: ellipsis; white-space: nowrap;\"><a style=\"color: #c9c8cd; font-family: Arial,sans-serif; font-size: 14px; font-style: normal; font-weight: normal; line-height: 17px; text-decoration: none;\" href=\"https:\/\/www.instagram.com\/p\/DQJqMKbCN1K\/?utm_source=ig_embed&amp;utm_campaign=loading\" target=\"_blank\" rel=\"noopener\">P\u0159\u00edsp\u011bvek sd\u00edlen\u00fd Tour de France\u2122 (@letourdefrance)<\/a><\/p>\n<\/div>\n<\/blockquote>\n<p><script async src=\"\/\/www.instagram.com\/embed.js\"><\/script><\/p>\n<h2 style=\"font-weight: 400;\"><b>Id\u0151futamok<\/b><\/h2>\n<p><span style=\"font-weight: 400;\">A 2026-os verseny sor\u00e1n k\u00e9t id\u0151futam v\u00e1r a mez\u0151nyre:<\/span><\/p>\n<ul>\n<li style=\"font-weight: 400;\" aria-level=\"1\"><span style=\"font-weight: 400;\">az els\u0151, a barcelonai csapatid\u0151futam,<\/span><span style=\"font-weight: 400;\"><br \/>\n<\/span><\/li>\n<li style=\"font-weight: 400;\" aria-level=\"1\"><span style=\"font-weight: 400;\">a m\u00e1sodik, egy egy\u00e9ni id\u0151futam a Genfi-t\u00f3 k\u00f6rny\u00e9k\u00e9n.<\/span><\/li>\n<\/ul>\n<p><span style=\"font-weight: 400;\">A kb. 35 km-es, dombos z\u00e1r\u00f3 id\u0151futam ak\u00e1r d\u00f6nt\u0151 jelent\u0151s\u00e9g\u0171 is lehet. Egy fegyelmezett strat\u00e9ga, mint amilyen Poga\u010dar vagy Evenepoel, perceket nyerhet ezen az etapon.<\/span><\/p>\n<h2><b>Az alpesi duplafordul\u00f3<\/b><\/h2>\n<p><span style=\"font-weight: 400;\">A szervez\u0151k a legnagyobb show-t azonban a verseny v\u00e9g\u00e9re tartogatj\u00e1k.<\/span><\/p>\n<h4><b>19. szakasz \u2013 Gap \u2192 Alpe d\u2019Huez<\/b><\/h4>\n<p><span style=\"font-weight: 400;\">Hossz\u00fa, fokozatosan emelked\u0151 etap, amely az ikonikus 21 hajt\u0171kanyarb\u00f3l \u00e1ll\u00f3 szakasszal z\u00e1rul. Itt azt\u00e1n b\u00e1rmi megt\u00f6rt\u00e9nhet!<\/span><\/p>\n<h4><b>20. szakasz \u2013 Bourg d\u2019Oisans \u2192 Alpe d\u2019Huez (Croix de Fer, T\u00e9l\u00e9graphe, Galibier \u00e9rint\u00e9s\u00e9vel)<\/b><\/h4>\n<p><span style=\"font-weight: 400;\">Az igazi kir\u00e1lyetap: k\u00f6zel 5000 m\u00e9ter szintemelked\u00e9s, dupl\u00e1z\u00e1s az Alpe d\u2019Huez-en, a Sarenne-h\u00e1g\u00f3n \u00e1t. M\u00e9g sosem volt ez a hegycs\u00facs ilyen kegyetlen taktika r\u00e9sze \u2013 f\u00f6ldrajzi \u00e9s fizikai \u00e9rtelemben is.<\/span><\/p>\n<p><span style=\"font-weight: 400;\">A s\u00e1rga trik\u00f3 sorsa szinte biztosan itt d\u0151l majd el.<\/span><\/p>\n<blockquote class=\"instagram-media\" style=\"background: #FFF; border: 0; border-radius: 3px; box-shadow: 0 0 1px 0 rgba(0,0,0,0.5),0 1px 10px 0 rgba(0,0,0,0.15); margin: 1px; max-width: 540px; min-width: 326px; padding: 0; width: calc(100% - 2px);\" data-instgrm-captioned=\"\" data-instgrm-permalink=\"https:\/\/www.instagram.com\/p\/DQJqRvWiG5F\/?utm_source=ig_embed&amp;utm_campaign=loading\" data-instgrm-version=\"14\">\n<div style=\"padding: 16px;\">\n<p>&nbsp;<\/p>\n<div style=\"display: flex; flex-direction: row; align-items: center;\">\n<div style=\"background-color: #f4f4f4; border-radius: 50%; flex-grow: 0; height: 40px; margin-right: 14px; width: 40px;\"><\/div>\n<div style=\"display: flex; flex-direction: column; flex-grow: 1; justify-content: center;\">\n<div style=\"background-color: #f4f4f4; border-radius: 4px; flex-grow: 0; height: 14px; margin-bottom: 6px; width: 100px;\"><\/div>\n<div style=\"background-color: #f4f4f4; border-radius: 4px; flex-grow: 0; height: 14px; width: 60px;\"><\/div>\n<\/div>\n<\/div>\n<div style=\"padding: 19% 0;\"><\/div>\n<div style=\"display: block; height: 50px; margin: 0 auto 12px; width: 50px;\"><\/div>\n<div style=\"padding-top: 8px;\">\n<div style=\"color: #3897f0; font-family: Arial,sans-serif; font-size: 14px; font-style: normal; font-weight: 550; line-height: 18px;\">Zobrazit p\u0159\u00edsp\u011bvek na Instagramu<\/div>\n<\/div>\n<div style=\"padding: 12.5% 0;\"><\/div>\n<div style=\"display: flex; flex-direction: row; margin-bottom: 14px; align-items: center;\">\n<div>\n<div style=\"background-color: #f4f4f4; border-radius: 50%; height: 12.5px; width: 12.5px; transform: translateX(0px) translateY(7px);\"><\/div>\n<div style=\"background-color: #f4f4f4; height: 12.5px; transform: rotate(-45deg) translateX(3px) translateY(1px); width: 12.5px; flex-grow: 0; margin-right: 14px; margin-left: 2px;\"><\/div>\n<div style=\"background-color: #f4f4f4; border-radius: 50%; height: 12.5px; width: 12.5px; transform: translateX(9px) translateY(-18px);\"><\/div>\n<\/div>\n<div style=\"margin-left: 8px;\">\n<div style=\"background-color: #f4f4f4; border-radius: 50%; flex-grow: 0; height: 20px; width: 20px;\"><\/div>\n<div style=\"width: 0; height: 0; border-top: 2px solid transparent; border-left: 6px solid #f4f4f4; border-bottom: 2px solid transparent; transform: translateX(16px) translateY(-4px) rotate(30deg);\"><\/div>\n<\/div>\n<div style=\"margin-left: auto;\">\n<div style=\"width: 0px; border-top: 8px solid #F4F4F4; border-right: 8px solid transparent; transform: translateY(16px);\"><\/div>\n<div style=\"background-color: #f4f4f4; flex-grow: 0; height: 12px; width: 16px; transform: translateY(-4px);\"><\/div>\n<div style=\"width: 0; height: 0; border-top: 8px solid #F4F4F4; border-left: 8px solid transparent; transform: translateY(-4px) translateX(8px);\"><\/div>\n<\/div>\n<\/div>\n<div style=\"display: flex; flex-direction: column; flex-grow: 1; justify-content: center; margin-bottom: 24px;\">\n<div style=\"background-color: #f4f4f4; border-radius: 4px; flex-grow: 0; height: 14px; margin-bottom: 6px; width: 224px;\"><\/div>\n<div style=\"background-color: #f4f4f4; border-radius: 4px; flex-grow: 0; height: 14px; width: 144px;\"><\/div>\n<\/div>\n<p>&nbsp;<\/p>\n<p style=\"color: #c9c8cd; font-family: Arial,sans-serif; font-size: 14px; line-height: 17px; margin-bottom: 0; margin-top: 8px; overflow: hidden; padding: 8px 0 7px; text-align: center; text-overflow: ellipsis; white-space: nowrap;\"><a style=\"color: #c9c8cd; font-family: Arial,sans-serif; font-size: 14px; font-style: normal; font-weight: normal; line-height: 17px; text-decoration: none;\" href=\"https:\/\/www.instagram.com\/p\/DQJqRvWiG5F\/?utm_source=ig_embed&amp;utm_campaign=loading\" target=\"_blank\" rel=\"noopener\">P\u0159\u00edsp\u011bvek sd\u00edlen\u00fd Tour de France\u2122 (@letourdefrance)<\/a><\/p>\n<\/div>\n<\/blockquote>\n<h2><script async src=\"\/\/www.instagram.com\/embed.js\"><\/script><b>Vissza P\u00e1rizsba<\/b><\/h2>\n<p style=\"font-weight: 400;\"><span style=\"font-weight: 400;\">A z\u00e1r\u00f3 szakasz a hagyom\u00e1nyos p\u00e1rizsi sprinthajr\u00e1t hozza, de lesz benne egy kis csavar: visszat\u00e9r a <\/span><b>Montmartre-k\u00f6r<\/b><span style=\"font-weight: 400;\">, macskak\u00f6veivel \u00e9s k\u00e9peslapra ill\u0151 l\u00e1tv\u00e1ny\u00e1val. A meredek befut\u00f3 kedvezhet a robban\u00e9kony sprintereknek: Philipsen, Pedersen, Jakobsen, esetleg Girmay szerezhetnek itt el\u0151nyt.<\/span><\/p>\n<h2><b>Kiknek kedvez az \u00fatvonal?<\/b><\/h2>\n<ul>\n<li><b>Tadej Poga\u010dar<\/b><span style=\"font-weight: 400;\"> sz\u00e1m\u00e1ra t\u00f6k\u00e9letes: korai hegyek, k\u00e9s\u0151i id\u0151futam, t\u00f6bb hegyi befut\u00f3.<\/span><span style=\"font-weight: 400;\"><br \/>\n<\/span><\/li>\n<li><b>Jonas Vingegaard<\/b><span style=\"font-weight: 400;\"> im\u00e1dni fogja a Galibier-t, de a csapatid\u0151futamon h\u00e1tr\u00e1nyba ker\u00fclhet.<\/span><span style=\"font-weight: 400;\"><br \/>\n<\/span><\/li>\n<li><b>Remco Evenepoel,<\/b><span style=\"font-weight: 400;\"> ha t\u00fal\u00e9li az Alpok pokl\u00e1t, az id\u0151futamokban brill\u00edrozhat.<\/span><span style=\"font-weight: 400;\"><br \/>\n<\/span><\/li>\n<li><b>Carlos Rodr\u00edguez \u00e9s Juan Ayuso<\/b><span style=\"font-weight: 400;\"> mindketten j\u00f3l b\u00edrj\u00e1k a meleget \u00e9s a k\u00f6z\u00e9phegys\u00e9geket.<\/span><span style=\"font-weight: 400;\"><br \/>\n<\/span><\/li>\n<\/ul>\n<blockquote class=\"instagram-media\" style=\"background: #FFF; border: 0; border-radius: 3px; box-shadow: 0 0 1px 0 rgba(0,0,0,0.5),0 1px 10px 0 rgba(0,0,0,0.15); margin: 1px; max-width: 540px; min-width: 326px; padding: 0; width: calc(100% - 2px);\" data-instgrm-captioned=\"\" data-instgrm-permalink=\"https:\/\/www.instagram.com\/reel\/DQJUun8iGfN\/?utm_source=ig_embed&amp;utm_campaign=loading\" data-instgrm-version=\"14\">\n<div style=\"padding: 16px;\">\n<p>&nbsp;<\/p>\n<div style=\"display: flex; flex-direction: row; align-items: center;\">\n<div style=\"background-color: #f4f4f4; border-radius: 50%; flex-grow: 0; height: 40px; margin-right: 14px; width: 40px;\"><\/div>\n<div style=\"display: flex; flex-direction: column; flex-grow: 1; justify-content: center;\">\n<div style=\"background-color: #f4f4f4; border-radius: 4px; flex-grow: 0; height: 14px; margin-bottom: 6px; width: 100px;\"><\/div>\n<div style=\"background-color: #f4f4f4; border-radius: 4px; flex-grow: 0; height: 14px; width: 60px;\"><\/div>\n<\/div>\n<\/div>\n<div style=\"padding: 19% 0;\"><\/div>\n<div style=\"display: block; height: 50px; margin: 0 auto 12px; width: 50px;\"><\/div>\n<div style=\"padding-top: 8px;\">\n<div style=\"color: #3897f0; font-family: Arial,sans-serif; font-size: 14px; font-style: normal; font-weight: 550; line-height: 18px;\">Zobrazit p\u0159\u00edsp\u011bvek na Instagramu<\/div>\n<\/div>\n<div style=\"padding: 12.5% 0;\"><\/div>\n<div style=\"display: flex; flex-direction: row; margin-bottom: 14px; align-items: center;\">\n<div>\n<div style=\"background-color: #f4f4f4; border-radius: 50%; height: 12.5px; width: 12.5px; transform: translateX(0px) translateY(7px);\"><\/div>\n<div style=\"background-color: #f4f4f4; height: 12.5px; transform: rotate(-45deg) translateX(3px) translateY(1px); width: 12.5px; flex-grow: 0; margin-right: 14px; margin-left: 2px;\"><\/div>\n<div style=\"background-color: #f4f4f4; border-radius: 50%; height: 12.5px; width: 12.5px; transform: translateX(9px) translateY(-18px);\"><\/div>\n<\/div>\n<div style=\"margin-left: 8px;\">\n<div style=\"background-color: #f4f4f4; border-radius: 50%; flex-grow: 0; height: 20px; width: 20px;\"><\/div>\n<div style=\"width: 0; height: 0; border-top: 2px solid transparent; border-left: 6px solid #f4f4f4; border-bottom: 2px solid transparent; transform: translateX(16px) translateY(-4px) rotate(30deg);\"><\/div>\n<\/div>\n<div style=\"margin-left: auto;\">\n<div style=\"width: 0px; border-top: 8px solid #F4F4F4; border-right: 8px solid transparent; transform: translateY(16px);\"><\/div>\n<div style=\"background-color: #f4f4f4; flex-grow: 0; height: 12px; width: 16px; transform: translateY(-4px);\"><\/div>\n<div style=\"width: 0; height: 0; border-top: 8px solid #F4F4F4; border-left: 8px solid transparent; transform: translateY(-4px) translateX(8px);\"><\/div>\n<\/div>\n<\/div>\n<div style=\"display: flex; flex-direction: column; flex-grow: 1; justify-content: center; margin-bottom: 24px;\">\n<div style=\"background-color: #f4f4f4; border-radius: 4px; flex-grow: 0; height: 14px; margin-bottom: 6px; width: 224px;\"><\/div>\n<div style=\"background-color: #f4f4f4; border-radius: 4px; flex-grow: 0; height: 14px; width: 144px;\"><\/div>\n<\/div>\n<p>&nbsp;<\/p>\n<p style=\"color: #c9c8cd; font-family: Arial,sans-serif; font-size: 14px; line-height: 17px; margin-bottom: 0; margin-top: 8px; overflow: hidden; padding: 8px 0 7px; text-align: center; text-overflow: ellipsis; white-space: nowrap;\"><a style=\"color: #c9c8cd; font-family: Arial,sans-serif; font-size: 14px; font-style: normal; font-weight: normal; line-height: 17px; text-decoration: none;\" href=\"https:\/\/www.instagram.com\/reel\/DQJUun8iGfN\/?utm_source=ig_embed&amp;utm_campaign=loading\" target=\"_blank\" rel=\"noopener\">P\u0159\u00edsp\u011bvek sd\u00edlen\u00fd \u0160koda We Love Cycling (@wlcmagazine)<\/a><\/p>\n<\/div>\n<\/blockquote>\n<h2><script async src=\"\/\/www.instagram.com\/embed.js\"><\/script><b>Mire sz\u00e1m\u00edthatunk?<\/b><\/h2>\n<ul>\n<li style=\"font-weight: 400;\" aria-level=\"1\"><b>Fesz\u00fclts\u00e9g m\u00e1r az elej\u00e9n:<\/b><span style=\"font-weight: 400;\"> a barcelonai TTT m\u00e1r az els\u0151 napon sz\u00e9tszedheti a mez\u0151nyt.<\/span><span style=\"font-weight: 400;\">\n<p><\/span><\/li>\n<li style=\"font-weight: 400;\" aria-level=\"1\"><b>Dr\u00e1mai oldalsz\u00e9l:<\/b><span style=\"font-weight: 400;\"> a tengerparti szakaszokon szint\u00e9n sz\u00e9thullhat a csapat.<\/span><span style=\"font-weight: 400;\">\n<p><\/span><\/li>\n<li style=\"font-weight: 400;\" aria-level=\"1\"><b>Kimer\u00edt\u0151 k\u00f6z\u00e9ps\u0151 h\u00e9t:<\/b><span style=\"font-weight: 400;\"> a Massif Central \u00e9s a Vosges ak\u00e1r a z\u00f6ld trik\u00f3 sors\u00e1t is eld\u00f6ntheti.<\/span><span style=\"font-weight: 400;\">\n<p><\/span><\/li>\n<li style=\"font-weight: 400;\" aria-level=\"1\"><b>Magashegyi szenved\u00e9s:<\/b><span style=\"font-weight: 400;\"> n\u00e9gy hegyi befut\u00f3val a regener\u00e1ci\u00f3 lesz a kulcs.<\/span><span style=\"font-weight: 400;\">\n<p><\/span><\/li>\n<\/ul>\n<p><span style=\"font-weight: 400;\">A 2026-os Tour de France minden klasszikus jegyet mag\u00e1n visel: mer\u00e9sz k\u00fclf\u00f6ldi rajt, izgalmas \u00fatvonal \u00e9s legend\u00e1knak val\u00f3 fin\u00e1l\u00e9. Nem a v\u00e9dekez\u00e9sr\u0151l, hanem a t\u00e1mad\u00e1sr\u00f3l sz\u00f3l majd \u2013 \u00e9s mi alig v\u00e1rjuk, hogy elkezd\u0151dj\u00f6n a csata!<\/span><\/p>\n","protected":false},"excerpt":{"rendered":"<p>A 113. Tour de France 2026. j\u00falius 4. \u00e9s 26. k\u00f6z\u00f6tt zajlik majd. A verseny Barcelon\u00e1b\u00f3l rajtol, azonnal belev\u00e1g a [&hellip;]<\/p>\n","protected":false},"author":71,"featured_media":19357,"comment_status":"open","ping_status":"open","sticky":false,"template":"","format":"standard","meta":{"footnotes":""},"categories":[8],"tags":[],"global-categories":[],"class_list":["post-19356","post","type-post","status-publish","format-standard","has-post-thumbnail","hentry","category-orszaguti-kerekpar"],"yoast_head":"<!-- This site is optimized with the Yoast SEO Premium plugin v25.3 (Yoast SEO v25.9) - https:\/\/yoast.com\/wordpress\/plugins\/seo\/ -->\n<title>Tour de France 2026: alpesi csat\u00e1k \u00e9s fesz\u00fclt verseny, az elej\u00e9t\u0151l a v\u00e9g\u00e9ig<\/title>\n<meta name=\"description\" content=\"A 113. Tour de France 2026. j\u00falius 4. \u00e9s 26. k\u00f6z\u00f6tt zajlik majd. A verseny Barcelon\u00e1b\u00f3l rajtol, azonnal belev\u00e1g a Pireneusok k\u00f6zep\u00e9be, kereszt\u00fclszeli K\u00f6z\u00e9p-Franciaorsz\u00e1g hegyeit, majd egy l\u00e1tv\u00e1nyos alpesi fin\u00e1l\u00e9val z\u00e1rul, miel\u0151tt sor ker\u00fcl a hagyom\u00e1nyos p\u00e1rizsi befut\u00f3ra.\" \/>\n<meta name=\"robots\" content=\"index, follow, max-snippet:-1, max-image-preview:large, max-video-preview:-1\" \/>\n<link rel=\"canonical\" href=\"https:\/\/www.welovecycling.com\/hu\/orszaguti-kerekpar\/tour-de-france-2026-alpesi-csatak-es-feszult-verseny-az-elejetol-a-vegeig\/\" \/>\n<meta property=\"og:locale\" content=\"hu_HU\" \/>\n<meta property=\"og:type\" content=\"article\" \/>\n<meta property=\"og:title\" content=\"Tour de France 2026: alpesi csat\u00e1k \u00e9s fesz\u00fclt verseny, az elej\u00e9t\u0151l a v\u00e9g\u00e9ig\" \/>\n<meta property=\"og:description\" content=\"A 113. Tour de France 2026. j\u00falius 4. \u00e9s 26. k\u00f6z\u00f6tt zajlik majd. A verseny Barcelon\u00e1b\u00f3l rajtol, azonnal belev\u00e1g a Pireneusok k\u00f6zep\u00e9be, kereszt\u00fclszeli K\u00f6z\u00e9p-Franciaorsz\u00e1g hegyeit, majd egy l\u00e1tv\u00e1nyos alpesi fin\u00e1l\u00e9val z\u00e1rul, miel\u0151tt sor ker\u00fcl a hagyom\u00e1nyos p\u00e1rizsi befut\u00f3ra.\" \/>\n<meta property=\"og:url\" content=\"https:\/\/www.welovecycling.com\/hu\/orszaguti-kerekpar\/tour-de-france-2026-alpesi-csatak-es-feszult-verseny-az-elejetol-a-vegeig\/\" \/>\n<meta property=\"og:site_name\" content=\"\u0160koda We Love Cycling - Magyarorsz\u00e1g\" \/>\n<meta property=\"article:publisher\" content=\"https:\/\/www.facebook.com\/WeLoveCyclingHungary\/\" \/>\n<meta property=\"article:published_time\" content=\"2025-11-12T06:00:19+00:00\" \/>\n<meta property=\"og:image\" content=\"https:\/\/d2p6e6u75xmxt8.cloudfront.net\/12\/2025\/10\/Tour-26-Route-Prudhomme-profimedia-1047599541-CVR.webp\" \/>\n\t<meta property=\"og:image:width\" content=\"990\" \/>\n\t<meta property=\"og:image:height\" content=\"660\" \/>\n\t<meta property=\"og:image:type\" content=\"image\/webp\" \/>\n<meta name=\"author\" content=\"hegyizs\" \/>\n<meta name=\"twitter:card\" content=\"summary_large_image\" \/>\n<meta name=\"twitter:label1\" content=\"Written by\" \/>\n\t<meta name=\"twitter:data1\" content=\"Monica Buck\" \/>\n\t<meta name=\"twitter:label2\" content=\"Est. reading time\" \/>\n\t<meta name=\"twitter:data2\" content=\"3\" \/>\n<script type=\"application\/ld+json\" class=\"yoast-schema-graph\">{\"@context\":\"https:\/\/schema.org\",\"@graph\":[{\"@type\":\"WebPage\",\"@id\":\"https:\/\/www.welovecycling.com\/hu\/orszaguti-kerekpar\/tour-de-france-2026-alpesi-csatak-es-feszult-verseny-az-elejetol-a-vegeig\/\",\"url\":\"https:\/\/www.welovecycling.com\/hu\/orszaguti-kerekpar\/tour-de-france-2026-alpesi-csatak-es-feszult-verseny-az-elejetol-a-vegeig\/\",\"name\":\"Tour de France 2026: alpesi csat\u00e1k \u00e9s fesz\u00fclt verseny, az elej\u00e9t\u0151l a v\u00e9g\u00e9ig\",\"isPartOf\":{\"@id\":\"https:\/\/www.welovecycling.com\/hu\/#website\"},\"primaryImageOfPage\":{\"@id\":\"https:\/\/www.welovecycling.com\/hu\/orszaguti-kerekpar\/tour-de-france-2026-alpesi-csatak-es-feszult-verseny-az-elejetol-a-vegeig\/#primaryimage\"},\"image\":{\"@id\":\"https:\/\/www.welovecycling.com\/hu\/orszaguti-kerekpar\/tour-de-france-2026-alpesi-csatak-es-feszult-verseny-az-elejetol-a-vegeig\/#primaryimage\"},\"thumbnailUrl\":\"https:\/\/d2p6e6u75xmxt8.cloudfront.net\/12\/2025\/10\/Tour-26-Route-Prudhomme-profimedia-1047599541-CVR.webp\",\"datePublished\":\"2025-11-12T06:00:19+00:00\",\"author\":{\"@id\":\"https:\/\/www.welovecycling.com\/hu\/#\/schema\/person\/414a2aebf1801691a5320edb6468e194\"},\"description\":\"A 113. Tour de France 2026. j\u00falius 4. \u00e9s 26. k\u00f6z\u00f6tt zajlik majd. A verseny Barcelon\u00e1b\u00f3l rajtol, azonnal belev\u00e1g a Pireneusok k\u00f6zep\u00e9be, kereszt\u00fclszeli K\u00f6z\u00e9p-Franciaorsz\u00e1g hegyeit, majd egy l\u00e1tv\u00e1nyos alpesi fin\u00e1l\u00e9val z\u00e1rul, miel\u0151tt sor ker\u00fcl a hagyom\u00e1nyos p\u00e1rizsi befut\u00f3ra.\",\"breadcrumb\":{\"@id\":\"https:\/\/www.welovecycling.com\/hu\/orszaguti-kerekpar\/tour-de-france-2026-alpesi-csatak-es-feszult-verseny-az-elejetol-a-vegeig\/#breadcrumb\"},\"inLanguage\":\"hu\",\"potentialAction\":[{\"@type\":\"ReadAction\",\"target\":[\"https:\/\/www.welovecycling.com\/hu\/orszaguti-kerekpar\/tour-de-france-2026-alpesi-csatak-es-feszult-verseny-az-elejetol-a-vegeig\/\"]}]},{\"@type\":\"ImageObject\",\"inLanguage\":\"hu\",\"@id\":\"https:\/\/www.welovecycling.com\/hu\/orszaguti-kerekpar\/tour-de-france-2026-alpesi-csatak-es-feszult-verseny-az-elejetol-a-vegeig\/#primaryimage\",\"url\":\"https:\/\/d2p6e6u75xmxt8.cloudfront.net\/12\/2025\/10\/Tour-26-Route-Prudhomme-profimedia-1047599541-CVR.webp\",\"contentUrl\":\"https:\/\/d2p6e6u75xmxt8.cloudfront.net\/12\/2025\/10\/Tour-26-Route-Prudhomme-profimedia-1047599541-CVR.webp\",\"width\":990,\"height\":660,\"caption\":\"2026 Tour Route\"},{\"@type\":\"BreadcrumbList\",\"@id\":\"https:\/\/www.welovecycling.com\/hu\/orszaguti-kerekpar\/tour-de-france-2026-alpesi-csatak-es-feszult-verseny-az-elejetol-a-vegeig\/#breadcrumb\",\"itemListElement\":[{\"@type\":\"ListItem\",\"position\":1,\"name\":\"Home\",\"item\":\"https:\/\/www.welovecycling.com\/hu\/\"},{\"@type\":\"ListItem\",\"position\":2,\"name\":\"Tour de France 2026: alpesi csat\u00e1k \u00e9s fesz\u00fclt verseny, az elej\u00e9t\u0151l a v\u00e9g\u00e9ig\"}]},{\"@type\":\"WebSite\",\"@id\":\"https:\/\/www.welovecycling.com\/hu\/#website\",\"url\":\"https:\/\/www.welovecycling.com\/hu\/\",\"name\":\"\u0160koda We Love Cycling - Magyarorsz\u00e1g\",\"description\":\"\u0160koda WeLoveCycling\",\"potentialAction\":[{\"@type\":\"SearchAction\",\"target\":{\"@type\":\"EntryPoint\",\"urlTemplate\":\"https:\/\/www.welovecycling.com\/hu\/?s={search_term_string}\"},\"query-input\":{\"@type\":\"PropertyValueSpecification\",\"valueRequired\":true,\"valueName\":\"search_term_string\"}}],\"inLanguage\":\"hu\"},{\"@type\":\"Person\",\"@id\":\"https:\/\/www.welovecycling.com\/hu\/#\/schema\/person\/414a2aebf1801691a5320edb6468e194\",\"name\":\"hegyizs\",\"image\":{\"@type\":\"ImageObject\",\"inLanguage\":\"hu\",\"@id\":\"https:\/\/www.welovecycling.com\/hu\/#\/schema\/person\/image\/\",\"url\":\"https:\/\/secure.gravatar.com\/avatar\/02cf8a7906b8cf90cecb4679defac7cfd33a1c2e3b88e4903d947f3bb58eedd3?s=96&d=mm&r=g\",\"contentUrl\":\"https:\/\/secure.gravatar.com\/avatar\/02cf8a7906b8cf90cecb4679defac7cfd33a1c2e3b88e4903d947f3bb58eedd3?s=96&d=mm&r=g\",\"caption\":\"hegyizs\"},\"url\":\"https:\/\/www.welovecycling.com\/hu\/author\/hegyizs\/\"}]}<\/script>\n<!-- \/ Yoast SEO Premium plugin. -->","yoast_head_json":{"title":"Tour de France 2026: alpesi csat\u00e1k \u00e9s fesz\u00fclt verseny, az elej\u00e9t\u0151l a v\u00e9g\u00e9ig","description":"A 113. Tour de France 2026. j\u00falius 4. \u00e9s 26. k\u00f6z\u00f6tt zajlik majd. A verseny Barcelon\u00e1b\u00f3l rajtol, azonnal belev\u00e1g a Pireneusok k\u00f6zep\u00e9be, kereszt\u00fclszeli K\u00f6z\u00e9p-Franciaorsz\u00e1g hegyeit, majd egy l\u00e1tv\u00e1nyos alpesi fin\u00e1l\u00e9val z\u00e1rul, miel\u0151tt sor ker\u00fcl a hagyom\u00e1nyos p\u00e1rizsi befut\u00f3ra.","robots":{"index":"index","follow":"follow","max-snippet":"max-snippet:-1","max-image-preview":"max-image-preview:large","max-video-preview":"max-video-preview:-1"},"canonical":"https:\/\/www.welovecycling.com\/hu\/orszaguti-kerekpar\/tour-de-france-2026-alpesi-csatak-es-feszult-verseny-az-elejetol-a-vegeig\/","og_locale":"hu_HU","og_type":"article","og_title":"Tour de France 2026: alpesi csat\u00e1k \u00e9s fesz\u00fclt verseny, az elej\u00e9t\u0151l a v\u00e9g\u00e9ig","og_description":"A 113. Tour de France 2026. j\u00falius 4. \u00e9s 26. k\u00f6z\u00f6tt zajlik majd. A verseny Barcelon\u00e1b\u00f3l rajtol, azonnal belev\u00e1g a Pireneusok k\u00f6zep\u00e9be, kereszt\u00fclszeli K\u00f6z\u00e9p-Franciaorsz\u00e1g hegyeit, majd egy l\u00e1tv\u00e1nyos alpesi fin\u00e1l\u00e9val z\u00e1rul, miel\u0151tt sor ker\u00fcl a hagyom\u00e1nyos p\u00e1rizsi befut\u00f3ra.","og_url":"https:\/\/www.welovecycling.com\/hu\/orszaguti-kerekpar\/tour-de-france-2026-alpesi-csatak-es-feszult-verseny-az-elejetol-a-vegeig\/","og_site_name":"\u0160koda We Love Cycling - Magyarorsz\u00e1g","article_publisher":"https:\/\/www.facebook.com\/WeLoveCyclingHungary\/","article_published_time":"2025-11-12T06:00:19+00:00","og_image":[{"width":990,"height":660,"url":"https:\/\/d2p6e6u75xmxt8.cloudfront.net\/12\/2025\/10\/Tour-26-Route-Prudhomme-profimedia-1047599541-CVR.webp","type":"image\/webp"}],"author":"hegyizs","twitter_card":"summary_large_image","twitter_misc":{"Written by":"Monica Buck","Est. reading time":"3"},"schema":{"@context":"https:\/\/schema.org","@graph":[{"@type":"WebPage","@id":"https:\/\/www.welovecycling.com\/hu\/orszaguti-kerekpar\/tour-de-france-2026-alpesi-csatak-es-feszult-verseny-az-elejetol-a-vegeig\/","url":"https:\/\/www.welovecycling.com\/hu\/orszaguti-kerekpar\/tour-de-france-2026-alpesi-csatak-es-feszult-verseny-az-elejetol-a-vegeig\/","name":"Tour de France 2026: alpesi csat\u00e1k \u00e9s fesz\u00fclt verseny, az elej\u00e9t\u0151l a v\u00e9g\u00e9ig","isPartOf":{"@id":"https:\/\/www.welovecycling.com\/hu\/#website"},"primaryImageOfPage":{"@id":"https:\/\/www.welovecycling.com\/hu\/orszaguti-kerekpar\/tour-de-france-2026-alpesi-csatak-es-feszult-verseny-az-elejetol-a-vegeig\/#primaryimage"},"image":{"@id":"https:\/\/www.welovecycling.com\/hu\/orszaguti-kerekpar\/tour-de-france-2026-alpesi-csatak-es-feszult-verseny-az-elejetol-a-vegeig\/#primaryimage"},"thumbnailUrl":"https:\/\/d2p6e6u75xmxt8.cloudfront.net\/12\/2025\/10\/Tour-26-Route-Prudhomme-profimedia-1047599541-CVR.webp","datePublished":"2025-11-12T06:00:19+00:00","author":{"@id":"https:\/\/www.welovecycling.com\/hu\/#\/schema\/person\/414a2aebf1801691a5320edb6468e194"},"description":"A 113. Tour de France 2026. j\u00falius 4. \u00e9s 26. k\u00f6z\u00f6tt zajlik majd. A verseny Barcelon\u00e1b\u00f3l rajtol, azonnal belev\u00e1g a Pireneusok k\u00f6zep\u00e9be, kereszt\u00fclszeli K\u00f6z\u00e9p-Franciaorsz\u00e1g hegyeit, majd egy l\u00e1tv\u00e1nyos alpesi fin\u00e1l\u00e9val z\u00e1rul, miel\u0151tt sor ker\u00fcl a hagyom\u00e1nyos p\u00e1rizsi befut\u00f3ra.","breadcrumb":{"@id":"https:\/\/www.welovecycling.com\/hu\/orszaguti-kerekpar\/tour-de-france-2026-alpesi-csatak-es-feszult-verseny-az-elejetol-a-vegeig\/#breadcrumb"},"inLanguage":"hu","potentialAction":[{"@type":"ReadAction","target":["https:\/\/www.welovecycling.com\/hu\/orszaguti-kerekpar\/tour-de-france-2026-alpesi-csatak-es-feszult-verseny-az-elejetol-a-vegeig\/"]}]},{"@type":"ImageObject","inLanguage":"hu","@id":"https:\/\/www.welovecycling.com\/hu\/orszaguti-kerekpar\/tour-de-france-2026-alpesi-csatak-es-feszult-verseny-az-elejetol-a-vegeig\/#primaryimage","url":"https:\/\/d2p6e6u75xmxt8.cloudfront.net\/12\/2025\/10\/Tour-26-Route-Prudhomme-profimedia-1047599541-CVR.webp","contentUrl":"https:\/\/d2p6e6u75xmxt8.cloudfront.net\/12\/2025\/10\/Tour-26-Route-Prudhomme-profimedia-1047599541-CVR.webp","width":990,"height":660,"caption":"2026 Tour Route"},{"@type":"BreadcrumbList","@id":"https:\/\/www.welovecycling.com\/hu\/orszaguti-kerekpar\/tour-de-france-2026-alpesi-csatak-es-feszult-verseny-az-elejetol-a-vegeig\/#breadcrumb","itemListElement":[{"@type":"ListItem","position":1,"name":"Home","item":"https:\/\/www.welovecycling.com\/hu\/"},{"@type":"ListItem","position":2,"name":"Tour de France 2026: alpesi csat\u00e1k \u00e9s fesz\u00fclt verseny, az elej\u00e9t\u0151l a v\u00e9g\u00e9ig"}]},{"@type":"WebSite","@id":"https:\/\/www.welovecycling.com\/hu\/#website","url":"https:\/\/www.welovecycling.com\/hu\/","name":"\u0160koda We Love Cycling - Magyarorsz\u00e1g","description":"\u0160koda WeLoveCycling","potentialAction":[{"@type":"SearchAction","target":{"@type":"EntryPoint","urlTemplate":"https:\/\/www.welovecycling.com\/hu\/?s={search_term_string}"},"query-input":{"@type":"PropertyValueSpecification","valueRequired":true,"valueName":"search_term_string"}}],"inLanguage":"hu"},{"@type":"Person","@id":"https:\/\/www.welovecycling.com\/hu\/#\/schema\/person\/414a2aebf1801691a5320edb6468e194","name":"hegyizs","image":{"@type":"ImageObject","inLanguage":"hu","@id":"https:\/\/www.welovecycling.com\/hu\/#\/schema\/person\/image\/","url":"https:\/\/secure.gravatar.com\/avatar\/02cf8a7906b8cf90cecb4679defac7cfd33a1c2e3b88e4903d947f3bb58eedd3?s=96&d=mm&r=g","contentUrl":"https:\/\/secure.gravatar.com\/avatar\/02cf8a7906b8cf90cecb4679defac7cfd33a1c2e3b88e4903d947f3bb58eedd3?s=96&d=mm&r=g","caption":"hegyizs"},"url":"https:\/\/www.welovecycling.com\/hu\/author\/hegyizs\/"}]}},"_links":{"self":[{"href":"https:\/\/www.welovecycling.com\/hu\/wp-json\/wp\/v2\/posts\/19356","targetHints":{"allow":["GET"]}}],"collection":[{"href":"https:\/\/www.welovecycling.com\/hu\/wp-json\/wp\/v2\/posts"}],"about":[{"href":"https:\/\/www.welovecycling.com\/hu\/wp-json\/wp\/v2\/types\/post"}],"author":[{"embeddable":true,"href":"https:\/\/www.welovecycling.com\/hu\/wp-json\/wp\/v2\/users\/71"}],"replies":[{"embeddable":true,"href":"https:\/\/www.welovecycling.com\/hu\/wp-json\/wp\/v2\/comments?post=19356"}],"version-history":[{"count":1,"href":"https:\/\/www.welovecycling.com\/hu\/wp-json\/wp\/v2\/posts\/19356\/revisions"}],"predecessor-version":[{"id":19358,"href":"https:\/\/www.welovecycling.com\/hu\/wp-json\/wp\/v2\/posts\/19356\/revisions\/19358"}],"wp:featuredmedia":[{"embeddable":true,"href":"https:\/\/www.welovecycling.com\/hu\/wp-json\/wp\/v2\/media\/19357"}],"wp:attachment":[{"href":"https:\/\/www.welovecycling.com\/hu\/wp-json\/wp\/v2\/media?parent=19356"}],"wp:term":[{"taxonomy":"category","embeddable":true,"href":"https:\/\/www.welovecycling.com\/hu\/wp-json\/wp\/v2\/categories?post=19356"},{"taxonomy":"post_tag","embeddable":true,"href":"https:\/\/www.welovecycling.com\/hu\/wp-json\/wp\/v2\/tags?post=19356"},{"taxonomy":"global-categories","embeddable":true,"href":"https:\/\/www.welovecycling.com\/hu\/wp-json\/wp\/v2\/global-categories?post=19356"}],"curies":[{"name":"wp","href":"https:\/\/api.w.org\/{rel}","templated":true}]}}