{"id":19347,"date":"2025-10-21T14:34:57","date_gmt":"2025-10-21T12:34:57","guid":{"rendered":"https:\/\/www.welovecycling.com\/hu\/?p=19347"},"modified":"2025-10-21T14:34:57","modified_gmt":"2025-10-21T12:34:57","slug":"dina-marton-es-peak-barnabas-is-hazater-az-uj-magyar-csapatba-valter-attila-elbucsuzott-a-vismatol","status":"publish","type":"post","link":"https:\/\/www.welovecycling.com\/hu\/orszaguti-kerekpar\/dina-marton-es-peak-barnabas-is-hazater-az-uj-magyar-csapatba-valter-attila-elbucsuzott-a-vismatol\/","title":{"rendered":"Dina M\u00e1rton \u00e9s Pe\u00e1k Barnab\u00e1s is hazat\u00e9r az \u00faj magyar csapatba, Valter Attila elb\u00facs\u00fazott a Vism\u00e1t\u00f3l"},"content":{"rendered":"<p><b>Nagy bejelent\u00e9seket tett a j\u00f6v\u0151re m\u00e1r magyar bejegyz\u00e9s\u0171k\u00e9nt \u00e9s a prokontinent\u00e1lis szinten indul\u00f3 MBH Bank Ballan, mik\u00f6zben Valter Attila letekerte utols\u00f3 verseny\u00e9t a Visma | Lease a Bike mez\u00e9ben. <\/b><!--more--><\/p>\n<p><span style=\"font-weight: 400;\">Nagy bejelent\u00e9st tett sajt\u00f3t\u00e1j\u00e9koztat\u00f3j\u00e1n az <\/span><b>MBH Bank Ballan<\/b><span style=\"font-weight: 400;\"> csapata. A m\u00e1r az idei \u00e9vben is magyar n\u00e9vad\u00f3 f\u0151szponzorral fut\u00f3, de most m\u00e9g olasz bejegyz\u00e9s\u0171k\u00e9nt \u00e9s csak kontinent\u00e1lis szinten szerepl\u0151 ist\u00e1ll\u00f3 a j\u00f6v\u0151 \u00e9vt\u0151l kezdve <\/span><a href=\"https:\/\/www.eurosport.hu\/kerekpar\/mbh-bank-ballan-2026-dina-peak-valent_sto23233015\/story.shtml\"><span style=\"font-weight: 400;\">m\u00e1r a prokontinent\u00e1lis mez\u0151nyben versenyez majd,<\/span><\/a><span style=\"font-weight: 400;\"> m\u00e9ghozz\u00e1 hivatalosan is magyar csapatk\u00e9nt. Nem is ez a nagy pl\u00e1ne, hiszen ez m\u00e1r eddig is tudott volt (<\/span><a href=\"https:\/\/www.welovecycling.com\/hu\/orszaguti-kerekpar\/valter-attila-jovore-mar-ott-lehet-a-tour-on-a-magyar-csapat-fonoke-szerint\/\"><span style=\"font-weight: 400;\">mi is \u00edrtunk r\u00f3la kor\u00e1bban<\/span><\/a><span style=\"font-weight: 400;\">) \u2013 b\u00e1r nyilv\u00e1n nem lehet el\u00e9gszer hangs\u00falyozni a jelent\u0151s\u00e9g\u00e9t, hogy \u00fajra magyar profi egy\u00fcttes lesz a sport\u00e1g nemzetk\u00f6zi m\u00e1sodvonal\u00e1ban.<\/span><\/p>\n<figure id=\"attachment_19350\" aria-describedby=\"caption-attachment-19350\" style=\"width: 1024px\" class=\"wp-caption alignnone\"><img loading=\"lazy\" decoding=\"async\" class=\"size-large wp-image-19350\" src=\"https:\/\/d2p6e6u75xmxt8.cloudfront.net\/12\/2025\/10\/image3-1024x683.webp\" alt=\"\" width=\"1024\" height=\"683\" srcset=\"https:\/\/d2p6e6u75xmxt8.cloudfront.net\/12\/2025\/10\/image3-1024x683.webp 1024w, https:\/\/d2p6e6u75xmxt8.cloudfront.net\/12\/2025\/10\/image3-300x200.webp 300w, https:\/\/d2p6e6u75xmxt8.cloudfront.net\/12\/2025\/10\/image3-768x512.webp 768w, https:\/\/d2p6e6u75xmxt8.cloudfront.net\/12\/2025\/10\/image3-400x267.webp 400w, https:\/\/d2p6e6u75xmxt8.cloudfront.net\/12\/2025\/10\/image3-272x182.webp 272w, https:\/\/d2p6e6u75xmxt8.cloudfront.net\/12\/2025\/10\/image3.webp 1385w\" sizes=\"auto, (max-width: 1024px) 100vw, 1024px\" \/><figcaption id=\"caption-attachment-19350\" class=\"wp-caption-text\">Az MBH Bank Ballan CSB j\u00f6v\u0151re m\u00e1r prokontinent\u00e1lis csapatk\u00e9nt versenyez \u00f6t magyarral a soraiban (Fot\u00f3: Other Agency)<\/figcaption><\/figure>\n<p><span style=\"font-weight: 400;\">Hanem az, hogy az MBH a legjobb orsz\u00e1g\u00fati versenyz\u0151ink k\u00f6z\u00fcl kett\u0151t is hazahoz: j\u00f6v\u0151re az egy\u00fcttes \u00f6t magyar tagja k\u00f6z\u00f6tt lesz <\/span><b>Dina M\u00e1rton <\/b><span style=\"font-weight: 400;\">\u00e9s <\/span><b>Pe\u00e1k Barnab\u00e1s <\/b><span style=\"font-weight: 400;\">is, akiket a honi bringarajong\u00f3knak aligha sz\u00fcks\u00e9ges k\u00fcl\u00f6n bemutatni. Kettej\u00fck k\u00f6z\u00fcl a nagyobb meglepet\u00e9s egy\u00e9bk\u00e9nt Dina Marci, hiszen \u0151 bevall\u00e1sa szerint is \u00e9lete nagy lehet\u0151s\u00e9g\u00e9t kapta meg kor\u00e1bban az <\/span><b>Euskaltelt\u0151l, <\/b><span style=\"font-weight: 400;\">a baszkokn\u00e1l val\u00f3s\u00e1ggal \u00fajj\u00e1sz\u00fcletett \u00e9s <\/span><a href=\"https:\/\/www.welovecycling.com\/hu\/orszaguti-kerekpar\/a-tarsak-is-befogadtak-a-versenyzes-is-jol-megy-dina-marton-helyere-kerult-a-buszke-baszk-csapatnal\/\"><span style=\"font-weight: 400;\">nagyon j\u00f3l is \u00e9rezte mag\u00e1t,<\/span><\/a><span style=\"font-weight: 400;\"> ez\u00e9rt komolyan dilemm\u00e1zott akkor, amikor megkerest\u00e9k itthonr\u00f3l az MBH csapat\u00e1t\u00f3l. Az id\u00e9n eml\u00e9kezetes magyar bajnoki c\u00edmet szerz\u0151 Dina elmondta, v\u00e9g\u00fcl az\u00e9rt b\u00f3lintott r\u00e1 a hazai aj\u00e1nlatra, mert egyr\u00e9szt <\/span><a href=\"https:\/\/www.nemzetisport.hu\/kerekpar\/2025\/10\/kerekpar-dina-marton-mindig-is-olyan-lehetosegre-vart-amit-az-mbh-bank-ballan-csb-tol-kapott\"><span style=\"font-weight: 400;\">nagy dolognak tartja,<\/span><\/a><span style=\"font-weight: 400;\"> hogy egy magyar n\u00e9vad\u00f3 f\u0151szponzorral b\u00edr\u00f3, magyar profi csapat tagja lehet, m\u00e1sr\u00e9szt mert az MBH annyira szerette volna a soraiban tudni, hogy m\u00e9g az \u00e9l\u0151 szerz\u0151d\u00e9s\u00e9b\u0151l is hajland\u00f3ak voltak kiv\u00e1s\u00e1rolni (ami a ker\u00e9kp\u00e1rsportban mer\u0151ben szokatlan, pl\u00e1ne magyar szinten).<\/span><\/p>\n<figure id=\"attachment_19349\" aria-describedby=\"caption-attachment-19349\" style=\"width: 1024px\" class=\"wp-caption alignnone\"><img loading=\"lazy\" decoding=\"async\" class=\"size-large wp-image-19349\" src=\"https:\/\/d2p6e6u75xmxt8.cloudfront.net\/12\/2025\/10\/image2-1024x683.webp\" alt=\"\" width=\"1024\" height=\"683\" srcset=\"https:\/\/d2p6e6u75xmxt8.cloudfront.net\/12\/2025\/10\/image2-1024x683.webp 1024w, https:\/\/d2p6e6u75xmxt8.cloudfront.net\/12\/2025\/10\/image2-300x200.webp 300w, https:\/\/d2p6e6u75xmxt8.cloudfront.net\/12\/2025\/10\/image2-768x512.webp 768w, https:\/\/d2p6e6u75xmxt8.cloudfront.net\/12\/2025\/10\/image2-400x267.webp 400w, https:\/\/d2p6e6u75xmxt8.cloudfront.net\/12\/2025\/10\/image2-272x182.webp 272w, https:\/\/d2p6e6u75xmxt8.cloudfront.net\/12\/2025\/10\/image2.webp 1386w\" sizes=\"auto, (max-width: 1024px) 100vw, 1024px\" \/><figcaption id=\"caption-attachment-19349\" class=\"wp-caption-text\">Dina M\u00e1rton magyar bajnokk\u00e9nt t\u00e1vozik az Euskaltel-Eskadit\u00f3l (Fot\u00f3: MTI\/Illy\u00e9s Tibor)<\/figcaption><\/figure>\n<p><span style=\"font-weight: 400;\">A Dina M\u00e1rtonhoz hasonl\u00f3an kor\u00e1bban szint\u00e9n <\/span><b>Giro-r\u00e9sztvev\u0151 <\/b><span style=\"font-weight: 400;\">Pe\u00e1k Barnab\u00e1s ny\u00e1ron a cseh <\/span><b>ATT Investments <\/b><span style=\"font-weight: 400;\">csapat\u00e1val bontott szerz\u0151d\u00e9st. A m\u00e9g mindig csak 26 \u00e9ves, h\u00e1romszoros magyar id\u0151futam- \u00e9s egyszeres mez\u0151nyverseny-bajnok \u00e9lete nagy lehet\u0151s\u00e9g\u00e9nek nevezte az MBH-s szerz\u0151d\u00e9st, hozz\u00e1t\u00e9ve, hogy a sok \u00e9vnyi k\u00fclf\u00f6ld\u00f6n versenyz\u00e9s ut\u00e1n \u00f6r\u00fcl, hogy v\u00e9gre ism\u00e9t magyarok k\u00f6z\u00f6tt tekerhet.<\/span><\/p>\n<figure id=\"attachment_19352\" aria-describedby=\"caption-attachment-19352\" style=\"width: 1024px\" class=\"wp-caption alignnone\"><img loading=\"lazy\" decoding=\"async\" class=\"size-large wp-image-19352\" src=\"https:\/\/d2p6e6u75xmxt8.cloudfront.net\/12\/2025\/10\/image5-1024x683.webp\" alt=\"\" width=\"1024\" height=\"683\" srcset=\"https:\/\/d2p6e6u75xmxt8.cloudfront.net\/12\/2025\/10\/image5-1024x683.webp 1024w, https:\/\/d2p6e6u75xmxt8.cloudfront.net\/12\/2025\/10\/image5-300x200.webp 300w, https:\/\/d2p6e6u75xmxt8.cloudfront.net\/12\/2025\/10\/image5-768x512.webp 768w, https:\/\/d2p6e6u75xmxt8.cloudfront.net\/12\/2025\/10\/image5-400x267.webp 400w, https:\/\/d2p6e6u75xmxt8.cloudfront.net\/12\/2025\/10\/image5-272x182.webp 272w, https:\/\/d2p6e6u75xmxt8.cloudfront.net\/12\/2025\/10\/image5.webp 1385w\" sizes=\"auto, (max-width: 1024px) 100vw, 1024px\" \/><figcaption id=\"caption-attachment-19352\" class=\"wp-caption-text\">Pe\u00e1k Barn\u00e1t hossz\u00fa id\u0151 ut\u00e1n siker\u00fclt hazacs\u00e1b\u00edtani (Fot\u00f3: Other Agency)<\/figcaption><\/figure>\n<p><span style=\"font-weight: 400;\">Ek\u00f6zben a h\u00e9tv\u00e9g\u00e9n teljes\u00edtette utols\u00f3 vism\u00e1s verseny\u00e9t a j\u00f6v\u0151re csapatot v\u00e1lt\u00f3 <\/span><b>Valter Attila. <\/b><span style=\"font-weight: 400;\">A p\u00e1lyafut\u00e1s\u00e1t 2026-ban a <\/span><b>Bahrain-Victoriousn\u00e1l <\/b><span style=\"font-weight: 400;\">folytat\u00f3 olimpiai negyedik klasszisunk K\u00edn\u00e1ban, a Tour of Guangxin z\u00e1rta hektikus napt\u00e1ri \u00e9v\u00e9t, egyben vism\u00e1s karrierj\u00e9t. Ati legf\u0151k\u00e9ppen a nyit\u00f3napi sz\u00f6k\u00e9se sor\u00e1n \u00f6sszegy\u0171jt\u00f6tt szakaszk\u00f6zi id\u0151j\u00f3v\u00e1\u00edr\u00e1soknak k\u00f6sz\u00f6nhet\u0151en sok\u00e1ig remek\u00fcl \u00e1llt az \u00f6sszetettben: a m\u00e1sodik etapnak m\u00e9g a top 10-b\u0151l, a hetedik helyr\u0151l v\u00e1gott neki, de m\u00e9g az utols\u00f3 el\u0151tti szakasznak is a 15. poz\u00edci\u00f3b\u00f3l. Ott viszont nem tudta tartani a l\u00e9p\u00e9st az \u00e9lmen\u0151kkel, a teljesen sz\u00e9tszakad\u00f3 mez\u0151nynek v\u00e9g\u00fcl az 50. hely\u00e9n j\u00f6tt meg az els\u0151 kateg\u00f3ri\u00e1s hegyi c\u00e9lba, majd a z\u00e1r\u00f3napon is a k\u00e9t perces h\u00e1tr\u00e1nnyal be\u00e9r\u0151 csoport tagja volt. \u00cdgy v\u00e9g\u00fcl csak az 55. helyen z\u00e1rta utols\u00f3 vism\u00e1s verseny\u00e9t \u2013 ez a viadal nagyj\u00e1b\u00f3l \u00f6ssze is foglalta az eg\u00e9sz h\u00e1nyatott \u00e9v\u00e9t. Rem\u00e9lhet\u0151leg j\u00f6v\u0151re, a Bahreinn\u00e9l m\u00e1r csak felfel\u00e9 vezet majd az \u00fat, ahogy abban \u0151 is rem\u00e9nykedett a nemr\u00e9g <\/span><a href=\"https:\/\/www.welovecycling.com\/hu\/orszaguti-kerekpar\/a-vilag-legjobb-csapataban-versenyeztem-megis-szegyelltem-magam-valter-attila-a-we-love-cycling-magazinnak-a-maga-mogott-hagyott-melypontrol\/\"><span style=\"font-weight: 400;\">nek\u00fcnk adott interj\u00faj\u00e1ban.<\/span><\/a><span style=\"font-weight: 400;\">\u00a0<\/span><\/p>\n<p><i><span style=\"font-weight: 400;\">\u201eEnyhe kifejez\u00e9s azt mondani, hogy nem \u00fagy siker\u00fclt ez az \u00e9v ahogy terveztem, ink\u00e1bb \u00fagy, ahogy annak kellett. Nagyon j\u00f3t fog tenni egy nagyobb pihen\u0151 \u00e9s egy \u00faj k\u00f6zeg, el\u0151bb viszont m\u00e9g ki\u00e9lvezem az utols\u00f3 kilom\u00e9tereket ebben a sz\u00e9p s\u00e1rga mezben! (\u2026) Nagyon h\u00e1l\u00e1s \u00e9s b\u00fcszke vagyok, hogy ebben a csapatban versenyezhettem, tanulhattam \u00e9s sz\u00e1mtalan \u00e9lm\u00e9nyt gy\u0171jt\u00f6ttem!\u201d \u2013 <\/span><\/i><span style=\"font-weight: 400;\">b\u00facs\u00fazott csapat\u00e1t\u00f3l a h\u00e1rom eml\u00e9kezetes vism\u00e1s \u00e9v ut\u00e1n k\u00f6z\u00f6ss\u00e9gi oldal\u00e1n Valter Attila.<\/span><\/p>\n<figure id=\"attachment_19351\" aria-describedby=\"caption-attachment-19351\" style=\"width: 768px\" class=\"wp-caption alignnone\"><img loading=\"lazy\" decoding=\"async\" class=\"size-large wp-image-19351\" src=\"https:\/\/d2p6e6u75xmxt8.cloudfront.net\/12\/2025\/10\/image4-768x1024.webp\" alt=\"\" width=\"768\" height=\"1024\" srcset=\"https:\/\/d2p6e6u75xmxt8.cloudfront.net\/12\/2025\/10\/image4-768x1023.webp 768w, https:\/\/d2p6e6u75xmxt8.cloudfront.net\/12\/2025\/10\/image4-225x300.webp 225w, https:\/\/d2p6e6u75xmxt8.cloudfront.net\/12\/2025\/10\/image4-1153x1536.webp 1153w, https:\/\/d2p6e6u75xmxt8.cloudfront.net\/12\/2025\/10\/image4-1441x1920.webp 1441w, https:\/\/d2p6e6u75xmxt8.cloudfront.net\/12\/2025\/10\/image4-300x400.webp 300w, https:\/\/d2p6e6u75xmxt8.cloudfront.net\/12\/2025\/10\/image4.webp 1500w, https:\/\/d2p6e6u75xmxt8.cloudfront.net\/12\/2025\/10\/image4-1441x1920.webp 1441w\" sizes=\"auto, (max-width: 768px) 100vw, 768px\" \/><figcaption id=\"caption-attachment-19351\" class=\"wp-caption-text\">Valter Attila K\u00edn\u00e1ban b\u00facs\u00fazott el a Vism\u00e1t\u00f3l \u00e9s a s\u00e1rga mezt\u0151l (Fot\u00f3: Facebook\/Valter Attila)<\/figcaption><\/figure>\n<p><i><span style=\"font-weight: 400;\">Bor\u00edt\u00f3k\u00e9p: MTI\/Illy\u00e9s Tibor<\/span><\/i><\/p>\n","protected":false},"excerpt":{"rendered":"<p>Nagy bejelent\u00e9seket tett a j\u00f6v\u0151re m\u00e1r magyar bejegyz\u00e9s\u0171k\u00e9nt \u00e9s a prokontinent\u00e1lis szinten indul\u00f3 MBH Bank Ballan, mik\u00f6zben Valter Attila letekerte [&hellip;]<\/p>\n","protected":false},"author":71,"featured_media":19348,"comment_status":"open","ping_status":"open","sticky":false,"template":"","format":"standard","meta":{"footnotes":""},"categories":[8],"tags":[],"global-categories":[419],"class_list":["post-19347","post","type-post","status-publish","format-standard","has-post-thumbnail","hentry","category-orszaguti-kerekpar","global-categories-cycling"],"yoast_head":"<!-- This site is optimized with the Yoast SEO Premium plugin v25.3 (Yoast SEO v25.9) - https:\/\/yoast.com\/wordpress\/plugins\/seo\/ -->\n<title>Dina M\u00e1rton \u00e9s Pe\u00e1k Barnab\u00e1s is hazat\u00e9r az \u00faj magyar csapatba, Valter Attila elb\u00facs\u00fazott a Vism\u00e1t\u00f3l<\/title>\n<meta name=\"description\" content=\"Nagy bejelent\u00e9seket tett a j\u00f6v\u0151re m\u00e1r magyar bejegyz\u00e9s\u0171k\u00e9nt \u00e9s a prokontinent\u00e1lis szinten indul\u00f3 MBH Bank Ballan, mik\u00f6zben Valter Attila letekerte utols\u00f3 verseny\u00e9t a Visma | Lease a Bike mez\u00e9ben.\" \/>\n<meta name=\"robots\" content=\"index, follow, max-snippet:-1, max-image-preview:large, max-video-preview:-1\" \/>\n<link rel=\"canonical\" href=\"https:\/\/www.welovecycling.com\/hu\/orszaguti-kerekpar\/dina-marton-es-peak-barnabas-is-hazater-az-uj-magyar-csapatba-valter-attila-elbucsuzott-a-vismatol\/\" \/>\n<meta property=\"og:locale\" content=\"hu_HU\" \/>\n<meta property=\"og:type\" content=\"article\" \/>\n<meta property=\"og:title\" content=\"Dina M\u00e1rton \u00e9s Pe\u00e1k Barnab\u00e1s is hazat\u00e9r az \u00faj magyar csapatba, Valter Attila elb\u00facs\u00fazott a Vism\u00e1t\u00f3l\" \/>\n<meta property=\"og:description\" content=\"Nagy bejelent\u00e9seket tett a j\u00f6v\u0151re m\u00e1r magyar bejegyz\u00e9s\u0171k\u00e9nt \u00e9s a prokontinent\u00e1lis szinten indul\u00f3 MBH Bank Ballan, mik\u00f6zben Valter Attila letekerte utols\u00f3 verseny\u00e9t a Visma | Lease a Bike mez\u00e9ben.\" \/>\n<meta property=\"og:url\" content=\"https:\/\/www.welovecycling.com\/hu\/orszaguti-kerekpar\/dina-marton-es-peak-barnabas-is-hazater-az-uj-magyar-csapatba-valter-attila-elbucsuzott-a-vismatol\/\" \/>\n<meta property=\"og:site_name\" content=\"\u0160koda We Love Cycling - Magyarorsz\u00e1g\" \/>\n<meta property=\"article:publisher\" content=\"https:\/\/www.facebook.com\/WeLoveCyclingHungary\/\" \/>\n<meta property=\"article:published_time\" content=\"2025-10-21T12:34:57+00:00\" \/>\n<meta property=\"og:image\" content=\"https:\/\/d2p6e6u75xmxt8.cloudfront.net\/12\/2025\/10\/image1.webp\" \/>\n\t<meta property=\"og:image:width\" content=\"1385\" \/>\n\t<meta property=\"og:image:height\" content=\"923\" \/>\n\t<meta property=\"og:image:type\" content=\"image\/webp\" \/>\n<meta name=\"author\" content=\"hegyizs\" \/>\n<meta name=\"twitter:card\" content=\"summary_large_image\" \/>\n<meta name=\"twitter:label1\" content=\"Written by\" \/>\n\t<meta name=\"twitter:data1\" content=\"WLC\" \/>\n\t<meta name=\"twitter:label2\" content=\"Est. reading time\" \/>\n\t<meta name=\"twitter:data2\" content=\"4 minutes\" \/>\n<script type=\"application\/ld+json\" class=\"yoast-schema-graph\">{\"@context\":\"https:\/\/schema.org\",\"@graph\":[{\"@type\":\"WebPage\",\"@id\":\"https:\/\/www.welovecycling.com\/hu\/orszaguti-kerekpar\/dina-marton-es-peak-barnabas-is-hazater-az-uj-magyar-csapatba-valter-attila-elbucsuzott-a-vismatol\/\",\"url\":\"https:\/\/www.welovecycling.com\/hu\/orszaguti-kerekpar\/dina-marton-es-peak-barnabas-is-hazater-az-uj-magyar-csapatba-valter-attila-elbucsuzott-a-vismatol\/\",\"name\":\"Dina M\u00e1rton \u00e9s Pe\u00e1k Barnab\u00e1s is hazat\u00e9r az \u00faj magyar csapatba, Valter Attila elb\u00facs\u00fazott a Vism\u00e1t\u00f3l\",\"isPartOf\":{\"@id\":\"https:\/\/www.welovecycling.com\/hu\/#website\"},\"primaryImageOfPage\":{\"@id\":\"https:\/\/www.welovecycling.com\/hu\/orszaguti-kerekpar\/dina-marton-es-peak-barnabas-is-hazater-az-uj-magyar-csapatba-valter-attila-elbucsuzott-a-vismatol\/#primaryimage\"},\"image\":{\"@id\":\"https:\/\/www.welovecycling.com\/hu\/orszaguti-kerekpar\/dina-marton-es-peak-barnabas-is-hazater-az-uj-magyar-csapatba-valter-attila-elbucsuzott-a-vismatol\/#primaryimage\"},\"thumbnailUrl\":\"https:\/\/d2p6e6u75xmxt8.cloudfront.net\/12\/2025\/10\/image1.webp\",\"datePublished\":\"2025-10-21T12:34:57+00:00\",\"author\":{\"@id\":\"https:\/\/www.welovecycling.com\/hu\/#\/schema\/person\/414a2aebf1801691a5320edb6468e194\"},\"description\":\"Nagy bejelent\u00e9seket tett a j\u00f6v\u0151re m\u00e1r magyar bejegyz\u00e9s\u0171k\u00e9nt \u00e9s a prokontinent\u00e1lis szinten indul\u00f3 MBH Bank Ballan, mik\u00f6zben Valter Attila letekerte utols\u00f3 verseny\u00e9t a Visma | Lease a Bike mez\u00e9ben.\",\"breadcrumb\":{\"@id\":\"https:\/\/www.welovecycling.com\/hu\/orszaguti-kerekpar\/dina-marton-es-peak-barnabas-is-hazater-az-uj-magyar-csapatba-valter-attila-elbucsuzott-a-vismatol\/#breadcrumb\"},\"inLanguage\":\"hu\",\"potentialAction\":[{\"@type\":\"ReadAction\",\"target\":[\"https:\/\/www.welovecycling.com\/hu\/orszaguti-kerekpar\/dina-marton-es-peak-barnabas-is-hazater-az-uj-magyar-csapatba-valter-attila-elbucsuzott-a-vismatol\/\"]}]},{\"@type\":\"ImageObject\",\"inLanguage\":\"hu\",\"@id\":\"https:\/\/www.welovecycling.com\/hu\/orszaguti-kerekpar\/dina-marton-es-peak-barnabas-is-hazater-az-uj-magyar-csapatba-valter-attila-elbucsuzott-a-vismatol\/#primaryimage\",\"url\":\"https:\/\/d2p6e6u75xmxt8.cloudfront.net\/12\/2025\/10\/image1.webp\",\"contentUrl\":\"https:\/\/d2p6e6u75xmxt8.cloudfront.net\/12\/2025\/10\/image1.webp\",\"width\":1385,\"height\":923},{\"@type\":\"BreadcrumbList\",\"@id\":\"https:\/\/www.welovecycling.com\/hu\/orszaguti-kerekpar\/dina-marton-es-peak-barnabas-is-hazater-az-uj-magyar-csapatba-valter-attila-elbucsuzott-a-vismatol\/#breadcrumb\",\"itemListElement\":[{\"@type\":\"ListItem\",\"position\":1,\"name\":\"Home\",\"item\":\"https:\/\/www.welovecycling.com\/hu\/\"},{\"@type\":\"ListItem\",\"position\":2,\"name\":\"Dina M\u00e1rton \u00e9s Pe\u00e1k Barnab\u00e1s is hazat\u00e9r az \u00faj magyar csapatba, Valter Attila elb\u00facs\u00fazott a Vism\u00e1t\u00f3l\"}]},{\"@type\":\"WebSite\",\"@id\":\"https:\/\/www.welovecycling.com\/hu\/#website\",\"url\":\"https:\/\/www.welovecycling.com\/hu\/\",\"name\":\"\u0160koda We Love Cycling - Magyarorsz\u00e1g\",\"description\":\"\u0160koda WeLoveCycling\",\"potentialAction\":[{\"@type\":\"SearchAction\",\"target\":{\"@type\":\"EntryPoint\",\"urlTemplate\":\"https:\/\/www.welovecycling.com\/hu\/?s={search_term_string}\"},\"query-input\":{\"@type\":\"PropertyValueSpecification\",\"valueRequired\":true,\"valueName\":\"search_term_string\"}}],\"inLanguage\":\"hu\"},{\"@type\":\"Person\",\"@id\":\"https:\/\/www.welovecycling.com\/hu\/#\/schema\/person\/414a2aebf1801691a5320edb6468e194\",\"name\":\"hegyizs\",\"image\":{\"@type\":\"ImageObject\",\"inLanguage\":\"hu\",\"@id\":\"https:\/\/www.welovecycling.com\/hu\/#\/schema\/person\/image\/\",\"url\":\"https:\/\/secure.gravatar.com\/avatar\/02cf8a7906b8cf90cecb4679defac7cfd33a1c2e3b88e4903d947f3bb58eedd3?s=96&d=mm&r=g\",\"contentUrl\":\"https:\/\/secure.gravatar.com\/avatar\/02cf8a7906b8cf90cecb4679defac7cfd33a1c2e3b88e4903d947f3bb58eedd3?s=96&d=mm&r=g\",\"caption\":\"hegyizs\"},\"url\":\"https:\/\/www.welovecycling.com\/hu\/author\/hegyizs\/\"}]}<\/script>\n<!-- \/ Yoast SEO Premium plugin. -->","yoast_head_json":{"title":"Dina M\u00e1rton \u00e9s Pe\u00e1k Barnab\u00e1s is hazat\u00e9r az \u00faj magyar csapatba, Valter Attila elb\u00facs\u00fazott a Vism\u00e1t\u00f3l","description":"Nagy bejelent\u00e9seket tett a j\u00f6v\u0151re m\u00e1r magyar bejegyz\u00e9s\u0171k\u00e9nt \u00e9s a prokontinent\u00e1lis szinten indul\u00f3 MBH Bank Ballan, mik\u00f6zben Valter Attila letekerte utols\u00f3 verseny\u00e9t a Visma | Lease a Bike mez\u00e9ben.","robots":{"index":"index","follow":"follow","max-snippet":"max-snippet:-1","max-image-preview":"max-image-preview:large","max-video-preview":"max-video-preview:-1"},"canonical":"https:\/\/www.welovecycling.com\/hu\/orszaguti-kerekpar\/dina-marton-es-peak-barnabas-is-hazater-az-uj-magyar-csapatba-valter-attila-elbucsuzott-a-vismatol\/","og_locale":"hu_HU","og_type":"article","og_title":"Dina M\u00e1rton \u00e9s Pe\u00e1k Barnab\u00e1s is hazat\u00e9r az \u00faj magyar csapatba, Valter Attila elb\u00facs\u00fazott a Vism\u00e1t\u00f3l","og_description":"Nagy bejelent\u00e9seket tett a j\u00f6v\u0151re m\u00e1r magyar bejegyz\u00e9s\u0171k\u00e9nt \u00e9s a prokontinent\u00e1lis szinten indul\u00f3 MBH Bank Ballan, mik\u00f6zben Valter Attila letekerte utols\u00f3 verseny\u00e9t a Visma | Lease a Bike mez\u00e9ben.","og_url":"https:\/\/www.welovecycling.com\/hu\/orszaguti-kerekpar\/dina-marton-es-peak-barnabas-is-hazater-az-uj-magyar-csapatba-valter-attila-elbucsuzott-a-vismatol\/","og_site_name":"\u0160koda We Love Cycling - Magyarorsz\u00e1g","article_publisher":"https:\/\/www.facebook.com\/WeLoveCyclingHungary\/","article_published_time":"2025-10-21T12:34:57+00:00","og_image":[{"width":1385,"height":923,"url":"https:\/\/d2p6e6u75xmxt8.cloudfront.net\/12\/2025\/10\/image1.webp","type":"image\/webp"}],"author":"hegyizs","twitter_card":"summary_large_image","twitter_misc":{"Written by":"WLC","Est. reading time":"4 minutes"},"schema":{"@context":"https:\/\/schema.org","@graph":[{"@type":"WebPage","@id":"https:\/\/www.welovecycling.com\/hu\/orszaguti-kerekpar\/dina-marton-es-peak-barnabas-is-hazater-az-uj-magyar-csapatba-valter-attila-elbucsuzott-a-vismatol\/","url":"https:\/\/www.welovecycling.com\/hu\/orszaguti-kerekpar\/dina-marton-es-peak-barnabas-is-hazater-az-uj-magyar-csapatba-valter-attila-elbucsuzott-a-vismatol\/","name":"Dina M\u00e1rton \u00e9s Pe\u00e1k Barnab\u00e1s is hazat\u00e9r az \u00faj magyar csapatba, Valter Attila elb\u00facs\u00fazott a Vism\u00e1t\u00f3l","isPartOf":{"@id":"https:\/\/www.welovecycling.com\/hu\/#website"},"primaryImageOfPage":{"@id":"https:\/\/www.welovecycling.com\/hu\/orszaguti-kerekpar\/dina-marton-es-peak-barnabas-is-hazater-az-uj-magyar-csapatba-valter-attila-elbucsuzott-a-vismatol\/#primaryimage"},"image":{"@id":"https:\/\/www.welovecycling.com\/hu\/orszaguti-kerekpar\/dina-marton-es-peak-barnabas-is-hazater-az-uj-magyar-csapatba-valter-attila-elbucsuzott-a-vismatol\/#primaryimage"},"thumbnailUrl":"https:\/\/d2p6e6u75xmxt8.cloudfront.net\/12\/2025\/10\/image1.webp","datePublished":"2025-10-21T12:34:57+00:00","author":{"@id":"https:\/\/www.welovecycling.com\/hu\/#\/schema\/person\/414a2aebf1801691a5320edb6468e194"},"description":"Nagy bejelent\u00e9seket tett a j\u00f6v\u0151re m\u00e1r magyar bejegyz\u00e9s\u0171k\u00e9nt \u00e9s a prokontinent\u00e1lis szinten indul\u00f3 MBH Bank Ballan, mik\u00f6zben Valter Attila letekerte utols\u00f3 verseny\u00e9t a Visma | Lease a Bike mez\u00e9ben.","breadcrumb":{"@id":"https:\/\/www.welovecycling.com\/hu\/orszaguti-kerekpar\/dina-marton-es-peak-barnabas-is-hazater-az-uj-magyar-csapatba-valter-attila-elbucsuzott-a-vismatol\/#breadcrumb"},"inLanguage":"hu","potentialAction":[{"@type":"ReadAction","target":["https:\/\/www.welovecycling.com\/hu\/orszaguti-kerekpar\/dina-marton-es-peak-barnabas-is-hazater-az-uj-magyar-csapatba-valter-attila-elbucsuzott-a-vismatol\/"]}]},{"@type":"ImageObject","inLanguage":"hu","@id":"https:\/\/www.welovecycling.com\/hu\/orszaguti-kerekpar\/dina-marton-es-peak-barnabas-is-hazater-az-uj-magyar-csapatba-valter-attila-elbucsuzott-a-vismatol\/#primaryimage","url":"https:\/\/d2p6e6u75xmxt8.cloudfront.net\/12\/2025\/10\/image1.webp","contentUrl":"https:\/\/d2p6e6u75xmxt8.cloudfront.net\/12\/2025\/10\/image1.webp","width":1385,"height":923},{"@type":"BreadcrumbList","@id":"https:\/\/www.welovecycling.com\/hu\/orszaguti-kerekpar\/dina-marton-es-peak-barnabas-is-hazater-az-uj-magyar-csapatba-valter-attila-elbucsuzott-a-vismatol\/#breadcrumb","itemListElement":[{"@type":"ListItem","position":1,"name":"Home","item":"https:\/\/www.welovecycling.com\/hu\/"},{"@type":"ListItem","position":2,"name":"Dina M\u00e1rton \u00e9s Pe\u00e1k Barnab\u00e1s is hazat\u00e9r az \u00faj magyar csapatba, Valter Attila elb\u00facs\u00fazott a Vism\u00e1t\u00f3l"}]},{"@type":"WebSite","@id":"https:\/\/www.welovecycling.com\/hu\/#website","url":"https:\/\/www.welovecycling.com\/hu\/","name":"\u0160koda We Love Cycling - Magyarorsz\u00e1g","description":"\u0160koda WeLoveCycling","potentialAction":[{"@type":"SearchAction","target":{"@type":"EntryPoint","urlTemplate":"https:\/\/www.welovecycling.com\/hu\/?s={search_term_string}"},"query-input":{"@type":"PropertyValueSpecification","valueRequired":true,"valueName":"search_term_string"}}],"inLanguage":"hu"},{"@type":"Person","@id":"https:\/\/www.welovecycling.com\/hu\/#\/schema\/person\/414a2aebf1801691a5320edb6468e194","name":"hegyizs","image":{"@type":"ImageObject","inLanguage":"hu","@id":"https:\/\/www.welovecycling.com\/hu\/#\/schema\/person\/image\/","url":"https:\/\/secure.gravatar.com\/avatar\/02cf8a7906b8cf90cecb4679defac7cfd33a1c2e3b88e4903d947f3bb58eedd3?s=96&d=mm&r=g","contentUrl":"https:\/\/secure.gravatar.com\/avatar\/02cf8a7906b8cf90cecb4679defac7cfd33a1c2e3b88e4903d947f3bb58eedd3?s=96&d=mm&r=g","caption":"hegyizs"},"url":"https:\/\/www.welovecycling.com\/hu\/author\/hegyizs\/"}]}},"_links":{"self":[{"href":"https:\/\/www.welovecycling.com\/hu\/wp-json\/wp\/v2\/posts\/19347","targetHints":{"allow":["GET"]}}],"collection":[{"href":"https:\/\/www.welovecycling.com\/hu\/wp-json\/wp\/v2\/posts"}],"about":[{"href":"https:\/\/www.welovecycling.com\/hu\/wp-json\/wp\/v2\/types\/post"}],"author":[{"embeddable":true,"href":"https:\/\/www.welovecycling.com\/hu\/wp-json\/wp\/v2\/users\/71"}],"replies":[{"embeddable":true,"href":"https:\/\/www.welovecycling.com\/hu\/wp-json\/wp\/v2\/comments?post=19347"}],"version-history":[{"count":1,"href":"https:\/\/www.welovecycling.com\/hu\/wp-json\/wp\/v2\/posts\/19347\/revisions"}],"predecessor-version":[{"id":19353,"href":"https:\/\/www.welovecycling.com\/hu\/wp-json\/wp\/v2\/posts\/19347\/revisions\/19353"}],"wp:featuredmedia":[{"embeddable":true,"href":"https:\/\/www.welovecycling.com\/hu\/wp-json\/wp\/v2\/media\/19348"}],"wp:attachment":[{"href":"https:\/\/www.welovecycling.com\/hu\/wp-json\/wp\/v2\/media?parent=19347"}],"wp:term":[{"taxonomy":"category","embeddable":true,"href":"https:\/\/www.welovecycling.com\/hu\/wp-json\/wp\/v2\/categories?post=19347"},{"taxonomy":"post_tag","embeddable":true,"href":"https:\/\/www.welovecycling.com\/hu\/wp-json\/wp\/v2\/tags?post=19347"},{"taxonomy":"global-categories","embeddable":true,"href":"https:\/\/www.welovecycling.com\/hu\/wp-json\/wp\/v2\/global-categories?post=19347"}],"curies":[{"name":"wp","href":"https:\/\/api.w.org\/{rel}","templated":true}]}}