{"id":19337,"date":"2025-10-27T08:00:21","date_gmt":"2025-10-27T06:00:21","guid":{"rendered":"https:\/\/www.welovecycling.com\/hu\/?p=19337"},"modified":"2025-10-16T15:19:34","modified_gmt":"2025-10-16T13:19:34","slug":"tandemezni-egy-amator-biciklissel-lehetseges-egyaltalan","status":"publish","type":"post","link":"https:\/\/www.welovecycling.com\/hu\/csalad\/tandemezni-egy-amator-biciklissel-lehetseges-egyaltalan\/","title":{"rendered":"Tandemezni egy amat\u0151r biciklissel \u2013 lehets\u00e9ges egy\u00e1ltal\u00e1n?"},"content":{"rendered":"<p><b>Egy laikus sz\u00e1m\u00e1ra a \u201eteker\u00e9s\u201d annyit jelent, hogy \u00f3r\u00e1kra elt\u0171nsz, majd s\u00e1rosan, izzadtan, \u00e9s valahogy egyszerre kipihenten \u00e9s holtf\u00e1radtan t\u00e9rsz haza. Udvariasan \u00fagy tesz, mintha \u00e9rdekeln\u00e9k a Strava-szegmenseid, de valljuk be: nem \u00e9rdeklik. Egy\u00e1ltal\u00e1n nem. Hogyan adhatn\u00e1l neki egy kis \u00edzel\u00edt\u0151t abb\u00f3l, mi\u00e9rt szereted annyira a bring\u00e1z\u00e1st? A v\u00e1lasz: tandem! Egy v\u00e1z, k\u00e9t nyereg, n\u00e9gy ped\u00e1l, \u00e9s m\u00e1ris ott \u00fcl melletted az, aki sosem bring\u00e1zik \u2013 \u00e9s veled egy\u00fctt teker.<\/b><\/p>\n<p><!--more--><\/p>\n<p><span style=\"font-weight: 400;\">Egy tandemmel a nem-biciklis kedvesed is r\u00e9szese lehet az \u00fatnak \u2013 ami sokkal meggy\u0151z\u0151bb, mint b\u00e1rmilyen k\u00e9perny\u0151k\u00e9p az \u00e1tlagsebess\u00e9gedr\u0151l. R\u00e1ada\u00e1sul a tandem nemcsak egy bicikli, hanem egy k\u00f6z\u00f6s \u00e9lm\u00e9ny. J\u00f3 m\u00f3d arra, hogy megoszd a szenved\u00e9lyedet a p\u00e1roddal, bar\u00e1toddal vagy csal\u00e1dtagoddal an\u00e9lk\u00fcl, hogy elv\u00e1rn\u00e1d t\u0151l\u00fck, hogy r\u00f6gt\u00f6n megsz\u00e1llott bring\u00e1sok legyenek. Van azonban p\u00e1r dolog, amit \u00e9rdemes tudnod, miel\u0151tt r\u00e1k\u00e9nyszer\u00edtesz egy gyan\u00fatlan amat\u0151rt a tandem h\u00e1ts\u00f3 \u00fcl\u00e9s\u00e9re.<\/span><\/p>\n<h2><b>Hogyan m\u0171k\u00f6dik a tandem?<\/b><\/h2>\n<p><span style=\"font-weight: 400;\">A tandem \u00fagy n\u00e9z ki, mintha egy norm\u00e1l biciklit valaki Photoshoppal megny\u00fajtott volna, de a m\u0171k\u00f6d\u00e9se egyszer\u0171bb, mint hinn\u00e9d. Az el\u00f6l \u00fcl\u0151 a kapit\u00e1ny: \u0151 ir\u00e1ny\u00edt, f\u00e9kez, v\u00e1lt, \u00e9s \u0151 tartja egyens\u00falyban az eg\u00e9szet. H\u00e1tul \u00fcl a stoker: \u0151 ped\u00e1lozik, lelkes\u00edt, \u00e9s id\u0151nk\u00e9nt felki\u00e1lt: <\/span><i><span style=\"font-weight: 400;\">\u201eBiztos, hogy ez j\u00f3 \u00f6tlet?\u201d<\/span><\/i><\/p>\n<p><span style=\"font-weight: 400;\">Ez a feloszt\u00e1s teszi a tandemeket t\u00f6k\u00e9letess\u00e9 azok sz\u00e1m\u00e1ra, akik nem szoktak biciklizni. A kapit\u00e1ny tartja k\u00e9zben az egyens\u00falyt \u00e9s \u0151 hozza a d\u00f6nt\u00e9seket, a stokernek pedig csak ped\u00e1loznia kell \u2013 \u00e9s visszafognia a k\u00e9sztet\u00e9st, hogy a Titanic jelenet\u00e9t \u00fajraj\u00e1tssza a h\u00e1ts\u00f3 \u00fcl\u00e9sen. \u00cdgy olyan valaki is \u00e1t\u00e9lheti az \u00e9lm\u00e9nyt, akinek nulla bring\u00e1s rutinja van, an\u00e9lk\u00fcl hogy egy f\u00e1nak rohanna.<\/span><\/p>\n<figure id=\"attachment_19338\" aria-describedby=\"caption-attachment-19338\" style=\"width: 900px\" class=\"wp-caption alignnone\"><a href=\"https:\/\/d2p6e6u75xmxt8.cloudfront.net\/12\/2025\/10\/Tandem-bicycle-profimedia-0513528965-CVR.webp\"><img loading=\"lazy\" decoding=\"async\" class=\"wp-image-19338 size-full\" src=\"https:\/\/d2p6e6u75xmxt8.cloudfront.net\/12\/2025\/10\/Tandem-bicycle-profimedia-0513528965-CVR.webp\" alt=\"Tandem cycling\" width=\"900\" height=\"600\" srcset=\"https:\/\/d2p6e6u75xmxt8.cloudfront.net\/12\/2025\/10\/Tandem-bicycle-profimedia-0513528965-CVR.webp 900w, https:\/\/d2p6e6u75xmxt8.cloudfront.net\/12\/2025\/10\/Tandem-bicycle-profimedia-0513528965-CVR-300x200.webp 300w, https:\/\/d2p6e6u75xmxt8.cloudfront.net\/12\/2025\/10\/Tandem-bicycle-profimedia-0513528965-CVR-768x512.webp 768w, https:\/\/d2p6e6u75xmxt8.cloudfront.net\/12\/2025\/10\/Tandem-bicycle-profimedia-0513528965-CVR-400x267.webp 400w, https:\/\/d2p6e6u75xmxt8.cloudfront.net\/12\/2025\/10\/Tandem-bicycle-profimedia-0513528965-CVR-272x182.webp 272w\" sizes=\"auto, (max-width: 900px) 100vw, 900px\" \/><\/a><figcaption id=\"caption-attachment-19338\" class=\"wp-caption-text\"><i><span style=\"font-weight: 400;\">Egy tandemmel b\u00e1rki belek\u00f3stolhat a ker\u00e9kp\u00e1roz\u00e1sba.<\/span><\/i><\/figcaption><\/figure>\n<h2><b>Amit a kapit\u00e1nynak tudnia kell<\/b><\/h2>\n<p><span style=\"font-weight: 400;\">Ha te vagy a nagyobb bring\u00e1s, akkor te vagy a kapit\u00e1ny. Ez azt jelenti, hogy minden felel\u0151ss\u00e9g a te v\u00e1lladon van: egyens\u00faly, ir\u00e1ny\u00edt\u00e1s, f\u00e9kez\u00e9s, \u00e9s az is, hogy ez az eg\u00e9sz ne v\u00e9gz\u0151dj\u00f6n egy katasztrof\u00e1lis vide\u00f3k\u00e9nt a YouTube-on. Amikor egyed\u00fcl tekersz, megengedhetsz magadnak n\u00e9mi billeg\u00e9st, hirtelen f\u00e9kez\u00e9st vagy gyors ir\u00e1nyv\u00e1lt\u00e1sokat. Egy tandemen viszont minden mozdulatod felnagy\u00edtva jut el a h\u00e1tul \u00fcl\u0151 t\u00e1rsad idegrendszer\u00e9ig.<\/span><\/p>\n<p><span style=\"font-weight: 400;\">Az els\u0151 szab\u00e1ly: l\u00e9gy magabiztos. Indulj el \u00f3vatosan de hat\u00e1rozottan, tekerj egyenletesen, \u00e1llj meg finoman \u2013 ett\u0151l \u00e9rzi majd a t\u00e1rsad, hogy biztons\u00e1gban van. Ha egyszer is feld\u00f6nt\u00f6d a biciklit indul\u00e1sn\u00e1l, egy h\u00f3napig hallgatni fogod a csal\u00e1di vacsor\u00e1kn\u00e1l. Kommunik\u00e1lj folyamatosan: sz\u00f3lj el\u0151re a kanyarokr\u00f3l, bukkan\u00f3kr\u00f3l, meg\u00e1ll\u00f3kr\u00f3l. Ne akkor ki\u00e1ltsd, hogy <\/span><i><span style=\"font-weight: 400;\">\u201eg\u00f6d\u00f6r!\u201d<\/span><\/i><span style=\"font-weight: 400;\">, amikor m\u00e1r benne vagytok.<\/span><\/p>\n<p><span style=\"font-weight: 400;\">\u00c9s ami a temp\u00f3t illeti: ne \u00fagy startolj el, mintha egy versenyen lenn\u00e9l! Kezdjetek lassan, tarts\u00e1tok a ritmust, \u00e9s pr\u00f3b\u00e1lj minden esetben kisz\u00e1m\u00edthat\u00f3 \u00e9s egy\u00e9rtelm\u0171 lenni. A h\u00e1tul \u00fcl\u0151 nem egy t\u00fal\u00e9l\u0151tr\u00e9ningen van \u2013 csak pr\u00f3b\u00e1l nem p\u00e1nikolni. Ha nyugodtan, egyenletesen tekersz, \u0151 is ellazul. Ha viszont \u00fagy viselkedsz, mint egy koffeint\u00faladagolt h\u00f6rcs\u00f6g a m\u00f3kusker\u00e9kben, soha t\u00f6bb\u00e9 nem \u00fcl be m\u00f6g\u00e9d.<\/span><\/p>\n<h2><b>Amit a stokernek tudnia kell<\/b><\/h2>\n<p><span style=\"font-weight: 400;\">Els\u0151re k\u00f6nny\u0171nek t\u0171nik a h\u00e1ts\u00f3 \u00fcl\u00e9s: nincs korm\u00e1ny, nincs f\u00e9k, nincs v\u00e1lt\u00f3. Csak \u00fclni kell \u00e9s ped\u00e1lozni, nem? Nos, igen \u2013 \u00e9s nem. Tulajdonk\u00e9ppen a h\u00e1tul \u00fcl\u0151n m\u00falik, hogy a tandem sim\u00e1n suhan, vagy \u00fagy n\u00e9ztek ki, mint egy cirkuszi mutatv\u00e1ny.<\/span><\/p>\n<p><b>Els\u0151 szab\u00e1ly:<\/b><span style=\"font-weight: 400;\"> maradj stabil. Ha hirtelen elfordulsz, hogy megn\u00e9zz egy m\u00f3kust, vagy ny\u00fajt\u00f3zkodni pr\u00f3b\u00e1lsz, mert m\u00e1ris be\u00e1llt a nyakad, az eg\u00e9sz bringa kileng. Maradj k\u00f6z\u00e9pen, legy\u00e9l laza \u00e9s kisz\u00e1m\u00edthat\u00f3.<\/span><\/p>\n<p><b>M\u00e1sodik szab\u00e1ly:<\/b><span style=\"font-weight: 400;\"> tekerj! Nem kell er\u0151b\u0151l, de a ritmust musz\u00e1j tartani. Nincs zavar\u00f3bb ann\u00e1l, mint amikor az egyik\u0151t\u00f6k teker, a m\u00e1sik pedig pihen egy emelked\u0151n.<\/span><\/p>\n<p><span style=\"font-weight: 400;\">\u00c9s a legfontosabb: b\u00edzz a kapit\u00e1nyban. Nincs korm\u00e1nyod \u00e9s nincs f\u00e9ked \u2013 ez el\u0151sz\u00f6r furcsa lehet, de ez a tandem l\u00e9nyege. Az el\u00f6l \u00fcl\u0151 int\u00e9zi a vesz\u00e9lyes r\u00e9szeket, te pedig \u00e9lvezed a kil\u00e1t\u00e1st. Olyan ez, mint egy VIP-bel\u00e9p\u0151 a bring\u00e1z\u00e1s vil\u00e1g\u00e1ba: nincs felel\u0151ss\u00e9g, csak az \u00e9lm\u00e9ny \u2013 n\u00e9ha egy kis adrenalinfr\u00f6ccsel, ha a kapit\u00e1nyod bev\u00e1llal\u00f3sabb a kanyarokban.<\/span><\/p>\n<h2><b>Hogyan lesz ebb\u0151l j\u00f3 \u00e9lm\u00e9ny?<\/b><\/h2>\n<p><span style=\"font-weight: 400;\">Els\u0151 szab\u00e1ly: ha nem akarja, ne er\u0151ltesd. Egy tandemez\u00e9s beleegyez\u00e9s n\u00e9lk\u00fcl ink\u00e1bb t\u00faszejt\u00e9s, mint romantika. Ha viszont benne van, kezdj\u00e9tek kicsiben, egy maximum 20 km-es vagy 2 \u00f3r\u00e1s t\u00far\u00e1val. Tervezz s\u00edk utat, amit nem bor\u00edtanak t\u00fal nagy dombok! Ker\u00fcld a forgalmat \u2013 a parkok, \u00e9s bicikliutak az ide\u00e1lisak, a f\u0151utak pedig egyenesen \u00e9letvesz\u00e9lyesek lehetnek, ameddig nincs tapasztalatotok! Tarts laza temp\u00f3t, ne sprintelj, ne vad\u00e1ssz rekordokat. Ez most nem edz\u00e9s, hanem k\u00f6z\u00f6s m\u00f3ka. De ha a m\u00f6g\u00f6tted \u00fcl\u0151 k\u00e9tszer akkora, mint te, akkor lehet, \u00e9rdemes m\u00e1sik program ut\u00e1n n\u00e9zni. A pozit\u00edv gondolkod\u00e1s sajnos nem ellens\u00falyozza a gravit\u00e1ci\u00f3t.<\/span><\/p>\n<p><span style=\"font-weight: 400;\">Indul\u00e1s el\u0151tt csin\u00e1ljatok egy pr\u00f3bak\u00f6rt egy nagy parkol\u00f3ban. Lass\u00fa temp\u00f3, \u00f3vatos kanyarok, el\u0151re megbesz\u00e9lt strat\u00e9gia. Kommunik\u00e1lj \u00fagy, mint egy l\u00e9giutas-k\u00eds\u00e9r\u0151 \u2013 egy izzad\u00f3s l\u00e9giutas-k\u00eds\u00e9r\u0151, pezsg\u0151s poh\u00e1r n\u00e9lk\u00fcl. \u00c9s ne v\u00e1rj semmit. Ez nem teljes\u00edtm\u00e9nyteszt, hanem nevet\u0151s, bizonytalan, kicsit \u0151r\u00fclt kaland. Ha a v\u00e9g\u00e9n mindketten talpon maradtok \u00e9s m\u00e9g besz\u00e9ltek egym\u00e1ssal, az m\u00e1r siker.<\/span><\/p>\n<h2><b>Mi\u00e9rt \u00e9rdemes kipr\u00f3b\u00e1lni?<\/b><\/h2>\n<p><span style=\"font-weight: 400;\">T\u00e9nyleg sz\u00f3rakoztat\u00f3! R\u00e1ad\u00e1sul egy ritka lehet\u0151s\u00e9g arra, hogy megoszd a szenved\u00e9lyedet valakivel, an\u00e9lk\u00fcl, hogy egyb\u0151l el is vedd t\u0151le a kedv\u00e9t. Semmi spandex, wattm\u00e9r\u00e9s vagy f\u00e9lelmetes hegyi \u00fat. Csak k\u00e9t ember, egy bicikli \u00e9s n\u00e9h\u00e1ny vicces kilom\u00e9ter.<\/span><\/p>\n<p><span style=\"font-weight: 400;\">A tandem elv\u00e9gzi a neh\u00e9z munk\u00e1t: kiegyens\u00falyozza a tud\u00e1sotokat, megosztja az er\u0151t, \u00e9s igazi csapatt\u00e1 kov\u00e1csol. Egy finom bevezet\u00e9s lehet ez a bicikliz\u00e9s vil\u00e1g\u00e1ba egy kezd\u0151nek. Neked pedig remek eml\u00e9keztet\u0151, hogy a teker\u00e9s nem mindig a sebess\u00e9gr\u0151l sz\u00f3l.<\/span><\/p>\n<p><span style=\"font-weight: 400;\">M\u00e9g egy tan\u00e1csunk az\u00e9rt maradt: ne ez legyen ez els\u0151 randid programja! Ink\u00e1bb <\/span><i><span style=\"font-weight: 400;\">\u201ebizalom\u00e9p\u00edt\u0151 gyakorlat sikoltoz\u00e1ssal\u201d<\/span><\/i><span style=\"font-weight: 400;\">, mint romantikus kaland. De ha m\u00e1r ismeritek egym\u00e1st, a tandem az egyik legjobb k\u00f6z\u00f6s bring\u00e1s \u00e9lm\u00e9ny \u2013 \u00e9s bizony\u00edt\u00e9k arra, hogy n\u00e9ha kett\u0151 t\u00e9nyleg jobb, mint egy.<\/span><\/p>\n","protected":false},"excerpt":{"rendered":"<p>Egy laikus sz\u00e1m\u00e1ra a \u201eteker\u00e9s\u201d annyit jelent, hogy \u00f3r\u00e1kra elt\u0171nsz, majd s\u00e1rosan, izzadtan, \u00e9s valahogy egyszerre kipihenten \u00e9s holtf\u00e1radtan t\u00e9rsz [&hellip;]<\/p>\n","protected":false},"author":71,"featured_media":19340,"comment_status":"open","ping_status":"open","sticky":false,"template":"","format":"standard","meta":{"footnotes":""},"categories":[11],"tags":[],"global-categories":[],"class_list":["post-19337","post","type-post","status-publish","format-standard","has-post-thumbnail","hentry","category-csalad"],"yoast_head":"<!-- This site is optimized with the Yoast SEO Premium plugin v25.3 (Yoast SEO v25.9) - https:\/\/yoast.com\/wordpress\/plugins\/seo\/ -->\n<title>Tandemezni egy amat\u0151r biciklissel \u2013 lehets\u00e9ges egy\u00e1ltal\u00e1n?<\/title>\n<meta name=\"description\" content=\"Egy laikus sz\u00e1m\u00e1ra a \u201eteker\u00e9s\u201d annyit jelent, hogy \u00f3r\u00e1kra elt\u0171nsz, majd s\u00e1rosan, izzadtan, \u00e9s valahogy egyszerre kipihenten \u00e9s holtf\u00e1radtan t\u00e9rsz haza. Udvariasan \u00fagy tesz, mintha \u00e9rdekeln\u00e9k a Strava-szegmenseid, de valljuk be: nem \u00e9rdeklik. Egy\u00e1ltal\u00e1n nem. Hogyan adhatn\u00e1l neki egy kis \u00edzel\u00edt\u0151t abb\u00f3l, mi\u00e9rt szereted annyira a bring\u00e1z\u00e1st? A v\u00e1lasz: tandem! Egy v\u00e1z, k\u00e9t nyereg, n\u00e9gy ped\u00e1l, \u00e9s m\u00e1ris ott \u00fcl melletted az, aki sosem bring\u00e1zik \u2013 \u00e9s veled egy\u00fctt teker.\" \/>\n<meta name=\"robots\" content=\"index, follow, max-snippet:-1, max-image-preview:large, max-video-preview:-1\" \/>\n<link rel=\"canonical\" href=\"https:\/\/www.welovecycling.com\/hu\/csalad\/tandemezni-egy-amator-biciklissel-lehetseges-egyaltalan\/\" \/>\n<meta property=\"og:locale\" content=\"hu_HU\" \/>\n<meta property=\"og:type\" content=\"article\" \/>\n<meta property=\"og:title\" content=\"Tandemezni egy amat\u0151r biciklissel \u2013 lehets\u00e9ges egy\u00e1ltal\u00e1n?\" \/>\n<meta property=\"og:description\" content=\"Egy laikus sz\u00e1m\u00e1ra a \u201eteker\u00e9s\u201d annyit jelent, hogy \u00f3r\u00e1kra elt\u0171nsz, majd s\u00e1rosan, izzadtan, \u00e9s valahogy egyszerre kipihenten \u00e9s holtf\u00e1radtan t\u00e9rsz haza. Udvariasan \u00fagy tesz, mintha \u00e9rdekeln\u00e9k a Strava-szegmenseid, de valljuk be: nem \u00e9rdeklik. Egy\u00e1ltal\u00e1n nem. Hogyan adhatn\u00e1l neki egy kis \u00edzel\u00edt\u0151t abb\u00f3l, mi\u00e9rt szereted annyira a bring\u00e1z\u00e1st? A v\u00e1lasz: tandem! Egy v\u00e1z, k\u00e9t nyereg, n\u00e9gy ped\u00e1l, \u00e9s m\u00e1ris ott \u00fcl melletted az, aki sosem bring\u00e1zik \u2013 \u00e9s veled egy\u00fctt teker.\" \/>\n<meta property=\"og:url\" content=\"https:\/\/www.welovecycling.com\/hu\/csalad\/tandemezni-egy-amator-biciklissel-lehetseges-egyaltalan\/\" \/>\n<meta property=\"og:site_name\" content=\"\u0160koda We Love Cycling - Magyarorsz\u00e1g\" \/>\n<meta property=\"article:publisher\" content=\"https:\/\/www.facebook.com\/WeLoveCyclingHungary\/\" \/>\n<meta property=\"article:published_time\" content=\"2025-10-27T06:00:21+00:00\" \/>\n<meta property=\"og:image\" content=\"https:\/\/d2p6e6u75xmxt8.cloudfront.net\/12\/2025\/10\/Tandem-Cycling-profimedia-0577562508.webp\" \/>\n\t<meta property=\"og:image:width\" content=\"990\" \/>\n\t<meta property=\"og:image:height\" content=\"660\" \/>\n\t<meta property=\"og:image:type\" content=\"image\/webp\" \/>\n<meta name=\"author\" content=\"hegyizs\" \/>\n<meta name=\"twitter:card\" content=\"summary_large_image\" \/>\n<meta name=\"twitter:label1\" content=\"Written by\" \/>\n\t<meta name=\"twitter:data1\" content=\"Martin Atanasov\" \/>\n\t<meta name=\"twitter:label2\" content=\"Est. reading time\" \/>\n\t<meta name=\"twitter:data2\" content=\"3\" \/>\n<script type=\"application\/ld+json\" class=\"yoast-schema-graph\">{\"@context\":\"https:\/\/schema.org\",\"@graph\":[{\"@type\":\"WebPage\",\"@id\":\"https:\/\/www.welovecycling.com\/hu\/csalad\/tandemezni-egy-amator-biciklissel-lehetseges-egyaltalan\/\",\"url\":\"https:\/\/www.welovecycling.com\/hu\/csalad\/tandemezni-egy-amator-biciklissel-lehetseges-egyaltalan\/\",\"name\":\"Tandemezni egy amat\u0151r biciklissel \u2013 lehets\u00e9ges egy\u00e1ltal\u00e1n?\",\"isPartOf\":{\"@id\":\"https:\/\/www.welovecycling.com\/hu\/#website\"},\"primaryImageOfPage\":{\"@id\":\"https:\/\/www.welovecycling.com\/hu\/csalad\/tandemezni-egy-amator-biciklissel-lehetseges-egyaltalan\/#primaryimage\"},\"image\":{\"@id\":\"https:\/\/www.welovecycling.com\/hu\/csalad\/tandemezni-egy-amator-biciklissel-lehetseges-egyaltalan\/#primaryimage\"},\"thumbnailUrl\":\"https:\/\/d2p6e6u75xmxt8.cloudfront.net\/12\/2025\/10\/Tandem-Cycling-profimedia-0577562508.webp\",\"datePublished\":\"2025-10-27T06:00:21+00:00\",\"author\":{\"@id\":\"https:\/\/www.welovecycling.com\/hu\/#\/schema\/person\/414a2aebf1801691a5320edb6468e194\"},\"description\":\"Egy laikus sz\u00e1m\u00e1ra a \u201eteker\u00e9s\u201d annyit jelent, hogy \u00f3r\u00e1kra elt\u0171nsz, majd s\u00e1rosan, izzadtan, \u00e9s valahogy egyszerre kipihenten \u00e9s holtf\u00e1radtan t\u00e9rsz haza. Udvariasan \u00fagy tesz, mintha \u00e9rdekeln\u00e9k a Strava-szegmenseid, de valljuk be: nem \u00e9rdeklik. Egy\u00e1ltal\u00e1n nem. Hogyan adhatn\u00e1l neki egy kis \u00edzel\u00edt\u0151t abb\u00f3l, mi\u00e9rt szereted annyira a bring\u00e1z\u00e1st? A v\u00e1lasz: tandem! Egy v\u00e1z, k\u00e9t nyereg, n\u00e9gy ped\u00e1l, \u00e9s m\u00e1ris ott \u00fcl melletted az, aki sosem bring\u00e1zik \u2013 \u00e9s veled egy\u00fctt teker.\",\"breadcrumb\":{\"@id\":\"https:\/\/www.welovecycling.com\/hu\/csalad\/tandemezni-egy-amator-biciklissel-lehetseges-egyaltalan\/#breadcrumb\"},\"inLanguage\":\"hu\",\"potentialAction\":[{\"@type\":\"ReadAction\",\"target\":[\"https:\/\/www.welovecycling.com\/hu\/csalad\/tandemezni-egy-amator-biciklissel-lehetseges-egyaltalan\/\"]}]},{\"@type\":\"ImageObject\",\"inLanguage\":\"hu\",\"@id\":\"https:\/\/www.welovecycling.com\/hu\/csalad\/tandemezni-egy-amator-biciklissel-lehetseges-egyaltalan\/#primaryimage\",\"url\":\"https:\/\/d2p6e6u75xmxt8.cloudfront.net\/12\/2025\/10\/Tandem-Cycling-profimedia-0577562508.webp\",\"contentUrl\":\"https:\/\/d2p6e6u75xmxt8.cloudfront.net\/12\/2025\/10\/Tandem-Cycling-profimedia-0577562508.webp\",\"width\":990,\"height\":660},{\"@type\":\"BreadcrumbList\",\"@id\":\"https:\/\/www.welovecycling.com\/hu\/csalad\/tandemezni-egy-amator-biciklissel-lehetseges-egyaltalan\/#breadcrumb\",\"itemListElement\":[{\"@type\":\"ListItem\",\"position\":1,\"name\":\"Home\",\"item\":\"https:\/\/www.welovecycling.com\/hu\/\"},{\"@type\":\"ListItem\",\"position\":2,\"name\":\"Tandemezni egy amat\u0151r biciklissel \u2013 lehets\u00e9ges egy\u00e1ltal\u00e1n?\"}]},{\"@type\":\"WebSite\",\"@id\":\"https:\/\/www.welovecycling.com\/hu\/#website\",\"url\":\"https:\/\/www.welovecycling.com\/hu\/\",\"name\":\"\u0160koda We Love Cycling - Magyarorsz\u00e1g\",\"description\":\"\u0160koda WeLoveCycling\",\"potentialAction\":[{\"@type\":\"SearchAction\",\"target\":{\"@type\":\"EntryPoint\",\"urlTemplate\":\"https:\/\/www.welovecycling.com\/hu\/?s={search_term_string}\"},\"query-input\":{\"@type\":\"PropertyValueSpecification\",\"valueRequired\":true,\"valueName\":\"search_term_string\"}}],\"inLanguage\":\"hu\"},{\"@type\":\"Person\",\"@id\":\"https:\/\/www.welovecycling.com\/hu\/#\/schema\/person\/414a2aebf1801691a5320edb6468e194\",\"name\":\"hegyizs\",\"image\":{\"@type\":\"ImageObject\",\"inLanguage\":\"hu\",\"@id\":\"https:\/\/www.welovecycling.com\/hu\/#\/schema\/person\/image\/\",\"url\":\"https:\/\/secure.gravatar.com\/avatar\/02cf8a7906b8cf90cecb4679defac7cfd33a1c2e3b88e4903d947f3bb58eedd3?s=96&d=mm&r=g\",\"contentUrl\":\"https:\/\/secure.gravatar.com\/avatar\/02cf8a7906b8cf90cecb4679defac7cfd33a1c2e3b88e4903d947f3bb58eedd3?s=96&d=mm&r=g\",\"caption\":\"hegyizs\"},\"url\":\"https:\/\/www.welovecycling.com\/hu\/author\/hegyizs\/\"}]}<\/script>\n<!-- \/ Yoast SEO Premium plugin. -->","yoast_head_json":{"title":"Tandemezni egy amat\u0151r biciklissel \u2013 lehets\u00e9ges egy\u00e1ltal\u00e1n?","description":"Egy laikus sz\u00e1m\u00e1ra a \u201eteker\u00e9s\u201d annyit jelent, hogy \u00f3r\u00e1kra elt\u0171nsz, majd s\u00e1rosan, izzadtan, \u00e9s valahogy egyszerre kipihenten \u00e9s holtf\u00e1radtan t\u00e9rsz haza. Udvariasan \u00fagy tesz, mintha \u00e9rdekeln\u00e9k a Strava-szegmenseid, de valljuk be: nem \u00e9rdeklik. Egy\u00e1ltal\u00e1n nem. Hogyan adhatn\u00e1l neki egy kis \u00edzel\u00edt\u0151t abb\u00f3l, mi\u00e9rt szereted annyira a bring\u00e1z\u00e1st? A v\u00e1lasz: tandem! Egy v\u00e1z, k\u00e9t nyereg, n\u00e9gy ped\u00e1l, \u00e9s m\u00e1ris ott \u00fcl melletted az, aki sosem bring\u00e1zik \u2013 \u00e9s veled egy\u00fctt teker.","robots":{"index":"index","follow":"follow","max-snippet":"max-snippet:-1","max-image-preview":"max-image-preview:large","max-video-preview":"max-video-preview:-1"},"canonical":"https:\/\/www.welovecycling.com\/hu\/csalad\/tandemezni-egy-amator-biciklissel-lehetseges-egyaltalan\/","og_locale":"hu_HU","og_type":"article","og_title":"Tandemezni egy amat\u0151r biciklissel \u2013 lehets\u00e9ges egy\u00e1ltal\u00e1n?","og_description":"Egy laikus sz\u00e1m\u00e1ra a \u201eteker\u00e9s\u201d annyit jelent, hogy \u00f3r\u00e1kra elt\u0171nsz, majd s\u00e1rosan, izzadtan, \u00e9s valahogy egyszerre kipihenten \u00e9s holtf\u00e1radtan t\u00e9rsz haza. Udvariasan \u00fagy tesz, mintha \u00e9rdekeln\u00e9k a Strava-szegmenseid, de valljuk be: nem \u00e9rdeklik. Egy\u00e1ltal\u00e1n nem. Hogyan adhatn\u00e1l neki egy kis \u00edzel\u00edt\u0151t abb\u00f3l, mi\u00e9rt szereted annyira a bring\u00e1z\u00e1st? A v\u00e1lasz: tandem! Egy v\u00e1z, k\u00e9t nyereg, n\u00e9gy ped\u00e1l, \u00e9s m\u00e1ris ott \u00fcl melletted az, aki sosem bring\u00e1zik \u2013 \u00e9s veled egy\u00fctt teker.","og_url":"https:\/\/www.welovecycling.com\/hu\/csalad\/tandemezni-egy-amator-biciklissel-lehetseges-egyaltalan\/","og_site_name":"\u0160koda We Love Cycling - Magyarorsz\u00e1g","article_publisher":"https:\/\/www.facebook.com\/WeLoveCyclingHungary\/","article_published_time":"2025-10-27T06:00:21+00:00","og_image":[{"width":990,"height":660,"url":"https:\/\/d2p6e6u75xmxt8.cloudfront.net\/12\/2025\/10\/Tandem-Cycling-profimedia-0577562508.webp","type":"image\/webp"}],"author":"hegyizs","twitter_card":"summary_large_image","twitter_misc":{"Written by":"Martin Atanasov","Est. reading time":"3"},"schema":{"@context":"https:\/\/schema.org","@graph":[{"@type":"WebPage","@id":"https:\/\/www.welovecycling.com\/hu\/csalad\/tandemezni-egy-amator-biciklissel-lehetseges-egyaltalan\/","url":"https:\/\/www.welovecycling.com\/hu\/csalad\/tandemezni-egy-amator-biciklissel-lehetseges-egyaltalan\/","name":"Tandemezni egy amat\u0151r biciklissel \u2013 lehets\u00e9ges egy\u00e1ltal\u00e1n?","isPartOf":{"@id":"https:\/\/www.welovecycling.com\/hu\/#website"},"primaryImageOfPage":{"@id":"https:\/\/www.welovecycling.com\/hu\/csalad\/tandemezni-egy-amator-biciklissel-lehetseges-egyaltalan\/#primaryimage"},"image":{"@id":"https:\/\/www.welovecycling.com\/hu\/csalad\/tandemezni-egy-amator-biciklissel-lehetseges-egyaltalan\/#primaryimage"},"thumbnailUrl":"https:\/\/d2p6e6u75xmxt8.cloudfront.net\/12\/2025\/10\/Tandem-Cycling-profimedia-0577562508.webp","datePublished":"2025-10-27T06:00:21+00:00","author":{"@id":"https:\/\/www.welovecycling.com\/hu\/#\/schema\/person\/414a2aebf1801691a5320edb6468e194"},"description":"Egy laikus sz\u00e1m\u00e1ra a \u201eteker\u00e9s\u201d annyit jelent, hogy \u00f3r\u00e1kra elt\u0171nsz, majd s\u00e1rosan, izzadtan, \u00e9s valahogy egyszerre kipihenten \u00e9s holtf\u00e1radtan t\u00e9rsz haza. Udvariasan \u00fagy tesz, mintha \u00e9rdekeln\u00e9k a Strava-szegmenseid, de valljuk be: nem \u00e9rdeklik. Egy\u00e1ltal\u00e1n nem. Hogyan adhatn\u00e1l neki egy kis \u00edzel\u00edt\u0151t abb\u00f3l, mi\u00e9rt szereted annyira a bring\u00e1z\u00e1st? A v\u00e1lasz: tandem! Egy v\u00e1z, k\u00e9t nyereg, n\u00e9gy ped\u00e1l, \u00e9s m\u00e1ris ott \u00fcl melletted az, aki sosem bring\u00e1zik \u2013 \u00e9s veled egy\u00fctt teker.","breadcrumb":{"@id":"https:\/\/www.welovecycling.com\/hu\/csalad\/tandemezni-egy-amator-biciklissel-lehetseges-egyaltalan\/#breadcrumb"},"inLanguage":"hu","potentialAction":[{"@type":"ReadAction","target":["https:\/\/www.welovecycling.com\/hu\/csalad\/tandemezni-egy-amator-biciklissel-lehetseges-egyaltalan\/"]}]},{"@type":"ImageObject","inLanguage":"hu","@id":"https:\/\/www.welovecycling.com\/hu\/csalad\/tandemezni-egy-amator-biciklissel-lehetseges-egyaltalan\/#primaryimage","url":"https:\/\/d2p6e6u75xmxt8.cloudfront.net\/12\/2025\/10\/Tandem-Cycling-profimedia-0577562508.webp","contentUrl":"https:\/\/d2p6e6u75xmxt8.cloudfront.net\/12\/2025\/10\/Tandem-Cycling-profimedia-0577562508.webp","width":990,"height":660},{"@type":"BreadcrumbList","@id":"https:\/\/www.welovecycling.com\/hu\/csalad\/tandemezni-egy-amator-biciklissel-lehetseges-egyaltalan\/#breadcrumb","itemListElement":[{"@type":"ListItem","position":1,"name":"Home","item":"https:\/\/www.welovecycling.com\/hu\/"},{"@type":"ListItem","position":2,"name":"Tandemezni egy amat\u0151r biciklissel \u2013 lehets\u00e9ges egy\u00e1ltal\u00e1n?"}]},{"@type":"WebSite","@id":"https:\/\/www.welovecycling.com\/hu\/#website","url":"https:\/\/www.welovecycling.com\/hu\/","name":"\u0160koda We Love Cycling - Magyarorsz\u00e1g","description":"\u0160koda WeLoveCycling","potentialAction":[{"@type":"SearchAction","target":{"@type":"EntryPoint","urlTemplate":"https:\/\/www.welovecycling.com\/hu\/?s={search_term_string}"},"query-input":{"@type":"PropertyValueSpecification","valueRequired":true,"valueName":"search_term_string"}}],"inLanguage":"hu"},{"@type":"Person","@id":"https:\/\/www.welovecycling.com\/hu\/#\/schema\/person\/414a2aebf1801691a5320edb6468e194","name":"hegyizs","image":{"@type":"ImageObject","inLanguage":"hu","@id":"https:\/\/www.welovecycling.com\/hu\/#\/schema\/person\/image\/","url":"https:\/\/secure.gravatar.com\/avatar\/02cf8a7906b8cf90cecb4679defac7cfd33a1c2e3b88e4903d947f3bb58eedd3?s=96&d=mm&r=g","contentUrl":"https:\/\/secure.gravatar.com\/avatar\/02cf8a7906b8cf90cecb4679defac7cfd33a1c2e3b88e4903d947f3bb58eedd3?s=96&d=mm&r=g","caption":"hegyizs"},"url":"https:\/\/www.welovecycling.com\/hu\/author\/hegyizs\/"}]}},"_links":{"self":[{"href":"https:\/\/www.welovecycling.com\/hu\/wp-json\/wp\/v2\/posts\/19337","targetHints":{"allow":["GET"]}}],"collection":[{"href":"https:\/\/www.welovecycling.com\/hu\/wp-json\/wp\/v2\/posts"}],"about":[{"href":"https:\/\/www.welovecycling.com\/hu\/wp-json\/wp\/v2\/types\/post"}],"author":[{"embeddable":true,"href":"https:\/\/www.welovecycling.com\/hu\/wp-json\/wp\/v2\/users\/71"}],"replies":[{"embeddable":true,"href":"https:\/\/www.welovecycling.com\/hu\/wp-json\/wp\/v2\/comments?post=19337"}],"version-history":[{"count":2,"href":"https:\/\/www.welovecycling.com\/hu\/wp-json\/wp\/v2\/posts\/19337\/revisions"}],"predecessor-version":[{"id":19341,"href":"https:\/\/www.welovecycling.com\/hu\/wp-json\/wp\/v2\/posts\/19337\/revisions\/19341"}],"wp:featuredmedia":[{"embeddable":true,"href":"https:\/\/www.welovecycling.com\/hu\/wp-json\/wp\/v2\/media\/19340"}],"wp:attachment":[{"href":"https:\/\/www.welovecycling.com\/hu\/wp-json\/wp\/v2\/media?parent=19337"}],"wp:term":[{"taxonomy":"category","embeddable":true,"href":"https:\/\/www.welovecycling.com\/hu\/wp-json\/wp\/v2\/categories?post=19337"},{"taxonomy":"post_tag","embeddable":true,"href":"https:\/\/www.welovecycling.com\/hu\/wp-json\/wp\/v2\/tags?post=19337"},{"taxonomy":"global-categories","embeddable":true,"href":"https:\/\/www.welovecycling.com\/hu\/wp-json\/wp\/v2\/global-categories?post=19337"}],"curies":[{"name":"wp","href":"https:\/\/api.w.org\/{rel}","templated":true}]}}