{"id":19332,"date":"2025-10-23T08:00:18","date_gmt":"2025-10-23T06:00:18","guid":{"rendered":"https:\/\/www.welovecycling.com\/hu\/?p=19332"},"modified":"2025-10-08T16:04:56","modified_gmt":"2025-10-08T14:04:56","slug":"a-nyari-labak-elgyaszolasanak-5-fazisa","status":"publish","type":"post","link":"https:\/\/www.welovecycling.com\/hu\/edzes-es-eletmod\/a-nyari-labak-elgyaszolasanak-5-fazisa\/","title":{"rendered":"A ny\u00e1ri l\u00e1bak elgy\u00e1szol\u00e1s\u00e1nak 5 f\u00e1zisa"},"content":{"rendered":"<p><b>Fel\u00fclsz a nyeregbe egy h\u0171v\u00f6s \u0151szi reggelen, m\u00e9g mindig a j\u00faliusi Strava-posztjaid \u00e9s a napbarn\u00edtott \u00f6nel\u00e9g\u00fclts\u00e9g eml\u00e9k\u00e9b\u0151l t\u00e1pl\u00e1lkozva. Azt mondod magadnak, hogy a l\u00e1baidban m\u00e9g mindig ott van a ny\u00e1ri er\u0151. Csak egy kicsit \u201epihentek\u201d. Egy kicsit \u201e\u00fajrakalibr\u00e1l\u00f3dtak\u201d. Elindulsz. Azt\u00e1n a 12. kilom\u00e9tern\u00e9l m\u00e1r tudod.<\/b><\/p>\n<p><!--more--><\/p>\n<p><span style=\"font-weight: 400;\">A l\u00e1baid ny\u00e1ri form\u00e1ja v\u00e9gleg elveszett.<\/span><\/p>\n<p><span style=\"font-weight: 400;\">\u00c9s itt kezd\u0151dik az az \u00e9rzelmi utaz\u00e1s, amin minden bring\u00e1s v\u00e9gigmegy: az \u00f6t szakasz, amikor r\u00e1\u00e9bredsz, hogy a dics\u0151s\u00e9ges, nap erej\u00e9b\u0151l dolgoz\u00f3 ny\u00e1ri izmaid \u00f6sszecsomagoltak, \u00e9s elk\u00f6lt\u00f6ztek a l\u00e1baidb\u00f3l, \u00e9s csak az \u0151szi k\u00f6z\u00e9pszer\u0171s\u00e9get hagyt\u00e1k h\u00e1tra.<\/span><\/p>\n<h2><b>1. f\u00e1zis: Tagad\u00e1s<\/b><\/h2>\n<p><span style=\"font-weight: 400;\">Nem a l\u00e1baiddal van baj. T\u00fal er\u0151s a szembesz\u00e9l. Vagy nem j\u00f3 a guminyom\u00e1s. Vagy tal\u00e1n nem volt m\u00e1r olyan friss az a humusz, amit tegnap ett\u00e9l.\u00a0<\/span><\/p>\n<p><span style=\"font-weight: 400;\">Azt mondod magadnak, hogy ez csak egy rossz nap.<\/span><\/p>\n<p><span style=\"font-weight: 400;\">R\u00e1pillantasz az \u00e1tlagsebess\u00e9gedre \u00e9s idegesen felnevetsz. Meggy\u0151z\u00f6d magad, hogy \u201etartal\u00e9kolod az energi\u00e1t k\u00e9s\u0151bbre\u201d, mik\u00f6zben val\u00f3j\u00e1ban az \u00f6sszes energi\u00e1ddal pr\u00f3b\u00e1lod utol\u00e9rni r\u00e9gi \u00f6nmagad.<\/span><\/p>\n<p><span style=\"font-weight: 400;\">Minden rendben van. Meglesz ez.<\/span><span style=\"font-weight: 400;\"><br \/>\n<\/span><span style=\"font-weight: 400;\">Nem a l\u00e1baiddal van a baj. Csak m\u00e9g kell nekik \u00f6t perc, hogy igaz\u00e1n bemelegedjenek.<\/span><\/p>\n<p><span style=\"font-weight: 400;\">Ugye?<\/span><\/p>\n<h2><b>2. f\u00e1zis: D\u00fch<\/b><\/h2>\n<p><span style=\"font-weight: 400;\">Az els\u0151 emelked\u0151n a combjaid \u00fagy reag\u00e1lnak, mintha t\u00falf\u0151tt spagettik lenn\u00e9nek.<\/span><span style=\"font-weight: 400;\"><br \/>\n<\/span><span style=\"font-weight: 400;\">\u00dclsz. Azt\u00e1n fel\u00e1llsz. Azt\u00e1n vissza\u00fclsz. \u00c9s k\u00f6zben nem csak az emelked\u0151n olyan, mintha lefel\u00e9 menn\u00e9l, de a gondolataid is egyre m\u00e9lyebbre cs\u00fasznak.<\/span><\/p>\n<p><span style=\"font-weight: 400;\">Mi\u00e9rt vagyok ma ilyen gyenge? Hov\u00e1 t\u0171ntek az izmaim? M\u00falt h\u00f3napban sz\u00e1rnyaltam!<\/span><\/p>\n<p><span style=\"font-weight: 400;\">Elkezded \u00e1tkozni a ny\u00e1ri \u00e9nedet, ami\u00e9rt olyan nagyk\u00e9p\u0171 volt. Hib\u00e1ztatod az id\u0151j\u00e1r\u00e1st, a munk\u00e1t, a bar\u00e1taidat, az alv\u00e1st, a polleneket, a Merk\u00fart, ami\u00e9rt \u00e9pp retrogr\u00e1dban van, \u00e9s azt is, aki feltal\u00e1lta az \u0151szt. D\u00fch\u00f6dten nyomsz be egy energiag\u00e9lt \u2013 semmi hat\u00e1s.<\/span><\/p>\n<h2><b>3. f\u00e1zis: Alkudoz\u00e1s<\/b><\/h2>\n<p><span style=\"font-weight: 400;\">Azt mondod magadnak: egy h\u00e9t edz\u00e9s, \u00e9s minden visszaj\u00f6n.<\/span><\/p>\n<p><span style=\"font-weight: 400;\">Tal\u00e1n kell p\u00e1r intervallum-edz\u00e9s. N\u00e9h\u00e1ny hegymenet. Egy l\u00e9b\u00f6jtk\u00fara. Egy \u00faj regener\u00e1ci\u00f3s m\u00f3dszer.<\/span><span style=\"font-weight: 400;\"><br \/>\n<\/span><span style=\"font-weight: 400;\">Tal\u00e1n egy \u00faj zokni? Egy \u00faj zokni mindent megold.<\/span><\/p>\n<p><span style=\"font-weight: 400;\">Be\u00edrod a Google-be, hogy \u201emennyi id\u0151 visszanyerni a legjobb bring\u00e1s form\u00e1t\u201d, mik\u00f6zben f\u00e9l csomag gy\u00f6mb\u00e9res kekszet t\u00f6msz a sz\u00e1dba, energiap\u00f3tl\u00e1s gyan\u00e1nt.<\/span><\/p>\n<p><span style=\"font-weight: 400;\">Meg\u00edg\u00e9red, hogy mostant\u00f3l megint komolyan veszed az edz\u00e9st. Let\u00f6ltesz \u00f6t \u00faj appot. \u00cdrsz egy tervet. Elm\u00e9sz letekerni az els\u0151 adagot &#8211; \u00e9s annyira kif\u00e1radsz, hogy r\u00f6gt\u00f6n le kell fek\u00fcdn\u00f6d szundizni egy kicsit.<\/span><\/p>\n<h2><b>4. f\u00e1zis: Elkeseredetts\u00e9g<\/b><\/h2>\n<p><span style=\"font-weight: 400;\">Elfog a kil\u00e1t\u00e1stalans\u00e1g. Az \u00e1tlagsebess\u00e9ged 3 km\/h-val alacsonyabb, mint p\u00e1r h\u00f3napja volt.<\/span><span style=\"font-weight: 400;\"><br \/>\n<\/span><span style=\"font-weight: 400;\">A sz\u00edvver\u00e9sed magasabb. A teljes\u00edtm\u00e9nyed rosszabb.<\/span><\/p>\n<p><span style=\"font-weight: 400;\">Tulajdonk\u00e9ppen minden rosszabb.<\/span><\/p>\n<p><span style=\"font-weight: 400;\">A bar\u00e1taid azt mondj\u00e1k, hogy ez norm\u00e1lis, mindenkivel megt\u00f6rt\u00e9nik.<\/span><span style=\"font-weight: 400;\"><br \/>\n<\/span><span style=\"font-weight: 400;\">De te tudod, hogy veled sokkal jobban kisz\u00fart az \u0151sz, mint m\u00e1sokkal. Nem csak az er\u0151det vesztetted el, de a hitedet is. \u00c9s lehet, hogy soha nem t\u00e9r vissza egyik sem.<\/span><\/p>\n<h2><b>5. szakasz: Elfogad\u00e1s<\/b><\/h2>\n<p><span style=\"font-weight: 400;\">V\u00e9g\u00fcl bel\u00e1tod, hogy elm\u00falt a ny\u00e1r \u00e9s ennek term\u00e9szetes velej\u00e1r\u00f3ja, hogy egykori form\u00e1dnak is b\u00facs\u00fat kell intened. Nem vagy t\u00f6bb\u00e9 energi\u00e1val teli napisten. Csak egy egyszer\u0171 bring\u00e1s vagy, t\u00e9li \u00e1lomra k\u00e9sz\u00fcl\u0151 l\u00e1bakkal.<\/span><\/p>\n<p><span style=\"font-weight: 400;\">De azt\u00e1n\u2026 \u00e9szreveszed a f\u00e1k aranysz\u00edn\u0171 lombj\u00e1t, a friss leveg\u0151t, a csendes utakat.<\/span><span style=\"font-weight: 400;\"><br \/>\n<\/span><span style=\"font-weight: 400;\">A sebess\u00e9ged tal\u00e1n alacsonyabb, de a kil\u00e1t\u00e1s biztosan szebb. A sz\u00e9l hidegebb, de a k\u00e1v\u00e9, amit a pihen\u0151d alatt iszol, kellemesen meleg.<\/span><\/p>\n<p><span style=\"font-weight: 400;\">\u00c9s r\u00e1j\u00f6ssz, hogy az \u0151szi id\u0151szak nem a l\u00e1bakr\u00f3l, hanem a sz\u00edvr\u0151l sz\u00f3l. A sz\u00edved pedig tekerni akar.<\/span><\/p>\n","protected":false},"excerpt":{"rendered":"<p>Fel\u00fclsz a nyeregbe egy h\u0171v\u00f6s \u0151szi reggelen, m\u00e9g mindig a j\u00faliusi Strava-posztjaid \u00e9s a napbarn\u00edtott \u00f6nel\u00e9g\u00fclts\u00e9g eml\u00e9k\u00e9b\u0151l t\u00e1pl\u00e1lkozva. Azt mondod [&hellip;]<\/p>\n","protected":false},"author":71,"featured_media":16269,"comment_status":"open","ping_status":"open","sticky":false,"template":"","format":"standard","meta":{"footnotes":""},"categories":[6],"tags":[],"global-categories":[],"class_list":["post-19332","post","type-post","status-publish","format-standard","has-post-thumbnail","hentry","category-edzes-es-eletmod"],"yoast_head":"<!-- This site is optimized with the Yoast SEO Premium plugin v25.3 (Yoast SEO v25.9) - https:\/\/yoast.com\/wordpress\/plugins\/seo\/ -->\n<title>A ny\u00e1ri l\u00e1bak elgy\u00e1szol\u00e1s\u00e1nak 5 f\u00e1zisa<\/title>\n<meta name=\"description\" content=\"Fel\u00fclsz a nyeregbe egy h\u0171v\u00f6s \u0151szi reggelen, m\u00e9g mindig a j\u00faliusi Strava-posztjaid \u00e9s a napbarn\u00edtott \u00f6nel\u00e9g\u00fclts\u00e9g eml\u00e9k\u00e9b\u0151l t\u00e1pl\u00e1lkozva. Azt mondod magadnak, hogy a l\u00e1baidban m\u00e9g mindig ott van a ny\u00e1ri er\u0151. Csak egy kicsit \u201epihentek\u201d. Egy kicsit \u201e\u00fajrakalibr\u00e1l\u00f3dtak\u201d. Elindulsz. Azt\u00e1n a 12. kilom\u00e9tern\u00e9l m\u00e1r tudod.\" \/>\n<meta name=\"robots\" content=\"index, follow, max-snippet:-1, max-image-preview:large, max-video-preview:-1\" \/>\n<link rel=\"canonical\" href=\"https:\/\/www.welovecycling.com\/hu\/edzes-es-eletmod\/a-nyari-labak-elgyaszolasanak-5-fazisa\/\" \/>\n<meta property=\"og:locale\" content=\"hu_HU\" \/>\n<meta property=\"og:type\" content=\"article\" \/>\n<meta property=\"og:title\" content=\"A ny\u00e1ri l\u00e1bak elgy\u00e1szol\u00e1s\u00e1nak 5 f\u00e1zisa\" \/>\n<meta property=\"og:description\" content=\"Fel\u00fclsz a nyeregbe egy h\u0171v\u00f6s \u0151szi reggelen, m\u00e9g mindig a j\u00faliusi Strava-posztjaid \u00e9s a napbarn\u00edtott \u00f6nel\u00e9g\u00fclts\u00e9g eml\u00e9k\u00e9b\u0151l t\u00e1pl\u00e1lkozva. Azt mondod magadnak, hogy a l\u00e1baidban m\u00e9g mindig ott van a ny\u00e1ri er\u0151. Csak egy kicsit \u201epihentek\u201d. Egy kicsit \u201e\u00fajrakalibr\u00e1l\u00f3dtak\u201d. Elindulsz. Azt\u00e1n a 12. kilom\u00e9tern\u00e9l m\u00e1r tudod.\" \/>\n<meta property=\"og:url\" content=\"https:\/\/www.welovecycling.com\/hu\/edzes-es-eletmod\/a-nyari-labak-elgyaszolasanak-5-fazisa\/\" \/>\n<meta property=\"og:site_name\" content=\"\u0160koda We Love Cycling - Magyarorsz\u00e1g\" \/>\n<meta property=\"article:publisher\" content=\"https:\/\/www.facebook.com\/WeLoveCyclingHungary\/\" \/>\n<meta property=\"article:published_time\" content=\"2025-10-23T06:00:18+00:00\" \/>\n<meta property=\"og:image\" content=\"https:\/\/d2p6e6u75xmxt8.cloudfront.net\/12\/2022\/10\/Outdoor-Morocco-Summer-profimedia-0689473988-CVR.jpg\" \/>\n\t<meta property=\"og:image:width\" content=\"990\" \/>\n\t<meta property=\"og:image:height\" content=\"660\" \/>\n\t<meta property=\"og:image:type\" content=\"image\/jpeg\" \/>\n<meta name=\"author\" content=\"hegyizs\" \/>\n<meta name=\"twitter:card\" content=\"summary_large_image\" \/>\n<meta name=\"twitter:label1\" content=\"Written by\" \/>\n\t<meta name=\"twitter:data1\" content=\"Monica Buck\" \/>\n\t<meta name=\"twitter:label2\" content=\"Est. reading time\" \/>\n\t<meta name=\"twitter:data2\" content=\"2\" \/>\n<script type=\"application\/ld+json\" class=\"yoast-schema-graph\">{\"@context\":\"https:\/\/schema.org\",\"@graph\":[{\"@type\":\"WebPage\",\"@id\":\"https:\/\/www.welovecycling.com\/hu\/edzes-es-eletmod\/a-nyari-labak-elgyaszolasanak-5-fazisa\/\",\"url\":\"https:\/\/www.welovecycling.com\/hu\/edzes-es-eletmod\/a-nyari-labak-elgyaszolasanak-5-fazisa\/\",\"name\":\"A ny\u00e1ri l\u00e1bak elgy\u00e1szol\u00e1s\u00e1nak 5 f\u00e1zisa\",\"isPartOf\":{\"@id\":\"https:\/\/www.welovecycling.com\/hu\/#website\"},\"primaryImageOfPage\":{\"@id\":\"https:\/\/www.welovecycling.com\/hu\/edzes-es-eletmod\/a-nyari-labak-elgyaszolasanak-5-fazisa\/#primaryimage\"},\"image\":{\"@id\":\"https:\/\/www.welovecycling.com\/hu\/edzes-es-eletmod\/a-nyari-labak-elgyaszolasanak-5-fazisa\/#primaryimage\"},\"thumbnailUrl\":\"https:\/\/d2p6e6u75xmxt8.cloudfront.net\/12\/2022\/10\/Outdoor-Morocco-Summer-profimedia-0689473988-CVR.jpg\",\"datePublished\":\"2025-10-23T06:00:18+00:00\",\"author\":{\"@id\":\"https:\/\/www.welovecycling.com\/hu\/#\/schema\/person\/414a2aebf1801691a5320edb6468e194\"},\"description\":\"Fel\u00fclsz a nyeregbe egy h\u0171v\u00f6s \u0151szi reggelen, m\u00e9g mindig a j\u00faliusi Strava-posztjaid \u00e9s a napbarn\u00edtott \u00f6nel\u00e9g\u00fclts\u00e9g eml\u00e9k\u00e9b\u0151l t\u00e1pl\u00e1lkozva. Azt mondod magadnak, hogy a l\u00e1baidban m\u00e9g mindig ott van a ny\u00e1ri er\u0151. Csak egy kicsit \u201epihentek\u201d. Egy kicsit \u201e\u00fajrakalibr\u00e1l\u00f3dtak\u201d. Elindulsz. Azt\u00e1n a 12. kilom\u00e9tern\u00e9l m\u00e1r tudod.\",\"breadcrumb\":{\"@id\":\"https:\/\/www.welovecycling.com\/hu\/edzes-es-eletmod\/a-nyari-labak-elgyaszolasanak-5-fazisa\/#breadcrumb\"},\"inLanguage\":\"hu\",\"potentialAction\":[{\"@type\":\"ReadAction\",\"target\":[\"https:\/\/www.welovecycling.com\/hu\/edzes-es-eletmod\/a-nyari-labak-elgyaszolasanak-5-fazisa\/\"]}]},{\"@type\":\"ImageObject\",\"inLanguage\":\"hu\",\"@id\":\"https:\/\/www.welovecycling.com\/hu\/edzes-es-eletmod\/a-nyari-labak-elgyaszolasanak-5-fazisa\/#primaryimage\",\"url\":\"https:\/\/d2p6e6u75xmxt8.cloudfront.net\/12\/2022\/10\/Outdoor-Morocco-Summer-profimedia-0689473988-CVR.jpg\",\"contentUrl\":\"https:\/\/d2p6e6u75xmxt8.cloudfront.net\/12\/2022\/10\/Outdoor-Morocco-Summer-profimedia-0689473988-CVR.jpg\",\"width\":990,\"height\":660},{\"@type\":\"BreadcrumbList\",\"@id\":\"https:\/\/www.welovecycling.com\/hu\/edzes-es-eletmod\/a-nyari-labak-elgyaszolasanak-5-fazisa\/#breadcrumb\",\"itemListElement\":[{\"@type\":\"ListItem\",\"position\":1,\"name\":\"Home\",\"item\":\"https:\/\/www.welovecycling.com\/hu\/\"},{\"@type\":\"ListItem\",\"position\":2,\"name\":\"A ny\u00e1ri l\u00e1bak elgy\u00e1szol\u00e1s\u00e1nak 5 f\u00e1zisa\"}]},{\"@type\":\"WebSite\",\"@id\":\"https:\/\/www.welovecycling.com\/hu\/#website\",\"url\":\"https:\/\/www.welovecycling.com\/hu\/\",\"name\":\"\u0160koda We Love Cycling - Magyarorsz\u00e1g\",\"description\":\"\u0160koda WeLoveCycling\",\"potentialAction\":[{\"@type\":\"SearchAction\",\"target\":{\"@type\":\"EntryPoint\",\"urlTemplate\":\"https:\/\/www.welovecycling.com\/hu\/?s={search_term_string}\"},\"query-input\":{\"@type\":\"PropertyValueSpecification\",\"valueRequired\":true,\"valueName\":\"search_term_string\"}}],\"inLanguage\":\"hu\"},{\"@type\":\"Person\",\"@id\":\"https:\/\/www.welovecycling.com\/hu\/#\/schema\/person\/414a2aebf1801691a5320edb6468e194\",\"name\":\"hegyizs\",\"image\":{\"@type\":\"ImageObject\",\"inLanguage\":\"hu\",\"@id\":\"https:\/\/www.welovecycling.com\/hu\/#\/schema\/person\/image\/\",\"url\":\"https:\/\/secure.gravatar.com\/avatar\/02cf8a7906b8cf90cecb4679defac7cfd33a1c2e3b88e4903d947f3bb58eedd3?s=96&d=mm&r=g\",\"contentUrl\":\"https:\/\/secure.gravatar.com\/avatar\/02cf8a7906b8cf90cecb4679defac7cfd33a1c2e3b88e4903d947f3bb58eedd3?s=96&d=mm&r=g\",\"caption\":\"hegyizs\"},\"url\":\"https:\/\/www.welovecycling.com\/hu\/author\/hegyizs\/\"}]}<\/script>\n<!-- \/ Yoast SEO Premium plugin. -->","yoast_head_json":{"title":"A ny\u00e1ri l\u00e1bak elgy\u00e1szol\u00e1s\u00e1nak 5 f\u00e1zisa","description":"Fel\u00fclsz a nyeregbe egy h\u0171v\u00f6s \u0151szi reggelen, m\u00e9g mindig a j\u00faliusi Strava-posztjaid \u00e9s a napbarn\u00edtott \u00f6nel\u00e9g\u00fclts\u00e9g eml\u00e9k\u00e9b\u0151l t\u00e1pl\u00e1lkozva. Azt mondod magadnak, hogy a l\u00e1baidban m\u00e9g mindig ott van a ny\u00e1ri er\u0151. Csak egy kicsit \u201epihentek\u201d. Egy kicsit \u201e\u00fajrakalibr\u00e1l\u00f3dtak\u201d. Elindulsz. Azt\u00e1n a 12. kilom\u00e9tern\u00e9l m\u00e1r tudod.","robots":{"index":"index","follow":"follow","max-snippet":"max-snippet:-1","max-image-preview":"max-image-preview:large","max-video-preview":"max-video-preview:-1"},"canonical":"https:\/\/www.welovecycling.com\/hu\/edzes-es-eletmod\/a-nyari-labak-elgyaszolasanak-5-fazisa\/","og_locale":"hu_HU","og_type":"article","og_title":"A ny\u00e1ri l\u00e1bak elgy\u00e1szol\u00e1s\u00e1nak 5 f\u00e1zisa","og_description":"Fel\u00fclsz a nyeregbe egy h\u0171v\u00f6s \u0151szi reggelen, m\u00e9g mindig a j\u00faliusi Strava-posztjaid \u00e9s a napbarn\u00edtott \u00f6nel\u00e9g\u00fclts\u00e9g eml\u00e9k\u00e9b\u0151l t\u00e1pl\u00e1lkozva. Azt mondod magadnak, hogy a l\u00e1baidban m\u00e9g mindig ott van a ny\u00e1ri er\u0151. Csak egy kicsit \u201epihentek\u201d. Egy kicsit \u201e\u00fajrakalibr\u00e1l\u00f3dtak\u201d. Elindulsz. Azt\u00e1n a 12. kilom\u00e9tern\u00e9l m\u00e1r tudod.","og_url":"https:\/\/www.welovecycling.com\/hu\/edzes-es-eletmod\/a-nyari-labak-elgyaszolasanak-5-fazisa\/","og_site_name":"\u0160koda We Love Cycling - Magyarorsz\u00e1g","article_publisher":"https:\/\/www.facebook.com\/WeLoveCyclingHungary\/","article_published_time":"2025-10-23T06:00:18+00:00","og_image":[{"width":990,"height":660,"url":"https:\/\/d2p6e6u75xmxt8.cloudfront.net\/12\/2022\/10\/Outdoor-Morocco-Summer-profimedia-0689473988-CVR.jpg","type":"image\/jpeg"}],"author":"hegyizs","twitter_card":"summary_large_image","twitter_misc":{"Written by":"Monica Buck","Est. reading time":"2"},"schema":{"@context":"https:\/\/schema.org","@graph":[{"@type":"WebPage","@id":"https:\/\/www.welovecycling.com\/hu\/edzes-es-eletmod\/a-nyari-labak-elgyaszolasanak-5-fazisa\/","url":"https:\/\/www.welovecycling.com\/hu\/edzes-es-eletmod\/a-nyari-labak-elgyaszolasanak-5-fazisa\/","name":"A ny\u00e1ri l\u00e1bak elgy\u00e1szol\u00e1s\u00e1nak 5 f\u00e1zisa","isPartOf":{"@id":"https:\/\/www.welovecycling.com\/hu\/#website"},"primaryImageOfPage":{"@id":"https:\/\/www.welovecycling.com\/hu\/edzes-es-eletmod\/a-nyari-labak-elgyaszolasanak-5-fazisa\/#primaryimage"},"image":{"@id":"https:\/\/www.welovecycling.com\/hu\/edzes-es-eletmod\/a-nyari-labak-elgyaszolasanak-5-fazisa\/#primaryimage"},"thumbnailUrl":"https:\/\/d2p6e6u75xmxt8.cloudfront.net\/12\/2022\/10\/Outdoor-Morocco-Summer-profimedia-0689473988-CVR.jpg","datePublished":"2025-10-23T06:00:18+00:00","author":{"@id":"https:\/\/www.welovecycling.com\/hu\/#\/schema\/person\/414a2aebf1801691a5320edb6468e194"},"description":"Fel\u00fclsz a nyeregbe egy h\u0171v\u00f6s \u0151szi reggelen, m\u00e9g mindig a j\u00faliusi Strava-posztjaid \u00e9s a napbarn\u00edtott \u00f6nel\u00e9g\u00fclts\u00e9g eml\u00e9k\u00e9b\u0151l t\u00e1pl\u00e1lkozva. Azt mondod magadnak, hogy a l\u00e1baidban m\u00e9g mindig ott van a ny\u00e1ri er\u0151. Csak egy kicsit \u201epihentek\u201d. Egy kicsit \u201e\u00fajrakalibr\u00e1l\u00f3dtak\u201d. Elindulsz. Azt\u00e1n a 12. kilom\u00e9tern\u00e9l m\u00e1r tudod.","breadcrumb":{"@id":"https:\/\/www.welovecycling.com\/hu\/edzes-es-eletmod\/a-nyari-labak-elgyaszolasanak-5-fazisa\/#breadcrumb"},"inLanguage":"hu","potentialAction":[{"@type":"ReadAction","target":["https:\/\/www.welovecycling.com\/hu\/edzes-es-eletmod\/a-nyari-labak-elgyaszolasanak-5-fazisa\/"]}]},{"@type":"ImageObject","inLanguage":"hu","@id":"https:\/\/www.welovecycling.com\/hu\/edzes-es-eletmod\/a-nyari-labak-elgyaszolasanak-5-fazisa\/#primaryimage","url":"https:\/\/d2p6e6u75xmxt8.cloudfront.net\/12\/2022\/10\/Outdoor-Morocco-Summer-profimedia-0689473988-CVR.jpg","contentUrl":"https:\/\/d2p6e6u75xmxt8.cloudfront.net\/12\/2022\/10\/Outdoor-Morocco-Summer-profimedia-0689473988-CVR.jpg","width":990,"height":660},{"@type":"BreadcrumbList","@id":"https:\/\/www.welovecycling.com\/hu\/edzes-es-eletmod\/a-nyari-labak-elgyaszolasanak-5-fazisa\/#breadcrumb","itemListElement":[{"@type":"ListItem","position":1,"name":"Home","item":"https:\/\/www.welovecycling.com\/hu\/"},{"@type":"ListItem","position":2,"name":"A ny\u00e1ri l\u00e1bak elgy\u00e1szol\u00e1s\u00e1nak 5 f\u00e1zisa"}]},{"@type":"WebSite","@id":"https:\/\/www.welovecycling.com\/hu\/#website","url":"https:\/\/www.welovecycling.com\/hu\/","name":"\u0160koda We Love Cycling - Magyarorsz\u00e1g","description":"\u0160koda WeLoveCycling","potentialAction":[{"@type":"SearchAction","target":{"@type":"EntryPoint","urlTemplate":"https:\/\/www.welovecycling.com\/hu\/?s={search_term_string}"},"query-input":{"@type":"PropertyValueSpecification","valueRequired":true,"valueName":"search_term_string"}}],"inLanguage":"hu"},{"@type":"Person","@id":"https:\/\/www.welovecycling.com\/hu\/#\/schema\/person\/414a2aebf1801691a5320edb6468e194","name":"hegyizs","image":{"@type":"ImageObject","inLanguage":"hu","@id":"https:\/\/www.welovecycling.com\/hu\/#\/schema\/person\/image\/","url":"https:\/\/secure.gravatar.com\/avatar\/02cf8a7906b8cf90cecb4679defac7cfd33a1c2e3b88e4903d947f3bb58eedd3?s=96&d=mm&r=g","contentUrl":"https:\/\/secure.gravatar.com\/avatar\/02cf8a7906b8cf90cecb4679defac7cfd33a1c2e3b88e4903d947f3bb58eedd3?s=96&d=mm&r=g","caption":"hegyizs"},"url":"https:\/\/www.welovecycling.com\/hu\/author\/hegyizs\/"}]}},"_links":{"self":[{"href":"https:\/\/www.welovecycling.com\/hu\/wp-json\/wp\/v2\/posts\/19332","targetHints":{"allow":["GET"]}}],"collection":[{"href":"https:\/\/www.welovecycling.com\/hu\/wp-json\/wp\/v2\/posts"}],"about":[{"href":"https:\/\/www.welovecycling.com\/hu\/wp-json\/wp\/v2\/types\/post"}],"author":[{"embeddable":true,"href":"https:\/\/www.welovecycling.com\/hu\/wp-json\/wp\/v2\/users\/71"}],"replies":[{"embeddable":true,"href":"https:\/\/www.welovecycling.com\/hu\/wp-json\/wp\/v2\/comments?post=19332"}],"version-history":[{"count":1,"href":"https:\/\/www.welovecycling.com\/hu\/wp-json\/wp\/v2\/posts\/19332\/revisions"}],"predecessor-version":[{"id":19333,"href":"https:\/\/www.welovecycling.com\/hu\/wp-json\/wp\/v2\/posts\/19332\/revisions\/19333"}],"wp:featuredmedia":[{"embeddable":true,"href":"https:\/\/www.welovecycling.com\/hu\/wp-json\/wp\/v2\/media\/16269"}],"wp:attachment":[{"href":"https:\/\/www.welovecycling.com\/hu\/wp-json\/wp\/v2\/media?parent=19332"}],"wp:term":[{"taxonomy":"category","embeddable":true,"href":"https:\/\/www.welovecycling.com\/hu\/wp-json\/wp\/v2\/categories?post=19332"},{"taxonomy":"post_tag","embeddable":true,"href":"https:\/\/www.welovecycling.com\/hu\/wp-json\/wp\/v2\/tags?post=19332"},{"taxonomy":"global-categories","embeddable":true,"href":"https:\/\/www.welovecycling.com\/hu\/wp-json\/wp\/v2\/global-categories?post=19332"}],"curies":[{"name":"wp","href":"https:\/\/api.w.org\/{rel}","templated":true}]}}