{"id":19315,"date":"2025-09-30T14:40:46","date_gmt":"2025-09-30T12:40:46","guid":{"rendered":"https:\/\/www.welovecycling.com\/hu\/?p=19315"},"modified":"2025-09-30T14:40:46","modified_gmt":"2025-09-30T12:40:46","slug":"harmincan-eltek-tul-az-afrikai-hegyi-poklot-pogacar-megvedte-cimet-a-tortenelmi-vb-n-valter-attila-nem-ert-celba","status":"publish","type":"post","link":"https:\/\/www.welovecycling.com\/hu\/orszaguti-kerekpar\/harmincan-eltek-tul-az-afrikai-hegyi-poklot-pogacar-megvedte-cimet-a-tortenelmi-vb-n-valter-attila-nem-ert-celba\/","title":{"rendered":"Harmincan \u201e\u00e9lt\u00e9k t\u00fal\u201d az afrikai hegyi poklot: Poga\u010dar megv\u00e9dte c\u00edm\u00e9t a t\u00f6rt\u00e9nelmi vb-n, Valter Attila nem \u00e9rt c\u00e9lba"},"content":{"rendered":"<p><b>Az els\u0151 Afrik\u00e1ban megrendezett orsz\u00e1g\u00fati vil\u00e1gbajnoks\u00e1g b\u0151ven tartogatott izgalmakat. A c\u00edmv\u00e9d\u0151 Tadej Poga\u010dart ezzel egy\u00fctt sem lehetett kiz\u00f6kkenteni, a n\u0151i mez\u0151nyversenyben viszont h\u00e9tm\u00e9rf\u00f6ldes meglepet\u00e9s sz\u00fcletett.<\/b><!--more--><\/p>\n<p><span style=\"font-weight: 400;\">A nemzetk\u00f6zi sz\u00f6vets\u00e9g, az UCI \u2013 a legt\u00f6bb sport\u00e1gi anyaszervezethez hasonl\u00f3an \u2013 igyekszik kitolni a hat\u00e1rokat, \u00e9s \u00faj ter\u00fcleteket, piacokat bevonzani a profi szintre is, ezen globaliz\u00e1ci\u00f3s t\u00f6rekv\u00e9sek ment\u00e9n jutottunk el az els\u0151re igen mer\u00e9sznek hangz\u00f3 \u00f6tletig, az els\u0151 afrikai orsz\u00e1g\u00fati vil\u00e1gbajnoks\u00e1g megrendez\u00e9s\u00e9ig.\u00a0<\/span><\/p>\n<p><span style=\"font-weight: 400;\">Az idei vb-re \u00edgy Ruand\u00e1ban ker\u00fclt sor, amelyet szok\u00e1s \u201eAfrika Sv\u00e1jc\u00e1nak\u201d is nevezni, de ez nyilv\u00e1n ottani m\u00e9rc\u00e9vel igaz legfeljebb (\u00e9s ink\u00e1bb a f\u00f6ldrajzi fekv\u00e9s\u00e9re, a hegyvid\u00e9ki jelleg\u00e9re vonatkoz\u00f3an): sok esetben a vb-n is eg\u00e9szen harmadik vil\u00e1gbeli \u00e1llapotok uralkodtak, annak ellen\u00e9re, hogy t\u00e9ny, a hatalmas n\u00e9ps\u0171r\u0171s\u00e9g\u0171 k\u00f6z\u00e9p-afrikai orsz\u00e1g a harminc \u00e9vvel ezel\u0151tt lez\u00e1rult, az \u00fajkori t\u00f6rt\u00e9nelem egyik legv\u00e9resebb n\u00e9pirt\u00e1s\u00e1ba torkoll\u00f3 polg\u00e1rh\u00e1bor\u00faja \u00f3ta rengeteget fejl\u0151d\u00f6tt, f\u0151leg afrikai l\u00e9pt\u00e9kkel. <\/span><\/p>\n<figure id=\"attachment_19317\" aria-describedby=\"caption-attachment-19317\" style=\"width: 1024px\" class=\"wp-caption alignnone\"><img loading=\"lazy\" decoding=\"async\" class=\"size-large wp-image-19317\" src=\"https:\/\/d2p6e6u75xmxt8.cloudfront.net\/12\/2025\/09\/image002-min-1-1024x683.webp\" alt=\"\" width=\"1024\" height=\"683\" srcset=\"https:\/\/d2p6e6u75xmxt8.cloudfront.net\/12\/2025\/09\/image002-min-1-1024x683.webp 1024w, https:\/\/d2p6e6u75xmxt8.cloudfront.net\/12\/2025\/09\/image002-min-1-300x200.webp 300w, https:\/\/d2p6e6u75xmxt8.cloudfront.net\/12\/2025\/09\/image002-min-1-768x512.webp 768w, https:\/\/d2p6e6u75xmxt8.cloudfront.net\/12\/2025\/09\/image002-min-1-400x267.webp 400w, https:\/\/d2p6e6u75xmxt8.cloudfront.net\/12\/2025\/09\/image002-min-1-272x182.webp 272w, https:\/\/d2p6e6u75xmxt8.cloudfront.net\/12\/2025\/09\/image002-min-1.webp 1387w\" sizes=\"auto, (max-width: 1024px) 100vw, 1024px\" \/><figcaption id=\"caption-attachment-19317\" class=\"wp-caption-text\">Nem \u00e9ppen szokv\u00e1nyos k\u00e9pek orsz\u00e1g\u00fati vil\u00e1gbajnoks\u00e1gr\u00f3l (Fot\u00f3: Stefano Sirotti\/sirotti.it)<\/figcaption><\/figure>\n<p><span style=\"font-weight: 400;\">A mez\u0151nyt \u00edgy a megfelel\u0151 olt\u00e1sok felv\u00e9tele, mal\u00e1riatabletta \u00e9s hasonl\u00f3 nyal\u00e1nks\u00e1gok mellett egy\u00e9b olyan, b\u0151ven szokatlannak mondhat\u00f3 kih\u00edv\u00e1sok el\u00e9 \u00e1ll\u00edtott\u00e1k a szervez\u0151k, mint a pocs\u00e9k ruandai leveg\u0151- \u00e9s \u00fatmin\u0151s\u00e9g vagy a magaslati p\u00e1lya, minden id\u0151k legdurv\u00e1bb vb-mez\u0151nyversenyes szintemelked\u00e9s\u00e9vel. A 267,5 kilom\u00e9ter alatt lek\u00fczdend\u0151 5,475 m\u00e9ternyi \u00f6ssz-szint ugyanis m\u00e9g kiugr\u00f3an extr\u00e9m a vb-k t\u00f6rt\u00e9net\u00e9ben: az eddigi rekordot a h\u00e9t \u00e9vvel ezel\u0151tti, innsbrucki vb tartotta, \u00e9pp csak \u00f6tezer m\u00e9ter f\u00f6l\u00e9 menve (5080). Nem v\u00e9letlen\u00fcl <\/span><a href=\"https:\/\/www.eurosport.hu\/kerekpar\/orszaguti-vilagbajnoksag\/2025\/valter-attila-vilagbajnoksag-kigali_sto23225785\/story.shtml\"><span style=\"font-weight: 400;\">mondta azt a vb el\u0151tt<\/span><\/a><span style=\"font-weight: 400;\"> a nemr\u00e9g <\/span><a href=\"https:\/\/www.welovecycling.com\/hu\/orszaguti-kerekpar\/a-vilag-legjobb-csapataban-versenyeztem-megis-szegyelltem-magam-valter-attila-a-we-love-cycling-magazinnak-a-maga-mogott-hagyott-melypontrol\/\"><span style=\"font-weight: 400;\">a We Love Cyclingnak is interj\u00fat ad\u00f3 Valter Attila<\/span><\/a><span style=\"font-weight: 400;\">, hogy itt az \u00e9let\u00fck\u00e9rt fognak k\u00fczdeni \u2013 \u00e9s nem v\u00e9letlen, hogy a 165 indul\u00f3b\u00f3l v\u00e9g\u00fcl mind\u00f6ssze harmincan fejezt\u00e9k be a pokolian neh\u00e9z versenyt\u2026<\/span><\/p>\n<p><span style=\"font-weight: 400;\">Ehhez persze az is hozz\u00e1j\u00e1rult, hogy a felad\u00e1sok mellett a szervez\u0151k is ritk\u00edtott\u00e1k a mez\u0151nyt oly m\u00f3don, hogy az \u00e9lbolyt\u00f3l t\u00fals\u00e1gosan leszakad\u00f3 csoportokat, versenyz\u0151ket \u201ekivett\u00e9k\u201d a versenyb\u0151l. \u00c9ppen ez t\u00f6rt\u00e9nt Valter Attil\u00e1val is, aki b\u00e1r sok\u00e1ig remek\u00fcl helyezkedett, Tadej Poga\u010dar 105 km-rel a c\u00e9l el\u0151tt megh\u00fazott ritmusv\u00e1lt\u00e1s\u00e1t sokakkal egyetemben \u0151 sem tudta lereag\u00e1lni, \u00edgy az utols\u00f3 h\u00e1rom k\u00f6rre fordulva, majd\u2019 t\u00edzperces h\u00e1tr\u00e1nyban az \u0151 csoportj\u00e1t is kitess\u00e9kelt\u00e9k a szervez\u0151k.<\/span><\/p>\n<figure id=\"attachment_19318\" aria-describedby=\"caption-attachment-19318\" style=\"width: 1024px\" class=\"wp-caption alignnone\"><img loading=\"lazy\" decoding=\"async\" class=\"size-large wp-image-19318\" src=\"https:\/\/d2p6e6u75xmxt8.cloudfront.net\/12\/2025\/09\/image003-min-1-1024x683.webp\" alt=\"\" width=\"1024\" height=\"683\" srcset=\"https:\/\/d2p6e6u75xmxt8.cloudfront.net\/12\/2025\/09\/image003-min-1-1024x683.webp 1024w, https:\/\/d2p6e6u75xmxt8.cloudfront.net\/12\/2025\/09\/image003-min-1-300x200.webp 300w, https:\/\/d2p6e6u75xmxt8.cloudfront.net\/12\/2025\/09\/image003-min-1-768x512.webp 768w, https:\/\/d2p6e6u75xmxt8.cloudfront.net\/12\/2025\/09\/image003-min-1-400x267.webp 400w, https:\/\/d2p6e6u75xmxt8.cloudfront.net\/12\/2025\/09\/image003-min-1-272x182.webp 272w, https:\/\/d2p6e6u75xmxt8.cloudfront.net\/12\/2025\/09\/image003-min-1.webp 1200w\" sizes=\"auto, (max-width: 1024px) 100vw, 1024px\" \/><figcaption id=\"caption-attachment-19318\" class=\"wp-caption-text\">Csak a \u201eszok\u00e1sos\u201d: Tadej Poga\u010dar \u00f6r\u00f6me a nap v\u00e9g\u00e9n (Fot\u00f3: Chris Auld\/SWpix.com)<\/figcaption><\/figure>\n<p><span style=\"font-weight: 400;\">Ami pedig Poga\u010dart illeti: noha szinte mindenki \u201etudta\u201d, hogy a szlov\u00e9n vil\u00e1gbajnok val\u00f3sz\u00edn\u0171leg a legmeredekebb hegyen, a Mount Kigalin fog majd t\u00e1madni, \u00e9rdemben csak a k\u00e9t emirateses csapatt\u00e1rsa, az ez\u00fattal a mexik\u00f3i, illetve spanyol nemzeti mezben teker\u0151 Isaac Del Toro \u00e9s Juan Ayuso tudott vele tartani, hogy egy darabig vel\u00fck egy\u00fctt dolgozva azt\u00e1n \u0151ket is leszak\u00edtsa mag\u00e1r\u00f3l, \u00e9s 66 kilom\u00e9teres sz\u00f3l\u00f3gy\u0151zelemmel v\u00e9dje meg vb-c\u00edm\u00e9t \u00e9s a sziv\u00e1rv\u00e1nyos trik\u00f3t. A m\u00e1sodik helyen az \u00fcld\u00f6z\u0151bolyt vezet\u0151, az id\u0151futam-vil\u00e1gbajnoki c\u00edm\u00e9t kor\u00e1bban megv\u00e9d\u0151 Remco Evenepoel tekert be m\u00e1sf\u00e9l perces h\u00e1tr\u00e1nnyal az \u00edr Ben Healyt megel\u0151zve. A f\u00e9rfiakn\u00e1l teh\u00e1t abszol\u00fat a pap\u00edrforma-eredm\u00e9nyek j\u00f6ttek, ellent\u00e9tben a n\u0151i mez\u0151nyversennyel, ahol hatalmas meglepet\u00e9s sz\u00fcletett. Egy j\u00f3form\u00e1n az ismeretlens\u00e9g hom\u00e1ly\u00e1b\u00f3l el\u0151l\u00e9p\u0151, a legjobb pillanatban ind\u00edt\u00f3 kanadai h\u00f6lgy, Magdeleine Vallieres sokkolta a nagy\u00e1gy\u00fakat, \u00e9s \u00e9lete legnagyobb gy\u0151zelm\u00e9t aratva szerezte meg az arany\u00e9rmet 23 m\u00e1sodperces el\u0151nnyel \u2013 n\u0151i indul\u00f3nk, Vas Blanka a 164,5 km-t letekerve, 11 \u00e9s f\u00e9l perces h\u00e1tr\u00e1nnyal a 37. helyen j\u00f6tt be.<\/span><\/p>\n<div class=\"mceTemp\"><\/div>\n<figure id=\"attachment_19319\" aria-describedby=\"caption-attachment-19319\" style=\"width: 1024px\" class=\"wp-caption alignnone\"><img loading=\"lazy\" decoding=\"async\" class=\"size-large wp-image-19319\" src=\"https:\/\/d2p6e6u75xmxt8.cloudfront.net\/12\/2025\/09\/image004-min-1-1024x576.webp\" alt=\"\" width=\"1024\" height=\"576\" srcset=\"https:\/\/d2p6e6u75xmxt8.cloudfront.net\/12\/2025\/09\/image004-min-1-1024x576.webp 1024w, https:\/\/d2p6e6u75xmxt8.cloudfront.net\/12\/2025\/09\/image004-min-1-300x169.webp 300w, https:\/\/d2p6e6u75xmxt8.cloudfront.net\/12\/2025\/09\/image004-min-1-768x432.webp 768w, https:\/\/d2p6e6u75xmxt8.cloudfront.net\/12\/2025\/09\/image004-min-1-400x225.webp 400w, https:\/\/d2p6e6u75xmxt8.cloudfront.net\/12\/2025\/09\/image004-min-1.webp 1184w\" sizes=\"auto, (max-width: 1024px) 100vw, 1024px\" \/><figcaption id=\"caption-attachment-19319\" class=\"wp-caption-text\">Magdeleine Vallieres maga sem hitte el, hogy vil\u00e1gbajnok lett (Fot\u00f3: Cor Vos)<\/figcaption><\/figure>\n<p><i><span style=\"font-weight: 400;\">Bor\u00edt\u00f3k\u00e9p:Chris Auld\/SWpix.com<\/span><\/i><\/p>\n","protected":false},"excerpt":{"rendered":"<p>Az els\u0151 Afrik\u00e1ban megrendezett orsz\u00e1g\u00fati vil\u00e1gbajnoks\u00e1g b\u0151ven tartogatott izgalmakat. A c\u00edmv\u00e9d\u0151 Tadej Poga\u010dart ezzel egy\u00fctt sem lehetett kiz\u00f6kkenteni, a n\u0151i [&hellip;]<\/p>\n","protected":false},"author":71,"featured_media":19316,"comment_status":"open","ping_status":"open","sticky":false,"template":"","format":"standard","meta":{"footnotes":""},"categories":[8],"tags":[],"global-categories":[419],"class_list":["post-19315","post","type-post","status-publish","format-standard","has-post-thumbnail","hentry","category-orszaguti-kerekpar","global-categories-cycling"],"yoast_head":"<!-- This site is optimized with the Yoast SEO Premium plugin v25.3 (Yoast SEO v25.9) - https:\/\/yoast.com\/wordpress\/plugins\/seo\/ -->\n<title>Harmincan \u201e\u00e9lt\u00e9k t\u00fal\u201d az afrikai hegyi poklot: Poga\u010dar megv\u00e9dte c\u00edm\u00e9t a t\u00f6rt\u00e9nelmi vb-n, Valter Attila nem \u00e9rt c\u00e9lba<\/title>\n<meta name=\"description\" content=\"Az els\u0151 Afrik\u00e1ban megrendezett orsz\u00e1g\u00fati vil\u00e1gbajnoks\u00e1g b\u0151ven tartogatott izgalmakat. A c\u00edmv\u00e9d\u0151 Tadej Poga\u010dart ezzel egy\u00fctt sem lehetett kiz\u00f6kkenteni, a n\u0151i mez\u0151nyversenyben viszont h\u00e9tm\u00e9rf\u00f6ldes meglepet\u00e9s sz\u00fcletett.\" \/>\n<meta name=\"robots\" content=\"index, follow, max-snippet:-1, max-image-preview:large, max-video-preview:-1\" \/>\n<link rel=\"canonical\" href=\"https:\/\/www.welovecycling.com\/hu\/orszaguti-kerekpar\/harmincan-eltek-tul-az-afrikai-hegyi-poklot-pogacar-megvedte-cimet-a-tortenelmi-vb-n-valter-attila-nem-ert-celba\/\" \/>\n<meta property=\"og:locale\" content=\"hu_HU\" \/>\n<meta property=\"og:type\" content=\"article\" \/>\n<meta property=\"og:title\" content=\"Harmincan \u201e\u00e9lt\u00e9k t\u00fal\u201d az afrikai hegyi poklot: Poga\u010dar megv\u00e9dte c\u00edm\u00e9t a t\u00f6rt\u00e9nelmi vb-n, Valter Attila nem \u00e9rt c\u00e9lba\" \/>\n<meta property=\"og:description\" content=\"Az els\u0151 Afrik\u00e1ban megrendezett orsz\u00e1g\u00fati vil\u00e1gbajnoks\u00e1g b\u0151ven tartogatott izgalmakat. A c\u00edmv\u00e9d\u0151 Tadej Poga\u010dart ezzel egy\u00fctt sem lehetett kiz\u00f6kkenteni, a n\u0151i mez\u0151nyversenyben viszont h\u00e9tm\u00e9rf\u00f6ldes meglepet\u00e9s sz\u00fcletett.\" \/>\n<meta property=\"og:url\" content=\"https:\/\/www.welovecycling.com\/hu\/orszaguti-kerekpar\/harmincan-eltek-tul-az-afrikai-hegyi-poklot-pogacar-megvedte-cimet-a-tortenelmi-vb-n-valter-attila-nem-ert-celba\/\" \/>\n<meta property=\"og:site_name\" content=\"\u0160koda We Love Cycling - Magyarorsz\u00e1g\" \/>\n<meta property=\"article:publisher\" content=\"https:\/\/www.facebook.com\/WeLoveCyclingHungary\/\" \/>\n<meta property=\"article:published_time\" content=\"2025-09-30T12:40:46+00:00\" \/>\n<meta property=\"og:image\" content=\"https:\/\/d2p6e6u75xmxt8.cloudfront.net\/12\/2025\/09\/image001-min-1.webp\" \/>\n\t<meta property=\"og:image:width\" content=\"1386\" \/>\n\t<meta property=\"og:image:height\" content=\"924\" \/>\n\t<meta property=\"og:image:type\" content=\"image\/webp\" \/>\n<meta name=\"author\" content=\"hegyizs\" \/>\n<meta name=\"twitter:card\" content=\"summary_large_image\" \/>\n<meta name=\"twitter:label1\" content=\"Written by\" \/>\n\t<meta name=\"twitter:data1\" content=\"WLC\" \/>\n\t<meta name=\"twitter:label2\" content=\"Est. reading time\" \/>\n\t<meta name=\"twitter:data2\" content=\"4 minutes\" \/>\n<script type=\"application\/ld+json\" class=\"yoast-schema-graph\">{\"@context\":\"https:\/\/schema.org\",\"@graph\":[{\"@type\":\"WebPage\",\"@id\":\"https:\/\/www.welovecycling.com\/hu\/orszaguti-kerekpar\/harmincan-eltek-tul-az-afrikai-hegyi-poklot-pogacar-megvedte-cimet-a-tortenelmi-vb-n-valter-attila-nem-ert-celba\/\",\"url\":\"https:\/\/www.welovecycling.com\/hu\/orszaguti-kerekpar\/harmincan-eltek-tul-az-afrikai-hegyi-poklot-pogacar-megvedte-cimet-a-tortenelmi-vb-n-valter-attila-nem-ert-celba\/\",\"name\":\"Harmincan \u201e\u00e9lt\u00e9k t\u00fal\u201d az afrikai hegyi poklot: Poga\u010dar megv\u00e9dte c\u00edm\u00e9t a t\u00f6rt\u00e9nelmi vb-n, Valter Attila nem \u00e9rt c\u00e9lba\",\"isPartOf\":{\"@id\":\"https:\/\/www.welovecycling.com\/hu\/#website\"},\"primaryImageOfPage\":{\"@id\":\"https:\/\/www.welovecycling.com\/hu\/orszaguti-kerekpar\/harmincan-eltek-tul-az-afrikai-hegyi-poklot-pogacar-megvedte-cimet-a-tortenelmi-vb-n-valter-attila-nem-ert-celba\/#primaryimage\"},\"image\":{\"@id\":\"https:\/\/www.welovecycling.com\/hu\/orszaguti-kerekpar\/harmincan-eltek-tul-az-afrikai-hegyi-poklot-pogacar-megvedte-cimet-a-tortenelmi-vb-n-valter-attila-nem-ert-celba\/#primaryimage\"},\"thumbnailUrl\":\"https:\/\/d2p6e6u75xmxt8.cloudfront.net\/12\/2025\/09\/image001-min-1.webp\",\"datePublished\":\"2025-09-30T12:40:46+00:00\",\"author\":{\"@id\":\"https:\/\/www.welovecycling.com\/hu\/#\/schema\/person\/414a2aebf1801691a5320edb6468e194\"},\"description\":\"Az els\u0151 Afrik\u00e1ban megrendezett orsz\u00e1g\u00fati vil\u00e1gbajnoks\u00e1g b\u0151ven tartogatott izgalmakat. A c\u00edmv\u00e9d\u0151 Tadej Poga\u010dart ezzel egy\u00fctt sem lehetett kiz\u00f6kkenteni, a n\u0151i mez\u0151nyversenyben viszont h\u00e9tm\u00e9rf\u00f6ldes meglepet\u00e9s sz\u00fcletett.\",\"breadcrumb\":{\"@id\":\"https:\/\/www.welovecycling.com\/hu\/orszaguti-kerekpar\/harmincan-eltek-tul-az-afrikai-hegyi-poklot-pogacar-megvedte-cimet-a-tortenelmi-vb-n-valter-attila-nem-ert-celba\/#breadcrumb\"},\"inLanguage\":\"hu\",\"potentialAction\":[{\"@type\":\"ReadAction\",\"target\":[\"https:\/\/www.welovecycling.com\/hu\/orszaguti-kerekpar\/harmincan-eltek-tul-az-afrikai-hegyi-poklot-pogacar-megvedte-cimet-a-tortenelmi-vb-n-valter-attila-nem-ert-celba\/\"]}]},{\"@type\":\"ImageObject\",\"inLanguage\":\"hu\",\"@id\":\"https:\/\/www.welovecycling.com\/hu\/orszaguti-kerekpar\/harmincan-eltek-tul-az-afrikai-hegyi-poklot-pogacar-megvedte-cimet-a-tortenelmi-vb-n-valter-attila-nem-ert-celba\/#primaryimage\",\"url\":\"https:\/\/d2p6e6u75xmxt8.cloudfront.net\/12\/2025\/09\/image001-min-1.webp\",\"contentUrl\":\"https:\/\/d2p6e6u75xmxt8.cloudfront.net\/12\/2025\/09\/image001-min-1.webp\",\"width\":1386,\"height\":924},{\"@type\":\"BreadcrumbList\",\"@id\":\"https:\/\/www.welovecycling.com\/hu\/orszaguti-kerekpar\/harmincan-eltek-tul-az-afrikai-hegyi-poklot-pogacar-megvedte-cimet-a-tortenelmi-vb-n-valter-attila-nem-ert-celba\/#breadcrumb\",\"itemListElement\":[{\"@type\":\"ListItem\",\"position\":1,\"name\":\"Home\",\"item\":\"https:\/\/www.welovecycling.com\/hu\/\"},{\"@type\":\"ListItem\",\"position\":2,\"name\":\"Harmincan \u201e\u00e9lt\u00e9k t\u00fal\u201d az afrikai hegyi poklot: Poga\u010dar megv\u00e9dte c\u00edm\u00e9t a t\u00f6rt\u00e9nelmi vb-n, Valter Attila nem \u00e9rt c\u00e9lba\"}]},{\"@type\":\"WebSite\",\"@id\":\"https:\/\/www.welovecycling.com\/hu\/#website\",\"url\":\"https:\/\/www.welovecycling.com\/hu\/\",\"name\":\"\u0160koda We Love Cycling - Magyarorsz\u00e1g\",\"description\":\"\u0160koda WeLoveCycling\",\"potentialAction\":[{\"@type\":\"SearchAction\",\"target\":{\"@type\":\"EntryPoint\",\"urlTemplate\":\"https:\/\/www.welovecycling.com\/hu\/?s={search_term_string}\"},\"query-input\":{\"@type\":\"PropertyValueSpecification\",\"valueRequired\":true,\"valueName\":\"search_term_string\"}}],\"inLanguage\":\"hu\"},{\"@type\":\"Person\",\"@id\":\"https:\/\/www.welovecycling.com\/hu\/#\/schema\/person\/414a2aebf1801691a5320edb6468e194\",\"name\":\"hegyizs\",\"image\":{\"@type\":\"ImageObject\",\"inLanguage\":\"hu\",\"@id\":\"https:\/\/www.welovecycling.com\/hu\/#\/schema\/person\/image\/\",\"url\":\"https:\/\/secure.gravatar.com\/avatar\/02cf8a7906b8cf90cecb4679defac7cfd33a1c2e3b88e4903d947f3bb58eedd3?s=96&d=mm&r=g\",\"contentUrl\":\"https:\/\/secure.gravatar.com\/avatar\/02cf8a7906b8cf90cecb4679defac7cfd33a1c2e3b88e4903d947f3bb58eedd3?s=96&d=mm&r=g\",\"caption\":\"hegyizs\"},\"url\":\"https:\/\/www.welovecycling.com\/hu\/author\/hegyizs\/\"}]}<\/script>\n<!-- \/ Yoast SEO Premium plugin. -->","yoast_head_json":{"title":"Harmincan \u201e\u00e9lt\u00e9k t\u00fal\u201d az afrikai hegyi poklot: Poga\u010dar megv\u00e9dte c\u00edm\u00e9t a t\u00f6rt\u00e9nelmi vb-n, Valter Attila nem \u00e9rt c\u00e9lba","description":"Az els\u0151 Afrik\u00e1ban megrendezett orsz\u00e1g\u00fati vil\u00e1gbajnoks\u00e1g b\u0151ven tartogatott izgalmakat. A c\u00edmv\u00e9d\u0151 Tadej Poga\u010dart ezzel egy\u00fctt sem lehetett kiz\u00f6kkenteni, a n\u0151i mez\u0151nyversenyben viszont h\u00e9tm\u00e9rf\u00f6ldes meglepet\u00e9s sz\u00fcletett.","robots":{"index":"index","follow":"follow","max-snippet":"max-snippet:-1","max-image-preview":"max-image-preview:large","max-video-preview":"max-video-preview:-1"},"canonical":"https:\/\/www.welovecycling.com\/hu\/orszaguti-kerekpar\/harmincan-eltek-tul-az-afrikai-hegyi-poklot-pogacar-megvedte-cimet-a-tortenelmi-vb-n-valter-attila-nem-ert-celba\/","og_locale":"hu_HU","og_type":"article","og_title":"Harmincan \u201e\u00e9lt\u00e9k t\u00fal\u201d az afrikai hegyi poklot: Poga\u010dar megv\u00e9dte c\u00edm\u00e9t a t\u00f6rt\u00e9nelmi vb-n, Valter Attila nem \u00e9rt c\u00e9lba","og_description":"Az els\u0151 Afrik\u00e1ban megrendezett orsz\u00e1g\u00fati vil\u00e1gbajnoks\u00e1g b\u0151ven tartogatott izgalmakat. A c\u00edmv\u00e9d\u0151 Tadej Poga\u010dart ezzel egy\u00fctt sem lehetett kiz\u00f6kkenteni, a n\u0151i mez\u0151nyversenyben viszont h\u00e9tm\u00e9rf\u00f6ldes meglepet\u00e9s sz\u00fcletett.","og_url":"https:\/\/www.welovecycling.com\/hu\/orszaguti-kerekpar\/harmincan-eltek-tul-az-afrikai-hegyi-poklot-pogacar-megvedte-cimet-a-tortenelmi-vb-n-valter-attila-nem-ert-celba\/","og_site_name":"\u0160koda We Love Cycling - Magyarorsz\u00e1g","article_publisher":"https:\/\/www.facebook.com\/WeLoveCyclingHungary\/","article_published_time":"2025-09-30T12:40:46+00:00","og_image":[{"width":1386,"height":924,"url":"https:\/\/d2p6e6u75xmxt8.cloudfront.net\/12\/2025\/09\/image001-min-1.webp","type":"image\/webp"}],"author":"hegyizs","twitter_card":"summary_large_image","twitter_misc":{"Written by":"WLC","Est. reading time":"4 minutes"},"schema":{"@context":"https:\/\/schema.org","@graph":[{"@type":"WebPage","@id":"https:\/\/www.welovecycling.com\/hu\/orszaguti-kerekpar\/harmincan-eltek-tul-az-afrikai-hegyi-poklot-pogacar-megvedte-cimet-a-tortenelmi-vb-n-valter-attila-nem-ert-celba\/","url":"https:\/\/www.welovecycling.com\/hu\/orszaguti-kerekpar\/harmincan-eltek-tul-az-afrikai-hegyi-poklot-pogacar-megvedte-cimet-a-tortenelmi-vb-n-valter-attila-nem-ert-celba\/","name":"Harmincan \u201e\u00e9lt\u00e9k t\u00fal\u201d az afrikai hegyi poklot: Poga\u010dar megv\u00e9dte c\u00edm\u00e9t a t\u00f6rt\u00e9nelmi vb-n, Valter Attila nem \u00e9rt c\u00e9lba","isPartOf":{"@id":"https:\/\/www.welovecycling.com\/hu\/#website"},"primaryImageOfPage":{"@id":"https:\/\/www.welovecycling.com\/hu\/orszaguti-kerekpar\/harmincan-eltek-tul-az-afrikai-hegyi-poklot-pogacar-megvedte-cimet-a-tortenelmi-vb-n-valter-attila-nem-ert-celba\/#primaryimage"},"image":{"@id":"https:\/\/www.welovecycling.com\/hu\/orszaguti-kerekpar\/harmincan-eltek-tul-az-afrikai-hegyi-poklot-pogacar-megvedte-cimet-a-tortenelmi-vb-n-valter-attila-nem-ert-celba\/#primaryimage"},"thumbnailUrl":"https:\/\/d2p6e6u75xmxt8.cloudfront.net\/12\/2025\/09\/image001-min-1.webp","datePublished":"2025-09-30T12:40:46+00:00","author":{"@id":"https:\/\/www.welovecycling.com\/hu\/#\/schema\/person\/414a2aebf1801691a5320edb6468e194"},"description":"Az els\u0151 Afrik\u00e1ban megrendezett orsz\u00e1g\u00fati vil\u00e1gbajnoks\u00e1g b\u0151ven tartogatott izgalmakat. A c\u00edmv\u00e9d\u0151 Tadej Poga\u010dart ezzel egy\u00fctt sem lehetett kiz\u00f6kkenteni, a n\u0151i mez\u0151nyversenyben viszont h\u00e9tm\u00e9rf\u00f6ldes meglepet\u00e9s sz\u00fcletett.","breadcrumb":{"@id":"https:\/\/www.welovecycling.com\/hu\/orszaguti-kerekpar\/harmincan-eltek-tul-az-afrikai-hegyi-poklot-pogacar-megvedte-cimet-a-tortenelmi-vb-n-valter-attila-nem-ert-celba\/#breadcrumb"},"inLanguage":"hu","potentialAction":[{"@type":"ReadAction","target":["https:\/\/www.welovecycling.com\/hu\/orszaguti-kerekpar\/harmincan-eltek-tul-az-afrikai-hegyi-poklot-pogacar-megvedte-cimet-a-tortenelmi-vb-n-valter-attila-nem-ert-celba\/"]}]},{"@type":"ImageObject","inLanguage":"hu","@id":"https:\/\/www.welovecycling.com\/hu\/orszaguti-kerekpar\/harmincan-eltek-tul-az-afrikai-hegyi-poklot-pogacar-megvedte-cimet-a-tortenelmi-vb-n-valter-attila-nem-ert-celba\/#primaryimage","url":"https:\/\/d2p6e6u75xmxt8.cloudfront.net\/12\/2025\/09\/image001-min-1.webp","contentUrl":"https:\/\/d2p6e6u75xmxt8.cloudfront.net\/12\/2025\/09\/image001-min-1.webp","width":1386,"height":924},{"@type":"BreadcrumbList","@id":"https:\/\/www.welovecycling.com\/hu\/orszaguti-kerekpar\/harmincan-eltek-tul-az-afrikai-hegyi-poklot-pogacar-megvedte-cimet-a-tortenelmi-vb-n-valter-attila-nem-ert-celba\/#breadcrumb","itemListElement":[{"@type":"ListItem","position":1,"name":"Home","item":"https:\/\/www.welovecycling.com\/hu\/"},{"@type":"ListItem","position":2,"name":"Harmincan \u201e\u00e9lt\u00e9k t\u00fal\u201d az afrikai hegyi poklot: Poga\u010dar megv\u00e9dte c\u00edm\u00e9t a t\u00f6rt\u00e9nelmi vb-n, Valter Attila nem \u00e9rt c\u00e9lba"}]},{"@type":"WebSite","@id":"https:\/\/www.welovecycling.com\/hu\/#website","url":"https:\/\/www.welovecycling.com\/hu\/","name":"\u0160koda We Love Cycling - Magyarorsz\u00e1g","description":"\u0160koda WeLoveCycling","potentialAction":[{"@type":"SearchAction","target":{"@type":"EntryPoint","urlTemplate":"https:\/\/www.welovecycling.com\/hu\/?s={search_term_string}"},"query-input":{"@type":"PropertyValueSpecification","valueRequired":true,"valueName":"search_term_string"}}],"inLanguage":"hu"},{"@type":"Person","@id":"https:\/\/www.welovecycling.com\/hu\/#\/schema\/person\/414a2aebf1801691a5320edb6468e194","name":"hegyizs","image":{"@type":"ImageObject","inLanguage":"hu","@id":"https:\/\/www.welovecycling.com\/hu\/#\/schema\/person\/image\/","url":"https:\/\/secure.gravatar.com\/avatar\/02cf8a7906b8cf90cecb4679defac7cfd33a1c2e3b88e4903d947f3bb58eedd3?s=96&d=mm&r=g","contentUrl":"https:\/\/secure.gravatar.com\/avatar\/02cf8a7906b8cf90cecb4679defac7cfd33a1c2e3b88e4903d947f3bb58eedd3?s=96&d=mm&r=g","caption":"hegyizs"},"url":"https:\/\/www.welovecycling.com\/hu\/author\/hegyizs\/"}]}},"_links":{"self":[{"href":"https:\/\/www.welovecycling.com\/hu\/wp-json\/wp\/v2\/posts\/19315","targetHints":{"allow":["GET"]}}],"collection":[{"href":"https:\/\/www.welovecycling.com\/hu\/wp-json\/wp\/v2\/posts"}],"about":[{"href":"https:\/\/www.welovecycling.com\/hu\/wp-json\/wp\/v2\/types\/post"}],"author":[{"embeddable":true,"href":"https:\/\/www.welovecycling.com\/hu\/wp-json\/wp\/v2\/users\/71"}],"replies":[{"embeddable":true,"href":"https:\/\/www.welovecycling.com\/hu\/wp-json\/wp\/v2\/comments?post=19315"}],"version-history":[{"count":1,"href":"https:\/\/www.welovecycling.com\/hu\/wp-json\/wp\/v2\/posts\/19315\/revisions"}],"predecessor-version":[{"id":19321,"href":"https:\/\/www.welovecycling.com\/hu\/wp-json\/wp\/v2\/posts\/19315\/revisions\/19321"}],"wp:featuredmedia":[{"embeddable":true,"href":"https:\/\/www.welovecycling.com\/hu\/wp-json\/wp\/v2\/media\/19316"}],"wp:attachment":[{"href":"https:\/\/www.welovecycling.com\/hu\/wp-json\/wp\/v2\/media?parent=19315"}],"wp:term":[{"taxonomy":"category","embeddable":true,"href":"https:\/\/www.welovecycling.com\/hu\/wp-json\/wp\/v2\/categories?post=19315"},{"taxonomy":"post_tag","embeddable":true,"href":"https:\/\/www.welovecycling.com\/hu\/wp-json\/wp\/v2\/tags?post=19315"},{"taxonomy":"global-categories","embeddable":true,"href":"https:\/\/www.welovecycling.com\/hu\/wp-json\/wp\/v2\/global-categories?post=19315"}],"curies":[{"name":"wp","href":"https:\/\/api.w.org\/{rel}","templated":true}]}}