{"id":19308,"date":"2025-09-26T10:27:39","date_gmt":"2025-09-26T08:27:39","guid":{"rendered":"https:\/\/www.welovecycling.com\/hu\/?p=19308"},"modified":"2025-09-26T10:27:39","modified_gmt":"2025-09-26T08:27:39","slug":"a-vilag-legjobb-csapataban-versenyeztem-megis-szegyelltem-magam-valter-attila-a-we-love-cycling-magazinnak-a-maga-mogott-hagyott-melypontrol","status":"publish","type":"post","link":"https:\/\/www.welovecycling.com\/hu\/orszaguti-kerekpar\/a-vilag-legjobb-csapataban-versenyeztem-megis-szegyelltem-magam-valter-attila-a-we-love-cycling-magazinnak-a-maga-mogott-hagyott-melypontrol\/","title":{"rendered":"\u201eA vil\u00e1g legjobb csapat\u00e1ban versenyeztem, m\u00e9gis sz\u00e9gyelltem magam\u201d \u2013 Valter Attila a We Love Cycling magazinnak a maga m\u00f6g\u00f6tt hagyott m\u00e9lypontr\u00f3l"},"content":{"rendered":"<p><b>A Vism\u00e1t az \u00e9v v\u00e9g\u00e9n a Bahrain-Victorious\u00e9rt elhagy\u00f3 magyar klasszis mes\u00e9lt a csapatv\u00e1lt\u00e1s h\u00e1tter\u00e9r\u0151l \u00e9s pszichol\u00f3gi\u00e1j\u00e1r\u00f3l, a g\u00f6rcs\u00f6ss\u00e9g \u00e9s a megfelel\u00e9si k\u00e9nyszer elenged\u00e9s\u00e9r\u0151l, s arr\u00f3l is, hogy innent\u0151l mit nem szeretne m\u00e9g egyszer soha t\u00f6bb\u00e9 \u00e1t\u00e9lni.<\/b><!--more--><\/p>\n<p><span style=\"font-weight: 400;\">Az idei orsz\u00e1g\u00fati szezon m\u00e1sodik fel\u00e9ben Valter Attila lehets\u00e9ges, majd biztoss\u00e1 v\u00e1l\u00f3 csapatv\u00e1lt\u00e1sa tartotta l\u00e1zban a sport\u00e1g hazai kedvel\u0151it. Az \u00e9v v\u00e9g\u00e9ig m\u00e9g a Visma | Lease a Bike mez\u00e9ben teker\u0151 magyar k\u00f6z\u00f6ns\u00e9gkedvenc sors\u00e1nak alakul\u00e1s\u00e1t <\/span><a href=\"https:\/\/www.welovecycling.com\/hu\/orszaguti-kerekpar\/a-bahrainnel-sokkal-komolyabb-szerepben-szamitanak-ram-a-vueltarol-lemarado-valter-attila-oszinten-a-csapatvaltasrol\/\"><span style=\"font-weight: 400;\">mi is v\u00e9gigk\u00f6vett\u00fck,<\/span><\/a><span style=\"font-weight: 400;\"> de Ati ez\u00fattal egy szem\u00e9lyesebb hangv\u00e9tel\u0171 interj\u00fat adott a We Love Cyclingnak, amelyben ink\u00e1bb a csapatv\u00e1lt\u00e1s m\u00f6g\u00f6ttes pszichol\u00f3gi\u00e1j\u00e1t pr\u00f3b\u00e1ltuk kicsit kibontani: hogy \u0151 mik\u00e9nt \u00e9lte meg az elm\u00falt egy \u00e9v relat\u00edve (\u00e9rtsd: az \u0151 szintj\u00e9n) gyeng\u00e9bb id\u0151szak\u00e1t, ami v\u00e9g\u00fcl od\u00e1ig vezetett, hogy hosszas gondolkod\u00e1s ut\u00e1n a Vism\u00e1val val\u00f3 szerz\u0151d\u00e9shosszabb\u00edt\u00e1s helyett a Bahrain-Victorious meggy\u0151z\u0151 aj\u00e1nlat\u00e1t fogadta el. <\/span><\/p>\n<p><img loading=\"lazy\" decoding=\"async\" class=\"alignnone size-large wp-image-19310\" src=\"https:\/\/d2p6e6u75xmxt8.cloudfront.net\/12\/2025\/09\/image002-min-1024x576.webp\" alt=\"\" width=\"1024\" height=\"576\" srcset=\"https:\/\/d2p6e6u75xmxt8.cloudfront.net\/12\/2025\/09\/image002-min-1024x576.webp 1024w, https:\/\/d2p6e6u75xmxt8.cloudfront.net\/12\/2025\/09\/image002-min-300x169.webp 300w, https:\/\/d2p6e6u75xmxt8.cloudfront.net\/12\/2025\/09\/image002-min-768x432.webp 768w, https:\/\/d2p6e6u75xmxt8.cloudfront.net\/12\/2025\/09\/image002-min-400x225.webp 400w, https:\/\/d2p6e6u75xmxt8.cloudfront.net\/12\/2025\/09\/image002-min.webp 1347w\" sizes=\"auto, (max-width: 1024px) 100vw, 1024px\" \/><\/p>\n<p><i><span style=\"font-weight: 400;\">\u201eA magam m\u00f6g\u00f6tt hagyott id\u0151szakban beleker\u00fcltem egy el\u00e9gg\u00e9 paradox helyzetbe <\/span><\/i><span style=\"font-weight: 400;\">\u2013 kezdte besz\u00e1mol\u00f3j\u00e1t Valter Attila. <\/span><i><span style=\"font-weight: 400;\">\u2013 Az elm\u00falt \u00e9vek sikerei ut\u00e1n id\u00e9n nem \u00e9rtem el kiugr\u00f3 eredm\u00e9nyt, mert az elv\u00e1r\u00e1sok nagyon magasak voltak, \u00edgy viszont rosszkedv\u0171 voltam. Arra kellett r\u00e1j\u00f6nn\u00f6m, hogy mik\u00e9nt lehetek boldog alapb\u00f3l, eredm\u00e9nyekt\u0151l f\u00fcggetlen\u00fcl is, a saj\u00e1t \u00e9rt\u00e9krendjeim ment\u00e9n. Mert ez a kett\u0151 egy\u00fctt j\u00e1r: ha megvan a bels\u0151 harm\u00f3nia, \u00e9s a folyamatok a j\u00f3 ir\u00e1nyba mennek, akkor az eredm\u00e9nyek is j\u00f6nni fognak \u2013 de nem \u00fagy, ha r\u00e1fesz\u00fcl\u00f6k, \u00e9s az eredm\u00e9ny ir\u00e1ny\u00e1ba pr\u00f3b\u00e1lom az eg\u00e9szet g\u00f6rcs\u00f6sen eltolni. A kett\u0151nek egy\u00fctt kell l\u00e9trej\u00f6nnie, mert ha az van, hogy el\u00e9rsz egy nagy eredm\u00e9nyt, ut\u00e1na m\u00e9gis nyomorultul \u00e9rzed magad, mert m\u00e1r a k\u00f6vetkez\u0151t hajszolod \u2013 ami adott esetben pont nem j\u00f6n \u2013, akkor az egy \u00e9rtelmetlen, \u00f6rd\u00f6gi spir\u00e1l.\u201d<\/span><\/i><\/p>\n<p><span style=\"font-weight: 400;\">27 \u00e9ves klasszisunk a f\u00e9lre\u00e9rt\u00e9sek elker\u00fcl\u00e9se v\u00e9gett hozz\u00e1tette, v\u00e9letlen\u00fcl sem arra akar kilyukadni, hogy a maximalizmus\u00e1t lejjebb adta volna, az extr\u00e9m versenyszellem ugyan\u00fagy dolgozik benne, mint eddig, puszt\u00e1n arr\u00f3l van sz\u00f3, hogy megtanulta jobban elengedni a g\u00f6rcs\u00f6s, minden\u00e1ron val\u00f3 megfelel\u00e9si k\u00e9nyszert.<\/span><\/p>\n<p><i><span style=\"font-weight: 400;\">\u201eEgyszer\u0171en csak egy kicsit laz\u00e1bban kezelem a dolgokat. Ez alatt term\u00e9szetesen nem azt kell \u00e9rteni, hogy l\u00e1bl\u00f3gatva borozgatok meg sz\u00f3rakozom egy wellnesshotelben, elv\u00e9gre id\u00e9n sem hagytam ki egyetlen edz\u00e9st sem, konkr\u00e9tan m\u00e9g t\u00f6bbet is tekertem, mint tavaly. De ahhoz, hogy az eredeti j\u00f3 \u00e9rz\u00e9s, az igazi bring\u00e1s flow megmaradjon, az elv\u00e1r\u00e1saimnak egy szintben kell lenni\u00fck a teljes\u00edtm\u00e9nyemmel: csak \u00edgy lehet \u00e9lvezni a versenyz\u00e9st, ha ezt a fajta egyens\u00falyt fenntartjuk.\u201d<\/span><\/i><\/p>\n<p><img loading=\"lazy\" decoding=\"async\" class=\"alignnone size-large wp-image-19311\" src=\"https:\/\/d2p6e6u75xmxt8.cloudfront.net\/12\/2025\/09\/image003-min-843x1024.webp\" alt=\"\" width=\"843\" height=\"1024\" srcset=\"https:\/\/d2p6e6u75xmxt8.cloudfront.net\/12\/2025\/09\/image003-min-843x1024.webp 843w, https:\/\/d2p6e6u75xmxt8.cloudfront.net\/12\/2025\/09\/image003-min-247x300.webp 247w, https:\/\/d2p6e6u75xmxt8.cloudfront.net\/12\/2025\/09\/image003-min-768x933.webp 768w, https:\/\/d2p6e6u75xmxt8.cloudfront.net\/12\/2025\/09\/image003-min-1265x1536.webp 1265w, https:\/\/d2p6e6u75xmxt8.cloudfront.net\/12\/2025\/09\/image003-min-1581x1920.webp 1581w, https:\/\/d2p6e6u75xmxt8.cloudfront.net\/12\/2025\/09\/image003-min-329x400.webp 329w, https:\/\/d2p6e6u75xmxt8.cloudfront.net\/12\/2025\/09\/image003-min.webp 1686w, https:\/\/d2p6e6u75xmxt8.cloudfront.net\/12\/2025\/09\/image003-min-1581x1920.webp 1581w\" sizes=\"auto, (max-width: 843px) 100vw, 843px\" \/><\/p>\n<p><span style=\"font-weight: 400;\">Legjobb orsz\u00e1g\u00fatisunk arr\u00f3l a rendk\u00edv\u00fcl furcsa ellent\u00e9tr\u0151l is besz\u00e9lt, amir\u0151l m\u00e1r mi is sokszor \u00edrtunk vele kapcsolatban, vagyis, hogy eleve elk\u00e9peszt\u0151, honnan hova jutott el magyar bring\u00e1sk\u00e9nt, \u00e9s hogy alapvet\u0151en sz\u00fcrre\u00e1lis, hogy a vil\u00e1g legjobb csapat\u00e1b\u00f3l kell \u201emagyar\u00e1zkodnia\u201d, de mint mondta, a profi sportnak valahol term\u00e9szetes velej\u00e1r\u00f3ja, hogy a versenyz\u0151k a sikerekkel magasra teszik a l\u00e9cet, \u00e9s onnant\u00f3l akarva-akaratlanul is az lesz a m\u00e9rce, aminek nem egyszer\u0171 mindig megfelelni.\u00a0<\/span><\/p>\n<p><span style=\"font-weight: 400;\">Ezt egy kiv\u00e1l\u00f3, \u00e9vekkel kor\u00e1bbi t\u00f6rt\u00e9net feleleven\u00edt\u00e9s\u00e9vel kezdte j\u00f3 bar\u00e1tja, a jelenleg <\/span><a href=\"https:\/\/www.welovecycling.com\/hu\/orszaguti-kerekpar\/a-tarsak-is-befogadtak-a-versenyzes-is-jol-megy-dina-marton-helyere-kerult-a-buszke-baszk-csapatnal\/\"><span style=\"font-weight: 400;\">a baszk Euskalteln\u00e9l teker\u0151 Dina M\u00e1rton<\/span><\/a><span style=\"font-weight: 400;\"> t\u00e1rsas\u00e1g\u00e1ban.\u00a0<\/span><\/p>\n<p><i><span style=\"font-weight: 400;\">\u201eEml\u00e9kszem, \u00e9vekkel ezel\u0151tt, m\u00e9g a korai orsz\u00e1g\u00fatis \u00e9veinkben Dina Marcival volt egy besz\u00e9lget\u00e9s\u00fcnk a nagyrat\u00f6r\u0151 terveinkr\u0151l, hogy ha j\u00f3k lesz\u00fcnk, akkor egy jobbfajta kontinent\u00e1lis csapatba elker\u00fclhet\u00fcnk, ott m\u00e1r ezer eur\u00f3 k\u00f6r\u00fcl haza lehet vinni, ha m\u00e9g szerz\u00fcnk hozz\u00e1 egy j\u00f3 menedzsert is, akkor \u0151 tal\u00e1n el tud adni minket egy gyenge prokonti ist\u00e1ll\u00f3ba\u2026 Akkor egyszer\u0171en ez volt a realit\u00e1s \u2013 \u00e9s ez nem volt annyira r\u00e9gen! Ehhez k\u00e9pest az elm\u00falt h\u00e1rom \u00e9vben a vil\u00e1g legjobb csapat\u00e1ban versenyeztem, ami t\u00e9nyleg a sport\u00e1g Real Madridj\u00e1nak sz\u00e1m\u00edtott, n\u00e9ha m\u00e9gis \u00fagy \u00e9reztem, mintha sz\u00e9gyellnem kellene magamat. Ilyet soha t\u00f6bb\u00e9 nem szeretn\u00e9k \u00e9rezni.\u201d<\/span><\/i><\/p>\n<p><img loading=\"lazy\" decoding=\"async\" class=\"alignnone size-large wp-image-19312\" src=\"https:\/\/d2p6e6u75xmxt8.cloudfront.net\/12\/2025\/09\/image004-min-1024x682.webp\" alt=\"\" width=\"1024\" height=\"682\" srcset=\"https:\/\/d2p6e6u75xmxt8.cloudfront.net\/12\/2025\/09\/image004-min-1024x682.webp 1024w, https:\/\/d2p6e6u75xmxt8.cloudfront.net\/12\/2025\/09\/image004-min-300x200.webp 300w, https:\/\/d2p6e6u75xmxt8.cloudfront.net\/12\/2025\/09\/image004-min-768x512.webp 768w, https:\/\/d2p6e6u75xmxt8.cloudfront.net\/12\/2025\/09\/image004-min-1536x1024.webp 1536w, https:\/\/d2p6e6u75xmxt8.cloudfront.net\/12\/2025\/09\/image004-min-1920x1280.webp 1920w, https:\/\/d2p6e6u75xmxt8.cloudfront.net\/12\/2025\/09\/image004-min-400x267.webp 400w, https:\/\/d2p6e6u75xmxt8.cloudfront.net\/12\/2025\/09\/image004-min-272x182.webp 272w, https:\/\/d2p6e6u75xmxt8.cloudfront.net\/12\/2025\/09\/image004-min.webp 2000w, https:\/\/d2p6e6u75xmxt8.cloudfront.net\/12\/2025\/09\/image004-min-1920x1280.webp 1920w\" sizes=\"auto, (max-width: 1024px) 100vw, 1024px\" \/><\/p>\n<p><span style=\"font-weight: 400;\">Ati nem is tagadta, ezek f\u00e9ny\u00e9ben felszabad\u00edt\u00f3an hatott r\u00e1, amikor hivatalosan is bejelentett\u00e9k a csapatv\u00e1lt\u00e1s\u00e1t, azokat a \u201ev\u00e1dakat\u201d viszont kategorikusan elutas\u00edtja miszerint a Visma emiatt nem vitte volna mag\u00e1val a Vuelt\u00e1ra \u2013 mint mondja, az aktu\u00e1lis forma d\u00f6nt\u00f6tt v\u00e9g\u00fcl. Ami viszont leend\u0151 csapat\u00e1t, a Bahrain-Victorioust illeti, ott m\u00e1r sokkal szabadabban \u00e9s felszabadultabban versenyezhet majd, a szerep\u00e9t illet\u0151en is j\u00f3val szabadabb kezet kap, v\u00e1rhat\u00f3an l\u00e9nyegesen t\u00f6bbet mehet majd saj\u00e1t mag\u00e1\u00e9rt. Ez persze \u00f6r\u00f6mteli h\u00edr, viszont k\u00f6z\u00f6ns\u00e9gkedvenc\u00fcnk is tiszt\u00e1ban van vele, \u00f6nmag\u00e1ban m\u00e9g nem jelent automatikus, \u201eingyen kapott\u201d vez\u00e9rszerepet: az\u00e9rt ugyan\u00fagy meg kell dolgozni a csapaton bel\u00fcl is, mint most a Vism\u00e1n\u00e1l. Ami a saj\u00e1t elv\u00e1r\u00e1sait illeti: <\/span><i><span style=\"font-weight: 400;\">\u201eKonkr\u00e9tan az, hogy ne legyenek konkr\u00e9t elv\u00e1r\u00e1saim <\/span><\/i><span style=\"font-weight: 400;\">\u2013 mondta f\u00e9lig viccesen, majd meg is magyar\u00e1zta. \u2013 <\/span><i><span style=\"font-weight: 400;\">Nem szeretn\u00e9k sz\u00e1mszer\u0171 elv\u00e1r\u00e1sokat megfogalmazni saj\u00e1t magammal szemben, ugyanabba a hib\u00e1ba beleesni, mint legut\u00f3bb, mert pont emiatt j\u00f6tt el a m\u00e9lypont az elm\u00falt f\u00e9l-egy \u00e9vben. Egy darabig \u00f6szt\u00f6n\u00f6sen cselekedtem a p\u00e1lyafut\u00e1somban, \u00e9s am\u00edg azt \u00e9reztem, hogy kettes\u00e9vel veszem a l\u00e9pcs\u0151fokokat, addig ez j\u00f3 is volt \u00edgy. \u00c1m az id\u0151 el\u0151rehaladt\u00e1val \u00e9s a karrier komolyod\u00e1s\u00e1val a gyermeki lazas\u00e1g sajnos akaratlanul is elt\u0171nik. Most az a c\u00e9lom, hogy teljesen visszatal\u00e1ljak a legjobb \u00e9nemhez, de imm\u00e1r tudatosan, \u00e9rtve azt, hogy mit mi\u00e9rt csin\u00e1lok. V\u00e9gre kezdem meg\u00e9rteni az \u00f6sszef\u00fcgg\u00e9seket, \u00e9s azt is, hogy mindent nem lehet meg\u00e9rteni: nem vagyok a saj\u00e1t magam ellens\u00e9ge, amiket nem lehet, azokra m\u00e1r nem keresem a v\u00e1laszokat.\u201d<\/span><\/i><\/p>\n<p><span style=\"font-weight: 400;\">Valter Attil\u00e1\u00e9rt legk\u00f6zelebb a ruandai orsz\u00e1g\u00fati vil\u00e1gbajnoks\u00e1g vas\u00e1rnapi f\u00e9rfi mez\u0151nyverseny\u00e9ben szor\u00edthatunk, okt\u00f3ber elej\u00e9n azt\u00e1n a franciaorsz\u00e1gi Eur\u00f3pa-bajnoks\u00e1gon folytatja, utols\u00f3 vism\u00e1s versenye pedig az okt\u00f3ber 14-\u00e9n kezd\u0151d\u0151 Tour of Guangxi lesz K\u00edn\u00e1ban.\u00a0<\/span><\/p>\n<figure id=\"attachment_19313\" aria-describedby=\"caption-attachment-19313\" style=\"width: 1024px\" class=\"wp-caption alignnone\"><img loading=\"lazy\" decoding=\"async\" class=\"size-large wp-image-19313\" src=\"https:\/\/d2p6e6u75xmxt8.cloudfront.net\/12\/2025\/09\/image005-min-1024x683.webp\" alt=\"\" width=\"1024\" height=\"683\" srcset=\"https:\/\/d2p6e6u75xmxt8.cloudfront.net\/12\/2025\/09\/image005-min-1024x683.webp 1024w, https:\/\/d2p6e6u75xmxt8.cloudfront.net\/12\/2025\/09\/image005-min-300x200.webp 300w, https:\/\/d2p6e6u75xmxt8.cloudfront.net\/12\/2025\/09\/image005-min-768x512.webp 768w, https:\/\/d2p6e6u75xmxt8.cloudfront.net\/12\/2025\/09\/image005-min-400x267.webp 400w, https:\/\/d2p6e6u75xmxt8.cloudfront.net\/12\/2025\/09\/image005-min-272x182.webp 272w, https:\/\/d2p6e6u75xmxt8.cloudfront.net\/12\/2025\/09\/image005-min.webp 1206w\" sizes=\"auto, (max-width: 1024px) 100vw, 1024px\" \/><figcaption id=\"caption-attachment-19313\" class=\"wp-caption-text\">Fot\u00f3: Vanik Zolt\u00e1n\/BalatonFondo<\/figcaption><\/figure>\n<p><span style=\"font-weight: 400;\">Bor\u00edt\u00f3k\u00e9p: Facebook\/Valter Attila<\/span><\/p>\n","protected":false},"excerpt":{"rendered":"<p>A Vism\u00e1t az \u00e9v v\u00e9g\u00e9n a Bahrain-Victorious\u00e9rt elhagy\u00f3 magyar klasszis mes\u00e9lt a csapatv\u00e1lt\u00e1s h\u00e1tter\u00e9r\u0151l \u00e9s pszichol\u00f3gi\u00e1j\u00e1r\u00f3l, a g\u00f6rcs\u00f6ss\u00e9g \u00e9s a [&hellip;]<\/p>\n","protected":false},"author":71,"featured_media":19309,"comment_status":"open","ping_status":"open","sticky":false,"template":"","format":"standard","meta":{"footnotes":""},"categories":[8],"tags":[],"global-categories":[419],"class_list":["post-19308","post","type-post","status-publish","format-standard","has-post-thumbnail","hentry","category-orszaguti-kerekpar","global-categories-cycling"],"yoast_head":"<!-- This site is optimized with the Yoast SEO Premium plugin v25.3 (Yoast SEO v25.9) - https:\/\/yoast.com\/wordpress\/plugins\/seo\/ -->\n<title>\u201eA vil\u00e1g legjobb csapat\u00e1ban versenyeztem, m\u00e9gis sz\u00e9gyelltem magam\u201d \u2013 Valter Attila a We Love Cycling magazinnak a maga m\u00f6g\u00f6tt hagyott m\u00e9lypontr\u00f3l<\/title>\n<meta name=\"description\" content=\"A Vism\u00e1t az \u00e9v v\u00e9g\u00e9n a Bahrain-Victorious\u00e9rt elhagy\u00f3 magyar klasszis mes\u00e9lt a csapatv\u00e1lt\u00e1s h\u00e1tter\u00e9r\u0151l \u00e9s pszichol\u00f3gi\u00e1j\u00e1r\u00f3l, a g\u00f6rcs\u00f6ss\u00e9g \u00e9s a megfelel\u00e9si k\u00e9nyszer elenged\u00e9s\u00e9r\u0151l, s arr\u00f3l is, hogy innent\u0151l mit nem szeretne m\u00e9g egyszer soha t\u00f6bb\u00e9 \u00e1t\u00e9lni.\" \/>\n<meta name=\"robots\" content=\"index, follow, max-snippet:-1, max-image-preview:large, max-video-preview:-1\" \/>\n<link rel=\"canonical\" href=\"https:\/\/www.welovecycling.com\/hu\/orszaguti-kerekpar\/a-vilag-legjobb-csapataban-versenyeztem-megis-szegyelltem-magam-valter-attila-a-we-love-cycling-magazinnak-a-maga-mogott-hagyott-melypontrol\/\" \/>\n<meta property=\"og:locale\" content=\"hu_HU\" \/>\n<meta property=\"og:type\" content=\"article\" \/>\n<meta property=\"og:title\" content=\"\u201eA vil\u00e1g legjobb csapat\u00e1ban versenyeztem, m\u00e9gis sz\u00e9gyelltem magam\u201d \u2013 Valter Attila a We Love Cycling magazinnak a maga m\u00f6g\u00f6tt hagyott m\u00e9lypontr\u00f3l\" \/>\n<meta property=\"og:description\" content=\"A Vism\u00e1t az \u00e9v v\u00e9g\u00e9n a Bahrain-Victorious\u00e9rt elhagy\u00f3 magyar klasszis mes\u00e9lt a csapatv\u00e1lt\u00e1s h\u00e1tter\u00e9r\u0151l \u00e9s pszichol\u00f3gi\u00e1j\u00e1r\u00f3l, a g\u00f6rcs\u00f6ss\u00e9g \u00e9s a megfelel\u00e9si k\u00e9nyszer elenged\u00e9s\u00e9r\u0151l, s arr\u00f3l is, hogy innent\u0151l mit nem szeretne m\u00e9g egyszer soha t\u00f6bb\u00e9 \u00e1t\u00e9lni.\" \/>\n<meta property=\"og:url\" content=\"https:\/\/www.welovecycling.com\/hu\/orszaguti-kerekpar\/a-vilag-legjobb-csapataban-versenyeztem-megis-szegyelltem-magam-valter-attila-a-we-love-cycling-magazinnak-a-maga-mogott-hagyott-melypontrol\/\" \/>\n<meta property=\"og:site_name\" content=\"\u0160koda We Love Cycling - Magyarorsz\u00e1g\" \/>\n<meta property=\"article:publisher\" content=\"https:\/\/www.facebook.com\/WeLoveCyclingHungary\/\" \/>\n<meta property=\"article:published_time\" content=\"2025-09-26T08:27:39+00:00\" \/>\n<meta property=\"og:image\" content=\"https:\/\/d2p6e6u75xmxt8.cloudfront.net\/12\/2025\/09\/image001-min.webp\" \/>\n\t<meta property=\"og:image:width\" content=\"2048\" \/>\n\t<meta property=\"og:image:height\" content=\"1366\" \/>\n\t<meta property=\"og:image:type\" content=\"image\/webp\" \/>\n<meta name=\"author\" content=\"hegyizs\" \/>\n<meta name=\"twitter:card\" content=\"summary_large_image\" \/>\n<meta name=\"twitter:label1\" content=\"Written by\" \/>\n\t<meta name=\"twitter:data1\" content=\"WLC\" \/>\n\t<meta name=\"twitter:label2\" content=\"Est. reading time\" \/>\n\t<meta name=\"twitter:data2\" content=\"6 minutes\" \/>\n<script type=\"application\/ld+json\" class=\"yoast-schema-graph\">{\"@context\":\"https:\/\/schema.org\",\"@graph\":[{\"@type\":\"WebPage\",\"@id\":\"https:\/\/www.welovecycling.com\/hu\/orszaguti-kerekpar\/a-vilag-legjobb-csapataban-versenyeztem-megis-szegyelltem-magam-valter-attila-a-we-love-cycling-magazinnak-a-maga-mogott-hagyott-melypontrol\/\",\"url\":\"https:\/\/www.welovecycling.com\/hu\/orszaguti-kerekpar\/a-vilag-legjobb-csapataban-versenyeztem-megis-szegyelltem-magam-valter-attila-a-we-love-cycling-magazinnak-a-maga-mogott-hagyott-melypontrol\/\",\"name\":\"\u201eA vil\u00e1g legjobb csapat\u00e1ban versenyeztem, m\u00e9gis sz\u00e9gyelltem magam\u201d \u2013 Valter Attila a We Love Cycling magazinnak a maga m\u00f6g\u00f6tt hagyott m\u00e9lypontr\u00f3l\",\"isPartOf\":{\"@id\":\"https:\/\/www.welovecycling.com\/hu\/#website\"},\"primaryImageOfPage\":{\"@id\":\"https:\/\/www.welovecycling.com\/hu\/orszaguti-kerekpar\/a-vilag-legjobb-csapataban-versenyeztem-megis-szegyelltem-magam-valter-attila-a-we-love-cycling-magazinnak-a-maga-mogott-hagyott-melypontrol\/#primaryimage\"},\"image\":{\"@id\":\"https:\/\/www.welovecycling.com\/hu\/orszaguti-kerekpar\/a-vilag-legjobb-csapataban-versenyeztem-megis-szegyelltem-magam-valter-attila-a-we-love-cycling-magazinnak-a-maga-mogott-hagyott-melypontrol\/#primaryimage\"},\"thumbnailUrl\":\"https:\/\/d2p6e6u75xmxt8.cloudfront.net\/12\/2025\/09\/image001-min.webp\",\"datePublished\":\"2025-09-26T08:27:39+00:00\",\"author\":{\"@id\":\"https:\/\/www.welovecycling.com\/hu\/#\/schema\/person\/414a2aebf1801691a5320edb6468e194\"},\"description\":\"A Vism\u00e1t az \u00e9v v\u00e9g\u00e9n a Bahrain-Victorious\u00e9rt elhagy\u00f3 magyar klasszis mes\u00e9lt a csapatv\u00e1lt\u00e1s h\u00e1tter\u00e9r\u0151l \u00e9s pszichol\u00f3gi\u00e1j\u00e1r\u00f3l, a g\u00f6rcs\u00f6ss\u00e9g \u00e9s a megfelel\u00e9si k\u00e9nyszer elenged\u00e9s\u00e9r\u0151l, s arr\u00f3l is, hogy innent\u0151l mit nem szeretne m\u00e9g egyszer soha t\u00f6bb\u00e9 \u00e1t\u00e9lni.\",\"breadcrumb\":{\"@id\":\"https:\/\/www.welovecycling.com\/hu\/orszaguti-kerekpar\/a-vilag-legjobb-csapataban-versenyeztem-megis-szegyelltem-magam-valter-attila-a-we-love-cycling-magazinnak-a-maga-mogott-hagyott-melypontrol\/#breadcrumb\"},\"inLanguage\":\"hu\",\"potentialAction\":[{\"@type\":\"ReadAction\",\"target\":[\"https:\/\/www.welovecycling.com\/hu\/orszaguti-kerekpar\/a-vilag-legjobb-csapataban-versenyeztem-megis-szegyelltem-magam-valter-attila-a-we-love-cycling-magazinnak-a-maga-mogott-hagyott-melypontrol\/\"]}]},{\"@type\":\"ImageObject\",\"inLanguage\":\"hu\",\"@id\":\"https:\/\/www.welovecycling.com\/hu\/orszaguti-kerekpar\/a-vilag-legjobb-csapataban-versenyeztem-megis-szegyelltem-magam-valter-attila-a-we-love-cycling-magazinnak-a-maga-mogott-hagyott-melypontrol\/#primaryimage\",\"url\":\"https:\/\/d2p6e6u75xmxt8.cloudfront.net\/12\/2025\/09\/image001-min.webp\",\"contentUrl\":\"https:\/\/d2p6e6u75xmxt8.cloudfront.net\/12\/2025\/09\/image001-min.webp\",\"width\":2048,\"height\":1366},{\"@type\":\"BreadcrumbList\",\"@id\":\"https:\/\/www.welovecycling.com\/hu\/orszaguti-kerekpar\/a-vilag-legjobb-csapataban-versenyeztem-megis-szegyelltem-magam-valter-attila-a-we-love-cycling-magazinnak-a-maga-mogott-hagyott-melypontrol\/#breadcrumb\",\"itemListElement\":[{\"@type\":\"ListItem\",\"position\":1,\"name\":\"Home\",\"item\":\"https:\/\/www.welovecycling.com\/hu\/\"},{\"@type\":\"ListItem\",\"position\":2,\"name\":\"\u201eA vil\u00e1g legjobb csapat\u00e1ban versenyeztem, m\u00e9gis sz\u00e9gyelltem magam\u201d \u2013 Valter Attila a We Love Cycling magazinnak a maga m\u00f6g\u00f6tt hagyott m\u00e9lypontr\u00f3l\"}]},{\"@type\":\"WebSite\",\"@id\":\"https:\/\/www.welovecycling.com\/hu\/#website\",\"url\":\"https:\/\/www.welovecycling.com\/hu\/\",\"name\":\"\u0160koda We Love Cycling - Magyarorsz\u00e1g\",\"description\":\"\u0160koda WeLoveCycling\",\"potentialAction\":[{\"@type\":\"SearchAction\",\"target\":{\"@type\":\"EntryPoint\",\"urlTemplate\":\"https:\/\/www.welovecycling.com\/hu\/?s={search_term_string}\"},\"query-input\":{\"@type\":\"PropertyValueSpecification\",\"valueRequired\":true,\"valueName\":\"search_term_string\"}}],\"inLanguage\":\"hu\"},{\"@type\":\"Person\",\"@id\":\"https:\/\/www.welovecycling.com\/hu\/#\/schema\/person\/414a2aebf1801691a5320edb6468e194\",\"name\":\"hegyizs\",\"image\":{\"@type\":\"ImageObject\",\"inLanguage\":\"hu\",\"@id\":\"https:\/\/www.welovecycling.com\/hu\/#\/schema\/person\/image\/\",\"url\":\"https:\/\/secure.gravatar.com\/avatar\/02cf8a7906b8cf90cecb4679defac7cfd33a1c2e3b88e4903d947f3bb58eedd3?s=96&d=mm&r=g\",\"contentUrl\":\"https:\/\/secure.gravatar.com\/avatar\/02cf8a7906b8cf90cecb4679defac7cfd33a1c2e3b88e4903d947f3bb58eedd3?s=96&d=mm&r=g\",\"caption\":\"hegyizs\"},\"url\":\"https:\/\/www.welovecycling.com\/hu\/author\/hegyizs\/\"}]}<\/script>\n<!-- \/ Yoast SEO Premium plugin. -->","yoast_head_json":{"title":"\u201eA vil\u00e1g legjobb csapat\u00e1ban versenyeztem, m\u00e9gis sz\u00e9gyelltem magam\u201d \u2013 Valter Attila a We Love Cycling magazinnak a maga m\u00f6g\u00f6tt hagyott m\u00e9lypontr\u00f3l","description":"A Vism\u00e1t az \u00e9v v\u00e9g\u00e9n a Bahrain-Victorious\u00e9rt elhagy\u00f3 magyar klasszis mes\u00e9lt a csapatv\u00e1lt\u00e1s h\u00e1tter\u00e9r\u0151l \u00e9s pszichol\u00f3gi\u00e1j\u00e1r\u00f3l, a g\u00f6rcs\u00f6ss\u00e9g \u00e9s a megfelel\u00e9si k\u00e9nyszer elenged\u00e9s\u00e9r\u0151l, s arr\u00f3l is, hogy innent\u0151l mit nem szeretne m\u00e9g egyszer soha t\u00f6bb\u00e9 \u00e1t\u00e9lni.","robots":{"index":"index","follow":"follow","max-snippet":"max-snippet:-1","max-image-preview":"max-image-preview:large","max-video-preview":"max-video-preview:-1"},"canonical":"https:\/\/www.welovecycling.com\/hu\/orszaguti-kerekpar\/a-vilag-legjobb-csapataban-versenyeztem-megis-szegyelltem-magam-valter-attila-a-we-love-cycling-magazinnak-a-maga-mogott-hagyott-melypontrol\/","og_locale":"hu_HU","og_type":"article","og_title":"\u201eA vil\u00e1g legjobb csapat\u00e1ban versenyeztem, m\u00e9gis sz\u00e9gyelltem magam\u201d \u2013 Valter Attila a We Love Cycling magazinnak a maga m\u00f6g\u00f6tt hagyott m\u00e9lypontr\u00f3l","og_description":"A Vism\u00e1t az \u00e9v v\u00e9g\u00e9n a Bahrain-Victorious\u00e9rt elhagy\u00f3 magyar klasszis mes\u00e9lt a csapatv\u00e1lt\u00e1s h\u00e1tter\u00e9r\u0151l \u00e9s pszichol\u00f3gi\u00e1j\u00e1r\u00f3l, a g\u00f6rcs\u00f6ss\u00e9g \u00e9s a megfelel\u00e9si k\u00e9nyszer elenged\u00e9s\u00e9r\u0151l, s arr\u00f3l is, hogy innent\u0151l mit nem szeretne m\u00e9g egyszer soha t\u00f6bb\u00e9 \u00e1t\u00e9lni.","og_url":"https:\/\/www.welovecycling.com\/hu\/orszaguti-kerekpar\/a-vilag-legjobb-csapataban-versenyeztem-megis-szegyelltem-magam-valter-attila-a-we-love-cycling-magazinnak-a-maga-mogott-hagyott-melypontrol\/","og_site_name":"\u0160koda We Love Cycling - Magyarorsz\u00e1g","article_publisher":"https:\/\/www.facebook.com\/WeLoveCyclingHungary\/","article_published_time":"2025-09-26T08:27:39+00:00","og_image":[{"width":2048,"height":1366,"url":"https:\/\/d2p6e6u75xmxt8.cloudfront.net\/12\/2025\/09\/image001-min.webp","type":"image\/webp"}],"author":"hegyizs","twitter_card":"summary_large_image","twitter_misc":{"Written by":"WLC","Est. reading time":"6 minutes"},"schema":{"@context":"https:\/\/schema.org","@graph":[{"@type":"WebPage","@id":"https:\/\/www.welovecycling.com\/hu\/orszaguti-kerekpar\/a-vilag-legjobb-csapataban-versenyeztem-megis-szegyelltem-magam-valter-attila-a-we-love-cycling-magazinnak-a-maga-mogott-hagyott-melypontrol\/","url":"https:\/\/www.welovecycling.com\/hu\/orszaguti-kerekpar\/a-vilag-legjobb-csapataban-versenyeztem-megis-szegyelltem-magam-valter-attila-a-we-love-cycling-magazinnak-a-maga-mogott-hagyott-melypontrol\/","name":"\u201eA vil\u00e1g legjobb csapat\u00e1ban versenyeztem, m\u00e9gis sz\u00e9gyelltem magam\u201d \u2013 Valter Attila a We Love Cycling magazinnak a maga m\u00f6g\u00f6tt hagyott m\u00e9lypontr\u00f3l","isPartOf":{"@id":"https:\/\/www.welovecycling.com\/hu\/#website"},"primaryImageOfPage":{"@id":"https:\/\/www.welovecycling.com\/hu\/orszaguti-kerekpar\/a-vilag-legjobb-csapataban-versenyeztem-megis-szegyelltem-magam-valter-attila-a-we-love-cycling-magazinnak-a-maga-mogott-hagyott-melypontrol\/#primaryimage"},"image":{"@id":"https:\/\/www.welovecycling.com\/hu\/orszaguti-kerekpar\/a-vilag-legjobb-csapataban-versenyeztem-megis-szegyelltem-magam-valter-attila-a-we-love-cycling-magazinnak-a-maga-mogott-hagyott-melypontrol\/#primaryimage"},"thumbnailUrl":"https:\/\/d2p6e6u75xmxt8.cloudfront.net\/12\/2025\/09\/image001-min.webp","datePublished":"2025-09-26T08:27:39+00:00","author":{"@id":"https:\/\/www.welovecycling.com\/hu\/#\/schema\/person\/414a2aebf1801691a5320edb6468e194"},"description":"A Vism\u00e1t az \u00e9v v\u00e9g\u00e9n a Bahrain-Victorious\u00e9rt elhagy\u00f3 magyar klasszis mes\u00e9lt a csapatv\u00e1lt\u00e1s h\u00e1tter\u00e9r\u0151l \u00e9s pszichol\u00f3gi\u00e1j\u00e1r\u00f3l, a g\u00f6rcs\u00f6ss\u00e9g \u00e9s a megfelel\u00e9si k\u00e9nyszer elenged\u00e9s\u00e9r\u0151l, s arr\u00f3l is, hogy innent\u0151l mit nem szeretne m\u00e9g egyszer soha t\u00f6bb\u00e9 \u00e1t\u00e9lni.","breadcrumb":{"@id":"https:\/\/www.welovecycling.com\/hu\/orszaguti-kerekpar\/a-vilag-legjobb-csapataban-versenyeztem-megis-szegyelltem-magam-valter-attila-a-we-love-cycling-magazinnak-a-maga-mogott-hagyott-melypontrol\/#breadcrumb"},"inLanguage":"hu","potentialAction":[{"@type":"ReadAction","target":["https:\/\/www.welovecycling.com\/hu\/orszaguti-kerekpar\/a-vilag-legjobb-csapataban-versenyeztem-megis-szegyelltem-magam-valter-attila-a-we-love-cycling-magazinnak-a-maga-mogott-hagyott-melypontrol\/"]}]},{"@type":"ImageObject","inLanguage":"hu","@id":"https:\/\/www.welovecycling.com\/hu\/orszaguti-kerekpar\/a-vilag-legjobb-csapataban-versenyeztem-megis-szegyelltem-magam-valter-attila-a-we-love-cycling-magazinnak-a-maga-mogott-hagyott-melypontrol\/#primaryimage","url":"https:\/\/d2p6e6u75xmxt8.cloudfront.net\/12\/2025\/09\/image001-min.webp","contentUrl":"https:\/\/d2p6e6u75xmxt8.cloudfront.net\/12\/2025\/09\/image001-min.webp","width":2048,"height":1366},{"@type":"BreadcrumbList","@id":"https:\/\/www.welovecycling.com\/hu\/orszaguti-kerekpar\/a-vilag-legjobb-csapataban-versenyeztem-megis-szegyelltem-magam-valter-attila-a-we-love-cycling-magazinnak-a-maga-mogott-hagyott-melypontrol\/#breadcrumb","itemListElement":[{"@type":"ListItem","position":1,"name":"Home","item":"https:\/\/www.welovecycling.com\/hu\/"},{"@type":"ListItem","position":2,"name":"\u201eA vil\u00e1g legjobb csapat\u00e1ban versenyeztem, m\u00e9gis sz\u00e9gyelltem magam\u201d \u2013 Valter Attila a We Love Cycling magazinnak a maga m\u00f6g\u00f6tt hagyott m\u00e9lypontr\u00f3l"}]},{"@type":"WebSite","@id":"https:\/\/www.welovecycling.com\/hu\/#website","url":"https:\/\/www.welovecycling.com\/hu\/","name":"\u0160koda We Love Cycling - Magyarorsz\u00e1g","description":"\u0160koda WeLoveCycling","potentialAction":[{"@type":"SearchAction","target":{"@type":"EntryPoint","urlTemplate":"https:\/\/www.welovecycling.com\/hu\/?s={search_term_string}"},"query-input":{"@type":"PropertyValueSpecification","valueRequired":true,"valueName":"search_term_string"}}],"inLanguage":"hu"},{"@type":"Person","@id":"https:\/\/www.welovecycling.com\/hu\/#\/schema\/person\/414a2aebf1801691a5320edb6468e194","name":"hegyizs","image":{"@type":"ImageObject","inLanguage":"hu","@id":"https:\/\/www.welovecycling.com\/hu\/#\/schema\/person\/image\/","url":"https:\/\/secure.gravatar.com\/avatar\/02cf8a7906b8cf90cecb4679defac7cfd33a1c2e3b88e4903d947f3bb58eedd3?s=96&d=mm&r=g","contentUrl":"https:\/\/secure.gravatar.com\/avatar\/02cf8a7906b8cf90cecb4679defac7cfd33a1c2e3b88e4903d947f3bb58eedd3?s=96&d=mm&r=g","caption":"hegyizs"},"url":"https:\/\/www.welovecycling.com\/hu\/author\/hegyizs\/"}]}},"_links":{"self":[{"href":"https:\/\/www.welovecycling.com\/hu\/wp-json\/wp\/v2\/posts\/19308","targetHints":{"allow":["GET"]}}],"collection":[{"href":"https:\/\/www.welovecycling.com\/hu\/wp-json\/wp\/v2\/posts"}],"about":[{"href":"https:\/\/www.welovecycling.com\/hu\/wp-json\/wp\/v2\/types\/post"}],"author":[{"embeddable":true,"href":"https:\/\/www.welovecycling.com\/hu\/wp-json\/wp\/v2\/users\/71"}],"replies":[{"embeddable":true,"href":"https:\/\/www.welovecycling.com\/hu\/wp-json\/wp\/v2\/comments?post=19308"}],"version-history":[{"count":1,"href":"https:\/\/www.welovecycling.com\/hu\/wp-json\/wp\/v2\/posts\/19308\/revisions"}],"predecessor-version":[{"id":19314,"href":"https:\/\/www.welovecycling.com\/hu\/wp-json\/wp\/v2\/posts\/19308\/revisions\/19314"}],"wp:featuredmedia":[{"embeddable":true,"href":"https:\/\/www.welovecycling.com\/hu\/wp-json\/wp\/v2\/media\/19309"}],"wp:attachment":[{"href":"https:\/\/www.welovecycling.com\/hu\/wp-json\/wp\/v2\/media?parent=19308"}],"wp:term":[{"taxonomy":"category","embeddable":true,"href":"https:\/\/www.welovecycling.com\/hu\/wp-json\/wp\/v2\/categories?post=19308"},{"taxonomy":"post_tag","embeddable":true,"href":"https:\/\/www.welovecycling.com\/hu\/wp-json\/wp\/v2\/tags?post=19308"},{"taxonomy":"global-categories","embeddable":true,"href":"https:\/\/www.welovecycling.com\/hu\/wp-json\/wp\/v2\/global-categories?post=19308"}],"curies":[{"name":"wp","href":"https:\/\/api.w.org\/{rel}","templated":true}]}}