{"id":19298,"date":"2025-09-20T08:00:07","date_gmt":"2025-09-20T06:00:07","guid":{"rendered":"https:\/\/www.welovecycling.com\/hu\/?p=19298"},"modified":"2025-09-17T10:31:54","modified_gmt":"2025-09-17T08:31:54","slug":"miert-az-osz-a-legjobb-idoszak-a-gravelezesre","status":"publish","type":"post","link":"https:\/\/www.welovecycling.com\/hu\/trekking-mtb\/miert-az-osz-a-legjobb-idoszak-a-gravelezesre\/","title":{"rendered":"Mi\u00e9rt az \u0151sz a legjobb id\u0151szak a gravelez\u00e9sre?"},"content":{"rendered":"<p><b>A gravel bring\u00e1z\u00e1snak eg\u00e9sz \u00e9vben megvannak a var\u00e1zslatos pillanatai. Tavasszal ott az izgalom, amikor v\u00e9gre magunk m\u00f6g\u00f6tt hagyjuk a telet, ny\u00e1ron a v\u00e9gtelen nappalok h\u00edvogatnak, \u0151sszel pedig a friss leveg\u0151 \u00e9s az aranyl\u00f3 t\u00e1jak b\u0171v\u00f6lnek el.<\/b><\/p>\n<p><!--more--><\/p>\n<p><span style=\"font-weight: 400;\">Van valami ebben az \u00e1tmeneti id\u0151ben, ami \u00fagy hat, mintha kifejezetten a hossz\u00fa, graveles napokra tal\u00e1lt\u00e1k volna ki. A leveg\u0151 h\u0171v\u00f6sebb, de m\u00e9g nem cs\u00edp\u0151s, az \u00f6sv\u00e9nyek csendesebbek, a t\u00e1j pedig abban a pillanatnyi \u00e1llapotban van, amikor a z\u00f6ld m\u00e9g nem adta \u00e1t teljesen a hely\u00e9t az \u0151szi l\u00e1ngol\u00e1snak. Legyen sz\u00f3 teljes\u00edtm\u00e9nyr\u0151l, lelki felt\u00f6lt\u0151d\u00e9sr\u0151l vagy egyszer\u0171en j\u00f3 bar\u00e1ti bring\u00e1z\u00e1sokr\u00f3l, az \u0151sz t\u00f6k\u00e9letes id\u0151szak a gravel szerelmeseinek.<\/span><\/p>\n<h2><b>Az id\u0151j\u00e1r\u00e1s a legjobb form\u00e1j\u00e1t hozza<\/b><\/h2>\n<p><span style=\"font-weight: 400;\">Lassan elm\u00falik a ny\u00e1r perzsel\u0151 h\u0151s\u00e9ge \u00e9s megsz\u0171nik az \u00e1lland\u00f3, fojtogat\u00f3 p\u00e1ra. M\u00e1r nem kell a d\u00e9li \u00f3r\u00e1kban menek\u00fclni a nap el\u0151l, \u00e9s a reggelek v\u00e9gre t\u00e9nyleg felfriss\u00edtenek. A h\u0171v\u00f6sebb h\u0151m\u00e9rs\u00e9klet sokkal \u00e9lvezhet\u0151bb\u00e9 teszi a hossz\u00fa t\u00far\u00e1kat, k\u00fcl\u00f6n\u00f6sen terepen, ahol domin\u00e1lnak az emelked\u0151k.<\/span><\/p>\n<p><span style=\"font-weight: 400;\">Emellett a biztons\u00e1g is szerepet j\u00e1tszik: \u0151sz elej\u00e9n-k\u00f6zep\u00e9n m\u00e9g b\u0151ven van el\u00e9g nappali f\u00e9ny a nagy kalandokhoz, de val\u00f3sz\u00edn\u0171leg meg\u00faszod a ny\u00e1ri z\u00e1porokat \u00e9s a korai fagyokat.<\/span><\/p>\n<h2><b>Ahogy az \u00f6sv\u00e9nyek is!<\/b><\/h2>\n<p><span style=\"font-weight: 400;\">A gravel \u00fatvonalak ilyenkor vannak a legjobb \u00e1llapotukban. A ny\u00e1r por\u00e1t elmost\u00e1k a szezonv\u00e9gi z\u00e1porok, de a talaj m\u00e9g nem mer\u0151 s\u00e1r \u00e9s nem cs\u00faszik a lefagyott reggeli p\u00e1r\u00e1t\u00f3l. Az \u0151szi terep szil\u00e1rd \u00e9s j\u00f3l tapad, szinte k\u00e9ri, hogy sz\u00e1guldj v\u00e9gig rajta.<\/span><\/p>\n<p><span style=\"font-weight: 400;\">A vadvil\u00e1g ilyenkor m\u00e9g akt\u00edv, a mez\u0151k\u00f6n \u00e9rnek a k\u00e9s\u0151i gabon\u00e1k, az erd\u0151k pedig \u00e9pp csak elkezdenek sz\u00ednesedni. Az eg\u00e9sz t\u00e1j v\u00e1ltozik, folyamatos mozg\u00e1sban van, erre a dinamik\u00e1ra pedig te is k\u00f6nnyen r\u00e1 tudsz hangol\u00f3dni, mik\u00f6zben tekersz.<\/span><\/p>\n<figure id=\"attachment_17309\" aria-describedby=\"caption-attachment-17309\" style=\"width: 990px\" class=\"wp-caption alignnone\"><a href=\"https:\/\/d2p6e6u75xmxt8.cloudfront.net\/12\/2023\/05\/Gravel-Cycling-profimedia-0707130806-CVR.webp\"><img loading=\"lazy\" decoding=\"async\" class=\"wp-image-17309 size-full\" src=\"https:\/\/d2p6e6u75xmxt8.cloudfront.net\/12\/2023\/05\/Gravel-Cycling-profimedia-0707130806-CVR.webp\" alt=\"Gravel Cycling\" width=\"990\" height=\"660\" srcset=\"https:\/\/d2p6e6u75xmxt8.cloudfront.net\/12\/2023\/05\/Gravel-Cycling-profimedia-0707130806-CVR.webp 990w, https:\/\/d2p6e6u75xmxt8.cloudfront.net\/12\/2023\/05\/Gravel-Cycling-profimedia-0707130806-CVR-300x200.webp 300w, https:\/\/d2p6e6u75xmxt8.cloudfront.net\/12\/2023\/05\/Gravel-Cycling-profimedia-0707130806-CVR-768x512.webp 768w, https:\/\/d2p6e6u75xmxt8.cloudfront.net\/12\/2023\/05\/Gravel-Cycling-profimedia-0707130806-CVR-400x267.webp 400w, https:\/\/d2p6e6u75xmxt8.cloudfront.net\/12\/2023\/05\/Gravel-Cycling-profimedia-0707130806-CVR-272x182.webp 272w\" sizes=\"auto, (max-width: 990px) 100vw, 990px\" \/><\/a><figcaption id=\"caption-attachment-17309\" class=\"wp-caption-text\">Van valami ebben az \u00e1tmeneti h\u00f3napban, amit\u0151l \u00fagy t\u0171nik, mintha kifejezetten a hossz\u00fa napokra, v\u00e1ltozatos terepen lenne szabva.<\/figcaption><\/figure>\n<h2><b>Kevesebb forgalom, t\u00f6bb nyugalom<\/b><\/h2>\n<p><span style=\"font-weight: 400;\">Az \u0151sz m\u00e1sik el\u0151nye, hogy a ny\u00e1ri bring\u00e1sok t\u00f6bbs\u00e9ge m\u00e1r ritk\u00e1bban j\u00e1r ki, vagy el is tette a biciklij\u00e9t j\u00f6v\u0151re. Az utak csendesebbek, az erd\u0151k kev\u00e9sb\u00e9 zs\u00fafoltak, \u00e9s a terek t\u00e1gasabbak.<\/span><\/p>\n<p><span style=\"font-weight: 400;\">Azok a gravel bring\u00e1sok, akik szeretik a mag\u00e1nyt \u2013 vagy csak nem akarnak m\u00e1sokat ker\u00fclgetni \u2013, ilyenkor fell\u00e9legezhetnek. A nyugodtabb utak \u00e9s a h\u0171v\u00f6sebb id\u0151 egy\u00fctt lehet\u0151s\u00e9get adnak arra, hogy jobban elm\u00e9ly\u00fclj a teker\u00e9s ritmus\u00e1ban, s\u0151t \u00faj dolgokat is kipr\u00f3b\u00e1lj &#8211; k\u00f6z\u00f6ns\u00e9g n\u00e9lk\u00fcl.<\/span><\/p>\n<h2><b>T\u00f6k\u00e9letes id\u0151z\u00edt\u00e9s testnek \u00e9s l\u00e9leknek<\/b><\/h2>\n<p><span style=\"font-weight: 400;\">Sok bring\u00e1s sz\u00e1m\u00e1ra az \u0151sz egyfajta ment\u00e1lis \u00fajrakezd\u00e9s. A tavasz \u00e9s a ny\u00e1r sor\u00e1n fel\u00e9p\u00edtett edzetts\u00e9get most lehet igaz\u00e1n kihaszn\u00e1lni \u2013 an\u00e9lk\u00fcl, hogy a versenyszezon vagy a forr\u00f3s\u00e1g terhe r\u00e1dnehezedne. Az \u00e1ll\u00f3k\u00e9pess\u00e9ged stabil, a bringakezel\u00e9sed magabiztos, \u00e9s a kilom\u00e9terek szinte magukt\u00f3l peregnek.<\/span><\/p>\n<p><span style=\"font-weight: 400;\">Az \u00e9v m\u00e9g nem \u00e9rt v\u00e9get, de a m\u00e1r tiszt\u00e1n l\u00e1tszanak a k\u00f6rvonalai. A csendes kavicsos utakon t\u00f6lt\u00f6tt hossz\u00fa \u00f3r\u00e1k lehet\u0151s\u00e9get adnak arra, hogy \u00e1tgondold az \u00e9vedet \u00e9s a terveidet, vagy egyszer\u0171en \u00e9lvezd a jelent.<\/span><\/p>\n<h2><b>Felszerel\u00e9s \u00e9s pakol\u00e1s<\/b><\/h2>\n<p><span style=\"font-weight: 400;\">A gravel bring\u00e1sok j\u00f3l ismerik a szezon\u00e1lis felszerel\u00e9sv\u00e1lt\u00e1sokat: t\u00e9len r\u00e9tegekre r\u00e9tegek, ny\u00e1ron pedig folyamatos harc a h\u0151s\u00e9ggel \u00e9s a dehidrat\u00e1ci\u00f3val &#8211; v\u00e9gtelen vizes palackkal. \u0150sszel viszont el\u00e9g egy k\u00f6nny\u0171 sz\u00e9ldzseki, \u00e9s k\u00e9sz. Nem olyan sz\u00e9ls\u0151s\u00e9ges az id\u0151j\u00e1r\u00e1s, \u00edgy kevesebb dolgot kell cipelni \u00e9s kevesebbet kell agg\u00f3dni is.<\/span><\/p>\n<p><span style=\"font-weight: 400;\">Ez az egyszer\u0171s\u00e9g a hosszabb t\u00far\u00e1k \u00e9s a bikepacking kalandok tervez\u00e9s\u00e9t is g\u00f6rd\u00fcl\u00e9kenyebb\u00e9 teszi. K\u00f6nnyebb csomagolni, k\u00f6nnyebb mozogni \u2013 pontosan azt a szabads\u00e1g\u00e9rz\u00e9st adja, amir\u0151l a gravel sz\u00f3l.<\/span><\/p>\n<h2><b>Tippek, hogy a legt\u00f6bbet hozd ki bel\u0151le<\/b><\/h2>\n<p><b>Tervezd \u0151szre a nagy t\u00far\u00e1kat:<\/b><span style=\"font-weight: 400;\"> m\u00e9g el\u00e9g hossz\u00faak a nappalok, ide\u00e1lisak a 100+ km-es gravel kalandokhoz.<\/span><\/p>\n<p><b>L\u00e9gy spont\u00e1n:<\/b><span style=\"font-weight: 400;\"> tartsd k\u00e9szenl\u00e9tben a felszerel\u00e9st, hogy kihaszn\u00e1lhasd azokat a napokat, amikor t\u00f6k\u00e9letes az id\u0151.<\/span><\/p>\n<p>&nbsp;<\/p>\n<p><b>Keress \u00faj \u00fatvonalakat:<\/b><span style=\"font-weight: 400;\"> fedezz fel olyan helyeket, amelyek j\u00faliusban vagy augusztusban t\u00fal zs\u00fafoltak voltak vagy \u00e1rny\u00e9k hi\u00e1ny\u00e1ban t\u00fals\u00e1gosan melegek.<\/span><\/p>\n<p>&nbsp;<\/p>\n<p><b>Ne v\u00e1rj t\u00fal sok\u00e1ig:<\/b><span style=\"font-weight: 400;\"> hamarosan r\u00f6vid\u00fclni fognak a nappalok, \u00e9s az \u00f6sv\u00e9nyek \u00e1llapota is v\u00e1ltozik.<\/span><\/p>\n<p><span style=\"font-weight: 400;\">A gravel bring\u00e1z\u00e1s l\u00e9nyege az, hogy \u00f6r\u00f6met tal\u00e1lunk a t\u00f6k\u00e9letlenben, a burkolatlanban, a k\u00f6ztes terekben. \u00c9s nincs \u00e9vszak, amely jobban megtestes\u00edten\u00e9 ezt a szellemis\u00e9get, mint az \u0151sz. Ez az az id\u0151, amikor a tested, az utak \u00e9s az id\u0151j\u00e1r\u00e1s t\u00f6k\u00e9letes \u00f6sszhangban vannak. Sz\u00f3val ak\u00e1r versenyre k\u00e9sz\u00fclsz, ak\u00e1r t\u00f6bbnapos t\u00far\u00e1t tervezel, vagy csak szeretn\u00e9l a szabadban lenni az arany\u00f3r\u00e1ban, most van itt az id\u0151, hogy \u00e1tadd magad a gravel \u00e9let\u00e9rz\u00e9snek!<\/span><\/p>\n","protected":false},"excerpt":{"rendered":"<p>A gravel bring\u00e1z\u00e1snak eg\u00e9sz \u00e9vben megvannak a var\u00e1zslatos pillanatai. Tavasszal ott az izgalom, amikor v\u00e9gre magunk m\u00f6g\u00f6tt hagyjuk a telet, [&hellip;]<\/p>\n","protected":false},"author":71,"featured_media":19300,"comment_status":"open","ping_status":"open","sticky":false,"template":"","format":"standard","meta":{"footnotes":""},"categories":[7],"tags":[],"global-categories":[],"class_list":["post-19298","post","type-post","status-publish","format-standard","has-post-thumbnail","hentry","category-trekking-mtb"],"yoast_head":"<!-- This site is optimized with the Yoast SEO Premium plugin v25.3 (Yoast SEO v25.9) - https:\/\/yoast.com\/wordpress\/plugins\/seo\/ -->\n<title>Mi\u00e9rt az \u0151sz a legjobb id\u0151szak a gravelez\u00e9sre?<\/title>\n<meta name=\"description\" content=\"A gravel bring\u00e1z\u00e1snak eg\u00e9sz \u00e9vben megvannak a var\u00e1zslatos pillanatai. Tavasszal ott az izgalom, amikor v\u00e9gre magunk m\u00f6g\u00f6tt hagyjuk a telet, ny\u00e1ron a v\u00e9gtelen nappalok h\u00edvogatnak, \u0151sszel pedig a friss leveg\u0151 \u00e9s az aranyl\u00f3 t\u00e1jak b\u0171v\u00f6lnek el.\" \/>\n<meta name=\"robots\" content=\"index, follow, max-snippet:-1, max-image-preview:large, max-video-preview:-1\" \/>\n<link rel=\"canonical\" href=\"https:\/\/www.welovecycling.com\/hu\/trekking-mtb\/miert-az-osz-a-legjobb-idoszak-a-gravelezesre\/\" \/>\n<meta property=\"og:locale\" content=\"hu_HU\" \/>\n<meta property=\"og:type\" content=\"article\" \/>\n<meta property=\"og:title\" content=\"Mi\u00e9rt az \u0151sz a legjobb id\u0151szak a gravelez\u00e9sre?\" \/>\n<meta property=\"og:description\" content=\"A gravel bring\u00e1z\u00e1snak eg\u00e9sz \u00e9vben megvannak a var\u00e1zslatos pillanatai. Tavasszal ott az izgalom, amikor v\u00e9gre magunk m\u00f6g\u00f6tt hagyjuk a telet, ny\u00e1ron a v\u00e9gtelen nappalok h\u00edvogatnak, \u0151sszel pedig a friss leveg\u0151 \u00e9s az aranyl\u00f3 t\u00e1jak b\u0171v\u00f6lnek el.\" \/>\n<meta property=\"og:url\" content=\"https:\/\/www.welovecycling.com\/hu\/trekking-mtb\/miert-az-osz-a-legjobb-idoszak-a-gravelezesre\/\" \/>\n<meta property=\"og:site_name\" content=\"\u0160koda We Love Cycling - Magyarorsz\u00e1g\" \/>\n<meta property=\"article:publisher\" content=\"https:\/\/www.facebook.com\/WeLoveCyclingHungary\/\" \/>\n<meta property=\"article:published_time\" content=\"2025-09-20T06:00:07+00:00\" \/>\n<meta property=\"og:image\" content=\"https:\/\/d2p6e6u75xmxt8.cloudfront.net\/12\/2025\/09\/Gravel-MTB-Woman-Cyclist-Snack-profimedia-0986386621-CVR.webp\" \/>\n\t<meta property=\"og:image:width\" content=\"990\" \/>\n\t<meta property=\"og:image:height\" content=\"660\" \/>\n\t<meta property=\"og:image:type\" content=\"image\/webp\" \/>\n<meta name=\"author\" content=\"hegyizs\" \/>\n<meta name=\"twitter:card\" content=\"summary_large_image\" \/>\n<meta name=\"twitter:label1\" content=\"Written by\" \/>\n\t<meta name=\"twitter:data1\" content=\"Megan Flottorp\" \/>\n\t<meta name=\"twitter:label2\" content=\"Est. reading time\" \/>\n\t<meta name=\"twitter:data2\" content=\"3\" \/>\n<script type=\"application\/ld+json\" class=\"yoast-schema-graph\">{\"@context\":\"https:\/\/schema.org\",\"@graph\":[{\"@type\":\"WebPage\",\"@id\":\"https:\/\/www.welovecycling.com\/hu\/trekking-mtb\/miert-az-osz-a-legjobb-idoszak-a-gravelezesre\/\",\"url\":\"https:\/\/www.welovecycling.com\/hu\/trekking-mtb\/miert-az-osz-a-legjobb-idoszak-a-gravelezesre\/\",\"name\":\"Mi\u00e9rt az \u0151sz a legjobb id\u0151szak a gravelez\u00e9sre?\",\"isPartOf\":{\"@id\":\"https:\/\/www.welovecycling.com\/hu\/#website\"},\"primaryImageOfPage\":{\"@id\":\"https:\/\/www.welovecycling.com\/hu\/trekking-mtb\/miert-az-osz-a-legjobb-idoszak-a-gravelezesre\/#primaryimage\"},\"image\":{\"@id\":\"https:\/\/www.welovecycling.com\/hu\/trekking-mtb\/miert-az-osz-a-legjobb-idoszak-a-gravelezesre\/#primaryimage\"},\"thumbnailUrl\":\"https:\/\/d2p6e6u75xmxt8.cloudfront.net\/12\/2025\/09\/Gravel-MTB-Woman-Cyclist-Snack-profimedia-0986386621-CVR.webp\",\"datePublished\":\"2025-09-20T06:00:07+00:00\",\"author\":{\"@id\":\"https:\/\/www.welovecycling.com\/hu\/#\/schema\/person\/414a2aebf1801691a5320edb6468e194\"},\"description\":\"A gravel bring\u00e1z\u00e1snak eg\u00e9sz \u00e9vben megvannak a var\u00e1zslatos pillanatai. Tavasszal ott az izgalom, amikor v\u00e9gre magunk m\u00f6g\u00f6tt hagyjuk a telet, ny\u00e1ron a v\u00e9gtelen nappalok h\u00edvogatnak, \u0151sszel pedig a friss leveg\u0151 \u00e9s az aranyl\u00f3 t\u00e1jak b\u0171v\u00f6lnek el.\",\"breadcrumb\":{\"@id\":\"https:\/\/www.welovecycling.com\/hu\/trekking-mtb\/miert-az-osz-a-legjobb-idoszak-a-gravelezesre\/#breadcrumb\"},\"inLanguage\":\"hu\",\"potentialAction\":[{\"@type\":\"ReadAction\",\"target\":[\"https:\/\/www.welovecycling.com\/hu\/trekking-mtb\/miert-az-osz-a-legjobb-idoszak-a-gravelezesre\/\"]}]},{\"@type\":\"ImageObject\",\"inLanguage\":\"hu\",\"@id\":\"https:\/\/www.welovecycling.com\/hu\/trekking-mtb\/miert-az-osz-a-legjobb-idoszak-a-gravelezesre\/#primaryimage\",\"url\":\"https:\/\/d2p6e6u75xmxt8.cloudfront.net\/12\/2025\/09\/Gravel-MTB-Woman-Cyclist-Snack-profimedia-0986386621-CVR.webp\",\"contentUrl\":\"https:\/\/d2p6e6u75xmxt8.cloudfront.net\/12\/2025\/09\/Gravel-MTB-Woman-Cyclist-Snack-profimedia-0986386621-CVR.webp\",\"width\":990,\"height\":660,\"caption\":\"Gravel cyclist\"},{\"@type\":\"BreadcrumbList\",\"@id\":\"https:\/\/www.welovecycling.com\/hu\/trekking-mtb\/miert-az-osz-a-legjobb-idoszak-a-gravelezesre\/#breadcrumb\",\"itemListElement\":[{\"@type\":\"ListItem\",\"position\":1,\"name\":\"Home\",\"item\":\"https:\/\/www.welovecycling.com\/hu\/\"},{\"@type\":\"ListItem\",\"position\":2,\"name\":\"Mi\u00e9rt az \u0151sz a legjobb id\u0151szak a gravelez\u00e9sre?\"}]},{\"@type\":\"WebSite\",\"@id\":\"https:\/\/www.welovecycling.com\/hu\/#website\",\"url\":\"https:\/\/www.welovecycling.com\/hu\/\",\"name\":\"\u0160koda We Love Cycling - Magyarorsz\u00e1g\",\"description\":\"\u0160koda WeLoveCycling\",\"potentialAction\":[{\"@type\":\"SearchAction\",\"target\":{\"@type\":\"EntryPoint\",\"urlTemplate\":\"https:\/\/www.welovecycling.com\/hu\/?s={search_term_string}\"},\"query-input\":{\"@type\":\"PropertyValueSpecification\",\"valueRequired\":true,\"valueName\":\"search_term_string\"}}],\"inLanguage\":\"hu\"},{\"@type\":\"Person\",\"@id\":\"https:\/\/www.welovecycling.com\/hu\/#\/schema\/person\/414a2aebf1801691a5320edb6468e194\",\"name\":\"hegyizs\",\"image\":{\"@type\":\"ImageObject\",\"inLanguage\":\"hu\",\"@id\":\"https:\/\/www.welovecycling.com\/hu\/#\/schema\/person\/image\/\",\"url\":\"https:\/\/secure.gravatar.com\/avatar\/02cf8a7906b8cf90cecb4679defac7cfd33a1c2e3b88e4903d947f3bb58eedd3?s=96&d=mm&r=g\",\"contentUrl\":\"https:\/\/secure.gravatar.com\/avatar\/02cf8a7906b8cf90cecb4679defac7cfd33a1c2e3b88e4903d947f3bb58eedd3?s=96&d=mm&r=g\",\"caption\":\"hegyizs\"},\"url\":\"https:\/\/www.welovecycling.com\/hu\/author\/hegyizs\/\"}]}<\/script>\n<!-- \/ Yoast SEO Premium plugin. -->","yoast_head_json":{"title":"Mi\u00e9rt az \u0151sz a legjobb id\u0151szak a gravelez\u00e9sre?","description":"A gravel bring\u00e1z\u00e1snak eg\u00e9sz \u00e9vben megvannak a var\u00e1zslatos pillanatai. Tavasszal ott az izgalom, amikor v\u00e9gre magunk m\u00f6g\u00f6tt hagyjuk a telet, ny\u00e1ron a v\u00e9gtelen nappalok h\u00edvogatnak, \u0151sszel pedig a friss leveg\u0151 \u00e9s az aranyl\u00f3 t\u00e1jak b\u0171v\u00f6lnek el.","robots":{"index":"index","follow":"follow","max-snippet":"max-snippet:-1","max-image-preview":"max-image-preview:large","max-video-preview":"max-video-preview:-1"},"canonical":"https:\/\/www.welovecycling.com\/hu\/trekking-mtb\/miert-az-osz-a-legjobb-idoszak-a-gravelezesre\/","og_locale":"hu_HU","og_type":"article","og_title":"Mi\u00e9rt az \u0151sz a legjobb id\u0151szak a gravelez\u00e9sre?","og_description":"A gravel bring\u00e1z\u00e1snak eg\u00e9sz \u00e9vben megvannak a var\u00e1zslatos pillanatai. Tavasszal ott az izgalom, amikor v\u00e9gre magunk m\u00f6g\u00f6tt hagyjuk a telet, ny\u00e1ron a v\u00e9gtelen nappalok h\u00edvogatnak, \u0151sszel pedig a friss leveg\u0151 \u00e9s az aranyl\u00f3 t\u00e1jak b\u0171v\u00f6lnek el.","og_url":"https:\/\/www.welovecycling.com\/hu\/trekking-mtb\/miert-az-osz-a-legjobb-idoszak-a-gravelezesre\/","og_site_name":"\u0160koda We Love Cycling - Magyarorsz\u00e1g","article_publisher":"https:\/\/www.facebook.com\/WeLoveCyclingHungary\/","article_published_time":"2025-09-20T06:00:07+00:00","og_image":[{"width":990,"height":660,"url":"https:\/\/d2p6e6u75xmxt8.cloudfront.net\/12\/2025\/09\/Gravel-MTB-Woman-Cyclist-Snack-profimedia-0986386621-CVR.webp","type":"image\/webp"}],"author":"hegyizs","twitter_card":"summary_large_image","twitter_misc":{"Written by":"Megan Flottorp","Est. reading time":"3"},"schema":{"@context":"https:\/\/schema.org","@graph":[{"@type":"WebPage","@id":"https:\/\/www.welovecycling.com\/hu\/trekking-mtb\/miert-az-osz-a-legjobb-idoszak-a-gravelezesre\/","url":"https:\/\/www.welovecycling.com\/hu\/trekking-mtb\/miert-az-osz-a-legjobb-idoszak-a-gravelezesre\/","name":"Mi\u00e9rt az \u0151sz a legjobb id\u0151szak a gravelez\u00e9sre?","isPartOf":{"@id":"https:\/\/www.welovecycling.com\/hu\/#website"},"primaryImageOfPage":{"@id":"https:\/\/www.welovecycling.com\/hu\/trekking-mtb\/miert-az-osz-a-legjobb-idoszak-a-gravelezesre\/#primaryimage"},"image":{"@id":"https:\/\/www.welovecycling.com\/hu\/trekking-mtb\/miert-az-osz-a-legjobb-idoszak-a-gravelezesre\/#primaryimage"},"thumbnailUrl":"https:\/\/d2p6e6u75xmxt8.cloudfront.net\/12\/2025\/09\/Gravel-MTB-Woman-Cyclist-Snack-profimedia-0986386621-CVR.webp","datePublished":"2025-09-20T06:00:07+00:00","author":{"@id":"https:\/\/www.welovecycling.com\/hu\/#\/schema\/person\/414a2aebf1801691a5320edb6468e194"},"description":"A gravel bring\u00e1z\u00e1snak eg\u00e9sz \u00e9vben megvannak a var\u00e1zslatos pillanatai. Tavasszal ott az izgalom, amikor v\u00e9gre magunk m\u00f6g\u00f6tt hagyjuk a telet, ny\u00e1ron a v\u00e9gtelen nappalok h\u00edvogatnak, \u0151sszel pedig a friss leveg\u0151 \u00e9s az aranyl\u00f3 t\u00e1jak b\u0171v\u00f6lnek el.","breadcrumb":{"@id":"https:\/\/www.welovecycling.com\/hu\/trekking-mtb\/miert-az-osz-a-legjobb-idoszak-a-gravelezesre\/#breadcrumb"},"inLanguage":"hu","potentialAction":[{"@type":"ReadAction","target":["https:\/\/www.welovecycling.com\/hu\/trekking-mtb\/miert-az-osz-a-legjobb-idoszak-a-gravelezesre\/"]}]},{"@type":"ImageObject","inLanguage":"hu","@id":"https:\/\/www.welovecycling.com\/hu\/trekking-mtb\/miert-az-osz-a-legjobb-idoszak-a-gravelezesre\/#primaryimage","url":"https:\/\/d2p6e6u75xmxt8.cloudfront.net\/12\/2025\/09\/Gravel-MTB-Woman-Cyclist-Snack-profimedia-0986386621-CVR.webp","contentUrl":"https:\/\/d2p6e6u75xmxt8.cloudfront.net\/12\/2025\/09\/Gravel-MTB-Woman-Cyclist-Snack-profimedia-0986386621-CVR.webp","width":990,"height":660,"caption":"Gravel cyclist"},{"@type":"BreadcrumbList","@id":"https:\/\/www.welovecycling.com\/hu\/trekking-mtb\/miert-az-osz-a-legjobb-idoszak-a-gravelezesre\/#breadcrumb","itemListElement":[{"@type":"ListItem","position":1,"name":"Home","item":"https:\/\/www.welovecycling.com\/hu\/"},{"@type":"ListItem","position":2,"name":"Mi\u00e9rt az \u0151sz a legjobb id\u0151szak a gravelez\u00e9sre?"}]},{"@type":"WebSite","@id":"https:\/\/www.welovecycling.com\/hu\/#website","url":"https:\/\/www.welovecycling.com\/hu\/","name":"\u0160koda We Love Cycling - Magyarorsz\u00e1g","description":"\u0160koda WeLoveCycling","potentialAction":[{"@type":"SearchAction","target":{"@type":"EntryPoint","urlTemplate":"https:\/\/www.welovecycling.com\/hu\/?s={search_term_string}"},"query-input":{"@type":"PropertyValueSpecification","valueRequired":true,"valueName":"search_term_string"}}],"inLanguage":"hu"},{"@type":"Person","@id":"https:\/\/www.welovecycling.com\/hu\/#\/schema\/person\/414a2aebf1801691a5320edb6468e194","name":"hegyizs","image":{"@type":"ImageObject","inLanguage":"hu","@id":"https:\/\/www.welovecycling.com\/hu\/#\/schema\/person\/image\/","url":"https:\/\/secure.gravatar.com\/avatar\/02cf8a7906b8cf90cecb4679defac7cfd33a1c2e3b88e4903d947f3bb58eedd3?s=96&d=mm&r=g","contentUrl":"https:\/\/secure.gravatar.com\/avatar\/02cf8a7906b8cf90cecb4679defac7cfd33a1c2e3b88e4903d947f3bb58eedd3?s=96&d=mm&r=g","caption":"hegyizs"},"url":"https:\/\/www.welovecycling.com\/hu\/author\/hegyizs\/"}]}},"_links":{"self":[{"href":"https:\/\/www.welovecycling.com\/hu\/wp-json\/wp\/v2\/posts\/19298","targetHints":{"allow":["GET"]}}],"collection":[{"href":"https:\/\/www.welovecycling.com\/hu\/wp-json\/wp\/v2\/posts"}],"about":[{"href":"https:\/\/www.welovecycling.com\/hu\/wp-json\/wp\/v2\/types\/post"}],"author":[{"embeddable":true,"href":"https:\/\/www.welovecycling.com\/hu\/wp-json\/wp\/v2\/users\/71"}],"replies":[{"embeddable":true,"href":"https:\/\/www.welovecycling.com\/hu\/wp-json\/wp\/v2\/comments?post=19298"}],"version-history":[{"count":4,"href":"https:\/\/www.welovecycling.com\/hu\/wp-json\/wp\/v2\/posts\/19298\/revisions"}],"predecessor-version":[{"id":19303,"href":"https:\/\/www.welovecycling.com\/hu\/wp-json\/wp\/v2\/posts\/19298\/revisions\/19303"}],"wp:featuredmedia":[{"embeddable":true,"href":"https:\/\/www.welovecycling.com\/hu\/wp-json\/wp\/v2\/media\/19300"}],"wp:attachment":[{"href":"https:\/\/www.welovecycling.com\/hu\/wp-json\/wp\/v2\/media?parent=19298"}],"wp:term":[{"taxonomy":"category","embeddable":true,"href":"https:\/\/www.welovecycling.com\/hu\/wp-json\/wp\/v2\/categories?post=19298"},{"taxonomy":"post_tag","embeddable":true,"href":"https:\/\/www.welovecycling.com\/hu\/wp-json\/wp\/v2\/tags?post=19298"},{"taxonomy":"global-categories","embeddable":true,"href":"https:\/\/www.welovecycling.com\/hu\/wp-json\/wp\/v2\/global-categories?post=19298"}],"curies":[{"name":"wp","href":"https:\/\/api.w.org\/{rel}","templated":true}]}}