{"id":19271,"date":"2025-09-19T08:00:30","date_gmt":"2025-09-19T06:00:30","guid":{"rendered":"https:\/\/www.welovecycling.com\/hu\/?p=19271"},"modified":"2025-09-02T11:17:53","modified_gmt":"2025-09-02T09:17:53","slug":"skoda-elroq-praga-utcain-egy-kerekparos-beszamoloja","status":"publish","type":"post","link":"https:\/\/www.welovecycling.com\/hu\/skoda\/skoda-elroq-praga-utcain-egy-kerekparos-beszamoloja\/","title":{"rendered":"A \u0160koda Elroq Pr\u00e1ga utc\u00e1in \u2013 egy ker\u00e9kp\u00e1ros besz\u00e1mol\u00f3ja"},"content":{"rendered":"<p><b>Ker\u00e9kp\u00e1rosk\u00e9nt sz\u00e1momra az ide\u00e1lis j\u00e1rm\u0171 \u00e1ltal\u00e1ban egy bicikli. De legy\u00fcnk \u0151szint\u00e9k \u2013 n\u00e9ha kell egy kis plusz l\u00f3er\u0151 vagy kicsit t\u00f6bb csomagt\u00e9r. \u00c9s ne feledkezz\u00fcnk meg a tet\u0151 ny\u00fajtotta luxusr\u00f3l se, amikor hirtelen leszakad az \u00e9g. Itt l\u00e9p sz\u00ednre a \u0160koda Elroq, egy teljesen elektromos csoda, amelyet nemr\u00e9g elvihettem egy tesztvezet\u00e9sre. A macskak\u00f6ves pr\u00e1gai utc\u00e1kon \u00e9s a v\u00e1ros modern sug\u00e1r\u00fatjain j\u00e1rtunk \u00e9s r\u00f6viden \u00f6sszefoglalva: hatalmas \u00e9lm\u00e9ny volt. Miel\u0151tt azonban azt hinn\u00e9tek, hogy k\u00e9tkerek\u0171 szerelmemet el\u00e1rulom a n\u00e9gykerek\u0171\u00e9rt, biztos\u00edthatlak benneteket: az Elroq nem egy \u00e1tlagos aut\u00f3 \u2013 ez a ker\u00e9kp\u00e1rosok \u00e1lma.<\/b><\/p>\n<p><!--more--><\/p>\n<p><span style=\"font-weight: 400;\">El\u0151sz\u00f6r is, az Elroq tagadhatatlanul eleg\u00e1ns. Tiszta vonalai \u00e9s aerodinamikus form\u00e1ja (amit mi bring\u00e1sok k\u00fcl\u00f6n\u00f6sen kedvel\u00fcnk) olyann\u00e1 teszik a vezet\u00e9st, mintha egy futurisztikus \u0171rhaj\u00f3t ir\u00e1ny\u00edtan\u00e1l. Ami azonban igaz\u00e1n felkeltette az \u00e9rdekl\u0151d\u00e9semet, az az, hogy teljesen elektromos. Az Elroq szinte hangtalan, ami k\u00fcl\u00f6n\u00f6sen j\u00f3l j\u00f6n, amikor a nyugodt, macskak\u00f6ves utc\u00e1kon suhansz \u2013 nincs motorzaj, ami megijeszten\u00e9 a galambokat vagy, ami m\u00e9g fontosabb, a bring\u00e1sokat. A vezet\u00e9s abszol\u00fat gyerekj\u00e1t\u00e9k, f\u0151leg a regenerat\u00edv f\u00e9krendszernek k\u00f6sz\u00f6nhet\u0151en, ami kifejezetten \u00e1ld\u00e1sos a pr\u00e1gai meredek lejt\u0151k\u00f6n. Olyan \u00e9rz\u00e9s, mintha bring\u00e1val guruln\u00e1l lefel\u00e9 \u2013 csak \u00e9pp aut\u00f3ban vagy!<\/span><\/p>\n<p><a href=\"https:\/\/d2p6e6u75xmxt8.cloudfront.net\/12\/2025\/09\/SKODA-ELROQ-1.webp\"><img loading=\"lazy\" decoding=\"async\" class=\"alignnone size-full wp-image-19272\" src=\"https:\/\/d2p6e6u75xmxt8.cloudfront.net\/12\/2025\/09\/SKODA-ELROQ-1.webp\" alt=\"\u0160koda Elroq\" width=\"990\" height=\"660\" srcset=\"https:\/\/d2p6e6u75xmxt8.cloudfront.net\/12\/2025\/09\/SKODA-ELROQ-1.webp 990w, https:\/\/d2p6e6u75xmxt8.cloudfront.net\/12\/2025\/09\/SKODA-ELROQ-1-300x200.webp 300w, https:\/\/d2p6e6u75xmxt8.cloudfront.net\/12\/2025\/09\/SKODA-ELROQ-1-768x512.webp 768w, https:\/\/d2p6e6u75xmxt8.cloudfront.net\/12\/2025\/09\/SKODA-ELROQ-1-400x267.webp 400w, https:\/\/d2p6e6u75xmxt8.cloudfront.net\/12\/2025\/09\/SKODA-ELROQ-1-272x182.webp 272w\" sizes=\"auto, (max-width: 990px) 100vw, 990px\" \/><\/a><\/p>\n<div id='gallery-1' class='gallery galleryid-19271 gallery-columns-2 gallery-size-large'><figure class='gallery-item'>\n\t\t\t<div class='gallery-icon landscape'>\n\t\t\t\t<a href='https:\/\/d2p6e6u75xmxt8.cloudfront.net\/12\/2025\/09\/SKODA-ELROQ-2.webp'><img loading=\"lazy\" decoding=\"async\" width=\"990\" height=\"660\" src=\"https:\/\/d2p6e6u75xmxt8.cloudfront.net\/12\/2025\/09\/SKODA-ELROQ-2.webp\" class=\"attachment-large size-large\" alt=\"\" srcset=\"https:\/\/d2p6e6u75xmxt8.cloudfront.net\/12\/2025\/09\/SKODA-ELROQ-2.webp 990w, https:\/\/d2p6e6u75xmxt8.cloudfront.net\/12\/2025\/09\/SKODA-ELROQ-2-300x200.webp 300w, https:\/\/d2p6e6u75xmxt8.cloudfront.net\/12\/2025\/09\/SKODA-ELROQ-2-768x512.webp 768w, https:\/\/d2p6e6u75xmxt8.cloudfront.net\/12\/2025\/09\/SKODA-ELROQ-2-400x267.webp 400w, https:\/\/d2p6e6u75xmxt8.cloudfront.net\/12\/2025\/09\/SKODA-ELROQ-2-272x182.webp 272w\" sizes=\"auto, (max-width: 990px) 100vw, 990px\" \/><\/a>\n\t\t\t<\/div><\/figure><figure class='gallery-item'>\n\t\t\t<div class='gallery-icon landscape'>\n\t\t\t\t<a href='https:\/\/d2p6e6u75xmxt8.cloudfront.net\/12\/2025\/09\/SKODA-ELROQ-3.webp'><img loading=\"lazy\" decoding=\"async\" width=\"990\" height=\"660\" src=\"https:\/\/d2p6e6u75xmxt8.cloudfront.net\/12\/2025\/09\/SKODA-ELROQ-3.webp\" class=\"attachment-large size-large\" alt=\"\" srcset=\"https:\/\/d2p6e6u75xmxt8.cloudfront.net\/12\/2025\/09\/SKODA-ELROQ-3.webp 990w, https:\/\/d2p6e6u75xmxt8.cloudfront.net\/12\/2025\/09\/SKODA-ELROQ-3-300x200.webp 300w, https:\/\/d2p6e6u75xmxt8.cloudfront.net\/12\/2025\/09\/SKODA-ELROQ-3-768x512.webp 768w, https:\/\/d2p6e6u75xmxt8.cloudfront.net\/12\/2025\/09\/SKODA-ELROQ-3-400x267.webp 400w, https:\/\/d2p6e6u75xmxt8.cloudfront.net\/12\/2025\/09\/SKODA-ELROQ-3-272x182.webp 272w\" sizes=\"auto, (max-width: 990px) 100vw, 990px\" \/><\/a>\n\t\t\t<\/div><\/figure>\n\t\t<\/div>\n\n<h2><b>T\u00e9r, t\u00e9r, \u00e9s m\u00e9g t\u00f6bb t\u00e9r<\/b><\/h2>\n<p><span style=\"font-weight: 400;\">Ami a ker\u00e9kp\u00e1rosok sz\u00e1m\u00e1ra biztosan kulcsk\u00e9rd\u00e9s aut\u00f3v\u00e1laszt\u00e1skor, az a csomagt\u00e9r. Mindig rengeteg cuccot hurcolunk magunkkal: t\u00e1sk\u00e1kat, kieg\u00e9sz\u00edt\u0151ket, tartal\u00e9k kerekeket, sisakokat, pump\u00e1t \u00e9s \u00edgy tov\u00e1bb. Az Elroq meglep\u0151en t\u00e1gas csomagtart\u00f3val rendelkezik \u2013 t\u00e9nyleg olyan, mint egy TARDIS vagy Hermione t\u00e1sk\u00e1ja: k\u00f6nnyed\u00e9n elnyel egy v\u00e1zat leszerelt kerekekkel, vagy ak\u00e1r egy komplett bring\u00e1t is, ha led\u00f6ntj\u00fck a h\u00e1ts\u00f3 \u00fcl\u00e9seket.<\/span><\/p>\n<p><span style=\"font-weight: 400;\">A tesztvezet\u00e9s sor\u00e1n siker\u00fclt egy eg\u00e9sz biciklit bepakolni a csomagt\u00e9rbe, \u00e9s m\u00e9g kett\u0151t k\u00e9nyelmesen, biztons\u00e1gosan r\u00f6gz\u00edtett\u00fcnk a tet\u0151n. A tet\u0151csomagtart\u00f3 massz\u00edv \u00e9s k\u00f6nnyen haszn\u00e1lhat\u00f3. Ez az aut\u00f3 olyan, mint egy mozg\u00f3 ker\u00e9kp\u00e1ros m\u0171hely. R\u00e1ad\u00e1sul t\u00e1rol\u00f3helyek is vannak benne a szersz\u00e1moknak \u00e9s \u2013 ami a legfontosabb \u2013 a nassolnival\u00f3knak!<\/span><\/p>\n<div id='gallery-2' class='gallery galleryid-19271 gallery-columns-2 gallery-size-large'><figure class='gallery-item'>\n\t\t\t<div class='gallery-icon landscape'>\n\t\t\t\t<a href='https:\/\/d2p6e6u75xmxt8.cloudfront.net\/12\/2025\/09\/SKODA-ELROQ-5.webp'><img loading=\"lazy\" decoding=\"async\" width=\"990\" height=\"660\" src=\"https:\/\/d2p6e6u75xmxt8.cloudfront.net\/12\/2025\/09\/SKODA-ELROQ-5.webp\" class=\"attachment-large size-large\" alt=\"\" srcset=\"https:\/\/d2p6e6u75xmxt8.cloudfront.net\/12\/2025\/09\/SKODA-ELROQ-5.webp 990w, https:\/\/d2p6e6u75xmxt8.cloudfront.net\/12\/2025\/09\/SKODA-ELROQ-5-300x200.webp 300w, https:\/\/d2p6e6u75xmxt8.cloudfront.net\/12\/2025\/09\/SKODA-ELROQ-5-768x512.webp 768w, https:\/\/d2p6e6u75xmxt8.cloudfront.net\/12\/2025\/09\/SKODA-ELROQ-5-400x267.webp 400w, https:\/\/d2p6e6u75xmxt8.cloudfront.net\/12\/2025\/09\/SKODA-ELROQ-5-272x182.webp 272w\" sizes=\"auto, (max-width: 990px) 100vw, 990px\" \/><\/a>\n\t\t\t<\/div><\/figure><figure class='gallery-item'>\n\t\t\t<div class='gallery-icon landscape'>\n\t\t\t\t<a href='https:\/\/d2p6e6u75xmxt8.cloudfront.net\/12\/2025\/09\/SKODA-ELROQ-4.webp'><img loading=\"lazy\" decoding=\"async\" width=\"990\" height=\"660\" src=\"https:\/\/d2p6e6u75xmxt8.cloudfront.net\/12\/2025\/09\/SKODA-ELROQ-4.webp\" class=\"attachment-large size-large\" alt=\"\" srcset=\"https:\/\/d2p6e6u75xmxt8.cloudfront.net\/12\/2025\/09\/SKODA-ELROQ-4.webp 990w, https:\/\/d2p6e6u75xmxt8.cloudfront.net\/12\/2025\/09\/SKODA-ELROQ-4-300x200.webp 300w, https:\/\/d2p6e6u75xmxt8.cloudfront.net\/12\/2025\/09\/SKODA-ELROQ-4-768x512.webp 768w, https:\/\/d2p6e6u75xmxt8.cloudfront.net\/12\/2025\/09\/SKODA-ELROQ-4-400x267.webp 400w, https:\/\/d2p6e6u75xmxt8.cloudfront.net\/12\/2025\/09\/SKODA-ELROQ-4-272x182.webp 272w\" sizes=\"auto, (max-width: 990px) 100vw, 990px\" \/><\/a>\n\t\t\t<\/div><\/figure>\n\t\t<\/div>\n\n<h2><b>Bring\u00e1sbar\u00e1t tech<\/b><\/h2>\n<p><span style=\"font-weight: 400;\">Az <\/span><a href=\"https:\/\/www.skoda.hu\/elroq\/elroq\" target=\"_blank\" rel=\"noopener\"><span style=\"font-weight: 400;\">Elroq <\/span><\/a><span style=\"font-weight: 400;\">high-tech vezet\u0151f\u00fclk\u00e9je is igazi ker\u00e9kp\u00e1ros \u00e1lom. Az infotainment rendszer intuit\u00edv, nem vonja el a figyelmet az \u00fatr\u00f3l. T\u00f6k\u00e9letes GPS be\u00e1ll\u00edt\u00e1s\u00e1hoz, v\u00e1rosi kalandoz\u00e1sokhoz, vagy ak\u00e1r a kedvenc bring\u00e1s podcasted hallgat\u00e1s\u00e1hoz. \u00c9s a legjobb? T\u00e1mogatja az Apple CarPlayt \u00e9s az Android Aut\u00f3t is, \u00edgy a telefonod digit\u00e1lis seg\u00edt\u0151t\u00e1rsad lehet az \u00faton.<\/span><\/p>\n<p><span style=\"font-weight: 400;\">Val\u00f3j\u00e1ban olyan, mintha lenne egy digit\u00e1lis <\/span><i><span style=\"font-weight: 400;\">domestique<\/span><\/i><span style=\"font-weight: 400;\"> melletted! \u00c9s ha egy k\u0151kem\u00e9ny t\u00fara ut\u00e1n nemcsak a l\u00e1badnak, hanem a k\u00fcty\u00fcjeidnek is sz\u00fcks\u00e9ge van t\u00f6lt\u00e9sre, az Elroq b\u0151s\u00e9ges USB-porttal \u00e1ll rendelkez\u00e9sre, hogy felt\u00f6ltse a Garminodat, vagy a telefonodat.<\/span><\/p>\n<p><span style=\"font-weight: 400;\">\u00c9s m\u00e9g ez sem minden! A be\u00e9p\u00edtett navig\u00e1ci\u00f3 k\u00e9pes a ker\u00e9kp\u00e1rosbar\u00e1t \u00fatvonalakat is kiemelni \u2013 ez n\u00e1lam \u00f3ri\u00e1si piros pont!<\/span><\/p>\n","protected":false},"excerpt":{"rendered":"<p>Ker\u00e9kp\u00e1rosk\u00e9nt sz\u00e1momra az ide\u00e1lis j\u00e1rm\u0171 \u00e1ltal\u00e1ban egy bicikli. De legy\u00fcnk \u0151szint\u00e9k \u2013 n\u00e9ha kell egy kis plusz l\u00f3er\u0151 vagy kicsit [&hellip;]<\/p>\n","protected":false},"author":71,"featured_media":19274,"comment_status":"open","ping_status":"open","sticky":false,"template":"","format":"standard","meta":{"footnotes":""},"categories":[468],"tags":[],"global-categories":[],"class_list":["post-19271","post","type-post","status-publish","format-standard","has-post-thumbnail","hentry","category-skoda"],"yoast_head":"<!-- This site is optimized with the Yoast SEO Premium plugin v25.3 (Yoast SEO v25.9) - https:\/\/yoast.com\/wordpress\/plugins\/seo\/ -->\n<title>A \u0160koda Elroq Pr\u00e1ga utc\u00e1in \u2013 egy ker\u00e9kp\u00e1ros besz\u00e1mol\u00f3ja<\/title>\n<meta name=\"description\" content=\"Ker\u00e9kp\u00e1rosk\u00e9nt sz\u00e1momra az ide\u00e1lis j\u00e1rm\u0171 \u00e1ltal\u00e1ban egy bicikli. De legy\u00fcnk \u0151szint\u00e9k \u2013 n\u00e9ha kell egy kis plusz l\u00f3er\u0151 vagy kicsit t\u00f6bb csomagt\u00e9r. \u00c9s ne feledkezz\u00fcnk meg a tet\u0151 ny\u00fajtotta luxusr\u00f3l se, amikor hirtelen leszakad az \u00e9g. Itt l\u00e9p sz\u00ednre a \u0160koda Elroq, egy teljesen elektromos csoda, amelyet nemr\u00e9g elvihettem egy tesztvezet\u00e9sre.\" \/>\n<meta name=\"robots\" content=\"index, follow, max-snippet:-1, max-image-preview:large, max-video-preview:-1\" \/>\n<link rel=\"canonical\" href=\"https:\/\/www.welovecycling.com\/hu\/skoda\/skoda-elroq-praga-utcain-egy-kerekparos-beszamoloja\/\" \/>\n<meta property=\"og:locale\" content=\"hu_HU\" \/>\n<meta property=\"og:type\" content=\"article\" \/>\n<meta property=\"og:title\" content=\"A \u0160koda Elroq Pr\u00e1ga utc\u00e1in \u2013 egy ker\u00e9kp\u00e1ros besz\u00e1mol\u00f3ja\" \/>\n<meta property=\"og:description\" content=\"Ker\u00e9kp\u00e1rosk\u00e9nt sz\u00e1momra az ide\u00e1lis j\u00e1rm\u0171 \u00e1ltal\u00e1ban egy bicikli. De legy\u00fcnk \u0151szint\u00e9k \u2013 n\u00e9ha kell egy kis plusz l\u00f3er\u0151 vagy kicsit t\u00f6bb csomagt\u00e9r. \u00c9s ne feledkezz\u00fcnk meg a tet\u0151 ny\u00fajtotta luxusr\u00f3l se, amikor hirtelen leszakad az \u00e9g. Itt l\u00e9p sz\u00ednre a \u0160koda Elroq, egy teljesen elektromos csoda, amelyet nemr\u00e9g elvihettem egy tesztvezet\u00e9sre.\" \/>\n<meta property=\"og:url\" content=\"https:\/\/www.welovecycling.com\/hu\/skoda\/skoda-elroq-praga-utcain-egy-kerekparos-beszamoloja\/\" \/>\n<meta property=\"og:site_name\" content=\"\u0160koda We Love Cycling - Magyarorsz\u00e1g\" \/>\n<meta property=\"article:publisher\" content=\"https:\/\/www.facebook.com\/WeLoveCyclingHungary\/\" \/>\n<meta property=\"article:published_time\" content=\"2025-09-19T06:00:30+00:00\" \/>\n<meta property=\"og:image\" content=\"https:\/\/d2p6e6u75xmxt8.cloudfront.net\/12\/2025\/09\/SKODA-ELROQ-CVR-2.webp\" \/>\n\t<meta property=\"og:image:width\" content=\"990\" \/>\n\t<meta property=\"og:image:height\" content=\"660\" \/>\n\t<meta property=\"og:image:type\" content=\"image\/webp\" \/>\n<meta name=\"author\" content=\"hegyizs\" \/>\n<meta name=\"twitter:card\" content=\"summary_large_image\" \/>\n<meta name=\"twitter:label1\" content=\"Written by\" \/>\n\t<meta name=\"twitter:data1\" content=\"Matt Stephens\" \/>\n\t<meta name=\"twitter:label2\" content=\"Est. reading time\" \/>\n\t<meta name=\"twitter:data2\" content=\"2\" \/>\n<script type=\"application\/ld+json\" class=\"yoast-schema-graph\">{\"@context\":\"https:\/\/schema.org\",\"@graph\":[{\"@type\":\"WebPage\",\"@id\":\"https:\/\/www.welovecycling.com\/hu\/skoda\/skoda-elroq-praga-utcain-egy-kerekparos-beszamoloja\/\",\"url\":\"https:\/\/www.welovecycling.com\/hu\/skoda\/skoda-elroq-praga-utcain-egy-kerekparos-beszamoloja\/\",\"name\":\"A \u0160koda Elroq Pr\u00e1ga utc\u00e1in \u2013 egy ker\u00e9kp\u00e1ros besz\u00e1mol\u00f3ja\",\"isPartOf\":{\"@id\":\"https:\/\/www.welovecycling.com\/hu\/#website\"},\"primaryImageOfPage\":{\"@id\":\"https:\/\/www.welovecycling.com\/hu\/skoda\/skoda-elroq-praga-utcain-egy-kerekparos-beszamoloja\/#primaryimage\"},\"image\":{\"@id\":\"https:\/\/www.welovecycling.com\/hu\/skoda\/skoda-elroq-praga-utcain-egy-kerekparos-beszamoloja\/#primaryimage\"},\"thumbnailUrl\":\"https:\/\/d2p6e6u75xmxt8.cloudfront.net\/12\/2025\/09\/SKODA-ELROQ-CVR-2.webp\",\"datePublished\":\"2025-09-19T06:00:30+00:00\",\"author\":{\"@id\":\"https:\/\/www.welovecycling.com\/hu\/#\/schema\/person\/414a2aebf1801691a5320edb6468e194\"},\"description\":\"Ker\u00e9kp\u00e1rosk\u00e9nt sz\u00e1momra az ide\u00e1lis j\u00e1rm\u0171 \u00e1ltal\u00e1ban egy bicikli. De legy\u00fcnk \u0151szint\u00e9k \u2013 n\u00e9ha kell egy kis plusz l\u00f3er\u0151 vagy kicsit t\u00f6bb csomagt\u00e9r. \u00c9s ne feledkezz\u00fcnk meg a tet\u0151 ny\u00fajtotta luxusr\u00f3l se, amikor hirtelen leszakad az \u00e9g. Itt l\u00e9p sz\u00ednre a \u0160koda Elroq, egy teljesen elektromos csoda, amelyet nemr\u00e9g elvihettem egy tesztvezet\u00e9sre.\",\"breadcrumb\":{\"@id\":\"https:\/\/www.welovecycling.com\/hu\/skoda\/skoda-elroq-praga-utcain-egy-kerekparos-beszamoloja\/#breadcrumb\"},\"inLanguage\":\"hu\",\"potentialAction\":[{\"@type\":\"ReadAction\",\"target\":[\"https:\/\/www.welovecycling.com\/hu\/skoda\/skoda-elroq-praga-utcain-egy-kerekparos-beszamoloja\/\"]}]},{\"@type\":\"ImageObject\",\"inLanguage\":\"hu\",\"@id\":\"https:\/\/www.welovecycling.com\/hu\/skoda\/skoda-elroq-praga-utcain-egy-kerekparos-beszamoloja\/#primaryimage\",\"url\":\"https:\/\/d2p6e6u75xmxt8.cloudfront.net\/12\/2025\/09\/SKODA-ELROQ-CVR-2.webp\",\"contentUrl\":\"https:\/\/d2p6e6u75xmxt8.cloudfront.net\/12\/2025\/09\/SKODA-ELROQ-CVR-2.webp\",\"width\":990,\"height\":660,\"caption\":\"\u0160koda Elroq\"},{\"@type\":\"BreadcrumbList\",\"@id\":\"https:\/\/www.welovecycling.com\/hu\/skoda\/skoda-elroq-praga-utcain-egy-kerekparos-beszamoloja\/#breadcrumb\",\"itemListElement\":[{\"@type\":\"ListItem\",\"position\":1,\"name\":\"Home\",\"item\":\"https:\/\/www.welovecycling.com\/hu\/\"},{\"@type\":\"ListItem\",\"position\":2,\"name\":\"A \u0160koda Elroq Pr\u00e1ga utc\u00e1in \u2013 egy ker\u00e9kp\u00e1ros besz\u00e1mol\u00f3ja\"}]},{\"@type\":\"WebSite\",\"@id\":\"https:\/\/www.welovecycling.com\/hu\/#website\",\"url\":\"https:\/\/www.welovecycling.com\/hu\/\",\"name\":\"\u0160koda We Love Cycling - Magyarorsz\u00e1g\",\"description\":\"\u0160koda WeLoveCycling\",\"potentialAction\":[{\"@type\":\"SearchAction\",\"target\":{\"@type\":\"EntryPoint\",\"urlTemplate\":\"https:\/\/www.welovecycling.com\/hu\/?s={search_term_string}\"},\"query-input\":{\"@type\":\"PropertyValueSpecification\",\"valueRequired\":true,\"valueName\":\"search_term_string\"}}],\"inLanguage\":\"hu\"},{\"@type\":\"Person\",\"@id\":\"https:\/\/www.welovecycling.com\/hu\/#\/schema\/person\/414a2aebf1801691a5320edb6468e194\",\"name\":\"hegyizs\",\"image\":{\"@type\":\"ImageObject\",\"inLanguage\":\"hu\",\"@id\":\"https:\/\/www.welovecycling.com\/hu\/#\/schema\/person\/image\/\",\"url\":\"https:\/\/secure.gravatar.com\/avatar\/02cf8a7906b8cf90cecb4679defac7cfd33a1c2e3b88e4903d947f3bb58eedd3?s=96&d=mm&r=g\",\"contentUrl\":\"https:\/\/secure.gravatar.com\/avatar\/02cf8a7906b8cf90cecb4679defac7cfd33a1c2e3b88e4903d947f3bb58eedd3?s=96&d=mm&r=g\",\"caption\":\"hegyizs\"},\"url\":\"https:\/\/www.welovecycling.com\/hu\/author\/hegyizs\/\"}]}<\/script>\n<!-- \/ Yoast SEO Premium plugin. -->","yoast_head_json":{"title":"A \u0160koda Elroq Pr\u00e1ga utc\u00e1in \u2013 egy ker\u00e9kp\u00e1ros besz\u00e1mol\u00f3ja","description":"Ker\u00e9kp\u00e1rosk\u00e9nt sz\u00e1momra az ide\u00e1lis j\u00e1rm\u0171 \u00e1ltal\u00e1ban egy bicikli. De legy\u00fcnk \u0151szint\u00e9k \u2013 n\u00e9ha kell egy kis plusz l\u00f3er\u0151 vagy kicsit t\u00f6bb csomagt\u00e9r. \u00c9s ne feledkezz\u00fcnk meg a tet\u0151 ny\u00fajtotta luxusr\u00f3l se, amikor hirtelen leszakad az \u00e9g. Itt l\u00e9p sz\u00ednre a \u0160koda Elroq, egy teljesen elektromos csoda, amelyet nemr\u00e9g elvihettem egy tesztvezet\u00e9sre.","robots":{"index":"index","follow":"follow","max-snippet":"max-snippet:-1","max-image-preview":"max-image-preview:large","max-video-preview":"max-video-preview:-1"},"canonical":"https:\/\/www.welovecycling.com\/hu\/skoda\/skoda-elroq-praga-utcain-egy-kerekparos-beszamoloja\/","og_locale":"hu_HU","og_type":"article","og_title":"A \u0160koda Elroq Pr\u00e1ga utc\u00e1in \u2013 egy ker\u00e9kp\u00e1ros besz\u00e1mol\u00f3ja","og_description":"Ker\u00e9kp\u00e1rosk\u00e9nt sz\u00e1momra az ide\u00e1lis j\u00e1rm\u0171 \u00e1ltal\u00e1ban egy bicikli. De legy\u00fcnk \u0151szint\u00e9k \u2013 n\u00e9ha kell egy kis plusz l\u00f3er\u0151 vagy kicsit t\u00f6bb csomagt\u00e9r. \u00c9s ne feledkezz\u00fcnk meg a tet\u0151 ny\u00fajtotta luxusr\u00f3l se, amikor hirtelen leszakad az \u00e9g. Itt l\u00e9p sz\u00ednre a \u0160koda Elroq, egy teljesen elektromos csoda, amelyet nemr\u00e9g elvihettem egy tesztvezet\u00e9sre.","og_url":"https:\/\/www.welovecycling.com\/hu\/skoda\/skoda-elroq-praga-utcain-egy-kerekparos-beszamoloja\/","og_site_name":"\u0160koda We Love Cycling - Magyarorsz\u00e1g","article_publisher":"https:\/\/www.facebook.com\/WeLoveCyclingHungary\/","article_published_time":"2025-09-19T06:00:30+00:00","og_image":[{"width":990,"height":660,"url":"https:\/\/d2p6e6u75xmxt8.cloudfront.net\/12\/2025\/09\/SKODA-ELROQ-CVR-2.webp","type":"image\/webp"}],"author":"hegyizs","twitter_card":"summary_large_image","twitter_misc":{"Written by":"Matt Stephens","Est. reading time":"2"},"schema":{"@context":"https:\/\/schema.org","@graph":[{"@type":"WebPage","@id":"https:\/\/www.welovecycling.com\/hu\/skoda\/skoda-elroq-praga-utcain-egy-kerekparos-beszamoloja\/","url":"https:\/\/www.welovecycling.com\/hu\/skoda\/skoda-elroq-praga-utcain-egy-kerekparos-beszamoloja\/","name":"A \u0160koda Elroq Pr\u00e1ga utc\u00e1in \u2013 egy ker\u00e9kp\u00e1ros besz\u00e1mol\u00f3ja","isPartOf":{"@id":"https:\/\/www.welovecycling.com\/hu\/#website"},"primaryImageOfPage":{"@id":"https:\/\/www.welovecycling.com\/hu\/skoda\/skoda-elroq-praga-utcain-egy-kerekparos-beszamoloja\/#primaryimage"},"image":{"@id":"https:\/\/www.welovecycling.com\/hu\/skoda\/skoda-elroq-praga-utcain-egy-kerekparos-beszamoloja\/#primaryimage"},"thumbnailUrl":"https:\/\/d2p6e6u75xmxt8.cloudfront.net\/12\/2025\/09\/SKODA-ELROQ-CVR-2.webp","datePublished":"2025-09-19T06:00:30+00:00","author":{"@id":"https:\/\/www.welovecycling.com\/hu\/#\/schema\/person\/414a2aebf1801691a5320edb6468e194"},"description":"Ker\u00e9kp\u00e1rosk\u00e9nt sz\u00e1momra az ide\u00e1lis j\u00e1rm\u0171 \u00e1ltal\u00e1ban egy bicikli. De legy\u00fcnk \u0151szint\u00e9k \u2013 n\u00e9ha kell egy kis plusz l\u00f3er\u0151 vagy kicsit t\u00f6bb csomagt\u00e9r. \u00c9s ne feledkezz\u00fcnk meg a tet\u0151 ny\u00fajtotta luxusr\u00f3l se, amikor hirtelen leszakad az \u00e9g. Itt l\u00e9p sz\u00ednre a \u0160koda Elroq, egy teljesen elektromos csoda, amelyet nemr\u00e9g elvihettem egy tesztvezet\u00e9sre.","breadcrumb":{"@id":"https:\/\/www.welovecycling.com\/hu\/skoda\/skoda-elroq-praga-utcain-egy-kerekparos-beszamoloja\/#breadcrumb"},"inLanguage":"hu","potentialAction":[{"@type":"ReadAction","target":["https:\/\/www.welovecycling.com\/hu\/skoda\/skoda-elroq-praga-utcain-egy-kerekparos-beszamoloja\/"]}]},{"@type":"ImageObject","inLanguage":"hu","@id":"https:\/\/www.welovecycling.com\/hu\/skoda\/skoda-elroq-praga-utcain-egy-kerekparos-beszamoloja\/#primaryimage","url":"https:\/\/d2p6e6u75xmxt8.cloudfront.net\/12\/2025\/09\/SKODA-ELROQ-CVR-2.webp","contentUrl":"https:\/\/d2p6e6u75xmxt8.cloudfront.net\/12\/2025\/09\/SKODA-ELROQ-CVR-2.webp","width":990,"height":660,"caption":"\u0160koda Elroq"},{"@type":"BreadcrumbList","@id":"https:\/\/www.welovecycling.com\/hu\/skoda\/skoda-elroq-praga-utcain-egy-kerekparos-beszamoloja\/#breadcrumb","itemListElement":[{"@type":"ListItem","position":1,"name":"Home","item":"https:\/\/www.welovecycling.com\/hu\/"},{"@type":"ListItem","position":2,"name":"A \u0160koda Elroq Pr\u00e1ga utc\u00e1in \u2013 egy ker\u00e9kp\u00e1ros besz\u00e1mol\u00f3ja"}]},{"@type":"WebSite","@id":"https:\/\/www.welovecycling.com\/hu\/#website","url":"https:\/\/www.welovecycling.com\/hu\/","name":"\u0160koda We Love Cycling - Magyarorsz\u00e1g","description":"\u0160koda WeLoveCycling","potentialAction":[{"@type":"SearchAction","target":{"@type":"EntryPoint","urlTemplate":"https:\/\/www.welovecycling.com\/hu\/?s={search_term_string}"},"query-input":{"@type":"PropertyValueSpecification","valueRequired":true,"valueName":"search_term_string"}}],"inLanguage":"hu"},{"@type":"Person","@id":"https:\/\/www.welovecycling.com\/hu\/#\/schema\/person\/414a2aebf1801691a5320edb6468e194","name":"hegyizs","image":{"@type":"ImageObject","inLanguage":"hu","@id":"https:\/\/www.welovecycling.com\/hu\/#\/schema\/person\/image\/","url":"https:\/\/secure.gravatar.com\/avatar\/02cf8a7906b8cf90cecb4679defac7cfd33a1c2e3b88e4903d947f3bb58eedd3?s=96&d=mm&r=g","contentUrl":"https:\/\/secure.gravatar.com\/avatar\/02cf8a7906b8cf90cecb4679defac7cfd33a1c2e3b88e4903d947f3bb58eedd3?s=96&d=mm&r=g","caption":"hegyizs"},"url":"https:\/\/www.welovecycling.com\/hu\/author\/hegyizs\/"}]}},"_links":{"self":[{"href":"https:\/\/www.welovecycling.com\/hu\/wp-json\/wp\/v2\/posts\/19271","targetHints":{"allow":["GET"]}}],"collection":[{"href":"https:\/\/www.welovecycling.com\/hu\/wp-json\/wp\/v2\/posts"}],"about":[{"href":"https:\/\/www.welovecycling.com\/hu\/wp-json\/wp\/v2\/types\/post"}],"author":[{"embeddable":true,"href":"https:\/\/www.welovecycling.com\/hu\/wp-json\/wp\/v2\/users\/71"}],"replies":[{"embeddable":true,"href":"https:\/\/www.welovecycling.com\/hu\/wp-json\/wp\/v2\/comments?post=19271"}],"version-history":[{"count":3,"href":"https:\/\/www.welovecycling.com\/hu\/wp-json\/wp\/v2\/posts\/19271\/revisions"}],"predecessor-version":[{"id":19276,"href":"https:\/\/www.welovecycling.com\/hu\/wp-json\/wp\/v2\/posts\/19271\/revisions\/19276"}],"wp:featuredmedia":[{"embeddable":true,"href":"https:\/\/www.welovecycling.com\/hu\/wp-json\/wp\/v2\/media\/19274"}],"wp:attachment":[{"href":"https:\/\/www.welovecycling.com\/hu\/wp-json\/wp\/v2\/media?parent=19271"}],"wp:term":[{"taxonomy":"category","embeddable":true,"href":"https:\/\/www.welovecycling.com\/hu\/wp-json\/wp\/v2\/categories?post=19271"},{"taxonomy":"post_tag","embeddable":true,"href":"https:\/\/www.welovecycling.com\/hu\/wp-json\/wp\/v2\/tags?post=19271"},{"taxonomy":"global-categories","embeddable":true,"href":"https:\/\/www.welovecycling.com\/hu\/wp-json\/wp\/v2\/global-categories?post=19271"}],"curies":[{"name":"wp","href":"https:\/\/api.w.org\/{rel}","templated":true}]}}