{"id":19261,"date":"2025-09-08T08:00:03","date_gmt":"2025-09-08T06:00:03","guid":{"rendered":"https:\/\/www.welovecycling.com\/hu\/?p=19261"},"modified":"2025-08-26T13:14:52","modified_gmt":"2025-08-26T11:14:52","slug":"4-egeszseg-teszt-amit-otthon-is-el-tudsz-vegezni-atmennel-mindegyiken","status":"publish","type":"post","link":"https:\/\/www.welovecycling.com\/hu\/edzes-es-eletmod\/4-egeszseg-teszt-amit-otthon-is-el-tudsz-vegezni-atmennel-mindegyiken\/","title":{"rendered":"4 eg\u00e9szs\u00e9g-teszt, amit otthon is el tudsz v\u00e9gezni: \u00e1tmenn\u00e9l mindegyiken?"},"content":{"rendered":"<p style=\"font-weight: 400;\"><b>Ez a n\u00e9gy tudom\u00e1nyosan megalapozott teszt gyors m\u00f3dja annak, hogy felm\u00e9rd, hogyan \u00f6regszik a tested a napt\u00e1ri \u00e9letkorodon t\u00fal. Mindegyik a fizikai eg\u00e9szs\u00e9g egy-egy kulcster\u00fclet\u00e9t c\u00e9lozza: egyens\u00faly, er\u0151, mozg\u00e9konys\u00e1g \u00e9s sz\u00edv-\u00e9rrendszeri fitts\u00e9g. Ezek a gyakorlatok seg\u00edthetnek felismerni a gyenge pontjaidat, amiken \u00e9rdemes dolgoznod a hossz\u00fa \u00e9s eg\u00e9szs\u00e9ges \u00e9let \u00e9rdek\u00e9ben!<\/b><\/p>\n<p><!--more--><\/p>\n<h2><b>F\u00e9l l\u00e1bon \u00e1ll\u00e1s<\/b><\/h2>\n<p><span style=\"font-weight: 400;\">Egy k\u00f6z\u00e9pkor\u00fa feln\u0151tteken v\u00e9gzett<\/span><a href=\"https:\/\/pubmed.ncbi.nlm.nih.gov\/35728834\/\"><span style=\"font-weight: 400;\"> tanulm\u00e1ny<\/span><\/a><span style=\"font-weight: 400;\"> meg\u00e1llap\u00edtotta, hogy azok, akik nem tudnak 10 m\u00e1sodpercen \u00e1t egy l\u00e1bon \u00e1llni, 84%-kal nagyobb hal\u00e1loz\u00e1si kock\u00e1zattal rendelkeznek \u2013 m\u00e9g az \u00e9letkoruk, a nem\u00fck, a BMI-index\u00fck \u00e9s az \u00e1ltal\u00e1nos eg\u00e9szs\u00e9gi \u00e1llapotuk figyelembev\u00e9tele ut\u00e1n is. Egy <\/span><a href=\"https:\/\/pubmed.ncbi.nlm.nih.gov\/39441815\/\"><span style=\"font-weight: 400;\">m\u00e1sik kutat\u00e1s szerint<\/span><\/a><span style=\"font-weight: 400;\"> az egy l\u00e1bon egyens\u00falyoz\u00e1s \u00e9rz\u00e9kenyebben mutatja az \u00f6reged\u00e9st, mint m\u00e1s er\u0151pr\u00f3b\u00e1k \u2013 \u00edgy j\u00f3 jelz\u0151je az idegi-izomrendszeri \u00f6reged\u00e9snek.<\/span><\/p>\n<h4><b>Hogyan teszteld:<\/b><\/h4>\n<p><span style=\"font-weight: 400;\">\u00c1llj egyenes fel\u00fcletre. Emeld fel az egyik l\u00e1bad, tedd a kezed a cs\u00edp\u0151dre, n\u00e9zz el\u0151re, \u00e9s tartsd meg az egyens\u00falyod. M\u00e9rd az id\u0151t 30 m\u00e1sodpercig! Mindk\u00e9t l\u00e1badon pr\u00f3b\u00e1ld ki, majd \u00e1tlagold az eredm\u00e9nyeket. Extra kih\u00edv\u00e1sk\u00e9nt pr\u00f3b\u00e1ld meg csukott szemmel!<\/span><\/p>\n<ul>\n<li style=\"font-weight: 400;\" aria-level=\"1\"><span style=\"font-weight: 400;\">Sikertelen: &lt;\u202f10\u202fmp<\/span><\/li>\n<li style=\"font-weight: 400;\" aria-level=\"1\"><span style=\"font-weight: 400;\">Sikeres: \u2265\u202f10\u202fmp<\/span><\/li>\n<li style=\"font-weight: 400;\" aria-level=\"1\"><span style=\"font-weight: 400;\">Kiv\u00e1l\u00f3: \u2265\u202f30\u202fmp (50 \u00e9v alatt ez a minimum elv\u00e1r\u00e1s)<\/span><\/li>\n<li style=\"font-weight: 400;\" aria-level=\"1\"><span style=\"font-weight: 400;\">Halad\u00f3: \u2265\u202f30\u202fmp csukott szemmel<\/span><\/li>\n<\/ul>\n<h4><b>Hogyan fejlesztheted?<\/b><\/h4>\n<p><span style=\"font-weight: 400;\">V\u00e9gezz egy l\u00e1bas guggol\u00e1sokat, gyakorold a j\u00f3ga egyens\u00falyp\u00f3zait vagy pr\u00f3b\u00e1ld ki a Tai Chit! De ak\u00e1r a cip\u0151d bek\u00f6t\u00e9sekor is felemelheted az egyik l\u00e1bad, \u00edgy extra id\u0151r\u00e1ford\u00edt\u00e1s n\u00e9lk\u00fcl is rendszeresen gyakorolhatsz.<\/span><\/p>\n<h2><b>Szor\u00edt\u00f3er\u0151<\/b><\/h2>\n<p><span style=\"font-weight: 400;\">A gyenge szor\u00edt\u00f3er\u0151 magasabb hal\u00e1loz\u00e1si \u00e9s sz\u00edv-\u00e9rrendszeri kock\u00e1zattal f\u00fcgg \u00f6ssze. <\/span><a href=\"https:\/\/pubmed.ncbi.nlm.nih.gov\/25982160\/\"><span style=\"font-weight: 400;\">Tanulm\u00e1nyok szerint<\/span><\/a><span style=\"font-weight: 400;\"> minden 5 kg-os cs\u00f6kken\u00e9s kb. 16%-kal n\u00f6veli az \u00e1ltal\u00e1nos hal\u00e1loz\u00e1si kock\u00e1zatot, \u00e9s 21%-kal a sz\u00edv- \u00e9s \u00e9rrendszeri okokb\u00f3l bek\u00f6vetkez\u0151 hal\u00e1loz\u00e1st. Az er\u0151s k\u00e9zfog\u00e1s j\u00f3 mutat\u00f3ja az \u00e1ltal\u00e1nos er\u0151nl\u00e9tnek \u2013 \u00e9s senki sem szeretne id\u0151s kor\u00e1ra gyeng\u00e9v\u00e9 v\u00e1lni.<\/span><\/p>\n<h4><b>Hogyan teszteld:<\/b><\/h4>\n<p><span style=\"font-weight: 400;\">A standard eszk\u00f6z a k\u00e9zer\u0151-m\u00e9r\u0151 vagy dinamom\u00e9ter. A megfelel\u0151 \u00e9rt\u00e9kek:<\/span><\/p>\n<ul>\n<li style=\"font-weight: 400;\" aria-level=\"1\"><span style=\"font-weight: 400;\">F\u00e9rfiakn\u00e1l: \u2265\u202f40\u202fkg<\/span><\/li>\n<li style=\"font-weight: 400;\" aria-level=\"1\"><span style=\"font-weight: 400;\">N\u0151kn\u00e9l: \u2265\u202f25\u202fkg<\/span><\/li>\n<\/ul>\n<p><span style=\"font-weight: 400;\">Ha nincs ilyen eszk\u00f6z\u00f6d, pr\u00f3b\u00e1lj meg l\u00f3gni egy h\u00faz\u00f3dzkod\u00f3 r\u00fadr\u00f3l, ellaz\u00edtott v\u00e1llakkal, a l\u00e1bakat a f\u00f6ldt\u0151l elemelve. M\u00e9rd az id\u0151t, ameddig \u00edgy tudsz maradni. Ekkor m\u00e9sz \u00e1t a teszten:<\/span><\/p>\n<ul>\n<li style=\"font-weight: 400;\" aria-level=\"1\"><span style=\"font-weight: 400;\">F\u00e9rfiakn\u00e1l: \u2265\u202f75\u202fmp<\/span><\/li>\n<li style=\"font-weight: 400;\" aria-level=\"1\"><span style=\"font-weight: 400;\">N\u0151kn\u00e9l: \u2265\u202f45\u202fmp<\/span><\/li>\n<\/ul>\n<p><span style=\"font-weight: 400;\">A legfontosabb, hogy hossz\u00fa t\u00e1von meg\u0151rizd az er\u0151det. Ha \u00e9vek m\u00falt\u00e1n gyeng\u00fcl\u00e9st \u00e9szlelsz, akkor ideje r\u00e1f\u00f3kusz\u00e1lni a szor\u00edt\u00f3er\u0151d jav\u00edt\u00e1s\u00e1ra!<\/span><\/p>\n<h4><b>Hogyan fejlesztheted?<\/b><\/h4>\n<p><span style=\"font-weight: 400;\">Az \u00fagynevezett \u201efarmer\u2019s carry\u201d (s\u00e9t\u00e1l\u00e1s, s\u00falyokkal a kezedben) vagy l\u00f3g\u00e1s j\u00f3 m\u00f3dszer. Ha ezek m\u00e9g nem mennek, kezdd \u00fagy, hogy seg\u00edts\u00e9gk\u00e9nt kiss\u00e9 t\u00e1masztod magad a l\u00e1baddal. De b\u00e1rmilyen s\u00falyz\u00f3s edz\u00e9s, ahol valamit fogni kell, seg\u00edt.<\/span><\/p>\n<h2><b>Le\u00fcl\u00e9s-fel\u00e1ll\u00e1s pr\u00f3ba<\/b><\/h2>\n<p><span style=\"font-weight: 400;\">Ez a teszt a hajl\u00e9konys\u00e1got, a koordin\u00e1ci\u00f3t, az er\u0151t \u00e9s az egyens\u00falyt m\u00e9ri. Egyszer\u0171en arr\u00f3l van sz\u00f3, hogy t\u00f6r\u00f6k\u00fcl\u00e9sben le\u00fclsz a f\u00f6ldre, majd fel\u00e1llsz \u2013 lehet\u0151leg an\u00e9lk\u00fcl, hogy a kezed vagy a t\u00e9rdet le\u00e9rne a f\u00f6ldre. Egy <\/span><a href=\"https:\/\/pubmed.ncbi.nlm.nih.gov\/23242910\/\"><span style=\"font-weight: 400;\">tanulm\u00e1ny szerint<\/span><\/a><span style=\"font-weight: 400;\"> az 51\u201380 \u00e9v k\u00f6z\u00f6tti feln\u0151ttekn\u00e9l minden egy pontnyi javul\u00e1s 21%-kal cs\u00f6kkenti a hal\u00e1loz\u00e1si kock\u00e1zatot. A 7 pont alatti eredm\u00e9nyek 2\u20135-sz\u00f6r\u00f6s kock\u00e1zatot jeleznek. Az, hogy fel tudsz \u00e1llni a f\u00f6ldr\u0151l vagy egy \u00e1gyb\u00f3l, az id\u0151skori \u00f6n\u00e1ll\u00f3s\u00e1god kulcsa lehet.<\/span><\/p>\n<h4><b>Hogyan teszteld:<\/b><\/h4>\n<p><span style=\"font-weight: 400;\">Cs\u00fasz\u00e1smentes, sima padl\u00f3n, mez\u00edtl\u00e1b, keresztbe tett l\u00e1bakkal pr\u00f3b\u00e1lj le\u00fclni, majd fel\u00e1llni a lehet\u0151 legkevesebb seg\u00edts\u00e9ggel. Minden k\u00e9z- vagy t\u00e9rdt\u00e1masz -1 pont, az instabilit\u00e1s -0,5 pont. Maximum pontsz\u00e1m: 10.<\/span><\/p>\n<div class=\"embed-controller-wrapper\">\n<div class=\"embed-wrapper\"><iframe title=\"Researchers designed a fitness test to predict longevity. Could you pass it?\" width=\"500\" height=\"281\" data-src=\"https:\/\/www.youtube.com\/embed\/ihj1DJObXv8?feature=oembed&#038;si=xQcj8_e2G1lKP3f1&#038;enablejsapi=1\" frameborder=\"0\" allow=\"accelerometer; autoplay; clipboard-write; encrypted-media; gyroscope; picture-in-picture; web-share\" referrerpolicy=\"strict-origin-when-cross-origin\" allowfullscreen><\/iframe><\/div>\n<\/div>\n<ul>\n<li style=\"font-weight: 400;\" aria-level=\"1\"><span style=\"font-weight: 400;\">Sikertelen: \u2264\u202f7<\/span><\/li>\n<li style=\"font-weight: 400;\" aria-level=\"1\"><span style=\"font-weight: 400;\">Sikeres: 8\u201310<\/span><\/li>\n<\/ul>\n<h4><b>Fejleszt\u00e9shez:<\/b><\/h4>\n<p><span style=\"font-weight: 400;\">Leggyakrabban a cs\u00edp\u0151 \u00e9s a boka mobilit\u00e1sa a probl\u00e9ma \u2013 dolgozz ezek fejleszt\u00e9s\u00e9n! Ha ink\u00e1bb az izomer\u0151 hi\u00e1nyzik, a guggol\u00e1s a legjobb v\u00e1laszt\u00e1s a fejl\u0151d\u00e9sre.<\/span><\/p>\n<h2><b>VO2max<\/b><\/h2>\n<p><span style=\"font-weight: 400;\">A ker\u00e9kp\u00e1rosoknak ismer\u0151s lehet ez a kifejez\u00e9s. A VO\u2082max azt m\u00e9ri, hogy mennyi oxig\u00e9nt haszn\u00e1l a tested terhel\u00e9s alatt. <\/span><a href=\"https:\/\/pubmed.ncbi.nlm.nih.gov\/30646252\/\"><span style=\"font-weight: 400;\">Tanulm\u00e1nyok szerint <\/span><\/a><span style=\"font-weight: 400;\">minden 3,5\u202fml\/kg\/perc emelked\u00e9s 11%-kal cs\u00f6kkenti a hal\u00e1loz\u00e1si kock\u00e1zatot. A k\u00f6zepes-magas \u00e9rt\u00e9kek 45\u201360%-kal alacsonyabb hal\u00e1loz\u00e1si ar\u00e1nyhoz k\u00f6thet\u0151k.<\/span><\/p>\n<h4><b>F\u00e9rfiak (40\u201349 \u00e9v):<\/b><\/h4>\n<ul>\n<li style=\"font-weight: 400;\" aria-level=\"1\"><span style=\"font-weight: 400;\">Kiv\u00e1l\u00f3: &gt;\u202f45\u202fml\/kg\/perc<\/span><\/li>\n<li style=\"font-weight: 400;\" aria-level=\"1\"><span style=\"font-weight: 400;\">J\u00f3: 39\u201345<\/span><\/li>\n<li style=\"font-weight: 400;\" aria-level=\"1\"><span style=\"font-weight: 400;\">\u00c1tlagos: 32\u201338<\/span><\/li>\n<\/ul>\n<h4><b>N\u0151k (40\u201349 \u00e9v):<\/b><\/h4>\n<ul>\n<li style=\"font-weight: 400;\" aria-level=\"1\"><span style=\"font-weight: 400;\">Kiv\u00e1l\u00f3: &gt;\u202f36\u202fml\/kg\/perc<\/span><\/li>\n<li style=\"font-weight: 400;\" aria-level=\"1\"><span style=\"font-weight: 400;\">J\u00f3: 29\u201336<\/span><\/li>\n<li style=\"font-weight: 400;\" aria-level=\"1\"><span style=\"font-weight: 400;\">\u00c1tlagos: 25\u201328<\/span><\/li>\n<\/ul>\n<p><span style=\"font-weight: 400;\">Fiatalabbakn\u00e1l a referencia\u00e9rt\u00e9kek magasabbak \u2013 ezeket <\/span><a href=\"https:\/\/www.garmin.com\/en-US\/blog\/fitness\/whats-a-good-vo2-max-for-me\/\"><span style=\"font-weight: 400;\">itt tal\u00e1lod meg.<\/span><\/a><\/p>\n<p><span style=\"font-weight: 400;\">Ha nem tudod az \u00e9rt\u00e9ked, egy fut\u00f3s teszttel meg tudod becs\u00fclni. Meleg\u00edts be, majd fuss 2 km-t s\u00edk terepen a legmagasabb fenntarthat\u00f3 temp\u00f3dban. Ezut\u00e1n sz\u00e1mold ki ezt az egyenletet:<\/span><\/p>\n<p><b>VO\u2082max = 0,21 \u00d7 (km\/perc) + 2,78<\/b><\/p>\n<p><span style=\"font-weight: 400;\">P\u00e9lda: 2 km 9 perc alatt \u2192 0,222 km\/perc \u2192 VO\u2082max \u2248 0,21\u00d70,222+2,78 \u2248 45\u202fml\/kg\/perc<\/span><\/p>\n<h4><b>Hogyan fejlesztheted?<\/b><\/h4>\n<p><span style=\"font-weight: 400;\">Keverd a 2-es z\u00f3n\u00e1s edz\u00e9seket (m\u00e9rs\u00e9kelt temp\u00f3) k\u00fcsz\u00f6b-intervallumokkal \u00e9s r\u00f6vid VO\u2082max ism\u00e9tl\u00e9sekkel (1\u20133 perc er\u0151fesz\u00edt\u00e9s, azonos hossz\u00fas\u00e1g\u00fa pihen\u0151vel). <\/span><a href=\"https:\/\/www.welovecycling.com\/hu\/edzes-es-eletmod\/igy-noveld-meg-az-allokepesseged-rovid-ido-alatt\/\"><span style=\"font-weight: 400;\">Edz\u00e9stervet itt tal\u00e1lsz.<\/span><\/a><\/p>\n<h2><b>Mit kezdj az eredm\u00e9nyekkel?<\/b><\/h2>\n<p><span style=\"font-weight: 400;\">Ha akt\u00edv, eg\u00e9szs\u00e9ges ker\u00e9kp\u00e1ros vagy, val\u00f3sz\u00edn\u0171leg ezek a tesztek k\u00f6nnyen mennek \u2013 ez j\u00f3 h\u00edr! De a c\u00e9l nem az, hogy \u00e9ppen, hogy \u00e1tmenj. A c\u00e9l egy eg\u00e9szs\u00e9ges \u201epufferz\u00f3na\u201d kialak\u00edt\u00e1sa fiatalon. Az \u00e9letkorral \u00fagyis vesz\u00edt\u00fcnk egyens\u00falyb\u00f3l, er\u0151b\u0151l, mobilit\u00e1sb\u00f3l \u00e9s \u00e1ll\u00f3k\u00e9pess\u00e9gb\u0151l. Ism\u00e9teld meg ezeket a teszteket p\u00e1r \u00e9vente, hogy l\u00e1sd, m\u00e9g mindig k\u00f6nnyen mennek-e!<\/span><\/p>\n","protected":false},"excerpt":{"rendered":"<p>Ez a n\u00e9gy tudom\u00e1nyosan megalapozott teszt gyors m\u00f3dja annak, hogy felm\u00e9rd, hogyan \u00f6regszik a tested a napt\u00e1ri \u00e9letkorodon t\u00fal. Mindegyik [&hellip;]<\/p>\n","protected":false},"author":71,"featured_media":14143,"comment_status":"open","ping_status":"open","sticky":false,"template":"","format":"standard","meta":{"footnotes":""},"categories":[6],"tags":[],"global-categories":[],"class_list":["post-19261","post","type-post","status-publish","format-standard","has-post-thumbnail","hentry","category-edzes-es-eletmod"],"yoast_head":"<!-- This site is optimized with the Yoast SEO Premium plugin v25.3 (Yoast SEO v25.9) - https:\/\/yoast.com\/wordpress\/plugins\/seo\/ -->\n<title>4 eg\u00e9szs\u00e9g-teszt, amit otthon is el tudsz v\u00e9gezni: \u00e1tmenn\u00e9l mindegyiken?<\/title>\n<meta name=\"description\" content=\"Ez a n\u00e9gy tudom\u00e1nyosan megalapozott teszt gyors m\u00f3dja annak, hogy felm\u00e9rd, hogyan \u00f6regszik a tested a napt\u00e1ri \u00e9letkorodon t\u00fal. Mindegyik a fizikai eg\u00e9szs\u00e9g egy-egy kulcster\u00fclet\u00e9t c\u00e9lozza: egyens\u00faly, er\u0151, mozg\u00e9konys\u00e1g \u00e9s sz\u00edv-\u00e9rrendszeri fitts\u00e9g. Ezek a gyakorlatok seg\u00edthetnek felismerni a gyenge pontjaidat, amiken \u00e9rdemes dolgoznod a hossz\u00fa \u00e9s eg\u00e9szs\u00e9ges \u00e9let \u00e9rdek\u00e9ben!\" \/>\n<meta name=\"robots\" content=\"index, follow, max-snippet:-1, max-image-preview:large, max-video-preview:-1\" \/>\n<link rel=\"canonical\" href=\"https:\/\/www.welovecycling.com\/hu\/edzes-es-eletmod\/4-egeszseg-teszt-amit-otthon-is-el-tudsz-vegezni-atmennel-mindegyiken\/\" \/>\n<meta property=\"og:locale\" content=\"hu_HU\" \/>\n<meta property=\"og:type\" content=\"article\" \/>\n<meta property=\"og:title\" content=\"4 eg\u00e9szs\u00e9g-teszt, amit otthon is el tudsz v\u00e9gezni: \u00e1tmenn\u00e9l mindegyiken?\" \/>\n<meta property=\"og:description\" content=\"Ez a n\u00e9gy tudom\u00e1nyosan megalapozott teszt gyors m\u00f3dja annak, hogy felm\u00e9rd, hogyan \u00f6regszik a tested a napt\u00e1ri \u00e9letkorodon t\u00fal. Mindegyik a fizikai eg\u00e9szs\u00e9g egy-egy kulcster\u00fclet\u00e9t c\u00e9lozza: egyens\u00faly, er\u0151, mozg\u00e9konys\u00e1g \u00e9s sz\u00edv-\u00e9rrendszeri fitts\u00e9g. Ezek a gyakorlatok seg\u00edthetnek felismerni a gyenge pontjaidat, amiken \u00e9rdemes dolgoznod a hossz\u00fa \u00e9s eg\u00e9szs\u00e9ges \u00e9let \u00e9rdek\u00e9ben!\" \/>\n<meta property=\"og:url\" content=\"https:\/\/www.welovecycling.com\/hu\/edzes-es-eletmod\/4-egeszseg-teszt-amit-otthon-is-el-tudsz-vegezni-atmennel-mindegyiken\/\" \/>\n<meta property=\"og:site_name\" content=\"\u0160koda We Love Cycling - Magyarorsz\u00e1g\" \/>\n<meta property=\"article:publisher\" content=\"https:\/\/www.facebook.com\/WeLoveCyclingHungary\/\" \/>\n<meta property=\"article:published_time\" content=\"2025-09-08T06:00:03+00:00\" \/>\n<meta property=\"og:image\" content=\"https:\/\/d2p6e6u75xmxt8.cloudfront.net\/12\/2022\/04\/Senior-Woman-on-a-bicycle-profimedia-0680333610-CVR.jpg\" \/>\n\t<meta property=\"og:image:width\" content=\"1366\" \/>\n\t<meta property=\"og:image:height\" content=\"600\" \/>\n\t<meta property=\"og:image:type\" content=\"image\/jpeg\" \/>\n<meta name=\"author\" content=\"hegyizs\" \/>\n<meta name=\"twitter:card\" content=\"summary_large_image\" \/>\n<meta name=\"twitter:label1\" content=\"Written by\" \/>\n\t<meta name=\"twitter:data1\" content=\"Jiri Kaloc\" \/>\n\t<meta name=\"twitter:label2\" content=\"Est. reading time\" \/>\n\t<meta name=\"twitter:data2\" content=\"3\" \/>\n<script type=\"application\/ld+json\" class=\"yoast-schema-graph\">{\"@context\":\"https:\/\/schema.org\",\"@graph\":[{\"@type\":\"WebPage\",\"@id\":\"https:\/\/www.welovecycling.com\/hu\/edzes-es-eletmod\/4-egeszseg-teszt-amit-otthon-is-el-tudsz-vegezni-atmennel-mindegyiken\/\",\"url\":\"https:\/\/www.welovecycling.com\/hu\/edzes-es-eletmod\/4-egeszseg-teszt-amit-otthon-is-el-tudsz-vegezni-atmennel-mindegyiken\/\",\"name\":\"4 eg\u00e9szs\u00e9g-teszt, amit otthon is el tudsz v\u00e9gezni: \u00e1tmenn\u00e9l mindegyiken?\",\"isPartOf\":{\"@id\":\"https:\/\/www.welovecycling.com\/hu\/#website\"},\"primaryImageOfPage\":{\"@id\":\"https:\/\/www.welovecycling.com\/hu\/edzes-es-eletmod\/4-egeszseg-teszt-amit-otthon-is-el-tudsz-vegezni-atmennel-mindegyiken\/#primaryimage\"},\"image\":{\"@id\":\"https:\/\/www.welovecycling.com\/hu\/edzes-es-eletmod\/4-egeszseg-teszt-amit-otthon-is-el-tudsz-vegezni-atmennel-mindegyiken\/#primaryimage\"},\"thumbnailUrl\":\"https:\/\/d2p6e6u75xmxt8.cloudfront.net\/12\/2022\/04\/Senior-Woman-on-a-bicycle-profimedia-0680333610-CVR.jpg\",\"datePublished\":\"2025-09-08T06:00:03+00:00\",\"author\":{\"@id\":\"https:\/\/www.welovecycling.com\/hu\/#\/schema\/person\/414a2aebf1801691a5320edb6468e194\"},\"description\":\"Ez a n\u00e9gy tudom\u00e1nyosan megalapozott teszt gyors m\u00f3dja annak, hogy felm\u00e9rd, hogyan \u00f6regszik a tested a napt\u00e1ri \u00e9letkorodon t\u00fal. Mindegyik a fizikai eg\u00e9szs\u00e9g egy-egy kulcster\u00fclet\u00e9t c\u00e9lozza: egyens\u00faly, er\u0151, mozg\u00e9konys\u00e1g \u00e9s sz\u00edv-\u00e9rrendszeri fitts\u00e9g. Ezek a gyakorlatok seg\u00edthetnek felismerni a gyenge pontjaidat, amiken \u00e9rdemes dolgoznod a hossz\u00fa \u00e9s eg\u00e9szs\u00e9ges \u00e9let \u00e9rdek\u00e9ben!\",\"breadcrumb\":{\"@id\":\"https:\/\/www.welovecycling.com\/hu\/edzes-es-eletmod\/4-egeszseg-teszt-amit-otthon-is-el-tudsz-vegezni-atmennel-mindegyiken\/#breadcrumb\"},\"inLanguage\":\"hu\",\"potentialAction\":[{\"@type\":\"ReadAction\",\"target\":[\"https:\/\/www.welovecycling.com\/hu\/edzes-es-eletmod\/4-egeszseg-teszt-amit-otthon-is-el-tudsz-vegezni-atmennel-mindegyiken\/\"]}]},{\"@type\":\"ImageObject\",\"inLanguage\":\"hu\",\"@id\":\"https:\/\/www.welovecycling.com\/hu\/edzes-es-eletmod\/4-egeszseg-teszt-amit-otthon-is-el-tudsz-vegezni-atmennel-mindegyiken\/#primaryimage\",\"url\":\"https:\/\/d2p6e6u75xmxt8.cloudfront.net\/12\/2022\/04\/Senior-Woman-on-a-bicycle-profimedia-0680333610-CVR.jpg\",\"contentUrl\":\"https:\/\/d2p6e6u75xmxt8.cloudfront.net\/12\/2022\/04\/Senior-Woman-on-a-bicycle-profimedia-0680333610-CVR.jpg\",\"width\":1366,\"height\":600,\"caption\":\"Senior woman cycling\"},{\"@type\":\"BreadcrumbList\",\"@id\":\"https:\/\/www.welovecycling.com\/hu\/edzes-es-eletmod\/4-egeszseg-teszt-amit-otthon-is-el-tudsz-vegezni-atmennel-mindegyiken\/#breadcrumb\",\"itemListElement\":[{\"@type\":\"ListItem\",\"position\":1,\"name\":\"Home\",\"item\":\"https:\/\/www.welovecycling.com\/hu\/\"},{\"@type\":\"ListItem\",\"position\":2,\"name\":\"4 eg\u00e9szs\u00e9g-teszt, amit otthon is el tudsz v\u00e9gezni: \u00e1tmenn\u00e9l mindegyiken?\"}]},{\"@type\":\"WebSite\",\"@id\":\"https:\/\/www.welovecycling.com\/hu\/#website\",\"url\":\"https:\/\/www.welovecycling.com\/hu\/\",\"name\":\"\u0160koda We Love Cycling - Magyarorsz\u00e1g\",\"description\":\"\u0160koda WeLoveCycling\",\"potentialAction\":[{\"@type\":\"SearchAction\",\"target\":{\"@type\":\"EntryPoint\",\"urlTemplate\":\"https:\/\/www.welovecycling.com\/hu\/?s={search_term_string}\"},\"query-input\":{\"@type\":\"PropertyValueSpecification\",\"valueRequired\":true,\"valueName\":\"search_term_string\"}}],\"inLanguage\":\"hu\"},{\"@type\":\"Person\",\"@id\":\"https:\/\/www.welovecycling.com\/hu\/#\/schema\/person\/414a2aebf1801691a5320edb6468e194\",\"name\":\"hegyizs\",\"image\":{\"@type\":\"ImageObject\",\"inLanguage\":\"hu\",\"@id\":\"https:\/\/www.welovecycling.com\/hu\/#\/schema\/person\/image\/\",\"url\":\"https:\/\/secure.gravatar.com\/avatar\/02cf8a7906b8cf90cecb4679defac7cfd33a1c2e3b88e4903d947f3bb58eedd3?s=96&d=mm&r=g\",\"contentUrl\":\"https:\/\/secure.gravatar.com\/avatar\/02cf8a7906b8cf90cecb4679defac7cfd33a1c2e3b88e4903d947f3bb58eedd3?s=96&d=mm&r=g\",\"caption\":\"hegyizs\"},\"url\":\"https:\/\/www.welovecycling.com\/hu\/author\/hegyizs\/\"}]}<\/script>\n<!-- \/ Yoast SEO Premium plugin. -->","yoast_head_json":{"title":"4 eg\u00e9szs\u00e9g-teszt, amit otthon is el tudsz v\u00e9gezni: \u00e1tmenn\u00e9l mindegyiken?","description":"Ez a n\u00e9gy tudom\u00e1nyosan megalapozott teszt gyors m\u00f3dja annak, hogy felm\u00e9rd, hogyan \u00f6regszik a tested a napt\u00e1ri \u00e9letkorodon t\u00fal. Mindegyik a fizikai eg\u00e9szs\u00e9g egy-egy kulcster\u00fclet\u00e9t c\u00e9lozza: egyens\u00faly, er\u0151, mozg\u00e9konys\u00e1g \u00e9s sz\u00edv-\u00e9rrendszeri fitts\u00e9g. Ezek a gyakorlatok seg\u00edthetnek felismerni a gyenge pontjaidat, amiken \u00e9rdemes dolgoznod a hossz\u00fa \u00e9s eg\u00e9szs\u00e9ges \u00e9let \u00e9rdek\u00e9ben!","robots":{"index":"index","follow":"follow","max-snippet":"max-snippet:-1","max-image-preview":"max-image-preview:large","max-video-preview":"max-video-preview:-1"},"canonical":"https:\/\/www.welovecycling.com\/hu\/edzes-es-eletmod\/4-egeszseg-teszt-amit-otthon-is-el-tudsz-vegezni-atmennel-mindegyiken\/","og_locale":"hu_HU","og_type":"article","og_title":"4 eg\u00e9szs\u00e9g-teszt, amit otthon is el tudsz v\u00e9gezni: \u00e1tmenn\u00e9l mindegyiken?","og_description":"Ez a n\u00e9gy tudom\u00e1nyosan megalapozott teszt gyors m\u00f3dja annak, hogy felm\u00e9rd, hogyan \u00f6regszik a tested a napt\u00e1ri \u00e9letkorodon t\u00fal. Mindegyik a fizikai eg\u00e9szs\u00e9g egy-egy kulcster\u00fclet\u00e9t c\u00e9lozza: egyens\u00faly, er\u0151, mozg\u00e9konys\u00e1g \u00e9s sz\u00edv-\u00e9rrendszeri fitts\u00e9g. Ezek a gyakorlatok seg\u00edthetnek felismerni a gyenge pontjaidat, amiken \u00e9rdemes dolgoznod a hossz\u00fa \u00e9s eg\u00e9szs\u00e9ges \u00e9let \u00e9rdek\u00e9ben!","og_url":"https:\/\/www.welovecycling.com\/hu\/edzes-es-eletmod\/4-egeszseg-teszt-amit-otthon-is-el-tudsz-vegezni-atmennel-mindegyiken\/","og_site_name":"\u0160koda We Love Cycling - Magyarorsz\u00e1g","article_publisher":"https:\/\/www.facebook.com\/WeLoveCyclingHungary\/","article_published_time":"2025-09-08T06:00:03+00:00","og_image":[{"width":1366,"height":600,"url":"https:\/\/d2p6e6u75xmxt8.cloudfront.net\/12\/2022\/04\/Senior-Woman-on-a-bicycle-profimedia-0680333610-CVR.jpg","type":"image\/jpeg"}],"author":"hegyizs","twitter_card":"summary_large_image","twitter_misc":{"Written by":"Jiri Kaloc","Est. reading time":"3"},"schema":{"@context":"https:\/\/schema.org","@graph":[{"@type":"WebPage","@id":"https:\/\/www.welovecycling.com\/hu\/edzes-es-eletmod\/4-egeszseg-teszt-amit-otthon-is-el-tudsz-vegezni-atmennel-mindegyiken\/","url":"https:\/\/www.welovecycling.com\/hu\/edzes-es-eletmod\/4-egeszseg-teszt-amit-otthon-is-el-tudsz-vegezni-atmennel-mindegyiken\/","name":"4 eg\u00e9szs\u00e9g-teszt, amit otthon is el tudsz v\u00e9gezni: \u00e1tmenn\u00e9l mindegyiken?","isPartOf":{"@id":"https:\/\/www.welovecycling.com\/hu\/#website"},"primaryImageOfPage":{"@id":"https:\/\/www.welovecycling.com\/hu\/edzes-es-eletmod\/4-egeszseg-teszt-amit-otthon-is-el-tudsz-vegezni-atmennel-mindegyiken\/#primaryimage"},"image":{"@id":"https:\/\/www.welovecycling.com\/hu\/edzes-es-eletmod\/4-egeszseg-teszt-amit-otthon-is-el-tudsz-vegezni-atmennel-mindegyiken\/#primaryimage"},"thumbnailUrl":"https:\/\/d2p6e6u75xmxt8.cloudfront.net\/12\/2022\/04\/Senior-Woman-on-a-bicycle-profimedia-0680333610-CVR.jpg","datePublished":"2025-09-08T06:00:03+00:00","author":{"@id":"https:\/\/www.welovecycling.com\/hu\/#\/schema\/person\/414a2aebf1801691a5320edb6468e194"},"description":"Ez a n\u00e9gy tudom\u00e1nyosan megalapozott teszt gyors m\u00f3dja annak, hogy felm\u00e9rd, hogyan \u00f6regszik a tested a napt\u00e1ri \u00e9letkorodon t\u00fal. Mindegyik a fizikai eg\u00e9szs\u00e9g egy-egy kulcster\u00fclet\u00e9t c\u00e9lozza: egyens\u00faly, er\u0151, mozg\u00e9konys\u00e1g \u00e9s sz\u00edv-\u00e9rrendszeri fitts\u00e9g. Ezek a gyakorlatok seg\u00edthetnek felismerni a gyenge pontjaidat, amiken \u00e9rdemes dolgoznod a hossz\u00fa \u00e9s eg\u00e9szs\u00e9ges \u00e9let \u00e9rdek\u00e9ben!","breadcrumb":{"@id":"https:\/\/www.welovecycling.com\/hu\/edzes-es-eletmod\/4-egeszseg-teszt-amit-otthon-is-el-tudsz-vegezni-atmennel-mindegyiken\/#breadcrumb"},"inLanguage":"hu","potentialAction":[{"@type":"ReadAction","target":["https:\/\/www.welovecycling.com\/hu\/edzes-es-eletmod\/4-egeszseg-teszt-amit-otthon-is-el-tudsz-vegezni-atmennel-mindegyiken\/"]}]},{"@type":"ImageObject","inLanguage":"hu","@id":"https:\/\/www.welovecycling.com\/hu\/edzes-es-eletmod\/4-egeszseg-teszt-amit-otthon-is-el-tudsz-vegezni-atmennel-mindegyiken\/#primaryimage","url":"https:\/\/d2p6e6u75xmxt8.cloudfront.net\/12\/2022\/04\/Senior-Woman-on-a-bicycle-profimedia-0680333610-CVR.jpg","contentUrl":"https:\/\/d2p6e6u75xmxt8.cloudfront.net\/12\/2022\/04\/Senior-Woman-on-a-bicycle-profimedia-0680333610-CVR.jpg","width":1366,"height":600,"caption":"Senior woman cycling"},{"@type":"BreadcrumbList","@id":"https:\/\/www.welovecycling.com\/hu\/edzes-es-eletmod\/4-egeszseg-teszt-amit-otthon-is-el-tudsz-vegezni-atmennel-mindegyiken\/#breadcrumb","itemListElement":[{"@type":"ListItem","position":1,"name":"Home","item":"https:\/\/www.welovecycling.com\/hu\/"},{"@type":"ListItem","position":2,"name":"4 eg\u00e9szs\u00e9g-teszt, amit otthon is el tudsz v\u00e9gezni: \u00e1tmenn\u00e9l mindegyiken?"}]},{"@type":"WebSite","@id":"https:\/\/www.welovecycling.com\/hu\/#website","url":"https:\/\/www.welovecycling.com\/hu\/","name":"\u0160koda We Love Cycling - Magyarorsz\u00e1g","description":"\u0160koda WeLoveCycling","potentialAction":[{"@type":"SearchAction","target":{"@type":"EntryPoint","urlTemplate":"https:\/\/www.welovecycling.com\/hu\/?s={search_term_string}"},"query-input":{"@type":"PropertyValueSpecification","valueRequired":true,"valueName":"search_term_string"}}],"inLanguage":"hu"},{"@type":"Person","@id":"https:\/\/www.welovecycling.com\/hu\/#\/schema\/person\/414a2aebf1801691a5320edb6468e194","name":"hegyizs","image":{"@type":"ImageObject","inLanguage":"hu","@id":"https:\/\/www.welovecycling.com\/hu\/#\/schema\/person\/image\/","url":"https:\/\/secure.gravatar.com\/avatar\/02cf8a7906b8cf90cecb4679defac7cfd33a1c2e3b88e4903d947f3bb58eedd3?s=96&d=mm&r=g","contentUrl":"https:\/\/secure.gravatar.com\/avatar\/02cf8a7906b8cf90cecb4679defac7cfd33a1c2e3b88e4903d947f3bb58eedd3?s=96&d=mm&r=g","caption":"hegyizs"},"url":"https:\/\/www.welovecycling.com\/hu\/author\/hegyizs\/"}]}},"_links":{"self":[{"href":"https:\/\/www.welovecycling.com\/hu\/wp-json\/wp\/v2\/posts\/19261","targetHints":{"allow":["GET"]}}],"collection":[{"href":"https:\/\/www.welovecycling.com\/hu\/wp-json\/wp\/v2\/posts"}],"about":[{"href":"https:\/\/www.welovecycling.com\/hu\/wp-json\/wp\/v2\/types\/post"}],"author":[{"embeddable":true,"href":"https:\/\/www.welovecycling.com\/hu\/wp-json\/wp\/v2\/users\/71"}],"replies":[{"embeddable":true,"href":"https:\/\/www.welovecycling.com\/hu\/wp-json\/wp\/v2\/comments?post=19261"}],"version-history":[{"count":3,"href":"https:\/\/www.welovecycling.com\/hu\/wp-json\/wp\/v2\/posts\/19261\/revisions"}],"predecessor-version":[{"id":19264,"href":"https:\/\/www.welovecycling.com\/hu\/wp-json\/wp\/v2\/posts\/19261\/revisions\/19264"}],"wp:featuredmedia":[{"embeddable":true,"href":"https:\/\/www.welovecycling.com\/hu\/wp-json\/wp\/v2\/media\/14143"}],"wp:attachment":[{"href":"https:\/\/www.welovecycling.com\/hu\/wp-json\/wp\/v2\/media?parent=19261"}],"wp:term":[{"taxonomy":"category","embeddable":true,"href":"https:\/\/www.welovecycling.com\/hu\/wp-json\/wp\/v2\/categories?post=19261"},{"taxonomy":"post_tag","embeddable":true,"href":"https:\/\/www.welovecycling.com\/hu\/wp-json\/wp\/v2\/tags?post=19261"},{"taxonomy":"global-categories","embeddable":true,"href":"https:\/\/www.welovecycling.com\/hu\/wp-json\/wp\/v2\/global-categories?post=19261"}],"curies":[{"name":"wp","href":"https:\/\/api.w.org\/{rel}","templated":true}]}}