{"id":19126,"date":"2025-07-08T16:18:19","date_gmt":"2025-07-08T14:18:19","guid":{"rendered":"https:\/\/www.welovecycling.com\/hu\/?p=19126"},"modified":"2025-07-08T16:18:19","modified_gmt":"2025-07-08T14:18:19","slug":"valter-attila-jovore-mar-ott-lehet-a-tour-on-a-magyar-csapat-fonoke-szerint","status":"publish","type":"post","link":"https:\/\/www.welovecycling.com\/hu\/orszaguti-kerekpar\/valter-attila-jovore-mar-ott-lehet-a-tour-on-a-magyar-csapat-fonoke-szerint\/","title":{"rendered":"Valter Attila j\u00f6v\u0151re m\u00e1r ott lehet a Tour-on a magyar csapat f\u0151n\u00f6ke szerint"},"content":{"rendered":"<p><strong>Bebt\u00f3 Zolt\u00e1n amond\u00f3, a Vism\u00e1t\u00f3l val\u00f3sz\u00edn\u0171leg t\u00e1voz\u00f3 magyar klasszisnak sim\u00e1n helye lenne a vil\u00e1g legnagyobb verseny\u00e9n, \u00e9s ez rem\u00e9lhet\u0151leg m\u00e1r nem is v\u00e1rat mag\u00e1ra sok\u00e1ig.<\/strong><!--more--><\/p>\n<p>Nemr\u00e9g foglalkoztunk Valter Attila <u><a href=\"https:\/\/www.welovecycling.com\/hu\/orszaguti-kerekpar\/pelikan-janos-legyozte-az-idofutambajnoksagon-valter-attilat-aki-valoszinuleg-elhagyja-a-vismat\/\">v\u00e1rhat\u00f3 csapatv\u00e1lt\u00e1s\u00e1val<\/a><\/u>, amely egyfel\u0151l biztosan nem kellemes dolog, m\u00e1sfel\u0151l viszont a profi sport velej\u00e1r\u00f3ja, \u00e9s ide\u00e1lis esetben teljesen \u00faj t\u00e1vlatokat nyithat meg egy-egy versenyz\u0151 el\u0151tt.<\/p>\n<p>A Visma magyar klasszisa az orsz\u00e1gos bajnoks\u00e1g id\u0151futama ut\u00e1n meglepet\u00e9sre a mez\u0151nyversenyben sem tudott gy\u0151zni, a k\u00e9s\u0151n megindul\u00f3 \u00fcld\u00f6z\u0151boly tagjak\u00e9nt v\u00e9g\u00fcl csak a 13. helyen v\u00e9gzett, vagyis h\u00e1rom \u00e9v ut\u00e1n adta \u00e1t a trikoloros trik\u00f3t j\u00f3 bar\u00e1tj\u00e1nak, a sz\u00e9p sz\u00f3l\u00f3sikert arat\u00f3 Dina M\u00e1rtonnak. Enn\u00e9l is \u00e9rdekesebb fejlem\u00e9ny ugyanakkor vel\u00fck kapcsolatban, hogy az 1997-es Tour de Hongrie-gy\u0151ztes Bebt\u00f3 Zolt\u00e1n szerint ak\u00e1r mindkettej\u00fcknek helye lehetne a vil\u00e1g legnagyobb versenye, az \u00e9ppen zajl\u00f3 Tour de France mez\u0151ny\u00e9ben. A jelenleg a magyar f\u0151szponzorral b\u00edr\u00f3, de (egyel\u0151re m\u00e9g) olasz bejegyz\u00e9s\u0171 MBH Bank Ballan CSB kontinent\u00e1lis csapat szakmai igazgat\u00f3jak\u00e9nt tev\u00e9kenyked\u0151 Bebt\u00f3 az <u><a href=\"https:\/\/www.nemzetisport.hu\/kerekpar\/2025\/07\/bebto-zoltan-jovore-lesz-magyar-indulo-a-tour-de-france-on\">NSO-nak adott nyilatkozat\u00e1ban<\/a><\/u> egyet\u00e9rtett azzal, hogy Valter Atinak pont a csapatv\u00e1lt\u00e1s hozhatja meg a h\u0151n \u00e1h\u00edtott Tour-indul\u00e1st, amire a Vism\u00e1n\u00e1l a h\u00e1rom \u00e9ve alatt egyszer sem kapta meg a lehet\u0151s\u00e9get.<\/p>\n<figure id=\"attachment_19129\" aria-describedby=\"caption-attachment-19129\" style=\"width: 819px\" class=\"wp-caption alignnone\"><img loading=\"lazy\" decoding=\"async\" class=\"size-large wp-image-19129\" src=\"https:\/\/d2p6e6u75xmxt8.cloudfront.net\/12\/2025\/07\/464b77d0-ba7a-48b5-8063-bbcd6851e930-min-819x1024.webp\" alt=\"\" width=\"819\" height=\"1024\" srcset=\"https:\/\/d2p6e6u75xmxt8.cloudfront.net\/12\/2025\/07\/464b77d0-ba7a-48b5-8063-bbcd6851e930-min-819x1024.webp 819w, https:\/\/d2p6e6u75xmxt8.cloudfront.net\/12\/2025\/07\/464b77d0-ba7a-48b5-8063-bbcd6851e930-min-240x300.webp 240w, https:\/\/d2p6e6u75xmxt8.cloudfront.net\/12\/2025\/07\/464b77d0-ba7a-48b5-8063-bbcd6851e930-min-768x960.webp 768w, https:\/\/d2p6e6u75xmxt8.cloudfront.net\/12\/2025\/07\/464b77d0-ba7a-48b5-8063-bbcd6851e930-min-320x400.webp 320w, https:\/\/d2p6e6u75xmxt8.cloudfront.net\/12\/2025\/07\/464b77d0-ba7a-48b5-8063-bbcd6851e930-min.webp 1080w\" sizes=\"auto, (max-width: 819px) 100vw, 819px\" \/><figcaption id=\"caption-attachment-19129\" class=\"wp-caption-text\">Fot\u00f3: Facebook\/M4 Sport<\/figcaption><\/figure>\n<p><em>\u201eA magyar Tour-indul\u00e1shoz el\u0151sz\u00f6r is az kellene, hogy a k\u00fclf\u00f6ld\u00f6n l\u00e9v\u0151 ker\u00e9kp\u00e1rosaink olyan csapatban tekerjenek, ahol a seg\u00edt\u0151i szerep helyett szabadabb kezet kapnak<\/em>\u00a0\u2013 mondta Bebt\u00f3, aki egy\u00fattal eml\u00e9keztetett arra, hogy tavaly Valter a Giro d\u2019Itali\u00e1t \u00e9s a Vuelta a Espan\u00e1t is teljes\u00edtette ugyanabban a napt\u00e1ri \u00e9vben, amire kor\u00e1bban magyar bring\u00e1s m\u00e9g nem volt k\u00e9pes.<em>\u00a0\u2013 A Giro \u00e9s a Tour k\u00f6z\u00f6tt annyi a k\u00fcl\u00f6nbs\u00e9g, hogy az ut\u00f3bbi nagyobb rangot k\u00e9pvisel, de ugyanolyan teljes\u00edtm\u00e9ny v\u00e9gigmenni, \u00fagyhogy a magyarok k\u00f6z\u00fcl fizikailag t\u00f6bben is k\u00e9pesek lenn\u00e9nek belef\u00e9rni a mez\u0151nybe, gondolok itt Valterra \u00e9s Dina M\u00e1rtonra. Azt gondolom, nem v\u00e1rat mag\u00e1ra sok\u00e1ig, \u00fagyhogy szerintem j\u00f6v\u0151re lesz Tour-r\u00e9sztvev\u0151nk. \u00c9n nagyon b\u00edzom benne, Attil\u00e1nak sim\u00e1n lenne helye! Az MBH Bank csapat\u00e1n\u00e1l mi is azon dolgozunk, hogy min\u00e9l t\u00f6bb olyan ker\u00e9kp\u00e1rost nevelj\u00fcnk ki, akik k\u00e9s\u0151bb indulhatnak a Francia k\u00f6r\u00f6n.\u201d<\/em><\/p>\n<figure id=\"attachment_19128\" aria-describedby=\"caption-attachment-19128\" style=\"width: 1024px\" class=\"wp-caption alignnone\"><img loading=\"lazy\" decoding=\"async\" class=\"size-large wp-image-19128\" src=\"https:\/\/d2p6e6u75xmxt8.cloudfront.net\/12\/2025\/07\/65d4f020-0855-4048-984b-aa5e3e5613a3-min-1024x576.webp\" alt=\"\" width=\"1024\" height=\"576\" srcset=\"https:\/\/d2p6e6u75xmxt8.cloudfront.net\/12\/2025\/07\/65d4f020-0855-4048-984b-aa5e3e5613a3-min-1024x576.webp 1024w, https:\/\/d2p6e6u75xmxt8.cloudfront.net\/12\/2025\/07\/65d4f020-0855-4048-984b-aa5e3e5613a3-min-300x169.webp 300w, https:\/\/d2p6e6u75xmxt8.cloudfront.net\/12\/2025\/07\/65d4f020-0855-4048-984b-aa5e3e5613a3-min-768x432.webp 768w, https:\/\/d2p6e6u75xmxt8.cloudfront.net\/12\/2025\/07\/65d4f020-0855-4048-984b-aa5e3e5613a3-min-400x225.webp 400w, https:\/\/d2p6e6u75xmxt8.cloudfront.net\/12\/2025\/07\/65d4f020-0855-4048-984b-aa5e3e5613a3-min.webp 1347w\" sizes=\"auto, (max-width: 1024px) 100vw, 1024px\" \/><figcaption id=\"caption-attachment-19128\" class=\"wp-caption-text\">Bebt\u00f3 Zolt\u00e1n jelenleg az MBH Bank Ballan CSB szakmai igazgat\u00f3jak\u00e9nt dolgozik<\/figcaption><\/figure>\n<p>Maga Valter Ati egy\u00e9bk\u00e9nt az OB ut\u00e1n saj\u00e1t k\u00f6z\u00f6ss\u00e9gi oldal\u00e1n gratul\u00e1lt Dina Marcinak, \u00e9s osztott meg egy\u00fattal \u0151szinte gondolatokat meredeken felfel\u00e9 \u00edvel\u0151 profi karrierje tulajdonk\u00e9ppen els\u0151 komolyabb hull\u00e1mv\u00f6lgy\u00e9vel kapcsolatban. Mint \u00edrta: <em>\u201eTervez\u00fcnk, edz\u00fcnk, k\u00e9sz\u00fcl\u00fcnk, \u00fagy ahogy azt a legjobbnak l\u00e1tjuk, de ennek ellen\u00e9re n\u00e9ha teljesen m\u00e1shogy alakul minden. A karrierem \u00e9s tal\u00e1n az \u00e9letem sor\u00e1n is ez volt els\u0151 olyan peri\u00f3dus, mikor a dolgok teljesen m\u00e1shogy t\u00f6rt\u00e9nnek, mint szeretn\u00e9m. Ez term\u00e9szetesen frusztr\u00e1l, pr\u00f3b\u00e1lom magamnak \u00e9s a szurkol\u00f3knak is megmagyar\u00e1zni, hogy szerintem mi\u00e9rt t\u00f6rt\u00e9nnek a jelenlegi dolgok, mik\u00f6zben \u00e9n sem tudom biztosan. T\u00f6bb negat\u00edv kritik\u00e1t kapok \u00e9s ezekre rosszabbul is reag\u00e1lok bel\u00fcl, mik\u00f6zben tudom, hogy az emberek nagy r\u00e9sze nem ismer. Ami biztos, hogy az \u00e9rt\u00e9krendem nem v\u00e1ltozott a kudarcok ellen\u00e9re.\u201d<\/em><\/p>\n<p>Ilyen mentalit\u00e1ssal 27 \u00e9vesen m\u00e9g nagyon sok\u00e1ig ott lehet majd a vil\u00e1gelitben, \u00e9s ezzel val\u00f3sz\u00edn\u0171leg a leend\u0151 csapat\u00e1n\u00e1l is pontosan tiszt\u00e1ban vannak. Valter Ati emellett a h\u00e1romszoros olimpiai bajnok Szil\u00e1gyi \u00c1ronnak is <u><a href=\"https:\/\/hvg.hu\/elet\/20250627_penge-podcast-valter-attila-szilagyi-aron-kenyeres-andras-interju-orszaguti-kerekpar-ebx\">rendk\u00edv\u00fcl \u00e9rdekes interj\u00fat adott<\/a><\/u> nemr\u00e9g, ebben sok m\u00e1s mellett el\u00e1rulta, eleinte \u201ehal\u00e1l unalmasnak\u201d tartotta az orsz\u00e1g\u00fati ker\u00e9kp\u00e1roz\u00e1st \u2013 \u00e9rdemes a teljes besz\u00e9lget\u00e9st megtekinteni, mindig \u00fcd\u00edt\u0151 ennyire intelligens diskurzusokat n\u00e9zni-hallgatni.<\/p>\n<figure id=\"attachment_19130\" aria-describedby=\"caption-attachment-19130\" style=\"width: 843px\" class=\"wp-caption alignnone\"><img loading=\"lazy\" decoding=\"async\" class=\"size-large wp-image-19130\" src=\"https:\/\/d2p6e6u75xmxt8.cloudfront.net\/12\/2025\/07\/802bc5c8-81d4-4092-a772-73a48ae8350e-min-843x1024.webp\" alt=\"\" width=\"843\" height=\"1024\" srcset=\"https:\/\/d2p6e6u75xmxt8.cloudfront.net\/12\/2025\/07\/802bc5c8-81d4-4092-a772-73a48ae8350e-min-843x1024.webp 843w, https:\/\/d2p6e6u75xmxt8.cloudfront.net\/12\/2025\/07\/802bc5c8-81d4-4092-a772-73a48ae8350e-min-247x300.webp 247w, https:\/\/d2p6e6u75xmxt8.cloudfront.net\/12\/2025\/07\/802bc5c8-81d4-4092-a772-73a48ae8350e-min-768x933.webp 768w, https:\/\/d2p6e6u75xmxt8.cloudfront.net\/12\/2025\/07\/802bc5c8-81d4-4092-a772-73a48ae8350e-min-1265x1536.webp 1265w, https:\/\/d2p6e6u75xmxt8.cloudfront.net\/12\/2025\/07\/802bc5c8-81d4-4092-a772-73a48ae8350e-min-1581x1920.webp 1581w, https:\/\/d2p6e6u75xmxt8.cloudfront.net\/12\/2025\/07\/802bc5c8-81d4-4092-a772-73a48ae8350e-min-329x400.webp 329w, https:\/\/d2p6e6u75xmxt8.cloudfront.net\/12\/2025\/07\/802bc5c8-81d4-4092-a772-73a48ae8350e-min.webp 1686w, https:\/\/d2p6e6u75xmxt8.cloudfront.net\/12\/2025\/07\/802bc5c8-81d4-4092-a772-73a48ae8350e-min-1581x1920.webp 1581w\" sizes=\"auto, (max-width: 843px) 100vw, 843px\" \/><figcaption id=\"caption-attachment-19130\" class=\"wp-caption-text\">Fot\u00f3: Team Visma<\/figcaption><\/figure>\n<p>Bor\u00edt\u00f3k\u00e9p: Getty Images<\/p>\n","protected":false},"excerpt":{"rendered":"<p>Bebt\u00f3 Zolt\u00e1n amond\u00f3, a Vism\u00e1t\u00f3l val\u00f3sz\u00edn\u0171leg t\u00e1voz\u00f3 magyar klasszisnak sim\u00e1n helye lenne a vil\u00e1g legnagyobb verseny\u00e9n, \u00e9s ez rem\u00e9lhet\u0151leg m\u00e1r [&hellip;]<\/p>\n","protected":false},"author":71,"featured_media":19127,"comment_status":"open","ping_status":"open","sticky":false,"template":"","format":"standard","meta":{"footnotes":""},"categories":[8],"tags":[],"global-categories":[419],"class_list":["post-19126","post","type-post","status-publish","format-standard","has-post-thumbnail","hentry","category-orszaguti-kerekpar","global-categories-cycling"],"yoast_head":"<!-- This site is optimized with the Yoast SEO Premium plugin v25.3 (Yoast SEO v25.9) - https:\/\/yoast.com\/wordpress\/plugins\/seo\/ -->\n<title>Valter Attila j\u00f6v\u0151re m\u00e1r ott lehet a Tour-on a magyar csapat f\u0151n\u00f6ke szerint<\/title>\n<meta name=\"description\" content=\"Bebt\u00f3 Zolt\u00e1n amond\u00f3, a Vism\u00e1t\u00f3l val\u00f3sz\u00edn\u0171leg t\u00e1voz\u00f3 magyar klasszisnak sim\u00e1n helye lenne a vil\u00e1g legnagyobb verseny\u00e9n, \u00e9s ez rem\u00e9lhet\u0151leg m\u00e1r nem is v\u00e1rat mag\u00e1ra sok\u00e1ig.\" \/>\n<meta name=\"robots\" content=\"index, follow, max-snippet:-1, max-image-preview:large, max-video-preview:-1\" \/>\n<link rel=\"canonical\" href=\"https:\/\/www.welovecycling.com\/hu\/orszaguti-kerekpar\/valter-attila-jovore-mar-ott-lehet-a-tour-on-a-magyar-csapat-fonoke-szerint\/\" \/>\n<meta property=\"og:locale\" content=\"hu_HU\" \/>\n<meta property=\"og:type\" content=\"article\" \/>\n<meta property=\"og:title\" content=\"Valter Attila j\u00f6v\u0151re m\u00e1r ott lehet a Tour-on a magyar csapat f\u0151n\u00f6ke szerint\" \/>\n<meta property=\"og:description\" content=\"Bebt\u00f3 Zolt\u00e1n amond\u00f3, a Vism\u00e1t\u00f3l val\u00f3sz\u00edn\u0171leg t\u00e1voz\u00f3 magyar klasszisnak sim\u00e1n helye lenne a vil\u00e1g legnagyobb verseny\u00e9n, \u00e9s ez rem\u00e9lhet\u0151leg m\u00e1r nem is v\u00e1rat mag\u00e1ra sok\u00e1ig.\" \/>\n<meta property=\"og:url\" content=\"https:\/\/www.welovecycling.com\/hu\/orszaguti-kerekpar\/valter-attila-jovore-mar-ott-lehet-a-tour-on-a-magyar-csapat-fonoke-szerint\/\" \/>\n<meta property=\"og:site_name\" content=\"\u0160koda We Love Cycling - Magyarorsz\u00e1g\" \/>\n<meta property=\"article:publisher\" content=\"https:\/\/www.facebook.com\/WeLoveCyclingHungary\/\" \/>\n<meta property=\"article:published_time\" content=\"2025-07-08T14:18:19+00:00\" \/>\n<meta property=\"og:image\" content=\"https:\/\/d2p6e6u75xmxt8.cloudfront.net\/12\/2025\/07\/08d49144-9f56-4699-b967-adf51df57ac4-min.webp\" \/>\n\t<meta property=\"og:image:width\" content=\"1387\" \/>\n\t<meta property=\"og:image:height\" content=\"780\" \/>\n\t<meta property=\"og:image:type\" content=\"image\/webp\" \/>\n<meta name=\"author\" content=\"hegyizs\" \/>\n<meta name=\"twitter:card\" content=\"summary_large_image\" \/>\n<meta name=\"twitter:label1\" content=\"Written by\" \/>\n\t<meta name=\"twitter:data1\" content=\"WLC\" \/>\n\t<meta name=\"twitter:label2\" content=\"Est. reading time\" \/>\n\t<meta name=\"twitter:data2\" content=\"4 minutes\" \/>\n<script type=\"application\/ld+json\" class=\"yoast-schema-graph\">{\"@context\":\"https:\/\/schema.org\",\"@graph\":[{\"@type\":\"WebPage\",\"@id\":\"https:\/\/www.welovecycling.com\/hu\/orszaguti-kerekpar\/valter-attila-jovore-mar-ott-lehet-a-tour-on-a-magyar-csapat-fonoke-szerint\/\",\"url\":\"https:\/\/www.welovecycling.com\/hu\/orszaguti-kerekpar\/valter-attila-jovore-mar-ott-lehet-a-tour-on-a-magyar-csapat-fonoke-szerint\/\",\"name\":\"Valter Attila j\u00f6v\u0151re m\u00e1r ott lehet a Tour-on a magyar csapat f\u0151n\u00f6ke szerint\",\"isPartOf\":{\"@id\":\"https:\/\/www.welovecycling.com\/hu\/#website\"},\"primaryImageOfPage\":{\"@id\":\"https:\/\/www.welovecycling.com\/hu\/orszaguti-kerekpar\/valter-attila-jovore-mar-ott-lehet-a-tour-on-a-magyar-csapat-fonoke-szerint\/#primaryimage\"},\"image\":{\"@id\":\"https:\/\/www.welovecycling.com\/hu\/orszaguti-kerekpar\/valter-attila-jovore-mar-ott-lehet-a-tour-on-a-magyar-csapat-fonoke-szerint\/#primaryimage\"},\"thumbnailUrl\":\"https:\/\/d2p6e6u75xmxt8.cloudfront.net\/12\/2025\/07\/08d49144-9f56-4699-b967-adf51df57ac4-min.webp\",\"datePublished\":\"2025-07-08T14:18:19+00:00\",\"author\":{\"@id\":\"https:\/\/www.welovecycling.com\/hu\/#\/schema\/person\/414a2aebf1801691a5320edb6468e194\"},\"description\":\"Bebt\u00f3 Zolt\u00e1n amond\u00f3, a Vism\u00e1t\u00f3l val\u00f3sz\u00edn\u0171leg t\u00e1voz\u00f3 magyar klasszisnak sim\u00e1n helye lenne a vil\u00e1g legnagyobb verseny\u00e9n, \u00e9s ez rem\u00e9lhet\u0151leg m\u00e1r nem is v\u00e1rat mag\u00e1ra sok\u00e1ig.\",\"breadcrumb\":{\"@id\":\"https:\/\/www.welovecycling.com\/hu\/orszaguti-kerekpar\/valter-attila-jovore-mar-ott-lehet-a-tour-on-a-magyar-csapat-fonoke-szerint\/#breadcrumb\"},\"inLanguage\":\"hu\",\"potentialAction\":[{\"@type\":\"ReadAction\",\"target\":[\"https:\/\/www.welovecycling.com\/hu\/orszaguti-kerekpar\/valter-attila-jovore-mar-ott-lehet-a-tour-on-a-magyar-csapat-fonoke-szerint\/\"]}]},{\"@type\":\"ImageObject\",\"inLanguage\":\"hu\",\"@id\":\"https:\/\/www.welovecycling.com\/hu\/orszaguti-kerekpar\/valter-attila-jovore-mar-ott-lehet-a-tour-on-a-magyar-csapat-fonoke-szerint\/#primaryimage\",\"url\":\"https:\/\/d2p6e6u75xmxt8.cloudfront.net\/12\/2025\/07\/08d49144-9f56-4699-b967-adf51df57ac4-min.webp\",\"contentUrl\":\"https:\/\/d2p6e6u75xmxt8.cloudfront.net\/12\/2025\/07\/08d49144-9f56-4699-b967-adf51df57ac4-min.webp\",\"width\":1387,\"height\":780},{\"@type\":\"BreadcrumbList\",\"@id\":\"https:\/\/www.welovecycling.com\/hu\/orszaguti-kerekpar\/valter-attila-jovore-mar-ott-lehet-a-tour-on-a-magyar-csapat-fonoke-szerint\/#breadcrumb\",\"itemListElement\":[{\"@type\":\"ListItem\",\"position\":1,\"name\":\"Home\",\"item\":\"https:\/\/www.welovecycling.com\/hu\/\"},{\"@type\":\"ListItem\",\"position\":2,\"name\":\"Valter Attila j\u00f6v\u0151re m\u00e1r ott lehet a Tour-on a magyar csapat f\u0151n\u00f6ke szerint\"}]},{\"@type\":\"WebSite\",\"@id\":\"https:\/\/www.welovecycling.com\/hu\/#website\",\"url\":\"https:\/\/www.welovecycling.com\/hu\/\",\"name\":\"\u0160koda We Love Cycling - Magyarorsz\u00e1g\",\"description\":\"\u0160koda WeLoveCycling\",\"potentialAction\":[{\"@type\":\"SearchAction\",\"target\":{\"@type\":\"EntryPoint\",\"urlTemplate\":\"https:\/\/www.welovecycling.com\/hu\/?s={search_term_string}\"},\"query-input\":{\"@type\":\"PropertyValueSpecification\",\"valueRequired\":true,\"valueName\":\"search_term_string\"}}],\"inLanguage\":\"hu\"},{\"@type\":\"Person\",\"@id\":\"https:\/\/www.welovecycling.com\/hu\/#\/schema\/person\/414a2aebf1801691a5320edb6468e194\",\"name\":\"hegyizs\",\"image\":{\"@type\":\"ImageObject\",\"inLanguage\":\"hu\",\"@id\":\"https:\/\/www.welovecycling.com\/hu\/#\/schema\/person\/image\/\",\"url\":\"https:\/\/secure.gravatar.com\/avatar\/02cf8a7906b8cf90cecb4679defac7cfd33a1c2e3b88e4903d947f3bb58eedd3?s=96&d=mm&r=g\",\"contentUrl\":\"https:\/\/secure.gravatar.com\/avatar\/02cf8a7906b8cf90cecb4679defac7cfd33a1c2e3b88e4903d947f3bb58eedd3?s=96&d=mm&r=g\",\"caption\":\"hegyizs\"},\"url\":\"https:\/\/www.welovecycling.com\/hu\/author\/hegyizs\/\"}]}<\/script>\n<!-- \/ Yoast SEO Premium plugin. -->","yoast_head_json":{"title":"Valter Attila j\u00f6v\u0151re m\u00e1r ott lehet a Tour-on a magyar csapat f\u0151n\u00f6ke szerint","description":"Bebt\u00f3 Zolt\u00e1n amond\u00f3, a Vism\u00e1t\u00f3l val\u00f3sz\u00edn\u0171leg t\u00e1voz\u00f3 magyar klasszisnak sim\u00e1n helye lenne a vil\u00e1g legnagyobb verseny\u00e9n, \u00e9s ez rem\u00e9lhet\u0151leg m\u00e1r nem is v\u00e1rat mag\u00e1ra sok\u00e1ig.","robots":{"index":"index","follow":"follow","max-snippet":"max-snippet:-1","max-image-preview":"max-image-preview:large","max-video-preview":"max-video-preview:-1"},"canonical":"https:\/\/www.welovecycling.com\/hu\/orszaguti-kerekpar\/valter-attila-jovore-mar-ott-lehet-a-tour-on-a-magyar-csapat-fonoke-szerint\/","og_locale":"hu_HU","og_type":"article","og_title":"Valter Attila j\u00f6v\u0151re m\u00e1r ott lehet a Tour-on a magyar csapat f\u0151n\u00f6ke szerint","og_description":"Bebt\u00f3 Zolt\u00e1n amond\u00f3, a Vism\u00e1t\u00f3l val\u00f3sz\u00edn\u0171leg t\u00e1voz\u00f3 magyar klasszisnak sim\u00e1n helye lenne a vil\u00e1g legnagyobb verseny\u00e9n, \u00e9s ez rem\u00e9lhet\u0151leg m\u00e1r nem is v\u00e1rat mag\u00e1ra sok\u00e1ig.","og_url":"https:\/\/www.welovecycling.com\/hu\/orszaguti-kerekpar\/valter-attila-jovore-mar-ott-lehet-a-tour-on-a-magyar-csapat-fonoke-szerint\/","og_site_name":"\u0160koda We Love Cycling - Magyarorsz\u00e1g","article_publisher":"https:\/\/www.facebook.com\/WeLoveCyclingHungary\/","article_published_time":"2025-07-08T14:18:19+00:00","og_image":[{"width":1387,"height":780,"url":"https:\/\/d2p6e6u75xmxt8.cloudfront.net\/12\/2025\/07\/08d49144-9f56-4699-b967-adf51df57ac4-min.webp","type":"image\/webp"}],"author":"hegyizs","twitter_card":"summary_large_image","twitter_misc":{"Written by":"WLC","Est. reading time":"4 minutes"},"schema":{"@context":"https:\/\/schema.org","@graph":[{"@type":"WebPage","@id":"https:\/\/www.welovecycling.com\/hu\/orszaguti-kerekpar\/valter-attila-jovore-mar-ott-lehet-a-tour-on-a-magyar-csapat-fonoke-szerint\/","url":"https:\/\/www.welovecycling.com\/hu\/orszaguti-kerekpar\/valter-attila-jovore-mar-ott-lehet-a-tour-on-a-magyar-csapat-fonoke-szerint\/","name":"Valter Attila j\u00f6v\u0151re m\u00e1r ott lehet a Tour-on a magyar csapat f\u0151n\u00f6ke szerint","isPartOf":{"@id":"https:\/\/www.welovecycling.com\/hu\/#website"},"primaryImageOfPage":{"@id":"https:\/\/www.welovecycling.com\/hu\/orszaguti-kerekpar\/valter-attila-jovore-mar-ott-lehet-a-tour-on-a-magyar-csapat-fonoke-szerint\/#primaryimage"},"image":{"@id":"https:\/\/www.welovecycling.com\/hu\/orszaguti-kerekpar\/valter-attila-jovore-mar-ott-lehet-a-tour-on-a-magyar-csapat-fonoke-szerint\/#primaryimage"},"thumbnailUrl":"https:\/\/d2p6e6u75xmxt8.cloudfront.net\/12\/2025\/07\/08d49144-9f56-4699-b967-adf51df57ac4-min.webp","datePublished":"2025-07-08T14:18:19+00:00","author":{"@id":"https:\/\/www.welovecycling.com\/hu\/#\/schema\/person\/414a2aebf1801691a5320edb6468e194"},"description":"Bebt\u00f3 Zolt\u00e1n amond\u00f3, a Vism\u00e1t\u00f3l val\u00f3sz\u00edn\u0171leg t\u00e1voz\u00f3 magyar klasszisnak sim\u00e1n helye lenne a vil\u00e1g legnagyobb verseny\u00e9n, \u00e9s ez rem\u00e9lhet\u0151leg m\u00e1r nem is v\u00e1rat mag\u00e1ra sok\u00e1ig.","breadcrumb":{"@id":"https:\/\/www.welovecycling.com\/hu\/orszaguti-kerekpar\/valter-attila-jovore-mar-ott-lehet-a-tour-on-a-magyar-csapat-fonoke-szerint\/#breadcrumb"},"inLanguage":"hu","potentialAction":[{"@type":"ReadAction","target":["https:\/\/www.welovecycling.com\/hu\/orszaguti-kerekpar\/valter-attila-jovore-mar-ott-lehet-a-tour-on-a-magyar-csapat-fonoke-szerint\/"]}]},{"@type":"ImageObject","inLanguage":"hu","@id":"https:\/\/www.welovecycling.com\/hu\/orszaguti-kerekpar\/valter-attila-jovore-mar-ott-lehet-a-tour-on-a-magyar-csapat-fonoke-szerint\/#primaryimage","url":"https:\/\/d2p6e6u75xmxt8.cloudfront.net\/12\/2025\/07\/08d49144-9f56-4699-b967-adf51df57ac4-min.webp","contentUrl":"https:\/\/d2p6e6u75xmxt8.cloudfront.net\/12\/2025\/07\/08d49144-9f56-4699-b967-adf51df57ac4-min.webp","width":1387,"height":780},{"@type":"BreadcrumbList","@id":"https:\/\/www.welovecycling.com\/hu\/orszaguti-kerekpar\/valter-attila-jovore-mar-ott-lehet-a-tour-on-a-magyar-csapat-fonoke-szerint\/#breadcrumb","itemListElement":[{"@type":"ListItem","position":1,"name":"Home","item":"https:\/\/www.welovecycling.com\/hu\/"},{"@type":"ListItem","position":2,"name":"Valter Attila j\u00f6v\u0151re m\u00e1r ott lehet a Tour-on a magyar csapat f\u0151n\u00f6ke szerint"}]},{"@type":"WebSite","@id":"https:\/\/www.welovecycling.com\/hu\/#website","url":"https:\/\/www.welovecycling.com\/hu\/","name":"\u0160koda We Love Cycling - Magyarorsz\u00e1g","description":"\u0160koda WeLoveCycling","potentialAction":[{"@type":"SearchAction","target":{"@type":"EntryPoint","urlTemplate":"https:\/\/www.welovecycling.com\/hu\/?s={search_term_string}"},"query-input":{"@type":"PropertyValueSpecification","valueRequired":true,"valueName":"search_term_string"}}],"inLanguage":"hu"},{"@type":"Person","@id":"https:\/\/www.welovecycling.com\/hu\/#\/schema\/person\/414a2aebf1801691a5320edb6468e194","name":"hegyizs","image":{"@type":"ImageObject","inLanguage":"hu","@id":"https:\/\/www.welovecycling.com\/hu\/#\/schema\/person\/image\/","url":"https:\/\/secure.gravatar.com\/avatar\/02cf8a7906b8cf90cecb4679defac7cfd33a1c2e3b88e4903d947f3bb58eedd3?s=96&d=mm&r=g","contentUrl":"https:\/\/secure.gravatar.com\/avatar\/02cf8a7906b8cf90cecb4679defac7cfd33a1c2e3b88e4903d947f3bb58eedd3?s=96&d=mm&r=g","caption":"hegyizs"},"url":"https:\/\/www.welovecycling.com\/hu\/author\/hegyizs\/"}]}},"_links":{"self":[{"href":"https:\/\/www.welovecycling.com\/hu\/wp-json\/wp\/v2\/posts\/19126","targetHints":{"allow":["GET"]}}],"collection":[{"href":"https:\/\/www.welovecycling.com\/hu\/wp-json\/wp\/v2\/posts"}],"about":[{"href":"https:\/\/www.welovecycling.com\/hu\/wp-json\/wp\/v2\/types\/post"}],"author":[{"embeddable":true,"href":"https:\/\/www.welovecycling.com\/hu\/wp-json\/wp\/v2\/users\/71"}],"replies":[{"embeddable":true,"href":"https:\/\/www.welovecycling.com\/hu\/wp-json\/wp\/v2\/comments?post=19126"}],"version-history":[{"count":1,"href":"https:\/\/www.welovecycling.com\/hu\/wp-json\/wp\/v2\/posts\/19126\/revisions"}],"predecessor-version":[{"id":19131,"href":"https:\/\/www.welovecycling.com\/hu\/wp-json\/wp\/v2\/posts\/19126\/revisions\/19131"}],"wp:featuredmedia":[{"embeddable":true,"href":"https:\/\/www.welovecycling.com\/hu\/wp-json\/wp\/v2\/media\/19127"}],"wp:attachment":[{"href":"https:\/\/www.welovecycling.com\/hu\/wp-json\/wp\/v2\/media?parent=19126"}],"wp:term":[{"taxonomy":"category","embeddable":true,"href":"https:\/\/www.welovecycling.com\/hu\/wp-json\/wp\/v2\/categories?post=19126"},{"taxonomy":"post_tag","embeddable":true,"href":"https:\/\/www.welovecycling.com\/hu\/wp-json\/wp\/v2\/tags?post=19126"},{"taxonomy":"global-categories","embeddable":true,"href":"https:\/\/www.welovecycling.com\/hu\/wp-json\/wp\/v2\/global-categories?post=19126"}],"curies":[{"name":"wp","href":"https:\/\/api.w.org\/{rel}","templated":true}]}}