{"id":19104,"date":"2025-06-30T10:04:43","date_gmt":"2025-06-30T08:04:43","guid":{"rendered":"https:\/\/www.welovecycling.com\/hu\/?p=19104"},"modified":"2025-06-30T10:04:43","modified_gmt":"2025-06-30T08:04:43","slug":"pelikan-janos-legyozte-az-idofutambajnoksagon-valter-attilat-aki-valoszinuleg-elhagyja-a-vismat","status":"publish","type":"post","link":"https:\/\/www.welovecycling.com\/hu\/orszaguti-kerekpar\/pelikan-janos-legyozte-az-idofutambajnoksagon-valter-attilat-aki-valoszinuleg-elhagyja-a-vismat\/","title":{"rendered":"Pelik\u00e1n J\u00e1nos legy\u0151zte az id\u0151futambajnoks\u00e1gon Valter Attil\u00e1t, aki val\u00f3sz\u00edn\u0171leg elhagyja a Vism\u00e1t"},"content":{"rendered":"<p><strong>Felbolydult a m\u00e9hkas Valter Attila k\u00f6r\u00fcl, 27 \u00e9ves klasszisunk mozgalmas napokat \u00e9l \u00e1t.<\/strong><!--more--><\/p>\n<p>A Visma | Lease a bike magyar versenyz\u0151je el\u0151bb szerd\u00e1n <a href=\"https:\/\/www.facebook.com\/permalink.php?story_fbid=pfbid02S7uKdHhNxa5Jy2sMnhyr6vQvd3hmifgmnS71ULBQ13JF2x8x2cmxB9h2FYrfRCjVl&amp;id=100063776644112\">m\u00e1sodikk\u00e9nt v\u00e9gzett a debreceni id\u0151futam orsz\u00e1gos bajnoks\u00e1gon<\/a>, Pelik\u00e1n J\u00e1nos tudta legy\u0151zni 36 m\u00e1sodperccel: \u00e9rdekess\u00e9g, az imm\u00e1r a United Shippingben teker\u0151 Pelik\u00e1n nyolc \u00e9v, 2017 ut\u00e1n tudott \u00fajra bajnoki c\u00edmet szerezni a m\u0171fajban. Mivel ez nem Valter f\u0151 sz\u00e1ma, ez tulajdonk\u00e9ppen a kisebb meglepet\u00e9snek sz\u00e1m\u00edtott: a nagyobb bomb\u00e1t m\u00e1snap robbantotta a hollandiai ker\u00e9kp\u00e1ros\u00fcgyekben megb\u00edzhat\u00f3 forr\u00e1snak sz\u00e1m\u00edt\u00f3 Wielerflits port\u00e1l. Ebben azt \u00edrj\u00e1k, a magyar k\u00f6z\u00f6ns\u00e9gkedvenc hosszas gondolkod\u00e1s ut\u00e1n v\u00e9g\u00fcl \u00fagy d\u00f6nt\u00f6tt, <a href=\"https:\/\/www.wielerflits.nl\/nieuws\/attila-valter-wacht-niet-op-visma-lease-a-bike-en-vertrekt\/\">nem hosszabb\u00edtja meg<\/a> az \u00e9v v\u00e9g\u00e9n lej\u00e1r\u00f3 szerz\u0151d\u00e9s\u00e9t a Vism\u00e1val, \u00e9s m\u00e1r azt is tudni, hogy a Bahrain-Victorious csapat\u00e1hoz megy j\u00f6v\u0151re, ahonnan meg Jack Haig s Fred Wright t\u00e1vozik v\u00e1rhat\u00f3an.<\/p>\n<p><img loading=\"lazy\" decoding=\"async\" class=\"alignnone size-large wp-image-19108\" src=\"https:\/\/d2p6e6u75xmxt8.cloudfront.net\/12\/2025\/06\/512562939_1246186267517250_395002101684782029_n-768x1024.webp\" alt=\"\" width=\"768\" height=\"1024\" srcset=\"https:\/\/d2p6e6u75xmxt8.cloudfront.net\/12\/2025\/06\/512562939_1246186267517250_395002101684782029_n-768x1024.webp 768w, https:\/\/d2p6e6u75xmxt8.cloudfront.net\/12\/2025\/06\/512562939_1246186267517250_395002101684782029_n-225x300.webp 225w, https:\/\/d2p6e6u75xmxt8.cloudfront.net\/12\/2025\/06\/512562939_1246186267517250_395002101684782029_n-300x400.webp 300w, https:\/\/d2p6e6u75xmxt8.cloudfront.net\/12\/2025\/06\/512562939_1246186267517250_395002101684782029_n.webp 1080w\" sizes=\"auto, (max-width: 768px) 100vw, 768px\" \/><\/p>\n<p>Felt\u00e9ve, hogy igaz a h\u00edr \u2013 egyel\u0151re egyik f\u00e9l sem er\u0151s\u00edtette meg \u2013, a fejlem\u00e9ny valahol az\u00e9rt sejthet\u0151 volt, vagy legal\u00e1bbis az ut\u00f3bbi id\u0151k szerepl\u00e9seit \u00e9s <a href=\"https:\/\/www.nemzetisport.hu\/kepessport\/2025\/05\/nem-akarok-lemondani-a-boldogsagomrol-az-eredmenyekert-interju-valter-attilaval\">megsz\u00f3lal\u00e1sait<\/a> eln\u00e9zve a sorok k\u00f6z\u00f6tt olvasva lehetett erre a fordulatra k\u00f6vetkeztetni. Valter Attila vism\u00e1s id\u0151szaka ugyanis k\u00e9ts\u00e9gk\u00edv\u00fcl ambivalensnek mondhat\u00f3. Egyfel\u0151l m\u00e9g mindig neh\u00e9z felfogni, honnan indulva hova jutott el, \u00e9s milyen elk\u00e9peszt\u0151 sikerekben volt r\u00e9sze az orsz\u00e1g\u00fati ker\u00e9kp\u00e1rt\u00f6rt\u00e9nelem egyik legdomin\u00e1nsabb szupercsapat\u00e1ban. Hogy egy magyar sr\u00e1c tev\u00e9keny r\u00e9szese volt p\u00e9ld\u00e1ul <a href=\"https:\/\/www.welovecycling.com\/hu\/orszaguti-kerekpar\/kuss-a-vuelt-gyozelemrol-mintha-egy-meseben-lennek\/\">a 2023-as tripl\u00e1z\u00e1snak<\/a> \u2013 amikor a holland kirakatist\u00e1ll\u00f3 egyed\u00fcl\u00e1ll\u00f3 m\u00f3don mindh\u00e1rom Grand Tour \u00f6sszetettj\u00e9t megnyerte \u2013, mik\u00f6zben az elm\u00falt h\u00e1rom \u00e9vben Gir\u00f3kat \u00e9s Vuelt\u00e1kat ment, s a teljess\u00e9g ig\u00e9nye n\u00e9lk\u00fcl negyedikk\u00e9nt v\u00e9gzett mondjuk a Strade Bianch\u00e9n \u00e9s az olimpiai mez\u0151nyversenyben, olyan, soha el nem \u00e9v\u00fcl\u0151 eredm\u00e9nyek, amelyek m\u00e9g t\u00edz \u00e9ve is teljesen abszurdnak hangzottak volna a hazai ker\u00e9kp\u00e1rsportban. Eleve \u00f3ri\u00e1si fegyvert\u00e9ny teh\u00e1t m\u00e1r a puszta ottl\u00e9te is, de k\u00f6zben meg valahogy m\u00e9gsem az igazi, hogy az \u00fajabb v\u00e1rt szintl\u00e9p\u00e9s \u00e9s a belengetett vez\u00e9rszerep helyett \u00e9vek \u00f3ta sokszor jobb\u00e1ra a v\u00edzhord\u00f3szerep jut neki, egy-k\u00e9t kiugr\u00f3 saj\u00e1t eredm\u00e9nnyel \u2013 izzads\u00e1gszag\u00fa futballhasonlattal \u00e9lve kicsit mintha a Real Madridn\u00e1l lenne csereember\u2026<\/p>\n<p><img loading=\"lazy\" decoding=\"async\" class=\"alignnone size-large wp-image-19105\" src=\"https:\/\/d2p6e6u75xmxt8.cloudfront.net\/12\/2025\/06\/487424224_1172457018223509_4137986947654494244_n-1024x683.webp\" alt=\"\" width=\"1024\" height=\"683\" srcset=\"https:\/\/d2p6e6u75xmxt8.cloudfront.net\/12\/2025\/06\/487424224_1172457018223509_4137986947654494244_n-1024x683.webp 1024w, https:\/\/d2p6e6u75xmxt8.cloudfront.net\/12\/2025\/06\/487424224_1172457018223509_4137986947654494244_n-300x200.webp 300w, https:\/\/d2p6e6u75xmxt8.cloudfront.net\/12\/2025\/06\/487424224_1172457018223509_4137986947654494244_n-768x512.webp 768w, https:\/\/d2p6e6u75xmxt8.cloudfront.net\/12\/2025\/06\/487424224_1172457018223509_4137986947654494244_n-1536x1025.webp 1536w, https:\/\/d2p6e6u75xmxt8.cloudfront.net\/12\/2025\/06\/487424224_1172457018223509_4137986947654494244_n-1920x1281.webp 1920w, https:\/\/d2p6e6u75xmxt8.cloudfront.net\/12\/2025\/06\/487424224_1172457018223509_4137986947654494244_n-400x267.webp 400w, https:\/\/d2p6e6u75xmxt8.cloudfront.net\/12\/2025\/06\/487424224_1172457018223509_4137986947654494244_n-272x182.webp 272w, https:\/\/d2p6e6u75xmxt8.cloudfront.net\/12\/2025\/06\/487424224_1172457018223509_4137986947654494244_n.webp 2048w, https:\/\/d2p6e6u75xmxt8.cloudfront.net\/12\/2025\/06\/487424224_1172457018223509_4137986947654494244_n-1920x1281.webp 1920w\" sizes=\"auto, (max-width: 1024px) 100vw, 1024px\" \/><\/p>\n<p>A Wielerflits szerint egy\u00e9bk\u00e9nt Valter az, aki az \u00edg\u00e9retes kezd\u00e9s ut\u00e1n v\u00e9g\u00fcl nem tudott feln\u0151ni a vez\u00e9rszerephez, \u00edgy vagy \u00fagy, azt az\u00e9rt meg\u00e1llap\u00edthatjuk, hogy a t\u00f6rt\u00e9nelmi sikerek ut\u00e1n az elm\u00falt id\u0151szakban a holland szt\u00e1rcsapat is alaposan beh\u00fazta a k\u00e9zif\u00e9ket. A l\u00e1that\u00f3 stagn\u00e1l\u00e1s\u00e1r\u00f3l <a href=\"https:\/\/www.welovecycling.com\/hu\/orszaguti-kerekpar\/mi-tortenik-a-visma-lease-a-bike-nal-alig-ket-honappal-a-tour-de-france-elott\/\">mi is \u00edrtunk m\u00e1r id\u00e9n<\/a>, \u00e9s eg\u00e9szen <a href=\"https:\/\/www.welovecycling.com\/hu\/orszaguti-kerekpar\/a-tudomanyt-is-tulzasba-lehet-vinni-dumoulinnel-az-igazsag-a-visma-visszaesese-kapcsan\/\">bels\u0151 k\u00f6r\u00f6kb\u0151l is \u00e9rkeztek \u00e9rdekes megl\u00e1t\u00e1sok<\/a> a Visma m\u00f3dszereir\u0151l.<\/p>\n<p>F\u00fcggetlen\u00fcl att\u00f3l, hogyan alakul majd Valter Attila sorsa, a vil\u00e1g egyik legnagyobb csapat\u00e1n\u00e1l leh\u00fazott h\u00e1rom tanul\u00f3\u00e9v eg\u00e9szen biztosan csak a jav\u00e1ra szolg\u00e1lhat, viszont ha itt m\u00e1r nem l\u00e1tja biztos\u00edtottnak a tov\u00e1bbi fejl\u0151d\u00e9si lehet\u0151s\u00e9get, \u00fagy meg kellett hoznia a neh\u00e9z, de val\u00f3sz\u00edn\u0171leg j\u00f3 d\u00f6nt\u00e9st. Elv\u00e9gre a Bahrain szint\u00e9n a legmagasabb szint\u0171 elitcsapat, \u00e9s ha olyasmi szerepet sz\u00e1nn\u00e1nak neki, mint mondjuk Jack Haignek, akkor nagyon j\u00f3l j\u00e1rhatna \u2013 \u00e9s m\u00e9g az a fr\u00e1nya Tour de France-szerepl\u00e9s is \u00f6sszej\u00f6hetne, amire Valter Ati nagyon v\u00e1gyott volna, de a Vism\u00e1n\u00e1l nem kapott r\u00e1 lehet\u0151s\u00e9get\u2026<\/p>\n<p><img loading=\"lazy\" decoding=\"async\" class=\"alignnone size-large wp-image-19107\" src=\"https:\/\/d2p6e6u75xmxt8.cloudfront.net\/12\/2025\/06\/494370795_1200721308730413_4115728109982052971_n-1024x683.webp\" alt=\"\" width=\"1024\" height=\"683\" srcset=\"https:\/\/d2p6e6u75xmxt8.cloudfront.net\/12\/2025\/06\/494370795_1200721308730413_4115728109982052971_n-1024x683.webp 1024w, https:\/\/d2p6e6u75xmxt8.cloudfront.net\/12\/2025\/06\/494370795_1200721308730413_4115728109982052971_n-300x200.webp 300w, https:\/\/d2p6e6u75xmxt8.cloudfront.net\/12\/2025\/06\/494370795_1200721308730413_4115728109982052971_n-768x512.webp 768w, https:\/\/d2p6e6u75xmxt8.cloudfront.net\/12\/2025\/06\/494370795_1200721308730413_4115728109982052971_n-400x267.webp 400w, https:\/\/d2p6e6u75xmxt8.cloudfront.net\/12\/2025\/06\/494370795_1200721308730413_4115728109982052971_n-272x182.webp 272w, https:\/\/d2p6e6u75xmxt8.cloudfront.net\/12\/2025\/06\/494370795_1200721308730413_4115728109982052971_n.webp 1206w\" sizes=\"auto, (max-width: 1024px) 100vw, 1024px\" \/><\/p>\n<p>fot\u00f3k: Facebook\/Valter Attila<\/p>\n","protected":false},"excerpt":{"rendered":"<p>Felbolydult a m\u00e9hkas Valter Attila k\u00f6r\u00fcl, 27 \u00e9ves klasszisunk mozgalmas napokat \u00e9l \u00e1t.<\/p>\n","protected":false},"author":71,"featured_media":19106,"comment_status":"open","ping_status":"open","sticky":false,"template":"","format":"standard","meta":{"footnotes":""},"categories":[8],"tags":[],"global-categories":[419],"class_list":["post-19104","post","type-post","status-publish","format-standard","has-post-thumbnail","hentry","category-orszaguti-kerekpar","global-categories-cycling"],"yoast_head":"<!-- This site is optimized with the Yoast SEO Premium plugin v25.3 (Yoast SEO v25.9) - https:\/\/yoast.com\/wordpress\/plugins\/seo\/ -->\n<title>Pelik\u00e1n J\u00e1nos legy\u0151zte az id\u0151futambajnoks\u00e1gon Valter Attil\u00e1t, aki val\u00f3sz\u00edn\u0171leg elhagyja a Vism\u00e1t<\/title>\n<meta name=\"description\" content=\"Felbolydult a m\u00e9hkas Valter Attila k\u00f6r\u00fcl, 27 \u00e9ves klasszisunk mozgalmas napokat \u00e9l \u00e1t.\" \/>\n<meta name=\"robots\" content=\"index, follow, max-snippet:-1, max-image-preview:large, max-video-preview:-1\" \/>\n<link rel=\"canonical\" href=\"https:\/\/www.welovecycling.com\/hu\/orszaguti-kerekpar\/pelikan-janos-legyozte-az-idofutambajnoksagon-valter-attilat-aki-valoszinuleg-elhagyja-a-vismat\/\" \/>\n<meta property=\"og:locale\" content=\"hu_HU\" \/>\n<meta property=\"og:type\" content=\"article\" \/>\n<meta property=\"og:title\" content=\"Pelik\u00e1n J\u00e1nos legy\u0151zte az id\u0151futambajnoks\u00e1gon Valter Attil\u00e1t, aki val\u00f3sz\u00edn\u0171leg elhagyja a Vism\u00e1t\" \/>\n<meta property=\"og:description\" content=\"Felbolydult a m\u00e9hkas Valter Attila k\u00f6r\u00fcl, 27 \u00e9ves klasszisunk mozgalmas napokat \u00e9l \u00e1t.\" \/>\n<meta property=\"og:url\" content=\"https:\/\/www.welovecycling.com\/hu\/orszaguti-kerekpar\/pelikan-janos-legyozte-az-idofutambajnoksagon-valter-attilat-aki-valoszinuleg-elhagyja-a-vismat\/\" \/>\n<meta property=\"og:site_name\" content=\"\u0160koda We Love Cycling - Magyarorsz\u00e1g\" \/>\n<meta property=\"article:publisher\" content=\"https:\/\/www.facebook.com\/WeLoveCyclingHungary\/\" \/>\n<meta property=\"article:published_time\" content=\"2025-06-30T08:04:43+00:00\" \/>\n<meta property=\"og:image\" content=\"https:\/\/d2p6e6u75xmxt8.cloudfront.net\/12\/2025\/06\/491923670_1195410482594829_7898326881661137439_n.webp\" \/>\n\t<meta property=\"og:image:width\" content=\"2048\" \/>\n\t<meta property=\"og:image:height\" content=\"1366\" \/>\n\t<meta property=\"og:image:type\" content=\"image\/webp\" \/>\n<meta name=\"author\" content=\"hegyizs\" \/>\n<meta name=\"twitter:card\" content=\"summary_large_image\" \/>\n<meta name=\"twitter:label1\" content=\"Written by\" \/>\n\t<meta name=\"twitter:data1\" content=\"WLC\" \/>\n\t<meta name=\"twitter:label2\" content=\"Est. reading time\" \/>\n\t<meta name=\"twitter:data2\" content=\"3 minutes\" \/>\n<script type=\"application\/ld+json\" class=\"yoast-schema-graph\">{\"@context\":\"https:\/\/schema.org\",\"@graph\":[{\"@type\":\"WebPage\",\"@id\":\"https:\/\/www.welovecycling.com\/hu\/orszaguti-kerekpar\/pelikan-janos-legyozte-az-idofutambajnoksagon-valter-attilat-aki-valoszinuleg-elhagyja-a-vismat\/\",\"url\":\"https:\/\/www.welovecycling.com\/hu\/orszaguti-kerekpar\/pelikan-janos-legyozte-az-idofutambajnoksagon-valter-attilat-aki-valoszinuleg-elhagyja-a-vismat\/\",\"name\":\"Pelik\u00e1n J\u00e1nos legy\u0151zte az id\u0151futambajnoks\u00e1gon Valter Attil\u00e1t, aki val\u00f3sz\u00edn\u0171leg elhagyja a Vism\u00e1t\",\"isPartOf\":{\"@id\":\"https:\/\/www.welovecycling.com\/hu\/#website\"},\"primaryImageOfPage\":{\"@id\":\"https:\/\/www.welovecycling.com\/hu\/orszaguti-kerekpar\/pelikan-janos-legyozte-az-idofutambajnoksagon-valter-attilat-aki-valoszinuleg-elhagyja-a-vismat\/#primaryimage\"},\"image\":{\"@id\":\"https:\/\/www.welovecycling.com\/hu\/orszaguti-kerekpar\/pelikan-janos-legyozte-az-idofutambajnoksagon-valter-attilat-aki-valoszinuleg-elhagyja-a-vismat\/#primaryimage\"},\"thumbnailUrl\":\"https:\/\/d2p6e6u75xmxt8.cloudfront.net\/12\/2025\/06\/491923670_1195410482594829_7898326881661137439_n.webp\",\"datePublished\":\"2025-06-30T08:04:43+00:00\",\"author\":{\"@id\":\"https:\/\/www.welovecycling.com\/hu\/#\/schema\/person\/414a2aebf1801691a5320edb6468e194\"},\"description\":\"Felbolydult a m\u00e9hkas Valter Attila k\u00f6r\u00fcl, 27 \u00e9ves klasszisunk mozgalmas napokat \u00e9l \u00e1t.\",\"breadcrumb\":{\"@id\":\"https:\/\/www.welovecycling.com\/hu\/orszaguti-kerekpar\/pelikan-janos-legyozte-az-idofutambajnoksagon-valter-attilat-aki-valoszinuleg-elhagyja-a-vismat\/#breadcrumb\"},\"inLanguage\":\"hu\",\"potentialAction\":[{\"@type\":\"ReadAction\",\"target\":[\"https:\/\/www.welovecycling.com\/hu\/orszaguti-kerekpar\/pelikan-janos-legyozte-az-idofutambajnoksagon-valter-attilat-aki-valoszinuleg-elhagyja-a-vismat\/\"]}]},{\"@type\":\"ImageObject\",\"inLanguage\":\"hu\",\"@id\":\"https:\/\/www.welovecycling.com\/hu\/orszaguti-kerekpar\/pelikan-janos-legyozte-az-idofutambajnoksagon-valter-attilat-aki-valoszinuleg-elhagyja-a-vismat\/#primaryimage\",\"url\":\"https:\/\/d2p6e6u75xmxt8.cloudfront.net\/12\/2025\/06\/491923670_1195410482594829_7898326881661137439_n.webp\",\"contentUrl\":\"https:\/\/d2p6e6u75xmxt8.cloudfront.net\/12\/2025\/06\/491923670_1195410482594829_7898326881661137439_n.webp\",\"width\":2048,\"height\":1366},{\"@type\":\"BreadcrumbList\",\"@id\":\"https:\/\/www.welovecycling.com\/hu\/orszaguti-kerekpar\/pelikan-janos-legyozte-az-idofutambajnoksagon-valter-attilat-aki-valoszinuleg-elhagyja-a-vismat\/#breadcrumb\",\"itemListElement\":[{\"@type\":\"ListItem\",\"position\":1,\"name\":\"Home\",\"item\":\"https:\/\/www.welovecycling.com\/hu\/\"},{\"@type\":\"ListItem\",\"position\":2,\"name\":\"Pelik\u00e1n J\u00e1nos legy\u0151zte az id\u0151futambajnoks\u00e1gon Valter Attil\u00e1t, aki val\u00f3sz\u00edn\u0171leg elhagyja a Vism\u00e1t\"}]},{\"@type\":\"WebSite\",\"@id\":\"https:\/\/www.welovecycling.com\/hu\/#website\",\"url\":\"https:\/\/www.welovecycling.com\/hu\/\",\"name\":\"\u0160koda We Love Cycling - Magyarorsz\u00e1g\",\"description\":\"\u0160koda WeLoveCycling\",\"potentialAction\":[{\"@type\":\"SearchAction\",\"target\":{\"@type\":\"EntryPoint\",\"urlTemplate\":\"https:\/\/www.welovecycling.com\/hu\/?s={search_term_string}\"},\"query-input\":{\"@type\":\"PropertyValueSpecification\",\"valueRequired\":true,\"valueName\":\"search_term_string\"}}],\"inLanguage\":\"hu\"},{\"@type\":\"Person\",\"@id\":\"https:\/\/www.welovecycling.com\/hu\/#\/schema\/person\/414a2aebf1801691a5320edb6468e194\",\"name\":\"hegyizs\",\"image\":{\"@type\":\"ImageObject\",\"inLanguage\":\"hu\",\"@id\":\"https:\/\/www.welovecycling.com\/hu\/#\/schema\/person\/image\/\",\"url\":\"https:\/\/secure.gravatar.com\/avatar\/02cf8a7906b8cf90cecb4679defac7cfd33a1c2e3b88e4903d947f3bb58eedd3?s=96&d=mm&r=g\",\"contentUrl\":\"https:\/\/secure.gravatar.com\/avatar\/02cf8a7906b8cf90cecb4679defac7cfd33a1c2e3b88e4903d947f3bb58eedd3?s=96&d=mm&r=g\",\"caption\":\"hegyizs\"},\"url\":\"https:\/\/www.welovecycling.com\/hu\/author\/hegyizs\/\"}]}<\/script>\n<!-- \/ Yoast SEO Premium plugin. -->","yoast_head_json":{"title":"Pelik\u00e1n J\u00e1nos legy\u0151zte az id\u0151futambajnoks\u00e1gon Valter Attil\u00e1t, aki val\u00f3sz\u00edn\u0171leg elhagyja a Vism\u00e1t","description":"Felbolydult a m\u00e9hkas Valter Attila k\u00f6r\u00fcl, 27 \u00e9ves klasszisunk mozgalmas napokat \u00e9l \u00e1t.","robots":{"index":"index","follow":"follow","max-snippet":"max-snippet:-1","max-image-preview":"max-image-preview:large","max-video-preview":"max-video-preview:-1"},"canonical":"https:\/\/www.welovecycling.com\/hu\/orszaguti-kerekpar\/pelikan-janos-legyozte-az-idofutambajnoksagon-valter-attilat-aki-valoszinuleg-elhagyja-a-vismat\/","og_locale":"hu_HU","og_type":"article","og_title":"Pelik\u00e1n J\u00e1nos legy\u0151zte az id\u0151futambajnoks\u00e1gon Valter Attil\u00e1t, aki val\u00f3sz\u00edn\u0171leg elhagyja a Vism\u00e1t","og_description":"Felbolydult a m\u00e9hkas Valter Attila k\u00f6r\u00fcl, 27 \u00e9ves klasszisunk mozgalmas napokat \u00e9l \u00e1t.","og_url":"https:\/\/www.welovecycling.com\/hu\/orszaguti-kerekpar\/pelikan-janos-legyozte-az-idofutambajnoksagon-valter-attilat-aki-valoszinuleg-elhagyja-a-vismat\/","og_site_name":"\u0160koda We Love Cycling - Magyarorsz\u00e1g","article_publisher":"https:\/\/www.facebook.com\/WeLoveCyclingHungary\/","article_published_time":"2025-06-30T08:04:43+00:00","og_image":[{"width":2048,"height":1366,"url":"https:\/\/d2p6e6u75xmxt8.cloudfront.net\/12\/2025\/06\/491923670_1195410482594829_7898326881661137439_n.webp","type":"image\/webp"}],"author":"hegyizs","twitter_card":"summary_large_image","twitter_misc":{"Written by":"WLC","Est. reading time":"3 minutes"},"schema":{"@context":"https:\/\/schema.org","@graph":[{"@type":"WebPage","@id":"https:\/\/www.welovecycling.com\/hu\/orszaguti-kerekpar\/pelikan-janos-legyozte-az-idofutambajnoksagon-valter-attilat-aki-valoszinuleg-elhagyja-a-vismat\/","url":"https:\/\/www.welovecycling.com\/hu\/orszaguti-kerekpar\/pelikan-janos-legyozte-az-idofutambajnoksagon-valter-attilat-aki-valoszinuleg-elhagyja-a-vismat\/","name":"Pelik\u00e1n J\u00e1nos legy\u0151zte az id\u0151futambajnoks\u00e1gon Valter Attil\u00e1t, aki val\u00f3sz\u00edn\u0171leg elhagyja a Vism\u00e1t","isPartOf":{"@id":"https:\/\/www.welovecycling.com\/hu\/#website"},"primaryImageOfPage":{"@id":"https:\/\/www.welovecycling.com\/hu\/orszaguti-kerekpar\/pelikan-janos-legyozte-az-idofutambajnoksagon-valter-attilat-aki-valoszinuleg-elhagyja-a-vismat\/#primaryimage"},"image":{"@id":"https:\/\/www.welovecycling.com\/hu\/orszaguti-kerekpar\/pelikan-janos-legyozte-az-idofutambajnoksagon-valter-attilat-aki-valoszinuleg-elhagyja-a-vismat\/#primaryimage"},"thumbnailUrl":"https:\/\/d2p6e6u75xmxt8.cloudfront.net\/12\/2025\/06\/491923670_1195410482594829_7898326881661137439_n.webp","datePublished":"2025-06-30T08:04:43+00:00","author":{"@id":"https:\/\/www.welovecycling.com\/hu\/#\/schema\/person\/414a2aebf1801691a5320edb6468e194"},"description":"Felbolydult a m\u00e9hkas Valter Attila k\u00f6r\u00fcl, 27 \u00e9ves klasszisunk mozgalmas napokat \u00e9l \u00e1t.","breadcrumb":{"@id":"https:\/\/www.welovecycling.com\/hu\/orszaguti-kerekpar\/pelikan-janos-legyozte-az-idofutambajnoksagon-valter-attilat-aki-valoszinuleg-elhagyja-a-vismat\/#breadcrumb"},"inLanguage":"hu","potentialAction":[{"@type":"ReadAction","target":["https:\/\/www.welovecycling.com\/hu\/orszaguti-kerekpar\/pelikan-janos-legyozte-az-idofutambajnoksagon-valter-attilat-aki-valoszinuleg-elhagyja-a-vismat\/"]}]},{"@type":"ImageObject","inLanguage":"hu","@id":"https:\/\/www.welovecycling.com\/hu\/orszaguti-kerekpar\/pelikan-janos-legyozte-az-idofutambajnoksagon-valter-attilat-aki-valoszinuleg-elhagyja-a-vismat\/#primaryimage","url":"https:\/\/d2p6e6u75xmxt8.cloudfront.net\/12\/2025\/06\/491923670_1195410482594829_7898326881661137439_n.webp","contentUrl":"https:\/\/d2p6e6u75xmxt8.cloudfront.net\/12\/2025\/06\/491923670_1195410482594829_7898326881661137439_n.webp","width":2048,"height":1366},{"@type":"BreadcrumbList","@id":"https:\/\/www.welovecycling.com\/hu\/orszaguti-kerekpar\/pelikan-janos-legyozte-az-idofutambajnoksagon-valter-attilat-aki-valoszinuleg-elhagyja-a-vismat\/#breadcrumb","itemListElement":[{"@type":"ListItem","position":1,"name":"Home","item":"https:\/\/www.welovecycling.com\/hu\/"},{"@type":"ListItem","position":2,"name":"Pelik\u00e1n J\u00e1nos legy\u0151zte az id\u0151futambajnoks\u00e1gon Valter Attil\u00e1t, aki val\u00f3sz\u00edn\u0171leg elhagyja a Vism\u00e1t"}]},{"@type":"WebSite","@id":"https:\/\/www.welovecycling.com\/hu\/#website","url":"https:\/\/www.welovecycling.com\/hu\/","name":"\u0160koda We Love Cycling - Magyarorsz\u00e1g","description":"\u0160koda WeLoveCycling","potentialAction":[{"@type":"SearchAction","target":{"@type":"EntryPoint","urlTemplate":"https:\/\/www.welovecycling.com\/hu\/?s={search_term_string}"},"query-input":{"@type":"PropertyValueSpecification","valueRequired":true,"valueName":"search_term_string"}}],"inLanguage":"hu"},{"@type":"Person","@id":"https:\/\/www.welovecycling.com\/hu\/#\/schema\/person\/414a2aebf1801691a5320edb6468e194","name":"hegyizs","image":{"@type":"ImageObject","inLanguage":"hu","@id":"https:\/\/www.welovecycling.com\/hu\/#\/schema\/person\/image\/","url":"https:\/\/secure.gravatar.com\/avatar\/02cf8a7906b8cf90cecb4679defac7cfd33a1c2e3b88e4903d947f3bb58eedd3?s=96&d=mm&r=g","contentUrl":"https:\/\/secure.gravatar.com\/avatar\/02cf8a7906b8cf90cecb4679defac7cfd33a1c2e3b88e4903d947f3bb58eedd3?s=96&d=mm&r=g","caption":"hegyizs"},"url":"https:\/\/www.welovecycling.com\/hu\/author\/hegyizs\/"}]}},"_links":{"self":[{"href":"https:\/\/www.welovecycling.com\/hu\/wp-json\/wp\/v2\/posts\/19104","targetHints":{"allow":["GET"]}}],"collection":[{"href":"https:\/\/www.welovecycling.com\/hu\/wp-json\/wp\/v2\/posts"}],"about":[{"href":"https:\/\/www.welovecycling.com\/hu\/wp-json\/wp\/v2\/types\/post"}],"author":[{"embeddable":true,"href":"https:\/\/www.welovecycling.com\/hu\/wp-json\/wp\/v2\/users\/71"}],"replies":[{"embeddable":true,"href":"https:\/\/www.welovecycling.com\/hu\/wp-json\/wp\/v2\/comments?post=19104"}],"version-history":[{"count":1,"href":"https:\/\/www.welovecycling.com\/hu\/wp-json\/wp\/v2\/posts\/19104\/revisions"}],"predecessor-version":[{"id":19109,"href":"https:\/\/www.welovecycling.com\/hu\/wp-json\/wp\/v2\/posts\/19104\/revisions\/19109"}],"wp:featuredmedia":[{"embeddable":true,"href":"https:\/\/www.welovecycling.com\/hu\/wp-json\/wp\/v2\/media\/19106"}],"wp:attachment":[{"href":"https:\/\/www.welovecycling.com\/hu\/wp-json\/wp\/v2\/media?parent=19104"}],"wp:term":[{"taxonomy":"category","embeddable":true,"href":"https:\/\/www.welovecycling.com\/hu\/wp-json\/wp\/v2\/categories?post=19104"},{"taxonomy":"post_tag","embeddable":true,"href":"https:\/\/www.welovecycling.com\/hu\/wp-json\/wp\/v2\/tags?post=19104"},{"taxonomy":"global-categories","embeddable":true,"href":"https:\/\/www.welovecycling.com\/hu\/wp-json\/wp\/v2\/global-categories?post=19104"}],"curies":[{"name":"wp","href":"https:\/\/api.w.org\/{rel}","templated":true}]}}