{"id":19066,"date":"2025-06-26T08:00:52","date_gmt":"2025-06-26T06:00:52","guid":{"rendered":"https:\/\/www.welovecycling.com\/hu\/?p=19066"},"modified":"2025-06-18T15:10:33","modified_gmt":"2025-06-18T13:10:33","slug":"a-hatszel-paradoxon-einstein-elfeledett-elmelete","status":"publish","type":"post","link":"https:\/\/www.welovecycling.com\/hu\/kozosseg-es-kultura\/a-hatszel-paradoxon-einstein-elfeledett-elmelete\/","title":{"rendered":"A h\u00e1tsz\u00e9l-paradoxon: Einstein elfeledett elm\u00e9lete"},"content":{"rendered":"<p><b>Miel\u0151tt m\u00e9g az id\u0151vel \u00e9s a t\u00e9rrel kezdett volna j\u00e1tszani, Albert Einstein ker\u00e9kp\u00e1rozott. Igen, <\/b><b><i>az <\/i><\/b><b>az Einstein. A legenda szerint m\u00e9g a relativit\u00e1selm\u00e9let is egy bringa\u00fat k\u00f6zben jutott esz\u00e9be \u2013 val\u00f3sz\u00edn\u0171leg mik\u00f6zben \u00e9pp szembesz\u00e9lben kaptatott felfel\u00e9. Amit viszont nem \u00edrnak a tank\u00f6nyvek: Einstein dolgozott egy kev\u00e9sb\u00e9 ismert, sajnos soha meg nem jelent t\u00e9telen is \u2013 a h\u00e1tsz\u00e9l-paradoxonon.<\/b><\/p>\n<p><!--more--><\/p>\n<p><span style=\"font-weight: 400;\">Ez az elm\u00e9let \u2013 ellent\u00e9tben m\u00e1s munk\u00e1ival \u2013 v\u00e9g\u00fcl kit\u00e9pett jegyzetlapk\u00e9nt v\u00e9gezte, amivel Einstein izzads\u00e1got t\u00f6r\u00f6lt a homlok\u00e1r\u00f3l egy elhagyatott n\u00e9met \u00faton, egy biciklit\u00far\u00e1n, ami nyomokban sem tartalmazott h\u00e1tszelet.<\/span><\/p>\n<h2><b>Az alapfeltev\u00e9s<\/b><\/h2>\n<p><b>B\u00e1rmelyik ir\u00e1nyba is tekersz, mindig szembesz\u00e9l f\u00faj.<\/b><\/p>\n<p><span style=\"font-weight: 400;\">A tudom\u00e1ny persze azt mondan\u00e1, ez lehetetlen. A sz\u00e9lir\u00e1nyt id\u0151j\u00e1r\u00e1si rendszerek, nyom\u00e1sk\u00fcl\u00f6nbs\u00e9gek \u00e9s m\u00e1s bonyolultan hangz\u00f3 dolgok hat\u00e1rozz\u00e1k meg. De ha valaha is \u00fclt\u00e9l bring\u00e1n, tudod, hogy itt a logika mit sem \u00e9r.<\/span><\/p>\n<p><span style=\"font-weight: 400;\">Vizsg\u00e1ljuk meg a bizony\u00edt\u00e9kokat!<\/span><\/p>\n<h2><b>A-t\u00e9tel: az oda-vissza t\u00fara<\/b><\/h2>\n<p><span style=\"font-weight: 400;\">Elindulsz \u00e9szak fel\u00e9. Er\u0151s szembesz\u00e9l. Azt gondolod, hogy \u201esebaj, most szenvedek, de visszafel\u00e9 majd sz\u00e1guldok, mint egy rak\u00e9ta!\u201d<\/span><\/p>\n<p><span style=\"font-weight: 400;\">Azt\u00e1n visszakanyarodsz d\u00e9l fel\u00e9. \u00c9s a sz\u00e9l\u2026 veled fordul. Most d\u00e9lr\u0151l f\u00faj. Megn\u00e9zed a f\u00e1kat \u2013 \u0151k is ezt mutatj\u00e1k. A sz\u00e9l el\u00e1rult t\u00e9ged.<\/span><\/p>\n<p><span style=\"font-weight: 400;\">A kor\u00e1bbi magabiztos Strava-bejegyz\u00e9sed \u2013 <\/span><i><span style=\"font-weight: 400;\">\u201eMost szenved\u00e9s, k\u00e9s\u0151bb rep\u00fcl\u00e9s \ud83d\udca8\u201d<\/span><\/i><span style=\"font-weight: 400;\"> \u2013 most egy szomor\u00fa haikunak t\u0171nik.<\/span><\/p>\n<figure id=\"attachment_3176\" aria-describedby=\"caption-attachment-3176\" style=\"width: 1250px\" class=\"wp-caption alignnone\"><a href=\"https:\/\/d2p6e6u75xmxt8.cloudfront.net\/12\/2019\/04\/wind-beach-cycling-profimedia-0143627578.jpg\"><img loading=\"lazy\" decoding=\"async\" class=\"wp-image-3176 size-full\" src=\"https:\/\/d2p6e6u75xmxt8.cloudfront.net\/12\/2019\/04\/wind-beach-cycling-profimedia-0143627578.jpg\" alt=\"Cycling in wind\" width=\"1250\" height=\"833\" srcset=\"https:\/\/d2p6e6u75xmxt8.cloudfront.net\/12\/2019\/04\/wind-beach-cycling-profimedia-0143627578.jpg 1250w, https:\/\/d2p6e6u75xmxt8.cloudfront.net\/12\/2019\/04\/wind-beach-cycling-profimedia-0143627578-300x200.jpg 300w, https:\/\/d2p6e6u75xmxt8.cloudfront.net\/12\/2019\/04\/wind-beach-cycling-profimedia-0143627578-768x512.jpg 768w, https:\/\/d2p6e6u75xmxt8.cloudfront.net\/12\/2019\/04\/wind-beach-cycling-profimedia-0143627578-1024x682.jpg 1024w, https:\/\/d2p6e6u75xmxt8.cloudfront.net\/12\/2019\/04\/wind-beach-cycling-profimedia-0143627578-272x182.jpg 272w\" sizes=\"auto, (max-width: 1250px) 100vw, 1250px\" \/><\/a><figcaption id=\"caption-attachment-3176\" class=\"wp-caption-text\">Mindegy, merre tekersz, a sz\u00e9l mindig szembe f\u00faj. \u00a9 Profimedia, Alamy<\/figcaption><\/figure>\n<h2><b>B-t\u00e9tel: a csoportos teker\u00e9s anom\u00e1li\u00e1ja<\/b><\/h2>\n<p><span style=\"font-weight: 400;\">Egyed\u00fcl? Ork\u00e1n erej\u0171 sz\u00e9l csap az arcodba.<\/span><\/p>\n<p><span style=\"font-weight: 400;\">Csoportban? Rejt\u00e9lyes m\u00f3don te vagy el\u00f6l v\u00e9gig, te t\u00f6r\u00f6d a szelet mindenki m\u00e1snak. Amint lefordulsz a sor v\u00e9g\u00e9re, a temp\u00f3 hirtelen lelassul. Pr\u00f3b\u00e1lsz sz\u00e9l\u00e1rny\u00e9kban maradni? Ugyan! A sz\u00e9l \u00e1tk\u00edgy\u00f3zik a t\u00e1rsaid k\u00f6z\u00f6tt, hogy r\u00e1d tal\u00e1ljon.<\/span><\/p>\n<p><span style=\"font-weight: 400;\">Mintha szem\u00e9lyes k\u00fcldet\u00e9se lenne, hogy megkeser\u00edtse az \u00e9leted.<\/span><\/p>\n<h2><b>C-t\u00e9tel: a g\u00f6rg\u0151 ill\u00fazi\u00f3ja<\/b><\/h2>\n<p><span style=\"font-weight: 400;\">Bemenek\u00fclsz. Bent nincs sz\u00e9l, ugye?<\/span><\/p>\n<p><span style=\"font-weight: 400;\">Dehogy nincs.<\/span><\/p>\n<p><span style=\"font-weight: 400;\">A ventil\u00e1tor, amit te magad \u00e1ll\u00edtott\u00e1l be, hirtelen \u00fagy f\u00faj, mintha a pokolb\u00f3l \u00e9rkezett volna. \u00c1tteszed m\u00e1shov\u00e1? Mindenhonnan megtal\u00e1l. Einstein \u00fagy v\u00e9lte, hogy a sz\u00e9l \u2013 ak\u00e1rcsak az id\u0151 \u2013 relat\u00edv. Relat\u00edv, hogy mennyire j\u00e1rul hozz\u00e1 a szenved\u00e9sedhez. De hozz\u00e1j\u00e1rul.<\/span><\/p>\n<h2><b>Van r\u00e1 tudom\u00e1nyos magyar\u00e1zat? Nem sz\u00e1m\u00edt.<\/b><\/h2>\n<p><span style=\"font-weight: 400;\">Ez nem fizika. Ez <\/span><b>ker\u00e9kp\u00e1ros metafizika<\/b><span style=\"font-weight: 400;\">. A h\u00e1tsz\u00e9l-paradoxon egy kvantum-szer\u0171, gonosz logik\u00e1val m\u0171k\u00f6d\u0151 jelens\u00e9g, amely minden bring\u00e1st arra k\u00e9sztet, hogy filoz\u00f3fiai m\u00e9lys\u00e9gekbe (vagy k\u00e1romkod\u00e1sokba) s\u00fcllyedjen.<\/span><\/p>\n<h2><b>Lehets\u00e9ges megold\u00e1sok (egyik sem m\u0171k\u00f6dik)<\/b><\/h2>\n<ul>\n<li><span style=\"font-weight: 400;\">Csak velodromban bring\u00e1zz \u2013 nincs sz\u00e9l, de van egzisztenci\u00e1lis kr\u00edzis.<\/span><\/li>\n<li><span style=\"font-weight: 400;\">Szerezz be egy sz\u00e9lzs\u00e1kot \u2013 teljesen haszontalan, de szak\u00e9rt\u0151nek l\u00e1tszol t\u0151le.<\/span><\/li>\n<li><span style=\"font-weight: 400;\">Menj gyorsabban, mint a sz\u00e9l \u2013 m\u00e1s n\u00e9ven: legy\u00e9l profi ker\u00e9kp\u00e1ros.<\/span><\/li>\n<li><span style=\"font-weight: 400;\">Panaszkodj hangosabban \u2013 nem hat\u00e9kony, de rendk\u00edv\u00fcl felszabad\u00edt\u00f3.<\/span><\/li>\n<\/ul>\n<h2><b>Ez egy szem\u00e9lyes \u00fcgy<\/b><\/h2>\n<p><span style=\"font-weight: 400;\">Einstein kimondta, hogy az id\u0151 relat\u00edv. De ha t\u00f6bb id\u0151t t\u00f6lt\u00f6tt volna k\u00e9t ker\u00e9ken, r\u00e1j\u00f6tt volna: <\/span><b>a sz\u00e9lj\u00e1r\u00e1s pedig szem\u00e9lyes<\/b><span style=\"font-weight: 400;\">. \u00c9s <\/span><b>nem szeret t\u00e9ged<\/b><span style=\"font-weight: 400;\">.<\/span><\/p>\n<p><span style=\"font-weight: 400;\">Sz\u00f3val legk\u00f6zelebb, amikor nyeregbe pattansz, \u00e9s a szell\u0151 azt suttogja: <\/span><i><span style=\"font-weight: 400;\">\u201cma nem lesz j\u00f3 napod\u201d<\/span><\/i><span style=\"font-weight: 400;\">, ne feledd \u2013 <\/span><b>nem vagy egyed\u00fcl<\/b><span style=\"font-weight: 400;\">. Te vagy az \u00e9l\u0151 bizony\u00edt\u00e9k, hogy a h\u00e1tsz\u00e9l-paradoxon \u2013 egy kegyetlen, kozmikus tr\u00e9fa, amire m\u00e9g a tudom\u00e1ny sem tud magyar\u00e1zatot adni -, igenis l\u00e9tezik.<\/span><\/p>\n","protected":false},"excerpt":{"rendered":"<p>Miel\u0151tt m\u00e9g az id\u0151vel \u00e9s a t\u00e9rrel kezdett volna j\u00e1tszani, Albert Einstein ker\u00e9kp\u00e1rozott. Igen, az az Einstein. A legenda szerint [&hellip;]<\/p>\n","protected":false},"author":71,"featured_media":19068,"comment_status":"open","ping_status":"open","sticky":false,"template":"","format":"standard","meta":{"footnotes":""},"categories":[12],"tags":[],"global-categories":[],"class_list":["post-19066","post","type-post","status-publish","format-standard","has-post-thumbnail","hentry","category-kozosseg-es-kultura"],"yoast_head":"<!-- This site is optimized with the Yoast SEO Premium plugin v25.3 (Yoast SEO v25.9) - https:\/\/yoast.com\/wordpress\/plugins\/seo\/ -->\n<title>A h\u00e1tsz\u00e9l-paradoxon: Einstein elfeledett elm\u00e9lete<\/title>\n<meta name=\"description\" content=\"Miel\u0151tt m\u00e9g az id\u0151vel \u00e9s a t\u00e9rrel kezdett volna j\u00e1tszani, Albert Einstein ker\u00e9kp\u00e1rozott. Igen, az az Einstein. A legenda szerint m\u00e9g a relativit\u00e1selm\u00e9let is egy bringa\u00fat k\u00f6zben jutott esz\u00e9be \u2013 val\u00f3sz\u00edn\u0171leg mik\u00f6zben \u00e9pp szembesz\u00e9lben kaptatott felfel\u00e9. Amit viszont nem \u00edrnak a tank\u00f6nyvek: Einstein dolgozott egy kev\u00e9sb\u00e9 ismert, sajnos soha meg nem jelent t\u00e9telen is \u2013 a h\u00e1tsz\u00e9l-paradoxonon.\" \/>\n<meta name=\"robots\" content=\"index, follow, max-snippet:-1, max-image-preview:large, max-video-preview:-1\" \/>\n<link rel=\"canonical\" href=\"https:\/\/www.welovecycling.com\/hu\/kozosseg-es-kultura\/a-hatszel-paradoxon-einstein-elfeledett-elmelete\/\" \/>\n<meta property=\"og:locale\" content=\"hu_HU\" \/>\n<meta property=\"og:type\" content=\"article\" \/>\n<meta property=\"og:title\" content=\"A h\u00e1tsz\u00e9l-paradoxon: Einstein elfeledett elm\u00e9lete\" \/>\n<meta property=\"og:description\" content=\"Miel\u0151tt m\u00e9g az id\u0151vel \u00e9s a t\u00e9rrel kezdett volna j\u00e1tszani, Albert Einstein ker\u00e9kp\u00e1rozott. Igen, az az Einstein. A legenda szerint m\u00e9g a relativit\u00e1selm\u00e9let is egy bringa\u00fat k\u00f6zben jutott esz\u00e9be \u2013 val\u00f3sz\u00edn\u0171leg mik\u00f6zben \u00e9pp szembesz\u00e9lben kaptatott felfel\u00e9. Amit viszont nem \u00edrnak a tank\u00f6nyvek: Einstein dolgozott egy kev\u00e9sb\u00e9 ismert, sajnos soha meg nem jelent t\u00e9telen is \u2013 a h\u00e1tsz\u00e9l-paradoxonon.\" \/>\n<meta property=\"og:url\" content=\"https:\/\/www.welovecycling.com\/hu\/kozosseg-es-kultura\/a-hatszel-paradoxon-einstein-elfeledett-elmelete\/\" \/>\n<meta property=\"og:site_name\" content=\"\u0160koda We Love Cycling - Magyarorsz\u00e1g\" \/>\n<meta property=\"article:publisher\" content=\"https:\/\/www.facebook.com\/WeLoveCyclingHungary\/\" \/>\n<meta property=\"article:published_time\" content=\"2025-06-26T06:00:52+00:00\" \/>\n<meta property=\"og:image\" content=\"https:\/\/d2p6e6u75xmxt8.cloudfront.net\/12\/2025\/06\/Cyclists-Couple-in-Wind-profimedia-0998847186-CVR.webp\" \/>\n\t<meta property=\"og:image:width\" content=\"990\" \/>\n\t<meta property=\"og:image:height\" content=\"660\" \/>\n\t<meta property=\"og:image:type\" content=\"image\/webp\" \/>\n<meta name=\"author\" content=\"hegyizs\" \/>\n<meta name=\"twitter:card\" content=\"summary_large_image\" \/>\n<meta name=\"twitter:label1\" content=\"Written by\" \/>\n\t<meta name=\"twitter:data1\" content=\"Monica Buck\" \/>\n\t<meta name=\"twitter:label2\" content=\"Est. reading time\" \/>\n\t<meta name=\"twitter:data2\" content=\"3\" \/>\n<script type=\"application\/ld+json\" class=\"yoast-schema-graph\">{\"@context\":\"https:\/\/schema.org\",\"@graph\":[{\"@type\":\"WebPage\",\"@id\":\"https:\/\/www.welovecycling.com\/hu\/kozosseg-es-kultura\/a-hatszel-paradoxon-einstein-elfeledett-elmelete\/\",\"url\":\"https:\/\/www.welovecycling.com\/hu\/kozosseg-es-kultura\/a-hatszel-paradoxon-einstein-elfeledett-elmelete\/\",\"name\":\"A h\u00e1tsz\u00e9l-paradoxon: Einstein elfeledett elm\u00e9lete\",\"isPartOf\":{\"@id\":\"https:\/\/www.welovecycling.com\/hu\/#website\"},\"primaryImageOfPage\":{\"@id\":\"https:\/\/www.welovecycling.com\/hu\/kozosseg-es-kultura\/a-hatszel-paradoxon-einstein-elfeledett-elmelete\/#primaryimage\"},\"image\":{\"@id\":\"https:\/\/www.welovecycling.com\/hu\/kozosseg-es-kultura\/a-hatszel-paradoxon-einstein-elfeledett-elmelete\/#primaryimage\"},\"thumbnailUrl\":\"https:\/\/d2p6e6u75xmxt8.cloudfront.net\/12\/2025\/06\/Cyclists-Couple-in-Wind-profimedia-0998847186-CVR.webp\",\"datePublished\":\"2025-06-26T06:00:52+00:00\",\"author\":{\"@id\":\"https:\/\/www.welovecycling.com\/hu\/#\/schema\/person\/414a2aebf1801691a5320edb6468e194\"},\"description\":\"Miel\u0151tt m\u00e9g az id\u0151vel \u00e9s a t\u00e9rrel kezdett volna j\u00e1tszani, Albert Einstein ker\u00e9kp\u00e1rozott. Igen, az az Einstein. A legenda szerint m\u00e9g a relativit\u00e1selm\u00e9let is egy bringa\u00fat k\u00f6zben jutott esz\u00e9be \u2013 val\u00f3sz\u00edn\u0171leg mik\u00f6zben \u00e9pp szembesz\u00e9lben kaptatott felfel\u00e9. Amit viszont nem \u00edrnak a tank\u00f6nyvek: Einstein dolgozott egy kev\u00e9sb\u00e9 ismert, sajnos soha meg nem jelent t\u00e9telen is \u2013 a h\u00e1tsz\u00e9l-paradoxonon.\",\"breadcrumb\":{\"@id\":\"https:\/\/www.welovecycling.com\/hu\/kozosseg-es-kultura\/a-hatszel-paradoxon-einstein-elfeledett-elmelete\/#breadcrumb\"},\"inLanguage\":\"hu\",\"potentialAction\":[{\"@type\":\"ReadAction\",\"target\":[\"https:\/\/www.welovecycling.com\/hu\/kozosseg-es-kultura\/a-hatszel-paradoxon-einstein-elfeledett-elmelete\/\"]}]},{\"@type\":\"ImageObject\",\"inLanguage\":\"hu\",\"@id\":\"https:\/\/www.welovecycling.com\/hu\/kozosseg-es-kultura\/a-hatszel-paradoxon-einstein-elfeledett-elmelete\/#primaryimage\",\"url\":\"https:\/\/d2p6e6u75xmxt8.cloudfront.net\/12\/2025\/06\/Cyclists-Couple-in-Wind-profimedia-0998847186-CVR.webp\",\"contentUrl\":\"https:\/\/d2p6e6u75xmxt8.cloudfront.net\/12\/2025\/06\/Cyclists-Couple-in-Wind-profimedia-0998847186-CVR.webp\",\"width\":990,\"height\":660,\"caption\":\"Cyclists in wind\"},{\"@type\":\"BreadcrumbList\",\"@id\":\"https:\/\/www.welovecycling.com\/hu\/kozosseg-es-kultura\/a-hatszel-paradoxon-einstein-elfeledett-elmelete\/#breadcrumb\",\"itemListElement\":[{\"@type\":\"ListItem\",\"position\":1,\"name\":\"Home\",\"item\":\"https:\/\/www.welovecycling.com\/hu\/\"},{\"@type\":\"ListItem\",\"position\":2,\"name\":\"A h\u00e1tsz\u00e9l-paradoxon: Einstein elfeledett elm\u00e9lete\"}]},{\"@type\":\"WebSite\",\"@id\":\"https:\/\/www.welovecycling.com\/hu\/#website\",\"url\":\"https:\/\/www.welovecycling.com\/hu\/\",\"name\":\"\u0160koda We Love Cycling - Magyarorsz\u00e1g\",\"description\":\"\u0160koda WeLoveCycling\",\"potentialAction\":[{\"@type\":\"SearchAction\",\"target\":{\"@type\":\"EntryPoint\",\"urlTemplate\":\"https:\/\/www.welovecycling.com\/hu\/?s={search_term_string}\"},\"query-input\":{\"@type\":\"PropertyValueSpecification\",\"valueRequired\":true,\"valueName\":\"search_term_string\"}}],\"inLanguage\":\"hu\"},{\"@type\":\"Person\",\"@id\":\"https:\/\/www.welovecycling.com\/hu\/#\/schema\/person\/414a2aebf1801691a5320edb6468e194\",\"name\":\"hegyizs\",\"image\":{\"@type\":\"ImageObject\",\"inLanguage\":\"hu\",\"@id\":\"https:\/\/www.welovecycling.com\/hu\/#\/schema\/person\/image\/\",\"url\":\"https:\/\/secure.gravatar.com\/avatar\/02cf8a7906b8cf90cecb4679defac7cfd33a1c2e3b88e4903d947f3bb58eedd3?s=96&d=mm&r=g\",\"contentUrl\":\"https:\/\/secure.gravatar.com\/avatar\/02cf8a7906b8cf90cecb4679defac7cfd33a1c2e3b88e4903d947f3bb58eedd3?s=96&d=mm&r=g\",\"caption\":\"hegyizs\"},\"url\":\"https:\/\/www.welovecycling.com\/hu\/author\/hegyizs\/\"}]}<\/script>\n<!-- \/ Yoast SEO Premium plugin. -->","yoast_head_json":{"title":"A h\u00e1tsz\u00e9l-paradoxon: Einstein elfeledett elm\u00e9lete","description":"Miel\u0151tt m\u00e9g az id\u0151vel \u00e9s a t\u00e9rrel kezdett volna j\u00e1tszani, Albert Einstein ker\u00e9kp\u00e1rozott. Igen, az az Einstein. A legenda szerint m\u00e9g a relativit\u00e1selm\u00e9let is egy bringa\u00fat k\u00f6zben jutott esz\u00e9be \u2013 val\u00f3sz\u00edn\u0171leg mik\u00f6zben \u00e9pp szembesz\u00e9lben kaptatott felfel\u00e9. Amit viszont nem \u00edrnak a tank\u00f6nyvek: Einstein dolgozott egy kev\u00e9sb\u00e9 ismert, sajnos soha meg nem jelent t\u00e9telen is \u2013 a h\u00e1tsz\u00e9l-paradoxonon.","robots":{"index":"index","follow":"follow","max-snippet":"max-snippet:-1","max-image-preview":"max-image-preview:large","max-video-preview":"max-video-preview:-1"},"canonical":"https:\/\/www.welovecycling.com\/hu\/kozosseg-es-kultura\/a-hatszel-paradoxon-einstein-elfeledett-elmelete\/","og_locale":"hu_HU","og_type":"article","og_title":"A h\u00e1tsz\u00e9l-paradoxon: Einstein elfeledett elm\u00e9lete","og_description":"Miel\u0151tt m\u00e9g az id\u0151vel \u00e9s a t\u00e9rrel kezdett volna j\u00e1tszani, Albert Einstein ker\u00e9kp\u00e1rozott. Igen, az az Einstein. A legenda szerint m\u00e9g a relativit\u00e1selm\u00e9let is egy bringa\u00fat k\u00f6zben jutott esz\u00e9be \u2013 val\u00f3sz\u00edn\u0171leg mik\u00f6zben \u00e9pp szembesz\u00e9lben kaptatott felfel\u00e9. Amit viszont nem \u00edrnak a tank\u00f6nyvek: Einstein dolgozott egy kev\u00e9sb\u00e9 ismert, sajnos soha meg nem jelent t\u00e9telen is \u2013 a h\u00e1tsz\u00e9l-paradoxonon.","og_url":"https:\/\/www.welovecycling.com\/hu\/kozosseg-es-kultura\/a-hatszel-paradoxon-einstein-elfeledett-elmelete\/","og_site_name":"\u0160koda We Love Cycling - Magyarorsz\u00e1g","article_publisher":"https:\/\/www.facebook.com\/WeLoveCyclingHungary\/","article_published_time":"2025-06-26T06:00:52+00:00","og_image":[{"width":990,"height":660,"url":"https:\/\/d2p6e6u75xmxt8.cloudfront.net\/12\/2025\/06\/Cyclists-Couple-in-Wind-profimedia-0998847186-CVR.webp","type":"image\/webp"}],"author":"hegyizs","twitter_card":"summary_large_image","twitter_misc":{"Written by":"Monica Buck","Est. reading time":"3"},"schema":{"@context":"https:\/\/schema.org","@graph":[{"@type":"WebPage","@id":"https:\/\/www.welovecycling.com\/hu\/kozosseg-es-kultura\/a-hatszel-paradoxon-einstein-elfeledett-elmelete\/","url":"https:\/\/www.welovecycling.com\/hu\/kozosseg-es-kultura\/a-hatszel-paradoxon-einstein-elfeledett-elmelete\/","name":"A h\u00e1tsz\u00e9l-paradoxon: Einstein elfeledett elm\u00e9lete","isPartOf":{"@id":"https:\/\/www.welovecycling.com\/hu\/#website"},"primaryImageOfPage":{"@id":"https:\/\/www.welovecycling.com\/hu\/kozosseg-es-kultura\/a-hatszel-paradoxon-einstein-elfeledett-elmelete\/#primaryimage"},"image":{"@id":"https:\/\/www.welovecycling.com\/hu\/kozosseg-es-kultura\/a-hatszel-paradoxon-einstein-elfeledett-elmelete\/#primaryimage"},"thumbnailUrl":"https:\/\/d2p6e6u75xmxt8.cloudfront.net\/12\/2025\/06\/Cyclists-Couple-in-Wind-profimedia-0998847186-CVR.webp","datePublished":"2025-06-26T06:00:52+00:00","author":{"@id":"https:\/\/www.welovecycling.com\/hu\/#\/schema\/person\/414a2aebf1801691a5320edb6468e194"},"description":"Miel\u0151tt m\u00e9g az id\u0151vel \u00e9s a t\u00e9rrel kezdett volna j\u00e1tszani, Albert Einstein ker\u00e9kp\u00e1rozott. Igen, az az Einstein. A legenda szerint m\u00e9g a relativit\u00e1selm\u00e9let is egy bringa\u00fat k\u00f6zben jutott esz\u00e9be \u2013 val\u00f3sz\u00edn\u0171leg mik\u00f6zben \u00e9pp szembesz\u00e9lben kaptatott felfel\u00e9. Amit viszont nem \u00edrnak a tank\u00f6nyvek: Einstein dolgozott egy kev\u00e9sb\u00e9 ismert, sajnos soha meg nem jelent t\u00e9telen is \u2013 a h\u00e1tsz\u00e9l-paradoxonon.","breadcrumb":{"@id":"https:\/\/www.welovecycling.com\/hu\/kozosseg-es-kultura\/a-hatszel-paradoxon-einstein-elfeledett-elmelete\/#breadcrumb"},"inLanguage":"hu","potentialAction":[{"@type":"ReadAction","target":["https:\/\/www.welovecycling.com\/hu\/kozosseg-es-kultura\/a-hatszel-paradoxon-einstein-elfeledett-elmelete\/"]}]},{"@type":"ImageObject","inLanguage":"hu","@id":"https:\/\/www.welovecycling.com\/hu\/kozosseg-es-kultura\/a-hatszel-paradoxon-einstein-elfeledett-elmelete\/#primaryimage","url":"https:\/\/d2p6e6u75xmxt8.cloudfront.net\/12\/2025\/06\/Cyclists-Couple-in-Wind-profimedia-0998847186-CVR.webp","contentUrl":"https:\/\/d2p6e6u75xmxt8.cloudfront.net\/12\/2025\/06\/Cyclists-Couple-in-Wind-profimedia-0998847186-CVR.webp","width":990,"height":660,"caption":"Cyclists in wind"},{"@type":"BreadcrumbList","@id":"https:\/\/www.welovecycling.com\/hu\/kozosseg-es-kultura\/a-hatszel-paradoxon-einstein-elfeledett-elmelete\/#breadcrumb","itemListElement":[{"@type":"ListItem","position":1,"name":"Home","item":"https:\/\/www.welovecycling.com\/hu\/"},{"@type":"ListItem","position":2,"name":"A h\u00e1tsz\u00e9l-paradoxon: Einstein elfeledett elm\u00e9lete"}]},{"@type":"WebSite","@id":"https:\/\/www.welovecycling.com\/hu\/#website","url":"https:\/\/www.welovecycling.com\/hu\/","name":"\u0160koda We Love Cycling - Magyarorsz\u00e1g","description":"\u0160koda WeLoveCycling","potentialAction":[{"@type":"SearchAction","target":{"@type":"EntryPoint","urlTemplate":"https:\/\/www.welovecycling.com\/hu\/?s={search_term_string}"},"query-input":{"@type":"PropertyValueSpecification","valueRequired":true,"valueName":"search_term_string"}}],"inLanguage":"hu"},{"@type":"Person","@id":"https:\/\/www.welovecycling.com\/hu\/#\/schema\/person\/414a2aebf1801691a5320edb6468e194","name":"hegyizs","image":{"@type":"ImageObject","inLanguage":"hu","@id":"https:\/\/www.welovecycling.com\/hu\/#\/schema\/person\/image\/","url":"https:\/\/secure.gravatar.com\/avatar\/02cf8a7906b8cf90cecb4679defac7cfd33a1c2e3b88e4903d947f3bb58eedd3?s=96&d=mm&r=g","contentUrl":"https:\/\/secure.gravatar.com\/avatar\/02cf8a7906b8cf90cecb4679defac7cfd33a1c2e3b88e4903d947f3bb58eedd3?s=96&d=mm&r=g","caption":"hegyizs"},"url":"https:\/\/www.welovecycling.com\/hu\/author\/hegyizs\/"}]}},"_links":{"self":[{"href":"https:\/\/www.welovecycling.com\/hu\/wp-json\/wp\/v2\/posts\/19066","targetHints":{"allow":["GET"]}}],"collection":[{"href":"https:\/\/www.welovecycling.com\/hu\/wp-json\/wp\/v2\/posts"}],"about":[{"href":"https:\/\/www.welovecycling.com\/hu\/wp-json\/wp\/v2\/types\/post"}],"author":[{"embeddable":true,"href":"https:\/\/www.welovecycling.com\/hu\/wp-json\/wp\/v2\/users\/71"}],"replies":[{"embeddable":true,"href":"https:\/\/www.welovecycling.com\/hu\/wp-json\/wp\/v2\/comments?post=19066"}],"version-history":[{"count":4,"href":"https:\/\/www.welovecycling.com\/hu\/wp-json\/wp\/v2\/posts\/19066\/revisions"}],"predecessor-version":[{"id":19071,"href":"https:\/\/www.welovecycling.com\/hu\/wp-json\/wp\/v2\/posts\/19066\/revisions\/19071"}],"wp:featuredmedia":[{"embeddable":true,"href":"https:\/\/www.welovecycling.com\/hu\/wp-json\/wp\/v2\/media\/19068"}],"wp:attachment":[{"href":"https:\/\/www.welovecycling.com\/hu\/wp-json\/wp\/v2\/media?parent=19066"}],"wp:term":[{"taxonomy":"category","embeddable":true,"href":"https:\/\/www.welovecycling.com\/hu\/wp-json\/wp\/v2\/categories?post=19066"},{"taxonomy":"post_tag","embeddable":true,"href":"https:\/\/www.welovecycling.com\/hu\/wp-json\/wp\/v2\/tags?post=19066"},{"taxonomy":"global-categories","embeddable":true,"href":"https:\/\/www.welovecycling.com\/hu\/wp-json\/wp\/v2\/global-categories?post=19066"}],"curies":[{"name":"wp","href":"https:\/\/api.w.org\/{rel}","templated":true}]}}