{"id":19056,"date":"2025-06-16T11:33:49","date_gmt":"2025-06-16T09:33:49","guid":{"rendered":"https:\/\/www.welovecycling.com\/hu\/?p=19056"},"modified":"2025-06-16T11:33:49","modified_gmt":"2025-06-16T09:33:49","slug":"ahogy-anno-valter-attila-magyarorszagot-ugy-tette-fel-most-isaac-del-toro-mexikot-a-bringaterkepre","status":"publish","type":"post","link":"https:\/\/www.welovecycling.com\/hu\/orszaguti-kerekpar\/ahogy-anno-valter-attila-magyarorszagot-ugy-tette-fel-most-isaac-del-toro-mexikot-a-bringaterkepre\/","title":{"rendered":"Ahogy anno Valter Attila Magyarorsz\u00e1got, \u00fagy tette fel most Isaac del Toro Mexik\u00f3t a bringat\u00e9rk\u00e9pre"},"content":{"rendered":"<p><strong>\u00dajabb gy\u00e9m\u00e1ntra lelt az Emirates a Giro d\u2019Itali\u00e1n hajsz\u00e1l h\u00edj\u00e1n csod\u00e1t v\u00e9ghez viv\u0151 fiatal mexik\u00f3i szem\u00e9ly\u00e9ben, akiben m\u00e1r most a k\u00f6vetkez\u0151 Tadej Pogacart l\u00e1tj\u00e1k.<\/strong><\/p>\n<p><!--more--><\/p>\n<p>Az idei Giro d\u2019Itali\u00e1n nagyon kev\u00e9s hi\u00e1nyzott ahhoz, hogy megsz\u00fclessen az elm\u00falt \u00e9vek legnagyobb ker\u00e9kp\u00e1ros szenz\u00e1ci\u00f3ja. Egy darabig \u00fagy t\u0171nt, a Tadej Pogacar n\u00e9lk\u00fcl is bivalyer\u0151s sorral fel\u00e1ll\u00f3 Emiratesb\u0151l Juan Ayuso lehet az, aki a legmagasabb szinten is elkezdi v\u00e9gre bev\u00e1ltani a hozz\u00e1 (eddig t\u00f6bbnyire medd\u0151n) f\u0171z\u00f6tt hatalmas rem\u00e9nyeket, \u00e9s Primoz Roglic\u00e9k f\u0151 kih\u00edv\u00f3j\u00e1v\u00e1 l\u00e9p el\u0151 az \u00f6sszetett versenyben. A spanyol azonban v\u00e9g\u00fcl megint nem tudta \u00e1tl\u00e9pni a saj\u00e1t \u00e1rny\u00e9k\u00e1t \u2013 r\u00e9szben az\u00e9rt, mert \u00e9ppen egy csapatt\u00e1rsa hom\u00e1lyos\u00edtotta el, akivel el\u0151zetesen tal\u00e1n senki sem sz\u00e1molt komolyabban!<\/p>\n<figure id=\"attachment_19061\" aria-describedby=\"caption-attachment-19061\" style=\"width: 1024px\" class=\"wp-caption alignnone\"><img loading=\"lazy\" decoding=\"async\" class=\"wp-image-19061 size-large\" src=\"https:\/\/d2p6e6u75xmxt8.cloudfront.net\/12\/2025\/06\/ayuso-del-toro-imago-Large-1024x682.webp\" alt=\"\" width=\"1024\" height=\"682\" srcset=\"https:\/\/d2p6e6u75xmxt8.cloudfront.net\/12\/2025\/06\/ayuso-del-toro-imago-Large-1024x682.webp 1024w, https:\/\/d2p6e6u75xmxt8.cloudfront.net\/12\/2025\/06\/ayuso-del-toro-imago-Large-300x200.webp 300w, https:\/\/d2p6e6u75xmxt8.cloudfront.net\/12\/2025\/06\/ayuso-del-toro-imago-Large-768x512.webp 768w, https:\/\/d2p6e6u75xmxt8.cloudfront.net\/12\/2025\/06\/ayuso-del-toro-imago-Large-400x267.webp 400w, https:\/\/d2p6e6u75xmxt8.cloudfront.net\/12\/2025\/06\/ayuso-del-toro-imago-Large-272x182.webp 272w, https:\/\/d2p6e6u75xmxt8.cloudfront.net\/12\/2025\/06\/ayuso-del-toro-imago-Large.webp 1280w\" sizes=\"auto, (max-width: 1024px) 100vw, 1024px\" \/><figcaption id=\"caption-attachment-19061\" class=\"wp-caption-text\">Juan Ayuso feh\u00e9rben \u00e9s Isaac del Toro r\u00f3zsasz\u00ednben \u2013 a verseny el\u0151tt ezt mindenki ford\u00edtva gondolta (fot\u00f3: Imago)<\/figcaption><\/figure>\n<p>Elv\u00e9gre Mexik\u00f3 finoman sz\u00f3lva sem tartozik a bringanagyhatalmak k\u00f6z\u00e9, \u00edgy nyilv\u00e1n nem egy alig 21 \u00e9ves, \u00e9lete els\u0151 Gir\u00f3j\u00e1n rajthoz \u00e1ll\u00f3 mexik\u00f3i sr\u00e1ct\u00f3l v\u00e1rta a csod\u00e1t a k\u00f6zv\u00e9lem\u00e9ny. Csakhogy Isaac del Toro j\u00f6tt, l\u00e1tott, fittyet h\u00e1nyt a k\u00f6zv\u00e9lem\u00e9nyre \u00e9s hajsz\u00e1l h\u00edj\u00e1n megcsin\u00e1lta a csod\u00e1t: a kilencedik etapon a szakaszgy\u0151ztes Wout Van Aerttal egy\u00fctt a c\u00e9lba sprintelve \u00e1tvette a r\u00f3zsasz\u00edn trik\u00f3t, amelyet innent\u0151l eg\u00e9szen az utols\u00f3 \u00e9rdemi napig, a 20. szakaszig meg is \u0151rz\u00f6tt \u00fagy, hogy k\u00f6zben a 17. etapon egy par\u00e1d\u00e9s gy\u0151zelemmel m\u00e9g tov\u00e1bb \u00edrta meseszer\u0171 t\u00f6rt\u00e9net\u00e9t. A sajtot v\u00e9g\u00fcl az utols\u00f3 pillanatban, a csoda kapuj\u00e1ban \u00e9nekelte ki a sz\u00e1j\u00e1b\u00f3l az <a href=\"https:\/\/www.welovecycling.com\/hu\/orszaguti-kerekpar\/mi-tortenik-a-visma-lease-a-bike-nal-alig-ket-honappal-a-tour-de-france-elott\/\">\u00fajra \u00e9letjeleket mutat\u00f3 Visma,<\/a> amely a brut\u00e1lis 20. etapon el\u0151sz\u00f6r tudta igaz\u00e1n megrogyasztani a fiatal mexik\u00f3it; a m\u00e1snapi, r\u00f3mai z\u00e1r\u00f3 g\u00e1laszakaszon \u00edgy v\u00e9g\u00fcl Simon Yates tekerhetett \u00e1t r\u00f3zsasz\u00ednben a c\u00e9lvonalon Del Tor\u00f3t megel\u0151zve.<\/p>\n<figure id=\"attachment_19057\" aria-describedby=\"caption-attachment-19057\" style=\"width: 1024px\" class=\"wp-caption alignnone\"><img loading=\"lazy\" decoding=\"async\" class=\"size-large wp-image-19057\" src=\"https:\/\/d2p6e6u75xmxt8.cloudfront.net\/12\/2025\/06\/toro-yates-reuters-Large-1024x682.webp\" alt=\"\" width=\"1024\" height=\"682\" srcset=\"https:\/\/d2p6e6u75xmxt8.cloudfront.net\/12\/2025\/06\/toro-yates-reuters-Large-1024x682.webp 1024w, https:\/\/d2p6e6u75xmxt8.cloudfront.net\/12\/2025\/06\/toro-yates-reuters-Large-300x200.webp 300w, https:\/\/d2p6e6u75xmxt8.cloudfront.net\/12\/2025\/06\/toro-yates-reuters-Large-768x512.webp 768w, https:\/\/d2p6e6u75xmxt8.cloudfront.net\/12\/2025\/06\/toro-yates-reuters-Large-400x267.webp 400w, https:\/\/d2p6e6u75xmxt8.cloudfront.net\/12\/2025\/06\/toro-yates-reuters-Large-272x182.webp 272w, https:\/\/d2p6e6u75xmxt8.cloudfront.net\/12\/2025\/06\/toro-yates-reuters-Large.webp 1280w\" sizes=\"auto, (max-width: 1024px) 100vw, 1024px\" \/><figcaption id=\"caption-attachment-19057\" class=\"wp-caption-text\">Del Toro \u00edgy sem volt szomor\u00fa Yates mellett, de lehetett volna ez m\u00e9g nagyobb durran\u00e1s is (fot\u00f3: Reuters)<\/figcaption><\/figure>\n<p>A Visma keret\u00e9ben ez\u00fattal nem volt ott a Norv\u00e9g k\u00f6r\u00f6n versenyz\u0151 Valter Attila, \u00e1m az \u00fcst\u00f6k\u00f6sk\u00e9nt berobban\u00f3 mexik\u00f3i tehets\u00e9get n\u00e9zve t\u00f6bb p\u00e1rhuzamot is vonhatunk kettej\u00fck k\u00f6z\u00f6tt. Ahogy n\u00e9gy \u00e9vvel ezel\u0151tt Valter Ati els\u0151 magyark\u00e9nt, \u00fagy most Del Toro els\u0151 mexik\u00f3ik\u00e9nt \u00f6lthette mag\u00e1ra a maglia ros\u00e1t, \u00e9s mindkett\u0151 nagyj\u00e1b\u00f3l egyform\u00e1n nagy szenz\u00e1ci\u00f3nak sz\u00e1m\u00edtott \u2013 h\u00e1t m\u00e9g ha a mexik\u00f3i v\u00e9g\u00fcl meg is nyerte volna a versenyt\u2026 Emellett \u0151r\u00e1 is ugyan\u00fagy az \u201eifi-Touron\u201d, a Tour de l\u2019Aveniren figyeltek fel tavalyel\u0151tt, ahogy anno Valter Attil\u00e1ra is: m\u00edg a magyarnak ez FDJ-s, addig Del Tor\u00f3nak Emirates-szerz\u0151d\u00e9st \u00e9rt.<\/p>\n<figure id=\"attachment_19063\" aria-describedby=\"caption-attachment-19063\" style=\"width: 960px\" class=\"wp-caption alignnone\"><img loading=\"lazy\" decoding=\"async\" class=\"size-full wp-image-19063\" src=\"https:\/\/d2p6e6u75xmxt8.cloudfront.net\/12\/2025\/06\/ati.webp\" alt=\"\" width=\"960\" height=\"640\" srcset=\"https:\/\/d2p6e6u75xmxt8.cloudfront.net\/12\/2025\/06\/ati.webp 960w, https:\/\/d2p6e6u75xmxt8.cloudfront.net\/12\/2025\/06\/ati-300x200.webp 300w, https:\/\/d2p6e6u75xmxt8.cloudfront.net\/12\/2025\/06\/ati-768x512.webp 768w, https:\/\/d2p6e6u75xmxt8.cloudfront.net\/12\/2025\/06\/ati-400x267.webp 400w, https:\/\/d2p6e6u75xmxt8.cloudfront.net\/12\/2025\/06\/ati-272x182.webp 272w\" sizes=\"auto, (max-width: 960px) 100vw, 960px\" \/><figcaption id=\"caption-attachment-19063\" class=\"wp-caption-text\">Valter Attila is a Tour de l\u2019Aveniren h\u00edvta fel mag\u00e1ra a figyelmet egy szakaszgy\u0151zelemmel (forr\u00e1s: bringasport.hu)<\/figcaption><\/figure>\n<p>\u00c9rdekess\u00e9g, hogy ezeken t\u00falmen\u0151en viszont vajmi keveset tudni a fiatal mexik\u00f3i el\u0151\u00e9let\u00e9r\u0151l, ami pedig ritka az internet kor\u00e1ban. Mik\u00e9nt a m\u00e9rt\u00e9kad\u00f3 Roleur magazin is <a href=\"https:\/\/www.rouleur.cc\/blogs\/the-rouleur-journal\/resilience-drive-and-passion-isaac-del-toro-is-cycling-s-next-superstar\">felh\u00edvja r\u00e1 a figyelmet,<\/a> a \u2019Del Toro\u2019 n\u00e9v spanyol t\u00fck\u00f6rford\u00edt\u00e1sban azt jelenti, \u2019a bik\u00e1\u00e9\u2019, \u00e9s az am\u00fagy babaarc\u00fa Emirates-szt\u00e1r pont ennek megfelel\u0151, a bik\u00e1kra jellemz\u0151 \u0151ser\u0151vel \u00e9s agresszivit\u00e1ssal versenyezte v\u00e9gig \u00e9lete els\u0151 Gir\u00f3j\u00e1t \u00e9s m\u00e1sodik Grand Tourj\u00e1t (tavaly a Vuelt\u00e1n m\u00e1r v\u00e9gigment \u201ebemeleg\u00edt\u00e9sk\u00e9nt\u201d). A Roleur egy\u00e9rtelm\u0171en l\u00e1tja benne a j\u00f6v\u0151 szuperszt\u00e1r-potenci\u00e1lj\u00e1t, illetve a jelenlegi egyeduralkod\u00f3 csapatt\u00e1rs, Pogacar korai megfelel\u0151j\u00e9t. \u00c9s ezzel egy\u00e1ltal\u00e1n nincsenek egyed\u00fcl: arra m\u00e1r a Cyclingweekly <a href=\"https:\/\/www.cyclingweekly.com\/news\/who-is-isaac-del-toro-and-where-did-he-come-from\">eml\u00e9keztet<\/a>, hogy a kiv\u00e1l\u00f3 szem\u0171 szakkoment\u00e1tor, Robbie McEwan m\u00e1r Del Toro els\u0151 profi WorldTour-verseny\u00e9n, a 2024-es Tour Down Under m\u00e1sodik szakasz\u00e1n bemutatott t\u00e1mad\u00e1s\u00e1t is \u201ePogacar-szer\u0171k\u00e9nt\u201d jellemezte. Mi t\u00f6bb, Pogacar maga is megsz\u00f3lalt vele kapcsolatban, \u00e9s \u0151 sem fukarkodott a jelz\u0151kkel: a szlov\u00e9n szuperszt\u00e1r kijelentette, <a href=\"https:\/\/www.cyclingweekly.com\/racing\/tadej-pogacar-thought-isaac-del-toro-was-an-amazing-rider-after-just-one-training-camp\">m\u00e1r az els\u0151 k\u00f6z\u00f6s edz\u0151t\u00e1bor ut\u00e1n lehetett l\u00e1tni<\/a> Del Tor\u00f3n, hogy fantasztikus versenyz\u0151, nem mindennapi tehets\u00e9g, aki sokra viheti a k\u00e9s\u0151bbiekben \u2013 enn\u00e9l hitelesebb dics\u00e9ret \u00e9s motiv\u00e1ci\u00f3 aligha kellhet egy sz\u00e1rnyait bontogat\u00f3 fiatalembernek\u2026<\/p>\n<figure id=\"attachment_19058\" aria-describedby=\"caption-attachment-19058\" style=\"width: 1024px\" class=\"wp-caption alignnone\"><img loading=\"lazy\" decoding=\"async\" class=\"size-large wp-image-19058\" src=\"https:\/\/d2p6e6u75xmxt8.cloudfront.net\/12\/2025\/06\/toro-pogi-sirotti-Large-1024x682.webp\" alt=\"\" width=\"1024\" height=\"682\" srcset=\"https:\/\/d2p6e6u75xmxt8.cloudfront.net\/12\/2025\/06\/toro-pogi-sirotti-Large-1024x682.webp 1024w, https:\/\/d2p6e6u75xmxt8.cloudfront.net\/12\/2025\/06\/toro-pogi-sirotti-Large-300x200.webp 300w, https:\/\/d2p6e6u75xmxt8.cloudfront.net\/12\/2025\/06\/toro-pogi-sirotti-Large-768x512.webp 768w, https:\/\/d2p6e6u75xmxt8.cloudfront.net\/12\/2025\/06\/toro-pogi-sirotti-Large-400x267.webp 400w, https:\/\/d2p6e6u75xmxt8.cloudfront.net\/12\/2025\/06\/toro-pogi-sirotti-Large-272x182.webp 272w, https:\/\/d2p6e6u75xmxt8.cloudfront.net\/12\/2025\/06\/toro-pogi-sirotti-Large.webp 1280w\" sizes=\"auto, (max-width: 1024px) 100vw, 1024px\" \/><figcaption id=\"caption-attachment-19058\" class=\"wp-caption-text\">Mellettem az ut\u00f3dom? A j\u00f6v\u0151 \u00e9s a jelen, Del Toro \u00e9s Pogacar az Emirates kincsei (fot\u00f3: Sirotti)<\/figcaption><\/figure>\n<p>Ami tuti, hogy Del Toro ker\u00e9kp\u00e1rfanatikus sz\u00fcl\u0151k gyermekek\u00e9nt l\u00e1tta meg a napvil\u00e1got a mexik\u00f3i kik\u00f6t\u0151v\u00e1rosban, Ensenad\u00e1ban, \u00e9s gyerekkor\u00e1ban \u0151 is sz\u00e1mos szak\u00e1gat \u0171z\u00f6tt p\u00e1rhuzamosan, k\u00f6zt\u00fck a hegyiker\u00e9kp\u00e1rt \u2013 m\u00e9g egy p\u00e1rhuzam Valter Atival. A mexik\u00f3i v\u00e1logatottb\u00f3l 18 \u00e9vesen ker\u00fclt \u00e1t Eur\u00f3p\u00e1ba, egy San Marin\u00f3-i(!) bejegyz\u00e9s\u0171 kontinent\u00e1lis kiscsapatba, a j\u00f3form\u00e1n a mexik\u00f3i versenyz\u0151k eur\u00f3pai keltet\u0151jek\u00e9nt funkcion\u00e1l\u00f3 <a href=\"https:\/\/en.wikipedia.org\/wiki\/A.R._Monex_Pro_Cycling_Team\">A. R. Monex ist\u00e1ll\u00f3hoz.<\/a> Eleinte olyan kisebb versenyeken indult, mint p\u00e9ld\u00e1ul a Sz\u00e9kely K\u00f6rverseny, de 2023-ban azt\u00e1n a l\u2019Aveniren megj\u00f6tt a m\u00e1r eml\u00edtett \u00e1tt\u00f6r\u00e9s \u2013 konkr\u00e9tan az \u00f6sszes kateg\u00f3ri\u00e1t megnyerte! \u2013, \u00e9s onnant\u00f3l meredeken \u00edvel felfel\u00e9 a p\u00e1ly\u00e1ja. Szak\u00e9rt\u0151k szerint az idei Gir\u00f3n t\u00f6bbsz\u00f6r is megmutatta, hogy fiatal kor\u00e1t meghazudtol\u00f3an er\u0151s mind fizik\u00e1lisan, mind fejben, ment\u00e1lisan, ami ritka kombin\u00e1ci\u00f3, a legnagyobbak saj\u00e1tja. Hogy Del Toro befutja-e hosszabb t\u00e1von a neki j\u00f3solt p\u00e1lya\u00edvet, s val\u00f3ban \u0151 lesz-e a k\u00f6vetkez\u0151 Pogacar, az egyel\u0151re a j\u00f6v\u0151 zen\u00e9je, de az biztos, hogy az Emirates \u00fajabb roppant izgalmas csiszolatlan gy\u00e9m\u00e1ntra lelt, akiben minden adottnak l\u00e1tszik ahhoz, hogy id\u0151vel tov\u00e1bbvihesse az arab szt\u00e1rist\u00e1ll\u00f3 dominanci\u00e1j\u00e1t.<\/p>\n<figure id=\"attachment_19059\" aria-describedby=\"caption-attachment-19059\" style=\"width: 1024px\" class=\"wp-caption alignnone\"><img loading=\"lazy\" decoding=\"async\" class=\"size-large wp-image-19059\" src=\"https:\/\/d2p6e6u75xmxt8.cloudfront.net\/12\/2025\/06\/del-toro-Large-1024x708.webp\" alt=\"\" width=\"1024\" height=\"708\" srcset=\"https:\/\/d2p6e6u75xmxt8.cloudfront.net\/12\/2025\/06\/del-toro-Large-1024x708.webp 1024w, https:\/\/d2p6e6u75xmxt8.cloudfront.net\/12\/2025\/06\/del-toro-Large-300x207.webp 300w, https:\/\/d2p6e6u75xmxt8.cloudfront.net\/12\/2025\/06\/del-toro-Large-768x531.webp 768w, https:\/\/d2p6e6u75xmxt8.cloudfront.net\/12\/2025\/06\/del-toro-Large-400x277.webp 400w, https:\/\/d2p6e6u75xmxt8.cloudfront.net\/12\/2025\/06\/del-toro-Large.webp 1280w\" sizes=\"auto, (max-width: 1024px) 100vw, 1024px\" \/><figcaption id=\"caption-attachment-19059\" class=\"wp-caption-text\">A m\u00e1ris Del Toro-v\u00e9djeggy\u00e9 v\u00e1lt meghajol\u00f3s \u00fcnnepl\u00e9s \u2013 valami azt s\u00fagja, fogjuk m\u00e9g ezt l\u00e1tni a j\u00f6v\u0151ben<\/figcaption><\/figure>\n<p>Bor\u00edt\u00f3k\u00e9p: Zach Williams\/swpix.com<\/p>\n","protected":false},"excerpt":{"rendered":"<p>\u00dajabb gy\u00e9m\u00e1ntra lelt az Emirates a Giro d\u2019Itali\u00e1n hajsz\u00e1l h\u00edj\u00e1n csod\u00e1t v\u00e9ghez viv\u0151 fiatal mexik\u00f3i szem\u00e9ly\u00e9ben, akiben m\u00e1r most a [&hellip;]<\/p>\n","protected":false},"author":71,"featured_media":19060,"comment_status":"open","ping_status":"open","sticky":false,"template":"","format":"standard","meta":{"footnotes":""},"categories":[8],"tags":[],"global-categories":[419],"class_list":["post-19056","post","type-post","status-publish","format-standard","has-post-thumbnail","hentry","category-orszaguti-kerekpar","global-categories-cycling"],"yoast_head":"<!-- This site is optimized with the Yoast SEO Premium plugin v25.3 (Yoast SEO v25.9) - https:\/\/yoast.com\/wordpress\/plugins\/seo\/ -->\n<title>Ahogy anno Valter Attila Magyarorsz\u00e1got, \u00fagy tette fel most Isaac del Toro Mexik\u00f3t a bringat\u00e9rk\u00e9pre<\/title>\n<meta name=\"description\" content=\"\u00dajabb gy\u00e9m\u00e1ntra lelt az Emirates a Giro d\u2019Itali\u00e1n hajsz\u00e1l h\u00edj\u00e1n csod\u00e1t v\u00e9ghez viv\u0151 fiatal mexik\u00f3i szem\u00e9ly\u00e9ben, akiben m\u00e1r most a k\u00f6vetkez\u0151 Tadej Pogacart l\u00e1tj\u00e1k.\" \/>\n<meta name=\"robots\" content=\"index, follow, max-snippet:-1, max-image-preview:large, max-video-preview:-1\" \/>\n<link rel=\"canonical\" href=\"https:\/\/www.welovecycling.com\/hu\/orszaguti-kerekpar\/ahogy-anno-valter-attila-magyarorszagot-ugy-tette-fel-most-isaac-del-toro-mexikot-a-bringaterkepre\/\" \/>\n<meta property=\"og:locale\" content=\"hu_HU\" \/>\n<meta property=\"og:type\" content=\"article\" \/>\n<meta property=\"og:title\" content=\"Ahogy anno Valter Attila Magyarorsz\u00e1got, \u00fagy tette fel most Isaac del Toro Mexik\u00f3t a bringat\u00e9rk\u00e9pre\" \/>\n<meta property=\"og:description\" content=\"\u00dajabb gy\u00e9m\u00e1ntra lelt az Emirates a Giro d\u2019Itali\u00e1n hajsz\u00e1l h\u00edj\u00e1n csod\u00e1t v\u00e9ghez viv\u0151 fiatal mexik\u00f3i szem\u00e9ly\u00e9ben, akiben m\u00e1r most a k\u00f6vetkez\u0151 Tadej Pogacart l\u00e1tj\u00e1k.\" \/>\n<meta property=\"og:url\" content=\"https:\/\/www.welovecycling.com\/hu\/orszaguti-kerekpar\/ahogy-anno-valter-attila-magyarorszagot-ugy-tette-fel-most-isaac-del-toro-mexikot-a-bringaterkepre\/\" \/>\n<meta property=\"og:site_name\" content=\"\u0160koda We Love Cycling - Magyarorsz\u00e1g\" \/>\n<meta property=\"article:publisher\" content=\"https:\/\/www.facebook.com\/WeLoveCyclingHungary\/\" \/>\n<meta property=\"article:published_time\" content=\"2025-06-16T09:33:49+00:00\" \/>\n<meta property=\"og:image\" content=\"https:\/\/d2p6e6u75xmxt8.cloudfront.net\/12\/2025\/06\/del-toro-zach-williams-swipx-Large.webp\" \/>\n\t<meta property=\"og:image:width\" content=\"1280\" \/>\n\t<meta property=\"og:image:height\" content=\"720\" \/>\n\t<meta property=\"og:image:type\" content=\"image\/webp\" \/>\n<meta name=\"author\" content=\"hegyizs\" \/>\n<meta name=\"twitter:card\" content=\"summary_large_image\" \/>\n<meta name=\"twitter:label1\" content=\"Written by\" \/>\n\t<meta name=\"twitter:data1\" content=\"WLC\" \/>\n\t<meta name=\"twitter:label2\" content=\"Est. reading time\" \/>\n\t<meta name=\"twitter:data2\" content=\"6 minutes\" \/>\n<script type=\"application\/ld+json\" class=\"yoast-schema-graph\">{\"@context\":\"https:\/\/schema.org\",\"@graph\":[{\"@type\":\"WebPage\",\"@id\":\"https:\/\/www.welovecycling.com\/hu\/orszaguti-kerekpar\/ahogy-anno-valter-attila-magyarorszagot-ugy-tette-fel-most-isaac-del-toro-mexikot-a-bringaterkepre\/\",\"url\":\"https:\/\/www.welovecycling.com\/hu\/orszaguti-kerekpar\/ahogy-anno-valter-attila-magyarorszagot-ugy-tette-fel-most-isaac-del-toro-mexikot-a-bringaterkepre\/\",\"name\":\"Ahogy anno Valter Attila Magyarorsz\u00e1got, \u00fagy tette fel most Isaac del Toro Mexik\u00f3t a bringat\u00e9rk\u00e9pre\",\"isPartOf\":{\"@id\":\"https:\/\/www.welovecycling.com\/hu\/#website\"},\"primaryImageOfPage\":{\"@id\":\"https:\/\/www.welovecycling.com\/hu\/orszaguti-kerekpar\/ahogy-anno-valter-attila-magyarorszagot-ugy-tette-fel-most-isaac-del-toro-mexikot-a-bringaterkepre\/#primaryimage\"},\"image\":{\"@id\":\"https:\/\/www.welovecycling.com\/hu\/orszaguti-kerekpar\/ahogy-anno-valter-attila-magyarorszagot-ugy-tette-fel-most-isaac-del-toro-mexikot-a-bringaterkepre\/#primaryimage\"},\"thumbnailUrl\":\"https:\/\/d2p6e6u75xmxt8.cloudfront.net\/12\/2025\/06\/del-toro-zach-williams-swipx-Large.webp\",\"datePublished\":\"2025-06-16T09:33:49+00:00\",\"author\":{\"@id\":\"https:\/\/www.welovecycling.com\/hu\/#\/schema\/person\/414a2aebf1801691a5320edb6468e194\"},\"description\":\"\u00dajabb gy\u00e9m\u00e1ntra lelt az Emirates a Giro d\u2019Itali\u00e1n hajsz\u00e1l h\u00edj\u00e1n csod\u00e1t v\u00e9ghez viv\u0151 fiatal mexik\u00f3i szem\u00e9ly\u00e9ben, akiben m\u00e1r most a k\u00f6vetkez\u0151 Tadej Pogacart l\u00e1tj\u00e1k.\",\"breadcrumb\":{\"@id\":\"https:\/\/www.welovecycling.com\/hu\/orszaguti-kerekpar\/ahogy-anno-valter-attila-magyarorszagot-ugy-tette-fel-most-isaac-del-toro-mexikot-a-bringaterkepre\/#breadcrumb\"},\"inLanguage\":\"hu\",\"potentialAction\":[{\"@type\":\"ReadAction\",\"target\":[\"https:\/\/www.welovecycling.com\/hu\/orszaguti-kerekpar\/ahogy-anno-valter-attila-magyarorszagot-ugy-tette-fel-most-isaac-del-toro-mexikot-a-bringaterkepre\/\"]}]},{\"@type\":\"ImageObject\",\"inLanguage\":\"hu\",\"@id\":\"https:\/\/www.welovecycling.com\/hu\/orszaguti-kerekpar\/ahogy-anno-valter-attila-magyarorszagot-ugy-tette-fel-most-isaac-del-toro-mexikot-a-bringaterkepre\/#primaryimage\",\"url\":\"https:\/\/d2p6e6u75xmxt8.cloudfront.net\/12\/2025\/06\/del-toro-zach-williams-swipx-Large.webp\",\"contentUrl\":\"https:\/\/d2p6e6u75xmxt8.cloudfront.net\/12\/2025\/06\/del-toro-zach-williams-swipx-Large.webp\",\"width\":1280,\"height\":720},{\"@type\":\"BreadcrumbList\",\"@id\":\"https:\/\/www.welovecycling.com\/hu\/orszaguti-kerekpar\/ahogy-anno-valter-attila-magyarorszagot-ugy-tette-fel-most-isaac-del-toro-mexikot-a-bringaterkepre\/#breadcrumb\",\"itemListElement\":[{\"@type\":\"ListItem\",\"position\":1,\"name\":\"Home\",\"item\":\"https:\/\/www.welovecycling.com\/hu\/\"},{\"@type\":\"ListItem\",\"position\":2,\"name\":\"Ahogy anno Valter Attila Magyarorsz\u00e1got, \u00fagy tette fel most Isaac del Toro Mexik\u00f3t a bringat\u00e9rk\u00e9pre\"}]},{\"@type\":\"WebSite\",\"@id\":\"https:\/\/www.welovecycling.com\/hu\/#website\",\"url\":\"https:\/\/www.welovecycling.com\/hu\/\",\"name\":\"\u0160koda We Love Cycling - Magyarorsz\u00e1g\",\"description\":\"\u0160koda WeLoveCycling\",\"potentialAction\":[{\"@type\":\"SearchAction\",\"target\":{\"@type\":\"EntryPoint\",\"urlTemplate\":\"https:\/\/www.welovecycling.com\/hu\/?s={search_term_string}\"},\"query-input\":{\"@type\":\"PropertyValueSpecification\",\"valueRequired\":true,\"valueName\":\"search_term_string\"}}],\"inLanguage\":\"hu\"},{\"@type\":\"Person\",\"@id\":\"https:\/\/www.welovecycling.com\/hu\/#\/schema\/person\/414a2aebf1801691a5320edb6468e194\",\"name\":\"hegyizs\",\"image\":{\"@type\":\"ImageObject\",\"inLanguage\":\"hu\",\"@id\":\"https:\/\/www.welovecycling.com\/hu\/#\/schema\/person\/image\/\",\"url\":\"https:\/\/secure.gravatar.com\/avatar\/02cf8a7906b8cf90cecb4679defac7cfd33a1c2e3b88e4903d947f3bb58eedd3?s=96&d=mm&r=g\",\"contentUrl\":\"https:\/\/secure.gravatar.com\/avatar\/02cf8a7906b8cf90cecb4679defac7cfd33a1c2e3b88e4903d947f3bb58eedd3?s=96&d=mm&r=g\",\"caption\":\"hegyizs\"},\"url\":\"https:\/\/www.welovecycling.com\/hu\/author\/hegyizs\/\"}]}<\/script>\n<!-- \/ Yoast SEO Premium plugin. -->","yoast_head_json":{"title":"Ahogy anno Valter Attila Magyarorsz\u00e1got, \u00fagy tette fel most Isaac del Toro Mexik\u00f3t a bringat\u00e9rk\u00e9pre","description":"\u00dajabb gy\u00e9m\u00e1ntra lelt az Emirates a Giro d\u2019Itali\u00e1n hajsz\u00e1l h\u00edj\u00e1n csod\u00e1t v\u00e9ghez viv\u0151 fiatal mexik\u00f3i szem\u00e9ly\u00e9ben, akiben m\u00e1r most a k\u00f6vetkez\u0151 Tadej Pogacart l\u00e1tj\u00e1k.","robots":{"index":"index","follow":"follow","max-snippet":"max-snippet:-1","max-image-preview":"max-image-preview:large","max-video-preview":"max-video-preview:-1"},"canonical":"https:\/\/www.welovecycling.com\/hu\/orszaguti-kerekpar\/ahogy-anno-valter-attila-magyarorszagot-ugy-tette-fel-most-isaac-del-toro-mexikot-a-bringaterkepre\/","og_locale":"hu_HU","og_type":"article","og_title":"Ahogy anno Valter Attila Magyarorsz\u00e1got, \u00fagy tette fel most Isaac del Toro Mexik\u00f3t a bringat\u00e9rk\u00e9pre","og_description":"\u00dajabb gy\u00e9m\u00e1ntra lelt az Emirates a Giro d\u2019Itali\u00e1n hajsz\u00e1l h\u00edj\u00e1n csod\u00e1t v\u00e9ghez viv\u0151 fiatal mexik\u00f3i szem\u00e9ly\u00e9ben, akiben m\u00e1r most a k\u00f6vetkez\u0151 Tadej Pogacart l\u00e1tj\u00e1k.","og_url":"https:\/\/www.welovecycling.com\/hu\/orszaguti-kerekpar\/ahogy-anno-valter-attila-magyarorszagot-ugy-tette-fel-most-isaac-del-toro-mexikot-a-bringaterkepre\/","og_site_name":"\u0160koda We Love Cycling - Magyarorsz\u00e1g","article_publisher":"https:\/\/www.facebook.com\/WeLoveCyclingHungary\/","article_published_time":"2025-06-16T09:33:49+00:00","og_image":[{"width":1280,"height":720,"url":"https:\/\/d2p6e6u75xmxt8.cloudfront.net\/12\/2025\/06\/del-toro-zach-williams-swipx-Large.webp","type":"image\/webp"}],"author":"hegyizs","twitter_card":"summary_large_image","twitter_misc":{"Written by":"WLC","Est. reading time":"6 minutes"},"schema":{"@context":"https:\/\/schema.org","@graph":[{"@type":"WebPage","@id":"https:\/\/www.welovecycling.com\/hu\/orszaguti-kerekpar\/ahogy-anno-valter-attila-magyarorszagot-ugy-tette-fel-most-isaac-del-toro-mexikot-a-bringaterkepre\/","url":"https:\/\/www.welovecycling.com\/hu\/orszaguti-kerekpar\/ahogy-anno-valter-attila-magyarorszagot-ugy-tette-fel-most-isaac-del-toro-mexikot-a-bringaterkepre\/","name":"Ahogy anno Valter Attila Magyarorsz\u00e1got, \u00fagy tette fel most Isaac del Toro Mexik\u00f3t a bringat\u00e9rk\u00e9pre","isPartOf":{"@id":"https:\/\/www.welovecycling.com\/hu\/#website"},"primaryImageOfPage":{"@id":"https:\/\/www.welovecycling.com\/hu\/orszaguti-kerekpar\/ahogy-anno-valter-attila-magyarorszagot-ugy-tette-fel-most-isaac-del-toro-mexikot-a-bringaterkepre\/#primaryimage"},"image":{"@id":"https:\/\/www.welovecycling.com\/hu\/orszaguti-kerekpar\/ahogy-anno-valter-attila-magyarorszagot-ugy-tette-fel-most-isaac-del-toro-mexikot-a-bringaterkepre\/#primaryimage"},"thumbnailUrl":"https:\/\/d2p6e6u75xmxt8.cloudfront.net\/12\/2025\/06\/del-toro-zach-williams-swipx-Large.webp","datePublished":"2025-06-16T09:33:49+00:00","author":{"@id":"https:\/\/www.welovecycling.com\/hu\/#\/schema\/person\/414a2aebf1801691a5320edb6468e194"},"description":"\u00dajabb gy\u00e9m\u00e1ntra lelt az Emirates a Giro d\u2019Itali\u00e1n hajsz\u00e1l h\u00edj\u00e1n csod\u00e1t v\u00e9ghez viv\u0151 fiatal mexik\u00f3i szem\u00e9ly\u00e9ben, akiben m\u00e1r most a k\u00f6vetkez\u0151 Tadej Pogacart l\u00e1tj\u00e1k.","breadcrumb":{"@id":"https:\/\/www.welovecycling.com\/hu\/orszaguti-kerekpar\/ahogy-anno-valter-attila-magyarorszagot-ugy-tette-fel-most-isaac-del-toro-mexikot-a-bringaterkepre\/#breadcrumb"},"inLanguage":"hu","potentialAction":[{"@type":"ReadAction","target":["https:\/\/www.welovecycling.com\/hu\/orszaguti-kerekpar\/ahogy-anno-valter-attila-magyarorszagot-ugy-tette-fel-most-isaac-del-toro-mexikot-a-bringaterkepre\/"]}]},{"@type":"ImageObject","inLanguage":"hu","@id":"https:\/\/www.welovecycling.com\/hu\/orszaguti-kerekpar\/ahogy-anno-valter-attila-magyarorszagot-ugy-tette-fel-most-isaac-del-toro-mexikot-a-bringaterkepre\/#primaryimage","url":"https:\/\/d2p6e6u75xmxt8.cloudfront.net\/12\/2025\/06\/del-toro-zach-williams-swipx-Large.webp","contentUrl":"https:\/\/d2p6e6u75xmxt8.cloudfront.net\/12\/2025\/06\/del-toro-zach-williams-swipx-Large.webp","width":1280,"height":720},{"@type":"BreadcrumbList","@id":"https:\/\/www.welovecycling.com\/hu\/orszaguti-kerekpar\/ahogy-anno-valter-attila-magyarorszagot-ugy-tette-fel-most-isaac-del-toro-mexikot-a-bringaterkepre\/#breadcrumb","itemListElement":[{"@type":"ListItem","position":1,"name":"Home","item":"https:\/\/www.welovecycling.com\/hu\/"},{"@type":"ListItem","position":2,"name":"Ahogy anno Valter Attila Magyarorsz\u00e1got, \u00fagy tette fel most Isaac del Toro Mexik\u00f3t a bringat\u00e9rk\u00e9pre"}]},{"@type":"WebSite","@id":"https:\/\/www.welovecycling.com\/hu\/#website","url":"https:\/\/www.welovecycling.com\/hu\/","name":"\u0160koda We Love Cycling - Magyarorsz\u00e1g","description":"\u0160koda WeLoveCycling","potentialAction":[{"@type":"SearchAction","target":{"@type":"EntryPoint","urlTemplate":"https:\/\/www.welovecycling.com\/hu\/?s={search_term_string}"},"query-input":{"@type":"PropertyValueSpecification","valueRequired":true,"valueName":"search_term_string"}}],"inLanguage":"hu"},{"@type":"Person","@id":"https:\/\/www.welovecycling.com\/hu\/#\/schema\/person\/414a2aebf1801691a5320edb6468e194","name":"hegyizs","image":{"@type":"ImageObject","inLanguage":"hu","@id":"https:\/\/www.welovecycling.com\/hu\/#\/schema\/person\/image\/","url":"https:\/\/secure.gravatar.com\/avatar\/02cf8a7906b8cf90cecb4679defac7cfd33a1c2e3b88e4903d947f3bb58eedd3?s=96&d=mm&r=g","contentUrl":"https:\/\/secure.gravatar.com\/avatar\/02cf8a7906b8cf90cecb4679defac7cfd33a1c2e3b88e4903d947f3bb58eedd3?s=96&d=mm&r=g","caption":"hegyizs"},"url":"https:\/\/www.welovecycling.com\/hu\/author\/hegyizs\/"}]}},"_links":{"self":[{"href":"https:\/\/www.welovecycling.com\/hu\/wp-json\/wp\/v2\/posts\/19056","targetHints":{"allow":["GET"]}}],"collection":[{"href":"https:\/\/www.welovecycling.com\/hu\/wp-json\/wp\/v2\/posts"}],"about":[{"href":"https:\/\/www.welovecycling.com\/hu\/wp-json\/wp\/v2\/types\/post"}],"author":[{"embeddable":true,"href":"https:\/\/www.welovecycling.com\/hu\/wp-json\/wp\/v2\/users\/71"}],"replies":[{"embeddable":true,"href":"https:\/\/www.welovecycling.com\/hu\/wp-json\/wp\/v2\/comments?post=19056"}],"version-history":[{"count":1,"href":"https:\/\/www.welovecycling.com\/hu\/wp-json\/wp\/v2\/posts\/19056\/revisions"}],"predecessor-version":[{"id":19064,"href":"https:\/\/www.welovecycling.com\/hu\/wp-json\/wp\/v2\/posts\/19056\/revisions\/19064"}],"wp:featuredmedia":[{"embeddable":true,"href":"https:\/\/www.welovecycling.com\/hu\/wp-json\/wp\/v2\/media\/19060"}],"wp:attachment":[{"href":"https:\/\/www.welovecycling.com\/hu\/wp-json\/wp\/v2\/media?parent=19056"}],"wp:term":[{"taxonomy":"category","embeddable":true,"href":"https:\/\/www.welovecycling.com\/hu\/wp-json\/wp\/v2\/categories?post=19056"},{"taxonomy":"post_tag","embeddable":true,"href":"https:\/\/www.welovecycling.com\/hu\/wp-json\/wp\/v2\/tags?post=19056"},{"taxonomy":"global-categories","embeddable":true,"href":"https:\/\/www.welovecycling.com\/hu\/wp-json\/wp\/v2\/global-categories?post=19056"}],"curies":[{"name":"wp","href":"https:\/\/api.w.org\/{rel}","templated":true}]}}