{"id":19052,"date":"2025-06-18T08:00:01","date_gmt":"2025-06-18T06:00:01","guid":{"rendered":"https:\/\/www.welovecycling.com\/hu\/?p=19052"},"modified":"2025-06-10T15:20:26","modified_gmt":"2025-06-10T13:20:26","slug":"ultra-kerekparos-kalandok-tanacsok-az-elso-probalkozashoz","status":"publish","type":"post","link":"https:\/\/www.welovecycling.com\/hu\/trekking-mtb\/ultra-kerekparos-kalandok-tanacsok-az-elso-probalkozashoz\/","title":{"rendered":"Ultra ker\u00e9kp\u00e1ros kalandok \u2013 Tan\u00e1csok az els\u0151 pr\u00f3b\u00e1lkoz\u00e1shoz"},"content":{"rendered":"<p><strong>Sz\u00f3val megn\u00e9zt\u00e9l egy rak\u00e1s dokumentumfilmet a Transcontinental Race-r\u0151l, a Tour Divide-r\u00f3l \u00e9s m\u00e1s ultra ker\u00e9kp\u00e1ros esem\u00e9nyekr\u0151l, \u00e9s most azon gondolkodsz, hogy te is kipr\u00f3b\u00e1ln\u00e1d? \u00dcdv a klubban. Ez a cikk nem egy klasszikus \u00fatmutat\u00f3, hanem egy gy\u0171jtem\u00e9ny, amely seg\u00edt, hogy j\u00f3 hozz\u00e1\u00e1ll\u00e1ssal indulj neki az els\u0151 ultra t\u00e1v\u00fa kih\u00edv\u00e1sodnak. Hajr\u00e1!<\/strong><\/p>\n<p><!--more--><\/p>\n<h2><strong>A legjobb tan\u00e1cs: rendezd meg a saj\u00e1t \u201eversenyeidet\u201d<\/strong><\/h2>\n<p>Sz\u00e1momra a legjobb tan\u00e1cs, amit akkor kaptam, amikor belev\u00e1gtam az ultra t\u00e1v\u00fa ker\u00e9kp\u00e1roz\u00e1sba az volt, hogy kezdjek el saj\u00e1t \u201eesem\u00e9nyeket\u201d szervezni, hogy min\u00e9l t\u00f6bb tapasztalatot gy\u0171jthessek. Nem kell (\u00e9s val\u00f3sz\u00edn\u0171leg nem is \u00e9rdemes) r\u00f6gt\u00f6n versenyt keresned, ha m\u00e9g nem t\u00f6lt\u00f6tt\u00e9l el j\u00f3 n\u00e9h\u00e1ny hossz\u00fa napot a nyeregben. Rengeteg \u00fatvonal el\u00e9rhet\u0151 \u00f6n\u00e1ll\u00f3an is, \u00e9s a legjobb, ha ezeket a saj\u00e1t temp\u00f3dban, nyom\u00e1s n\u00e9lk\u00fcl teljes\u00edted, akkor, amikor neked megfelel. \u00cdgy \u00e9p\u00edthetsz szil\u00e1rd alapokat a navig\u00e1ci\u00f3, a kempingez\u00e9s, a t\u00e1pl\u00e1lkoz\u00e1s \u00e9s a temp\u00f3 ter\u00e9n, illetve a v\u00e1ratlan helyzetek kezel\u00e9s\u00e9ben is.<\/p>\n<h2><strong>Mire lesz sz\u00fcks\u00e9ged?<\/strong><\/h2>\n<p>Sok hib\u00e1t megsp\u00f3rolhatsz, ha el\u0151re ut\u00e1nan\u00e9zel az alapoknak. Az <u><a href=\"https:\/\/www.welovecycling.com\/hu\/edzes-es-eletmod\/ejszakai-biciklizes-alapfelszereles\/\">\u00e9jszakai t\u00far\u00e1z\u00e1shoz sz\u00fcks\u00e9ges alapfelszerel\u00e9sr\u0151l<\/a><\/u> r\u00e9szletesen \u00edrtunk kor\u00e1bbi cikk\u00fcnkben.<\/p>\n<p>Ha a t\u00e1pl\u00e1lkoz\u00e1s, f\u0151z\u00e9s, csomagol\u00e1s \u00e9s \u00fatvonaltervez\u00e9s \u00e9rdekel, akkor <u><a href=\"https:\/\/www.welovecycling.com\/hu\/blog\/bikepacking-utmutato\/\">a bikepackingr\u0151l sz\u00f3l\u00f3 sorozatunk<\/a><\/u> j\u00f3 kiindul\u00f3pont.<\/p>\n<p>De mi kell m\u00e9g? \u00d6sszegy\u0171jt\u00f6ttem n\u00e9h\u00e1ny tapasztalt bring\u00e1s v\u00e9lem\u00e9ny\u00e9t, akik igaz\u00e1n \u00e9rtenek hozz\u00e1. \u00c1tadom nekik a sz\u00f3t.<\/p>\n<h2><strong>B\u00e1rki k\u00e9pes r\u00e1<\/strong><\/h2>\n<p>\u201eAz ultra\u00e1ll\u00f3k\u00e9pess\u00e9gi sportok csod\u00e1latosak, mert b\u00e1rki k\u00e9pes r\u00e1juk. Ha megn\u00e9zed, kik azok, akik igaz\u00e1n inspir\u00e1l\u00f3ak ebben az \u00e1gazatban, \u00e9szreveheted, hogy nincs benn\u00fck k\u00f6z\u00f6s pont testalkat, kor vagy h\u00e1tt\u00e9r szerint. Ha van benned szenved\u00e9ly, \u00e9s hajland\u00f3 vagy nagy t\u00e1vokat bev\u00e1llalni, akkor csak n\u00e9zz a t\u00fck\u00f6rbe, \u00e9s mondd: <em>ez vagyok \u00e9n. Meg tudom csin\u00e1lni.<\/em> B\u00e1rki k\u00e9pes r\u00e1.\u201d \u2013 <strong>Mark Beaumont<\/strong> (<u><a href=\"https:\/\/youtube.com\/shorts\/MpXlGxvBTMI?si=GsIci7U-T6yfFX84\">@mrmarkbeaumont<\/a><\/u>)<\/p>\n<h2><strong>Ismerd meg a gyengepontokat<\/strong><\/h2>\n<p>\u201eA legfontosabb a re\u00e1lis c\u00e9lok kit\u0171z\u00e9se. Van, aki m\u00e1r els\u0151re a leggyorsabbak k\u00f6z\u00e9 akar ker\u00fclni, m\u00e1soknak id\u0151 kell a fejl\u0151d\u00e9shez. El\u0151bb d\u00f6ntsd el, hogy mi a c\u00e9lod: befejezni? Top 10? Dobog\u00f3? Ha ezt tiszt\u00e1zod, akkor eszerint tudsz k\u00e9sz\u00fclni. Ha m\u00e9g sosem t\u00f6lt\u00f6tt\u00e9l 18 \u00f3r\u00e1t a nyeregben, akkor csin\u00e1ld meg legal\u00e1bb egyszer, hogy megtudd, hogyan reag\u00e1l a tested. \u00c9rtsd meg, hol vannak a gyengepontjaid: k\u00e9z, l\u00e1b, nyereg, stb. Gyakorold, amit majd a versenyen csin\u00e1lsz. Kulcsfontoss\u00e1g\u00fa, hogy a realit\u00e1s talaj\u00e1n maradj \u00e9s, hogy alaposan felk\u00e9sz\u00fclj.\u201d \u2013 <strong>Sofiane Sehili<\/strong> (@sofianeshl), <em><u><a href=\"https:\/\/kssuspension.com\/news\/sofiane-sehili-the-ultimate-authority-in-ultra-endurance-cycling\">KS Suspension Newsroom<\/a><\/u><\/em><\/p>\n<h2><strong>Navig\u00e1ci\u00f3 \u00e9s \u00e9tkez\u00e9s<\/strong><\/h2>\n<p>\u201eAz, hogy let\u00e9rsz az \u00fatvonalr\u00f3l, egy dolog \u2013 de az ebb\u0151l ered\u0151 frusztr\u00e1ci\u00f3 a napok alatt \u00f6sszead\u00f3dik. \u00c1lland\u00f3an f\u00e1radt vagy, \u00e9s a kis hib\u00e1k ilyenkor sokkal nagyobbaknak t\u0171nnek.\u201d<\/p>\n<p>\u201eNe hagyd abba az ev\u00e9st! Az ultra bring\u00e1z\u00e1s l\u00e9nyege, hogy folyamatosan enni kell. Ez is egy munka. Nekem rengeteget seg\u00edtett, hogy be\u00e1ll\u00edtottam \u00e9tkez\u00e9si eml\u00e9keztet\u0151ket. Az, hogy a navig\u00e1ci\u00f3s rendszerem ott van a csukl\u00f3mon, az eml\u00e9keztet\u0151k pedig sz\u00f3lnak, amikor ennem kell, akkora k\u00f6nnyebbs\u00e9g, hogy val\u00f3sz\u00edn\u0171leg \u00f3r\u00e1kkat hamarabb \u00e9rek miattuk be a c\u00e9lba.\u201d \u2013 <strong>Daniel Connell<\/strong> (@dirtydanbikes), <em><u><a href=\"https:\/\/coros.com\/stories\/athlete-stories\/c\/ultra-cycling-strategy-from-a-top-10-tour-divide-cyclist-tips-for-success\">Coros-interj\u00fa a Tour Divide top 10-es helyezettjeivel<\/a><\/u><\/em><\/p>\n<h2><strong>Alak\u00edtsd \u00e1t a negat\u00edv energi\u00e1t<\/strong><\/h2>\n<p>\u201eSzeretned kell a bring\u00e1z\u00e1st, k\u00fcl\u00f6nben nem \u00e9ri meg ennyi id\u0151t t\u00f6lteni a nyeregben. Fel kell k\u00e9sz\u00fcln\u00f6d f\u00e1jdalomra, \u00e9hs\u00e9gre, szomj\u00fas\u00e1gra. Sok minden elromolhat \u2013 nem tal\u00e1lsz kaj\u00e1t, rossz az id\u0151, stb. Pr\u00f3b\u00e1ld a negat\u00edv energi\u00e1t pozit\u00edvv\u00e1 alak\u00edtani. Ha csak a bajra figyelsz, meg\u0151r\u00fclsz. Engedd meg magadnak, hogy tudom\u00e1sul vedd a kellemetlens\u00e9geket, de ne p\u00f6r\u00f6gj rajtuk t\u00fal sokat.\u201d<\/p>\n<p>\u201eAz egyed\u00fcll\u00e9ttel is meg kell birk\u00f3zni. A legt\u00f6bben t\u00e1rsas\u00e1gban bring\u00e1znak, \u00edgy amikor el\u0151sz\u00f6r vannak teljesen egyed\u00fcl egy \u00f6nell\u00e1t\u00f3 versenyen, az nagyon megterhel\u0151. H\u00e1rom-n\u00e9gy nap mag\u00e1ny ut\u00e1n az agy elkezd j\u00e1tszani veled \u2013 f\u0151leg \u00e9jjel, s\u00f6t\u00e9tben, amikor nincs mit n\u00e9zni \u00e9s nincs kivel besz\u00e9lni. El\u00e9g er\u0151snek kell lenned ahhoz, hogy kib\u00edrd ezeket a pillanatokat.\u201d \u2013 <strong>Kristof Allegaert<\/strong> (@allegaertk), <em><u><a href=\"https:\/\/www.outsideonline.com\/health\/training-performance\/ultra-racing-crazies\/\">Outside Magazine<\/a><\/u><\/em><\/p>\n<h2><strong>Ez egy ev\u0151verseny<\/strong><\/h2>\n<p>\u201eHa versenyk\u00e9pes akarsz lenni, minden perc sz\u00e1m\u00edt. Berohansz egy benzink\u00fatra vagy boltba, telepakolod a zsebed kaj\u00e1val, \u00e9s m\u00e9sz tov\u00e1bb. Az ultra bring\u00e1z\u00e1s ink\u00e1bb ev\u0151verseny. Folyamatosan eszel. \u00c9n mindig pr\u00f3b\u00e1lok min\u00e9l t\u00f6bb kaj\u00e1t vinni magammal.\u201d\u00a0 \u2013 <strong>Sherry Cardona<\/strong> (<u><a href=\"https:\/\/youtube.com\/shorts\/Tvvg4Cy6Oh0?si=SUjWYKG_KOuALdIm\">@sherry.cycling<\/a><\/u>)<\/p>\n<h2><strong>T\u00f6bbre vagy k\u00e9pes, mint hinn\u00e9d<\/strong><\/h2>\n<p>\u201eSokkal k\u00f6nnyebb, mint gondoln\u00e1d \u2013 \u00e9s sokkal t\u00f6bbre vagy k\u00e9pes, mint hinn\u00e9d. Engem mindig meglep, hogy mire vagyok k\u00e9pes. Amikor n\u0151kkel besz\u00e9lgetek, a k\u00e9rd\u00e9seik 90%-a a biztons\u00e1gr\u00f3l \u00e9s a kock\u00e1zatokr\u00f3l sz\u00f3l. Mindenki azt hiszi, hogy ez egy nagyon vesz\u00e9lyes sport, pedig ez a r\u00e9sz csak a verseny 0,5%-\u00e1t teszi ki.\u201d \u2013 <strong>Emily Chappell<\/strong> (@emilyofchappell), <em><u><a href=\"https:\/\/www.outsideonline.com\/health\/training-performance\/ultra-racing-crazies\/\">Outside Magazine<\/a><\/u><\/em><\/p>\n","protected":false},"excerpt":{"rendered":"<p>Sz\u00f3val megn\u00e9zt\u00e9l egy rak\u00e1s dokumentumfilmet a Transcontinental Race-r\u0151l, a Tour Divide-r\u00f3l \u00e9s m\u00e1s ultra ker\u00e9kp\u00e1ros esem\u00e9nyekr\u0151l, \u00e9s most azon gondolkodsz, [&hellip;]<\/p>\n","protected":false},"author":71,"featured_media":19053,"comment_status":"open","ping_status":"open","sticky":false,"template":"","format":"standard","meta":{"footnotes":""},"categories":[7],"tags":[],"global-categories":[],"class_list":["post-19052","post","type-post","status-publish","format-standard","has-post-thumbnail","hentry","category-trekking-mtb"],"yoast_head":"<!-- This site is optimized with the Yoast SEO Premium plugin v25.3 (Yoast SEO v25.9) - https:\/\/yoast.com\/wordpress\/plugins\/seo\/ -->\n<title>Ultra ker\u00e9kp\u00e1ros kalandok \u2013 Tan\u00e1csok az els\u0151 pr\u00f3b\u00e1lkoz\u00e1shoz<\/title>\n<meta name=\"description\" content=\"Sz\u00f3val megn\u00e9zt\u00e9l egy rak\u00e1s dokumentumfilmet a Transcontinental Race-r\u0151l, a Tour Divide-r\u00f3l \u00e9s m\u00e1s ultra ker\u00e9kp\u00e1ros esem\u00e9nyekr\u0151l, \u00e9s most azon gondolkodsz, hogy te is kipr\u00f3b\u00e1ln\u00e1d? \u00dcdv a klubban. Ez a cikk nem egy klasszikus \u00fatmutat\u00f3, hanem egy gy\u0171jtem\u00e9ny, amely seg\u00edt, hogy j\u00f3 hozz\u00e1\u00e1ll\u00e1ssal indulj neki az els\u0151 ultra t\u00e1v\u00fa kih\u00edv\u00e1sodnak. Hajr\u00e1!\" \/>\n<meta name=\"robots\" content=\"index, follow, max-snippet:-1, max-image-preview:large, max-video-preview:-1\" \/>\n<link rel=\"canonical\" href=\"https:\/\/www.welovecycling.com\/hu\/trekking-mtb\/ultra-kerekparos-kalandok-tanacsok-az-elso-probalkozashoz\/\" \/>\n<meta property=\"og:locale\" content=\"hu_HU\" \/>\n<meta property=\"og:type\" content=\"article\" \/>\n<meta property=\"og:title\" content=\"Ultra ker\u00e9kp\u00e1ros kalandok \u2013 Tan\u00e1csok az els\u0151 pr\u00f3b\u00e1lkoz\u00e1shoz\" \/>\n<meta property=\"og:description\" content=\"Sz\u00f3val megn\u00e9zt\u00e9l egy rak\u00e1s dokumentumfilmet a Transcontinental Race-r\u0151l, a Tour Divide-r\u00f3l \u00e9s m\u00e1s ultra ker\u00e9kp\u00e1ros esem\u00e9nyekr\u0151l, \u00e9s most azon gondolkodsz, hogy te is kipr\u00f3b\u00e1ln\u00e1d? \u00dcdv a klubban. Ez a cikk nem egy klasszikus \u00fatmutat\u00f3, hanem egy gy\u0171jtem\u00e9ny, amely seg\u00edt, hogy j\u00f3 hozz\u00e1\u00e1ll\u00e1ssal indulj neki az els\u0151 ultra t\u00e1v\u00fa kih\u00edv\u00e1sodnak. Hajr\u00e1!\" \/>\n<meta property=\"og:url\" content=\"https:\/\/www.welovecycling.com\/hu\/trekking-mtb\/ultra-kerekparos-kalandok-tanacsok-az-elso-probalkozashoz\/\" \/>\n<meta property=\"og:site_name\" content=\"\u0160koda We Love Cycling - Magyarorsz\u00e1g\" \/>\n<meta property=\"article:publisher\" content=\"https:\/\/www.facebook.com\/WeLoveCyclingHungary\/\" \/>\n<meta property=\"article:published_time\" content=\"2025-06-18T06:00:01+00:00\" \/>\n<meta property=\"og:image\" content=\"https:\/\/d2p6e6u75xmxt8.cloudfront.net\/12\/2025\/06\/Cyclist-ultra-distance-profimedia-0886559129-CVR.webp\" \/>\n\t<meta property=\"og:image:width\" content=\"990\" \/>\n\t<meta property=\"og:image:height\" content=\"660\" \/>\n\t<meta property=\"og:image:type\" content=\"image\/webp\" \/>\n<meta name=\"author\" content=\"hegyizs\" \/>\n<meta name=\"twitter:card\" content=\"summary_large_image\" \/>\n<meta name=\"twitter:label1\" content=\"Written by\" \/>\n\t<meta name=\"twitter:data1\" content=\"Jiri Kaloc\" \/>\n\t<meta name=\"twitter:label2\" content=\"Est. reading time\" \/>\n\t<meta name=\"twitter:data2\" content=\"3\" \/>\n<script type=\"application\/ld+json\" class=\"yoast-schema-graph\">{\"@context\":\"https:\/\/schema.org\",\"@graph\":[{\"@type\":\"WebPage\",\"@id\":\"https:\/\/www.welovecycling.com\/hu\/trekking-mtb\/ultra-kerekparos-kalandok-tanacsok-az-elso-probalkozashoz\/\",\"url\":\"https:\/\/www.welovecycling.com\/hu\/trekking-mtb\/ultra-kerekparos-kalandok-tanacsok-az-elso-probalkozashoz\/\",\"name\":\"Ultra ker\u00e9kp\u00e1ros kalandok \u2013 Tan\u00e1csok az els\u0151 pr\u00f3b\u00e1lkoz\u00e1shoz\",\"isPartOf\":{\"@id\":\"https:\/\/www.welovecycling.com\/hu\/#website\"},\"primaryImageOfPage\":{\"@id\":\"https:\/\/www.welovecycling.com\/hu\/trekking-mtb\/ultra-kerekparos-kalandok-tanacsok-az-elso-probalkozashoz\/#primaryimage\"},\"image\":{\"@id\":\"https:\/\/www.welovecycling.com\/hu\/trekking-mtb\/ultra-kerekparos-kalandok-tanacsok-az-elso-probalkozashoz\/#primaryimage\"},\"thumbnailUrl\":\"https:\/\/d2p6e6u75xmxt8.cloudfront.net\/12\/2025\/06\/Cyclist-ultra-distance-profimedia-0886559129-CVR.webp\",\"datePublished\":\"2025-06-18T06:00:01+00:00\",\"author\":{\"@id\":\"https:\/\/www.welovecycling.com\/hu\/#\/schema\/person\/414a2aebf1801691a5320edb6468e194\"},\"description\":\"Sz\u00f3val megn\u00e9zt\u00e9l egy rak\u00e1s dokumentumfilmet a Transcontinental Race-r\u0151l, a Tour Divide-r\u00f3l \u00e9s m\u00e1s ultra ker\u00e9kp\u00e1ros esem\u00e9nyekr\u0151l, \u00e9s most azon gondolkodsz, hogy te is kipr\u00f3b\u00e1ln\u00e1d? \u00dcdv a klubban. Ez a cikk nem egy klasszikus \u00fatmutat\u00f3, hanem egy gy\u0171jtem\u00e9ny, amely seg\u00edt, hogy j\u00f3 hozz\u00e1\u00e1ll\u00e1ssal indulj neki az els\u0151 ultra t\u00e1v\u00fa kih\u00edv\u00e1sodnak. Hajr\u00e1!\",\"breadcrumb\":{\"@id\":\"https:\/\/www.welovecycling.com\/hu\/trekking-mtb\/ultra-kerekparos-kalandok-tanacsok-az-elso-probalkozashoz\/#breadcrumb\"},\"inLanguage\":\"hu\",\"potentialAction\":[{\"@type\":\"ReadAction\",\"target\":[\"https:\/\/www.welovecycling.com\/hu\/trekking-mtb\/ultra-kerekparos-kalandok-tanacsok-az-elso-probalkozashoz\/\"]}]},{\"@type\":\"ImageObject\",\"inLanguage\":\"hu\",\"@id\":\"https:\/\/www.welovecycling.com\/hu\/trekking-mtb\/ultra-kerekparos-kalandok-tanacsok-az-elso-probalkozashoz\/#primaryimage\",\"url\":\"https:\/\/d2p6e6u75xmxt8.cloudfront.net\/12\/2025\/06\/Cyclist-ultra-distance-profimedia-0886559129-CVR.webp\",\"contentUrl\":\"https:\/\/d2p6e6u75xmxt8.cloudfront.net\/12\/2025\/06\/Cyclist-ultra-distance-profimedia-0886559129-CVR.webp\",\"width\":990,\"height\":660,\"caption\":\"Ultra cycling\"},{\"@type\":\"BreadcrumbList\",\"@id\":\"https:\/\/www.welovecycling.com\/hu\/trekking-mtb\/ultra-kerekparos-kalandok-tanacsok-az-elso-probalkozashoz\/#breadcrumb\",\"itemListElement\":[{\"@type\":\"ListItem\",\"position\":1,\"name\":\"Home\",\"item\":\"https:\/\/www.welovecycling.com\/hu\/\"},{\"@type\":\"ListItem\",\"position\":2,\"name\":\"Ultra ker\u00e9kp\u00e1ros kalandok \u2013 Tan\u00e1csok az els\u0151 pr\u00f3b\u00e1lkoz\u00e1shoz\"}]},{\"@type\":\"WebSite\",\"@id\":\"https:\/\/www.welovecycling.com\/hu\/#website\",\"url\":\"https:\/\/www.welovecycling.com\/hu\/\",\"name\":\"\u0160koda We Love Cycling - Magyarorsz\u00e1g\",\"description\":\"\u0160koda WeLoveCycling\",\"potentialAction\":[{\"@type\":\"SearchAction\",\"target\":{\"@type\":\"EntryPoint\",\"urlTemplate\":\"https:\/\/www.welovecycling.com\/hu\/?s={search_term_string}\"},\"query-input\":{\"@type\":\"PropertyValueSpecification\",\"valueRequired\":true,\"valueName\":\"search_term_string\"}}],\"inLanguage\":\"hu\"},{\"@type\":\"Person\",\"@id\":\"https:\/\/www.welovecycling.com\/hu\/#\/schema\/person\/414a2aebf1801691a5320edb6468e194\",\"name\":\"hegyizs\",\"image\":{\"@type\":\"ImageObject\",\"inLanguage\":\"hu\",\"@id\":\"https:\/\/www.welovecycling.com\/hu\/#\/schema\/person\/image\/\",\"url\":\"https:\/\/secure.gravatar.com\/avatar\/02cf8a7906b8cf90cecb4679defac7cfd33a1c2e3b88e4903d947f3bb58eedd3?s=96&d=mm&r=g\",\"contentUrl\":\"https:\/\/secure.gravatar.com\/avatar\/02cf8a7906b8cf90cecb4679defac7cfd33a1c2e3b88e4903d947f3bb58eedd3?s=96&d=mm&r=g\",\"caption\":\"hegyizs\"},\"url\":\"https:\/\/www.welovecycling.com\/hu\/author\/hegyizs\/\"}]}<\/script>\n<!-- \/ Yoast SEO Premium plugin. -->","yoast_head_json":{"title":"Ultra ker\u00e9kp\u00e1ros kalandok \u2013 Tan\u00e1csok az els\u0151 pr\u00f3b\u00e1lkoz\u00e1shoz","description":"Sz\u00f3val megn\u00e9zt\u00e9l egy rak\u00e1s dokumentumfilmet a Transcontinental Race-r\u0151l, a Tour Divide-r\u00f3l \u00e9s m\u00e1s ultra ker\u00e9kp\u00e1ros esem\u00e9nyekr\u0151l, \u00e9s most azon gondolkodsz, hogy te is kipr\u00f3b\u00e1ln\u00e1d? \u00dcdv a klubban. Ez a cikk nem egy klasszikus \u00fatmutat\u00f3, hanem egy gy\u0171jtem\u00e9ny, amely seg\u00edt, hogy j\u00f3 hozz\u00e1\u00e1ll\u00e1ssal indulj neki az els\u0151 ultra t\u00e1v\u00fa kih\u00edv\u00e1sodnak. Hajr\u00e1!","robots":{"index":"index","follow":"follow","max-snippet":"max-snippet:-1","max-image-preview":"max-image-preview:large","max-video-preview":"max-video-preview:-1"},"canonical":"https:\/\/www.welovecycling.com\/hu\/trekking-mtb\/ultra-kerekparos-kalandok-tanacsok-az-elso-probalkozashoz\/","og_locale":"hu_HU","og_type":"article","og_title":"Ultra ker\u00e9kp\u00e1ros kalandok \u2013 Tan\u00e1csok az els\u0151 pr\u00f3b\u00e1lkoz\u00e1shoz","og_description":"Sz\u00f3val megn\u00e9zt\u00e9l egy rak\u00e1s dokumentumfilmet a Transcontinental Race-r\u0151l, a Tour Divide-r\u00f3l \u00e9s m\u00e1s ultra ker\u00e9kp\u00e1ros esem\u00e9nyekr\u0151l, \u00e9s most azon gondolkodsz, hogy te is kipr\u00f3b\u00e1ln\u00e1d? \u00dcdv a klubban. Ez a cikk nem egy klasszikus \u00fatmutat\u00f3, hanem egy gy\u0171jtem\u00e9ny, amely seg\u00edt, hogy j\u00f3 hozz\u00e1\u00e1ll\u00e1ssal indulj neki az els\u0151 ultra t\u00e1v\u00fa kih\u00edv\u00e1sodnak. Hajr\u00e1!","og_url":"https:\/\/www.welovecycling.com\/hu\/trekking-mtb\/ultra-kerekparos-kalandok-tanacsok-az-elso-probalkozashoz\/","og_site_name":"\u0160koda We Love Cycling - Magyarorsz\u00e1g","article_publisher":"https:\/\/www.facebook.com\/WeLoveCyclingHungary\/","article_published_time":"2025-06-18T06:00:01+00:00","og_image":[{"width":990,"height":660,"url":"https:\/\/d2p6e6u75xmxt8.cloudfront.net\/12\/2025\/06\/Cyclist-ultra-distance-profimedia-0886559129-CVR.webp","type":"image\/webp"}],"author":"hegyizs","twitter_card":"summary_large_image","twitter_misc":{"Written by":"Jiri Kaloc","Est. reading time":"3"},"schema":{"@context":"https:\/\/schema.org","@graph":[{"@type":"WebPage","@id":"https:\/\/www.welovecycling.com\/hu\/trekking-mtb\/ultra-kerekparos-kalandok-tanacsok-az-elso-probalkozashoz\/","url":"https:\/\/www.welovecycling.com\/hu\/trekking-mtb\/ultra-kerekparos-kalandok-tanacsok-az-elso-probalkozashoz\/","name":"Ultra ker\u00e9kp\u00e1ros kalandok \u2013 Tan\u00e1csok az els\u0151 pr\u00f3b\u00e1lkoz\u00e1shoz","isPartOf":{"@id":"https:\/\/www.welovecycling.com\/hu\/#website"},"primaryImageOfPage":{"@id":"https:\/\/www.welovecycling.com\/hu\/trekking-mtb\/ultra-kerekparos-kalandok-tanacsok-az-elso-probalkozashoz\/#primaryimage"},"image":{"@id":"https:\/\/www.welovecycling.com\/hu\/trekking-mtb\/ultra-kerekparos-kalandok-tanacsok-az-elso-probalkozashoz\/#primaryimage"},"thumbnailUrl":"https:\/\/d2p6e6u75xmxt8.cloudfront.net\/12\/2025\/06\/Cyclist-ultra-distance-profimedia-0886559129-CVR.webp","datePublished":"2025-06-18T06:00:01+00:00","author":{"@id":"https:\/\/www.welovecycling.com\/hu\/#\/schema\/person\/414a2aebf1801691a5320edb6468e194"},"description":"Sz\u00f3val megn\u00e9zt\u00e9l egy rak\u00e1s dokumentumfilmet a Transcontinental Race-r\u0151l, a Tour Divide-r\u00f3l \u00e9s m\u00e1s ultra ker\u00e9kp\u00e1ros esem\u00e9nyekr\u0151l, \u00e9s most azon gondolkodsz, hogy te is kipr\u00f3b\u00e1ln\u00e1d? \u00dcdv a klubban. Ez a cikk nem egy klasszikus \u00fatmutat\u00f3, hanem egy gy\u0171jtem\u00e9ny, amely seg\u00edt, hogy j\u00f3 hozz\u00e1\u00e1ll\u00e1ssal indulj neki az els\u0151 ultra t\u00e1v\u00fa kih\u00edv\u00e1sodnak. Hajr\u00e1!","breadcrumb":{"@id":"https:\/\/www.welovecycling.com\/hu\/trekking-mtb\/ultra-kerekparos-kalandok-tanacsok-az-elso-probalkozashoz\/#breadcrumb"},"inLanguage":"hu","potentialAction":[{"@type":"ReadAction","target":["https:\/\/www.welovecycling.com\/hu\/trekking-mtb\/ultra-kerekparos-kalandok-tanacsok-az-elso-probalkozashoz\/"]}]},{"@type":"ImageObject","inLanguage":"hu","@id":"https:\/\/www.welovecycling.com\/hu\/trekking-mtb\/ultra-kerekparos-kalandok-tanacsok-az-elso-probalkozashoz\/#primaryimage","url":"https:\/\/d2p6e6u75xmxt8.cloudfront.net\/12\/2025\/06\/Cyclist-ultra-distance-profimedia-0886559129-CVR.webp","contentUrl":"https:\/\/d2p6e6u75xmxt8.cloudfront.net\/12\/2025\/06\/Cyclist-ultra-distance-profimedia-0886559129-CVR.webp","width":990,"height":660,"caption":"Ultra cycling"},{"@type":"BreadcrumbList","@id":"https:\/\/www.welovecycling.com\/hu\/trekking-mtb\/ultra-kerekparos-kalandok-tanacsok-az-elso-probalkozashoz\/#breadcrumb","itemListElement":[{"@type":"ListItem","position":1,"name":"Home","item":"https:\/\/www.welovecycling.com\/hu\/"},{"@type":"ListItem","position":2,"name":"Ultra ker\u00e9kp\u00e1ros kalandok \u2013 Tan\u00e1csok az els\u0151 pr\u00f3b\u00e1lkoz\u00e1shoz"}]},{"@type":"WebSite","@id":"https:\/\/www.welovecycling.com\/hu\/#website","url":"https:\/\/www.welovecycling.com\/hu\/","name":"\u0160koda We Love Cycling - Magyarorsz\u00e1g","description":"\u0160koda WeLoveCycling","potentialAction":[{"@type":"SearchAction","target":{"@type":"EntryPoint","urlTemplate":"https:\/\/www.welovecycling.com\/hu\/?s={search_term_string}"},"query-input":{"@type":"PropertyValueSpecification","valueRequired":true,"valueName":"search_term_string"}}],"inLanguage":"hu"},{"@type":"Person","@id":"https:\/\/www.welovecycling.com\/hu\/#\/schema\/person\/414a2aebf1801691a5320edb6468e194","name":"hegyizs","image":{"@type":"ImageObject","inLanguage":"hu","@id":"https:\/\/www.welovecycling.com\/hu\/#\/schema\/person\/image\/","url":"https:\/\/secure.gravatar.com\/avatar\/02cf8a7906b8cf90cecb4679defac7cfd33a1c2e3b88e4903d947f3bb58eedd3?s=96&d=mm&r=g","contentUrl":"https:\/\/secure.gravatar.com\/avatar\/02cf8a7906b8cf90cecb4679defac7cfd33a1c2e3b88e4903d947f3bb58eedd3?s=96&d=mm&r=g","caption":"hegyizs"},"url":"https:\/\/www.welovecycling.com\/hu\/author\/hegyizs\/"}]}},"_links":{"self":[{"href":"https:\/\/www.welovecycling.com\/hu\/wp-json\/wp\/v2\/posts\/19052","targetHints":{"allow":["GET"]}}],"collection":[{"href":"https:\/\/www.welovecycling.com\/hu\/wp-json\/wp\/v2\/posts"}],"about":[{"href":"https:\/\/www.welovecycling.com\/hu\/wp-json\/wp\/v2\/types\/post"}],"author":[{"embeddable":true,"href":"https:\/\/www.welovecycling.com\/hu\/wp-json\/wp\/v2\/users\/71"}],"replies":[{"embeddable":true,"href":"https:\/\/www.welovecycling.com\/hu\/wp-json\/wp\/v2\/comments?post=19052"}],"version-history":[{"count":1,"href":"https:\/\/www.welovecycling.com\/hu\/wp-json\/wp\/v2\/posts\/19052\/revisions"}],"predecessor-version":[{"id":19054,"href":"https:\/\/www.welovecycling.com\/hu\/wp-json\/wp\/v2\/posts\/19052\/revisions\/19054"}],"wp:featuredmedia":[{"embeddable":true,"href":"https:\/\/www.welovecycling.com\/hu\/wp-json\/wp\/v2\/media\/19053"}],"wp:attachment":[{"href":"https:\/\/www.welovecycling.com\/hu\/wp-json\/wp\/v2\/media?parent=19052"}],"wp:term":[{"taxonomy":"category","embeddable":true,"href":"https:\/\/www.welovecycling.com\/hu\/wp-json\/wp\/v2\/categories?post=19052"},{"taxonomy":"post_tag","embeddable":true,"href":"https:\/\/www.welovecycling.com\/hu\/wp-json\/wp\/v2\/tags?post=19052"},{"taxonomy":"global-categories","embeddable":true,"href":"https:\/\/www.welovecycling.com\/hu\/wp-json\/wp\/v2\/global-categories?post=19052"}],"curies":[{"name":"wp","href":"https:\/\/api.w.org\/{rel}","templated":true}]}}