{"id":1905,"date":"2018-10-01T14:43:43","date_gmt":"2018-10-01T14:43:43","guid":{"rendered":"https:\/\/www.welovecycling.com\/hu\/?p=1905"},"modified":"2018-10-01T14:43:43","modified_gmt":"2018-10-01T14:43:43","slug":"interju-bur-zsolt-aranyvilla-dijassal","status":"publish","type":"post","link":"https:\/\/www.welovecycling.com\/hu\/trekking-mtb\/interju-bur-zsolt-aranyvilla-dijassal\/","title":{"rendered":"Interj\u00fa B\u00far Zsolt Aranyvilla d\u00edjassal"},"content":{"rendered":"<p><strong>A cyclocross a bringasportok k\u00f6z\u00fcl egy kev\u00e9sb\u00e9 ismert, \u00e1m rendk\u00edv\u00fcl \u00f6sszetett \u00e9s l\u00e1tv\u00e1nyos sport\u00e1g. Hogyan ismerkedt\u00e9l meg vele, \u00e9s mi vonz benne a legink\u00e1bb?<br \/>\n<\/strong><br \/>\nVal\u00f3ban nem a legismertebb szak\u00e1g, de az\u00e9rt a Benelux \u00e1llamokban m\u00e1r kb. 100 \u00e9ve jelen van, de egyre n\u00e9pszer\u0171bb p\u00e9ld\u00e1ul Amerik\u00e1ban is. Mindig is vonzott a szak\u00e1g, gyerekkoromban p\u00e9ld\u00e1ul a Vil\u00e1gbajnoks\u00e1got rendszeresen n\u00e9ztem a nemzetk\u00f6zi sportcsatorn\u00e1n. Idehaza 6-7 \u00e9ve lett igen ismert, az\u00f3ta t\u00f6retlen a szenved\u00e9lyem a cross ir\u00e1nt.<br \/>\nA versenyforma speci\u00e1lis kih\u00edv\u00e1sai vonzanak legink\u00e1bb. A technik\u00e1s kanyarok, l\u00e9pcs\u0151sorok, meredek visszaford\u00edt\u00f3k \u00e9s m\u00e9g sorolhatn\u00e1m a technikai kih\u00edv\u00e1sokat.<\/p>\n<p><a href=\"https:\/\/d2p6e6u75xmxt8.cloudfront.net\/12\/2018\/10\/Cross-magyar-bajnok.jpg\"><img loading=\"lazy\" decoding=\"async\" class=\"alignnone size-extra-large wp-image-1910\" src=\"https:\/\/d2p6e6u75xmxt8.cloudfront.net\/12\/2018\/10\/Cross-magyar-bajnok-1920x1280.jpg\" alt=\"Cross-magyar-bajnok\" width=\"1920\" height=\"1280\" srcset=\"https:\/\/d2p6e6u75xmxt8.cloudfront.net\/12\/2018\/10\/Cross-magyar-bajnok-1920x1280.jpg 1920w, https:\/\/d2p6e6u75xmxt8.cloudfront.net\/12\/2018\/10\/Cross-magyar-bajnok-300x200.jpg 300w, https:\/\/d2p6e6u75xmxt8.cloudfront.net\/12\/2018\/10\/Cross-magyar-bajnok-768x512.jpg 768w, https:\/\/d2p6e6u75xmxt8.cloudfront.net\/12\/2018\/10\/Cross-magyar-bajnok-1024x682.jpg 1024w, https:\/\/d2p6e6u75xmxt8.cloudfront.net\/12\/2018\/10\/Cross-magyar-bajnok-272x182.jpg 272w, https:\/\/d2p6e6u75xmxt8.cloudfront.net\/12\/2018\/10\/Cross-magyar-bajnok.jpg 2000w, https:\/\/d2p6e6u75xmxt8.cloudfront.net\/12\/2018\/10\/Cross-magyar-bajnok-1920x1280.jpg 1920w\" sizes=\"auto, (max-width: 1920px) 100vw, 1920px\" \/><\/a><\/p>\n<p><strong>Melyik verseny jelentette sz\u00e1modra a legnagyobb kih\u00edv\u00e1st \u00e9s mi\u00e9rt?<\/strong><\/p>\n<p>Tal\u00e1n a 2017-es VB. Azel\u0151tt nem mentem ennyire er\u0151s mez\u0151nyben, \u00e9s neh\u00e9z p\u00e1ly\u00e1n. Sokaknak meggy\u0171lt a baja a jeges talajviszonyokkal.<\/p>\n<p><strong>Melyik eredm\u00e9nyedre vagy a legb\u00fcszk\u00e9bb? <\/strong><\/p>\n<p>A legb\u00fcszk\u00e9bb a 2016-os Olimpiai Cross Magyar Bajnoks\u00e1gon el\u00e9rt 2. helyemre.<br \/>\nHa a crosst n\u00e9zz\u00fck, akkor term\u00e9szetesen a h\u00e1rom Bajnoki c\u00edmemre, \u00e9s a hoogerheidei Vil\u00e1gkup\u00e1n ny\u00fajtott teljes\u00edtm\u00e9nyemre.<\/p>\n<p><strong>Milyen bring\u00e1val versenyzel, \u00e9s hogyan k\u00e9sz\u00edted fel az extr\u00e9m terhel\u00e9sre?<br \/>\n<\/strong><br \/>\nA bajnoks\u00e1gaimat Lapierre bring\u00e1kkal nyertem, de id\u00e9nt\u0151l k\u00e9t szuper Ridley X-Night \u2013al versenyzem.<br \/>\nVannak speci\u00e1lis helyzetek, mint pl. a szing\u00f3 felragaszt\u00e1sa, vagy egy\u00e9b alkatr\u00e9szek tuningol\u00e1sa, de az\u00e9rt nem t\u00e9r el nagyban egy \u00e1tlagos bringa felk\u00e9sz\u00edt\u00e9s\u00e9t\u0151l. A szervizel\u00e9st sem csak nekem kell v\u00e9geznem. Papp Robi a DoctorBike m\u0171hely tulajdonosa \u00e9s Illy\u00e1s Ati rengeteget seg\u00edt. A versenyeken Robi az \u00e1lland\u00f3 szerel\u0151m \u00e9s Tak\u00e1cs M\u00e1t\u00e9 pedig a \u201emindenes\u201d ebben a csapatban.\u00a0 Mindez nem val\u00f3sulna meg Kelemen Imi bar\u00e1tom n\u00e9lk\u00fcl, \u00edgy l\u00e1thatj\u00e1tok, hogy ez egy igazi csapatmunka, ahol mindenkinek megvan a feladata, hogy a c\u00e9ljainkat meg tudjuk val\u00f3s\u00edtani.<\/p>\n<p><a href=\"https:\/\/d2p6e6u75xmxt8.cloudfront.net\/12\/2018\/10\/B\u00far-Zsolt-Cross-magyar-bajnok.jpg\"><img loading=\"lazy\" decoding=\"async\" class=\"alignnone size-extra-large wp-image-1911\" src=\"https:\/\/d2p6e6u75xmxt8.cloudfront.net\/12\/2018\/10\/B\u00far-Zsolt-Cross-magyar-bajnok-1920x1280.jpg\" alt=\"B\u00far-Zsolt-Cross-magyar-bajnok\" width=\"1920\" height=\"1280\" srcset=\"https:\/\/d2p6e6u75xmxt8.cloudfront.net\/12\/2018\/10\/B\u00far-Zsolt-Cross-magyar-bajnok-1920x1280.jpg 1920w, https:\/\/d2p6e6u75xmxt8.cloudfront.net\/12\/2018\/10\/B\u00far-Zsolt-Cross-magyar-bajnok-300x200.jpg 300w, https:\/\/d2p6e6u75xmxt8.cloudfront.net\/12\/2018\/10\/B\u00far-Zsolt-Cross-magyar-bajnok-768x512.jpg 768w, https:\/\/d2p6e6u75xmxt8.cloudfront.net\/12\/2018\/10\/B\u00far-Zsolt-Cross-magyar-bajnok-1024x682.jpg 1024w, https:\/\/d2p6e6u75xmxt8.cloudfront.net\/12\/2018\/10\/B\u00far-Zsolt-Cross-magyar-bajnok-272x182.jpg 272w, https:\/\/d2p6e6u75xmxt8.cloudfront.net\/12\/2018\/10\/B\u00far-Zsolt-Cross-magyar-bajnok.jpg 2000w, https:\/\/d2p6e6u75xmxt8.cloudfront.net\/12\/2018\/10\/B\u00far-Zsolt-Cross-magyar-bajnok-1920x1280.jpg 1920w\" sizes=\"auto, (max-width: 1920px) 100vw, 1920px\" \/><\/a><\/p>\n<p><strong>Milyen volt az els\u0151 bring\u00e1d?<\/strong><\/p>\n<p>Tal\u00e1n egy Camping bringa, majd a BMX bandita korszak k\u00f6vetkezett<\/p>\n<p><strong>2006-ban, az augusztus 20-ai vihar sor\u00e1n te is s\u00falyosan megs\u00e9r\u00fclt\u00e9l, el is tiltottak akkor a ker\u00e9kp\u00e1roz\u00e1st\u00f3l, de te a rehabilit\u00e1ci\u00f3 \u00e9s a visszat\u00e9r\u00e9s mellett d\u00f6nt\u00f6tt\u00e9l. Meddig tartott \u00e9s hogyan zajlott ez az id\u0151szak sz\u00e1modra? V\u00e1ltozott valami emiatt benned az elm\u00falt 12 \u00e9vben?<br \/>\n<\/strong><br \/>\nA teljes fel\u00e9p\u00fcl\u00e9s kb egy \u00e9vet vett ig\u00e9nybe. A baleset ut\u00e1n 11 h\u00f3nappal indultam egy versenyen, ahol nagyon sokadik lettem, \u00e9s s\u00edrva toltam a bring\u00e1t fel a hegyre. R\u00e1 12 h\u00f3napra visszamentem oda, \u00e9s a kateg\u00f3ri\u00e1t megnyerve lek\u00fczd\u00f6ttem az omin\u00f3zus emelked\u0151t. Ma m\u00e1r a leghosszabb t\u00e1von indulok azon a versenyen, a hegyre pedig az Orsz\u00e1g leggyorsabb montisaival versenyzem a nyer\u0151 poz\u00edci\u00f3\u00e9rt. Nagyon sok minden v\u00e1ltozott 12 \u00e9v alatt. 180 fokot fordult az \u00e9letem, az akkori \u00f6nmagamhoz k\u00e9pest. Ebben az\u00e9rt nagy szerepe van a bar\u00e1tn\u0151mnek \u00e9s a nagyon k\u00f6zeli bar\u00e1taimnak is!<\/p>\n<p><strong>A Magyar Ut\u00e1np\u00f3tl\u00e1s V\u00e1logatott edz\u0151je vagy, \u00e9s te volt\u00e1l az egyik f\u0151szervez\u0151je a tavaszi Jarritos Eleminator XCE \u00datt\u00e1rs Kupafutam ut\u00e1np\u00f3tl\u00e1s ker\u00e9kp\u00e1ros versenynek. Mi a legfontosabb sz\u00e1modra a gyerekekkel val\u00f3 foglalkoz\u00e1sban?<\/strong><\/p>\n<p>Igen, ebb\u0151l a verseny sorozatb\u00f3l t\u00f6bb futamot is szervezt\u00fcnk az idei \u00e9vben. Ez egy \u00faj versenyforma, ami nagyon l\u00e1tv\u00e1nyos \u00e9s k\u00f6z\u00f6ns\u00e9g csalogat\u00f3, mindazon\u00e1ltal a versenyz\u0151 gyerekek technikai \u00e9s fizikai felk\u00e9sz\u00fclts\u00e9g\u00e9t nagyban seg\u00edti. A munk\u00e1mat jelenti, de nem \u00fagy, mint egy \u00e1tlagos mel\u00f3! A fegyelem \u00e9s az elv\u00e1r\u00e1s mellett ott a viccesked\u00e9s, \u201ecinkel\u00e9s\u201d is. Im\u00e1dok vel\u00fck lenni, nagyon sok pozit\u00edv energi\u00e1t adnak. Jaaa, \u00e9s fiatalabbnak is \u00e9rzem magam a t\u00e1rsas\u00e1gukban. Volt egyszer egy olyan eset, hogy egy versenyemen nem j\u00f6tt az a teljes\u00edtm\u00e9ny, ami elv\u00e1rhat\u00f3 lett volna magamt\u00f3l. Kicsit enerv\u00e1lt voltam, \u00edgy nem sok \u00e9rtelm\u00e9t l\u00e1ttam a folytat\u00e1snak. De eszembe jutott, hogy milyen p\u00e9ld\u00e1t mutatok \u00edgy nekik, ha ki\u00e1llok?? Befejeztem a versenyt.<\/p>\n<p><a href=\"https:\/\/d2p6e6u75xmxt8.cloudfront.net\/12\/2018\/10\/cyclo-cross.jpg\"><img loading=\"lazy\" decoding=\"async\" class=\"alignnone size-extra-large wp-image-1912\" src=\"https:\/\/d2p6e6u75xmxt8.cloudfront.net\/12\/2018\/10\/cyclo-cross-1920x1280.jpg\" alt=\"cyclo-cross\" width=\"1920\" height=\"1280\" srcset=\"https:\/\/d2p6e6u75xmxt8.cloudfront.net\/12\/2018\/10\/cyclo-cross-1920x1280.jpg 1920w, https:\/\/d2p6e6u75xmxt8.cloudfront.net\/12\/2018\/10\/cyclo-cross-300x200.jpg 300w, https:\/\/d2p6e6u75xmxt8.cloudfront.net\/12\/2018\/10\/cyclo-cross-768x512.jpg 768w, https:\/\/d2p6e6u75xmxt8.cloudfront.net\/12\/2018\/10\/cyclo-cross-1024x682.jpg 1024w, https:\/\/d2p6e6u75xmxt8.cloudfront.net\/12\/2018\/10\/cyclo-cross-272x182.jpg 272w, https:\/\/d2p6e6u75xmxt8.cloudfront.net\/12\/2018\/10\/cyclo-cross.jpg 2000w, https:\/\/d2p6e6u75xmxt8.cloudfront.net\/12\/2018\/10\/cyclo-cross-1920x1280.jpg 1920w\" sizes=\"auto, (max-width: 1920px) 100vw, 1920px\" \/><\/a><\/p>\n<p><strong>Ki k\u00eds\u00e9r el a versenyekre?<\/strong><\/p>\n<p>\u00c1ltal\u00e1ban Robi \u00e9s M\u00e1t\u00e9 j\u00f6nnek velem a k\u00fclf\u00f6ldi utakra. Az itthoniakra term\u00e9szetesen a p\u00e1rom, csal\u00e1dtagjaim is elj\u00f6nnek, de szigor\u00faan csak szurkol\u00f3k\u00e9nt.<\/p>\n<p><strong>Ki a p\u00e9ldak\u00e9ped?<\/strong><\/p>\n<p>Nincs igaz\u00e1n p\u00e9ldak\u00e9pem.<br \/>\nHa most nevet kell \u00edrnom, akkor Thomas Frischknecht. A mai fiatalok m\u00e1r tal\u00e1n nem is ismernek, pedig m\u00e9g mindig meghat\u00e1roz\u00f3 szerepet j\u00e1tszik a nemzetk\u00f6zi montis \u00e9letben.<\/p>\n<p><strong>Mi a kedvenc edz\u00e9sm\u00f3dszered?<br \/>\n<\/strong><br \/>\n#csakany\u00e9l<br \/>\nNincs kifejezetten kedvencem. Ha montizni van kedvem, montizok, ha orsz\u00e1g\u00fatizni, akkor orsz\u00e1g\u00fatizom, ha pedig crossozni akkor cross bring\u00e1val megyek. CX szezonban ink\u00e1bb a speci\u00e1lis cross edz\u00e9seket prefer\u00e1lom. R\u00f6videbbek, viszont p\u00f6rg\u0151sebbek, intenz\u00edvebbek, mint pl. az \u00e1ll\u00f3k\u00e9pess\u00e9gi tr\u00e9ningek.<\/p>\n<p><a href=\"https:\/\/d2p6e6u75xmxt8.cloudfront.net\/12\/2018\/10\/cross-country.jpg\"><img loading=\"lazy\" decoding=\"async\" class=\"alignnone size-extra-large wp-image-1914\" src=\"https:\/\/d2p6e6u75xmxt8.cloudfront.net\/12\/2018\/10\/cross-country-1920x1280.jpg\" alt=\"cross-country\" width=\"1920\" height=\"1280\" srcset=\"https:\/\/d2p6e6u75xmxt8.cloudfront.net\/12\/2018\/10\/cross-country-1920x1280.jpg 1920w, https:\/\/d2p6e6u75xmxt8.cloudfront.net\/12\/2018\/10\/cross-country-300x200.jpg 300w, https:\/\/d2p6e6u75xmxt8.cloudfront.net\/12\/2018\/10\/cross-country-768x512.jpg 768w, https:\/\/d2p6e6u75xmxt8.cloudfront.net\/12\/2018\/10\/cross-country-1024x682.jpg 1024w, https:\/\/d2p6e6u75xmxt8.cloudfront.net\/12\/2018\/10\/cross-country-272x182.jpg 272w, https:\/\/d2p6e6u75xmxt8.cloudfront.net\/12\/2018\/10\/cross-country.jpg 2000w, https:\/\/d2p6e6u75xmxt8.cloudfront.net\/12\/2018\/10\/cross-country-1920x1280.jpg 1920w\" sizes=\"auto, (max-width: 1920px) 100vw, 1920px\" \/><\/a><\/p>\n<p><strong>Mit tan\u00e1csoln\u00e1l azoknak, akik most szeretn\u00e9k elkezdeni ezt a sportot?<\/strong><\/p>\n<p>Hogy csin\u00e1lj\u00e1k!!!!<br \/>\nEr\u0151nl\u00e9tileg \u00e9s technikailag is nagyon sokat lehet fejl\u0151dni. Az eg\u00e9sz Vil\u00e1g egy cross p\u00e1lya, \u00edgy mindenhol lehet edzeni, ak\u00e1r egy parkban, egy r\u00e9ten kar\u00f3kat ker\u00fclgetve, de pl. az \u00e9n kedvenc terepem, a ferihegyi rept\u00e9r m\u00f6g\u00f6tti\u00a0homokos r\u00e9szen val\u00f3 gyakorl\u00e1s. Hajr\u00e1!!:)<\/p>\n<p><strong>Mik a terveid a j\u00f6v\u0151re n\u00e9zve ak\u00e1r a sporttal kapcsolatban, ak\u00e1r azon k\u00edv\u00fcl?<\/strong><\/p>\n<p>A sport karrierem lassan a v\u00e9g\u00e9hez k\u00f6zeledik. Nem jelenti azt, hogy nem fogok versenyezni, de m\u00e1r nem ezen a szinten.\u00a0 Folytatom a gyerekek tren\u00edroz\u00e1s\u00e1t, feln\u0151tteket seg\u00edtek hozz\u00e1, hogy jobb kondiban legyenek \u00e9s technikailag is k\u00e9pzettebbek legyenek. A ker\u00e9kp\u00e1ros sz\u00f6vets\u00e9g munk\u00e1j\u00e1ban is akt\u00edvan r\u00e9szt veszek, s\u0151t, m\u00e9g k\u00fcl\u00f6nb\u00f6z\u0151 versenyeket is rendezek. Legyen az CX, MTB, vagy ut\u00e1np\u00f3tl\u00e1s! Az eg\u00e9sz \u00e9letem a ker\u00e9kp\u00e1roz\u00e1s k\u00f6r\u00fcl forog.<\/p>\n<p>&nbsp;<\/p>\n","protected":false},"excerpt":{"rendered":"<p>A cyclocross a bringasportok k\u00f6z\u00fcl egy kev\u00e9sb\u00e9 ismert, \u00e1m rendk\u00edv\u00fcl \u00f6sszetett \u00e9s l\u00e1tv\u00e1nyos sport\u00e1g. Hogyan ismerkedt\u00e9l meg vele, \u00e9s mi [&hellip;]<\/p>\n","protected":false},"author":71,"featured_media":1909,"comment_status":"open","ping_status":"open","sticky":false,"template":"","format":"standard","meta":{"footnotes":""},"categories":[7],"tags":[198,195,196,197,128],"global-categories":[],"class_list":["post-1905","post","type-post","status-publish","format-standard","has-post-thumbnail","hentry","category-trekking-mtb","tag-aranyvilla","tag-bur-zsolt","tag-cross","tag-cyclocross","tag-welovecycling"],"yoast_head":"<!-- This site is optimized with the Yoast SEO Premium plugin v25.3 (Yoast SEO v25.9) - https:\/\/yoast.com\/wordpress\/plugins\/seo\/ -->\n<title>Interj\u00fa B\u00far Zsolt Aranyvilla d\u00edjassal - \u0160koda We Love Cycling - Magyarorsz\u00e1g<\/title>\n<meta name=\"description\" content=\"Az eg\u00e9sz Vil\u00e1g egy cross p\u00e1lya, \u00edgy mindenhol lehet edzeni, ak\u00e1r egy parkban, egy r\u00e9ten kar\u00f3kat ker\u00fclgetve. B\u00far Zsolt Aranyvill\u00e1s bajnokkal besz\u00e9lgett\u00fcnk.\" \/>\n<meta name=\"robots\" content=\"index, follow, max-snippet:-1, max-image-preview:large, max-video-preview:-1\" \/>\n<link rel=\"canonical\" href=\"https:\/\/www.welovecycling.com\/hu\/trekking-mtb\/interju-bur-zsolt-aranyvilla-dijassal\/\" \/>\n<meta property=\"og:locale\" content=\"hu_HU\" \/>\n<meta property=\"og:type\" content=\"article\" \/>\n<meta property=\"og:title\" content=\"Interj\u00fa B\u00far Zsolt Aranyvilla d\u00edjassal\" \/>\n<meta property=\"og:description\" content=\"Az eg\u00e9sz Vil\u00e1g egy cross p\u00e1lya, \u00edgy mindenhol lehet edzeni, ak\u00e1r egy parkban, egy r\u00e9ten kar\u00f3kat ker\u00fclgetve. B\u00far Zsolt Aranyvill\u00e1s bajnokkal besz\u00e9lgett\u00fcnk.\" \/>\n<meta property=\"og:url\" content=\"https:\/\/www.welovecycling.com\/hu\/trekking-mtb\/interju-bur-zsolt-aranyvilla-dijassal\/\" \/>\n<meta property=\"og:site_name\" content=\"\u0160koda We Love Cycling - Magyarorsz\u00e1g\" \/>\n<meta property=\"article:publisher\" content=\"https:\/\/www.facebook.com\/WeLoveCyclingHungary\/\" \/>\n<meta property=\"article:published_time\" content=\"2018-10-01T14:43:43+00:00\" \/>\n<meta property=\"og:image\" content=\"https:\/\/d2p6e6u75xmxt8.cloudfront.net\/12\/2018\/10\/B\u00far-Zsolt-cross-bajnok-1.jpg\" \/>\n\t<meta property=\"og:image:width\" content=\"1991\" \/>\n\t<meta property=\"og:image:height\" content=\"1007\" \/>\n\t<meta property=\"og:image:type\" content=\"image\/jpeg\" \/>\n<meta name=\"author\" content=\"hegyizs\" \/>\n<meta name=\"twitter:card\" content=\"summary_large_image\" \/>\n<meta name=\"twitter:label1\" content=\"Written by\" \/>\n\t<meta name=\"twitter:data1\" content=\"hegyizs\" \/>\n\t<meta name=\"twitter:label2\" content=\"Est. reading time\" \/>\n\t<meta name=\"twitter:data2\" content=\"5 minutes\" \/>\n<script type=\"application\/ld+json\" class=\"yoast-schema-graph\">{\"@context\":\"https:\/\/schema.org\",\"@graph\":[{\"@type\":\"WebPage\",\"@id\":\"https:\/\/www.welovecycling.com\/hu\/trekking-mtb\/interju-bur-zsolt-aranyvilla-dijassal\/\",\"url\":\"https:\/\/www.welovecycling.com\/hu\/trekking-mtb\/interju-bur-zsolt-aranyvilla-dijassal\/\",\"name\":\"Interj\u00fa B\u00far Zsolt Aranyvilla d\u00edjassal - \u0160koda We Love Cycling - Magyarorsz\u00e1g\",\"isPartOf\":{\"@id\":\"https:\/\/www.welovecycling.com\/hu\/#website\"},\"primaryImageOfPage\":{\"@id\":\"https:\/\/www.welovecycling.com\/hu\/trekking-mtb\/interju-bur-zsolt-aranyvilla-dijassal\/#primaryimage\"},\"image\":{\"@id\":\"https:\/\/www.welovecycling.com\/hu\/trekking-mtb\/interju-bur-zsolt-aranyvilla-dijassal\/#primaryimage\"},\"thumbnailUrl\":\"https:\/\/d2p6e6u75xmxt8.cloudfront.net\/12\/2018\/10\/B\u00far-Zsolt-cross-bajnok-1.jpg\",\"datePublished\":\"2018-10-01T14:43:43+00:00\",\"author\":{\"@id\":\"https:\/\/www.welovecycling.com\/hu\/#\/schema\/person\/414a2aebf1801691a5320edb6468e194\"},\"description\":\"Az eg\u00e9sz Vil\u00e1g egy cross p\u00e1lya, \u00edgy mindenhol lehet edzeni, ak\u00e1r egy parkban, egy r\u00e9ten kar\u00f3kat ker\u00fclgetve. B\u00far Zsolt Aranyvill\u00e1s bajnokkal besz\u00e9lgett\u00fcnk.\",\"breadcrumb\":{\"@id\":\"https:\/\/www.welovecycling.com\/hu\/trekking-mtb\/interju-bur-zsolt-aranyvilla-dijassal\/#breadcrumb\"},\"inLanguage\":\"hu\",\"potentialAction\":[{\"@type\":\"ReadAction\",\"target\":[\"https:\/\/www.welovecycling.com\/hu\/trekking-mtb\/interju-bur-zsolt-aranyvilla-dijassal\/\"]}]},{\"@type\":\"ImageObject\",\"inLanguage\":\"hu\",\"@id\":\"https:\/\/www.welovecycling.com\/hu\/trekking-mtb\/interju-bur-zsolt-aranyvilla-dijassal\/#primaryimage\",\"url\":\"https:\/\/d2p6e6u75xmxt8.cloudfront.net\/12\/2018\/10\/B\u00far-Zsolt-cross-bajnok-1.jpg\",\"contentUrl\":\"https:\/\/d2p6e6u75xmxt8.cloudfront.net\/12\/2018\/10\/B\u00far-Zsolt-cross-bajnok-1.jpg\",\"width\":1991,\"height\":1007,\"caption\":\"B\u00far-Zsolt-cross-bajnok\"},{\"@type\":\"BreadcrumbList\",\"@id\":\"https:\/\/www.welovecycling.com\/hu\/trekking-mtb\/interju-bur-zsolt-aranyvilla-dijassal\/#breadcrumb\",\"itemListElement\":[{\"@type\":\"ListItem\",\"position\":1,\"name\":\"Home\",\"item\":\"https:\/\/www.welovecycling.com\/hu\/\"},{\"@type\":\"ListItem\",\"position\":2,\"name\":\"Interj\u00fa B\u00far Zsolt Aranyvilla d\u00edjassal\"}]},{\"@type\":\"WebSite\",\"@id\":\"https:\/\/www.welovecycling.com\/hu\/#website\",\"url\":\"https:\/\/www.welovecycling.com\/hu\/\",\"name\":\"\u0160koda We Love Cycling - Magyarorsz\u00e1g\",\"description\":\"\u0160koda WeLoveCycling\",\"potentialAction\":[{\"@type\":\"SearchAction\",\"target\":{\"@type\":\"EntryPoint\",\"urlTemplate\":\"https:\/\/www.welovecycling.com\/hu\/?s={search_term_string}\"},\"query-input\":{\"@type\":\"PropertyValueSpecification\",\"valueRequired\":true,\"valueName\":\"search_term_string\"}}],\"inLanguage\":\"hu\"},{\"@type\":\"Person\",\"@id\":\"https:\/\/www.welovecycling.com\/hu\/#\/schema\/person\/414a2aebf1801691a5320edb6468e194\",\"name\":\"hegyizs\",\"image\":{\"@type\":\"ImageObject\",\"inLanguage\":\"hu\",\"@id\":\"https:\/\/www.welovecycling.com\/hu\/#\/schema\/person\/image\/\",\"url\":\"https:\/\/secure.gravatar.com\/avatar\/02cf8a7906b8cf90cecb4679defac7cfd33a1c2e3b88e4903d947f3bb58eedd3?s=96&d=mm&r=g\",\"contentUrl\":\"https:\/\/secure.gravatar.com\/avatar\/02cf8a7906b8cf90cecb4679defac7cfd33a1c2e3b88e4903d947f3bb58eedd3?s=96&d=mm&r=g\",\"caption\":\"hegyizs\"},\"url\":\"https:\/\/www.welovecycling.com\/hu\/author\/hegyizs\/\"}]}<\/script>\n<!-- \/ Yoast SEO Premium plugin. -->","yoast_head_json":{"title":"Interj\u00fa B\u00far Zsolt Aranyvilla d\u00edjassal - \u0160koda We Love Cycling - Magyarorsz\u00e1g","description":"Az eg\u00e9sz Vil\u00e1g egy cross p\u00e1lya, \u00edgy mindenhol lehet edzeni, ak\u00e1r egy parkban, egy r\u00e9ten kar\u00f3kat ker\u00fclgetve. B\u00far Zsolt Aranyvill\u00e1s bajnokkal besz\u00e9lgett\u00fcnk.","robots":{"index":"index","follow":"follow","max-snippet":"max-snippet:-1","max-image-preview":"max-image-preview:large","max-video-preview":"max-video-preview:-1"},"canonical":"https:\/\/www.welovecycling.com\/hu\/trekking-mtb\/interju-bur-zsolt-aranyvilla-dijassal\/","og_locale":"hu_HU","og_type":"article","og_title":"Interj\u00fa B\u00far Zsolt Aranyvilla d\u00edjassal","og_description":"Az eg\u00e9sz Vil\u00e1g egy cross p\u00e1lya, \u00edgy mindenhol lehet edzeni, ak\u00e1r egy parkban, egy r\u00e9ten kar\u00f3kat ker\u00fclgetve. B\u00far Zsolt Aranyvill\u00e1s bajnokkal besz\u00e9lgett\u00fcnk.","og_url":"https:\/\/www.welovecycling.com\/hu\/trekking-mtb\/interju-bur-zsolt-aranyvilla-dijassal\/","og_site_name":"\u0160koda We Love Cycling - Magyarorsz\u00e1g","article_publisher":"https:\/\/www.facebook.com\/WeLoveCyclingHungary\/","article_published_time":"2018-10-01T14:43:43+00:00","og_image":[{"width":1991,"height":1007,"url":"https:\/\/d2p6e6u75xmxt8.cloudfront.net\/12\/2018\/10\/B\u00far-Zsolt-cross-bajnok-1.jpg","type":"image\/jpeg"}],"author":"hegyizs","twitter_card":"summary_large_image","twitter_misc":{"Written by":"hegyizs","Est. reading time":"5 minutes"},"schema":{"@context":"https:\/\/schema.org","@graph":[{"@type":"WebPage","@id":"https:\/\/www.welovecycling.com\/hu\/trekking-mtb\/interju-bur-zsolt-aranyvilla-dijassal\/","url":"https:\/\/www.welovecycling.com\/hu\/trekking-mtb\/interju-bur-zsolt-aranyvilla-dijassal\/","name":"Interj\u00fa B\u00far Zsolt Aranyvilla d\u00edjassal - \u0160koda We Love Cycling - Magyarorsz\u00e1g","isPartOf":{"@id":"https:\/\/www.welovecycling.com\/hu\/#website"},"primaryImageOfPage":{"@id":"https:\/\/www.welovecycling.com\/hu\/trekking-mtb\/interju-bur-zsolt-aranyvilla-dijassal\/#primaryimage"},"image":{"@id":"https:\/\/www.welovecycling.com\/hu\/trekking-mtb\/interju-bur-zsolt-aranyvilla-dijassal\/#primaryimage"},"thumbnailUrl":"https:\/\/d2p6e6u75xmxt8.cloudfront.net\/12\/2018\/10\/B\u00far-Zsolt-cross-bajnok-1.jpg","datePublished":"2018-10-01T14:43:43+00:00","author":{"@id":"https:\/\/www.welovecycling.com\/hu\/#\/schema\/person\/414a2aebf1801691a5320edb6468e194"},"description":"Az eg\u00e9sz Vil\u00e1g egy cross p\u00e1lya, \u00edgy mindenhol lehet edzeni, ak\u00e1r egy parkban, egy r\u00e9ten kar\u00f3kat ker\u00fclgetve. B\u00far Zsolt Aranyvill\u00e1s bajnokkal besz\u00e9lgett\u00fcnk.","breadcrumb":{"@id":"https:\/\/www.welovecycling.com\/hu\/trekking-mtb\/interju-bur-zsolt-aranyvilla-dijassal\/#breadcrumb"},"inLanguage":"hu","potentialAction":[{"@type":"ReadAction","target":["https:\/\/www.welovecycling.com\/hu\/trekking-mtb\/interju-bur-zsolt-aranyvilla-dijassal\/"]}]},{"@type":"ImageObject","inLanguage":"hu","@id":"https:\/\/www.welovecycling.com\/hu\/trekking-mtb\/interju-bur-zsolt-aranyvilla-dijassal\/#primaryimage","url":"https:\/\/d2p6e6u75xmxt8.cloudfront.net\/12\/2018\/10\/B\u00far-Zsolt-cross-bajnok-1.jpg","contentUrl":"https:\/\/d2p6e6u75xmxt8.cloudfront.net\/12\/2018\/10\/B\u00far-Zsolt-cross-bajnok-1.jpg","width":1991,"height":1007,"caption":"B\u00far-Zsolt-cross-bajnok"},{"@type":"BreadcrumbList","@id":"https:\/\/www.welovecycling.com\/hu\/trekking-mtb\/interju-bur-zsolt-aranyvilla-dijassal\/#breadcrumb","itemListElement":[{"@type":"ListItem","position":1,"name":"Home","item":"https:\/\/www.welovecycling.com\/hu\/"},{"@type":"ListItem","position":2,"name":"Interj\u00fa B\u00far Zsolt Aranyvilla d\u00edjassal"}]},{"@type":"WebSite","@id":"https:\/\/www.welovecycling.com\/hu\/#website","url":"https:\/\/www.welovecycling.com\/hu\/","name":"\u0160koda We Love Cycling - Magyarorsz\u00e1g","description":"\u0160koda WeLoveCycling","potentialAction":[{"@type":"SearchAction","target":{"@type":"EntryPoint","urlTemplate":"https:\/\/www.welovecycling.com\/hu\/?s={search_term_string}"},"query-input":{"@type":"PropertyValueSpecification","valueRequired":true,"valueName":"search_term_string"}}],"inLanguage":"hu"},{"@type":"Person","@id":"https:\/\/www.welovecycling.com\/hu\/#\/schema\/person\/414a2aebf1801691a5320edb6468e194","name":"hegyizs","image":{"@type":"ImageObject","inLanguage":"hu","@id":"https:\/\/www.welovecycling.com\/hu\/#\/schema\/person\/image\/","url":"https:\/\/secure.gravatar.com\/avatar\/02cf8a7906b8cf90cecb4679defac7cfd33a1c2e3b88e4903d947f3bb58eedd3?s=96&d=mm&r=g","contentUrl":"https:\/\/secure.gravatar.com\/avatar\/02cf8a7906b8cf90cecb4679defac7cfd33a1c2e3b88e4903d947f3bb58eedd3?s=96&d=mm&r=g","caption":"hegyizs"},"url":"https:\/\/www.welovecycling.com\/hu\/author\/hegyizs\/"}]}},"_links":{"self":[{"href":"https:\/\/www.welovecycling.com\/hu\/wp-json\/wp\/v2\/posts\/1905","targetHints":{"allow":["GET"]}}],"collection":[{"href":"https:\/\/www.welovecycling.com\/hu\/wp-json\/wp\/v2\/posts"}],"about":[{"href":"https:\/\/www.welovecycling.com\/hu\/wp-json\/wp\/v2\/types\/post"}],"author":[{"embeddable":true,"href":"https:\/\/www.welovecycling.com\/hu\/wp-json\/wp\/v2\/users\/71"}],"replies":[{"embeddable":true,"href":"https:\/\/www.welovecycling.com\/hu\/wp-json\/wp\/v2\/comments?post=1905"}],"version-history":[{"count":2,"href":"https:\/\/www.welovecycling.com\/hu\/wp-json\/wp\/v2\/posts\/1905\/revisions"}],"predecessor-version":[{"id":1916,"href":"https:\/\/www.welovecycling.com\/hu\/wp-json\/wp\/v2\/posts\/1905\/revisions\/1916"}],"wp:featuredmedia":[{"embeddable":true,"href":"https:\/\/www.welovecycling.com\/hu\/wp-json\/wp\/v2\/media\/1909"}],"wp:attachment":[{"href":"https:\/\/www.welovecycling.com\/hu\/wp-json\/wp\/v2\/media?parent=1905"}],"wp:term":[{"taxonomy":"category","embeddable":true,"href":"https:\/\/www.welovecycling.com\/hu\/wp-json\/wp\/v2\/categories?post=1905"},{"taxonomy":"post_tag","embeddable":true,"href":"https:\/\/www.welovecycling.com\/hu\/wp-json\/wp\/v2\/tags?post=1905"},{"taxonomy":"global-categories","embeddable":true,"href":"https:\/\/www.welovecycling.com\/hu\/wp-json\/wp\/v2\/global-categories?post=1905"}],"curies":[{"name":"wp","href":"https:\/\/api.w.org\/{rel}","templated":true}]}}