{"id":19046,"date":"2025-06-11T08:00:53","date_gmt":"2025-06-11T06:00:53","guid":{"rendered":"https:\/\/www.welovecycling.com\/hu\/?p=19046"},"modified":"2025-06-04T11:53:15","modified_gmt":"2025-06-04T09:53:15","slug":"ultra-kerekparos-kalandok-miert-csinaljak-az-emberek","status":"publish","type":"post","link":"https:\/\/www.welovecycling.com\/hu\/trekking-mtb\/ultra-kerekparos-kalandok-miert-csinaljak-az-emberek\/","title":{"rendered":"Ultra ker\u00e9kp\u00e1ros kalandok \u2013 Mi\u00e9rt csin\u00e1lj\u00e1k az emberek?"},"content":{"rendered":"<p><strong>Mindig is foglalkoztatott a k\u00e9rd\u00e9s, hogy mi vonzza az embereket az extr\u00e9m t\u00e1vokban? Engem is. Szeretek bring\u00e1zni, de m\u00e9g soha nem pr\u00f3b\u00e1ltam ultra t\u00e1vot letekerni. N\u00e9zz\u00fck meg, mi motiv\u00e1lja a legjobb ultra ker\u00e9kp\u00e1rosokat \u2013 \u00e9s vajon \u00e9rdemes-e egy \u201e\u00e1tlagembernek\u201d is elgondolkodnia rajta, hogy belev\u00e1g.<\/strong><\/p>\n<p><!--more--><\/p>\n<h2><strong>Mi lehet j\u00f3 benne?<\/strong><\/h2>\n<p>Bringa-rajong\u00f3k\u00e9nt, akinek a YouTube-algoritmusa tele van ker\u00e9kp\u00e1ros tartalmakkal, rendszeresen szembej\u00f6nnek velem dokumentumfilmek \u00e9s vlogok a Transcontinental Race-r\u0151l, a Tour Divide-r\u00f3l \u00e9s m\u00e1s \u0151r\u00fclt, ultra esem\u00e9nyekr\u0151l. Elkezdtem gondolkodni: mi lenne, ha \u00e9n is megpr\u00f3b\u00e1ln\u00e1m? Mi lehet benne j\u00f3?<\/p>\n<p>N\u00e9gy dolog jutott eszembe:<\/p>\n<p><strong>A hat\u00e1raim feszeget\u00e9se<\/strong> \u2013 M\u00e9g sosem bring\u00e1ztam n\u00e9h\u00e1ny \u00f3r\u00e1n\u00e1l t\u00f6bbet egy huzamban. Milyen lenne eg\u00e9sz nap tekerni? Vagy ak\u00e1r t\u00f6bb napon \u00e1t?<\/p>\n<p><strong>A kaland kedv\u00e9\u00e9rt<\/strong> \u2013 Szeretek elindulni az ismeretlenbe, tesztelni a felk\u00e9sz\u00fclts\u00e9gem \u00e9s a k\u00e9pess\u00e9geim. Improviz\u00e1lni is szeretek \u2013 \u00e9s itt lenne r\u00e1 b\u0151ven lehet\u0151s\u00e9g.<\/p>\n<p><strong>A szabads\u00e1g \u00e9rz\u00e9s\u00e9\u00e9rt<\/strong> \u2013 Szeretek s\u00e1trazni \u00e9s azt \u00e9rezni, hogy \u00f6nell\u00e1t\u00f3 vagyok. Mindez megtoldva azzal, hogy nagy t\u00e1vols\u00e1gokat tudok megtenni, m\u00e9g jobb.<\/p>\n<p><strong>A teljes\u00edtm\u00e9ny\u00e9lm\u00e9ny\u00e9rt<\/strong> \u2013 Tudom, hogy a kih\u00edv\u00e1sok lek\u00fczd\u00e9se mindig magabiztoss\u00e1ggal \u00e9s el\u00e9gedetts\u00e9ggel t\u00f6lt el. Egy t\u00f6bbnapos ker\u00e9kp\u00e1ros kaland biztosan ilyen lenne.<\/p>\n<figure id=\"attachment_19047\" aria-describedby=\"caption-attachment-19047\" style=\"width: 990px\" class=\"wp-caption alignnone\"><a href=\"https:\/\/d2p6e6u75xmxt8.cloudfront.net\/12\/2025\/06\/Bikepacking-Gravel-Bicycle-profimedia-0867349024-CVR.webp\"><img loading=\"lazy\" decoding=\"async\" class=\"wp-image-19047 size-full\" src=\"https:\/\/d2p6e6u75xmxt8.cloudfront.net\/12\/2025\/06\/Bikepacking-Gravel-Bicycle-profimedia-0867349024-CVR.webp\" alt=\"Gravel bike\" width=\"990\" height=\"660\" srcset=\"https:\/\/d2p6e6u75xmxt8.cloudfront.net\/12\/2025\/06\/Bikepacking-Gravel-Bicycle-profimedia-0867349024-CVR.webp 990w, https:\/\/d2p6e6u75xmxt8.cloudfront.net\/12\/2025\/06\/Bikepacking-Gravel-Bicycle-profimedia-0867349024-CVR-300x200.webp 300w, https:\/\/d2p6e6u75xmxt8.cloudfront.net\/12\/2025\/06\/Bikepacking-Gravel-Bicycle-profimedia-0867349024-CVR-768x512.webp 768w, https:\/\/d2p6e6u75xmxt8.cloudfront.net\/12\/2025\/06\/Bikepacking-Gravel-Bicycle-profimedia-0867349024-CVR-400x267.webp 400w, https:\/\/d2p6e6u75xmxt8.cloudfront.net\/12\/2025\/06\/Bikepacking-Gravel-Bicycle-profimedia-0867349024-CVR-272x182.webp 272w\" sizes=\"auto, (max-width: 990px) 100vw, 990px\" \/><\/a><figcaption id=\"caption-attachment-19047\" class=\"wp-caption-text\">Mi vonzza az embereket arra, hogy extr\u00e9m t\u00e1vols\u00e1gokat tegyenek meg ker\u00e9kp\u00e1rral? \u00a9 Profimedia<\/figcaption><\/figure>\n<p>Id\u0151vel rengeteg \u00e9rdekes v\u00e1laszt gy\u0171jt\u00f6ttem \u00f6ssze arra a k\u00e9rd\u00e9sre, hogy mi\u00e9rt v\u00e1g bele valaki az ultrateker\u00e9sbe \u2013 ak\u00e1r profi bring\u00e1sk\u00e9nt, ak\u00e1r h\u00e9tk\u00f6znapi emberk\u00e9nt. Most megosztom n\u00e9h\u00e1ny kedvencemet. T\u00e9ged meg tudn\u00e1nak gy\u0151zni?<\/p>\n<h2><strong>A szabad leveg\u0151 \u00f6r\u00f6me<\/strong><\/h2>\n<p><em>\u201eFeszegetj\u00fck a hat\u00e1rainkat. N\u00e9ha k\u00e9nyelmetlen, n\u00e9ha f\u00e1j is. De nem a szenved\u00e9s a c\u00e9l. Az esetek t\u00f6bbs\u00e9g\u00e9ben t\u00f6bb benne az \u00f6r\u00f6m. Ezeket a kalandokat nem lehet puszt\u00e1n a szenved\u00e9sre reduk\u00e1lni. Amit keres\u00fcnk \u2013 \u00e9s tal\u00e1lunk \u2013, az a szabad leveg\u0151 \u00f6r\u00f6me. \u00c9s az a b\u00fcszkes\u00e9g, amit az el\u00e9rhetetlennek t\u0171n\u0151 c\u00e9l teljes\u00edt\u00e9se ad.\u201d<\/em> \u2013 <em>Sofiane Sehili<\/em> (@sofianeshl)<\/p>\n<h2><strong>Nem tudni, mi v\u00e1r a k\u00f6vetkez\u0151 kanyar ut\u00e1n<\/strong><\/h2>\n<p><em>\u201eSz\u00e1momra arr\u00f3l sz\u00f3l, hogy kint vagyok a szabadban, \u00faj helyeket fedezek fel, \u00e9s sosem tudom, mit hoz a k\u00f6vetkez\u0151 kanyar. Amint fel\u00e9bredek, egyb\u0151l ki akarok menni \u00e9s bring\u00e1ra \u00fclni \u2013 ez hihetetlen \u00e9rz\u00e9s. Olyan sok mindent ad: edz\u00e9s, \u00f6r\u00f6m, verseny, utaz\u00e1s.\u201d<\/em> \u2013 <em>Lael Wilcox<\/em> (@laelwilcox), Expedition Portal interj\u00fa<\/p>\n<h2><strong>Egyszer\u0171s\u00edti az \u00e9letet<\/strong><\/h2>\n<p><em>\u201eSzeretek egyed\u00fcl lenni az \u00faton, azzal az egyetlen c\u00e9llal, hogy tekerjek. Ez az \u00e9let leegyszer\u0171s\u00edt\u00e9se arra az id\u0151re, am\u00edg a verseny tart. \u00c9s ez a gondolkod\u00e1sm\u00f3d kihozza bel\u0151lem a legjobbat.\u201d <\/em>\u2013 <em>Emily Chappell<\/em> (@emilyofchappell), Outside Magazine<\/p>\n<h2><strong>Saj\u00e1t magadra hagyatkozol<\/strong><\/h2>\n<p><em>\u201eCsak magamra sz\u00e1m\u00edthatok, nekem kell minden probl\u00e9m\u00e1t megoldanom, \u00e9s minden neh\u00e9zs\u00e9ggel megk\u00fczdenem. Csak rajtam m\u00falik, hogy c\u00e9lba \u00e9rek-e, \u00e9s, hogy milyen \u00e1llapotban. Szeretem azt az \u00e9rz\u00e9st, amikor meg\u00e9rkezem, \u00e9s tudom: mindent magamnak k\u00f6sz\u00f6nhetek.\u201d<\/em> \u2013 <em>Jana Kesenheimer<\/em> (@jananas.banjana)<\/p>\n<h2><strong>H\u0151s lehetsz<\/strong><\/h2>\n<p><em>\u201eAz\u00e9rt versenyzek, hogy kih\u00edv\u00e1sok el\u00e9 \u00e1ll\u00edtsam magam. Az \u00faton tanulom meg a legt\u00f6bbet \u00f6nmagamr\u00f3l. Lehetsz h\u00e9tk\u00f6znapi ember, \u00e9lhetsz h\u00e9tk\u00f6znapi \u00e9letet \u2013 de amikor tekersz, akkor k\u00e9t h\u00e9tig rendk\u00edv\u00fcli vagy. H\u0151s lehetsz. Szenvedsz. Tekersz. Azt\u00e1n amikor visszat\u00e9rsz a mindennapokba, ment\u00e1lisan er\u0151sebb vagy, jobban kezeled a probl\u00e9m\u00e1kat, mert tudod: k\u00e9pes vagy b\u00e1rmivel szemben\u00e9zni \u00e9s t\u00fall\u00e9pni rajta.<\/em>\u201d \u2013 <em>Steffen Streich<\/em> (@steffen_streich), Outside Magazine<\/p>\n<h2><strong>A m\u00e9lypontok<\/strong><\/h2>\n<p><em>\u201eEleinte nagyon er\u0151s cs\u00facspontjaim \u00e9s nagyon m\u00e9ly m\u00e9lypontjaim voltak. A m\u00e9lyben hajlamos voltam teljesen bep\u00f6r\u00f6gni, megk\u00e9rd\u0151jelezni, mi\u00e9rt vagyok ott. A nagy felismer\u00e9s az volt, hogy: h\u00e1t pont ez\u00e9rt. Ha nem akarsz rossz pillanatokat, ne v\u00e1llalj 24 \u00f3r\u00e1s bring\u00e1z\u00e1st.\u201d<\/em> \u2013 <em>Lachlan Morton<\/em> (@lachlanmorton), The Sunday Times<\/p>\n","protected":false},"excerpt":{"rendered":"<p>Mindig is foglalkoztatott a k\u00e9rd\u00e9s, hogy mi vonzza az embereket az extr\u00e9m t\u00e1vokban? Engem is. Szeretek bring\u00e1zni, de m\u00e9g soha [&hellip;]<\/p>\n","protected":false},"author":71,"featured_media":19049,"comment_status":"open","ping_status":"open","sticky":false,"template":"","format":"standard","meta":{"footnotes":""},"categories":[7],"tags":[],"global-categories":[],"class_list":["post-19046","post","type-post","status-publish","format-standard","has-post-thumbnail","hentry","category-trekking-mtb"],"yoast_head":"<!-- This site is optimized with the Yoast SEO Premium plugin v25.3 (Yoast SEO v25.9) - https:\/\/yoast.com\/wordpress\/plugins\/seo\/ -->\n<title>Ultra ker\u00e9kp\u00e1ros kalandok \u2013 Mi\u00e9rt csin\u00e1lj\u00e1k az emberek?<\/title>\n<meta name=\"description\" content=\"Mindig is foglalkoztatott a k\u00e9rd\u00e9s, hogy mi vonzza az embereket az extr\u00e9m t\u00e1vokban? Engem is. Szeretek bring\u00e1zni, de m\u00e9g soha nem pr\u00f3b\u00e1ltam ultra t\u00e1vot letekerni. N\u00e9zz\u00fck meg, mi motiv\u00e1lja a legjobb ultra ker\u00e9kp\u00e1rosokat \u2013 \u00e9s vajon \u00e9rdemes-e egy \u201e\u00e1tlagembernek\u201d is elgondolkodnia rajta, hogy belev\u00e1g.\" \/>\n<meta name=\"robots\" content=\"index, follow, max-snippet:-1, max-image-preview:large, max-video-preview:-1\" \/>\n<link rel=\"canonical\" href=\"https:\/\/www.welovecycling.com\/hu\/trekking-mtb\/ultra-kerekparos-kalandok-miert-csinaljak-az-emberek\/\" \/>\n<meta property=\"og:locale\" content=\"hu_HU\" \/>\n<meta property=\"og:type\" content=\"article\" \/>\n<meta property=\"og:title\" content=\"Ultra ker\u00e9kp\u00e1ros kalandok \u2013 Mi\u00e9rt csin\u00e1lj\u00e1k az emberek?\" \/>\n<meta property=\"og:description\" content=\"Mindig is foglalkoztatott a k\u00e9rd\u00e9s, hogy mi vonzza az embereket az extr\u00e9m t\u00e1vokban? Engem is. Szeretek bring\u00e1zni, de m\u00e9g soha nem pr\u00f3b\u00e1ltam ultra t\u00e1vot letekerni. N\u00e9zz\u00fck meg, mi motiv\u00e1lja a legjobb ultra ker\u00e9kp\u00e1rosokat \u2013 \u00e9s vajon \u00e9rdemes-e egy \u201e\u00e1tlagembernek\u201d is elgondolkodnia rajta, hogy belev\u00e1g.\" \/>\n<meta property=\"og:url\" content=\"https:\/\/www.welovecycling.com\/hu\/trekking-mtb\/ultra-kerekparos-kalandok-miert-csinaljak-az-emberek\/\" \/>\n<meta property=\"og:site_name\" content=\"\u0160koda We Love Cycling - Magyarorsz\u00e1g\" \/>\n<meta property=\"article:publisher\" content=\"https:\/\/www.facebook.com\/WeLoveCyclingHungary\/\" \/>\n<meta property=\"article:published_time\" content=\"2025-06-11T06:00:53+00:00\" \/>\n<meta property=\"og:image\" content=\"https:\/\/d2p6e6u75xmxt8.cloudfront.net\/12\/2025\/06\/Cyclists-Backpacking-profimedia-0975959697-CVR.webp\" \/>\n\t<meta property=\"og:image:width\" content=\"990\" \/>\n\t<meta property=\"og:image:height\" content=\"660\" \/>\n\t<meta property=\"og:image:type\" content=\"image\/webp\" \/>\n<meta name=\"author\" content=\"hegyizs\" \/>\n<meta name=\"twitter:card\" content=\"summary_large_image\" \/>\n<meta name=\"twitter:label1\" content=\"Written by\" \/>\n\t<meta name=\"twitter:data1\" content=\"Jiri Kaloc\" \/>\n\t<meta name=\"twitter:label2\" content=\"Est. reading time\" \/>\n\t<meta name=\"twitter:data2\" content=\"3\" \/>\n<script type=\"application\/ld+json\" class=\"yoast-schema-graph\">{\"@context\":\"https:\/\/schema.org\",\"@graph\":[{\"@type\":\"WebPage\",\"@id\":\"https:\/\/www.welovecycling.com\/hu\/trekking-mtb\/ultra-kerekparos-kalandok-miert-csinaljak-az-emberek\/\",\"url\":\"https:\/\/www.welovecycling.com\/hu\/trekking-mtb\/ultra-kerekparos-kalandok-miert-csinaljak-az-emberek\/\",\"name\":\"Ultra ker\u00e9kp\u00e1ros kalandok \u2013 Mi\u00e9rt csin\u00e1lj\u00e1k az emberek?\",\"isPartOf\":{\"@id\":\"https:\/\/www.welovecycling.com\/hu\/#website\"},\"primaryImageOfPage\":{\"@id\":\"https:\/\/www.welovecycling.com\/hu\/trekking-mtb\/ultra-kerekparos-kalandok-miert-csinaljak-az-emberek\/#primaryimage\"},\"image\":{\"@id\":\"https:\/\/www.welovecycling.com\/hu\/trekking-mtb\/ultra-kerekparos-kalandok-miert-csinaljak-az-emberek\/#primaryimage\"},\"thumbnailUrl\":\"https:\/\/d2p6e6u75xmxt8.cloudfront.net\/12\/2025\/06\/Cyclists-Backpacking-profimedia-0975959697-CVR.webp\",\"datePublished\":\"2025-06-11T06:00:53+00:00\",\"author\":{\"@id\":\"https:\/\/www.welovecycling.com\/hu\/#\/schema\/person\/414a2aebf1801691a5320edb6468e194\"},\"description\":\"Mindig is foglalkoztatott a k\u00e9rd\u00e9s, hogy mi vonzza az embereket az extr\u00e9m t\u00e1vokban? Engem is. Szeretek bring\u00e1zni, de m\u00e9g soha nem pr\u00f3b\u00e1ltam ultra t\u00e1vot letekerni. N\u00e9zz\u00fck meg, mi motiv\u00e1lja a legjobb ultra ker\u00e9kp\u00e1rosokat \u2013 \u00e9s vajon \u00e9rdemes-e egy \u201e\u00e1tlagembernek\u201d is elgondolkodnia rajta, hogy belev\u00e1g.\",\"breadcrumb\":{\"@id\":\"https:\/\/www.welovecycling.com\/hu\/trekking-mtb\/ultra-kerekparos-kalandok-miert-csinaljak-az-emberek\/#breadcrumb\"},\"inLanguage\":\"hu\",\"potentialAction\":[{\"@type\":\"ReadAction\",\"target\":[\"https:\/\/www.welovecycling.com\/hu\/trekking-mtb\/ultra-kerekparos-kalandok-miert-csinaljak-az-emberek\/\"]}]},{\"@type\":\"ImageObject\",\"inLanguage\":\"hu\",\"@id\":\"https:\/\/www.welovecycling.com\/hu\/trekking-mtb\/ultra-kerekparos-kalandok-miert-csinaljak-az-emberek\/#primaryimage\",\"url\":\"https:\/\/d2p6e6u75xmxt8.cloudfront.net\/12\/2025\/06\/Cyclists-Backpacking-profimedia-0975959697-CVR.webp\",\"contentUrl\":\"https:\/\/d2p6e6u75xmxt8.cloudfront.net\/12\/2025\/06\/Cyclists-Backpacking-profimedia-0975959697-CVR.webp\",\"width\":990,\"height\":660,\"caption\":\"Cyclists backpacking\"},{\"@type\":\"BreadcrumbList\",\"@id\":\"https:\/\/www.welovecycling.com\/hu\/trekking-mtb\/ultra-kerekparos-kalandok-miert-csinaljak-az-emberek\/#breadcrumb\",\"itemListElement\":[{\"@type\":\"ListItem\",\"position\":1,\"name\":\"Home\",\"item\":\"https:\/\/www.welovecycling.com\/hu\/\"},{\"@type\":\"ListItem\",\"position\":2,\"name\":\"Ultra ker\u00e9kp\u00e1ros kalandok \u2013 Mi\u00e9rt csin\u00e1lj\u00e1k az emberek?\"}]},{\"@type\":\"WebSite\",\"@id\":\"https:\/\/www.welovecycling.com\/hu\/#website\",\"url\":\"https:\/\/www.welovecycling.com\/hu\/\",\"name\":\"\u0160koda We Love Cycling - Magyarorsz\u00e1g\",\"description\":\"\u0160koda WeLoveCycling\",\"potentialAction\":[{\"@type\":\"SearchAction\",\"target\":{\"@type\":\"EntryPoint\",\"urlTemplate\":\"https:\/\/www.welovecycling.com\/hu\/?s={search_term_string}\"},\"query-input\":{\"@type\":\"PropertyValueSpecification\",\"valueRequired\":true,\"valueName\":\"search_term_string\"}}],\"inLanguage\":\"hu\"},{\"@type\":\"Person\",\"@id\":\"https:\/\/www.welovecycling.com\/hu\/#\/schema\/person\/414a2aebf1801691a5320edb6468e194\",\"name\":\"hegyizs\",\"image\":{\"@type\":\"ImageObject\",\"inLanguage\":\"hu\",\"@id\":\"https:\/\/www.welovecycling.com\/hu\/#\/schema\/person\/image\/\",\"url\":\"https:\/\/secure.gravatar.com\/avatar\/02cf8a7906b8cf90cecb4679defac7cfd33a1c2e3b88e4903d947f3bb58eedd3?s=96&d=mm&r=g\",\"contentUrl\":\"https:\/\/secure.gravatar.com\/avatar\/02cf8a7906b8cf90cecb4679defac7cfd33a1c2e3b88e4903d947f3bb58eedd3?s=96&d=mm&r=g\",\"caption\":\"hegyizs\"},\"url\":\"https:\/\/www.welovecycling.com\/hu\/author\/hegyizs\/\"}]}<\/script>\n<!-- \/ Yoast SEO Premium plugin. -->","yoast_head_json":{"title":"Ultra ker\u00e9kp\u00e1ros kalandok \u2013 Mi\u00e9rt csin\u00e1lj\u00e1k az emberek?","description":"Mindig is foglalkoztatott a k\u00e9rd\u00e9s, hogy mi vonzza az embereket az extr\u00e9m t\u00e1vokban? Engem is. Szeretek bring\u00e1zni, de m\u00e9g soha nem pr\u00f3b\u00e1ltam ultra t\u00e1vot letekerni. N\u00e9zz\u00fck meg, mi motiv\u00e1lja a legjobb ultra ker\u00e9kp\u00e1rosokat \u2013 \u00e9s vajon \u00e9rdemes-e egy \u201e\u00e1tlagembernek\u201d is elgondolkodnia rajta, hogy belev\u00e1g.","robots":{"index":"index","follow":"follow","max-snippet":"max-snippet:-1","max-image-preview":"max-image-preview:large","max-video-preview":"max-video-preview:-1"},"canonical":"https:\/\/www.welovecycling.com\/hu\/trekking-mtb\/ultra-kerekparos-kalandok-miert-csinaljak-az-emberek\/","og_locale":"hu_HU","og_type":"article","og_title":"Ultra ker\u00e9kp\u00e1ros kalandok \u2013 Mi\u00e9rt csin\u00e1lj\u00e1k az emberek?","og_description":"Mindig is foglalkoztatott a k\u00e9rd\u00e9s, hogy mi vonzza az embereket az extr\u00e9m t\u00e1vokban? Engem is. Szeretek bring\u00e1zni, de m\u00e9g soha nem pr\u00f3b\u00e1ltam ultra t\u00e1vot letekerni. N\u00e9zz\u00fck meg, mi motiv\u00e1lja a legjobb ultra ker\u00e9kp\u00e1rosokat \u2013 \u00e9s vajon \u00e9rdemes-e egy \u201e\u00e1tlagembernek\u201d is elgondolkodnia rajta, hogy belev\u00e1g.","og_url":"https:\/\/www.welovecycling.com\/hu\/trekking-mtb\/ultra-kerekparos-kalandok-miert-csinaljak-az-emberek\/","og_site_name":"\u0160koda We Love Cycling - Magyarorsz\u00e1g","article_publisher":"https:\/\/www.facebook.com\/WeLoveCyclingHungary\/","article_published_time":"2025-06-11T06:00:53+00:00","og_image":[{"width":990,"height":660,"url":"https:\/\/d2p6e6u75xmxt8.cloudfront.net\/12\/2025\/06\/Cyclists-Backpacking-profimedia-0975959697-CVR.webp","type":"image\/webp"}],"author":"hegyizs","twitter_card":"summary_large_image","twitter_misc":{"Written by":"Jiri Kaloc","Est. reading time":"3"},"schema":{"@context":"https:\/\/schema.org","@graph":[{"@type":"WebPage","@id":"https:\/\/www.welovecycling.com\/hu\/trekking-mtb\/ultra-kerekparos-kalandok-miert-csinaljak-az-emberek\/","url":"https:\/\/www.welovecycling.com\/hu\/trekking-mtb\/ultra-kerekparos-kalandok-miert-csinaljak-az-emberek\/","name":"Ultra ker\u00e9kp\u00e1ros kalandok \u2013 Mi\u00e9rt csin\u00e1lj\u00e1k az emberek?","isPartOf":{"@id":"https:\/\/www.welovecycling.com\/hu\/#website"},"primaryImageOfPage":{"@id":"https:\/\/www.welovecycling.com\/hu\/trekking-mtb\/ultra-kerekparos-kalandok-miert-csinaljak-az-emberek\/#primaryimage"},"image":{"@id":"https:\/\/www.welovecycling.com\/hu\/trekking-mtb\/ultra-kerekparos-kalandok-miert-csinaljak-az-emberek\/#primaryimage"},"thumbnailUrl":"https:\/\/d2p6e6u75xmxt8.cloudfront.net\/12\/2025\/06\/Cyclists-Backpacking-profimedia-0975959697-CVR.webp","datePublished":"2025-06-11T06:00:53+00:00","author":{"@id":"https:\/\/www.welovecycling.com\/hu\/#\/schema\/person\/414a2aebf1801691a5320edb6468e194"},"description":"Mindig is foglalkoztatott a k\u00e9rd\u00e9s, hogy mi vonzza az embereket az extr\u00e9m t\u00e1vokban? Engem is. Szeretek bring\u00e1zni, de m\u00e9g soha nem pr\u00f3b\u00e1ltam ultra t\u00e1vot letekerni. N\u00e9zz\u00fck meg, mi motiv\u00e1lja a legjobb ultra ker\u00e9kp\u00e1rosokat \u2013 \u00e9s vajon \u00e9rdemes-e egy \u201e\u00e1tlagembernek\u201d is elgondolkodnia rajta, hogy belev\u00e1g.","breadcrumb":{"@id":"https:\/\/www.welovecycling.com\/hu\/trekking-mtb\/ultra-kerekparos-kalandok-miert-csinaljak-az-emberek\/#breadcrumb"},"inLanguage":"hu","potentialAction":[{"@type":"ReadAction","target":["https:\/\/www.welovecycling.com\/hu\/trekking-mtb\/ultra-kerekparos-kalandok-miert-csinaljak-az-emberek\/"]}]},{"@type":"ImageObject","inLanguage":"hu","@id":"https:\/\/www.welovecycling.com\/hu\/trekking-mtb\/ultra-kerekparos-kalandok-miert-csinaljak-az-emberek\/#primaryimage","url":"https:\/\/d2p6e6u75xmxt8.cloudfront.net\/12\/2025\/06\/Cyclists-Backpacking-profimedia-0975959697-CVR.webp","contentUrl":"https:\/\/d2p6e6u75xmxt8.cloudfront.net\/12\/2025\/06\/Cyclists-Backpacking-profimedia-0975959697-CVR.webp","width":990,"height":660,"caption":"Cyclists backpacking"},{"@type":"BreadcrumbList","@id":"https:\/\/www.welovecycling.com\/hu\/trekking-mtb\/ultra-kerekparos-kalandok-miert-csinaljak-az-emberek\/#breadcrumb","itemListElement":[{"@type":"ListItem","position":1,"name":"Home","item":"https:\/\/www.welovecycling.com\/hu\/"},{"@type":"ListItem","position":2,"name":"Ultra ker\u00e9kp\u00e1ros kalandok \u2013 Mi\u00e9rt csin\u00e1lj\u00e1k az emberek?"}]},{"@type":"WebSite","@id":"https:\/\/www.welovecycling.com\/hu\/#website","url":"https:\/\/www.welovecycling.com\/hu\/","name":"\u0160koda We Love Cycling - Magyarorsz\u00e1g","description":"\u0160koda WeLoveCycling","potentialAction":[{"@type":"SearchAction","target":{"@type":"EntryPoint","urlTemplate":"https:\/\/www.welovecycling.com\/hu\/?s={search_term_string}"},"query-input":{"@type":"PropertyValueSpecification","valueRequired":true,"valueName":"search_term_string"}}],"inLanguage":"hu"},{"@type":"Person","@id":"https:\/\/www.welovecycling.com\/hu\/#\/schema\/person\/414a2aebf1801691a5320edb6468e194","name":"hegyizs","image":{"@type":"ImageObject","inLanguage":"hu","@id":"https:\/\/www.welovecycling.com\/hu\/#\/schema\/person\/image\/","url":"https:\/\/secure.gravatar.com\/avatar\/02cf8a7906b8cf90cecb4679defac7cfd33a1c2e3b88e4903d947f3bb58eedd3?s=96&d=mm&r=g","contentUrl":"https:\/\/secure.gravatar.com\/avatar\/02cf8a7906b8cf90cecb4679defac7cfd33a1c2e3b88e4903d947f3bb58eedd3?s=96&d=mm&r=g","caption":"hegyizs"},"url":"https:\/\/www.welovecycling.com\/hu\/author\/hegyizs\/"}]}},"_links":{"self":[{"href":"https:\/\/www.welovecycling.com\/hu\/wp-json\/wp\/v2\/posts\/19046","targetHints":{"allow":["GET"]}}],"collection":[{"href":"https:\/\/www.welovecycling.com\/hu\/wp-json\/wp\/v2\/posts"}],"about":[{"href":"https:\/\/www.welovecycling.com\/hu\/wp-json\/wp\/v2\/types\/post"}],"author":[{"embeddable":true,"href":"https:\/\/www.welovecycling.com\/hu\/wp-json\/wp\/v2\/users\/71"}],"replies":[{"embeddable":true,"href":"https:\/\/www.welovecycling.com\/hu\/wp-json\/wp\/v2\/comments?post=19046"}],"version-history":[{"count":3,"href":"https:\/\/www.welovecycling.com\/hu\/wp-json\/wp\/v2\/posts\/19046\/revisions"}],"predecessor-version":[{"id":19051,"href":"https:\/\/www.welovecycling.com\/hu\/wp-json\/wp\/v2\/posts\/19046\/revisions\/19051"}],"wp:featuredmedia":[{"embeddable":true,"href":"https:\/\/www.welovecycling.com\/hu\/wp-json\/wp\/v2\/media\/19049"}],"wp:attachment":[{"href":"https:\/\/www.welovecycling.com\/hu\/wp-json\/wp\/v2\/media?parent=19046"}],"wp:term":[{"taxonomy":"category","embeddable":true,"href":"https:\/\/www.welovecycling.com\/hu\/wp-json\/wp\/v2\/categories?post=19046"},{"taxonomy":"post_tag","embeddable":true,"href":"https:\/\/www.welovecycling.com\/hu\/wp-json\/wp\/v2\/tags?post=19046"},{"taxonomy":"global-categories","embeddable":true,"href":"https:\/\/www.welovecycling.com\/hu\/wp-json\/wp\/v2\/global-categories?post=19046"}],"curies":[{"name":"wp","href":"https:\/\/api.w.org\/{rel}","templated":true}]}}