{"id":19041,"date":"2025-06-02T08:00:53","date_gmt":"2025-06-02T06:00:53","guid":{"rendered":"https:\/\/www.welovecycling.com\/hu\/?p=19041"},"modified":"2025-05-26T10:54:49","modified_gmt":"2025-05-26T08:54:49","slug":"ultra-kerekparos-kalandok-pszichologia-hosszu-tavon","status":"publish","type":"post","link":"https:\/\/www.welovecycling.com\/hu\/trekking-mtb\/ultra-kerekparos-kalandok-pszichologia-hosszu-tavon\/","title":{"rendered":"Ultra ker\u00e9kp\u00e1ros kalandok \u2013 Pszichol\u00f3gia hossz\u00fa t\u00e1von"},"content":{"rendered":"<p><strong>Hogy lehet valaki annyira fitt ahhoz, hogy v\u00e9gigtekerjen egy 1000 km-es versenyt? Nos, az ultra t\u00e1v\u00fa ker\u00e9kp\u00e1ros esem\u00e9nyekn\u00e9l a fitts\u00e9g \u00e1ltal\u00e1ban nem a legnagyobb kih\u00edv\u00e1s. Ezekn\u00e9l az \u0151r\u00fclt t\u00e1vokn\u00e1l sokkal ink\u00e1bb az sz\u00e1m\u00edt, hogyan kezeled a k\u00e9nyelmetlens\u00e9get, a kritikus bels\u0151 hangokat, a sz\u00e9ls\u0151s\u00e9gesen er\u0151s kimer\u00fclts\u00e9get \u00e9s a v\u00e1ratlan helyzeteket. Magyar\u00e1n: ez ink\u00e1bb egy ment\u00e1lis kih\u00edv\u00e1s, \u00e9s a pszichol\u00f3gia, ami m\u00f6g\u00f6tte \u00e1ll eg\u00e9szen leny\u0171g\u00f6z\u0151.<\/strong><\/p>\n<p><!--more--><\/p>\n<p>Alv\u00e1shi\u00e1nnyal, f\u00e1j\u00f3 \u00fcleppel, valahol a hallucin\u00e1ci\u00f3 \u00e9s a kimer\u00fclts\u00e9g hat\u00e1r\u00e1n az ultra bring\u00e1sok messze t\u00fall\u00e9pik a fizikai hat\u00e1raikat. Az ilyen ezer kilom\u00e9teres versenyeken eg\u00e9szen m\u00e1sfajta ellenf\u00e9llel k\u00fczdenek: a saj\u00e1t elm\u00e9j\u00fckkel. Az a hang bel\u00fcl, ami ezernyi okot sorol, hogy mi\u00e9rt k\u00e9ne lass\u00edtani vagy feladni, m\u00e1r egy egynapos versenyen is el\u00e9g neh\u00e9zs\u00e9get okoz. Elk\u00e9pzelhetetlen, hogy b\u00edrj\u00e1k ezt az ultra t\u00e1von versenyz\u0151k.<\/p>\n<p>Tal\u00e1n t\u00e9nyleg \u00e1t kell \u00e9lni egy ilyen kih\u00edv\u00e1st, ahhoz hogy megtudd, mi az, ami n\u00e1lad m\u0171k\u00f6dik. \u00c9pp ez\u00e9rt most \u00e1tadjuk a sz\u00f3t a tapasztalt veter\u00e1noknak. Van, ami mag\u00e1t\u00f3l \u00e9rtet\u0151d\u0151nek t\u0171nhet, m\u00e1s dolgok pedig meglep\u0151ek \u2013 \u00e9s ahogy olvasgattam a besz\u00e1mol\u00f3kat, egyre ink\u00e1bb kedvet kaptam hozz\u00e1, hogy egyszer \u00e9n is kipr\u00f3b\u00e1ljak egy ultra t\u00e1vot!<\/p>\n<h2><strong>A hull\u00e1mv\u00f6lgyek elm\u00falnak<\/strong><\/h2>\n<p>\u201eRengeteg a m\u00e9lypont \u00e9s a cs\u00facspont, \u00e9s el\u0151bbiek igazi kih\u00edv\u00e1sok. De \u00e9n m\u00e1r sok versenyen vagyok t\u00fal, \u00fagyhogy tudom, hogy ezek a neh\u00e9z pillanatok nem tartanak \u00f6r\u00f6kk\u00e9. Elfogadom, hogy a k\u00f6vetkez\u0151 egy \u00f3ra neh\u00e9z lesz \u2013 de t\u00fal leszek rajta. Folyamatosan figyelem magam: ha mindent beleadok, nem lesz baj. Eml\u00e9keztetnem kell magam erre. N\u00e9ha zen\u00e9t vagy hangosk\u00f6nyvet hallgatok, bekapok valami finomat \u2013 apr\u00f3s\u00e1gok, amik jav\u00edtanak a hangulatomon. Pr\u00f3b\u00e1lom elker\u00fclni a negat\u00edv gondolatokat, mert azok nem seg\u00edtenek. Amint t\u00fal vagyok a s\u00f6t\u00e9t \u00f3r\u00e1kon, mindig j\u00f6n valami sz\u00e9p pillanat, \u00e9s gyorsan r\u00e1j\u00f6v\u00f6k, milyen szerencs\u00e9s vagyok, hogy \u00e1t\u00e9lhetem ezeket\u201d \u2013 <em>Lael Wilcox<\/em> (@<u><a href=\"https:\/\/youtube.com\/shorts\/zqB4XYtHdbg?si=Grxb4ObjzMziNgZL\">laelwilcox<\/a><\/u>)<\/p>\n<h2><strong>Olyan, mint egy \u00fajsz\u00fcl\u00f6tt bab\u00e1val \u00e9lni<\/strong><\/h2>\n<p>\u201eA legt\u00f6bb gondot az oldja meg, ha egyszer\u0171en tov\u00e1bb ped\u00e1lozol. Olyan, mint egy \u00fajsz\u00fcl\u00f6ttel \u00e9lni. Csak p\u00e1r dolog jelenthet probl\u00e9m\u00e1t: \u00e9hes vagyok? \u00c1lmos vagyok? Szomjas vagyok? Ki kell mennem v\u00e9c\u00e9re? Gyorsan r\u00e1j\u00f6ttem, hogy a nap bizonyos szakaszaiban jobban teljes\u00edtek. \u00c9jjel \u00e9s reggel tudok a legjobban menni, d\u00e9lut\u00e1n viszont belassulok \u00e9s j\u00f6n a f\u00e1jdalom. Mivel ismerem ezt a mint\u00e1t, vagy gyeng\u00e9debb vagyok magammal, vagy szigor\u00fabb \u2013 de mindig tov\u00e1bb megyek \u00e9s keresem a megold\u00e1st\u201d \u2013 <em>Emily Chappell<\/em> (@emilyofchappell) az <u><a href=\"https:\/\/www.outsideonline.com\/health\/training-performance\/ultra-racing-crazies\/\">Outside Magazinnak<\/a><\/u>.<\/p>\n<h2><strong>J\u00e1t\u00e9k a saj\u00e1t elm\u00e9ddel<\/strong><\/h2>\n<p>\u201e\u00c9jjel, ha megl\u00e1tsz egy villog\u00f3 l\u00e1mp\u00e1t, az agyad azonnal vad\u00e1szm\u00f3dba kapcsol. Mintha valami \u00e1tkattanna, \u00e9s azt mondan\u00e1d: &#8216;csin\u00e1ljuk&#8217;. Tr\u00fckk\u00f6zni kell saj\u00e1t magaddal, hogy motiv\u00e1lt maradj. K\u00f6nny\u0171 beleszokni a t\u00far\u00e1z\u00f3s temp\u00f3ba, amikor laz\u00e1bbra veszed, t\u00f6bbet pihensz \u2013 \u00e9s el is indult\u00e1l a lejtmeneten\u201d \u2013 <em>Sherry Cardona<\/em> (<u><a href=\"https:\/\/youtube.com\/shorts\/4T667o3GyJg?si=7eovr-9WxJDu-4IY\">@sherry.cycling<\/a><\/u>)<\/p>\n<h2><strong>Hallucin\u00e1ci\u00f3k<\/strong><\/h2>\n<p>A hallucin\u00e1ci\u00f3 nem ritka, ha egy ultra verseny t\u00f6bb mint k\u00e9t \u00e9jszak\u00e1n \u00e1t tart. \u00cdme, mit mondott <em>Lachlan Morton<\/em> a 720 km-es Badlands gravelverseny ut\u00e1n, amit D\u00e9l-Spanyolorsz\u00e1g sivatagos t\u00e1jain rendeztek:<\/p>\n<p>\u201eA m\u00e1sodik \u00e9jszak\u00e1n kezdett igaz\u00e1n elborulni minden. Azt hittem, valaki ott hagyott egy b\u0151r\u00f6nd\u00f6t az \u00fat sz\u00e9l\u00e9n. Zen\u00e9t hallottam. K\u00f6rben\u00e9ztem, kerestem azt a kisv\u00e1rost, ahonnan a zene sz\u00f3lt. Kezdtem agg\u00f3dni. Tiszt\u00e1n l\u00e1ttam a csillagokat, de \u00fagy \u00e9reztem, mintha egy tet\u0151t alkotn\u00e1nak k\u00f6zvetlen\u00fcl felettem. Az id\u0151 teljesen lelassult. \u00d6t perc olyan volt, mintha negyven\u00f6t lett volna. Mintha megrekedtem volna egy v\u00e9gtelen pillanatban.\u201d \u2013 <em>Lachlan Morton<\/em> (@lachlanmorton), <u><a href=\"https:\/\/www.thetimes.com\/sport\/cycling\/article\/hallucinations-and-seven-minutes-of-sleep-the-mad-world-of-ultra-racing-zt072wvzn\">The Sunday Times<\/a><\/u><\/p>\n<h2><strong>A kudarct\u00f3l val\u00f3 f\u00e9lelem<\/strong><\/h2>\n<p>\u201eAmikor megs\u00e9r\u00fcl\u00f6k, vagy minden rosszul megy, feleslegesen dob\u00e1lsz r\u00e1m Mohammed Ali id\u00e9zeteket. Ne mondd, hogy gondolkozzak pozit\u00edvan! A kudarct\u00f3l val\u00f3 f\u00e9lelem sokkal er\u0151sebb, mint a siker inspir\u00e1ci\u00f3ja. Fontos, hogy nev\u00e9n nevezz\u00fck a dolgokat \u2013 \u00e9s hagyjuk m\u00e1r azt, hogy minden\u00e1ron pozit\u00edvnak kell maradni! Ez nem seg\u00edt.\u201d \u2013 <em>Mark Beaumont<\/em> (@mrmarkbeaumont), <u><a href=\"https:\/\/www.crisiswhatcrisis.com\/podcasts\/mark-beaumont-on-breaking-records-cheating-death-and-pedalling-with-purpose\">Crisis What Crisis podcast<\/a><\/u><\/p>\n<h2><strong>Egyszerre egy \u00f3ra<\/strong><\/h2>\n<p>\u201e\u00d3r\u00e1nk\u00e9nt haladok, \u00e9lvezem a t\u00e1jat, figyelek a testemre, elfoglalom magam azzal, hogy kaj\u00e1t, vizet \u00e9s alv\u00f3helyet keresek. Ha a teljes t\u00e1vra gondoln\u00e9k, sosem \u00e9rn\u00e9k a v\u00e9g\u00e9re. Lesznek rossz napok, amikor szenvedek, \u00e9s nem megy j\u00f3l. De mindig haladok tov\u00e1bb, \u00e9s nem hagyom, hogy a m\u00e9lypontok meg\u00e1ll\u00edtsanak. Az \u00e9rzelmek teljes sk\u00e1l\u00e1j\u00e1t \u00e1t fogod \u00e9lni egy ilyen a verseny alatt \u2013 a hangulatod ak\u00e1r percr\u0151l percre is v\u00e1ltozhat\u201d \u2013 <em>Steffen Streich<\/em> (@steffen_streich), <u><a href=\"https:\/\/www.outsideonline.com\/health\/training-performance\/ultra-racing-crazies\/\">Outside Magazine<\/a><\/u><\/p>\n","protected":false},"excerpt":{"rendered":"<p>Hogy lehet valaki annyira fitt ahhoz, hogy v\u00e9gigtekerjen egy 1000 km-es versenyt? Nos, az ultra t\u00e1v\u00fa ker\u00e9kp\u00e1ros esem\u00e9nyekn\u00e9l a fitts\u00e9g [&hellip;]<\/p>\n","protected":false},"author":71,"featured_media":19042,"comment_status":"open","ping_status":"open","sticky":false,"template":"","format":"standard","meta":{"footnotes":""},"categories":[7],"tags":[],"global-categories":[],"class_list":["post-19041","post","type-post","status-publish","format-standard","has-post-thumbnail","hentry","category-trekking-mtb"],"yoast_head":"<!-- This site is optimized with the Yoast SEO Premium plugin v25.3 (Yoast SEO v25.9) - https:\/\/yoast.com\/wordpress\/plugins\/seo\/ -->\n<title>Ultra ker\u00e9kp\u00e1ros kalandok \u2013 Pszichol\u00f3gia hossz\u00fa t\u00e1von<\/title>\n<meta name=\"description\" content=\"Hogy lehet valaki annyira fitt ahhoz, hogy v\u00e9gigtekerjen egy 1000 km-es versenyt? Nos, az ultra t\u00e1v\u00fa ker\u00e9kp\u00e1ros esem\u00e9nyekn\u00e9l a fitts\u00e9g \u00e1ltal\u00e1ban nem a legnagyobb kih\u00edv\u00e1s. Ezekn\u00e9l az \u0151r\u00fclt t\u00e1vokn\u00e1l sokkal ink\u00e1bb az sz\u00e1m\u00edt, hogyan kezeled a k\u00e9nyelmetlens\u00e9get, a kritikus bels\u0151 hangokat, a sz\u00e9ls\u0151s\u00e9gesen er\u0151s kimer\u00fclts\u00e9get \u00e9s a v\u00e1ratlan helyzeteket. Magyar\u00e1n: ez ink\u00e1bb egy ment\u00e1lis kih\u00edv\u00e1s, \u00e9s a pszichol\u00f3gia, ami m\u00f6g\u00f6tte \u00e1ll eg\u00e9szen leny\u0171g\u00f6z\u0151.\" \/>\n<meta name=\"robots\" content=\"index, follow, max-snippet:-1, max-image-preview:large, max-video-preview:-1\" \/>\n<link rel=\"canonical\" href=\"https:\/\/www.welovecycling.com\/hu\/trekking-mtb\/ultra-kerekparos-kalandok-pszichologia-hosszu-tavon\/\" \/>\n<meta property=\"og:locale\" content=\"hu_HU\" \/>\n<meta property=\"og:type\" content=\"article\" \/>\n<meta property=\"og:title\" content=\"Ultra ker\u00e9kp\u00e1ros kalandok \u2013 Pszichol\u00f3gia hossz\u00fa t\u00e1von\" \/>\n<meta property=\"og:description\" content=\"Hogy lehet valaki annyira fitt ahhoz, hogy v\u00e9gigtekerjen egy 1000 km-es versenyt? Nos, az ultra t\u00e1v\u00fa ker\u00e9kp\u00e1ros esem\u00e9nyekn\u00e9l a fitts\u00e9g \u00e1ltal\u00e1ban nem a legnagyobb kih\u00edv\u00e1s. Ezekn\u00e9l az \u0151r\u00fclt t\u00e1vokn\u00e1l sokkal ink\u00e1bb az sz\u00e1m\u00edt, hogyan kezeled a k\u00e9nyelmetlens\u00e9get, a kritikus bels\u0151 hangokat, a sz\u00e9ls\u0151s\u00e9gesen er\u0151s kimer\u00fclts\u00e9get \u00e9s a v\u00e1ratlan helyzeteket. Magyar\u00e1n: ez ink\u00e1bb egy ment\u00e1lis kih\u00edv\u00e1s, \u00e9s a pszichol\u00f3gia, ami m\u00f6g\u00f6tte \u00e1ll eg\u00e9szen leny\u0171g\u00f6z\u0151.\" \/>\n<meta property=\"og:url\" content=\"https:\/\/www.welovecycling.com\/hu\/trekking-mtb\/ultra-kerekparos-kalandok-pszichologia-hosszu-tavon\/\" \/>\n<meta property=\"og:site_name\" content=\"\u0160koda We Love Cycling - Magyarorsz\u00e1g\" \/>\n<meta property=\"article:publisher\" content=\"https:\/\/www.facebook.com\/WeLoveCyclingHungary\/\" \/>\n<meta property=\"article:published_time\" content=\"2025-06-02T06:00:53+00:00\" \/>\n<meta property=\"og:image\" content=\"https:\/\/d2p6e6u75xmxt8.cloudfront.net\/12\/2025\/05\/Bikepacking-profimedia-0809895560-CVR.webp\" \/>\n\t<meta property=\"og:image:width\" content=\"990\" \/>\n\t<meta property=\"og:image:height\" content=\"660\" \/>\n\t<meta property=\"og:image:type\" content=\"image\/webp\" \/>\n<meta name=\"author\" content=\"hegyizs\" \/>\n<meta name=\"twitter:card\" content=\"summary_large_image\" \/>\n<meta name=\"twitter:label1\" content=\"Written by\" \/>\n\t<meta name=\"twitter:data1\" content=\"Jiri Kaloc\" \/>\n\t<meta name=\"twitter:label2\" content=\"Est. reading time\" \/>\n\t<meta name=\"twitter:data2\" content=\"3\" \/>\n<script type=\"application\/ld+json\" class=\"yoast-schema-graph\">{\"@context\":\"https:\/\/schema.org\",\"@graph\":[{\"@type\":\"WebPage\",\"@id\":\"https:\/\/www.welovecycling.com\/hu\/trekking-mtb\/ultra-kerekparos-kalandok-pszichologia-hosszu-tavon\/\",\"url\":\"https:\/\/www.welovecycling.com\/hu\/trekking-mtb\/ultra-kerekparos-kalandok-pszichologia-hosszu-tavon\/\",\"name\":\"Ultra ker\u00e9kp\u00e1ros kalandok \u2013 Pszichol\u00f3gia hossz\u00fa t\u00e1von\",\"isPartOf\":{\"@id\":\"https:\/\/www.welovecycling.com\/hu\/#website\"},\"primaryImageOfPage\":{\"@id\":\"https:\/\/www.welovecycling.com\/hu\/trekking-mtb\/ultra-kerekparos-kalandok-pszichologia-hosszu-tavon\/#primaryimage\"},\"image\":{\"@id\":\"https:\/\/www.welovecycling.com\/hu\/trekking-mtb\/ultra-kerekparos-kalandok-pszichologia-hosszu-tavon\/#primaryimage\"},\"thumbnailUrl\":\"https:\/\/d2p6e6u75xmxt8.cloudfront.net\/12\/2025\/05\/Bikepacking-profimedia-0809895560-CVR.webp\",\"datePublished\":\"2025-06-02T06:00:53+00:00\",\"author\":{\"@id\":\"https:\/\/www.welovecycling.com\/hu\/#\/schema\/person\/414a2aebf1801691a5320edb6468e194\"},\"description\":\"Hogy lehet valaki annyira fitt ahhoz, hogy v\u00e9gigtekerjen egy 1000 km-es versenyt? Nos, az ultra t\u00e1v\u00fa ker\u00e9kp\u00e1ros esem\u00e9nyekn\u00e9l a fitts\u00e9g \u00e1ltal\u00e1ban nem a legnagyobb kih\u00edv\u00e1s. Ezekn\u00e9l az \u0151r\u00fclt t\u00e1vokn\u00e1l sokkal ink\u00e1bb az sz\u00e1m\u00edt, hogyan kezeled a k\u00e9nyelmetlens\u00e9get, a kritikus bels\u0151 hangokat, a sz\u00e9ls\u0151s\u00e9gesen er\u0151s kimer\u00fclts\u00e9get \u00e9s a v\u00e1ratlan helyzeteket. Magyar\u00e1n: ez ink\u00e1bb egy ment\u00e1lis kih\u00edv\u00e1s, \u00e9s a pszichol\u00f3gia, ami m\u00f6g\u00f6tte \u00e1ll eg\u00e9szen leny\u0171g\u00f6z\u0151.\",\"breadcrumb\":{\"@id\":\"https:\/\/www.welovecycling.com\/hu\/trekking-mtb\/ultra-kerekparos-kalandok-pszichologia-hosszu-tavon\/#breadcrumb\"},\"inLanguage\":\"hu\",\"potentialAction\":[{\"@type\":\"ReadAction\",\"target\":[\"https:\/\/www.welovecycling.com\/hu\/trekking-mtb\/ultra-kerekparos-kalandok-pszichologia-hosszu-tavon\/\"]}]},{\"@type\":\"ImageObject\",\"inLanguage\":\"hu\",\"@id\":\"https:\/\/www.welovecycling.com\/hu\/trekking-mtb\/ultra-kerekparos-kalandok-pszichologia-hosszu-tavon\/#primaryimage\",\"url\":\"https:\/\/d2p6e6u75xmxt8.cloudfront.net\/12\/2025\/05\/Bikepacking-profimedia-0809895560-CVR.webp\",\"contentUrl\":\"https:\/\/d2p6e6u75xmxt8.cloudfront.net\/12\/2025\/05\/Bikepacking-profimedia-0809895560-CVR.webp\",\"width\":990,\"height\":660,\"caption\":\"Bikepacking\"},{\"@type\":\"BreadcrumbList\",\"@id\":\"https:\/\/www.welovecycling.com\/hu\/trekking-mtb\/ultra-kerekparos-kalandok-pszichologia-hosszu-tavon\/#breadcrumb\",\"itemListElement\":[{\"@type\":\"ListItem\",\"position\":1,\"name\":\"Home\",\"item\":\"https:\/\/www.welovecycling.com\/hu\/\"},{\"@type\":\"ListItem\",\"position\":2,\"name\":\"Ultra ker\u00e9kp\u00e1ros kalandok \u2013 Pszichol\u00f3gia hossz\u00fa t\u00e1von\"}]},{\"@type\":\"WebSite\",\"@id\":\"https:\/\/www.welovecycling.com\/hu\/#website\",\"url\":\"https:\/\/www.welovecycling.com\/hu\/\",\"name\":\"\u0160koda We Love Cycling - Magyarorsz\u00e1g\",\"description\":\"\u0160koda WeLoveCycling\",\"potentialAction\":[{\"@type\":\"SearchAction\",\"target\":{\"@type\":\"EntryPoint\",\"urlTemplate\":\"https:\/\/www.welovecycling.com\/hu\/?s={search_term_string}\"},\"query-input\":{\"@type\":\"PropertyValueSpecification\",\"valueRequired\":true,\"valueName\":\"search_term_string\"}}],\"inLanguage\":\"hu\"},{\"@type\":\"Person\",\"@id\":\"https:\/\/www.welovecycling.com\/hu\/#\/schema\/person\/414a2aebf1801691a5320edb6468e194\",\"name\":\"hegyizs\",\"image\":{\"@type\":\"ImageObject\",\"inLanguage\":\"hu\",\"@id\":\"https:\/\/www.welovecycling.com\/hu\/#\/schema\/person\/image\/\",\"url\":\"https:\/\/secure.gravatar.com\/avatar\/02cf8a7906b8cf90cecb4679defac7cfd33a1c2e3b88e4903d947f3bb58eedd3?s=96&d=mm&r=g\",\"contentUrl\":\"https:\/\/secure.gravatar.com\/avatar\/02cf8a7906b8cf90cecb4679defac7cfd33a1c2e3b88e4903d947f3bb58eedd3?s=96&d=mm&r=g\",\"caption\":\"hegyizs\"},\"url\":\"https:\/\/www.welovecycling.com\/hu\/author\/hegyizs\/\"}]}<\/script>\n<!-- \/ Yoast SEO Premium plugin. -->","yoast_head_json":{"title":"Ultra ker\u00e9kp\u00e1ros kalandok \u2013 Pszichol\u00f3gia hossz\u00fa t\u00e1von","description":"Hogy lehet valaki annyira fitt ahhoz, hogy v\u00e9gigtekerjen egy 1000 km-es versenyt? Nos, az ultra t\u00e1v\u00fa ker\u00e9kp\u00e1ros esem\u00e9nyekn\u00e9l a fitts\u00e9g \u00e1ltal\u00e1ban nem a legnagyobb kih\u00edv\u00e1s. Ezekn\u00e9l az \u0151r\u00fclt t\u00e1vokn\u00e1l sokkal ink\u00e1bb az sz\u00e1m\u00edt, hogyan kezeled a k\u00e9nyelmetlens\u00e9get, a kritikus bels\u0151 hangokat, a sz\u00e9ls\u0151s\u00e9gesen er\u0151s kimer\u00fclts\u00e9get \u00e9s a v\u00e1ratlan helyzeteket. Magyar\u00e1n: ez ink\u00e1bb egy ment\u00e1lis kih\u00edv\u00e1s, \u00e9s a pszichol\u00f3gia, ami m\u00f6g\u00f6tte \u00e1ll eg\u00e9szen leny\u0171g\u00f6z\u0151.","robots":{"index":"index","follow":"follow","max-snippet":"max-snippet:-1","max-image-preview":"max-image-preview:large","max-video-preview":"max-video-preview:-1"},"canonical":"https:\/\/www.welovecycling.com\/hu\/trekking-mtb\/ultra-kerekparos-kalandok-pszichologia-hosszu-tavon\/","og_locale":"hu_HU","og_type":"article","og_title":"Ultra ker\u00e9kp\u00e1ros kalandok \u2013 Pszichol\u00f3gia hossz\u00fa t\u00e1von","og_description":"Hogy lehet valaki annyira fitt ahhoz, hogy v\u00e9gigtekerjen egy 1000 km-es versenyt? Nos, az ultra t\u00e1v\u00fa ker\u00e9kp\u00e1ros esem\u00e9nyekn\u00e9l a fitts\u00e9g \u00e1ltal\u00e1ban nem a legnagyobb kih\u00edv\u00e1s. Ezekn\u00e9l az \u0151r\u00fclt t\u00e1vokn\u00e1l sokkal ink\u00e1bb az sz\u00e1m\u00edt, hogyan kezeled a k\u00e9nyelmetlens\u00e9get, a kritikus bels\u0151 hangokat, a sz\u00e9ls\u0151s\u00e9gesen er\u0151s kimer\u00fclts\u00e9get \u00e9s a v\u00e1ratlan helyzeteket. Magyar\u00e1n: ez ink\u00e1bb egy ment\u00e1lis kih\u00edv\u00e1s, \u00e9s a pszichol\u00f3gia, ami m\u00f6g\u00f6tte \u00e1ll eg\u00e9szen leny\u0171g\u00f6z\u0151.","og_url":"https:\/\/www.welovecycling.com\/hu\/trekking-mtb\/ultra-kerekparos-kalandok-pszichologia-hosszu-tavon\/","og_site_name":"\u0160koda We Love Cycling - Magyarorsz\u00e1g","article_publisher":"https:\/\/www.facebook.com\/WeLoveCyclingHungary\/","article_published_time":"2025-06-02T06:00:53+00:00","og_image":[{"width":990,"height":660,"url":"https:\/\/d2p6e6u75xmxt8.cloudfront.net\/12\/2025\/05\/Bikepacking-profimedia-0809895560-CVR.webp","type":"image\/webp"}],"author":"hegyizs","twitter_card":"summary_large_image","twitter_misc":{"Written by":"Jiri Kaloc","Est. reading time":"3"},"schema":{"@context":"https:\/\/schema.org","@graph":[{"@type":"WebPage","@id":"https:\/\/www.welovecycling.com\/hu\/trekking-mtb\/ultra-kerekparos-kalandok-pszichologia-hosszu-tavon\/","url":"https:\/\/www.welovecycling.com\/hu\/trekking-mtb\/ultra-kerekparos-kalandok-pszichologia-hosszu-tavon\/","name":"Ultra ker\u00e9kp\u00e1ros kalandok \u2013 Pszichol\u00f3gia hossz\u00fa t\u00e1von","isPartOf":{"@id":"https:\/\/www.welovecycling.com\/hu\/#website"},"primaryImageOfPage":{"@id":"https:\/\/www.welovecycling.com\/hu\/trekking-mtb\/ultra-kerekparos-kalandok-pszichologia-hosszu-tavon\/#primaryimage"},"image":{"@id":"https:\/\/www.welovecycling.com\/hu\/trekking-mtb\/ultra-kerekparos-kalandok-pszichologia-hosszu-tavon\/#primaryimage"},"thumbnailUrl":"https:\/\/d2p6e6u75xmxt8.cloudfront.net\/12\/2025\/05\/Bikepacking-profimedia-0809895560-CVR.webp","datePublished":"2025-06-02T06:00:53+00:00","author":{"@id":"https:\/\/www.welovecycling.com\/hu\/#\/schema\/person\/414a2aebf1801691a5320edb6468e194"},"description":"Hogy lehet valaki annyira fitt ahhoz, hogy v\u00e9gigtekerjen egy 1000 km-es versenyt? Nos, az ultra t\u00e1v\u00fa ker\u00e9kp\u00e1ros esem\u00e9nyekn\u00e9l a fitts\u00e9g \u00e1ltal\u00e1ban nem a legnagyobb kih\u00edv\u00e1s. Ezekn\u00e9l az \u0151r\u00fclt t\u00e1vokn\u00e1l sokkal ink\u00e1bb az sz\u00e1m\u00edt, hogyan kezeled a k\u00e9nyelmetlens\u00e9get, a kritikus bels\u0151 hangokat, a sz\u00e9ls\u0151s\u00e9gesen er\u0151s kimer\u00fclts\u00e9get \u00e9s a v\u00e1ratlan helyzeteket. Magyar\u00e1n: ez ink\u00e1bb egy ment\u00e1lis kih\u00edv\u00e1s, \u00e9s a pszichol\u00f3gia, ami m\u00f6g\u00f6tte \u00e1ll eg\u00e9szen leny\u0171g\u00f6z\u0151.","breadcrumb":{"@id":"https:\/\/www.welovecycling.com\/hu\/trekking-mtb\/ultra-kerekparos-kalandok-pszichologia-hosszu-tavon\/#breadcrumb"},"inLanguage":"hu","potentialAction":[{"@type":"ReadAction","target":["https:\/\/www.welovecycling.com\/hu\/trekking-mtb\/ultra-kerekparos-kalandok-pszichologia-hosszu-tavon\/"]}]},{"@type":"ImageObject","inLanguage":"hu","@id":"https:\/\/www.welovecycling.com\/hu\/trekking-mtb\/ultra-kerekparos-kalandok-pszichologia-hosszu-tavon\/#primaryimage","url":"https:\/\/d2p6e6u75xmxt8.cloudfront.net\/12\/2025\/05\/Bikepacking-profimedia-0809895560-CVR.webp","contentUrl":"https:\/\/d2p6e6u75xmxt8.cloudfront.net\/12\/2025\/05\/Bikepacking-profimedia-0809895560-CVR.webp","width":990,"height":660,"caption":"Bikepacking"},{"@type":"BreadcrumbList","@id":"https:\/\/www.welovecycling.com\/hu\/trekking-mtb\/ultra-kerekparos-kalandok-pszichologia-hosszu-tavon\/#breadcrumb","itemListElement":[{"@type":"ListItem","position":1,"name":"Home","item":"https:\/\/www.welovecycling.com\/hu\/"},{"@type":"ListItem","position":2,"name":"Ultra ker\u00e9kp\u00e1ros kalandok \u2013 Pszichol\u00f3gia hossz\u00fa t\u00e1von"}]},{"@type":"WebSite","@id":"https:\/\/www.welovecycling.com\/hu\/#website","url":"https:\/\/www.welovecycling.com\/hu\/","name":"\u0160koda We Love Cycling - Magyarorsz\u00e1g","description":"\u0160koda WeLoveCycling","potentialAction":[{"@type":"SearchAction","target":{"@type":"EntryPoint","urlTemplate":"https:\/\/www.welovecycling.com\/hu\/?s={search_term_string}"},"query-input":{"@type":"PropertyValueSpecification","valueRequired":true,"valueName":"search_term_string"}}],"inLanguage":"hu"},{"@type":"Person","@id":"https:\/\/www.welovecycling.com\/hu\/#\/schema\/person\/414a2aebf1801691a5320edb6468e194","name":"hegyizs","image":{"@type":"ImageObject","inLanguage":"hu","@id":"https:\/\/www.welovecycling.com\/hu\/#\/schema\/person\/image\/","url":"https:\/\/secure.gravatar.com\/avatar\/02cf8a7906b8cf90cecb4679defac7cfd33a1c2e3b88e4903d947f3bb58eedd3?s=96&d=mm&r=g","contentUrl":"https:\/\/secure.gravatar.com\/avatar\/02cf8a7906b8cf90cecb4679defac7cfd33a1c2e3b88e4903d947f3bb58eedd3?s=96&d=mm&r=g","caption":"hegyizs"},"url":"https:\/\/www.welovecycling.com\/hu\/author\/hegyizs\/"}]}},"_links":{"self":[{"href":"https:\/\/www.welovecycling.com\/hu\/wp-json\/wp\/v2\/posts\/19041","targetHints":{"allow":["GET"]}}],"collection":[{"href":"https:\/\/www.welovecycling.com\/hu\/wp-json\/wp\/v2\/posts"}],"about":[{"href":"https:\/\/www.welovecycling.com\/hu\/wp-json\/wp\/v2\/types\/post"}],"author":[{"embeddable":true,"href":"https:\/\/www.welovecycling.com\/hu\/wp-json\/wp\/v2\/users\/71"}],"replies":[{"embeddable":true,"href":"https:\/\/www.welovecycling.com\/hu\/wp-json\/wp\/v2\/comments?post=19041"}],"version-history":[{"count":1,"href":"https:\/\/www.welovecycling.com\/hu\/wp-json\/wp\/v2\/posts\/19041\/revisions"}],"predecessor-version":[{"id":19043,"href":"https:\/\/www.welovecycling.com\/hu\/wp-json\/wp\/v2\/posts\/19041\/revisions\/19043"}],"wp:featuredmedia":[{"embeddable":true,"href":"https:\/\/www.welovecycling.com\/hu\/wp-json\/wp\/v2\/media\/19042"}],"wp:attachment":[{"href":"https:\/\/www.welovecycling.com\/hu\/wp-json\/wp\/v2\/media?parent=19041"}],"wp:term":[{"taxonomy":"category","embeddable":true,"href":"https:\/\/www.welovecycling.com\/hu\/wp-json\/wp\/v2\/categories?post=19041"},{"taxonomy":"post_tag","embeddable":true,"href":"https:\/\/www.welovecycling.com\/hu\/wp-json\/wp\/v2\/tags?post=19041"},{"taxonomy":"global-categories","embeddable":true,"href":"https:\/\/www.welovecycling.com\/hu\/wp-json\/wp\/v2\/global-categories?post=19041"}],"curies":[{"name":"wp","href":"https:\/\/api.w.org\/{rel}","templated":true}]}}