{"id":19038,"date":"2025-05-20T10:12:30","date_gmt":"2025-05-20T08:12:30","guid":{"rendered":"https:\/\/www.welovecycling.com\/hu\/?p=19038"},"modified":"2025-05-20T10:12:30","modified_gmt":"2025-05-20T08:12:30","slug":"ez-szazas-volt-meltokeppen-sikerult-megunnepelni-a-tour-de-hongrie-kerek-szuletesnapjat","status":"publish","type":"post","link":"https:\/\/www.welovecycling.com\/hu\/orszaguti-kerekpar\/ez-szazas-volt-meltokeppen-sikerult-megunnepelni-a-tour-de-hongrie-kerek-szuletesnapjat\/","title":{"rendered":"Ez sz\u00e1zas volt: m\u00e9lt\u00f3k\u00e9ppen siker\u00fclt meg\u00fcnnepelni a Tour de Hongrie kerek sz\u00fclet\u00e9snapj\u00e1t!"},"content":{"rendered":"<p><strong>M\u00e9g a m\u00e1sodik szakasz ijeszt\u0151 t\u00f6megbuk\u00e1sa sem tudta elrontani a nagy magyar ker\u00e9kp\u00e1ros \u00fcnnepet.<\/strong><\/p>\n<p><!--more--><\/p>\n<p>Komoly <u><a href=\"https:\/\/www.welovecycling.com\/hu\/orszaguti-kerekpar\/vigyazz-kesz-rajt-utjara-indul-vegre-a-szazeves-tour-de-hongrie\/\">el\u0151k\u00e9sz\u00fcletek ut\u00e1n<\/a><\/u> vette kezdet\u00e9t a 100 \u00e9ves Magyar K\u00f6rverseny m\u00falt szerd\u00e1n az 1925-\u00f6s els\u0151 vesenyki\u00edr\u00e1s helysz\u00edn\u00e9r\u0151l, az \u00fajbudai Szent Gell\u00e9rt t\u00e9rr\u0151l.<\/p>\n<p>Az \u00f6t nap alatt azt\u00e1n v\u00e9g\u00fcl volt minden, mint a b\u00facs\u00faban: l\u00e1tv\u00e1nyosabbn\u00e1l l\u00e1tv\u00e1nyosabb \u00fatvonalak \u00e9s befut\u00f3k, meglep\u0151bbn\u00e9l meglep\u0151bb szakaszgy\u0151zelmek, \u00e9s sajnos egy \u00f3ri\u00e1si, sok\u00e1ig eml\u00e9kezetes t\u00f6megbuk\u00e1s is. \u00c1m ami tal\u00e1n a legfontosabb: a jubileumi viadal magyar szempontb\u00f3l sportszakmailag is egy olyan, jelent\u0151s m\u00e9rf\u00f6ldk\u0151nek tekinthet\u0151, ami rem\u00e9lhet\u0151leg hivatkoz\u00e1si alapk\u00e9nt szolg\u00e1l majd \u00e9vek m\u00falt\u00e1n is. Unortodox m\u00f3don kezdj\u00fck tal\u00e1n ezzel a r\u00e9sz\u00e9vel TdH-\u00f6sszefoglal\u00f3nkat, mert b\u00edzunk benne, ez valami nagyon j\u00f3nak lehet a kezdete.<\/p>\n<p><img loading=\"lazy\" decoding=\"async\" class=\"alignnone size-full wp-image-19036\" src=\"https:\/\/d2p6e6u75xmxt8.cloudfront.net\/12\/2025\/05\/picture-481-1747590926.webp\" alt=\"\" width=\"1000\" height=\"667\" srcset=\"https:\/\/d2p6e6u75xmxt8.cloudfront.net\/12\/2025\/05\/picture-481-1747590926.webp 1000w, https:\/\/d2p6e6u75xmxt8.cloudfront.net\/12\/2025\/05\/picture-481-1747590926-300x200.webp 300w, https:\/\/d2p6e6u75xmxt8.cloudfront.net\/12\/2025\/05\/picture-481-1747590926-768x512.webp 768w, https:\/\/d2p6e6u75xmxt8.cloudfront.net\/12\/2025\/05\/picture-481-1747590926-400x267.webp 400w, https:\/\/d2p6e6u75xmxt8.cloudfront.net\/12\/2025\/05\/picture-481-1747590926-272x182.webp 272w\" sizes=\"auto, (max-width: 1000px) 100vw, 1000px\" \/><\/p>\n<p>Ahogy m\u00e1r felvezet\u0151nkben is eml\u00edtett\u00fck, komoly fegyvert\u00e9ny ugyanis, hogy az idei versenyen h\u00e1rom magyar kontinent\u00e1lis ist\u00e1ll\u00f3 is rajthoz \u00e1llhatott (s ehhez m\u00e9g vegy\u00fck hozz\u00e1, hogy jelen \u00e1ll\u00e1s szerint a most m\u00e9g olasz bejegyz\u00e9s\u0171, de m\u00e1r hazai f\u0151szponzorral fut\u00f3 MBH Bank Ballan CST is magyark\u00e9nt indulhat majd j\u00f6v\u0151re), \u00f6sszess\u00e9g\u00e9ben pedig 15 magyar versenyz\u0151nek szurkolhattunk, ami egy nagyon sz\u00e9p \u00e9s \u00edg\u00e9retes sz\u00e1m. A hazai indul\u00f3k k\u00f6z\u00fcl r\u00e1ad\u00e1sul minden nap volt valaki sz\u00f6k\u00e9sben vagy akci\u00f3k\u00f6zelben, egy 19 \u00e9ves sr\u00e1c, a United Shippingben teker\u0151 Feldhoffer B\u00e1lint pedig Valter Attila \u00f3ta a legrem\u00e9nytelibb hazai teljes\u00edtm\u00e9nyt produk\u00e1lva hetedik helyen j\u00f6tt meg a k\u00e9kestet\u0151i kir\u00e1lyetapon, ezzel egy\u00fctt a verseny v\u00e9g\u00e9n az \u00f6sszetettben is \u2013 ez is nagy sz\u00f3, f\u0151leg ilyen fiatalon, s abszol\u00fat bizakod\u00e1sra adhat okot.<\/p>\n<figure id=\"attachment_19035\" aria-describedby=\"caption-attachment-19035\" style=\"width: 1000px\" class=\"wp-caption alignnone\"><img loading=\"lazy\" decoding=\"async\" class=\"size-full wp-image-19035\" src=\"https:\/\/d2p6e6u75xmxt8.cloudfront.net\/12\/2025\/05\/picture-276-1747590950.webp\" alt=\"\" width=\"1000\" height=\"667\" srcset=\"https:\/\/d2p6e6u75xmxt8.cloudfront.net\/12\/2025\/05\/picture-276-1747590950.webp 1000w, https:\/\/d2p6e6u75xmxt8.cloudfront.net\/12\/2025\/05\/picture-276-1747590950-300x200.webp 300w, https:\/\/d2p6e6u75xmxt8.cloudfront.net\/12\/2025\/05\/picture-276-1747590950-768x512.webp 768w, https:\/\/d2p6e6u75xmxt8.cloudfront.net\/12\/2025\/05\/picture-276-1747590950-400x267.webp 400w, https:\/\/d2p6e6u75xmxt8.cloudfront.net\/12\/2025\/05\/picture-276-1747590950-272x182.webp 272w\" sizes=\"auto, (max-width: 1000px) 100vw, 1000px\" \/><figcaption id=\"caption-attachment-19035\" class=\"wp-caption-text\">Feldhoffer B\u00e1lint a magyar sz\u00edveket m\u00e1r most elnyerte<\/figcaption><\/figure>\n<p>Ha a 2025-\u00f6s Tour de Hongrie esem\u00e9nyeit id\u0151rendi sorrendben n\u00e9zz\u00fck, akkor Danny van Poppel az els\u0151, akit meg kell eml\u00edten\u00fcnk. A Bora Vuelta-szakaszgy\u0151ztes holland klasszisa ugyanis rendesen ellopta a show-t az els\u0151 k\u00e9t napon, alapos meglepet\u00e9seket szolg\u00e1ltatva: el\u0151bb nyit\u00e1s gyan\u00e1nt Gy\u0151rben felvezet\u0151emberk\u00e9nt saj\u00e1t els\u0151 sz\u00e1m\u00fa versenyz\u0151j\u00e9t, Sam Welsfordot is legyorsulva csente el a szakaszgy\u0151zelmet a sprinterklasszisok orra el\u0151l, majd ugyanezt megcsin\u00e1lta m\u00e1snap a si\u00f3foki mez\u0151nyhajr\u00e1n\u00e1l is. Itt Welsford m\u00e1r nem is volt versenyben, ugyanis t\u00f6bbedmag\u00e1val belekeveredett az eg\u00e9sz orsz\u00e1got sokkol\u00f3 t\u00f6megbuk\u00e1sba az etap elej\u00e9n. Az er\u0151s oldalsz\u00e9lben ugyanis Ryan Mullen elesett, domin\u00f3k\u00e9nt mag\u00e1val r\u00e1ntva a k\u00f6r\u00fcl\u00f6tte l\u00e9v\u0151ket, a hatalmas baleset sajnos olyan s\u00falyos s\u00e9r\u00fcl\u00e9seket is eredm\u00e9nyezett, hogy m\u00e9g ment\u0151helikopter is \u00e9rkezett a helysz\u00ednre \u2013 az egyik balszerencs\u00e9s \u00e9rintettet, Frederik Wandahlt eszm\u00e9letveszt\u00e9se \u00e9s koponyas\u00e9r\u00fcl\u00e9sei miatt azzal kellett k\u00f3rh\u00e1zba sz\u00e1ll\u00edtani. Szerencse a szerencs\u00e9tlens\u00e9gben: v\u00e9g\u00fcl mindenki meg\u00faszta maradand\u00f3 k\u00e1rosod\u00e1s n\u00e9lk\u00fcl, de az biztos, hogy a baleset \u00e9s az azt k\u00f6vet\u0151 \u201eh\u00e1bor\u00fas \u00e1llapotok\u201d k\u00e9pei (maga Eisenkrammer K\u00e1roly f\u0151szervez\u0151 fogalmazott \u00edgy) \u00f6r\u00f6kre bele\u00e9gnek a szervez\u0151k agy\u00e1ba\u2026<\/p>\n<p><img loading=\"lazy\" decoding=\"async\" class=\"alignnone size-full wp-image-19033\" src=\"https:\/\/d2p6e6u75xmxt8.cloudfront.net\/12\/2025\/05\/picture-82-1747329337.webp\" alt=\"\" width=\"1000\" height=\"667\" srcset=\"https:\/\/d2p6e6u75xmxt8.cloudfront.net\/12\/2025\/05\/picture-82-1747329337.webp 1000w, https:\/\/d2p6e6u75xmxt8.cloudfront.net\/12\/2025\/05\/picture-82-1747329337-300x200.webp 300w, https:\/\/d2p6e6u75xmxt8.cloudfront.net\/12\/2025\/05\/picture-82-1747329337-768x512.webp 768w, https:\/\/d2p6e6u75xmxt8.cloudfront.net\/12\/2025\/05\/picture-82-1747329337-400x267.webp 400w, https:\/\/d2p6e6u75xmxt8.cloudfront.net\/12\/2025\/05\/picture-82-1747329337-272x182.webp 272w\" sizes=\"auto, (max-width: 1000px) 100vw, 1000px\" \/><\/p>\n<p>A verseny h\u00e1tral\u00e9v\u0151 szakaszai szerencs\u00e9re m\u00e1r eggyel nyugodtabb mederben zajlottak. A k\u00e9kestet\u0151i kir\u00e1lyetapot, s ezzel az \u00f6sszetett versenyt p\u00e9ld\u00e1ul egy vakmer\u0151 korai ind\u00edt\u00e1ssal el is d\u00f6nt\u00f6tte Harold Martin L\u00f3pez, aki \u00edgy a Tour de Hongrie t\u00f6rt\u00e9net\u00e9nek els\u0151 ecuadori gy\u0151ztese lett \u2013 a 7. Feldhoffer brav\u00farj\u00e1r\u00f3l pedig m\u00e1r esett sz\u00f3 kor\u00e1bban.<\/p>\n<p>Hogy a verseny egyik legnagyobb neve, Dylan Groenewegen se maradjon szakaszgy\u0151zelem n\u00e9lk\u00fcl, arr\u00f3l a 4. etap \u201egondoskodott\u201d, a Jayco sprinterklasszisa nem kevesebb, mint 317 nap ut\u00e1n \u00f6r\u00fclhetett \u00fajra szakaszsikernek! Egy-egy Bora-, Astana-, Jayco-gy\u0151zelem ut\u00e1n a z\u00e1r\u00f3napon v\u00e9g\u00fcl az Emirates is megcselekedte, amit megtervezett, Juan Molano r\u00e9v\u00e9n a WorldTour-mez\u0151ny egyik legnagyobb szt\u00e1rist\u00e1ll\u00f3ja sem t\u00e1vozott \u00fcres k\u00e9zzel. Ezek pedig olyan csapatnevek, amelyek ism\u00e9t jelezt\u00e9k, egyr\u00e9szt m\u00e9lt\u00f3k\u00e9ppen siker\u00fclt meg\u00fcnnepelni a 100 \u00e9ves sz\u00fclet\u00e9snapot, m\u00e1sr\u00e9szt nemzeti k\u00f6rverseny\u00fcnk v\u00e1ltozatlanul ott van a vil\u00e1gsz\u00ednpadon \u2013 rem\u00e9lj\u00fck, siker\u00fcl is ott maradni!<\/p>\n<p>(A versenyr\u0151l, gy\u00f6ny\u00f6r\u0171 t\u00e1jainkr\u00f3l \u00e9s a p\u00e1ratlan szurkol\u00e1sr\u00f3l pazar gal\u00e9ri\u00e1t tal\u00e1lhatunk a TdH <u><a href=\"https:\/\/tdh.hu\/galeria\">hivatalos honlapj\u00e1n<\/a><\/u>.)<\/p>\n<figure id=\"attachment_19034\" aria-describedby=\"caption-attachment-19034\" style=\"width: 1000px\" class=\"wp-caption alignnone\"><img loading=\"lazy\" decoding=\"async\" class=\"size-full wp-image-19034\" src=\"https:\/\/d2p6e6u75xmxt8.cloudfront.net\/12\/2025\/05\/picture-168-1747590943.webp\" alt=\"\" width=\"1000\" height=\"667\" srcset=\"https:\/\/d2p6e6u75xmxt8.cloudfront.net\/12\/2025\/05\/picture-168-1747590943.webp 1000w, https:\/\/d2p6e6u75xmxt8.cloudfront.net\/12\/2025\/05\/picture-168-1747590943-300x200.webp 300w, https:\/\/d2p6e6u75xmxt8.cloudfront.net\/12\/2025\/05\/picture-168-1747590943-768x512.webp 768w, https:\/\/d2p6e6u75xmxt8.cloudfront.net\/12\/2025\/05\/picture-168-1747590943-400x267.webp 400w, https:\/\/d2p6e6u75xmxt8.cloudfront.net\/12\/2025\/05\/picture-168-1747590943-272x182.webp 272w\" sizes=\"auto, (max-width: 1000px) 100vw, 1000px\" \/><figcaption id=\"caption-attachment-19034\" class=\"wp-caption-text\">Az \u00f6sszetett dobog\u00f3sokat, L\u00f3pezt, Covit \u00e9s Philipsent \u00fcnneplik a v\u00e9gc\u00e9ln\u00e1l, az esztergomi bazilik\u00e1n\u00e1l<\/figcaption><\/figure>\n<p>(fot\u00f3k: TdH)<\/p>\n","protected":false},"excerpt":{"rendered":"<p>M\u00e9g a m\u00e1sodik szakasz ijeszt\u0151 t\u00f6megbuk\u00e1sa sem tudta elrontani a nagy magyar ker\u00e9kp\u00e1ros \u00fcnnepet.<\/p>\n","protected":false},"author":71,"featured_media":19037,"comment_status":"open","ping_status":"open","sticky":false,"template":"","format":"standard","meta":{"footnotes":""},"categories":[8,462],"tags":[],"global-categories":[419],"class_list":["post-19038","post","type-post","status-publish","format-standard","has-post-thumbnail","hentry","category-orszaguti-kerekpar","category-tour-de-hongrie","global-categories-cycling"],"yoast_head":"<!-- This site is optimized with the Yoast SEO Premium plugin v25.3 (Yoast SEO v25.9) - https:\/\/yoast.com\/wordpress\/plugins\/seo\/ -->\n<title>Ez sz\u00e1zas volt: m\u00e9lt\u00f3k\u00e9ppen siker\u00fclt meg\u00fcnnepelni a Tour de Hongrie kerek sz\u00fclet\u00e9snapj\u00e1t!<\/title>\n<meta name=\"description\" content=\"M\u00e9g a m\u00e1sodik szakasz ijeszt\u0151 t\u00f6megbuk\u00e1sa sem tudta elrontani a nagy magyar ker\u00e9kp\u00e1ros \u00fcnnepet.\" \/>\n<meta name=\"robots\" content=\"index, follow, max-snippet:-1, max-image-preview:large, max-video-preview:-1\" \/>\n<link rel=\"canonical\" href=\"https:\/\/www.welovecycling.com\/hu\/orszaguti-kerekpar\/ez-szazas-volt-meltokeppen-sikerult-megunnepelni-a-tour-de-hongrie-kerek-szuletesnapjat\/\" \/>\n<meta property=\"og:locale\" content=\"hu_HU\" \/>\n<meta property=\"og:type\" content=\"article\" \/>\n<meta property=\"og:title\" content=\"Ez sz\u00e1zas volt: m\u00e9lt\u00f3k\u00e9ppen siker\u00fclt meg\u00fcnnepelni a Tour de Hongrie kerek sz\u00fclet\u00e9snapj\u00e1t!\" \/>\n<meta property=\"og:description\" content=\"M\u00e9g a m\u00e1sodik szakasz ijeszt\u0151 t\u00f6megbuk\u00e1sa sem tudta elrontani a nagy magyar ker\u00e9kp\u00e1ros \u00fcnnepet.\" \/>\n<meta property=\"og:url\" content=\"https:\/\/www.welovecycling.com\/hu\/orszaguti-kerekpar\/ez-szazas-volt-meltokeppen-sikerult-megunnepelni-a-tour-de-hongrie-kerek-szuletesnapjat\/\" \/>\n<meta property=\"og:site_name\" content=\"\u0160koda We Love Cycling - Magyarorsz\u00e1g\" \/>\n<meta property=\"article:publisher\" content=\"https:\/\/www.facebook.com\/WeLoveCyclingHungary\/\" \/>\n<meta property=\"article:published_time\" content=\"2025-05-20T08:12:30+00:00\" \/>\n<meta property=\"og:image\" content=\"https:\/\/d2p6e6u75xmxt8.cloudfront.net\/12\/2025\/05\/picture-899-1747506646.webp\" \/>\n\t<meta property=\"og:image:width\" content=\"1000\" \/>\n\t<meta property=\"og:image:height\" content=\"726\" \/>\n\t<meta property=\"og:image:type\" content=\"image\/webp\" \/>\n<meta name=\"author\" content=\"hegyizs\" \/>\n<meta name=\"twitter:card\" content=\"summary_large_image\" \/>\n<meta name=\"twitter:label1\" content=\"Written by\" \/>\n\t<meta name=\"twitter:data1\" content=\"WLC\" \/>\n\t<meta name=\"twitter:label2\" content=\"Est. reading time\" \/>\n\t<meta name=\"twitter:data2\" content=\"4 minutes\" \/>\n<script type=\"application\/ld+json\" class=\"yoast-schema-graph\">{\"@context\":\"https:\/\/schema.org\",\"@graph\":[{\"@type\":\"WebPage\",\"@id\":\"https:\/\/www.welovecycling.com\/hu\/orszaguti-kerekpar\/ez-szazas-volt-meltokeppen-sikerult-megunnepelni-a-tour-de-hongrie-kerek-szuletesnapjat\/\",\"url\":\"https:\/\/www.welovecycling.com\/hu\/orszaguti-kerekpar\/ez-szazas-volt-meltokeppen-sikerult-megunnepelni-a-tour-de-hongrie-kerek-szuletesnapjat\/\",\"name\":\"Ez sz\u00e1zas volt: m\u00e9lt\u00f3k\u00e9ppen siker\u00fclt meg\u00fcnnepelni a Tour de Hongrie kerek sz\u00fclet\u00e9snapj\u00e1t!\",\"isPartOf\":{\"@id\":\"https:\/\/www.welovecycling.com\/hu\/#website\"},\"primaryImageOfPage\":{\"@id\":\"https:\/\/www.welovecycling.com\/hu\/orszaguti-kerekpar\/ez-szazas-volt-meltokeppen-sikerult-megunnepelni-a-tour-de-hongrie-kerek-szuletesnapjat\/#primaryimage\"},\"image\":{\"@id\":\"https:\/\/www.welovecycling.com\/hu\/orszaguti-kerekpar\/ez-szazas-volt-meltokeppen-sikerult-megunnepelni-a-tour-de-hongrie-kerek-szuletesnapjat\/#primaryimage\"},\"thumbnailUrl\":\"https:\/\/d2p6e6u75xmxt8.cloudfront.net\/12\/2025\/05\/picture-899-1747506646.webp\",\"datePublished\":\"2025-05-20T08:12:30+00:00\",\"author\":{\"@id\":\"https:\/\/www.welovecycling.com\/hu\/#\/schema\/person\/414a2aebf1801691a5320edb6468e194\"},\"description\":\"M\u00e9g a m\u00e1sodik szakasz ijeszt\u0151 t\u00f6megbuk\u00e1sa sem tudta elrontani a nagy magyar ker\u00e9kp\u00e1ros \u00fcnnepet.\",\"breadcrumb\":{\"@id\":\"https:\/\/www.welovecycling.com\/hu\/orszaguti-kerekpar\/ez-szazas-volt-meltokeppen-sikerult-megunnepelni-a-tour-de-hongrie-kerek-szuletesnapjat\/#breadcrumb\"},\"inLanguage\":\"hu\",\"potentialAction\":[{\"@type\":\"ReadAction\",\"target\":[\"https:\/\/www.welovecycling.com\/hu\/orszaguti-kerekpar\/ez-szazas-volt-meltokeppen-sikerult-megunnepelni-a-tour-de-hongrie-kerek-szuletesnapjat\/\"]}]},{\"@type\":\"ImageObject\",\"inLanguage\":\"hu\",\"@id\":\"https:\/\/www.welovecycling.com\/hu\/orszaguti-kerekpar\/ez-szazas-volt-meltokeppen-sikerult-megunnepelni-a-tour-de-hongrie-kerek-szuletesnapjat\/#primaryimage\",\"url\":\"https:\/\/d2p6e6u75xmxt8.cloudfront.net\/12\/2025\/05\/picture-899-1747506646.webp\",\"contentUrl\":\"https:\/\/d2p6e6u75xmxt8.cloudfront.net\/12\/2025\/05\/picture-899-1747506646.webp\",\"width\":1000,\"height\":726},{\"@type\":\"BreadcrumbList\",\"@id\":\"https:\/\/www.welovecycling.com\/hu\/orszaguti-kerekpar\/ez-szazas-volt-meltokeppen-sikerult-megunnepelni-a-tour-de-hongrie-kerek-szuletesnapjat\/#breadcrumb\",\"itemListElement\":[{\"@type\":\"ListItem\",\"position\":1,\"name\":\"Home\",\"item\":\"https:\/\/www.welovecycling.com\/hu\/\"},{\"@type\":\"ListItem\",\"position\":2,\"name\":\"Ez sz\u00e1zas volt: m\u00e9lt\u00f3k\u00e9ppen siker\u00fclt meg\u00fcnnepelni a Tour de Hongrie kerek sz\u00fclet\u00e9snapj\u00e1t!\"}]},{\"@type\":\"WebSite\",\"@id\":\"https:\/\/www.welovecycling.com\/hu\/#website\",\"url\":\"https:\/\/www.welovecycling.com\/hu\/\",\"name\":\"\u0160koda We Love Cycling - Magyarorsz\u00e1g\",\"description\":\"\u0160koda WeLoveCycling\",\"potentialAction\":[{\"@type\":\"SearchAction\",\"target\":{\"@type\":\"EntryPoint\",\"urlTemplate\":\"https:\/\/www.welovecycling.com\/hu\/?s={search_term_string}\"},\"query-input\":{\"@type\":\"PropertyValueSpecification\",\"valueRequired\":true,\"valueName\":\"search_term_string\"}}],\"inLanguage\":\"hu\"},{\"@type\":\"Person\",\"@id\":\"https:\/\/www.welovecycling.com\/hu\/#\/schema\/person\/414a2aebf1801691a5320edb6468e194\",\"name\":\"hegyizs\",\"image\":{\"@type\":\"ImageObject\",\"inLanguage\":\"hu\",\"@id\":\"https:\/\/www.welovecycling.com\/hu\/#\/schema\/person\/image\/\",\"url\":\"https:\/\/secure.gravatar.com\/avatar\/02cf8a7906b8cf90cecb4679defac7cfd33a1c2e3b88e4903d947f3bb58eedd3?s=96&d=mm&r=g\",\"contentUrl\":\"https:\/\/secure.gravatar.com\/avatar\/02cf8a7906b8cf90cecb4679defac7cfd33a1c2e3b88e4903d947f3bb58eedd3?s=96&d=mm&r=g\",\"caption\":\"hegyizs\"},\"url\":\"https:\/\/www.welovecycling.com\/hu\/author\/hegyizs\/\"}]}<\/script>\n<!-- \/ Yoast SEO Premium plugin. -->","yoast_head_json":{"title":"Ez sz\u00e1zas volt: m\u00e9lt\u00f3k\u00e9ppen siker\u00fclt meg\u00fcnnepelni a Tour de Hongrie kerek sz\u00fclet\u00e9snapj\u00e1t!","description":"M\u00e9g a m\u00e1sodik szakasz ijeszt\u0151 t\u00f6megbuk\u00e1sa sem tudta elrontani a nagy magyar ker\u00e9kp\u00e1ros \u00fcnnepet.","robots":{"index":"index","follow":"follow","max-snippet":"max-snippet:-1","max-image-preview":"max-image-preview:large","max-video-preview":"max-video-preview:-1"},"canonical":"https:\/\/www.welovecycling.com\/hu\/orszaguti-kerekpar\/ez-szazas-volt-meltokeppen-sikerult-megunnepelni-a-tour-de-hongrie-kerek-szuletesnapjat\/","og_locale":"hu_HU","og_type":"article","og_title":"Ez sz\u00e1zas volt: m\u00e9lt\u00f3k\u00e9ppen siker\u00fclt meg\u00fcnnepelni a Tour de Hongrie kerek sz\u00fclet\u00e9snapj\u00e1t!","og_description":"M\u00e9g a m\u00e1sodik szakasz ijeszt\u0151 t\u00f6megbuk\u00e1sa sem tudta elrontani a nagy magyar ker\u00e9kp\u00e1ros \u00fcnnepet.","og_url":"https:\/\/www.welovecycling.com\/hu\/orszaguti-kerekpar\/ez-szazas-volt-meltokeppen-sikerult-megunnepelni-a-tour-de-hongrie-kerek-szuletesnapjat\/","og_site_name":"\u0160koda We Love Cycling - Magyarorsz\u00e1g","article_publisher":"https:\/\/www.facebook.com\/WeLoveCyclingHungary\/","article_published_time":"2025-05-20T08:12:30+00:00","og_image":[{"width":1000,"height":726,"url":"https:\/\/d2p6e6u75xmxt8.cloudfront.net\/12\/2025\/05\/picture-899-1747506646.webp","type":"image\/webp"}],"author":"hegyizs","twitter_card":"summary_large_image","twitter_misc":{"Written by":"WLC","Est. reading time":"4 minutes"},"schema":{"@context":"https:\/\/schema.org","@graph":[{"@type":"WebPage","@id":"https:\/\/www.welovecycling.com\/hu\/orszaguti-kerekpar\/ez-szazas-volt-meltokeppen-sikerult-megunnepelni-a-tour-de-hongrie-kerek-szuletesnapjat\/","url":"https:\/\/www.welovecycling.com\/hu\/orszaguti-kerekpar\/ez-szazas-volt-meltokeppen-sikerult-megunnepelni-a-tour-de-hongrie-kerek-szuletesnapjat\/","name":"Ez sz\u00e1zas volt: m\u00e9lt\u00f3k\u00e9ppen siker\u00fclt meg\u00fcnnepelni a Tour de Hongrie kerek sz\u00fclet\u00e9snapj\u00e1t!","isPartOf":{"@id":"https:\/\/www.welovecycling.com\/hu\/#website"},"primaryImageOfPage":{"@id":"https:\/\/www.welovecycling.com\/hu\/orszaguti-kerekpar\/ez-szazas-volt-meltokeppen-sikerult-megunnepelni-a-tour-de-hongrie-kerek-szuletesnapjat\/#primaryimage"},"image":{"@id":"https:\/\/www.welovecycling.com\/hu\/orszaguti-kerekpar\/ez-szazas-volt-meltokeppen-sikerult-megunnepelni-a-tour-de-hongrie-kerek-szuletesnapjat\/#primaryimage"},"thumbnailUrl":"https:\/\/d2p6e6u75xmxt8.cloudfront.net\/12\/2025\/05\/picture-899-1747506646.webp","datePublished":"2025-05-20T08:12:30+00:00","author":{"@id":"https:\/\/www.welovecycling.com\/hu\/#\/schema\/person\/414a2aebf1801691a5320edb6468e194"},"description":"M\u00e9g a m\u00e1sodik szakasz ijeszt\u0151 t\u00f6megbuk\u00e1sa sem tudta elrontani a nagy magyar ker\u00e9kp\u00e1ros \u00fcnnepet.","breadcrumb":{"@id":"https:\/\/www.welovecycling.com\/hu\/orszaguti-kerekpar\/ez-szazas-volt-meltokeppen-sikerult-megunnepelni-a-tour-de-hongrie-kerek-szuletesnapjat\/#breadcrumb"},"inLanguage":"hu","potentialAction":[{"@type":"ReadAction","target":["https:\/\/www.welovecycling.com\/hu\/orszaguti-kerekpar\/ez-szazas-volt-meltokeppen-sikerult-megunnepelni-a-tour-de-hongrie-kerek-szuletesnapjat\/"]}]},{"@type":"ImageObject","inLanguage":"hu","@id":"https:\/\/www.welovecycling.com\/hu\/orszaguti-kerekpar\/ez-szazas-volt-meltokeppen-sikerult-megunnepelni-a-tour-de-hongrie-kerek-szuletesnapjat\/#primaryimage","url":"https:\/\/d2p6e6u75xmxt8.cloudfront.net\/12\/2025\/05\/picture-899-1747506646.webp","contentUrl":"https:\/\/d2p6e6u75xmxt8.cloudfront.net\/12\/2025\/05\/picture-899-1747506646.webp","width":1000,"height":726},{"@type":"BreadcrumbList","@id":"https:\/\/www.welovecycling.com\/hu\/orszaguti-kerekpar\/ez-szazas-volt-meltokeppen-sikerult-megunnepelni-a-tour-de-hongrie-kerek-szuletesnapjat\/#breadcrumb","itemListElement":[{"@type":"ListItem","position":1,"name":"Home","item":"https:\/\/www.welovecycling.com\/hu\/"},{"@type":"ListItem","position":2,"name":"Ez sz\u00e1zas volt: m\u00e9lt\u00f3k\u00e9ppen siker\u00fclt meg\u00fcnnepelni a Tour de Hongrie kerek sz\u00fclet\u00e9snapj\u00e1t!"}]},{"@type":"WebSite","@id":"https:\/\/www.welovecycling.com\/hu\/#website","url":"https:\/\/www.welovecycling.com\/hu\/","name":"\u0160koda We Love Cycling - Magyarorsz\u00e1g","description":"\u0160koda WeLoveCycling","potentialAction":[{"@type":"SearchAction","target":{"@type":"EntryPoint","urlTemplate":"https:\/\/www.welovecycling.com\/hu\/?s={search_term_string}"},"query-input":{"@type":"PropertyValueSpecification","valueRequired":true,"valueName":"search_term_string"}}],"inLanguage":"hu"},{"@type":"Person","@id":"https:\/\/www.welovecycling.com\/hu\/#\/schema\/person\/414a2aebf1801691a5320edb6468e194","name":"hegyizs","image":{"@type":"ImageObject","inLanguage":"hu","@id":"https:\/\/www.welovecycling.com\/hu\/#\/schema\/person\/image\/","url":"https:\/\/secure.gravatar.com\/avatar\/02cf8a7906b8cf90cecb4679defac7cfd33a1c2e3b88e4903d947f3bb58eedd3?s=96&d=mm&r=g","contentUrl":"https:\/\/secure.gravatar.com\/avatar\/02cf8a7906b8cf90cecb4679defac7cfd33a1c2e3b88e4903d947f3bb58eedd3?s=96&d=mm&r=g","caption":"hegyizs"},"url":"https:\/\/www.welovecycling.com\/hu\/author\/hegyizs\/"}]}},"_links":{"self":[{"href":"https:\/\/www.welovecycling.com\/hu\/wp-json\/wp\/v2\/posts\/19038","targetHints":{"allow":["GET"]}}],"collection":[{"href":"https:\/\/www.welovecycling.com\/hu\/wp-json\/wp\/v2\/posts"}],"about":[{"href":"https:\/\/www.welovecycling.com\/hu\/wp-json\/wp\/v2\/types\/post"}],"author":[{"embeddable":true,"href":"https:\/\/www.welovecycling.com\/hu\/wp-json\/wp\/v2\/users\/71"}],"replies":[{"embeddable":true,"href":"https:\/\/www.welovecycling.com\/hu\/wp-json\/wp\/v2\/comments?post=19038"}],"version-history":[{"count":1,"href":"https:\/\/www.welovecycling.com\/hu\/wp-json\/wp\/v2\/posts\/19038\/revisions"}],"predecessor-version":[{"id":19039,"href":"https:\/\/www.welovecycling.com\/hu\/wp-json\/wp\/v2\/posts\/19038\/revisions\/19039"}],"wp:featuredmedia":[{"embeddable":true,"href":"https:\/\/www.welovecycling.com\/hu\/wp-json\/wp\/v2\/media\/19037"}],"wp:attachment":[{"href":"https:\/\/www.welovecycling.com\/hu\/wp-json\/wp\/v2\/media?parent=19038"}],"wp:term":[{"taxonomy":"category","embeddable":true,"href":"https:\/\/www.welovecycling.com\/hu\/wp-json\/wp\/v2\/categories?post=19038"},{"taxonomy":"post_tag","embeddable":true,"href":"https:\/\/www.welovecycling.com\/hu\/wp-json\/wp\/v2\/tags?post=19038"},{"taxonomy":"global-categories","embeddable":true,"href":"https:\/\/www.welovecycling.com\/hu\/wp-json\/wp\/v2\/global-categories?post=19038"}],"curies":[{"name":"wp","href":"https:\/\/api.w.org\/{rel}","templated":true}]}}