{"id":19029,"date":"2025-05-19T08:00:11","date_gmt":"2025-05-19T06:00:11","guid":{"rendered":"https:\/\/www.welovecycling.com\/hu\/?p=19029"},"modified":"2025-05-15T15:37:42","modified_gmt":"2025-05-15T13:37:42","slug":"egy-kerekparos-gondolatai-a-mentalis-egeszsegrol","status":"publish","type":"post","link":"https:\/\/www.welovecycling.com\/hu\/edzes-es-eletmod\/egy-kerekparos-gondolatai-a-mentalis-egeszsegrol\/","title":{"rendered":"Egy ker\u00e9kp\u00e1ros gondolatai a ment\u00e1lis eg\u00e9szs\u00e9gr\u0151l"},"content":{"rendered":"<p><strong>M\u00e1jus a Ment\u00e1lis Eg\u00e9szs\u00e9g H\u00f3napja, ami remek alkalom arra, hogy besz\u00e9lj\u00fcnk valamir\u0151l, amit sokan megtapasztalunk, m\u00e9gsem mindig nevez\u00fcnk nev\u00e9n: arr\u00f3l, hogyan seg\u00edt a ker\u00e9kp\u00e1roz\u00e1s megbirk\u00f3zni a neh\u00e9zs\u00e9geinkkel.<\/strong><\/p>\n<p><!--more--><\/p>\n<p>Ez persze nem azt jelenti, hogy a ker\u00e9kp\u00e1roz\u00e1s \u201egy\u00f3gy\u00edt\u201d b\u00e1rmit is. Nem sz\u00fcnteti meg a ki\u00e9g\u00e9st, \u00e9s nem oldja fel var\u00e1zs\u00fct\u00e9sre a szorong\u00e1st. De sokunk sz\u00e1m\u00e1ra a bicikliz\u00e9s \u2013 a mozg\u00e1s \u2013 kicsit kezelhet\u0151bb\u00e9 teszi a dolgokat. Lehet, hogy egy hossz\u00fa, mag\u00e1nyos teker\u00e9s kitiszt\u00edtja a fejedet, vagy egy r\u00f6vid k\u00f6z\u00f6s gurul\u00e1s a p\u00e1roddal \u00e1tlend\u00edt egy neh\u00e9z napon \u2013 szeretett biciklink gyakran akkor ny\u00fajt kapaszkod\u00f3t, amikor a legnagyobb sz\u00fcks\u00e9g\u00fcnk van r\u00e1.<\/p>\n<p>Ez a cikk nem a \u201cm\u00e9rgez\u0151 pozitivit\u00e1sr\u00f3l\u201d sz\u00f3l, vagyis mi nem mondjuk, hogy \u201ecsak pattanj fel a bring\u00e1ra, \u00e9s jobban leszel\u201d. Azt viszont igen, hogy legyen egy eszk\u00f6z a kezedben \u2013 egy szok\u00e1s, egy ritmus, ami kimozd\u00edt, seg\u00edt a testedre f\u00f3kusz\u00e1lni \u00e9s megtal\u00e1lni az egyens\u00falyt. N\u00e9zz\u00fck meg k\u00f6zelebbr\u0151l, hogyan t\u00e1mogatja a ker\u00e9kp\u00e1roz\u00e1s a ment\u00e1lis j\u00f3ll\u00e9tet \u2013 a relev\u00e1ns kutat\u00e1sok \u00e9s a szem\u00e9lyes tapasztalataink t\u00fckr\u00e9ben.<\/p>\n<h2><strong>Amit a kutat\u00e1sok mondanak<\/strong><\/h2>\n<p>A legt\u00f6bb bring\u00e1snak nem kell tudom\u00e1nyos bizony\u00edt\u00e9k, hogy tudja: a teker\u00e9s jav\u00edtja a hangulatot. De a tudom\u00e1ny is al\u00e1t\u00e1masztja, amit mi m\u00e1r r\u00e9g\u00f3ta \u00e9rz\u00fcnk.<\/p>\n<p>A <em><u><a href=\"https:\/\/bmjopen.bmj.com\/content\/7\/6\/e013542\">BMJ Open<\/a><\/u><\/em> foly\u00f3iratban megjelent kutat\u00e1s szerint az aerob mozg\u00e1s \u2013 mint p\u00e9ld\u00e1ul a fut\u00e1s vagy a ker\u00e9kp\u00e1roz\u00e1s \u2013 jelent\u0151sen cs\u00f6kkentheti a szorong\u00e1s \u00e9rz\u00e9s\u00e9t. A rendszeres mozg\u00e1s nemcsak az adott pillanatban seg\u00edt, hanem cs\u00f6kkentheti annak kock\u00e1zat\u00e1t is, hogy a szorong\u00e1s p\u00e1nikrohamokk\u00e1 vagy szorong\u00e1sos zavarr\u00e1 fajuljon.<\/p>\n<p>A tanulm\u00e1ny szerint azok az emberek, akik naponta ker\u00e9kp\u00e1roznak, boldogabbnak \u00e9rzik az \u00e9let\u00fcket, mint azok, akik kipr\u00f3b\u00e1lt\u00e1k a sportot, de azt\u00e1n felhagytak vele. A mozg\u00e1s t\u00edpusa kev\u00e9sb\u00e9 sz\u00e1m\u00edt, mint a rendszeress\u00e9g \u2013 de a ker\u00e9kp\u00e1roz\u00e1s k\u00fcl\u00f6nleges: k\u00edm\u00e9li az \u00edz\u00fcleteket (j\u00f3 h\u00edr, ha t\u00e9rdf\u00e1j\u00e1ssal k\u00fczdesz), \u00e9s mivel a szabadban v\u00e9gzed, a term\u00e9szet erej\u00e9t is mag\u00e1ban hordozza: napf\u00e9ny, friss leveg\u0151, z\u00f6ld k\u00f6rnyezet \u2013 ezek \u00f6nmagukban is jav\u00edtj\u00e1k a hangulatot \u00e9s cs\u00f6kkentik a stresszt.<\/p>\n<p>Emellett biol\u00f3giai magyar\u00e1zattal is tudunk szolg\u00e1lni: a ker\u00e9kp\u00e1roz\u00e1s serkenti az endorfinok \u2013 az \u00fagynevezett boldogs\u00e1ghormonok \u2013, valamint a dopamin \u00e9s a szerotonin termel\u00e9s\u00e9t, amelyek a hangulatot, a f\u00f3kusz\u00e1lts\u00e1got \u00e9s a nyugalmat szab\u00e1lyozz\u00e1k. Emellett cs\u00f6kkenti a kortizolszintet is \u2013 ez az a stresszhormon, amely szorong\u00e1s eset\u00e9n megemelkedik. Egyszer\u0171en fogalmazva: a bring\u00e1z\u00e1s olyan k\u00e9miai v\u00e1ltoz\u00e1sokat ind\u00edt el az agyban, amelyek t\u00e1mogatj\u00e1k az \u00e9rzelmi egyens\u00falyt.<\/p>\n<p>De a tudom\u00e1ny nem tud mindent megragadni. Mert a ment\u00e1lis eg\u00e9szs\u00e9g nem csak hormonokr\u00f3l \u00e9s neurotranszmitterekr\u0151l sz\u00f3l. Hanem arr\u00f3l, hogyan \u00e9rezz\u00fck magunkat a neh\u00e9zs\u00e9gek k\u00f6zepette \u2013 \u00e9s mi seg\u00edt abban, hogy \u00e1tv\u00e9szelj\u00fck \u0151ket.<\/p>\n<figure id=\"attachment_12109\" aria-describedby=\"caption-attachment-12109\" style=\"width: 1000px\" class=\"wp-caption alignnone\"><a href=\"https:\/\/d2p6e6u75xmxt8.cloudfront.net\/12\/2021\/07\/Cycling-in-nature-profimedia-0613464706.jpg\"><img loading=\"lazy\" decoding=\"async\" class=\"wp-image-12109 size-full\" src=\"https:\/\/d2p6e6u75xmxt8.cloudfront.net\/12\/2021\/07\/Cycling-in-nature-profimedia-0613464706.jpg\" alt=\"Cycling in nature\" width=\"1000\" height=\"666\" srcset=\"https:\/\/d2p6e6u75xmxt8.cloudfront.net\/12\/2021\/07\/Cycling-in-nature-profimedia-0613464706.jpg 1000w, https:\/\/d2p6e6u75xmxt8.cloudfront.net\/12\/2021\/07\/Cycling-in-nature-profimedia-0613464706-300x200.jpg 300w, https:\/\/d2p6e6u75xmxt8.cloudfront.net\/12\/2021\/07\/Cycling-in-nature-profimedia-0613464706-768x511.jpg 768w, https:\/\/d2p6e6u75xmxt8.cloudfront.net\/12\/2021\/07\/Cycling-in-nature-profimedia-0613464706-272x182.jpg 272w\" sizes=\"auto, (max-width: 1000px) 100vw, 1000px\" \/><\/a><figcaption id=\"caption-attachment-12109\" class=\"wp-caption-text\">A napi szinten ker\u00e9kp\u00e1roz\u00f3k boldogabbnak \u00e9rzik magukat, mint akik abbahagyt\u00e1k a ker\u00e9kp\u00e1roz\u00e1st. \u00a9 Profimedia<\/figcaption><\/figure>\n<h2><strong>Milyen \u00e9rz\u00e9s val\u00f3j\u00e1ban (\u00e9s mi\u00e9rt seg\u00edt)?<\/strong><\/h2>\n<p>Sok bring\u00e1s sz\u00e1m\u00e1ra a sport ment\u00e1lis eg\u00e9szs\u00e9gre gyakorolt hat\u00e1sa nem l\u00e1tv\u00e1nyos, hanem egy finom, \u00e1lland\u00f3 folyamat. Nem egy hirtelen \u00e1talakul\u00e1s \u2013 ink\u00e1bb olyan, mintha sz\u00e9p lassan lehalk\u00edtan\u00e1d a vil\u00e1g zaj\u00e1n.<\/p>\n<p>Sokan mozg\u00f3 medit\u00e1ci\u00f3nak is h\u00edvj\u00e1k. A teker\u00e9s ritmusa, a menetsz\u00e9l az arcodon, a v\u00e1ltoz\u00f3 t\u00e1j \u2013 mind seg\u00edt elcsendes\u00edteni a gondolatokat. A jelenbe h\u00faz. Nem az\u00e9rt, mert tudatosan erre t\u00f6rekszel, hanem mert figyelmet k\u00f6vetel. Az \u00fatra, a l\u00e9gz\u00e9sedre, a tested mozg\u00e1s\u00e1ra kell koncentr\u00e1lnod.<\/p>\n<p>Sz\u00e1momra ez az \u00e1llapot \u00e1ltal\u00e1ban 20 perc ut\u00e1n j\u00f6n el. A gondolatok nem t\u0171nnek el, csak megszel\u00edd\u00fclnek. Puh\u00e1bbak lesznek, k\u00f6nnyebbek. M\u00e9g ha f\u00e1radtan, k\u00f3cosan, kicsit sajg\u00f3 izmokkal \u00e9rek is haza \u2013 \u00fajra \u00f6nmagamnak \u00e9rzem magam.<\/p>\n<p>\u00c9s ott van maga a kimozdul\u00e1s aktusa. K\u00fcl\u00f6n\u00f6sen a neh\u00e9z napokon, amikor minden \u00f6sszesz\u0171k\u00fcl vagy t\u00fal soknak t\u0171nik, m\u00e1r az is sokat sz\u00e1m\u00edt, ha kil\u00e9psz az ajt\u00f3n. A napf\u00e9ny, a friss leveg\u0151, a ny\u00edlt t\u00e9r \u2013 mind j\u00f3 hat\u00e1ssal vannak r\u00e1d.<\/p>\n<h2><strong>\u00c1ttekerni a neh\u00e9z id\u0151szakokon<\/strong><\/h2>\n<p>Fontos \u00fajra kihangs\u00falyozni: a ker\u00e9kp\u00e1roz\u00e1s nem ter\u00e1pia. Nem helyettes\u00edti a szakmai seg\u00edts\u00e9get, a gy\u00f3gyszereket vagy a val\u00f3di besz\u00e9lget\u00e9seket. De lehet r\u00e9sze az eszk\u00f6zt\u00e1radnak \u2013 t\u00e1mogat\u00e1s m\u00e1s strat\u00e9gi\u00e1k mellett.<\/p>\n<p>Van, akinek seg\u00edt a gy\u00e1sz feldolgoz\u00e1s\u00e1ban. Egy bar\u00e1tn\u0151m minden reggel bring\u00e1ra \u00fclt hat h\u00e9ten \u00e1t, miut\u00e1n elvesz\u00edtett egy csal\u00e1dtagot. Nem ment messzire, nem ment gyorsan \u2013 csak annyit tekert, hogy kiszakadjon az \u00e1lland\u00f3 f\u00e1jdalomb\u00f3l. Egy m\u00e1sik ismer\u0151s\u00f6m, aki p\u00e1nikrohamokkal k\u00fczd, azt mondta, hogy a ker\u00e9kp\u00e1roz\u00e1s az egyetlen dolog, ami megb\u00edzhat\u00f3an meg\u00e1ll\u00edtja az \u00f6rd\u00f6gi k\u00f6rt. Nem az\u00e9rt, mert megoldja a probl\u00e9m\u00e1t \u2013 hanem mert seg\u00edt kiszakadni bel\u0151le.<\/p>\n<p>Nekem is voltak olyan heteim, amikor csak a mozg\u00e1s adott \u00e9rtelmet a napoknak. Nem tudtam koncentr\u00e1lni, nem akartam senkivel besz\u00e9lgetni \u2013 de k\u00e9pes voltam megmozdulni, ak\u00e1r csak 20 percre. N\u00e9ha ez volt az egyetlen kapaszkod\u00f3. Nem valami nagy dolog, csak egy pici \u00e9rz\u00e9s: maga a mozg\u00e1s.<\/p>\n<p>\u00c9s akkor ott a k\u00f6z\u00f6ss\u00e9g is. Ak\u00e1r egyed\u00fcl is tekersz, ak\u00e1r r\u00e9sze vagy egy csoportnak \u2013 \u00e9l\u0151ben vagy online \u2013, kev\u00e9sb\u00e9 \u00e9rzed magad mag\u00e1nyosnak. A k\u00f6z\u00f6s teker\u00e9sek nemcsak az edz\u00e9sr\u0151l sz\u00f3lnak, hanem arr\u00f3l, hogy valaminek r\u00e9sze vagy.<\/p>\n<h2><strong>Ha neh\u00e9z, kezdd kicsiben<\/strong><\/h2>\n<p>K\u00f6nny\u0171 azt hinni, hogy csak akkor \u00fclhetsz bring\u00e1ra, ha \u201ek\u00e9szen \u00e1llsz r\u00e1\u201d. De sokszor a legnehezebb r\u00e9sz \u00e9pp az, hogy kil\u00e9pj az ajt\u00f3n.<\/p>\n<p>Sz\u00f3val ha most neh\u00e9z id\u0151szakot \u00e9lsz \u00e1t, itt egy kis eml\u00e9keztet\u0151: a teker\u00e9snek nem kell hossz\u00fanak, intenz\u00edvnek vagy l\u00e1tv\u00e1nyosnak lennie. Nem kell felker\u00fclnie a Strav\u00e1ra. El\u00e9g, ha megt\u00f6rt\u00e9nik.<\/p>\n<p>\u00cdme n\u00e9h\u00e1ny dolog, ami seg\u00edthet:<\/p>\n<ul>\n<li><strong>Felejtsd el a sz\u00e1mokat.<\/strong> Hagyd otthon az okos\u00f3r\u00e1d. Figyeld, milyen \u00e9rz\u00e9s tekerni \u2013 ne azt, hogyan n\u00e9z ki a k\u00e9perny\u0151n.<\/li>\n<li><strong>Fogd r\u00f6vidre.<\/strong> Egy 20 perces gurul\u00e1s t\u00f6bbet tehet a ment\u00e1lis eg\u00e9szs\u00e9ged\u00e9rt, mint egy 3 \u00f3r\u00e1s t\u00fara, ha kev\u00e9s az energi\u00e1d.<\/li>\n<li><strong>Legyen egy kedvenc \u00fatvonalad.<\/strong> Megnyugtat\u00f3, ha tudod, merre m\u00e9sz.<\/li>\n<li><strong>H\u00edvj el valakit.<\/strong> M\u00e9g ha nem is besz\u00e9ltek az \u00e9rz\u00e9seidr\u0151l, m\u00e1r a t\u00e1rsas\u00e1g is seg\u00edthet.<\/li>\n<li><strong>L\u00e9gy kedves magadhoz.<\/strong> Egy kihagyott teker\u00e9s nem kudarc. De az, hogy m\u00e9gis elindulsz \u2013 b\u00e1rmilyen t\u00f6k\u00e9letlen is lesz az \u00fat \u2013, az m\u00e1r gy\u0151zelem.<\/li>\n<\/ul>\n<p>Azok a legfontosabb utak, amik eml\u00e9keztet arra, mire vagy k\u00e9pes &#8211; \u00e9s az is el\u00e9g, ha k\u00e9pes vagy kimozdulni. Akkor is, ha minden m\u00e1s bizonytalannak t\u0171nik.<\/p>\n<p>A Ment\u00e1lis Eg\u00e9szs\u00e9g H\u00f3napj\u00e1ban sok sz\u00f3 esik arr\u00f3l, mit <em>kellene<\/em> tenn\u00fcnk, hogy jobban legy\u00fcnk. De lehet, hogy a v\u00e1lasz nem a nagy megold\u00e1sokban van. Hanem a kis, ism\u00e9tl\u0151d\u0151 ritu\u00e1l\u00e9kban. A reggeli k\u00f6rben. A munka ut\u00e1ni levezet\u00e9sben. A t\u00far\u00e1kban, amiket egyed\u00fcl nyomsz le, mik\u00f6zben saj\u00e1t magaddal besz\u00e9lgetsz vagy \u00e9pp t\u00f6k\u00e9letes csendben vagy.<\/p>\n","protected":false},"excerpt":{"rendered":"<p>M\u00e1jus a Ment\u00e1lis Eg\u00e9szs\u00e9g H\u00f3napja, ami remek alkalom arra, hogy besz\u00e9lj\u00fcnk valamir\u0151l, amit sokan megtapasztalunk, m\u00e9gsem mindig nevez\u00fcnk nev\u00e9n: arr\u00f3l, [&hellip;]<\/p>\n","protected":false},"author":71,"featured_media":19031,"comment_status":"open","ping_status":"open","sticky":false,"template":"","format":"standard","meta":{"footnotes":""},"categories":[6],"tags":[],"global-categories":[],"class_list":["post-19029","post","type-post","status-publish","format-standard","has-post-thumbnail","hentry","category-edzes-es-eletmod"],"yoast_head":"<!-- This site is optimized with the Yoast SEO Premium plugin v25.3 (Yoast SEO v25.9) - https:\/\/yoast.com\/wordpress\/plugins\/seo\/ -->\n<title>Egy ker\u00e9kp\u00e1ros gondolatai a ment\u00e1lis eg\u00e9szs\u00e9gr\u0151l<\/title>\n<meta name=\"description\" content=\"M\u00e1jus a Ment\u00e1lis Eg\u00e9szs\u00e9g H\u00f3napja, ami remek alkalom arra, hogy besz\u00e9lj\u00fcnk valamir\u0151l, amit sokan megtapasztalunk, m\u00e9gsem mindig nevez\u00fcnk nev\u00e9n: arr\u00f3l, hogyan seg\u00edt a ker\u00e9kp\u00e1roz\u00e1s megbirk\u00f3zni a neh\u00e9zs\u00e9geinkkel.\" \/>\n<meta name=\"robots\" content=\"index, follow, max-snippet:-1, max-image-preview:large, max-video-preview:-1\" \/>\n<link rel=\"canonical\" href=\"https:\/\/www.welovecycling.com\/hu\/edzes-es-eletmod\/egy-kerekparos-gondolatai-a-mentalis-egeszsegrol\/\" \/>\n<meta property=\"og:locale\" content=\"hu_HU\" \/>\n<meta property=\"og:type\" content=\"article\" \/>\n<meta property=\"og:title\" content=\"Egy ker\u00e9kp\u00e1ros gondolatai a ment\u00e1lis eg\u00e9szs\u00e9gr\u0151l\" \/>\n<meta property=\"og:description\" content=\"M\u00e1jus a Ment\u00e1lis Eg\u00e9szs\u00e9g H\u00f3napja, ami remek alkalom arra, hogy besz\u00e9lj\u00fcnk valamir\u0151l, amit sokan megtapasztalunk, m\u00e9gsem mindig nevez\u00fcnk nev\u00e9n: arr\u00f3l, hogyan seg\u00edt a ker\u00e9kp\u00e1roz\u00e1s megbirk\u00f3zni a neh\u00e9zs\u00e9geinkkel.\" \/>\n<meta property=\"og:url\" content=\"https:\/\/www.welovecycling.com\/hu\/edzes-es-eletmod\/egy-kerekparos-gondolatai-a-mentalis-egeszsegrol\/\" \/>\n<meta property=\"og:site_name\" content=\"\u0160koda We Love Cycling - Magyarorsz\u00e1g\" \/>\n<meta property=\"article:publisher\" content=\"https:\/\/www.facebook.com\/WeLoveCyclingHungary\/\" \/>\n<meta property=\"article:published_time\" content=\"2025-05-19T06:00:11+00:00\" \/>\n<meta property=\"og:image\" content=\"https:\/\/d2p6e6u75xmxt8.cloudfront.net\/12\/2025\/05\/Cyclist-Beach-Sky-profimedia-0978551546-CVR.webp\" \/>\n\t<meta property=\"og:image:width\" content=\"990\" \/>\n\t<meta property=\"og:image:height\" content=\"660\" \/>\n\t<meta property=\"og:image:type\" content=\"image\/webp\" \/>\n<meta name=\"author\" content=\"hegyizs\" \/>\n<meta name=\"twitter:card\" content=\"summary_large_image\" \/>\n<meta name=\"twitter:label1\" content=\"Written by\" \/>\n\t<meta name=\"twitter:data1\" content=\"Megan Flottorp\" \/>\n\t<meta name=\"twitter:label2\" content=\"Est. reading time\" \/>\n\t<meta name=\"twitter:data2\" content=\"3\" \/>\n<script type=\"application\/ld+json\" class=\"yoast-schema-graph\">{\"@context\":\"https:\/\/schema.org\",\"@graph\":[{\"@type\":\"WebPage\",\"@id\":\"https:\/\/www.welovecycling.com\/hu\/edzes-es-eletmod\/egy-kerekparos-gondolatai-a-mentalis-egeszsegrol\/\",\"url\":\"https:\/\/www.welovecycling.com\/hu\/edzes-es-eletmod\/egy-kerekparos-gondolatai-a-mentalis-egeszsegrol\/\",\"name\":\"Egy ker\u00e9kp\u00e1ros gondolatai a ment\u00e1lis eg\u00e9szs\u00e9gr\u0151l\",\"isPartOf\":{\"@id\":\"https:\/\/www.welovecycling.com\/hu\/#website\"},\"primaryImageOfPage\":{\"@id\":\"https:\/\/www.welovecycling.com\/hu\/edzes-es-eletmod\/egy-kerekparos-gondolatai-a-mentalis-egeszsegrol\/#primaryimage\"},\"image\":{\"@id\":\"https:\/\/www.welovecycling.com\/hu\/edzes-es-eletmod\/egy-kerekparos-gondolatai-a-mentalis-egeszsegrol\/#primaryimage\"},\"thumbnailUrl\":\"https:\/\/d2p6e6u75xmxt8.cloudfront.net\/12\/2025\/05\/Cyclist-Beach-Sky-profimedia-0978551546-CVR.webp\",\"datePublished\":\"2025-05-19T06:00:11+00:00\",\"author\":{\"@id\":\"https:\/\/www.welovecycling.com\/hu\/#\/schema\/person\/414a2aebf1801691a5320edb6468e194\"},\"description\":\"M\u00e1jus a Ment\u00e1lis Eg\u00e9szs\u00e9g H\u00f3napja, ami remek alkalom arra, hogy besz\u00e9lj\u00fcnk valamir\u0151l, amit sokan megtapasztalunk, m\u00e9gsem mindig nevez\u00fcnk nev\u00e9n: arr\u00f3l, hogyan seg\u00edt a ker\u00e9kp\u00e1roz\u00e1s megbirk\u00f3zni a neh\u00e9zs\u00e9geinkkel.\",\"breadcrumb\":{\"@id\":\"https:\/\/www.welovecycling.com\/hu\/edzes-es-eletmod\/egy-kerekparos-gondolatai-a-mentalis-egeszsegrol\/#breadcrumb\"},\"inLanguage\":\"hu\",\"potentialAction\":[{\"@type\":\"ReadAction\",\"target\":[\"https:\/\/www.welovecycling.com\/hu\/edzes-es-eletmod\/egy-kerekparos-gondolatai-a-mentalis-egeszsegrol\/\"]}]},{\"@type\":\"ImageObject\",\"inLanguage\":\"hu\",\"@id\":\"https:\/\/www.welovecycling.com\/hu\/edzes-es-eletmod\/egy-kerekparos-gondolatai-a-mentalis-egeszsegrol\/#primaryimage\",\"url\":\"https:\/\/d2p6e6u75xmxt8.cloudfront.net\/12\/2025\/05\/Cyclist-Beach-Sky-profimedia-0978551546-CVR.webp\",\"contentUrl\":\"https:\/\/d2p6e6u75xmxt8.cloudfront.net\/12\/2025\/05\/Cyclist-Beach-Sky-profimedia-0978551546-CVR.webp\",\"width\":990,\"height\":660,\"caption\":\"Cycling on a beach\"},{\"@type\":\"BreadcrumbList\",\"@id\":\"https:\/\/www.welovecycling.com\/hu\/edzes-es-eletmod\/egy-kerekparos-gondolatai-a-mentalis-egeszsegrol\/#breadcrumb\",\"itemListElement\":[{\"@type\":\"ListItem\",\"position\":1,\"name\":\"Home\",\"item\":\"https:\/\/www.welovecycling.com\/hu\/\"},{\"@type\":\"ListItem\",\"position\":2,\"name\":\"Egy ker\u00e9kp\u00e1ros gondolatai a ment\u00e1lis eg\u00e9szs\u00e9gr\u0151l\"}]},{\"@type\":\"WebSite\",\"@id\":\"https:\/\/www.welovecycling.com\/hu\/#website\",\"url\":\"https:\/\/www.welovecycling.com\/hu\/\",\"name\":\"\u0160koda We Love Cycling - Magyarorsz\u00e1g\",\"description\":\"\u0160koda WeLoveCycling\",\"potentialAction\":[{\"@type\":\"SearchAction\",\"target\":{\"@type\":\"EntryPoint\",\"urlTemplate\":\"https:\/\/www.welovecycling.com\/hu\/?s={search_term_string}\"},\"query-input\":{\"@type\":\"PropertyValueSpecification\",\"valueRequired\":true,\"valueName\":\"search_term_string\"}}],\"inLanguage\":\"hu\"},{\"@type\":\"Person\",\"@id\":\"https:\/\/www.welovecycling.com\/hu\/#\/schema\/person\/414a2aebf1801691a5320edb6468e194\",\"name\":\"hegyizs\",\"image\":{\"@type\":\"ImageObject\",\"inLanguage\":\"hu\",\"@id\":\"https:\/\/www.welovecycling.com\/hu\/#\/schema\/person\/image\/\",\"url\":\"https:\/\/secure.gravatar.com\/avatar\/02cf8a7906b8cf90cecb4679defac7cfd33a1c2e3b88e4903d947f3bb58eedd3?s=96&d=mm&r=g\",\"contentUrl\":\"https:\/\/secure.gravatar.com\/avatar\/02cf8a7906b8cf90cecb4679defac7cfd33a1c2e3b88e4903d947f3bb58eedd3?s=96&d=mm&r=g\",\"caption\":\"hegyizs\"},\"url\":\"https:\/\/www.welovecycling.com\/hu\/author\/hegyizs\/\"}]}<\/script>\n<!-- \/ Yoast SEO Premium plugin. -->","yoast_head_json":{"title":"Egy ker\u00e9kp\u00e1ros gondolatai a ment\u00e1lis eg\u00e9szs\u00e9gr\u0151l","description":"M\u00e1jus a Ment\u00e1lis Eg\u00e9szs\u00e9g H\u00f3napja, ami remek alkalom arra, hogy besz\u00e9lj\u00fcnk valamir\u0151l, amit sokan megtapasztalunk, m\u00e9gsem mindig nevez\u00fcnk nev\u00e9n: arr\u00f3l, hogyan seg\u00edt a ker\u00e9kp\u00e1roz\u00e1s megbirk\u00f3zni a neh\u00e9zs\u00e9geinkkel.","robots":{"index":"index","follow":"follow","max-snippet":"max-snippet:-1","max-image-preview":"max-image-preview:large","max-video-preview":"max-video-preview:-1"},"canonical":"https:\/\/www.welovecycling.com\/hu\/edzes-es-eletmod\/egy-kerekparos-gondolatai-a-mentalis-egeszsegrol\/","og_locale":"hu_HU","og_type":"article","og_title":"Egy ker\u00e9kp\u00e1ros gondolatai a ment\u00e1lis eg\u00e9szs\u00e9gr\u0151l","og_description":"M\u00e1jus a Ment\u00e1lis Eg\u00e9szs\u00e9g H\u00f3napja, ami remek alkalom arra, hogy besz\u00e9lj\u00fcnk valamir\u0151l, amit sokan megtapasztalunk, m\u00e9gsem mindig nevez\u00fcnk nev\u00e9n: arr\u00f3l, hogyan seg\u00edt a ker\u00e9kp\u00e1roz\u00e1s megbirk\u00f3zni a neh\u00e9zs\u00e9geinkkel.","og_url":"https:\/\/www.welovecycling.com\/hu\/edzes-es-eletmod\/egy-kerekparos-gondolatai-a-mentalis-egeszsegrol\/","og_site_name":"\u0160koda We Love Cycling - Magyarorsz\u00e1g","article_publisher":"https:\/\/www.facebook.com\/WeLoveCyclingHungary\/","article_published_time":"2025-05-19T06:00:11+00:00","og_image":[{"width":990,"height":660,"url":"https:\/\/d2p6e6u75xmxt8.cloudfront.net\/12\/2025\/05\/Cyclist-Beach-Sky-profimedia-0978551546-CVR.webp","type":"image\/webp"}],"author":"hegyizs","twitter_card":"summary_large_image","twitter_misc":{"Written by":"Megan Flottorp","Est. reading time":"3"},"schema":{"@context":"https:\/\/schema.org","@graph":[{"@type":"WebPage","@id":"https:\/\/www.welovecycling.com\/hu\/edzes-es-eletmod\/egy-kerekparos-gondolatai-a-mentalis-egeszsegrol\/","url":"https:\/\/www.welovecycling.com\/hu\/edzes-es-eletmod\/egy-kerekparos-gondolatai-a-mentalis-egeszsegrol\/","name":"Egy ker\u00e9kp\u00e1ros gondolatai a ment\u00e1lis eg\u00e9szs\u00e9gr\u0151l","isPartOf":{"@id":"https:\/\/www.welovecycling.com\/hu\/#website"},"primaryImageOfPage":{"@id":"https:\/\/www.welovecycling.com\/hu\/edzes-es-eletmod\/egy-kerekparos-gondolatai-a-mentalis-egeszsegrol\/#primaryimage"},"image":{"@id":"https:\/\/www.welovecycling.com\/hu\/edzes-es-eletmod\/egy-kerekparos-gondolatai-a-mentalis-egeszsegrol\/#primaryimage"},"thumbnailUrl":"https:\/\/d2p6e6u75xmxt8.cloudfront.net\/12\/2025\/05\/Cyclist-Beach-Sky-profimedia-0978551546-CVR.webp","datePublished":"2025-05-19T06:00:11+00:00","author":{"@id":"https:\/\/www.welovecycling.com\/hu\/#\/schema\/person\/414a2aebf1801691a5320edb6468e194"},"description":"M\u00e1jus a Ment\u00e1lis Eg\u00e9szs\u00e9g H\u00f3napja, ami remek alkalom arra, hogy besz\u00e9lj\u00fcnk valamir\u0151l, amit sokan megtapasztalunk, m\u00e9gsem mindig nevez\u00fcnk nev\u00e9n: arr\u00f3l, hogyan seg\u00edt a ker\u00e9kp\u00e1roz\u00e1s megbirk\u00f3zni a neh\u00e9zs\u00e9geinkkel.","breadcrumb":{"@id":"https:\/\/www.welovecycling.com\/hu\/edzes-es-eletmod\/egy-kerekparos-gondolatai-a-mentalis-egeszsegrol\/#breadcrumb"},"inLanguage":"hu","potentialAction":[{"@type":"ReadAction","target":["https:\/\/www.welovecycling.com\/hu\/edzes-es-eletmod\/egy-kerekparos-gondolatai-a-mentalis-egeszsegrol\/"]}]},{"@type":"ImageObject","inLanguage":"hu","@id":"https:\/\/www.welovecycling.com\/hu\/edzes-es-eletmod\/egy-kerekparos-gondolatai-a-mentalis-egeszsegrol\/#primaryimage","url":"https:\/\/d2p6e6u75xmxt8.cloudfront.net\/12\/2025\/05\/Cyclist-Beach-Sky-profimedia-0978551546-CVR.webp","contentUrl":"https:\/\/d2p6e6u75xmxt8.cloudfront.net\/12\/2025\/05\/Cyclist-Beach-Sky-profimedia-0978551546-CVR.webp","width":990,"height":660,"caption":"Cycling on a beach"},{"@type":"BreadcrumbList","@id":"https:\/\/www.welovecycling.com\/hu\/edzes-es-eletmod\/egy-kerekparos-gondolatai-a-mentalis-egeszsegrol\/#breadcrumb","itemListElement":[{"@type":"ListItem","position":1,"name":"Home","item":"https:\/\/www.welovecycling.com\/hu\/"},{"@type":"ListItem","position":2,"name":"Egy ker\u00e9kp\u00e1ros gondolatai a ment\u00e1lis eg\u00e9szs\u00e9gr\u0151l"}]},{"@type":"WebSite","@id":"https:\/\/www.welovecycling.com\/hu\/#website","url":"https:\/\/www.welovecycling.com\/hu\/","name":"\u0160koda We Love Cycling - Magyarorsz\u00e1g","description":"\u0160koda WeLoveCycling","potentialAction":[{"@type":"SearchAction","target":{"@type":"EntryPoint","urlTemplate":"https:\/\/www.welovecycling.com\/hu\/?s={search_term_string}"},"query-input":{"@type":"PropertyValueSpecification","valueRequired":true,"valueName":"search_term_string"}}],"inLanguage":"hu"},{"@type":"Person","@id":"https:\/\/www.welovecycling.com\/hu\/#\/schema\/person\/414a2aebf1801691a5320edb6468e194","name":"hegyizs","image":{"@type":"ImageObject","inLanguage":"hu","@id":"https:\/\/www.welovecycling.com\/hu\/#\/schema\/person\/image\/","url":"https:\/\/secure.gravatar.com\/avatar\/02cf8a7906b8cf90cecb4679defac7cfd33a1c2e3b88e4903d947f3bb58eedd3?s=96&d=mm&r=g","contentUrl":"https:\/\/secure.gravatar.com\/avatar\/02cf8a7906b8cf90cecb4679defac7cfd33a1c2e3b88e4903d947f3bb58eedd3?s=96&d=mm&r=g","caption":"hegyizs"},"url":"https:\/\/www.welovecycling.com\/hu\/author\/hegyizs\/"}]}},"_links":{"self":[{"href":"https:\/\/www.welovecycling.com\/hu\/wp-json\/wp\/v2\/posts\/19029","targetHints":{"allow":["GET"]}}],"collection":[{"href":"https:\/\/www.welovecycling.com\/hu\/wp-json\/wp\/v2\/posts"}],"about":[{"href":"https:\/\/www.welovecycling.com\/hu\/wp-json\/wp\/v2\/types\/post"}],"author":[{"embeddable":true,"href":"https:\/\/www.welovecycling.com\/hu\/wp-json\/wp\/v2\/users\/71"}],"replies":[{"embeddable":true,"href":"https:\/\/www.welovecycling.com\/hu\/wp-json\/wp\/v2\/comments?post=19029"}],"version-history":[{"count":2,"href":"https:\/\/www.welovecycling.com\/hu\/wp-json\/wp\/v2\/posts\/19029\/revisions"}],"predecessor-version":[{"id":19032,"href":"https:\/\/www.welovecycling.com\/hu\/wp-json\/wp\/v2\/posts\/19029\/revisions\/19032"}],"wp:featuredmedia":[{"embeddable":true,"href":"https:\/\/www.welovecycling.com\/hu\/wp-json\/wp\/v2\/media\/19031"}],"wp:attachment":[{"href":"https:\/\/www.welovecycling.com\/hu\/wp-json\/wp\/v2\/media?parent=19029"}],"wp:term":[{"taxonomy":"category","embeddable":true,"href":"https:\/\/www.welovecycling.com\/hu\/wp-json\/wp\/v2\/categories?post=19029"},{"taxonomy":"post_tag","embeddable":true,"href":"https:\/\/www.welovecycling.com\/hu\/wp-json\/wp\/v2\/tags?post=19029"},{"taxonomy":"global-categories","embeddable":true,"href":"https:\/\/www.welovecycling.com\/hu\/wp-json\/wp\/v2\/global-categories?post=19029"}],"curies":[{"name":"wp","href":"https:\/\/api.w.org\/{rel}","templated":true}]}}