{"id":19017,"date":"2025-05-14T10:11:49","date_gmt":"2025-05-14T08:11:49","guid":{"rendered":"https:\/\/www.welovecycling.com\/hu\/?p=19017"},"modified":"2025-05-14T10:11:49","modified_gmt":"2025-05-14T08:11:49","slug":"vigyazz-kesz-rajt-utjara-indul-vegre-a-szazeves-tour-de-hongrie","status":"publish","type":"post","link":"https:\/\/www.welovecycling.com\/hu\/orszaguti-kerekpar\/vigyazz-kesz-rajt-utjara-indul-vegre-a-szazeves-tour-de-hongrie\/","title":{"rendered":"Vigy\u00e1zz, k\u00e9sz, rajt: \u00fatj\u00e1ra indul v\u00e9gre a sz\u00e1z\u00e9ves Tour de Hongrie!"},"content":{"rendered":"<p><strong>M\u00e9ghozz\u00e1 ugyanonnan, ahonnan 1925-ben is elrajtolt az els\u0151 ki\u00edr\u00e1s \u2013 ez\u00fattal a vil\u00e1g legnagyobb ist\u00e1ll\u00f3ival, k\u00f6zt\u00fck h\u00e1rom magyar csapattal \u00e9s \u00f6sszesen 15 hazai versenyz\u0151vel!<\/strong><\/p>\n<p><!--more--><\/p>\n<p>A Tour de Hongrie az elm\u00falt \u00e9vekben \u00f6r\u00f6mteli m\u00f3don kettes\u00e9vel vette a l\u00e9pcs\u0151fokokat felfel\u00e9: r\u00f6vid id\u0151 alatt a m\u00e1sodik legrangosabb nemzetk\u00f6zi sorozatba, a ProSeries-be k\u00fczd\u00f6tte fel mag\u00e1t, \u00e9s m\u00e1ra a r\u00e9gi\u00f3 legnagyobb orsz\u00e1g\u00fati k\u00f6rversenye lett, ez egy\u00fcttesen \u00f3ri\u00e1si fegyvert\u00e9ny.<\/p>\n<p>Ezek ut\u00e1n tavaly m\u00e1r szinte meg sem lep\u0151dt\u00fcnk azon, hogy olyan sport\u00e1gi vil\u00e1gszt\u00e1rok j\u00f6ttek el hozz\u00e1nk versenyezni, mint az az\u00f3ta a h\u0151n \u00e1h\u00edtott Tour de France-rekordot megd\u00f6nt\u0151, \u00e9s azzal a lend\u00fclettel vissza is vonul\u00f3 <u><a href=\"https:\/\/www.welovecycling.com\/hu\/orszaguti-kerekpar\/minden-a-sprinterekrol-szolt-a-tdh-elso-ket-szakaszan-cavendish-remekelt\/\">Mark Cavendish,<\/a><\/u> vagy \u00e9ppen a h\u00e1romszoros vil\u00e1gbajnok, h\u00e9tszeres Tour-pontgy\u0151ztes Peter Sagan. Sejthet\u0151 volt, hogy ezek ut\u00e1n egyszer csak el\u00e9rkezik az a pont, amikor gyakorlatilag \u201ekimaxoljuk\u201d a verseny lehet\u0151s\u00e9geit, \u00e9s nagyon neh\u00e9z lesz m\u00e1r tov\u00e1bb emelni a szakmai sz\u00ednvonalat, \u00e9s ez tulajdonk\u00e9ppen el is j\u00f6tt \u2013 err\u0151l maga Eisenkrammer K\u00e1roly f\u0151szervez\u0151 is besz\u00e9lt nemr\u00e9g a Nemzeti Sporth\u00edrad\u00f3nak, kiemelve, az\u00e9rt m\u00e9g mindig lehet fejl\u0151dni, el\u0151rel\u00e9pni.<\/p>\n<figure id=\"attachment_19019\" aria-describedby=\"caption-attachment-19019\" style=\"width: 1000px\" class=\"wp-caption alignnone\"><img loading=\"lazy\" decoding=\"async\" class=\"size-full wp-image-19019\" src=\"https:\/\/d2p6e6u75xmxt8.cloudfront.net\/12\/2025\/05\/cover-1715278590.webp\" alt=\"\" width=\"1000\" height=\"667\" srcset=\"https:\/\/d2p6e6u75xmxt8.cloudfront.net\/12\/2025\/05\/cover-1715278590.webp 1000w, https:\/\/d2p6e6u75xmxt8.cloudfront.net\/12\/2025\/05\/cover-1715278590-300x200.webp 300w, https:\/\/d2p6e6u75xmxt8.cloudfront.net\/12\/2025\/05\/cover-1715278590-768x512.webp 768w, https:\/\/d2p6e6u75xmxt8.cloudfront.net\/12\/2025\/05\/cover-1715278590-400x267.webp 400w, https:\/\/d2p6e6u75xmxt8.cloudfront.net\/12\/2025\/05\/cover-1715278590-272x182.webp 272w\" sizes=\"auto, (max-width: 1000px) 100vw, 1000px\" \/><figcaption id=\"caption-attachment-19019\" class=\"wp-caption-text\">A sport saj\u00e1tos sz\u00e9ps\u00e9gei: Mark Cavendish el\u0151bb Kazincbarcik\u00e1n nyert, azt\u00e1n megd\u00f6nt\u00f6tte a Tour de France-szakaszrekordot (fot\u00f3: TdH\/Vanik Zolt\u00e1n).<\/figcaption><\/figure>\n<p>A Magyar K\u00f6rverseny idei \u00fcnnepi, 100. sz\u00fclet\u00e9snapi ki\u00edr\u00e1s\u00e1n hasonl\u00f3 kaliber\u0171 sport\u00e1gi vil\u00e1gszt\u00e1r nem indul, a mostani viadal sokkal ink\u00e1bb a nosztalgi\u00e1z\u00e1s miatt lesz \u00e9rdekes \u00e9s k\u00fcl\u00f6nleges, illetve ami legal\u00e1bb ilyen fontos szakmai szempontb\u00f3l, hogy a tucatnyi WorldTour-ist\u00e1ll\u00f3 mellett v\u00e9gre kiemelt magyar jelenl\u00e9ttel is b\u00edr majd a verseny. Az elm\u00falt \u00e9veket figyelembe v\u00e9ve m\u00e1ris komoly eredm\u00e9ny p\u00e9ld\u00e1ul, hogy h\u00e1rom kontinent\u00e1lis besorol\u00e1s\u00fa hazai ist\u00e1ll\u00f3 is rajthoz \u00e1llhat \u2013 volt id\u0151, amikor egynek is \u00f6r\u00fclt\u00fcnk volna \u2013, de a k\u00fclf\u00f6ldi csapatok magyarjait figyelembe v\u00e9ve \u00f6sszesen 15 hazai versenyz\u0151nek szurkolhatunk, ami &#8211; ha arra gondolunk, hogy 2017 \u00f3ta el\u0151sz\u00f6r nem ind\u00edtunk v\u00e1logatottat -, kimondottan sz\u00e9p sz\u00e1m.<\/p>\n<p>A h\u00e1rom sz\u00f3ban forg\u00f3 magyar csapat az Epronex, a United Shipping \u00e9s a Karcag Cycling \u00c9PKAR. E\u0151bbi a napokban azzal ker\u00fclt a figyelem k\u00f6z\u00e9ppontj\u00e1ba, hogy a legrutinosabb versenyz\u0151j\u00fck, a h\u00e1romszoros magyar bajnok Kusztor P\u00e9ter v\u00e1ratlanul a TdH-val id\u0151ben \u00fctk\u00f6z\u0151 <u><a href=\"https:\/\/m4sport.hu\/kerekpar\/cikk\/2025\/05\/08\/tour-de-hongrie-helyett-giro-ditalia-kusztor-peter-vegleg-visszavonult-primoz-roglicekra-foz-az-olasz-koron\/\">Giro d\u2019Itali\u00e1n t\u0171nt fel Primoz Roglic\u00e9k szak\u00e1csak\u00e9nt(!);<\/a><\/u> \u00edgy der\u00fclt ki a nagyk\u00f6z\u00f6ns\u00e9g sz\u00e1m\u00e1ra, hogy egyik napr\u00f3l a m\u00e1sikra visszavonult, \u00e9s \u00edgy m\u00e1r a magyar k\u00f6r\u00f6n sem \u00e1ll rajthoz.<\/p>\n<figure id=\"attachment_19018\" aria-describedby=\"caption-attachment-19018\" style=\"width: 1024px\" class=\"wp-caption alignnone\"><img loading=\"lazy\" decoding=\"async\" class=\"size-large wp-image-19018\" src=\"https:\/\/d2p6e6u75xmxt8.cloudfront.net\/12\/2025\/05\/37e1c97c7f4a4378834ac97c2f94f1dc-1024x576.webp\" alt=\"\" width=\"1024\" height=\"576\" srcset=\"https:\/\/d2p6e6u75xmxt8.cloudfront.net\/12\/2025\/05\/37e1c97c7f4a4378834ac97c2f94f1dc-1024x576.webp 1024w, https:\/\/d2p6e6u75xmxt8.cloudfront.net\/12\/2025\/05\/37e1c97c7f4a4378834ac97c2f94f1dc-300x169.webp 300w, https:\/\/d2p6e6u75xmxt8.cloudfront.net\/12\/2025\/05\/37e1c97c7f4a4378834ac97c2f94f1dc-768x432.webp 768w, https:\/\/d2p6e6u75xmxt8.cloudfront.net\/12\/2025\/05\/37e1c97c7f4a4378834ac97c2f94f1dc-400x225.webp 400w, https:\/\/d2p6e6u75xmxt8.cloudfront.net\/12\/2025\/05\/37e1c97c7f4a4378834ac97c2f94f1dc.webp 1347w\" sizes=\"auto, (max-width: 1024px) 100vw, 1024px\" \/><figcaption id=\"caption-attachment-19018\" class=\"wp-caption-text\">Kusztor P\u00e9ter ugyan ink\u00e1bb szak\u00e1csnak szeg\u0151d\u00f6tt, de az Epronex \u00edgy is ott lesz a TdH-n (Fot\u00f3: Farkas Mil\u00e1n\/teamepronex.com).<\/figcaption><\/figure>\n<p>Itt lesz a mez\u0151nyben ugyanakkor a baszk Euskalteln\u00e9l kivir\u00e1gz\u00f3 Dina M\u00e1rton, akir\u0151l <u><a href=\"https:\/\/www.welovecycling.com\/hu\/orszaguti-kerekpar\/a-tarsak-is-befogadtak-a-versenyzes-is-jol-megy-dina-marton-helyere-kerult-a-buszke-baszk-csapatnal\/\">\u00edrtunk is nemr\u00e9g<\/a><\/u>, \u00e9s akinek minden es\u00e9lye megvan r\u00e1, hogy a legjobb magyark\u00e9nt v\u00e9gezzen az \u00f6sszetett versenyben. Pakot Andr\u00e1s pedig a szlov\u00e1k Pierre Baguette tagjak\u00e9nt j\u00f6n majd a TdH-ra \u2013 ez az a csapat, amelynek mez\u00e9ben tavaly m\u00e9g Sagan is tekert n\u00e1lunk. A kor\u00e1bbi gy\u0151ztes Valter Attila \u00e9s a nemzetk\u00f6zi porondon az ut\u00f3bbi \u00e9vek sikerszezonjai ut\u00e1n id\u00e9nre <u><a href=\"https:\/\/www.welovecycling.com\/hu\/orszaguti-kerekpar\/a-tudomanyt-is-tulzasba-lehet-vinni-dumoulinnel-az-igazsag-a-visma-visszaesese-kapcsan\/\">bef\u00e9kez\u0151<\/a><\/u>, egyre nyilv\u00e1nval\u00f3bb <u><a href=\"https:\/\/www.welovecycling.com\/hu\/orszaguti-kerekpar\/mi-tortenik-a-visma-lease-a-bike-nal-alig-ket-honappal-a-tour-de-france-elott\/\">gondokkal k\u00fcszk\u00f6d\u0151<\/a><\/u> nagycsapata, a Visma ellenben id\u00e9n sem j\u00f6n, \u00edgy meg kell em\u00e9szten\u00fcnk, hogy legnagyobb szt\u00e1runkat ez\u00fattal sem l\u00e1thatjuk hazai k\u00f6z\u00f6ns\u00e9g el\u0151tt.<\/p>\n<figure id=\"attachment_19020\" aria-describedby=\"caption-attachment-19020\" style=\"width: 1024px\" class=\"wp-caption alignnone\"><img loading=\"lazy\" decoding=\"async\" class=\"size-large wp-image-19020\" src=\"https:\/\/d2p6e6u75xmxt8.cloudfront.net\/12\/2025\/05\/GjMC0E-XQAAOsNq-1024x682.webp\" alt=\"\" width=\"1024\" height=\"682\" srcset=\"https:\/\/d2p6e6u75xmxt8.cloudfront.net\/12\/2025\/05\/GjMC0E-XQAAOsNq-1024x682.webp 1024w, https:\/\/d2p6e6u75xmxt8.cloudfront.net\/12\/2025\/05\/GjMC0E-XQAAOsNq-300x200.webp 300w, https:\/\/d2p6e6u75xmxt8.cloudfront.net\/12\/2025\/05\/GjMC0E-XQAAOsNq-768x512.webp 768w, https:\/\/d2p6e6u75xmxt8.cloudfront.net\/12\/2025\/05\/GjMC0E-XQAAOsNq-1536x1024.webp 1536w, https:\/\/d2p6e6u75xmxt8.cloudfront.net\/12\/2025\/05\/GjMC0E-XQAAOsNq-1920x1280.webp 1920w, https:\/\/d2p6e6u75xmxt8.cloudfront.net\/12\/2025\/05\/GjMC0E-XQAAOsNq-400x267.webp 400w, https:\/\/d2p6e6u75xmxt8.cloudfront.net\/12\/2025\/05\/GjMC0E-XQAAOsNq-272x182.webp 272w, https:\/\/d2p6e6u75xmxt8.cloudfront.net\/12\/2025\/05\/GjMC0E-XQAAOsNq.webp 2000w, https:\/\/d2p6e6u75xmxt8.cloudfront.net\/12\/2025\/05\/GjMC0E-XQAAOsNq-1920x1280.webp 1920w\" sizes=\"auto, (max-width: 1024px) 100vw, 1024px\" \/><figcaption id=\"caption-attachment-19020\" class=\"wp-caption-text\">Az Euskaltellel \u00e9rkez\u0151 Dina M\u00e1rtonnak j\u00f3 es\u00e9lye van a legjobb magyart illet\u0151 feh\u00e9r trik\u00f3ra (fot\u00f3: Euskaltel-Euskadi).<\/figcaption><\/figure>\n<p>A telev\u00edzi\u00f3s k\u00f6zvet\u00edt\u00e9sek nyom\u00e1n mintegy 180 orsz\u00e1gban l\u00e1that\u00f3 TdH egyik legnagyobb k\u00fcl\u00f6nlegess\u00e9ge, hogy hagyom\u00e1nytiszteletb\u0151l \u00e9ppen onnan rajtol majd, ahonnan 100 \u00e9ve, 1925-ben az els\u0151 Magyar K\u00f6rverseny: \u00dajbud\u00e1r\u00f3l, a Gell\u00e9rt t\u00e9rr\u0151l \u2013 Eisenkrammer K\u00e1roly elmondta, abban, hogy h\u00e9tk\u00f6znap lehessen budapesti mez\u0151nyszakasz, j\u00f3 k\u00e9t\u00e9ves munk\u00e1ja van a szervez\u0151csapatnak. Id\u00e9n is lesz balatoni etap, a szerdai nyit\u00f3nap gy\u0151ri befut\u00f3ja ut\u00e1n cs\u00fct\u00f6rt\u00f6k\u00f6n Veszpr\u00e9m \u00e9s Si\u00f3fok k\u00f6z\u00f6tt teker a mez\u0151ny, majd j\u00f6n a kir\u00e1lyszakasz, p\u00e9nteken G\u00f6d\u00f6ll\u0151r\u0151l eg\u00e9szen a K\u00e9kestet\u0151ig kaptatnak fel a versenyz\u0151k majd\u2019 k\u00e9tezer m\u00e9ternyi szintk\u00fcl\u00f6nbs\u00e9get lek\u00fczdve. Szombaton a Tata \u00e9s Sz\u00e9kesfeh\u00e9rv\u00e1r k\u00f6z\u00f6tti 154 kilom\u00e9ter k\u00f6vetkezik, vas\u00e1rnap pedig egy \u00fajabb fest\u0151i \u00fatvonalon, Etyek \u00e9s Esztergom k\u00f6z\u00f6tt z\u00e1rul a verseny \u00f6t versenynap \u00e9s 875 km-nyi \u00f6sszt\u00e1v megt\u00e9tele ut\u00e1n.<\/p>\n<p>A jubileumi, sz\u00e1z\u00e9ves Tour de Hongrie szerda d\u00e9lel\u0151tt 11-kor rajtol a Gell\u00e9rt t\u00e9rr\u0151l, a versenyt Magyarorsz\u00e1gon az M4 Sport k\u00f6zvet\u00edti \u00e9l\u0151ben.<\/p>\n<figure id=\"attachment_19021\" aria-describedby=\"caption-attachment-19021\" style=\"width: 1024px\" class=\"wp-caption alignnone\"><img loading=\"lazy\" decoding=\"async\" class=\"size-full wp-image-19021\" src=\"https:\/\/d2p6e6u75xmxt8.cloudfront.net\/12\/2025\/05\/tour-de-hongrie-1024x702-1.webp\" alt=\"\" width=\"1024\" height=\"702\" srcset=\"https:\/\/d2p6e6u75xmxt8.cloudfront.net\/12\/2025\/05\/tour-de-hongrie-1024x702-1.webp 1024w, https:\/\/d2p6e6u75xmxt8.cloudfront.net\/12\/2025\/05\/tour-de-hongrie-1024x702-1-300x206.webp 300w, https:\/\/d2p6e6u75xmxt8.cloudfront.net\/12\/2025\/05\/tour-de-hongrie-1024x702-1-768x527.webp 768w, https:\/\/d2p6e6u75xmxt8.cloudfront.net\/12\/2025\/05\/tour-de-hongrie-1024x702-1-400x274.webp 400w\" sizes=\"auto, (max-width: 1024px) 100vw, 1024px\" \/><figcaption id=\"caption-attachment-19021\" class=\"wp-caption-text\">A 100 \u00e9ves Tour de Hongrie programja (fot\u00f3: TdH.hu)<\/figcaption><\/figure>\n<p><em>Bor\u00edt\u00f3k\u00e9p: Tour de Hongrie<\/em><\/p>\n","protected":false},"excerpt":{"rendered":"<p>M\u00e9ghozz\u00e1 ugyanonnan, ahonnan 1925-ben is elrajtolt az els\u0151 ki\u00edr\u00e1s \u2013 ez\u00fattal a vil\u00e1g legnagyobb ist\u00e1ll\u00f3ival, k\u00f6zt\u00fck h\u00e1rom magyar csapattal \u00e9s [&hellip;]<\/p>\n","protected":false},"author":71,"featured_media":19022,"comment_status":"open","ping_status":"open","sticky":false,"template":"","format":"standard","meta":{"footnotes":""},"categories":[8],"tags":[],"global-categories":[419],"class_list":["post-19017","post","type-post","status-publish","format-standard","has-post-thumbnail","hentry","category-orszaguti-kerekpar","global-categories-cycling"],"yoast_head":"<!-- This site is optimized with the Yoast SEO Premium plugin v25.3 (Yoast SEO v25.9) - https:\/\/yoast.com\/wordpress\/plugins\/seo\/ -->\n<title>Vigy\u00e1zz, k\u00e9sz, rajt: \u00fatj\u00e1ra indul v\u00e9gre a sz\u00e1z\u00e9ves Tour de Hongrie!<\/title>\n<meta name=\"description\" content=\"M\u00e9ghozz\u00e1 ugyanonnan, ahonnan 1925-ben is elrajtolt az els\u0151 ki\u00edr\u00e1s \u2013 ez\u00fattal a vil\u00e1g legnagyobb ist\u00e1ll\u00f3ival, k\u00f6zt\u00fck h\u00e1rom magyar csapattal \u00e9s \u00f6sszesen 15 hazai versenyz\u0151vel!\" \/>\n<meta name=\"robots\" content=\"index, follow, max-snippet:-1, max-image-preview:large, max-video-preview:-1\" \/>\n<link rel=\"canonical\" href=\"https:\/\/www.welovecycling.com\/hu\/orszaguti-kerekpar\/vigyazz-kesz-rajt-utjara-indul-vegre-a-szazeves-tour-de-hongrie\/\" \/>\n<meta property=\"og:locale\" content=\"hu_HU\" \/>\n<meta property=\"og:type\" content=\"article\" \/>\n<meta property=\"og:title\" content=\"Vigy\u00e1zz, k\u00e9sz, rajt: \u00fatj\u00e1ra indul v\u00e9gre a sz\u00e1z\u00e9ves Tour de Hongrie!\" \/>\n<meta property=\"og:description\" content=\"M\u00e9ghozz\u00e1 ugyanonnan, ahonnan 1925-ben is elrajtolt az els\u0151 ki\u00edr\u00e1s \u2013 ez\u00fattal a vil\u00e1g legnagyobb ist\u00e1ll\u00f3ival, k\u00f6zt\u00fck h\u00e1rom magyar csapattal \u00e9s \u00f6sszesen 15 hazai versenyz\u0151vel!\" \/>\n<meta property=\"og:url\" content=\"https:\/\/www.welovecycling.com\/hu\/orszaguti-kerekpar\/vigyazz-kesz-rajt-utjara-indul-vegre-a-szazeves-tour-de-hongrie\/\" \/>\n<meta property=\"og:site_name\" content=\"\u0160koda We Love Cycling - Magyarorsz\u00e1g\" \/>\n<meta property=\"article:publisher\" content=\"https:\/\/www.facebook.com\/WeLoveCyclingHungary\/\" \/>\n<meta property=\"article:published_time\" content=\"2025-05-14T08:11:49+00:00\" \/>\n<meta property=\"og:image\" content=\"https:\/\/d2p6e6u75xmxt8.cloudfront.net\/12\/2025\/05\/tour-the-hongrie-budapest.webp\" \/>\n\t<meta property=\"og:image:width\" content=\"1290\" \/>\n\t<meta property=\"og:image:height\" content=\"861\" \/>\n\t<meta property=\"og:image:type\" content=\"image\/webp\" \/>\n<meta name=\"author\" content=\"hegyizs\" \/>\n<meta name=\"twitter:card\" content=\"summary_large_image\" \/>\n<meta name=\"twitter:label1\" content=\"Written by\" \/>\n\t<meta name=\"twitter:data1\" content=\"WLC\" \/>\n\t<meta name=\"twitter:label2\" content=\"Est. reading time\" \/>\n\t<meta name=\"twitter:data2\" content=\"5 minutes\" \/>\n<script type=\"application\/ld+json\" class=\"yoast-schema-graph\">{\"@context\":\"https:\/\/schema.org\",\"@graph\":[{\"@type\":\"WebPage\",\"@id\":\"https:\/\/www.welovecycling.com\/hu\/orszaguti-kerekpar\/vigyazz-kesz-rajt-utjara-indul-vegre-a-szazeves-tour-de-hongrie\/\",\"url\":\"https:\/\/www.welovecycling.com\/hu\/orszaguti-kerekpar\/vigyazz-kesz-rajt-utjara-indul-vegre-a-szazeves-tour-de-hongrie\/\",\"name\":\"Vigy\u00e1zz, k\u00e9sz, rajt: \u00fatj\u00e1ra indul v\u00e9gre a sz\u00e1z\u00e9ves Tour de Hongrie!\",\"isPartOf\":{\"@id\":\"https:\/\/www.welovecycling.com\/hu\/#website\"},\"primaryImageOfPage\":{\"@id\":\"https:\/\/www.welovecycling.com\/hu\/orszaguti-kerekpar\/vigyazz-kesz-rajt-utjara-indul-vegre-a-szazeves-tour-de-hongrie\/#primaryimage\"},\"image\":{\"@id\":\"https:\/\/www.welovecycling.com\/hu\/orszaguti-kerekpar\/vigyazz-kesz-rajt-utjara-indul-vegre-a-szazeves-tour-de-hongrie\/#primaryimage\"},\"thumbnailUrl\":\"https:\/\/d2p6e6u75xmxt8.cloudfront.net\/12\/2025\/05\/tour-the-hongrie-budapest.webp\",\"datePublished\":\"2025-05-14T08:11:49+00:00\",\"author\":{\"@id\":\"https:\/\/www.welovecycling.com\/hu\/#\/schema\/person\/414a2aebf1801691a5320edb6468e194\"},\"description\":\"M\u00e9ghozz\u00e1 ugyanonnan, ahonnan 1925-ben is elrajtolt az els\u0151 ki\u00edr\u00e1s \u2013 ez\u00fattal a vil\u00e1g legnagyobb ist\u00e1ll\u00f3ival, k\u00f6zt\u00fck h\u00e1rom magyar csapattal \u00e9s \u00f6sszesen 15 hazai versenyz\u0151vel!\",\"breadcrumb\":{\"@id\":\"https:\/\/www.welovecycling.com\/hu\/orszaguti-kerekpar\/vigyazz-kesz-rajt-utjara-indul-vegre-a-szazeves-tour-de-hongrie\/#breadcrumb\"},\"inLanguage\":\"hu\",\"potentialAction\":[{\"@type\":\"ReadAction\",\"target\":[\"https:\/\/www.welovecycling.com\/hu\/orszaguti-kerekpar\/vigyazz-kesz-rajt-utjara-indul-vegre-a-szazeves-tour-de-hongrie\/\"]}]},{\"@type\":\"ImageObject\",\"inLanguage\":\"hu\",\"@id\":\"https:\/\/www.welovecycling.com\/hu\/orszaguti-kerekpar\/vigyazz-kesz-rajt-utjara-indul-vegre-a-szazeves-tour-de-hongrie\/#primaryimage\",\"url\":\"https:\/\/d2p6e6u75xmxt8.cloudfront.net\/12\/2025\/05\/tour-the-hongrie-budapest.webp\",\"contentUrl\":\"https:\/\/d2p6e6u75xmxt8.cloudfront.net\/12\/2025\/05\/tour-the-hongrie-budapest.webp\",\"width\":1290,\"height\":861},{\"@type\":\"BreadcrumbList\",\"@id\":\"https:\/\/www.welovecycling.com\/hu\/orszaguti-kerekpar\/vigyazz-kesz-rajt-utjara-indul-vegre-a-szazeves-tour-de-hongrie\/#breadcrumb\",\"itemListElement\":[{\"@type\":\"ListItem\",\"position\":1,\"name\":\"Home\",\"item\":\"https:\/\/www.welovecycling.com\/hu\/\"},{\"@type\":\"ListItem\",\"position\":2,\"name\":\"Vigy\u00e1zz, k\u00e9sz, rajt: \u00fatj\u00e1ra indul v\u00e9gre a sz\u00e1z\u00e9ves Tour de Hongrie!\"}]},{\"@type\":\"WebSite\",\"@id\":\"https:\/\/www.welovecycling.com\/hu\/#website\",\"url\":\"https:\/\/www.welovecycling.com\/hu\/\",\"name\":\"\u0160koda We Love Cycling - Magyarorsz\u00e1g\",\"description\":\"\u0160koda WeLoveCycling\",\"potentialAction\":[{\"@type\":\"SearchAction\",\"target\":{\"@type\":\"EntryPoint\",\"urlTemplate\":\"https:\/\/www.welovecycling.com\/hu\/?s={search_term_string}\"},\"query-input\":{\"@type\":\"PropertyValueSpecification\",\"valueRequired\":true,\"valueName\":\"search_term_string\"}}],\"inLanguage\":\"hu\"},{\"@type\":\"Person\",\"@id\":\"https:\/\/www.welovecycling.com\/hu\/#\/schema\/person\/414a2aebf1801691a5320edb6468e194\",\"name\":\"hegyizs\",\"image\":{\"@type\":\"ImageObject\",\"inLanguage\":\"hu\",\"@id\":\"https:\/\/www.welovecycling.com\/hu\/#\/schema\/person\/image\/\",\"url\":\"https:\/\/secure.gravatar.com\/avatar\/02cf8a7906b8cf90cecb4679defac7cfd33a1c2e3b88e4903d947f3bb58eedd3?s=96&d=mm&r=g\",\"contentUrl\":\"https:\/\/secure.gravatar.com\/avatar\/02cf8a7906b8cf90cecb4679defac7cfd33a1c2e3b88e4903d947f3bb58eedd3?s=96&d=mm&r=g\",\"caption\":\"hegyizs\"},\"url\":\"https:\/\/www.welovecycling.com\/hu\/author\/hegyizs\/\"}]}<\/script>\n<!-- \/ Yoast SEO Premium plugin. -->","yoast_head_json":{"title":"Vigy\u00e1zz, k\u00e9sz, rajt: \u00fatj\u00e1ra indul v\u00e9gre a sz\u00e1z\u00e9ves Tour de Hongrie!","description":"M\u00e9ghozz\u00e1 ugyanonnan, ahonnan 1925-ben is elrajtolt az els\u0151 ki\u00edr\u00e1s \u2013 ez\u00fattal a vil\u00e1g legnagyobb ist\u00e1ll\u00f3ival, k\u00f6zt\u00fck h\u00e1rom magyar csapattal \u00e9s \u00f6sszesen 15 hazai versenyz\u0151vel!","robots":{"index":"index","follow":"follow","max-snippet":"max-snippet:-1","max-image-preview":"max-image-preview:large","max-video-preview":"max-video-preview:-1"},"canonical":"https:\/\/www.welovecycling.com\/hu\/orszaguti-kerekpar\/vigyazz-kesz-rajt-utjara-indul-vegre-a-szazeves-tour-de-hongrie\/","og_locale":"hu_HU","og_type":"article","og_title":"Vigy\u00e1zz, k\u00e9sz, rajt: \u00fatj\u00e1ra indul v\u00e9gre a sz\u00e1z\u00e9ves Tour de Hongrie!","og_description":"M\u00e9ghozz\u00e1 ugyanonnan, ahonnan 1925-ben is elrajtolt az els\u0151 ki\u00edr\u00e1s \u2013 ez\u00fattal a vil\u00e1g legnagyobb ist\u00e1ll\u00f3ival, k\u00f6zt\u00fck h\u00e1rom magyar csapattal \u00e9s \u00f6sszesen 15 hazai versenyz\u0151vel!","og_url":"https:\/\/www.welovecycling.com\/hu\/orszaguti-kerekpar\/vigyazz-kesz-rajt-utjara-indul-vegre-a-szazeves-tour-de-hongrie\/","og_site_name":"\u0160koda We Love Cycling - Magyarorsz\u00e1g","article_publisher":"https:\/\/www.facebook.com\/WeLoveCyclingHungary\/","article_published_time":"2025-05-14T08:11:49+00:00","og_image":[{"width":1290,"height":861,"url":"https:\/\/d2p6e6u75xmxt8.cloudfront.net\/12\/2025\/05\/tour-the-hongrie-budapest.webp","type":"image\/webp"}],"author":"hegyizs","twitter_card":"summary_large_image","twitter_misc":{"Written by":"WLC","Est. reading time":"5 minutes"},"schema":{"@context":"https:\/\/schema.org","@graph":[{"@type":"WebPage","@id":"https:\/\/www.welovecycling.com\/hu\/orszaguti-kerekpar\/vigyazz-kesz-rajt-utjara-indul-vegre-a-szazeves-tour-de-hongrie\/","url":"https:\/\/www.welovecycling.com\/hu\/orszaguti-kerekpar\/vigyazz-kesz-rajt-utjara-indul-vegre-a-szazeves-tour-de-hongrie\/","name":"Vigy\u00e1zz, k\u00e9sz, rajt: \u00fatj\u00e1ra indul v\u00e9gre a sz\u00e1z\u00e9ves Tour de Hongrie!","isPartOf":{"@id":"https:\/\/www.welovecycling.com\/hu\/#website"},"primaryImageOfPage":{"@id":"https:\/\/www.welovecycling.com\/hu\/orszaguti-kerekpar\/vigyazz-kesz-rajt-utjara-indul-vegre-a-szazeves-tour-de-hongrie\/#primaryimage"},"image":{"@id":"https:\/\/www.welovecycling.com\/hu\/orszaguti-kerekpar\/vigyazz-kesz-rajt-utjara-indul-vegre-a-szazeves-tour-de-hongrie\/#primaryimage"},"thumbnailUrl":"https:\/\/d2p6e6u75xmxt8.cloudfront.net\/12\/2025\/05\/tour-the-hongrie-budapest.webp","datePublished":"2025-05-14T08:11:49+00:00","author":{"@id":"https:\/\/www.welovecycling.com\/hu\/#\/schema\/person\/414a2aebf1801691a5320edb6468e194"},"description":"M\u00e9ghozz\u00e1 ugyanonnan, ahonnan 1925-ben is elrajtolt az els\u0151 ki\u00edr\u00e1s \u2013 ez\u00fattal a vil\u00e1g legnagyobb ist\u00e1ll\u00f3ival, k\u00f6zt\u00fck h\u00e1rom magyar csapattal \u00e9s \u00f6sszesen 15 hazai versenyz\u0151vel!","breadcrumb":{"@id":"https:\/\/www.welovecycling.com\/hu\/orszaguti-kerekpar\/vigyazz-kesz-rajt-utjara-indul-vegre-a-szazeves-tour-de-hongrie\/#breadcrumb"},"inLanguage":"hu","potentialAction":[{"@type":"ReadAction","target":["https:\/\/www.welovecycling.com\/hu\/orszaguti-kerekpar\/vigyazz-kesz-rajt-utjara-indul-vegre-a-szazeves-tour-de-hongrie\/"]}]},{"@type":"ImageObject","inLanguage":"hu","@id":"https:\/\/www.welovecycling.com\/hu\/orszaguti-kerekpar\/vigyazz-kesz-rajt-utjara-indul-vegre-a-szazeves-tour-de-hongrie\/#primaryimage","url":"https:\/\/d2p6e6u75xmxt8.cloudfront.net\/12\/2025\/05\/tour-the-hongrie-budapest.webp","contentUrl":"https:\/\/d2p6e6u75xmxt8.cloudfront.net\/12\/2025\/05\/tour-the-hongrie-budapest.webp","width":1290,"height":861},{"@type":"BreadcrumbList","@id":"https:\/\/www.welovecycling.com\/hu\/orszaguti-kerekpar\/vigyazz-kesz-rajt-utjara-indul-vegre-a-szazeves-tour-de-hongrie\/#breadcrumb","itemListElement":[{"@type":"ListItem","position":1,"name":"Home","item":"https:\/\/www.welovecycling.com\/hu\/"},{"@type":"ListItem","position":2,"name":"Vigy\u00e1zz, k\u00e9sz, rajt: \u00fatj\u00e1ra indul v\u00e9gre a sz\u00e1z\u00e9ves Tour de Hongrie!"}]},{"@type":"WebSite","@id":"https:\/\/www.welovecycling.com\/hu\/#website","url":"https:\/\/www.welovecycling.com\/hu\/","name":"\u0160koda We Love Cycling - Magyarorsz\u00e1g","description":"\u0160koda WeLoveCycling","potentialAction":[{"@type":"SearchAction","target":{"@type":"EntryPoint","urlTemplate":"https:\/\/www.welovecycling.com\/hu\/?s={search_term_string}"},"query-input":{"@type":"PropertyValueSpecification","valueRequired":true,"valueName":"search_term_string"}}],"inLanguage":"hu"},{"@type":"Person","@id":"https:\/\/www.welovecycling.com\/hu\/#\/schema\/person\/414a2aebf1801691a5320edb6468e194","name":"hegyizs","image":{"@type":"ImageObject","inLanguage":"hu","@id":"https:\/\/www.welovecycling.com\/hu\/#\/schema\/person\/image\/","url":"https:\/\/secure.gravatar.com\/avatar\/02cf8a7906b8cf90cecb4679defac7cfd33a1c2e3b88e4903d947f3bb58eedd3?s=96&d=mm&r=g","contentUrl":"https:\/\/secure.gravatar.com\/avatar\/02cf8a7906b8cf90cecb4679defac7cfd33a1c2e3b88e4903d947f3bb58eedd3?s=96&d=mm&r=g","caption":"hegyizs"},"url":"https:\/\/www.welovecycling.com\/hu\/author\/hegyizs\/"}]}},"_links":{"self":[{"href":"https:\/\/www.welovecycling.com\/hu\/wp-json\/wp\/v2\/posts\/19017","targetHints":{"allow":["GET"]}}],"collection":[{"href":"https:\/\/www.welovecycling.com\/hu\/wp-json\/wp\/v2\/posts"}],"about":[{"href":"https:\/\/www.welovecycling.com\/hu\/wp-json\/wp\/v2\/types\/post"}],"author":[{"embeddable":true,"href":"https:\/\/www.welovecycling.com\/hu\/wp-json\/wp\/v2\/users\/71"}],"replies":[{"embeddable":true,"href":"https:\/\/www.welovecycling.com\/hu\/wp-json\/wp\/v2\/comments?post=19017"}],"version-history":[{"count":1,"href":"https:\/\/www.welovecycling.com\/hu\/wp-json\/wp\/v2\/posts\/19017\/revisions"}],"predecessor-version":[{"id":19023,"href":"https:\/\/www.welovecycling.com\/hu\/wp-json\/wp\/v2\/posts\/19017\/revisions\/19023"}],"wp:featuredmedia":[{"embeddable":true,"href":"https:\/\/www.welovecycling.com\/hu\/wp-json\/wp\/v2\/media\/19022"}],"wp:attachment":[{"href":"https:\/\/www.welovecycling.com\/hu\/wp-json\/wp\/v2\/media?parent=19017"}],"wp:term":[{"taxonomy":"category","embeddable":true,"href":"https:\/\/www.welovecycling.com\/hu\/wp-json\/wp\/v2\/categories?post=19017"},{"taxonomy":"post_tag","embeddable":true,"href":"https:\/\/www.welovecycling.com\/hu\/wp-json\/wp\/v2\/tags?post=19017"},{"taxonomy":"global-categories","embeddable":true,"href":"https:\/\/www.welovecycling.com\/hu\/wp-json\/wp\/v2\/global-categories?post=19017"}],"curies":[{"name":"wp","href":"https:\/\/api.w.org\/{rel}","templated":true}]}}