{"id":19013,"date":"2025-05-13T08:00:28","date_gmt":"2025-05-13T06:00:28","guid":{"rendered":"https:\/\/www.welovecycling.com\/hu\/?p=19013"},"modified":"2025-05-06T13:19:02","modified_gmt":"2025-05-06T11:19:02","slug":"mi-tortenik-a-visma-lease-a-bike-nal-alig-ket-honappal-a-tour-de-france-elott","status":"publish","type":"post","link":"https:\/\/www.welovecycling.com\/hu\/orszaguti-kerekpar\/mi-tortenik-a-visma-lease-a-bike-nal-alig-ket-honappal-a-tour-de-france-elott\/","title":{"rendered":"Mi t\u00f6rt\u00e9nik a Visma\u2013Lease a Bike-n\u00e1l, alig k\u00e9t h\u00f3nappal a Tour de France el\u0151tt?"},"content":{"rendered":"<p><b>Nem k\u00f6lt\u0151i a k\u00e9rd\u00e9s, k\u00fcl\u00f6n\u00f6sen azok ut\u00e1n, hogy a csapat k\u00e9tszeres Tour-gy\u0151ztese, Jonas Vingegaard m\u00e1rcius 13-\u00e1n bukott a P\u00e1rizs\u2013Nizza 5. szakasz\u00e1n, \u00e9s az\u00f3ta a csapat d\u00f6nt\u00e9sei \u00e9s nyilatkozatai sokszor igencsak hom\u00e1lyosak \u00e9s rejt\u00e9lyesek.<\/b><\/p>\n<p><!--more--><\/p>\n<p><span style=\"font-weight: 400;\">Vingegaard a balesetben csukl\u00f3s\u00e9r\u00fcl\u00e9st szenvedett \u00e9s agyr\u00e1zk\u00f3d\u00e1st kapott. Hat h\u00e9ttel k\u00e9s\u0151bb a csapat bejelentette, hogy teljesen fel\u00e9p\u00fclt, \u00e9s \u00fajra megkezdte a felk\u00e9sz\u00fcl\u00e9st, hogy a Tour-on \u00f6sszem\u00e9rhesse erej\u00e9t legnagyobb riv\u00e1lis\u00e1val, Tadej Poga\u010darral (UAE Team Emirates\u2013XRG).<\/span><\/p>\n<p><i><span style=\"font-weight: 400;\">\u201eJonas felk\u00e9sz\u00fcl\u00e9se a Tour de France-ra ezen a h\u00e9ten kezd\u0151d\u00f6tt az \u00e9szak-d\u00e1niai Aalborgban\u201d<\/span><\/i><span style=\"font-weight: 400;\"> \u2013 olvashat\u00f3 a <\/span><a href=\"https:\/\/www.teamvismaleaseabike.com\/news\/news\/jonas-vingegaard-begins-specific-preparation-for-the-tour-de-france\/\"><span style=\"font-weight: 400;\">csapat k\u00f6zlem\u00e9ny\u00e9ben<\/span><\/a><span style=\"font-weight: 400;\">.<\/span><i><span style=\"font-weight: 400;\"> \u201eHamarosan a Visma | Lease a Bike d\u00e1n versenyz\u0151je magaslati edz\u0151t\u00e1borba utazik Sierra Nevad\u00e1ba, majd indul a Crit\u00e9rium du Dauphin\u00e9-n. Ezt k\u00f6veti egy \u00fajabb magaslati edz\u0151t\u00e1bor Tignes-ben, ahol m\u00e1r a v\u00e9gs\u0151 sim\u00edt\u00e1sokat v\u00e9gzi majd a franciaorsz\u00e1gi c\u00e9l el\u0151tt.\u201d<\/span><\/i><\/p>\n<p><span style=\"font-weight: 400;\">Mivel s\u00e9r\u00fcl\u00e9sei miatt a Volta a Catalunya versenyt ki kellett hagynia, a 28 \u00e9ves d\u00e1n bring\u00e1s mind\u00f6ssze k\u00e9t t\u00f6bbnapos szakaszversenyen indul a Tour el\u0151tt: a febru\u00e1r k\u00f6zepi Volta ao Algarve-on (amit meg is nyert), illetve a Dauphin\u00e9n. Ez azt is jelenti, hogy a Tour el\u0151tt mind\u00f6ssze k\u00e9t egy\u00e9ni id\u0151futamot fog teljes\u00edteni (a P\u00e1rizs\u2013Nizza versenyen csak csapat id\u0151futam volt). K\u00e9rd\u00e9s, hogy el\u00e9g lesz-e ez a c\u00edmv\u00e9d\u0151 Poga\u010dar ellen?<\/span><\/p>\n<p><span style=\"font-weight: 400;\">Poga\u010dar s\u0171r\u0171 \u00e9s sikeres tavaszt tudhat maga m\u00f6g\u00f6tt: n\u00e9gy Momentum versenyen indult el, \u00e9s mindegyiken dobog\u00f3ra \u00e1llt, kett\u0151t meg is nyert, r\u00e1ad\u00e1sul k\u00e9t m\u00e1sik klasszikust is beh\u00fazott.<\/span><\/p>\n<p><span style=\"font-weight: 400;\">Ak\u00e1rhogy is, Vingegaard nemr\u00e9g bej\u00e1rta a Tour n\u00e9h\u00e1ny legfontosabb hegycs\u00facs\u00e1t a Pireneusokban: a 12. szakaszra es\u0151 Col du Soulor \u00e9s Hautacam emelked\u0151ket, valamint a 14. szakasz egyik f\u0151 kih\u00edv\u00e1s\u00e1t, a Col de Peyresourde-\u00f6t is megm\u00e1szta.<\/span><\/p>\n<p><span style=\"font-weight: 400;\">A magaslati edz\u0151t\u00e1bor fontos, de semmi sem p\u00f3tolja az igazi versenyz\u00e9st. A Visma st\u00e1bja azonban bizakod\u00f3.<\/span><i><span style=\"font-weight: 400;\"> \u201eTudjuk, hogy ez a m\u00f3dszer m\u0171k\u00f6dik n\u00e1la. Sokan azt mondj\u00e1k, hogy a kev\u00e9s versenyz\u00e9s kock\u00e1zatos, de nek\u00fcnk m\u00e1r bizony\u00edtott\u201d<\/span><\/i><span style=\"font-weight: 400;\"> \u2013 mondta edz\u0151je, Tim Heemskerg a <\/span><a href=\"https:\/\/velo.outsideonline.com\/road\/road-racing\/visma-and-vingegaard-bullish-on-tour-de-france-comeback-plan\/\"><span style=\"font-weight: 400;\">Velo-nak<\/span><\/a><span style=\"font-weight: 400;\">. <\/span><i><span style=\"font-weight: 400;\">\u201eMeg\u00e9rtj\u00fck, hogy sokan szeretn\u00e9k t\u00f6bbet l\u00e1tni versenyezni a Tour el\u0151tt, de olyan tervet k\u00e9sz\u00edtett\u00fcnk, amely a legnagyobb es\u00e9llyel hoz sikert \u2013 jelenleg Jonasnak \u00e9s nek\u00fcnk is a Tour a legfontosabb.\u201d<\/span><\/i><\/p>\n<h2><b>Mi a helyzet Wout van Aerttel?<\/b><\/h2>\n<p><span style=\"font-weight: 400;\">Van Aert id\u00e9n a Giro d\u2019Itali\u00e1n \u00e9s a Tour-on is indul. Az \u00e9v elej\u00e9n m\u00e9g azt nyilatkozta, hogy f\u0151 c\u00e9lja a Flandriai k\u00f6rverseny \u00e9s a P\u00e1rizs\u2013Roubaix. De mit jelenthetett ez pontosan? Ha a negyedik helyet c\u00e9lozta, akkor teljes\u00edtette a k\u00fcldet\u00e9st. De ha nyerni akart, akkor ez nem igaz\u00e1n j\u00f6tt \u00f6ssze \u2013 a tavaszi klasszikusokon nem \u00fagy t\u0171nt, mintha minden\u00e1ron gy\u0151zni szeretne.<\/span><\/p>\n<p><span style=\"font-weight: 400;\">Sok sprintj\u00e9ben nem hajtott igaz\u00e1n. \u00dagy t\u0171nt, csak k\u00e9t versenyen sprintelt teljes er\u0151bedob\u00e1ssal: a Dwars door Vlaanderenen, ahol l\u00e1tsz\u00f3lag gy\u0151zni akart, de Neilson Powless (EF Education\u2013EasyPost) megel\u0151zte, \u00e9s az Amstel Gold Race-en, ahol nem maradt egy\u00fctt a leger\u0151sebbekkel, de megnyerte a mez\u0151nyhajr\u00e1t \u2013 negyedik lett, 34 m\u00e1sodperccel a gy\u0151ztes m\u00f6g\u00f6tt.<\/span><\/p>\n<p><span style=\"font-weight: 400;\">Tal\u00e1n a tavaszi klasszikusokat csup\u00e1n felk\u00e9sz\u00fcl\u00e9sk\u00e9nt haszn\u00e1lta a Giro\u2013Tour dupl\u00e1ra, ahol szakaszgy\u0151zelmeket, a z\u00f6ld trik\u00f3t, \u00e9s Vingegaard seg\u00edt\u00e9s\u00e9t c\u00e9lozza meg? \u00dagy t\u0171nik. De ki tudja?<\/span><\/p>\n<h2><b>\u00c9s a t\u00f6bbiek?<\/b><\/h2>\n<p><span style=\"font-weight: 400;\">Mi a helyzet Vingegaard seg\u00edt\u0151ivel, hogy \u00e1ll Sepp Kuss, Christophe Laporte, Dylan van Baarle vagy Matteo Jorgenson?<\/span><\/p>\n<ul>\n<li style=\"font-weight: 400;\" aria-level=\"1\"><b>Jorgenson<\/b><span style=\"font-weight: 400;\"> megnyerte a P\u00e1rizs\u2013Nizz\u00e1t, klasszikusokon is j\u00f3l ment, indul a Dauphin\u00e9n \u00e9s a Tour-on. Ha m\u00e9g egy kicsit jav\u00edt a hegymenet\u00e9n, kulcsszerepl\u0151 lehet.<\/span><span style=\"font-weight: 400;\">\n<p><\/span><\/li>\n<li style=\"font-weight: 400;\" aria-level=\"1\"><b>Tiesj Benoot<\/b><span style=\"font-weight: 400;\"> remek tavaszt futott Van Aert seg\u00edt\u0151jek\u00e9nt, \u0151 is fontos l\u00e1ncszem lesz.<\/span><span style=\"font-weight: 400;\">\n<p><\/span><\/li>\n<li style=\"font-weight: 400;\" aria-level=\"1\"><b>Sepp Kuss<\/b><span style=\"font-weight: 400;\"> viszont tavasszal szinte l\u00e1thatatlan volt, az Itzuli\u00e1n feladta a versenyt, el\u0151tte pedig minden szakaszon h\u00e1tul kullogott. Az\u00f3ta sem versenyzett, legk\u00f6zelebb a Tour-on l\u00e1thatjuk.<\/span><span style=\"font-weight: 400;\">\n<p><\/span><\/li>\n<li style=\"font-weight: 400;\" aria-level=\"1\"><b>Laporte<\/b><span style=\"font-weight: 400;\"> egy v\u00edrusfert\u0151z\u00e9s miatt eg\u00e9sz \u00e9vben beteg volt, utolj\u00e1ra okt\u00f3berben versenyzett. A Tour-on indul \u2013 \u00e9s egyel\u0151re nem tudunk m\u00e1sr\u00f3l.<\/span><span style=\"font-weight: 400;\">\n<p><\/span><\/li>\n<li style=\"font-weight: 400;\" aria-level=\"1\"><b>Simon Yates<\/b><span style=\"font-weight: 400;\">, a csapat \u00faj szt\u00e1rigazol\u00e1sa, a Giro-n val\u00f3sz\u00edn\u0171leg \u00f6sszetett\u00e9rt megy, a Tour-on pedig a \u201ep\u00f3tolhatatlan\u201d (\u00e9s most m\u00e1r riv\u00e1lis) Primo\u017e Rogli\u010d hely\u00e9t veheti \u00e1t. A szezon eleje nem hozott t\u00fal nagy sikereket sz\u00e1m\u00e1ra, visszafogott volt, form\u00e1ja k\u00e9rd\u00e9ses.<\/span><span style=\"font-weight: 400;\">\n<p><\/span><\/li>\n<li style=\"font-weight: 400;\" aria-level=\"1\"><b>Victor Campenaerts<\/b><span style=\"font-weight: 400;\"> az Itzuli\u00e1n bukott \u00e9s kulcscsontj\u00e1t t\u00f6rte.<\/span><span style=\"font-weight: 400;\">\n<p><\/span><\/li>\n<li style=\"font-weight: 400;\" aria-level=\"1\"><b>Olav Kooij<\/b><span style=\"font-weight: 400;\">, kiv\u00e1l\u00f3 sprinter, szint\u00e9n kulcscsontt\u00f6r\u00e9st szenvedett Gent\u2013Wevelgemen \u00e9s az\u00f3ta nem versenyzett.<\/span><\/li>\n<\/ul>\n<p><span style=\"font-weight: 400;\">Konkr\u00e9t h\u00edrek egyik versenyz\u0151r\u0151l sem jelentek meg \u2013 de az biztos, hogy a Visma\u2013Lease a Bike minden ujj\u00e1t keresztbe fogja tartani a Tour de France alatt. Poga\u010dar UAE Team Emirates csapata stabilnak \u00e9s legal\u00e1bb olyan er\u0151snek t\u0171nik, mint kor\u00e1bban. A Vism\u00e1nak minden egyes k\u00e9rd\u00e9sre pozit\u00edv v\u00e1laszt kell tal\u00e1lnia a verseny el\u0151tt. Egyel\u0151re hatalmas rejt\u00e9ly, mi t\u00f6rt\u00e9nik majd a rajt ut\u00e1n.<\/span><\/p>\n","protected":false},"excerpt":{"rendered":"<p>Nem k\u00f6lt\u0151i a k\u00e9rd\u00e9s, k\u00fcl\u00f6n\u00f6sen azok ut\u00e1n, hogy a csapat k\u00e9tszeres Tour-gy\u0151ztese, Jonas Vingegaard m\u00e1rcius 13-\u00e1n bukott a P\u00e1rizs\u2013Nizza 5. [&hellip;]<\/p>\n","protected":false},"author":71,"featured_media":19014,"comment_status":"open","ping_status":"open","sticky":false,"template":"","format":"standard","meta":{"footnotes":""},"categories":[8],"tags":[],"global-categories":[],"class_list":["post-19013","post","type-post","status-publish","format-standard","has-post-thumbnail","hentry","category-orszaguti-kerekpar"],"yoast_head":"<!-- This site is optimized with the Yoast SEO Premium plugin v25.3 (Yoast SEO v25.9) - https:\/\/yoast.com\/wordpress\/plugins\/seo\/ -->\n<title>Mi t\u00f6rt\u00e9nik a Visma\u2013Lease a Bike-n\u00e1l, alig k\u00e9t h\u00f3nappal a Tour de France el\u0151tt? - \u0160koda We Love Cycling - Magyarorsz\u00e1g<\/title>\n<meta name=\"robots\" content=\"index, follow, max-snippet:-1, max-image-preview:large, max-video-preview:-1\" \/>\n<link rel=\"canonical\" href=\"https:\/\/www.welovecycling.com\/hu\/orszaguti-kerekpar\/mi-tortenik-a-visma-lease-a-bike-nal-alig-ket-honappal-a-tour-de-france-elott\/\" \/>\n<meta property=\"og:locale\" content=\"hu_HU\" \/>\n<meta property=\"og:type\" content=\"article\" \/>\n<meta property=\"og:title\" content=\"Mi t\u00f6rt\u00e9nik a Visma\u2013Lease a Bike-n\u00e1l, alig k\u00e9t h\u00f3nappal a Tour de France el\u0151tt?\" \/>\n<meta property=\"og:description\" content=\"Nem k\u00f6lt\u0151i a k\u00e9rd\u00e9s, k\u00fcl\u00f6n\u00f6sen azok ut\u00e1n, hogy a csapat k\u00e9tszeres Tour-gy\u0151ztese, Jonas Vingegaard m\u00e1rcius 13-\u00e1n bukott a P\u00e1rizs\u2013Nizza 5. [&hellip;]\" \/>\n<meta property=\"og:url\" content=\"https:\/\/www.welovecycling.com\/hu\/orszaguti-kerekpar\/mi-tortenik-a-visma-lease-a-bike-nal-alig-ket-honappal-a-tour-de-france-elott\/\" \/>\n<meta property=\"og:site_name\" content=\"\u0160koda We Love Cycling - Magyarorsz\u00e1g\" \/>\n<meta property=\"article:publisher\" content=\"https:\/\/www.facebook.com\/WeLoveCyclingHungary\/\" \/>\n<meta property=\"article:published_time\" content=\"2025-05-13T06:00:28+00:00\" \/>\n<meta property=\"og:image\" content=\"https:\/\/d2p6e6u75xmxt8.cloudfront.net\/12\/2025\/05\/Visma-Lease-a-Bike-Team-profimedia-0873495366-CVR.webp\" \/>\n\t<meta property=\"og:image:width\" content=\"990\" \/>\n\t<meta property=\"og:image:height\" content=\"660\" \/>\n\t<meta property=\"og:image:type\" content=\"image\/webp\" \/>\n<meta name=\"author\" content=\"hegyizs\" \/>\n<meta name=\"twitter:card\" content=\"summary_large_image\" \/>\n<meta name=\"twitter:label1\" content=\"Written by\" \/>\n\t<meta name=\"twitter:data1\" content=\"Siegfried Mortkowitz\" \/>\n\t<meta name=\"twitter:label2\" content=\"Est. reading time\" \/>\n\t<meta name=\"twitter:data2\" content=\"2\" \/>\n<script type=\"application\/ld+json\" class=\"yoast-schema-graph\">{\"@context\":\"https:\/\/schema.org\",\"@graph\":[{\"@type\":\"WebPage\",\"@id\":\"https:\/\/www.welovecycling.com\/hu\/orszaguti-kerekpar\/mi-tortenik-a-visma-lease-a-bike-nal-alig-ket-honappal-a-tour-de-france-elott\/\",\"url\":\"https:\/\/www.welovecycling.com\/hu\/orszaguti-kerekpar\/mi-tortenik-a-visma-lease-a-bike-nal-alig-ket-honappal-a-tour-de-france-elott\/\",\"name\":\"Mi t\u00f6rt\u00e9nik a Visma\u2013Lease a Bike-n\u00e1l, alig k\u00e9t h\u00f3nappal a Tour de France el\u0151tt? - \u0160koda We Love Cycling - Magyarorsz\u00e1g\",\"isPartOf\":{\"@id\":\"https:\/\/www.welovecycling.com\/hu\/#website\"},\"primaryImageOfPage\":{\"@id\":\"https:\/\/www.welovecycling.com\/hu\/orszaguti-kerekpar\/mi-tortenik-a-visma-lease-a-bike-nal-alig-ket-honappal-a-tour-de-france-elott\/#primaryimage\"},\"image\":{\"@id\":\"https:\/\/www.welovecycling.com\/hu\/orszaguti-kerekpar\/mi-tortenik-a-visma-lease-a-bike-nal-alig-ket-honappal-a-tour-de-france-elott\/#primaryimage\"},\"thumbnailUrl\":\"https:\/\/d2p6e6u75xmxt8.cloudfront.net\/12\/2025\/05\/Visma-Lease-a-Bike-Team-profimedia-0873495366-CVR.webp\",\"datePublished\":\"2025-05-13T06:00:28+00:00\",\"author\":{\"@id\":\"https:\/\/www.welovecycling.com\/hu\/#\/schema\/person\/414a2aebf1801691a5320edb6468e194\"},\"breadcrumb\":{\"@id\":\"https:\/\/www.welovecycling.com\/hu\/orszaguti-kerekpar\/mi-tortenik-a-visma-lease-a-bike-nal-alig-ket-honappal-a-tour-de-france-elott\/#breadcrumb\"},\"inLanguage\":\"hu\",\"potentialAction\":[{\"@type\":\"ReadAction\",\"target\":[\"https:\/\/www.welovecycling.com\/hu\/orszaguti-kerekpar\/mi-tortenik-a-visma-lease-a-bike-nal-alig-ket-honappal-a-tour-de-france-elott\/\"]}]},{\"@type\":\"ImageObject\",\"inLanguage\":\"hu\",\"@id\":\"https:\/\/www.welovecycling.com\/hu\/orszaguti-kerekpar\/mi-tortenik-a-visma-lease-a-bike-nal-alig-ket-honappal-a-tour-de-france-elott\/#primaryimage\",\"url\":\"https:\/\/d2p6e6u75xmxt8.cloudfront.net\/12\/2025\/05\/Visma-Lease-a-Bike-Team-profimedia-0873495366-CVR.webp\",\"contentUrl\":\"https:\/\/d2p6e6u75xmxt8.cloudfront.net\/12\/2025\/05\/Visma-Lease-a-Bike-Team-profimedia-0873495366-CVR.webp\",\"width\":990,\"height\":660,\"caption\":\"Team Visma\u2013Lease a Bike\"},{\"@type\":\"BreadcrumbList\",\"@id\":\"https:\/\/www.welovecycling.com\/hu\/orszaguti-kerekpar\/mi-tortenik-a-visma-lease-a-bike-nal-alig-ket-honappal-a-tour-de-france-elott\/#breadcrumb\",\"itemListElement\":[{\"@type\":\"ListItem\",\"position\":1,\"name\":\"Home\",\"item\":\"https:\/\/www.welovecycling.com\/hu\/\"},{\"@type\":\"ListItem\",\"position\":2,\"name\":\"Mi t\u00f6rt\u00e9nik a Visma\u2013Lease a Bike-n\u00e1l, alig k\u00e9t h\u00f3nappal a Tour de France el\u0151tt?\"}]},{\"@type\":\"WebSite\",\"@id\":\"https:\/\/www.welovecycling.com\/hu\/#website\",\"url\":\"https:\/\/www.welovecycling.com\/hu\/\",\"name\":\"\u0160koda We Love Cycling - Magyarorsz\u00e1g\",\"description\":\"\u0160koda WeLoveCycling\",\"potentialAction\":[{\"@type\":\"SearchAction\",\"target\":{\"@type\":\"EntryPoint\",\"urlTemplate\":\"https:\/\/www.welovecycling.com\/hu\/?s={search_term_string}\"},\"query-input\":{\"@type\":\"PropertyValueSpecification\",\"valueRequired\":true,\"valueName\":\"search_term_string\"}}],\"inLanguage\":\"hu\"},{\"@type\":\"Person\",\"@id\":\"https:\/\/www.welovecycling.com\/hu\/#\/schema\/person\/414a2aebf1801691a5320edb6468e194\",\"name\":\"hegyizs\",\"image\":{\"@type\":\"ImageObject\",\"inLanguage\":\"hu\",\"@id\":\"https:\/\/www.welovecycling.com\/hu\/#\/schema\/person\/image\/\",\"url\":\"https:\/\/secure.gravatar.com\/avatar\/02cf8a7906b8cf90cecb4679defac7cfd33a1c2e3b88e4903d947f3bb58eedd3?s=96&d=mm&r=g\",\"contentUrl\":\"https:\/\/secure.gravatar.com\/avatar\/02cf8a7906b8cf90cecb4679defac7cfd33a1c2e3b88e4903d947f3bb58eedd3?s=96&d=mm&r=g\",\"caption\":\"hegyizs\"},\"url\":\"https:\/\/www.welovecycling.com\/hu\/author\/hegyizs\/\"}]}<\/script>\n<!-- \/ Yoast SEO Premium plugin. -->","yoast_head_json":{"title":"Mi t\u00f6rt\u00e9nik a Visma\u2013Lease a Bike-n\u00e1l, alig k\u00e9t h\u00f3nappal a Tour de France el\u0151tt? - \u0160koda We Love Cycling - Magyarorsz\u00e1g","robots":{"index":"index","follow":"follow","max-snippet":"max-snippet:-1","max-image-preview":"max-image-preview:large","max-video-preview":"max-video-preview:-1"},"canonical":"https:\/\/www.welovecycling.com\/hu\/orszaguti-kerekpar\/mi-tortenik-a-visma-lease-a-bike-nal-alig-ket-honappal-a-tour-de-france-elott\/","og_locale":"hu_HU","og_type":"article","og_title":"Mi t\u00f6rt\u00e9nik a Visma\u2013Lease a Bike-n\u00e1l, alig k\u00e9t h\u00f3nappal a Tour de France el\u0151tt?","og_description":"Nem k\u00f6lt\u0151i a k\u00e9rd\u00e9s, k\u00fcl\u00f6n\u00f6sen azok ut\u00e1n, hogy a csapat k\u00e9tszeres Tour-gy\u0151ztese, Jonas Vingegaard m\u00e1rcius 13-\u00e1n bukott a P\u00e1rizs\u2013Nizza 5. [&hellip;]","og_url":"https:\/\/www.welovecycling.com\/hu\/orszaguti-kerekpar\/mi-tortenik-a-visma-lease-a-bike-nal-alig-ket-honappal-a-tour-de-france-elott\/","og_site_name":"\u0160koda We Love Cycling - Magyarorsz\u00e1g","article_publisher":"https:\/\/www.facebook.com\/WeLoveCyclingHungary\/","article_published_time":"2025-05-13T06:00:28+00:00","og_image":[{"width":990,"height":660,"url":"https:\/\/d2p6e6u75xmxt8.cloudfront.net\/12\/2025\/05\/Visma-Lease-a-Bike-Team-profimedia-0873495366-CVR.webp","type":"image\/webp"}],"author":"hegyizs","twitter_card":"summary_large_image","twitter_misc":{"Written by":"Siegfried Mortkowitz","Est. reading time":"2"},"schema":{"@context":"https:\/\/schema.org","@graph":[{"@type":"WebPage","@id":"https:\/\/www.welovecycling.com\/hu\/orszaguti-kerekpar\/mi-tortenik-a-visma-lease-a-bike-nal-alig-ket-honappal-a-tour-de-france-elott\/","url":"https:\/\/www.welovecycling.com\/hu\/orszaguti-kerekpar\/mi-tortenik-a-visma-lease-a-bike-nal-alig-ket-honappal-a-tour-de-france-elott\/","name":"Mi t\u00f6rt\u00e9nik a Visma\u2013Lease a Bike-n\u00e1l, alig k\u00e9t h\u00f3nappal a Tour de France el\u0151tt? - \u0160koda We Love Cycling - Magyarorsz\u00e1g","isPartOf":{"@id":"https:\/\/www.welovecycling.com\/hu\/#website"},"primaryImageOfPage":{"@id":"https:\/\/www.welovecycling.com\/hu\/orszaguti-kerekpar\/mi-tortenik-a-visma-lease-a-bike-nal-alig-ket-honappal-a-tour-de-france-elott\/#primaryimage"},"image":{"@id":"https:\/\/www.welovecycling.com\/hu\/orszaguti-kerekpar\/mi-tortenik-a-visma-lease-a-bike-nal-alig-ket-honappal-a-tour-de-france-elott\/#primaryimage"},"thumbnailUrl":"https:\/\/d2p6e6u75xmxt8.cloudfront.net\/12\/2025\/05\/Visma-Lease-a-Bike-Team-profimedia-0873495366-CVR.webp","datePublished":"2025-05-13T06:00:28+00:00","author":{"@id":"https:\/\/www.welovecycling.com\/hu\/#\/schema\/person\/414a2aebf1801691a5320edb6468e194"},"breadcrumb":{"@id":"https:\/\/www.welovecycling.com\/hu\/orszaguti-kerekpar\/mi-tortenik-a-visma-lease-a-bike-nal-alig-ket-honappal-a-tour-de-france-elott\/#breadcrumb"},"inLanguage":"hu","potentialAction":[{"@type":"ReadAction","target":["https:\/\/www.welovecycling.com\/hu\/orszaguti-kerekpar\/mi-tortenik-a-visma-lease-a-bike-nal-alig-ket-honappal-a-tour-de-france-elott\/"]}]},{"@type":"ImageObject","inLanguage":"hu","@id":"https:\/\/www.welovecycling.com\/hu\/orszaguti-kerekpar\/mi-tortenik-a-visma-lease-a-bike-nal-alig-ket-honappal-a-tour-de-france-elott\/#primaryimage","url":"https:\/\/d2p6e6u75xmxt8.cloudfront.net\/12\/2025\/05\/Visma-Lease-a-Bike-Team-profimedia-0873495366-CVR.webp","contentUrl":"https:\/\/d2p6e6u75xmxt8.cloudfront.net\/12\/2025\/05\/Visma-Lease-a-Bike-Team-profimedia-0873495366-CVR.webp","width":990,"height":660,"caption":"Team Visma\u2013Lease a Bike"},{"@type":"BreadcrumbList","@id":"https:\/\/www.welovecycling.com\/hu\/orszaguti-kerekpar\/mi-tortenik-a-visma-lease-a-bike-nal-alig-ket-honappal-a-tour-de-france-elott\/#breadcrumb","itemListElement":[{"@type":"ListItem","position":1,"name":"Home","item":"https:\/\/www.welovecycling.com\/hu\/"},{"@type":"ListItem","position":2,"name":"Mi t\u00f6rt\u00e9nik a Visma\u2013Lease a Bike-n\u00e1l, alig k\u00e9t h\u00f3nappal a Tour de France el\u0151tt?"}]},{"@type":"WebSite","@id":"https:\/\/www.welovecycling.com\/hu\/#website","url":"https:\/\/www.welovecycling.com\/hu\/","name":"\u0160koda We Love Cycling - Magyarorsz\u00e1g","description":"\u0160koda WeLoveCycling","potentialAction":[{"@type":"SearchAction","target":{"@type":"EntryPoint","urlTemplate":"https:\/\/www.welovecycling.com\/hu\/?s={search_term_string}"},"query-input":{"@type":"PropertyValueSpecification","valueRequired":true,"valueName":"search_term_string"}}],"inLanguage":"hu"},{"@type":"Person","@id":"https:\/\/www.welovecycling.com\/hu\/#\/schema\/person\/414a2aebf1801691a5320edb6468e194","name":"hegyizs","image":{"@type":"ImageObject","inLanguage":"hu","@id":"https:\/\/www.welovecycling.com\/hu\/#\/schema\/person\/image\/","url":"https:\/\/secure.gravatar.com\/avatar\/02cf8a7906b8cf90cecb4679defac7cfd33a1c2e3b88e4903d947f3bb58eedd3?s=96&d=mm&r=g","contentUrl":"https:\/\/secure.gravatar.com\/avatar\/02cf8a7906b8cf90cecb4679defac7cfd33a1c2e3b88e4903d947f3bb58eedd3?s=96&d=mm&r=g","caption":"hegyizs"},"url":"https:\/\/www.welovecycling.com\/hu\/author\/hegyizs\/"}]}},"_links":{"self":[{"href":"https:\/\/www.welovecycling.com\/hu\/wp-json\/wp\/v2\/posts\/19013","targetHints":{"allow":["GET"]}}],"collection":[{"href":"https:\/\/www.welovecycling.com\/hu\/wp-json\/wp\/v2\/posts"}],"about":[{"href":"https:\/\/www.welovecycling.com\/hu\/wp-json\/wp\/v2\/types\/post"}],"author":[{"embeddable":true,"href":"https:\/\/www.welovecycling.com\/hu\/wp-json\/wp\/v2\/users\/71"}],"replies":[{"embeddable":true,"href":"https:\/\/www.welovecycling.com\/hu\/wp-json\/wp\/v2\/comments?post=19013"}],"version-history":[{"count":1,"href":"https:\/\/www.welovecycling.com\/hu\/wp-json\/wp\/v2\/posts\/19013\/revisions"}],"predecessor-version":[{"id":19015,"href":"https:\/\/www.welovecycling.com\/hu\/wp-json\/wp\/v2\/posts\/19013\/revisions\/19015"}],"wp:featuredmedia":[{"embeddable":true,"href":"https:\/\/www.welovecycling.com\/hu\/wp-json\/wp\/v2\/media\/19014"}],"wp:attachment":[{"href":"https:\/\/www.welovecycling.com\/hu\/wp-json\/wp\/v2\/media?parent=19013"}],"wp:term":[{"taxonomy":"category","embeddable":true,"href":"https:\/\/www.welovecycling.com\/hu\/wp-json\/wp\/v2\/categories?post=19013"},{"taxonomy":"post_tag","embeddable":true,"href":"https:\/\/www.welovecycling.com\/hu\/wp-json\/wp\/v2\/tags?post=19013"},{"taxonomy":"global-categories","embeddable":true,"href":"https:\/\/www.welovecycling.com\/hu\/wp-json\/wp\/v2\/global-categories?post=19013"}],"curies":[{"name":"wp","href":"https:\/\/api.w.org\/{rel}","templated":true}]}}