{"id":19009,"date":"2025-05-05T08:00:36","date_gmt":"2025-05-05T06:00:36","guid":{"rendered":"https:\/\/www.welovecycling.com\/hu\/?p=19009"},"modified":"2025-04-29T09:44:28","modified_gmt":"2025-04-29T07:44:28","slug":"kozos-bringazas-hogyan-tamogassuk-egymast-nehezsegek-idejen","status":"publish","type":"post","link":"https:\/\/www.welovecycling.com\/hu\/edzes-es-eletmod\/kozos-bringazas-hogyan-tamogassuk-egymast-nehezsegek-idejen\/","title":{"rendered":"K\u00f6z\u00f6s bring\u00e1z\u00e1s \u2013 Hogyan t\u00e1mogassuk egym\u00e1st neh\u00e9zs\u00e9gek idej\u00e9n?"},"content":{"rendered":"<p><strong>A ker\u00e9kp\u00e1roz\u00e1s sor\u00e1n elker\u00fclhetetlen, hogy n\u00e9ha neh\u00e9zs\u00e9gekbe \u00fctk\u00f6zz\u00fcnk, de ha kapcsolatban \u00e9lsz, az egyik f\u00e9l s\u00e9r\u00fcl\u00e9se vagy betegs\u00e9ge mindkett\u0151t\u00f6kre hat\u00e1ssal van. Hogy hogyan kezelitek ezt egy\u00fctt, az elm\u00e9ly\u00edtheti a k\u00f6tel\u00e9keteket \u2013 vagy ak\u00e1r fesz\u00fclts\u00e9get is sz\u00fclhet. Ez a cikk arr\u00f3l sz\u00f3l, hogyan tudj\u00e1k a p\u00e1rok t\u00e1mogatni egym\u00e1st a neh\u00e9z id\u0151szakokban.<\/strong><\/p>\n<p><!--more--><\/p>\n<h2><strong>Az identit\u00e1s elveszt\u00e9se<\/strong><\/h2>\n<p>Tal\u00e1n dr\u00e1maian hangzik identit\u00e1sr\u00f3l besz\u00e9lni ebben a helyzetben. De ha a ker\u00e9kp\u00e1roz\u00e1s a f\u0151 hobbid, a szenved\u00e9lyed, a stresszkezel\u00e9sed egyik m\u00f3dja \u2013 \u00e9s a p\u00e1rod sz\u00e1m\u00e1ra is ugyanez \u2013 akkor ez az \u00e9leted r\u00e9sze. \u00cdgy amikor nem tudsz bring\u00e1zni, az t\u00f6bb mint egyszer\u0171 kellemetlens\u00e9g.<\/p>\n<p>Egy ker\u00e9kp\u00e1ros p\u00e1r eset\u00e9ben a helyzet m\u00e9g nehezebb: elvesz\u00edtitek a k\u00f6z\u00f6sen meg\u00e9lt min\u0151s\u00e9gi id\u0151t, mik\u00f6zben olyan neh\u00e9z \u00e9rz\u00e9sekkel kell megk\u00fczdenetek, mint a b\u0171ntudat, a frusztr\u00e1ci\u00f3 \u00e9s az irigys\u00e9g. Fontos, hogy megtal\u00e1lj\u00e1tok az eg\u00e9szs\u00e9ges m\u00f3dj\u00e1t annak, hogyan kezelitek, ha a p\u00e1rotok valamilyen s\u00e9r\u00fcl\u00e9s vagy betegs\u00e9g miatt kiesik a bring\u00e1z\u00e1sb\u00f3l \u2013 mert sajnos ezek az \u00e9let term\u00e9szetes r\u00e9szei.<\/p>\n<h2><strong>Kell r\u00f3la besz\u00e9lni?<\/strong><\/h2>\n<p>Term\u00e9szetes, hogy irigys\u00e9get \u00e9rezhet\u00fcnk, ha a m\u00e1sik f\u00e9l bring\u00e1zni megy, f\u0151leg ha t\u00f6k\u00e9letes az id\u0151, mi pedig otthon maradunk. \u00c9s ford\u00edtva is neh\u00e9z: k\u00f6nny\u0171 b\u0171ntudatot \u00e9rezni, amikor mi j\u00f3l \u00e9rezz\u00fck magunkat teker\u00e9s k\u00f6zben, mik\u00f6zben a t\u00e1rsunk szenved otthon.<\/p>\n<p>Az els\u0151 l\u00e9p\u00e9s az \u00e9rz\u00e9sek felismer\u00e9se. N\u00e9ha csak annyira van sz\u00fcks\u00e9g, hogy biztos\u00edtsuk a m\u00e1sikat: \u00f6r\u00fcl\u00fcnk neki, hogy \u0151 ki tud menni. Vagy hallani szeretn\u00e9nk, hogy hi\u00e1nyzunk neki az \u00faton. Nekem \u00e9s a bar\u00e1tn\u0151mnek p\u00e9ld\u00e1ul az seg\u00edt, ha az, aki elmegy bring\u00e1zni, k\u00e9peket k\u00fcld az \u00fatr\u00f3l. De m\u00e1s p\u00e1rokn\u00e1l ez ak\u00e1r ronthat is a helyzeten. Ha \u0151szint\u00e9k vagytok egym\u00e1ssal, meg fogj\u00e1tok tal\u00e1lni, mi m\u0171k\u00f6dik n\u00e1latok.<\/p>\n<h2><strong>A frusztr\u00e1ci\u00f3 kezel\u00e9se<\/strong><\/h2>\n<p>Min\u00e9l hosszabb a kihagy\u00e1s, ann\u00e1l val\u00f3sz\u00edn\u0171bb, hogy a s\u00e9r\u00fclt f\u00e9l frusztr\u00e1ltnak \u00e9s elszigeteltnek fogja \u00e9rezni mag\u00e1t. Ahogy mindig, itt is fontos, hogy ezeket az \u00e9rz\u00e9seket ne nyomj\u00e1tok el, hanem engedj\u00e9tek felsz\u00ednre t\u00f6rni.<\/p>\n<p>Ha te vagy az eg\u00e9szs\u00e9ges f\u00e9l, ker\u00fcld el, hogy bagatelliz\u00e1ld a m\u00e1sik f\u00e1jdalm\u00e1t. Pr\u00f3b\u00e1ld ker\u00fclni az olyan mondatokat, mint p\u00e9ld\u00e1ul: \u201eHamarosan visszat\u00e9rsz\u201d vagy \u201eLegal\u00e1bb nem t\u00f6rt el a l\u00e1bad\u201d. M\u00e9g ha j\u00f3 sz\u00e1nd\u00e9k is vez\u00e9rel, ezek a mondatok lekicsinyl\u0151nek t\u0171nhetnek. Ink\u00e1bb k\u00e9rdezd meg, hogy: \u201eMi a legnehezebb ebben a helyzetben sz\u00e1modra?\u201d \u2013 \u00e9s hagyd, hogy ki\u00f6ntse a lelk\u00e9t.<\/p>\n<h2><strong>A FOMO \u00e9s a leverts\u00e9g lek\u00fczd\u00e9se<\/strong><\/h2>\n<p>Hosszabb fel\u00e9p\u00fcl\u00e9si id\u0151szakok alatt gyakori a leverts\u00e9g. A FOMO (fear of missing out, vagyis a f\u00e9lelem att\u00f3l, hogy kimaradsz valamib\u0151l) nagyonis val\u00f3s\u00e1goss\u00e1 v\u00e1lik, \u00e9s neh\u00e9z meg\u0151rizni a ment\u00e1lis egyens\u00falyt. Erre nincs csodaszer vagy egy egyszer\u0171 tan\u00e1cs, ami mindenkinek m\u0171k\u00f6dne.<\/p>\n<p>N\u00e1lunk p\u00e9ld\u00e1ul az seg\u00edt, hogy egy\u00fctt n\u00e9z\u00fcnk ker\u00e9kp\u00e1rversenyeket, k\u00f6z\u00f6sen vesz\u00fcnk r\u00e9szt a rehabilit\u00e1ci\u00f3ban, \u00e9s terveket sz\u00f6v\u00f6get\u00fcnk a j\u00f6v\u0151re n\u00e9zve \u2013 m\u00e9g ha csak a k\u00f6vetkez\u0151 szezonr\u00f3l is besz\u00e9lget\u00fcnk.<\/p>\n<p>\u00d6sszess\u00e9g\u00e9ben az a legjobb, ha \u00fagy tekintetek a s\u00e9r\u00fcl\u00e9sre vagy betegs\u00e9gre, mint egy k\u00f6z\u00f6s kih\u00edv\u00e1sra. M\u00e9g ha n\u00e9ha butas\u00e1gnak is t\u0171nik, ez a szeml\u00e9let k\u00f6zelebb hozhat titeket egym\u00e1shoz, \u00e9s a fel\u00e9p\u00fcl\u00e9st a k\u00f6z\u00f6s t\u00f6rt\u00e9netetek r\u00e9sz\u00e9v\u00e9 teheti.<\/p>\n<h2><strong>A visszat\u00e9r\u00e9s dinamik\u00e1ja<\/strong><\/h2>\n<p>Nagyon fontos meg\u00e9rteni, hogy a visszat\u00e9r\u00e9s \u00e1ltal\u00e1ban nem line\u00e1ris folyamat. Ne pr\u00f3b\u00e1lj\u00e1tok meg p\u00e1r nap vagy h\u00e9t alatt bep\u00f3tolni a kihagyott id\u0151t \u2013 ezzel val\u00f3sz\u00edn\u0171leg csak \u00e1rtotok a s\u00e9r\u00fclt f\u00e9lnek.<\/p>\n<p>Ker\u00fclj\u00e9tek az \u00f6sszehasonlgat\u00e1st \u00e9s az eredm\u00e9nyek hajszol\u00e1s\u00e1t. Ink\u00e1bb \u00f6r\u00fcljetek a k\u00f6z\u00f6sen elt\u00f6lt\u00f6tt min\u0151s\u00e9gi id\u0151nek. \u00dcnnepelj\u00e9tek, hogy \u00fajra egy\u00fctt tekerhettek!<\/p>\n<p>Lehet, hogy egy ideig m\u00e9g nem ugyanazzal a temp\u00f3val haladtok vagy nem tudtok akkora t\u00e1vokat megtenni. De ha egy\u00fctt tekertek, akkor biztosan el\u0151rehaladtok!<\/p>\n","protected":false},"excerpt":{"rendered":"<p>A ker\u00e9kp\u00e1roz\u00e1s sor\u00e1n elker\u00fclhetetlen, hogy n\u00e9ha neh\u00e9zs\u00e9gekbe \u00fctk\u00f6zz\u00fcnk, de ha kapcsolatban \u00e9lsz, az egyik f\u00e9l s\u00e9r\u00fcl\u00e9se vagy betegs\u00e9ge mindkett\u0151t\u00f6kre hat\u00e1ssal [&hellip;]<\/p>\n","protected":false},"author":71,"featured_media":19010,"comment_status":"open","ping_status":"open","sticky":false,"template":"","format":"standard","meta":{"footnotes":""},"categories":[6],"tags":[],"global-categories":[],"class_list":["post-19009","post","type-post","status-publish","format-standard","has-post-thumbnail","hentry","category-edzes-es-eletmod"],"yoast_head":"<!-- This site is optimized with the Yoast SEO Premium plugin v25.3 (Yoast SEO v25.9) - https:\/\/yoast.com\/wordpress\/plugins\/seo\/ -->\n<title>K\u00f6z\u00f6s bring\u00e1z\u00e1s \u2013 Hogyan t\u00e1mogassuk egym\u00e1st neh\u00e9zs\u00e9gek idej\u00e9n?<\/title>\n<meta name=\"description\" content=\"A ker\u00e9kp\u00e1roz\u00e1s sor\u00e1n elker\u00fclhetetlen, hogy n\u00e9ha neh\u00e9zs\u00e9gekbe \u00fctk\u00f6zz\u00fcnk, de ha kapcsolatban \u00e9lsz, az egyik f\u00e9l s\u00e9r\u00fcl\u00e9se vagy betegs\u00e9ge mindkett\u0151t\u00f6kre hat\u00e1ssal van. Hogy hogyan kezelitek ezt egy\u00fctt, az elm\u00e9ly\u00edtheti a k\u00f6tel\u00e9keteket \u2013 vagy ak\u00e1r fesz\u00fclts\u00e9get is sz\u00fclhet. Ez a cikk arr\u00f3l sz\u00f3l, hogyan tudj\u00e1k a p\u00e1rok t\u00e1mogatni egym\u00e1st a neh\u00e9z id\u0151szakokban.\" \/>\n<meta name=\"robots\" content=\"index, follow, max-snippet:-1, max-image-preview:large, max-video-preview:-1\" \/>\n<link rel=\"canonical\" href=\"https:\/\/www.welovecycling.com\/hu\/edzes-es-eletmod\/kozos-bringazas-hogyan-tamogassuk-egymast-nehezsegek-idejen\/\" \/>\n<meta property=\"og:locale\" content=\"hu_HU\" \/>\n<meta property=\"og:type\" content=\"article\" \/>\n<meta property=\"og:title\" content=\"K\u00f6z\u00f6s bring\u00e1z\u00e1s \u2013 Hogyan t\u00e1mogassuk egym\u00e1st neh\u00e9zs\u00e9gek idej\u00e9n?\" \/>\n<meta property=\"og:description\" content=\"A ker\u00e9kp\u00e1roz\u00e1s sor\u00e1n elker\u00fclhetetlen, hogy n\u00e9ha neh\u00e9zs\u00e9gekbe \u00fctk\u00f6zz\u00fcnk, de ha kapcsolatban \u00e9lsz, az egyik f\u00e9l s\u00e9r\u00fcl\u00e9se vagy betegs\u00e9ge mindkett\u0151t\u00f6kre hat\u00e1ssal van. Hogy hogyan kezelitek ezt egy\u00fctt, az elm\u00e9ly\u00edtheti a k\u00f6tel\u00e9keteket \u2013 vagy ak\u00e1r fesz\u00fclts\u00e9get is sz\u00fclhet. Ez a cikk arr\u00f3l sz\u00f3l, hogyan tudj\u00e1k a p\u00e1rok t\u00e1mogatni egym\u00e1st a neh\u00e9z id\u0151szakokban.\" \/>\n<meta property=\"og:url\" content=\"https:\/\/www.welovecycling.com\/hu\/edzes-es-eletmod\/kozos-bringazas-hogyan-tamogassuk-egymast-nehezsegek-idejen\/\" \/>\n<meta property=\"og:site_name\" content=\"\u0160koda We Love Cycling - Magyarorsz\u00e1g\" \/>\n<meta property=\"article:publisher\" content=\"https:\/\/www.facebook.com\/WeLoveCyclingHungary\/\" \/>\n<meta property=\"article:published_time\" content=\"2025-05-05T06:00:36+00:00\" \/>\n<meta property=\"og:image\" content=\"https:\/\/d2p6e6u75xmxt8.cloudfront.net\/12\/2025\/04\/Cycling-Couple-profimedia-0971725132-CVR.webp\" \/>\n\t<meta property=\"og:image:width\" content=\"990\" \/>\n\t<meta property=\"og:image:height\" content=\"660\" \/>\n\t<meta property=\"og:image:type\" content=\"image\/webp\" \/>\n<meta name=\"author\" content=\"hegyizs\" \/>\n<meta name=\"twitter:card\" content=\"summary_large_image\" \/>\n<meta name=\"twitter:label1\" content=\"Written by\" \/>\n\t<meta name=\"twitter:data1\" content=\"Jiri Kaloc\" \/>\n\t<meta name=\"twitter:label2\" content=\"Est. reading time\" \/>\n\t<meta name=\"twitter:data2\" content=\"2\" \/>\n<script type=\"application\/ld+json\" class=\"yoast-schema-graph\">{\"@context\":\"https:\/\/schema.org\",\"@graph\":[{\"@type\":\"WebPage\",\"@id\":\"https:\/\/www.welovecycling.com\/hu\/edzes-es-eletmod\/kozos-bringazas-hogyan-tamogassuk-egymast-nehezsegek-idejen\/\",\"url\":\"https:\/\/www.welovecycling.com\/hu\/edzes-es-eletmod\/kozos-bringazas-hogyan-tamogassuk-egymast-nehezsegek-idejen\/\",\"name\":\"K\u00f6z\u00f6s bring\u00e1z\u00e1s \u2013 Hogyan t\u00e1mogassuk egym\u00e1st neh\u00e9zs\u00e9gek idej\u00e9n?\",\"isPartOf\":{\"@id\":\"https:\/\/www.welovecycling.com\/hu\/#website\"},\"primaryImageOfPage\":{\"@id\":\"https:\/\/www.welovecycling.com\/hu\/edzes-es-eletmod\/kozos-bringazas-hogyan-tamogassuk-egymast-nehezsegek-idejen\/#primaryimage\"},\"image\":{\"@id\":\"https:\/\/www.welovecycling.com\/hu\/edzes-es-eletmod\/kozos-bringazas-hogyan-tamogassuk-egymast-nehezsegek-idejen\/#primaryimage\"},\"thumbnailUrl\":\"https:\/\/d2p6e6u75xmxt8.cloudfront.net\/12\/2025\/04\/Cycling-Couple-profimedia-0971725132-CVR.webp\",\"datePublished\":\"2025-05-05T06:00:36+00:00\",\"author\":{\"@id\":\"https:\/\/www.welovecycling.com\/hu\/#\/schema\/person\/414a2aebf1801691a5320edb6468e194\"},\"description\":\"A ker\u00e9kp\u00e1roz\u00e1s sor\u00e1n elker\u00fclhetetlen, hogy n\u00e9ha neh\u00e9zs\u00e9gekbe \u00fctk\u00f6zz\u00fcnk, de ha kapcsolatban \u00e9lsz, az egyik f\u00e9l s\u00e9r\u00fcl\u00e9se vagy betegs\u00e9ge mindkett\u0151t\u00f6kre hat\u00e1ssal van. Hogy hogyan kezelitek ezt egy\u00fctt, az elm\u00e9ly\u00edtheti a k\u00f6tel\u00e9keteket \u2013 vagy ak\u00e1r fesz\u00fclts\u00e9get is sz\u00fclhet. Ez a cikk arr\u00f3l sz\u00f3l, hogyan tudj\u00e1k a p\u00e1rok t\u00e1mogatni egym\u00e1st a neh\u00e9z id\u0151szakokban.\",\"breadcrumb\":{\"@id\":\"https:\/\/www.welovecycling.com\/hu\/edzes-es-eletmod\/kozos-bringazas-hogyan-tamogassuk-egymast-nehezsegek-idejen\/#breadcrumb\"},\"inLanguage\":\"hu\",\"potentialAction\":[{\"@type\":\"ReadAction\",\"target\":[\"https:\/\/www.welovecycling.com\/hu\/edzes-es-eletmod\/kozos-bringazas-hogyan-tamogassuk-egymast-nehezsegek-idejen\/\"]}]},{\"@type\":\"ImageObject\",\"inLanguage\":\"hu\",\"@id\":\"https:\/\/www.welovecycling.com\/hu\/edzes-es-eletmod\/kozos-bringazas-hogyan-tamogassuk-egymast-nehezsegek-idejen\/#primaryimage\",\"url\":\"https:\/\/d2p6e6u75xmxt8.cloudfront.net\/12\/2025\/04\/Cycling-Couple-profimedia-0971725132-CVR.webp\",\"contentUrl\":\"https:\/\/d2p6e6u75xmxt8.cloudfront.net\/12\/2025\/04\/Cycling-Couple-profimedia-0971725132-CVR.webp\",\"width\":990,\"height\":660,\"caption\":\"Cycling couple\"},{\"@type\":\"BreadcrumbList\",\"@id\":\"https:\/\/www.welovecycling.com\/hu\/edzes-es-eletmod\/kozos-bringazas-hogyan-tamogassuk-egymast-nehezsegek-idejen\/#breadcrumb\",\"itemListElement\":[{\"@type\":\"ListItem\",\"position\":1,\"name\":\"Home\",\"item\":\"https:\/\/www.welovecycling.com\/hu\/\"},{\"@type\":\"ListItem\",\"position\":2,\"name\":\"K\u00f6z\u00f6s bring\u00e1z\u00e1s \u2013 Hogyan t\u00e1mogassuk egym\u00e1st neh\u00e9zs\u00e9gek idej\u00e9n?\"}]},{\"@type\":\"WebSite\",\"@id\":\"https:\/\/www.welovecycling.com\/hu\/#website\",\"url\":\"https:\/\/www.welovecycling.com\/hu\/\",\"name\":\"\u0160koda We Love Cycling - Magyarorsz\u00e1g\",\"description\":\"\u0160koda WeLoveCycling\",\"potentialAction\":[{\"@type\":\"SearchAction\",\"target\":{\"@type\":\"EntryPoint\",\"urlTemplate\":\"https:\/\/www.welovecycling.com\/hu\/?s={search_term_string}\"},\"query-input\":{\"@type\":\"PropertyValueSpecification\",\"valueRequired\":true,\"valueName\":\"search_term_string\"}}],\"inLanguage\":\"hu\"},{\"@type\":\"Person\",\"@id\":\"https:\/\/www.welovecycling.com\/hu\/#\/schema\/person\/414a2aebf1801691a5320edb6468e194\",\"name\":\"hegyizs\",\"image\":{\"@type\":\"ImageObject\",\"inLanguage\":\"hu\",\"@id\":\"https:\/\/www.welovecycling.com\/hu\/#\/schema\/person\/image\/\",\"url\":\"https:\/\/secure.gravatar.com\/avatar\/02cf8a7906b8cf90cecb4679defac7cfd33a1c2e3b88e4903d947f3bb58eedd3?s=96&d=mm&r=g\",\"contentUrl\":\"https:\/\/secure.gravatar.com\/avatar\/02cf8a7906b8cf90cecb4679defac7cfd33a1c2e3b88e4903d947f3bb58eedd3?s=96&d=mm&r=g\",\"caption\":\"hegyizs\"},\"url\":\"https:\/\/www.welovecycling.com\/hu\/author\/hegyizs\/\"}]}<\/script>\n<!-- \/ Yoast SEO Premium plugin. -->","yoast_head_json":{"title":"K\u00f6z\u00f6s bring\u00e1z\u00e1s \u2013 Hogyan t\u00e1mogassuk egym\u00e1st neh\u00e9zs\u00e9gek idej\u00e9n?","description":"A ker\u00e9kp\u00e1roz\u00e1s sor\u00e1n elker\u00fclhetetlen, hogy n\u00e9ha neh\u00e9zs\u00e9gekbe \u00fctk\u00f6zz\u00fcnk, de ha kapcsolatban \u00e9lsz, az egyik f\u00e9l s\u00e9r\u00fcl\u00e9se vagy betegs\u00e9ge mindkett\u0151t\u00f6kre hat\u00e1ssal van. Hogy hogyan kezelitek ezt egy\u00fctt, az elm\u00e9ly\u00edtheti a k\u00f6tel\u00e9keteket \u2013 vagy ak\u00e1r fesz\u00fclts\u00e9get is sz\u00fclhet. Ez a cikk arr\u00f3l sz\u00f3l, hogyan tudj\u00e1k a p\u00e1rok t\u00e1mogatni egym\u00e1st a neh\u00e9z id\u0151szakokban.","robots":{"index":"index","follow":"follow","max-snippet":"max-snippet:-1","max-image-preview":"max-image-preview:large","max-video-preview":"max-video-preview:-1"},"canonical":"https:\/\/www.welovecycling.com\/hu\/edzes-es-eletmod\/kozos-bringazas-hogyan-tamogassuk-egymast-nehezsegek-idejen\/","og_locale":"hu_HU","og_type":"article","og_title":"K\u00f6z\u00f6s bring\u00e1z\u00e1s \u2013 Hogyan t\u00e1mogassuk egym\u00e1st neh\u00e9zs\u00e9gek idej\u00e9n?","og_description":"A ker\u00e9kp\u00e1roz\u00e1s sor\u00e1n elker\u00fclhetetlen, hogy n\u00e9ha neh\u00e9zs\u00e9gekbe \u00fctk\u00f6zz\u00fcnk, de ha kapcsolatban \u00e9lsz, az egyik f\u00e9l s\u00e9r\u00fcl\u00e9se vagy betegs\u00e9ge mindkett\u0151t\u00f6kre hat\u00e1ssal van. Hogy hogyan kezelitek ezt egy\u00fctt, az elm\u00e9ly\u00edtheti a k\u00f6tel\u00e9keteket \u2013 vagy ak\u00e1r fesz\u00fclts\u00e9get is sz\u00fclhet. Ez a cikk arr\u00f3l sz\u00f3l, hogyan tudj\u00e1k a p\u00e1rok t\u00e1mogatni egym\u00e1st a neh\u00e9z id\u0151szakokban.","og_url":"https:\/\/www.welovecycling.com\/hu\/edzes-es-eletmod\/kozos-bringazas-hogyan-tamogassuk-egymast-nehezsegek-idejen\/","og_site_name":"\u0160koda We Love Cycling - Magyarorsz\u00e1g","article_publisher":"https:\/\/www.facebook.com\/WeLoveCyclingHungary\/","article_published_time":"2025-05-05T06:00:36+00:00","og_image":[{"width":990,"height":660,"url":"https:\/\/d2p6e6u75xmxt8.cloudfront.net\/12\/2025\/04\/Cycling-Couple-profimedia-0971725132-CVR.webp","type":"image\/webp"}],"author":"hegyizs","twitter_card":"summary_large_image","twitter_misc":{"Written by":"Jiri Kaloc","Est. reading time":"2"},"schema":{"@context":"https:\/\/schema.org","@graph":[{"@type":"WebPage","@id":"https:\/\/www.welovecycling.com\/hu\/edzes-es-eletmod\/kozos-bringazas-hogyan-tamogassuk-egymast-nehezsegek-idejen\/","url":"https:\/\/www.welovecycling.com\/hu\/edzes-es-eletmod\/kozos-bringazas-hogyan-tamogassuk-egymast-nehezsegek-idejen\/","name":"K\u00f6z\u00f6s bring\u00e1z\u00e1s \u2013 Hogyan t\u00e1mogassuk egym\u00e1st neh\u00e9zs\u00e9gek idej\u00e9n?","isPartOf":{"@id":"https:\/\/www.welovecycling.com\/hu\/#website"},"primaryImageOfPage":{"@id":"https:\/\/www.welovecycling.com\/hu\/edzes-es-eletmod\/kozos-bringazas-hogyan-tamogassuk-egymast-nehezsegek-idejen\/#primaryimage"},"image":{"@id":"https:\/\/www.welovecycling.com\/hu\/edzes-es-eletmod\/kozos-bringazas-hogyan-tamogassuk-egymast-nehezsegek-idejen\/#primaryimage"},"thumbnailUrl":"https:\/\/d2p6e6u75xmxt8.cloudfront.net\/12\/2025\/04\/Cycling-Couple-profimedia-0971725132-CVR.webp","datePublished":"2025-05-05T06:00:36+00:00","author":{"@id":"https:\/\/www.welovecycling.com\/hu\/#\/schema\/person\/414a2aebf1801691a5320edb6468e194"},"description":"A ker\u00e9kp\u00e1roz\u00e1s sor\u00e1n elker\u00fclhetetlen, hogy n\u00e9ha neh\u00e9zs\u00e9gekbe \u00fctk\u00f6zz\u00fcnk, de ha kapcsolatban \u00e9lsz, az egyik f\u00e9l s\u00e9r\u00fcl\u00e9se vagy betegs\u00e9ge mindkett\u0151t\u00f6kre hat\u00e1ssal van. Hogy hogyan kezelitek ezt egy\u00fctt, az elm\u00e9ly\u00edtheti a k\u00f6tel\u00e9keteket \u2013 vagy ak\u00e1r fesz\u00fclts\u00e9get is sz\u00fclhet. Ez a cikk arr\u00f3l sz\u00f3l, hogyan tudj\u00e1k a p\u00e1rok t\u00e1mogatni egym\u00e1st a neh\u00e9z id\u0151szakokban.","breadcrumb":{"@id":"https:\/\/www.welovecycling.com\/hu\/edzes-es-eletmod\/kozos-bringazas-hogyan-tamogassuk-egymast-nehezsegek-idejen\/#breadcrumb"},"inLanguage":"hu","potentialAction":[{"@type":"ReadAction","target":["https:\/\/www.welovecycling.com\/hu\/edzes-es-eletmod\/kozos-bringazas-hogyan-tamogassuk-egymast-nehezsegek-idejen\/"]}]},{"@type":"ImageObject","inLanguage":"hu","@id":"https:\/\/www.welovecycling.com\/hu\/edzes-es-eletmod\/kozos-bringazas-hogyan-tamogassuk-egymast-nehezsegek-idejen\/#primaryimage","url":"https:\/\/d2p6e6u75xmxt8.cloudfront.net\/12\/2025\/04\/Cycling-Couple-profimedia-0971725132-CVR.webp","contentUrl":"https:\/\/d2p6e6u75xmxt8.cloudfront.net\/12\/2025\/04\/Cycling-Couple-profimedia-0971725132-CVR.webp","width":990,"height":660,"caption":"Cycling couple"},{"@type":"BreadcrumbList","@id":"https:\/\/www.welovecycling.com\/hu\/edzes-es-eletmod\/kozos-bringazas-hogyan-tamogassuk-egymast-nehezsegek-idejen\/#breadcrumb","itemListElement":[{"@type":"ListItem","position":1,"name":"Home","item":"https:\/\/www.welovecycling.com\/hu\/"},{"@type":"ListItem","position":2,"name":"K\u00f6z\u00f6s bring\u00e1z\u00e1s \u2013 Hogyan t\u00e1mogassuk egym\u00e1st neh\u00e9zs\u00e9gek idej\u00e9n?"}]},{"@type":"WebSite","@id":"https:\/\/www.welovecycling.com\/hu\/#website","url":"https:\/\/www.welovecycling.com\/hu\/","name":"\u0160koda We Love Cycling - Magyarorsz\u00e1g","description":"\u0160koda WeLoveCycling","potentialAction":[{"@type":"SearchAction","target":{"@type":"EntryPoint","urlTemplate":"https:\/\/www.welovecycling.com\/hu\/?s={search_term_string}"},"query-input":{"@type":"PropertyValueSpecification","valueRequired":true,"valueName":"search_term_string"}}],"inLanguage":"hu"},{"@type":"Person","@id":"https:\/\/www.welovecycling.com\/hu\/#\/schema\/person\/414a2aebf1801691a5320edb6468e194","name":"hegyizs","image":{"@type":"ImageObject","inLanguage":"hu","@id":"https:\/\/www.welovecycling.com\/hu\/#\/schema\/person\/image\/","url":"https:\/\/secure.gravatar.com\/avatar\/02cf8a7906b8cf90cecb4679defac7cfd33a1c2e3b88e4903d947f3bb58eedd3?s=96&d=mm&r=g","contentUrl":"https:\/\/secure.gravatar.com\/avatar\/02cf8a7906b8cf90cecb4679defac7cfd33a1c2e3b88e4903d947f3bb58eedd3?s=96&d=mm&r=g","caption":"hegyizs"},"url":"https:\/\/www.welovecycling.com\/hu\/author\/hegyizs\/"}]}},"_links":{"self":[{"href":"https:\/\/www.welovecycling.com\/hu\/wp-json\/wp\/v2\/posts\/19009","targetHints":{"allow":["GET"]}}],"collection":[{"href":"https:\/\/www.welovecycling.com\/hu\/wp-json\/wp\/v2\/posts"}],"about":[{"href":"https:\/\/www.welovecycling.com\/hu\/wp-json\/wp\/v2\/types\/post"}],"author":[{"embeddable":true,"href":"https:\/\/www.welovecycling.com\/hu\/wp-json\/wp\/v2\/users\/71"}],"replies":[{"embeddable":true,"href":"https:\/\/www.welovecycling.com\/hu\/wp-json\/wp\/v2\/comments?post=19009"}],"version-history":[{"count":1,"href":"https:\/\/www.welovecycling.com\/hu\/wp-json\/wp\/v2\/posts\/19009\/revisions"}],"predecessor-version":[{"id":19011,"href":"https:\/\/www.welovecycling.com\/hu\/wp-json\/wp\/v2\/posts\/19009\/revisions\/19011"}],"wp:featuredmedia":[{"embeddable":true,"href":"https:\/\/www.welovecycling.com\/hu\/wp-json\/wp\/v2\/media\/19010"}],"wp:attachment":[{"href":"https:\/\/www.welovecycling.com\/hu\/wp-json\/wp\/v2\/media?parent=19009"}],"wp:term":[{"taxonomy":"category","embeddable":true,"href":"https:\/\/www.welovecycling.com\/hu\/wp-json\/wp\/v2\/categories?post=19009"},{"taxonomy":"post_tag","embeddable":true,"href":"https:\/\/www.welovecycling.com\/hu\/wp-json\/wp\/v2\/tags?post=19009"},{"taxonomy":"global-categories","embeddable":true,"href":"https:\/\/www.welovecycling.com\/hu\/wp-json\/wp\/v2\/global-categories?post=19009"}],"curies":[{"name":"wp","href":"https:\/\/api.w.org\/{rel}","templated":true}]}}