{"id":19003,"date":"2025-04-28T10:11:04","date_gmt":"2025-04-28T08:11:04","guid":{"rendered":"https:\/\/www.welovecycling.com\/hu\/?p=19003"},"modified":"2025-04-28T10:11:04","modified_gmt":"2025-04-28T08:11:04","slug":"a-tudomanyt-is-tulzasba-lehet-vinni-dumoulinnel-az-igazsag-a-visma-visszaesese-kapcsan","status":"publish","type":"post","link":"https:\/\/www.welovecycling.com\/hu\/orszaguti-kerekpar\/a-tudomanyt-is-tulzasba-lehet-vinni-dumoulinnel-az-igazsag-a-visma-visszaesese-kapcsan\/","title":{"rendered":"\u201eA tudom\u00e1nyt is t\u00falz\u00e1sba lehet vinni\u201d \u2013 Dumoulinn\u00e9l az igazs\u00e1g a Visma visszaes\u00e9se kapcs\u00e1n?"},"content":{"rendered":"<p><strong>Valter Attila az Amstel Gold Race-en id\u00e9n v\u00e9gre igaz\u00e1n \u00e9lvezett egy versenyt: \u0151 is, csapata is remek\u00fcl ment egy ijeszt\u0151 t\u00f6megbuk\u00e1s ellen\u00e9re. A holland szt\u00e1rist\u00e1ll\u00f3 azonban m\u00e1r egy ideje megtorpant \u2013 saj\u00e1t mag\u00e1hoz k\u00e9pest legal\u00e1bbis \u2013, most kor\u00e1bbi szt\u00e1rversenyz\u0151je, a Giro-gy\u0151ztes Tom Dumoulin pend\u00edtett meg egy \u00e9rdekes lehets\u00e9ges okot.<\/strong><!--more--><\/p>\n<p>S\u0171r\u0171 hete van Valter Attil\u00e1nak, aki a Baszk k\u00f6r\u00f6n szerzett top 30-as \u00f6sszetett helye ut\u00e1n r\u00f6vid egym\u00e1sut\u00e1nban h\u00e1rom nagy egynapos klasszikuson szerepel: az Amstel Gold Race-en seg\u00edt\u0151k\u00e9nt is hozott egy remek 22. helyet, a La Fleche Wallonne-on a 39.-k\u00e9nt \u00e9rt c\u00e9lba.<\/p>\n<p>A Visma magyar klasszisa k\u00f6z\u00f6ss\u00e9gi oldal\u00e1n boldogan <u><a href=\"https:\/\/www.facebook.com\/permalink.php?story_fbid=pfbid02RNWa75LPsVgz7CMNXytMJdEnBzpfWSSpYMM13h1cQLLzCrYac6xzRQ4V4Lh8VCeGl&amp;id=100063776644112\">\u00fajs\u00e1golta<\/a><\/u>, hogy az Amstelen v\u00e9gre \u00fajra teljes sz\u00edv\u00e9b\u0151l \u00e9lvezte a versenyz\u00e9st: mind az egy\u00e9ni, mind a csapattaktika m\u0171k\u00f6d\u00f6tt, annak ellen\u00e9re is, hogy f\u00e9lt\u00e1vn\u00e1l belekeveredett egy nagy buk\u00e1sba. Emiatt ker\u00e9kp\u00e1rt is kellett cser\u00e9lnie, de szerencs\u00e9re olcs\u00f3n meg\u00faszta, ut\u00e1na fel\u00e9rt a mez\u0151nyre, \u00e9s \u00fagy lett v\u00e9g\u00fcl 22. seg\u00edt\u0151k\u00e9nt, hogy a kijel\u00f6lt emelked\u0151t m\u00e9g a top t\u00edzben kezdte! Az \u00fajabb elk\u00e9peszt\u0151 t\u00e1mad\u00e1st bemutat\u00f3 Tadej Poga\u010darral v\u00e9g\u00fcl sem \u0151, sem m\u00e1s nem volt k\u00e9pes tartani a l\u00e9p\u00e9st, de \u00f6sszess\u00e9g\u00e9ben tal\u00e1n elmondhat\u00f3, az Amstel volt id\u00e9n az els\u0151 olyan verseny, amellyel Ati igaz\u00e1n el\u00e9gedett lehetett, hiszen eddig az eg\u00e9sz Visma csendesebb a t\u0151l\u00fck megszokottn\u00e1l (id\u00e9n eddig mind\u00f6ssze 12 gy\u0151zelem, ink\u00e1bb kisebb versenyekr\u0151l).<\/p>\n<figure id=\"attachment_19004\" aria-describedby=\"caption-attachment-19004\" style=\"width: 1024px\" class=\"wp-caption alignnone\"><img loading=\"lazy\" decoding=\"async\" class=\"size-large wp-image-19004\" src=\"https:\/\/d2p6e6u75xmxt8.cloudfront.net\/12\/2025\/04\/491355661_1192989079503636_8475668175656719385_n-1024x683.webp\" alt=\"\" width=\"1024\" height=\"683\" srcset=\"https:\/\/d2p6e6u75xmxt8.cloudfront.net\/12\/2025\/04\/491355661_1192989079503636_8475668175656719385_n-1024x683.webp 1024w, https:\/\/d2p6e6u75xmxt8.cloudfront.net\/12\/2025\/04\/491355661_1192989079503636_8475668175656719385_n-300x200.webp 300w, https:\/\/d2p6e6u75xmxt8.cloudfront.net\/12\/2025\/04\/491355661_1192989079503636_8475668175656719385_n-768x512.webp 768w, https:\/\/d2p6e6u75xmxt8.cloudfront.net\/12\/2025\/04\/491355661_1192989079503636_8475668175656719385_n-1536x1024.webp 1536w, https:\/\/d2p6e6u75xmxt8.cloudfront.net\/12\/2025\/04\/491355661_1192989079503636_8475668175656719385_n-1920x1280.webp 1920w, https:\/\/d2p6e6u75xmxt8.cloudfront.net\/12\/2025\/04\/491355661_1192989079503636_8475668175656719385_n-400x267.webp 400w, https:\/\/d2p6e6u75xmxt8.cloudfront.net\/12\/2025\/04\/491355661_1192989079503636_8475668175656719385_n-272x182.webp 272w, https:\/\/d2p6e6u75xmxt8.cloudfront.net\/12\/2025\/04\/491355661_1192989079503636_8475668175656719385_n.webp 2048w, https:\/\/d2p6e6u75xmxt8.cloudfront.net\/12\/2025\/04\/491355661_1192989079503636_8475668175656719385_n-1920x1280.webp 1920w\" sizes=\"auto, (max-width: 1024px) 100vw, 1024px\" \/><figcaption id=\"caption-attachment-19004\" class=\"wp-caption-text\">Valter Attila nagyot ment az Amstelen (forr\u00e1s: Facebook\/Valter Attila)<\/figcaption><\/figure>\n<p>Ebben persze szerepet j\u00e1tszhat Jonas Vingegaard s\u00e9r\u00fcl\u00e9se is, a d\u00e1n klasszis lassan \u00e9p\u00fcl fel agyr\u00e1zk\u00f3d\u00e1s\u00e1b\u00f3l, de <u><a href=\"https:\/\/www.cyclingnews.com\/news\/jonas-vingegaard-fully-recovered-from-concussion-with-route-to-tour-de-france-rematch-with-tadej-pogacar-revealed\/\">a legfrissebb h\u00edrek szerint<\/a><\/u> imm\u00e1r \u00fajra teljes er\u0151bedob\u00e1ssal k\u00e9sz\u00fcl, \u00e9s minden erej\u00e9vel a j\u00faliusi Tour de France-ra f\u00f3kusz\u00e1l, hogy ott megpr\u00f3b\u00e1ljon valahogy visszav\u00e1gni a v\u00e1ltozatlanul verhetetlennek t\u0171n\u0151 Poga\u010darnak.<\/p>\n<p>\u00c1m k\u00f6zben valami eg\u00e9szen m\u00e1s is lehet a Visma visszaes\u00e9s\u00e9nek h\u00e1tt\u00e9rben. Err\u0151l a holland szt\u00e1rist\u00e1ll\u00f3 kor\u00e1bbi versenyz\u0151je, Tom Dumoulin osztott meg egy nagyon \u00e9rdekes elm\u00e9letet, pontosabban feltette a k\u00e9rd\u00e9st, vajon hol h\u00faz\u00f3dik meg az eg\u00e9szs\u00e9ges egyens\u00faly a modern ker\u00e9kp\u00e1roz\u00e1sban a tudom\u00e1nyos adatelemz\u00e9s \u00e9s az emberi-edz\u0151i teljes\u00edtm\u00e9ny k\u00f6z\u00f6tt? A belga Het Nieuwsbladban megjelent <u><a href=\"https:\/\/www.nieuwsblad.be\/cnt\/dmf20250419_95199545\">interj\u00fat<\/a><\/u> az Eurosport <u><a href=\"https:\/\/www.eurosport.hu\/kerekpar\/tom-dumoulin-interju-mentalitas-pogacar-visma-biztonsag_sto23175734\/story.shtml\">szeml\u00e9zte<\/a><\/u> magyarul, \u00e9s ebben a kor\u00e1bbi vil\u00e1gbajnok, Giro-gy\u0151ztes, a h\u00e1rom \u00e9ve, alig 31 \u00e9vesen visszavonult klasszis \u00e9rdekes megk\u00f6zel\u00edt\u00e9sb\u0151l vizsg\u00e1lja a k\u00e9rd\u00e9sk\u00f6rt.<\/p>\n<figure id=\"attachment_19005\" aria-describedby=\"caption-attachment-19005\" style=\"width: 1024px\" class=\"wp-caption alignnone\"><img loading=\"lazy\" decoding=\"async\" class=\"size-large wp-image-19005\" src=\"https:\/\/d2p6e6u75xmxt8.cloudfront.net\/12\/2025\/04\/tom-dumoulin-1024x765.webp\" alt=\"\" width=\"1024\" height=\"765\" srcset=\"https:\/\/d2p6e6u75xmxt8.cloudfront.net\/12\/2025\/04\/tom-dumoulin-1024x765.webp 1024w, https:\/\/d2p6e6u75xmxt8.cloudfront.net\/12\/2025\/04\/tom-dumoulin-300x224.webp 300w, https:\/\/d2p6e6u75xmxt8.cloudfront.net\/12\/2025\/04\/tom-dumoulin-768x574.webp 768w, https:\/\/d2p6e6u75xmxt8.cloudfront.net\/12\/2025\/04\/tom-dumoulin-1536x1148.webp 1536w, https:\/\/d2p6e6u75xmxt8.cloudfront.net\/12\/2025\/04\/tom-dumoulin-2048x1530.webp 2048w, https:\/\/d2p6e6u75xmxt8.cloudfront.net\/12\/2025\/04\/tom-dumoulin-1920x1434.webp 1920w, https:\/\/d2p6e6u75xmxt8.cloudfront.net\/12\/2025\/04\/tom-dumoulin-400x299.webp 400w, https:\/\/d2p6e6u75xmxt8.cloudfront.net\/12\/2025\/04\/tom-dumoulin-1920x1434.webp 1920w\" sizes=\"auto, (max-width: 1024px) 100vw, 1024px\" \/><figcaption id=\"caption-attachment-19005\" class=\"wp-caption-text\">Tom Dumoulin legnagyobb sikereit nem a Visma, hanem m\u00e9g a Sunweb sz\u00edneiben aratta (fot\u00f3: Getty Images)<\/figcaption><\/figure>\n<p>A kor\u00e1bbi \u00e9vek Visma-sikereinek titk\u00e1r\u00f3l testk\u00f6zelb\u0151l tudott besz\u00e1molni, mint mondta: <em>\u201eAz adatvez\u00e9relt munkam\u00f3dszer\u00fckkel \u00e9vek \u00f3ta \u00f3ri\u00e1si sikereket \u00e9rnek el. Ez a megk\u00f6zel\u00edt\u00e9s bizony\u00e1ra sok versenyz\u0151n\u00e9l m\u0171k\u00f6dik, de az olyanokat, mint van Empel, Cian Uijtdebroeks vagy \u00e9pp Christophe Laporte, m\u00e1r egy ideje kezdik elvesz\u00edteni. A t\u00f6bbs\u00e9g kev\u00e9sb\u00e9 teljes\u00edt j\u00f3l \u2013 s\u0151t, \u00e1ltal\u00e1noss\u00e1gban elmondhat\u00f3, hogy csapatk\u00e9nt sem teljes\u00edtenek \u00fagy, mint a kor\u00e1bbi \u00e9vekben. Minden csapatnak, de a Vism\u00e1nak k\u00fcl\u00f6n\u00f6sen nagy kih\u00edv\u00e1s lesz megtal\u00e1lni az egyens\u00falyt az adatok-tudom\u00e1ny, valamint az emberi-edz\u0151i munka k\u00f6z\u00f6tt.\u201d<\/em><\/p>\n<p>Dumoulin emellett konkr\u00e9t p\u00e9ld\u00e1kat is eml\u00edt a top szt\u00e1rversenyz\u0151k k\u00f6z\u00fcl: p\u00e9ld\u00e1ul pont Poga\u010dart, illetve Mathieu van der Poelt. <em>\u201eA legjobb versenyz\u0151k jelenleg azok, akik a legjobban megtal\u00e1lj\u00e1k az egyens\u00falyt. Poga\u010dar \u00e9s Van der Poel is olyan csapatba ker\u00fclt fiatalon, ahol arra b\u00e1tor\u00edtott\u00e1k \u0151ket, hogy hallgassanak a saj\u00e1t \u00e9rz\u00e9seikre. Mathieu tov\u00e1bbra is hatalmas \u00f6n\u00e1ll\u00f3s\u00e1ggal rendelkezik. Eg\u00e9szs\u00e9gesen \u00e9tkezik, minden tudom\u00e1nyt felhaszn\u00e1l, de \u0151 maga d\u00f6nti el, milyen versenyeken indul \u00e9s milyeneken nem, hol akar j\u00f3 lenni, \u00e9s mikor megy el mondjuk egy h\u00e9tre golfozni. Ha az ember \u00fagy \u00e9rzi, hogy \u0151 a saj\u00e1t karrierj\u00e9nek a f\u0151n\u00f6ke, akkor a falakon is \u00e1t tud menni. Azokn\u00e1l a csapatokn\u00e1l \u00e9s versenyz\u0151kn\u00e9l, akik t\u00falz\u00e1sba viszik a tudom\u00e1nyt, ez az \u00e9rz\u00e9s egyszer\u0171en nincs meg.\u201d<\/em><\/p>\n<figure id=\"attachment_19006\" aria-describedby=\"caption-attachment-19006\" style=\"width: 1024px\" class=\"wp-caption alignnone\"><img loading=\"lazy\" decoding=\"async\" class=\"size-large wp-image-19006\" src=\"https:\/\/d2p6e6u75xmxt8.cloudfront.net\/12\/2025\/04\/kDyCdm3dX38CPxtWqynB57-1200-80-1024x688.webp\" alt=\"\" width=\"1024\" height=\"688\" srcset=\"https:\/\/d2p6e6u75xmxt8.cloudfront.net\/12\/2025\/04\/kDyCdm3dX38CPxtWqynB57-1200-80-1024x688.webp 1024w, https:\/\/d2p6e6u75xmxt8.cloudfront.net\/12\/2025\/04\/kDyCdm3dX38CPxtWqynB57-1200-80-300x202.webp 300w, https:\/\/d2p6e6u75xmxt8.cloudfront.net\/12\/2025\/04\/kDyCdm3dX38CPxtWqynB57-1200-80-768x516.webp 768w, https:\/\/d2p6e6u75xmxt8.cloudfront.net\/12\/2025\/04\/kDyCdm3dX38CPxtWqynB57-1200-80-400x269.webp 400w, https:\/\/d2p6e6u75xmxt8.cloudfront.net\/12\/2025\/04\/kDyCdm3dX38CPxtWqynB57-1200-80-272x182.webp 272w, https:\/\/d2p6e6u75xmxt8.cloudfront.net\/12\/2025\/04\/kDyCdm3dX38CPxtWqynB57-1200-80.webp 1200w\" sizes=\"auto, (max-width: 1024px) 100vw, 1024px\" \/><figcaption id=\"caption-attachment-19006\" class=\"wp-caption-text\">A k\u00e9t \u201eszuperember\u201d, az eg\u00e9szs\u00e9ges egyens\u00falyt ezek szerint megtal\u00e1l\u00f3 Tadej Poga\u010dar \u00e9s Mathieu van der Poel (fot\u00f3: Dario Belingheri\/Getty Images)<\/figcaption><\/figure>\n<p>Val\u00f3sz\u00edn\u0171leg ezen a t\u00e9ren is igaz teh\u00e1t az, ami az \u00e9let egy\u00e9b ter\u00fcletein is, vagyis hogy \u00e9rdemes megtal\u00e1lni az arany k\u00f6z\u00e9putat, \u00e9s egyik v\u00e9gletet sem t\u00falz\u00e1sba vinni. A Visma mindenesetre vas\u00e1rnap \u00fajra pr\u00f3b\u00e1lkozhat, Valter Attil\u00e1val a soraiban, noha Poga\u010dar form\u00e1j\u00e1t eln\u00e9zve m\u00e1r ink\u00e1bb az lenne a meglepet\u00e9s, ha le tudn\u00e1 nyomni b\u00e1rki. Mondjuk, az Amstelen pont siker\u00fclt Mattias Skjelmos\u00e9nak\u2026<\/p>\n<p>Bor\u00edt\u00f3k\u00e9p: <em>EPA\/Marcel van Hoorn<\/em><\/p>\n","protected":false},"excerpt":{"rendered":"<p>Valter Attila az Amstel Gold Race-en id\u00e9n v\u00e9gre igaz\u00e1n \u00e9lvezett egy versenyt: \u0151 is, csapata is remek\u00fcl ment egy ijeszt\u0151 [&hellip;]<\/p>\n","protected":false},"author":71,"featured_media":19007,"comment_status":"open","ping_status":"open","sticky":false,"template":"","format":"standard","meta":{"footnotes":""},"categories":[8],"tags":[],"global-categories":[419],"class_list":["post-19003","post","type-post","status-publish","format-standard","has-post-thumbnail","hentry","category-orszaguti-kerekpar","global-categories-cycling"],"yoast_head":"<!-- This site is optimized with the Yoast SEO Premium plugin v25.3 (Yoast SEO v25.9) - https:\/\/yoast.com\/wordpress\/plugins\/seo\/ -->\n<title>\u201eA tudom\u00e1nyt is t\u00falz\u00e1sba lehet vinni\u201d \u2013 Dumoulinn\u00e9l az igazs\u00e1g a Visma visszaes\u00e9se kapcs\u00e1n?<\/title>\n<meta name=\"description\" content=\"Valter Attila az Amstel Gold Race-en id\u00e9n v\u00e9gre igaz\u00e1n \u00e9lvezett egy versenyt: \u0151 is, csapata is remek\u00fcl ment egy ijeszt\u0151 t\u00f6megbuk\u00e1s ellen\u00e9re. A holland szt\u00e1rist\u00e1ll\u00f3 azonban m\u00e1r egy ideje megtorpant \u2013 saj\u00e1t mag\u00e1hoz k\u00e9pest legal\u00e1bbis \u2013, most kor\u00e1bbi szt\u00e1rversenyz\u0151je, a Giro-gy\u0151ztes Tom Dumoulin pend\u00edtett meg egy \u00e9rdekes lehets\u00e9ges okot.\" \/>\n<meta name=\"robots\" content=\"index, follow, max-snippet:-1, max-image-preview:large, max-video-preview:-1\" \/>\n<link rel=\"canonical\" href=\"https:\/\/www.welovecycling.com\/hu\/orszaguti-kerekpar\/a-tudomanyt-is-tulzasba-lehet-vinni-dumoulinnel-az-igazsag-a-visma-visszaesese-kapcsan\/\" \/>\n<meta property=\"og:locale\" content=\"hu_HU\" \/>\n<meta property=\"og:type\" content=\"article\" \/>\n<meta property=\"og:title\" content=\"\u201eA tudom\u00e1nyt is t\u00falz\u00e1sba lehet vinni\u201d \u2013 Dumoulinn\u00e9l az igazs\u00e1g a Visma visszaes\u00e9se kapcs\u00e1n?\" \/>\n<meta property=\"og:description\" content=\"Valter Attila az Amstel Gold Race-en id\u00e9n v\u00e9gre igaz\u00e1n \u00e9lvezett egy versenyt: \u0151 is, csapata is remek\u00fcl ment egy ijeszt\u0151 t\u00f6megbuk\u00e1s ellen\u00e9re. A holland szt\u00e1rist\u00e1ll\u00f3 azonban m\u00e1r egy ideje megtorpant \u2013 saj\u00e1t mag\u00e1hoz k\u00e9pest legal\u00e1bbis \u2013, most kor\u00e1bbi szt\u00e1rversenyz\u0151je, a Giro-gy\u0151ztes Tom Dumoulin pend\u00edtett meg egy \u00e9rdekes lehets\u00e9ges okot.\" \/>\n<meta property=\"og:url\" content=\"https:\/\/www.welovecycling.com\/hu\/orszaguti-kerekpar\/a-tudomanyt-is-tulzasba-lehet-vinni-dumoulinnel-az-igazsag-a-visma-visszaesese-kapcsan\/\" \/>\n<meta property=\"og:site_name\" content=\"\u0160koda We Love Cycling - Magyarorsz\u00e1g\" \/>\n<meta property=\"article:publisher\" content=\"https:\/\/www.facebook.com\/WeLoveCyclingHungary\/\" \/>\n<meta property=\"article:published_time\" content=\"2025-04-28T08:11:04+00:00\" \/>\n<meta property=\"og:image\" content=\"https:\/\/d2p6e6u75xmxt8.cloudfront.net\/12\/2025\/04\/09881913.webp\" \/>\n\t<meta property=\"og:image:width\" content=\"1905\" \/>\n\t<meta property=\"og:image:height\" content=\"1376\" \/>\n\t<meta property=\"og:image:type\" content=\"image\/webp\" \/>\n<meta name=\"author\" content=\"hegyizs\" \/>\n<meta name=\"twitter:card\" content=\"summary_large_image\" \/>\n<meta name=\"twitter:label1\" content=\"Written by\" \/>\n\t<meta name=\"twitter:data1\" content=\"WLC\" \/>\n\t<meta name=\"twitter:label2\" content=\"Est. reading time\" \/>\n\t<meta name=\"twitter:data2\" content=\"5 minutes\" \/>\n<script type=\"application\/ld+json\" class=\"yoast-schema-graph\">{\"@context\":\"https:\/\/schema.org\",\"@graph\":[{\"@type\":\"WebPage\",\"@id\":\"https:\/\/www.welovecycling.com\/hu\/orszaguti-kerekpar\/a-tudomanyt-is-tulzasba-lehet-vinni-dumoulinnel-az-igazsag-a-visma-visszaesese-kapcsan\/\",\"url\":\"https:\/\/www.welovecycling.com\/hu\/orszaguti-kerekpar\/a-tudomanyt-is-tulzasba-lehet-vinni-dumoulinnel-az-igazsag-a-visma-visszaesese-kapcsan\/\",\"name\":\"\u201eA tudom\u00e1nyt is t\u00falz\u00e1sba lehet vinni\u201d \u2013 Dumoulinn\u00e9l az igazs\u00e1g a Visma visszaes\u00e9se kapcs\u00e1n?\",\"isPartOf\":{\"@id\":\"https:\/\/www.welovecycling.com\/hu\/#website\"},\"primaryImageOfPage\":{\"@id\":\"https:\/\/www.welovecycling.com\/hu\/orszaguti-kerekpar\/a-tudomanyt-is-tulzasba-lehet-vinni-dumoulinnel-az-igazsag-a-visma-visszaesese-kapcsan\/#primaryimage\"},\"image\":{\"@id\":\"https:\/\/www.welovecycling.com\/hu\/orszaguti-kerekpar\/a-tudomanyt-is-tulzasba-lehet-vinni-dumoulinnel-az-igazsag-a-visma-visszaesese-kapcsan\/#primaryimage\"},\"thumbnailUrl\":\"https:\/\/d2p6e6u75xmxt8.cloudfront.net\/12\/2025\/04\/09881913.webp\",\"datePublished\":\"2025-04-28T08:11:04+00:00\",\"author\":{\"@id\":\"https:\/\/www.welovecycling.com\/hu\/#\/schema\/person\/414a2aebf1801691a5320edb6468e194\"},\"description\":\"Valter Attila az Amstel Gold Race-en id\u00e9n v\u00e9gre igaz\u00e1n \u00e9lvezett egy versenyt: \u0151 is, csapata is remek\u00fcl ment egy ijeszt\u0151 t\u00f6megbuk\u00e1s ellen\u00e9re. A holland szt\u00e1rist\u00e1ll\u00f3 azonban m\u00e1r egy ideje megtorpant \u2013 saj\u00e1t mag\u00e1hoz k\u00e9pest legal\u00e1bbis \u2013, most kor\u00e1bbi szt\u00e1rversenyz\u0151je, a Giro-gy\u0151ztes Tom Dumoulin pend\u00edtett meg egy \u00e9rdekes lehets\u00e9ges okot.\",\"breadcrumb\":{\"@id\":\"https:\/\/www.welovecycling.com\/hu\/orszaguti-kerekpar\/a-tudomanyt-is-tulzasba-lehet-vinni-dumoulinnel-az-igazsag-a-visma-visszaesese-kapcsan\/#breadcrumb\"},\"inLanguage\":\"hu\",\"potentialAction\":[{\"@type\":\"ReadAction\",\"target\":[\"https:\/\/www.welovecycling.com\/hu\/orszaguti-kerekpar\/a-tudomanyt-is-tulzasba-lehet-vinni-dumoulinnel-az-igazsag-a-visma-visszaesese-kapcsan\/\"]}]},{\"@type\":\"ImageObject\",\"inLanguage\":\"hu\",\"@id\":\"https:\/\/www.welovecycling.com\/hu\/orszaguti-kerekpar\/a-tudomanyt-is-tulzasba-lehet-vinni-dumoulinnel-az-igazsag-a-visma-visszaesese-kapcsan\/#primaryimage\",\"url\":\"https:\/\/d2p6e6u75xmxt8.cloudfront.net\/12\/2025\/04\/09881913.webp\",\"contentUrl\":\"https:\/\/d2p6e6u75xmxt8.cloudfront.net\/12\/2025\/04\/09881913.webp\",\"width\":1905,\"height\":1376},{\"@type\":\"BreadcrumbList\",\"@id\":\"https:\/\/www.welovecycling.com\/hu\/orszaguti-kerekpar\/a-tudomanyt-is-tulzasba-lehet-vinni-dumoulinnel-az-igazsag-a-visma-visszaesese-kapcsan\/#breadcrumb\",\"itemListElement\":[{\"@type\":\"ListItem\",\"position\":1,\"name\":\"Home\",\"item\":\"https:\/\/www.welovecycling.com\/hu\/\"},{\"@type\":\"ListItem\",\"position\":2,\"name\":\"\u201eA tudom\u00e1nyt is t\u00falz\u00e1sba lehet vinni\u201d \u2013 Dumoulinn\u00e9l az igazs\u00e1g a Visma visszaes\u00e9se kapcs\u00e1n?\"}]},{\"@type\":\"WebSite\",\"@id\":\"https:\/\/www.welovecycling.com\/hu\/#website\",\"url\":\"https:\/\/www.welovecycling.com\/hu\/\",\"name\":\"\u0160koda We Love Cycling - Magyarorsz\u00e1g\",\"description\":\"\u0160koda WeLoveCycling\",\"potentialAction\":[{\"@type\":\"SearchAction\",\"target\":{\"@type\":\"EntryPoint\",\"urlTemplate\":\"https:\/\/www.welovecycling.com\/hu\/?s={search_term_string}\"},\"query-input\":{\"@type\":\"PropertyValueSpecification\",\"valueRequired\":true,\"valueName\":\"search_term_string\"}}],\"inLanguage\":\"hu\"},{\"@type\":\"Person\",\"@id\":\"https:\/\/www.welovecycling.com\/hu\/#\/schema\/person\/414a2aebf1801691a5320edb6468e194\",\"name\":\"hegyizs\",\"image\":{\"@type\":\"ImageObject\",\"inLanguage\":\"hu\",\"@id\":\"https:\/\/www.welovecycling.com\/hu\/#\/schema\/person\/image\/\",\"url\":\"https:\/\/secure.gravatar.com\/avatar\/02cf8a7906b8cf90cecb4679defac7cfd33a1c2e3b88e4903d947f3bb58eedd3?s=96&d=mm&r=g\",\"contentUrl\":\"https:\/\/secure.gravatar.com\/avatar\/02cf8a7906b8cf90cecb4679defac7cfd33a1c2e3b88e4903d947f3bb58eedd3?s=96&d=mm&r=g\",\"caption\":\"hegyizs\"},\"url\":\"https:\/\/www.welovecycling.com\/hu\/author\/hegyizs\/\"}]}<\/script>\n<!-- \/ Yoast SEO Premium plugin. -->","yoast_head_json":{"title":"\u201eA tudom\u00e1nyt is t\u00falz\u00e1sba lehet vinni\u201d \u2013 Dumoulinn\u00e9l az igazs\u00e1g a Visma visszaes\u00e9se kapcs\u00e1n?","description":"Valter Attila az Amstel Gold Race-en id\u00e9n v\u00e9gre igaz\u00e1n \u00e9lvezett egy versenyt: \u0151 is, csapata is remek\u00fcl ment egy ijeszt\u0151 t\u00f6megbuk\u00e1s ellen\u00e9re. A holland szt\u00e1rist\u00e1ll\u00f3 azonban m\u00e1r egy ideje megtorpant \u2013 saj\u00e1t mag\u00e1hoz k\u00e9pest legal\u00e1bbis \u2013, most kor\u00e1bbi szt\u00e1rversenyz\u0151je, a Giro-gy\u0151ztes Tom Dumoulin pend\u00edtett meg egy \u00e9rdekes lehets\u00e9ges okot.","robots":{"index":"index","follow":"follow","max-snippet":"max-snippet:-1","max-image-preview":"max-image-preview:large","max-video-preview":"max-video-preview:-1"},"canonical":"https:\/\/www.welovecycling.com\/hu\/orszaguti-kerekpar\/a-tudomanyt-is-tulzasba-lehet-vinni-dumoulinnel-az-igazsag-a-visma-visszaesese-kapcsan\/","og_locale":"hu_HU","og_type":"article","og_title":"\u201eA tudom\u00e1nyt is t\u00falz\u00e1sba lehet vinni\u201d \u2013 Dumoulinn\u00e9l az igazs\u00e1g a Visma visszaes\u00e9se kapcs\u00e1n?","og_description":"Valter Attila az Amstel Gold Race-en id\u00e9n v\u00e9gre igaz\u00e1n \u00e9lvezett egy versenyt: \u0151 is, csapata is remek\u00fcl ment egy ijeszt\u0151 t\u00f6megbuk\u00e1s ellen\u00e9re. A holland szt\u00e1rist\u00e1ll\u00f3 azonban m\u00e1r egy ideje megtorpant \u2013 saj\u00e1t mag\u00e1hoz k\u00e9pest legal\u00e1bbis \u2013, most kor\u00e1bbi szt\u00e1rversenyz\u0151je, a Giro-gy\u0151ztes Tom Dumoulin pend\u00edtett meg egy \u00e9rdekes lehets\u00e9ges okot.","og_url":"https:\/\/www.welovecycling.com\/hu\/orszaguti-kerekpar\/a-tudomanyt-is-tulzasba-lehet-vinni-dumoulinnel-az-igazsag-a-visma-visszaesese-kapcsan\/","og_site_name":"\u0160koda We Love Cycling - Magyarorsz\u00e1g","article_publisher":"https:\/\/www.facebook.com\/WeLoveCyclingHungary\/","article_published_time":"2025-04-28T08:11:04+00:00","og_image":[{"width":1905,"height":1376,"url":"https:\/\/d2p6e6u75xmxt8.cloudfront.net\/12\/2025\/04\/09881913.webp","type":"image\/webp"}],"author":"hegyizs","twitter_card":"summary_large_image","twitter_misc":{"Written by":"WLC","Est. reading time":"5 minutes"},"schema":{"@context":"https:\/\/schema.org","@graph":[{"@type":"WebPage","@id":"https:\/\/www.welovecycling.com\/hu\/orszaguti-kerekpar\/a-tudomanyt-is-tulzasba-lehet-vinni-dumoulinnel-az-igazsag-a-visma-visszaesese-kapcsan\/","url":"https:\/\/www.welovecycling.com\/hu\/orszaguti-kerekpar\/a-tudomanyt-is-tulzasba-lehet-vinni-dumoulinnel-az-igazsag-a-visma-visszaesese-kapcsan\/","name":"\u201eA tudom\u00e1nyt is t\u00falz\u00e1sba lehet vinni\u201d \u2013 Dumoulinn\u00e9l az igazs\u00e1g a Visma visszaes\u00e9se kapcs\u00e1n?","isPartOf":{"@id":"https:\/\/www.welovecycling.com\/hu\/#website"},"primaryImageOfPage":{"@id":"https:\/\/www.welovecycling.com\/hu\/orszaguti-kerekpar\/a-tudomanyt-is-tulzasba-lehet-vinni-dumoulinnel-az-igazsag-a-visma-visszaesese-kapcsan\/#primaryimage"},"image":{"@id":"https:\/\/www.welovecycling.com\/hu\/orszaguti-kerekpar\/a-tudomanyt-is-tulzasba-lehet-vinni-dumoulinnel-az-igazsag-a-visma-visszaesese-kapcsan\/#primaryimage"},"thumbnailUrl":"https:\/\/d2p6e6u75xmxt8.cloudfront.net\/12\/2025\/04\/09881913.webp","datePublished":"2025-04-28T08:11:04+00:00","author":{"@id":"https:\/\/www.welovecycling.com\/hu\/#\/schema\/person\/414a2aebf1801691a5320edb6468e194"},"description":"Valter Attila az Amstel Gold Race-en id\u00e9n v\u00e9gre igaz\u00e1n \u00e9lvezett egy versenyt: \u0151 is, csapata is remek\u00fcl ment egy ijeszt\u0151 t\u00f6megbuk\u00e1s ellen\u00e9re. A holland szt\u00e1rist\u00e1ll\u00f3 azonban m\u00e1r egy ideje megtorpant \u2013 saj\u00e1t mag\u00e1hoz k\u00e9pest legal\u00e1bbis \u2013, most kor\u00e1bbi szt\u00e1rversenyz\u0151je, a Giro-gy\u0151ztes Tom Dumoulin pend\u00edtett meg egy \u00e9rdekes lehets\u00e9ges okot.","breadcrumb":{"@id":"https:\/\/www.welovecycling.com\/hu\/orszaguti-kerekpar\/a-tudomanyt-is-tulzasba-lehet-vinni-dumoulinnel-az-igazsag-a-visma-visszaesese-kapcsan\/#breadcrumb"},"inLanguage":"hu","potentialAction":[{"@type":"ReadAction","target":["https:\/\/www.welovecycling.com\/hu\/orszaguti-kerekpar\/a-tudomanyt-is-tulzasba-lehet-vinni-dumoulinnel-az-igazsag-a-visma-visszaesese-kapcsan\/"]}]},{"@type":"ImageObject","inLanguage":"hu","@id":"https:\/\/www.welovecycling.com\/hu\/orszaguti-kerekpar\/a-tudomanyt-is-tulzasba-lehet-vinni-dumoulinnel-az-igazsag-a-visma-visszaesese-kapcsan\/#primaryimage","url":"https:\/\/d2p6e6u75xmxt8.cloudfront.net\/12\/2025\/04\/09881913.webp","contentUrl":"https:\/\/d2p6e6u75xmxt8.cloudfront.net\/12\/2025\/04\/09881913.webp","width":1905,"height":1376},{"@type":"BreadcrumbList","@id":"https:\/\/www.welovecycling.com\/hu\/orszaguti-kerekpar\/a-tudomanyt-is-tulzasba-lehet-vinni-dumoulinnel-az-igazsag-a-visma-visszaesese-kapcsan\/#breadcrumb","itemListElement":[{"@type":"ListItem","position":1,"name":"Home","item":"https:\/\/www.welovecycling.com\/hu\/"},{"@type":"ListItem","position":2,"name":"\u201eA tudom\u00e1nyt is t\u00falz\u00e1sba lehet vinni\u201d \u2013 Dumoulinn\u00e9l az igazs\u00e1g a Visma visszaes\u00e9se kapcs\u00e1n?"}]},{"@type":"WebSite","@id":"https:\/\/www.welovecycling.com\/hu\/#website","url":"https:\/\/www.welovecycling.com\/hu\/","name":"\u0160koda We Love Cycling - Magyarorsz\u00e1g","description":"\u0160koda WeLoveCycling","potentialAction":[{"@type":"SearchAction","target":{"@type":"EntryPoint","urlTemplate":"https:\/\/www.welovecycling.com\/hu\/?s={search_term_string}"},"query-input":{"@type":"PropertyValueSpecification","valueRequired":true,"valueName":"search_term_string"}}],"inLanguage":"hu"},{"@type":"Person","@id":"https:\/\/www.welovecycling.com\/hu\/#\/schema\/person\/414a2aebf1801691a5320edb6468e194","name":"hegyizs","image":{"@type":"ImageObject","inLanguage":"hu","@id":"https:\/\/www.welovecycling.com\/hu\/#\/schema\/person\/image\/","url":"https:\/\/secure.gravatar.com\/avatar\/02cf8a7906b8cf90cecb4679defac7cfd33a1c2e3b88e4903d947f3bb58eedd3?s=96&d=mm&r=g","contentUrl":"https:\/\/secure.gravatar.com\/avatar\/02cf8a7906b8cf90cecb4679defac7cfd33a1c2e3b88e4903d947f3bb58eedd3?s=96&d=mm&r=g","caption":"hegyizs"},"url":"https:\/\/www.welovecycling.com\/hu\/author\/hegyizs\/"}]}},"_links":{"self":[{"href":"https:\/\/www.welovecycling.com\/hu\/wp-json\/wp\/v2\/posts\/19003","targetHints":{"allow":["GET"]}}],"collection":[{"href":"https:\/\/www.welovecycling.com\/hu\/wp-json\/wp\/v2\/posts"}],"about":[{"href":"https:\/\/www.welovecycling.com\/hu\/wp-json\/wp\/v2\/types\/post"}],"author":[{"embeddable":true,"href":"https:\/\/www.welovecycling.com\/hu\/wp-json\/wp\/v2\/users\/71"}],"replies":[{"embeddable":true,"href":"https:\/\/www.welovecycling.com\/hu\/wp-json\/wp\/v2\/comments?post=19003"}],"version-history":[{"count":1,"href":"https:\/\/www.welovecycling.com\/hu\/wp-json\/wp\/v2\/posts\/19003\/revisions"}],"predecessor-version":[{"id":19008,"href":"https:\/\/www.welovecycling.com\/hu\/wp-json\/wp\/v2\/posts\/19003\/revisions\/19008"}],"wp:featuredmedia":[{"embeddable":true,"href":"https:\/\/www.welovecycling.com\/hu\/wp-json\/wp\/v2\/media\/19007"}],"wp:attachment":[{"href":"https:\/\/www.welovecycling.com\/hu\/wp-json\/wp\/v2\/media?parent=19003"}],"wp:term":[{"taxonomy":"category","embeddable":true,"href":"https:\/\/www.welovecycling.com\/hu\/wp-json\/wp\/v2\/categories?post=19003"},{"taxonomy":"post_tag","embeddable":true,"href":"https:\/\/www.welovecycling.com\/hu\/wp-json\/wp\/v2\/tags?post=19003"},{"taxonomy":"global-categories","embeddable":true,"href":"https:\/\/www.welovecycling.com\/hu\/wp-json\/wp\/v2\/global-categories?post=19003"}],"curies":[{"name":"wp","href":"https:\/\/api.w.org\/{rel}","templated":true}]}}