{"id":18989,"date":"2025-04-17T13:15:03","date_gmt":"2025-04-17T11:15:03","guid":{"rendered":"https:\/\/www.welovecycling.com\/hu\/?p=18989"},"modified":"2025-04-21T13:15:42","modified_gmt":"2025-04-21T11:15:42","slug":"a-tarsak-is-befogadtak-a-versenyzes-is-jol-megy-dina-marton-helyere-kerult-a-buszke-baszk-csapatnal","status":"publish","type":"post","link":"https:\/\/www.welovecycling.com\/hu\/orszaguti-kerekpar\/a-tarsak-is-befogadtak-a-versenyzes-is-jol-megy-dina-marton-helyere-kerult-a-buszke-baszk-csapatnal\/","title":{"rendered":"A t\u00e1rsak is befogadt\u00e1k, a versenyz\u00e9s is j\u00f3l megy: Dina M\u00e1rton hely\u00e9re ker\u00fclt a b\u00fcszke baszk csapatn\u00e1l!"},"content":{"rendered":"<p><strong>Az egyik legjobb magyar orsz\u00e1g\u00fatis igyekszik megragadni karrierje tal\u00e1n legnagyszer\u0171bb \u00e9s egyben legv\u00e1ratlanabb lehet\u0151s\u00e9g\u00e9t: a neh\u00e9z Katal\u00e1n k\u00f6r\u00f6n betegs\u00e9ge ut\u00e1n m\u00e9g k\u00fczd\u00f6tt az elemekkel, a h\u00e9tv\u00e9gi Tour of Hainan-on viszont m\u00e1r hozott egy top 5-\u00f6s szakasz- \u00e9s egy \u00f6sszetett 12. helyez\u00e9st!<\/strong><!--more--><\/p>\n<p>Dina M\u00e1rton az idei \u00e9vt\u0151l a nagy hagyom\u00e1ny\u00fa Euskaltel-Euskadi ist\u00e1ll\u00f3ban teker, amelyr\u0151l azt kell tudni, hogy az er\u0151s nemzetis\u00e9gtudattal b\u00edr\u00f3 Baszkf\u00f6ld egyik b\u00fcszkes\u00e9ge, egy mark\u00e1nsan baszk identit\u00e1s\u00fa Pro-egy\u00fcttes \u2013 \u00e9ppen ez\u00e9rt m\u00e1r az is nagy sz\u00f3, hogy \u201el\u00e9gi\u00f3sk\u00e9nt\u201d egy magyar sr\u00e1cnak is megszavazt\u00e1k a bizalmat, r\u00e1ad\u00e1sul vez\u00e9rszerepben! (A 21-es keretben Marcin k\u00edv\u00fcl csup\u00e1n n\u00e9gy k\u00fclf\u00f6ldi van, mindenki m\u00e1s spanyol\/baszk versenyz\u0151, ennek megfelel\u0151en el\u00e9g komoly figyelem \u00f6vezi Spanyolorsz\u00e1g-szerte, a legnagyobb sportlapok, \u00edgy p\u00e9ld\u00e1ul <a href=\"https:\/\/www.marca.com\/ciclismo\/2025\/01\/22\/euskaltel-euskadi-arranca-temporada-2025-tres-clasicas-valencianas.html\">a Marca<\/a> vagy <a href=\"https:\/\/www.mundodeportivo.com\/ciclismo\/20250122\/1002392289\/euskaltel-euskadi-tres-clasicas-empezar-temporada-2025.html\">az El Mundo Deportivo is rendre besz\u00e1mol<\/a> az edz\u0151t\u00e1boraikr\u00f3l, eredm\u00e9nyeikr\u0151l, \u00e1tigazol\u00e1sokr\u00f3l.)<\/p>\n<figure id=\"attachment_18994\" aria-describedby=\"caption-attachment-18994\" style=\"width: 1024px\" class=\"wp-caption alignnone\"><img loading=\"lazy\" decoding=\"async\" class=\"size-large wp-image-18994\" src=\"https:\/\/d2p6e6u75xmxt8.cloudfront.net\/12\/2025\/04\/GjMC0E-XQAAOsNq-1024x682.webp\" alt=\"\" width=\"1024\" height=\"682\" srcset=\"https:\/\/d2p6e6u75xmxt8.cloudfront.net\/12\/2025\/04\/GjMC0E-XQAAOsNq-1024x682.webp 1024w, https:\/\/d2p6e6u75xmxt8.cloudfront.net\/12\/2025\/04\/GjMC0E-XQAAOsNq-300x200.webp 300w, https:\/\/d2p6e6u75xmxt8.cloudfront.net\/12\/2025\/04\/GjMC0E-XQAAOsNq-768x512.webp 768w, https:\/\/d2p6e6u75xmxt8.cloudfront.net\/12\/2025\/04\/GjMC0E-XQAAOsNq-1536x1024.webp 1536w, https:\/\/d2p6e6u75xmxt8.cloudfront.net\/12\/2025\/04\/GjMC0E-XQAAOsNq-1920x1280.webp 1920w, https:\/\/d2p6e6u75xmxt8.cloudfront.net\/12\/2025\/04\/GjMC0E-XQAAOsNq-400x267.webp 400w, https:\/\/d2p6e6u75xmxt8.cloudfront.net\/12\/2025\/04\/GjMC0E-XQAAOsNq-272x182.webp 272w, https:\/\/d2p6e6u75xmxt8.cloudfront.net\/12\/2025\/04\/GjMC0E-XQAAOsNq.webp 2000w, https:\/\/d2p6e6u75xmxt8.cloudfront.net\/12\/2025\/04\/GjMC0E-XQAAOsNq-1920x1280.webp 1920w\" sizes=\"auto, (max-width: 1024px) 100vw, 1024px\" \/><figcaption id=\"caption-attachment-18994\" class=\"wp-caption-text\">Dina M\u00e1rton \u00faj csapatt\u00e1rsai k\u00f6z\u00f6tt (fot\u00f3k: Euskaltel Euskadi)<\/figcaption><\/figure>\n<p>Err\u0151l egy\u00e9bk\u00e9nt a n\u00e9h\u00e1ny napja a 29. sz\u00fclet\u00e9snapj\u00e1t \u00fcnnepl\u0151 Dina M\u00e1rton azt mondta a Telexnek m\u00e9g tavaly \u00e9v v\u00e9g\u00e9n adott <a href=\"https:\/\/telex.hu\/sport\/2024\/12\/19\/interju-dina-marton-kerekparversenyzovel-atigazolas-euskaltel-euskadi\">nagyinterj\u00faj\u00e1ban<\/a>, hogy \u0151 maga sem gondolta volna, hogy az \u0151 karrierj\u00e9ben ez m\u00e9g neki \u00f6sszej\u00f6het, meg is hat\u00f3dott a spanyolok aj\u00e1nlat\u00e1n, \u00e9s az\u00e9rt dolgozik, hogy bizony\u00edthasson nekik, ha m\u00e1r ilyen sz\u00e9pen megadt\u00e1k neki a lehet\u0151s\u00e9get.<\/p>\n<p>Nos, \u00fagy t\u0171nik, ez lassan siker\u00fcl is. Marcinak m\u00e1r a m\u00e1rcius v\u00e9gi Katal\u00e1n k\u00f6r\u00f6n is volt egy \u00edg\u00e9retes, top 30 k\u00f6zeli (36.) helye, de a m\u00falt h\u00e9t v\u00e9g\u00e9n v\u00e9get \u00e9rt Tour of Hainanon (ez egy, a Tour de Hongrie-val azonos besorol\u00e1s\u00fa k\u00ednai viadal) a negyedik etapr\u00f3l hozott egy remek 5. helyet, az \u00f6sszetettben pedig a szint\u00e9n kiv\u00e1l\u00f3 12. helyen z\u00e1rt, a csapat m\u00e1sodik legjobbjak\u00e9nt. Az \u00f6t\u00f6dik hely \u00e9rt\u00e9k\u00e9t tov\u00e1bb n\u00f6veli, hogy egy alapvet\u0151en sprintszakaszon siker\u00fclt el\u00e9rnie Din\u00e1nak, aki nem sprinterprofil\u00fa versenyz\u0151, sokkal ink\u00e1bb hegyi \u00e9s \u00f6sszetett men\u0151. Ezek azt mutatj\u00e1k, a magyar versenyz\u0151 egyre jobban beleszokik az \u00faj k\u00f6zegbe, amit <a href=\"https:\/\/www.hkshirek.com\/post\/de-v%C3%A9g%C3%BClis-ez-sz%C3%A1momra-egy-j%C3%B3-eredm%C3%A9ny-egy-sprint-szakaszon-dina-m%C3%A1rton-tour-of-hainan-dina-m\">a hkshirek.com-nak adott interj\u00faj\u00e1ban<\/a> is meger\u0151s\u00edtett, egy\u00fattal \u00f6r\u00f6m\u00e9t kifejezve a j\u00f3l siker\u00fclt k\u00ednai verseny miatt: <em>\u201eA csapat szerintem el\u00e9gg\u00e9 befogadott. Tudtak \u00f6r\u00fclni az \u00f6t\u00f6dik helyemnek, gratul\u00e1ltak. Az, hogy \u00f6t\u00f6dik lettem, az nem olyan nagy sz\u00f3, de az, hogy \u00e9n lettem \u00f6t\u00f6dik, az eg\u00e9sz j\u00f3 egy sprinten, meg hogy akt\u00edv voltam. De egy top t\u00edznek mindig lehet \u00f6r\u00fclni!&#8221;<\/em><\/p>\n<figure id=\"attachment_18990\" aria-describedby=\"caption-attachment-18990\" style=\"width: 1024px\" class=\"wp-caption alignnone\"><img loading=\"lazy\" decoding=\"async\" class=\"size-large wp-image-18990\" src=\"https:\/\/d2p6e6u75xmxt8.cloudfront.net\/12\/2025\/04\/489953700_18497972968044239_3388046685551488411_n-min-1024x683.webp\" alt=\"\" width=\"1024\" height=\"683\" srcset=\"https:\/\/d2p6e6u75xmxt8.cloudfront.net\/12\/2025\/04\/489953700_18497972968044239_3388046685551488411_n-min-1024x683.webp 1024w, https:\/\/d2p6e6u75xmxt8.cloudfront.net\/12\/2025\/04\/489953700_18497972968044239_3388046685551488411_n-min-300x200.webp 300w, https:\/\/d2p6e6u75xmxt8.cloudfront.net\/12\/2025\/04\/489953700_18497972968044239_3388046685551488411_n-min-768x512.webp 768w, https:\/\/d2p6e6u75xmxt8.cloudfront.net\/12\/2025\/04\/489953700_18497972968044239_3388046685551488411_n-min-400x267.webp 400w, https:\/\/d2p6e6u75xmxt8.cloudfront.net\/12\/2025\/04\/489953700_18497972968044239_3388046685551488411_n-min-272x182.webp 272w, https:\/\/d2p6e6u75xmxt8.cloudfront.net\/12\/2025\/04\/489953700_18497972968044239_3388046685551488411_n-min.webp 1440w\" sizes=\"auto, (max-width: 1024px) 100vw, 1024px\" \/><figcaption id=\"caption-attachment-18990\" class=\"wp-caption-text\">Dina M\u00e1rton a mez\u0151ny el\u0151tt \u00e9rkezett meg K\u00edn\u00e1ban<\/figcaption><\/figure>\n<p>A 2019-es Tour de Hongrie \u00f6sszetett m\u00e1sodikja azt is elmondta, hogy a szezon elej\u00e9n egy makacs betegs\u00e9ggel k\u00fcszk\u00f6d\u00f6tt, ezut\u00e1n nagyon neh\u00e9z volt felvenni a ritmust a bivalyer\u0151s Katal\u00e1n k\u00f6rre, amihez k\u00e9pest a k\u00ednai verseny sokkal k\u00f6nnyebbnek t\u0171nt. \u00c1m a l\u00e9nyeg, hogy napr\u00f3l napra jobban \u00e9rzi mag\u00e1t \u00e9s egyre jobb form\u00e1ba lend\u00fcl. \u201e<em>A betegs\u00e9g ut\u00e1n a Katal\u00e1n k\u00f6r nagyon neh\u00e9z volt, ez a verseny meg ahhoz k\u00e9pest nagyon nem neh\u00e9z. Nyilv\u00e1n a hegyeken gyorsan megy\u00fcnk, meg sok a l\u00f3sz, de nincs olyan nagy temp\u00f3. Teh\u00e1t teljesen m\u00e1s a verseny ritmusa. Szerintem j\u00f3t tett a Katal\u00e1n k\u00f6r, j\u00f3t tett, hogy versenyzek, \u00e9s napr\u00f3l napra b\u00edzom benne, hogy jobb leszek csak!&#8221;<\/em><\/p>\n<p><img loading=\"lazy\" decoding=\"async\" class=\"alignnone size-large wp-image-18991\" src=\"https:\/\/d2p6e6u75xmxt8.cloudfront.net\/12\/2025\/04\/490504343_18497972917044239_696487188952574663_n-min-1024x683.webp\" alt=\"\" width=\"1024\" height=\"683\" srcset=\"https:\/\/d2p6e6u75xmxt8.cloudfront.net\/12\/2025\/04\/490504343_18497972917044239_696487188952574663_n-min-1024x683.webp 1024w, https:\/\/d2p6e6u75xmxt8.cloudfront.net\/12\/2025\/04\/490504343_18497972917044239_696487188952574663_n-min-300x200.webp 300w, https:\/\/d2p6e6u75xmxt8.cloudfront.net\/12\/2025\/04\/490504343_18497972917044239_696487188952574663_n-min-768x513.webp 768w, https:\/\/d2p6e6u75xmxt8.cloudfront.net\/12\/2025\/04\/490504343_18497972917044239_696487188952574663_n-min-400x267.webp 400w, https:\/\/d2p6e6u75xmxt8.cloudfront.net\/12\/2025\/04\/490504343_18497972917044239_696487188952574663_n-min-272x182.webp 272w, https:\/\/d2p6e6u75xmxt8.cloudfront.net\/12\/2025\/04\/490504343_18497972917044239_696487188952574663_n-min.webp 1281w\" sizes=\"auto, (max-width: 1024px) 100vw, 1024px\" \/><\/p>\n<p>Dina M\u00e1rtonnak \u00e9s az Euskaltelnek \u2013 amely \u00faj csapatbusz\u00e1val is \u00e1ltal\u00e1nos figyelmet \u00e9s der\u00fclts\u00e9get v\u00e1ltott ki, l\u00e1sd lent \u2013 legk\u00f6zelebb a szombati, franciaorsz\u00e1gi egynaposon, a Tour du Jur\u00e1n szurkolhatunk, de \u00e9rdemes a h\u00e9tv\u00e9g\u00e9n j\u00f3bar\u00e1tj\u00e1t, Valter Attil\u00e1t is figyelni, aki az \u00e9v egyik legnagyobb klasszikus\u00e1n, a hollandiai Amstel Race-en versenyez vas\u00e1rnap a Vism\u00e1val!<\/p>\n<p><img loading=\"lazy\" decoding=\"async\" class=\"alignnone size-large wp-image-18993\" src=\"https:\/\/d2p6e6u75xmxt8.cloudfront.net\/12\/2025\/04\/GoKt8p3XcAASo6Q-Large-min-1024x1024.webp\" alt=\"\" width=\"1024\" height=\"1024\" srcset=\"https:\/\/d2p6e6u75xmxt8.cloudfront.net\/12\/2025\/04\/GoKt8p3XcAASo6Q-Large-min-1024x1024.webp 1024w, https:\/\/d2p6e6u75xmxt8.cloudfront.net\/12\/2025\/04\/GoKt8p3XcAASo6Q-Large-min-300x300.webp 300w, https:\/\/d2p6e6u75xmxt8.cloudfront.net\/12\/2025\/04\/GoKt8p3XcAASo6Q-Large-min-150x150.webp 150w, https:\/\/d2p6e6u75xmxt8.cloudfront.net\/12\/2025\/04\/GoKt8p3XcAASo6Q-Large-min-768x768.webp 768w, https:\/\/d2p6e6u75xmxt8.cloudfront.net\/12\/2025\/04\/GoKt8p3XcAASo6Q-Large-min-400x400.webp 400w, https:\/\/d2p6e6u75xmxt8.cloudfront.net\/12\/2025\/04\/GoKt8p3XcAASo6Q-Large-min.webp 1280w\" sizes=\"auto, (max-width: 1024px) 100vw, 1024px\" \/><\/p>\n","protected":false},"excerpt":{"rendered":"<p>Az egyik legjobb magyar orsz\u00e1g\u00fatis igyekszik megragadni karrierje tal\u00e1n legnagyszer\u0171bb \u00e9s egyben legv\u00e1ratlanabb lehet\u0151s\u00e9g\u00e9t: a neh\u00e9z Katal\u00e1n k\u00f6r\u00f6n betegs\u00e9ge ut\u00e1n [&hellip;]<\/p>\n","protected":false},"author":71,"featured_media":18992,"comment_status":"open","ping_status":"open","sticky":false,"template":"","format":"standard","meta":{"footnotes":""},"categories":[8],"tags":[],"global-categories":[419],"class_list":["post-18989","post","type-post","status-publish","format-standard","has-post-thumbnail","hentry","category-orszaguti-kerekpar","global-categories-cycling"],"yoast_head":"<!-- This site is optimized with the Yoast SEO Premium plugin v25.3 (Yoast SEO v25.9) - https:\/\/yoast.com\/wordpress\/plugins\/seo\/ -->\n<title>A t\u00e1rsak is befogadt\u00e1k, a versenyz\u00e9s is j\u00f3l megy: Dina M\u00e1rton hely\u00e9re ker\u00fclt a b\u00fcszke baszk csapatn\u00e1l!<\/title>\n<meta name=\"description\" content=\"Az egyik legjobb magyar orsz\u00e1g\u00fatis igyekszik megragadni karrierje tal\u00e1n legnagyszer\u0171bb \u00e9s egyben legv\u00e1ratlanabb lehet\u0151s\u00e9g\u00e9t: a neh\u00e9z Katal\u00e1n k\u00f6r\u00f6n betegs\u00e9ge ut\u00e1n m\u00e9g k\u00fczd\u00f6tt az elemekkel, a h\u00e9tv\u00e9gi Tour of Hainan-on viszont m\u00e1r hozott egy top 5-\u00f6s szakasz- \u00e9s egy \u00f6sszetett 12. helyez\u00e9st!\" \/>\n<meta name=\"robots\" content=\"index, follow, max-snippet:-1, max-image-preview:large, max-video-preview:-1\" \/>\n<link rel=\"canonical\" href=\"https:\/\/www.welovecycling.com\/hu\/orszaguti-kerekpar\/a-tarsak-is-befogadtak-a-versenyzes-is-jol-megy-dina-marton-helyere-kerult-a-buszke-baszk-csapatnal\/\" \/>\n<meta property=\"og:locale\" content=\"hu_HU\" \/>\n<meta property=\"og:type\" content=\"article\" \/>\n<meta property=\"og:title\" content=\"A t\u00e1rsak is befogadt\u00e1k, a versenyz\u00e9s is j\u00f3l megy: Dina M\u00e1rton hely\u00e9re ker\u00fclt a b\u00fcszke baszk csapatn\u00e1l!\" \/>\n<meta property=\"og:description\" content=\"Az egyik legjobb magyar orsz\u00e1g\u00fatis igyekszik megragadni karrierje tal\u00e1n legnagyszer\u0171bb \u00e9s egyben legv\u00e1ratlanabb lehet\u0151s\u00e9g\u00e9t: a neh\u00e9z Katal\u00e1n k\u00f6r\u00f6n betegs\u00e9ge ut\u00e1n m\u00e9g k\u00fczd\u00f6tt az elemekkel, a h\u00e9tv\u00e9gi Tour of Hainan-on viszont m\u00e1r hozott egy top 5-\u00f6s szakasz- \u00e9s egy \u00f6sszetett 12. helyez\u00e9st!\" \/>\n<meta property=\"og:url\" content=\"https:\/\/www.welovecycling.com\/hu\/orszaguti-kerekpar\/a-tarsak-is-befogadtak-a-versenyzes-is-jol-megy-dina-marton-helyere-kerult-a-buszke-baszk-csapatnal\/\" \/>\n<meta property=\"og:site_name\" content=\"\u0160koda We Love Cycling - Magyarorsz\u00e1g\" \/>\n<meta property=\"article:publisher\" content=\"https:\/\/www.facebook.com\/WeLoveCyclingHungary\/\" \/>\n<meta property=\"article:published_time\" content=\"2025-04-17T11:15:03+00:00\" \/>\n<meta property=\"article:modified_time\" content=\"2025-04-21T11:15:42+00:00\" \/>\n<meta property=\"og:image\" content=\"https:\/\/d2p6e6u75xmxt8.cloudfront.net\/12\/2025\/04\/Gh5YgVXXQAAK-3J-Large-min.webp\" \/>\n\t<meta property=\"og:image:width\" content=\"1280\" \/>\n\t<meta property=\"og:image:height\" content=\"854\" \/>\n\t<meta property=\"og:image:type\" content=\"image\/webp\" \/>\n<meta name=\"author\" content=\"hegyizs\" \/>\n<meta name=\"twitter:card\" content=\"summary_large_image\" \/>\n<meta name=\"twitter:label1\" content=\"Written by\" \/>\n\t<meta name=\"twitter:data1\" content=\"WLC\" \/>\n\t<meta name=\"twitter:label2\" content=\"Est. reading time\" \/>\n\t<meta name=\"twitter:data2\" content=\"4 minutes\" \/>\n<script type=\"application\/ld+json\" class=\"yoast-schema-graph\">{\"@context\":\"https:\/\/schema.org\",\"@graph\":[{\"@type\":\"WebPage\",\"@id\":\"https:\/\/www.welovecycling.com\/hu\/orszaguti-kerekpar\/a-tarsak-is-befogadtak-a-versenyzes-is-jol-megy-dina-marton-helyere-kerult-a-buszke-baszk-csapatnal\/\",\"url\":\"https:\/\/www.welovecycling.com\/hu\/orszaguti-kerekpar\/a-tarsak-is-befogadtak-a-versenyzes-is-jol-megy-dina-marton-helyere-kerult-a-buszke-baszk-csapatnal\/\",\"name\":\"A t\u00e1rsak is befogadt\u00e1k, a versenyz\u00e9s is j\u00f3l megy: Dina M\u00e1rton hely\u00e9re ker\u00fclt a b\u00fcszke baszk csapatn\u00e1l!\",\"isPartOf\":{\"@id\":\"https:\/\/www.welovecycling.com\/hu\/#website\"},\"primaryImageOfPage\":{\"@id\":\"https:\/\/www.welovecycling.com\/hu\/orszaguti-kerekpar\/a-tarsak-is-befogadtak-a-versenyzes-is-jol-megy-dina-marton-helyere-kerult-a-buszke-baszk-csapatnal\/#primaryimage\"},\"image\":{\"@id\":\"https:\/\/www.welovecycling.com\/hu\/orszaguti-kerekpar\/a-tarsak-is-befogadtak-a-versenyzes-is-jol-megy-dina-marton-helyere-kerult-a-buszke-baszk-csapatnal\/#primaryimage\"},\"thumbnailUrl\":\"https:\/\/d2p6e6u75xmxt8.cloudfront.net\/12\/2025\/04\/Gh5YgVXXQAAK-3J-Large-min.webp\",\"datePublished\":\"2025-04-17T11:15:03+00:00\",\"dateModified\":\"2025-04-21T11:15:42+00:00\",\"author\":{\"@id\":\"https:\/\/www.welovecycling.com\/hu\/#\/schema\/person\/414a2aebf1801691a5320edb6468e194\"},\"description\":\"Az egyik legjobb magyar orsz\u00e1g\u00fatis igyekszik megragadni karrierje tal\u00e1n legnagyszer\u0171bb \u00e9s egyben legv\u00e1ratlanabb lehet\u0151s\u00e9g\u00e9t: a neh\u00e9z Katal\u00e1n k\u00f6r\u00f6n betegs\u00e9ge ut\u00e1n m\u00e9g k\u00fczd\u00f6tt az elemekkel, a h\u00e9tv\u00e9gi Tour of Hainan-on viszont m\u00e1r hozott egy top 5-\u00f6s szakasz- \u00e9s egy \u00f6sszetett 12. helyez\u00e9st!\",\"breadcrumb\":{\"@id\":\"https:\/\/www.welovecycling.com\/hu\/orszaguti-kerekpar\/a-tarsak-is-befogadtak-a-versenyzes-is-jol-megy-dina-marton-helyere-kerult-a-buszke-baszk-csapatnal\/#breadcrumb\"},\"inLanguage\":\"hu\",\"potentialAction\":[{\"@type\":\"ReadAction\",\"target\":[\"https:\/\/www.welovecycling.com\/hu\/orszaguti-kerekpar\/a-tarsak-is-befogadtak-a-versenyzes-is-jol-megy-dina-marton-helyere-kerult-a-buszke-baszk-csapatnal\/\"]}]},{\"@type\":\"ImageObject\",\"inLanguage\":\"hu\",\"@id\":\"https:\/\/www.welovecycling.com\/hu\/orszaguti-kerekpar\/a-tarsak-is-befogadtak-a-versenyzes-is-jol-megy-dina-marton-helyere-kerult-a-buszke-baszk-csapatnal\/#primaryimage\",\"url\":\"https:\/\/d2p6e6u75xmxt8.cloudfront.net\/12\/2025\/04\/Gh5YgVXXQAAK-3J-Large-min.webp\",\"contentUrl\":\"https:\/\/d2p6e6u75xmxt8.cloudfront.net\/12\/2025\/04\/Gh5YgVXXQAAK-3J-Large-min.webp\",\"width\":1280,\"height\":854},{\"@type\":\"BreadcrumbList\",\"@id\":\"https:\/\/www.welovecycling.com\/hu\/orszaguti-kerekpar\/a-tarsak-is-befogadtak-a-versenyzes-is-jol-megy-dina-marton-helyere-kerult-a-buszke-baszk-csapatnal\/#breadcrumb\",\"itemListElement\":[{\"@type\":\"ListItem\",\"position\":1,\"name\":\"Home\",\"item\":\"https:\/\/www.welovecycling.com\/hu\/\"},{\"@type\":\"ListItem\",\"position\":2,\"name\":\"A t\u00e1rsak is befogadt\u00e1k, a versenyz\u00e9s is j\u00f3l megy: Dina M\u00e1rton hely\u00e9re ker\u00fclt a b\u00fcszke baszk csapatn\u00e1l!\"}]},{\"@type\":\"WebSite\",\"@id\":\"https:\/\/www.welovecycling.com\/hu\/#website\",\"url\":\"https:\/\/www.welovecycling.com\/hu\/\",\"name\":\"\u0160koda We Love Cycling - Magyarorsz\u00e1g\",\"description\":\"\u0160koda WeLoveCycling\",\"potentialAction\":[{\"@type\":\"SearchAction\",\"target\":{\"@type\":\"EntryPoint\",\"urlTemplate\":\"https:\/\/www.welovecycling.com\/hu\/?s={search_term_string}\"},\"query-input\":{\"@type\":\"PropertyValueSpecification\",\"valueRequired\":true,\"valueName\":\"search_term_string\"}}],\"inLanguage\":\"hu\"},{\"@type\":\"Person\",\"@id\":\"https:\/\/www.welovecycling.com\/hu\/#\/schema\/person\/414a2aebf1801691a5320edb6468e194\",\"name\":\"hegyizs\",\"image\":{\"@type\":\"ImageObject\",\"inLanguage\":\"hu\",\"@id\":\"https:\/\/www.welovecycling.com\/hu\/#\/schema\/person\/image\/\",\"url\":\"https:\/\/secure.gravatar.com\/avatar\/02cf8a7906b8cf90cecb4679defac7cfd33a1c2e3b88e4903d947f3bb58eedd3?s=96&d=mm&r=g\",\"contentUrl\":\"https:\/\/secure.gravatar.com\/avatar\/02cf8a7906b8cf90cecb4679defac7cfd33a1c2e3b88e4903d947f3bb58eedd3?s=96&d=mm&r=g\",\"caption\":\"hegyizs\"},\"url\":\"https:\/\/www.welovecycling.com\/hu\/author\/hegyizs\/\"}]}<\/script>\n<!-- \/ Yoast SEO Premium plugin. -->","yoast_head_json":{"title":"A t\u00e1rsak is befogadt\u00e1k, a versenyz\u00e9s is j\u00f3l megy: Dina M\u00e1rton hely\u00e9re ker\u00fclt a b\u00fcszke baszk csapatn\u00e1l!","description":"Az egyik legjobb magyar orsz\u00e1g\u00fatis igyekszik megragadni karrierje tal\u00e1n legnagyszer\u0171bb \u00e9s egyben legv\u00e1ratlanabb lehet\u0151s\u00e9g\u00e9t: a neh\u00e9z Katal\u00e1n k\u00f6r\u00f6n betegs\u00e9ge ut\u00e1n m\u00e9g k\u00fczd\u00f6tt az elemekkel, a h\u00e9tv\u00e9gi Tour of Hainan-on viszont m\u00e1r hozott egy top 5-\u00f6s szakasz- \u00e9s egy \u00f6sszetett 12. helyez\u00e9st!","robots":{"index":"index","follow":"follow","max-snippet":"max-snippet:-1","max-image-preview":"max-image-preview:large","max-video-preview":"max-video-preview:-1"},"canonical":"https:\/\/www.welovecycling.com\/hu\/orszaguti-kerekpar\/a-tarsak-is-befogadtak-a-versenyzes-is-jol-megy-dina-marton-helyere-kerult-a-buszke-baszk-csapatnal\/","og_locale":"hu_HU","og_type":"article","og_title":"A t\u00e1rsak is befogadt\u00e1k, a versenyz\u00e9s is j\u00f3l megy: Dina M\u00e1rton hely\u00e9re ker\u00fclt a b\u00fcszke baszk csapatn\u00e1l!","og_description":"Az egyik legjobb magyar orsz\u00e1g\u00fatis igyekszik megragadni karrierje tal\u00e1n legnagyszer\u0171bb \u00e9s egyben legv\u00e1ratlanabb lehet\u0151s\u00e9g\u00e9t: a neh\u00e9z Katal\u00e1n k\u00f6r\u00f6n betegs\u00e9ge ut\u00e1n m\u00e9g k\u00fczd\u00f6tt az elemekkel, a h\u00e9tv\u00e9gi Tour of Hainan-on viszont m\u00e1r hozott egy top 5-\u00f6s szakasz- \u00e9s egy \u00f6sszetett 12. helyez\u00e9st!","og_url":"https:\/\/www.welovecycling.com\/hu\/orszaguti-kerekpar\/a-tarsak-is-befogadtak-a-versenyzes-is-jol-megy-dina-marton-helyere-kerult-a-buszke-baszk-csapatnal\/","og_site_name":"\u0160koda We Love Cycling - Magyarorsz\u00e1g","article_publisher":"https:\/\/www.facebook.com\/WeLoveCyclingHungary\/","article_published_time":"2025-04-17T11:15:03+00:00","article_modified_time":"2025-04-21T11:15:42+00:00","og_image":[{"width":1280,"height":854,"url":"https:\/\/d2p6e6u75xmxt8.cloudfront.net\/12\/2025\/04\/Gh5YgVXXQAAK-3J-Large-min.webp","type":"image\/webp"}],"author":"hegyizs","twitter_card":"summary_large_image","twitter_misc":{"Written by":"WLC","Est. reading time":"4 minutes"},"schema":{"@context":"https:\/\/schema.org","@graph":[{"@type":"WebPage","@id":"https:\/\/www.welovecycling.com\/hu\/orszaguti-kerekpar\/a-tarsak-is-befogadtak-a-versenyzes-is-jol-megy-dina-marton-helyere-kerult-a-buszke-baszk-csapatnal\/","url":"https:\/\/www.welovecycling.com\/hu\/orszaguti-kerekpar\/a-tarsak-is-befogadtak-a-versenyzes-is-jol-megy-dina-marton-helyere-kerult-a-buszke-baszk-csapatnal\/","name":"A t\u00e1rsak is befogadt\u00e1k, a versenyz\u00e9s is j\u00f3l megy: Dina M\u00e1rton hely\u00e9re ker\u00fclt a b\u00fcszke baszk csapatn\u00e1l!","isPartOf":{"@id":"https:\/\/www.welovecycling.com\/hu\/#website"},"primaryImageOfPage":{"@id":"https:\/\/www.welovecycling.com\/hu\/orszaguti-kerekpar\/a-tarsak-is-befogadtak-a-versenyzes-is-jol-megy-dina-marton-helyere-kerult-a-buszke-baszk-csapatnal\/#primaryimage"},"image":{"@id":"https:\/\/www.welovecycling.com\/hu\/orszaguti-kerekpar\/a-tarsak-is-befogadtak-a-versenyzes-is-jol-megy-dina-marton-helyere-kerult-a-buszke-baszk-csapatnal\/#primaryimage"},"thumbnailUrl":"https:\/\/d2p6e6u75xmxt8.cloudfront.net\/12\/2025\/04\/Gh5YgVXXQAAK-3J-Large-min.webp","datePublished":"2025-04-17T11:15:03+00:00","dateModified":"2025-04-21T11:15:42+00:00","author":{"@id":"https:\/\/www.welovecycling.com\/hu\/#\/schema\/person\/414a2aebf1801691a5320edb6468e194"},"description":"Az egyik legjobb magyar orsz\u00e1g\u00fatis igyekszik megragadni karrierje tal\u00e1n legnagyszer\u0171bb \u00e9s egyben legv\u00e1ratlanabb lehet\u0151s\u00e9g\u00e9t: a neh\u00e9z Katal\u00e1n k\u00f6r\u00f6n betegs\u00e9ge ut\u00e1n m\u00e9g k\u00fczd\u00f6tt az elemekkel, a h\u00e9tv\u00e9gi Tour of Hainan-on viszont m\u00e1r hozott egy top 5-\u00f6s szakasz- \u00e9s egy \u00f6sszetett 12. helyez\u00e9st!","breadcrumb":{"@id":"https:\/\/www.welovecycling.com\/hu\/orszaguti-kerekpar\/a-tarsak-is-befogadtak-a-versenyzes-is-jol-megy-dina-marton-helyere-kerult-a-buszke-baszk-csapatnal\/#breadcrumb"},"inLanguage":"hu","potentialAction":[{"@type":"ReadAction","target":["https:\/\/www.welovecycling.com\/hu\/orszaguti-kerekpar\/a-tarsak-is-befogadtak-a-versenyzes-is-jol-megy-dina-marton-helyere-kerult-a-buszke-baszk-csapatnal\/"]}]},{"@type":"ImageObject","inLanguage":"hu","@id":"https:\/\/www.welovecycling.com\/hu\/orszaguti-kerekpar\/a-tarsak-is-befogadtak-a-versenyzes-is-jol-megy-dina-marton-helyere-kerult-a-buszke-baszk-csapatnal\/#primaryimage","url":"https:\/\/d2p6e6u75xmxt8.cloudfront.net\/12\/2025\/04\/Gh5YgVXXQAAK-3J-Large-min.webp","contentUrl":"https:\/\/d2p6e6u75xmxt8.cloudfront.net\/12\/2025\/04\/Gh5YgVXXQAAK-3J-Large-min.webp","width":1280,"height":854},{"@type":"BreadcrumbList","@id":"https:\/\/www.welovecycling.com\/hu\/orszaguti-kerekpar\/a-tarsak-is-befogadtak-a-versenyzes-is-jol-megy-dina-marton-helyere-kerult-a-buszke-baszk-csapatnal\/#breadcrumb","itemListElement":[{"@type":"ListItem","position":1,"name":"Home","item":"https:\/\/www.welovecycling.com\/hu\/"},{"@type":"ListItem","position":2,"name":"A t\u00e1rsak is befogadt\u00e1k, a versenyz\u00e9s is j\u00f3l megy: Dina M\u00e1rton hely\u00e9re ker\u00fclt a b\u00fcszke baszk csapatn\u00e1l!"}]},{"@type":"WebSite","@id":"https:\/\/www.welovecycling.com\/hu\/#website","url":"https:\/\/www.welovecycling.com\/hu\/","name":"\u0160koda We Love Cycling - Magyarorsz\u00e1g","description":"\u0160koda WeLoveCycling","potentialAction":[{"@type":"SearchAction","target":{"@type":"EntryPoint","urlTemplate":"https:\/\/www.welovecycling.com\/hu\/?s={search_term_string}"},"query-input":{"@type":"PropertyValueSpecification","valueRequired":true,"valueName":"search_term_string"}}],"inLanguage":"hu"},{"@type":"Person","@id":"https:\/\/www.welovecycling.com\/hu\/#\/schema\/person\/414a2aebf1801691a5320edb6468e194","name":"hegyizs","image":{"@type":"ImageObject","inLanguage":"hu","@id":"https:\/\/www.welovecycling.com\/hu\/#\/schema\/person\/image\/","url":"https:\/\/secure.gravatar.com\/avatar\/02cf8a7906b8cf90cecb4679defac7cfd33a1c2e3b88e4903d947f3bb58eedd3?s=96&d=mm&r=g","contentUrl":"https:\/\/secure.gravatar.com\/avatar\/02cf8a7906b8cf90cecb4679defac7cfd33a1c2e3b88e4903d947f3bb58eedd3?s=96&d=mm&r=g","caption":"hegyizs"},"url":"https:\/\/www.welovecycling.com\/hu\/author\/hegyizs\/"}]}},"_links":{"self":[{"href":"https:\/\/www.welovecycling.com\/hu\/wp-json\/wp\/v2\/posts\/18989","targetHints":{"allow":["GET"]}}],"collection":[{"href":"https:\/\/www.welovecycling.com\/hu\/wp-json\/wp\/v2\/posts"}],"about":[{"href":"https:\/\/www.welovecycling.com\/hu\/wp-json\/wp\/v2\/types\/post"}],"author":[{"embeddable":true,"href":"https:\/\/www.welovecycling.com\/hu\/wp-json\/wp\/v2\/users\/71"}],"replies":[{"embeddable":true,"href":"https:\/\/www.welovecycling.com\/hu\/wp-json\/wp\/v2\/comments?post=18989"}],"version-history":[{"count":1,"href":"https:\/\/www.welovecycling.com\/hu\/wp-json\/wp\/v2\/posts\/18989\/revisions"}],"predecessor-version":[{"id":18995,"href":"https:\/\/www.welovecycling.com\/hu\/wp-json\/wp\/v2\/posts\/18989\/revisions\/18995"}],"wp:featuredmedia":[{"embeddable":true,"href":"https:\/\/www.welovecycling.com\/hu\/wp-json\/wp\/v2\/media\/18992"}],"wp:attachment":[{"href":"https:\/\/www.welovecycling.com\/hu\/wp-json\/wp\/v2\/media?parent=18989"}],"wp:term":[{"taxonomy":"category","embeddable":true,"href":"https:\/\/www.welovecycling.com\/hu\/wp-json\/wp\/v2\/categories?post=18989"},{"taxonomy":"post_tag","embeddable":true,"href":"https:\/\/www.welovecycling.com\/hu\/wp-json\/wp\/v2\/tags?post=18989"},{"taxonomy":"global-categories","embeddable":true,"href":"https:\/\/www.welovecycling.com\/hu\/wp-json\/wp\/v2\/global-categories?post=18989"}],"curies":[{"name":"wp","href":"https:\/\/api.w.org\/{rel}","templated":true}]}}