{"id":18975,"date":"2025-04-09T08:00:46","date_gmt":"2025-04-09T06:00:46","guid":{"rendered":"https:\/\/www.welovecycling.com\/hu\/?p=18975"},"modified":"2025-04-01T16:14:12","modified_gmt":"2025-04-01T14:14:12","slug":"a-ferfi-aki-legyozte-merckxet-megis-veszitett-luis-ocana-megrazo-tortenete","status":"publish","type":"post","link":"https:\/\/www.welovecycling.com\/hu\/uncategorized\/a-ferfi-aki-legyozte-merckxet-megis-veszitett-luis-ocana-megrazo-tortenete\/","title":{"rendered":"A f\u00e9rfi, aki legy\u0151zte Merckxet, m\u00e9gis vesz\u00edtett: Luis Oca\u00f1a megr\u00e1z\u00f3 t\u00f6rt\u00e9nete"},"content":{"rendered":"<p><strong>Vannak nevek, amelyek \u00f6r\u00f6kk\u00e9 arany bet\u0171kkel lesznek bev\u00e9sve a ker\u00e9kp\u00e1rsport nagysz\u00ednpad\u00e1ra. Coppi, Hinault, Indurain \u2013 csak, hogy n\u00e9h\u00e1ny legend\u00e1s versenyz\u0151t eml\u00edts\u00fcnk, akik m\u00e9g ma is l\u00e1zba hozz\u00e1k a rajong\u00f3kat. M\u00e9gis, a leggyakrabban emlegetett n\u00e9v k\u00e9ts\u00e9gtelen\u00fcl Eddy Merckx, a Kannib\u00e1l.<\/strong><\/p>\n<p><!--more--><\/p>\n<p>Azonban volt valaki, aki nemcsak versenybe sz\u00e1llt a legjobbal, hanem t\u00e9rdre is k\u00e9nyszer\u00edtette \u0151t. Ez Luis Oca\u00f1a t\u00f6rt\u00e9nete \u2013 a spanyol hegyimen\u0151\u00e9, aki olyat tett, amit sokan lehetetlennek tartottak: megt\u00f6rte Merckxet. Nem egyszer\u0171en legy\u0151zte \u2013 els\u00f6p\u00f6rte. M\u00e9gis, a t\u00f6rt\u00e9nelem Merckx nev\u00e9t \u0151rzi, m\u00edg Oca\u00f1a csup\u00e1n egy l\u00e1bjegyzet maradt. Egy f\u00e9rfi, akinek minden adotts\u00e1ga megvolt a nagys\u00e1ghoz, de sorsa a legkegyetlenebb m\u00f3don fosztotta meg att\u00f3l.<\/p>\n<h2><strong>Egy rivaliz\u00e1l\u00e1s el\u0151szele: Oca\u00f1a \u00e9s Merckx<\/strong><\/h2>\n<p>Luis Oca\u00f1a nem volt egyszer\u0171 kih\u00edv\u00f3 \u2013 \u0151 maga volt a megtestes\u00fclt vads\u00e1g \u00e9s kisz\u00e1m\u00edthatatlans\u00e1g. Spanyolorsz\u00e1gban sz\u00fcletett, de Franciaorsz\u00e1gban n\u0151tt fel, \u00edgy a spanyol hegyi kecske ereje \u00e9s az eur\u00f3pai taktikai \u00e9rz\u00e9k egyar\u00e1nt jellemezte. 1971-re m\u00e1r ismert n\u00e9v volt a profi mez\u0151nyben: els\u0151 \u00e9v\u00e9ben spanyol bajnok lett, 1969-ben a Vuelta prol\u00f3gj\u00e1t, k\u00e9t id\u0151futam\u00e1t \u00e9s a hegyi \u00f6sszetettet is megnyerte, \u00f6sszetettben pedig m\u00e1sodik lett. Egy \u00e9vre r\u00e1 m\u00e1r Grand Tour-gy\u0151ztesk\u00e9nt \u00fcnnepelt\u00e9k.<\/p>\n<p>Ek\u00f6zben Eddy Merckx m\u00e1r uralta a mez\u0151nyt \u2013 1969-ben \u00e9s 1970-ben is Tour de France-gy\u0151ztes lett, \u00e9s val\u00f3s\u00e1ggal verhetetlennek t\u0171nt. Aki vele \u00e1llt rajthoz, az a m\u00e1sodik hely\u00e9rt k\u00fczd\u00f6tt. Kiv\u00e9ve Oca\u00f1\u00e1t \u2013 \u0151 m\u00e1sk\u00e9nt gondolkodott.<\/p>\n<h2><strong>Az 1971-es Tour de France<\/strong><\/h2>\n<p>A verseny \u00fagy indult, mint Merckx \u00fajabb gy\u0151zelmi menete. A s\u00edk szakaszokon domin\u00e1lt, Oca\u00f1a pedig t\u00fcrelmesen v\u00e1rt. A 8. szakasz hegyi befut\u00f3j\u00e1n azonban robbantott: 5 km-rel a c\u00e9l el\u0151tt t\u00e1madott, \u00e9s b\u00e1r Merckx faragott a h\u00e1tr\u00e1ny\u00e1b\u00f3l, Oca\u00f1a felj\u00f6tt a 3. helyre. De az igazi nagy dob\u00e1s csak ezut\u00e1n j\u00f6tt.<\/p>\n<figure id=\"attachment_18976\" aria-describedby=\"caption-attachment-18976\" style=\"width: 1250px\" class=\"wp-caption alignnone\"><a href=\"https:\/\/d2p6e6u75xmxt8.cloudfront.net\/12\/2025\/04\/profimedia-0330144409.webp\"><img loading=\"lazy\" decoding=\"async\" class=\"wp-image-18976 size-full\" src=\"https:\/\/d2p6e6u75xmxt8.cloudfront.net\/12\/2025\/04\/profimedia-0330144409.webp\" alt=\"Luis Ocana\" width=\"1250\" height=\"841\" srcset=\"https:\/\/d2p6e6u75xmxt8.cloudfront.net\/12\/2025\/04\/profimedia-0330144409.webp 1250w, https:\/\/d2p6e6u75xmxt8.cloudfront.net\/12\/2025\/04\/profimedia-0330144409-300x202.webp 300w, https:\/\/d2p6e6u75xmxt8.cloudfront.net\/12\/2025\/04\/profimedia-0330144409-1024x689.webp 1024w, https:\/\/d2p6e6u75xmxt8.cloudfront.net\/12\/2025\/04\/profimedia-0330144409-768x517.webp 768w, https:\/\/d2p6e6u75xmxt8.cloudfront.net\/12\/2025\/04\/profimedia-0330144409-400x269.webp 400w, https:\/\/d2p6e6u75xmxt8.cloudfront.net\/12\/2025\/04\/profimedia-0330144409-272x182.webp 272w\" sizes=\"auto, (max-width: 1250px) 100vw, 1250px\" \/><\/a><figcaption id=\"caption-attachment-18976\" class=\"wp-caption-text\">Luis Oca\u00f1a feles\u00e9ge, illetve Herman Van Springel \u00e9s Bernard Th\u00e9venet oldal\u00e1n k\u00f6sz\u00f6nti a k\u00f6z\u00f6ns\u00e9get P\u00e1rizsban, 1973. j\u00falius 22-\u00e9n, miut\u00e1n megnyerte a Tour de France-t. \u00a9 Profimedia<\/figcaption><\/figure>\n<p>A 11. szakaszon, Grenoble \u00e9s Orci\u00e8res-Merlette k\u00f6z\u00f6tt, Oca\u00f1a t\u00f6rt\u00e9nelmet \u00edrt. A brut\u00e1lis, 4000 m\u00e9teres szintemelked\u00e9ssel tark\u00edtott p\u00e1ly\u00e1n Merckx szenvedett, m\u00edg Oca\u00f1a sz\u00e1rnyalt. V\u00e9g\u00fcl 8 perc 42 m\u00e1sodperccel verte meg a belg\u00e1t \u2013 ez Merckx karrierj\u00e9nek egyik legnagyobb veres\u00e9ge volt. Aznap 61 versenyz\u0151 nem \u00e9rt c\u00e9lba szintid\u0151n bel\u00fcl, a szervez\u0151k h\u00e1rom kiv\u00e9tel\u00e9vel mindenkinek megengedt\u00e9k, hogy folytassa a versenyt.<\/p>\n<p>Oca\u00f1a nemcsak legy\u0151zte Merckxet \u00e9s a t\u00f6bbi legend\u00e1t (mint amilyen Van Impe vagy Zoetemelk) \u2013 egyed\u00fcl darabokra szedte az eg\u00e9sz Tour-t. De a sors k\u00f6zbesz\u00f3lt.<\/p>\n<h2><strong>Majdnem bajnok<\/strong><\/h2>\n<p>A Col de Ment\u00e9 lejtmenet\u00e9n, a 14. szakaszon az \u00f6z\u00f6nv\u00edzszer\u0171 es\u0151 vesz\u00e9lyess\u00e9 tette az utat. Oca\u00f1a defektet kapott, de nem \u00e1llt meg \u2013 Merckx t\u00e1madott. Egy kanyarban mindketten elestek. Merckx gyorsan felkelt, de Oca\u00f1\u00e1ba belerohantak a m\u00f6g\u00f6tte \u00e9rkez\u0151k. B\u00e1r fel akart \u00e1llni, egy m\u00e1sodik \u00fctk\u00f6z\u00e9s v\u00e9gzetesnek bizonyult \u2013 eszm\u00e9let\u00e9t vesztette, \u00e9s ment\u0151helikopterrel vitt\u00e9k k\u00f3rh\u00e1zba.<\/p>\n<p>M\u00e1snap m\u00e9g ker\u00e9kp\u00e1rra sem tudott fel\u00fclni, m\u00edg Merckx folytatta a versenyt, \u00e9s elnyerte harmadik Tour-gy\u0151zelm\u00e9t. Oca\u00f1a legy\u0151zte Merckxet \u2013 de a Tour legy\u0151zte \u0151t.<\/p>\n<h2><strong>Egy \u00fajabb pr\u00f3b\u00e1lkoz\u00e1s<\/strong><\/h2>\n<p>1972-ben visszat\u00e9rt, hogy revansot vegyen. De a sors most sem volt kegyes. Az els\u0151 hegyi szakaszon Oca\u00f1a defektet kapott \u00e9s bukott \u2013 Merckx pedig megl\u00e9pett, \u00e9s 1 perc 49 m\u00e1sodperc el\u0151nyt szerzett. Ezut\u00e1n Merckx Oca\u00f1\u00e1ra tapadt, tudva, hogy csak \u0151 jelent sz\u00e1m\u00e1ra vesz\u00e9lyt.<\/p>\n<p>A 14. szakasz ut\u00e1n der\u00fclt ki, hogy Oca\u00f1a t\u00fcd\u0151gyullad\u00e1ssal versenyez \u2013 a 7. szakaszbeli buk\u00e1s k\u00f6vetkezm\u00e9nyek\u00e9nt. M\u00e9g \u00edgy is pr\u00f3b\u00e1lt k\u00fczdeni, de v\u00e9g\u00fcl fel kellett adnia a versenyt.<\/p>\n<h2><strong>V\u00e9gre a cs\u00facson\u2026 Merckx n\u00e9lk\u00fcl<\/strong><\/h2>\n<p>1973-ban v\u00e9g\u00fcl megnyerte a Tour-t \u2013 15 perc el\u0151nnyel. Merckx azonban ebben az \u00e9vben nem indult, ink\u00e1bb a Vuelt\u00e1ra \u00e9s a Gir\u00f3ra koncentr\u00e1lt. Oca\u00f1a gy\u0151z\u00f6tt \u2013 de az \u00e1rny\u00e9k ott maradt. Nem Merckxet gy\u0151zte le.<\/p>\n<h2><strong>Amikor a test feladja, az elme is k\u00f6veti<\/strong><\/h2>\n<p>1973 ut\u00e1n Oca\u00f1a teste elkezdett sz\u00e9thullani \u2013 s\u00e9r\u00fcl\u00e9sek, visszaes\u00e9sek, ki\u00fajul\u00f3 f\u00e1jdalmak nehez\u00edtett\u00e9k a versenyz\u00e9st. 1977-ben visszavonult. A tehets\u00e9ge megvolt, de a sors nem volt hozz\u00e1 kegyes.<\/p>\n<p>A visszavonul\u00e1s ut\u00e1n sem tal\u00e1lt b\u00e9k\u00e9t: p\u00e9nz\u00fcgyi gondok, betegs\u00e9gek, depresszi\u00f3 gy\u00f6t\u00f6rte. Pr\u00f3b\u00e1lkozott bor\u00e1szattal \u00e9s csapatvezet\u00e9ssel is, de semmi nem t\u00f6lt\u00f6tte be a ker\u00e9kp\u00e1roz\u00e1s hagyta \u0171rt. 1994-ben, 48 \u00e9vesen, \u00f6nkez\u00e9vel vetett v\u00e9get \u00e9let\u00e9nek.<\/p>\n<h2><strong>A legenda, aki lehetett volna<\/strong><\/h2>\n<p>Merckx neve m\u00e1ra egyet jelent a ker\u00e9kp\u00e1roz\u00e1ssal. Oca\u00f1a pedig? Egy f\u00e9rfi, aki k\u00e9pes volt legy\u0151zni a legjobbat. Aki megmutatta, hogy Merckx is sebezhet\u0151. De v\u00e9g\u00fcl m\u00e9gsem lett bel\u0151le legenda.<\/p>\n<p>Luis Oca\u00f1a sokkal t\u00f6bb volt, mint l\u00e1bjegyzet. Egy harcos, aki sosem adta fel. Egy eml\u00e9keztet\u0151 arra, hogy a ker\u00e9kp\u00e1roz\u00e1s \u2013 ak\u00e1rcsak az \u00e9let \u2013 n\u00e9ha kegyetlen\u00fcl igazs\u00e1gtalan.<\/p>\n","protected":false},"excerpt":{"rendered":"<p>Vannak nevek, amelyek \u00f6r\u00f6kk\u00e9 arany bet\u0171kkel lesznek bev\u00e9sve a ker\u00e9kp\u00e1rsport nagysz\u00ednpad\u00e1ra. Coppi, Hinault, Indurain \u2013 csak, hogy n\u00e9h\u00e1ny legend\u00e1s versenyz\u0151t [&hellip;]<\/p>\n","protected":false},"author":71,"featured_media":18978,"comment_status":"open","ping_status":"open","sticky":false,"template":"","format":"standard","meta":{"footnotes":""},"categories":[8,1],"tags":[],"global-categories":[],"class_list":["post-18975","post","type-post","status-publish","format-standard","has-post-thumbnail","hentry","category-orszaguti-kerekpar","category-uncategorized"],"yoast_head":"<!-- This site is optimized with the Yoast SEO Premium plugin v25.3 (Yoast SEO v25.9) - https:\/\/yoast.com\/wordpress\/plugins\/seo\/ -->\n<title>A f\u00e9rfi, aki legy\u0151zte Merckxet, m\u00e9gis vesz\u00edtett: Luis Oca\u00f1a megr\u00e1z\u00f3 t\u00f6rt\u00e9nete<\/title>\n<meta name=\"description\" content=\"Vannak nevek, amelyek \u00f6r\u00f6kk\u00e9 arany bet\u0171kkel lesznek bev\u00e9sve a ker\u00e9kp\u00e1rsport nagysz\u00ednpad\u00e1ra. Coppi, Hinault, Indurain \u2013 csak, hogy n\u00e9h\u00e1ny legend\u00e1s versenyz\u0151t eml\u00edts\u00fcnk, akik m\u00e9g ma is l\u00e1zba hozz\u00e1k a rajong\u00f3kat. M\u00e9gis, a leggyakrabban emlegetett n\u00e9v k\u00e9ts\u00e9gtelen\u00fcl Eddy Merckx, a Kannib\u00e1l.\" \/>\n<meta name=\"robots\" content=\"index, follow, max-snippet:-1, max-image-preview:large, max-video-preview:-1\" \/>\n<link rel=\"canonical\" href=\"https:\/\/www.welovecycling.com\/hu\/uncategorized\/a-ferfi-aki-legyozte-merckxet-megis-veszitett-luis-ocana-megrazo-tortenete\/\" \/>\n<meta property=\"og:locale\" content=\"hu_HU\" \/>\n<meta property=\"og:type\" content=\"article\" \/>\n<meta property=\"og:title\" content=\"A f\u00e9rfi, aki legy\u0151zte Merckxet, m\u00e9gis vesz\u00edtett: Luis Oca\u00f1a megr\u00e1z\u00f3 t\u00f6rt\u00e9nete\" \/>\n<meta property=\"og:description\" content=\"Vannak nevek, amelyek \u00f6r\u00f6kk\u00e9 arany bet\u0171kkel lesznek bev\u00e9sve a ker\u00e9kp\u00e1rsport nagysz\u00ednpad\u00e1ra. Coppi, Hinault, Indurain \u2013 csak, hogy n\u00e9h\u00e1ny legend\u00e1s versenyz\u0151t eml\u00edts\u00fcnk, akik m\u00e9g ma is l\u00e1zba hozz\u00e1k a rajong\u00f3kat. M\u00e9gis, a leggyakrabban emlegetett n\u00e9v k\u00e9ts\u00e9gtelen\u00fcl Eddy Merckx, a Kannib\u00e1l.\" \/>\n<meta property=\"og:url\" content=\"https:\/\/www.welovecycling.com\/hu\/uncategorized\/a-ferfi-aki-legyozte-merckxet-megis-veszitett-luis-ocana-megrazo-tortenete\/\" \/>\n<meta property=\"og:site_name\" content=\"\u0160koda We Love Cycling - Magyarorsz\u00e1g\" \/>\n<meta property=\"article:publisher\" content=\"https:\/\/www.facebook.com\/WeLoveCyclingHungary\/\" \/>\n<meta property=\"article:published_time\" content=\"2025-04-09T06:00:46+00:00\" \/>\n<meta property=\"og:image\" content=\"https:\/\/d2p6e6u75xmxt8.cloudfront.net\/12\/2025\/04\/Luis-Ocana-profimedia-0330144401-CVR.webp\" \/>\n\t<meta property=\"og:image:width\" content=\"990\" \/>\n\t<meta property=\"og:image:height\" content=\"660\" \/>\n\t<meta property=\"og:image:type\" content=\"image\/webp\" \/>\n<meta name=\"author\" content=\"hegyizs\" \/>\n<meta name=\"twitter:card\" content=\"summary_large_image\" \/>\n<meta name=\"twitter:label1\" content=\"Written by\" \/>\n\t<meta name=\"twitter:data1\" content=\"Martin Atanasov\" \/>\n\t<meta name=\"twitter:label2\" content=\"Est. reading time\" \/>\n\t<meta name=\"twitter:data2\" content=\"3\" \/>\n<script type=\"application\/ld+json\" class=\"yoast-schema-graph\">{\"@context\":\"https:\/\/schema.org\",\"@graph\":[{\"@type\":\"WebPage\",\"@id\":\"https:\/\/www.welovecycling.com\/hu\/uncategorized\/a-ferfi-aki-legyozte-merckxet-megis-veszitett-luis-ocana-megrazo-tortenete\/\",\"url\":\"https:\/\/www.welovecycling.com\/hu\/uncategorized\/a-ferfi-aki-legyozte-merckxet-megis-veszitett-luis-ocana-megrazo-tortenete\/\",\"name\":\"A f\u00e9rfi, aki legy\u0151zte Merckxet, m\u00e9gis vesz\u00edtett: Luis Oca\u00f1a megr\u00e1z\u00f3 t\u00f6rt\u00e9nete\",\"isPartOf\":{\"@id\":\"https:\/\/www.welovecycling.com\/hu\/#website\"},\"primaryImageOfPage\":{\"@id\":\"https:\/\/www.welovecycling.com\/hu\/uncategorized\/a-ferfi-aki-legyozte-merckxet-megis-veszitett-luis-ocana-megrazo-tortenete\/#primaryimage\"},\"image\":{\"@id\":\"https:\/\/www.welovecycling.com\/hu\/uncategorized\/a-ferfi-aki-legyozte-merckxet-megis-veszitett-luis-ocana-megrazo-tortenete\/#primaryimage\"},\"thumbnailUrl\":\"https:\/\/d2p6e6u75xmxt8.cloudfront.net\/12\/2025\/04\/Luis-Ocana-profimedia-0330144401-CVR.webp\",\"datePublished\":\"2025-04-09T06:00:46+00:00\",\"author\":{\"@id\":\"https:\/\/www.welovecycling.com\/hu\/#\/schema\/person\/414a2aebf1801691a5320edb6468e194\"},\"description\":\"Vannak nevek, amelyek \u00f6r\u00f6kk\u00e9 arany bet\u0171kkel lesznek bev\u00e9sve a ker\u00e9kp\u00e1rsport nagysz\u00ednpad\u00e1ra. Coppi, Hinault, Indurain \u2013 csak, hogy n\u00e9h\u00e1ny legend\u00e1s versenyz\u0151t eml\u00edts\u00fcnk, akik m\u00e9g ma is l\u00e1zba hozz\u00e1k a rajong\u00f3kat. M\u00e9gis, a leggyakrabban emlegetett n\u00e9v k\u00e9ts\u00e9gtelen\u00fcl Eddy Merckx, a Kannib\u00e1l.\",\"breadcrumb\":{\"@id\":\"https:\/\/www.welovecycling.com\/hu\/uncategorized\/a-ferfi-aki-legyozte-merckxet-megis-veszitett-luis-ocana-megrazo-tortenete\/#breadcrumb\"},\"inLanguage\":\"hu\",\"potentialAction\":[{\"@type\":\"ReadAction\",\"target\":[\"https:\/\/www.welovecycling.com\/hu\/uncategorized\/a-ferfi-aki-legyozte-merckxet-megis-veszitett-luis-ocana-megrazo-tortenete\/\"]}]},{\"@type\":\"ImageObject\",\"inLanguage\":\"hu\",\"@id\":\"https:\/\/www.welovecycling.com\/hu\/uncategorized\/a-ferfi-aki-legyozte-merckxet-megis-veszitett-luis-ocana-megrazo-tortenete\/#primaryimage\",\"url\":\"https:\/\/d2p6e6u75xmxt8.cloudfront.net\/12\/2025\/04\/Luis-Ocana-profimedia-0330144401-CVR.webp\",\"contentUrl\":\"https:\/\/d2p6e6u75xmxt8.cloudfront.net\/12\/2025\/04\/Luis-Ocana-profimedia-0330144401-CVR.webp\",\"width\":990,\"height\":660,\"caption\":\"Luis Ocana\"},{\"@type\":\"BreadcrumbList\",\"@id\":\"https:\/\/www.welovecycling.com\/hu\/uncategorized\/a-ferfi-aki-legyozte-merckxet-megis-veszitett-luis-ocana-megrazo-tortenete\/#breadcrumb\",\"itemListElement\":[{\"@type\":\"ListItem\",\"position\":1,\"name\":\"Home\",\"item\":\"https:\/\/www.welovecycling.com\/hu\/\"},{\"@type\":\"ListItem\",\"position\":2,\"name\":\"A f\u00e9rfi, aki legy\u0151zte Merckxet, m\u00e9gis vesz\u00edtett: Luis Oca\u00f1a megr\u00e1z\u00f3 t\u00f6rt\u00e9nete\"}]},{\"@type\":\"WebSite\",\"@id\":\"https:\/\/www.welovecycling.com\/hu\/#website\",\"url\":\"https:\/\/www.welovecycling.com\/hu\/\",\"name\":\"\u0160koda We Love Cycling - Magyarorsz\u00e1g\",\"description\":\"\u0160koda WeLoveCycling\",\"potentialAction\":[{\"@type\":\"SearchAction\",\"target\":{\"@type\":\"EntryPoint\",\"urlTemplate\":\"https:\/\/www.welovecycling.com\/hu\/?s={search_term_string}\"},\"query-input\":{\"@type\":\"PropertyValueSpecification\",\"valueRequired\":true,\"valueName\":\"search_term_string\"}}],\"inLanguage\":\"hu\"},{\"@type\":\"Person\",\"@id\":\"https:\/\/www.welovecycling.com\/hu\/#\/schema\/person\/414a2aebf1801691a5320edb6468e194\",\"name\":\"hegyizs\",\"image\":{\"@type\":\"ImageObject\",\"inLanguage\":\"hu\",\"@id\":\"https:\/\/www.welovecycling.com\/hu\/#\/schema\/person\/image\/\",\"url\":\"https:\/\/secure.gravatar.com\/avatar\/02cf8a7906b8cf90cecb4679defac7cfd33a1c2e3b88e4903d947f3bb58eedd3?s=96&d=mm&r=g\",\"contentUrl\":\"https:\/\/secure.gravatar.com\/avatar\/02cf8a7906b8cf90cecb4679defac7cfd33a1c2e3b88e4903d947f3bb58eedd3?s=96&d=mm&r=g\",\"caption\":\"hegyizs\"},\"url\":\"https:\/\/www.welovecycling.com\/hu\/author\/hegyizs\/\"}]}<\/script>\n<!-- \/ Yoast SEO Premium plugin. -->","yoast_head_json":{"title":"A f\u00e9rfi, aki legy\u0151zte Merckxet, m\u00e9gis vesz\u00edtett: Luis Oca\u00f1a megr\u00e1z\u00f3 t\u00f6rt\u00e9nete","description":"Vannak nevek, amelyek \u00f6r\u00f6kk\u00e9 arany bet\u0171kkel lesznek bev\u00e9sve a ker\u00e9kp\u00e1rsport nagysz\u00ednpad\u00e1ra. Coppi, Hinault, Indurain \u2013 csak, hogy n\u00e9h\u00e1ny legend\u00e1s versenyz\u0151t eml\u00edts\u00fcnk, akik m\u00e9g ma is l\u00e1zba hozz\u00e1k a rajong\u00f3kat. M\u00e9gis, a leggyakrabban emlegetett n\u00e9v k\u00e9ts\u00e9gtelen\u00fcl Eddy Merckx, a Kannib\u00e1l.","robots":{"index":"index","follow":"follow","max-snippet":"max-snippet:-1","max-image-preview":"max-image-preview:large","max-video-preview":"max-video-preview:-1"},"canonical":"https:\/\/www.welovecycling.com\/hu\/uncategorized\/a-ferfi-aki-legyozte-merckxet-megis-veszitett-luis-ocana-megrazo-tortenete\/","og_locale":"hu_HU","og_type":"article","og_title":"A f\u00e9rfi, aki legy\u0151zte Merckxet, m\u00e9gis vesz\u00edtett: Luis Oca\u00f1a megr\u00e1z\u00f3 t\u00f6rt\u00e9nete","og_description":"Vannak nevek, amelyek \u00f6r\u00f6kk\u00e9 arany bet\u0171kkel lesznek bev\u00e9sve a ker\u00e9kp\u00e1rsport nagysz\u00ednpad\u00e1ra. Coppi, Hinault, Indurain \u2013 csak, hogy n\u00e9h\u00e1ny legend\u00e1s versenyz\u0151t eml\u00edts\u00fcnk, akik m\u00e9g ma is l\u00e1zba hozz\u00e1k a rajong\u00f3kat. M\u00e9gis, a leggyakrabban emlegetett n\u00e9v k\u00e9ts\u00e9gtelen\u00fcl Eddy Merckx, a Kannib\u00e1l.","og_url":"https:\/\/www.welovecycling.com\/hu\/uncategorized\/a-ferfi-aki-legyozte-merckxet-megis-veszitett-luis-ocana-megrazo-tortenete\/","og_site_name":"\u0160koda We Love Cycling - Magyarorsz\u00e1g","article_publisher":"https:\/\/www.facebook.com\/WeLoveCyclingHungary\/","article_published_time":"2025-04-09T06:00:46+00:00","og_image":[{"width":990,"height":660,"url":"https:\/\/d2p6e6u75xmxt8.cloudfront.net\/12\/2025\/04\/Luis-Ocana-profimedia-0330144401-CVR.webp","type":"image\/webp"}],"author":"hegyizs","twitter_card":"summary_large_image","twitter_misc":{"Written by":"Martin Atanasov","Est. reading time":"3"},"schema":{"@context":"https:\/\/schema.org","@graph":[{"@type":"WebPage","@id":"https:\/\/www.welovecycling.com\/hu\/uncategorized\/a-ferfi-aki-legyozte-merckxet-megis-veszitett-luis-ocana-megrazo-tortenete\/","url":"https:\/\/www.welovecycling.com\/hu\/uncategorized\/a-ferfi-aki-legyozte-merckxet-megis-veszitett-luis-ocana-megrazo-tortenete\/","name":"A f\u00e9rfi, aki legy\u0151zte Merckxet, m\u00e9gis vesz\u00edtett: Luis Oca\u00f1a megr\u00e1z\u00f3 t\u00f6rt\u00e9nete","isPartOf":{"@id":"https:\/\/www.welovecycling.com\/hu\/#website"},"primaryImageOfPage":{"@id":"https:\/\/www.welovecycling.com\/hu\/uncategorized\/a-ferfi-aki-legyozte-merckxet-megis-veszitett-luis-ocana-megrazo-tortenete\/#primaryimage"},"image":{"@id":"https:\/\/www.welovecycling.com\/hu\/uncategorized\/a-ferfi-aki-legyozte-merckxet-megis-veszitett-luis-ocana-megrazo-tortenete\/#primaryimage"},"thumbnailUrl":"https:\/\/d2p6e6u75xmxt8.cloudfront.net\/12\/2025\/04\/Luis-Ocana-profimedia-0330144401-CVR.webp","datePublished":"2025-04-09T06:00:46+00:00","author":{"@id":"https:\/\/www.welovecycling.com\/hu\/#\/schema\/person\/414a2aebf1801691a5320edb6468e194"},"description":"Vannak nevek, amelyek \u00f6r\u00f6kk\u00e9 arany bet\u0171kkel lesznek bev\u00e9sve a ker\u00e9kp\u00e1rsport nagysz\u00ednpad\u00e1ra. Coppi, Hinault, Indurain \u2013 csak, hogy n\u00e9h\u00e1ny legend\u00e1s versenyz\u0151t eml\u00edts\u00fcnk, akik m\u00e9g ma is l\u00e1zba hozz\u00e1k a rajong\u00f3kat. M\u00e9gis, a leggyakrabban emlegetett n\u00e9v k\u00e9ts\u00e9gtelen\u00fcl Eddy Merckx, a Kannib\u00e1l.","breadcrumb":{"@id":"https:\/\/www.welovecycling.com\/hu\/uncategorized\/a-ferfi-aki-legyozte-merckxet-megis-veszitett-luis-ocana-megrazo-tortenete\/#breadcrumb"},"inLanguage":"hu","potentialAction":[{"@type":"ReadAction","target":["https:\/\/www.welovecycling.com\/hu\/uncategorized\/a-ferfi-aki-legyozte-merckxet-megis-veszitett-luis-ocana-megrazo-tortenete\/"]}]},{"@type":"ImageObject","inLanguage":"hu","@id":"https:\/\/www.welovecycling.com\/hu\/uncategorized\/a-ferfi-aki-legyozte-merckxet-megis-veszitett-luis-ocana-megrazo-tortenete\/#primaryimage","url":"https:\/\/d2p6e6u75xmxt8.cloudfront.net\/12\/2025\/04\/Luis-Ocana-profimedia-0330144401-CVR.webp","contentUrl":"https:\/\/d2p6e6u75xmxt8.cloudfront.net\/12\/2025\/04\/Luis-Ocana-profimedia-0330144401-CVR.webp","width":990,"height":660,"caption":"Luis Ocana"},{"@type":"BreadcrumbList","@id":"https:\/\/www.welovecycling.com\/hu\/uncategorized\/a-ferfi-aki-legyozte-merckxet-megis-veszitett-luis-ocana-megrazo-tortenete\/#breadcrumb","itemListElement":[{"@type":"ListItem","position":1,"name":"Home","item":"https:\/\/www.welovecycling.com\/hu\/"},{"@type":"ListItem","position":2,"name":"A f\u00e9rfi, aki legy\u0151zte Merckxet, m\u00e9gis vesz\u00edtett: Luis Oca\u00f1a megr\u00e1z\u00f3 t\u00f6rt\u00e9nete"}]},{"@type":"WebSite","@id":"https:\/\/www.welovecycling.com\/hu\/#website","url":"https:\/\/www.welovecycling.com\/hu\/","name":"\u0160koda We Love Cycling - Magyarorsz\u00e1g","description":"\u0160koda WeLoveCycling","potentialAction":[{"@type":"SearchAction","target":{"@type":"EntryPoint","urlTemplate":"https:\/\/www.welovecycling.com\/hu\/?s={search_term_string}"},"query-input":{"@type":"PropertyValueSpecification","valueRequired":true,"valueName":"search_term_string"}}],"inLanguage":"hu"},{"@type":"Person","@id":"https:\/\/www.welovecycling.com\/hu\/#\/schema\/person\/414a2aebf1801691a5320edb6468e194","name":"hegyizs","image":{"@type":"ImageObject","inLanguage":"hu","@id":"https:\/\/www.welovecycling.com\/hu\/#\/schema\/person\/image\/","url":"https:\/\/secure.gravatar.com\/avatar\/02cf8a7906b8cf90cecb4679defac7cfd33a1c2e3b88e4903d947f3bb58eedd3?s=96&d=mm&r=g","contentUrl":"https:\/\/secure.gravatar.com\/avatar\/02cf8a7906b8cf90cecb4679defac7cfd33a1c2e3b88e4903d947f3bb58eedd3?s=96&d=mm&r=g","caption":"hegyizs"},"url":"https:\/\/www.welovecycling.com\/hu\/author\/hegyizs\/"}]}},"_links":{"self":[{"href":"https:\/\/www.welovecycling.com\/hu\/wp-json\/wp\/v2\/posts\/18975","targetHints":{"allow":["GET"]}}],"collection":[{"href":"https:\/\/www.welovecycling.com\/hu\/wp-json\/wp\/v2\/posts"}],"about":[{"href":"https:\/\/www.welovecycling.com\/hu\/wp-json\/wp\/v2\/types\/post"}],"author":[{"embeddable":true,"href":"https:\/\/www.welovecycling.com\/hu\/wp-json\/wp\/v2\/users\/71"}],"replies":[{"embeddable":true,"href":"https:\/\/www.welovecycling.com\/hu\/wp-json\/wp\/v2\/comments?post=18975"}],"version-history":[{"count":2,"href":"https:\/\/www.welovecycling.com\/hu\/wp-json\/wp\/v2\/posts\/18975\/revisions"}],"predecessor-version":[{"id":18979,"href":"https:\/\/www.welovecycling.com\/hu\/wp-json\/wp\/v2\/posts\/18975\/revisions\/18979"}],"wp:featuredmedia":[{"embeddable":true,"href":"https:\/\/www.welovecycling.com\/hu\/wp-json\/wp\/v2\/media\/18978"}],"wp:attachment":[{"href":"https:\/\/www.welovecycling.com\/hu\/wp-json\/wp\/v2\/media?parent=18975"}],"wp:term":[{"taxonomy":"category","embeddable":true,"href":"https:\/\/www.welovecycling.com\/hu\/wp-json\/wp\/v2\/categories?post=18975"},{"taxonomy":"post_tag","embeddable":true,"href":"https:\/\/www.welovecycling.com\/hu\/wp-json\/wp\/v2\/tags?post=18975"},{"taxonomy":"global-categories","embeddable":true,"href":"https:\/\/www.welovecycling.com\/hu\/wp-json\/wp\/v2\/global-categories?post=18975"}],"curies":[{"name":"wp","href":"https:\/\/api.w.org\/{rel}","templated":true}]}}