{"id":18966,"date":"2025-04-01T08:00:03","date_gmt":"2025-04-01T06:00:03","guid":{"rendered":"https:\/\/www.welovecycling.com\/hu\/?p=18966"},"modified":"2025-03-28T16:11:06","modified_gmt":"2025-03-28T14:11:06","slug":"tour-de-france-2027-tortenelmi-grand-depart-edinburgh-ban","status":"publish","type":"post","link":"https:\/\/www.welovecycling.com\/hu\/orszaguti-kerekpar\/tour-de-france-2027-tortenelmi-grand-depart-edinburgh-ban\/","title":{"rendered":"Tour de France 2027: T\u00f6rt\u00e9nelmi Grand D\u00e9part Edinburgh-ban"},"content":{"rendered":"<p><strong>2027-ben a ker\u00e9kp\u00e1rsport rajong\u00f3i t\u00f6rt\u00e9nelmi pillanatnak lehetnek majd szemtan\u00fai: a Tour de France 114. kiad\u00e1sa, valamint a Tour de France Femmes avec Zwift 6. kiad\u00e1sa brit kalandra indul. El\u0151sz\u00f6r fordul el\u0151, hogy a Grand D\u00e9part h\u00e1rom nemzetet is \u00e9rint az Egyes\u00fclt Kir\u00e1lys\u00e1gon bel\u00fcl \u2013 Sk\u00f3cia, Wales \u00e9s Anglia egyar\u00e1nt otthont adnak majd a legend\u00e1s verseny nyit\u00f3szakaszainak.<\/strong><\/p>\n<p><!--more--><\/p>\n<h2><strong>El\u0151sz\u00f6r Sk\u00f3ci\u00e1ban, Walesben \u00e9s Angli\u00e1ban is<\/strong><\/h2>\n<p>B\u00e1r a Tour de France m\u00e1r t\u00f6bbsz\u00f6r is \u00e1tkelt az angol csatorn\u00e1n 1974 \u00f3ta, a 2027-es kiad\u00e1s minden eddigin\u00e9l nagyobb szab\u00e1s\u00fa brit t\u00far\u00e1t \u00edg\u00e9r. Edinburgh lesz a verseny rajt\u00e1llom\u00e1sa, ami egyben a Tour t\u00f6rt\u00e9net\u00e9nek els\u0151 sk\u00f3ciai \u00e1llom\u00e1sa is. A mez\u0151ny innen Walesen kereszt\u00fcl folytatja \u00fatj\u00e1t, v\u00e9g\u00fcl Angli\u00e1ba \u00e9rkezik meg, \u00edgy a Grand D\u00e9part val\u00f3di \u00fcnnep lesz a brit ker\u00e9kp\u00e1ros kult\u00fara sz\u00e1m\u00e1ra.<\/p>\n<p>Ez lesz a m\u00e1sodik alkalom, hogy a Tour de France Femmes avec Zwift Franciaorsz\u00e1gon k\u00edv\u00fcl rajtol \u2013 az els\u0151re 2024-ben, Hollandi\u00e1ban ker\u00fclt sor. A 2027-es \u00e9v azonban k\u00fcl\u00f6nleges, mivel most el\u0151sz\u00f6r indul a f\u00e9rfi \u00e9s n\u0151i verseny is ugyanabban a k\u00fclf\u00f6ldi orsz\u00e1gban, ami \u00fajabb fontos l\u00e9p\u00e9st jelent a n\u0151i ker\u00e9kp\u00e1rsport glob\u00e1lis elismerts\u00e9g\u00e9nek n\u00f6vel\u00e9s\u00e9ben.<\/p>\n<blockquote class=\"instagram-media\" style=\"background: #FFF; border: 0; border-radius: 3px; box-shadow: 0 0 1px 0 rgba(0,0,0,0.5),0 1px 10px 0 rgba(0,0,0,0.15); margin: 1px; max-width: 540px; min-width: 326px; padding: 0; width: calc(100% - 2px);\" data-instgrm-captioned=\"\" data-instgrm-permalink=\"https:\/\/www.instagram.com\/reel\/DHZDkt9ODw7\/?utm_source=ig_embed&amp;utm_campaign=loading\" data-instgrm-version=\"14\">\n<div style=\"padding: 16px;\">\n<p>&nbsp;<\/p>\n<div style=\"display: flex; flex-direction: row; align-items: center;\">\n<div style=\"background-color: #f4f4f4; border-radius: 50%; flex-grow: 0; height: 40px; margin-right: 14px; width: 40px;\"><\/div>\n<div style=\"display: flex; flex-direction: column; flex-grow: 1; justify-content: center;\">\n<div style=\"background-color: #f4f4f4; border-radius: 4px; flex-grow: 0; height: 14px; margin-bottom: 6px; width: 100px;\"><\/div>\n<div style=\"background-color: #f4f4f4; border-radius: 4px; flex-grow: 0; height: 14px; width: 60px;\"><\/div>\n<\/div>\n<\/div>\n<div style=\"padding: 19% 0;\"><\/div>\n<div style=\"display: block; height: 50px; margin: 0 auto 12px; width: 50px;\"><\/div>\n<div style=\"padding-top: 8px;\">\n<div style=\"color: #3897f0; font-family: Arial,sans-serif; font-size: 14px; font-style: normal; font-weight: 550; line-height: 18px;\">Zobrazit p\u0159\u00edsp\u011bvek na Instagramu<\/div>\n<\/div>\n<div style=\"padding: 12.5% 0;\"><\/div>\n<div style=\"display: flex; flex-direction: row; margin-bottom: 14px; align-items: center;\">\n<div>\n<div style=\"background-color: #f4f4f4; border-radius: 50%; height: 12.5px; width: 12.5px; transform: translateX(0px) translateY(7px);\"><\/div>\n<div style=\"background-color: #f4f4f4; height: 12.5px; transform: rotate(-45deg) translateX(3px) translateY(1px); width: 12.5px; flex-grow: 0; margin-right: 14px; margin-left: 2px;\"><\/div>\n<div style=\"background-color: #f4f4f4; border-radius: 50%; height: 12.5px; width: 12.5px; transform: translateX(9px) translateY(-18px);\"><\/div>\n<\/div>\n<div style=\"margin-left: 8px;\">\n<div style=\"background-color: #f4f4f4; border-radius: 50%; flex-grow: 0; height: 20px; width: 20px;\"><\/div>\n<div style=\"width: 0; height: 0; border-top: 2px solid transparent; border-left: 6px solid #f4f4f4; border-bottom: 2px solid transparent; transform: translateX(16px) translateY(-4px) rotate(30deg);\"><\/div>\n<\/div>\n<div style=\"margin-left: auto;\">\n<div style=\"width: 0px; border-top: 8px solid #F4F4F4; border-right: 8px solid transparent; transform: translateY(16px);\"><\/div>\n<div style=\"background-color: #f4f4f4; flex-grow: 0; height: 12px; width: 16px; transform: translateY(-4px);\"><\/div>\n<div style=\"width: 0; height: 0; border-top: 8px solid #F4F4F4; border-left: 8px solid transparent; transform: translateY(-4px) translateX(8px);\"><\/div>\n<\/div>\n<\/div>\n<div style=\"display: flex; flex-direction: column; flex-grow: 1; justify-content: center; margin-bottom: 24px;\">\n<div style=\"background-color: #f4f4f4; border-radius: 4px; flex-grow: 0; height: 14px; margin-bottom: 6px; width: 224px;\"><\/div>\n<div style=\"background-color: #f4f4f4; border-radius: 4px; flex-grow: 0; height: 14px; width: 144px;\"><\/div>\n<\/div>\n<p>&nbsp;<\/p>\n<p style=\"color: #c9c8cd; font-family: Arial,sans-serif; font-size: 14px; line-height: 17px; margin-bottom: 0; margin-top: 8px; overflow: hidden; padding: 8px 0 7px; text-align: center; text-overflow: ellipsis; white-space: nowrap;\"><a style=\"color: #c9c8cd; font-family: Arial,sans-serif; font-size: 14px; font-style: normal; font-weight: normal; line-height: 17px; text-decoration: none;\" href=\"https:\/\/www.instagram.com\/reel\/DHZDkt9ODw7\/?utm_source=ig_embed&amp;utm_campaign=loading\" target=\"_blank\" rel=\"noopener\">P\u0159\u00edsp\u011bvek sd\u00edlen\u00fd Tour de France\u2122 (@letourdefrance)<\/a><\/p>\n<\/div>\n<\/blockquote>\n<p><script async src=\"\/\/www.instagram.com\/embed.js\"><\/script><\/p>\n<h2><strong>Anglia \u00e9s a Tour: egy hosszan tart\u00f3 szerelem<\/strong><\/h2>\n<p>A Tour de France el\u0151sz\u00f6r 1974-ben \u00e9rkezett Angli\u00e1ba, egy egyetlen szakaszos plymouth-i k\u00f6rp\u00e1ly\u00e1val. K\u00e9s\u0151bb, 1994-ben, a frissen megny\u00edlt Csalag\u00fat \u00fcnnepl\u00e9sek\u00e9nt Brightonban \u00e9s Portsmouthban is zajlottak szakaszok. Az ut\u00f3bbi \u00e9vekben is eml\u00e9kezetes brit rajtoknak lehett\u00fcnk tan\u00fai: London (2007) \u00e9s Yorkshire (2014) \u00f3ri\u00e1si t\u00f6megeket vonzottak.<\/p>\n<p>2027-ben a verseny \u00fajabb szintre emeli kapcsolat\u00e1t az Egyes\u00fclt Kir\u00e1lys\u00e1ggal. A sk\u00f3t f\u0151v\u00e1ros, Edinburgh ad majd otthont a mez\u0151ny els\u0151 kilom\u00e9tereinek, miel\u0151tt a verseny d\u00e9li ir\u00e1nyba halad tov\u00e1bb Walesbe, majd Angli\u00e1ba \u2013 p\u00e1ratlan lehet\u0151s\u00e9get k\u00edn\u00e1lva a brit k\u00f6z\u00f6ns\u00e9gnek, hogy testk\u00f6zelb\u0151l \u00e9lvezhesse a vil\u00e1g legnagyobb verseny\u00e9t.<\/p>\n<h2><strong>M\u00e9rf\u00f6ldk\u0151 a n\u0151i Tour de France sz\u00e1m\u00e1ra<\/strong><\/h2>\n<p>A 2027-es Tour de France Femmes avec Zwift szint\u00e9n t\u00f6rt\u00e9nelmet \u00edr. B\u00e1r a n\u0151i futam m\u00e1s id\u0151pontban rajtol, mint a f\u00e9rfiak\u00e9, a k\u00f6z\u00f6s brit Grand D\u00e9part szimbolikus jelent\u0151s\u00e9g\u0171: er\u0151teljes \u00fczenetet k\u00f6zvet\u00edt a sport j\u00f6v\u0151j\u00e9r\u0151l, \u00e9s a n\u0151i ker\u00e9kp\u00e1rsportot egyenl\u0151 szintre emeli a f\u00e9rfival.<\/p>\n<p>Ahogy az izgalom fokoz\u00f3dik a t\u00f6rt\u00e9nelmi brit tril\u00f3gia k\u00f6zeledt\u00e9vel, a szurkol\u00f3k egy olyan Tour de France-ra sz\u00e1m\u00edthatnak, amely egyszerre tiszteleg a hagyom\u00e1nyok el\u0151tt, \u00e9s nyit az \u00faj korszak fel\u00e9. A 2027-es Grand D\u00e9part p\u00e1ratlan l\u00e1tv\u00e1nyoss\u00e1gnak \u00edg\u00e9rkezik!<\/p>\n","protected":false},"excerpt":{"rendered":"<p>2027-ben a ker\u00e9kp\u00e1rsport rajong\u00f3i t\u00f6rt\u00e9nelmi pillanatnak lehetnek majd szemtan\u00fai: a Tour de France 114. kiad\u00e1sa, valamint a Tour de France [&hellip;]<\/p>\n","protected":false},"author":71,"featured_media":18967,"comment_status":"open","ping_status":"open","sticky":false,"template":"","format":"standard","meta":{"footnotes":""},"categories":[8],"tags":[],"global-categories":[],"class_list":["post-18966","post","type-post","status-publish","format-standard","has-post-thumbnail","hentry","category-orszaguti-kerekpar"],"yoast_head":"<!-- This site is optimized with the Yoast SEO Premium plugin v25.3 (Yoast SEO v25.9) - https:\/\/yoast.com\/wordpress\/plugins\/seo\/ -->\n<title>Tour de France 2027: T\u00f6rt\u00e9nelmi Grand D\u00e9part Edinburgh-ban<\/title>\n<meta name=\"description\" content=\"2027-ben a ker\u00e9kp\u00e1rsport rajong\u00f3i t\u00f6rt\u00e9nelmi pillanatnak lehetnek majd szemtan\u00fai: a Tour de France 114. kiad\u00e1sa, valamint a Tour de France Femmes avec Zwift 6. kiad\u00e1sa brit kalandra indul. El\u0151sz\u00f6r fordul el\u0151, hogy a Grand D\u00e9part h\u00e1rom nemzetet is \u00e9rint az Egyes\u00fclt Kir\u00e1lys\u00e1gon bel\u00fcl \u2013 Sk\u00f3cia, Wales \u00e9s Anglia egyar\u00e1nt otthont adnak majd a legend\u00e1s verseny nyit\u00f3szakaszainak.\" \/>\n<meta name=\"robots\" content=\"index, follow, max-snippet:-1, max-image-preview:large, max-video-preview:-1\" \/>\n<link rel=\"canonical\" href=\"https:\/\/www.welovecycling.com\/hu\/orszaguti-kerekpar\/tour-de-france-2027-tortenelmi-grand-depart-edinburgh-ban\/\" \/>\n<meta property=\"og:locale\" content=\"hu_HU\" \/>\n<meta property=\"og:type\" content=\"article\" \/>\n<meta property=\"og:title\" content=\"Tour de France 2027: T\u00f6rt\u00e9nelmi Grand D\u00e9part Edinburgh-ban\" \/>\n<meta property=\"og:description\" content=\"2027-ben a ker\u00e9kp\u00e1rsport rajong\u00f3i t\u00f6rt\u00e9nelmi pillanatnak lehetnek majd szemtan\u00fai: a Tour de France 114. kiad\u00e1sa, valamint a Tour de France Femmes avec Zwift 6. kiad\u00e1sa brit kalandra indul. El\u0151sz\u00f6r fordul el\u0151, hogy a Grand D\u00e9part h\u00e1rom nemzetet is \u00e9rint az Egyes\u00fclt Kir\u00e1lys\u00e1gon bel\u00fcl \u2013 Sk\u00f3cia, Wales \u00e9s Anglia egyar\u00e1nt otthont adnak majd a legend\u00e1s verseny nyit\u00f3szakaszainak.\" \/>\n<meta property=\"og:url\" content=\"https:\/\/www.welovecycling.com\/hu\/orszaguti-kerekpar\/tour-de-france-2027-tortenelmi-grand-depart-edinburgh-ban\/\" \/>\n<meta property=\"og:site_name\" content=\"\u0160koda We Love Cycling - Magyarorsz\u00e1g\" \/>\n<meta property=\"article:publisher\" content=\"https:\/\/www.facebook.com\/WeLoveCyclingHungary\/\" \/>\n<meta property=\"article:published_time\" content=\"2025-04-01T06:00:03+00:00\" \/>\n<meta property=\"og:image\" content=\"https:\/\/d2p6e6u75xmxt8.cloudfront.net\/12\/2025\/03\/Tour-de-France-Edinburgh-profimedia-0977203731-CVR.webp\" \/>\n\t<meta property=\"og:image:width\" content=\"990\" \/>\n\t<meta property=\"og:image:height\" content=\"660\" \/>\n\t<meta property=\"og:image:type\" content=\"image\/webp\" \/>\n<meta name=\"author\" content=\"hegyizs\" \/>\n<meta name=\"twitter:card\" content=\"summary_large_image\" \/>\n<meta name=\"twitter:label1\" content=\"Written by\" \/>\n\t<meta name=\"twitter:data1\" content=\"We Love Cycling\" \/>\n\t<meta name=\"twitter:label2\" content=\"Est. reading time\" \/>\n\t<meta name=\"twitter:data2\" content=\"2\" \/>\n<script type=\"application\/ld+json\" class=\"yoast-schema-graph\">{\"@context\":\"https:\/\/schema.org\",\"@graph\":[{\"@type\":\"WebPage\",\"@id\":\"https:\/\/www.welovecycling.com\/hu\/orszaguti-kerekpar\/tour-de-france-2027-tortenelmi-grand-depart-edinburgh-ban\/\",\"url\":\"https:\/\/www.welovecycling.com\/hu\/orszaguti-kerekpar\/tour-de-france-2027-tortenelmi-grand-depart-edinburgh-ban\/\",\"name\":\"Tour de France 2027: T\u00f6rt\u00e9nelmi Grand D\u00e9part Edinburgh-ban\",\"isPartOf\":{\"@id\":\"https:\/\/www.welovecycling.com\/hu\/#website\"},\"primaryImageOfPage\":{\"@id\":\"https:\/\/www.welovecycling.com\/hu\/orszaguti-kerekpar\/tour-de-france-2027-tortenelmi-grand-depart-edinburgh-ban\/#primaryimage\"},\"image\":{\"@id\":\"https:\/\/www.welovecycling.com\/hu\/orszaguti-kerekpar\/tour-de-france-2027-tortenelmi-grand-depart-edinburgh-ban\/#primaryimage\"},\"thumbnailUrl\":\"https:\/\/d2p6e6u75xmxt8.cloudfront.net\/12\/2025\/03\/Tour-de-France-Edinburgh-profimedia-0977203731-CVR.webp\",\"datePublished\":\"2025-04-01T06:00:03+00:00\",\"author\":{\"@id\":\"https:\/\/www.welovecycling.com\/hu\/#\/schema\/person\/414a2aebf1801691a5320edb6468e194\"},\"description\":\"2027-ben a ker\u00e9kp\u00e1rsport rajong\u00f3i t\u00f6rt\u00e9nelmi pillanatnak lehetnek majd szemtan\u00fai: a Tour de France 114. kiad\u00e1sa, valamint a Tour de France Femmes avec Zwift 6. kiad\u00e1sa brit kalandra indul. El\u0151sz\u00f6r fordul el\u0151, hogy a Grand D\u00e9part h\u00e1rom nemzetet is \u00e9rint az Egyes\u00fclt Kir\u00e1lys\u00e1gon bel\u00fcl \u2013 Sk\u00f3cia, Wales \u00e9s Anglia egyar\u00e1nt otthont adnak majd a legend\u00e1s verseny nyit\u00f3szakaszainak.\",\"breadcrumb\":{\"@id\":\"https:\/\/www.welovecycling.com\/hu\/orszaguti-kerekpar\/tour-de-france-2027-tortenelmi-grand-depart-edinburgh-ban\/#breadcrumb\"},\"inLanguage\":\"hu\",\"potentialAction\":[{\"@type\":\"ReadAction\",\"target\":[\"https:\/\/www.welovecycling.com\/hu\/orszaguti-kerekpar\/tour-de-france-2027-tortenelmi-grand-depart-edinburgh-ban\/\"]}]},{\"@type\":\"ImageObject\",\"inLanguage\":\"hu\",\"@id\":\"https:\/\/www.welovecycling.com\/hu\/orszaguti-kerekpar\/tour-de-france-2027-tortenelmi-grand-depart-edinburgh-ban\/#primaryimage\",\"url\":\"https:\/\/d2p6e6u75xmxt8.cloudfront.net\/12\/2025\/03\/Tour-de-France-Edinburgh-profimedia-0977203731-CVR.webp\",\"contentUrl\":\"https:\/\/d2p6e6u75xmxt8.cloudfront.net\/12\/2025\/03\/Tour-de-France-Edinburgh-profimedia-0977203731-CVR.webp\",\"width\":990,\"height\":660,\"caption\":\"Edinburgh\"},{\"@type\":\"BreadcrumbList\",\"@id\":\"https:\/\/www.welovecycling.com\/hu\/orszaguti-kerekpar\/tour-de-france-2027-tortenelmi-grand-depart-edinburgh-ban\/#breadcrumb\",\"itemListElement\":[{\"@type\":\"ListItem\",\"position\":1,\"name\":\"Home\",\"item\":\"https:\/\/www.welovecycling.com\/hu\/\"},{\"@type\":\"ListItem\",\"position\":2,\"name\":\"Tour de France 2027: T\u00f6rt\u00e9nelmi Grand D\u00e9part Edinburgh-ban\"}]},{\"@type\":\"WebSite\",\"@id\":\"https:\/\/www.welovecycling.com\/hu\/#website\",\"url\":\"https:\/\/www.welovecycling.com\/hu\/\",\"name\":\"\u0160koda We Love Cycling - Magyarorsz\u00e1g\",\"description\":\"\u0160koda WeLoveCycling\",\"potentialAction\":[{\"@type\":\"SearchAction\",\"target\":{\"@type\":\"EntryPoint\",\"urlTemplate\":\"https:\/\/www.welovecycling.com\/hu\/?s={search_term_string}\"},\"query-input\":{\"@type\":\"PropertyValueSpecification\",\"valueRequired\":true,\"valueName\":\"search_term_string\"}}],\"inLanguage\":\"hu\"},{\"@type\":\"Person\",\"@id\":\"https:\/\/www.welovecycling.com\/hu\/#\/schema\/person\/414a2aebf1801691a5320edb6468e194\",\"name\":\"hegyizs\",\"image\":{\"@type\":\"ImageObject\",\"inLanguage\":\"hu\",\"@id\":\"https:\/\/www.welovecycling.com\/hu\/#\/schema\/person\/image\/\",\"url\":\"https:\/\/secure.gravatar.com\/avatar\/02cf8a7906b8cf90cecb4679defac7cfd33a1c2e3b88e4903d947f3bb58eedd3?s=96&d=mm&r=g\",\"contentUrl\":\"https:\/\/secure.gravatar.com\/avatar\/02cf8a7906b8cf90cecb4679defac7cfd33a1c2e3b88e4903d947f3bb58eedd3?s=96&d=mm&r=g\",\"caption\":\"hegyizs\"},\"url\":\"https:\/\/www.welovecycling.com\/hu\/author\/hegyizs\/\"}]}<\/script>\n<!-- \/ Yoast SEO Premium plugin. -->","yoast_head_json":{"title":"Tour de France 2027: T\u00f6rt\u00e9nelmi Grand D\u00e9part Edinburgh-ban","description":"2027-ben a ker\u00e9kp\u00e1rsport rajong\u00f3i t\u00f6rt\u00e9nelmi pillanatnak lehetnek majd szemtan\u00fai: a Tour de France 114. kiad\u00e1sa, valamint a Tour de France Femmes avec Zwift 6. kiad\u00e1sa brit kalandra indul. El\u0151sz\u00f6r fordul el\u0151, hogy a Grand D\u00e9part h\u00e1rom nemzetet is \u00e9rint az Egyes\u00fclt Kir\u00e1lys\u00e1gon bel\u00fcl \u2013 Sk\u00f3cia, Wales \u00e9s Anglia egyar\u00e1nt otthont adnak majd a legend\u00e1s verseny nyit\u00f3szakaszainak.","robots":{"index":"index","follow":"follow","max-snippet":"max-snippet:-1","max-image-preview":"max-image-preview:large","max-video-preview":"max-video-preview:-1"},"canonical":"https:\/\/www.welovecycling.com\/hu\/orszaguti-kerekpar\/tour-de-france-2027-tortenelmi-grand-depart-edinburgh-ban\/","og_locale":"hu_HU","og_type":"article","og_title":"Tour de France 2027: T\u00f6rt\u00e9nelmi Grand D\u00e9part Edinburgh-ban","og_description":"2027-ben a ker\u00e9kp\u00e1rsport rajong\u00f3i t\u00f6rt\u00e9nelmi pillanatnak lehetnek majd szemtan\u00fai: a Tour de France 114. kiad\u00e1sa, valamint a Tour de France Femmes avec Zwift 6. kiad\u00e1sa brit kalandra indul. El\u0151sz\u00f6r fordul el\u0151, hogy a Grand D\u00e9part h\u00e1rom nemzetet is \u00e9rint az Egyes\u00fclt Kir\u00e1lys\u00e1gon bel\u00fcl \u2013 Sk\u00f3cia, Wales \u00e9s Anglia egyar\u00e1nt otthont adnak majd a legend\u00e1s verseny nyit\u00f3szakaszainak.","og_url":"https:\/\/www.welovecycling.com\/hu\/orszaguti-kerekpar\/tour-de-france-2027-tortenelmi-grand-depart-edinburgh-ban\/","og_site_name":"\u0160koda We Love Cycling - Magyarorsz\u00e1g","article_publisher":"https:\/\/www.facebook.com\/WeLoveCyclingHungary\/","article_published_time":"2025-04-01T06:00:03+00:00","og_image":[{"width":990,"height":660,"url":"https:\/\/d2p6e6u75xmxt8.cloudfront.net\/12\/2025\/03\/Tour-de-France-Edinburgh-profimedia-0977203731-CVR.webp","type":"image\/webp"}],"author":"hegyizs","twitter_card":"summary_large_image","twitter_misc":{"Written by":"We Love Cycling","Est. reading time":"2"},"schema":{"@context":"https:\/\/schema.org","@graph":[{"@type":"WebPage","@id":"https:\/\/www.welovecycling.com\/hu\/orszaguti-kerekpar\/tour-de-france-2027-tortenelmi-grand-depart-edinburgh-ban\/","url":"https:\/\/www.welovecycling.com\/hu\/orszaguti-kerekpar\/tour-de-france-2027-tortenelmi-grand-depart-edinburgh-ban\/","name":"Tour de France 2027: T\u00f6rt\u00e9nelmi Grand D\u00e9part Edinburgh-ban","isPartOf":{"@id":"https:\/\/www.welovecycling.com\/hu\/#website"},"primaryImageOfPage":{"@id":"https:\/\/www.welovecycling.com\/hu\/orszaguti-kerekpar\/tour-de-france-2027-tortenelmi-grand-depart-edinburgh-ban\/#primaryimage"},"image":{"@id":"https:\/\/www.welovecycling.com\/hu\/orszaguti-kerekpar\/tour-de-france-2027-tortenelmi-grand-depart-edinburgh-ban\/#primaryimage"},"thumbnailUrl":"https:\/\/d2p6e6u75xmxt8.cloudfront.net\/12\/2025\/03\/Tour-de-France-Edinburgh-profimedia-0977203731-CVR.webp","datePublished":"2025-04-01T06:00:03+00:00","author":{"@id":"https:\/\/www.welovecycling.com\/hu\/#\/schema\/person\/414a2aebf1801691a5320edb6468e194"},"description":"2027-ben a ker\u00e9kp\u00e1rsport rajong\u00f3i t\u00f6rt\u00e9nelmi pillanatnak lehetnek majd szemtan\u00fai: a Tour de France 114. kiad\u00e1sa, valamint a Tour de France Femmes avec Zwift 6. kiad\u00e1sa brit kalandra indul. El\u0151sz\u00f6r fordul el\u0151, hogy a Grand D\u00e9part h\u00e1rom nemzetet is \u00e9rint az Egyes\u00fclt Kir\u00e1lys\u00e1gon bel\u00fcl \u2013 Sk\u00f3cia, Wales \u00e9s Anglia egyar\u00e1nt otthont adnak majd a legend\u00e1s verseny nyit\u00f3szakaszainak.","breadcrumb":{"@id":"https:\/\/www.welovecycling.com\/hu\/orszaguti-kerekpar\/tour-de-france-2027-tortenelmi-grand-depart-edinburgh-ban\/#breadcrumb"},"inLanguage":"hu","potentialAction":[{"@type":"ReadAction","target":["https:\/\/www.welovecycling.com\/hu\/orszaguti-kerekpar\/tour-de-france-2027-tortenelmi-grand-depart-edinburgh-ban\/"]}]},{"@type":"ImageObject","inLanguage":"hu","@id":"https:\/\/www.welovecycling.com\/hu\/orszaguti-kerekpar\/tour-de-france-2027-tortenelmi-grand-depart-edinburgh-ban\/#primaryimage","url":"https:\/\/d2p6e6u75xmxt8.cloudfront.net\/12\/2025\/03\/Tour-de-France-Edinburgh-profimedia-0977203731-CVR.webp","contentUrl":"https:\/\/d2p6e6u75xmxt8.cloudfront.net\/12\/2025\/03\/Tour-de-France-Edinburgh-profimedia-0977203731-CVR.webp","width":990,"height":660,"caption":"Edinburgh"},{"@type":"BreadcrumbList","@id":"https:\/\/www.welovecycling.com\/hu\/orszaguti-kerekpar\/tour-de-france-2027-tortenelmi-grand-depart-edinburgh-ban\/#breadcrumb","itemListElement":[{"@type":"ListItem","position":1,"name":"Home","item":"https:\/\/www.welovecycling.com\/hu\/"},{"@type":"ListItem","position":2,"name":"Tour de France 2027: T\u00f6rt\u00e9nelmi Grand D\u00e9part Edinburgh-ban"}]},{"@type":"WebSite","@id":"https:\/\/www.welovecycling.com\/hu\/#website","url":"https:\/\/www.welovecycling.com\/hu\/","name":"\u0160koda We Love Cycling - Magyarorsz\u00e1g","description":"\u0160koda WeLoveCycling","potentialAction":[{"@type":"SearchAction","target":{"@type":"EntryPoint","urlTemplate":"https:\/\/www.welovecycling.com\/hu\/?s={search_term_string}"},"query-input":{"@type":"PropertyValueSpecification","valueRequired":true,"valueName":"search_term_string"}}],"inLanguage":"hu"},{"@type":"Person","@id":"https:\/\/www.welovecycling.com\/hu\/#\/schema\/person\/414a2aebf1801691a5320edb6468e194","name":"hegyizs","image":{"@type":"ImageObject","inLanguage":"hu","@id":"https:\/\/www.welovecycling.com\/hu\/#\/schema\/person\/image\/","url":"https:\/\/secure.gravatar.com\/avatar\/02cf8a7906b8cf90cecb4679defac7cfd33a1c2e3b88e4903d947f3bb58eedd3?s=96&d=mm&r=g","contentUrl":"https:\/\/secure.gravatar.com\/avatar\/02cf8a7906b8cf90cecb4679defac7cfd33a1c2e3b88e4903d947f3bb58eedd3?s=96&d=mm&r=g","caption":"hegyizs"},"url":"https:\/\/www.welovecycling.com\/hu\/author\/hegyizs\/"}]}},"_links":{"self":[{"href":"https:\/\/www.welovecycling.com\/hu\/wp-json\/wp\/v2\/posts\/18966","targetHints":{"allow":["GET"]}}],"collection":[{"href":"https:\/\/www.welovecycling.com\/hu\/wp-json\/wp\/v2\/posts"}],"about":[{"href":"https:\/\/www.welovecycling.com\/hu\/wp-json\/wp\/v2\/types\/post"}],"author":[{"embeddable":true,"href":"https:\/\/www.welovecycling.com\/hu\/wp-json\/wp\/v2\/users\/71"}],"replies":[{"embeddable":true,"href":"https:\/\/www.welovecycling.com\/hu\/wp-json\/wp\/v2\/comments?post=18966"}],"version-history":[{"count":1,"href":"https:\/\/www.welovecycling.com\/hu\/wp-json\/wp\/v2\/posts\/18966\/revisions"}],"predecessor-version":[{"id":18968,"href":"https:\/\/www.welovecycling.com\/hu\/wp-json\/wp\/v2\/posts\/18966\/revisions\/18968"}],"wp:featuredmedia":[{"embeddable":true,"href":"https:\/\/www.welovecycling.com\/hu\/wp-json\/wp\/v2\/media\/18967"}],"wp:attachment":[{"href":"https:\/\/www.welovecycling.com\/hu\/wp-json\/wp\/v2\/media?parent=18966"}],"wp:term":[{"taxonomy":"category","embeddable":true,"href":"https:\/\/www.welovecycling.com\/hu\/wp-json\/wp\/v2\/categories?post=18966"},{"taxonomy":"post_tag","embeddable":true,"href":"https:\/\/www.welovecycling.com\/hu\/wp-json\/wp\/v2\/tags?post=18966"},{"taxonomy":"global-categories","embeddable":true,"href":"https:\/\/www.welovecycling.com\/hu\/wp-json\/wp\/v2\/global-categories?post=18966"}],"curies":[{"name":"wp","href":"https:\/\/api.w.org\/{rel}","templated":true}]}}