{"id":18937,"date":"2025-03-03T08:00:38","date_gmt":"2025-03-03T06:00:38","guid":{"rendered":"https:\/\/www.welovecycling.com\/hu\/?p=18937"},"modified":"2025-02-27T15:29:59","modified_gmt":"2025-02-27T13:29:59","slug":"nyeregbol-igazgatoi-szekbe-mit-csinalnak-most-a-kerekparozas-legnagyobbjai","status":"publish","type":"post","link":"https:\/\/www.welovecycling.com\/hu\/kozosseg-es-kultura\/nyeregbol-igazgatoi-szekbe-mit-csinalnak-most-a-kerekparozas-legnagyobbjai\/","title":{"rendered":"Nyeregb\u0151l igazgat\u00f3i sz\u00e9kbe: Mit csin\u00e1lnak most a ker\u00e9kp\u00e1roz\u00e1s legnagyobbjai?"},"content":{"rendered":"<p><strong>Sz\u00e1mos profi kerekes sz\u00e1m\u00e1ra a nyugd\u00edjba vonul\u00e1s nem jelent teljes \u201cvisszavonul\u00e1st.\u201d A ker\u00e9kp\u00e1roz\u00e1s legnagyobb nevei tapasztalataikat sikeres \u00fczleti v\u00e1llalkoz\u00e1sokk\u00e1 alak\u00edtott\u00e1k. Az egykori bajnokok sz\u00e1mtalan \u00faj m\u00f3dot tal\u00e1ltak arra, hogy hat\u00e1st gyakoroljanak a vil\u00e1gra, a ker\u00e9kp\u00e1rgy\u00e1rt\u00e1st\u00f3l a bor\u00e1szatig. N\u00e9zz\u00fck, mivel foglalkoznak a legh\u00edresebb ex-versenyz\u0151k!<\/strong><\/p>\n<p><!--more--><\/p>\n<h2><strong>Eddy Merckx \u2013 A \u201eKannib\u00e1l\u201d ker\u00e9kp\u00e1rbirodalma<\/strong><\/h2>\n<p>Eddy Merckx, akit sokszor a valaha volt legnagyobb ker\u00e9kp\u00e1rosk\u00e9nt emlegetnek, nem vesztegette az id\u0151t a p\u00e1lyafut\u00e1sa ut\u00e1n \u00e9s r\u00f6gt\u00f6n \u00faj karrier \u00e9p\u00edt\u00e9s\u00e9be fogott. 1980-ban, r\u00f6viddel a nyugd\u00edjba vonul\u00e1s\u00e1t k\u00f6vet\u0151en elind\u00edtotta az <u><a href=\"https:\/\/www.eddymerckx.com\/en_INT\">Eddy Merckx Cycles<\/a><\/u>-t, egy Belgiumban m\u0171k\u00f6d\u0151 pr\u00e9mium ker\u00e9kp\u00e1rm\u00e1rk\u00e1t. A c\u00e9g a nagy teljes\u00edtm\u00e9ny\u0171 orsz\u00e1g\u00fati ker\u00e9kp\u00e1rok szinonim\u00e1j\u00e1v\u00e1 v\u00e1lt, melyeket profi csapatok haszn\u00e1ltak. B\u00e1r Merckx k\u00e9s\u0151bb eladta a c\u00e9get, neve tov\u00e1bbra is az egyik legtiszteletrem\u00e9lt\u00f3bb a ker\u00e9kp\u00e1riparban.<\/p>\n<h2><strong>Francesco Moser \u2013 Az orsz\u00e1g\u00fatr\u00f3l a sz\u0151l\u0151\u00fcltetv\u00e9nyekig<\/strong><\/h2>\n<p>Miut\u00e1n megnyerte a 1984-es Giro d\u2019Italia-t \u00e9s megd\u00f6nt\u00f6tte az egy \u00f3ra alatt letekert t\u00e1v rekordj\u00e1t, Francesco Moser z\u00f6kken\u0151mentesen v\u00e1ltott \u00e1t egy m\u00e1sik szenved\u00e9ly\u00e9re \u2013 a bor\u00e1szatra. Az olasz Trentin\u00f3ban m\u0171k\u00f6d\u0151 <u><a href=\"https:\/\/mosertrento.com\/en\/moser\/\">Moser Bor\u00e1szat<\/a><\/u> kiv\u00e1l\u00f3 min\u0151s\u00e9g\u0171 borokat k\u00e9sz\u00edt. Moser csal\u00e1dja gener\u00e1ci\u00f3kon \u00e1t foglalkozott a bor\u00e1szattal, \u0151 pedig a ker\u00e9kp\u00e1roz\u00e1sban alkalmazott fegyelmet a v\u00e1llalkoz\u00e1s b\u0151v\u00edt\u00e9s\u00e9re ford\u00edtotta. M\u00e1ra igencsak el\u0151kel\u0151 helyet foglalnak el borai az olasz piacon.<\/p>\n<p><strong>Fabian Cancellara \u2013 Amat\u0151r csapatvezet\u0151 \u00e9s ker\u00e9kp\u00e1ros ruh\u00e1k<\/strong><\/p>\n<p>A sv\u00e1jci id\u0151futam-kir\u00e1ly, Fabian Cancellara nyugd\u00edjba vonul\u00e1sa ut\u00e1n szint\u00e9n er\u0151s m\u00e1rk\u00e1t \u00e9p\u00edtett fel. Elind\u00edtotta a <u><a href=\"https:\/\/www.chasingcancellara.com\/\">Chasing Cancellara<\/a><\/u>-t, egy \u00e1ll\u00f3k\u00e9pess\u00e9gi versenysorozatot, amely lehet\u0151v\u00e9 teszi az amat\u0151r ker\u00e9kp\u00e1rosok sz\u00e1m\u00e1ra, hogy vele egy\u00fctt tekerjenek. Emelett pedig a ker\u00e9kp\u00e1ros ruh\u00e1zatok piac\u00e1ra is bel\u00e9pett: pr\u00e9mium felszerel\u00e9seket tervez! Ezen fel\u00fcl Cancellara fiatal ker\u00e9kp\u00e1rosok mentor\u00e1l\u00e1s\u00e1ra is koncentr\u00e1l, \u00e9s persze edz\u0151k\u00e9nt is tev\u00e9kenykedik.<\/p>\n<blockquote class=\"instagram-media\" style=\"background: #FFF; border: 0; border-radius: 3px; box-shadow: 0 0 1px 0 rgba(0,0,0,0.5),0 1px 10px 0 rgba(0,0,0,0.15); margin: 1px; max-width: 540px; min-width: 326px; padding: 0; width: calc(100% - 2px);\" data-instgrm-permalink=\"https:\/\/www.instagram.com\/p\/DFnnu4mNIBz\/?utm_source=ig_embed&amp;utm_campaign=loading\" data-instgrm-version=\"14\">\n<div style=\"padding: 16px;\">\n<p>&nbsp;<\/p>\n<div style=\"display: flex; flex-direction: row; align-items: center;\">\n<div style=\"background-color: #f4f4f4; border-radius: 50%; flex-grow: 0; height: 40px; margin-right: 14px; width: 40px;\"><\/div>\n<div style=\"display: flex; flex-direction: column; flex-grow: 1; justify-content: center;\">\n<div style=\"background-color: #f4f4f4; border-radius: 4px; flex-grow: 0; height: 14px; margin-bottom: 6px; width: 100px;\"><\/div>\n<div style=\"background-color: #f4f4f4; border-radius: 4px; flex-grow: 0; height: 14px; width: 60px;\"><\/div>\n<\/div>\n<\/div>\n<div style=\"padding: 19% 0;\"><\/div>\n<div style=\"display: block; height: 50px; margin: 0 auto 12px; width: 50px;\"><\/div>\n<div style=\"padding-top: 8px;\">\n<div style=\"color: #3897f0; font-family: Arial,sans-serif; font-size: 14px; font-style: normal; font-weight: 550; line-height: 18px;\">Zobrazit p\u0159\u00edsp\u011bvek na Instagramu<\/div>\n<\/div>\n<div style=\"padding: 12.5% 0;\"><\/div>\n<div style=\"display: flex; flex-direction: row; margin-bottom: 14px; align-items: center;\">\n<div>\n<div style=\"background-color: #f4f4f4; border-radius: 50%; height: 12.5px; width: 12.5px; transform: translateX(0px) translateY(7px);\"><\/div>\n<div style=\"background-color: #f4f4f4; height: 12.5px; transform: rotate(-45deg) translateX(3px) translateY(1px); width: 12.5px; flex-grow: 0; margin-right: 14px; margin-left: 2px;\"><\/div>\n<div style=\"background-color: #f4f4f4; border-radius: 50%; height: 12.5px; width: 12.5px; transform: translateX(9px) translateY(-18px);\"><\/div>\n<\/div>\n<div style=\"margin-left: 8px;\">\n<div style=\"background-color: #f4f4f4; border-radius: 50%; flex-grow: 0; height: 20px; width: 20px;\"><\/div>\n<div style=\"width: 0; height: 0; border-top: 2px solid transparent; border-left: 6px solid #f4f4f4; border-bottom: 2px solid transparent; transform: translateX(16px) translateY(-4px) rotate(30deg);\"><\/div>\n<\/div>\n<div style=\"margin-left: auto;\">\n<div style=\"width: 0px; border-top: 8px solid #F4F4F4; border-right: 8px solid transparent; transform: translateY(16px);\"><\/div>\n<div style=\"background-color: #f4f4f4; flex-grow: 0; height: 12px; width: 16px; transform: translateY(-4px);\"><\/div>\n<div style=\"width: 0; height: 0; border-top: 8px solid #F4F4F4; border-left: 8px solid transparent; transform: translateY(-4px) translateX(8px);\"><\/div>\n<\/div>\n<\/div>\n<div style=\"display: flex; flex-direction: column; flex-grow: 1; justify-content: center; margin-bottom: 24px;\">\n<div style=\"background-color: #f4f4f4; border-radius: 4px; flex-grow: 0; height: 14px; margin-bottom: 6px; width: 224px;\"><\/div>\n<div style=\"background-color: #f4f4f4; border-radius: 4px; flex-grow: 0; height: 14px; width: 144px;\"><\/div>\n<\/div>\n<p>&nbsp;<\/p>\n<p style=\"color: #c9c8cd; font-family: Arial,sans-serif; font-size: 14px; line-height: 17px; margin-bottom: 0; margin-top: 8px; overflow: hidden; padding: 8px 0 7px; text-align: center; text-overflow: ellipsis; white-space: nowrap;\"><a style=\"color: #c9c8cd; font-family: Arial,sans-serif; font-size: 14px; font-style: normal; font-weight: normal; line-height: 17px; text-decoration: none;\" href=\"https:\/\/www.instagram.com\/p\/DFnnu4mNIBz\/?utm_source=ig_embed&amp;utm_campaign=loading\" target=\"_blank\" rel=\"noopener\">P\u0159\u00edsp\u011bvek sd\u00edlen\u00fd Chasing Cancellara (@chasingcancellara)<\/a><\/p>\n<\/div>\n<\/blockquote>\n<p><script async src=\"\/\/www.instagram.com\/embed.js\"><\/script><\/p>\n<p><strong>Chris Boardman \u2013 Innov\u00e1ci\u00f3 a ker\u00e9kp\u00e1ros technol\u00f3gi\u00e1ban<br \/>\n<\/strong>A brit ker\u00e9kp\u00e1ros legenda, Chris Boardman m\u00e9ly ismereteit, amit az aerodinamik\u00e1r\u00f3l \u00e9s a teljes\u00edtm\u00e9nyr\u0151l szerzett karrierje sor\u00e1n \u00fczleti birodalomm\u00e1 form\u00e1lta nyugd\u00edjas \u00e9veiben. Megalap\u00edtotta a <u><a href=\"https:\/\/www.boardmanbikes.com\/gb_en\/\">Boardman Bikes<\/a><\/u> m\u00e1rk\u00e1t, amely kiv\u00e1l\u00f3 min\u0151s\u00e9g\u0171 ker\u00e9kp\u00e1rokat k\u00edn\u00e1l mindenkinek \u2013 a profi versenyz\u0151kt\u0151l a mindennapi haszn\u00e1l\u00f3kig. Aerodinamikai szak\u00e9rtelme miatt a brit olimpiai ker\u00e9kp\u00e1ros csapattal is dolgozott egy\u00fctt. K\u00e9s\u0151bb Boardman a v\u00e1rosi mobilit\u00e1s fel\u00e9 nyitott, \u00e9s a jobb ker\u00e9kp\u00e1ros infrastrukt\u00far\u00e1\u00e9rt harcol az Egyes\u00fclt Kir\u00e1lys\u00e1gban.<\/p>\n<p><strong>Alberto Contador \u2013 A t\u00f6k\u00e9letes ker\u00e9kp\u00e1r\u00e9lm\u00e9ny megteremt\u00e9se<br \/>\n<\/strong>A k\u00e9tszeres Tour de France-gy\u0151ztes, Alberto Contador az <u><a href=\"https:\/\/aurumbikes.com\/\">Aurum Bikes<\/a><\/u> t\u00e1rsalap\u00edt\u00f3ja, amit szint\u00e9n profi ker\u00e9kp\u00e1ros t\u00e1rs\u00e1val, Ivan Basso-val hozott l\u00e9tre. A m\u00e1rka a nagy teljes\u00edtm\u00e9ny\u0171 orsz\u00e1g\u00fati ker\u00e9kp\u00e1rokra f\u00f3kusz\u00e1l, \u00f6tv\u00f6zve Contador versenytud\u00e1s\u00e1t a modern m\u00e9rn\u00f6ki megold\u00e1sokkal. Emellett a <u><a href=\"https:\/\/fundacionalbertocontador.org\/\">Fundaci\u00f3n Contador<\/a><\/u> szervezet r\u00e9v\u00e9n tov\u00e1bbra is akt\u00edvan r\u00e9szt vesz a sportban, t\u00e1mogatja a fiatal ker\u00e9kp\u00e1rosokat \u00e9s n\u00e9pszer\u0171s\u00edti a ker\u00e9kp\u00e1roz\u00e1st, mint eg\u00e9szs\u00e9ges \u00e9letm\u00f3dot.<\/p>\n<p><strong>Maurizio Fondriest \u2013 Precizit\u00e1s a ker\u00e9kp\u00e1rtervez\u00e9sben<br \/>\n<\/strong>Maurizio Fondriest, a 1988-as vil\u00e1gbajnok, szak\u00e9rtelm\u00e9t imm\u00e1r a ker\u00e9kp\u00e1rgy\u00e1rt\u00e1sban mutatja meg. A <u><a href=\"https:\/\/www.fondriestbici.com\/en\/\">Fondriest Bikes<\/a><\/u> az \u00e9lvonalbeli technol\u00f3gia \u00e9s az olasz k\u00e9zm\u0171vess\u00e9g \u00f6tv\u00f6zet\u00e9r\u0151l v\u00e1lt ismertt\u00e9. B\u00e1r nem olyan sz\u00e9les k\u00f6rben elismert, mint n\u00e9h\u00e1ny m\u00e1s m\u00e1rka, a Fondriest ker\u00e9kp\u00e1rok h\u0171s\u00e9ges rajong\u00f3t\u00e1bort szereztek a ker\u00e9kp\u00e1rosok k\u00f6r\u00e9ben, akik \u00e9rt\u00e9kelik a letisztult diz\u00e1jnt \u00e9s a teljes\u00edtm\u00e9nyre f\u00f3kusz\u00e1l\u00f3 m\u00e9rn\u00f6ki megold\u00e1sokat.<\/p>\n<p><strong>Bernard Hinault \u2013 Gazd\u00e1lkod\u00e1s \u00e9s a ker\u00e9kp\u00e1roz\u00e1s t\u00e1mogat\u00e1sa<br \/>\n<\/strong>A versenyben mutatott agressz\u00edv st\u00edlusa miatt \u201ea Borz\u201d becenevet kapott Bernard Hinault teljesen m\u00e1s \u00e9letutat v\u00e1lasztott a ker\u00e9kp\u00e1roz\u00e1s ut\u00e1n. Az \u00f6tsz\u00f6r\u00f6s Tour de France-gy\u0151ztes visszat\u00e9rt a gy\u00f6kereihez, \u00e9s jelenleg <u><a href=\"https:\/\/www.rouleur.cc\/blogs\/the-rouleur-journal\/bernard-hinault-interview-part-1-hunting-for-the-badger?srsltid=AfmBOoqNmGKpBwPuNq_7FFzE9OHCHJ99XbpEB7HzvfcXFRE6jqh-g4d2\">egy farmot vezet a francia Bretagne-ban<\/a><\/u>. Annak ellen\u00e9re, hogy a ker\u00e9kp\u00e1roz\u00e1s \u00fczleti oldal\u00e1t maga m\u00f6g\u00f6tt hagyta, Hinault tov\u00e1bbra is akt\u00edv a sportban, gyakran felt\u0171nik a Tour de France rendezv\u00e9nyein, \u00e9s hat\u00e1rozott v\u00e9lem\u00e9nye van a modern ker\u00e9kp\u00e1roz\u00e1sr\u00f3l, amit nem rejt v\u00e9ka al\u00e1.<\/p>\n","protected":false},"excerpt":{"rendered":"<p>Sz\u00e1mos profi kerekes sz\u00e1m\u00e1ra a nyugd\u00edjba vonul\u00e1s nem jelent teljes \u201cvisszavonul\u00e1st.\u201d A ker\u00e9kp\u00e1roz\u00e1s legnagyobb nevei tapasztalataikat sikeres \u00fczleti v\u00e1llalkoz\u00e1sokk\u00e1 alak\u00edtott\u00e1k. [&hellip;]<\/p>\n","protected":false},"author":71,"featured_media":18938,"comment_status":"open","ping_status":"open","sticky":false,"template":"","format":"standard","meta":{"footnotes":""},"categories":[12],"tags":[],"global-categories":[],"class_list":["post-18937","post","type-post","status-publish","format-standard","has-post-thumbnail","hentry","category-kozosseg-es-kultura"],"yoast_head":"<!-- This site is optimized with the Yoast SEO Premium plugin v25.3 (Yoast SEO v25.9) - https:\/\/yoast.com\/wordpress\/plugins\/seo\/ -->\n<title>Nyeregb\u0151l igazgat\u00f3i sz\u00e9kbe: Mit csin\u00e1lnak most a ker\u00e9kp\u00e1roz\u00e1s legnagyobbjai?<\/title>\n<meta name=\"description\" content=\"Sz\u00e1mos profi kerekes sz\u00e1m\u00e1ra a nyugd\u00edjba vonul\u00e1s nem jelent teljes \u201cvisszavonul\u00e1st.\u201d A ker\u00e9kp\u00e1roz\u00e1s legnagyobb nevei tapasztalataikat sikeres \u00fczleti v\u00e1llalkoz\u00e1sokk\u00e1 alak\u00edtott\u00e1k. Az egykori bajnokok sz\u00e1mtalan \u00faj m\u00f3dot tal\u00e1ltak arra, hogy hat\u00e1st gyakoroljanak a vil\u00e1gra, a ker\u00e9kp\u00e1rgy\u00e1rt\u00e1st\u00f3l a bor\u00e1szatig. N\u00e9zz\u00fck, mivel foglalkoznak a legh\u00edresebb ex-versenyz\u0151k!\" \/>\n<meta name=\"robots\" content=\"index, follow, max-snippet:-1, max-image-preview:large, max-video-preview:-1\" \/>\n<link rel=\"canonical\" href=\"https:\/\/www.welovecycling.com\/hu\/kozosseg-es-kultura\/nyeregbol-igazgatoi-szekbe-mit-csinalnak-most-a-kerekparozas-legnagyobbjai\/\" \/>\n<meta property=\"og:locale\" content=\"hu_HU\" \/>\n<meta property=\"og:type\" content=\"article\" \/>\n<meta property=\"og:title\" content=\"Nyeregb\u0151l igazgat\u00f3i sz\u00e9kbe: Mit csin\u00e1lnak most a ker\u00e9kp\u00e1roz\u00e1s legnagyobbjai?\" \/>\n<meta property=\"og:description\" content=\"Sz\u00e1mos profi kerekes sz\u00e1m\u00e1ra a nyugd\u00edjba vonul\u00e1s nem jelent teljes \u201cvisszavonul\u00e1st.\u201d A ker\u00e9kp\u00e1roz\u00e1s legnagyobb nevei tapasztalataikat sikeres \u00fczleti v\u00e1llalkoz\u00e1sokk\u00e1 alak\u00edtott\u00e1k. Az egykori bajnokok sz\u00e1mtalan \u00faj m\u00f3dot tal\u00e1ltak arra, hogy hat\u00e1st gyakoroljanak a vil\u00e1gra, a ker\u00e9kp\u00e1rgy\u00e1rt\u00e1st\u00f3l a bor\u00e1szatig. N\u00e9zz\u00fck, mivel foglalkoznak a legh\u00edresebb ex-versenyz\u0151k!\" \/>\n<meta property=\"og:url\" content=\"https:\/\/www.welovecycling.com\/hu\/kozosseg-es-kultura\/nyeregbol-igazgatoi-szekbe-mit-csinalnak-most-a-kerekparozas-legnagyobbjai\/\" \/>\n<meta property=\"og:site_name\" content=\"\u0160koda We Love Cycling - Magyarorsz\u00e1g\" \/>\n<meta property=\"article:publisher\" content=\"https:\/\/www.facebook.com\/WeLoveCyclingHungary\/\" \/>\n<meta property=\"article:published_time\" content=\"2025-03-03T06:00:38+00:00\" \/>\n<meta property=\"og:image\" content=\"https:\/\/d2p6e6u75xmxt8.cloudfront.net\/12\/2025\/02\/Eddy-Merckx-profimedia-0454242524-CVR.webp\" \/>\n\t<meta property=\"og:image:width\" content=\"990\" \/>\n\t<meta property=\"og:image:height\" content=\"660\" \/>\n\t<meta property=\"og:image:type\" content=\"image\/webp\" \/>\n<meta name=\"author\" content=\"hegyizs\" \/>\n<meta name=\"twitter:card\" content=\"summary_large_image\" \/>\n<meta name=\"twitter:label1\" content=\"Written by\" \/>\n\t<meta name=\"twitter:data1\" content=\"Monica Buck\" \/>\n\t<meta name=\"twitter:label2\" content=\"Est. reading time\" \/>\n\t<meta name=\"twitter:data2\" content=\"2\" \/>\n<script type=\"application\/ld+json\" class=\"yoast-schema-graph\">{\"@context\":\"https:\/\/schema.org\",\"@graph\":[{\"@type\":\"WebPage\",\"@id\":\"https:\/\/www.welovecycling.com\/hu\/kozosseg-es-kultura\/nyeregbol-igazgatoi-szekbe-mit-csinalnak-most-a-kerekparozas-legnagyobbjai\/\",\"url\":\"https:\/\/www.welovecycling.com\/hu\/kozosseg-es-kultura\/nyeregbol-igazgatoi-szekbe-mit-csinalnak-most-a-kerekparozas-legnagyobbjai\/\",\"name\":\"Nyeregb\u0151l igazgat\u00f3i sz\u00e9kbe: Mit csin\u00e1lnak most a ker\u00e9kp\u00e1roz\u00e1s legnagyobbjai?\",\"isPartOf\":{\"@id\":\"https:\/\/www.welovecycling.com\/hu\/#website\"},\"primaryImageOfPage\":{\"@id\":\"https:\/\/www.welovecycling.com\/hu\/kozosseg-es-kultura\/nyeregbol-igazgatoi-szekbe-mit-csinalnak-most-a-kerekparozas-legnagyobbjai\/#primaryimage\"},\"image\":{\"@id\":\"https:\/\/www.welovecycling.com\/hu\/kozosseg-es-kultura\/nyeregbol-igazgatoi-szekbe-mit-csinalnak-most-a-kerekparozas-legnagyobbjai\/#primaryimage\"},\"thumbnailUrl\":\"https:\/\/d2p6e6u75xmxt8.cloudfront.net\/12\/2025\/02\/Eddy-Merckx-profimedia-0454242524-CVR.webp\",\"datePublished\":\"2025-03-03T06:00:38+00:00\",\"author\":{\"@id\":\"https:\/\/www.welovecycling.com\/hu\/#\/schema\/person\/414a2aebf1801691a5320edb6468e194\"},\"description\":\"Sz\u00e1mos profi kerekes sz\u00e1m\u00e1ra a nyugd\u00edjba vonul\u00e1s nem jelent teljes \u201cvisszavonul\u00e1st.\u201d A ker\u00e9kp\u00e1roz\u00e1s legnagyobb nevei tapasztalataikat sikeres \u00fczleti v\u00e1llalkoz\u00e1sokk\u00e1 alak\u00edtott\u00e1k. Az egykori bajnokok sz\u00e1mtalan \u00faj m\u00f3dot tal\u00e1ltak arra, hogy hat\u00e1st gyakoroljanak a vil\u00e1gra, a ker\u00e9kp\u00e1rgy\u00e1rt\u00e1st\u00f3l a bor\u00e1szatig. N\u00e9zz\u00fck, mivel foglalkoznak a legh\u00edresebb ex-versenyz\u0151k!\",\"breadcrumb\":{\"@id\":\"https:\/\/www.welovecycling.com\/hu\/kozosseg-es-kultura\/nyeregbol-igazgatoi-szekbe-mit-csinalnak-most-a-kerekparozas-legnagyobbjai\/#breadcrumb\"},\"inLanguage\":\"hu\",\"potentialAction\":[{\"@type\":\"ReadAction\",\"target\":[\"https:\/\/www.welovecycling.com\/hu\/kozosseg-es-kultura\/nyeregbol-igazgatoi-szekbe-mit-csinalnak-most-a-kerekparozas-legnagyobbjai\/\"]}]},{\"@type\":\"ImageObject\",\"inLanguage\":\"hu\",\"@id\":\"https:\/\/www.welovecycling.com\/hu\/kozosseg-es-kultura\/nyeregbol-igazgatoi-szekbe-mit-csinalnak-most-a-kerekparozas-legnagyobbjai\/#primaryimage\",\"url\":\"https:\/\/d2p6e6u75xmxt8.cloudfront.net\/12\/2025\/02\/Eddy-Merckx-profimedia-0454242524-CVR.webp\",\"contentUrl\":\"https:\/\/d2p6e6u75xmxt8.cloudfront.net\/12\/2025\/02\/Eddy-Merckx-profimedia-0454242524-CVR.webp\",\"width\":990,\"height\":660,\"caption\":\"Eddy Merckx\"},{\"@type\":\"BreadcrumbList\",\"@id\":\"https:\/\/www.welovecycling.com\/hu\/kozosseg-es-kultura\/nyeregbol-igazgatoi-szekbe-mit-csinalnak-most-a-kerekparozas-legnagyobbjai\/#breadcrumb\",\"itemListElement\":[{\"@type\":\"ListItem\",\"position\":1,\"name\":\"Home\",\"item\":\"https:\/\/www.welovecycling.com\/hu\/\"},{\"@type\":\"ListItem\",\"position\":2,\"name\":\"Nyeregb\u0151l igazgat\u00f3i sz\u00e9kbe: Mit csin\u00e1lnak most a ker\u00e9kp\u00e1roz\u00e1s legnagyobbjai?\"}]},{\"@type\":\"WebSite\",\"@id\":\"https:\/\/www.welovecycling.com\/hu\/#website\",\"url\":\"https:\/\/www.welovecycling.com\/hu\/\",\"name\":\"\u0160koda We Love Cycling - Magyarorsz\u00e1g\",\"description\":\"\u0160koda WeLoveCycling\",\"potentialAction\":[{\"@type\":\"SearchAction\",\"target\":{\"@type\":\"EntryPoint\",\"urlTemplate\":\"https:\/\/www.welovecycling.com\/hu\/?s={search_term_string}\"},\"query-input\":{\"@type\":\"PropertyValueSpecification\",\"valueRequired\":true,\"valueName\":\"search_term_string\"}}],\"inLanguage\":\"hu\"},{\"@type\":\"Person\",\"@id\":\"https:\/\/www.welovecycling.com\/hu\/#\/schema\/person\/414a2aebf1801691a5320edb6468e194\",\"name\":\"hegyizs\",\"image\":{\"@type\":\"ImageObject\",\"inLanguage\":\"hu\",\"@id\":\"https:\/\/www.welovecycling.com\/hu\/#\/schema\/person\/image\/\",\"url\":\"https:\/\/secure.gravatar.com\/avatar\/02cf8a7906b8cf90cecb4679defac7cfd33a1c2e3b88e4903d947f3bb58eedd3?s=96&d=mm&r=g\",\"contentUrl\":\"https:\/\/secure.gravatar.com\/avatar\/02cf8a7906b8cf90cecb4679defac7cfd33a1c2e3b88e4903d947f3bb58eedd3?s=96&d=mm&r=g\",\"caption\":\"hegyizs\"},\"url\":\"https:\/\/www.welovecycling.com\/hu\/author\/hegyizs\/\"}]}<\/script>\n<!-- \/ Yoast SEO Premium plugin. -->","yoast_head_json":{"title":"Nyeregb\u0151l igazgat\u00f3i sz\u00e9kbe: Mit csin\u00e1lnak most a ker\u00e9kp\u00e1roz\u00e1s legnagyobbjai?","description":"Sz\u00e1mos profi kerekes sz\u00e1m\u00e1ra a nyugd\u00edjba vonul\u00e1s nem jelent teljes \u201cvisszavonul\u00e1st.\u201d A ker\u00e9kp\u00e1roz\u00e1s legnagyobb nevei tapasztalataikat sikeres \u00fczleti v\u00e1llalkoz\u00e1sokk\u00e1 alak\u00edtott\u00e1k. Az egykori bajnokok sz\u00e1mtalan \u00faj m\u00f3dot tal\u00e1ltak arra, hogy hat\u00e1st gyakoroljanak a vil\u00e1gra, a ker\u00e9kp\u00e1rgy\u00e1rt\u00e1st\u00f3l a bor\u00e1szatig. N\u00e9zz\u00fck, mivel foglalkoznak a legh\u00edresebb ex-versenyz\u0151k!","robots":{"index":"index","follow":"follow","max-snippet":"max-snippet:-1","max-image-preview":"max-image-preview:large","max-video-preview":"max-video-preview:-1"},"canonical":"https:\/\/www.welovecycling.com\/hu\/kozosseg-es-kultura\/nyeregbol-igazgatoi-szekbe-mit-csinalnak-most-a-kerekparozas-legnagyobbjai\/","og_locale":"hu_HU","og_type":"article","og_title":"Nyeregb\u0151l igazgat\u00f3i sz\u00e9kbe: Mit csin\u00e1lnak most a ker\u00e9kp\u00e1roz\u00e1s legnagyobbjai?","og_description":"Sz\u00e1mos profi kerekes sz\u00e1m\u00e1ra a nyugd\u00edjba vonul\u00e1s nem jelent teljes \u201cvisszavonul\u00e1st.\u201d A ker\u00e9kp\u00e1roz\u00e1s legnagyobb nevei tapasztalataikat sikeres \u00fczleti v\u00e1llalkoz\u00e1sokk\u00e1 alak\u00edtott\u00e1k. Az egykori bajnokok sz\u00e1mtalan \u00faj m\u00f3dot tal\u00e1ltak arra, hogy hat\u00e1st gyakoroljanak a vil\u00e1gra, a ker\u00e9kp\u00e1rgy\u00e1rt\u00e1st\u00f3l a bor\u00e1szatig. N\u00e9zz\u00fck, mivel foglalkoznak a legh\u00edresebb ex-versenyz\u0151k!","og_url":"https:\/\/www.welovecycling.com\/hu\/kozosseg-es-kultura\/nyeregbol-igazgatoi-szekbe-mit-csinalnak-most-a-kerekparozas-legnagyobbjai\/","og_site_name":"\u0160koda We Love Cycling - Magyarorsz\u00e1g","article_publisher":"https:\/\/www.facebook.com\/WeLoveCyclingHungary\/","article_published_time":"2025-03-03T06:00:38+00:00","og_image":[{"width":990,"height":660,"url":"https:\/\/d2p6e6u75xmxt8.cloudfront.net\/12\/2025\/02\/Eddy-Merckx-profimedia-0454242524-CVR.webp","type":"image\/webp"}],"author":"hegyizs","twitter_card":"summary_large_image","twitter_misc":{"Written by":"Monica Buck","Est. reading time":"2"},"schema":{"@context":"https:\/\/schema.org","@graph":[{"@type":"WebPage","@id":"https:\/\/www.welovecycling.com\/hu\/kozosseg-es-kultura\/nyeregbol-igazgatoi-szekbe-mit-csinalnak-most-a-kerekparozas-legnagyobbjai\/","url":"https:\/\/www.welovecycling.com\/hu\/kozosseg-es-kultura\/nyeregbol-igazgatoi-szekbe-mit-csinalnak-most-a-kerekparozas-legnagyobbjai\/","name":"Nyeregb\u0151l igazgat\u00f3i sz\u00e9kbe: Mit csin\u00e1lnak most a ker\u00e9kp\u00e1roz\u00e1s legnagyobbjai?","isPartOf":{"@id":"https:\/\/www.welovecycling.com\/hu\/#website"},"primaryImageOfPage":{"@id":"https:\/\/www.welovecycling.com\/hu\/kozosseg-es-kultura\/nyeregbol-igazgatoi-szekbe-mit-csinalnak-most-a-kerekparozas-legnagyobbjai\/#primaryimage"},"image":{"@id":"https:\/\/www.welovecycling.com\/hu\/kozosseg-es-kultura\/nyeregbol-igazgatoi-szekbe-mit-csinalnak-most-a-kerekparozas-legnagyobbjai\/#primaryimage"},"thumbnailUrl":"https:\/\/d2p6e6u75xmxt8.cloudfront.net\/12\/2025\/02\/Eddy-Merckx-profimedia-0454242524-CVR.webp","datePublished":"2025-03-03T06:00:38+00:00","author":{"@id":"https:\/\/www.welovecycling.com\/hu\/#\/schema\/person\/414a2aebf1801691a5320edb6468e194"},"description":"Sz\u00e1mos profi kerekes sz\u00e1m\u00e1ra a nyugd\u00edjba vonul\u00e1s nem jelent teljes \u201cvisszavonul\u00e1st.\u201d A ker\u00e9kp\u00e1roz\u00e1s legnagyobb nevei tapasztalataikat sikeres \u00fczleti v\u00e1llalkoz\u00e1sokk\u00e1 alak\u00edtott\u00e1k. Az egykori bajnokok sz\u00e1mtalan \u00faj m\u00f3dot tal\u00e1ltak arra, hogy hat\u00e1st gyakoroljanak a vil\u00e1gra, a ker\u00e9kp\u00e1rgy\u00e1rt\u00e1st\u00f3l a bor\u00e1szatig. N\u00e9zz\u00fck, mivel foglalkoznak a legh\u00edresebb ex-versenyz\u0151k!","breadcrumb":{"@id":"https:\/\/www.welovecycling.com\/hu\/kozosseg-es-kultura\/nyeregbol-igazgatoi-szekbe-mit-csinalnak-most-a-kerekparozas-legnagyobbjai\/#breadcrumb"},"inLanguage":"hu","potentialAction":[{"@type":"ReadAction","target":["https:\/\/www.welovecycling.com\/hu\/kozosseg-es-kultura\/nyeregbol-igazgatoi-szekbe-mit-csinalnak-most-a-kerekparozas-legnagyobbjai\/"]}]},{"@type":"ImageObject","inLanguage":"hu","@id":"https:\/\/www.welovecycling.com\/hu\/kozosseg-es-kultura\/nyeregbol-igazgatoi-szekbe-mit-csinalnak-most-a-kerekparozas-legnagyobbjai\/#primaryimage","url":"https:\/\/d2p6e6u75xmxt8.cloudfront.net\/12\/2025\/02\/Eddy-Merckx-profimedia-0454242524-CVR.webp","contentUrl":"https:\/\/d2p6e6u75xmxt8.cloudfront.net\/12\/2025\/02\/Eddy-Merckx-profimedia-0454242524-CVR.webp","width":990,"height":660,"caption":"Eddy Merckx"},{"@type":"BreadcrumbList","@id":"https:\/\/www.welovecycling.com\/hu\/kozosseg-es-kultura\/nyeregbol-igazgatoi-szekbe-mit-csinalnak-most-a-kerekparozas-legnagyobbjai\/#breadcrumb","itemListElement":[{"@type":"ListItem","position":1,"name":"Home","item":"https:\/\/www.welovecycling.com\/hu\/"},{"@type":"ListItem","position":2,"name":"Nyeregb\u0151l igazgat\u00f3i sz\u00e9kbe: Mit csin\u00e1lnak most a ker\u00e9kp\u00e1roz\u00e1s legnagyobbjai?"}]},{"@type":"WebSite","@id":"https:\/\/www.welovecycling.com\/hu\/#website","url":"https:\/\/www.welovecycling.com\/hu\/","name":"\u0160koda We Love Cycling - Magyarorsz\u00e1g","description":"\u0160koda WeLoveCycling","potentialAction":[{"@type":"SearchAction","target":{"@type":"EntryPoint","urlTemplate":"https:\/\/www.welovecycling.com\/hu\/?s={search_term_string}"},"query-input":{"@type":"PropertyValueSpecification","valueRequired":true,"valueName":"search_term_string"}}],"inLanguage":"hu"},{"@type":"Person","@id":"https:\/\/www.welovecycling.com\/hu\/#\/schema\/person\/414a2aebf1801691a5320edb6468e194","name":"hegyizs","image":{"@type":"ImageObject","inLanguage":"hu","@id":"https:\/\/www.welovecycling.com\/hu\/#\/schema\/person\/image\/","url":"https:\/\/secure.gravatar.com\/avatar\/02cf8a7906b8cf90cecb4679defac7cfd33a1c2e3b88e4903d947f3bb58eedd3?s=96&d=mm&r=g","contentUrl":"https:\/\/secure.gravatar.com\/avatar\/02cf8a7906b8cf90cecb4679defac7cfd33a1c2e3b88e4903d947f3bb58eedd3?s=96&d=mm&r=g","caption":"hegyizs"},"url":"https:\/\/www.welovecycling.com\/hu\/author\/hegyizs\/"}]}},"_links":{"self":[{"href":"https:\/\/www.welovecycling.com\/hu\/wp-json\/wp\/v2\/posts\/18937","targetHints":{"allow":["GET"]}}],"collection":[{"href":"https:\/\/www.welovecycling.com\/hu\/wp-json\/wp\/v2\/posts"}],"about":[{"href":"https:\/\/www.welovecycling.com\/hu\/wp-json\/wp\/v2\/types\/post"}],"author":[{"embeddable":true,"href":"https:\/\/www.welovecycling.com\/hu\/wp-json\/wp\/v2\/users\/71"}],"replies":[{"embeddable":true,"href":"https:\/\/www.welovecycling.com\/hu\/wp-json\/wp\/v2\/comments?post=18937"}],"version-history":[{"count":1,"href":"https:\/\/www.welovecycling.com\/hu\/wp-json\/wp\/v2\/posts\/18937\/revisions"}],"predecessor-version":[{"id":18939,"href":"https:\/\/www.welovecycling.com\/hu\/wp-json\/wp\/v2\/posts\/18937\/revisions\/18939"}],"wp:featuredmedia":[{"embeddable":true,"href":"https:\/\/www.welovecycling.com\/hu\/wp-json\/wp\/v2\/media\/18938"}],"wp:attachment":[{"href":"https:\/\/www.welovecycling.com\/hu\/wp-json\/wp\/v2\/media?parent=18937"}],"wp:term":[{"taxonomy":"category","embeddable":true,"href":"https:\/\/www.welovecycling.com\/hu\/wp-json\/wp\/v2\/categories?post=18937"},{"taxonomy":"post_tag","embeddable":true,"href":"https:\/\/www.welovecycling.com\/hu\/wp-json\/wp\/v2\/tags?post=18937"},{"taxonomy":"global-categories","embeddable":true,"href":"https:\/\/www.welovecycling.com\/hu\/wp-json\/wp\/v2\/global-categories?post=18937"}],"curies":[{"name":"wp","href":"https:\/\/api.w.org\/{rel}","templated":true}]}}