{"id":18926,"date":"2025-02-19T16:53:32","date_gmt":"2025-02-19T14:53:32","guid":{"rendered":"https:\/\/www.welovecycling.com\/hu\/?p=18926"},"modified":"2025-02-19T16:54:21","modified_gmt":"2025-02-19T14:54:21","slug":"nem-volt-egy-rossz-menet-ugye-tenyleg-visszavonul-a-tour-gyoztes-walesi-fenegyerek","status":"publish","type":"post","link":"https:\/\/www.welovecycling.com\/hu\/orszaguti-kerekpar\/nem-volt-egy-rossz-menet-ugye-tenyleg-visszavonul-a-tour-gyoztes-walesi-fenegyerek\/","title":{"rendered":"\u201eNem volt egy rossz menet, ugye?\u201d \u2013 t\u00e9nyleg visszavonul a Tour-gy\u0151ztes walesi fenegyerek"},"content":{"rendered":"<p><strong>Csaknem k\u00e9t \u00e9vtizedes gazdag p\u00e1lyafut\u00e1s v\u00e9g\u00e9re tesz pontot id\u00e9n Geraint Thomas, aki st\u00edlusosan a szeptemberi Brit K\u00f6rversenyen b\u00facs\u00fazik majd h\u00e1l\u00e1s hazai k\u00f6z\u00f6ns\u00e9g\u00e9t\u0151l \u00e9s az profi orsz\u00e1g\u00fati ker\u00e9kp\u00e1rsportt\u00f3l!<\/strong><!--more--><\/p>\n<p>Tulajdonk\u00e9ppen nem \u00e1rult zs\u00e1kbamacsk\u00e1t Geraint Thomas, amikor 2023-ban k\u00e9t\u00e9ves szerz\u0151d\u00e9shosszabb\u00edt\u00e1st \u00edrt al\u00e1 az Ineosszal: m\u00e1r akkor megpend\u00edtette, hogy ezek lesznek az utols\u00f3 \u00e9vei a profi ker\u00e9kp\u00e1rsportban. A veter\u00e1n walesi be is v\u00e1ltotta \u201e\u00edg\u00e9ret\u00e9t\u201d, a h\u00e9t elej\u00e9n bejelentette, hogy a szezon v\u00e9g\u00e9n sz\u00f6gre akasztja a bring\u00e1t. \u201eGondoltam, itt az id\u0151, hogy hivataloss\u00e1 tegy\u00fck: igen, ez lesz az utols\u00f3 \u00e9vem a mez\u0151nyben. Nem volt egy rossz menet, igaz? Soha, a legvadabb \u00e1lmaimban sem gondoltam volna, hogy 19 \u00e9ven \u00e1t leszek profi versenyz\u0151. Sok id\u0151m lesz majd a visszatekint\u00e9sre, de el\u0151tte m\u00e9g van n\u00e9h\u00e1ny nagy versenyem, amire fel kell k\u00e9sz\u00fcln\u00f6m\u201d \u2013 \u00edrta k\u00f6z\u00f6ss\u00e9gi oldal\u00e1n a 38 \u00e9ves klasszis, aki anno 2006-ban kezdett profiskodni.<\/p>\n<p>K\u00e9t \u00e9vtized a legmagasabb szinten ebben a sport\u00e1gban \u00f6nmag\u00e1ban megs\u00fcvegelend\u0151, eredm\u00e9nyei, illetve annak tudat\u00e1ban meg f\u0151leg, hogy nem sok h\u00edja volt, hogy m\u00e1r id\u0151 el\u0151tt v\u00e9get \u00e9rjen \u00edg\u00e9retes p\u00e1lyafut\u00e1sa. A 2005-\u00f6s \u00e9v elej\u00e9n, m\u00e9g ifik\u00e9nt nagyon s\u00falyos edz\u00e9sbalesetet szenvedett Sydney-ben: az el\u0151tte halad\u00f3 t\u00e1rs kereke menet k\u00f6zben felvert egy \u00fattesten hever\u0151 f\u00e9mdarabot, ami roppant balszerencs\u00e9s m\u00f3don el\u0151sz\u00f6r Thomas gumij\u00e1ba, majd a buk\u00e1s k\u00f6vetkezt\u00e9ben egyenesen a test\u00e9be f\u00far\u00f3dott, berepesztve a l\u00e9p\u00e9t \u00e9s bels\u0151 v\u00e9rz\u00e9st okozva, a szervet el is kellett t\u00e1vol\u00edtani. A megr\u00e1zk\u00f3dtat\u00e1sok ut\u00e1n azonban visszat\u00e9rt, gy\u00f3gyultan ism\u00e9t a nyeregbe pattant, \u00e9s 2007-ben a mez\u0151ny legfiatalabb tagjak\u00e9nt deb\u00fct\u00e1lt a Tour de France-on 19 \u00e9vesen.<\/p>\n<figure id=\"attachment_18927\" aria-describedby=\"caption-attachment-18927\" style=\"width: 1000px\" class=\"wp-caption alignnone\"><img loading=\"lazy\" decoding=\"async\" class=\"size-full wp-image-18927\" src=\"https:\/\/d2p6e6u75xmxt8.cloudfront.net\/12\/2025\/02\/BesqiTGhSfgPfhkXByARtK.webp\" alt=\"\" width=\"1000\" height=\"669\" srcset=\"https:\/\/d2p6e6u75xmxt8.cloudfront.net\/12\/2025\/02\/BesqiTGhSfgPfhkXByARtK.webp 1000w, https:\/\/d2p6e6u75xmxt8.cloudfront.net\/12\/2025\/02\/BesqiTGhSfgPfhkXByARtK-300x201.webp 300w, https:\/\/d2p6e6u75xmxt8.cloudfront.net\/12\/2025\/02\/BesqiTGhSfgPfhkXByARtK-768x514.webp 768w, https:\/\/d2p6e6u75xmxt8.cloudfront.net\/12\/2025\/02\/BesqiTGhSfgPfhkXByARtK-400x268.webp 400w, https:\/\/d2p6e6u75xmxt8.cloudfront.net\/12\/2025\/02\/BesqiTGhSfgPfhkXByARtK-272x182.webp 272w\" sizes=\"auto, (max-width: 1000px) 100vw, 1000px\" \/><figcaption id=\"caption-attachment-18927\" class=\"wp-caption-text\">Alig ismerni r\u00e1, pedig bizony, ez is \u0151: Geraint Thomas alig 19 \u00e9ves z\u00f6ldf\u00fcl\u0171k\u00e9nt els\u0151 Tourj\u00e1n, szabadk\u00e1rty\u00e1val (fot\u00f3: Yuzuru Sunada)<\/figcaption><\/figure>\n<p>Nagyon m\u00e1s vil\u00e1g volt m\u00e9g akkor az orsz\u00e1g\u00fati ker\u00e9kp\u00e1rsport, a mostani, \u00fcst\u00f6k\u00f6sk\u00e9nt berobban\u00f3 \u00e9s h\u00fasz\u00e9vesen m\u00e1r h\u00e1romheteseket nyereget\u0151 \u201etiniszt\u00e1rokkal\u201d ellent\u00e9tben Thomas is a k\u00e9s\u0151n \u00e9r\u0151 t\u00edpusok k\u00f6z\u00e9 tartozott. Pontosabban, sok\u00e1ig ink\u00e1bb seg\u00edt\u0151k\u00e9nt v\u00e9gzett nagyon komoly munk\u00e1t nagyobb nev\u0171 csapatt\u00e1rsai \u00e1rny\u00e9k\u00e1ban \u2013 orsz\u00e1g\u00faton legal\u00e1bbis. A sokoldal\u00fa walesi ugyanis p\u00e1ly\u00e1n m\u00e1r 2008-ban tagja volt a britek Bradley Wiggins-f\u00e9le aranycsapat\u00e1nak \u2013 az \u00fcld\u00f6z\u00e9ses versenysz\u00e1mot nyert\u00e9k meg Pekingben \u2013, c\u00edm\u00fcket n\u00e9gy esztend\u0151vel k\u00e9s\u0151bb meg is v\u00e9dt\u00e9k. Az aszfalton azonban csak j\u00f3val k\u00e9s\u0151bb kezdtek el j\u00f6nni a sikerek, akkor viszont igencsak beindultak. Thomas karrierj\u00e9ben a 2015-\u00f6s esztend\u0151t tekinthetj\u00fck az \u00e1tt\u00f6r\u00e9s \u00e9v\u00e9nek, ekkor a Sv\u00e1jci K\u00f6r\u00f6n m\u00e1sodik, a P\u00e1rizs\u2013Nizz\u00e1n \u00f6t\u00f6dik lett, \u00e9s imm\u00e1r a Touron is bezs\u00e1kolt egy top 15-\u00f6s helyez\u00e9st (ut\u00f3bbit egy \u00e9vvel k\u00e9s\u0151bb megism\u00e9telte). Az igazi szenz\u00e1ci\u00f3 azonban k\u00e9t \u00e9vvel k\u00e9s\u0151bb, a \u201918-as Touron k\u00f6vetkezett be, amikor Thomas olyan eml\u00e9kezetes versenyz\u00e9st mutatott be v\u00e9gig a h\u00e1rom h\u00e9t sor\u00e1n, hogy v\u00e9g\u00fcl m\u00e9g az el\u0151zetesen toronymagas es\u00e9lyes csapatt\u00e1rs, a p\u00e1ly\u00e1ja cs\u00facs\u00e1n l\u00e9v\u0151 \u00e9s akkor is \u00e9pp c\u00edmv\u00e9d\u00e9sre k\u00e9sz\u00fcl\u0151 Chris Froome is be\u00e1llt m\u00f6g\u00e9, s ez\u00fattal \u0151 ment \u00e9rte, nem ford\u00edtva. Hatalmas, de nagyon meg\u00e9rdemelt meglepet\u00e9sgy\u0151zelem lett bel\u0151le, ezzel Thomas v\u00e9g\u00e9rv\u00e9nyesen be\u00edrta mag\u00e1t a sport\u00e1gi t\u00f6rt\u00e9nelemk\u00f6nyvekbe, els\u0151 walesik\u00e9nt vihette haza az ikonikus s\u00e1rga trik\u00f3t.<\/p>\n<figure id=\"attachment_18929\" aria-describedby=\"caption-attachment-18929\" style=\"width: 1024px\" class=\"wp-caption alignnone\"><img loading=\"lazy\" decoding=\"async\" class=\"size-large wp-image-18929\" src=\"https:\/\/d2p6e6u75xmxt8.cloudfront.net\/12\/2025\/02\/Geraint-Thomas-1-1024x576.webp\" alt=\"\" width=\"1024\" height=\"576\" srcset=\"https:\/\/d2p6e6u75xmxt8.cloudfront.net\/12\/2025\/02\/Geraint-Thomas-1-1024x576.webp 1024w, https:\/\/d2p6e6u75xmxt8.cloudfront.net\/12\/2025\/02\/Geraint-Thomas-1-300x169.webp 300w, https:\/\/d2p6e6u75xmxt8.cloudfront.net\/12\/2025\/02\/Geraint-Thomas-1-768x432.webp 768w, https:\/\/d2p6e6u75xmxt8.cloudfront.net\/12\/2025\/02\/Geraint-Thomas-1-400x225.webp 400w, https:\/\/d2p6e6u75xmxt8.cloudfront.net\/12\/2025\/02\/Geraint-Thomas-1.webp 1280w\" sizes=\"auto, (max-width: 1024px) 100vw, 1024px\" \/><figcaption id=\"caption-attachment-18929\" class=\"wp-caption-text\">A verseny el\u0151tt mindenki a ford\u00edtott fel\u00e1ll\u00e1sra fogadott volna, de Thomas v\u00e9g\u00fcl bor\u00edtotta a pap\u00edrform\u00e1t, \u00e9s \u201ehelyet cser\u00e9lt\u201d Chris Froome-mal (fot\u00f3: Laurent Rebours\/AP)<\/figcaption><\/figure>\n<p>Haz\u00e1j\u00e1ban nemzeti h\u0151ss\u00e9 emelkedett, a szurkol\u00f3k h\u00edres zenesz\u00e1mokat k\u00f6lt\u00f6ttek \u00e1t a nev\u00e9vel, walesi popszt\u00e1rok \u00edrtak r\u00f3la dalt, a BBC pedig egy\u00f3r\u00e1s dokumentumfilmet forgatott a par\u00e1d\u00e9s gy\u0151zelemr\u0151l. A k\u00f6z\u00f6ns\u00e9gkedvenc Thomas ezt k\u00f6vet\u0151en m\u00e1r ott is maradt a legnagyobbak j\u00e1tsz\u00f3ter\u00e9n, bizony\u00edtva, hogy nemcsak egyszezonos csoda volt: m\u00e9g k\u00e9t-k\u00e9t Tour- \u00e9s Giro-dobog\u00f3t hozott \u00f6ssze; tavaly, 38 \u00e9vesen is m\u00e9g ott \u00e1lt a p\u00f3dium harmadik fok\u00e1n Olaszorsz\u00e1gban. A sz\u00f3kimond\u00f3 st\u00edlusa miatt is kedvelt cardiffi klasszis a visszavonul\u00e1sa ok\u00e1n az\u00e9rt a szentiment\u00e1lisabb \u00e9nj\u00e9t vette el\u0151, \u00edgy nyilatkozott r\u00f3la a BBC-nek: \u201eGyerekkorom \u00f3ta arr\u00f3l \u00e1lmodoztam, hogy a Touron versenyezhetek, s r\u00e9szt vehetek az olimpi\u00e1n, \u00e9s a gy\u0151zelem is nyilv\u00e1nval\u00f3an egy \u00e1lom volt, de ezt val\u00f3ban el is \u00e9rni elk\u00e9peszt\u0151 volt. Peking hatalmas volt, az els\u0151 olimpi\u00e1m, \u00e9s ott nyertem az aranyat. De a Tour az, ami megv\u00e1ltoztatta az \u00e9letemet, mert onnant\u00f3l mindenhol elismertek. A s\u00e1rga trik\u00f3 ikonikus. B\u00e1rhov\u00e1 m\u00e9sz a vil\u00e1gon, az emberek ismerik s\u00e1rga trik\u00f3t, ez szimboliz\u00e1lja a ker\u00e9kp\u00e1roz\u00e1st \u00e9s annak t\u00f6rt\u00e9net\u00e9t. Sz\u00f3val az, hogy \u00e9n r\u00e9szese lehettem ennek a t\u00f6rt\u00e9nelemnek, \u00e9s meg tudtam nyerni\u2026 m\u00e9g mindig meg kell cs\u00edpnem magam!\u201d<\/p>\n<figure id=\"attachment_18928\" aria-describedby=\"caption-attachment-18928\" style=\"width: 1024px\" class=\"wp-caption alignnone\"><img loading=\"lazy\" decoding=\"async\" class=\"size-large wp-image-18928\" src=\"https:\/\/d2p6e6u75xmxt8.cloudfront.net\/12\/2025\/02\/G-cardiff-1024x644.webp\" alt=\"\" width=\"1024\" height=\"644\" srcset=\"https:\/\/d2p6e6u75xmxt8.cloudfront.net\/12\/2025\/02\/G-cardiff-1024x644.webp 1024w, https:\/\/d2p6e6u75xmxt8.cloudfront.net\/12\/2025\/02\/G-cardiff-300x189.webp 300w, https:\/\/d2p6e6u75xmxt8.cloudfront.net\/12\/2025\/02\/G-cardiff-768x483.webp 768w, https:\/\/d2p6e6u75xmxt8.cloudfront.net\/12\/2025\/02\/G-cardiff-400x252.webp 400w, https:\/\/d2p6e6u75xmxt8.cloudfront.net\/12\/2025\/02\/G-cardiff.webp 1187w\" sizes=\"auto, (max-width: 1024px) 100vw, 1024px\" \/><figcaption id=\"caption-attachment-18928\" class=\"wp-caption-text\">Thomas \u00e9s csal\u00e1dja \u00fcnnep\u00e9lyes \u201efelvonul\u00e1sa\u201d a t\u00f6rt\u00e9nelmi Tour-siker ut\u00e1n a nemzeti h\u0151s tisztelet\u00e9re rendezett cardiffi n\u00e9p\u00fcnnep\u00e9lyen (Huw Evans Picture Agency)<\/figcaption><\/figure>\n","protected":false},"excerpt":{"rendered":"<p>Csaknem k\u00e9t \u00e9vtizedes gazdag p\u00e1lyafut\u00e1s v\u00e9g\u00e9re tesz pontot id\u00e9n Geraint Thomas, aki st\u00edlusosan a szeptemberi Brit K\u00f6rversenyen b\u00facs\u00fazik majd h\u00e1l\u00e1s [&hellip;]<\/p>\n","protected":false},"author":71,"featured_media":18930,"comment_status":"open","ping_status":"open","sticky":false,"template":"","format":"standard","meta":{"footnotes":""},"categories":[8],"tags":[],"global-categories":[419],"class_list":["post-18926","post","type-post","status-publish","format-standard","has-post-thumbnail","hentry","category-orszaguti-kerekpar","global-categories-cycling"],"yoast_head":"<!-- This site is optimized with the Yoast SEO Premium plugin v25.3 (Yoast SEO v25.9) - https:\/\/yoast.com\/wordpress\/plugins\/seo\/ -->\n<title>\u201eNem volt egy rossz menet, ugye?\u201d \u2013 t\u00e9nyleg visszavonul a Tour-gy\u0151ztes walesi fenegyerek<\/title>\n<meta name=\"description\" content=\"Csaknem k\u00e9t \u00e9vtizedes gazdag p\u00e1lyafut\u00e1s v\u00e9g\u00e9re tesz pontot id\u00e9n Geraint Thomas, aki st\u00edlusosan a szeptemberi Brit K\u00f6rversenyen b\u00facs\u00fazik majd h\u00e1l\u00e1s hazai k\u00f6z\u00f6ns\u00e9g\u00e9t\u0151l \u00e9s az profi orsz\u00e1g\u00fati ker\u00e9kp\u00e1rsportt\u00f3l!\" \/>\n<meta name=\"robots\" content=\"index, follow, max-snippet:-1, max-image-preview:large, max-video-preview:-1\" \/>\n<link rel=\"canonical\" href=\"https:\/\/www.welovecycling.com\/hu\/orszaguti-kerekpar\/nem-volt-egy-rossz-menet-ugye-tenyleg-visszavonul-a-tour-gyoztes-walesi-fenegyerek\/\" \/>\n<meta property=\"og:locale\" content=\"hu_HU\" \/>\n<meta property=\"og:type\" content=\"article\" \/>\n<meta property=\"og:title\" content=\"\u201eNem volt egy rossz menet, ugye?\u201d \u2013 t\u00e9nyleg visszavonul a Tour-gy\u0151ztes walesi fenegyerek\" \/>\n<meta property=\"og:description\" content=\"Csaknem k\u00e9t \u00e9vtizedes gazdag p\u00e1lyafut\u00e1s v\u00e9g\u00e9re tesz pontot id\u00e9n Geraint Thomas, aki st\u00edlusosan a szeptemberi Brit K\u00f6rversenyen b\u00facs\u00fazik majd h\u00e1l\u00e1s hazai k\u00f6z\u00f6ns\u00e9g\u00e9t\u0151l \u00e9s az profi orsz\u00e1g\u00fati ker\u00e9kp\u00e1rsportt\u00f3l!\" \/>\n<meta property=\"og:url\" content=\"https:\/\/www.welovecycling.com\/hu\/orszaguti-kerekpar\/nem-volt-egy-rossz-menet-ugye-tenyleg-visszavonul-a-tour-gyoztes-walesi-fenegyerek\/\" \/>\n<meta property=\"og:site_name\" content=\"\u0160koda We Love Cycling - Magyarorsz\u00e1g\" \/>\n<meta property=\"article:publisher\" content=\"https:\/\/www.facebook.com\/WeLoveCyclingHungary\/\" \/>\n<meta property=\"article:published_time\" content=\"2025-02-19T14:53:32+00:00\" \/>\n<meta property=\"article:modified_time\" content=\"2025-02-19T14:54:21+00:00\" \/>\n<meta property=\"og:image\" content=\"https:\/\/d2p6e6u75xmxt8.cloudfront.net\/12\/2025\/02\/Geraint-Thomas.webp\" \/>\n\t<meta property=\"og:image:width\" content=\"2218\" \/>\n\t<meta property=\"og:image:height\" content=\"1663\" \/>\n\t<meta property=\"og:image:type\" content=\"image\/webp\" \/>\n<meta name=\"author\" content=\"hegyizs\" \/>\n<meta name=\"twitter:card\" content=\"summary_large_image\" \/>\n<meta name=\"twitter:label1\" content=\"Written by\" \/>\n\t<meta name=\"twitter:data1\" content=\"hegyizs\" \/>\n\t<meta name=\"twitter:label2\" content=\"Est. reading time\" \/>\n\t<meta name=\"twitter:data2\" content=\"5 minutes\" \/>\n<script type=\"application\/ld+json\" class=\"yoast-schema-graph\">{\"@context\":\"https:\/\/schema.org\",\"@graph\":[{\"@type\":\"WebPage\",\"@id\":\"https:\/\/www.welovecycling.com\/hu\/orszaguti-kerekpar\/nem-volt-egy-rossz-menet-ugye-tenyleg-visszavonul-a-tour-gyoztes-walesi-fenegyerek\/\",\"url\":\"https:\/\/www.welovecycling.com\/hu\/orszaguti-kerekpar\/nem-volt-egy-rossz-menet-ugye-tenyleg-visszavonul-a-tour-gyoztes-walesi-fenegyerek\/\",\"name\":\"\u201eNem volt egy rossz menet, ugye?\u201d \u2013 t\u00e9nyleg visszavonul a Tour-gy\u0151ztes walesi fenegyerek\",\"isPartOf\":{\"@id\":\"https:\/\/www.welovecycling.com\/hu\/#website\"},\"primaryImageOfPage\":{\"@id\":\"https:\/\/www.welovecycling.com\/hu\/orszaguti-kerekpar\/nem-volt-egy-rossz-menet-ugye-tenyleg-visszavonul-a-tour-gyoztes-walesi-fenegyerek\/#primaryimage\"},\"image\":{\"@id\":\"https:\/\/www.welovecycling.com\/hu\/orszaguti-kerekpar\/nem-volt-egy-rossz-menet-ugye-tenyleg-visszavonul-a-tour-gyoztes-walesi-fenegyerek\/#primaryimage\"},\"thumbnailUrl\":\"https:\/\/d2p6e6u75xmxt8.cloudfront.net\/12\/2025\/02\/Geraint-Thomas.webp\",\"datePublished\":\"2025-02-19T14:53:32+00:00\",\"dateModified\":\"2025-02-19T14:54:21+00:00\",\"author\":{\"@id\":\"https:\/\/www.welovecycling.com\/hu\/#\/schema\/person\/414a2aebf1801691a5320edb6468e194\"},\"description\":\"Csaknem k\u00e9t \u00e9vtizedes gazdag p\u00e1lyafut\u00e1s v\u00e9g\u00e9re tesz pontot id\u00e9n Geraint Thomas, aki st\u00edlusosan a szeptemberi Brit K\u00f6rversenyen b\u00facs\u00fazik majd h\u00e1l\u00e1s hazai k\u00f6z\u00f6ns\u00e9g\u00e9t\u0151l \u00e9s az profi orsz\u00e1g\u00fati ker\u00e9kp\u00e1rsportt\u00f3l!\",\"breadcrumb\":{\"@id\":\"https:\/\/www.welovecycling.com\/hu\/orszaguti-kerekpar\/nem-volt-egy-rossz-menet-ugye-tenyleg-visszavonul-a-tour-gyoztes-walesi-fenegyerek\/#breadcrumb\"},\"inLanguage\":\"hu\",\"potentialAction\":[{\"@type\":\"ReadAction\",\"target\":[\"https:\/\/www.welovecycling.com\/hu\/orszaguti-kerekpar\/nem-volt-egy-rossz-menet-ugye-tenyleg-visszavonul-a-tour-gyoztes-walesi-fenegyerek\/\"]}]},{\"@type\":\"ImageObject\",\"inLanguage\":\"hu\",\"@id\":\"https:\/\/www.welovecycling.com\/hu\/orszaguti-kerekpar\/nem-volt-egy-rossz-menet-ugye-tenyleg-visszavonul-a-tour-gyoztes-walesi-fenegyerek\/#primaryimage\",\"url\":\"https:\/\/d2p6e6u75xmxt8.cloudfront.net\/12\/2025\/02\/Geraint-Thomas.webp\",\"contentUrl\":\"https:\/\/d2p6e6u75xmxt8.cloudfront.net\/12\/2025\/02\/Geraint-Thomas.webp\",\"width\":2218,\"height\":1663},{\"@type\":\"BreadcrumbList\",\"@id\":\"https:\/\/www.welovecycling.com\/hu\/orszaguti-kerekpar\/nem-volt-egy-rossz-menet-ugye-tenyleg-visszavonul-a-tour-gyoztes-walesi-fenegyerek\/#breadcrumb\",\"itemListElement\":[{\"@type\":\"ListItem\",\"position\":1,\"name\":\"Home\",\"item\":\"https:\/\/www.welovecycling.com\/hu\/\"},{\"@type\":\"ListItem\",\"position\":2,\"name\":\"\u201eNem volt egy rossz menet, ugye?\u201d \u2013 t\u00e9nyleg visszavonul a Tour-gy\u0151ztes walesi fenegyerek\"}]},{\"@type\":\"WebSite\",\"@id\":\"https:\/\/www.welovecycling.com\/hu\/#website\",\"url\":\"https:\/\/www.welovecycling.com\/hu\/\",\"name\":\"\u0160koda We Love Cycling - Magyarorsz\u00e1g\",\"description\":\"\u0160koda WeLoveCycling\",\"potentialAction\":[{\"@type\":\"SearchAction\",\"target\":{\"@type\":\"EntryPoint\",\"urlTemplate\":\"https:\/\/www.welovecycling.com\/hu\/?s={search_term_string}\"},\"query-input\":{\"@type\":\"PropertyValueSpecification\",\"valueRequired\":true,\"valueName\":\"search_term_string\"}}],\"inLanguage\":\"hu\"},{\"@type\":\"Person\",\"@id\":\"https:\/\/www.welovecycling.com\/hu\/#\/schema\/person\/414a2aebf1801691a5320edb6468e194\",\"name\":\"hegyizs\",\"image\":{\"@type\":\"ImageObject\",\"inLanguage\":\"hu\",\"@id\":\"https:\/\/www.welovecycling.com\/hu\/#\/schema\/person\/image\/\",\"url\":\"https:\/\/secure.gravatar.com\/avatar\/02cf8a7906b8cf90cecb4679defac7cfd33a1c2e3b88e4903d947f3bb58eedd3?s=96&d=mm&r=g\",\"contentUrl\":\"https:\/\/secure.gravatar.com\/avatar\/02cf8a7906b8cf90cecb4679defac7cfd33a1c2e3b88e4903d947f3bb58eedd3?s=96&d=mm&r=g\",\"caption\":\"hegyizs\"},\"url\":\"https:\/\/www.welovecycling.com\/hu\/author\/hegyizs\/\"}]}<\/script>\n<!-- \/ Yoast SEO Premium plugin. -->","yoast_head_json":{"title":"\u201eNem volt egy rossz menet, ugye?\u201d \u2013 t\u00e9nyleg visszavonul a Tour-gy\u0151ztes walesi fenegyerek","description":"Csaknem k\u00e9t \u00e9vtizedes gazdag p\u00e1lyafut\u00e1s v\u00e9g\u00e9re tesz pontot id\u00e9n Geraint Thomas, aki st\u00edlusosan a szeptemberi Brit K\u00f6rversenyen b\u00facs\u00fazik majd h\u00e1l\u00e1s hazai k\u00f6z\u00f6ns\u00e9g\u00e9t\u0151l \u00e9s az profi orsz\u00e1g\u00fati ker\u00e9kp\u00e1rsportt\u00f3l!","robots":{"index":"index","follow":"follow","max-snippet":"max-snippet:-1","max-image-preview":"max-image-preview:large","max-video-preview":"max-video-preview:-1"},"canonical":"https:\/\/www.welovecycling.com\/hu\/orszaguti-kerekpar\/nem-volt-egy-rossz-menet-ugye-tenyleg-visszavonul-a-tour-gyoztes-walesi-fenegyerek\/","og_locale":"hu_HU","og_type":"article","og_title":"\u201eNem volt egy rossz menet, ugye?\u201d \u2013 t\u00e9nyleg visszavonul a Tour-gy\u0151ztes walesi fenegyerek","og_description":"Csaknem k\u00e9t \u00e9vtizedes gazdag p\u00e1lyafut\u00e1s v\u00e9g\u00e9re tesz pontot id\u00e9n Geraint Thomas, aki st\u00edlusosan a szeptemberi Brit K\u00f6rversenyen b\u00facs\u00fazik majd h\u00e1l\u00e1s hazai k\u00f6z\u00f6ns\u00e9g\u00e9t\u0151l \u00e9s az profi orsz\u00e1g\u00fati ker\u00e9kp\u00e1rsportt\u00f3l!","og_url":"https:\/\/www.welovecycling.com\/hu\/orszaguti-kerekpar\/nem-volt-egy-rossz-menet-ugye-tenyleg-visszavonul-a-tour-gyoztes-walesi-fenegyerek\/","og_site_name":"\u0160koda We Love Cycling - Magyarorsz\u00e1g","article_publisher":"https:\/\/www.facebook.com\/WeLoveCyclingHungary\/","article_published_time":"2025-02-19T14:53:32+00:00","article_modified_time":"2025-02-19T14:54:21+00:00","og_image":[{"width":2218,"height":1663,"url":"https:\/\/d2p6e6u75xmxt8.cloudfront.net\/12\/2025\/02\/Geraint-Thomas.webp","type":"image\/webp"}],"author":"hegyizs","twitter_card":"summary_large_image","twitter_misc":{"Written by":"hegyizs","Est. reading time":"5 minutes"},"schema":{"@context":"https:\/\/schema.org","@graph":[{"@type":"WebPage","@id":"https:\/\/www.welovecycling.com\/hu\/orszaguti-kerekpar\/nem-volt-egy-rossz-menet-ugye-tenyleg-visszavonul-a-tour-gyoztes-walesi-fenegyerek\/","url":"https:\/\/www.welovecycling.com\/hu\/orszaguti-kerekpar\/nem-volt-egy-rossz-menet-ugye-tenyleg-visszavonul-a-tour-gyoztes-walesi-fenegyerek\/","name":"\u201eNem volt egy rossz menet, ugye?\u201d \u2013 t\u00e9nyleg visszavonul a Tour-gy\u0151ztes walesi fenegyerek","isPartOf":{"@id":"https:\/\/www.welovecycling.com\/hu\/#website"},"primaryImageOfPage":{"@id":"https:\/\/www.welovecycling.com\/hu\/orszaguti-kerekpar\/nem-volt-egy-rossz-menet-ugye-tenyleg-visszavonul-a-tour-gyoztes-walesi-fenegyerek\/#primaryimage"},"image":{"@id":"https:\/\/www.welovecycling.com\/hu\/orszaguti-kerekpar\/nem-volt-egy-rossz-menet-ugye-tenyleg-visszavonul-a-tour-gyoztes-walesi-fenegyerek\/#primaryimage"},"thumbnailUrl":"https:\/\/d2p6e6u75xmxt8.cloudfront.net\/12\/2025\/02\/Geraint-Thomas.webp","datePublished":"2025-02-19T14:53:32+00:00","dateModified":"2025-02-19T14:54:21+00:00","author":{"@id":"https:\/\/www.welovecycling.com\/hu\/#\/schema\/person\/414a2aebf1801691a5320edb6468e194"},"description":"Csaknem k\u00e9t \u00e9vtizedes gazdag p\u00e1lyafut\u00e1s v\u00e9g\u00e9re tesz pontot id\u00e9n Geraint Thomas, aki st\u00edlusosan a szeptemberi Brit K\u00f6rversenyen b\u00facs\u00fazik majd h\u00e1l\u00e1s hazai k\u00f6z\u00f6ns\u00e9g\u00e9t\u0151l \u00e9s az profi orsz\u00e1g\u00fati ker\u00e9kp\u00e1rsportt\u00f3l!","breadcrumb":{"@id":"https:\/\/www.welovecycling.com\/hu\/orszaguti-kerekpar\/nem-volt-egy-rossz-menet-ugye-tenyleg-visszavonul-a-tour-gyoztes-walesi-fenegyerek\/#breadcrumb"},"inLanguage":"hu","potentialAction":[{"@type":"ReadAction","target":["https:\/\/www.welovecycling.com\/hu\/orszaguti-kerekpar\/nem-volt-egy-rossz-menet-ugye-tenyleg-visszavonul-a-tour-gyoztes-walesi-fenegyerek\/"]}]},{"@type":"ImageObject","inLanguage":"hu","@id":"https:\/\/www.welovecycling.com\/hu\/orszaguti-kerekpar\/nem-volt-egy-rossz-menet-ugye-tenyleg-visszavonul-a-tour-gyoztes-walesi-fenegyerek\/#primaryimage","url":"https:\/\/d2p6e6u75xmxt8.cloudfront.net\/12\/2025\/02\/Geraint-Thomas.webp","contentUrl":"https:\/\/d2p6e6u75xmxt8.cloudfront.net\/12\/2025\/02\/Geraint-Thomas.webp","width":2218,"height":1663},{"@type":"BreadcrumbList","@id":"https:\/\/www.welovecycling.com\/hu\/orszaguti-kerekpar\/nem-volt-egy-rossz-menet-ugye-tenyleg-visszavonul-a-tour-gyoztes-walesi-fenegyerek\/#breadcrumb","itemListElement":[{"@type":"ListItem","position":1,"name":"Home","item":"https:\/\/www.welovecycling.com\/hu\/"},{"@type":"ListItem","position":2,"name":"\u201eNem volt egy rossz menet, ugye?\u201d \u2013 t\u00e9nyleg visszavonul a Tour-gy\u0151ztes walesi fenegyerek"}]},{"@type":"WebSite","@id":"https:\/\/www.welovecycling.com\/hu\/#website","url":"https:\/\/www.welovecycling.com\/hu\/","name":"\u0160koda We Love Cycling - Magyarorsz\u00e1g","description":"\u0160koda WeLoveCycling","potentialAction":[{"@type":"SearchAction","target":{"@type":"EntryPoint","urlTemplate":"https:\/\/www.welovecycling.com\/hu\/?s={search_term_string}"},"query-input":{"@type":"PropertyValueSpecification","valueRequired":true,"valueName":"search_term_string"}}],"inLanguage":"hu"},{"@type":"Person","@id":"https:\/\/www.welovecycling.com\/hu\/#\/schema\/person\/414a2aebf1801691a5320edb6468e194","name":"hegyizs","image":{"@type":"ImageObject","inLanguage":"hu","@id":"https:\/\/www.welovecycling.com\/hu\/#\/schema\/person\/image\/","url":"https:\/\/secure.gravatar.com\/avatar\/02cf8a7906b8cf90cecb4679defac7cfd33a1c2e3b88e4903d947f3bb58eedd3?s=96&d=mm&r=g","contentUrl":"https:\/\/secure.gravatar.com\/avatar\/02cf8a7906b8cf90cecb4679defac7cfd33a1c2e3b88e4903d947f3bb58eedd3?s=96&d=mm&r=g","caption":"hegyizs"},"url":"https:\/\/www.welovecycling.com\/hu\/author\/hegyizs\/"}]}},"_links":{"self":[{"href":"https:\/\/www.welovecycling.com\/hu\/wp-json\/wp\/v2\/posts\/18926","targetHints":{"allow":["GET"]}}],"collection":[{"href":"https:\/\/www.welovecycling.com\/hu\/wp-json\/wp\/v2\/posts"}],"about":[{"href":"https:\/\/www.welovecycling.com\/hu\/wp-json\/wp\/v2\/types\/post"}],"author":[{"embeddable":true,"href":"https:\/\/www.welovecycling.com\/hu\/wp-json\/wp\/v2\/users\/71"}],"replies":[{"embeddable":true,"href":"https:\/\/www.welovecycling.com\/hu\/wp-json\/wp\/v2\/comments?post=18926"}],"version-history":[{"count":1,"href":"https:\/\/www.welovecycling.com\/hu\/wp-json\/wp\/v2\/posts\/18926\/revisions"}],"predecessor-version":[{"id":18931,"href":"https:\/\/www.welovecycling.com\/hu\/wp-json\/wp\/v2\/posts\/18926\/revisions\/18931"}],"wp:featuredmedia":[{"embeddable":true,"href":"https:\/\/www.welovecycling.com\/hu\/wp-json\/wp\/v2\/media\/18930"}],"wp:attachment":[{"href":"https:\/\/www.welovecycling.com\/hu\/wp-json\/wp\/v2\/media?parent=18926"}],"wp:term":[{"taxonomy":"category","embeddable":true,"href":"https:\/\/www.welovecycling.com\/hu\/wp-json\/wp\/v2\/categories?post=18926"},{"taxonomy":"post_tag","embeddable":true,"href":"https:\/\/www.welovecycling.com\/hu\/wp-json\/wp\/v2\/tags?post=18926"},{"taxonomy":"global-categories","embeddable":true,"href":"https:\/\/www.welovecycling.com\/hu\/wp-json\/wp\/v2\/global-categories?post=18926"}],"curies":[{"name":"wp","href":"https:\/\/api.w.org\/{rel}","templated":true}]}}