{"id":18915,"date":"2025-02-15T08:00:48","date_gmt":"2025-02-15T06:00:48","guid":{"rendered":"https:\/\/www.welovecycling.com\/hu\/?p=18915"},"modified":"2025-02-07T15:26:47","modified_gmt":"2025-02-07T13:26:47","slug":"strategiak-off-szezonra-8-teli-sport-amitol-jobb-kerekparos-leszel","status":"publish","type":"post","link":"https:\/\/www.welovecycling.com\/hu\/edzes-es-eletmod\/strategiak-off-szezonra-8-teli-sport-amitol-jobb-kerekparos-leszel\/","title":{"rendered":"Strat\u00e9gi\u00e1k off-szezonra: 8 t\u00e9li sport, amit\u0151l jobb ker\u00e9kp\u00e1ros leszel"},"content":{"rendered":"<p><strong>A t\u00e9l gyakran k\u00e9nyszerpihen\u0151t jelent a ker\u00e9kp\u00e1rosok sz\u00e1m\u00e1ra, hiszen a hideg h\u00f3napok kev\u00e9sb\u00e9 teszik lehet\u0151v\u00e9 a szabadt\u00e9ri teker\u00e9st, hossz\u00fat\u00e1von legal\u00e1bbis biztosan. Azonban ez az id\u0151szak t\u00f6k\u00e9letes arra, hogy olyan \u00faj sportokat pr\u00f3b\u00e1lj ki, amelyek jav\u00edtj\u00e1k az er\u0151nl\u00e9tet \u00e9s az \u00e1ll\u00f3k\u00e9pess\u00e9get. Hoztunk n\u00e9h\u00e1ny tev\u00e9kenys\u00e9get, amik seg\u00edtenek abban, hogy tavasszal er\u0151sebben \u00e9s felk\u00e9sz\u00fcltebben t\u00e9rj vissza a bring\u00e1z\u00e1shoz.<\/strong><\/p>\n<p><!--more--><\/p>\n<h2><strong>1. S\u00edfut\u00e1s: Teljes testet \u00e1tmozgat\u00f3 edz\u00e9s<\/strong><\/h2>\n<p>A s\u00edfut\u00e1s kiv\u00e1l\u00f3 kardi\u00f3edz\u00e9st ny\u00fajt, mik\u00f6zben a f\u0151bb izomcsoportokat \u2013 bele\u00e9rtve a l\u00e1bakat \u00e9s a t\u00f6rzset \u2013 is ig\u00e9nybe veszi. Mivel alacsony terhel\u00e9st jelent az \u00edz\u00fcletek sz\u00e1m\u00e1ra, biztons\u00e1gos alternat\u00edv\u00e1t k\u00edn\u00e1l a t\u00e9li h\u00f3napokban, hogy fenntartsd az edzetts\u00e9gi szintjed s\u00e9r\u00fcl\u00e9svesz\u00e9ly n\u00e9lk\u00fcl. A s\u00edel\u00e9s ritmikus mozg\u00e1sa hasonl\u00edt a ker\u00e9kp\u00e1roz\u00e1s \u00e1ll\u00f3k\u00e9pess\u00e9gi k\u00f6vetelm\u00e9nyeire, \u00edgy ide\u00e1lis keresztedz\u00e9s.<\/p>\n<h2><strong>2. Belt\u00e9ri falm\u00e1sz\u00e1s: Er\u0151 \u00e9s koordin\u00e1ci\u00f3<\/strong><\/h2>\n<p>A belt\u00e9ri falm\u00e1sz\u00e1s fejleszti a fels\u0151testet, a fog\u00e1ser\u0151t \u00e9s a koordin\u00e1ci\u00f3t \u2013 ez pedig mind hasznos a technik\u00e1s ker\u00e9kp\u00e1ros \u00fatvonalak bev\u00e9tel\u00e9hez. Emellett fokozza a ment\u00e1lis f\u00f3kuszt, amely elengedhetetlen a neh\u00e9z terepen val\u00f3 t\u00e1j\u00e9koz\u00f3d\u00e1shoz. A m\u00e1sz\u00e1s n\u00f6veli a t\u00f6rzs stabilit\u00e1s\u00e1t \u00e9s aktiv\u00e1lja az izmokat, \u00edgy kieg\u00e9sz\u00edti a ker\u00e9kp\u00e1roz\u00e1shoz sz\u00fcks\u00e9ges fizikai ig\u00e9nyeket.<\/p>\n<h2><strong>3. Korcsoly\u00e1z\u00e1s: Egyens\u00faly \u00e9s mozg\u00e9konys\u00e1g<\/strong><\/h2>\n<p>A korcsoly\u00e1z\u00e1s er\u0151s\u00edti a l\u00e1bakat, jav\u00edtja az egyens\u00falyt \u00e9s n\u00f6veli az agilit\u00e1st. Ezek a k\u00e9szs\u00e9gek k\u00f6zvetlen\u00fcl hozz\u00e1j\u00e1rulnak a jobb ker\u00e9kp\u00e1rkezel\u00e9shez \u00e9s a stabilit\u00e1shoz. A rendszeres korcsoly\u00e1z\u00e1s n\u00f6velheti az izmok \u00e1ll\u00f3k\u00e9pess\u00e9g\u00e9t is, k\u00fcl\u00f6n\u00f6sen a farizmok \u00e9s a n\u00e9gyfej\u0171 combizmok eset\u00e9ben, amelyek kulcsszerepet j\u00e1tszanak a ped\u00e1loz\u00e1sban.<\/p>\n<h2><strong>4. Er\u0151nl\u00e9ti edz\u00e9s: Er\u0151 \u00e9s stabilit\u00e1s<\/strong><\/h2>\n<p>Az er\u0151nl\u00e9ti edz\u00e9s be\u00e9p\u00edt\u00e9se a t\u00e9li rutinba jelent\u0151sen jav\u00edthatja a ker\u00e9kp\u00e1ros teljes\u00edtm\u00e9nyt. Az olyan gyakorlatok, mint a guggol\u00e1s, kit\u00f6r\u00e9s \u00e9s h\u00faz\u00f3dzkod\u00e1s, c\u00e9lzottan fejlesztik a ker\u00e9kp\u00e1roz\u00e1s szempontj\u00e1b\u00f3l fontos izomcsoportokat, m\u00edg a t\u00f6rzs izmait er\u0151s\u00edt\u0151 gyakorlatok, p\u00e9ld\u00e1ul a plank, n\u00f6velik a stabilit\u00e1st a nyeregben. A fels\u0151test er\u0151s\u00edt\u00e9se szint\u00e9n seg\u00edthet a hossz\u00fa t\u00e1v\u00fa teker\u00e9sek \u00e9s a technik\u00e1s ereszked\u00e9sek sor\u00e1n.<\/p>\n<h2><strong>5. H\u00f3talpaz\u00e1s: Kardi\u00f3 \u00e9s izomer\u0151s\u00edt\u00e9s<\/strong><\/h2>\n<p>A h\u00f3talpaz\u00e1s kih\u00edv\u00e1st jelent\u0151 kardi\u00f3edz\u00e9s, ami els\u0151sorban az als\u00f3test izmait er\u0151s\u00edti. Kiv\u00e1l\u00f3 m\u00f3dja az \u00e1ll\u00f3k\u00e9pess\u00e9g fejleszt\u00e9s\u00e9nek, valamint remek\u00fcl er\u0151s\u00edti azokat az izmokat, amelyek kulcsfontoss\u00e1g\u00faak a m\u00e1sz\u00e1sok \u00e9s sprintel\u00e9sek sor\u00e1n. A h\u00f3ban val\u00f3 mozg\u00e1s extra ellen\u00e1ll\u00e1st jelent, amely intenz\u00edvebb\u00e9 teszi az edz\u00e9st.<\/p>\n<h2><strong>6. J\u00f3ga: Hajl\u00e9konys\u00e1g \u00e9s t\u00f6rzser\u0151<\/strong><\/h2>\n<p>A j\u00f3ga k\u00fcl\u00f6n\u00f6sen el\u0151ny\u00f6s a ker\u00e9kp\u00e1rosok sz\u00e1m\u00e1ra, hiszen jav\u00edtja a hajl\u00e9konys\u00e1got, az egyens\u00falyt \u00e9s a t\u00f6rzser\u0151t. Ezek a tulajdons\u00e1gok seg\u00edtenek a s\u00e9r\u00fcl\u00e9sek megel\u0151z\u00e9s\u00e9ben \u00e9s a ker\u00e9kp\u00e1r jobb kezel\u00e9s\u00e9ben. A rendszeres j\u00f3ga el\u0151seg\u00edti a regener\u00e1ci\u00f3t \u00e9s a ment\u00e1lis relax\u00e1ci\u00f3t is, ami hozz\u00e1j\u00e1rul a tavaszi edz\u00e9sekre val\u00f3 felk\u00e9sz\u00fcl\u00e9shez.<\/p>\n<h2><strong>7. \u00dasz\u00e1s: Alacsony terhel\u00e9s\u0171 \u00e1ll\u00f3k\u00e9pess\u00e9gi edz\u00e9s<\/strong><\/h2>\n<p>Az \u00fasz\u00e1s teljes testet \u00e1tmozgat\u00f3, alacsony terhel\u00e9s\u0171 mozg\u00e1sforma, amely j\u00f3l kieg\u00e9sz\u00edti a ker\u00e9kp\u00e1roz\u00e1st az\u00e1ltal, hogy n\u00f6veli a sz\u00edv- \u00e9s \u00e9rrendszeri \u00e1ll\u00f3k\u00e9pess\u00e9get \u00e9s az izomer\u0151t. Az \u00fasz\u00e1s sor\u00e1n sz\u00fcks\u00e9ges kontroll\u00e1lt l\u00e9gz\u00e9s jav\u00edthatja a l\u00e9gz\u00e9si hat\u00e9konys\u00e1got is, amely kulcsfontoss\u00e1g\u00fa a cs\u00facsteljes\u00edtm\u00e9ny el\u00e9r\u00e9s\u00e9hez a ker\u00e9kp\u00e1ron.<\/p>\n<h2><strong>8. Snowboardoz\u00e1s vagy s\u00edel\u00e9s: L\u00e1ber\u0151 \u00e9s reflexek fejleszt\u00e9se<\/strong><\/h2>\n<p>A s\u00edel\u00e9s \u00e9s a snowboardoz\u00e1s n\u00f6veli a l\u00e1ber\u0151t, jav\u00edtja a reflexeket \u00e9s a koordin\u00e1ci\u00f3t. B\u00e1r ezek a sportok ink\u00e1bb az adrenalinr\u00f3l sz\u00f3lnak, jelent\u0151s hat\u00e1ssal vannak az izmaidra is, r\u00e1ad\u00e1sul seg\u00edtenek a sportol\u00f3knak motiv\u00e1ltnak maradni a t\u00e9li id\u0151szakban. Azonban fontos, hogy odafigyelj a biztons\u00e1godra \u00e9s elker\u00fcld az olyan s\u00e9r\u00fcl\u00e9seket, amelyek befoly\u00e1solhatj\u00e1k a ker\u00e9kp\u00e1ros terveidet.<\/p>\n<h2><strong>Alapoz\u00e1s a szezon el\u0151tt<\/strong><\/h2>\n<p>A t\u00e9l remek lehet\u0151s\u00e9get biztos\u00edt arra, hogy v\u00e1ltozatosabb\u00e1 tegy\u00fck edz\u00e9seinket, mik\u00f6zben olyan ter\u00fcletekre is figyelmet ford\u00edtunk, amelyekre a ker\u00e9kp\u00e1ros szezonban kevesebb id\u0151 jut. A k\u00fcl\u00f6nf\u00e9le t\u00e9li sportok be\u00e9p\u00edt\u00e9s\u00e9vel n\u00f6velheted az er\u0151d, jav\u00edthatod az \u00e1ll\u00f3k\u00e9pess\u00e9ged, \u00e9s motiv\u00e1ltan t\u00e9rhetsz vissza a ker\u00e9kp\u00e1roz\u00e1shoz. Ha tudatosan k\u00f6zel\u00edted meg ezt az id\u0151szakot, magabiztosan v\u00e1ghatsz neki a tavaszi kih\u00edv\u00e1soknak!<\/p>\n","protected":false},"excerpt":{"rendered":"<p>A t\u00e9l gyakran k\u00e9nyszerpihen\u0151t jelent a ker\u00e9kp\u00e1rosok sz\u00e1m\u00e1ra, hiszen a hideg h\u00f3napok kev\u00e9sb\u00e9 teszik lehet\u0151v\u00e9 a szabadt\u00e9ri teker\u00e9st, hossz\u00fat\u00e1von legal\u00e1bbis [&hellip;]<\/p>\n","protected":false},"author":71,"featured_media":18916,"comment_status":"open","ping_status":"open","sticky":false,"template":"","format":"standard","meta":{"footnotes":""},"categories":[6],"tags":[],"global-categories":[],"class_list":["post-18915","post","type-post","status-publish","format-standard","has-post-thumbnail","hentry","category-edzes-es-eletmod"],"yoast_head":"<!-- This site is optimized with the Yoast SEO Premium plugin v25.3 (Yoast SEO v25.9) - https:\/\/yoast.com\/wordpress\/plugins\/seo\/ -->\n<title>Strat\u00e9gi\u00e1k off-szezonra: 8 t\u00e9li sport, amit\u0151l jobb ker\u00e9kp\u00e1ros leszel<\/title>\n<meta name=\"description\" content=\"A t\u00e9l gyakran k\u00e9nyszerpihen\u0151t jelent a ker\u00e9kp\u00e1rosok sz\u00e1m\u00e1ra, hiszen a hideg h\u00f3napok kev\u00e9sb\u00e9 teszik lehet\u0151v\u00e9 a szabadt\u00e9ri teker\u00e9st, hossz\u00fat\u00e1von legal\u00e1bbis biztosan. Azonban ez az id\u0151szak t\u00f6k\u00e9letes arra, hogy olyan \u00faj sportokat pr\u00f3b\u00e1lj ki, amelyek jav\u00edtj\u00e1k az er\u0151nl\u00e9tet \u00e9s az \u00e1ll\u00f3k\u00e9pess\u00e9get. Hoztunk n\u00e9h\u00e1ny tev\u00e9kenys\u00e9get, amik seg\u00edtenek abban, hogy tavasszal er\u0151sebben \u00e9s felk\u00e9sz\u00fcltebben t\u00e9rj vissza a bring\u00e1z\u00e1shoz.\" \/>\n<meta name=\"robots\" content=\"index, follow, max-snippet:-1, max-image-preview:large, max-video-preview:-1\" \/>\n<link rel=\"canonical\" href=\"https:\/\/www.welovecycling.com\/hu\/edzes-es-eletmod\/strategiak-off-szezonra-8-teli-sport-amitol-jobb-kerekparos-leszel\/\" \/>\n<meta property=\"og:locale\" content=\"hu_HU\" \/>\n<meta property=\"og:type\" content=\"article\" \/>\n<meta property=\"og:title\" content=\"Strat\u00e9gi\u00e1k off-szezonra: 8 t\u00e9li sport, amit\u0151l jobb ker\u00e9kp\u00e1ros leszel\" \/>\n<meta property=\"og:description\" content=\"A t\u00e9l gyakran k\u00e9nyszerpihen\u0151t jelent a ker\u00e9kp\u00e1rosok sz\u00e1m\u00e1ra, hiszen a hideg h\u00f3napok kev\u00e9sb\u00e9 teszik lehet\u0151v\u00e9 a szabadt\u00e9ri teker\u00e9st, hossz\u00fat\u00e1von legal\u00e1bbis biztosan. Azonban ez az id\u0151szak t\u00f6k\u00e9letes arra, hogy olyan \u00faj sportokat pr\u00f3b\u00e1lj ki, amelyek jav\u00edtj\u00e1k az er\u0151nl\u00e9tet \u00e9s az \u00e1ll\u00f3k\u00e9pess\u00e9get. Hoztunk n\u00e9h\u00e1ny tev\u00e9kenys\u00e9get, amik seg\u00edtenek abban, hogy tavasszal er\u0151sebben \u00e9s felk\u00e9sz\u00fcltebben t\u00e9rj vissza a bring\u00e1z\u00e1shoz.\" \/>\n<meta property=\"og:url\" content=\"https:\/\/www.welovecycling.com\/hu\/edzes-es-eletmod\/strategiak-off-szezonra-8-teli-sport-amitol-jobb-kerekparos-leszel\/\" \/>\n<meta property=\"og:site_name\" content=\"\u0160koda We Love Cycling - Magyarorsz\u00e1g\" \/>\n<meta property=\"article:publisher\" content=\"https:\/\/www.facebook.com\/WeLoveCyclingHungary\/\" \/>\n<meta property=\"article:published_time\" content=\"2025-02-15T06:00:48+00:00\" \/>\n<meta property=\"og:image\" content=\"https:\/\/d2p6e6u75xmxt8.cloudfront.net\/12\/2025\/02\/Cross-Country-Skiing-profimedia-0943840882-CVR.webp\" \/>\n\t<meta property=\"og:image:width\" content=\"990\" \/>\n\t<meta property=\"og:image:height\" content=\"660\" \/>\n\t<meta property=\"og:image:type\" content=\"image\/webp\" \/>\n<meta name=\"author\" content=\"hegyizs\" \/>\n<meta name=\"twitter:card\" content=\"summary_large_image\" \/>\n<meta name=\"twitter:label1\" content=\"Written by\" \/>\n\t<meta name=\"twitter:data1\" content=\"Monica Buck\" \/>\n\t<meta name=\"twitter:label2\" content=\"Est. reading time\" \/>\n\t<meta name=\"twitter:data2\" content=\"2\" \/>\n<script type=\"application\/ld+json\" class=\"yoast-schema-graph\">{\"@context\":\"https:\/\/schema.org\",\"@graph\":[{\"@type\":\"WebPage\",\"@id\":\"https:\/\/www.welovecycling.com\/hu\/edzes-es-eletmod\/strategiak-off-szezonra-8-teli-sport-amitol-jobb-kerekparos-leszel\/\",\"url\":\"https:\/\/www.welovecycling.com\/hu\/edzes-es-eletmod\/strategiak-off-szezonra-8-teli-sport-amitol-jobb-kerekparos-leszel\/\",\"name\":\"Strat\u00e9gi\u00e1k off-szezonra: 8 t\u00e9li sport, amit\u0151l jobb ker\u00e9kp\u00e1ros leszel\",\"isPartOf\":{\"@id\":\"https:\/\/www.welovecycling.com\/hu\/#website\"},\"primaryImageOfPage\":{\"@id\":\"https:\/\/www.welovecycling.com\/hu\/edzes-es-eletmod\/strategiak-off-szezonra-8-teli-sport-amitol-jobb-kerekparos-leszel\/#primaryimage\"},\"image\":{\"@id\":\"https:\/\/www.welovecycling.com\/hu\/edzes-es-eletmod\/strategiak-off-szezonra-8-teli-sport-amitol-jobb-kerekparos-leszel\/#primaryimage\"},\"thumbnailUrl\":\"https:\/\/d2p6e6u75xmxt8.cloudfront.net\/12\/2025\/02\/Cross-Country-Skiing-profimedia-0943840882-CVR.webp\",\"datePublished\":\"2025-02-15T06:00:48+00:00\",\"author\":{\"@id\":\"https:\/\/www.welovecycling.com\/hu\/#\/schema\/person\/414a2aebf1801691a5320edb6468e194\"},\"description\":\"A t\u00e9l gyakran k\u00e9nyszerpihen\u0151t jelent a ker\u00e9kp\u00e1rosok sz\u00e1m\u00e1ra, hiszen a hideg h\u00f3napok kev\u00e9sb\u00e9 teszik lehet\u0151v\u00e9 a szabadt\u00e9ri teker\u00e9st, hossz\u00fat\u00e1von legal\u00e1bbis biztosan. Azonban ez az id\u0151szak t\u00f6k\u00e9letes arra, hogy olyan \u00faj sportokat pr\u00f3b\u00e1lj ki, amelyek jav\u00edtj\u00e1k az er\u0151nl\u00e9tet \u00e9s az \u00e1ll\u00f3k\u00e9pess\u00e9get. Hoztunk n\u00e9h\u00e1ny tev\u00e9kenys\u00e9get, amik seg\u00edtenek abban, hogy tavasszal er\u0151sebben \u00e9s felk\u00e9sz\u00fcltebben t\u00e9rj vissza a bring\u00e1z\u00e1shoz.\",\"breadcrumb\":{\"@id\":\"https:\/\/www.welovecycling.com\/hu\/edzes-es-eletmod\/strategiak-off-szezonra-8-teli-sport-amitol-jobb-kerekparos-leszel\/#breadcrumb\"},\"inLanguage\":\"hu\",\"potentialAction\":[{\"@type\":\"ReadAction\",\"target\":[\"https:\/\/www.welovecycling.com\/hu\/edzes-es-eletmod\/strategiak-off-szezonra-8-teli-sport-amitol-jobb-kerekparos-leszel\/\"]}]},{\"@type\":\"ImageObject\",\"inLanguage\":\"hu\",\"@id\":\"https:\/\/www.welovecycling.com\/hu\/edzes-es-eletmod\/strategiak-off-szezonra-8-teli-sport-amitol-jobb-kerekparos-leszel\/#primaryimage\",\"url\":\"https:\/\/d2p6e6u75xmxt8.cloudfront.net\/12\/2025\/02\/Cross-Country-Skiing-profimedia-0943840882-CVR.webp\",\"contentUrl\":\"https:\/\/d2p6e6u75xmxt8.cloudfront.net\/12\/2025\/02\/Cross-Country-Skiing-profimedia-0943840882-CVR.webp\",\"width\":990,\"height\":660,\"caption\":\"Cross country skiing\"},{\"@type\":\"BreadcrumbList\",\"@id\":\"https:\/\/www.welovecycling.com\/hu\/edzes-es-eletmod\/strategiak-off-szezonra-8-teli-sport-amitol-jobb-kerekparos-leszel\/#breadcrumb\",\"itemListElement\":[{\"@type\":\"ListItem\",\"position\":1,\"name\":\"Home\",\"item\":\"https:\/\/www.welovecycling.com\/hu\/\"},{\"@type\":\"ListItem\",\"position\":2,\"name\":\"Strat\u00e9gi\u00e1k off-szezonra: 8 t\u00e9li sport, amit\u0151l jobb ker\u00e9kp\u00e1ros leszel\"}]},{\"@type\":\"WebSite\",\"@id\":\"https:\/\/www.welovecycling.com\/hu\/#website\",\"url\":\"https:\/\/www.welovecycling.com\/hu\/\",\"name\":\"\u0160koda We Love Cycling - Magyarorsz\u00e1g\",\"description\":\"\u0160koda WeLoveCycling\",\"potentialAction\":[{\"@type\":\"SearchAction\",\"target\":{\"@type\":\"EntryPoint\",\"urlTemplate\":\"https:\/\/www.welovecycling.com\/hu\/?s={search_term_string}\"},\"query-input\":{\"@type\":\"PropertyValueSpecification\",\"valueRequired\":true,\"valueName\":\"search_term_string\"}}],\"inLanguage\":\"hu\"},{\"@type\":\"Person\",\"@id\":\"https:\/\/www.welovecycling.com\/hu\/#\/schema\/person\/414a2aebf1801691a5320edb6468e194\",\"name\":\"hegyizs\",\"image\":{\"@type\":\"ImageObject\",\"inLanguage\":\"hu\",\"@id\":\"https:\/\/www.welovecycling.com\/hu\/#\/schema\/person\/image\/\",\"url\":\"https:\/\/secure.gravatar.com\/avatar\/02cf8a7906b8cf90cecb4679defac7cfd33a1c2e3b88e4903d947f3bb58eedd3?s=96&d=mm&r=g\",\"contentUrl\":\"https:\/\/secure.gravatar.com\/avatar\/02cf8a7906b8cf90cecb4679defac7cfd33a1c2e3b88e4903d947f3bb58eedd3?s=96&d=mm&r=g\",\"caption\":\"hegyizs\"},\"url\":\"https:\/\/www.welovecycling.com\/hu\/author\/hegyizs\/\"}]}<\/script>\n<!-- \/ Yoast SEO Premium plugin. -->","yoast_head_json":{"title":"Strat\u00e9gi\u00e1k off-szezonra: 8 t\u00e9li sport, amit\u0151l jobb ker\u00e9kp\u00e1ros leszel","description":"A t\u00e9l gyakran k\u00e9nyszerpihen\u0151t jelent a ker\u00e9kp\u00e1rosok sz\u00e1m\u00e1ra, hiszen a hideg h\u00f3napok kev\u00e9sb\u00e9 teszik lehet\u0151v\u00e9 a szabadt\u00e9ri teker\u00e9st, hossz\u00fat\u00e1von legal\u00e1bbis biztosan. Azonban ez az id\u0151szak t\u00f6k\u00e9letes arra, hogy olyan \u00faj sportokat pr\u00f3b\u00e1lj ki, amelyek jav\u00edtj\u00e1k az er\u0151nl\u00e9tet \u00e9s az \u00e1ll\u00f3k\u00e9pess\u00e9get. Hoztunk n\u00e9h\u00e1ny tev\u00e9kenys\u00e9get, amik seg\u00edtenek abban, hogy tavasszal er\u0151sebben \u00e9s felk\u00e9sz\u00fcltebben t\u00e9rj vissza a bring\u00e1z\u00e1shoz.","robots":{"index":"index","follow":"follow","max-snippet":"max-snippet:-1","max-image-preview":"max-image-preview:large","max-video-preview":"max-video-preview:-1"},"canonical":"https:\/\/www.welovecycling.com\/hu\/edzes-es-eletmod\/strategiak-off-szezonra-8-teli-sport-amitol-jobb-kerekparos-leszel\/","og_locale":"hu_HU","og_type":"article","og_title":"Strat\u00e9gi\u00e1k off-szezonra: 8 t\u00e9li sport, amit\u0151l jobb ker\u00e9kp\u00e1ros leszel","og_description":"A t\u00e9l gyakran k\u00e9nyszerpihen\u0151t jelent a ker\u00e9kp\u00e1rosok sz\u00e1m\u00e1ra, hiszen a hideg h\u00f3napok kev\u00e9sb\u00e9 teszik lehet\u0151v\u00e9 a szabadt\u00e9ri teker\u00e9st, hossz\u00fat\u00e1von legal\u00e1bbis biztosan. Azonban ez az id\u0151szak t\u00f6k\u00e9letes arra, hogy olyan \u00faj sportokat pr\u00f3b\u00e1lj ki, amelyek jav\u00edtj\u00e1k az er\u0151nl\u00e9tet \u00e9s az \u00e1ll\u00f3k\u00e9pess\u00e9get. Hoztunk n\u00e9h\u00e1ny tev\u00e9kenys\u00e9get, amik seg\u00edtenek abban, hogy tavasszal er\u0151sebben \u00e9s felk\u00e9sz\u00fcltebben t\u00e9rj vissza a bring\u00e1z\u00e1shoz.","og_url":"https:\/\/www.welovecycling.com\/hu\/edzes-es-eletmod\/strategiak-off-szezonra-8-teli-sport-amitol-jobb-kerekparos-leszel\/","og_site_name":"\u0160koda We Love Cycling - Magyarorsz\u00e1g","article_publisher":"https:\/\/www.facebook.com\/WeLoveCyclingHungary\/","article_published_time":"2025-02-15T06:00:48+00:00","og_image":[{"width":990,"height":660,"url":"https:\/\/d2p6e6u75xmxt8.cloudfront.net\/12\/2025\/02\/Cross-Country-Skiing-profimedia-0943840882-CVR.webp","type":"image\/webp"}],"author":"hegyizs","twitter_card":"summary_large_image","twitter_misc":{"Written by":"Monica Buck","Est. reading time":"2"},"schema":{"@context":"https:\/\/schema.org","@graph":[{"@type":"WebPage","@id":"https:\/\/www.welovecycling.com\/hu\/edzes-es-eletmod\/strategiak-off-szezonra-8-teli-sport-amitol-jobb-kerekparos-leszel\/","url":"https:\/\/www.welovecycling.com\/hu\/edzes-es-eletmod\/strategiak-off-szezonra-8-teli-sport-amitol-jobb-kerekparos-leszel\/","name":"Strat\u00e9gi\u00e1k off-szezonra: 8 t\u00e9li sport, amit\u0151l jobb ker\u00e9kp\u00e1ros leszel","isPartOf":{"@id":"https:\/\/www.welovecycling.com\/hu\/#website"},"primaryImageOfPage":{"@id":"https:\/\/www.welovecycling.com\/hu\/edzes-es-eletmod\/strategiak-off-szezonra-8-teli-sport-amitol-jobb-kerekparos-leszel\/#primaryimage"},"image":{"@id":"https:\/\/www.welovecycling.com\/hu\/edzes-es-eletmod\/strategiak-off-szezonra-8-teli-sport-amitol-jobb-kerekparos-leszel\/#primaryimage"},"thumbnailUrl":"https:\/\/d2p6e6u75xmxt8.cloudfront.net\/12\/2025\/02\/Cross-Country-Skiing-profimedia-0943840882-CVR.webp","datePublished":"2025-02-15T06:00:48+00:00","author":{"@id":"https:\/\/www.welovecycling.com\/hu\/#\/schema\/person\/414a2aebf1801691a5320edb6468e194"},"description":"A t\u00e9l gyakran k\u00e9nyszerpihen\u0151t jelent a ker\u00e9kp\u00e1rosok sz\u00e1m\u00e1ra, hiszen a hideg h\u00f3napok kev\u00e9sb\u00e9 teszik lehet\u0151v\u00e9 a szabadt\u00e9ri teker\u00e9st, hossz\u00fat\u00e1von legal\u00e1bbis biztosan. Azonban ez az id\u0151szak t\u00f6k\u00e9letes arra, hogy olyan \u00faj sportokat pr\u00f3b\u00e1lj ki, amelyek jav\u00edtj\u00e1k az er\u0151nl\u00e9tet \u00e9s az \u00e1ll\u00f3k\u00e9pess\u00e9get. Hoztunk n\u00e9h\u00e1ny tev\u00e9kenys\u00e9get, amik seg\u00edtenek abban, hogy tavasszal er\u0151sebben \u00e9s felk\u00e9sz\u00fcltebben t\u00e9rj vissza a bring\u00e1z\u00e1shoz.","breadcrumb":{"@id":"https:\/\/www.welovecycling.com\/hu\/edzes-es-eletmod\/strategiak-off-szezonra-8-teli-sport-amitol-jobb-kerekparos-leszel\/#breadcrumb"},"inLanguage":"hu","potentialAction":[{"@type":"ReadAction","target":["https:\/\/www.welovecycling.com\/hu\/edzes-es-eletmod\/strategiak-off-szezonra-8-teli-sport-amitol-jobb-kerekparos-leszel\/"]}]},{"@type":"ImageObject","inLanguage":"hu","@id":"https:\/\/www.welovecycling.com\/hu\/edzes-es-eletmod\/strategiak-off-szezonra-8-teli-sport-amitol-jobb-kerekparos-leszel\/#primaryimage","url":"https:\/\/d2p6e6u75xmxt8.cloudfront.net\/12\/2025\/02\/Cross-Country-Skiing-profimedia-0943840882-CVR.webp","contentUrl":"https:\/\/d2p6e6u75xmxt8.cloudfront.net\/12\/2025\/02\/Cross-Country-Skiing-profimedia-0943840882-CVR.webp","width":990,"height":660,"caption":"Cross country skiing"},{"@type":"BreadcrumbList","@id":"https:\/\/www.welovecycling.com\/hu\/edzes-es-eletmod\/strategiak-off-szezonra-8-teli-sport-amitol-jobb-kerekparos-leszel\/#breadcrumb","itemListElement":[{"@type":"ListItem","position":1,"name":"Home","item":"https:\/\/www.welovecycling.com\/hu\/"},{"@type":"ListItem","position":2,"name":"Strat\u00e9gi\u00e1k off-szezonra: 8 t\u00e9li sport, amit\u0151l jobb ker\u00e9kp\u00e1ros leszel"}]},{"@type":"WebSite","@id":"https:\/\/www.welovecycling.com\/hu\/#website","url":"https:\/\/www.welovecycling.com\/hu\/","name":"\u0160koda We Love Cycling - Magyarorsz\u00e1g","description":"\u0160koda WeLoveCycling","potentialAction":[{"@type":"SearchAction","target":{"@type":"EntryPoint","urlTemplate":"https:\/\/www.welovecycling.com\/hu\/?s={search_term_string}"},"query-input":{"@type":"PropertyValueSpecification","valueRequired":true,"valueName":"search_term_string"}}],"inLanguage":"hu"},{"@type":"Person","@id":"https:\/\/www.welovecycling.com\/hu\/#\/schema\/person\/414a2aebf1801691a5320edb6468e194","name":"hegyizs","image":{"@type":"ImageObject","inLanguage":"hu","@id":"https:\/\/www.welovecycling.com\/hu\/#\/schema\/person\/image\/","url":"https:\/\/secure.gravatar.com\/avatar\/02cf8a7906b8cf90cecb4679defac7cfd33a1c2e3b88e4903d947f3bb58eedd3?s=96&d=mm&r=g","contentUrl":"https:\/\/secure.gravatar.com\/avatar\/02cf8a7906b8cf90cecb4679defac7cfd33a1c2e3b88e4903d947f3bb58eedd3?s=96&d=mm&r=g","caption":"hegyizs"},"url":"https:\/\/www.welovecycling.com\/hu\/author\/hegyizs\/"}]}},"_links":{"self":[{"href":"https:\/\/www.welovecycling.com\/hu\/wp-json\/wp\/v2\/posts\/18915","targetHints":{"allow":["GET"]}}],"collection":[{"href":"https:\/\/www.welovecycling.com\/hu\/wp-json\/wp\/v2\/posts"}],"about":[{"href":"https:\/\/www.welovecycling.com\/hu\/wp-json\/wp\/v2\/types\/post"}],"author":[{"embeddable":true,"href":"https:\/\/www.welovecycling.com\/hu\/wp-json\/wp\/v2\/users\/71"}],"replies":[{"embeddable":true,"href":"https:\/\/www.welovecycling.com\/hu\/wp-json\/wp\/v2\/comments?post=18915"}],"version-history":[{"count":1,"href":"https:\/\/www.welovecycling.com\/hu\/wp-json\/wp\/v2\/posts\/18915\/revisions"}],"predecessor-version":[{"id":18917,"href":"https:\/\/www.welovecycling.com\/hu\/wp-json\/wp\/v2\/posts\/18915\/revisions\/18917"}],"wp:featuredmedia":[{"embeddable":true,"href":"https:\/\/www.welovecycling.com\/hu\/wp-json\/wp\/v2\/media\/18916"}],"wp:attachment":[{"href":"https:\/\/www.welovecycling.com\/hu\/wp-json\/wp\/v2\/media?parent=18915"}],"wp:term":[{"taxonomy":"category","embeddable":true,"href":"https:\/\/www.welovecycling.com\/hu\/wp-json\/wp\/v2\/categories?post=18915"},{"taxonomy":"post_tag","embeddable":true,"href":"https:\/\/www.welovecycling.com\/hu\/wp-json\/wp\/v2\/tags?post=18915"},{"taxonomy":"global-categories","embeddable":true,"href":"https:\/\/www.welovecycling.com\/hu\/wp-json\/wp\/v2\/global-categories?post=18915"}],"curies":[{"name":"wp","href":"https:\/\/api.w.org\/{rel}","templated":true}]}}