{"id":18905,"date":"2025-01-24T13:09:32","date_gmt":"2025-01-24T11:09:32","guid":{"rendered":""},"modified":"2025-01-24T13:10:16","modified_gmt":"2025-01-24T11:10:16","slug":"tavaszkoszonto-alig-egy-honap-mulva-megkezdi-az-idei-versenyszezont-valter-attila","status":"publish","type":"post","link":"https:\/\/www.welovecycling.com\/hu\/orszaguti-kerekpar\/tavaszkoszonto-alig-egy-honap-mulva-megkezdi-az-idei-versenyszezont-valter-attila\/","title":{"rendered":"Tavaszk\u00f6sz\u00f6nt\u0151: alig egy h\u00f3nap m\u00falva megkezdi az idei versenyszezont Valter Attila!"},"content":{"rendered":"<p><strong>A Visma-Lease a Bike magyar klasszisa a t\u00e9li edz\u0151t\u00e1bor ut\u00e1n, m\u00e1rciusban alaposan belecsap a lecs\u00f3ba.<\/strong><\/p>\n<p><!--more--><\/p>\n<p>Szok\u00e1s szerint a t\u00e9li alapoz\u00e1ssal, edz\u0151t\u00e1borokkal teltek Valter Attila ut\u00f3bbi hetei (\u00e9s fognak m\u00e9g az elk\u00f6vetkez\u0151k is), mi pedig v\u00e1rhattuk, mikor kapunk h\u00edreket legjobb f\u00e9rfiversenyz\u0151nk hivatalos szezonrajtj\u00e1r\u00f3l. Azt m\u00e1r szerencs\u00e9re eddig is tudtuk, hogy Valter Ati egyik kedvenc verseny\u00e9n, a Strade Bianch\u00e9n id\u00e9n is ott lesz (m\u00e1rcius 8.), de szerd\u00e1n <u><a href=\"https:\/\/www.facebook.com\/permalink.php?story_fbid=pfbid026HiugDxH9Sh6bfUnDkoa8sAQswxBu1htVLff3X1VonJk8KCGM5RqLN2UQFP6jNuGl&amp;id=100063776644112\">saj\u00e1t maga tudatta<\/a><\/u>, hogy Olaszorsz\u00e1g el\u0151tt Franciaorsz\u00e1gban is megm\u00e9retteti mag\u00e1t. A 26 esztend\u0151s klasszis posztj\u00e1ban \u00edgy fogalmazott: <em>\u201eSikeresen t\u00fal az \u00e9v els\u0151 edz\u0151t\u00e1bor\u00e1n! Mint minden \u00e9vet, ezt is Costa Blanc\u00e1n kezdtem. M\u00e1r janu\u00e1r m\u00e1sodik\u00e1n a Cyclolodgeban k\u00e9sz\u00fclhettem, ahol az els\u0151 Grinta Bike &amp; Cafe t\u00e1bor is szuper\u00fcl lezajlott! Ezut\u00e1n k\u00f6zel k\u00e9t h\u00e9t v\u00e1rt r\u00e1m t\u00f6k\u00e9letes k\u00f6r\u00fclm\u00e9nyek k\u00f6z\u00f6tt a Team Visma | Lease a Bike csapat\u00e1val. Nagyon \u00f6r\u00fcl\u00f6k, hogy ilyen j\u00f3 egyens\u00falyt siker\u00fclt kialak\u00edtani a magyar \u00e9s a nemzetk\u00f6zi edz\u0151partnerekkel, hiszen mindkett\u0151 fontos nekem. A t\u00e1bort lez\u00e1rva a Team United Shipping versenyz\u0151ivel a Benidormi CX vil\u00e1gkup\u00e1t is meg tudtuk n\u00e9zni, ami szuper volt, ugyan az a hangulat fogott el mint r\u00e9gebben a montis vil\u00e1gkup\u00e1kon. Tegnap \u201chaza\u00e9rtem\u201d a m\u00e1sodik otthonomba az Andorrai hegyek k\u00f6z\u00e9. November v\u00e9g\u00e9n telepakoltam a \u0160KODA-m \u00e9s elindultam innen, el\u0151sz\u00f6r Hollandia, Spanyolorsz\u00e1g, Magyarorsz\u00e1g majd ism\u00e9t Spanyolorsz\u00e1g volt a program (nem v\u00e9gig aut\u00f3val). Ennyi id\u0151 ut\u00e1n igaz\u00e1n j\u00f3l esik egy kis \u201cotthon\u201d hangulat a k\u00e1v\u00e9f\u0151z\u0151 meleg\u00e9ben. Igyekszem a legjobban kihaszn\u00e1lni ezt az id\u0151t \u00e9s ment\u00e1lisan t\u00f6lt\u0151dni kicsit az edz\u00e9sek mellett, mert febru\u00e1r elej\u00e9n m\u00e1r a Teid\u00e9n k\u00e9sz\u00fcl\u00f6k. A vulk\u00e1nr\u00f3l egyb\u0151l Franciaorsz\u00e1gba rep\u00fcl\u00f6k az \u00e9v els\u0151 versenyeire, a Faun-Ard\u00e9che \u00e9s Drome klasszikusaira!\u201d<\/em><\/p>\n<figure id=\"attachment_18906\" aria-describedby=\"caption-attachment-18906\" style=\"width: 1024px\" class=\"wp-caption alignnone\"><img loading=\"lazy\" decoding=\"async\" class=\"size-large wp-image-18906\" src=\"https:\/\/d2p6e6u75xmxt8.cloudfront.net\/12\/2025\/01\/474518382_1116539723815239_4506141775665979659_n-1024x724.webp\" alt=\"\" width=\"1024\" height=\"724\" srcset=\"https:\/\/d2p6e6u75xmxt8.cloudfront.net\/12\/2025\/01\/474518382_1116539723815239_4506141775665979659_n-1024x724.webp 1024w, https:\/\/d2p6e6u75xmxt8.cloudfront.net\/12\/2025\/01\/474518382_1116539723815239_4506141775665979659_n-300x212.webp 300w, https:\/\/d2p6e6u75xmxt8.cloudfront.net\/12\/2025\/01\/474518382_1116539723815239_4506141775665979659_n-768x543.webp 768w, https:\/\/d2p6e6u75xmxt8.cloudfront.net\/12\/2025\/01\/474518382_1116539723815239_4506141775665979659_n-400x283.webp 400w, https:\/\/d2p6e6u75xmxt8.cloudfront.net\/12\/2025\/01\/474518382_1116539723815239_4506141775665979659_n.webp 1536w\" sizes=\"auto, (max-width: 1024px) 100vw, 1024px\" \/><figcaption id=\"caption-attachment-18906\" class=\"wp-caption-text\">fot\u00f3: Facebook\/Valter Attila<\/figcaption><\/figure>\n<p>A szok\u00e1sos tenerifei t\u00e1bor sem marad ki teh\u00e1t id\u00e9n sem, az eml\u00edtett k\u00e9t franciaorsz\u00e1gi egynapos pedig m\u00e1rcius 1-j\u00e9n \u00e9s 2-\u00e1n esed\u00e9kes, azaz Valter Attila st\u00edlusos tavaszk\u00f6sz\u00f6nt\u00e9ssel nyitja majd meg a 2025-\u00f6s versenyid\u00e9ny\u00e9t. A k\u00e9t viadal a Nyugati-Alpok \u00fatjain zajlik majd, Valter mellett a Vism\u00e1b\u00f3l ott lesz a belg\u00e1k leg\u00fajabb nagy \u00edg\u00e9rete, Cian Uijtdebroeks is, a riv\u00e1lisok k\u00f6z\u00fcl pedig Enric Mas \u00e9s Marc Hirschi is, sz\u00ednvonalas szezonrajt v\u00e1rhat\u00f3 teh\u00e1t a magyar versenyz\u0151 szemsz\u00f6g\u00e9b\u0151l. Ezzel egy\u00fattal az is eld\u0151lt, hogy k\u00f6z\u00f6ns\u00e9gkedvenc bring\u00e1sunk a szokottn\u00e1l j\u00f3val k\u00e9s\u0151bb csap bele a versenyz\u00e9sbe, hiszen 2018 \u00f3ta tart\u00f3 profi karrierje sor\u00e1n id\u00e1ig minden \u00e9vben nyeregbe pattant legk\u00e9s\u0151bb febru\u00e1rban \u2013 tavaly ilyenkor p\u00e9ld\u00e1ul m\u00e1r jav\u00e1ban r\u00f3tta a kilom\u00e9tereket az Em\u00edrs\u00e9gek K\u00f6rverseny\u00e9n, az UAE Touron, ahol egy nagyszer\u0171 \u00f6sszetett \u00f6t\u00f6dik hellyel \u00e1gyazott meg k\u00e9s\u0151bbi remek id\u00e9ny\u00e9nek.<\/p>\n<figure id=\"attachment_18907\" aria-describedby=\"caption-attachment-18907\" style=\"width: 1024px\" class=\"wp-caption alignnone\"><img loading=\"lazy\" decoding=\"async\" class=\"size-large wp-image-18907\" src=\"https:\/\/d2p6e6u75xmxt8.cloudfront.net\/12\/2025\/01\/4621aa34ab7d4d7a9f97000f49418d80-1024x683.webp\" alt=\"\" width=\"1024\" height=\"683\" srcset=\"https:\/\/d2p6e6u75xmxt8.cloudfront.net\/12\/2025\/01\/4621aa34ab7d4d7a9f97000f49418d80-1024x683.webp 1024w, https:\/\/d2p6e6u75xmxt8.cloudfront.net\/12\/2025\/01\/4621aa34ab7d4d7a9f97000f49418d80-300x200.webp 300w, https:\/\/d2p6e6u75xmxt8.cloudfront.net\/12\/2025\/01\/4621aa34ab7d4d7a9f97000f49418d80-768x512.webp 768w, https:\/\/d2p6e6u75xmxt8.cloudfront.net\/12\/2025\/01\/4621aa34ab7d4d7a9f97000f49418d80-400x267.webp 400w, https:\/\/d2p6e6u75xmxt8.cloudfront.net\/12\/2025\/01\/4621aa34ab7d4d7a9f97000f49418d80-272x182.webp 272w, https:\/\/d2p6e6u75xmxt8.cloudfront.net\/12\/2025\/01\/4621aa34ab7d4d7a9f97000f49418d80.webp 1200w\" sizes=\"auto, (max-width: 1024px) 100vw, 1024px\" \/><figcaption id=\"caption-attachment-18907\" class=\"wp-caption-text\">fot\u00f3: Facebook\/Valter Attila<\/figcaption><\/figure>\n<p>Egy m\u00e1sik fontos magyar \u00e9rdekelts\u00e9g\u0171 orsz\u00e1g\u00fatis h\u00edr is napvil\u00e1got l\u00e1tott a h\u00e9ten: a Tour de Hongrie szervez\u0151i bejelentett\u00e9k, hogy egy \u00fajabb nagy nev\u0171 World Tour-ist\u00e1ll\u00f3, a Bahrain Victorious is visszat\u00e9r haz\u00e1nkba, \u00e9s ott lesz a 100. Magyar K\u00f6rversenyen. A bahreini bejegyz\u00e9s\u0171 nagycsapat kor\u00e1bban is letette m\u00e1r a n\u00e9vjegy\u00e9t n\u00e1lunk: Phil Bauhaus 2021-ben a gyorsas\u00e1gi pontverseny gy\u0151ztes\u00e9nek j\u00e1r\u00f3 z\u00f6ld trik\u00f3t vihette haza, Antonio Tiberi pedig egy \u00e9vvel k\u00e9s\u0151bb \u2013 akkor m\u00e9g Trek-versenyz\u0151k\u00e9nt \u2013 eml\u00e9kezetes versenyz\u00e9ssel nyomta le a K\u00e9kestet\u0151n az \u00f6sszetettet v\u00e9g\u00fcl megnyer\u0151 Eddie Dunbart. Noha az ist\u00e1ll\u00f3 id\u00e9nre komoly \u00e1talak\u00edt\u00e1sba fogott, m\u00e9g mindig olyan nevek alkotj\u00e1k a keretet, mint Tiberi, Santiago Buitrago, Lenny Martinez, Damiano Caruso, Pello Bilbao vagy \u00e9ppen Jack Haig; rem\u00e9lhet\u0151leg k\u00f6z\u00fcl\u00fck t\u00f6bbeket is l\u00e1thatunk majd \u00e9l\u0151ben is. A bahreiniekkel egy\u00fctt m\u00e1r n\u00e9gyre n\u0151tt a m\u00e1jus 14-\u00e9n rajtol\u00f3 jubileiumi viadalon r\u00e9sztvev\u0151 World Tour-nagycsapatok list\u00e1ja (Bora, Jayco, Astana), \u00e9s az elm\u00falt \u00e9vek tapasztalatai alapj\u00e1n nagyon messze m\u00e9g a bejelent\u00e9sek v\u00e9ge.<\/p>\n<figure id=\"attachment_18908\" aria-describedby=\"caption-attachment-18908\" style=\"width: 1024px\" class=\"wp-caption alignnone\"><img loading=\"lazy\" decoding=\"async\" class=\"size-full wp-image-18908\" src=\"https:\/\/d2p6e6u75xmxt8.cloudfront.net\/12\/2025\/01\/TDH_Tiberi-1024x681-1.webp\" alt=\"\" width=\"1024\" height=\"681\" srcset=\"https:\/\/d2p6e6u75xmxt8.cloudfront.net\/12\/2025\/01\/TDH_Tiberi-1024x681-1.webp 1024w, https:\/\/d2p6e6u75xmxt8.cloudfront.net\/12\/2025\/01\/TDH_Tiberi-1024x681-1-300x200.webp 300w, https:\/\/d2p6e6u75xmxt8.cloudfront.net\/12\/2025\/01\/TDH_Tiberi-1024x681-1-768x511.webp 768w, https:\/\/d2p6e6u75xmxt8.cloudfront.net\/12\/2025\/01\/TDH_Tiberi-1024x681-1-400x266.webp 400w, https:\/\/d2p6e6u75xmxt8.cloudfront.net\/12\/2025\/01\/TDH_Tiberi-1024x681-1-272x182.webp 272w\" sizes=\"auto, (max-width: 1024px) 100vw, 1024px\" \/><figcaption id=\"caption-attachment-18908\" class=\"wp-caption-text\">A Bahrain egyik legjobbja, Antonio Tiberi anno m\u00e9g trekesk\u00e9nt \u00fcnnepelhetett a TdH kir\u00e1lyetapj\u00e1n (MTI\/Komka P\u00e9ter)<\/figcaption><\/figure>\n<p><em>Bor\u00edt\u00f3k\u00e9p: Facebook\/Valter Attila<\/em><\/p>\n","protected":false},"excerpt":{"rendered":"<p>A Visma-Lease a Bike magyar klasszisa a t\u00e9li edz\u0151t\u00e1bor ut\u00e1n, m\u00e1rciusban alaposan belecsap a lecs\u00f3ba.<\/p>\n","protected":false},"author":71,"featured_media":18909,"comment_status":"open","ping_status":"open","sticky":false,"template":"","format":"standard","meta":{"footnotes":""},"categories":[8],"tags":[],"global-categories":[419],"class_list":["post-18905","post","type-post","status-publish","format-standard","has-post-thumbnail","hentry","category-orszaguti-kerekpar","global-categories-cycling"],"yoast_head":"<!-- This site is optimized with the Yoast SEO Premium plugin v25.3 (Yoast SEO v25.9) - https:\/\/yoast.com\/wordpress\/plugins\/seo\/ -->\n<title>Tavaszk\u00f6sz\u00f6nt\u0151: alig egy h\u00f3nap m\u00falva megkezdi az idei versenyszezont Valter Attila!<\/title>\n<meta name=\"description\" content=\"A Visma-Lease a Bike magyar klasszisa a t\u00e9li edz\u0151t\u00e1bor ut\u00e1n, m\u00e1rciusban alaposan belecsap a lecs\u00f3ba.\" \/>\n<meta name=\"robots\" content=\"index, follow, max-snippet:-1, max-image-preview:large, max-video-preview:-1\" \/>\n<link rel=\"canonical\" href=\"https:\/\/www.welovecycling.com\/hu\/orszaguti-kerekpar\/tavaszkoszonto-alig-egy-honap-mulva-megkezdi-az-idei-versenyszezont-valter-attila\/\" \/>\n<meta property=\"og:locale\" content=\"hu_HU\" \/>\n<meta property=\"og:type\" content=\"article\" \/>\n<meta property=\"og:title\" content=\"Tavaszk\u00f6sz\u00f6nt\u0151: alig egy h\u00f3nap m\u00falva megkezdi az idei versenyszezont Valter Attila!\" \/>\n<meta property=\"og:description\" content=\"A Visma-Lease a Bike magyar klasszisa a t\u00e9li edz\u0151t\u00e1bor ut\u00e1n, m\u00e1rciusban alaposan belecsap a lecs\u00f3ba.\" \/>\n<meta property=\"og:url\" content=\"https:\/\/www.welovecycling.com\/hu\/orszaguti-kerekpar\/tavaszkoszonto-alig-egy-honap-mulva-megkezdi-az-idei-versenyszezont-valter-attila\/\" \/>\n<meta property=\"og:site_name\" content=\"\u0160koda We Love Cycling - Magyarorsz\u00e1g\" \/>\n<meta property=\"article:publisher\" content=\"https:\/\/www.facebook.com\/WeLoveCyclingHungary\/\" \/>\n<meta property=\"article:published_time\" content=\"2025-01-24T11:09:32+00:00\" \/>\n<meta property=\"article:modified_time\" content=\"2025-01-24T11:10:16+00:00\" \/>\n<meta property=\"og:image\" content=\"https:\/\/d2p6e6u75xmxt8.cloudfront.net\/12\/2025\/01\/459626120_1015034027299143_6536913762399418539_n.webp\" \/>\n\t<meta property=\"og:image:width\" content=\"2000\" \/>\n\t<meta property=\"og:image:height\" content=\"1333\" \/>\n\t<meta property=\"og:image:type\" content=\"image\/webp\" \/>\n<meta name=\"author\" content=\"hegyizs\" \/>\n<meta name=\"twitter:card\" content=\"summary_large_image\" \/>\n<meta name=\"twitter:label1\" content=\"Written by\" \/>\n\t<meta name=\"twitter:data1\" content=\"WLC\" \/>\n\t<meta name=\"twitter:label2\" content=\"Est. reading time\" \/>\n\t<meta name=\"twitter:data2\" content=\"4 minutes\" \/>\n<script type=\"application\/ld+json\" class=\"yoast-schema-graph\">{\"@context\":\"https:\/\/schema.org\",\"@graph\":[{\"@type\":\"WebPage\",\"@id\":\"https:\/\/www.welovecycling.com\/hu\/orszaguti-kerekpar\/tavaszkoszonto-alig-egy-honap-mulva-megkezdi-az-idei-versenyszezont-valter-attila\/\",\"url\":\"https:\/\/www.welovecycling.com\/hu\/orszaguti-kerekpar\/tavaszkoszonto-alig-egy-honap-mulva-megkezdi-az-idei-versenyszezont-valter-attila\/\",\"name\":\"Tavaszk\u00f6sz\u00f6nt\u0151: alig egy h\u00f3nap m\u00falva megkezdi az idei versenyszezont Valter Attila!\",\"isPartOf\":{\"@id\":\"https:\/\/www.welovecycling.com\/hu\/#website\"},\"primaryImageOfPage\":{\"@id\":\"https:\/\/www.welovecycling.com\/hu\/orszaguti-kerekpar\/tavaszkoszonto-alig-egy-honap-mulva-megkezdi-az-idei-versenyszezont-valter-attila\/#primaryimage\"},\"image\":{\"@id\":\"https:\/\/www.welovecycling.com\/hu\/orszaguti-kerekpar\/tavaszkoszonto-alig-egy-honap-mulva-megkezdi-az-idei-versenyszezont-valter-attila\/#primaryimage\"},\"thumbnailUrl\":\"https:\/\/d2p6e6u75xmxt8.cloudfront.net\/12\/2025\/01\/459626120_1015034027299143_6536913762399418539_n.webp\",\"datePublished\":\"2025-01-24T11:09:32+00:00\",\"dateModified\":\"2025-01-24T11:10:16+00:00\",\"author\":{\"@id\":\"https:\/\/www.welovecycling.com\/hu\/#\/schema\/person\/414a2aebf1801691a5320edb6468e194\"},\"description\":\"A Visma-Lease a Bike magyar klasszisa a t\u00e9li edz\u0151t\u00e1bor ut\u00e1n, m\u00e1rciusban alaposan belecsap a lecs\u00f3ba.\",\"breadcrumb\":{\"@id\":\"https:\/\/www.welovecycling.com\/hu\/orszaguti-kerekpar\/tavaszkoszonto-alig-egy-honap-mulva-megkezdi-az-idei-versenyszezont-valter-attila\/#breadcrumb\"},\"inLanguage\":\"hu\",\"potentialAction\":[{\"@type\":\"ReadAction\",\"target\":[\"https:\/\/www.welovecycling.com\/hu\/orszaguti-kerekpar\/tavaszkoszonto-alig-egy-honap-mulva-megkezdi-az-idei-versenyszezont-valter-attila\/\"]}]},{\"@type\":\"ImageObject\",\"inLanguage\":\"hu\",\"@id\":\"https:\/\/www.welovecycling.com\/hu\/orszaguti-kerekpar\/tavaszkoszonto-alig-egy-honap-mulva-megkezdi-az-idei-versenyszezont-valter-attila\/#primaryimage\",\"url\":\"https:\/\/d2p6e6u75xmxt8.cloudfront.net\/12\/2025\/01\/459626120_1015034027299143_6536913762399418539_n.webp\",\"contentUrl\":\"https:\/\/d2p6e6u75xmxt8.cloudfront.net\/12\/2025\/01\/459626120_1015034027299143_6536913762399418539_n.webp\",\"width\":2000,\"height\":1333},{\"@type\":\"BreadcrumbList\",\"@id\":\"https:\/\/www.welovecycling.com\/hu\/orszaguti-kerekpar\/tavaszkoszonto-alig-egy-honap-mulva-megkezdi-az-idei-versenyszezont-valter-attila\/#breadcrumb\",\"itemListElement\":[{\"@type\":\"ListItem\",\"position\":1,\"name\":\"Home\",\"item\":\"https:\/\/www.welovecycling.com\/hu\/\"},{\"@type\":\"ListItem\",\"position\":2,\"name\":\"Tavaszk\u00f6sz\u00f6nt\u0151: alig egy h\u00f3nap m\u00falva megkezdi az idei versenyszezont Valter Attila!\"}]},{\"@type\":\"WebSite\",\"@id\":\"https:\/\/www.welovecycling.com\/hu\/#website\",\"url\":\"https:\/\/www.welovecycling.com\/hu\/\",\"name\":\"\u0160koda We Love Cycling - Magyarorsz\u00e1g\",\"description\":\"\u0160koda WeLoveCycling\",\"potentialAction\":[{\"@type\":\"SearchAction\",\"target\":{\"@type\":\"EntryPoint\",\"urlTemplate\":\"https:\/\/www.welovecycling.com\/hu\/?s={search_term_string}\"},\"query-input\":{\"@type\":\"PropertyValueSpecification\",\"valueRequired\":true,\"valueName\":\"search_term_string\"}}],\"inLanguage\":\"hu\"},{\"@type\":\"Person\",\"@id\":\"https:\/\/www.welovecycling.com\/hu\/#\/schema\/person\/414a2aebf1801691a5320edb6468e194\",\"name\":\"hegyizs\",\"image\":{\"@type\":\"ImageObject\",\"inLanguage\":\"hu\",\"@id\":\"https:\/\/www.welovecycling.com\/hu\/#\/schema\/person\/image\/\",\"url\":\"https:\/\/secure.gravatar.com\/avatar\/02cf8a7906b8cf90cecb4679defac7cfd33a1c2e3b88e4903d947f3bb58eedd3?s=96&d=mm&r=g\",\"contentUrl\":\"https:\/\/secure.gravatar.com\/avatar\/02cf8a7906b8cf90cecb4679defac7cfd33a1c2e3b88e4903d947f3bb58eedd3?s=96&d=mm&r=g\",\"caption\":\"hegyizs\"},\"url\":\"https:\/\/www.welovecycling.com\/hu\/author\/hegyizs\/\"}]}<\/script>\n<!-- \/ Yoast SEO Premium plugin. -->","yoast_head_json":{"title":"Tavaszk\u00f6sz\u00f6nt\u0151: alig egy h\u00f3nap m\u00falva megkezdi az idei versenyszezont Valter Attila!","description":"A Visma-Lease a Bike magyar klasszisa a t\u00e9li edz\u0151t\u00e1bor ut\u00e1n, m\u00e1rciusban alaposan belecsap a lecs\u00f3ba.","robots":{"index":"index","follow":"follow","max-snippet":"max-snippet:-1","max-image-preview":"max-image-preview:large","max-video-preview":"max-video-preview:-1"},"canonical":"https:\/\/www.welovecycling.com\/hu\/orszaguti-kerekpar\/tavaszkoszonto-alig-egy-honap-mulva-megkezdi-az-idei-versenyszezont-valter-attila\/","og_locale":"hu_HU","og_type":"article","og_title":"Tavaszk\u00f6sz\u00f6nt\u0151: alig egy h\u00f3nap m\u00falva megkezdi az idei versenyszezont Valter Attila!","og_description":"A Visma-Lease a Bike magyar klasszisa a t\u00e9li edz\u0151t\u00e1bor ut\u00e1n, m\u00e1rciusban alaposan belecsap a lecs\u00f3ba.","og_url":"https:\/\/www.welovecycling.com\/hu\/orszaguti-kerekpar\/tavaszkoszonto-alig-egy-honap-mulva-megkezdi-az-idei-versenyszezont-valter-attila\/","og_site_name":"\u0160koda We Love Cycling - Magyarorsz\u00e1g","article_publisher":"https:\/\/www.facebook.com\/WeLoveCyclingHungary\/","article_published_time":"2025-01-24T11:09:32+00:00","article_modified_time":"2025-01-24T11:10:16+00:00","og_image":[{"width":2000,"height":1333,"url":"https:\/\/d2p6e6u75xmxt8.cloudfront.net\/12\/2025\/01\/459626120_1015034027299143_6536913762399418539_n.webp","type":"image\/webp"}],"author":"hegyizs","twitter_card":"summary_large_image","twitter_misc":{"Written by":"WLC","Est. reading time":"4 minutes"},"schema":{"@context":"https:\/\/schema.org","@graph":[{"@type":"WebPage","@id":"https:\/\/www.welovecycling.com\/hu\/orszaguti-kerekpar\/tavaszkoszonto-alig-egy-honap-mulva-megkezdi-az-idei-versenyszezont-valter-attila\/","url":"https:\/\/www.welovecycling.com\/hu\/orszaguti-kerekpar\/tavaszkoszonto-alig-egy-honap-mulva-megkezdi-az-idei-versenyszezont-valter-attila\/","name":"Tavaszk\u00f6sz\u00f6nt\u0151: alig egy h\u00f3nap m\u00falva megkezdi az idei versenyszezont Valter Attila!","isPartOf":{"@id":"https:\/\/www.welovecycling.com\/hu\/#website"},"primaryImageOfPage":{"@id":"https:\/\/www.welovecycling.com\/hu\/orszaguti-kerekpar\/tavaszkoszonto-alig-egy-honap-mulva-megkezdi-az-idei-versenyszezont-valter-attila\/#primaryimage"},"image":{"@id":"https:\/\/www.welovecycling.com\/hu\/orszaguti-kerekpar\/tavaszkoszonto-alig-egy-honap-mulva-megkezdi-az-idei-versenyszezont-valter-attila\/#primaryimage"},"thumbnailUrl":"https:\/\/d2p6e6u75xmxt8.cloudfront.net\/12\/2025\/01\/459626120_1015034027299143_6536913762399418539_n.webp","datePublished":"2025-01-24T11:09:32+00:00","dateModified":"2025-01-24T11:10:16+00:00","author":{"@id":"https:\/\/www.welovecycling.com\/hu\/#\/schema\/person\/414a2aebf1801691a5320edb6468e194"},"description":"A Visma-Lease a Bike magyar klasszisa a t\u00e9li edz\u0151t\u00e1bor ut\u00e1n, m\u00e1rciusban alaposan belecsap a lecs\u00f3ba.","breadcrumb":{"@id":"https:\/\/www.welovecycling.com\/hu\/orszaguti-kerekpar\/tavaszkoszonto-alig-egy-honap-mulva-megkezdi-az-idei-versenyszezont-valter-attila\/#breadcrumb"},"inLanguage":"hu","potentialAction":[{"@type":"ReadAction","target":["https:\/\/www.welovecycling.com\/hu\/orszaguti-kerekpar\/tavaszkoszonto-alig-egy-honap-mulva-megkezdi-az-idei-versenyszezont-valter-attila\/"]}]},{"@type":"ImageObject","inLanguage":"hu","@id":"https:\/\/www.welovecycling.com\/hu\/orszaguti-kerekpar\/tavaszkoszonto-alig-egy-honap-mulva-megkezdi-az-idei-versenyszezont-valter-attila\/#primaryimage","url":"https:\/\/d2p6e6u75xmxt8.cloudfront.net\/12\/2025\/01\/459626120_1015034027299143_6536913762399418539_n.webp","contentUrl":"https:\/\/d2p6e6u75xmxt8.cloudfront.net\/12\/2025\/01\/459626120_1015034027299143_6536913762399418539_n.webp","width":2000,"height":1333},{"@type":"BreadcrumbList","@id":"https:\/\/www.welovecycling.com\/hu\/orszaguti-kerekpar\/tavaszkoszonto-alig-egy-honap-mulva-megkezdi-az-idei-versenyszezont-valter-attila\/#breadcrumb","itemListElement":[{"@type":"ListItem","position":1,"name":"Home","item":"https:\/\/www.welovecycling.com\/hu\/"},{"@type":"ListItem","position":2,"name":"Tavaszk\u00f6sz\u00f6nt\u0151: alig egy h\u00f3nap m\u00falva megkezdi az idei versenyszezont Valter Attila!"}]},{"@type":"WebSite","@id":"https:\/\/www.welovecycling.com\/hu\/#website","url":"https:\/\/www.welovecycling.com\/hu\/","name":"\u0160koda We Love Cycling - Magyarorsz\u00e1g","description":"\u0160koda WeLoveCycling","potentialAction":[{"@type":"SearchAction","target":{"@type":"EntryPoint","urlTemplate":"https:\/\/www.welovecycling.com\/hu\/?s={search_term_string}"},"query-input":{"@type":"PropertyValueSpecification","valueRequired":true,"valueName":"search_term_string"}}],"inLanguage":"hu"},{"@type":"Person","@id":"https:\/\/www.welovecycling.com\/hu\/#\/schema\/person\/414a2aebf1801691a5320edb6468e194","name":"hegyizs","image":{"@type":"ImageObject","inLanguage":"hu","@id":"https:\/\/www.welovecycling.com\/hu\/#\/schema\/person\/image\/","url":"https:\/\/secure.gravatar.com\/avatar\/02cf8a7906b8cf90cecb4679defac7cfd33a1c2e3b88e4903d947f3bb58eedd3?s=96&d=mm&r=g","contentUrl":"https:\/\/secure.gravatar.com\/avatar\/02cf8a7906b8cf90cecb4679defac7cfd33a1c2e3b88e4903d947f3bb58eedd3?s=96&d=mm&r=g","caption":"hegyizs"},"url":"https:\/\/www.welovecycling.com\/hu\/author\/hegyizs\/"}]}},"_links":{"self":[{"href":"https:\/\/www.welovecycling.com\/hu\/wp-json\/wp\/v2\/posts\/18905","targetHints":{"allow":["GET"]}}],"collection":[{"href":"https:\/\/www.welovecycling.com\/hu\/wp-json\/wp\/v2\/posts"}],"about":[{"href":"https:\/\/www.welovecycling.com\/hu\/wp-json\/wp\/v2\/types\/post"}],"author":[{"embeddable":true,"href":"https:\/\/www.welovecycling.com\/hu\/wp-json\/wp\/v2\/users\/71"}],"replies":[{"embeddable":true,"href":"https:\/\/www.welovecycling.com\/hu\/wp-json\/wp\/v2\/comments?post=18905"}],"version-history":[{"count":1,"href":"https:\/\/www.welovecycling.com\/hu\/wp-json\/wp\/v2\/posts\/18905\/revisions"}],"predecessor-version":[{"id":18910,"href":"https:\/\/www.welovecycling.com\/hu\/wp-json\/wp\/v2\/posts\/18905\/revisions\/18910"}],"wp:featuredmedia":[{"embeddable":true,"href":"https:\/\/www.welovecycling.com\/hu\/wp-json\/wp\/v2\/media\/18909"}],"wp:attachment":[{"href":"https:\/\/www.welovecycling.com\/hu\/wp-json\/wp\/v2\/media?parent=18905"}],"wp:term":[{"taxonomy":"category","embeddable":true,"href":"https:\/\/www.welovecycling.com\/hu\/wp-json\/wp\/v2\/categories?post=18905"},{"taxonomy":"post_tag","embeddable":true,"href":"https:\/\/www.welovecycling.com\/hu\/wp-json\/wp\/v2\/tags?post=18905"},{"taxonomy":"global-categories","embeddable":true,"href":"https:\/\/www.welovecycling.com\/hu\/wp-json\/wp\/v2\/global-categories?post=18905"}],"curies":[{"name":"wp","href":"https:\/\/api.w.org\/{rel}","templated":true}]}}