{"id":18888,"date":"2025-01-23T08:00:43","date_gmt":"2025-01-23T06:00:43","guid":{"rendered":"https:\/\/www.welovecycling.com\/hu\/?p=18888"},"modified":"2025-01-17T11:31:13","modified_gmt":"2025-01-17T09:31:13","slug":"vonzoak-e-a-nok-szerint-a-kerekparos-ferfiak","status":"publish","type":"post","link":"https:\/\/www.welovecycling.com\/hu\/kozosseg-es-kultura\/vonzoak-e-a-nok-szerint-a-kerekparos-ferfiak\/","title":{"rendered":"Vonz\u00f3ak-e a n\u0151k szerint a ker\u00e9kp\u00e1ros f\u00e9rfiak?"},"content":{"rendered":"<p><strong>Egy izgalmas \u00faj kutat\u00e1s l\u00e1tott napvil\u00e1got nemr\u00e9g, ami azt vizsg\u00e1lta, hogy a n\u0151k melyik hobbit mennyire tartj\u00e1k vonz\u00f3nak. Term\u00e9szetesen a sportok sem maradtak ki a list\u00e1b\u00f3l, \u00edgy a ker\u00e9kp\u00e1roz\u00e1sra is r\u00e1k\u00e9rdeztek a kutat\u00f3k. Vajon vonz\u00f3bb a ped\u00e1loz\u00e1s, mint a box vagy az \u00fasz\u00e1s? \u00c9s hogyan viszonyulnak a n\u0151k \u00e1ltal\u00e1ban a sportol\u00f3 f\u00e9rfiakhoz? Legy\u0151zik az atletikus tev\u00e9kenys\u00e9gek az olvas\u00e1st, az utaz\u00e1st vagy a buliz\u00e1st? Vonz\u00f3 egy\u00e1ltal\u00e1n sportolni? N\u00e9zz\u00fck meg!<\/strong><\/p>\n<p><!--more--><\/p>\n<h2><strong>74 hobbit rangsoroltak f\u00e9rfiak \u00e9s n\u0151k<\/strong><\/h2>\n<p>A <u><a href=\"https:\/\/datepsychology.com\/the-most-and-least-attractive-male-hobbies\/\">DatePsychology <\/a><a href=\"https:\/\/datepsychology.com\/the-most-and-least-attractive-male-hobbies\/\">oldal\u00e1n megjelent kutat\u00e1s<\/a><\/u> egy 814 r\u00e9sztvev\u0151vel (48%-ban n\u0151kkel) k\u00e9sz\u00fclt felm\u00e9r\u00e9sen alapult. A r\u00e9sztvev\u0151knek meg kellett adniuk, melyik hobbit mennyire tal\u00e1lj\u00e1k vonz\u00f3nak. A n\u0151k saj\u00e1t n\u00e9z\u0151pontjukb\u00f3l \u00e9rt\u00e9kelt\u00e9k a hobbikat, m\u00edg a f\u00e9rfiak azt pr\u00f3b\u00e1lt\u00e1k megj\u00f3solni, hogy szerint\u00fck a n\u0151k mit tal\u00e1lnak vonz\u00f3nak. A kutat\u00f3k megjegyezt\u00e9k, hogy \u00e9rdemes figyelembe venni: a vizsg\u00e1latban r\u00e9szt vev\u0151 n\u0151k els\u0151sorban magas t\u00e1rsadalmi st\u00e1tusz\u00faak voltak \u2013 45%-uknak volt mesterdiplom\u00e1ja, \u00e9s 90%-uk feh\u00e9r volt, \u00edgy a felm\u00e9r\u00e9s nem reprezentat\u00edv.<\/p>\n<h2><strong>Melyek a legvonz\u00f3bb hobbik?<\/strong><\/h2>\n<p style=\"font-weight: 400;\">A kutat\u00e1s szerint az \u00f6t legvonz\u00f3bb hobbi az olvas\u00e1s, az idegen nyelvek tanul\u00e1sa, a hangszeren val\u00f3 j\u00e1t\u00e9k, a f\u0151z\u00e9s \u00e9s a famegmunk\u00e1l\u00e1s. Sajnos az els\u0151 t\u00edz k\u00f6z\u00f6tt mind\u00f6ssze egyetlen sporttev\u00e9kenys\u00e9g szerepelt. Az viszont pozit\u00edvum, hogy a legkev\u00e9sb\u00e9 vonz\u00f3 hobbik k\u00f6z\u00f6tt egy\u00e1ltal\u00e1n nem volt sport. Ez a lista ink\u00e1bb olyan szok\u00e1sokat tartalmazott, mint a szerencsej\u00e1t\u00e9k, a porn\u00f3 vagy a buliz\u00e1s, de n\u00e9h\u00e1ny meglep\u0151 elem is akadt. P\u00e9ld\u00e1ul a negyedik legkev\u00e9sb\u00e9 vonz\u00f3 hobbi az \u201eonline vitatkoz\u00e1s\u201d volt.<\/p>\n<p><a href=\"https:\/\/d2p6e6u75xmxt8.cloudfront.net\/12\/2025\/01\/Pic1.webp\"><img loading=\"lazy\" decoding=\"async\" class=\"alignnone size-full wp-image-18889\" src=\"https:\/\/d2p6e6u75xmxt8.cloudfront.net\/12\/2025\/01\/Pic1.webp\" alt=\"Hobbies chart\" width=\"624\" height=\"388\" srcset=\"https:\/\/d2p6e6u75xmxt8.cloudfront.net\/12\/2025\/01\/Pic1.webp 624w, https:\/\/d2p6e6u75xmxt8.cloudfront.net\/12\/2025\/01\/Pic1-300x187.webp 300w, https:\/\/d2p6e6u75xmxt8.cloudfront.net\/12\/2025\/01\/Pic1-400x249.webp 400w\" sizes=\"auto, (max-width: 624px) 100vw, 624px\" \/><\/a><\/p>\n<h2><strong>Melyek a legvonz\u00f3bb sportok?<\/strong><\/h2>\n<p>B\u00e1r az \u00f6sszes\u00edtett lista \u00e9l\u00e9n nem szerepeltek t\u00fal nagy sz\u00e1mban a sportok, a helyzet m\u00e9gsem olyan rossz. P\u00e9ld\u00e1ul az \u00fasz\u00e1s a n\u0151k 92,8%-a szerint vonz\u00f3, ezzel meg is nyerte az els\u0151 helyet a sportok k\u00f6z\u00f6tt. A ker\u00e9kp\u00e1roz\u00e1s \u00e9ppen csak kimaradt az els\u0151 t\u00edzb\u0151l: a n\u0151k 76,4%-a tartotta vonz\u00f3nak. Ez kifejezetten j\u00f3 eredm\u00e9ny, k\u00fcl\u00f6n\u00f6sen, ha figyelembe vessz\u00fck, hogy a fut\u00e1s p\u00e9ld\u00e1ul a 13., a j\u00f3ga a 15., m\u00edg a golf az utols\u00f3 helyre ker\u00fclt, mind\u00f6ssze 44,4%-os vonz\u00f3s\u00e1ggal.<\/p>\n<p><a href=\"https:\/\/d2p6e6u75xmxt8.cloudfront.net\/12\/2025\/01\/Pic2.webp\"><img loading=\"lazy\" decoding=\"async\" class=\"alignnone size-full wp-image-18890\" src=\"https:\/\/d2p6e6u75xmxt8.cloudfront.net\/12\/2025\/01\/Pic2.webp\" alt=\"Hobbies chart\" width=\"624\" height=\"420\" srcset=\"https:\/\/d2p6e6u75xmxt8.cloudfront.net\/12\/2025\/01\/Pic2.webp 624w, https:\/\/d2p6e6u75xmxt8.cloudfront.net\/12\/2025\/01\/Pic2-300x202.webp 300w, https:\/\/d2p6e6u75xmxt8.cloudfront.net\/12\/2025\/01\/Pic2-400x269.webp 400w, https:\/\/d2p6e6u75xmxt8.cloudfront.net\/12\/2025\/01\/Pic2-272x182.webp 272w\" sizes=\"auto, (max-width: 624px) 100vw, 624px\" \/><\/a><\/p>\n<h2><strong>A f\u00e9rfiak al\u00e1becs\u00fclt\u00e9k hobbijaik vonzerej\u00e9t<\/strong><\/h2>\n<p>\u00c9rdekes m\u00f3don a f\u00e9rfiak a legt\u00f6bb esetben al\u00e1becs\u00fclt\u00e9k, hogy hobbijaik mennyire vonz\u00f3ak a n\u0151k sz\u00e1m\u00e1ra. A kutat\u00e1s szerint \u00e1tlagosan 12%-os elt\u00e9r\u00e9s volt a f\u00e9rfiak el\u0151rejelz\u00e9sei \u00e9s a n\u0151k v\u00e1laszai k\u00f6z\u00f6tt, ami azt mutatja, hogy sok f\u00e9rfi nem tartja nagyra azokat a hobbikat, amelyek k\u00e9szs\u00e9geket, kreativit\u00e1st vagy fizikai aktivit\u00e1st ig\u00e9nyelnek. Az egyetlen k\u00e9t kiv\u00e9tel a motoroz\u00e1s \u00e9s a boksz\/MMA volt. Ezeket a n\u0151k l\u00e9nyegesen kev\u00e9sb\u00e9 tartott\u00e1k vonz\u00f3nak, mint ahogyan a f\u00e9rfiak felt\u00e9telezt\u00e9k.<\/p>\n<h2><strong>Mi a l\u00e9nyeg?<\/strong><\/h2>\n<p>B\u00e1r \u00f6sszess\u00e9g\u00e9ben nem tartozik a legvonz\u00f3bb elfoglalts\u00e1gok k\u00f6z\u00e9, a kutat\u00e1s azt mutatja, hogy a n\u0151k h\u00e1romnegyede vonz\u00f3nak tal\u00e1lja a ker\u00e9kp\u00e1roz\u00e1st. Ha f\u00e9rfi ker\u00e9kp\u00e1rosk\u00e9nt meger\u0151s\u00edt\u00e9sre v\u00e1gyt\u00e1l, megkaptad. A kutat\u00e1s f\u0151 \u00fczenete azonban az, hogy b\u00e1rmilyen hobbit is v\u00e1lasztasz, rengeteg olyan ember akad, aki osztja az \u00e9rdekl\u0151d\u00e9sedet. Az olyan hobbik t\u00f6bbs\u00e9g\u00e9t, amelyek nem min\u0151s\u00fclnek k\u00e1ros szenved\u00e9lyeknek, a n\u0151k t\u00f6bb mint fele vonz\u00f3nak tal\u00e1lta. A l\u00e9nyeg azonban az, hogy mindez nem sz\u00e1m\u00edt &#8211; a hobbiknak els\u0151sorban r\u00f3lad kell sz\u00f3lniuk, nem arr\u00f3l, hogy mit gondolnak m\u00e1sok!<\/p>\n","protected":false},"excerpt":{"rendered":"<p>Egy izgalmas \u00faj kutat\u00e1s l\u00e1tott napvil\u00e1got nemr\u00e9g, ami azt vizsg\u00e1lta, hogy a n\u0151k melyik hobbit mennyire tartj\u00e1k vonz\u00f3nak. Term\u00e9szetesen a [&hellip;]<\/p>\n","protected":false},"author":71,"featured_media":16429,"comment_status":"open","ping_status":"open","sticky":false,"template":"","format":"standard","meta":{"footnotes":""},"categories":[12],"tags":[],"global-categories":[],"class_list":["post-18888","post","type-post","status-publish","format-standard","has-post-thumbnail","hentry","category-kozosseg-es-kultura"],"yoast_head":"<!-- This site is optimized with the Yoast SEO Premium plugin v25.3 (Yoast SEO v25.9) - https:\/\/yoast.com\/wordpress\/plugins\/seo\/ -->\n<title>Vonz\u00f3ak-e a n\u0151k szerint a ker\u00e9kp\u00e1ros f\u00e9rfiak?<\/title>\n<meta name=\"description\" content=\"Egy izgalmas \u00faj kutat\u00e1s l\u00e1tott napvil\u00e1got nemr\u00e9g, ami azt vizsg\u00e1lta, hogy a n\u0151k melyik hobbit mennyire tartj\u00e1k vonz\u00f3nak. Term\u00e9szetesen a sportok sem maradtak ki a list\u00e1b\u00f3l, \u00edgy a ker\u00e9kp\u00e1roz\u00e1sra is r\u00e1k\u00e9rdeztek a kutat\u00f3k. Vajon vonz\u00f3bb a ped\u00e1loz\u00e1s, mint a box vagy az \u00fasz\u00e1s? \u00c9s hogyan viszonyulnak a n\u0151k \u00e1ltal\u00e1ban a sportol\u00f3 f\u00e9rfiakhoz? Legy\u0151zik az atletikus tev\u00e9kenys\u00e9gek az olvas\u00e1st, az utaz\u00e1st vagy a buliz\u00e1st? Vonz\u00f3 egy\u00e1ltal\u00e1n sportolni? N\u00e9zz\u00fck meg!\" \/>\n<meta name=\"robots\" content=\"index, follow, max-snippet:-1, max-image-preview:large, max-video-preview:-1\" \/>\n<link rel=\"canonical\" href=\"https:\/\/www.welovecycling.com\/hu\/kozosseg-es-kultura\/vonzoak-e-a-nok-szerint-a-kerekparos-ferfiak\/\" \/>\n<meta property=\"og:locale\" content=\"hu_HU\" \/>\n<meta property=\"og:type\" content=\"article\" \/>\n<meta property=\"og:title\" content=\"Vonz\u00f3ak-e a n\u0151k szerint a ker\u00e9kp\u00e1ros f\u00e9rfiak?\" \/>\n<meta property=\"og:description\" content=\"Egy izgalmas \u00faj kutat\u00e1s l\u00e1tott napvil\u00e1got nemr\u00e9g, ami azt vizsg\u00e1lta, hogy a n\u0151k melyik hobbit mennyire tartj\u00e1k vonz\u00f3nak. Term\u00e9szetesen a sportok sem maradtak ki a list\u00e1b\u00f3l, \u00edgy a ker\u00e9kp\u00e1roz\u00e1sra is r\u00e1k\u00e9rdeztek a kutat\u00f3k. Vajon vonz\u00f3bb a ped\u00e1loz\u00e1s, mint a box vagy az \u00fasz\u00e1s? \u00c9s hogyan viszonyulnak a n\u0151k \u00e1ltal\u00e1ban a sportol\u00f3 f\u00e9rfiakhoz? Legy\u0151zik az atletikus tev\u00e9kenys\u00e9gek az olvas\u00e1st, az utaz\u00e1st vagy a buliz\u00e1st? Vonz\u00f3 egy\u00e1ltal\u00e1n sportolni? N\u00e9zz\u00fck meg!\" \/>\n<meta property=\"og:url\" content=\"https:\/\/www.welovecycling.com\/hu\/kozosseg-es-kultura\/vonzoak-e-a-nok-szerint-a-kerekparos-ferfiak\/\" \/>\n<meta property=\"og:site_name\" content=\"\u0160koda We Love Cycling - Magyarorsz\u00e1g\" \/>\n<meta property=\"article:publisher\" content=\"https:\/\/www.facebook.com\/WeLoveCyclingHungary\/\" \/>\n<meta property=\"article:published_time\" content=\"2025-01-23T06:00:43+00:00\" \/>\n<meta property=\"og:image\" content=\"https:\/\/d2p6e6u75xmxt8.cloudfront.net\/12\/2022\/11\/Couple-Cycling-Climb-CVR-profimedia-0351677249.webp\" \/>\n\t<meta property=\"og:image:width\" content=\"990\" \/>\n\t<meta property=\"og:image:height\" content=\"660\" \/>\n\t<meta property=\"og:image:type\" content=\"image\/webp\" \/>\n<meta name=\"author\" content=\"hegyizs\" \/>\n<meta name=\"twitter:card\" content=\"summary_large_image\" \/>\n<meta name=\"twitter:label1\" content=\"Written by\" \/>\n\t<meta name=\"twitter:data1\" content=\"Jiri Kaloc\" \/>\n\t<meta name=\"twitter:label2\" content=\"Est. reading time\" \/>\n\t<meta name=\"twitter:data2\" content=\"3\" \/>\n<script type=\"application\/ld+json\" class=\"yoast-schema-graph\">{\"@context\":\"https:\/\/schema.org\",\"@graph\":[{\"@type\":\"WebPage\",\"@id\":\"https:\/\/www.welovecycling.com\/hu\/kozosseg-es-kultura\/vonzoak-e-a-nok-szerint-a-kerekparos-ferfiak\/\",\"url\":\"https:\/\/www.welovecycling.com\/hu\/kozosseg-es-kultura\/vonzoak-e-a-nok-szerint-a-kerekparos-ferfiak\/\",\"name\":\"Vonz\u00f3ak-e a n\u0151k szerint a ker\u00e9kp\u00e1ros f\u00e9rfiak?\",\"isPartOf\":{\"@id\":\"https:\/\/www.welovecycling.com\/hu\/#website\"},\"primaryImageOfPage\":{\"@id\":\"https:\/\/www.welovecycling.com\/hu\/kozosseg-es-kultura\/vonzoak-e-a-nok-szerint-a-kerekparos-ferfiak\/#primaryimage\"},\"image\":{\"@id\":\"https:\/\/www.welovecycling.com\/hu\/kozosseg-es-kultura\/vonzoak-e-a-nok-szerint-a-kerekparos-ferfiak\/#primaryimage\"},\"thumbnailUrl\":\"https:\/\/d2p6e6u75xmxt8.cloudfront.net\/12\/2022\/11\/Couple-Cycling-Climb-CVR-profimedia-0351677249.webp\",\"datePublished\":\"2025-01-23T06:00:43+00:00\",\"author\":{\"@id\":\"https:\/\/www.welovecycling.com\/hu\/#\/schema\/person\/414a2aebf1801691a5320edb6468e194\"},\"description\":\"Egy izgalmas \u00faj kutat\u00e1s l\u00e1tott napvil\u00e1got nemr\u00e9g, ami azt vizsg\u00e1lta, hogy a n\u0151k melyik hobbit mennyire tartj\u00e1k vonz\u00f3nak. Term\u00e9szetesen a sportok sem maradtak ki a list\u00e1b\u00f3l, \u00edgy a ker\u00e9kp\u00e1roz\u00e1sra is r\u00e1k\u00e9rdeztek a kutat\u00f3k. Vajon vonz\u00f3bb a ped\u00e1loz\u00e1s, mint a box vagy az \u00fasz\u00e1s? \u00c9s hogyan viszonyulnak a n\u0151k \u00e1ltal\u00e1ban a sportol\u00f3 f\u00e9rfiakhoz? Legy\u0151zik az atletikus tev\u00e9kenys\u00e9gek az olvas\u00e1st, az utaz\u00e1st vagy a buliz\u00e1st? Vonz\u00f3 egy\u00e1ltal\u00e1n sportolni? N\u00e9zz\u00fck meg!\",\"breadcrumb\":{\"@id\":\"https:\/\/www.welovecycling.com\/hu\/kozosseg-es-kultura\/vonzoak-e-a-nok-szerint-a-kerekparos-ferfiak\/#breadcrumb\"},\"inLanguage\":\"hu\",\"potentialAction\":[{\"@type\":\"ReadAction\",\"target\":[\"https:\/\/www.welovecycling.com\/hu\/kozosseg-es-kultura\/vonzoak-e-a-nok-szerint-a-kerekparos-ferfiak\/\"]}]},{\"@type\":\"ImageObject\",\"inLanguage\":\"hu\",\"@id\":\"https:\/\/www.welovecycling.com\/hu\/kozosseg-es-kultura\/vonzoak-e-a-nok-szerint-a-kerekparos-ferfiak\/#primaryimage\",\"url\":\"https:\/\/d2p6e6u75xmxt8.cloudfront.net\/12\/2022\/11\/Couple-Cycling-Climb-CVR-profimedia-0351677249.webp\",\"contentUrl\":\"https:\/\/d2p6e6u75xmxt8.cloudfront.net\/12\/2022\/11\/Couple-Cycling-Climb-CVR-profimedia-0351677249.webp\",\"width\":990,\"height\":660,\"caption\":\"Cycling Climbing Couple\"},{\"@type\":\"BreadcrumbList\",\"@id\":\"https:\/\/www.welovecycling.com\/hu\/kozosseg-es-kultura\/vonzoak-e-a-nok-szerint-a-kerekparos-ferfiak\/#breadcrumb\",\"itemListElement\":[{\"@type\":\"ListItem\",\"position\":1,\"name\":\"Home\",\"item\":\"https:\/\/www.welovecycling.com\/hu\/\"},{\"@type\":\"ListItem\",\"position\":2,\"name\":\"Vonz\u00f3ak-e a n\u0151k szerint a ker\u00e9kp\u00e1ros f\u00e9rfiak?\"}]},{\"@type\":\"WebSite\",\"@id\":\"https:\/\/www.welovecycling.com\/hu\/#website\",\"url\":\"https:\/\/www.welovecycling.com\/hu\/\",\"name\":\"\u0160koda We Love Cycling - Magyarorsz\u00e1g\",\"description\":\"\u0160koda WeLoveCycling\",\"potentialAction\":[{\"@type\":\"SearchAction\",\"target\":{\"@type\":\"EntryPoint\",\"urlTemplate\":\"https:\/\/www.welovecycling.com\/hu\/?s={search_term_string}\"},\"query-input\":{\"@type\":\"PropertyValueSpecification\",\"valueRequired\":true,\"valueName\":\"search_term_string\"}}],\"inLanguage\":\"hu\"},{\"@type\":\"Person\",\"@id\":\"https:\/\/www.welovecycling.com\/hu\/#\/schema\/person\/414a2aebf1801691a5320edb6468e194\",\"name\":\"hegyizs\",\"image\":{\"@type\":\"ImageObject\",\"inLanguage\":\"hu\",\"@id\":\"https:\/\/www.welovecycling.com\/hu\/#\/schema\/person\/image\/\",\"url\":\"https:\/\/secure.gravatar.com\/avatar\/02cf8a7906b8cf90cecb4679defac7cfd33a1c2e3b88e4903d947f3bb58eedd3?s=96&d=mm&r=g\",\"contentUrl\":\"https:\/\/secure.gravatar.com\/avatar\/02cf8a7906b8cf90cecb4679defac7cfd33a1c2e3b88e4903d947f3bb58eedd3?s=96&d=mm&r=g\",\"caption\":\"hegyizs\"},\"url\":\"https:\/\/www.welovecycling.com\/hu\/author\/hegyizs\/\"}]}<\/script>\n<!-- \/ Yoast SEO Premium plugin. -->","yoast_head_json":{"title":"Vonz\u00f3ak-e a n\u0151k szerint a ker\u00e9kp\u00e1ros f\u00e9rfiak?","description":"Egy izgalmas \u00faj kutat\u00e1s l\u00e1tott napvil\u00e1got nemr\u00e9g, ami azt vizsg\u00e1lta, hogy a n\u0151k melyik hobbit mennyire tartj\u00e1k vonz\u00f3nak. Term\u00e9szetesen a sportok sem maradtak ki a list\u00e1b\u00f3l, \u00edgy a ker\u00e9kp\u00e1roz\u00e1sra is r\u00e1k\u00e9rdeztek a kutat\u00f3k. Vajon vonz\u00f3bb a ped\u00e1loz\u00e1s, mint a box vagy az \u00fasz\u00e1s? \u00c9s hogyan viszonyulnak a n\u0151k \u00e1ltal\u00e1ban a sportol\u00f3 f\u00e9rfiakhoz? Legy\u0151zik az atletikus tev\u00e9kenys\u00e9gek az olvas\u00e1st, az utaz\u00e1st vagy a buliz\u00e1st? Vonz\u00f3 egy\u00e1ltal\u00e1n sportolni? N\u00e9zz\u00fck meg!","robots":{"index":"index","follow":"follow","max-snippet":"max-snippet:-1","max-image-preview":"max-image-preview:large","max-video-preview":"max-video-preview:-1"},"canonical":"https:\/\/www.welovecycling.com\/hu\/kozosseg-es-kultura\/vonzoak-e-a-nok-szerint-a-kerekparos-ferfiak\/","og_locale":"hu_HU","og_type":"article","og_title":"Vonz\u00f3ak-e a n\u0151k szerint a ker\u00e9kp\u00e1ros f\u00e9rfiak?","og_description":"Egy izgalmas \u00faj kutat\u00e1s l\u00e1tott napvil\u00e1got nemr\u00e9g, ami azt vizsg\u00e1lta, hogy a n\u0151k melyik hobbit mennyire tartj\u00e1k vonz\u00f3nak. Term\u00e9szetesen a sportok sem maradtak ki a list\u00e1b\u00f3l, \u00edgy a ker\u00e9kp\u00e1roz\u00e1sra is r\u00e1k\u00e9rdeztek a kutat\u00f3k. Vajon vonz\u00f3bb a ped\u00e1loz\u00e1s, mint a box vagy az \u00fasz\u00e1s? \u00c9s hogyan viszonyulnak a n\u0151k \u00e1ltal\u00e1ban a sportol\u00f3 f\u00e9rfiakhoz? Legy\u0151zik az atletikus tev\u00e9kenys\u00e9gek az olvas\u00e1st, az utaz\u00e1st vagy a buliz\u00e1st? Vonz\u00f3 egy\u00e1ltal\u00e1n sportolni? N\u00e9zz\u00fck meg!","og_url":"https:\/\/www.welovecycling.com\/hu\/kozosseg-es-kultura\/vonzoak-e-a-nok-szerint-a-kerekparos-ferfiak\/","og_site_name":"\u0160koda We Love Cycling - Magyarorsz\u00e1g","article_publisher":"https:\/\/www.facebook.com\/WeLoveCyclingHungary\/","article_published_time":"2025-01-23T06:00:43+00:00","og_image":[{"width":990,"height":660,"url":"https:\/\/d2p6e6u75xmxt8.cloudfront.net\/12\/2022\/11\/Couple-Cycling-Climb-CVR-profimedia-0351677249.webp","type":"image\/webp"}],"author":"hegyizs","twitter_card":"summary_large_image","twitter_misc":{"Written by":"Jiri Kaloc","Est. reading time":"3"},"schema":{"@context":"https:\/\/schema.org","@graph":[{"@type":"WebPage","@id":"https:\/\/www.welovecycling.com\/hu\/kozosseg-es-kultura\/vonzoak-e-a-nok-szerint-a-kerekparos-ferfiak\/","url":"https:\/\/www.welovecycling.com\/hu\/kozosseg-es-kultura\/vonzoak-e-a-nok-szerint-a-kerekparos-ferfiak\/","name":"Vonz\u00f3ak-e a n\u0151k szerint a ker\u00e9kp\u00e1ros f\u00e9rfiak?","isPartOf":{"@id":"https:\/\/www.welovecycling.com\/hu\/#website"},"primaryImageOfPage":{"@id":"https:\/\/www.welovecycling.com\/hu\/kozosseg-es-kultura\/vonzoak-e-a-nok-szerint-a-kerekparos-ferfiak\/#primaryimage"},"image":{"@id":"https:\/\/www.welovecycling.com\/hu\/kozosseg-es-kultura\/vonzoak-e-a-nok-szerint-a-kerekparos-ferfiak\/#primaryimage"},"thumbnailUrl":"https:\/\/d2p6e6u75xmxt8.cloudfront.net\/12\/2022\/11\/Couple-Cycling-Climb-CVR-profimedia-0351677249.webp","datePublished":"2025-01-23T06:00:43+00:00","author":{"@id":"https:\/\/www.welovecycling.com\/hu\/#\/schema\/person\/414a2aebf1801691a5320edb6468e194"},"description":"Egy izgalmas \u00faj kutat\u00e1s l\u00e1tott napvil\u00e1got nemr\u00e9g, ami azt vizsg\u00e1lta, hogy a n\u0151k melyik hobbit mennyire tartj\u00e1k vonz\u00f3nak. Term\u00e9szetesen a sportok sem maradtak ki a list\u00e1b\u00f3l, \u00edgy a ker\u00e9kp\u00e1roz\u00e1sra is r\u00e1k\u00e9rdeztek a kutat\u00f3k. Vajon vonz\u00f3bb a ped\u00e1loz\u00e1s, mint a box vagy az \u00fasz\u00e1s? \u00c9s hogyan viszonyulnak a n\u0151k \u00e1ltal\u00e1ban a sportol\u00f3 f\u00e9rfiakhoz? Legy\u0151zik az atletikus tev\u00e9kenys\u00e9gek az olvas\u00e1st, az utaz\u00e1st vagy a buliz\u00e1st? Vonz\u00f3 egy\u00e1ltal\u00e1n sportolni? N\u00e9zz\u00fck meg!","breadcrumb":{"@id":"https:\/\/www.welovecycling.com\/hu\/kozosseg-es-kultura\/vonzoak-e-a-nok-szerint-a-kerekparos-ferfiak\/#breadcrumb"},"inLanguage":"hu","potentialAction":[{"@type":"ReadAction","target":["https:\/\/www.welovecycling.com\/hu\/kozosseg-es-kultura\/vonzoak-e-a-nok-szerint-a-kerekparos-ferfiak\/"]}]},{"@type":"ImageObject","inLanguage":"hu","@id":"https:\/\/www.welovecycling.com\/hu\/kozosseg-es-kultura\/vonzoak-e-a-nok-szerint-a-kerekparos-ferfiak\/#primaryimage","url":"https:\/\/d2p6e6u75xmxt8.cloudfront.net\/12\/2022\/11\/Couple-Cycling-Climb-CVR-profimedia-0351677249.webp","contentUrl":"https:\/\/d2p6e6u75xmxt8.cloudfront.net\/12\/2022\/11\/Couple-Cycling-Climb-CVR-profimedia-0351677249.webp","width":990,"height":660,"caption":"Cycling Climbing Couple"},{"@type":"BreadcrumbList","@id":"https:\/\/www.welovecycling.com\/hu\/kozosseg-es-kultura\/vonzoak-e-a-nok-szerint-a-kerekparos-ferfiak\/#breadcrumb","itemListElement":[{"@type":"ListItem","position":1,"name":"Home","item":"https:\/\/www.welovecycling.com\/hu\/"},{"@type":"ListItem","position":2,"name":"Vonz\u00f3ak-e a n\u0151k szerint a ker\u00e9kp\u00e1ros f\u00e9rfiak?"}]},{"@type":"WebSite","@id":"https:\/\/www.welovecycling.com\/hu\/#website","url":"https:\/\/www.welovecycling.com\/hu\/","name":"\u0160koda We Love Cycling - Magyarorsz\u00e1g","description":"\u0160koda WeLoveCycling","potentialAction":[{"@type":"SearchAction","target":{"@type":"EntryPoint","urlTemplate":"https:\/\/www.welovecycling.com\/hu\/?s={search_term_string}"},"query-input":{"@type":"PropertyValueSpecification","valueRequired":true,"valueName":"search_term_string"}}],"inLanguage":"hu"},{"@type":"Person","@id":"https:\/\/www.welovecycling.com\/hu\/#\/schema\/person\/414a2aebf1801691a5320edb6468e194","name":"hegyizs","image":{"@type":"ImageObject","inLanguage":"hu","@id":"https:\/\/www.welovecycling.com\/hu\/#\/schema\/person\/image\/","url":"https:\/\/secure.gravatar.com\/avatar\/02cf8a7906b8cf90cecb4679defac7cfd33a1c2e3b88e4903d947f3bb58eedd3?s=96&d=mm&r=g","contentUrl":"https:\/\/secure.gravatar.com\/avatar\/02cf8a7906b8cf90cecb4679defac7cfd33a1c2e3b88e4903d947f3bb58eedd3?s=96&d=mm&r=g","caption":"hegyizs"},"url":"https:\/\/www.welovecycling.com\/hu\/author\/hegyizs\/"}]}},"_links":{"self":[{"href":"https:\/\/www.welovecycling.com\/hu\/wp-json\/wp\/v2\/posts\/18888","targetHints":{"allow":["GET"]}}],"collection":[{"href":"https:\/\/www.welovecycling.com\/hu\/wp-json\/wp\/v2\/posts"}],"about":[{"href":"https:\/\/www.welovecycling.com\/hu\/wp-json\/wp\/v2\/types\/post"}],"author":[{"embeddable":true,"href":"https:\/\/www.welovecycling.com\/hu\/wp-json\/wp\/v2\/users\/71"}],"replies":[{"embeddable":true,"href":"https:\/\/www.welovecycling.com\/hu\/wp-json\/wp\/v2\/comments?post=18888"}],"version-history":[{"count":2,"href":"https:\/\/www.welovecycling.com\/hu\/wp-json\/wp\/v2\/posts\/18888\/revisions"}],"predecessor-version":[{"id":18892,"href":"https:\/\/www.welovecycling.com\/hu\/wp-json\/wp\/v2\/posts\/18888\/revisions\/18892"}],"wp:featuredmedia":[{"embeddable":true,"href":"https:\/\/www.welovecycling.com\/hu\/wp-json\/wp\/v2\/media\/16429"}],"wp:attachment":[{"href":"https:\/\/www.welovecycling.com\/hu\/wp-json\/wp\/v2\/media?parent=18888"}],"wp:term":[{"taxonomy":"category","embeddable":true,"href":"https:\/\/www.welovecycling.com\/hu\/wp-json\/wp\/v2\/categories?post=18888"},{"taxonomy":"post_tag","embeddable":true,"href":"https:\/\/www.welovecycling.com\/hu\/wp-json\/wp\/v2\/tags?post=18888"},{"taxonomy":"global-categories","embeddable":true,"href":"https:\/\/www.welovecycling.com\/hu\/wp-json\/wp\/v2\/global-categories?post=18888"}],"curies":[{"name":"wp","href":"https:\/\/api.w.org\/{rel}","templated":true}]}}