{"id":18881,"date":"2025-01-16T15:31:45","date_gmt":"2025-01-16T13:31:45","guid":{"rendered":"https:\/\/www.welovecycling.com\/hu\/?p=18881"},"modified":"2025-01-16T15:31:45","modified_gmt":"2025-01-16T13:31:45","slug":"tour-es-vuelta-korvonalazodik-egy-ujabb-nagyszeru-vingegaard-vs-pogacar-versenyszezon","status":"publish","type":"post","link":"https:\/\/www.welovecycling.com\/hu\/orszaguti-kerekpar\/tour-es-vuelta-korvonalazodik-egy-ujabb-nagyszeru-vingegaard-vs-pogacar-versenyszezon\/","title":{"rendered":"Tour \u00e9s Vuelta: k\u00f6rvonalaz\u00f3dik egy \u00fajabb nagyszer\u0171 Vingegaard vs. Poga\u010dar versenyszezon!"},"content":{"rendered":"<p><strong>Ha minden az el\u0151zetes terveknek megfelel\u0151en alakul, 2025-ben el\u0151sz\u00f6r mehet egym\u00e1s ellen k\u00e9t Grand Tour-versenyt is a k\u00e9t gener\u00e1ci\u00f3s klasszis. <\/strong><!--more--><\/p>\n<p>Egyre t\u00f6bb orsz\u00e1g\u00fati klasszis idei programterve l\u00e1t napvil\u00e1got, \u00edgy a h\u00e9ten Jonas Vingegaard is kit\u0171zte c\u00e9ljait az el\u0151tt\u00fcnk \u00e1ll\u00f3 \u00e9vre. Az term\u00e9szetesen eddig sem volt titok, hogy a Visma k\u00e9tszeres Tour de France-gy\u0151ztes d\u00e1n szt\u00e1rja ism\u00e9t r\u00e1megy majd a s\u00e1rga trik\u00f3ra, \u00e9s most kider\u00fclt, hogy a Vuelt\u00e1n is szeretne rajthoz \u00e1llni. Ez az\u00e9rt izgalmas, mert a korai elk\u00e9pzel\u00e9sek alapj\u00e1n Tadej Poga\u010dar is ezt a k\u00e9t h\u00e1romhetest tervezi teljes\u00edteni, m\u00e1rpedig ha ez megval\u00f3sulna, akkor el\u0151sz\u00f6r fordulna el\u0151 olyan, hogy a k\u00e9t nagy riv\u00e1lis ugyanabban az \u00e9vben k\u00e9t Grand Touron is megk\u00fczdhetne egym\u00e1ssal.<\/p>\n<p><img loading=\"lazy\" decoding=\"async\" class=\"alignnone size-large wp-image-18882\" src=\"https:\/\/d2p6e6u75xmxt8.cloudfront.net\/12\/2025\/01\/image-bca759a3-916e-488f-b2f0-f1e357e729c9-85-2560-1440-1024x538.webp\" alt=\"\" width=\"1024\" height=\"538\" srcset=\"https:\/\/d2p6e6u75xmxt8.cloudfront.net\/12\/2025\/01\/image-bca759a3-916e-488f-b2f0-f1e357e729c9-85-2560-1440-1024x538.webp 1024w, https:\/\/d2p6e6u75xmxt8.cloudfront.net\/12\/2025\/01\/image-bca759a3-916e-488f-b2f0-f1e357e729c9-85-2560-1440-300x158.webp 300w, https:\/\/d2p6e6u75xmxt8.cloudfront.net\/12\/2025\/01\/image-bca759a3-916e-488f-b2f0-f1e357e729c9-85-2560-1440-768x403.webp 768w, https:\/\/d2p6e6u75xmxt8.cloudfront.net\/12\/2025\/01\/image-bca759a3-916e-488f-b2f0-f1e357e729c9-85-2560-1440-1536x806.webp 1536w, https:\/\/d2p6e6u75xmxt8.cloudfront.net\/12\/2025\/01\/image-bca759a3-916e-488f-b2f0-f1e357e729c9-85-2560-1440-2048x1075.webp 2048w, https:\/\/d2p6e6u75xmxt8.cloudfront.net\/12\/2025\/01\/image-bca759a3-916e-488f-b2f0-f1e357e729c9-85-2560-1440-1920x1008.webp 1920w, https:\/\/d2p6e6u75xmxt8.cloudfront.net\/12\/2025\/01\/image-bca759a3-916e-488f-b2f0-f1e357e729c9-85-2560-1440-400x210.webp 400w, https:\/\/d2p6e6u75xmxt8.cloudfront.net\/12\/2025\/01\/image-bca759a3-916e-488f-b2f0-f1e357e729c9-85-2560-1440-1920x1008.webp 1920w\" sizes=\"auto, (max-width: 1024px) 100vw, 1024px\" \/><\/p>\n<p>Vingegaard idei c\u00e9lja nyilv\u00e1n nem is lehet m\u00e1s, mint k\u00f6zelebb ker\u00fclni valahogy Poga\u010darhoz, a szlov\u00e9n \u0171rl\u00e9ny ugyanis tavaly elk\u00e9peszt\u0151 \u00e9vet futott: gyakorlatilag ahol indult, t\u00f6nkreverte a mez\u0151nyt, hogy m\u00e1st ne mondjunk, kipip\u00e1lta a Giro, Tour-dupl\u00e1t, hihetetlenversenyz\u00e9ssel \u2013 a francia k\u00f6r\u00f6n \u00e9ppen Vingegaard-nak v\u00e1gott vissza az el\u0151z\u0151 k\u00e9t \u201everes\u00e9g\u00e9rt\u201d, \u00e9s t\u00f6bb mint hat perces el\u0151nnyel nyerte meg az \u00f6sszetettet a nem sokkal a viadal el\u0151tt a Baszk k\u00f6r\u00f6n \u00f3ri\u00e1sit buk\u00f3, a Tourra \u00f6sszedr\u00f3tozott d\u00e1n el\u0151tt.<\/p>\n<p>Vingegaard nem is csin\u00e1lt bel\u0151le titkot, hogy a f\u00f3kusz id\u00e9n is a Touron lesz: szeretn\u00e9 harmadszor is mag\u00e1ra \u00f6lteni a s\u00e1rga trik\u00f3t.<em> \u201eNekem ez a verseny jelenti a legt\u00f6bbet: ez az \u00e9v legnagyobb viadala, van benne valami igaz\u00e1n k\u00fcl\u00f6nleges. A Tourt v\u00e1rom a legjobban most is, szeretn\u00e9k a lehet\u0151 legjobb felk\u00e9sz\u00fcl\u00e9s ut\u00e1n a lehet\u0151 legjobb form\u00e1mban ott lenni a rajtn\u00e1l.\u201d<\/em><\/p>\n<figure id=\"attachment_18884\" aria-describedby=\"caption-attachment-18884\" style=\"width: 1024px\" class=\"wp-caption alignnone\"><img loading=\"lazy\" decoding=\"async\" class=\"size-large wp-image-18884\" src=\"https:\/\/d2p6e6u75xmxt8.cloudfront.net\/12\/2025\/01\/MjAyMjA3OGNmOWU3MGUxOGQ2ZTFkMDM2NTgwYjY4MDRiY2UxMWM-1024x575.webp\" alt=\"\" width=\"1024\" height=\"575\" srcset=\"https:\/\/d2p6e6u75xmxt8.cloudfront.net\/12\/2025\/01\/MjAyMjA3OGNmOWU3MGUxOGQ2ZTFkMDM2NTgwYjY4MDRiY2UxMWM-1024x575.webp 1024w, https:\/\/d2p6e6u75xmxt8.cloudfront.net\/12\/2025\/01\/MjAyMjA3OGNmOWU3MGUxOGQ2ZTFkMDM2NTgwYjY4MDRiY2UxMWM-300x169.webp 300w, https:\/\/d2p6e6u75xmxt8.cloudfront.net\/12\/2025\/01\/MjAyMjA3OGNmOWU3MGUxOGQ2ZTFkMDM2NTgwYjY4MDRiY2UxMWM-768x432.webp 768w, https:\/\/d2p6e6u75xmxt8.cloudfront.net\/12\/2025\/01\/MjAyMjA3OGNmOWU3MGUxOGQ2ZTFkMDM2NTgwYjY4MDRiY2UxMWM-400x225.webp 400w, https:\/\/d2p6e6u75xmxt8.cloudfront.net\/12\/2025\/01\/MjAyMjA3OGNmOWU3MGUxOGQ2ZTFkMDM2NTgwYjY4MDRiY2UxMWM.webp 1260w\" sizes=\"auto, (max-width: 1024px) 100vw, 1024px\" \/><figcaption id=\"caption-attachment-18884\" class=\"wp-caption-text\">fot\u00f3: HENNING BAGGER \/ RITZAU SCANPIX \/ AFP<\/figcaption><\/figure>\n<p>A 28 \u00e9ves klasszis besz\u00e9lt a s\u00falyos baleset\u00e9r\u0151l, \u00e9s arr\u00f3l, hogy azok ut\u00e1n gyakorlatilag m\u00e1r \u00f6nmag\u00e1ban azt egy gy\u0151zelemk\u00e9nt \u00e9lte meg, hogy egy\u00e1ltal\u00e1n ott tudott lenni Franciaorsz\u00e1gban, \u00e9s v\u00e9gigcsin\u00e1lta a k\u0151kem\u00e9ny h\u00e1rom hetet. <em>\u201eAz \u00e9v elej\u00e9n er\u0151sebbnek \u00e9reztem magam, mint kor\u00e1bban valaha, azt\u00e1n j\u00f6tt az a cs\u00fanya buk\u00e1s Baszkf\u00f6ld\u00f6n, ami komolyan visszavetett \u00e9s sok\u00e1ig tartott bel\u0151le visszaj\u00f6nn\u00f6m. Szerintem sokkal rosszabb volt, mint amennyit az emberek tudnak. Ezek ut\u00e1n mindent jutalomk\u00e9nt fogtam fel, sz\u00f3val az, hogy v\u00e9g\u00fcl m\u00e1sodikk\u00e9nt tudtam v\u00e9gezni a Touron, \u00e9s m\u00e9g szakaszt is nyertem, hihetetlen volt sz\u00e1momra, \u00e9s nagyon boldog voltam. \u00c9s \u00edgy legal\u00e1bb azt biztosan tudom, hogy a tavalyin\u00e1l csak jobb j\u00f6het\u2026\u201d<\/em><\/p>\n<figure id=\"attachment_18886\" aria-describedby=\"caption-attachment-18886\" style=\"width: 1024px\" class=\"wp-caption alignnone\"><img loading=\"lazy\" decoding=\"async\" class=\"wp-image-18886 size-full\" src=\"https:\/\/d2p6e6u75xmxt8.cloudfront.net\/12\/2025\/01\/24a816c_20220713185859401-1024x576-1.webp\" alt=\"\" width=\"1024\" height=\"576\" srcset=\"https:\/\/d2p6e6u75xmxt8.cloudfront.net\/12\/2025\/01\/24a816c_20220713185859401-1024x576-1.webp 1024w, https:\/\/d2p6e6u75xmxt8.cloudfront.net\/12\/2025\/01\/24a816c_20220713185859401-1024x576-1-300x169.webp 300w, https:\/\/d2p6e6u75xmxt8.cloudfront.net\/12\/2025\/01\/24a816c_20220713185859401-1024x576-1-768x432.webp 768w, https:\/\/d2p6e6u75xmxt8.cloudfront.net\/12\/2025\/01\/24a816c_20220713185859401-1024x576-1-400x225.webp 400w\" sizes=\"auto, (max-width: 1024px) 100vw, 1024px\" \/><figcaption id=\"caption-attachment-18886\" class=\"wp-caption-text\">(fot\u00f3: Christian Hartmann\/Pool Photo via AP)<\/figcaption><\/figure>\n<p><em>Bor\u00edt\u00f3k\u00e9p: Etienne Garnier &#8211; Pool\/Getty Images\u00a0<\/em><\/p>\n","protected":false},"excerpt":{"rendered":"<p>Ha minden az el\u0151zetes terveknek megfelel\u0151en alakul, 2025-ben el\u0151sz\u00f6r mehet egym\u00e1s ellen k\u00e9t Grand Tour-versenyt is a k\u00e9t gener\u00e1ci\u00f3s klasszis.<\/p>\n","protected":false},"author":71,"featured_media":18885,"comment_status":"open","ping_status":"open","sticky":false,"template":"","format":"standard","meta":{"footnotes":""},"categories":[8],"tags":[],"global-categories":[419],"class_list":["post-18881","post","type-post","status-publish","format-standard","has-post-thumbnail","hentry","category-orszaguti-kerekpar","global-categories-cycling"],"yoast_head":"<!-- This site is optimized with the Yoast SEO Premium plugin v25.3 (Yoast SEO v25.9) - https:\/\/yoast.com\/wordpress\/plugins\/seo\/ -->\n<title>Tour \u00e9s Vuelta: k\u00f6rvonalaz\u00f3dik egy \u00fajabb nagyszer\u0171 Vingegaard vs. Poga\u010dar versenyszezon!<\/title>\n<meta name=\"description\" content=\"Ha minden az el\u0151zetes terveknek megfelel\u0151en alakul, 2025-ben el\u0151sz\u00f6r mehet egym\u00e1s ellen k\u00e9t Grand Tour-versenyt is a k\u00e9t gener\u00e1ci\u00f3s klasszis.\" \/>\n<meta name=\"robots\" content=\"index, follow, max-snippet:-1, max-image-preview:large, max-video-preview:-1\" \/>\n<link rel=\"canonical\" href=\"https:\/\/www.welovecycling.com\/hu\/orszaguti-kerekpar\/tour-es-vuelta-korvonalazodik-egy-ujabb-nagyszeru-vingegaard-vs-pogacar-versenyszezon\/\" \/>\n<meta property=\"og:locale\" content=\"hu_HU\" \/>\n<meta property=\"og:type\" content=\"article\" \/>\n<meta property=\"og:title\" content=\"Tour \u00e9s Vuelta: k\u00f6rvonalaz\u00f3dik egy \u00fajabb nagyszer\u0171 Vingegaard vs. Poga\u010dar versenyszezon!\" \/>\n<meta property=\"og:description\" content=\"Ha minden az el\u0151zetes terveknek megfelel\u0151en alakul, 2025-ben el\u0151sz\u00f6r mehet egym\u00e1s ellen k\u00e9t Grand Tour-versenyt is a k\u00e9t gener\u00e1ci\u00f3s klasszis.\" \/>\n<meta property=\"og:url\" content=\"https:\/\/www.welovecycling.com\/hu\/orszaguti-kerekpar\/tour-es-vuelta-korvonalazodik-egy-ujabb-nagyszeru-vingegaard-vs-pogacar-versenyszezon\/\" \/>\n<meta property=\"og:site_name\" content=\"\u0160koda We Love Cycling - Magyarorsz\u00e1g\" \/>\n<meta property=\"article:publisher\" content=\"https:\/\/www.facebook.com\/WeLoveCyclingHungary\/\" \/>\n<meta property=\"article:published_time\" content=\"2025-01-16T13:31:45+00:00\" \/>\n<meta property=\"og:image\" content=\"https:\/\/d2p6e6u75xmxt8.cloudfront.net\/12\/2025\/01\/smgMdbdn9mrsLCWQHLMib3-scaled.webp\" \/>\n\t<meta property=\"og:image:width\" content=\"2560\" \/>\n\t<meta property=\"og:image:height\" content=\"1707\" \/>\n\t<meta property=\"og:image:type\" content=\"image\/webp\" \/>\n<meta name=\"author\" content=\"hegyizs\" \/>\n<meta name=\"twitter:card\" content=\"summary_large_image\" \/>\n<meta name=\"twitter:label1\" content=\"Written by\" \/>\n\t<meta name=\"twitter:data1\" content=\"WLC\" \/>\n\t<meta name=\"twitter:label2\" content=\"Est. reading time\" \/>\n\t<meta name=\"twitter:data2\" content=\"3 minutes\" \/>\n<script type=\"application\/ld+json\" class=\"yoast-schema-graph\">{\"@context\":\"https:\/\/schema.org\",\"@graph\":[{\"@type\":\"WebPage\",\"@id\":\"https:\/\/www.welovecycling.com\/hu\/orszaguti-kerekpar\/tour-es-vuelta-korvonalazodik-egy-ujabb-nagyszeru-vingegaard-vs-pogacar-versenyszezon\/\",\"url\":\"https:\/\/www.welovecycling.com\/hu\/orszaguti-kerekpar\/tour-es-vuelta-korvonalazodik-egy-ujabb-nagyszeru-vingegaard-vs-pogacar-versenyszezon\/\",\"name\":\"Tour \u00e9s Vuelta: k\u00f6rvonalaz\u00f3dik egy \u00fajabb nagyszer\u0171 Vingegaard vs. Poga\u010dar versenyszezon!\",\"isPartOf\":{\"@id\":\"https:\/\/www.welovecycling.com\/hu\/#website\"},\"primaryImageOfPage\":{\"@id\":\"https:\/\/www.welovecycling.com\/hu\/orszaguti-kerekpar\/tour-es-vuelta-korvonalazodik-egy-ujabb-nagyszeru-vingegaard-vs-pogacar-versenyszezon\/#primaryimage\"},\"image\":{\"@id\":\"https:\/\/www.welovecycling.com\/hu\/orszaguti-kerekpar\/tour-es-vuelta-korvonalazodik-egy-ujabb-nagyszeru-vingegaard-vs-pogacar-versenyszezon\/#primaryimage\"},\"thumbnailUrl\":\"https:\/\/d2p6e6u75xmxt8.cloudfront.net\/12\/2025\/01\/smgMdbdn9mrsLCWQHLMib3-scaled.webp\",\"datePublished\":\"2025-01-16T13:31:45+00:00\",\"author\":{\"@id\":\"https:\/\/www.welovecycling.com\/hu\/#\/schema\/person\/414a2aebf1801691a5320edb6468e194\"},\"description\":\"Ha minden az el\u0151zetes terveknek megfelel\u0151en alakul, 2025-ben el\u0151sz\u00f6r mehet egym\u00e1s ellen k\u00e9t Grand Tour-versenyt is a k\u00e9t gener\u00e1ci\u00f3s klasszis.\",\"breadcrumb\":{\"@id\":\"https:\/\/www.welovecycling.com\/hu\/orszaguti-kerekpar\/tour-es-vuelta-korvonalazodik-egy-ujabb-nagyszeru-vingegaard-vs-pogacar-versenyszezon\/#breadcrumb\"},\"inLanguage\":\"hu\",\"potentialAction\":[{\"@type\":\"ReadAction\",\"target\":[\"https:\/\/www.welovecycling.com\/hu\/orszaguti-kerekpar\/tour-es-vuelta-korvonalazodik-egy-ujabb-nagyszeru-vingegaard-vs-pogacar-versenyszezon\/\"]}]},{\"@type\":\"ImageObject\",\"inLanguage\":\"hu\",\"@id\":\"https:\/\/www.welovecycling.com\/hu\/orszaguti-kerekpar\/tour-es-vuelta-korvonalazodik-egy-ujabb-nagyszeru-vingegaard-vs-pogacar-versenyszezon\/#primaryimage\",\"url\":\"https:\/\/d2p6e6u75xmxt8.cloudfront.net\/12\/2025\/01\/smgMdbdn9mrsLCWQHLMib3-scaled.webp\",\"contentUrl\":\"https:\/\/d2p6e6u75xmxt8.cloudfront.net\/12\/2025\/01\/smgMdbdn9mrsLCWQHLMib3-scaled.webp\",\"width\":2560,\"height\":1707},{\"@type\":\"BreadcrumbList\",\"@id\":\"https:\/\/www.welovecycling.com\/hu\/orszaguti-kerekpar\/tour-es-vuelta-korvonalazodik-egy-ujabb-nagyszeru-vingegaard-vs-pogacar-versenyszezon\/#breadcrumb\",\"itemListElement\":[{\"@type\":\"ListItem\",\"position\":1,\"name\":\"Home\",\"item\":\"https:\/\/www.welovecycling.com\/hu\/\"},{\"@type\":\"ListItem\",\"position\":2,\"name\":\"Tour \u00e9s Vuelta: k\u00f6rvonalaz\u00f3dik egy \u00fajabb nagyszer\u0171 Vingegaard vs. Poga\u010dar versenyszezon!\"}]},{\"@type\":\"WebSite\",\"@id\":\"https:\/\/www.welovecycling.com\/hu\/#website\",\"url\":\"https:\/\/www.welovecycling.com\/hu\/\",\"name\":\"\u0160koda We Love Cycling - Magyarorsz\u00e1g\",\"description\":\"\u0160koda WeLoveCycling\",\"potentialAction\":[{\"@type\":\"SearchAction\",\"target\":{\"@type\":\"EntryPoint\",\"urlTemplate\":\"https:\/\/www.welovecycling.com\/hu\/?s={search_term_string}\"},\"query-input\":{\"@type\":\"PropertyValueSpecification\",\"valueRequired\":true,\"valueName\":\"search_term_string\"}}],\"inLanguage\":\"hu\"},{\"@type\":\"Person\",\"@id\":\"https:\/\/www.welovecycling.com\/hu\/#\/schema\/person\/414a2aebf1801691a5320edb6468e194\",\"name\":\"hegyizs\",\"image\":{\"@type\":\"ImageObject\",\"inLanguage\":\"hu\",\"@id\":\"https:\/\/www.welovecycling.com\/hu\/#\/schema\/person\/image\/\",\"url\":\"https:\/\/secure.gravatar.com\/avatar\/02cf8a7906b8cf90cecb4679defac7cfd33a1c2e3b88e4903d947f3bb58eedd3?s=96&d=mm&r=g\",\"contentUrl\":\"https:\/\/secure.gravatar.com\/avatar\/02cf8a7906b8cf90cecb4679defac7cfd33a1c2e3b88e4903d947f3bb58eedd3?s=96&d=mm&r=g\",\"caption\":\"hegyizs\"},\"url\":\"https:\/\/www.welovecycling.com\/hu\/author\/hegyizs\/\"}]}<\/script>\n<!-- \/ Yoast SEO Premium plugin. -->","yoast_head_json":{"title":"Tour \u00e9s Vuelta: k\u00f6rvonalaz\u00f3dik egy \u00fajabb nagyszer\u0171 Vingegaard vs. Poga\u010dar versenyszezon!","description":"Ha minden az el\u0151zetes terveknek megfelel\u0151en alakul, 2025-ben el\u0151sz\u00f6r mehet egym\u00e1s ellen k\u00e9t Grand Tour-versenyt is a k\u00e9t gener\u00e1ci\u00f3s klasszis.","robots":{"index":"index","follow":"follow","max-snippet":"max-snippet:-1","max-image-preview":"max-image-preview:large","max-video-preview":"max-video-preview:-1"},"canonical":"https:\/\/www.welovecycling.com\/hu\/orszaguti-kerekpar\/tour-es-vuelta-korvonalazodik-egy-ujabb-nagyszeru-vingegaard-vs-pogacar-versenyszezon\/","og_locale":"hu_HU","og_type":"article","og_title":"Tour \u00e9s Vuelta: k\u00f6rvonalaz\u00f3dik egy \u00fajabb nagyszer\u0171 Vingegaard vs. Poga\u010dar versenyszezon!","og_description":"Ha minden az el\u0151zetes terveknek megfelel\u0151en alakul, 2025-ben el\u0151sz\u00f6r mehet egym\u00e1s ellen k\u00e9t Grand Tour-versenyt is a k\u00e9t gener\u00e1ci\u00f3s klasszis.","og_url":"https:\/\/www.welovecycling.com\/hu\/orszaguti-kerekpar\/tour-es-vuelta-korvonalazodik-egy-ujabb-nagyszeru-vingegaard-vs-pogacar-versenyszezon\/","og_site_name":"\u0160koda We Love Cycling - Magyarorsz\u00e1g","article_publisher":"https:\/\/www.facebook.com\/WeLoveCyclingHungary\/","article_published_time":"2025-01-16T13:31:45+00:00","og_image":[{"width":2560,"height":1707,"url":"https:\/\/d2p6e6u75xmxt8.cloudfront.net\/12\/2025\/01\/smgMdbdn9mrsLCWQHLMib3-scaled.webp","type":"image\/webp"}],"author":"hegyizs","twitter_card":"summary_large_image","twitter_misc":{"Written by":"WLC","Est. reading time":"3 minutes"},"schema":{"@context":"https:\/\/schema.org","@graph":[{"@type":"WebPage","@id":"https:\/\/www.welovecycling.com\/hu\/orszaguti-kerekpar\/tour-es-vuelta-korvonalazodik-egy-ujabb-nagyszeru-vingegaard-vs-pogacar-versenyszezon\/","url":"https:\/\/www.welovecycling.com\/hu\/orszaguti-kerekpar\/tour-es-vuelta-korvonalazodik-egy-ujabb-nagyszeru-vingegaard-vs-pogacar-versenyszezon\/","name":"Tour \u00e9s Vuelta: k\u00f6rvonalaz\u00f3dik egy \u00fajabb nagyszer\u0171 Vingegaard vs. Poga\u010dar versenyszezon!","isPartOf":{"@id":"https:\/\/www.welovecycling.com\/hu\/#website"},"primaryImageOfPage":{"@id":"https:\/\/www.welovecycling.com\/hu\/orszaguti-kerekpar\/tour-es-vuelta-korvonalazodik-egy-ujabb-nagyszeru-vingegaard-vs-pogacar-versenyszezon\/#primaryimage"},"image":{"@id":"https:\/\/www.welovecycling.com\/hu\/orszaguti-kerekpar\/tour-es-vuelta-korvonalazodik-egy-ujabb-nagyszeru-vingegaard-vs-pogacar-versenyszezon\/#primaryimage"},"thumbnailUrl":"https:\/\/d2p6e6u75xmxt8.cloudfront.net\/12\/2025\/01\/smgMdbdn9mrsLCWQHLMib3-scaled.webp","datePublished":"2025-01-16T13:31:45+00:00","author":{"@id":"https:\/\/www.welovecycling.com\/hu\/#\/schema\/person\/414a2aebf1801691a5320edb6468e194"},"description":"Ha minden az el\u0151zetes terveknek megfelel\u0151en alakul, 2025-ben el\u0151sz\u00f6r mehet egym\u00e1s ellen k\u00e9t Grand Tour-versenyt is a k\u00e9t gener\u00e1ci\u00f3s klasszis.","breadcrumb":{"@id":"https:\/\/www.welovecycling.com\/hu\/orszaguti-kerekpar\/tour-es-vuelta-korvonalazodik-egy-ujabb-nagyszeru-vingegaard-vs-pogacar-versenyszezon\/#breadcrumb"},"inLanguage":"hu","potentialAction":[{"@type":"ReadAction","target":["https:\/\/www.welovecycling.com\/hu\/orszaguti-kerekpar\/tour-es-vuelta-korvonalazodik-egy-ujabb-nagyszeru-vingegaard-vs-pogacar-versenyszezon\/"]}]},{"@type":"ImageObject","inLanguage":"hu","@id":"https:\/\/www.welovecycling.com\/hu\/orszaguti-kerekpar\/tour-es-vuelta-korvonalazodik-egy-ujabb-nagyszeru-vingegaard-vs-pogacar-versenyszezon\/#primaryimage","url":"https:\/\/d2p6e6u75xmxt8.cloudfront.net\/12\/2025\/01\/smgMdbdn9mrsLCWQHLMib3-scaled.webp","contentUrl":"https:\/\/d2p6e6u75xmxt8.cloudfront.net\/12\/2025\/01\/smgMdbdn9mrsLCWQHLMib3-scaled.webp","width":2560,"height":1707},{"@type":"BreadcrumbList","@id":"https:\/\/www.welovecycling.com\/hu\/orszaguti-kerekpar\/tour-es-vuelta-korvonalazodik-egy-ujabb-nagyszeru-vingegaard-vs-pogacar-versenyszezon\/#breadcrumb","itemListElement":[{"@type":"ListItem","position":1,"name":"Home","item":"https:\/\/www.welovecycling.com\/hu\/"},{"@type":"ListItem","position":2,"name":"Tour \u00e9s Vuelta: k\u00f6rvonalaz\u00f3dik egy \u00fajabb nagyszer\u0171 Vingegaard vs. Poga\u010dar versenyszezon!"}]},{"@type":"WebSite","@id":"https:\/\/www.welovecycling.com\/hu\/#website","url":"https:\/\/www.welovecycling.com\/hu\/","name":"\u0160koda We Love Cycling - Magyarorsz\u00e1g","description":"\u0160koda WeLoveCycling","potentialAction":[{"@type":"SearchAction","target":{"@type":"EntryPoint","urlTemplate":"https:\/\/www.welovecycling.com\/hu\/?s={search_term_string}"},"query-input":{"@type":"PropertyValueSpecification","valueRequired":true,"valueName":"search_term_string"}}],"inLanguage":"hu"},{"@type":"Person","@id":"https:\/\/www.welovecycling.com\/hu\/#\/schema\/person\/414a2aebf1801691a5320edb6468e194","name":"hegyizs","image":{"@type":"ImageObject","inLanguage":"hu","@id":"https:\/\/www.welovecycling.com\/hu\/#\/schema\/person\/image\/","url":"https:\/\/secure.gravatar.com\/avatar\/02cf8a7906b8cf90cecb4679defac7cfd33a1c2e3b88e4903d947f3bb58eedd3?s=96&d=mm&r=g","contentUrl":"https:\/\/secure.gravatar.com\/avatar\/02cf8a7906b8cf90cecb4679defac7cfd33a1c2e3b88e4903d947f3bb58eedd3?s=96&d=mm&r=g","caption":"hegyizs"},"url":"https:\/\/www.welovecycling.com\/hu\/author\/hegyizs\/"}]}},"_links":{"self":[{"href":"https:\/\/www.welovecycling.com\/hu\/wp-json\/wp\/v2\/posts\/18881","targetHints":{"allow":["GET"]}}],"collection":[{"href":"https:\/\/www.welovecycling.com\/hu\/wp-json\/wp\/v2\/posts"}],"about":[{"href":"https:\/\/www.welovecycling.com\/hu\/wp-json\/wp\/v2\/types\/post"}],"author":[{"embeddable":true,"href":"https:\/\/www.welovecycling.com\/hu\/wp-json\/wp\/v2\/users\/71"}],"replies":[{"embeddable":true,"href":"https:\/\/www.welovecycling.com\/hu\/wp-json\/wp\/v2\/comments?post=18881"}],"version-history":[{"count":1,"href":"https:\/\/www.welovecycling.com\/hu\/wp-json\/wp\/v2\/posts\/18881\/revisions"}],"predecessor-version":[{"id":18887,"href":"https:\/\/www.welovecycling.com\/hu\/wp-json\/wp\/v2\/posts\/18881\/revisions\/18887"}],"wp:featuredmedia":[{"embeddable":true,"href":"https:\/\/www.welovecycling.com\/hu\/wp-json\/wp\/v2\/media\/18885"}],"wp:attachment":[{"href":"https:\/\/www.welovecycling.com\/hu\/wp-json\/wp\/v2\/media?parent=18881"}],"wp:term":[{"taxonomy":"category","embeddable":true,"href":"https:\/\/www.welovecycling.com\/hu\/wp-json\/wp\/v2\/categories?post=18881"},{"taxonomy":"post_tag","embeddable":true,"href":"https:\/\/www.welovecycling.com\/hu\/wp-json\/wp\/v2\/tags?post=18881"},{"taxonomy":"global-categories","embeddable":true,"href":"https:\/\/www.welovecycling.com\/hu\/wp-json\/wp\/v2\/global-categories?post=18881"}],"curies":[{"name":"wp","href":"https:\/\/api.w.org\/{rel}","templated":true}]}}