{"id":18862,"date":"2024-01-03T08:00:46","date_gmt":"2024-01-03T06:00:46","guid":{"rendered":"https:\/\/www.welovecycling.com\/hu\/?p=18862"},"modified":"2024-12-19T17:13:33","modified_gmt":"2024-12-19T15:13:33","slug":"meghoditottam-az-osi-dakok-szent-hegyet-egy-elektromos-montival","status":"publish","type":"post","link":"https:\/\/www.welovecycling.com\/hu\/adrenalin\/meghoditottam-az-osi-dakok-szent-hegyet-egy-elektromos-montival\/","title":{"rendered":"Megh\u00f3d\u00edtottam az \u0151si d\u00e1kok szent hegy\u00e9t egy elektromos montival"},"content":{"rendered":"<p><strong>Elrep\u00fclni a rom\u00e1n vadonba, \u00e9s hazatekerni onnan? Nem egy k\u00f6nny\u0171 kih\u00edv\u00e1s, de \u00e9letresz\u00f3l\u00f3 kaland, az biztos. H\u00e1rman indultunk el megh\u00f3d\u00edtani a rom\u00e1niai szent hegyet: a profi bring\u00e1s, Richard \u201eGaspi\u201d Gasperotti, az egykori motocross versenyz\u0151, Cristian Dunca, \u00e9s \u00e9n, a kalandunk kr\u00f3nik\u00e1sa.<\/strong><\/p>\n<p style=\"font-weight: 400;\"><!--more--><\/p>\n<h2><strong>Gugu-hegy<\/strong><\/h2>\n<p>Miut\u00e1n a helikopter letett minket a k\u00e9tnapos kaland kiindul\u00f3pontj\u00e1n \u00e9s egy pontt\u00e1 zsugorodott, majd elt\u0171nt az \u00e9gen, v\u00e9gre fell\u00e9legezhett\u00fcnk. Meg\u00e9rkezt\u00fcnk. M\u00e9ly leveg\u0151. Semmi stressz. Vagy m\u00e9gis? N\u00e9h\u00e1ny dolgot nem \u00e1rt \u00e9szben tartani: <em>\u201eIgen, a rom\u00e1n hegyekben vannak medv\u00e9k, akiket \u00e9rdekelhet, milyen finoms\u00e1gok vannak n\u00e1lunk. Nem, nincs t\u00e9rer\u0151, \u00edgy nincs online seg\u00edts\u00e9g, ha elt\u00e9ved\u00fcnk vagy megs\u00e9r\u00fcl\u00fcnk \u2013 vagy ha tal\u00e1lkozunk egy medv\u00e9vel\u201d<\/em> \u2013 mondta Cristian Dunca. Ak\u00e1rcsak az \u00e9desapja \u2013 \u00e9s pil\u00f3t\u00e1nk, Romeo Dunca \u2013, Cristian is a motorokat szereti. \u00c9vekig endur\u00f3zott, m\u00edgnem egy s\u00falyos baleset helyrehozhatatlanul \u00f6sszet\u00f6rte a bok\u00e1j\u00e1t, ezzel v\u00e9get vetve karrierj\u00e9nek. Motocross napjai a vil\u00e1gkup\u00e1kon \u00e9s olyan esem\u00e9nyeken, mint a Red Bull Romaniacs, v\u00e9get \u00e9rtek, \u00e9s elektromos hegyiker\u00e9kp\u00e1rra cser\u00e9lte a j\u00e1rg\u00e1ny\u00e1t.<\/p>\n<p><a href=\"https:\/\/d2p6e6u75xmxt8.cloudfront.net\/12\/2024\/12\/Gaspi-Romania-Gugu-7.webp\"><img loading=\"lazy\" decoding=\"async\" class=\"wp-image-18863 size-full\" src=\"https:\/\/d2p6e6u75xmxt8.cloudfront.net\/12\/2024\/12\/Gaspi-Romania-Gugu-7.webp\" alt=\"Mount Gugu\" width=\"990\" height=\"660\" srcset=\"https:\/\/d2p6e6u75xmxt8.cloudfront.net\/12\/2024\/12\/Gaspi-Romania-Gugu-7.webp 990w, https:\/\/d2p6e6u75xmxt8.cloudfront.net\/12\/2024\/12\/Gaspi-Romania-Gugu-7-300x200.webp 300w, https:\/\/d2p6e6u75xmxt8.cloudfront.net\/12\/2024\/12\/Gaspi-Romania-Gugu-7-768x512.webp 768w, https:\/\/d2p6e6u75xmxt8.cloudfront.net\/12\/2024\/12\/Gaspi-Romania-Gugu-7-400x267.webp 400w, https:\/\/d2p6e6u75xmxt8.cloudfront.net\/12\/2024\/12\/Gaspi-Romania-Gugu-7-272x182.webp 272w\" sizes=\"auto, (max-width: 990px) 100vw, 990px\" \/><\/a><\/p>\n<p><em>\u201cHogy milyen lesz az \u00f6sv\u00e9ny? Nem tudom, \u00f6t \u00e9ves koromban j\u00e1rtam itt a sz\u00fcleimmel, gyalog\u201d<\/em> \u2013 nevet Cristian. A t\u00fara az \u0151 \u00f6tlete volt: megh\u00edvott minket Rom\u00e1ni\u00e1ba, hogy egy\u00fctt megh\u00f3d\u00edtsuk a Godeanu-hegys\u00e9g n\u00e9gy, 2000 m\u00e9ter f\u00f6l\u00e9 emelked\u0151 cs\u00facs\u00e1t. M\u00e9g soha senki nem csin\u00e1lt ilyet, sem hagyom\u00e1nyos, sem elektromos bring\u00e1val. <em>\u201eMi lesz\u00fcnk az els\u0151k!\u201d<\/em><\/p>\n<h2><strong>Egyed\u00fcl a hegyekben<\/strong><\/h2>\n<p>Ez a helyzet: a rom\u00e1n hegyekben egyed\u00fcl vagy, \u00e9s kiz\u00e1r\u00f3lag magadra sz\u00e1m\u00edthatsz. Hogy min\u00e9l kevesebb s\u00falyt cipelj\u00fcnk, egyeztett\u00fck, hogy mindenb\u0151l csak egy darabot visz\u00fcnk: egy szersz\u00e1mk\u00e9szletet, egy pump\u00e1t, egy els\u0151seg\u00e9lycsomagot, egy g\u00e1zf\u0151z\u0151t, egy k\u00e9st, \u00e9s \u00edgy tov\u00e1bb. Mindenkinek saj\u00e1t felf\u00fajhat\u00f3 matraca, h\u00e1l\u00f3zs\u00e1kja, \u00e9tele \u00e9s vize volt. Egyetlen foly\u00f3t lesz\u00e1m\u00edtva a v\u00f6lgyben, a hegyekben nem tudjuk felt\u00f6lteni a v\u00edzk\u00e9szlet\u00fcnket.<\/p>\n<p><a href=\"https:\/\/d2p6e6u75xmxt8.cloudfront.net\/12\/2024\/12\/Gaspi-Romania-Gugu-4.webp\"><img loading=\"lazy\" decoding=\"async\" class=\"alignnone size-full wp-image-18864\" src=\"https:\/\/d2p6e6u75xmxt8.cloudfront.net\/12\/2024\/12\/Gaspi-Romania-Gugu-4.webp\" alt=\"Outdoor breakfast\" width=\"990\" height=\"660\" srcset=\"https:\/\/d2p6e6u75xmxt8.cloudfront.net\/12\/2024\/12\/Gaspi-Romania-Gugu-4.webp 990w, https:\/\/d2p6e6u75xmxt8.cloudfront.net\/12\/2024\/12\/Gaspi-Romania-Gugu-4-300x200.webp 300w, https:\/\/d2p6e6u75xmxt8.cloudfront.net\/12\/2024\/12\/Gaspi-Romania-Gugu-4-768x512.webp 768w, https:\/\/d2p6e6u75xmxt8.cloudfront.net\/12\/2024\/12\/Gaspi-Romania-Gugu-4-400x267.webp 400w, https:\/\/d2p6e6u75xmxt8.cloudfront.net\/12\/2024\/12\/Gaspi-Romania-Gugu-4-272x182.webp 272w\" sizes=\"auto, (max-width: 990px) 100vw, 990px\" \/><\/a><\/p>\n<div id='gallery-1' class='gallery galleryid-18862 gallery-columns-2 gallery-size-large'><figure class='gallery-item'>\n\t\t\t<div class='gallery-icon landscape'>\n\t\t\t\t<a href='https:\/\/d2p6e6u75xmxt8.cloudfront.net\/12\/2024\/12\/Gaspi-Romania-Gugu-5.webp'><img loading=\"lazy\" decoding=\"async\" width=\"990\" height=\"660\" src=\"https:\/\/d2p6e6u75xmxt8.cloudfront.net\/12\/2024\/12\/Gaspi-Romania-Gugu-5.webp\" class=\"attachment-large size-large\" alt=\"\" srcset=\"https:\/\/d2p6e6u75xmxt8.cloudfront.net\/12\/2024\/12\/Gaspi-Romania-Gugu-5.webp 990w, https:\/\/d2p6e6u75xmxt8.cloudfront.net\/12\/2024\/12\/Gaspi-Romania-Gugu-5-300x200.webp 300w, https:\/\/d2p6e6u75xmxt8.cloudfront.net\/12\/2024\/12\/Gaspi-Romania-Gugu-5-768x512.webp 768w, https:\/\/d2p6e6u75xmxt8.cloudfront.net\/12\/2024\/12\/Gaspi-Romania-Gugu-5-400x267.webp 400w, https:\/\/d2p6e6u75xmxt8.cloudfront.net\/12\/2024\/12\/Gaspi-Romania-Gugu-5-272x182.webp 272w\" sizes=\"auto, (max-width: 990px) 100vw, 990px\" \/><\/a>\n\t\t\t<\/div><\/figure><figure class='gallery-item'>\n\t\t\t<div class='gallery-icon landscape'>\n\t\t\t\t<a href='https:\/\/d2p6e6u75xmxt8.cloudfront.net\/12\/2024\/12\/Gaspi-Romania-Gugu-6.webp'><img loading=\"lazy\" decoding=\"async\" width=\"990\" height=\"660\" src=\"https:\/\/d2p6e6u75xmxt8.cloudfront.net\/12\/2024\/12\/Gaspi-Romania-Gugu-6.webp\" class=\"attachment-large size-large\" alt=\"\" srcset=\"https:\/\/d2p6e6u75xmxt8.cloudfront.net\/12\/2024\/12\/Gaspi-Romania-Gugu-6.webp 990w, https:\/\/d2p6e6u75xmxt8.cloudfront.net\/12\/2024\/12\/Gaspi-Romania-Gugu-6-300x200.webp 300w, https:\/\/d2p6e6u75xmxt8.cloudfront.net\/12\/2024\/12\/Gaspi-Romania-Gugu-6-768x512.webp 768w, https:\/\/d2p6e6u75xmxt8.cloudfront.net\/12\/2024\/12\/Gaspi-Romania-Gugu-6-400x267.webp 400w, https:\/\/d2p6e6u75xmxt8.cloudfront.net\/12\/2024\/12\/Gaspi-Romania-Gugu-6-272x182.webp 272w\" sizes=\"auto, (max-width: 990px) 100vw, 990px\" \/><\/a>\n\t\t\t<\/div><\/figure>\n\t\t<\/div>\n\n<h2><strong>Reggeli a szabadban<\/strong><\/h2>\n<p>De a l\u00e1tv\u00e1ny l\u00e9legzetel\u00e1ll\u00edt\u00f3 volt. Nem eml\u00e9kszem, mikor l\u00e1ttam utolj\u00e1ra ilyen sz\u00e9pet. Az \u0151sz okkers\u00e1rg\u00e1ra sz\u00ednezte a hegyeket, a m\u00e9lyv\u00f6r\u00f6s \u00e1rnyalatokat pedig a hanga \u00e9s \u00e1fonya keverte hozz\u00e1 a sk\u00e1l\u00e1hoz. Az \u00e9les \u0151szi napf\u00e9nyben a hegyek olyanok voltak, mintha l\u00e1ngoln\u00e1nak.<\/p>\n<p>Az emelked\u0151k \u00e9s lejt\u0151k olyan meredekek, hogy elektromos bring\u00e1k n\u00e9lk\u00fcl mindet tolva kellett volna megm\u00e1sznunk. Az elektromos hegyiker\u00e9kp\u00e1rokkal azonban hatalmas lehet\u0151s\u00e9gek t\u00e1rultak el\u00e9nk: m\u00e9g a legdurv\u00e1bb helyoldalakon is fel tudtunk kaptatni, csak az akkumul\u00e1torra kellett vigy\u00e1znunk. Csak akkor haszn\u00e1ltuk a turb\u00f3 m\u00f3dot, ha felt\u00e9tlen\u00fcl sz\u00fcks\u00e9gesnek \u00e9rezt\u00fck.<\/p>\n<p>A keskeny \u00f6sv\u00e9nyekhez, amik r\u00e1ad\u00e1sul omladoz\u00f3 k\u00f6vekkel vannak tele, kell az egyens\u00faly, hogy a h\u00e1ts\u00f3 ker\u00e9k ne cs\u00fasszon meg. A lejt\u0151k technik\u00e1sak \u00e9s r\u00e1z\u00f3sak. Elveszt\u00fcnk a k\u00f6dben, \u00e9s plusz t\u00edz kilom\u00e9tert tett\u00fcnk meg. Egy kilom\u00e9ter itt nem olyan, mint m\u00e1shol. A f\u00e1radts\u00e1g r\u00e1nk telepedett, \u00e9s amikor el\u00e9rt\u00fck a mitikus Gugu-hegyhez k\u00f6zeli tiszt\u00e1st, kimer\u00fclten rogytunk le. A lenyugv\u00f3 nap arany f\u00e9nybe vonta a cs\u00facsot.<\/p>\n<figure id=\"attachment_18865\" aria-describedby=\"caption-attachment-18865\" style=\"width: 990px\" class=\"wp-caption alignnone\"><a href=\"https:\/\/d2p6e6u75xmxt8.cloudfront.net\/12\/2024\/12\/Gaspi-Romania-Gugu-3.webp\"><img loading=\"lazy\" decoding=\"async\" class=\"wp-image-18865 size-full\" src=\"https:\/\/d2p6e6u75xmxt8.cloudfront.net\/12\/2024\/12\/Gaspi-Romania-Gugu-3.webp\" alt=\"Biking at Mt Gugu\" width=\"990\" height=\"660\" srcset=\"https:\/\/d2p6e6u75xmxt8.cloudfront.net\/12\/2024\/12\/Gaspi-Romania-Gugu-3.webp 990w, https:\/\/d2p6e6u75xmxt8.cloudfront.net\/12\/2024\/12\/Gaspi-Romania-Gugu-3-300x200.webp 300w, https:\/\/d2p6e6u75xmxt8.cloudfront.net\/12\/2024\/12\/Gaspi-Romania-Gugu-3-768x512.webp 768w, https:\/\/d2p6e6u75xmxt8.cloudfront.net\/12\/2024\/12\/Gaspi-Romania-Gugu-3-400x267.webp 400w, https:\/\/d2p6e6u75xmxt8.cloudfront.net\/12\/2024\/12\/Gaspi-Romania-Gugu-3-272x182.webp 272w\" sizes=\"auto, (max-width: 990px) 100vw, 990px\" \/><\/a><figcaption id=\"caption-attachment-18865\" class=\"wp-caption-text\">Gugu-hegyi bring\u00e1z\u00e1s<\/figcaption><\/figure>\n<h2><strong>Mitikus Gugu<\/strong><\/h2>\n<p>A Gugu-hegyet legend\u00e1k \u00f6vezik. Cristian mes\u00e9lte, hogy az \u0151si d\u00e1kok szentk\u00e9nt tisztelt\u00e9k. \u00dagy hitt\u00e9k, hogy Zamolxe isten egykor itt lakott, \u00e9s hogy Decebal kir\u00e1ly itt rejtette el a kincs\u00e9t. A hegy h\u00edres a k\u00fcl\u00f6n\u00f6s jelens\u00e9geir\u0151l \u2013 bizonyos id\u0151pontokban elt\u0171nik a l\u00e1t\u00f3hat\u00e1rr\u00f3l, \u00e9s az 1990-es \u00e9vekben turist\u00e1k villog\u00f3 f\u00e9nyeket, \u201eg\u00f6mbvill\u00e1mokat\u201d jelentettek, amelyek mintha a cs\u00facsot az \u00e9g fel\u00e9 emelt\u00e9k volna. 1991 augusztus\u00e1ban egy Tarom IL-14 rep\u00fcl\u0151g\u00e9p rejt\u00e9lyes m\u00f3don itt t\u0171nt el, nyom n\u00e9lk\u00fcl.<\/p>\n<p>Gugut Jules Verne is szerepeltette \u201eA K\u00e1rp\u00e1tok v\u00e1ra\u201d c\u00edm\u0171 reg\u00e9ny\u00e9ben, \u00e9s a hegyet a bolyg\u00f3 egyik f\u0151 energiak\u00f6zpontj\u00e1nak tartj\u00e1k. A sz\u00e9l el\u0151l egy alacsony szikla m\u00f6g\u00e9 b\u00fajva alszunk, felv\u00e1ltva \u0151rk\u00f6dve a medv\u00e9k miatt. Milli\u00f3nyi csillag ragyog f\u00f6l\u00f6tt\u00fcnk, id\u0151nk\u00e9nt hull\u00f3csillag hagy t\u00fczes nyomot maga ut\u00e1n.<\/p>\n<p>A h\u0151m\u00e9rs\u00e9klet fagypont k\u00f6zel\u00e9be s\u00fcllyed, \u00e9s a harmat olyan vastagon gy\u0171lik \u00f6ssze a h\u00e1l\u00f3zs\u00e1kjainkon, mintha esett volna. Reggel megm\u00e1sszuk a hegyet, megosztunk egy k\u00e1v\u00e9t a cs\u00facson, majd elindulunk a v\u00f6lgybe. Hossz\u00fa nap v\u00e1r r\u00e1nk a l\u00e9legzetel\u00e1ll\u00edt\u00f3, vad t\u00e1jakon, amely Patag\u00f3ni\u00e1ra eml\u00e9keztet. Ism\u00e9t szikl\u00e1kon kell \u00e1ttolnunk, de egy hihetetlen\u00fcl hossz\u00fa, fantasztikus lejtmenet is v\u00e1r r\u00e1nk, amelyet egyhang\u00falag \u00e9let\u00fcnk legjobb \u00fatjainak egyikek\u00e9nt emleget\u00fcnk. F\u00e1radtan, de boldogan fejezz\u00fck be a kalandot a Gura Apelor g\u00e1tn\u00e1l, a R\u00e2ul Mare foly\u00f3n\u00e1l. Mit nyert\u00fcnk ezzel az utaz\u00e1ssal, mit vitt\u00fcnk haza magunkkal a d\u00e1kok szent hegy\u00e9b\u0151l? Nem mondom el \u2013 tal\u00e1n elvesz\u00edten\u00e9 a var\u00e1zs\u00e1t. De azt elmondhatom: minden pillanat meg\u00e9rte.<\/p>\n","protected":false},"excerpt":{"rendered":"<p>Elrep\u00fclni a rom\u00e1n vadonba, \u00e9s hazatekerni onnan? Nem egy k\u00f6nny\u0171 kih\u00edv\u00e1s, de \u00e9letresz\u00f3l\u00f3 kaland, az biztos. H\u00e1rman indultunk el megh\u00f3d\u00edtani [&hellip;]<\/p>\n","protected":false},"author":71,"featured_media":18867,"comment_status":"open","ping_status":"open","sticky":false,"template":"","format":"standard","meta":{"footnotes":""},"categories":[5],"tags":[],"global-categories":[],"class_list":["post-18862","post","type-post","status-publish","format-standard","has-post-thumbnail","hentry","category-adrenalin"],"yoast_head":"<!-- This site is optimized with the Yoast SEO Premium plugin v25.3 (Yoast SEO v25.9) - https:\/\/yoast.com\/wordpress\/plugins\/seo\/ -->\n<title>Megh\u00f3d\u00edtottam az \u0151si d\u00e1kok szent hegy\u00e9t egy elektromos montival<\/title>\n<meta name=\"description\" content=\"Elrep\u00fclni a rom\u00e1n vadonba, \u00e9s hazatekerni onnan? Nem egy k\u00f6nny\u0171 kih\u00edv\u00e1s, de \u00e9letresz\u00f3l\u00f3 kaland, az biztos. H\u00e1rman indultunk el megh\u00f3d\u00edtani a rom\u00e1niai szent hegyet: a profi bring\u00e1s, Richard \u201eGaspi\u201d Gasperotti, az egykori motocross versenyz\u0151, Cristian Dunca, \u00e9s \u00e9n, a kalandunk kr\u00f3nik\u00e1sa.\" \/>\n<meta name=\"robots\" content=\"index, follow, max-snippet:-1, max-image-preview:large, max-video-preview:-1\" \/>\n<link rel=\"canonical\" href=\"https:\/\/www.welovecycling.com\/hu\/adrenalin\/meghoditottam-az-osi-dakok-szent-hegyet-egy-elektromos-montival\/\" \/>\n<meta property=\"og:locale\" content=\"hu_HU\" \/>\n<meta property=\"og:type\" content=\"article\" \/>\n<meta property=\"og:title\" content=\"Megh\u00f3d\u00edtottam az \u0151si d\u00e1kok szent hegy\u00e9t egy elektromos montival\" \/>\n<meta property=\"og:description\" content=\"Elrep\u00fclni a rom\u00e1n vadonba, \u00e9s hazatekerni onnan? Nem egy k\u00f6nny\u0171 kih\u00edv\u00e1s, de \u00e9letresz\u00f3l\u00f3 kaland, az biztos. H\u00e1rman indultunk el megh\u00f3d\u00edtani a rom\u00e1niai szent hegyet: a profi bring\u00e1s, Richard \u201eGaspi\u201d Gasperotti, az egykori motocross versenyz\u0151, Cristian Dunca, \u00e9s \u00e9n, a kalandunk kr\u00f3nik\u00e1sa.\" \/>\n<meta property=\"og:url\" content=\"https:\/\/www.welovecycling.com\/hu\/adrenalin\/meghoditottam-az-osi-dakok-szent-hegyet-egy-elektromos-montival\/\" \/>\n<meta property=\"og:site_name\" content=\"\u0160koda We Love Cycling - Magyarorsz\u00e1g\" \/>\n<meta property=\"article:publisher\" content=\"https:\/\/www.facebook.com\/WeLoveCyclingHungary\/\" \/>\n<meta property=\"article:published_time\" content=\"2024-01-03T06:00:46+00:00\" \/>\n<meta property=\"article:modified_time\" content=\"2024-12-19T15:13:33+00:00\" \/>\n<meta property=\"og:image\" content=\"https:\/\/d2p6e6u75xmxt8.cloudfront.net\/12\/2024\/12\/Gaspi-Romania-Gugu-2.webp\" \/>\n\t<meta property=\"og:image:width\" content=\"990\" \/>\n\t<meta property=\"og:image:height\" content=\"660\" \/>\n\t<meta property=\"og:image:type\" content=\"image\/webp\" \/>\n<meta name=\"author\" content=\"hegyizs\" \/>\n<meta name=\"twitter:card\" content=\"summary_large_image\" \/>\n<meta name=\"twitter:label1\" content=\"Written by\" \/>\n\t<meta name=\"twitter:data1\" content=\"Adam Marsal\" \/>\n\t<meta name=\"twitter:label2\" content=\"Est. reading time\" \/>\n\t<meta name=\"twitter:data2\" content=\"2\" \/>\n<script type=\"application\/ld+json\" class=\"yoast-schema-graph\">{\"@context\":\"https:\/\/schema.org\",\"@graph\":[{\"@type\":\"WebPage\",\"@id\":\"https:\/\/www.welovecycling.com\/hu\/adrenalin\/meghoditottam-az-osi-dakok-szent-hegyet-egy-elektromos-montival\/\",\"url\":\"https:\/\/www.welovecycling.com\/hu\/adrenalin\/meghoditottam-az-osi-dakok-szent-hegyet-egy-elektromos-montival\/\",\"name\":\"Megh\u00f3d\u00edtottam az \u0151si d\u00e1kok szent hegy\u00e9t egy elektromos montival\",\"isPartOf\":{\"@id\":\"https:\/\/www.welovecycling.com\/hu\/#website\"},\"primaryImageOfPage\":{\"@id\":\"https:\/\/www.welovecycling.com\/hu\/adrenalin\/meghoditottam-az-osi-dakok-szent-hegyet-egy-elektromos-montival\/#primaryimage\"},\"image\":{\"@id\":\"https:\/\/www.welovecycling.com\/hu\/adrenalin\/meghoditottam-az-osi-dakok-szent-hegyet-egy-elektromos-montival\/#primaryimage\"},\"thumbnailUrl\":\"https:\/\/d2p6e6u75xmxt8.cloudfront.net\/12\/2024\/12\/Gaspi-Romania-Gugu-2.webp\",\"datePublished\":\"2024-01-03T06:00:46+00:00\",\"dateModified\":\"2024-12-19T15:13:33+00:00\",\"author\":{\"@id\":\"https:\/\/www.welovecycling.com\/hu\/#\/schema\/person\/414a2aebf1801691a5320edb6468e194\"},\"description\":\"Elrep\u00fclni a rom\u00e1n vadonba, \u00e9s hazatekerni onnan? Nem egy k\u00f6nny\u0171 kih\u00edv\u00e1s, de \u00e9letresz\u00f3l\u00f3 kaland, az biztos. H\u00e1rman indultunk el megh\u00f3d\u00edtani a rom\u00e1niai szent hegyet: a profi bring\u00e1s, Richard \u201eGaspi\u201d Gasperotti, az egykori motocross versenyz\u0151, Cristian Dunca, \u00e9s \u00e9n, a kalandunk kr\u00f3nik\u00e1sa.\",\"breadcrumb\":{\"@id\":\"https:\/\/www.welovecycling.com\/hu\/adrenalin\/meghoditottam-az-osi-dakok-szent-hegyet-egy-elektromos-montival\/#breadcrumb\"},\"inLanguage\":\"hu\",\"potentialAction\":[{\"@type\":\"ReadAction\",\"target\":[\"https:\/\/www.welovecycling.com\/hu\/adrenalin\/meghoditottam-az-osi-dakok-szent-hegyet-egy-elektromos-montival\/\"]}]},{\"@type\":\"ImageObject\",\"inLanguage\":\"hu\",\"@id\":\"https:\/\/www.welovecycling.com\/hu\/adrenalin\/meghoditottam-az-osi-dakok-szent-hegyet-egy-elektromos-montival\/#primaryimage\",\"url\":\"https:\/\/d2p6e6u75xmxt8.cloudfront.net\/12\/2024\/12\/Gaspi-Romania-Gugu-2.webp\",\"contentUrl\":\"https:\/\/d2p6e6u75xmxt8.cloudfront.net\/12\/2024\/12\/Gaspi-Romania-Gugu-2.webp\",\"width\":990,\"height\":660,\"caption\":\"Mount Gugu\"},{\"@type\":\"BreadcrumbList\",\"@id\":\"https:\/\/www.welovecycling.com\/hu\/adrenalin\/meghoditottam-az-osi-dakok-szent-hegyet-egy-elektromos-montival\/#breadcrumb\",\"itemListElement\":[{\"@type\":\"ListItem\",\"position\":1,\"name\":\"Home\",\"item\":\"https:\/\/www.welovecycling.com\/hu\/\"},{\"@type\":\"ListItem\",\"position\":2,\"name\":\"Megh\u00f3d\u00edtottam az \u0151si d\u00e1kok szent hegy\u00e9t egy elektromos montival\"}]},{\"@type\":\"WebSite\",\"@id\":\"https:\/\/www.welovecycling.com\/hu\/#website\",\"url\":\"https:\/\/www.welovecycling.com\/hu\/\",\"name\":\"\u0160koda We Love Cycling - Magyarorsz\u00e1g\",\"description\":\"\u0160koda WeLoveCycling\",\"potentialAction\":[{\"@type\":\"SearchAction\",\"target\":{\"@type\":\"EntryPoint\",\"urlTemplate\":\"https:\/\/www.welovecycling.com\/hu\/?s={search_term_string}\"},\"query-input\":{\"@type\":\"PropertyValueSpecification\",\"valueRequired\":true,\"valueName\":\"search_term_string\"}}],\"inLanguage\":\"hu\"},{\"@type\":\"Person\",\"@id\":\"https:\/\/www.welovecycling.com\/hu\/#\/schema\/person\/414a2aebf1801691a5320edb6468e194\",\"name\":\"hegyizs\",\"image\":{\"@type\":\"ImageObject\",\"inLanguage\":\"hu\",\"@id\":\"https:\/\/www.welovecycling.com\/hu\/#\/schema\/person\/image\/\",\"url\":\"https:\/\/secure.gravatar.com\/avatar\/02cf8a7906b8cf90cecb4679defac7cfd33a1c2e3b88e4903d947f3bb58eedd3?s=96&d=mm&r=g\",\"contentUrl\":\"https:\/\/secure.gravatar.com\/avatar\/02cf8a7906b8cf90cecb4679defac7cfd33a1c2e3b88e4903d947f3bb58eedd3?s=96&d=mm&r=g\",\"caption\":\"hegyizs\"},\"url\":\"https:\/\/www.welovecycling.com\/hu\/author\/hegyizs\/\"}]}<\/script>\n<!-- \/ Yoast SEO Premium plugin. -->","yoast_head_json":{"title":"Megh\u00f3d\u00edtottam az \u0151si d\u00e1kok szent hegy\u00e9t egy elektromos montival","description":"Elrep\u00fclni a rom\u00e1n vadonba, \u00e9s hazatekerni onnan? Nem egy k\u00f6nny\u0171 kih\u00edv\u00e1s, de \u00e9letresz\u00f3l\u00f3 kaland, az biztos. H\u00e1rman indultunk el megh\u00f3d\u00edtani a rom\u00e1niai szent hegyet: a profi bring\u00e1s, Richard \u201eGaspi\u201d Gasperotti, az egykori motocross versenyz\u0151, Cristian Dunca, \u00e9s \u00e9n, a kalandunk kr\u00f3nik\u00e1sa.","robots":{"index":"index","follow":"follow","max-snippet":"max-snippet:-1","max-image-preview":"max-image-preview:large","max-video-preview":"max-video-preview:-1"},"canonical":"https:\/\/www.welovecycling.com\/hu\/adrenalin\/meghoditottam-az-osi-dakok-szent-hegyet-egy-elektromos-montival\/","og_locale":"hu_HU","og_type":"article","og_title":"Megh\u00f3d\u00edtottam az \u0151si d\u00e1kok szent hegy\u00e9t egy elektromos montival","og_description":"Elrep\u00fclni a rom\u00e1n vadonba, \u00e9s hazatekerni onnan? Nem egy k\u00f6nny\u0171 kih\u00edv\u00e1s, de \u00e9letresz\u00f3l\u00f3 kaland, az biztos. H\u00e1rman indultunk el megh\u00f3d\u00edtani a rom\u00e1niai szent hegyet: a profi bring\u00e1s, Richard \u201eGaspi\u201d Gasperotti, az egykori motocross versenyz\u0151, Cristian Dunca, \u00e9s \u00e9n, a kalandunk kr\u00f3nik\u00e1sa.","og_url":"https:\/\/www.welovecycling.com\/hu\/adrenalin\/meghoditottam-az-osi-dakok-szent-hegyet-egy-elektromos-montival\/","og_site_name":"\u0160koda We Love Cycling - Magyarorsz\u00e1g","article_publisher":"https:\/\/www.facebook.com\/WeLoveCyclingHungary\/","article_published_time":"2024-01-03T06:00:46+00:00","article_modified_time":"2024-12-19T15:13:33+00:00","og_image":[{"width":990,"height":660,"url":"https:\/\/d2p6e6u75xmxt8.cloudfront.net\/12\/2024\/12\/Gaspi-Romania-Gugu-2.webp","type":"image\/webp"}],"author":"hegyizs","twitter_card":"summary_large_image","twitter_misc":{"Written by":"Adam Marsal","Est. reading time":"2"},"schema":{"@context":"https:\/\/schema.org","@graph":[{"@type":"WebPage","@id":"https:\/\/www.welovecycling.com\/hu\/adrenalin\/meghoditottam-az-osi-dakok-szent-hegyet-egy-elektromos-montival\/","url":"https:\/\/www.welovecycling.com\/hu\/adrenalin\/meghoditottam-az-osi-dakok-szent-hegyet-egy-elektromos-montival\/","name":"Megh\u00f3d\u00edtottam az \u0151si d\u00e1kok szent hegy\u00e9t egy elektromos montival","isPartOf":{"@id":"https:\/\/www.welovecycling.com\/hu\/#website"},"primaryImageOfPage":{"@id":"https:\/\/www.welovecycling.com\/hu\/adrenalin\/meghoditottam-az-osi-dakok-szent-hegyet-egy-elektromos-montival\/#primaryimage"},"image":{"@id":"https:\/\/www.welovecycling.com\/hu\/adrenalin\/meghoditottam-az-osi-dakok-szent-hegyet-egy-elektromos-montival\/#primaryimage"},"thumbnailUrl":"https:\/\/d2p6e6u75xmxt8.cloudfront.net\/12\/2024\/12\/Gaspi-Romania-Gugu-2.webp","datePublished":"2024-01-03T06:00:46+00:00","dateModified":"2024-12-19T15:13:33+00:00","author":{"@id":"https:\/\/www.welovecycling.com\/hu\/#\/schema\/person\/414a2aebf1801691a5320edb6468e194"},"description":"Elrep\u00fclni a rom\u00e1n vadonba, \u00e9s hazatekerni onnan? Nem egy k\u00f6nny\u0171 kih\u00edv\u00e1s, de \u00e9letresz\u00f3l\u00f3 kaland, az biztos. H\u00e1rman indultunk el megh\u00f3d\u00edtani a rom\u00e1niai szent hegyet: a profi bring\u00e1s, Richard \u201eGaspi\u201d Gasperotti, az egykori motocross versenyz\u0151, Cristian Dunca, \u00e9s \u00e9n, a kalandunk kr\u00f3nik\u00e1sa.","breadcrumb":{"@id":"https:\/\/www.welovecycling.com\/hu\/adrenalin\/meghoditottam-az-osi-dakok-szent-hegyet-egy-elektromos-montival\/#breadcrumb"},"inLanguage":"hu","potentialAction":[{"@type":"ReadAction","target":["https:\/\/www.welovecycling.com\/hu\/adrenalin\/meghoditottam-az-osi-dakok-szent-hegyet-egy-elektromos-montival\/"]}]},{"@type":"ImageObject","inLanguage":"hu","@id":"https:\/\/www.welovecycling.com\/hu\/adrenalin\/meghoditottam-az-osi-dakok-szent-hegyet-egy-elektromos-montival\/#primaryimage","url":"https:\/\/d2p6e6u75xmxt8.cloudfront.net\/12\/2024\/12\/Gaspi-Romania-Gugu-2.webp","contentUrl":"https:\/\/d2p6e6u75xmxt8.cloudfront.net\/12\/2024\/12\/Gaspi-Romania-Gugu-2.webp","width":990,"height":660,"caption":"Mount Gugu"},{"@type":"BreadcrumbList","@id":"https:\/\/www.welovecycling.com\/hu\/adrenalin\/meghoditottam-az-osi-dakok-szent-hegyet-egy-elektromos-montival\/#breadcrumb","itemListElement":[{"@type":"ListItem","position":1,"name":"Home","item":"https:\/\/www.welovecycling.com\/hu\/"},{"@type":"ListItem","position":2,"name":"Megh\u00f3d\u00edtottam az \u0151si d\u00e1kok szent hegy\u00e9t egy elektromos montival"}]},{"@type":"WebSite","@id":"https:\/\/www.welovecycling.com\/hu\/#website","url":"https:\/\/www.welovecycling.com\/hu\/","name":"\u0160koda We Love Cycling - Magyarorsz\u00e1g","description":"\u0160koda WeLoveCycling","potentialAction":[{"@type":"SearchAction","target":{"@type":"EntryPoint","urlTemplate":"https:\/\/www.welovecycling.com\/hu\/?s={search_term_string}"},"query-input":{"@type":"PropertyValueSpecification","valueRequired":true,"valueName":"search_term_string"}}],"inLanguage":"hu"},{"@type":"Person","@id":"https:\/\/www.welovecycling.com\/hu\/#\/schema\/person\/414a2aebf1801691a5320edb6468e194","name":"hegyizs","image":{"@type":"ImageObject","inLanguage":"hu","@id":"https:\/\/www.welovecycling.com\/hu\/#\/schema\/person\/image\/","url":"https:\/\/secure.gravatar.com\/avatar\/02cf8a7906b8cf90cecb4679defac7cfd33a1c2e3b88e4903d947f3bb58eedd3?s=96&d=mm&r=g","contentUrl":"https:\/\/secure.gravatar.com\/avatar\/02cf8a7906b8cf90cecb4679defac7cfd33a1c2e3b88e4903d947f3bb58eedd3?s=96&d=mm&r=g","caption":"hegyizs"},"url":"https:\/\/www.welovecycling.com\/hu\/author\/hegyizs\/"}]}},"_links":{"self":[{"href":"https:\/\/www.welovecycling.com\/hu\/wp-json\/wp\/v2\/posts\/18862","targetHints":{"allow":["GET"]}}],"collection":[{"href":"https:\/\/www.welovecycling.com\/hu\/wp-json\/wp\/v2\/posts"}],"about":[{"href":"https:\/\/www.welovecycling.com\/hu\/wp-json\/wp\/v2\/types\/post"}],"author":[{"embeddable":true,"href":"https:\/\/www.welovecycling.com\/hu\/wp-json\/wp\/v2\/users\/71"}],"replies":[{"embeddable":true,"href":"https:\/\/www.welovecycling.com\/hu\/wp-json\/wp\/v2\/comments?post=18862"}],"version-history":[{"count":2,"href":"https:\/\/www.welovecycling.com\/hu\/wp-json\/wp\/v2\/posts\/18862\/revisions"}],"predecessor-version":[{"id":18868,"href":"https:\/\/www.welovecycling.com\/hu\/wp-json\/wp\/v2\/posts\/18862\/revisions\/18868"}],"wp:featuredmedia":[{"embeddable":true,"href":"https:\/\/www.welovecycling.com\/hu\/wp-json\/wp\/v2\/media\/18867"}],"wp:attachment":[{"href":"https:\/\/www.welovecycling.com\/hu\/wp-json\/wp\/v2\/media?parent=18862"}],"wp:term":[{"taxonomy":"category","embeddable":true,"href":"https:\/\/www.welovecycling.com\/hu\/wp-json\/wp\/v2\/categories?post=18862"},{"taxonomy":"post_tag","embeddable":true,"href":"https:\/\/www.welovecycling.com\/hu\/wp-json\/wp\/v2\/tags?post=18862"},{"taxonomy":"global-categories","embeddable":true,"href":"https:\/\/www.welovecycling.com\/hu\/wp-json\/wp\/v2\/global-categories?post=18862"}],"curies":[{"name":"wp","href":"https:\/\/api.w.org\/{rel}","templated":true}]}}