{"id":18854,"date":"2024-12-20T08:00:14","date_gmt":"2024-12-20T06:00:14","guid":{"rendered":"https:\/\/www.welovecycling.com\/hu\/?p=18854"},"modified":"2024-12-16T15:34:27","modified_gmt":"2024-12-16T13:34:27","slug":"itt-a-vege-az-orszaguti-versenybringasok-egyik-legvitatottabb-modszerenek","status":"publish","type":"post","link":"https:\/\/www.welovecycling.com\/hu\/orszaguti-kerekpar\/itt-a-vege-az-orszaguti-versenybringasok-egyik-legvitatottabb-modszerenek\/","title":{"rendered":"Itt a v\u00e9ge az orsz\u00e1g\u00fati versenybring\u00e1sok egyik legvitatottabb m\u00f3dszer\u00e9nek?"},"content":{"rendered":"<p><strong>Janu\u00e1r v\u00e9g\u00e9t\u0151l val\u00f3sz\u00edn\u0171leg hivatalosan is betiltj\u00e1k a sz\u00e9nmonoxid-bel\u00e9legz\u00e9st.<\/strong><!--more--><\/p>\n<p>Az idei Tour de France ideje alatt kavart nagy port az Escape Collective magazin exkluz\u00edv <a href=\"https:\/\/escapecollective.com\/exclusive-tour-riders-are-inhaling-carbon-monoxide-in-super-altitude-recipe\/\">oknyomoz\u00f3 riportja<\/a>, amely arr\u00f3l sz\u00e1molt be konkr\u00e9t neveket \u00e9s csapatokat eml\u00edtve, hogy sz\u00e1mos profi ist\u00e1ll\u00f3 alkalmaz orsz\u00e1g\u00fati versenyz\u0151i eset\u00e9ben egy meglehet\u0151sen vitatott m\u00f3dszert: a sz\u00e9n-monoxid-inhal\u00e1ci\u00f3t. A megnevezettek k\u00f6z\u00f6tt ott volt egyebek mellett az idei Tour-gy\u0151ztes Tadej Poga\u010dar \u00e9s az Emirates, valamint az el\u0151z\u0151 \u00e9vekben egyeduralkod\u00f3 Visma \u00e9s Jonas Vingegaard is. Az ellen\u0151rz\u00f6tt, orvosi k\u00f6r\u00fclm\u00e9nyek k\u00f6z\u00f6tt egy erre a c\u00e9lra fejlesztett, speci\u00e1lis eszk\u00f6zzel t\u00f6rt\u00e9n\u0151 sz\u00e9n-monoxid-bel\u00e9gz\u00e9ssel a magaslati teljes\u00edtm\u00e9nyt pr\u00f3b\u00e1lj\u00e1k optimaliz\u00e1lni, mivel a(z alapesetben m\u00e9rgez\u0151) g\u00e1zzal j\u00f3l nyomon k\u00f6vethet\u0151ek olyan kulcsfontoss\u00e1g\u00fa v\u00e9r\u00e9rt\u00e9kek, mint p\u00e9ld\u00e1ul a t\u00fcd\u0151ben l\u00e9v\u0151 hemoglobin t\u00f6mege, illetve az oxig\u00e9n diff\u00fazi\u00f3ja. Maga az elj\u00e1r\u00e1s egy\u00e9bk\u00e9nt nem \u00fajkelet\u0171 \u00e9s nem tiltott, eddig is haszn\u00e1lt\u00e1k hegym\u00e1sz\u00f3k, illetve olyan extr\u00e9m \u00e1ll\u00f3k\u00e9pess\u00e9gi sportol\u00f3k, mint p\u00e9ld\u00e1ul a h\u00e1romhetes k\u00f6rversenyeken r\u00e9szt vev\u0151 versenyker\u00e9kp\u00e1roz\u00f3k.<\/p>\n<figure id=\"attachment_18856\" aria-describedby=\"caption-attachment-18856\" style=\"width: 1024px\" class=\"wp-caption alignnone\"><img loading=\"lazy\" decoding=\"async\" class=\"size-large wp-image-18856\" src=\"https:\/\/d2p6e6u75xmxt8.cloudfront.net\/12\/2024\/12\/64b8114263fcc_043-70809406-1024x576.webp\" alt=\"\" width=\"1024\" height=\"576\" srcset=\"https:\/\/d2p6e6u75xmxt8.cloudfront.net\/12\/2024\/12\/64b8114263fcc_043-70809406-1024x576.webp 1024w, https:\/\/d2p6e6u75xmxt8.cloudfront.net\/12\/2024\/12\/64b8114263fcc_043-70809406-300x169.webp 300w, https:\/\/d2p6e6u75xmxt8.cloudfront.net\/12\/2024\/12\/64b8114263fcc_043-70809406-768x432.webp 768w, https:\/\/d2p6e6u75xmxt8.cloudfront.net\/12\/2024\/12\/64b8114263fcc_043-70809406-400x225.webp 400w, https:\/\/d2p6e6u75xmxt8.cloudfront.net\/12\/2024\/12\/64b8114263fcc_043-70809406.webp 1200w\" sizes=\"auto, (max-width: 1024px) 100vw, 1024px\" \/><figcaption id=\"caption-attachment-18856\" class=\"wp-caption-text\">(fot\u00f3: DAVID PINTENS \/ AFP)<\/figcaption><\/figure>\n<p>A m\u00e9rgez\u0151 g\u00e1z ily m\u00f3don t\u00f6rt\u00e9n\u0151, hossz\u00fa t\u00e1von val\u00f3sz\u00edn\u0171s\u00edthet\u0151en eg\u00e9szs\u00e9gk\u00e1ros\u00edt\u00f3 felhaszn\u00e1l\u00e1sa ugyanakkor sz\u00e9lesebb k\u00f6rben komoly d\u00f6bbenetet v\u00e1ltott ki, \u00e9s egyre t\u00f6bben emelt\u00e9k fel a hangjukat ellene, finoman jelezve, ennyit tal\u00e1n m\u00e9g egy Tour-gy\u0151zelem sem \u00e9r. A nemzetk\u00f6zi sz\u00f6vets\u00e9gnek, a UCI-nak is hivatalos k\u00f6zlem\u00e9nyt kellett kiadnia, melyben eleinte azt \u00edrt\u00e1k, hogy \u201e<em>orvosi k\u00f6rnyezetben, szakk\u00e9pzett eg\u00e9szs\u00e9g\u00fcgyi szem\u00e9lyzet \u00e1ltal, a teljes hemoglobin t\u00f6meg m\u00e9r\u00e9s\u00e9nek szigor\u00fa keretein bel\u00fcl\u201d<\/em> tov\u00e1bbra is enged\u00e9lyezett a vitatott met\u00f3dus. Egy\u00fattal elismert\u00e9k, hogy a hossz\u00fat\u00e1v\u00fa ismeretek egyel\u0151re limit\u00e1ltak a t\u00e9m\u00e1ban, a nem eg\u00e9szs\u00e9g\u00fcgyi k\u00f6r\u00fclm\u00e9nyek k\u00f6z\u00f6tt t\u00f6rt\u00e9n\u0151 ism\u00e9telt sz\u00e9n-monoxid-bel\u00e9legz\u00e9s pedig olyan mell\u00e9khat\u00e1sokat okozhat, mint p\u00e9ld\u00e1ul fejf\u00e1j\u00e1st, f\u00e1radts\u00e1got, h\u00e1nyingert, h\u00e1ny\u00e1st, mellkasi f\u00e1jdalmat, l\u00e9gz\u00e9si neh\u00e9zs\u00e9geket \u00e9s ak\u00e1r eszm\u00e9letveszt\u00e9st is. (A tudom\u00e1ny jelenlegi bizony\u00edt\u00e9kai alapj\u00e1n egy\u00e9bk\u00e9nt ha t\u00e9nyleg \u201ecsak\u201d a v\u00e9rben l\u00e9v\u0151 hemoglobin \u00e9rt\u00e9k\u00e9nek m\u00e9r\u00e9s\u00e9re haszn\u00e1lj\u00e1k a CO-t, \u00e9s a vizsg\u00e1latra felhaszn\u00e1lt CO mennyis\u00e9ge alacsony, akkor nincs teljes\u00edtm\u00e9nyfokoz\u00f3 hat\u00e1sa, ugyanakkor az ism\u00e9telt haszn\u00e1lata, vagy pedig a magas koncentr\u00e1ci\u00f3 komoly vesz\u00e9lyeket hordoz, sz\u00e9ls\u0151s\u00e9ges esetben ak\u00e1r hal\u00e1lt is okozhat).<\/p>\n<figure id=\"attachment_18855\" aria-describedby=\"caption-attachment-18855\" style=\"width: 1024px\" class=\"wp-caption alignnone\"><img loading=\"lazy\" decoding=\"async\" class=\"size-large wp-image-18855\" src=\"https:\/\/d2p6e6u75xmxt8.cloudfront.net\/12\/2024\/12\/24a816c_20220713185859401-1024x576.webp\" alt=\"\" width=\"1024\" height=\"576\" srcset=\"https:\/\/d2p6e6u75xmxt8.cloudfront.net\/12\/2024\/12\/24a816c_20220713185859401-1024x576.webp 1024w, https:\/\/d2p6e6u75xmxt8.cloudfront.net\/12\/2024\/12\/24a816c_20220713185859401-300x169.webp 300w, https:\/\/d2p6e6u75xmxt8.cloudfront.net\/12\/2024\/12\/24a816c_20220713185859401-768x432.webp 768w, https:\/\/d2p6e6u75xmxt8.cloudfront.net\/12\/2024\/12\/24a816c_20220713185859401-1536x864.webp 1536w, https:\/\/d2p6e6u75xmxt8.cloudfront.net\/12\/2024\/12\/24a816c_20220713185859401-2048x1152.webp 2048w, https:\/\/d2p6e6u75xmxt8.cloudfront.net\/12\/2024\/12\/24a816c_20220713185859401-1920x1080.webp 1920w, https:\/\/d2p6e6u75xmxt8.cloudfront.net\/12\/2024\/12\/24a816c_20220713185859401-400x225.webp 400w, https:\/\/d2p6e6u75xmxt8.cloudfront.net\/12\/2024\/12\/24a816c_20220713185859401-1920x1080.webp 1920w\" sizes=\"auto, (max-width: 1024px) 100vw, 1024px\" \/><figcaption id=\"caption-attachment-18855\" class=\"wp-caption-text\">(fot\u00f3: Christian Hartmann\/Pool Photo via AP)<\/figcaption><\/figure>\n<p>A folyamatosan feler\u0151s\u00f6d\u0151 kririk\u00e1k hat\u00e1s\u00e1ra k\u00e9s\u0151bb az UCI is m\u00f3dos\u00edtott \u00e1ll\u00e1spontj\u00e1n: el\u0151bb \u201emegk\u00e9rte\u201d a csapatokat, hogy ne folyamodjanak rendszeresen ehhez a m\u00f3dszerhez, azt\u00e1n viszont egyenesen a Nemzetk\u00f6zi Doppingellenes \u00dcgyn\u00f6ks\u00e9ghez, a WADA-hoz fordult, hogy teljes\u00edtm\u00e9nyfokoz\u00f3 szempontb\u00f3l is vizsg\u00e1lja meg a CO haszn\u00e1lat\u00e1t. A l\u00e9p\u00e9sek, \u00fagy t\u0171nik, el\u00e9rt\u00e9k c\u00e9ljukat: els\u0151k\u00e9nt a Tour-c\u00edmv\u00e9d\u0151 Poga\u010dar csapata, az Emirates jelentette be hivatalosan, hogy nem alkalmazz\u00e1k t\u00f6bb\u00e9 a m\u00f3dszert (noha nem is annyira burkoltan utaltak r\u00e1, hogy nem \u00e9rtenek egyet a \u201ek\u00e9t \u00e9vtizede szabv\u00e1nyos\u00edtott \u00e9s valid\u00e1lt technika\u201d kiiktat\u00e1s\u00e1val). \u0150ket v\u00e1rhat\u00f3an k\u00f6vetni fogj\u00e1k a t\u00f6bbiek is, f\u0151leg, hogy jelen \u00e1ll\u00e1s szerint nem is nagyon lesz m\u00e1s v\u00e1laszt\u00e1suk: a UCI ugyanis a h\u00e9t k\u00f6zep\u00e9n m\u00e1r arr\u00f3l adott ki friss k\u00f6zlem\u00e9nyt, hogy a janu\u00e1r 31-febru\u00e1r 1-jei \u00e9vnyit\u00f3 \u00fcl\u00e9s\u00e9n el\u0151ir\u00e1nyozza a CO-inhal\u00e1ci\u00f3 betilt\u00e1s\u00e1t. Maradnak h\u00e1t a j\u00f3l bev\u00e1lt asztmagy\u00f3gyszerek.<\/p>\n","protected":false},"excerpt":{"rendered":"<p>Janu\u00e1r v\u00e9g\u00e9t\u0151l val\u00f3sz\u00edn\u0171leg hivatalosan is betiltj\u00e1k a sz\u00e9nmonoxid-bel\u00e9legz\u00e9st.<\/p>\n","protected":false},"author":71,"featured_media":18857,"comment_status":"open","ping_status":"open","sticky":false,"template":"","format":"standard","meta":{"footnotes":""},"categories":[8],"tags":[],"global-categories":[],"class_list":["post-18854","post","type-post","status-publish","format-standard","has-post-thumbnail","hentry","category-orszaguti-kerekpar"],"yoast_head":"<!-- This site is optimized with the Yoast SEO Premium plugin v25.3 (Yoast SEO v25.9) - https:\/\/yoast.com\/wordpress\/plugins\/seo\/ -->\n<title>Itt a v\u00e9ge az orsz\u00e1g\u00fati versenybring\u00e1sok egyik legvitatottabb m\u00f3dszer\u00e9nek?<\/title>\n<meta name=\"description\" content=\"Janu\u00e1r v\u00e9g\u00e9t\u0151l val\u00f3sz\u00edn\u0171leg hivatalosan is betiltj\u00e1k a sz\u00e9nmonoxid-bel\u00e9legz\u00e9st.\" \/>\n<meta name=\"robots\" content=\"index, follow, max-snippet:-1, max-image-preview:large, max-video-preview:-1\" \/>\n<link rel=\"canonical\" href=\"https:\/\/www.welovecycling.com\/hu\/orszaguti-kerekpar\/itt-a-vege-az-orszaguti-versenybringasok-egyik-legvitatottabb-modszerenek\/\" \/>\n<meta property=\"og:locale\" content=\"hu_HU\" \/>\n<meta property=\"og:type\" content=\"article\" \/>\n<meta property=\"og:title\" content=\"Itt a v\u00e9ge az orsz\u00e1g\u00fati versenybring\u00e1sok egyik legvitatottabb m\u00f3dszer\u00e9nek?\" \/>\n<meta property=\"og:description\" content=\"Janu\u00e1r v\u00e9g\u00e9t\u0151l val\u00f3sz\u00edn\u0171leg hivatalosan is betiltj\u00e1k a sz\u00e9nmonoxid-bel\u00e9legz\u00e9st.\" \/>\n<meta property=\"og:url\" content=\"https:\/\/www.welovecycling.com\/hu\/orszaguti-kerekpar\/itt-a-vege-az-orszaguti-versenybringasok-egyik-legvitatottabb-modszerenek\/\" \/>\n<meta property=\"og:site_name\" content=\"\u0160koda We Love Cycling - Magyarorsz\u00e1g\" \/>\n<meta property=\"article:publisher\" content=\"https:\/\/www.facebook.com\/WeLoveCyclingHungary\/\" \/>\n<meta property=\"article:published_time\" content=\"2024-12-20T06:00:14+00:00\" \/>\n<meta property=\"og:image\" content=\"https:\/\/d2p6e6u75xmxt8.cloudfront.net\/12\/2024\/12\/maxresdefault-1.webp\" \/>\n\t<meta property=\"og:image:width\" content=\"1280\" \/>\n\t<meta property=\"og:image:height\" content=\"720\" \/>\n\t<meta property=\"og:image:type\" content=\"image\/webp\" \/>\n<meta name=\"author\" content=\"hegyizs\" \/>\n<meta name=\"twitter:card\" content=\"summary_large_image\" \/>\n<meta name=\"twitter:label1\" content=\"Written by\" \/>\n\t<meta name=\"twitter:data1\" content=\"WLC\" \/>\n\t<meta name=\"twitter:label2\" content=\"Est. reading time\" \/>\n\t<meta name=\"twitter:data2\" content=\"4 minutes\" \/>\n<script type=\"application\/ld+json\" class=\"yoast-schema-graph\">{\"@context\":\"https:\/\/schema.org\",\"@graph\":[{\"@type\":\"WebPage\",\"@id\":\"https:\/\/www.welovecycling.com\/hu\/orszaguti-kerekpar\/itt-a-vege-az-orszaguti-versenybringasok-egyik-legvitatottabb-modszerenek\/\",\"url\":\"https:\/\/www.welovecycling.com\/hu\/orszaguti-kerekpar\/itt-a-vege-az-orszaguti-versenybringasok-egyik-legvitatottabb-modszerenek\/\",\"name\":\"Itt a v\u00e9ge az orsz\u00e1g\u00fati versenybring\u00e1sok egyik legvitatottabb m\u00f3dszer\u00e9nek?\",\"isPartOf\":{\"@id\":\"https:\/\/www.welovecycling.com\/hu\/#website\"},\"primaryImageOfPage\":{\"@id\":\"https:\/\/www.welovecycling.com\/hu\/orszaguti-kerekpar\/itt-a-vege-az-orszaguti-versenybringasok-egyik-legvitatottabb-modszerenek\/#primaryimage\"},\"image\":{\"@id\":\"https:\/\/www.welovecycling.com\/hu\/orszaguti-kerekpar\/itt-a-vege-az-orszaguti-versenybringasok-egyik-legvitatottabb-modszerenek\/#primaryimage\"},\"thumbnailUrl\":\"https:\/\/d2p6e6u75xmxt8.cloudfront.net\/12\/2024\/12\/maxresdefault-1.webp\",\"datePublished\":\"2024-12-20T06:00:14+00:00\",\"author\":{\"@id\":\"https:\/\/www.welovecycling.com\/hu\/#\/schema\/person\/414a2aebf1801691a5320edb6468e194\"},\"description\":\"Janu\u00e1r v\u00e9g\u00e9t\u0151l val\u00f3sz\u00edn\u0171leg hivatalosan is betiltj\u00e1k a sz\u00e9nmonoxid-bel\u00e9legz\u00e9st.\",\"breadcrumb\":{\"@id\":\"https:\/\/www.welovecycling.com\/hu\/orszaguti-kerekpar\/itt-a-vege-az-orszaguti-versenybringasok-egyik-legvitatottabb-modszerenek\/#breadcrumb\"},\"inLanguage\":\"hu\",\"potentialAction\":[{\"@type\":\"ReadAction\",\"target\":[\"https:\/\/www.welovecycling.com\/hu\/orszaguti-kerekpar\/itt-a-vege-az-orszaguti-versenybringasok-egyik-legvitatottabb-modszerenek\/\"]}]},{\"@type\":\"ImageObject\",\"inLanguage\":\"hu\",\"@id\":\"https:\/\/www.welovecycling.com\/hu\/orszaguti-kerekpar\/itt-a-vege-az-orszaguti-versenybringasok-egyik-legvitatottabb-modszerenek\/#primaryimage\",\"url\":\"https:\/\/d2p6e6u75xmxt8.cloudfront.net\/12\/2024\/12\/maxresdefault-1.webp\",\"contentUrl\":\"https:\/\/d2p6e6u75xmxt8.cloudfront.net\/12\/2024\/12\/maxresdefault-1.webp\",\"width\":1280,\"height\":720},{\"@type\":\"BreadcrumbList\",\"@id\":\"https:\/\/www.welovecycling.com\/hu\/orszaguti-kerekpar\/itt-a-vege-az-orszaguti-versenybringasok-egyik-legvitatottabb-modszerenek\/#breadcrumb\",\"itemListElement\":[{\"@type\":\"ListItem\",\"position\":1,\"name\":\"Home\",\"item\":\"https:\/\/www.welovecycling.com\/hu\/\"},{\"@type\":\"ListItem\",\"position\":2,\"name\":\"Itt a v\u00e9ge az orsz\u00e1g\u00fati versenybring\u00e1sok egyik legvitatottabb m\u00f3dszer\u00e9nek?\"}]},{\"@type\":\"WebSite\",\"@id\":\"https:\/\/www.welovecycling.com\/hu\/#website\",\"url\":\"https:\/\/www.welovecycling.com\/hu\/\",\"name\":\"\u0160koda We Love Cycling - Magyarorsz\u00e1g\",\"description\":\"\u0160koda WeLoveCycling\",\"potentialAction\":[{\"@type\":\"SearchAction\",\"target\":{\"@type\":\"EntryPoint\",\"urlTemplate\":\"https:\/\/www.welovecycling.com\/hu\/?s={search_term_string}\"},\"query-input\":{\"@type\":\"PropertyValueSpecification\",\"valueRequired\":true,\"valueName\":\"search_term_string\"}}],\"inLanguage\":\"hu\"},{\"@type\":\"Person\",\"@id\":\"https:\/\/www.welovecycling.com\/hu\/#\/schema\/person\/414a2aebf1801691a5320edb6468e194\",\"name\":\"hegyizs\",\"image\":{\"@type\":\"ImageObject\",\"inLanguage\":\"hu\",\"@id\":\"https:\/\/www.welovecycling.com\/hu\/#\/schema\/person\/image\/\",\"url\":\"https:\/\/secure.gravatar.com\/avatar\/02cf8a7906b8cf90cecb4679defac7cfd33a1c2e3b88e4903d947f3bb58eedd3?s=96&d=mm&r=g\",\"contentUrl\":\"https:\/\/secure.gravatar.com\/avatar\/02cf8a7906b8cf90cecb4679defac7cfd33a1c2e3b88e4903d947f3bb58eedd3?s=96&d=mm&r=g\",\"caption\":\"hegyizs\"},\"url\":\"https:\/\/www.welovecycling.com\/hu\/author\/hegyizs\/\"}]}<\/script>\n<!-- \/ Yoast SEO Premium plugin. -->","yoast_head_json":{"title":"Itt a v\u00e9ge az orsz\u00e1g\u00fati versenybring\u00e1sok egyik legvitatottabb m\u00f3dszer\u00e9nek?","description":"Janu\u00e1r v\u00e9g\u00e9t\u0151l val\u00f3sz\u00edn\u0171leg hivatalosan is betiltj\u00e1k a sz\u00e9nmonoxid-bel\u00e9legz\u00e9st.","robots":{"index":"index","follow":"follow","max-snippet":"max-snippet:-1","max-image-preview":"max-image-preview:large","max-video-preview":"max-video-preview:-1"},"canonical":"https:\/\/www.welovecycling.com\/hu\/orszaguti-kerekpar\/itt-a-vege-az-orszaguti-versenybringasok-egyik-legvitatottabb-modszerenek\/","og_locale":"hu_HU","og_type":"article","og_title":"Itt a v\u00e9ge az orsz\u00e1g\u00fati versenybring\u00e1sok egyik legvitatottabb m\u00f3dszer\u00e9nek?","og_description":"Janu\u00e1r v\u00e9g\u00e9t\u0151l val\u00f3sz\u00edn\u0171leg hivatalosan is betiltj\u00e1k a sz\u00e9nmonoxid-bel\u00e9legz\u00e9st.","og_url":"https:\/\/www.welovecycling.com\/hu\/orszaguti-kerekpar\/itt-a-vege-az-orszaguti-versenybringasok-egyik-legvitatottabb-modszerenek\/","og_site_name":"\u0160koda We Love Cycling - Magyarorsz\u00e1g","article_publisher":"https:\/\/www.facebook.com\/WeLoveCyclingHungary\/","article_published_time":"2024-12-20T06:00:14+00:00","og_image":[{"width":1280,"height":720,"url":"https:\/\/d2p6e6u75xmxt8.cloudfront.net\/12\/2024\/12\/maxresdefault-1.webp","type":"image\/webp"}],"author":"hegyizs","twitter_card":"summary_large_image","twitter_misc":{"Written by":"WLC","Est. reading time":"4 minutes"},"schema":{"@context":"https:\/\/schema.org","@graph":[{"@type":"WebPage","@id":"https:\/\/www.welovecycling.com\/hu\/orszaguti-kerekpar\/itt-a-vege-az-orszaguti-versenybringasok-egyik-legvitatottabb-modszerenek\/","url":"https:\/\/www.welovecycling.com\/hu\/orszaguti-kerekpar\/itt-a-vege-az-orszaguti-versenybringasok-egyik-legvitatottabb-modszerenek\/","name":"Itt a v\u00e9ge az orsz\u00e1g\u00fati versenybring\u00e1sok egyik legvitatottabb m\u00f3dszer\u00e9nek?","isPartOf":{"@id":"https:\/\/www.welovecycling.com\/hu\/#website"},"primaryImageOfPage":{"@id":"https:\/\/www.welovecycling.com\/hu\/orszaguti-kerekpar\/itt-a-vege-az-orszaguti-versenybringasok-egyik-legvitatottabb-modszerenek\/#primaryimage"},"image":{"@id":"https:\/\/www.welovecycling.com\/hu\/orszaguti-kerekpar\/itt-a-vege-az-orszaguti-versenybringasok-egyik-legvitatottabb-modszerenek\/#primaryimage"},"thumbnailUrl":"https:\/\/d2p6e6u75xmxt8.cloudfront.net\/12\/2024\/12\/maxresdefault-1.webp","datePublished":"2024-12-20T06:00:14+00:00","author":{"@id":"https:\/\/www.welovecycling.com\/hu\/#\/schema\/person\/414a2aebf1801691a5320edb6468e194"},"description":"Janu\u00e1r v\u00e9g\u00e9t\u0151l val\u00f3sz\u00edn\u0171leg hivatalosan is betiltj\u00e1k a sz\u00e9nmonoxid-bel\u00e9legz\u00e9st.","breadcrumb":{"@id":"https:\/\/www.welovecycling.com\/hu\/orszaguti-kerekpar\/itt-a-vege-az-orszaguti-versenybringasok-egyik-legvitatottabb-modszerenek\/#breadcrumb"},"inLanguage":"hu","potentialAction":[{"@type":"ReadAction","target":["https:\/\/www.welovecycling.com\/hu\/orszaguti-kerekpar\/itt-a-vege-az-orszaguti-versenybringasok-egyik-legvitatottabb-modszerenek\/"]}]},{"@type":"ImageObject","inLanguage":"hu","@id":"https:\/\/www.welovecycling.com\/hu\/orszaguti-kerekpar\/itt-a-vege-az-orszaguti-versenybringasok-egyik-legvitatottabb-modszerenek\/#primaryimage","url":"https:\/\/d2p6e6u75xmxt8.cloudfront.net\/12\/2024\/12\/maxresdefault-1.webp","contentUrl":"https:\/\/d2p6e6u75xmxt8.cloudfront.net\/12\/2024\/12\/maxresdefault-1.webp","width":1280,"height":720},{"@type":"BreadcrumbList","@id":"https:\/\/www.welovecycling.com\/hu\/orszaguti-kerekpar\/itt-a-vege-az-orszaguti-versenybringasok-egyik-legvitatottabb-modszerenek\/#breadcrumb","itemListElement":[{"@type":"ListItem","position":1,"name":"Home","item":"https:\/\/www.welovecycling.com\/hu\/"},{"@type":"ListItem","position":2,"name":"Itt a v\u00e9ge az orsz\u00e1g\u00fati versenybring\u00e1sok egyik legvitatottabb m\u00f3dszer\u00e9nek?"}]},{"@type":"WebSite","@id":"https:\/\/www.welovecycling.com\/hu\/#website","url":"https:\/\/www.welovecycling.com\/hu\/","name":"\u0160koda We Love Cycling - Magyarorsz\u00e1g","description":"\u0160koda WeLoveCycling","potentialAction":[{"@type":"SearchAction","target":{"@type":"EntryPoint","urlTemplate":"https:\/\/www.welovecycling.com\/hu\/?s={search_term_string}"},"query-input":{"@type":"PropertyValueSpecification","valueRequired":true,"valueName":"search_term_string"}}],"inLanguage":"hu"},{"@type":"Person","@id":"https:\/\/www.welovecycling.com\/hu\/#\/schema\/person\/414a2aebf1801691a5320edb6468e194","name":"hegyizs","image":{"@type":"ImageObject","inLanguage":"hu","@id":"https:\/\/www.welovecycling.com\/hu\/#\/schema\/person\/image\/","url":"https:\/\/secure.gravatar.com\/avatar\/02cf8a7906b8cf90cecb4679defac7cfd33a1c2e3b88e4903d947f3bb58eedd3?s=96&d=mm&r=g","contentUrl":"https:\/\/secure.gravatar.com\/avatar\/02cf8a7906b8cf90cecb4679defac7cfd33a1c2e3b88e4903d947f3bb58eedd3?s=96&d=mm&r=g","caption":"hegyizs"},"url":"https:\/\/www.welovecycling.com\/hu\/author\/hegyizs\/"}]}},"_links":{"self":[{"href":"https:\/\/www.welovecycling.com\/hu\/wp-json\/wp\/v2\/posts\/18854","targetHints":{"allow":["GET"]}}],"collection":[{"href":"https:\/\/www.welovecycling.com\/hu\/wp-json\/wp\/v2\/posts"}],"about":[{"href":"https:\/\/www.welovecycling.com\/hu\/wp-json\/wp\/v2\/types\/post"}],"author":[{"embeddable":true,"href":"https:\/\/www.welovecycling.com\/hu\/wp-json\/wp\/v2\/users\/71"}],"replies":[{"embeddable":true,"href":"https:\/\/www.welovecycling.com\/hu\/wp-json\/wp\/v2\/comments?post=18854"}],"version-history":[{"count":1,"href":"https:\/\/www.welovecycling.com\/hu\/wp-json\/wp\/v2\/posts\/18854\/revisions"}],"predecessor-version":[{"id":18858,"href":"https:\/\/www.welovecycling.com\/hu\/wp-json\/wp\/v2\/posts\/18854\/revisions\/18858"}],"wp:featuredmedia":[{"embeddable":true,"href":"https:\/\/www.welovecycling.com\/hu\/wp-json\/wp\/v2\/media\/18857"}],"wp:attachment":[{"href":"https:\/\/www.welovecycling.com\/hu\/wp-json\/wp\/v2\/media?parent=18854"}],"wp:term":[{"taxonomy":"category","embeddable":true,"href":"https:\/\/www.welovecycling.com\/hu\/wp-json\/wp\/v2\/categories?post=18854"},{"taxonomy":"post_tag","embeddable":true,"href":"https:\/\/www.welovecycling.com\/hu\/wp-json\/wp\/v2\/tags?post=18854"},{"taxonomy":"global-categories","embeddable":true,"href":"https:\/\/www.welovecycling.com\/hu\/wp-json\/wp\/v2\/global-categories?post=18854"}],"curies":[{"name":"wp","href":"https:\/\/api.w.org\/{rel}","templated":true}]}}