{"id":18849,"date":"2024-12-24T08:00:41","date_gmt":"2024-12-24T06:00:41","guid":{"rendered":"https:\/\/www.welovecycling.com\/hu\/?p=18849"},"modified":"2024-12-19T17:17:18","modified_gmt":"2024-12-19T15:17:18","slug":"2024-evertekelo-a-noi-orszaguti-kerekparozas-legfontosabb-pillanatai","status":"publish","type":"post","link":"https:\/\/www.welovecycling.com\/hu\/orszaguti-kerekpar\/2024-evertekelo-a-noi-orszaguti-kerekparozas-legfontosabb-pillanatai\/","title":{"rendered":"2024 \u00e9v\u00e9rt\u00e9kel\u0151: A n\u0151i orsz\u00e1g\u00fati ker\u00e9kp\u00e1roz\u00e1s legfontosabb pillanatai"},"content":{"rendered":"<p><strong>Mit is mondhatn\u00e1nk, a 2024-es szezon elk\u00e9peszt\u0151 volt a n\u0151i ker\u00e9kp\u00e1rosok sz\u00e1m\u00e1ra \u2013 a sport\u00e1g \u00e9vr\u0151l \u00e9vre egyre izgalmasabb\u00e1 \u00e9s ismertebb\u00e9 v\u00e1lik, ez pedig remek h\u00edr! A rajong\u00f3k nem szenvedtek hi\u00e1nyt leny\u0171g\u00f6z\u0151 sportteljes\u00edtm\u00e9nyekben, meglep\u0151 eredm\u00e9nyekben \u00e9s a nemek k\u00f6z\u00f6tti egyenl\u0151s\u00e9g ir\u00e1ny\u00e1ba tett l\u00e9p\u00e9sekben sem. Olyan sok minden t\u00f6rt\u00e9nt, hogy k\u00f6nny\u0171 elfelejteni, mi zajlott le ak\u00e1r csak egy hete, nemhogy h\u00f3napokkal ezel\u0151tt!<\/strong><\/p>\n<p><!--more--><\/p>\n<p>Ahogy k\u00f6zeled\u00fcnk az \u00e9v v\u00e9g\u00e9hez, szeretn\u00e9nk megosztani a n\u0151i ker\u00e9kp\u00e1roz\u00e1s idei \u00e9v\u00e9nek legeml\u00e9kezetesebb pillanatait.<\/p>\n<h2><strong>Fordul\u00f3pont a n\u0151i mez\u0151ny sz\u00e1m\u00e1ra<\/strong><\/h2>\n<p>A p\u00e1rizsi olimpia sz\u00edvszor\u00edt\u00f3 pillanatait\u00f3l a Tour de France Femmes avec Zwift dr\u00e1mai verseny\u00e9ig 2024 a sport\u00e1g n\u00f6vekv\u0151 jelent\u0151s\u00e9g\u00e9re h\u00edvta fel a figyelmet. Az \u00e9v jelent\u0151s el\u0151rel\u00e9p\u00e9seket is hozott a nemek k\u00f6z\u00f6tti egyenl\u0151s\u00e9g ter\u00e9n, \u00e9s n\u00f6vekv\u0151 befektet\u00e9seket is az \u00faj tehets\u00e9gek t\u00e1mogat\u00e1s\u00e1ba vil\u00e1gszerte. Minden jel arra utal, hogy a sport\u00e1g t\u00f6rt\u00e9net\u00e9nek legmeghat\u00e1roz\u00f3bb korszak\u00e1ba l\u00e9pett.<\/p>\n<h2><strong>Olimpia P\u00e1rizsban: Bemutatkoztak a szt\u00e1rok<\/strong><\/h2>\n<p style=\"font-weight: 400;\">A 2024-es p\u00e1rizsi olimpia glob\u00e1lis teret adott arra, hogy megmutass\u00e1k a n\u0151i ker\u00e9kp\u00e1rosok, mire k\u00e9pesek. Leny\u0171g\u00f6z\u0151 teljes\u00edtm\u00e9ny\u00e9nek k\u00f6sz\u00f6nhet\u0151en Kristen Faulkner szerezte meg az orsz\u00e1g\u00fati versenyen. Faulkner t\u00e1mad\u00e1sa a C\u00f4te de la Butte Montmartre emelked\u0151j\u00e9n \u00e9s b\u00e1tor sz\u00f3l\u00f3befut\u00f3ja vil\u00e1gszerte elk\u00e1pr\u00e1ztatta a rajong\u00f3kat. A versenyen olyan legend\u00e1k el\u0151tt v\u00e9gzett, mint Marianne Vos (ez\u00fcst) \u00e9s Lotte Kopecky (bronz).<\/p>\n<figure id=\"attachment_18850\" aria-describedby=\"caption-attachment-18850\" style=\"width: 990px\" class=\"wp-caption alignnone\"><a href=\"https:\/\/d2p6e6u75xmxt8.cloudfront.net\/12\/2024\/12\/Kristen-Faulkner-Wiebes-Kopecky-Olympics-profimedia-0895988040-CVR.webp\"><img loading=\"lazy\" decoding=\"async\" class=\"wp-image-18850 size-full\" src=\"https:\/\/d2p6e6u75xmxt8.cloudfront.net\/12\/2024\/12\/Kristen-Faulkner-Wiebes-Kopecky-Olympics-profimedia-0895988040-CVR.webp\" alt=\"Olympics podium\" width=\"990\" height=\"660\" srcset=\"https:\/\/d2p6e6u75xmxt8.cloudfront.net\/12\/2024\/12\/Kristen-Faulkner-Wiebes-Kopecky-Olympics-profimedia-0895988040-CVR.webp 990w, https:\/\/d2p6e6u75xmxt8.cloudfront.net\/12\/2024\/12\/Kristen-Faulkner-Wiebes-Kopecky-Olympics-profimedia-0895988040-CVR-300x200.webp 300w, https:\/\/d2p6e6u75xmxt8.cloudfront.net\/12\/2024\/12\/Kristen-Faulkner-Wiebes-Kopecky-Olympics-profimedia-0895988040-CVR-768x512.webp 768w, https:\/\/d2p6e6u75xmxt8.cloudfront.net\/12\/2024\/12\/Kristen-Faulkner-Wiebes-Kopecky-Olympics-profimedia-0895988040-CVR-400x267.webp 400w, https:\/\/d2p6e6u75xmxt8.cloudfront.net\/12\/2024\/12\/Kristen-Faulkner-Wiebes-Kopecky-Olympics-profimedia-0895988040-CVR-272x182.webp 272w\" sizes=\"auto, (max-width: 990px) 100vw, 990px\" \/><\/a><figcaption id=\"caption-attachment-18850\" class=\"wp-caption-text\">Marianne Vos (B), Kristen Faulkner (K) \u00e9s Lotte Kopecky (J) P\u00e1rizs 2024 Olimpiai j\u00e1t\u00e9kok. \u00a9 Profimedia<\/figcaption><\/figure>\n<p style=\"font-weight: 400;\">Az id\u0151futamban pedig ism\u00e9t Grace Brown bizony\u00edtotta be dominanci\u00e1j\u00e1t: hatalmas el\u0151nnyel szerzett arany\u00e9rmet. Az olimpiai j\u00e1t\u00e9kok vil\u00e1gszerte kiemelt\u00e9k a tehets\u00e9geket, ide\u00e9rtve afrikai, \u00e1zsiai \u00e9s d\u00e9l-amerikai versenyz\u0151ket is, ezzel pedig tett egy l\u00e9p\u00e9st a sport\u00e1g az inkluzivit\u00e1s fel\u00e9.<\/p>\n<h2><strong>Tour de France Femmes avec Zwift: Niewiadoma v\u00e9gre az \u00e9len<\/strong><\/h2>\n<p>A 2024-es Tour de France Femmes avec Zwift dr\u00e1mai \u00e9s t\u00f6rt\u00e9nelmi jelent\u0151s\u00e9g\u0171 versenye Katarzyna Niewiadoma els\u0151 gy\u0151zelm\u00e9vel z\u00e1rult. Mind\u00f6ssze n\u00e9gy m\u00e1sodperccel el\u0151zte meg a c\u00edmv\u00e9d\u0151 Demi Volleringet! Niewiadoma gy\u0151zelme az utols\u00f3 szakaszon, az Alpe d\u2019Huez kimer\u00edt\u0151 emelked\u0151j\u00e9n v\u00e1lt biztoss\u00e1, ahol meg\u0151rizte el\u0151ny\u00e9t Vollering er\u0151s t\u00e1mad\u00e1sa ellen\u00e9re is. A lengyel versenyz\u0151 diadala k\u00fcl\u00f6n\u00f6sen \u00e9des volt a kor\u00e1bbi harmadik helyez\u00e9sek \u00e9s egy kih\u00edv\u00e1sokkal teli szezon ut\u00e1n.<\/p>\n<p>Ez a gy\u0151zelem nem csak szem\u00e9lyes m\u00e9rf\u00f6ldk\u0151 volt Niewiadoma sz\u00e1m\u00e1ra, de t\u00f6rt\u00e9nelmi eredm\u00e9ny a lengyel ker\u00e9kp\u00e1roz\u00e1sban is. M\u00e9lt\u00e1n b\u00edzhatnak benne a lengyel rajong\u00f3k, hogy az orsz\u00e1g legjobb n\u0151i ker\u00e9kp\u00e1ros\u00e1ra m\u00e9g eredm\u00e9nyek v\u00e1rnak.<\/p>\n<h2><strong>Tavaszi klasszikusok: Kopecky mindenek felett<\/strong><\/h2>\n<p>Lotte Kopecky uralta a tavaszi klasszikusokat, gy\u0151zelmet aratott a Strade Bianche Women, a Nokere Koerse Women \u00e9s a Paris-Roubaix Women versenyeken. Az emelked\u0151k\u00f6n \u00e9s a dombos terepen ny\u00fajtott agressz\u00edv versenyz\u00e9si st\u00edlusa ellenfelei sz\u00e1m\u00e1ra megoldhatatlan kih\u00edv\u00e1st jelentett.<\/p>\n<p>A szezon k\u00f6zep\u00e9re sz\u00e1mos gy\u0151zelemmel b\u00fcszk\u00e9lkedhetett, \u00e9s tov\u00e1bbra is remek form\u00e1ban versenyzett. Megnyerte a belga orsz\u00e1gos bajnoks\u00e1got, mind orsz\u00e1g\u00faton, mind az id\u0151futamon els\u0151 lett (imm\u00e1r negyedj\u00e9re), tov\u00e1bb er\u0151s\u00edtve st\u00e1tusz\u00e1t. A brit k\u00f6rversenyen megnyerte az els\u0151 k\u00e9t szakaszt, \u00e9s j\u00f3 form\u00e1ja eg\u00e9szen a Giro d\u2019Itali\u00e1ig megmaradt, ahol egy szakaszgy\u0151zelmet aratott \u00e9s \u00f6sszetettben m\u00e1sodik lett.<\/p>\n<h2><strong>Vil\u00e1gbajnoks\u00e1g: Kopecky \u00fajabb sikere<\/strong><\/h2>\n<p>A szezont olyan er\u0151teljesen z\u00e1rta, ahogy kezdte: Kopecky gy\u0151z\u00f6tt a Tour de Romandie-n \u00e9s megv\u00e9dte sziv\u00e1rv\u00e1nysz\u00edn\u0171 trik\u00f3j\u00e1t a z\u00fcrichi UCI orsz\u00e1g\u00fati vil\u00e1gbajnoks\u00e1gon, ezzel \u00fajabb vil\u00e1gbajnoki c\u00edmet szerzett. \u00dagy l\u00e1tszik, mindegy, hol indul, a klasszikusokon, bajnoks\u00e1gokon vagy szakaszversenyeken, mindenhol v\u00e1rja a dobog\u00f3.<\/p>\n<p>Az UCI vil\u00e1gbajnoks\u00e1g Z\u00fcrichben szint\u00e9n izgalmas versenyeket hozott, ahol Lotte Kopecky \u00fajra gy\u0151z\u00f6tt a n\u0151i orsz\u00e1g\u00fati versenyen. Az olimpiai arany\u00e9rmes Grace Brown pedig megnyerte az id\u0151futam vil\u00e1gbajnoki c\u00edm\u00e9t, ezzel f\u00e9nyesen z\u00e1rhatta a karrierj\u00e9t.<\/p>\n<h2><strong>Felt\u00f6rekv\u0151 csillagok: \u00edg\u00e9retes a j\u00f6v\u0151<\/strong><\/h2>\n<p>A 2024-es szezon sz\u00e1mos fiatal tehets\u00e9g felemelked\u00e9s\u00e9t mutatta be, akik tov\u00e1bb form\u00e1lhatj\u00e1k a n\u0151i ker\u00e9kp\u00e1roz\u00e1s j\u00f6v\u0151j\u00e9t. K\u00f6z\u00fcl\u00fck Marion Bunel emelkedett ki, aki mind\u00f6ssze 19 \u00e9vesen szerz\u0151d\u00f6tt a Team Visma | Lease a Bike Women csapat\u00e1hoz, miut\u00e1n \u00e1tt\u00f6r\u00e9st jelent\u0151 szezont z\u00e1rt, amelyet a Tour de l\u2019Avenir gy\u0151zelme koron\u00e1zott meg.<\/p>\n<p>A CANYON\/\/SRAM Racing mer\u00e9sz l\u00e9p\u00e9seket tett 2024-ben, el\u0151l\u00e9ptette Nastya Kolesav\u00e1t, \u00e9s szerz\u0151dtette a gravel szak\u00e1gban kiemelked\u0151 Rosa Kl\u00f6s\u00e9rt. Kolesava j\u00f3l szerepelt a Giro Toscana \u00e9s a Tour de l\u2019Ard\u00e9che versenyeken, bizony\u00edtva versenyintelligenci\u00e1j\u00e1t \u00e9s vezet\u0151i k\u00e9pess\u00e9geit. Kl\u00f6ser, aki a gravelr\u0151l v\u00e1ltott orsz\u00e1g\u00fati versenyz\u00e9sre, er\u0151t \u00e9s kitart\u00e1st hoz a csapatba.<\/p>\n<p>Tov\u00e1bbi fiatal tehets\u00e9gek t\u0171ntek fel m\u00e1s csapatokn\u00e1l is, k\u00f6zt\u00fck a 19 \u00e9ves Eilidh Shaw, aki a UAE Team ADQ -hoz csatlakozott a kiemelked\u0151 2023-as szezonja ut\u00e1n, mely sor\u00e1n dobog\u00f3s helyez\u00e9seket \u00e9s egy sk\u00f3t nemzeti bajnoki c\u00edmet szerzett. Ek\u00f6zben a belga tehets\u00e9g, Ella Heremans a dsm-firmenich PostNL csapat\u00e1hoz igazolt, \u00e9s ezzel bel\u00e9pett a Women\u2019s WorldTour mez\u0151ny\u00e9be.<\/p>\n<h2><strong>Egyenl\u0151s\u00e9g: el\u0151rel\u00e9p\u00e9sek \u00e9s kih\u00edv\u00e1sok<\/strong><\/h2>\n<p>2024 jelent\u0151s el\u0151rel\u00e9p\u00e9seket hozott a nemek k\u00f6z\u00f6tti egyenl\u0151s\u00e9g ter\u00e9n. A Tour de France Femmes avec Zwift \u00e9s a Giro Donne versenyek n\u00f6vekv\u0151 d\u00edjaz\u00e1sa \u00e9s k\u00f6zvet\u00edt\u00e9si ideje a f\u00e9rfiak\u00e9val k\u00f6zel azonos szintet \u00e9rt el, ez pedig a p\u00e9nz\u00fcgyi egyenl\u0151s\u00e9g fel\u00e9 tett l\u00e9p\u00e9seknek k\u00f6sz\u00f6nhet\u0151.<\/p>\n<p>Mindazon\u00e1ltal kih\u00edv\u00e1sok tov\u00e1bbra is fenn\u00e1llnak. Sok kisebb csapat \u00e9s versenyz\u0151 m\u00e9g mindig szponzori lehet\u0151s\u00e9gek hi\u00e1ny\u00e1val k\u00fczd, mik\u00f6zben a sport\u00e1gnak tov\u00e1bb kell b\u0151v\u00edtenie a lehet\u0151s\u00e9geket a nem eur\u00f3pai orsz\u00e1gokban is. Az UCI Women\u2019s WorldTour t\u00e1mogat\u00e1sai \u00e9s afrikai, valamint d\u00e9l-amerikai programjai rem\u00e9nyt adnak egy befogad\u00f3bb j\u00f6v\u0151re.<\/p>\n<h2><strong>2024 \u00f6r\u00f6ks\u00e9ge \u00e9s a j\u00f6v\u0151<\/strong><\/h2>\n<p>Visszan\u00e9zve 2024-re vil\u00e1gos, hogy a n\u0151i ker\u00e9kp\u00e1roz\u00e1s \u00e1talakul\u00f3 korszak\u00e1t \u00e9li. Rekordd\u00f6nt\u0151 teljes\u00edtm\u00e9nyek, glob\u00e1lis terjeszked\u00e9s \u00e9s az egyenl\u0151s\u00e9g ter\u00e9n el\u00e9rt halad\u00e1s mind egy f\u00e9nyesebb j\u00f6v\u0151 fel\u00e9 mutatnak.<\/p>\n<p style=\"font-weight: 400;\">A n\u00f6vekv\u0151 befektet\u00e9seknek \u00e9s l\u00e1that\u00f3s\u00e1gnak k\u00f6sz\u00f6nhet\u0151en v\u00e1rhat\u00f3, hogy a sport\u00e1g tov\u00e1bbra is egyre ismertebb, befogad\u00f3bb \u00e9s sikeresebb lesz. Alig v\u00e1rjuk, amit 2025 hoz sz\u00e1munkra!<\/p>\n","protected":false},"excerpt":{"rendered":"<p>Mit is mondhatn\u00e1nk, a 2024-es szezon elk\u00e9peszt\u0151 volt a n\u0151i ker\u00e9kp\u00e1rosok sz\u00e1m\u00e1ra \u2013 a sport\u00e1g \u00e9vr\u0151l \u00e9vre egyre izgalmasabb\u00e1 \u00e9s [&hellip;]<\/p>\n","protected":false},"author":71,"featured_media":18852,"comment_status":"open","ping_status":"open","sticky":false,"template":"","format":"standard","meta":{"footnotes":""},"categories":[8],"tags":[],"global-categories":[],"class_list":["post-18849","post","type-post","status-publish","format-standard","has-post-thumbnail","hentry","category-orszaguti-kerekpar"],"yoast_head":"<!-- This site is optimized with the Yoast SEO Premium plugin v25.3 (Yoast SEO v25.9) - https:\/\/yoast.com\/wordpress\/plugins\/seo\/ -->\n<title>2024 \u00e9v\u00e9rt\u00e9kel\u0151: A n\u0151i orsz\u00e1g\u00fati ker\u00e9kp\u00e1roz\u00e1s legfontosabb pillanatai<\/title>\n<meta name=\"description\" content=\"Mit is mondhatn\u00e1nk, a 2024-es szezon elk\u00e9peszt\u0151 volt a n\u0151i ker\u00e9kp\u00e1rosok sz\u00e1m\u00e1ra \u2013 a sport\u00e1g \u00e9vr\u0151l \u00e9vre egyre izgalmasabb\u00e1 \u00e9s ismertebb\u00e9 v\u00e1lik, ez pedig remek h\u00edr!\" \/>\n<meta name=\"robots\" content=\"index, follow, max-snippet:-1, max-image-preview:large, max-video-preview:-1\" \/>\n<link rel=\"canonical\" href=\"https:\/\/www.welovecycling.com\/hu\/orszaguti-kerekpar\/2024-evertekelo-a-noi-orszaguti-kerekparozas-legfontosabb-pillanatai\/\" \/>\n<meta property=\"og:locale\" content=\"hu_HU\" \/>\n<meta property=\"og:type\" content=\"article\" \/>\n<meta property=\"og:title\" content=\"2024 \u00e9v\u00e9rt\u00e9kel\u0151: A n\u0151i orsz\u00e1g\u00fati ker\u00e9kp\u00e1roz\u00e1s legfontosabb pillanatai\" \/>\n<meta property=\"og:description\" content=\"Mit is mondhatn\u00e1nk, a 2024-es szezon elk\u00e9peszt\u0151 volt a n\u0151i ker\u00e9kp\u00e1rosok sz\u00e1m\u00e1ra \u2013 a sport\u00e1g \u00e9vr\u0151l \u00e9vre egyre izgalmasabb\u00e1 \u00e9s ismertebb\u00e9 v\u00e1lik, ez pedig remek h\u00edr!\" \/>\n<meta property=\"og:url\" content=\"https:\/\/www.welovecycling.com\/hu\/orszaguti-kerekpar\/2024-evertekelo-a-noi-orszaguti-kerekparozas-legfontosabb-pillanatai\/\" \/>\n<meta property=\"og:site_name\" content=\"\u0160koda We Love Cycling - Magyarorsz\u00e1g\" \/>\n<meta property=\"article:publisher\" content=\"https:\/\/www.facebook.com\/WeLoveCyclingHungary\/\" \/>\n<meta property=\"article:published_time\" content=\"2024-12-24T06:00:41+00:00\" \/>\n<meta property=\"og:image\" content=\"https:\/\/d2p6e6u75xmxt8.cloudfront.net\/12\/2024\/12\/Tour-de-France-Femmes-Peloton-profimedia-0898623464-CVR.webp\" \/>\n\t<meta property=\"og:image:width\" content=\"990\" \/>\n\t<meta property=\"og:image:height\" content=\"660\" \/>\n\t<meta property=\"og:image:type\" content=\"image\/webp\" \/>\n<meta name=\"author\" content=\"hegyizs\" \/>\n<meta name=\"twitter:card\" content=\"summary_large_image\" \/>\n<meta name=\"twitter:label1\" content=\"Written by\" \/>\n\t<meta name=\"twitter:data1\" content=\"Megan Flottorp\" \/>\n\t<meta name=\"twitter:label2\" content=\"Est. reading time\" \/>\n\t<meta name=\"twitter:data2\" content=\"4\" \/>\n<script type=\"application\/ld+json\" class=\"yoast-schema-graph\">{\"@context\":\"https:\/\/schema.org\",\"@graph\":[{\"@type\":\"WebPage\",\"@id\":\"https:\/\/www.welovecycling.com\/hu\/orszaguti-kerekpar\/2024-evertekelo-a-noi-orszaguti-kerekparozas-legfontosabb-pillanatai\/\",\"url\":\"https:\/\/www.welovecycling.com\/hu\/orszaguti-kerekpar\/2024-evertekelo-a-noi-orszaguti-kerekparozas-legfontosabb-pillanatai\/\",\"name\":\"2024 \u00e9v\u00e9rt\u00e9kel\u0151: A n\u0151i orsz\u00e1g\u00fati ker\u00e9kp\u00e1roz\u00e1s legfontosabb pillanatai\",\"isPartOf\":{\"@id\":\"https:\/\/www.welovecycling.com\/hu\/#website\"},\"primaryImageOfPage\":{\"@id\":\"https:\/\/www.welovecycling.com\/hu\/orszaguti-kerekpar\/2024-evertekelo-a-noi-orszaguti-kerekparozas-legfontosabb-pillanatai\/#primaryimage\"},\"image\":{\"@id\":\"https:\/\/www.welovecycling.com\/hu\/orszaguti-kerekpar\/2024-evertekelo-a-noi-orszaguti-kerekparozas-legfontosabb-pillanatai\/#primaryimage\"},\"thumbnailUrl\":\"https:\/\/d2p6e6u75xmxt8.cloudfront.net\/12\/2024\/12\/Tour-de-France-Femmes-Peloton-profimedia-0898623464-CVR.webp\",\"datePublished\":\"2024-12-24T06:00:41+00:00\",\"author\":{\"@id\":\"https:\/\/www.welovecycling.com\/hu\/#\/schema\/person\/414a2aebf1801691a5320edb6468e194\"},\"description\":\"Mit is mondhatn\u00e1nk, a 2024-es szezon elk\u00e9peszt\u0151 volt a n\u0151i ker\u00e9kp\u00e1rosok sz\u00e1m\u00e1ra \u2013 a sport\u00e1g \u00e9vr\u0151l \u00e9vre egyre izgalmasabb\u00e1 \u00e9s ismertebb\u00e9 v\u00e1lik, ez pedig remek h\u00edr!\",\"breadcrumb\":{\"@id\":\"https:\/\/www.welovecycling.com\/hu\/orszaguti-kerekpar\/2024-evertekelo-a-noi-orszaguti-kerekparozas-legfontosabb-pillanatai\/#breadcrumb\"},\"inLanguage\":\"hu\",\"potentialAction\":[{\"@type\":\"ReadAction\",\"target\":[\"https:\/\/www.welovecycling.com\/hu\/orszaguti-kerekpar\/2024-evertekelo-a-noi-orszaguti-kerekparozas-legfontosabb-pillanatai\/\"]}]},{\"@type\":\"ImageObject\",\"inLanguage\":\"hu\",\"@id\":\"https:\/\/www.welovecycling.com\/hu\/orszaguti-kerekpar\/2024-evertekelo-a-noi-orszaguti-kerekparozas-legfontosabb-pillanatai\/#primaryimage\",\"url\":\"https:\/\/d2p6e6u75xmxt8.cloudfront.net\/12\/2024\/12\/Tour-de-France-Femmes-Peloton-profimedia-0898623464-CVR.webp\",\"contentUrl\":\"https:\/\/d2p6e6u75xmxt8.cloudfront.net\/12\/2024\/12\/Tour-de-France-Femmes-Peloton-profimedia-0898623464-CVR.webp\",\"width\":990,\"height\":660,\"caption\":\"Tour de France Femmes\"},{\"@type\":\"BreadcrumbList\",\"@id\":\"https:\/\/www.welovecycling.com\/hu\/orszaguti-kerekpar\/2024-evertekelo-a-noi-orszaguti-kerekparozas-legfontosabb-pillanatai\/#breadcrumb\",\"itemListElement\":[{\"@type\":\"ListItem\",\"position\":1,\"name\":\"Home\",\"item\":\"https:\/\/www.welovecycling.com\/hu\/\"},{\"@type\":\"ListItem\",\"position\":2,\"name\":\"2024 \u00e9v\u00e9rt\u00e9kel\u0151: A n\u0151i orsz\u00e1g\u00fati ker\u00e9kp\u00e1roz\u00e1s legfontosabb pillanatai\"}]},{\"@type\":\"WebSite\",\"@id\":\"https:\/\/www.welovecycling.com\/hu\/#website\",\"url\":\"https:\/\/www.welovecycling.com\/hu\/\",\"name\":\"\u0160koda We Love Cycling - Magyarorsz\u00e1g\",\"description\":\"\u0160koda WeLoveCycling\",\"potentialAction\":[{\"@type\":\"SearchAction\",\"target\":{\"@type\":\"EntryPoint\",\"urlTemplate\":\"https:\/\/www.welovecycling.com\/hu\/?s={search_term_string}\"},\"query-input\":{\"@type\":\"PropertyValueSpecification\",\"valueRequired\":true,\"valueName\":\"search_term_string\"}}],\"inLanguage\":\"hu\"},{\"@type\":\"Person\",\"@id\":\"https:\/\/www.welovecycling.com\/hu\/#\/schema\/person\/414a2aebf1801691a5320edb6468e194\",\"name\":\"hegyizs\",\"image\":{\"@type\":\"ImageObject\",\"inLanguage\":\"hu\",\"@id\":\"https:\/\/www.welovecycling.com\/hu\/#\/schema\/person\/image\/\",\"url\":\"https:\/\/secure.gravatar.com\/avatar\/02cf8a7906b8cf90cecb4679defac7cfd33a1c2e3b88e4903d947f3bb58eedd3?s=96&d=mm&r=g\",\"contentUrl\":\"https:\/\/secure.gravatar.com\/avatar\/02cf8a7906b8cf90cecb4679defac7cfd33a1c2e3b88e4903d947f3bb58eedd3?s=96&d=mm&r=g\",\"caption\":\"hegyizs\"},\"url\":\"https:\/\/www.welovecycling.com\/hu\/author\/hegyizs\/\"}]}<\/script>\n<!-- \/ Yoast SEO Premium plugin. -->","yoast_head_json":{"title":"2024 \u00e9v\u00e9rt\u00e9kel\u0151: A n\u0151i orsz\u00e1g\u00fati ker\u00e9kp\u00e1roz\u00e1s legfontosabb pillanatai","description":"Mit is mondhatn\u00e1nk, a 2024-es szezon elk\u00e9peszt\u0151 volt a n\u0151i ker\u00e9kp\u00e1rosok sz\u00e1m\u00e1ra \u2013 a sport\u00e1g \u00e9vr\u0151l \u00e9vre egyre izgalmasabb\u00e1 \u00e9s ismertebb\u00e9 v\u00e1lik, ez pedig remek h\u00edr!","robots":{"index":"index","follow":"follow","max-snippet":"max-snippet:-1","max-image-preview":"max-image-preview:large","max-video-preview":"max-video-preview:-1"},"canonical":"https:\/\/www.welovecycling.com\/hu\/orszaguti-kerekpar\/2024-evertekelo-a-noi-orszaguti-kerekparozas-legfontosabb-pillanatai\/","og_locale":"hu_HU","og_type":"article","og_title":"2024 \u00e9v\u00e9rt\u00e9kel\u0151: A n\u0151i orsz\u00e1g\u00fati ker\u00e9kp\u00e1roz\u00e1s legfontosabb pillanatai","og_description":"Mit is mondhatn\u00e1nk, a 2024-es szezon elk\u00e9peszt\u0151 volt a n\u0151i ker\u00e9kp\u00e1rosok sz\u00e1m\u00e1ra \u2013 a sport\u00e1g \u00e9vr\u0151l \u00e9vre egyre izgalmasabb\u00e1 \u00e9s ismertebb\u00e9 v\u00e1lik, ez pedig remek h\u00edr!","og_url":"https:\/\/www.welovecycling.com\/hu\/orszaguti-kerekpar\/2024-evertekelo-a-noi-orszaguti-kerekparozas-legfontosabb-pillanatai\/","og_site_name":"\u0160koda We Love Cycling - Magyarorsz\u00e1g","article_publisher":"https:\/\/www.facebook.com\/WeLoveCyclingHungary\/","article_published_time":"2024-12-24T06:00:41+00:00","og_image":[{"width":990,"height":660,"url":"https:\/\/d2p6e6u75xmxt8.cloudfront.net\/12\/2024\/12\/Tour-de-France-Femmes-Peloton-profimedia-0898623464-CVR.webp","type":"image\/webp"}],"author":"hegyizs","twitter_card":"summary_large_image","twitter_misc":{"Written by":"Megan Flottorp","Est. reading time":"4"},"schema":{"@context":"https:\/\/schema.org","@graph":[{"@type":"WebPage","@id":"https:\/\/www.welovecycling.com\/hu\/orszaguti-kerekpar\/2024-evertekelo-a-noi-orszaguti-kerekparozas-legfontosabb-pillanatai\/","url":"https:\/\/www.welovecycling.com\/hu\/orszaguti-kerekpar\/2024-evertekelo-a-noi-orszaguti-kerekparozas-legfontosabb-pillanatai\/","name":"2024 \u00e9v\u00e9rt\u00e9kel\u0151: A n\u0151i orsz\u00e1g\u00fati ker\u00e9kp\u00e1roz\u00e1s legfontosabb pillanatai","isPartOf":{"@id":"https:\/\/www.welovecycling.com\/hu\/#website"},"primaryImageOfPage":{"@id":"https:\/\/www.welovecycling.com\/hu\/orszaguti-kerekpar\/2024-evertekelo-a-noi-orszaguti-kerekparozas-legfontosabb-pillanatai\/#primaryimage"},"image":{"@id":"https:\/\/www.welovecycling.com\/hu\/orszaguti-kerekpar\/2024-evertekelo-a-noi-orszaguti-kerekparozas-legfontosabb-pillanatai\/#primaryimage"},"thumbnailUrl":"https:\/\/d2p6e6u75xmxt8.cloudfront.net\/12\/2024\/12\/Tour-de-France-Femmes-Peloton-profimedia-0898623464-CVR.webp","datePublished":"2024-12-24T06:00:41+00:00","author":{"@id":"https:\/\/www.welovecycling.com\/hu\/#\/schema\/person\/414a2aebf1801691a5320edb6468e194"},"description":"Mit is mondhatn\u00e1nk, a 2024-es szezon elk\u00e9peszt\u0151 volt a n\u0151i ker\u00e9kp\u00e1rosok sz\u00e1m\u00e1ra \u2013 a sport\u00e1g \u00e9vr\u0151l \u00e9vre egyre izgalmasabb\u00e1 \u00e9s ismertebb\u00e9 v\u00e1lik, ez pedig remek h\u00edr!","breadcrumb":{"@id":"https:\/\/www.welovecycling.com\/hu\/orszaguti-kerekpar\/2024-evertekelo-a-noi-orszaguti-kerekparozas-legfontosabb-pillanatai\/#breadcrumb"},"inLanguage":"hu","potentialAction":[{"@type":"ReadAction","target":["https:\/\/www.welovecycling.com\/hu\/orszaguti-kerekpar\/2024-evertekelo-a-noi-orszaguti-kerekparozas-legfontosabb-pillanatai\/"]}]},{"@type":"ImageObject","inLanguage":"hu","@id":"https:\/\/www.welovecycling.com\/hu\/orszaguti-kerekpar\/2024-evertekelo-a-noi-orszaguti-kerekparozas-legfontosabb-pillanatai\/#primaryimage","url":"https:\/\/d2p6e6u75xmxt8.cloudfront.net\/12\/2024\/12\/Tour-de-France-Femmes-Peloton-profimedia-0898623464-CVR.webp","contentUrl":"https:\/\/d2p6e6u75xmxt8.cloudfront.net\/12\/2024\/12\/Tour-de-France-Femmes-Peloton-profimedia-0898623464-CVR.webp","width":990,"height":660,"caption":"Tour de France Femmes"},{"@type":"BreadcrumbList","@id":"https:\/\/www.welovecycling.com\/hu\/orszaguti-kerekpar\/2024-evertekelo-a-noi-orszaguti-kerekparozas-legfontosabb-pillanatai\/#breadcrumb","itemListElement":[{"@type":"ListItem","position":1,"name":"Home","item":"https:\/\/www.welovecycling.com\/hu\/"},{"@type":"ListItem","position":2,"name":"2024 \u00e9v\u00e9rt\u00e9kel\u0151: A n\u0151i orsz\u00e1g\u00fati ker\u00e9kp\u00e1roz\u00e1s legfontosabb pillanatai"}]},{"@type":"WebSite","@id":"https:\/\/www.welovecycling.com\/hu\/#website","url":"https:\/\/www.welovecycling.com\/hu\/","name":"\u0160koda We Love Cycling - Magyarorsz\u00e1g","description":"\u0160koda WeLoveCycling","potentialAction":[{"@type":"SearchAction","target":{"@type":"EntryPoint","urlTemplate":"https:\/\/www.welovecycling.com\/hu\/?s={search_term_string}"},"query-input":{"@type":"PropertyValueSpecification","valueRequired":true,"valueName":"search_term_string"}}],"inLanguage":"hu"},{"@type":"Person","@id":"https:\/\/www.welovecycling.com\/hu\/#\/schema\/person\/414a2aebf1801691a5320edb6468e194","name":"hegyizs","image":{"@type":"ImageObject","inLanguage":"hu","@id":"https:\/\/www.welovecycling.com\/hu\/#\/schema\/person\/image\/","url":"https:\/\/secure.gravatar.com\/avatar\/02cf8a7906b8cf90cecb4679defac7cfd33a1c2e3b88e4903d947f3bb58eedd3?s=96&d=mm&r=g","contentUrl":"https:\/\/secure.gravatar.com\/avatar\/02cf8a7906b8cf90cecb4679defac7cfd33a1c2e3b88e4903d947f3bb58eedd3?s=96&d=mm&r=g","caption":"hegyizs"},"url":"https:\/\/www.welovecycling.com\/hu\/author\/hegyizs\/"}]}},"_links":{"self":[{"href":"https:\/\/www.welovecycling.com\/hu\/wp-json\/wp\/v2\/posts\/18849","targetHints":{"allow":["GET"]}}],"collection":[{"href":"https:\/\/www.welovecycling.com\/hu\/wp-json\/wp\/v2\/posts"}],"about":[{"href":"https:\/\/www.welovecycling.com\/hu\/wp-json\/wp\/v2\/types\/post"}],"author":[{"embeddable":true,"href":"https:\/\/www.welovecycling.com\/hu\/wp-json\/wp\/v2\/users\/71"}],"replies":[{"embeddable":true,"href":"https:\/\/www.welovecycling.com\/hu\/wp-json\/wp\/v2\/comments?post=18849"}],"version-history":[{"count":2,"href":"https:\/\/www.welovecycling.com\/hu\/wp-json\/wp\/v2\/posts\/18849\/revisions"}],"predecessor-version":[{"id":18853,"href":"https:\/\/www.welovecycling.com\/hu\/wp-json\/wp\/v2\/posts\/18849\/revisions\/18853"}],"wp:featuredmedia":[{"embeddable":true,"href":"https:\/\/www.welovecycling.com\/hu\/wp-json\/wp\/v2\/media\/18852"}],"wp:attachment":[{"href":"https:\/\/www.welovecycling.com\/hu\/wp-json\/wp\/v2\/media?parent=18849"}],"wp:term":[{"taxonomy":"category","embeddable":true,"href":"https:\/\/www.welovecycling.com\/hu\/wp-json\/wp\/v2\/categories?post=18849"},{"taxonomy":"post_tag","embeddable":true,"href":"https:\/\/www.welovecycling.com\/hu\/wp-json\/wp\/v2\/tags?post=18849"},{"taxonomy":"global-categories","embeddable":true,"href":"https:\/\/www.welovecycling.com\/hu\/wp-json\/wp\/v2\/global-categories?post=18849"}],"curies":[{"name":"wp","href":"https:\/\/api.w.org\/{rel}","templated":true}]}}