{"id":18844,"date":"2024-12-09T12:02:47","date_gmt":"2024-12-09T10:02:47","guid":{"rendered":""},"modified":"2024-12-09T12:02:47","modified_gmt":"2024-12-09T10:02:47","slug":"megsem-marad-az-ineosnal-kiscsapatnal-epitheti-fel-magat-tom-pidcock","status":"publish","type":"post","link":"https:\/\/www.welovecycling.com\/hu\/orszaguti-kerekpar\/megsem-marad-az-ineosnal-kiscsapatnal-epitheti-fel-magat-tom-pidcock\/","title":{"rendered":"M\u00e9gsem marad az Ineosn\u00e1l, kiscsapatn\u00e1l \u00e9p\u00edtheti fel mag\u00e1t Tom Pidcock"},"content":{"rendered":"<p><strong>V\u00e9get \u00e9rt az elm\u00falt hetek-h\u00f3napok legnagyobb bring\u00e1s sag\u00e1ja, v\u00e9g\u00fcl a \u201em\u00e1sodvonalban\u201d szerepl\u0151 Q36.5 ist\u00e1ll\u00f3j\u00e1n\u00e1l folytatja a sokoldal\u00fa brit klasszis. <\/strong><!--more--><\/p>\n<p>Noha <a href=\"https:\/\/www.welovecycling.com\/hu\/orszaguti-kerekpar\/kaosz-az-egykori-szupercsapatnal-egyenesbe-jon-e-az-ineos-2025-ben\/\">novemberben m\u00e9g \u00fagy t\u0171nt<\/a>, ha nagy nehezen is, de v\u00e9g\u00fcl csak d\u0171l\u0151re jutnak a felek, \u00e9s Tom Pidcock marad a brit gig\u00e1sz Ineos Grenadiersn\u00e9l \u2013 erre utaltak a tapogat\u00f3z\u00f3 nyilatkozatok \u00e9s az is, hogy r\u00e9szt vett a csapat novemberi, manchesteri edz\u0151t\u00e1bor\u00e1ban \u2013, amikor m\u00e1r kis\u00fctni l\u00e1tszott a nap, der\u00fclt \u00e9gb\u0151l j\u00f6tt a vill\u00e1mcsap\u00e1s. Az Ineos a m\u00falt h\u00e9ten maga ment a dolgok el\u00e9be, \u00e9s a pozit\u00edvabb hangv\u00e9tel\u0171 interj\u00fak ut\u00e1n kiss\u00e9 v\u00e1ratlanul hivatalos k\u00f6zlem\u00e9nyben jelentette be, hogy Pidcock az \u00e9v v\u00e9g\u00e9n elhagyja az egy\u00fcttest.<\/p>\n<figure id=\"attachment_18845\" aria-describedby=\"caption-attachment-18845\" style=\"width: 1024px\" class=\"wp-caption alignnone\"><img loading=\"lazy\" decoding=\"async\" class=\"size-large wp-image-18845\" src=\"https:\/\/d2p6e6u75xmxt8.cloudfront.net\/12\/2024\/12\/3959735-80389408-2560-1440-1024x576.webp\" alt=\"\" width=\"1024\" height=\"576\" srcset=\"https:\/\/d2p6e6u75xmxt8.cloudfront.net\/12\/2024\/12\/3959735-80389408-2560-1440-1024x576.webp 1024w, https:\/\/d2p6e6u75xmxt8.cloudfront.net\/12\/2024\/12\/3959735-80389408-2560-1440-300x169.webp 300w, https:\/\/d2p6e6u75xmxt8.cloudfront.net\/12\/2024\/12\/3959735-80389408-2560-1440-768x432.webp 768w, https:\/\/d2p6e6u75xmxt8.cloudfront.net\/12\/2024\/12\/3959735-80389408-2560-1440-1536x864.webp 1536w, https:\/\/d2p6e6u75xmxt8.cloudfront.net\/12\/2024\/12\/3959735-80389408-2560-1440-2048x1152.webp 2048w, https:\/\/d2p6e6u75xmxt8.cloudfront.net\/12\/2024\/12\/3959735-80389408-2560-1440-1920x1080.webp 1920w, https:\/\/d2p6e6u75xmxt8.cloudfront.net\/12\/2024\/12\/3959735-80389408-2560-1440-400x225.webp 400w, https:\/\/d2p6e6u75xmxt8.cloudfront.net\/12\/2024\/12\/3959735-80389408-2560-1440-1920x1080.webp 1920w\" sizes=\"auto, (max-width: 1024px) 100vw, 1024px\" \/><figcaption id=\"caption-attachment-18845\" class=\"wp-caption-text\">Tom Pidcock b\u00facs\u00fat int az Ineosnak (fot\u00f3: Getty)<\/figcaption><\/figure>\n<p>Hogy pontosan mi t\u00f6rt\u00e9nt, s az \u00f3vatos k\u00f6zeled\u00e9s ut\u00e1n hogyan v\u00e1lt el hirtelen v\u00e9g\u00e9rv\u00e9nyesen a felek \u00fatja, nem tudni, de az biztos, hogy Doug Ryder, a Q36.5 csapat menedzsere a h\u00e1tt\u00e9rben m\u00e1r r\u00e9gebb \u00f3ta l\u00e1zasan dolgozott Pidcock odacs\u00e1b\u00edt\u00e1s\u00e1n \u00e9s leigazol\u00e1s\u00e1n \u2013 v\u00e9g\u00fcl is sikerrel. A Pidcock t\u00e1voz\u00e1s\u00e1r\u00f3l sz\u00f3l\u00f3 bejelent\u00e9sek \u00e9s az ilyenkor lefutott k\u00f6telez\u0151 udvariass\u00e1gi b\u00facs\u00fak\u00f6r\u00f6k ut\u00e1n nem sokkal ugyanis a sv\u00e1jci ist\u00e1ll\u00f3 is hivatalos bejelent\u00e9st tett, melyben \u00fcdv\u00f6zli Pidcockot \u00e9s v\u00e1rja a k\u00f6z\u00f6s munk\u00e1t. A mountain bike-ban imm\u00e1r k\u00e9tszeres olimpiai bajnok, Amstel Gold- \u00e9s Strade Bianche-gy\u0151ztes Pidcock maga \u00fagy reag\u00e1lt a csapatv\u00e1lt\u00e1sra, hogy rengeteg sz\u00e9p eml\u00e9ket szerzett az Ineosn\u00e1l, amelyek \u00e9lete v\u00e9g\u00e9ig vele maradnak, de \u201eha egy ajt\u00f3 bez\u00e1rul, kiny\u00edlik egy m\u00e1sik\u201d. Az \u00faj kih\u00edv\u00e1sokkal kapcsolatban pedig \u00edgy fogalmazott: \u201eEgy olyan csapathoz csatlakozni, amely hisz bennem, \u00e9s osztja a sikerrel kapcsolatos v\u00edzi\u00f3imat, egy hihetetlen\u00fcl fontos l\u00e9p\u00e9s a karrieremben\u201d. Term\u00e9szetesen a Q36.5 is vil\u00e1gg\u00e1 k\u00fcrt\u00f6lte boldogs\u00e1g\u00e1t, mint \u00edrt\u00e1k, megtiszteltet\u00e9s sz\u00e1mukra, hogy n\u00e1luk folytatja Pidcock, aki a szenved\u00e9ly\u00e9t, amb\u00edci\u00f3j\u00e1t \u00e9s vil\u00e1gklasszis tehets\u00e9g\u00e9t hozza majd az egy\u00fcttesbe, sokoldal\u00fas\u00e1ga pedig a t\u00f6k\u00e9letes eszk\u00f6z arra, hogy az ist\u00e1ll\u00f3 is tov\u00e1bb fejl\u0151dj\u00f6n. Erre Pidcock \u00e9rkez\u00e9s\u00e9vel minden es\u00e9lye meg is lesz a Q36.5-nek: a csapat m\u00f6g\u00f6tt \u00e1ll\u00f3 milli\u00e1rdos, Ivan Glasenberg val\u00f3sz\u00edn\u0171leg m\u00e9g t\u00f6bbet inveszt\u00e1l majd az egy\u00fcttesbe, mik\u00f6zben egy ekkora szt\u00e1r \u00e9rkez\u00e9s\u00e9vel jelent\u0151sen n\u0151nek majd az es\u00e9lyeik arra, hogy a nagy h\u00e1romhetesekre is szabadk\u00e1rty\u00e1s indul\u00e1si jogot kapjanak. Az Ineos ezzel szemben tov\u00e1bb apr\u00f3z\u00f3dik: f\u00fcggetlen\u00fcl att\u00f3l, hogy megpr\u00f3b\u00e1lj\u00e1k-e majd p\u00f3tolni Pidcockot valami hasonl\u00f3 kaliber\u0171 versenyz\u0151vel, a brit nagycsapatn\u00e1l egyre l\u00e1tv\u00e1nyosabb a v\u00e1ls\u00e1g\u2026<\/p>\n<p><img loading=\"lazy\" decoding=\"async\" class=\"alignnone size-large wp-image-18846\" src=\"https:\/\/d2p6e6u75xmxt8.cloudfront.net\/12\/2024\/12\/maxresdefault-1024x576.webp\" alt=\"\" width=\"1024\" height=\"576\" srcset=\"https:\/\/d2p6e6u75xmxt8.cloudfront.net\/12\/2024\/12\/maxresdefault-1024x576.webp 1024w, https:\/\/d2p6e6u75xmxt8.cloudfront.net\/12\/2024\/12\/maxresdefault-300x169.webp 300w, https:\/\/d2p6e6u75xmxt8.cloudfront.net\/12\/2024\/12\/maxresdefault-768x432.webp 768w, https:\/\/d2p6e6u75xmxt8.cloudfront.net\/12\/2024\/12\/maxresdefault-400x225.webp 400w, https:\/\/d2p6e6u75xmxt8.cloudfront.net\/12\/2024\/12\/maxresdefault.webp 1280w\" sizes=\"auto, (max-width: 1024px) 100vw, 1024px\" \/><\/p>\n<p><em>Bor\u00edt\u00f3k\u00e9p: \u00a0Zac Williams\/SWpix.com<\/em><\/p>\n","protected":false},"excerpt":{"rendered":"<p>V\u00e9get \u00e9rt az elm\u00falt hetek-h\u00f3napok legnagyobb bring\u00e1s sag\u00e1ja, v\u00e9g\u00fcl a \u201em\u00e1sodvonalban\u201d szerepl\u0151 Q36.5 ist\u00e1ll\u00f3j\u00e1n\u00e1l folytatja a sokoldal\u00fa brit klasszis.<\/p>\n","protected":false},"author":71,"featured_media":18847,"comment_status":"open","ping_status":"open","sticky":false,"template":"","format":"standard","meta":{"footnotes":""},"categories":[8],"tags":[],"global-categories":[419],"class_list":["post-18844","post","type-post","status-publish","format-standard","has-post-thumbnail","hentry","category-orszaguti-kerekpar","global-categories-cycling"],"yoast_head":"<!-- This site is optimized with the Yoast SEO Premium plugin v25.3 (Yoast SEO v25.9) - https:\/\/yoast.com\/wordpress\/plugins\/seo\/ -->\n<title>M\u00e9gsem marad az Ineosn\u00e1l, kiscsapatn\u00e1l \u00e9p\u00edtheti fel mag\u00e1t Tom Pidcock<\/title>\n<meta name=\"description\" content=\"V\u00e9get \u00e9rt az elm\u00falt hetek-h\u00f3napok legnagyobb bring\u00e1s sag\u00e1ja, v\u00e9g\u00fcl a \u201em\u00e1sodvonalban\u201d szerepl\u0151 Q36.5 ist\u00e1ll\u00f3j\u00e1n\u00e1l folytatja a sokoldal\u00fa brit klasszis.\" \/>\n<meta name=\"robots\" content=\"index, follow, max-snippet:-1, max-image-preview:large, max-video-preview:-1\" \/>\n<link rel=\"canonical\" href=\"https:\/\/www.welovecycling.com\/hu\/orszaguti-kerekpar\/megsem-marad-az-ineosnal-kiscsapatnal-epitheti-fel-magat-tom-pidcock\/\" \/>\n<meta property=\"og:locale\" content=\"hu_HU\" \/>\n<meta property=\"og:type\" content=\"article\" \/>\n<meta property=\"og:title\" content=\"M\u00e9gsem marad az Ineosn\u00e1l, kiscsapatn\u00e1l \u00e9p\u00edtheti fel mag\u00e1t Tom Pidcock\" \/>\n<meta property=\"og:description\" content=\"V\u00e9get \u00e9rt az elm\u00falt hetek-h\u00f3napok legnagyobb bring\u00e1s sag\u00e1ja, v\u00e9g\u00fcl a \u201em\u00e1sodvonalban\u201d szerepl\u0151 Q36.5 ist\u00e1ll\u00f3j\u00e1n\u00e1l folytatja a sokoldal\u00fa brit klasszis.\" \/>\n<meta property=\"og:url\" content=\"https:\/\/www.welovecycling.com\/hu\/orszaguti-kerekpar\/megsem-marad-az-ineosnal-kiscsapatnal-epitheti-fel-magat-tom-pidcock\/\" \/>\n<meta property=\"og:site_name\" content=\"\u0160koda We Love Cycling - Magyarorsz\u00e1g\" \/>\n<meta property=\"article:publisher\" content=\"https:\/\/www.facebook.com\/WeLoveCyclingHungary\/\" \/>\n<meta property=\"article:published_time\" content=\"2024-12-09T10:02:47+00:00\" \/>\n<meta property=\"og:image\" content=\"https:\/\/d2p6e6u75xmxt8.cloudfront.net\/12\/2024\/12\/zw202822.webp\" \/>\n\t<meta property=\"og:image:width\" content=\"1280\" \/>\n\t<meta property=\"og:image:height\" content=\"853\" \/>\n\t<meta property=\"og:image:type\" content=\"image\/webp\" \/>\n<meta name=\"author\" content=\"hegyizs\" \/>\n<meta name=\"twitter:card\" content=\"summary_large_image\" \/>\n<meta name=\"twitter:label1\" content=\"Written by\" \/>\n\t<meta name=\"twitter:data1\" content=\"WLC\" \/>\n\t<meta name=\"twitter:label2\" content=\"Est. reading time\" \/>\n\t<meta name=\"twitter:data2\" content=\"3 minutes\" \/>\n<script type=\"application\/ld+json\" class=\"yoast-schema-graph\">{\"@context\":\"https:\/\/schema.org\",\"@graph\":[{\"@type\":\"WebPage\",\"@id\":\"https:\/\/www.welovecycling.com\/hu\/orszaguti-kerekpar\/megsem-marad-az-ineosnal-kiscsapatnal-epitheti-fel-magat-tom-pidcock\/\",\"url\":\"https:\/\/www.welovecycling.com\/hu\/orszaguti-kerekpar\/megsem-marad-az-ineosnal-kiscsapatnal-epitheti-fel-magat-tom-pidcock\/\",\"name\":\"M\u00e9gsem marad az Ineosn\u00e1l, kiscsapatn\u00e1l \u00e9p\u00edtheti fel mag\u00e1t Tom Pidcock\",\"isPartOf\":{\"@id\":\"https:\/\/www.welovecycling.com\/hu\/#website\"},\"primaryImageOfPage\":{\"@id\":\"https:\/\/www.welovecycling.com\/hu\/orszaguti-kerekpar\/megsem-marad-az-ineosnal-kiscsapatnal-epitheti-fel-magat-tom-pidcock\/#primaryimage\"},\"image\":{\"@id\":\"https:\/\/www.welovecycling.com\/hu\/orszaguti-kerekpar\/megsem-marad-az-ineosnal-kiscsapatnal-epitheti-fel-magat-tom-pidcock\/#primaryimage\"},\"thumbnailUrl\":\"https:\/\/d2p6e6u75xmxt8.cloudfront.net\/12\/2024\/12\/zw202822.webp\",\"datePublished\":\"2024-12-09T10:02:47+00:00\",\"author\":{\"@id\":\"https:\/\/www.welovecycling.com\/hu\/#\/schema\/person\/414a2aebf1801691a5320edb6468e194\"},\"description\":\"V\u00e9get \u00e9rt az elm\u00falt hetek-h\u00f3napok legnagyobb bring\u00e1s sag\u00e1ja, v\u00e9g\u00fcl a \u201em\u00e1sodvonalban\u201d szerepl\u0151 Q36.5 ist\u00e1ll\u00f3j\u00e1n\u00e1l folytatja a sokoldal\u00fa brit klasszis.\",\"breadcrumb\":{\"@id\":\"https:\/\/www.welovecycling.com\/hu\/orszaguti-kerekpar\/megsem-marad-az-ineosnal-kiscsapatnal-epitheti-fel-magat-tom-pidcock\/#breadcrumb\"},\"inLanguage\":\"hu\",\"potentialAction\":[{\"@type\":\"ReadAction\",\"target\":[\"https:\/\/www.welovecycling.com\/hu\/orszaguti-kerekpar\/megsem-marad-az-ineosnal-kiscsapatnal-epitheti-fel-magat-tom-pidcock\/\"]}]},{\"@type\":\"ImageObject\",\"inLanguage\":\"hu\",\"@id\":\"https:\/\/www.welovecycling.com\/hu\/orszaguti-kerekpar\/megsem-marad-az-ineosnal-kiscsapatnal-epitheti-fel-magat-tom-pidcock\/#primaryimage\",\"url\":\"https:\/\/d2p6e6u75xmxt8.cloudfront.net\/12\/2024\/12\/zw202822.webp\",\"contentUrl\":\"https:\/\/d2p6e6u75xmxt8.cloudfront.net\/12\/2024\/12\/zw202822.webp\",\"width\":1280,\"height\":853},{\"@type\":\"BreadcrumbList\",\"@id\":\"https:\/\/www.welovecycling.com\/hu\/orszaguti-kerekpar\/megsem-marad-az-ineosnal-kiscsapatnal-epitheti-fel-magat-tom-pidcock\/#breadcrumb\",\"itemListElement\":[{\"@type\":\"ListItem\",\"position\":1,\"name\":\"Home\",\"item\":\"https:\/\/www.welovecycling.com\/hu\/\"},{\"@type\":\"ListItem\",\"position\":2,\"name\":\"M\u00e9gsem marad az Ineosn\u00e1l, kiscsapatn\u00e1l \u00e9p\u00edtheti fel mag\u00e1t Tom Pidcock\"}]},{\"@type\":\"WebSite\",\"@id\":\"https:\/\/www.welovecycling.com\/hu\/#website\",\"url\":\"https:\/\/www.welovecycling.com\/hu\/\",\"name\":\"\u0160koda We Love Cycling - Magyarorsz\u00e1g\",\"description\":\"\u0160koda WeLoveCycling\",\"potentialAction\":[{\"@type\":\"SearchAction\",\"target\":{\"@type\":\"EntryPoint\",\"urlTemplate\":\"https:\/\/www.welovecycling.com\/hu\/?s={search_term_string}\"},\"query-input\":{\"@type\":\"PropertyValueSpecification\",\"valueRequired\":true,\"valueName\":\"search_term_string\"}}],\"inLanguage\":\"hu\"},{\"@type\":\"Person\",\"@id\":\"https:\/\/www.welovecycling.com\/hu\/#\/schema\/person\/414a2aebf1801691a5320edb6468e194\",\"name\":\"hegyizs\",\"image\":{\"@type\":\"ImageObject\",\"inLanguage\":\"hu\",\"@id\":\"https:\/\/www.welovecycling.com\/hu\/#\/schema\/person\/image\/\",\"url\":\"https:\/\/secure.gravatar.com\/avatar\/02cf8a7906b8cf90cecb4679defac7cfd33a1c2e3b88e4903d947f3bb58eedd3?s=96&d=mm&r=g\",\"contentUrl\":\"https:\/\/secure.gravatar.com\/avatar\/02cf8a7906b8cf90cecb4679defac7cfd33a1c2e3b88e4903d947f3bb58eedd3?s=96&d=mm&r=g\",\"caption\":\"hegyizs\"},\"url\":\"https:\/\/www.welovecycling.com\/hu\/author\/hegyizs\/\"}]}<\/script>\n<!-- \/ Yoast SEO Premium plugin. -->","yoast_head_json":{"title":"M\u00e9gsem marad az Ineosn\u00e1l, kiscsapatn\u00e1l \u00e9p\u00edtheti fel mag\u00e1t Tom Pidcock","description":"V\u00e9get \u00e9rt az elm\u00falt hetek-h\u00f3napok legnagyobb bring\u00e1s sag\u00e1ja, v\u00e9g\u00fcl a \u201em\u00e1sodvonalban\u201d szerepl\u0151 Q36.5 ist\u00e1ll\u00f3j\u00e1n\u00e1l folytatja a sokoldal\u00fa brit klasszis.","robots":{"index":"index","follow":"follow","max-snippet":"max-snippet:-1","max-image-preview":"max-image-preview:large","max-video-preview":"max-video-preview:-1"},"canonical":"https:\/\/www.welovecycling.com\/hu\/orszaguti-kerekpar\/megsem-marad-az-ineosnal-kiscsapatnal-epitheti-fel-magat-tom-pidcock\/","og_locale":"hu_HU","og_type":"article","og_title":"M\u00e9gsem marad az Ineosn\u00e1l, kiscsapatn\u00e1l \u00e9p\u00edtheti fel mag\u00e1t Tom Pidcock","og_description":"V\u00e9get \u00e9rt az elm\u00falt hetek-h\u00f3napok legnagyobb bring\u00e1s sag\u00e1ja, v\u00e9g\u00fcl a \u201em\u00e1sodvonalban\u201d szerepl\u0151 Q36.5 ist\u00e1ll\u00f3j\u00e1n\u00e1l folytatja a sokoldal\u00fa brit klasszis.","og_url":"https:\/\/www.welovecycling.com\/hu\/orszaguti-kerekpar\/megsem-marad-az-ineosnal-kiscsapatnal-epitheti-fel-magat-tom-pidcock\/","og_site_name":"\u0160koda We Love Cycling - Magyarorsz\u00e1g","article_publisher":"https:\/\/www.facebook.com\/WeLoveCyclingHungary\/","article_published_time":"2024-12-09T10:02:47+00:00","og_image":[{"width":1280,"height":853,"url":"https:\/\/d2p6e6u75xmxt8.cloudfront.net\/12\/2024\/12\/zw202822.webp","type":"image\/webp"}],"author":"hegyizs","twitter_card":"summary_large_image","twitter_misc":{"Written by":"WLC","Est. reading time":"3 minutes"},"schema":{"@context":"https:\/\/schema.org","@graph":[{"@type":"WebPage","@id":"https:\/\/www.welovecycling.com\/hu\/orszaguti-kerekpar\/megsem-marad-az-ineosnal-kiscsapatnal-epitheti-fel-magat-tom-pidcock\/","url":"https:\/\/www.welovecycling.com\/hu\/orszaguti-kerekpar\/megsem-marad-az-ineosnal-kiscsapatnal-epitheti-fel-magat-tom-pidcock\/","name":"M\u00e9gsem marad az Ineosn\u00e1l, kiscsapatn\u00e1l \u00e9p\u00edtheti fel mag\u00e1t Tom Pidcock","isPartOf":{"@id":"https:\/\/www.welovecycling.com\/hu\/#website"},"primaryImageOfPage":{"@id":"https:\/\/www.welovecycling.com\/hu\/orszaguti-kerekpar\/megsem-marad-az-ineosnal-kiscsapatnal-epitheti-fel-magat-tom-pidcock\/#primaryimage"},"image":{"@id":"https:\/\/www.welovecycling.com\/hu\/orszaguti-kerekpar\/megsem-marad-az-ineosnal-kiscsapatnal-epitheti-fel-magat-tom-pidcock\/#primaryimage"},"thumbnailUrl":"https:\/\/d2p6e6u75xmxt8.cloudfront.net\/12\/2024\/12\/zw202822.webp","datePublished":"2024-12-09T10:02:47+00:00","author":{"@id":"https:\/\/www.welovecycling.com\/hu\/#\/schema\/person\/414a2aebf1801691a5320edb6468e194"},"description":"V\u00e9get \u00e9rt az elm\u00falt hetek-h\u00f3napok legnagyobb bring\u00e1s sag\u00e1ja, v\u00e9g\u00fcl a \u201em\u00e1sodvonalban\u201d szerepl\u0151 Q36.5 ist\u00e1ll\u00f3j\u00e1n\u00e1l folytatja a sokoldal\u00fa brit klasszis.","breadcrumb":{"@id":"https:\/\/www.welovecycling.com\/hu\/orszaguti-kerekpar\/megsem-marad-az-ineosnal-kiscsapatnal-epitheti-fel-magat-tom-pidcock\/#breadcrumb"},"inLanguage":"hu","potentialAction":[{"@type":"ReadAction","target":["https:\/\/www.welovecycling.com\/hu\/orszaguti-kerekpar\/megsem-marad-az-ineosnal-kiscsapatnal-epitheti-fel-magat-tom-pidcock\/"]}]},{"@type":"ImageObject","inLanguage":"hu","@id":"https:\/\/www.welovecycling.com\/hu\/orszaguti-kerekpar\/megsem-marad-az-ineosnal-kiscsapatnal-epitheti-fel-magat-tom-pidcock\/#primaryimage","url":"https:\/\/d2p6e6u75xmxt8.cloudfront.net\/12\/2024\/12\/zw202822.webp","contentUrl":"https:\/\/d2p6e6u75xmxt8.cloudfront.net\/12\/2024\/12\/zw202822.webp","width":1280,"height":853},{"@type":"BreadcrumbList","@id":"https:\/\/www.welovecycling.com\/hu\/orszaguti-kerekpar\/megsem-marad-az-ineosnal-kiscsapatnal-epitheti-fel-magat-tom-pidcock\/#breadcrumb","itemListElement":[{"@type":"ListItem","position":1,"name":"Home","item":"https:\/\/www.welovecycling.com\/hu\/"},{"@type":"ListItem","position":2,"name":"M\u00e9gsem marad az Ineosn\u00e1l, kiscsapatn\u00e1l \u00e9p\u00edtheti fel mag\u00e1t Tom Pidcock"}]},{"@type":"WebSite","@id":"https:\/\/www.welovecycling.com\/hu\/#website","url":"https:\/\/www.welovecycling.com\/hu\/","name":"\u0160koda We Love Cycling - Magyarorsz\u00e1g","description":"\u0160koda WeLoveCycling","potentialAction":[{"@type":"SearchAction","target":{"@type":"EntryPoint","urlTemplate":"https:\/\/www.welovecycling.com\/hu\/?s={search_term_string}"},"query-input":{"@type":"PropertyValueSpecification","valueRequired":true,"valueName":"search_term_string"}}],"inLanguage":"hu"},{"@type":"Person","@id":"https:\/\/www.welovecycling.com\/hu\/#\/schema\/person\/414a2aebf1801691a5320edb6468e194","name":"hegyizs","image":{"@type":"ImageObject","inLanguage":"hu","@id":"https:\/\/www.welovecycling.com\/hu\/#\/schema\/person\/image\/","url":"https:\/\/secure.gravatar.com\/avatar\/02cf8a7906b8cf90cecb4679defac7cfd33a1c2e3b88e4903d947f3bb58eedd3?s=96&d=mm&r=g","contentUrl":"https:\/\/secure.gravatar.com\/avatar\/02cf8a7906b8cf90cecb4679defac7cfd33a1c2e3b88e4903d947f3bb58eedd3?s=96&d=mm&r=g","caption":"hegyizs"},"url":"https:\/\/www.welovecycling.com\/hu\/author\/hegyizs\/"}]}},"_links":{"self":[{"href":"https:\/\/www.welovecycling.com\/hu\/wp-json\/wp\/v2\/posts\/18844","targetHints":{"allow":["GET"]}}],"collection":[{"href":"https:\/\/www.welovecycling.com\/hu\/wp-json\/wp\/v2\/posts"}],"about":[{"href":"https:\/\/www.welovecycling.com\/hu\/wp-json\/wp\/v2\/types\/post"}],"author":[{"embeddable":true,"href":"https:\/\/www.welovecycling.com\/hu\/wp-json\/wp\/v2\/users\/71"}],"replies":[{"embeddable":true,"href":"https:\/\/www.welovecycling.com\/hu\/wp-json\/wp\/v2\/comments?post=18844"}],"version-history":[{"count":1,"href":"https:\/\/www.welovecycling.com\/hu\/wp-json\/wp\/v2\/posts\/18844\/revisions"}],"predecessor-version":[{"id":18848,"href":"https:\/\/www.welovecycling.com\/hu\/wp-json\/wp\/v2\/posts\/18844\/revisions\/18848"}],"wp:featuredmedia":[{"embeddable":true,"href":"https:\/\/www.welovecycling.com\/hu\/wp-json\/wp\/v2\/media\/18847"}],"wp:attachment":[{"href":"https:\/\/www.welovecycling.com\/hu\/wp-json\/wp\/v2\/media?parent=18844"}],"wp:term":[{"taxonomy":"category","embeddable":true,"href":"https:\/\/www.welovecycling.com\/hu\/wp-json\/wp\/v2\/categories?post=18844"},{"taxonomy":"post_tag","embeddable":true,"href":"https:\/\/www.welovecycling.com\/hu\/wp-json\/wp\/v2\/tags?post=18844"},{"taxonomy":"global-categories","embeddable":true,"href":"https:\/\/www.welovecycling.com\/hu\/wp-json\/wp\/v2\/global-categories?post=18844"}],"curies":[{"name":"wp","href":"https:\/\/api.w.org\/{rel}","templated":true}]}}