{"id":18837,"date":"2024-12-04T15:37:22","date_gmt":"2024-12-04T13:37:22","guid":{"rendered":""},"modified":"2024-12-04T15:37:22","modified_gmt":"2024-12-04T13:37:22","slug":"remco-evenepoel-egy-postakocsinak-utkozott-tobb-csontja-eltort","status":"publish","type":"post","link":"https:\/\/www.welovecycling.com\/hu\/orszaguti-kerekpar\/remco-evenepoel-egy-postakocsinak-utkozott-tobb-csontja-eltort\/","title":{"rendered":"Remco Evenepoel egy postakocsinak \u00fctk\u00f6z\u00f6tt, t\u00f6bb csontja elt\u00f6rt"},"content":{"rendered":"<p><b>A k\u00e9tszeres olimpiai bajnok Remco Evenepoel \u00fajabb kih\u00edv\u00e1ssal n\u00e9z szembe, miut\u00e1n kedden d\u00e9lel\u0151tt egy edz\u00e9s sor\u00e1n balesetet szenvedett. Az eset a belgiumi Oetingen k\u00f6zel\u00e9ben t\u00f6rt\u00e9nt, amikor egy postai j\u00e1rm\u0171 ajtaj\u00e1t v\u00e1ratlanul kinyitott\u00e1k el\u0151tte. Sajnos nem csak az arany S-Works Tarmac ker\u00e9kp\u00e1rja t\u00f6rt el.<\/b><\/p>\n<p><!--more--><\/p>\n<p><span style=\"font-weight: 400;\">Evenepoel bord\u00e1ja, keze \u00e9s lapock\u00e1ja is t\u00f6rt, valamint mindk\u00e9t t\u00fcdej\u00e9n z\u00faz\u00f3d\u00e1sokat tal\u00e1ltak \u00e9s a kulcscsontja is kificamodott. Az els\u0151 kezel\u00e9st az anderlechti Erasmus K\u00f3rh\u00e1zban kapta, majd tov\u00e1bbi vizsg\u00e1latok \u00e9s kezel\u00e9s c\u00e9lj\u00e1b\u00f3l a herentalsi k\u00f3rh\u00e1zba sz\u00e1ll\u00edtott\u00e1k. A kificamodott kulcscsont m\u0171t\u00e9ti beavatkoz\u00e1st ig\u00e9nyelt, amelyre kedden este (december 3-\u00e1n) ker\u00fclt sor. A 24 \u00e9ves versenyz\u0151re most egy k\u00e9thetes nyugalmi id\u0151szak v\u00e1r, miel\u0151tt megtervezhetik a visszat\u00e9r\u00e9s\u00e9t.<\/span><\/p>\n<div class=\"embed-controller-wrapper\">\n<blockquote class=\"twitter-tweet\" data-width=\"500\" data-dnt=\"true\">\n<p lang=\"en\" dir=\"ltr\">From the Remco Evenepoel crash place, Remco was unable to avoid an opening car door from the postal vehicle and the doctors said it can be broken shoulder and broken wrist.<\/p>\n<p>Thank you my friend Glenn Verlaecke for the info and photo. <a href=\"https:\/\/t.co\/bwM7bciF5y\">pic.twitter.com\/bwM7bciF5y<\/a><\/p>\n<p>&mdash; Luk\u00e1\u0161 Ronald Luk\u00e1cs (@lucasaganronald) <a href=\"https:\/\/twitter.com\/lucasaganronald\/status\/1863902132702707874?ref_src=twsrc%5Etfw\">December 3, 2024<\/a><\/p><\/blockquote>\n<p><script async data-src=\"https:\/\/platform.twitter.com\/widgets.js\" charset=\"utf-8\"><\/script><\/div>\n<p><span style=\"font-weight: 400;\">A baleset s\u00falyoss\u00e1ga ellen\u00e9re Evenepoel \u00e1ll\u00edt\u00f3lag teljesen eszm\u00e9let\u00e9n\u00e9l volt, \u00e9s fel is tudott \u00fclni az \u00fctk\u00f6z\u00e9s ut\u00e1n. Patrick Lefevere, a Soudal Quick-Step csapat vezet\u0151je, a Sporza telev\u00edzi\u00f3nak kifejezte frusztr\u00e1ci\u00f3j\u00e1t az elker\u00fclhet\u0151 \u00fctk\u00f6z\u00e9s miatt: <\/span><i><span style=\"font-weight: 400;\">\u201eSajnos ilyen balesetek naponta el\u0151fordulnak, amikor az emberek figyelmetlenek, \u00e9s hirtelen kinyitj\u00e1k az aut\u00f3ajt\u00f3t. Remco-nak f\u00e1jdalmai vannak. Az orvosunk dolgozik rajta, hogy enyh\u00edtse ezeket. A ker\u00e9kp\u00e1rja kett\u00e9t\u00f6rt az incidens sor\u00e1n. De jobb lett volna, ha csak a ker\u00e9kp\u00e1r t\u00f6rik kett\u00e9, a karja nem.\u201d<\/span><\/i><\/p>\n<p><span style=\"font-weight: 400;\">Az \u00e9v elej\u00e9n Evenepoel elt\u00f6rte a kulcscsontj\u00e1t \u00e9s a lapock\u00e1j\u00e1t egy buk\u00e1s sor\u00e1n az Itzulia Basque Country versenyen. Ennek ellen\u00e9re a belga tehets\u00e9g fantasztikus teljes\u00edtm\u00e9nyt ny\u00fajtott a szezon sor\u00e1n: harmadik helyen v\u00e9gzett a Tour de France-on, k\u00e9tszeres arany\u00e9rmes lett a p\u00e1rizsi olimpi\u00e1n, \u00e9s sikeresen megv\u00e9dte id\u0151futam-vil\u00e1gbajnoki c\u00edm\u00e9t a sv\u00e1jci vil\u00e1gbajnoks\u00e1gon.<\/span><\/p>\n<p><span style=\"font-weight: 400;\">Ez az \u00fajabb baleset Evenepoel \u00fajabb megpr\u00f3b\u00e1ltat\u00e1st jelent. A versenyz\u0151 eddigi karrierje sor\u00e1n hihetetlen gyorsas\u00e1ggal \u00e9p\u00fclt fel a s\u00e9r\u00fcl\u00e9seib\u0151l: egyik legjelent\u0151sebb tulajdons\u00e1ga az ellen\u00e1ll\u00f3k\u00e9pess\u00e9ge. Ezt a 2020-as Il Lombardiai buk\u00e1sa is mutatja, amiben medencet\u00f6r\u00e9st szenvedett, de k\u00e9s\u0151bb er\u0151sebben t\u00e9rt vissza, mint valaha.<\/span><\/p>\n<p><span style=\"font-weight: 400;\">Most, hogy t\u00fal van a m\u0171t\u00e9ten, Evenepoel r\u00f6vid t\u00e1v\u00fa c\u00e9lja a gy\u00f3gyul\u00e1s, miel\u0151tt r\u00e9szletes fel\u00e9p\u00fcl\u00e9si tervet k\u00e9sz\u00edtene. A Soudal Quick-Step csapata, valamint a herentalsi k\u00f3rh\u00e1z szem\u00e9lyzete teljes k\u00f6r\u0171 t\u00e1mogat\u00e1st ny\u00fajt ebben az id\u0151szakban. A csapat k\u00f6zlem\u00e9nye megnyugtatja a rajong\u00f3kat, hogy komolyan veszik a gy\u00f3gyul\u00e1si folyamatot, \u00e9s a hossz\u00fa t\u00e1v\u00fa fel\u00e9p\u00fcl\u00e9st helyezik el\u0151t\u00e9rbe.<\/span><\/p>\n","protected":false},"excerpt":{"rendered":"<p>A k\u00e9tszeres olimpiai bajnok Remco Evenepoel \u00fajabb kih\u00edv\u00e1ssal n\u00e9z szembe, miut\u00e1n kedden d\u00e9lel\u0151tt egy edz\u00e9s sor\u00e1n balesetet szenvedett. Az eset [&hellip;]<\/p>\n","protected":false},"author":71,"featured_media":18838,"comment_status":"open","ping_status":"open","sticky":false,"template":"","format":"standard","meta":{"footnotes":""},"categories":[8],"tags":[],"global-categories":[],"class_list":["post-18837","post","type-post","status-publish","format-standard","has-post-thumbnail","hentry","category-orszaguti-kerekpar"],"yoast_head":"<!-- This site is optimized with the Yoast SEO Premium plugin v25.3 (Yoast SEO v25.9) - https:\/\/yoast.com\/wordpress\/plugins\/seo\/ -->\n<title>Remco Evenepoel egy postakocsinak \u00fctk\u00f6z\u00f6tt, t\u00f6bb csontja elt\u00f6rt<\/title>\n<meta name=\"description\" content=\"A k\u00e9tszeres olimpiai bajnok Remco Evenepoel \u00fajabb kih\u00edv\u00e1ssal n\u00e9z szembe, miut\u00e1n kedden d\u00e9lel\u0151tt egy edz\u00e9s sor\u00e1n balesetet szenvedett. Az eset a belgiumi Oetingen k\u00f6zel\u00e9ben t\u00f6rt\u00e9nt, amikor egy postai j\u00e1rm\u0171 ajtaj\u00e1t v\u00e1ratlanul kinyitott\u00e1k el\u0151tte. Sajnos nem csak az arany S-Works Tarmac ker\u00e9kp\u00e1rja t\u00f6rt el.\" \/>\n<meta name=\"robots\" content=\"index, follow, max-snippet:-1, max-image-preview:large, max-video-preview:-1\" \/>\n<link rel=\"canonical\" href=\"https:\/\/www.welovecycling.com\/hu\/orszaguti-kerekpar\/remco-evenepoel-egy-postakocsinak-utkozott-tobb-csontja-eltort\/\" \/>\n<meta property=\"og:locale\" content=\"hu_HU\" \/>\n<meta property=\"og:type\" content=\"article\" \/>\n<meta property=\"og:title\" content=\"Remco Evenepoel egy postakocsinak \u00fctk\u00f6z\u00f6tt, t\u00f6bb csontja elt\u00f6rt\" \/>\n<meta property=\"og:description\" content=\"A k\u00e9tszeres olimpiai bajnok Remco Evenepoel \u00fajabb kih\u00edv\u00e1ssal n\u00e9z szembe, miut\u00e1n kedden d\u00e9lel\u0151tt egy edz\u00e9s sor\u00e1n balesetet szenvedett. Az eset a belgiumi Oetingen k\u00f6zel\u00e9ben t\u00f6rt\u00e9nt, amikor egy postai j\u00e1rm\u0171 ajtaj\u00e1t v\u00e1ratlanul kinyitott\u00e1k el\u0151tte. Sajnos nem csak az arany S-Works Tarmac ker\u00e9kp\u00e1rja t\u00f6rt el.\" \/>\n<meta property=\"og:url\" content=\"https:\/\/www.welovecycling.com\/hu\/orszaguti-kerekpar\/remco-evenepoel-egy-postakocsinak-utkozott-tobb-csontja-eltort\/\" \/>\n<meta property=\"og:site_name\" content=\"\u0160koda We Love Cycling - Magyarorsz\u00e1g\" \/>\n<meta property=\"article:publisher\" content=\"https:\/\/www.facebook.com\/WeLoveCyclingHungary\/\" \/>\n<meta property=\"article:published_time\" content=\"2024-12-04T13:37:22+00:00\" \/>\n<meta property=\"og:image\" content=\"https:\/\/d2p6e6u75xmxt8.cloudfront.net\/12\/2024\/12\/Remco-Evenepoel-profimedia-0920089540-CVR.webp\" \/>\n\t<meta property=\"og:image:width\" content=\"990\" \/>\n\t<meta property=\"og:image:height\" content=\"660\" \/>\n\t<meta property=\"og:image:type\" content=\"image\/webp\" \/>\n<meta name=\"author\" content=\"hegyizs\" \/>\n<meta name=\"twitter:card\" content=\"summary_large_image\" \/>\n<meta name=\"twitter:label1\" content=\"Written by\" \/>\n\t<meta name=\"twitter:data1\" content=\"Monica Buck\" \/>\n\t<meta name=\"twitter:label2\" content=\"Est. reading time\" \/>\n\t<meta name=\"twitter:data2\" content=\"2\" \/>\n<script type=\"application\/ld+json\" class=\"yoast-schema-graph\">{\"@context\":\"https:\/\/schema.org\",\"@graph\":[{\"@type\":\"WebPage\",\"@id\":\"https:\/\/www.welovecycling.com\/hu\/orszaguti-kerekpar\/remco-evenepoel-egy-postakocsinak-utkozott-tobb-csontja-eltort\/\",\"url\":\"https:\/\/www.welovecycling.com\/hu\/orszaguti-kerekpar\/remco-evenepoel-egy-postakocsinak-utkozott-tobb-csontja-eltort\/\",\"name\":\"Remco Evenepoel egy postakocsinak \u00fctk\u00f6z\u00f6tt, t\u00f6bb csontja elt\u00f6rt\",\"isPartOf\":{\"@id\":\"https:\/\/www.welovecycling.com\/hu\/#website\"},\"primaryImageOfPage\":{\"@id\":\"https:\/\/www.welovecycling.com\/hu\/orszaguti-kerekpar\/remco-evenepoel-egy-postakocsinak-utkozott-tobb-csontja-eltort\/#primaryimage\"},\"image\":{\"@id\":\"https:\/\/www.welovecycling.com\/hu\/orszaguti-kerekpar\/remco-evenepoel-egy-postakocsinak-utkozott-tobb-csontja-eltort\/#primaryimage\"},\"thumbnailUrl\":\"https:\/\/d2p6e6u75xmxt8.cloudfront.net\/12\/2024\/12\/Remco-Evenepoel-profimedia-0920089540-CVR.webp\",\"datePublished\":\"2024-12-04T13:37:22+00:00\",\"author\":{\"@id\":\"https:\/\/www.welovecycling.com\/hu\/#\/schema\/person\/414a2aebf1801691a5320edb6468e194\"},\"description\":\"A k\u00e9tszeres olimpiai bajnok Remco Evenepoel \u00fajabb kih\u00edv\u00e1ssal n\u00e9z szembe, miut\u00e1n kedden d\u00e9lel\u0151tt egy edz\u00e9s sor\u00e1n balesetet szenvedett. Az eset a belgiumi Oetingen k\u00f6zel\u00e9ben t\u00f6rt\u00e9nt, amikor egy postai j\u00e1rm\u0171 ajtaj\u00e1t v\u00e1ratlanul kinyitott\u00e1k el\u0151tte. Sajnos nem csak az arany S-Works Tarmac ker\u00e9kp\u00e1rja t\u00f6rt el.\",\"breadcrumb\":{\"@id\":\"https:\/\/www.welovecycling.com\/hu\/orszaguti-kerekpar\/remco-evenepoel-egy-postakocsinak-utkozott-tobb-csontja-eltort\/#breadcrumb\"},\"inLanguage\":\"hu\",\"potentialAction\":[{\"@type\":\"ReadAction\",\"target\":[\"https:\/\/www.welovecycling.com\/hu\/orszaguti-kerekpar\/remco-evenepoel-egy-postakocsinak-utkozott-tobb-csontja-eltort\/\"]}]},{\"@type\":\"ImageObject\",\"inLanguage\":\"hu\",\"@id\":\"https:\/\/www.welovecycling.com\/hu\/orszaguti-kerekpar\/remco-evenepoel-egy-postakocsinak-utkozott-tobb-csontja-eltort\/#primaryimage\",\"url\":\"https:\/\/d2p6e6u75xmxt8.cloudfront.net\/12\/2024\/12\/Remco-Evenepoel-profimedia-0920089540-CVR.webp\",\"contentUrl\":\"https:\/\/d2p6e6u75xmxt8.cloudfront.net\/12\/2024\/12\/Remco-Evenepoel-profimedia-0920089540-CVR.webp\",\"width\":990,\"height\":660,\"caption\":\"Remco Evenepoel\"},{\"@type\":\"BreadcrumbList\",\"@id\":\"https:\/\/www.welovecycling.com\/hu\/orszaguti-kerekpar\/remco-evenepoel-egy-postakocsinak-utkozott-tobb-csontja-eltort\/#breadcrumb\",\"itemListElement\":[{\"@type\":\"ListItem\",\"position\":1,\"name\":\"Home\",\"item\":\"https:\/\/www.welovecycling.com\/hu\/\"},{\"@type\":\"ListItem\",\"position\":2,\"name\":\"Remco Evenepoel egy postakocsinak \u00fctk\u00f6z\u00f6tt, t\u00f6bb csontja elt\u00f6rt\"}]},{\"@type\":\"WebSite\",\"@id\":\"https:\/\/www.welovecycling.com\/hu\/#website\",\"url\":\"https:\/\/www.welovecycling.com\/hu\/\",\"name\":\"\u0160koda We Love Cycling - Magyarorsz\u00e1g\",\"description\":\"\u0160koda WeLoveCycling\",\"potentialAction\":[{\"@type\":\"SearchAction\",\"target\":{\"@type\":\"EntryPoint\",\"urlTemplate\":\"https:\/\/www.welovecycling.com\/hu\/?s={search_term_string}\"},\"query-input\":{\"@type\":\"PropertyValueSpecification\",\"valueRequired\":true,\"valueName\":\"search_term_string\"}}],\"inLanguage\":\"hu\"},{\"@type\":\"Person\",\"@id\":\"https:\/\/www.welovecycling.com\/hu\/#\/schema\/person\/414a2aebf1801691a5320edb6468e194\",\"name\":\"hegyizs\",\"image\":{\"@type\":\"ImageObject\",\"inLanguage\":\"hu\",\"@id\":\"https:\/\/www.welovecycling.com\/hu\/#\/schema\/person\/image\/\",\"url\":\"https:\/\/secure.gravatar.com\/avatar\/02cf8a7906b8cf90cecb4679defac7cfd33a1c2e3b88e4903d947f3bb58eedd3?s=96&d=mm&r=g\",\"contentUrl\":\"https:\/\/secure.gravatar.com\/avatar\/02cf8a7906b8cf90cecb4679defac7cfd33a1c2e3b88e4903d947f3bb58eedd3?s=96&d=mm&r=g\",\"caption\":\"hegyizs\"},\"url\":\"https:\/\/www.welovecycling.com\/hu\/author\/hegyizs\/\"}]}<\/script>\n<!-- \/ Yoast SEO Premium plugin. -->","yoast_head_json":{"title":"Remco Evenepoel egy postakocsinak \u00fctk\u00f6z\u00f6tt, t\u00f6bb csontja elt\u00f6rt","description":"A k\u00e9tszeres olimpiai bajnok Remco Evenepoel \u00fajabb kih\u00edv\u00e1ssal n\u00e9z szembe, miut\u00e1n kedden d\u00e9lel\u0151tt egy edz\u00e9s sor\u00e1n balesetet szenvedett. Az eset a belgiumi Oetingen k\u00f6zel\u00e9ben t\u00f6rt\u00e9nt, amikor egy postai j\u00e1rm\u0171 ajtaj\u00e1t v\u00e1ratlanul kinyitott\u00e1k el\u0151tte. Sajnos nem csak az arany S-Works Tarmac ker\u00e9kp\u00e1rja t\u00f6rt el.","robots":{"index":"index","follow":"follow","max-snippet":"max-snippet:-1","max-image-preview":"max-image-preview:large","max-video-preview":"max-video-preview:-1"},"canonical":"https:\/\/www.welovecycling.com\/hu\/orszaguti-kerekpar\/remco-evenepoel-egy-postakocsinak-utkozott-tobb-csontja-eltort\/","og_locale":"hu_HU","og_type":"article","og_title":"Remco Evenepoel egy postakocsinak \u00fctk\u00f6z\u00f6tt, t\u00f6bb csontja elt\u00f6rt","og_description":"A k\u00e9tszeres olimpiai bajnok Remco Evenepoel \u00fajabb kih\u00edv\u00e1ssal n\u00e9z szembe, miut\u00e1n kedden d\u00e9lel\u0151tt egy edz\u00e9s sor\u00e1n balesetet szenvedett. Az eset a belgiumi Oetingen k\u00f6zel\u00e9ben t\u00f6rt\u00e9nt, amikor egy postai j\u00e1rm\u0171 ajtaj\u00e1t v\u00e1ratlanul kinyitott\u00e1k el\u0151tte. Sajnos nem csak az arany S-Works Tarmac ker\u00e9kp\u00e1rja t\u00f6rt el.","og_url":"https:\/\/www.welovecycling.com\/hu\/orszaguti-kerekpar\/remco-evenepoel-egy-postakocsinak-utkozott-tobb-csontja-eltort\/","og_site_name":"\u0160koda We Love Cycling - Magyarorsz\u00e1g","article_publisher":"https:\/\/www.facebook.com\/WeLoveCyclingHungary\/","article_published_time":"2024-12-04T13:37:22+00:00","og_image":[{"width":990,"height":660,"url":"https:\/\/d2p6e6u75xmxt8.cloudfront.net\/12\/2024\/12\/Remco-Evenepoel-profimedia-0920089540-CVR.webp","type":"image\/webp"}],"author":"hegyizs","twitter_card":"summary_large_image","twitter_misc":{"Written by":"Monica Buck","Est. reading time":"2"},"schema":{"@context":"https:\/\/schema.org","@graph":[{"@type":"WebPage","@id":"https:\/\/www.welovecycling.com\/hu\/orszaguti-kerekpar\/remco-evenepoel-egy-postakocsinak-utkozott-tobb-csontja-eltort\/","url":"https:\/\/www.welovecycling.com\/hu\/orszaguti-kerekpar\/remco-evenepoel-egy-postakocsinak-utkozott-tobb-csontja-eltort\/","name":"Remco Evenepoel egy postakocsinak \u00fctk\u00f6z\u00f6tt, t\u00f6bb csontja elt\u00f6rt","isPartOf":{"@id":"https:\/\/www.welovecycling.com\/hu\/#website"},"primaryImageOfPage":{"@id":"https:\/\/www.welovecycling.com\/hu\/orszaguti-kerekpar\/remco-evenepoel-egy-postakocsinak-utkozott-tobb-csontja-eltort\/#primaryimage"},"image":{"@id":"https:\/\/www.welovecycling.com\/hu\/orszaguti-kerekpar\/remco-evenepoel-egy-postakocsinak-utkozott-tobb-csontja-eltort\/#primaryimage"},"thumbnailUrl":"https:\/\/d2p6e6u75xmxt8.cloudfront.net\/12\/2024\/12\/Remco-Evenepoel-profimedia-0920089540-CVR.webp","datePublished":"2024-12-04T13:37:22+00:00","author":{"@id":"https:\/\/www.welovecycling.com\/hu\/#\/schema\/person\/414a2aebf1801691a5320edb6468e194"},"description":"A k\u00e9tszeres olimpiai bajnok Remco Evenepoel \u00fajabb kih\u00edv\u00e1ssal n\u00e9z szembe, miut\u00e1n kedden d\u00e9lel\u0151tt egy edz\u00e9s sor\u00e1n balesetet szenvedett. Az eset a belgiumi Oetingen k\u00f6zel\u00e9ben t\u00f6rt\u00e9nt, amikor egy postai j\u00e1rm\u0171 ajtaj\u00e1t v\u00e1ratlanul kinyitott\u00e1k el\u0151tte. Sajnos nem csak az arany S-Works Tarmac ker\u00e9kp\u00e1rja t\u00f6rt el.","breadcrumb":{"@id":"https:\/\/www.welovecycling.com\/hu\/orszaguti-kerekpar\/remco-evenepoel-egy-postakocsinak-utkozott-tobb-csontja-eltort\/#breadcrumb"},"inLanguage":"hu","potentialAction":[{"@type":"ReadAction","target":["https:\/\/www.welovecycling.com\/hu\/orszaguti-kerekpar\/remco-evenepoel-egy-postakocsinak-utkozott-tobb-csontja-eltort\/"]}]},{"@type":"ImageObject","inLanguage":"hu","@id":"https:\/\/www.welovecycling.com\/hu\/orszaguti-kerekpar\/remco-evenepoel-egy-postakocsinak-utkozott-tobb-csontja-eltort\/#primaryimage","url":"https:\/\/d2p6e6u75xmxt8.cloudfront.net\/12\/2024\/12\/Remco-Evenepoel-profimedia-0920089540-CVR.webp","contentUrl":"https:\/\/d2p6e6u75xmxt8.cloudfront.net\/12\/2024\/12\/Remco-Evenepoel-profimedia-0920089540-CVR.webp","width":990,"height":660,"caption":"Remco Evenepoel"},{"@type":"BreadcrumbList","@id":"https:\/\/www.welovecycling.com\/hu\/orszaguti-kerekpar\/remco-evenepoel-egy-postakocsinak-utkozott-tobb-csontja-eltort\/#breadcrumb","itemListElement":[{"@type":"ListItem","position":1,"name":"Home","item":"https:\/\/www.welovecycling.com\/hu\/"},{"@type":"ListItem","position":2,"name":"Remco Evenepoel egy postakocsinak \u00fctk\u00f6z\u00f6tt, t\u00f6bb csontja elt\u00f6rt"}]},{"@type":"WebSite","@id":"https:\/\/www.welovecycling.com\/hu\/#website","url":"https:\/\/www.welovecycling.com\/hu\/","name":"\u0160koda We Love Cycling - Magyarorsz\u00e1g","description":"\u0160koda WeLoveCycling","potentialAction":[{"@type":"SearchAction","target":{"@type":"EntryPoint","urlTemplate":"https:\/\/www.welovecycling.com\/hu\/?s={search_term_string}"},"query-input":{"@type":"PropertyValueSpecification","valueRequired":true,"valueName":"search_term_string"}}],"inLanguage":"hu"},{"@type":"Person","@id":"https:\/\/www.welovecycling.com\/hu\/#\/schema\/person\/414a2aebf1801691a5320edb6468e194","name":"hegyizs","image":{"@type":"ImageObject","inLanguage":"hu","@id":"https:\/\/www.welovecycling.com\/hu\/#\/schema\/person\/image\/","url":"https:\/\/secure.gravatar.com\/avatar\/02cf8a7906b8cf90cecb4679defac7cfd33a1c2e3b88e4903d947f3bb58eedd3?s=96&d=mm&r=g","contentUrl":"https:\/\/secure.gravatar.com\/avatar\/02cf8a7906b8cf90cecb4679defac7cfd33a1c2e3b88e4903d947f3bb58eedd3?s=96&d=mm&r=g","caption":"hegyizs"},"url":"https:\/\/www.welovecycling.com\/hu\/author\/hegyizs\/"}]}},"_links":{"self":[{"href":"https:\/\/www.welovecycling.com\/hu\/wp-json\/wp\/v2\/posts\/18837","targetHints":{"allow":["GET"]}}],"collection":[{"href":"https:\/\/www.welovecycling.com\/hu\/wp-json\/wp\/v2\/posts"}],"about":[{"href":"https:\/\/www.welovecycling.com\/hu\/wp-json\/wp\/v2\/types\/post"}],"author":[{"embeddable":true,"href":"https:\/\/www.welovecycling.com\/hu\/wp-json\/wp\/v2\/users\/71"}],"replies":[{"embeddable":true,"href":"https:\/\/www.welovecycling.com\/hu\/wp-json\/wp\/v2\/comments?post=18837"}],"version-history":[{"count":1,"href":"https:\/\/www.welovecycling.com\/hu\/wp-json\/wp\/v2\/posts\/18837\/revisions"}],"predecessor-version":[{"id":18839,"href":"https:\/\/www.welovecycling.com\/hu\/wp-json\/wp\/v2\/posts\/18837\/revisions\/18839"}],"wp:featuredmedia":[{"embeddable":true,"href":"https:\/\/www.welovecycling.com\/hu\/wp-json\/wp\/v2\/media\/18838"}],"wp:attachment":[{"href":"https:\/\/www.welovecycling.com\/hu\/wp-json\/wp\/v2\/media?parent=18837"}],"wp:term":[{"taxonomy":"category","embeddable":true,"href":"https:\/\/www.welovecycling.com\/hu\/wp-json\/wp\/v2\/categories?post=18837"},{"taxonomy":"post_tag","embeddable":true,"href":"https:\/\/www.welovecycling.com\/hu\/wp-json\/wp\/v2\/tags?post=18837"},{"taxonomy":"global-categories","embeddable":true,"href":"https:\/\/www.welovecycling.com\/hu\/wp-json\/wp\/v2\/global-categories?post=18837"}],"curies":[{"name":"wp","href":"https:\/\/api.w.org\/{rel}","templated":true}]}}