{"id":18827,"date":"2024-11-25T13:16:06","date_gmt":"2024-11-25T11:16:06","guid":{"rendered":"https:\/\/www.welovecycling.com\/hu\/?p=18827"},"modified":"2024-11-25T13:16:06","modified_gmt":"2024-11-25T11:16:06","slug":"tenyleg-a-szaguldozo-versenyzok-felelossege-lenne-az-egyre-tobb-versenybaleset","status":"publish","type":"post","link":"https:\/\/www.welovecycling.com\/hu\/uncategorized\/tenyleg-a-szaguldozo-versenyzok-felelossege-lenne-az-egyre-tobb-versenybaleset\/","title":{"rendered":"T\u00e9nyleg a \u201esz\u00e1guldoz\u00f3\u201d versenyz\u0151k felel\u0151ss\u00e9ge lenne az egyre t\u00f6bb versenybaleset?"},"content":{"rendered":"<p><b>A Tour de France versenyigazgat\u00f3ja, Christian Prudhomme szerint igen\u2026<\/b><\/p>\n<p><!--more--><\/p>\n<p><span style=\"font-weight: 400;\">\u00c9rdekes k\u00f6vetkeztet\u00e9sre jutottak a versenyszervez\u0151k \u00e9vi rendes tan\u00e1cskoz\u00e1sukon a h\u00e9tv\u00e9g\u00e9n Olaszorsz\u00e1gban. A meeting egyik legf\u0151bb t\u00e9m\u00e1ja term\u00e9szetesen a versenyz\u0151k biztons\u00e1ga volt: ez mindig az egyik alapt\u00e9ma, de most meg pl\u00e1ne, hiszen id\u00e9n, f\u0151leg az orsz\u00e1g\u00fati szak\u00e1gban, a megszokottn\u00e1l is t\u00f6bb komolyabb t\u00f6megbaleset, buk\u00e1s borzolta a ked\u00e9lyeket, k\u00f6zt\u00fck sajnos v\u00e9gzetes es\u00e9sek is (p\u00e9ld\u00e1ul a n\u0151kn\u00e9l a mind\u00f6ssze 18 \u00e9ves, m\u00e9g juniorkor\u00fa <\/span><a href=\"https:\/\/nlc.hu\/szabadido\/20240927\/muriel-furrer-kerekparverseny-baleset\/\"><span style=\"font-weight: 400;\">Muriel Furrer trag\u00e9di\u00e1ja<\/span><\/a><span style=\"font-weight: 400;\"> a vil\u00e1gbajnoks\u00e1gon). Az esem\u00e9ny egyik f\u0151 sz\u00f3sz\u00f3l\u00f3ja a Tour de France versenyigazgat\u00f3ja, Christian Prudhomme volt, aki a b\u0171nbakot magukban a versenyz\u0151kben tal\u00e1lta meg. Mint mondta: <\/span><i><span style=\"font-weight: 400;\">\u201eA sportol\u00f3k magatart\u00e1s\u00e1n \u00e9s a szervez\u0151k munk\u00e1j\u00e1n t\u00fal felt\u00e9tlen\u00fcl sz\u00fcks\u00e9g van a sebess\u00e9g megfelel\u0151 int\u00e9zked\u00e9sekkel t\u00f6rt\u00e9n\u0151 cs\u00f6kkent\u00e9s\u00e9re: a versenyz\u0151k egyszer\u0171en t\u00fal gyorsan mennek. M\u00e1rpedig min\u00e9l gyorsabban haladnak, ann\u00e1l nagyobb a kock\u00e1zat, \u00e9s ann\u00e1l jobban vesz\u00e9lyeztetik magukat \u00e9s m\u00e1sokat.\u201d<\/span><\/i><\/p>\n<figure id=\"attachment_18828\" aria-describedby=\"caption-attachment-18828\" style=\"width: 828px\" class=\"wp-caption alignnone\"><a href=\"https:\/\/d2p6e6u75xmxt8.cloudfront.net\/12\/2024\/11\/prudhomme.webp\"><img loading=\"lazy\" decoding=\"async\" class=\"size-full wp-image-18828\" src=\"https:\/\/d2p6e6u75xmxt8.cloudfront.net\/12\/2024\/11\/prudhomme.webp\" alt=\"\" width=\"828\" height=\"552\" srcset=\"https:\/\/d2p6e6u75xmxt8.cloudfront.net\/12\/2024\/11\/prudhomme.webp 828w, https:\/\/d2p6e6u75xmxt8.cloudfront.net\/12\/2024\/11\/prudhomme-300x200.webp 300w, https:\/\/d2p6e6u75xmxt8.cloudfront.net\/12\/2024\/11\/prudhomme-768x512.webp 768w, https:\/\/d2p6e6u75xmxt8.cloudfront.net\/12\/2024\/11\/prudhomme-400x267.webp 400w, https:\/\/d2p6e6u75xmxt8.cloudfront.net\/12\/2024\/11\/prudhomme-272x182.webp 272w\" sizes=\"auto, (max-width: 828px) 100vw, 828px\" \/><\/a><figcaption id=\"caption-attachment-18828\" class=\"wp-caption-text\">fot\u00f3: Sirotti<\/figcaption><\/figure>\n<p><span style=\"font-weight: 400;\">David Lappartient, a nemzetk\u00f6zi sz\u00f6vets\u00e9g (UCI) els\u0151 embere m\u00e1r egy \u00e9rdekesebb szempontot vezetett el\u0151. \u0150 annak a lehet\u0151s\u00e9g\u00e9t vizsg\u00e1ln\u00e1, mik\u00e9nt lehetne min\u00e9l ink\u00e1bb cs\u00f6kkenteni a r\u00e1di\u00f3haszn\u00e1latot, a versenyz\u0151k f\u00fclhallgat\u00f3j\u00e1n kereszt\u00fcl a csapatvezet\u0151kt\u0151l \u00e9rkez\u0151 inform\u00e1ci\u00f3kat, amelyek sokszor feleslegesen fokozz\u00e1k a stresszt a mez\u0151nyben. A k\u00e9tir\u00e1ny\u00fa r\u00e1di\u00f3s kommunik\u00e1ci\u00f3 lehet\u0151s\u00e9g\u00e9t is felvetette, jeles\u00fcl, hogy adott esetben a versenyz\u0151k f\u00fcl\u00e9re mondan\u00e1nak plusz biztons\u00e1gi figyelmeztet\u00e9seket, \u00f3vint\u00e9zked\u00e9seket. Emellett az id\u00e9n amolyan futballm\u00f3dra pr\u00f3ba\u00fczemm\u00f3dban bevezetett s\u00e1rga lapos rendszert is tov\u00e1bb folytatn\u00e1 n\u00e9mi finomhangol\u00e1s ut\u00e1n: ez k\u00fcl\u00f6nf\u00e9le szankci\u00f3kat von maga ut\u00e1n a csapatokra \u00e9s a versenyz\u0151kre vonatkoztatva a versenyek sor\u00e1n alkalmazott biztons\u00e1gi szab\u00e1lyok megs\u00e9rt\u00e9se miatt.<\/span><\/p>\n<figure id=\"attachment_18829\" aria-describedby=\"caption-attachment-18829\" style=\"width: 2560px\" class=\"wp-caption alignnone\"><a href=\"https:\/\/d2p6e6u75xmxt8.cloudfront.net\/12\/2024\/11\/ofs_womens-road-race_2013-6-scaled.webp\"><img loading=\"lazy\" decoding=\"async\" class=\"size-full wp-image-18829\" src=\"https:\/\/d2p6e6u75xmxt8.cloudfront.net\/12\/2024\/11\/ofs_womens-road-race_2013-6-scaled.webp\" alt=\"\" width=\"2560\" height=\"1704\" srcset=\"https:\/\/d2p6e6u75xmxt8.cloudfront.net\/12\/2024\/11\/ofs_womens-road-race_2013-6-scaled.webp 2560w, https:\/\/d2p6e6u75xmxt8.cloudfront.net\/12\/2024\/11\/ofs_womens-road-race_2013-6-300x200.webp 300w, https:\/\/d2p6e6u75xmxt8.cloudfront.net\/12\/2024\/11\/ofs_womens-road-race_2013-6-1024x682.webp 1024w, https:\/\/d2p6e6u75xmxt8.cloudfront.net\/12\/2024\/11\/ofs_womens-road-race_2013-6-768x511.webp 768w, https:\/\/d2p6e6u75xmxt8.cloudfront.net\/12\/2024\/11\/ofs_womens-road-race_2013-6-1536x1022.webp 1536w, https:\/\/d2p6e6u75xmxt8.cloudfront.net\/12\/2024\/11\/ofs_womens-road-race_2013-6-2048x1363.webp 2048w, https:\/\/d2p6e6u75xmxt8.cloudfront.net\/12\/2024\/11\/ofs_womens-road-race_2013-6-1920x1278.webp 1920w, https:\/\/d2p6e6u75xmxt8.cloudfront.net\/12\/2024\/11\/ofs_womens-road-race_2013-6-400x266.webp 400w, https:\/\/d2p6e6u75xmxt8.cloudfront.net\/12\/2024\/11\/ofs_womens-road-race_2013-6-272x182.webp 272w, https:\/\/d2p6e6u75xmxt8.cloudfront.net\/12\/2024\/11\/ofs_womens-road-race_2013-6-1920x1278.webp 1920w\" sizes=\"auto, (max-width: 2560px) 100vw, 2560px\" \/><\/a><figcaption id=\"caption-attachment-18829\" class=\"wp-caption-text\">forr\u00e1s: cycling.co.uk<\/figcaption><\/figure>\n<p><span style=\"font-weight: 400;\">A versenyigazgat\u00f3k agg\u00e1lyai k\u00f6z\u00f6tt egy\u00e9bk\u00e9nt k\u00e9ts\u00e9gk\u00edv\u00fcl vannak jogos felvet\u00e9sek, saj\u00e1t felel\u0151ss\u00e9g\u00fckr\u0151l azonban elfelejtettek nyilatkozni: valahogy nem esett sz\u00f3 a min\u00e9l l\u00e1tv\u00e1nyosabb, izgalmasabb versenyek miatti vesz\u00e9lyes \u00fatvonalkijel\u00f6l\u00e9sekr\u0151l, a rossz, vagy \u00e9ppen t\u00fal forr\u00f3 id\u0151ben is lep\u00f6rgetett szakaszokr\u00f3l, a zs\u00fafolt versenynapt\u00e1rr\u00f3l \u00e9s az olyan r\u00e9szekr\u0151l, lejtmenetekr\u0151l, ahol eleve k\u00f3dolva van a nagy mez\u0151nysebess\u00e9g \u00e9s vele egy\u00fctt a nagyobb kock\u00e1zat.<\/span><\/p>\n<figure id=\"attachment_18830\" aria-describedby=\"caption-attachment-18830\" style=\"width: 1119px\" class=\"wp-caption alignnone\"><a href=\"https:\/\/d2p6e6u75xmxt8.cloudfront.net\/12\/2024\/11\/descending.webp\"><img loading=\"lazy\" decoding=\"async\" class=\"size-full wp-image-18830\" src=\"https:\/\/d2p6e6u75xmxt8.cloudfront.net\/12\/2024\/11\/descending.webp\" alt=\"\" width=\"1119\" height=\"747\" srcset=\"https:\/\/d2p6e6u75xmxt8.cloudfront.net\/12\/2024\/11\/descending.webp 1119w, https:\/\/d2p6e6u75xmxt8.cloudfront.net\/12\/2024\/11\/descending-300x200.webp 300w, https:\/\/d2p6e6u75xmxt8.cloudfront.net\/12\/2024\/11\/descending-1024x684.webp 1024w, https:\/\/d2p6e6u75xmxt8.cloudfront.net\/12\/2024\/11\/descending-768x513.webp 768w, https:\/\/d2p6e6u75xmxt8.cloudfront.net\/12\/2024\/11\/descending-400x267.webp 400w, https:\/\/d2p6e6u75xmxt8.cloudfront.net\/12\/2024\/11\/descending-272x182.webp 272w\" sizes=\"auto, (max-width: 1119px) 100vw, 1119px\" \/><\/a><figcaption id=\"caption-attachment-18830\" class=\"wp-caption-text\">fot\u00f3: Joerg Mitter\/Red Bull<\/figcaption><\/figure>\n<p><i><span style=\"font-weight: 400;\">Bor\u00edt\u00f3k\u00e9p: puntociclismo.it<\/span><\/i><\/p>\n","protected":false},"excerpt":{"rendered":"<p>A Tour de France versenyigazgat\u00f3ja, Christian Prudhomme szerint igen\u2026<\/p>\n","protected":false},"author":145,"featured_media":18831,"comment_status":"open","ping_status":"open","sticky":false,"template":"","format":"standard","meta":{"footnotes":""},"categories":[1],"tags":[],"global-categories":[419],"class_list":["post-18827","post","type-post","status-publish","format-standard","has-post-thumbnail","hentry","category-uncategorized","global-categories-cycling"],"yoast_head":"<!-- This site is optimized with the Yoast SEO Premium plugin v25.3 (Yoast SEO v25.9) - https:\/\/yoast.com\/wordpress\/plugins\/seo\/ -->\n<title>T\u00e9nyleg a \u201esz\u00e1guldoz\u00f3\u201d versenyz\u0151k felel\u0151ss\u00e9ge lenne az egyre t\u00f6bb versenybaleset? - \u0160koda We Love Cycling - Magyarorsz\u00e1g<\/title>\n<meta name=\"description\" content=\"\u00c9rdekes k\u00f6vetkeztet\u00e9sre jutottak a versenyszervez\u0151k \u00e9vi rendes tan\u00e1cskoz\u00e1sukon a h\u00e9tv\u00e9g\u00e9n Olaszorsz\u00e1gban.\" \/>\n<meta name=\"robots\" content=\"index, follow, max-snippet:-1, max-image-preview:large, max-video-preview:-1\" \/>\n<link rel=\"canonical\" href=\"https:\/\/www.welovecycling.com\/hu\/uncategorized\/tenyleg-a-szaguldozo-versenyzok-felelossege-lenne-az-egyre-tobb-versenybaleset\/\" \/>\n<meta property=\"og:locale\" content=\"hu_HU\" \/>\n<meta property=\"og:type\" content=\"article\" \/>\n<meta property=\"og:title\" content=\"T\u00e9nyleg a \u201esz\u00e1guldoz\u00f3\u201d versenyz\u0151k felel\u0151ss\u00e9ge lenne az egyre t\u00f6bb versenybaleset?\" \/>\n<meta property=\"og:description\" content=\"\u00c9rdekes k\u00f6vetkeztet\u00e9sre jutottak a versenyszervez\u0151k \u00e9vi rendes tan\u00e1cskoz\u00e1sukon a h\u00e9tv\u00e9g\u00e9n Olaszorsz\u00e1gban.\" \/>\n<meta property=\"og:url\" content=\"https:\/\/www.welovecycling.com\/hu\/uncategorized\/tenyleg-a-szaguldozo-versenyzok-felelossege-lenne-az-egyre-tobb-versenybaleset\/\" \/>\n<meta property=\"og:site_name\" content=\"\u0160koda We Love Cycling - Magyarorsz\u00e1g\" \/>\n<meta property=\"article:publisher\" content=\"https:\/\/www.facebook.com\/WeLoveCyclingHungary\/\" \/>\n<meta property=\"article:published_time\" content=\"2024-11-25T11:16:06+00:00\" \/>\n<meta property=\"og:image\" content=\"https:\/\/d2p6e6u75xmxt8.cloudfront.net\/12\/2024\/11\/cadutabasca24.webp\" \/>\n\t<meta property=\"og:image:width\" content=\"1222\" \/>\n\t<meta property=\"og:image:height\" content=\"610\" \/>\n\t<meta property=\"og:image:type\" content=\"image\/webp\" \/>\n<meta name=\"author\" content=\"kitti\" \/>\n<meta name=\"twitter:card\" content=\"summary_large_image\" \/>\n<meta name=\"twitter:label1\" content=\"Written by\" \/>\n\t<meta name=\"twitter:data1\" content=\"We Love Cycling\" \/>\n\t<meta name=\"twitter:label2\" content=\"Est. reading time\" \/>\n\t<meta name=\"twitter:data2\" content=\"3 minutes\" \/>\n<script type=\"application\/ld+json\" class=\"yoast-schema-graph\">{\"@context\":\"https:\/\/schema.org\",\"@graph\":[{\"@type\":\"WebPage\",\"@id\":\"https:\/\/www.welovecycling.com\/hu\/uncategorized\/tenyleg-a-szaguldozo-versenyzok-felelossege-lenne-az-egyre-tobb-versenybaleset\/\",\"url\":\"https:\/\/www.welovecycling.com\/hu\/uncategorized\/tenyleg-a-szaguldozo-versenyzok-felelossege-lenne-az-egyre-tobb-versenybaleset\/\",\"name\":\"T\u00e9nyleg a \u201esz\u00e1guldoz\u00f3\u201d versenyz\u0151k felel\u0151ss\u00e9ge lenne az egyre t\u00f6bb versenybaleset? - \u0160koda We Love Cycling - Magyarorsz\u00e1g\",\"isPartOf\":{\"@id\":\"https:\/\/www.welovecycling.com\/hu\/#website\"},\"primaryImageOfPage\":{\"@id\":\"https:\/\/www.welovecycling.com\/hu\/uncategorized\/tenyleg-a-szaguldozo-versenyzok-felelossege-lenne-az-egyre-tobb-versenybaleset\/#primaryimage\"},\"image\":{\"@id\":\"https:\/\/www.welovecycling.com\/hu\/uncategorized\/tenyleg-a-szaguldozo-versenyzok-felelossege-lenne-az-egyre-tobb-versenybaleset\/#primaryimage\"},\"thumbnailUrl\":\"https:\/\/d2p6e6u75xmxt8.cloudfront.net\/12\/2024\/11\/cadutabasca24.webp\",\"datePublished\":\"2024-11-25T11:16:06+00:00\",\"author\":{\"@id\":\"https:\/\/www.welovecycling.com\/hu\/#\/schema\/person\/bec7dcdbcc59f58489cf603e4040ced1\"},\"description\":\"\u00c9rdekes k\u00f6vetkeztet\u00e9sre jutottak a versenyszervez\u0151k \u00e9vi rendes tan\u00e1cskoz\u00e1sukon a h\u00e9tv\u00e9g\u00e9n Olaszorsz\u00e1gban.\",\"breadcrumb\":{\"@id\":\"https:\/\/www.welovecycling.com\/hu\/uncategorized\/tenyleg-a-szaguldozo-versenyzok-felelossege-lenne-az-egyre-tobb-versenybaleset\/#breadcrumb\"},\"inLanguage\":\"hu\",\"potentialAction\":[{\"@type\":\"ReadAction\",\"target\":[\"https:\/\/www.welovecycling.com\/hu\/uncategorized\/tenyleg-a-szaguldozo-versenyzok-felelossege-lenne-az-egyre-tobb-versenybaleset\/\"]}]},{\"@type\":\"ImageObject\",\"inLanguage\":\"hu\",\"@id\":\"https:\/\/www.welovecycling.com\/hu\/uncategorized\/tenyleg-a-szaguldozo-versenyzok-felelossege-lenne-az-egyre-tobb-versenybaleset\/#primaryimage\",\"url\":\"https:\/\/d2p6e6u75xmxt8.cloudfront.net\/12\/2024\/11\/cadutabasca24.webp\",\"contentUrl\":\"https:\/\/d2p6e6u75xmxt8.cloudfront.net\/12\/2024\/11\/cadutabasca24.webp\",\"width\":1222,\"height\":610},{\"@type\":\"BreadcrumbList\",\"@id\":\"https:\/\/www.welovecycling.com\/hu\/uncategorized\/tenyleg-a-szaguldozo-versenyzok-felelossege-lenne-az-egyre-tobb-versenybaleset\/#breadcrumb\",\"itemListElement\":[{\"@type\":\"ListItem\",\"position\":1,\"name\":\"Home\",\"item\":\"https:\/\/www.welovecycling.com\/hu\/\"},{\"@type\":\"ListItem\",\"position\":2,\"name\":\"T\u00e9nyleg a \u201esz\u00e1guldoz\u00f3\u201d versenyz\u0151k felel\u0151ss\u00e9ge lenne az egyre t\u00f6bb versenybaleset?\"}]},{\"@type\":\"WebSite\",\"@id\":\"https:\/\/www.welovecycling.com\/hu\/#website\",\"url\":\"https:\/\/www.welovecycling.com\/hu\/\",\"name\":\"\u0160koda We Love Cycling - Magyarorsz\u00e1g\",\"description\":\"\u0160koda WeLoveCycling\",\"potentialAction\":[{\"@type\":\"SearchAction\",\"target\":{\"@type\":\"EntryPoint\",\"urlTemplate\":\"https:\/\/www.welovecycling.com\/hu\/?s={search_term_string}\"},\"query-input\":{\"@type\":\"PropertyValueSpecification\",\"valueRequired\":true,\"valueName\":\"search_term_string\"}}],\"inLanguage\":\"hu\"},{\"@type\":\"Person\",\"@id\":\"https:\/\/www.welovecycling.com\/hu\/#\/schema\/person\/bec7dcdbcc59f58489cf603e4040ced1\",\"name\":\"kitti\",\"image\":{\"@type\":\"ImageObject\",\"inLanguage\":\"hu\",\"@id\":\"https:\/\/www.welovecycling.com\/hu\/#\/schema\/person\/image\/\",\"url\":\"https:\/\/secure.gravatar.com\/avatar\/e3196a110e1b57b96f56d92d10ce9bb4e9d7210076832a16243337e949410b52?s=96&d=mm&r=g\",\"contentUrl\":\"https:\/\/secure.gravatar.com\/avatar\/e3196a110e1b57b96f56d92d10ce9bb4e9d7210076832a16243337e949410b52?s=96&d=mm&r=g\",\"caption\":\"kitti\"},\"url\":\"https:\/\/www.welovecycling.com\/hu\/author\/kitti\/\"}]}<\/script>\n<!-- \/ Yoast SEO Premium plugin. -->","yoast_head_json":{"title":"T\u00e9nyleg a \u201esz\u00e1guldoz\u00f3\u201d versenyz\u0151k felel\u0151ss\u00e9ge lenne az egyre t\u00f6bb versenybaleset? - \u0160koda We Love Cycling - Magyarorsz\u00e1g","description":"\u00c9rdekes k\u00f6vetkeztet\u00e9sre jutottak a versenyszervez\u0151k \u00e9vi rendes tan\u00e1cskoz\u00e1sukon a h\u00e9tv\u00e9g\u00e9n Olaszorsz\u00e1gban.","robots":{"index":"index","follow":"follow","max-snippet":"max-snippet:-1","max-image-preview":"max-image-preview:large","max-video-preview":"max-video-preview:-1"},"canonical":"https:\/\/www.welovecycling.com\/hu\/uncategorized\/tenyleg-a-szaguldozo-versenyzok-felelossege-lenne-az-egyre-tobb-versenybaleset\/","og_locale":"hu_HU","og_type":"article","og_title":"T\u00e9nyleg a \u201esz\u00e1guldoz\u00f3\u201d versenyz\u0151k felel\u0151ss\u00e9ge lenne az egyre t\u00f6bb versenybaleset?","og_description":"\u00c9rdekes k\u00f6vetkeztet\u00e9sre jutottak a versenyszervez\u0151k \u00e9vi rendes tan\u00e1cskoz\u00e1sukon a h\u00e9tv\u00e9g\u00e9n Olaszorsz\u00e1gban.","og_url":"https:\/\/www.welovecycling.com\/hu\/uncategorized\/tenyleg-a-szaguldozo-versenyzok-felelossege-lenne-az-egyre-tobb-versenybaleset\/","og_site_name":"\u0160koda We Love Cycling - Magyarorsz\u00e1g","article_publisher":"https:\/\/www.facebook.com\/WeLoveCyclingHungary\/","article_published_time":"2024-11-25T11:16:06+00:00","og_image":[{"width":1222,"height":610,"url":"https:\/\/d2p6e6u75xmxt8.cloudfront.net\/12\/2024\/11\/cadutabasca24.webp","type":"image\/webp"}],"author":"kitti","twitter_card":"summary_large_image","twitter_misc":{"Written by":"We Love Cycling","Est. reading time":"3 minutes"},"schema":{"@context":"https:\/\/schema.org","@graph":[{"@type":"WebPage","@id":"https:\/\/www.welovecycling.com\/hu\/uncategorized\/tenyleg-a-szaguldozo-versenyzok-felelossege-lenne-az-egyre-tobb-versenybaleset\/","url":"https:\/\/www.welovecycling.com\/hu\/uncategorized\/tenyleg-a-szaguldozo-versenyzok-felelossege-lenne-az-egyre-tobb-versenybaleset\/","name":"T\u00e9nyleg a \u201esz\u00e1guldoz\u00f3\u201d versenyz\u0151k felel\u0151ss\u00e9ge lenne az egyre t\u00f6bb versenybaleset? - \u0160koda We Love Cycling - Magyarorsz\u00e1g","isPartOf":{"@id":"https:\/\/www.welovecycling.com\/hu\/#website"},"primaryImageOfPage":{"@id":"https:\/\/www.welovecycling.com\/hu\/uncategorized\/tenyleg-a-szaguldozo-versenyzok-felelossege-lenne-az-egyre-tobb-versenybaleset\/#primaryimage"},"image":{"@id":"https:\/\/www.welovecycling.com\/hu\/uncategorized\/tenyleg-a-szaguldozo-versenyzok-felelossege-lenne-az-egyre-tobb-versenybaleset\/#primaryimage"},"thumbnailUrl":"https:\/\/d2p6e6u75xmxt8.cloudfront.net\/12\/2024\/11\/cadutabasca24.webp","datePublished":"2024-11-25T11:16:06+00:00","author":{"@id":"https:\/\/www.welovecycling.com\/hu\/#\/schema\/person\/bec7dcdbcc59f58489cf603e4040ced1"},"description":"\u00c9rdekes k\u00f6vetkeztet\u00e9sre jutottak a versenyszervez\u0151k \u00e9vi rendes tan\u00e1cskoz\u00e1sukon a h\u00e9tv\u00e9g\u00e9n Olaszorsz\u00e1gban.","breadcrumb":{"@id":"https:\/\/www.welovecycling.com\/hu\/uncategorized\/tenyleg-a-szaguldozo-versenyzok-felelossege-lenne-az-egyre-tobb-versenybaleset\/#breadcrumb"},"inLanguage":"hu","potentialAction":[{"@type":"ReadAction","target":["https:\/\/www.welovecycling.com\/hu\/uncategorized\/tenyleg-a-szaguldozo-versenyzok-felelossege-lenne-az-egyre-tobb-versenybaleset\/"]}]},{"@type":"ImageObject","inLanguage":"hu","@id":"https:\/\/www.welovecycling.com\/hu\/uncategorized\/tenyleg-a-szaguldozo-versenyzok-felelossege-lenne-az-egyre-tobb-versenybaleset\/#primaryimage","url":"https:\/\/d2p6e6u75xmxt8.cloudfront.net\/12\/2024\/11\/cadutabasca24.webp","contentUrl":"https:\/\/d2p6e6u75xmxt8.cloudfront.net\/12\/2024\/11\/cadutabasca24.webp","width":1222,"height":610},{"@type":"BreadcrumbList","@id":"https:\/\/www.welovecycling.com\/hu\/uncategorized\/tenyleg-a-szaguldozo-versenyzok-felelossege-lenne-az-egyre-tobb-versenybaleset\/#breadcrumb","itemListElement":[{"@type":"ListItem","position":1,"name":"Home","item":"https:\/\/www.welovecycling.com\/hu\/"},{"@type":"ListItem","position":2,"name":"T\u00e9nyleg a \u201esz\u00e1guldoz\u00f3\u201d versenyz\u0151k felel\u0151ss\u00e9ge lenne az egyre t\u00f6bb versenybaleset?"}]},{"@type":"WebSite","@id":"https:\/\/www.welovecycling.com\/hu\/#website","url":"https:\/\/www.welovecycling.com\/hu\/","name":"\u0160koda We Love Cycling - Magyarorsz\u00e1g","description":"\u0160koda WeLoveCycling","potentialAction":[{"@type":"SearchAction","target":{"@type":"EntryPoint","urlTemplate":"https:\/\/www.welovecycling.com\/hu\/?s={search_term_string}"},"query-input":{"@type":"PropertyValueSpecification","valueRequired":true,"valueName":"search_term_string"}}],"inLanguage":"hu"},{"@type":"Person","@id":"https:\/\/www.welovecycling.com\/hu\/#\/schema\/person\/bec7dcdbcc59f58489cf603e4040ced1","name":"kitti","image":{"@type":"ImageObject","inLanguage":"hu","@id":"https:\/\/www.welovecycling.com\/hu\/#\/schema\/person\/image\/","url":"https:\/\/secure.gravatar.com\/avatar\/e3196a110e1b57b96f56d92d10ce9bb4e9d7210076832a16243337e949410b52?s=96&d=mm&r=g","contentUrl":"https:\/\/secure.gravatar.com\/avatar\/e3196a110e1b57b96f56d92d10ce9bb4e9d7210076832a16243337e949410b52?s=96&d=mm&r=g","caption":"kitti"},"url":"https:\/\/www.welovecycling.com\/hu\/author\/kitti\/"}]}},"_links":{"self":[{"href":"https:\/\/www.welovecycling.com\/hu\/wp-json\/wp\/v2\/posts\/18827","targetHints":{"allow":["GET"]}}],"collection":[{"href":"https:\/\/www.welovecycling.com\/hu\/wp-json\/wp\/v2\/posts"}],"about":[{"href":"https:\/\/www.welovecycling.com\/hu\/wp-json\/wp\/v2\/types\/post"}],"author":[{"embeddable":true,"href":"https:\/\/www.welovecycling.com\/hu\/wp-json\/wp\/v2\/users\/145"}],"replies":[{"embeddable":true,"href":"https:\/\/www.welovecycling.com\/hu\/wp-json\/wp\/v2\/comments?post=18827"}],"version-history":[{"count":1,"href":"https:\/\/www.welovecycling.com\/hu\/wp-json\/wp\/v2\/posts\/18827\/revisions"}],"predecessor-version":[{"id":18832,"href":"https:\/\/www.welovecycling.com\/hu\/wp-json\/wp\/v2\/posts\/18827\/revisions\/18832"}],"wp:featuredmedia":[{"embeddable":true,"href":"https:\/\/www.welovecycling.com\/hu\/wp-json\/wp\/v2\/media\/18831"}],"wp:attachment":[{"href":"https:\/\/www.welovecycling.com\/hu\/wp-json\/wp\/v2\/media?parent=18827"}],"wp:term":[{"taxonomy":"category","embeddable":true,"href":"https:\/\/www.welovecycling.com\/hu\/wp-json\/wp\/v2\/categories?post=18827"},{"taxonomy":"post_tag","embeddable":true,"href":"https:\/\/www.welovecycling.com\/hu\/wp-json\/wp\/v2\/tags?post=18827"},{"taxonomy":"global-categories","embeddable":true,"href":"https:\/\/www.welovecycling.com\/hu\/wp-json\/wp\/v2\/global-categories?post=18827"}],"curies":[{"name":"wp","href":"https:\/\/api.w.org\/{rel}","templated":true}]}}